{"id":486894,"date":"2014-02-08T21:03:42","date_gmt":"2014-02-08T22:03:42","guid":{"rendered":"http:\/\/www.eldigitaldeasturias.com\/noticias\/?p=486894"},"modified":"2014-02-08T21:03:42","modified_gmt":"2014-02-08T22:03:42","slug":"miles-de-personas-se-manifiestan-en-madrid-contra-la-ley-del-aborto","status":"publish","type":"post","link":"https:\/\/www.eldigitaldeasturias.com\/noticias\/miles-de-personas-se-manifiestan-en-madrid-contra-la-ley-del-aborto\/","title":{"rendered":"Miles de personas se manifiestan en Madrid contra la ley del aborto"},"content":{"rendered":"<p><img loading=\"lazy\" decoding=\"async\" class=\"alignleft size-medium wp-image-486895\" alt=\"5923858w\" src=\"https:\/\/www.eldigitaldeasturias.com\/noticias\/wp-content\/uploads\/2014\/02\/5923858w-360x231.jpg\" width=\"360\" height=\"231\" \/>Madrid, 8 feb (EFE).- Miles de personas, seg\u00fan los convocantes, se han manifestado hoy en Madrid con ramas de ruda y perejil (dos plantas que se usaban tradicionalmente para provocar la interrupci\u00f3n del embarazo) contra la reforma de la ley del aborto que prepara el Gobierno.<\/p>\n<p>Tras la pancarta de cabecera con el lema &#8216;Aborto libre, nosotras decidimos&#8217;, miles de personas (entre 10.000 y 15.000, seg\u00fan los organizadores) han marchado desde la glorieta de Ruiz Jim\u00e9nez hasta la Plaza de Callao entre gritos que ped\u00edan la dimisi\u00f3n del ministro de Justicia, Alberto Ruiz-Gallard\u00f3n.<\/p>\n<p>Miembros del Movimiento Feminista de Madrid, que ha convocado la protesta, han repartido entre los asistentes ramas de ruda y perejil para simbolizar que con el anteproyecto de ley elaborado por el PP las mujeres tendr\u00e1n que volver a hacer uso de este tipo de m\u00e9todos abortivos que se utilizaban de forma \u00abclandestina\u00bb.<\/p>\n<p>La reforma planteada por el Gobierno restringe los casos en los que la mujer podr\u00e1 abortar al volver a un sistema de supuestos en lugar del actual de plazos, que permite la interrupci\u00f3n del embarazo libremente hasta la semana 14.<\/p>\n<p>\u00abLas mujeres que no tienen dinero estar\u00e1n abocadas a un aborto inseguro que puede acabar en muerte\u00bb, ha se\u00f1alado a Efe Laura Montero, portavoz del Movimiento Feminista Madrid, que ha anunciado que el 2 de marzo tiene previsto \u00abdar un plant\u00f3n\u00bb a Gallard\u00f3n frente al Ministerio de Justicia portando nuevamente ramas de ruda y perejil.<\/p>\n<p>Al t\u00e9rmino de la manifestaci\u00f3n, en la que ha actuado la Orquesta y Coro Solf\u00f3nica del 15M, se ha le\u00eddo un manifiesto a favor del aborto libre en el que se pide, entre otros asuntos, la retirada del anteproyecto de ley y que se reconozca el derecho a decidir sobre el propio cuerpo de la mujer \u00absin exclusi\u00f3n\u00bb.<\/p>\n<p>La manifestaci\u00f3n de Madrid ha tenido r\u00e9plica en m\u00e1s de una decena de ciudades espa\u00f1olas, como Barcelona, Bilbao, C\u00e1diz y Santander, as\u00ed como en capitales como Londres, Dubl\u00edn y Lisboa.<\/p>\n","protected":false},"excerpt":{"rendered":"<p>Madrid, 8 feb (EFE).- Miles de personas, seg\u00fan los convocantes, se han manifestado hoy en Madrid con ramas de ruda y perejil (dos plantas que se usaban tradicionalmente para provocar la interrupci\u00f3n del embarazo) contra la reforma de la ley del aborto que prepara el Gobierno. Tras la pancarta de cabecera con el lema &#8216;Aborto [&hellip;]<\/p>\n","protected":false},"author":1,"featured_media":486895,"comment_status":"open","ping_status":"open","sticky":false,"template":"","format":"standard","meta":{"footnotes":""},"categories":[1],"tags":[],"class_list":["post-486894","post","type-post","status-publish","format-standard","has-post-thumbnail","hentry","category-actualidad"],"aioseo_notices":[],"aioseo_head":"\n\t\t<!-- All in One SEO Pro 5.0.1 - aioseo.com -->\n\t<meta name=\"description\" content=\"Madrid, 8 feb (EFE).- Miles de personas, seg\u00fan los convocantes, se han manifestado hoy en Madrid con ramas de ruda y perejil (dos plantas que se usaban tradicionalmente para provocar la interrupci\u00f3n del embarazo) contra la reforma de la ley del aborto que prepara el Gobierno. Tras la pancarta de cabecera con el lema &#039;Aborto\" \/>\n\t<meta name=\"robots\" content=\"max-image-preview:large\" \/>\n\t<meta name=\"author\" content=\"El Digital de Asturias\"\/>\n\t<meta name=\"google-site-verification\" content=\"UA-38556648-1\" \/>\n\t<meta name=\"msvalidate.01\" content=\"7dfe9f3f1b24437ab69f4f2559babe99\" \/>\n\t<meta name=\"keywords\" content=\"actualidad\" \/>\n\t<link rel=\"canonical\" href=\"https:\/\/www.eldigitaldeasturias.com\/noticias\/miles-de-personas-se-manifiestan-en-madrid-contra-la-ley-del-aborto\/\" \/>\n\t<meta name=\"generator\" content=\"All in One SEO Pro (AIOSEO) 5.0.1\" \/>\n\t\t<meta property=\"og:locale\" content=\"es_ES\" \/>\n\t\t<meta property=\"og:site_name\" content=\"El Digital de Asturias\" \/>\n\t\t<meta property=\"og:type\" content=\"article\" \/>\n\t\t<meta property=\"og:title\" content=\"Miles de personas se manifiestan en Madrid contra la ley del aborto - El Digital de Asturias\" \/>\n\t\t<meta property=\"og:description\" content=\"Madrid, 8 feb (EFE).- Miles de personas, seg\u00fan los convocantes, se han manifestado hoy en Madrid con ramas de ruda y perejil (dos plantas que se usaban tradicionalmente para provocar la interrupci\u00f3n del embarazo) contra la reforma de la ley del aborto que prepara el Gobierno. Tras la pancarta de cabecera con el lema &#039;Aborto\" \/>\n\t\t<meta property=\"og:url\" content=\"https:\/\/www.eldigitaldeasturias.com\/noticias\/miles-de-personas-se-manifiestan-en-madrid-contra-la-ley-del-aborto\/\" \/>\n\t\t<meta property=\"article:tag\" content=\"actualidad\" \/>\n\t\t<meta property=\"article:published_time\" content=\"2014-02-08T22:03:42+00:00\" \/>\n\t\t<meta property=\"article:modified_time\" content=\"2014-02-08T22:03:42+00:00\" \/>\n\t\t<meta property=\"article:publisher\" content=\"https:\/\/facebook.com\/eldigitaldeasturias\" \/>\n\t\t<meta name=\"twitter:card\" content=\"summary_large_image\" \/>\n\t\t<meta name=\"twitter:title\" content=\"Miles de personas se manifiestan en Madrid contra la ley del aborto - El Digital de Asturias\" \/>\n\t\t<meta name=\"twitter:description\" content=\"Madrid, 8 feb (EFE).- Miles de personas, seg\u00fan los convocantes, se han manifestado hoy en Madrid con ramas de ruda y perejil (dos plantas que se usaban tradicionalmente para provocar la interrupci\u00f3n del embarazo) contra la reforma de la ley del aborto que prepara el Gobierno. Tras la pancarta de cabecera con el lema &#039;Aborto\" \/>\n\t\t<meta name=\"twitter:label1\" content=\"Escrito por\" \/>\n\t\t<meta name=\"twitter:data1\" content=\"El Digital de Asturias\" \/>\n\t\t<meta name=\"twitter:label2\" content=\"Tiempo de lectura estimado\" \/>\n\t\t<meta name=\"twitter:data2\" content=\"2 minutos\" \/>\n\t\t<script type=\"application\/ld+json\" class=\"aioseo-schema\">\n\t\t\t{\"@context\":\"https:\\\/\\\/schema.org\",\"@graph\":[{\"@type\":\"BlogPosting\",\"@id\":\"https:\\\/\\\/www.eldigitaldeasturias.com\\\/noticias\\\/miles-de-personas-se-manifiestan-en-madrid-contra-la-ley-del-aborto\\\/#blogposting\",\"name\":\"Miles de personas se manifiestan en Madrid contra la ley del aborto - El Digital de Asturias\",\"headline\":\"Miles de personas se manifiestan en Madrid contra la ley del aborto\",\"author\":{\"@id\":\"https:\\\/\\\/www.eldigitaldeasturias.com\\\/noticias\\\/author\\\/admin\\\/#author\"},\"publisher\":{\"@id\":\"https:\\\/\\\/www.eldigitaldeasturias.com\\\/noticias\\\/#organization\"},\"image\":{\"@type\":\"ImageObject\",\"url\":486895},\"datePublished\":\"2014-02-08T21:03:42+01:00\",\"dateModified\":\"2014-02-08T21:03:42+01:00\",\"inLanguage\":\"es-ES\",\"mainEntityOfPage\":{\"@id\":\"https:\\\/\\\/www.eldigitaldeasturias.com\\\/noticias\\\/miles-de-personas-se-manifiestan-en-madrid-contra-la-ley-del-aborto\\\/#webpage\"},\"isPartOf\":{\"@id\":\"https:\\\/\\\/www.eldigitaldeasturias.com\\\/noticias\\\/miles-de-personas-se-manifiestan-en-madrid-contra-la-ley-del-aborto\\\/#webpage\"},\"articleSection\":\"Actualidad\"},{\"@type\":\"BreadcrumbList\",\"@id\":\"https:\\\/\\\/www.eldigitaldeasturias.com\\\/noticias\\\/miles-de-personas-se-manifiestan-en-madrid-contra-la-ley-del-aborto\\\/#breadcrumblist\",\"itemListElement\":[{\"@type\":\"ListItem\",\"@id\":\"https:\\\/\\\/www.eldigitaldeasturias.com\\\/noticias#listItem\",\"position\":1,\"name\":\"Home\",\"item\":\"https:\\\/\\\/www.eldigitaldeasturias.com\\\/noticias\",\"nextItem\":{\"@type\":\"ListItem\",\"@id\":\"https:\\\/\\\/www.eldigitaldeasturias.com\\\/noticias\\\/category\\\/actualidad\\\/#listItem\",\"name\":\"Actualidad\"}},{\"@type\":\"ListItem\",\"@id\":\"https:\\\/\\\/www.eldigitaldeasturias.com\\\/noticias\\\/category\\\/actualidad\\\/#listItem\",\"position\":2,\"name\":\"Actualidad\",\"item\":\"https:\\\/\\\/www.eldigitaldeasturias.com\\\/noticias\\\/category\\\/actualidad\\\/\",\"nextItem\":{\"@type\":\"ListItem\",\"@id\":\"https:\\\/\\\/www.eldigitaldeasturias.com\\\/noticias\\\/miles-de-personas-se-manifiestan-en-madrid-contra-la-ley-del-aborto\\\/#listItem\",\"name\":\"Miles de personas se manifiestan en Madrid contra la ley del aborto\"},\"previousItem\":{\"@type\":\"ListItem\",\"@id\":\"https:\\\/\\\/www.eldigitaldeasturias.com\\\/noticias#listItem\",\"name\":\"Home\"}},{\"@type\":\"ListItem\",\"@id\":\"https:\\\/\\\/www.eldigitaldeasturias.com\\\/noticias\\\/miles-de-personas-se-manifiestan-en-madrid-contra-la-ley-del-aborto\\\/#listItem\",\"position\":3,\"name\":\"Miles de personas se manifiestan en Madrid contra la ley del aborto\",\"previousItem\":{\"@type\":\"ListItem\",\"@id\":\"https:\\\/\\\/www.eldigitaldeasturias.com\\\/noticias\\\/category\\\/actualidad\\\/#listItem\",\"name\":\"Actualidad\"}}]},{\"@type\":\"Organization\",\"@id\":\"https:\\\/\\\/www.eldigitaldeasturias.com\\\/noticias\\\/#organization\",\"name\":\"El Digital de Asturias\",\"description\":\"Hemeroteca\",\"url\":\"https:\\\/\\\/www.eldigitaldeasturias.com\\\/noticias\\\/\",\"email\":\"info@eldigitaldeasturias.com\",\"telephone\":\"+34652131393\",\"logo\":{\"@type\":\"ImageObject\",\"url\":\"https:\\\/\\\/www.eldigitaldeasturias.com\\\/noticias\\\/wp-content\\\/uploads\\\/2020\\\/12\\\/EDA.jpg\",\"@id\":\"https:\\\/\\\/www.eldigitaldeasturias.com\\\/noticias\\\/miles-de-personas-se-manifiestan-en-madrid-contra-la-ley-del-aborto\\\/#organizationLogo\"},\"image\":{\"@id\":\"https:\\\/\\\/www.eldigitaldeasturias.com\\\/noticias\\\/miles-de-personas-se-manifiestan-en-madrid-contra-la-ley-del-aborto\\\/#organizationLogo\"},\"sameAs\":[\"https:\\\/\\\/facebook.com\\\/eldigitaldeasturias\",\"https:\\\/\\\/www.youtube.com\\\/channel\\\/UCZP-2wLEB9Rv6erhFmqVnvg\"],\"address\":{\"@id\":\"https:\\\/\\\/www.eldigitaldeasturias.com\\\/noticias\\\/#postaladdress\",\"@type\":\"PostalAddress\",\"streetAddress\":\"san antonio 4\",\"postalCode\":\"33430\",\"addressLocality\":\"Cand\\u00e1s\",\"addressRegion\":\"Asturias\",\"addressCountry\":\"ES\"}},{\"@type\":\"Person\",\"@id\":\"https:\\\/\\\/www.eldigitaldeasturias.com\\\/noticias\\\/author\\\/admin\\\/#author\",\"url\":\"https:\\\/\\\/www.eldigitaldeasturias.com\\\/noticias\\\/author\\\/admin\\\/\",\"name\":\"El Digital de Asturias\",\"image\":{\"@type\":\"ImageObject\",\"@id\":\"https:\\\/\\\/www.eldigitaldeasturias.com\\\/noticias\\\/miles-de-personas-se-manifiestan-en-madrid-contra-la-ley-del-aborto\\\/#authorImage\",\"url\":\"https:\\\/\\\/secure.gravatar.com\\\/avatar\\\/df2aeffc32bcd13f8d26072ef8a91b623d677766deac7f97ca815868cd41bf5e?s=96&d=mm&r=g\",\"width\":96,\"height\":96,\"caption\":\"El Digital de Asturias\"}},{\"@type\":\"WebPage\",\"@id\":\"https:\\\/\\\/www.eldigitaldeasturias.com\\\/noticias\\\/miles-de-personas-se-manifiestan-en-madrid-contra-la-ley-del-aborto\\\/#webpage\",\"url\":\"https:\\\/\\\/www.eldigitaldeasturias.com\\\/noticias\\\/miles-de-personas-se-manifiestan-en-madrid-contra-la-ley-del-aborto\\\/\",\"name\":\"Miles de personas se manifiestan en Madrid contra la ley del aborto - El Digital de Asturias\",\"description\":\"Madrid, 8 feb (EFE).- Miles de personas, seg\\u00fan los convocantes, se han manifestado hoy en Madrid con ramas de ruda y perejil (dos plantas que se usaban tradicionalmente para provocar la interrupci\\u00f3n del embarazo) contra la reforma de la ley del aborto que prepara el Gobierno. Tras la pancarta de cabecera con el lema 'Aborto\",\"inLanguage\":\"es-ES\",\"isPartOf\":{\"@id\":\"https:\\\/\\\/www.eldigitaldeasturias.com\\\/noticias\\\/#website\"},\"breadcrumb\":{\"@id\":\"https:\\\/\\\/www.eldigitaldeasturias.com\\\/noticias\\\/miles-de-personas-se-manifiestan-en-madrid-contra-la-ley-del-aborto\\\/#breadcrumblist\"},\"author\":{\"@id\":\"https:\\\/\\\/www.eldigitaldeasturias.com\\\/noticias\\\/author\\\/admin\\\/#author\"},\"creator\":{\"@id\":\"https:\\\/\\\/www.eldigitaldeasturias.com\\\/noticias\\\/author\\\/admin\\\/#author\"},\"image\":{\"@type\":\"ImageObject\",\"url\":486895,\"@id\":\"https:\\\/\\\/www.eldigitaldeasturias.com\\\/noticias\\\/miles-de-personas-se-manifiestan-en-madrid-contra-la-ley-del-aborto\\\/#mainImage\"},\"primaryImageOfPage\":{\"@id\":\"https:\\\/\\\/www.eldigitaldeasturias.com\\\/noticias\\\/miles-de-personas-se-manifiestan-en-madrid-contra-la-ley-del-aborto\\\/#mainImage\"},\"datePublished\":\"2014-02-08T21:03:42+01:00\",\"dateModified\":\"2014-02-08T21:03:42+01:00\"},{\"@type\":\"WebSite\",\"@id\":\"https:\\\/\\\/www.eldigitaldeasturias.com\\\/noticias\\\/#website\",\"url\":\"https:\\\/\\\/www.eldigitaldeasturias.com\\\/noticias\\\/\",\"name\":\"El Digital de Asturias - Diario de actualidad y noticias\",\"alternateName\":\"El Digital de Asturias - Diario de actualidad y noticias\",\"description\":\"Hemeroteca\",\"inLanguage\":\"es-ES\",\"publisher\":{\"@id\":\"https:\\\/\\\/www.eldigitaldeasturias.com\\\/noticias\\\/#organization\"}}]}\n\t\t<\/script>\n\t\t<!-- All in One SEO Pro -->\r\n\t\t<title>Miles de personas se manifiestan en Madrid contra la ley del aborto - El Digital de Asturias<\/title>\n\n","aioseo_head_json":{"title":"Miles de personas se manifiestan en Madrid contra la ley del aborto - El Digital de Asturias","description":"Madrid, 8 feb (EFE).- Miles de personas, seg\u00fan los convocantes, se han manifestado hoy en Madrid con ramas de ruda y perejil (dos plantas que se usaban tradicionalmente para provocar la interrupci\u00f3n del embarazo) contra la reforma de la ley del aborto que prepara el Gobierno. Tras la pancarta de cabecera con el lema 'Aborto","canonical_url":"https:\/\/www.eldigitaldeasturias.com\/noticias\/miles-de-personas-se-manifiestan-en-madrid-contra-la-ley-del-aborto\/","robots":"max-image-preview:large","keywords":"actualidad","webmasterTools":{"google-site-verification":"UA-38556648-1","msvalidate.01":"7dfe9f3f1b24437ab69f4f2559babe99","miscellaneous":""},"schema":{"@context":"https:\/\/schema.org","@graph":[{"@type":"BlogPosting","@id":"https:\/\/www.eldigitaldeasturias.com\/noticias\/miles-de-personas-se-manifiestan-en-madrid-contra-la-ley-del-aborto\/#blogposting","name":"Miles de personas se manifiestan en Madrid contra la ley del aborto - El Digital de Asturias","headline":"Miles de personas se manifiestan en Madrid contra la ley del aborto","author":{"@id":"https:\/\/www.eldigitaldeasturias.com\/noticias\/author\/admin\/#author"},"publisher":{"@id":"https:\/\/www.eldigitaldeasturias.com\/noticias\/#organization"},"image":{"@type":"ImageObject","url":486895},"datePublished":"2014-02-08T21:03:42+01:00","dateModified":"2014-02-08T21:03:42+01:00","inLanguage":"es-ES","mainEntityOfPage":{"@id":"https:\/\/www.eldigitaldeasturias.com\/noticias\/miles-de-personas-se-manifiestan-en-madrid-contra-la-ley-del-aborto\/#webpage"},"isPartOf":{"@id":"https:\/\/www.eldigitaldeasturias.com\/noticias\/miles-de-personas-se-manifiestan-en-madrid-contra-la-ley-del-aborto\/#webpage"},"articleSection":"Actualidad"},{"@type":"BreadcrumbList","@id":"https:\/\/www.eldigitaldeasturias.com\/noticias\/miles-de-personas-se-manifiestan-en-madrid-contra-la-ley-del-aborto\/#breadcrumblist","itemListElement":[{"@type":"ListItem","@id":"https:\/\/www.eldigitaldeasturias.com\/noticias#listItem","position":1,"name":"Home","item":"https:\/\/www.eldigitaldeasturias.com\/noticias","nextItem":{"@type":"ListItem","@id":"https:\/\/www.eldigitaldeasturias.com\/noticias\/category\/actualidad\/#listItem","name":"Actualidad"}},{"@type":"ListItem","@id":"https:\/\/www.eldigitaldeasturias.com\/noticias\/category\/actualidad\/#listItem","position":2,"name":"Actualidad","item":"https:\/\/www.eldigitaldeasturias.com\/noticias\/category\/actualidad\/","nextItem":{"@type":"ListItem","@id":"https:\/\/www.eldigitaldeasturias.com\/noticias\/miles-de-personas-se-manifiestan-en-madrid-contra-la-ley-del-aborto\/#listItem","name":"Miles de personas se manifiestan en Madrid contra la ley del aborto"},"previousItem":{"@type":"ListItem","@id":"https:\/\/www.eldigitaldeasturias.com\/noticias#listItem","name":"Home"}},{"@type":"ListItem","@id":"https:\/\/www.eldigitaldeasturias.com\/noticias\/miles-de-personas-se-manifiestan-en-madrid-contra-la-ley-del-aborto\/#listItem","position":3,"name":"Miles de personas se manifiestan en Madrid contra la ley del aborto","previousItem":{"@type":"ListItem","@id":"https:\/\/www.eldigitaldeasturias.com\/noticias\/category\/actualidad\/#listItem","name":"Actualidad"}}]},{"@type":"Organization","@id":"https:\/\/www.eldigitaldeasturias.com\/noticias\/#organization","name":"El Digital de Asturias","description":"Hemeroteca","url":"https:\/\/www.eldigitaldeasturias.com\/noticias\/","email":"info@eldigitaldeasturias.com","telephone":"+34652131393","logo":{"@type":"ImageObject","url":"https:\/\/www.eldigitaldeasturias.com\/noticias\/wp-content\/uploads\/2020\/12\/EDA.jpg","@id":"https:\/\/www.eldigitaldeasturias.com\/noticias\/miles-de-personas-se-manifiestan-en-madrid-contra-la-ley-del-aborto\/#organizationLogo"},"image":{"@id":"https:\/\/www.eldigitaldeasturias.com\/noticias\/miles-de-personas-se-manifiestan-en-madrid-contra-la-ley-del-aborto\/#organizationLogo"},"sameAs":["https:\/\/facebook.com\/eldigitaldeasturias","https:\/\/www.youtube.com\/channel\/UCZP-2wLEB9Rv6erhFmqVnvg"],"address":{"@id":"https:\/\/www.eldigitaldeasturias.com\/noticias\/#postaladdress","@type":"PostalAddress","streetAddress":"san antonio 4","postalCode":"33430","addressLocality":"Cand\u00e1s","addressRegion":"Asturias","addressCountry":"ES"}},{"@type":"Person","@id":"https:\/\/www.eldigitaldeasturias.com\/noticias\/author\/admin\/#author","url":"https:\/\/www.eldigitaldeasturias.com\/noticias\/author\/admin\/","name":"El Digital de Asturias","image":{"@type":"ImageObject","@id":"https:\/\/www.eldigitaldeasturias.com\/noticias\/miles-de-personas-se-manifiestan-en-madrid-contra-la-ley-del-aborto\/#authorImage","url":"https:\/\/secure.gravatar.com\/avatar\/df2aeffc32bcd13f8d26072ef8a91b623d677766deac7f97ca815868cd41bf5e?s=96&d=mm&r=g","width":96,"height":96,"caption":"El Digital de Asturias"}},{"@type":"WebPage","@id":"https:\/\/www.eldigitaldeasturias.com\/noticias\/miles-de-personas-se-manifiestan-en-madrid-contra-la-ley-del-aborto\/#webpage","url":"https:\/\/www.eldigitaldeasturias.com\/noticias\/miles-de-personas-se-manifiestan-en-madrid-contra-la-ley-del-aborto\/","name":"Miles de personas se manifiestan en Madrid contra la ley del aborto - El Digital de Asturias","description":"Madrid, 8 feb (EFE).- Miles de personas, seg\u00fan los convocantes, se han manifestado hoy en Madrid con ramas de ruda y perejil (dos plantas que se usaban tradicionalmente para provocar la interrupci\u00f3n del embarazo) contra la reforma de la ley del aborto que prepara el Gobierno. Tras la pancarta de cabecera con el lema 'Aborto","inLanguage":"es-ES","isPartOf":{"@id":"https:\/\/www.eldigitaldeasturias.com\/noticias\/#website"},"breadcrumb":{"@id":"https:\/\/www.eldigitaldeasturias.com\/noticias\/miles-de-personas-se-manifiestan-en-madrid-contra-la-ley-del-aborto\/#breadcrumblist"},"author":{"@id":"https:\/\/www.eldigitaldeasturias.com\/noticias\/author\/admin\/#author"},"creator":{"@id":"https:\/\/www.eldigitaldeasturias.com\/noticias\/author\/admin\/#author"},"image":{"@type":"ImageObject","url":486895,"@id":"https:\/\/www.eldigitaldeasturias.com\/noticias\/miles-de-personas-se-manifiestan-en-madrid-contra-la-ley-del-aborto\/#mainImage"},"primaryImageOfPage":{"@id":"https:\/\/www.eldigitaldeasturias.com\/noticias\/miles-de-personas-se-manifiestan-en-madrid-contra-la-ley-del-aborto\/#mainImage"},"datePublished":"2014-02-08T21:03:42+01:00","dateModified":"2014-02-08T21:03:42+01:00"},{"@type":"WebSite","@id":"https:\/\/www.eldigitaldeasturias.com\/noticias\/#website","url":"https:\/\/www.eldigitaldeasturias.com\/noticias\/","name":"El Digital de Asturias - Diario de actualidad y noticias","alternateName":"El Digital de Asturias - Diario de actualidad y noticias","description":"Hemeroteca","inLanguage":"es-ES","publisher":{"@id":"https:\/\/www.eldigitaldeasturias.com\/noticias\/#organization"}}]},"og:locale":"es_ES","og:site_name":"El Digital de Asturias","og:type":"article","og:title":"Miles de personas se manifiestan en Madrid contra la ley del aborto - El Digital de Asturias","og:description":"Madrid, 8 feb (EFE).- Miles de personas, seg\u00fan los convocantes, se han manifestado hoy en Madrid con ramas de ruda y perejil (dos plantas que se usaban tradicionalmente para provocar la interrupci\u00f3n del embarazo) contra la reforma de la ley del aborto que prepara el Gobierno. Tras la pancarta de cabecera con el lema 'Aborto","og:url":"https:\/\/www.eldigitaldeasturias.com\/noticias\/miles-de-personas-se-manifiestan-en-madrid-contra-la-ley-del-aborto\/","article:tag":["actualidad"],"article:published_time":"2014-02-08T22:03:42+00:00","article:modified_time":"2014-02-08T22:03:42+00:00","article:publisher":"https:\/\/facebook.com\/eldigitaldeasturias","twitter:card":"summary_large_image","twitter:title":"Miles de personas se manifiestan en Madrid contra la ley del aborto - El Digital de Asturias","twitter:description":"Madrid, 8 feb (EFE).- Miles de personas, seg\u00fan los convocantes, se han manifestado hoy en Madrid con ramas de ruda y perejil (dos plantas que se usaban tradicionalmente para provocar la interrupci\u00f3n del embarazo) contra la reforma de la ley del aborto que prepara el Gobierno. Tras la pancarta de cabecera con el lema 'Aborto","twitter:label1":"Escrito por","twitter:data1":"El Digital de Asturias","twitter:label2":"Tiempo de lectura estimado","twitter:data2":"2 minutos"},"aioseo_meta_data":{"post_id":"486894","title":null,"description":null,"keywords":null,"keyphrases":null,"primary_term":null,"canonical_url":null,"og_title":null,"og_description":null,"og_object_type":"default","og_image_type":"default","og_image_url":null,"og_image_width":null,"og_image_height":null,"og_image_custom_url":null,"og_image_custom_fields":null,"og_video":null,"og_custom_url":null,"og_article_section":null,"og_article_tags":null,"twitter_use_og":true,"twitter_card":"default","twitter_image_type":"default","twitter_image_url":null,"twitter_image_custom_url":null,"twitter_image_custom_fields":null,"twitter_title":null,"twitter_description":null,"schema":{"blockGraphs":[],"customGraphs":[],"default":{"data":{"Article":[],"Course":[],"Dataset":[],"FAQPage":[],"Movie":[],"Person":[],"Product":[],"ProductReview":[],"Car":[],"Recipe":[],"Service":[],"SoftwareApplication":[],"WebPage":[]},"graphName":"","isEnabled":true},"graphs":[],"defaultGraph":"","defaultPostTypeGraph":""},"schema_type":null,"schema_type_options":null,"pillar_content":false,"robots_default":true,"robots_noindex":false,"robots_noarchive":false,"robots_nosnippet":false,"robots_nofollow":false,"robots_noimageindex":false,"robots_noodp":false,"robots_notranslate":false,"robots_max_snippet":null,"robots_max_videopreview":null,"robots_max_imagepreview":"none","priority":null,"frequency":null,"local_seo":null,"seo_analyzer_scan_date":"2026-06-03 02:58:49","breadcrumb_settings":null,"limit_modified_date":false,"open_ai":null,"ai":null,"created":"2020-11-14 22:56:15","updated":"2026-06-03 02:58:49","focus_keyword":null,"additional_keywords":null,"truseo_locale":null},"aioseo_breadcrumb":"<div class=\"aioseo-breadcrumbs\"><span class=\"aioseo-breadcrumb\">\n\t<a href=\"https:\/\/www.eldigitaldeasturias.com\/noticias\" title=\"Home\">Home<\/a>\n<\/span><span class=\"aioseo-breadcrumb-separator\">\u2013<\/span><span class=\"aioseo-breadcrumb\">\n\t<a href=\"https:\/\/www.eldigitaldeasturias.com\/noticias\/category\/actualidad\/\" title=\"Actualidad\">Actualidad<\/a>\n<\/span><span class=\"aioseo-breadcrumb-separator\">\u2013<\/span><span class=\"aioseo-breadcrumb\">\n\t<a href=\"https:\/\/www.eldigitaldeasturias.com\/noticias\/miles-de-personas-se-manifiestan-en-madrid-contra-la-ley-del-aborto\/\" title=\"Miles de personas se manifiestan en Madrid contra la ley del aborto\">Miles de personas se manifiestan en Madrid contra la ley del aborto<\/a>\n<\/span><\/div>","aioseo_breadcrumb_json":[{"label":"Home","link":"https:\/\/www.eldigitaldeasturias.com\/noticias"},{"label":"Actualidad","link":"https:\/\/www.eldigitaldeasturias.com\/noticias\/category\/actualidad\/"},{"label":"Miles de personas se manifiestan en Madrid contra la ley del aborto","link":"https:\/\/www.eldigitaldeasturias.com\/noticias\/miles-de-personas-se-manifiestan-en-madrid-contra-la-ley-del-aborto\/"}],"_links":{"self":[{"href":"https:\/\/www.eldigitaldeasturias.com\/noticias\/wp-json\/wp\/v2\/posts\/486894","targetHints":{"allow":["GET"]}}],"collection":[{"href":"https:\/\/www.eldigitaldeasturias.com\/noticias\/wp-json\/wp\/v2\/posts"}],"about":[{"href":"https:\/\/www.eldigitaldeasturias.com\/noticias\/wp-json\/wp\/v2\/types\/post"}],"author":[{"embeddable":true,"href":"https:\/\/www.eldigitaldeasturias.com\/noticias\/wp-json\/wp\/v2\/users\/1"}],"replies":[{"embeddable":true,"href":"https:\/\/www.eldigitaldeasturias.com\/noticias\/wp-json\/wp\/v2\/comments?post=486894"}],"version-history":[{"count":0,"href":"https:\/\/www.eldigitaldeasturias.com\/noticias\/wp-json\/wp\/v2\/posts\/486894\/revisions"}],"wp:attachment":[{"href":"https:\/\/www.eldigitaldeasturias.com\/noticias\/wp-json\/wp\/v2\/media?parent=486894"}],"wp:term":[{"taxonomy":"category","embeddable":true,"href":"https:\/\/www.eldigitaldeasturias.com\/noticias\/wp-json\/wp\/v2\/categories?post=486894"},{"taxonomy":"post_tag","embeddable":true,"href":"https:\/\/www.eldigitaldeasturias.com\/noticias\/wp-json\/wp\/v2\/tags?post=486894"}],"curies":[{"name":"wp","href":"https:\/\/api.w.org\/{rel}","templated":true}]}}