{"id":486891,"date":"2014-02-08T21:01:47","date_gmt":"2014-02-08T22:01:47","guid":{"rendered":"http:\/\/www.eldigitaldeasturias.com\/noticias\/?p=486891"},"modified":"2014-02-08T21:01:47","modified_gmt":"2014-02-08T22:01:47","slug":"reclaman-a-una-corte-por-pretender-reducir-el-periodo-de-la-fiscal-general-de-guatemala","status":"publish","type":"post","link":"https:\/\/www.eldigitaldeasturias.com\/noticias\/reclaman-a-una-corte-por-pretender-reducir-el-periodo-de-la-fiscal-general-de-guatemala\/","title":{"rendered":"Reclaman a una Corte por pretender reducir el per\u00edodo de la Fiscal General de Guatemala"},"content":{"rendered":"<p><img loading=\"lazy\" decoding=\"async\" class=\"alignleft size-medium wp-image-486892\" alt=\"5924033w\" src=\"https:\/\/www.eldigitaldeasturias.com\/noticias\/wp-content\/uploads\/2014\/02\/5924033w-360x239.jpg\" width=\"360\" height=\"239\" \/>Guatemala, 8 feb (EFE).- Diputados de oposici\u00f3n, organizaciones locales y extranjeras de derechos humanos, as\u00ed como la comunidad internacional, se han unido para criticar a la Corte de Constitucionalidad (CC) de Guatemala por pretender reducir el per\u00edodo de la fiscal general del pa\u00eds, Claudia Paz y Paz.<\/p>\n<p>Algunos con m\u00e1s crudeza y otros con mensajes m\u00e1s diplom\u00e1ticos, han expresado su apoyo a Paz y Paz, la primera mujer en ocupar la Fiscal\u00eda General en Guatemala, y que en los tres a\u00f1os y dos meses que lleva al frente del Ministerio P\u00fablico ha logrado reducir en 20 puntos los niveles de impunidad.<\/p>\n<p>En un fallo que se ha prestado a todo tipo de interpretaciones jur\u00eddicas y pol\u00edticas, y basados en un art\u00edculo transitorio del decreto por medio del cual se reform\u00f3 la Constituci\u00f3n en 1994, de los magistrados de la CC, por unanimidad, han reducido siete meses el per\u00edodo constitucional para el que fue elegida la fiscal en 2010.<\/p>\n<p>El m\u00e1ximo tribunal del pa\u00eds atendi\u00f3 la queja de Ricardo Sagastume, un abogado conservador representante de las causas de la extrema derecha de este pa\u00eds, quien \u00aba t\u00edtulo personal\u00bb aleg\u00f3 que Paz y Paz debe dejar el cargo en mayo pr\u00f3ximo porque es cuando se cumple el per\u00edodo de su mandato.<\/p>\n<p>Cauta, la fiscal se ha abstenido de hacer comentarios sobre las intenciones pol\u00edticas de quienes promueven su salida inmediata, y \u00abcomo mujer de derecho que soy\u00bb, seg\u00fan dijo a Efe en una entrevista, ha preferido dar la batalla legal para \u00abdefender\u00bb el orden constitucional y el estado de derecho.<\/p>\n<p>El jueves present\u00f3 un \u00abrecurso de recusaci\u00f3n\u00bb ante la misma Corte que un d\u00eda antes redujo su mandato, para que rectifique el fallo y le permita concluir su per\u00edodo en diciembre pr\u00f3ximo, que es cuando se cumplen los cuatro a\u00f1os constitucionales para los que fue designada en 2010.<\/p>\n<p>En el recurso, Paz y Paz expone que la Constituci\u00f3n guatemalteca no establece fechas para el inicio del per\u00edodo del Fiscal General, pero s\u00ed indica que debe ser de cuatro a\u00f1os.<\/p>\n<p>Adem\u00e1s, se\u00f1ala que el amparo provisional por medio el cual se pretende reducir su mandato no tiene sustento jur\u00eddico constitucional, debido a que el art\u00edculo de la Carta Magna en el que se asienta es de \u00abcar\u00e1cter transitorio\u00bb y que ya ha perdido validez<\/p>\n<p>Los diputados de oposici\u00f3n en el Congreso se negaron el jueves a acatar la orden de la CC de convocar a los miembros de la comisi\u00f3n que, seg\u00fan la ley, deben elegir a seis profesionales entre los que el Presidente de la Rep\u00fablica debe designar al sustituto de Paz y Paz.<\/p>\n<p>La Embajada de Estados Unidos, la Comisi\u00f3n Internacional contra la Impunidad en Guatemala y la oficina de la coordinadora residente del sistema de la ONU en el pa\u00eds, han alabado el trabajo de Paz y Paz al frente de la Fiscal\u00eda, y han advertido de que su salida anticipada supondr\u00eda un retroceso en la lucha contra la impunidad.<\/p>\n<p>\u00abEl pueblo guatemalteco merece un fiscal general con las cualidades indispensables de honestidad, valor, independencia y compromiso para terminar con la impunidad\u00bb, dijo el embajador estadounidense, Arnold Chac\u00f3n, en una declaraci\u00f3n oficial.<\/p>\n<p>Paz y Paz, agreg\u00f3, \u00abes muestra de que en Guatemala existen servidores p\u00fablicos honestos, capaces y con integridad\u00bb, y para Estados Unidos, \u00abes un privilegio (&#8230;) contar con un socio como la doctora Paz y Paz\u00bb, quien \u00abha puesto el nombre de Guatemala en alto en todo el mundo con sus m\u00faltiples y merecidos reconocimientos al contribuir a mejorar el estado de derecho\u00bb.<\/p>\n<p>El no gubernamental Centro por la Justicia y el Derecho Internacional (CEJIL) denunci\u00f3 que el fallo de la CC \u00abmenoscaba la independencia de la Fiscal\u00eda y se podr\u00eda considerar como una sanci\u00f3n impl\u00edcita para la fiscal, en represalia a su labor como operadora de justicia\u00bb.<\/p>\n<p>En un comunicado publicado el viernes en la prensa local, unas quince organizaciones humanitarias locales, entre ellas la Fundaci\u00f3n de la premio Nobel de la Paz, Rigoberta Mench\u00fa, y la Oficina de Derechos Humanos del Arzobispado, pidieron a la Corte \u00abrevocar\u00bb el fallo y respetar el plazo constitucional para el que fue designada la Fiscal.<\/p>\n<p>La decisi\u00f3n que asuma la CC tras resolver la recusaci\u00f3n plantada por Paz y Paz, seg\u00fan expertos locales, podr\u00eda ser el inicio de una nueva crisis de gobernabilidad en este pa\u00eds centroamericano, en donde se cuestiona el \u00abamplio poder\u00bb de los magistrados del m\u00e1ximo tribunal.<\/p>\n","protected":false},"excerpt":{"rendered":"<p>Guatemala, 8 feb (EFE).- Diputados de oposici\u00f3n, organizaciones locales y extranjeras de derechos humanos, as\u00ed como la comunidad internacional, se han unido para criticar a la Corte de Constitucionalidad (CC) de Guatemala por pretender reducir el per\u00edodo de la fiscal general del pa\u00eds, Claudia Paz y Paz. Algunos con m\u00e1s crudeza y otros con mensajes [&hellip;]<\/p>\n","protected":false},"author":1,"featured_media":486892,"comment_status":"open","ping_status":"open","sticky":false,"template":"","format":"standard","meta":{"footnotes":""},"categories":[1],"tags":[],"class_list":["post-486891","post","type-post","status-publish","format-standard","has-post-thumbnail","hentry","category-actualidad"],"aioseo_notices":[],"aioseo_head":"\n\t\t<!-- All in One SEO Pro 5.0.1 - aioseo.com -->\n\t<meta name=\"description\" content=\"Guatemala, 8 feb (EFE).- Diputados de oposici\u00f3n, organizaciones locales y extranjeras de derechos humanos, as\u00ed como la comunidad internacional, se han unido para criticar a la Corte de Constitucionalidad (CC) de Guatemala por pretender reducir el per\u00edodo de la fiscal general del pa\u00eds, Claudia Paz y Paz. Algunos con m\u00e1s crudeza y otros con mensajes\" \/>\n\t<meta name=\"robots\" content=\"max-image-preview:large\" \/>\n\t<meta name=\"author\" content=\"El Digital de Asturias\"\/>\n\t<meta name=\"google-site-verification\" content=\"UA-38556648-1\" \/>\n\t<meta name=\"msvalidate.01\" content=\"7dfe9f3f1b24437ab69f4f2559babe99\" \/>\n\t<meta name=\"keywords\" content=\"actualidad\" \/>\n\t<link rel=\"canonical\" href=\"https:\/\/www.eldigitaldeasturias.com\/noticias\/reclaman-a-una-corte-por-pretender-reducir-el-periodo-de-la-fiscal-general-de-guatemala\/\" \/>\n\t<meta name=\"generator\" content=\"All in One SEO Pro (AIOSEO) 5.0.1\" \/>\n\t\t<meta property=\"og:locale\" content=\"es_ES\" \/>\n\t\t<meta property=\"og:site_name\" content=\"El Digital de Asturias\" \/>\n\t\t<meta property=\"og:type\" content=\"article\" \/>\n\t\t<meta property=\"og:title\" content=\"Reclaman a una Corte por pretender reducir el per\u00edodo de la Fiscal General de Guatemala - El Digital de Asturias\" \/>\n\t\t<meta property=\"og:description\" content=\"Guatemala, 8 feb (EFE).- Diputados de oposici\u00f3n, organizaciones locales y extranjeras de derechos humanos, as\u00ed como la comunidad internacional, se han unido para criticar a la Corte de Constitucionalidad (CC) de Guatemala por pretender reducir el per\u00edodo de la fiscal general del pa\u00eds, Claudia Paz y Paz. Algunos con m\u00e1s crudeza y otros con mensajes\" \/>\n\t\t<meta property=\"og:url\" content=\"https:\/\/www.eldigitaldeasturias.com\/noticias\/reclaman-a-una-corte-por-pretender-reducir-el-periodo-de-la-fiscal-general-de-guatemala\/\" \/>\n\t\t<meta property=\"article:tag\" content=\"actualidad\" \/>\n\t\t<meta property=\"article:published_time\" content=\"2014-02-08T22:01:47+00:00\" \/>\n\t\t<meta property=\"article:modified_time\" content=\"2014-02-08T22:01:47+00:00\" \/>\n\t\t<meta property=\"article:publisher\" content=\"https:\/\/facebook.com\/eldigitaldeasturias\" \/>\n\t\t<meta name=\"twitter:card\" content=\"summary_large_image\" \/>\n\t\t<meta name=\"twitter:title\" content=\"Reclaman a una Corte por pretender reducir el per\u00edodo de la Fiscal General de Guatemala - El Digital de Asturias\" \/>\n\t\t<meta name=\"twitter:description\" content=\"Guatemala, 8 feb (EFE).- Diputados de oposici\u00f3n, organizaciones locales y extranjeras de derechos humanos, as\u00ed como la comunidad internacional, se han unido para criticar a la Corte de Constitucionalidad (CC) de Guatemala por pretender reducir el per\u00edodo de la fiscal general del pa\u00eds, Claudia Paz y Paz. Algunos con m\u00e1s crudeza y otros con mensajes\" \/>\n\t\t<meta name=\"twitter:label1\" content=\"Escrito por\" \/>\n\t\t<meta name=\"twitter:data1\" content=\"El Digital de Asturias\" \/>\n\t\t<meta name=\"twitter:label2\" content=\"Tiempo de lectura estimado\" \/>\n\t\t<meta name=\"twitter:data2\" content=\"4 minutos\" \/>\n\t\t<script type=\"application\/ld+json\" class=\"aioseo-schema\">\n\t\t\t{\"@context\":\"https:\\\/\\\/schema.org\",\"@graph\":[{\"@type\":\"BlogPosting\",\"@id\":\"https:\\\/\\\/www.eldigitaldeasturias.com\\\/noticias\\\/reclaman-a-una-corte-por-pretender-reducir-el-periodo-de-la-fiscal-general-de-guatemala\\\/#blogposting\",\"name\":\"Reclaman a una Corte por pretender reducir el per\\u00edodo de la Fiscal General de Guatemala - El Digital de Asturias\",\"headline\":\"Reclaman a una Corte por pretender reducir el per\\u00edodo de la Fiscal General de Guatemala\",\"author\":{\"@id\":\"https:\\\/\\\/www.eldigitaldeasturias.com\\\/noticias\\\/author\\\/admin\\\/#author\"},\"publisher\":{\"@id\":\"https:\\\/\\\/www.eldigitaldeasturias.com\\\/noticias\\\/#organization\"},\"image\":{\"@type\":\"ImageObject\",\"url\":486892},\"datePublished\":\"2014-02-08T21:01:47+01:00\",\"dateModified\":\"2014-02-08T21:01:47+01:00\",\"inLanguage\":\"es-ES\",\"mainEntityOfPage\":{\"@id\":\"https:\\\/\\\/www.eldigitaldeasturias.com\\\/noticias\\\/reclaman-a-una-corte-por-pretender-reducir-el-periodo-de-la-fiscal-general-de-guatemala\\\/#webpage\"},\"isPartOf\":{\"@id\":\"https:\\\/\\\/www.eldigitaldeasturias.com\\\/noticias\\\/reclaman-a-una-corte-por-pretender-reducir-el-periodo-de-la-fiscal-general-de-guatemala\\\/#webpage\"},\"articleSection\":\"Actualidad\"},{\"@type\":\"BreadcrumbList\",\"@id\":\"https:\\\/\\\/www.eldigitaldeasturias.com\\\/noticias\\\/reclaman-a-una-corte-por-pretender-reducir-el-periodo-de-la-fiscal-general-de-guatemala\\\/#breadcrumblist\",\"itemListElement\":[{\"@type\":\"ListItem\",\"@id\":\"https:\\\/\\\/www.eldigitaldeasturias.com\\\/noticias#listItem\",\"position\":1,\"name\":\"Home\",\"item\":\"https:\\\/\\\/www.eldigitaldeasturias.com\\\/noticias\",\"nextItem\":{\"@type\":\"ListItem\",\"@id\":\"https:\\\/\\\/www.eldigitaldeasturias.com\\\/noticias\\\/category\\\/actualidad\\\/#listItem\",\"name\":\"Actualidad\"}},{\"@type\":\"ListItem\",\"@id\":\"https:\\\/\\\/www.eldigitaldeasturias.com\\\/noticias\\\/category\\\/actualidad\\\/#listItem\",\"position\":2,\"name\":\"Actualidad\",\"item\":\"https:\\\/\\\/www.eldigitaldeasturias.com\\\/noticias\\\/category\\\/actualidad\\\/\",\"nextItem\":{\"@type\":\"ListItem\",\"@id\":\"https:\\\/\\\/www.eldigitaldeasturias.com\\\/noticias\\\/reclaman-a-una-corte-por-pretender-reducir-el-periodo-de-la-fiscal-general-de-guatemala\\\/#listItem\",\"name\":\"Reclaman a una Corte por pretender reducir el per\\u00edodo de la Fiscal General de Guatemala\"},\"previousItem\":{\"@type\":\"ListItem\",\"@id\":\"https:\\\/\\\/www.eldigitaldeasturias.com\\\/noticias#listItem\",\"name\":\"Home\"}},{\"@type\":\"ListItem\",\"@id\":\"https:\\\/\\\/www.eldigitaldeasturias.com\\\/noticias\\\/reclaman-a-una-corte-por-pretender-reducir-el-periodo-de-la-fiscal-general-de-guatemala\\\/#listItem\",\"position\":3,\"name\":\"Reclaman a una Corte por pretender reducir el per\\u00edodo de la Fiscal General de Guatemala\",\"previousItem\":{\"@type\":\"ListItem\",\"@id\":\"https:\\\/\\\/www.eldigitaldeasturias.com\\\/noticias\\\/category\\\/actualidad\\\/#listItem\",\"name\":\"Actualidad\"}}]},{\"@type\":\"Organization\",\"@id\":\"https:\\\/\\\/www.eldigitaldeasturias.com\\\/noticias\\\/#organization\",\"name\":\"El Digital de Asturias\",\"description\":\"Hemeroteca\",\"url\":\"https:\\\/\\\/www.eldigitaldeasturias.com\\\/noticias\\\/\",\"email\":\"info@eldigitaldeasturias.com\",\"telephone\":\"+34652131393\",\"logo\":{\"@type\":\"ImageObject\",\"url\":\"https:\\\/\\\/www.eldigitaldeasturias.com\\\/noticias\\\/wp-content\\\/uploads\\\/2020\\\/12\\\/EDA.jpg\",\"@id\":\"https:\\\/\\\/www.eldigitaldeasturias.com\\\/noticias\\\/reclaman-a-una-corte-por-pretender-reducir-el-periodo-de-la-fiscal-general-de-guatemala\\\/#organizationLogo\"},\"image\":{\"@id\":\"https:\\\/\\\/www.eldigitaldeasturias.com\\\/noticias\\\/reclaman-a-una-corte-por-pretender-reducir-el-periodo-de-la-fiscal-general-de-guatemala\\\/#organizationLogo\"},\"sameAs\":[\"https:\\\/\\\/facebook.com\\\/eldigitaldeasturias\",\"https:\\\/\\\/www.youtube.com\\\/channel\\\/UCZP-2wLEB9Rv6erhFmqVnvg\"],\"address\":{\"@id\":\"https:\\\/\\\/www.eldigitaldeasturias.com\\\/noticias\\\/#postaladdress\",\"@type\":\"PostalAddress\",\"streetAddress\":\"san antonio 4\",\"postalCode\":\"33430\",\"addressLocality\":\"Cand\\u00e1s\",\"addressRegion\":\"Asturias\",\"addressCountry\":\"ES\"}},{\"@type\":\"Person\",\"@id\":\"https:\\\/\\\/www.eldigitaldeasturias.com\\\/noticias\\\/author\\\/admin\\\/#author\",\"url\":\"https:\\\/\\\/www.eldigitaldeasturias.com\\\/noticias\\\/author\\\/admin\\\/\",\"name\":\"El Digital de Asturias\",\"image\":{\"@type\":\"ImageObject\",\"@id\":\"https:\\\/\\\/www.eldigitaldeasturias.com\\\/noticias\\\/reclaman-a-una-corte-por-pretender-reducir-el-periodo-de-la-fiscal-general-de-guatemala\\\/#authorImage\",\"url\":\"https:\\\/\\\/secure.gravatar.com\\\/avatar\\\/df2aeffc32bcd13f8d26072ef8a91b623d677766deac7f97ca815868cd41bf5e?s=96&d=mm&r=g\",\"width\":96,\"height\":96,\"caption\":\"El Digital de Asturias\"}},{\"@type\":\"WebPage\",\"@id\":\"https:\\\/\\\/www.eldigitaldeasturias.com\\\/noticias\\\/reclaman-a-una-corte-por-pretender-reducir-el-periodo-de-la-fiscal-general-de-guatemala\\\/#webpage\",\"url\":\"https:\\\/\\\/www.eldigitaldeasturias.com\\\/noticias\\\/reclaman-a-una-corte-por-pretender-reducir-el-periodo-de-la-fiscal-general-de-guatemala\\\/\",\"name\":\"Reclaman a una Corte por pretender reducir el per\\u00edodo de la Fiscal General de Guatemala - El Digital de Asturias\",\"description\":\"Guatemala, 8 feb (EFE).- Diputados de oposici\\u00f3n, organizaciones locales y extranjeras de derechos humanos, as\\u00ed como la comunidad internacional, se han unido para criticar a la Corte de Constitucionalidad (CC) de Guatemala por pretender reducir el per\\u00edodo de la fiscal general del pa\\u00eds, Claudia Paz y Paz. Algunos con m\\u00e1s crudeza y otros con mensajes\",\"inLanguage\":\"es-ES\",\"isPartOf\":{\"@id\":\"https:\\\/\\\/www.eldigitaldeasturias.com\\\/noticias\\\/#website\"},\"breadcrumb\":{\"@id\":\"https:\\\/\\\/www.eldigitaldeasturias.com\\\/noticias\\\/reclaman-a-una-corte-por-pretender-reducir-el-periodo-de-la-fiscal-general-de-guatemala\\\/#breadcrumblist\"},\"author\":{\"@id\":\"https:\\\/\\\/www.eldigitaldeasturias.com\\\/noticias\\\/author\\\/admin\\\/#author\"},\"creator\":{\"@id\":\"https:\\\/\\\/www.eldigitaldeasturias.com\\\/noticias\\\/author\\\/admin\\\/#author\"},\"image\":{\"@type\":\"ImageObject\",\"url\":486892,\"@id\":\"https:\\\/\\\/www.eldigitaldeasturias.com\\\/noticias\\\/reclaman-a-una-corte-por-pretender-reducir-el-periodo-de-la-fiscal-general-de-guatemala\\\/#mainImage\"},\"primaryImageOfPage\":{\"@id\":\"https:\\\/\\\/www.eldigitaldeasturias.com\\\/noticias\\\/reclaman-a-una-corte-por-pretender-reducir-el-periodo-de-la-fiscal-general-de-guatemala\\\/#mainImage\"},\"datePublished\":\"2014-02-08T21:01:47+01:00\",\"dateModified\":\"2014-02-08T21:01:47+01:00\"},{\"@type\":\"WebSite\",\"@id\":\"https:\\\/\\\/www.eldigitaldeasturias.com\\\/noticias\\\/#website\",\"url\":\"https:\\\/\\\/www.eldigitaldeasturias.com\\\/noticias\\\/\",\"name\":\"El Digital de Asturias - Diario de actualidad y noticias\",\"alternateName\":\"El Digital de Asturias - Diario de actualidad y noticias\",\"description\":\"Hemeroteca\",\"inLanguage\":\"es-ES\",\"publisher\":{\"@id\":\"https:\\\/\\\/www.eldigitaldeasturias.com\\\/noticias\\\/#organization\"}}]}\n\t\t<\/script>\n\t\t<!-- All in One SEO Pro -->\r\n\t\t<title>Reclaman a una Corte por pretender reducir el per\u00edodo de la Fiscal General de Guatemala - El Digital de Asturias<\/title>\n\n","aioseo_head_json":{"title":"Reclaman a una Corte por pretender reducir el per\u00edodo de la Fiscal General de Guatemala - El Digital de Asturias","description":"Guatemala, 8 feb (EFE).- Diputados de oposici\u00f3n, organizaciones locales y extranjeras de derechos humanos, as\u00ed como la comunidad internacional, se han unido para criticar a la Corte de Constitucionalidad (CC) de Guatemala por pretender reducir el per\u00edodo de la fiscal general del pa\u00eds, Claudia Paz y Paz. Algunos con m\u00e1s crudeza y otros con mensajes","canonical_url":"https:\/\/www.eldigitaldeasturias.com\/noticias\/reclaman-a-una-corte-por-pretender-reducir-el-periodo-de-la-fiscal-general-de-guatemala\/","robots":"max-image-preview:large","keywords":"actualidad","webmasterTools":{"google-site-verification":"UA-38556648-1","msvalidate.01":"7dfe9f3f1b24437ab69f4f2559babe99","miscellaneous":""},"schema":{"@context":"https:\/\/schema.org","@graph":[{"@type":"BlogPosting","@id":"https:\/\/www.eldigitaldeasturias.com\/noticias\/reclaman-a-una-corte-por-pretender-reducir-el-periodo-de-la-fiscal-general-de-guatemala\/#blogposting","name":"Reclaman a una Corte por pretender reducir el per\u00edodo de la Fiscal General de Guatemala - El Digital de Asturias","headline":"Reclaman a una Corte por pretender reducir el per\u00edodo de la Fiscal General de Guatemala","author":{"@id":"https:\/\/www.eldigitaldeasturias.com\/noticias\/author\/admin\/#author"},"publisher":{"@id":"https:\/\/www.eldigitaldeasturias.com\/noticias\/#organization"},"image":{"@type":"ImageObject","url":486892},"datePublished":"2014-02-08T21:01:47+01:00","dateModified":"2014-02-08T21:01:47+01:00","inLanguage":"es-ES","mainEntityOfPage":{"@id":"https:\/\/www.eldigitaldeasturias.com\/noticias\/reclaman-a-una-corte-por-pretender-reducir-el-periodo-de-la-fiscal-general-de-guatemala\/#webpage"},"isPartOf":{"@id":"https:\/\/www.eldigitaldeasturias.com\/noticias\/reclaman-a-una-corte-por-pretender-reducir-el-periodo-de-la-fiscal-general-de-guatemala\/#webpage"},"articleSection":"Actualidad"},{"@type":"BreadcrumbList","@id":"https:\/\/www.eldigitaldeasturias.com\/noticias\/reclaman-a-una-corte-por-pretender-reducir-el-periodo-de-la-fiscal-general-de-guatemala\/#breadcrumblist","itemListElement":[{"@type":"ListItem","@id":"https:\/\/www.eldigitaldeasturias.com\/noticias#listItem","position":1,"name":"Home","item":"https:\/\/www.eldigitaldeasturias.com\/noticias","nextItem":{"@type":"ListItem","@id":"https:\/\/www.eldigitaldeasturias.com\/noticias\/category\/actualidad\/#listItem","name":"Actualidad"}},{"@type":"ListItem","@id":"https:\/\/www.eldigitaldeasturias.com\/noticias\/category\/actualidad\/#listItem","position":2,"name":"Actualidad","item":"https:\/\/www.eldigitaldeasturias.com\/noticias\/category\/actualidad\/","nextItem":{"@type":"ListItem","@id":"https:\/\/www.eldigitaldeasturias.com\/noticias\/reclaman-a-una-corte-por-pretender-reducir-el-periodo-de-la-fiscal-general-de-guatemala\/#listItem","name":"Reclaman a una Corte por pretender reducir el per\u00edodo de la Fiscal General de Guatemala"},"previousItem":{"@type":"ListItem","@id":"https:\/\/www.eldigitaldeasturias.com\/noticias#listItem","name":"Home"}},{"@type":"ListItem","@id":"https:\/\/www.eldigitaldeasturias.com\/noticias\/reclaman-a-una-corte-por-pretender-reducir-el-periodo-de-la-fiscal-general-de-guatemala\/#listItem","position":3,"name":"Reclaman a una Corte por pretender reducir el per\u00edodo de la Fiscal General de Guatemala","previousItem":{"@type":"ListItem","@id":"https:\/\/www.eldigitaldeasturias.com\/noticias\/category\/actualidad\/#listItem","name":"Actualidad"}}]},{"@type":"Organization","@id":"https:\/\/www.eldigitaldeasturias.com\/noticias\/#organization","name":"El Digital de Asturias","description":"Hemeroteca","url":"https:\/\/www.eldigitaldeasturias.com\/noticias\/","email":"info@eldigitaldeasturias.com","telephone":"+34652131393","logo":{"@type":"ImageObject","url":"https:\/\/www.eldigitaldeasturias.com\/noticias\/wp-content\/uploads\/2020\/12\/EDA.jpg","@id":"https:\/\/www.eldigitaldeasturias.com\/noticias\/reclaman-a-una-corte-por-pretender-reducir-el-periodo-de-la-fiscal-general-de-guatemala\/#organizationLogo"},"image":{"@id":"https:\/\/www.eldigitaldeasturias.com\/noticias\/reclaman-a-una-corte-por-pretender-reducir-el-periodo-de-la-fiscal-general-de-guatemala\/#organizationLogo"},"sameAs":["https:\/\/facebook.com\/eldigitaldeasturias","https:\/\/www.youtube.com\/channel\/UCZP-2wLEB9Rv6erhFmqVnvg"],"address":{"@id":"https:\/\/www.eldigitaldeasturias.com\/noticias\/#postaladdress","@type":"PostalAddress","streetAddress":"san antonio 4","postalCode":"33430","addressLocality":"Cand\u00e1s","addressRegion":"Asturias","addressCountry":"ES"}},{"@type":"Person","@id":"https:\/\/www.eldigitaldeasturias.com\/noticias\/author\/admin\/#author","url":"https:\/\/www.eldigitaldeasturias.com\/noticias\/author\/admin\/","name":"El Digital de Asturias","image":{"@type":"ImageObject","@id":"https:\/\/www.eldigitaldeasturias.com\/noticias\/reclaman-a-una-corte-por-pretender-reducir-el-periodo-de-la-fiscal-general-de-guatemala\/#authorImage","url":"https:\/\/secure.gravatar.com\/avatar\/df2aeffc32bcd13f8d26072ef8a91b623d677766deac7f97ca815868cd41bf5e?s=96&d=mm&r=g","width":96,"height":96,"caption":"El Digital de Asturias"}},{"@type":"WebPage","@id":"https:\/\/www.eldigitaldeasturias.com\/noticias\/reclaman-a-una-corte-por-pretender-reducir-el-periodo-de-la-fiscal-general-de-guatemala\/#webpage","url":"https:\/\/www.eldigitaldeasturias.com\/noticias\/reclaman-a-una-corte-por-pretender-reducir-el-periodo-de-la-fiscal-general-de-guatemala\/","name":"Reclaman a una Corte por pretender reducir el per\u00edodo de la Fiscal General de Guatemala - El Digital de Asturias","description":"Guatemala, 8 feb (EFE).- Diputados de oposici\u00f3n, organizaciones locales y extranjeras de derechos humanos, as\u00ed como la comunidad internacional, se han unido para criticar a la Corte de Constitucionalidad (CC) de Guatemala por pretender reducir el per\u00edodo de la fiscal general del pa\u00eds, Claudia Paz y Paz. Algunos con m\u00e1s crudeza y otros con mensajes","inLanguage":"es-ES","isPartOf":{"@id":"https:\/\/www.eldigitaldeasturias.com\/noticias\/#website"},"breadcrumb":{"@id":"https:\/\/www.eldigitaldeasturias.com\/noticias\/reclaman-a-una-corte-por-pretender-reducir-el-periodo-de-la-fiscal-general-de-guatemala\/#breadcrumblist"},"author":{"@id":"https:\/\/www.eldigitaldeasturias.com\/noticias\/author\/admin\/#author"},"creator":{"@id":"https:\/\/www.eldigitaldeasturias.com\/noticias\/author\/admin\/#author"},"image":{"@type":"ImageObject","url":486892,"@id":"https:\/\/www.eldigitaldeasturias.com\/noticias\/reclaman-a-una-corte-por-pretender-reducir-el-periodo-de-la-fiscal-general-de-guatemala\/#mainImage"},"primaryImageOfPage":{"@id":"https:\/\/www.eldigitaldeasturias.com\/noticias\/reclaman-a-una-corte-por-pretender-reducir-el-periodo-de-la-fiscal-general-de-guatemala\/#mainImage"},"datePublished":"2014-02-08T21:01:47+01:00","dateModified":"2014-02-08T21:01:47+01:00"},{"@type":"WebSite","@id":"https:\/\/www.eldigitaldeasturias.com\/noticias\/#website","url":"https:\/\/www.eldigitaldeasturias.com\/noticias\/","name":"El Digital de Asturias - Diario de actualidad y noticias","alternateName":"El Digital de Asturias - Diario de actualidad y noticias","description":"Hemeroteca","inLanguage":"es-ES","publisher":{"@id":"https:\/\/www.eldigitaldeasturias.com\/noticias\/#organization"}}]},"og:locale":"es_ES","og:site_name":"El Digital de Asturias","og:type":"article","og:title":"Reclaman a una Corte por pretender reducir el per\u00edodo de la Fiscal General de Guatemala - El Digital de Asturias","og:description":"Guatemala, 8 feb (EFE).- Diputados de oposici\u00f3n, organizaciones locales y extranjeras de derechos humanos, as\u00ed como la comunidad internacional, se han unido para criticar a la Corte de Constitucionalidad (CC) de Guatemala por pretender reducir el per\u00edodo de la fiscal general del pa\u00eds, Claudia Paz y Paz. Algunos con m\u00e1s crudeza y otros con mensajes","og:url":"https:\/\/www.eldigitaldeasturias.com\/noticias\/reclaman-a-una-corte-por-pretender-reducir-el-periodo-de-la-fiscal-general-de-guatemala\/","article:tag":["actualidad"],"article:published_time":"2014-02-08T22:01:47+00:00","article:modified_time":"2014-02-08T22:01:47+00:00","article:publisher":"https:\/\/facebook.com\/eldigitaldeasturias","twitter:card":"summary_large_image","twitter:title":"Reclaman a una Corte por pretender reducir el per\u00edodo de la Fiscal General de Guatemala - El Digital de Asturias","twitter:description":"Guatemala, 8 feb (EFE).- Diputados de oposici\u00f3n, organizaciones locales y extranjeras de derechos humanos, as\u00ed como la comunidad internacional, se han unido para criticar a la Corte de Constitucionalidad (CC) de Guatemala por pretender reducir el per\u00edodo de la fiscal general del pa\u00eds, Claudia Paz y Paz. Algunos con m\u00e1s crudeza y otros con mensajes","twitter:label1":"Escrito por","twitter:data1":"El Digital de Asturias","twitter:label2":"Tiempo de lectura estimado","twitter:data2":"4 minutos"},"aioseo_meta_data":{"post_id":"486891","title":null,"description":null,"keywords":null,"keyphrases":null,"primary_term":null,"canonical_url":null,"og_title":null,"og_description":null,"og_object_type":"default","og_image_type":"default","og_image_url":null,"og_image_width":null,"og_image_height":null,"og_image_custom_url":null,"og_image_custom_fields":null,"og_video":null,"og_custom_url":null,"og_article_section":null,"og_article_tags":null,"twitter_use_og":true,"twitter_card":"default","twitter_image_type":"default","twitter_image_url":null,"twitter_image_custom_url":null,"twitter_image_custom_fields":null,"twitter_title":null,"twitter_description":null,"schema":{"blockGraphs":[],"customGraphs":[],"default":{"data":{"Article":[],"Course":[],"Dataset":[],"FAQPage":[],"Movie":[],"Person":[],"Product":[],"ProductReview":[],"Car":[],"Recipe":[],"Service":[],"SoftwareApplication":[],"WebPage":[]},"graphName":"","isEnabled":true},"graphs":[],"defaultGraph":"","defaultPostTypeGraph":""},"schema_type":null,"schema_type_options":null,"pillar_content":false,"robots_default":true,"robots_noindex":false,"robots_noarchive":false,"robots_nosnippet":false,"robots_nofollow":false,"robots_noimageindex":false,"robots_noodp":false,"robots_notranslate":false,"robots_max_snippet":null,"robots_max_videopreview":null,"robots_max_imagepreview":"none","priority":null,"frequency":null,"local_seo":null,"seo_analyzer_scan_date":"2026-06-03 02:58:48","breadcrumb_settings":null,"limit_modified_date":false,"open_ai":null,"ai":null,"created":"2020-11-14 22:56:15","updated":"2026-06-03 02:58:48","focus_keyword":null,"additional_keywords":null,"truseo_locale":null},"aioseo_breadcrumb":"<div class=\"aioseo-breadcrumbs\"><span class=\"aioseo-breadcrumb\">\n\t<a href=\"https:\/\/www.eldigitaldeasturias.com\/noticias\" title=\"Home\">Home<\/a>\n<\/span><span class=\"aioseo-breadcrumb-separator\">\u2013<\/span><span class=\"aioseo-breadcrumb\">\n\t<a href=\"https:\/\/www.eldigitaldeasturias.com\/noticias\/category\/actualidad\/\" title=\"Actualidad\">Actualidad<\/a>\n<\/span><span class=\"aioseo-breadcrumb-separator\">\u2013<\/span><span class=\"aioseo-breadcrumb\">\n\t<a href=\"https:\/\/www.eldigitaldeasturias.com\/noticias\/reclaman-a-una-corte-por-pretender-reducir-el-periodo-de-la-fiscal-general-de-guatemala\/\" title=\"Reclaman a una Corte por pretender reducir el per\u00edodo de la Fiscal General de Guatemala\">Reclaman a una Corte por pretender reducir el per\u00edodo de la Fiscal General de Guatemala<\/a>\n<\/span><\/div>","aioseo_breadcrumb_json":[{"label":"Home","link":"https:\/\/www.eldigitaldeasturias.com\/noticias"},{"label":"Actualidad","link":"https:\/\/www.eldigitaldeasturias.com\/noticias\/category\/actualidad\/"},{"label":"Reclaman a una Corte por pretender reducir el per\u00edodo de la Fiscal General de Guatemala","link":"https:\/\/www.eldigitaldeasturias.com\/noticias\/reclaman-a-una-corte-por-pretender-reducir-el-periodo-de-la-fiscal-general-de-guatemala\/"}],"_links":{"self":[{"href":"https:\/\/www.eldigitaldeasturias.com\/noticias\/wp-json\/wp\/v2\/posts\/486891","targetHints":{"allow":["GET"]}}],"collection":[{"href":"https:\/\/www.eldigitaldeasturias.com\/noticias\/wp-json\/wp\/v2\/posts"}],"about":[{"href":"https:\/\/www.eldigitaldeasturias.com\/noticias\/wp-json\/wp\/v2\/types\/post"}],"author":[{"embeddable":true,"href":"https:\/\/www.eldigitaldeasturias.com\/noticias\/wp-json\/wp\/v2\/users\/1"}],"replies":[{"embeddable":true,"href":"https:\/\/www.eldigitaldeasturias.com\/noticias\/wp-json\/wp\/v2\/comments?post=486891"}],"version-history":[{"count":0,"href":"https:\/\/www.eldigitaldeasturias.com\/noticias\/wp-json\/wp\/v2\/posts\/486891\/revisions"}],"wp:attachment":[{"href":"https:\/\/www.eldigitaldeasturias.com\/noticias\/wp-json\/wp\/v2\/media?parent=486891"}],"wp:term":[{"taxonomy":"category","embeddable":true,"href":"https:\/\/www.eldigitaldeasturias.com\/noticias\/wp-json\/wp\/v2\/categories?post=486891"},{"taxonomy":"post_tag","embeddable":true,"href":"https:\/\/www.eldigitaldeasturias.com\/noticias\/wp-json\/wp\/v2\/tags?post=486891"}],"curies":[{"name":"wp","href":"https:\/\/api.w.org\/{rel}","templated":true}]}}