{"id":486878,"date":"2014-02-08T20:55:21","date_gmt":"2014-02-08T21:55:21","guid":{"rendered":"http:\/\/www.eldigitaldeasturias.com\/noticias\/?p=486878"},"modified":"2014-02-08T20:55:21","modified_gmt":"2014-02-08T21:55:21","slug":"diaz-asegura-que-mimara-a-los-ayuntamientos-y-luchara-hasta-que-retiren-la-reforma","status":"publish","type":"post","link":"https:\/\/www.eldigitaldeasturias.com\/noticias\/diaz-asegura-que-mimara-a-los-ayuntamientos-y-luchara-hasta-que-retiren-la-reforma\/","title":{"rendered":"D\u00edaz asegura que \u00abmimar\u00e1\u00bb a los ayuntamientos y luchar\u00e1 hasta que retiren la reforma"},"content":{"rendered":"<p><img loading=\"lazy\" decoding=\"async\" class=\"alignleft size-large wp-image-486879\" alt=\"5924007w\" src=\"https:\/\/www.eldigitaldeasturias.com\/noticias\/wp-content\/uploads\/2014\/02\/5924007w-650x368.jpg\" width=\"650\" height=\"368\" \/>Sevilla, 8 feb (EFE).- La presidenta de la Junta de Andaluc\u00eda y secretaria general del PSOE-A, Susana D\u00edaz, ha asegurado hoy que su Gobierno va a \u00abmimar y cuidar\u00bb a los ayuntamientos y ha dicho con rotundidad que su lucha contra la reforma local acabar\u00e1 cuando sea retirada o el Tribunal Constitucional d\u00e9 la raz\u00f3n a la comunidad.<\/p>\n<p>D\u00edaz, que ha clausurado un acto de partido en el que se ha constituido el Consejo Municipal Andaluz del PSOE-A, ha se\u00f1alado que la oposici\u00f3n contra la reforma local no \u00abempieza y acaba hoy\u00bb porque \u00abse est\u00e1 atentando contra la grandeza de la democracia\u00bb.<\/p>\n<p>Ha recordado que la Junta presentar\u00e1 antes del 28 de febrero, D\u00eda de Andaluc\u00eda, el recurso de inconstitucionalidad contra la reforma y que los grupos socialistas promover\u00e1n en todos los ayuntamientos mociones de rechazo a la nueva norma.<\/p>\n<p>Para D\u00edaz, es fundamental que el PSOE-A muestre un compromiso ante el \u00abdoble estrangulamiento\u00bb de los ayuntamientos por la reforma local y por el \u00absecuestro de la voz del municipalismo\u00bb, en la Federaci\u00f3n Andaluza de Municipios y Provincias (FAMP).<\/p>\n<p>\u00abLo que est\u00e1 pasando en la FAMP es lo mismo que en el PP, una pelea por el poder, con el agravante de que est\u00e1 pasando en el momento que m\u00e1s lo necesitan los ciudadanos\u00bb, ha a\u00f1adido.<\/p>\n<p>Ha se\u00f1alado que pedir\u00e1 la colaboraci\u00f3n de los alcaldes, lo \u00abcontrario\u00bb de lo que hace el Gobierno con la Junta y ha recordado que ofreci\u00f3 en enero seis pactos al PP, aunque entiende que los populares \u00abse sintieran ofendidos\u00bb porque est\u00e1n en un \u00absainete\u00bb.<\/p>\n<p>Ha denunciado que se ha hecho \u00abun da\u00f1o terrible\u00bb a la democracia y a las administraciones territoriales al culpar a los gobiernos auton\u00f3micos y ayuntamientos de la situaci\u00f3n econ\u00f3mica, algo que cree que es \u00abuna gran mentira y un gran enga\u00f1o\u00bb.<\/p>\n<p>En ese sentido, ha argumentado que Andaluc\u00eda ha cumplido con el objetivo de d\u00e9ficit en 2013 mientras hay un \u00abdesfase\u00bb en la Seguridad Social y que los ayuntamientos cerraron, en el tercer trimestre del pasado a\u00f1o, con un super\u00e1vit de 4.133 millones.<\/p>\n<p>Ha acusado al Gobierno central de no estar \u00abcumpliendo con lo que exige a los dem\u00e1s\u00bb y de poner en marcha \u00abrecortes brutales\u00bb, de \u00abcondenar\u00bb el consumo y de \u00abasfixiar\u00bb a la econom\u00eda.<\/p>\n<p>Ha advertido de que en los pr\u00f3ximos meses, a consecuencia de la reforma local, se van a vivir \u00absituaciones complicadas\u00bb y ayuntamientos \u00abque van a querer desprenderse de competencias\u00bb, por lo que ah\u00ed deber\u00e1n estar \u00abfirmes\u00bb y convencidos de que ha sido la pol\u00edtica local la que ha permitido en los \u00faltimos treinta a\u00f1os que no haya \u00abdesarraigo social y zonas aisladas\u00bb.<\/p>\n","protected":false},"excerpt":{"rendered":"<p>Sevilla, 8 feb (EFE).- La presidenta de la Junta de Andaluc\u00eda y secretaria general del PSOE-A, Susana D\u00edaz, ha asegurado hoy que su Gobierno va a \u00abmimar y cuidar\u00bb a los ayuntamientos y ha dicho con rotundidad que su lucha contra la reforma local acabar\u00e1 cuando sea retirada o el Tribunal Constitucional d\u00e9 la raz\u00f3n [&hellip;]<\/p>\n","protected":false},"author":1,"featured_media":486879,"comment_status":"open","ping_status":"open","sticky":false,"template":"","format":"standard","meta":{"footnotes":""},"categories":[1],"tags":[],"class_list":["post-486878","post","type-post","status-publish","format-standard","has-post-thumbnail","hentry","category-actualidad"],"aioseo_notices":[],"aioseo_head":"\n\t\t<!-- All in One SEO Pro 5.0.1 - aioseo.com -->\n\t<meta name=\"description\" content=\"Sevilla, 8 feb (EFE).- La presidenta de la Junta de Andaluc\u00eda y secretaria general del PSOE-A, Susana D\u00edaz, ha asegurado hoy que su Gobierno va a &quot;mimar y cuidar&quot; a los ayuntamientos y ha dicho con rotundidad que su lucha contra la reforma local acabar\u00e1 cuando sea retirada o el Tribunal Constitucional d\u00e9 la raz\u00f3n\" \/>\n\t<meta name=\"robots\" content=\"max-image-preview:large\" \/>\n\t<meta name=\"author\" content=\"El Digital de Asturias\"\/>\n\t<meta name=\"google-site-verification\" content=\"UA-38556648-1\" \/>\n\t<meta name=\"msvalidate.01\" content=\"7dfe9f3f1b24437ab69f4f2559babe99\" \/>\n\t<meta name=\"keywords\" content=\"actualidad\" \/>\n\t<link rel=\"canonical\" href=\"https:\/\/www.eldigitaldeasturias.com\/noticias\/diaz-asegura-que-mimara-a-los-ayuntamientos-y-luchara-hasta-que-retiren-la-reforma\/\" \/>\n\t<meta name=\"generator\" content=\"All in One SEO Pro (AIOSEO) 5.0.1\" \/>\n\t\t<meta property=\"og:locale\" content=\"es_ES\" \/>\n\t\t<meta property=\"og:site_name\" content=\"El Digital de Asturias\" \/>\n\t\t<meta property=\"og:type\" content=\"article\" \/>\n\t\t<meta property=\"og:title\" content=\"D\u00edaz asegura que \u00abmimar\u00e1\u00bb a los ayuntamientos y luchar\u00e1 hasta que retiren la reforma - El Digital de Asturias\" \/>\n\t\t<meta property=\"og:description\" content=\"Sevilla, 8 feb (EFE).- La presidenta de la Junta de Andaluc\u00eda y secretaria general del PSOE-A, Susana D\u00edaz, ha asegurado hoy que su Gobierno va a &quot;mimar y cuidar&quot; a los ayuntamientos y ha dicho con rotundidad que su lucha contra la reforma local acabar\u00e1 cuando sea retirada o el Tribunal Constitucional d\u00e9 la raz\u00f3n\" \/>\n\t\t<meta property=\"og:url\" content=\"https:\/\/www.eldigitaldeasturias.com\/noticias\/diaz-asegura-que-mimara-a-los-ayuntamientos-y-luchara-hasta-que-retiren-la-reforma\/\" \/>\n\t\t<meta property=\"article:tag\" content=\"actualidad\" \/>\n\t\t<meta property=\"article:published_time\" content=\"2014-02-08T21:55:21+00:00\" \/>\n\t\t<meta property=\"article:modified_time\" content=\"2014-02-08T21:55:21+00:00\" \/>\n\t\t<meta property=\"article:publisher\" content=\"https:\/\/facebook.com\/eldigitaldeasturias\" \/>\n\t\t<meta name=\"twitter:card\" content=\"summary_large_image\" \/>\n\t\t<meta name=\"twitter:title\" content=\"D\u00edaz asegura que \u00abmimar\u00e1\u00bb a los ayuntamientos y luchar\u00e1 hasta que retiren la reforma - El Digital de Asturias\" \/>\n\t\t<meta name=\"twitter:description\" content=\"Sevilla, 8 feb (EFE).- La presidenta de la Junta de Andaluc\u00eda y secretaria general del PSOE-A, Susana D\u00edaz, ha asegurado hoy que su Gobierno va a &quot;mimar y cuidar&quot; a los ayuntamientos y ha dicho con rotundidad que su lucha contra la reforma local acabar\u00e1 cuando sea retirada o el Tribunal Constitucional d\u00e9 la raz\u00f3n\" \/>\n\t\t<meta name=\"twitter:label1\" content=\"Escrito por\" \/>\n\t\t<meta name=\"twitter:data1\" content=\"El Digital de Asturias\" \/>\n\t\t<meta name=\"twitter:label2\" content=\"Tiempo de lectura estimado\" \/>\n\t\t<meta name=\"twitter:data2\" content=\"2 minutos\" \/>\n\t\t<script type=\"application\/ld+json\" class=\"aioseo-schema\">\n\t\t\t{\"@context\":\"https:\\\/\\\/schema.org\",\"@graph\":[{\"@type\":\"BlogPosting\",\"@id\":\"https:\\\/\\\/www.eldigitaldeasturias.com\\\/noticias\\\/diaz-asegura-que-mimara-a-los-ayuntamientos-y-luchara-hasta-que-retiren-la-reforma\\\/#blogposting\",\"name\":\"D\\u00edaz asegura que \\u00abmimar\\u00e1\\u00bb a los ayuntamientos y luchar\\u00e1 hasta que retiren la reforma - El Digital de Asturias\",\"headline\":\"D\\u00edaz asegura que \\u00abmimar\\u00e1\\u00bb a los ayuntamientos y luchar\\u00e1 hasta que retiren la reforma\",\"author\":{\"@id\":\"https:\\\/\\\/www.eldigitaldeasturias.com\\\/noticias\\\/author\\\/admin\\\/#author\"},\"publisher\":{\"@id\":\"https:\\\/\\\/www.eldigitaldeasturias.com\\\/noticias\\\/#organization\"},\"image\":{\"@type\":\"ImageObject\",\"url\":486879},\"datePublished\":\"2014-02-08T20:55:21+01:00\",\"dateModified\":\"2014-02-08T20:55:21+01:00\",\"inLanguage\":\"es-ES\",\"mainEntityOfPage\":{\"@id\":\"https:\\\/\\\/www.eldigitaldeasturias.com\\\/noticias\\\/diaz-asegura-que-mimara-a-los-ayuntamientos-y-luchara-hasta-que-retiren-la-reforma\\\/#webpage\"},\"isPartOf\":{\"@id\":\"https:\\\/\\\/www.eldigitaldeasturias.com\\\/noticias\\\/diaz-asegura-que-mimara-a-los-ayuntamientos-y-luchara-hasta-que-retiren-la-reforma\\\/#webpage\"},\"articleSection\":\"Actualidad\"},{\"@type\":\"BreadcrumbList\",\"@id\":\"https:\\\/\\\/www.eldigitaldeasturias.com\\\/noticias\\\/diaz-asegura-que-mimara-a-los-ayuntamientos-y-luchara-hasta-que-retiren-la-reforma\\\/#breadcrumblist\",\"itemListElement\":[{\"@type\":\"ListItem\",\"@id\":\"https:\\\/\\\/www.eldigitaldeasturias.com\\\/noticias#listItem\",\"position\":1,\"name\":\"Home\",\"item\":\"https:\\\/\\\/www.eldigitaldeasturias.com\\\/noticias\",\"nextItem\":{\"@type\":\"ListItem\",\"@id\":\"https:\\\/\\\/www.eldigitaldeasturias.com\\\/noticias\\\/category\\\/actualidad\\\/#listItem\",\"name\":\"Actualidad\"}},{\"@type\":\"ListItem\",\"@id\":\"https:\\\/\\\/www.eldigitaldeasturias.com\\\/noticias\\\/category\\\/actualidad\\\/#listItem\",\"position\":2,\"name\":\"Actualidad\",\"item\":\"https:\\\/\\\/www.eldigitaldeasturias.com\\\/noticias\\\/category\\\/actualidad\\\/\",\"nextItem\":{\"@type\":\"ListItem\",\"@id\":\"https:\\\/\\\/www.eldigitaldeasturias.com\\\/noticias\\\/diaz-asegura-que-mimara-a-los-ayuntamientos-y-luchara-hasta-que-retiren-la-reforma\\\/#listItem\",\"name\":\"D\\u00edaz asegura que \\u00abmimar\\u00e1\\u00bb a los ayuntamientos y luchar\\u00e1 hasta que retiren la reforma\"},\"previousItem\":{\"@type\":\"ListItem\",\"@id\":\"https:\\\/\\\/www.eldigitaldeasturias.com\\\/noticias#listItem\",\"name\":\"Home\"}},{\"@type\":\"ListItem\",\"@id\":\"https:\\\/\\\/www.eldigitaldeasturias.com\\\/noticias\\\/diaz-asegura-que-mimara-a-los-ayuntamientos-y-luchara-hasta-que-retiren-la-reforma\\\/#listItem\",\"position\":3,\"name\":\"D\\u00edaz asegura que \\u00abmimar\\u00e1\\u00bb a los ayuntamientos y luchar\\u00e1 hasta que retiren la reforma\",\"previousItem\":{\"@type\":\"ListItem\",\"@id\":\"https:\\\/\\\/www.eldigitaldeasturias.com\\\/noticias\\\/category\\\/actualidad\\\/#listItem\",\"name\":\"Actualidad\"}}]},{\"@type\":\"Organization\",\"@id\":\"https:\\\/\\\/www.eldigitaldeasturias.com\\\/noticias\\\/#organization\",\"name\":\"El Digital de Asturias\",\"description\":\"Hemeroteca\",\"url\":\"https:\\\/\\\/www.eldigitaldeasturias.com\\\/noticias\\\/\",\"email\":\"info@eldigitaldeasturias.com\",\"telephone\":\"+34652131393\",\"logo\":{\"@type\":\"ImageObject\",\"url\":\"https:\\\/\\\/www.eldigitaldeasturias.com\\\/noticias\\\/wp-content\\\/uploads\\\/2020\\\/12\\\/EDA.jpg\",\"@id\":\"https:\\\/\\\/www.eldigitaldeasturias.com\\\/noticias\\\/diaz-asegura-que-mimara-a-los-ayuntamientos-y-luchara-hasta-que-retiren-la-reforma\\\/#organizationLogo\"},\"image\":{\"@id\":\"https:\\\/\\\/www.eldigitaldeasturias.com\\\/noticias\\\/diaz-asegura-que-mimara-a-los-ayuntamientos-y-luchara-hasta-que-retiren-la-reforma\\\/#organizationLogo\"},\"sameAs\":[\"https:\\\/\\\/facebook.com\\\/eldigitaldeasturias\",\"https:\\\/\\\/www.youtube.com\\\/channel\\\/UCZP-2wLEB9Rv6erhFmqVnvg\"],\"address\":{\"@id\":\"https:\\\/\\\/www.eldigitaldeasturias.com\\\/noticias\\\/#postaladdress\",\"@type\":\"PostalAddress\",\"streetAddress\":\"san antonio 4\",\"postalCode\":\"33430\",\"addressLocality\":\"Cand\\u00e1s\",\"addressRegion\":\"Asturias\",\"addressCountry\":\"ES\"}},{\"@type\":\"Person\",\"@id\":\"https:\\\/\\\/www.eldigitaldeasturias.com\\\/noticias\\\/author\\\/admin\\\/#author\",\"url\":\"https:\\\/\\\/www.eldigitaldeasturias.com\\\/noticias\\\/author\\\/admin\\\/\",\"name\":\"El Digital de Asturias\",\"image\":{\"@type\":\"ImageObject\",\"@id\":\"https:\\\/\\\/www.eldigitaldeasturias.com\\\/noticias\\\/diaz-asegura-que-mimara-a-los-ayuntamientos-y-luchara-hasta-que-retiren-la-reforma\\\/#authorImage\",\"url\":\"https:\\\/\\\/secure.gravatar.com\\\/avatar\\\/df2aeffc32bcd13f8d26072ef8a91b623d677766deac7f97ca815868cd41bf5e?s=96&d=mm&r=g\",\"width\":96,\"height\":96,\"caption\":\"El Digital de Asturias\"}},{\"@type\":\"WebPage\",\"@id\":\"https:\\\/\\\/www.eldigitaldeasturias.com\\\/noticias\\\/diaz-asegura-que-mimara-a-los-ayuntamientos-y-luchara-hasta-que-retiren-la-reforma\\\/#webpage\",\"url\":\"https:\\\/\\\/www.eldigitaldeasturias.com\\\/noticias\\\/diaz-asegura-que-mimara-a-los-ayuntamientos-y-luchara-hasta-que-retiren-la-reforma\\\/\",\"name\":\"D\\u00edaz asegura que \\u00abmimar\\u00e1\\u00bb a los ayuntamientos y luchar\\u00e1 hasta que retiren la reforma - El Digital de Asturias\",\"description\":\"Sevilla, 8 feb (EFE).- La presidenta de la Junta de Andaluc\\u00eda y secretaria general del PSOE-A, Susana D\\u00edaz, ha asegurado hoy que su Gobierno va a \\\"mimar y cuidar\\\" a los ayuntamientos y ha dicho con rotundidad que su lucha contra la reforma local acabar\\u00e1 cuando sea retirada o el Tribunal Constitucional d\\u00e9 la raz\\u00f3n\",\"inLanguage\":\"es-ES\",\"isPartOf\":{\"@id\":\"https:\\\/\\\/www.eldigitaldeasturias.com\\\/noticias\\\/#website\"},\"breadcrumb\":{\"@id\":\"https:\\\/\\\/www.eldigitaldeasturias.com\\\/noticias\\\/diaz-asegura-que-mimara-a-los-ayuntamientos-y-luchara-hasta-que-retiren-la-reforma\\\/#breadcrumblist\"},\"author\":{\"@id\":\"https:\\\/\\\/www.eldigitaldeasturias.com\\\/noticias\\\/author\\\/admin\\\/#author\"},\"creator\":{\"@id\":\"https:\\\/\\\/www.eldigitaldeasturias.com\\\/noticias\\\/author\\\/admin\\\/#author\"},\"image\":{\"@type\":\"ImageObject\",\"url\":486879,\"@id\":\"https:\\\/\\\/www.eldigitaldeasturias.com\\\/noticias\\\/diaz-asegura-que-mimara-a-los-ayuntamientos-y-luchara-hasta-que-retiren-la-reforma\\\/#mainImage\"},\"primaryImageOfPage\":{\"@id\":\"https:\\\/\\\/www.eldigitaldeasturias.com\\\/noticias\\\/diaz-asegura-que-mimara-a-los-ayuntamientos-y-luchara-hasta-que-retiren-la-reforma\\\/#mainImage\"},\"datePublished\":\"2014-02-08T20:55:21+01:00\",\"dateModified\":\"2014-02-08T20:55:21+01:00\"},{\"@type\":\"WebSite\",\"@id\":\"https:\\\/\\\/www.eldigitaldeasturias.com\\\/noticias\\\/#website\",\"url\":\"https:\\\/\\\/www.eldigitaldeasturias.com\\\/noticias\\\/\",\"name\":\"El Digital de Asturias - Diario de actualidad y noticias\",\"alternateName\":\"El Digital de Asturias - Diario de actualidad y noticias\",\"description\":\"Hemeroteca\",\"inLanguage\":\"es-ES\",\"publisher\":{\"@id\":\"https:\\\/\\\/www.eldigitaldeasturias.com\\\/noticias\\\/#organization\"}}]}\n\t\t<\/script>\n\t\t<!-- All in One SEO Pro -->\r\n\t\t<title>D\u00edaz asegura que \u00abmimar\u00e1\u00bb a los ayuntamientos y luchar\u00e1 hasta que retiren la reforma - El Digital de Asturias<\/title>\n\n","aioseo_head_json":{"title":"D\u00edaz asegura que \u00abmimar\u00e1\u00bb a los ayuntamientos y luchar\u00e1 hasta que retiren la reforma - El Digital de Asturias","description":"Sevilla, 8 feb (EFE).- La presidenta de la Junta de Andaluc\u00eda y secretaria general del PSOE-A, Susana D\u00edaz, ha asegurado hoy que su Gobierno va a \"mimar y cuidar\" a los ayuntamientos y ha dicho con rotundidad que su lucha contra la reforma local acabar\u00e1 cuando sea retirada o el Tribunal Constitucional d\u00e9 la raz\u00f3n","canonical_url":"https:\/\/www.eldigitaldeasturias.com\/noticias\/diaz-asegura-que-mimara-a-los-ayuntamientos-y-luchara-hasta-que-retiren-la-reforma\/","robots":"max-image-preview:large","keywords":"actualidad","webmasterTools":{"google-site-verification":"UA-38556648-1","msvalidate.01":"7dfe9f3f1b24437ab69f4f2559babe99","miscellaneous":""},"schema":{"@context":"https:\/\/schema.org","@graph":[{"@type":"BlogPosting","@id":"https:\/\/www.eldigitaldeasturias.com\/noticias\/diaz-asegura-que-mimara-a-los-ayuntamientos-y-luchara-hasta-que-retiren-la-reforma\/#blogposting","name":"D\u00edaz asegura que \u00abmimar\u00e1\u00bb a los ayuntamientos y luchar\u00e1 hasta que retiren la reforma - El Digital de Asturias","headline":"D\u00edaz asegura que \u00abmimar\u00e1\u00bb a los ayuntamientos y luchar\u00e1 hasta que retiren la reforma","author":{"@id":"https:\/\/www.eldigitaldeasturias.com\/noticias\/author\/admin\/#author"},"publisher":{"@id":"https:\/\/www.eldigitaldeasturias.com\/noticias\/#organization"},"image":{"@type":"ImageObject","url":486879},"datePublished":"2014-02-08T20:55:21+01:00","dateModified":"2014-02-08T20:55:21+01:00","inLanguage":"es-ES","mainEntityOfPage":{"@id":"https:\/\/www.eldigitaldeasturias.com\/noticias\/diaz-asegura-que-mimara-a-los-ayuntamientos-y-luchara-hasta-que-retiren-la-reforma\/#webpage"},"isPartOf":{"@id":"https:\/\/www.eldigitaldeasturias.com\/noticias\/diaz-asegura-que-mimara-a-los-ayuntamientos-y-luchara-hasta-que-retiren-la-reforma\/#webpage"},"articleSection":"Actualidad"},{"@type":"BreadcrumbList","@id":"https:\/\/www.eldigitaldeasturias.com\/noticias\/diaz-asegura-que-mimara-a-los-ayuntamientos-y-luchara-hasta-que-retiren-la-reforma\/#breadcrumblist","itemListElement":[{"@type":"ListItem","@id":"https:\/\/www.eldigitaldeasturias.com\/noticias#listItem","position":1,"name":"Home","item":"https:\/\/www.eldigitaldeasturias.com\/noticias","nextItem":{"@type":"ListItem","@id":"https:\/\/www.eldigitaldeasturias.com\/noticias\/category\/actualidad\/#listItem","name":"Actualidad"}},{"@type":"ListItem","@id":"https:\/\/www.eldigitaldeasturias.com\/noticias\/category\/actualidad\/#listItem","position":2,"name":"Actualidad","item":"https:\/\/www.eldigitaldeasturias.com\/noticias\/category\/actualidad\/","nextItem":{"@type":"ListItem","@id":"https:\/\/www.eldigitaldeasturias.com\/noticias\/diaz-asegura-que-mimara-a-los-ayuntamientos-y-luchara-hasta-que-retiren-la-reforma\/#listItem","name":"D\u00edaz asegura que \u00abmimar\u00e1\u00bb a los ayuntamientos y luchar\u00e1 hasta que retiren la reforma"},"previousItem":{"@type":"ListItem","@id":"https:\/\/www.eldigitaldeasturias.com\/noticias#listItem","name":"Home"}},{"@type":"ListItem","@id":"https:\/\/www.eldigitaldeasturias.com\/noticias\/diaz-asegura-que-mimara-a-los-ayuntamientos-y-luchara-hasta-que-retiren-la-reforma\/#listItem","position":3,"name":"D\u00edaz asegura que \u00abmimar\u00e1\u00bb a los ayuntamientos y luchar\u00e1 hasta que retiren la reforma","previousItem":{"@type":"ListItem","@id":"https:\/\/www.eldigitaldeasturias.com\/noticias\/category\/actualidad\/#listItem","name":"Actualidad"}}]},{"@type":"Organization","@id":"https:\/\/www.eldigitaldeasturias.com\/noticias\/#organization","name":"El Digital de Asturias","description":"Hemeroteca","url":"https:\/\/www.eldigitaldeasturias.com\/noticias\/","email":"info@eldigitaldeasturias.com","telephone":"+34652131393","logo":{"@type":"ImageObject","url":"https:\/\/www.eldigitaldeasturias.com\/noticias\/wp-content\/uploads\/2020\/12\/EDA.jpg","@id":"https:\/\/www.eldigitaldeasturias.com\/noticias\/diaz-asegura-que-mimara-a-los-ayuntamientos-y-luchara-hasta-que-retiren-la-reforma\/#organizationLogo"},"image":{"@id":"https:\/\/www.eldigitaldeasturias.com\/noticias\/diaz-asegura-que-mimara-a-los-ayuntamientos-y-luchara-hasta-que-retiren-la-reforma\/#organizationLogo"},"sameAs":["https:\/\/facebook.com\/eldigitaldeasturias","https:\/\/www.youtube.com\/channel\/UCZP-2wLEB9Rv6erhFmqVnvg"],"address":{"@id":"https:\/\/www.eldigitaldeasturias.com\/noticias\/#postaladdress","@type":"PostalAddress","streetAddress":"san antonio 4","postalCode":"33430","addressLocality":"Cand\u00e1s","addressRegion":"Asturias","addressCountry":"ES"}},{"@type":"Person","@id":"https:\/\/www.eldigitaldeasturias.com\/noticias\/author\/admin\/#author","url":"https:\/\/www.eldigitaldeasturias.com\/noticias\/author\/admin\/","name":"El Digital de Asturias","image":{"@type":"ImageObject","@id":"https:\/\/www.eldigitaldeasturias.com\/noticias\/diaz-asegura-que-mimara-a-los-ayuntamientos-y-luchara-hasta-que-retiren-la-reforma\/#authorImage","url":"https:\/\/secure.gravatar.com\/avatar\/df2aeffc32bcd13f8d26072ef8a91b623d677766deac7f97ca815868cd41bf5e?s=96&d=mm&r=g","width":96,"height":96,"caption":"El Digital de Asturias"}},{"@type":"WebPage","@id":"https:\/\/www.eldigitaldeasturias.com\/noticias\/diaz-asegura-que-mimara-a-los-ayuntamientos-y-luchara-hasta-que-retiren-la-reforma\/#webpage","url":"https:\/\/www.eldigitaldeasturias.com\/noticias\/diaz-asegura-que-mimara-a-los-ayuntamientos-y-luchara-hasta-que-retiren-la-reforma\/","name":"D\u00edaz asegura que \u00abmimar\u00e1\u00bb a los ayuntamientos y luchar\u00e1 hasta que retiren la reforma - El Digital de Asturias","description":"Sevilla, 8 feb (EFE).- La presidenta de la Junta de Andaluc\u00eda y secretaria general del PSOE-A, Susana D\u00edaz, ha asegurado hoy que su Gobierno va a \"mimar y cuidar\" a los ayuntamientos y ha dicho con rotundidad que su lucha contra la reforma local acabar\u00e1 cuando sea retirada o el Tribunal Constitucional d\u00e9 la raz\u00f3n","inLanguage":"es-ES","isPartOf":{"@id":"https:\/\/www.eldigitaldeasturias.com\/noticias\/#website"},"breadcrumb":{"@id":"https:\/\/www.eldigitaldeasturias.com\/noticias\/diaz-asegura-que-mimara-a-los-ayuntamientos-y-luchara-hasta-que-retiren-la-reforma\/#breadcrumblist"},"author":{"@id":"https:\/\/www.eldigitaldeasturias.com\/noticias\/author\/admin\/#author"},"creator":{"@id":"https:\/\/www.eldigitaldeasturias.com\/noticias\/author\/admin\/#author"},"image":{"@type":"ImageObject","url":486879,"@id":"https:\/\/www.eldigitaldeasturias.com\/noticias\/diaz-asegura-que-mimara-a-los-ayuntamientos-y-luchara-hasta-que-retiren-la-reforma\/#mainImage"},"primaryImageOfPage":{"@id":"https:\/\/www.eldigitaldeasturias.com\/noticias\/diaz-asegura-que-mimara-a-los-ayuntamientos-y-luchara-hasta-que-retiren-la-reforma\/#mainImage"},"datePublished":"2014-02-08T20:55:21+01:00","dateModified":"2014-02-08T20:55:21+01:00"},{"@type":"WebSite","@id":"https:\/\/www.eldigitaldeasturias.com\/noticias\/#website","url":"https:\/\/www.eldigitaldeasturias.com\/noticias\/","name":"El Digital de Asturias - Diario de actualidad y noticias","alternateName":"El Digital de Asturias - Diario de actualidad y noticias","description":"Hemeroteca","inLanguage":"es-ES","publisher":{"@id":"https:\/\/www.eldigitaldeasturias.com\/noticias\/#organization"}}]},"og:locale":"es_ES","og:site_name":"El Digital de Asturias","og:type":"article","og:title":"D\u00edaz asegura que \u00abmimar\u00e1\u00bb a los ayuntamientos y luchar\u00e1 hasta que retiren la reforma - El Digital de Asturias","og:description":"Sevilla, 8 feb (EFE).- La presidenta de la Junta de Andaluc\u00eda y secretaria general del PSOE-A, Susana D\u00edaz, ha asegurado hoy que su Gobierno va a &quot;mimar y cuidar&quot; a los ayuntamientos y ha dicho con rotundidad que su lucha contra la reforma local acabar\u00e1 cuando sea retirada o el Tribunal Constitucional d\u00e9 la raz\u00f3n","og:url":"https:\/\/www.eldigitaldeasturias.com\/noticias\/diaz-asegura-que-mimara-a-los-ayuntamientos-y-luchara-hasta-que-retiren-la-reforma\/","article:tag":["actualidad"],"article:published_time":"2014-02-08T21:55:21+00:00","article:modified_time":"2014-02-08T21:55:21+00:00","article:publisher":"https:\/\/facebook.com\/eldigitaldeasturias","twitter:card":"summary_large_image","twitter:title":"D\u00edaz asegura que \u00abmimar\u00e1\u00bb a los ayuntamientos y luchar\u00e1 hasta que retiren la reforma - El Digital de Asturias","twitter:description":"Sevilla, 8 feb (EFE).- La presidenta de la Junta de Andaluc\u00eda y secretaria general del PSOE-A, Susana D\u00edaz, ha asegurado hoy que su Gobierno va a &quot;mimar y cuidar&quot; a los ayuntamientos y ha dicho con rotundidad que su lucha contra la reforma local acabar\u00e1 cuando sea retirada o el Tribunal Constitucional d\u00e9 la raz\u00f3n","twitter:label1":"Escrito por","twitter:data1":"El Digital de Asturias","twitter:label2":"Tiempo de lectura estimado","twitter:data2":"2 minutos"},"aioseo_meta_data":{"post_id":"486878","title":null,"description":null,"keywords":null,"keyphrases":null,"primary_term":null,"canonical_url":null,"og_title":null,"og_description":null,"og_object_type":"default","og_image_type":"default","og_image_url":null,"og_image_width":null,"og_image_height":null,"og_image_custom_url":null,"og_image_custom_fields":null,"og_video":null,"og_custom_url":null,"og_article_section":null,"og_article_tags":null,"twitter_use_og":true,"twitter_card":"default","twitter_image_type":"default","twitter_image_url":null,"twitter_image_custom_url":null,"twitter_image_custom_fields":null,"twitter_title":null,"twitter_description":null,"schema":{"blockGraphs":[],"customGraphs":[],"default":{"data":{"Article":[],"Course":[],"Dataset":[],"FAQPage":[],"Movie":[],"Person":[],"Product":[],"ProductReview":[],"Car":[],"Recipe":[],"Service":[],"SoftwareApplication":[],"WebPage":[]},"graphName":"","isEnabled":true},"graphs":[],"defaultGraph":"","defaultPostTypeGraph":""},"schema_type":null,"schema_type_options":null,"pillar_content":false,"robots_default":true,"robots_noindex":false,"robots_noarchive":false,"robots_nosnippet":false,"robots_nofollow":false,"robots_noimageindex":false,"robots_noodp":false,"robots_notranslate":false,"robots_max_snippet":null,"robots_max_videopreview":null,"robots_max_imagepreview":"none","priority":null,"frequency":null,"local_seo":null,"seo_analyzer_scan_date":"2026-06-03 02:56:57","breadcrumb_settings":null,"limit_modified_date":false,"open_ai":null,"ai":null,"created":"2020-11-14 22:56:15","updated":"2026-06-03 02:56:57","focus_keyword":null,"additional_keywords":null,"truseo_locale":null},"aioseo_breadcrumb":"<div class=\"aioseo-breadcrumbs\"><span class=\"aioseo-breadcrumb\">\n\t<a href=\"https:\/\/www.eldigitaldeasturias.com\/noticias\" title=\"Home\">Home<\/a>\n<\/span><span class=\"aioseo-breadcrumb-separator\">\u2013<\/span><span class=\"aioseo-breadcrumb\">\n\t<a href=\"https:\/\/www.eldigitaldeasturias.com\/noticias\/category\/actualidad\/\" title=\"Actualidad\">Actualidad<\/a>\n<\/span><span class=\"aioseo-breadcrumb-separator\">\u2013<\/span><span class=\"aioseo-breadcrumb\">\n\t<a href=\"https:\/\/www.eldigitaldeasturias.com\/noticias\/diaz-asegura-que-mimara-a-los-ayuntamientos-y-luchara-hasta-que-retiren-la-reforma\/\" title=\"D\u00edaz asegura que \u00abmimar\u00e1\u00bb a los ayuntamientos y luchar\u00e1 hasta que retiren la reforma\">D\u00edaz asegura que \u00abmimar\u00e1\u00bb a los ayuntamientos y luchar\u00e1 hasta que retiren la reforma<\/a>\n<\/span><\/div>","aioseo_breadcrumb_json":[{"label":"Home","link":"https:\/\/www.eldigitaldeasturias.com\/noticias"},{"label":"Actualidad","link":"https:\/\/www.eldigitaldeasturias.com\/noticias\/category\/actualidad\/"},{"label":"D\u00edaz asegura que \u00abmimar\u00e1\u00bb a los ayuntamientos y luchar\u00e1 hasta que retiren la reforma","link":"https:\/\/www.eldigitaldeasturias.com\/noticias\/diaz-asegura-que-mimara-a-los-ayuntamientos-y-luchara-hasta-que-retiren-la-reforma\/"}],"_links":{"self":[{"href":"https:\/\/www.eldigitaldeasturias.com\/noticias\/wp-json\/wp\/v2\/posts\/486878","targetHints":{"allow":["GET"]}}],"collection":[{"href":"https:\/\/www.eldigitaldeasturias.com\/noticias\/wp-json\/wp\/v2\/posts"}],"about":[{"href":"https:\/\/www.eldigitaldeasturias.com\/noticias\/wp-json\/wp\/v2\/types\/post"}],"author":[{"embeddable":true,"href":"https:\/\/www.eldigitaldeasturias.com\/noticias\/wp-json\/wp\/v2\/users\/1"}],"replies":[{"embeddable":true,"href":"https:\/\/www.eldigitaldeasturias.com\/noticias\/wp-json\/wp\/v2\/comments?post=486878"}],"version-history":[{"count":0,"href":"https:\/\/www.eldigitaldeasturias.com\/noticias\/wp-json\/wp\/v2\/posts\/486878\/revisions"}],"wp:attachment":[{"href":"https:\/\/www.eldigitaldeasturias.com\/noticias\/wp-json\/wp\/v2\/media?parent=486878"}],"wp:term":[{"taxonomy":"category","embeddable":true,"href":"https:\/\/www.eldigitaldeasturias.com\/noticias\/wp-json\/wp\/v2\/categories?post=486878"},{"taxonomy":"post_tag","embeddable":true,"href":"https:\/\/www.eldigitaldeasturias.com\/noticias\/wp-json\/wp\/v2\/tags?post=486878"}],"curies":[{"name":"wp","href":"https:\/\/api.w.org\/{rel}","templated":true}]}}