{"id":486872,"date":"2014-02-08T20:52:08","date_gmt":"2014-02-08T21:52:08","guid":{"rendered":"http:\/\/www.eldigitaldeasturias.com\/noticias\/?p=486872"},"modified":"2014-02-08T20:52:08","modified_gmt":"2014-02-08T21:52:08","slug":"que-se-joda-la-ue-divide-a-eeuu-y-a-la-ue-en-ucrania","status":"publish","type":"post","link":"https:\/\/www.eldigitaldeasturias.com\/noticias\/que-se-joda-la-ue-divide-a-eeuu-y-a-la-ue-en-ucrania\/","title":{"rendered":"\u00abQue se joda la UE\u00bb divide a EEUU y a la UE en Ucrania"},"content":{"rendered":"<p><img loading=\"lazy\" decoding=\"async\" class=\"alignleft size-medium wp-image-486873\" alt=\"5923963w\" src=\"https:\/\/www.eldigitaldeasturias.com\/noticias\/wp-content\/uploads\/2014\/02\/5923963w-360x249.jpg\" width=\"360\" height=\"249\" \/>Kiev, 8 feb (EFE).- Un exabrupto de la secretaria de Estado adjunta de EEUU, Victoria Nuland, ha sido suficiente para caer en la cuenta de que Estados Unidos y la Uni\u00f3n Europea (UE) discrepan seriamente sobre el futuro de Ucrania.<\/p>\n<p>El ya famoso \u00abque se joda la UE\u00bb de Nuland ha puesto de manifiesto que la partida por el control de Ucrania no se reduce a dos jugadores: Rusia y Occidente.<\/p>\n<p>Desde el estallido de las protestas antigubernamentales en noviembre pasado, EEUU y la UE hab\u00edan coincidido en apoyar a la oposici\u00f3n al presidente ucraniano, V\u00edktor Yanuk\u00f3vich, al que consideran un aliado del Kremlin.<\/p>\n<p>El mensaje que Nuland y la jefa de la diplomacia europea, Catherine Ashton, trasladaron durante las \u00faltimas semanas a los l\u00edderes de la oposici\u00f3n y a los manifestantes en el Euromaid\u00e1n durante sus visitas a Kiev era casi id\u00e9ntico.<\/p>\n<p>No obstante, Bruselas y, en particular la canciller alemana, Angela Merkel, apostaron desde un principio por el l\u00edder de UDAR (Golpe), Vitali Klitschk\u00f3, el opositor con m\u00e1s gancho electoral, como demuestran las encuestas.<\/p>\n<p>Klitschk\u00f3, un boxeador que acaba de colgar los guantes como campe\u00f3n mundial de los pesos pesados, ha residido en Alemania durante los \u00faltimos a\u00f1os y tiene permiso de residencia en ese pa\u00eds.<\/p>\n<p>De hecho, las autoridades intentaron excluirlo de una futura carrera presidencial tras acusarle de tener domicilio fiscal en Alemania.<\/p>\n<p>En principio, EEUU no parec\u00eda oponerse a que Klitschk\u00f3 presidiera Ucrania, pero tras la filtraci\u00f3n de la conversaci\u00f3n de Nuland con el embajador de EEUU en Kiev, queda claro que el hombre de Washington es Arseni Yatseniuk, l\u00edder del principal partido opositor, Batkivschina.<\/p>\n<p>\u00abNo creo que Klitschk\u00f3 debe entrar en el Gobierno. No creo que sea necesario. No creo que sea una buena idea\u00bb, se\u00f1al\u00f3 Nuland, quien destac\u00f3 que Yatseniuk tiene m\u00e1s experiencia pol\u00edtica y mayores conocimientos de econom\u00eda.<\/p>\n<p>La UE no ha llegado a realizar una mediaci\u00f3n propiamente dicha en Ucrania, ya que Ashton \u00fanicamente ha ofrecido a Kiev ayuda para investigar de manera independiente el uso de la violencia y reformar la constituci\u00f3n presidencialista ucraniana.<\/p>\n<p>En cambio, EEUU parece haber perdido la paciencia ante la falta de avances, ya que Nuland abog\u00f3 por atraer a la ONU despu\u00e9s de que la crisis encallara debido las discrepancias sobre el retorno a la Constituci\u00f3n promulgada durante la Revoluci\u00f3n Naranja de 2004.<\/p>\n<p>Las palabras de Nuland han causado un gran malestar en el seno de la UE, como han demostrado Merkel y el presidente de los Veintiocho, Roman Van Rompuy, al tacharlas de \u00abtotalmente inaceptables\u00bb.<\/p>\n<p>\u00abSi alguien puede hacer un buen trabajo en ese sentido es la Uni\u00f3n Europea. Cuantos m\u00e1s mediadores, m\u00e1s complejo el problema\u00bb, asegur\u00f3 Rompuy.<\/p>\n<p>Merkel intent\u00f3 hoy tapar la herida abierta en las relaciones transatl\u00e1nticas al afirmar que Washington y Bruselas persiguen los \u00abmismos objetivos\u00bb en Ucrania.<\/p>\n<p>\u00abLa mediaci\u00f3n de la ONU no estar\u00eda fuera de lugar. La ONU no s\u00f3lo debe intervenir en los conflictos en pa\u00edses del tercer mundo. Necesitamos mediadores internacionales\u00bb, coment\u00f3 hoy a Efe Gueorgui Chizhov, jefe del Centro de Tecnolog\u00edas Pol\u00edticas de Ucrania.<\/p>\n<p>En su opini\u00f3n, si Yanuk\u00f3vich se siente fuerte debido a que cede la presi\u00f3n internacional, puede optar por reprimir las protestas, lo que desembocar\u00eda en un nuevo estallido de la violencia entre manifestantes y antidisturbios en Kiev.<\/p>\n<p>El experto reconoce que el conflicto en Ucrania se encuentra en un atolladero, ya que Yanuk\u00f3vich se niega a hacer nuevas concesiones a la oposici\u00f3n.<\/p>\n<p>Parad\u00f3jicamente, agrega, a Yanuk\u00f3vich le vendr\u00eda bien la reforma constitucional que propone la oposici\u00f3n, ya que, tiene casi imposible ganar unas elecciones presidenciales, \u00aba no ser que las falsifique a nivel nacional\u00bb.<\/p>\n<p>\u00abSi se reforma la Constituci\u00f3n, Yanuk\u00f3vich podr\u00eda seguir siendo el hombre fuerte del pa\u00eds al frente del Gobierno, ya que su partido s\u00ed puede ganar las elecciones parlamentarias\u00bb, precisa.<\/p>\n<p>En cuanto a la oposici\u00f3n, opina que sus tres l\u00edderes tienen delirios de grandeza y que lo mejor para ellos ser\u00eda apoyar a Klitschk\u00f3 como futuro presidente del pa\u00eds, ya que es el m\u00e1s carism\u00e1tico y no tiene un pasado del que rendir cuentas.<\/p>\n<p>Yanuk\u00f3vich reforzar\u00e1 sus posiciones siempre y cuando el presidente ruso, Vlad\u00edmir Putin, le conceda finalmente el cr\u00e9dito de 15.000 millones de d\u00f3lares, cuyo segundo tramo ha sido provisionalmente suspendido.<\/p>\n<p>\u00abSeguramente, ambos hablaron anoche en Sochi sobre el Gobierno. Yanuk\u00f3vich habr\u00e1 intentado convencer a Putin de que el Gobierno es el mismo, s\u00f3lo ha cambio el primer ministro, y que puede transferir el dinero. De lo contrario, Ucrania entrar\u00e1 en suspensi\u00f3n de pagos\u00bb, advierte Chizhov.<\/p>\n<p>Bor\u00eds Klimenko<\/p>\n<p>&nbsp;<\/p>\n","protected":false},"excerpt":{"rendered":"<p>Kiev, 8 feb (EFE).- Un exabrupto de la secretaria de Estado adjunta de EEUU, Victoria Nuland, ha sido suficiente para caer en la cuenta de que Estados Unidos y la Uni\u00f3n Europea (UE) discrepan seriamente sobre el futuro de Ucrania. El ya famoso \u00abque se joda la UE\u00bb de Nuland ha puesto de manifiesto que [&hellip;]<\/p>\n","protected":false},"author":1,"featured_media":486873,"comment_status":"open","ping_status":"open","sticky":false,"template":"","format":"standard","meta":{"footnotes":""},"categories":[1],"tags":[],"class_list":["post-486872","post","type-post","status-publish","format-standard","has-post-thumbnail","hentry","category-actualidad"],"aioseo_notices":[],"aioseo_head":"\n\t\t<!-- All in One SEO Pro 5.0.1 - aioseo.com -->\n\t<meta name=\"description\" content=\"Kiev, 8 feb (EFE).- Un exabrupto de la secretaria de Estado adjunta de EEUU, Victoria Nuland, ha sido suficiente para caer en la cuenta de que Estados Unidos y la Uni\u00f3n Europea (UE) discrepan seriamente sobre el futuro de Ucrania. El ya famoso &quot;que se joda la UE&quot; de Nuland ha puesto de manifiesto que\" \/>\n\t<meta name=\"robots\" content=\"max-image-preview:large\" \/>\n\t<meta name=\"author\" content=\"El Digital de Asturias\"\/>\n\t<meta name=\"google-site-verification\" content=\"UA-38556648-1\" \/>\n\t<meta name=\"msvalidate.01\" content=\"7dfe9f3f1b24437ab69f4f2559babe99\" \/>\n\t<meta name=\"keywords\" content=\"actualidad\" \/>\n\t<link rel=\"canonical\" href=\"https:\/\/www.eldigitaldeasturias.com\/noticias\/que-se-joda-la-ue-divide-a-eeuu-y-a-la-ue-en-ucrania\/\" \/>\n\t<meta name=\"generator\" content=\"All in One SEO Pro (AIOSEO) 5.0.1\" \/>\n\t\t<meta property=\"og:locale\" content=\"es_ES\" \/>\n\t\t<meta property=\"og:site_name\" content=\"El Digital de Asturias\" \/>\n\t\t<meta property=\"og:type\" content=\"article\" \/>\n\t\t<meta property=\"og:title\" content=\"\u00abQue se joda la UE\u00bb divide a EEUU y a la UE en Ucrania - El Digital de Asturias\" \/>\n\t\t<meta property=\"og:description\" content=\"Kiev, 8 feb (EFE).- Un exabrupto de la secretaria de Estado adjunta de EEUU, Victoria Nuland, ha sido suficiente para caer en la cuenta de que Estados Unidos y la Uni\u00f3n Europea (UE) discrepan seriamente sobre el futuro de Ucrania. El ya famoso &quot;que se joda la UE&quot; de Nuland ha puesto de manifiesto que\" \/>\n\t\t<meta property=\"og:url\" content=\"https:\/\/www.eldigitaldeasturias.com\/noticias\/que-se-joda-la-ue-divide-a-eeuu-y-a-la-ue-en-ucrania\/\" \/>\n\t\t<meta property=\"article:tag\" content=\"actualidad\" \/>\n\t\t<meta property=\"article:published_time\" content=\"2014-02-08T21:52:08+00:00\" \/>\n\t\t<meta property=\"article:modified_time\" content=\"2014-02-08T21:52:08+00:00\" \/>\n\t\t<meta property=\"article:publisher\" content=\"https:\/\/facebook.com\/eldigitaldeasturias\" \/>\n\t\t<meta name=\"twitter:card\" content=\"summary_large_image\" \/>\n\t\t<meta name=\"twitter:title\" content=\"\u00abQue se joda la UE\u00bb divide a EEUU y a la UE en Ucrania - El Digital de Asturias\" \/>\n\t\t<meta name=\"twitter:description\" content=\"Kiev, 8 feb (EFE).- Un exabrupto de la secretaria de Estado adjunta de EEUU, Victoria Nuland, ha sido suficiente para caer en la cuenta de que Estados Unidos y la Uni\u00f3n Europea (UE) discrepan seriamente sobre el futuro de Ucrania. El ya famoso &quot;que se joda la UE&quot; de Nuland ha puesto de manifiesto que\" \/>\n\t\t<meta name=\"twitter:label1\" content=\"Escrito por\" \/>\n\t\t<meta name=\"twitter:data1\" content=\"El Digital de Asturias\" \/>\n\t\t<meta name=\"twitter:label2\" content=\"Tiempo de lectura estimado\" \/>\n\t\t<meta name=\"twitter:data2\" content=\"4 minutos\" \/>\n\t\t<script type=\"application\/ld+json\" class=\"aioseo-schema\">\n\t\t\t{\"@context\":\"https:\\\/\\\/schema.org\",\"@graph\":[{\"@type\":\"BlogPosting\",\"@id\":\"https:\\\/\\\/www.eldigitaldeasturias.com\\\/noticias\\\/que-se-joda-la-ue-divide-a-eeuu-y-a-la-ue-en-ucrania\\\/#blogposting\",\"name\":\"\\u00abQue se joda la UE\\u00bb divide a EEUU y a la UE en Ucrania - El Digital de Asturias\",\"headline\":\"\\u00abQue se joda la UE\\u00bb divide a EEUU y a la UE en Ucrania\",\"author\":{\"@id\":\"https:\\\/\\\/www.eldigitaldeasturias.com\\\/noticias\\\/author\\\/admin\\\/#author\"},\"publisher\":{\"@id\":\"https:\\\/\\\/www.eldigitaldeasturias.com\\\/noticias\\\/#organization\"},\"image\":{\"@type\":\"ImageObject\",\"url\":486873},\"datePublished\":\"2014-02-08T20:52:08+01:00\",\"dateModified\":\"2014-02-08T20:52:08+01:00\",\"inLanguage\":\"es-ES\",\"mainEntityOfPage\":{\"@id\":\"https:\\\/\\\/www.eldigitaldeasturias.com\\\/noticias\\\/que-se-joda-la-ue-divide-a-eeuu-y-a-la-ue-en-ucrania\\\/#webpage\"},\"isPartOf\":{\"@id\":\"https:\\\/\\\/www.eldigitaldeasturias.com\\\/noticias\\\/que-se-joda-la-ue-divide-a-eeuu-y-a-la-ue-en-ucrania\\\/#webpage\"},\"articleSection\":\"Actualidad\"},{\"@type\":\"BreadcrumbList\",\"@id\":\"https:\\\/\\\/www.eldigitaldeasturias.com\\\/noticias\\\/que-se-joda-la-ue-divide-a-eeuu-y-a-la-ue-en-ucrania\\\/#breadcrumblist\",\"itemListElement\":[{\"@type\":\"ListItem\",\"@id\":\"https:\\\/\\\/www.eldigitaldeasturias.com\\\/noticias#listItem\",\"position\":1,\"name\":\"Home\",\"item\":\"https:\\\/\\\/www.eldigitaldeasturias.com\\\/noticias\",\"nextItem\":{\"@type\":\"ListItem\",\"@id\":\"https:\\\/\\\/www.eldigitaldeasturias.com\\\/noticias\\\/category\\\/actualidad\\\/#listItem\",\"name\":\"Actualidad\"}},{\"@type\":\"ListItem\",\"@id\":\"https:\\\/\\\/www.eldigitaldeasturias.com\\\/noticias\\\/category\\\/actualidad\\\/#listItem\",\"position\":2,\"name\":\"Actualidad\",\"item\":\"https:\\\/\\\/www.eldigitaldeasturias.com\\\/noticias\\\/category\\\/actualidad\\\/\",\"nextItem\":{\"@type\":\"ListItem\",\"@id\":\"https:\\\/\\\/www.eldigitaldeasturias.com\\\/noticias\\\/que-se-joda-la-ue-divide-a-eeuu-y-a-la-ue-en-ucrania\\\/#listItem\",\"name\":\"\\u00abQue se joda la UE\\u00bb divide a EEUU y a la UE en Ucrania\"},\"previousItem\":{\"@type\":\"ListItem\",\"@id\":\"https:\\\/\\\/www.eldigitaldeasturias.com\\\/noticias#listItem\",\"name\":\"Home\"}},{\"@type\":\"ListItem\",\"@id\":\"https:\\\/\\\/www.eldigitaldeasturias.com\\\/noticias\\\/que-se-joda-la-ue-divide-a-eeuu-y-a-la-ue-en-ucrania\\\/#listItem\",\"position\":3,\"name\":\"\\u00abQue se joda la UE\\u00bb divide a EEUU y a la UE en Ucrania\",\"previousItem\":{\"@type\":\"ListItem\",\"@id\":\"https:\\\/\\\/www.eldigitaldeasturias.com\\\/noticias\\\/category\\\/actualidad\\\/#listItem\",\"name\":\"Actualidad\"}}]},{\"@type\":\"Organization\",\"@id\":\"https:\\\/\\\/www.eldigitaldeasturias.com\\\/noticias\\\/#organization\",\"name\":\"El Digital de Asturias\",\"description\":\"Hemeroteca\",\"url\":\"https:\\\/\\\/www.eldigitaldeasturias.com\\\/noticias\\\/\",\"email\":\"info@eldigitaldeasturias.com\",\"telephone\":\"+34652131393\",\"logo\":{\"@type\":\"ImageObject\",\"url\":\"https:\\\/\\\/www.eldigitaldeasturias.com\\\/noticias\\\/wp-content\\\/uploads\\\/2020\\\/12\\\/EDA.jpg\",\"@id\":\"https:\\\/\\\/www.eldigitaldeasturias.com\\\/noticias\\\/que-se-joda-la-ue-divide-a-eeuu-y-a-la-ue-en-ucrania\\\/#organizationLogo\"},\"image\":{\"@id\":\"https:\\\/\\\/www.eldigitaldeasturias.com\\\/noticias\\\/que-se-joda-la-ue-divide-a-eeuu-y-a-la-ue-en-ucrania\\\/#organizationLogo\"},\"sameAs\":[\"https:\\\/\\\/facebook.com\\\/eldigitaldeasturias\",\"https:\\\/\\\/www.youtube.com\\\/channel\\\/UCZP-2wLEB9Rv6erhFmqVnvg\"],\"address\":{\"@id\":\"https:\\\/\\\/www.eldigitaldeasturias.com\\\/noticias\\\/#postaladdress\",\"@type\":\"PostalAddress\",\"streetAddress\":\"san antonio 4\",\"postalCode\":\"33430\",\"addressLocality\":\"Cand\\u00e1s\",\"addressRegion\":\"Asturias\",\"addressCountry\":\"ES\"}},{\"@type\":\"Person\",\"@id\":\"https:\\\/\\\/www.eldigitaldeasturias.com\\\/noticias\\\/author\\\/admin\\\/#author\",\"url\":\"https:\\\/\\\/www.eldigitaldeasturias.com\\\/noticias\\\/author\\\/admin\\\/\",\"name\":\"El Digital de Asturias\",\"image\":{\"@type\":\"ImageObject\",\"@id\":\"https:\\\/\\\/www.eldigitaldeasturias.com\\\/noticias\\\/que-se-joda-la-ue-divide-a-eeuu-y-a-la-ue-en-ucrania\\\/#authorImage\",\"url\":\"https:\\\/\\\/secure.gravatar.com\\\/avatar\\\/df2aeffc32bcd13f8d26072ef8a91b623d677766deac7f97ca815868cd41bf5e?s=96&d=mm&r=g\",\"width\":96,\"height\":96,\"caption\":\"El Digital de Asturias\"}},{\"@type\":\"WebPage\",\"@id\":\"https:\\\/\\\/www.eldigitaldeasturias.com\\\/noticias\\\/que-se-joda-la-ue-divide-a-eeuu-y-a-la-ue-en-ucrania\\\/#webpage\",\"url\":\"https:\\\/\\\/www.eldigitaldeasturias.com\\\/noticias\\\/que-se-joda-la-ue-divide-a-eeuu-y-a-la-ue-en-ucrania\\\/\",\"name\":\"\\u00abQue se joda la UE\\u00bb divide a EEUU y a la UE en Ucrania - El Digital de Asturias\",\"description\":\"Kiev, 8 feb (EFE).- Un exabrupto de la secretaria de Estado adjunta de EEUU, Victoria Nuland, ha sido suficiente para caer en la cuenta de que Estados Unidos y la Uni\\u00f3n Europea (UE) discrepan seriamente sobre el futuro de Ucrania. El ya famoso \\\"que se joda la UE\\\" de Nuland ha puesto de manifiesto que\",\"inLanguage\":\"es-ES\",\"isPartOf\":{\"@id\":\"https:\\\/\\\/www.eldigitaldeasturias.com\\\/noticias\\\/#website\"},\"breadcrumb\":{\"@id\":\"https:\\\/\\\/www.eldigitaldeasturias.com\\\/noticias\\\/que-se-joda-la-ue-divide-a-eeuu-y-a-la-ue-en-ucrania\\\/#breadcrumblist\"},\"author\":{\"@id\":\"https:\\\/\\\/www.eldigitaldeasturias.com\\\/noticias\\\/author\\\/admin\\\/#author\"},\"creator\":{\"@id\":\"https:\\\/\\\/www.eldigitaldeasturias.com\\\/noticias\\\/author\\\/admin\\\/#author\"},\"image\":{\"@type\":\"ImageObject\",\"url\":486873,\"@id\":\"https:\\\/\\\/www.eldigitaldeasturias.com\\\/noticias\\\/que-se-joda-la-ue-divide-a-eeuu-y-a-la-ue-en-ucrania\\\/#mainImage\"},\"primaryImageOfPage\":{\"@id\":\"https:\\\/\\\/www.eldigitaldeasturias.com\\\/noticias\\\/que-se-joda-la-ue-divide-a-eeuu-y-a-la-ue-en-ucrania\\\/#mainImage\"},\"datePublished\":\"2014-02-08T20:52:08+01:00\",\"dateModified\":\"2014-02-08T20:52:08+01:00\"},{\"@type\":\"WebSite\",\"@id\":\"https:\\\/\\\/www.eldigitaldeasturias.com\\\/noticias\\\/#website\",\"url\":\"https:\\\/\\\/www.eldigitaldeasturias.com\\\/noticias\\\/\",\"name\":\"El Digital de Asturias - Diario de actualidad y noticias\",\"alternateName\":\"El Digital de Asturias - Diario de actualidad y noticias\",\"description\":\"Hemeroteca\",\"inLanguage\":\"es-ES\",\"publisher\":{\"@id\":\"https:\\\/\\\/www.eldigitaldeasturias.com\\\/noticias\\\/#organization\"}}]}\n\t\t<\/script>\n\t\t<!-- All in One SEO Pro -->\r\n\t\t<title>\u00abQue se joda la UE\u00bb divide a EEUU y a la UE en Ucrania - El Digital de Asturias<\/title>\n\n","aioseo_head_json":{"title":"\u00abQue se joda la UE\u00bb divide a EEUU y a la UE en Ucrania - El Digital de Asturias","description":"Kiev, 8 feb (EFE).- Un exabrupto de la secretaria de Estado adjunta de EEUU, Victoria Nuland, ha sido suficiente para caer en la cuenta de que Estados Unidos y la Uni\u00f3n Europea (UE) discrepan seriamente sobre el futuro de Ucrania. El ya famoso \"que se joda la UE\" de Nuland ha puesto de manifiesto que","canonical_url":"https:\/\/www.eldigitaldeasturias.com\/noticias\/que-se-joda-la-ue-divide-a-eeuu-y-a-la-ue-en-ucrania\/","robots":"max-image-preview:large","keywords":"actualidad","webmasterTools":{"google-site-verification":"UA-38556648-1","msvalidate.01":"7dfe9f3f1b24437ab69f4f2559babe99","miscellaneous":""},"schema":{"@context":"https:\/\/schema.org","@graph":[{"@type":"BlogPosting","@id":"https:\/\/www.eldigitaldeasturias.com\/noticias\/que-se-joda-la-ue-divide-a-eeuu-y-a-la-ue-en-ucrania\/#blogposting","name":"\u00abQue se joda la UE\u00bb divide a EEUU y a la UE en Ucrania - El Digital de Asturias","headline":"\u00abQue se joda la UE\u00bb divide a EEUU y a la UE en Ucrania","author":{"@id":"https:\/\/www.eldigitaldeasturias.com\/noticias\/author\/admin\/#author"},"publisher":{"@id":"https:\/\/www.eldigitaldeasturias.com\/noticias\/#organization"},"image":{"@type":"ImageObject","url":486873},"datePublished":"2014-02-08T20:52:08+01:00","dateModified":"2014-02-08T20:52:08+01:00","inLanguage":"es-ES","mainEntityOfPage":{"@id":"https:\/\/www.eldigitaldeasturias.com\/noticias\/que-se-joda-la-ue-divide-a-eeuu-y-a-la-ue-en-ucrania\/#webpage"},"isPartOf":{"@id":"https:\/\/www.eldigitaldeasturias.com\/noticias\/que-se-joda-la-ue-divide-a-eeuu-y-a-la-ue-en-ucrania\/#webpage"},"articleSection":"Actualidad"},{"@type":"BreadcrumbList","@id":"https:\/\/www.eldigitaldeasturias.com\/noticias\/que-se-joda-la-ue-divide-a-eeuu-y-a-la-ue-en-ucrania\/#breadcrumblist","itemListElement":[{"@type":"ListItem","@id":"https:\/\/www.eldigitaldeasturias.com\/noticias#listItem","position":1,"name":"Home","item":"https:\/\/www.eldigitaldeasturias.com\/noticias","nextItem":{"@type":"ListItem","@id":"https:\/\/www.eldigitaldeasturias.com\/noticias\/category\/actualidad\/#listItem","name":"Actualidad"}},{"@type":"ListItem","@id":"https:\/\/www.eldigitaldeasturias.com\/noticias\/category\/actualidad\/#listItem","position":2,"name":"Actualidad","item":"https:\/\/www.eldigitaldeasturias.com\/noticias\/category\/actualidad\/","nextItem":{"@type":"ListItem","@id":"https:\/\/www.eldigitaldeasturias.com\/noticias\/que-se-joda-la-ue-divide-a-eeuu-y-a-la-ue-en-ucrania\/#listItem","name":"\u00abQue se joda la UE\u00bb divide a EEUU y a la UE en Ucrania"},"previousItem":{"@type":"ListItem","@id":"https:\/\/www.eldigitaldeasturias.com\/noticias#listItem","name":"Home"}},{"@type":"ListItem","@id":"https:\/\/www.eldigitaldeasturias.com\/noticias\/que-se-joda-la-ue-divide-a-eeuu-y-a-la-ue-en-ucrania\/#listItem","position":3,"name":"\u00abQue se joda la UE\u00bb divide a EEUU y a la UE en Ucrania","previousItem":{"@type":"ListItem","@id":"https:\/\/www.eldigitaldeasturias.com\/noticias\/category\/actualidad\/#listItem","name":"Actualidad"}}]},{"@type":"Organization","@id":"https:\/\/www.eldigitaldeasturias.com\/noticias\/#organization","name":"El Digital de Asturias","description":"Hemeroteca","url":"https:\/\/www.eldigitaldeasturias.com\/noticias\/","email":"info@eldigitaldeasturias.com","telephone":"+34652131393","logo":{"@type":"ImageObject","url":"https:\/\/www.eldigitaldeasturias.com\/noticias\/wp-content\/uploads\/2020\/12\/EDA.jpg","@id":"https:\/\/www.eldigitaldeasturias.com\/noticias\/que-se-joda-la-ue-divide-a-eeuu-y-a-la-ue-en-ucrania\/#organizationLogo"},"image":{"@id":"https:\/\/www.eldigitaldeasturias.com\/noticias\/que-se-joda-la-ue-divide-a-eeuu-y-a-la-ue-en-ucrania\/#organizationLogo"},"sameAs":["https:\/\/facebook.com\/eldigitaldeasturias","https:\/\/www.youtube.com\/channel\/UCZP-2wLEB9Rv6erhFmqVnvg"],"address":{"@id":"https:\/\/www.eldigitaldeasturias.com\/noticias\/#postaladdress","@type":"PostalAddress","streetAddress":"san antonio 4","postalCode":"33430","addressLocality":"Cand\u00e1s","addressRegion":"Asturias","addressCountry":"ES"}},{"@type":"Person","@id":"https:\/\/www.eldigitaldeasturias.com\/noticias\/author\/admin\/#author","url":"https:\/\/www.eldigitaldeasturias.com\/noticias\/author\/admin\/","name":"El Digital de Asturias","image":{"@type":"ImageObject","@id":"https:\/\/www.eldigitaldeasturias.com\/noticias\/que-se-joda-la-ue-divide-a-eeuu-y-a-la-ue-en-ucrania\/#authorImage","url":"https:\/\/secure.gravatar.com\/avatar\/df2aeffc32bcd13f8d26072ef8a91b623d677766deac7f97ca815868cd41bf5e?s=96&d=mm&r=g","width":96,"height":96,"caption":"El Digital de Asturias"}},{"@type":"WebPage","@id":"https:\/\/www.eldigitaldeasturias.com\/noticias\/que-se-joda-la-ue-divide-a-eeuu-y-a-la-ue-en-ucrania\/#webpage","url":"https:\/\/www.eldigitaldeasturias.com\/noticias\/que-se-joda-la-ue-divide-a-eeuu-y-a-la-ue-en-ucrania\/","name":"\u00abQue se joda la UE\u00bb divide a EEUU y a la UE en Ucrania - El Digital de Asturias","description":"Kiev, 8 feb (EFE).- Un exabrupto de la secretaria de Estado adjunta de EEUU, Victoria Nuland, ha sido suficiente para caer en la cuenta de que Estados Unidos y la Uni\u00f3n Europea (UE) discrepan seriamente sobre el futuro de Ucrania. El ya famoso \"que se joda la UE\" de Nuland ha puesto de manifiesto que","inLanguage":"es-ES","isPartOf":{"@id":"https:\/\/www.eldigitaldeasturias.com\/noticias\/#website"},"breadcrumb":{"@id":"https:\/\/www.eldigitaldeasturias.com\/noticias\/que-se-joda-la-ue-divide-a-eeuu-y-a-la-ue-en-ucrania\/#breadcrumblist"},"author":{"@id":"https:\/\/www.eldigitaldeasturias.com\/noticias\/author\/admin\/#author"},"creator":{"@id":"https:\/\/www.eldigitaldeasturias.com\/noticias\/author\/admin\/#author"},"image":{"@type":"ImageObject","url":486873,"@id":"https:\/\/www.eldigitaldeasturias.com\/noticias\/que-se-joda-la-ue-divide-a-eeuu-y-a-la-ue-en-ucrania\/#mainImage"},"primaryImageOfPage":{"@id":"https:\/\/www.eldigitaldeasturias.com\/noticias\/que-se-joda-la-ue-divide-a-eeuu-y-a-la-ue-en-ucrania\/#mainImage"},"datePublished":"2014-02-08T20:52:08+01:00","dateModified":"2014-02-08T20:52:08+01:00"},{"@type":"WebSite","@id":"https:\/\/www.eldigitaldeasturias.com\/noticias\/#website","url":"https:\/\/www.eldigitaldeasturias.com\/noticias\/","name":"El Digital de Asturias - Diario de actualidad y noticias","alternateName":"El Digital de Asturias - Diario de actualidad y noticias","description":"Hemeroteca","inLanguage":"es-ES","publisher":{"@id":"https:\/\/www.eldigitaldeasturias.com\/noticias\/#organization"}}]},"og:locale":"es_ES","og:site_name":"El Digital de Asturias","og:type":"article","og:title":"\u00abQue se joda la UE\u00bb divide a EEUU y a la UE en Ucrania - El Digital de Asturias","og:description":"Kiev, 8 feb (EFE).- Un exabrupto de la secretaria de Estado adjunta de EEUU, Victoria Nuland, ha sido suficiente para caer en la cuenta de que Estados Unidos y la Uni\u00f3n Europea (UE) discrepan seriamente sobre el futuro de Ucrania. El ya famoso &quot;que se joda la UE&quot; de Nuland ha puesto de manifiesto que","og:url":"https:\/\/www.eldigitaldeasturias.com\/noticias\/que-se-joda-la-ue-divide-a-eeuu-y-a-la-ue-en-ucrania\/","article:tag":["actualidad"],"article:published_time":"2014-02-08T21:52:08+00:00","article:modified_time":"2014-02-08T21:52:08+00:00","article:publisher":"https:\/\/facebook.com\/eldigitaldeasturias","twitter:card":"summary_large_image","twitter:title":"\u00abQue se joda la UE\u00bb divide a EEUU y a la UE en Ucrania - El Digital de Asturias","twitter:description":"Kiev, 8 feb (EFE).- Un exabrupto de la secretaria de Estado adjunta de EEUU, Victoria Nuland, ha sido suficiente para caer en la cuenta de que Estados Unidos y la Uni\u00f3n Europea (UE) discrepan seriamente sobre el futuro de Ucrania. El ya famoso &quot;que se joda la UE&quot; de Nuland ha puesto de manifiesto que","twitter:label1":"Escrito por","twitter:data1":"El Digital de Asturias","twitter:label2":"Tiempo de lectura estimado","twitter:data2":"4 minutos"},"aioseo_meta_data":{"post_id":"486872","title":null,"description":null,"keywords":null,"keyphrases":null,"primary_term":null,"canonical_url":null,"og_title":null,"og_description":null,"og_object_type":"default","og_image_type":"default","og_image_url":null,"og_image_width":null,"og_image_height":null,"og_image_custom_url":null,"og_image_custom_fields":null,"og_video":null,"og_custom_url":null,"og_article_section":null,"og_article_tags":null,"twitter_use_og":true,"twitter_card":"default","twitter_image_type":"default","twitter_image_url":null,"twitter_image_custom_url":null,"twitter_image_custom_fields":null,"twitter_title":null,"twitter_description":null,"schema":{"blockGraphs":[],"customGraphs":[],"default":{"data":{"Article":[],"Course":[],"Dataset":[],"FAQPage":[],"Movie":[],"Person":[],"Product":[],"ProductReview":[],"Car":[],"Recipe":[],"Service":[],"SoftwareApplication":[],"WebPage":[]},"graphName":"","isEnabled":true},"graphs":[],"defaultGraph":"","defaultPostTypeGraph":""},"schema_type":null,"schema_type_options":null,"pillar_content":false,"robots_default":true,"robots_noindex":false,"robots_noarchive":false,"robots_nosnippet":false,"robots_nofollow":false,"robots_noimageindex":false,"robots_noodp":false,"robots_notranslate":false,"robots_max_snippet":null,"robots_max_videopreview":null,"robots_max_imagepreview":"none","priority":null,"frequency":null,"local_seo":null,"seo_analyzer_scan_date":"2026-06-03 02:56:56","breadcrumb_settings":null,"limit_modified_date":false,"open_ai":null,"ai":null,"created":"2020-11-14 22:56:15","updated":"2026-06-03 02:56:56","focus_keyword":null,"additional_keywords":null,"truseo_locale":null},"aioseo_breadcrumb":"<div class=\"aioseo-breadcrumbs\"><span class=\"aioseo-breadcrumb\">\n\t<a href=\"https:\/\/www.eldigitaldeasturias.com\/noticias\" title=\"Home\">Home<\/a>\n<\/span><span class=\"aioseo-breadcrumb-separator\">\u2013<\/span><span class=\"aioseo-breadcrumb\">\n\t<a href=\"https:\/\/www.eldigitaldeasturias.com\/noticias\/category\/actualidad\/\" title=\"Actualidad\">Actualidad<\/a>\n<\/span><span class=\"aioseo-breadcrumb-separator\">\u2013<\/span><span class=\"aioseo-breadcrumb\">\n\t<a href=\"https:\/\/www.eldigitaldeasturias.com\/noticias\/que-se-joda-la-ue-divide-a-eeuu-y-a-la-ue-en-ucrania\/\" title=\"\u00abQue se joda la UE\u00bb divide a EEUU y a la UE en Ucrania\">\u00abQue se joda la UE\u00bb divide a EEUU y a la UE en Ucrania<\/a>\n<\/span><\/div>","aioseo_breadcrumb_json":[{"label":"Home","link":"https:\/\/www.eldigitaldeasturias.com\/noticias"},{"label":"Actualidad","link":"https:\/\/www.eldigitaldeasturias.com\/noticias\/category\/actualidad\/"},{"label":"\u00abQue se joda la UE\u00bb divide a EEUU y a la UE en Ucrania","link":"https:\/\/www.eldigitaldeasturias.com\/noticias\/que-se-joda-la-ue-divide-a-eeuu-y-a-la-ue-en-ucrania\/"}],"_links":{"self":[{"href":"https:\/\/www.eldigitaldeasturias.com\/noticias\/wp-json\/wp\/v2\/posts\/486872","targetHints":{"allow":["GET"]}}],"collection":[{"href":"https:\/\/www.eldigitaldeasturias.com\/noticias\/wp-json\/wp\/v2\/posts"}],"about":[{"href":"https:\/\/www.eldigitaldeasturias.com\/noticias\/wp-json\/wp\/v2\/types\/post"}],"author":[{"embeddable":true,"href":"https:\/\/www.eldigitaldeasturias.com\/noticias\/wp-json\/wp\/v2\/users\/1"}],"replies":[{"embeddable":true,"href":"https:\/\/www.eldigitaldeasturias.com\/noticias\/wp-json\/wp\/v2\/comments?post=486872"}],"version-history":[{"count":0,"href":"https:\/\/www.eldigitaldeasturias.com\/noticias\/wp-json\/wp\/v2\/posts\/486872\/revisions"}],"wp:attachment":[{"href":"https:\/\/www.eldigitaldeasturias.com\/noticias\/wp-json\/wp\/v2\/media?parent=486872"}],"wp:term":[{"taxonomy":"category","embeddable":true,"href":"https:\/\/www.eldigitaldeasturias.com\/noticias\/wp-json\/wp\/v2\/categories?post=486872"},{"taxonomy":"post_tag","embeddable":true,"href":"https:\/\/www.eldigitaldeasturias.com\/noticias\/wp-json\/wp\/v2\/tags?post=486872"}],"curies":[{"name":"wp","href":"https:\/\/api.w.org\/{rel}","templated":true}]}}