{"id":486842,"date":"2014-02-08T20:34:57","date_gmt":"2014-02-08T21:34:57","guid":{"rendered":"http:\/\/www.eldigitaldeasturias.com\/noticias\/?p=486842"},"modified":"2014-02-08T20:34:57","modified_gmt":"2014-02-08T21:34:57","slug":"casi-3-000-civiles-muertos-en-afganistan-en-2013-un-7-por-ciento-mas-que-el-ano-anterior","status":"publish","type":"post","link":"https:\/\/www.eldigitaldeasturias.com\/noticias\/casi-3-000-civiles-muertos-en-afganistan-en-2013-un-7-por-ciento-mas-que-el-ano-anterior\/","title":{"rendered":"Casi 3.000 civiles muertos en Afganist\u00e1n en 2013, un 7 por ciento m\u00e1s que el a\u00f1o anterior"},"content":{"rendered":"<p><img loading=\"lazy\" decoding=\"async\" class=\"alignleft size-medium wp-image-486843\" alt=\"5923849w\" src=\"https:\/\/www.eldigitaldeasturias.com\/noticias\/wp-content\/uploads\/2014\/02\/5923849w-360x239.jpg\" width=\"360\" height=\"239\" \/>Kabul, 8 feb (EFE).- La guerra de Afganist\u00e1n se recrudeci\u00f3 para los civiles en el a\u00f1o 2013, cuando caus\u00f3 la muerte a 2.959 y heridas a 5.656, un incremento respectivamente del 7 % y del 17 % en comparaci\u00f3n con el a\u00f1o anterior, anunci\u00f3 hoy en un informe la ONU.<\/p>\n<p>El total de v\u00edctimas civiles por el conflicto armado, 8.615, supuso un incremento del 14 % respecto a 2012, cuando hubo una disminuci\u00f3n, seg\u00fan el informe anual sobre la protecci\u00f3n de civiles elaborado por la Misi\u00f3n de Naciones Unidas en Afganist\u00e1n (UNAMA).<\/p>\n<p>\u00abLa escalada en el n\u00famero de civiles muertos y heridos en 2013 revierte el descenso registrado en 2012 y es congruente con el n\u00famero r\u00e9cord de civiles muertos y heridos documentados en 2011\u00bb, de acuerdo con el informe.<\/p>\n<p>En el mort\u00edfero a\u00f1o de 2011 se registraron 7.837 v\u00edctimas civiles -3.131 fallecidos y 4.706 heridos-, un n\u00famero menor de ciudadanos afganos afectados por la guerra que el total r\u00e9cord registrado en el a\u00f1o que acaba de finalizar.<\/p>\n<p>\u00abEl conflicto armado ha supuesto un coste brutal para los civiles afganos en 2013\u00bb, sentenci\u00f3 el representante de las Naciones Unidas en Afganist\u00e1n, Jan Kubis.<\/p>\n<p>Seg\u00fan el informe de la UNAMA, 2013 fue el peor a\u00f1o para las mujeres y los ni\u00f1os desde 2009.<\/p>\n<p>En 2013 se registraron un total de 235 mujeres muertas y 511 heridas, un 36 % m\u00e1s que en 2012, mientras que el n\u00famero de ni\u00f1os fallecidos fue de 561 y 1.195 padecieron heridas, un aumento del 34 % respecto al a\u00f1o anterior.<\/p>\n<p>La ONU relacion\u00f3 el 74 % de las v\u00edctimas civiles a la actividad insurgente en el pa\u00eds, el 8 % a los militares afganos, el 3 % a la misi\u00f3n de la OTAN en Afganist\u00e1n (ISAF) y el 10 % por batallas entre los talibanes y las fuerzas progubernamentales.<\/p>\n<p>El restante 5 % no se atribuy\u00f3 a ninguna organizaci\u00f3n y se debi\u00f3 principalmente a explosivos abandonados.<\/p>\n<p>Los artefactos explosivos improvisados (IED, en sus siglas en ingl\u00e9s) colocados por los insurgentes fueron la principal causa de las v\u00edctimas civiles, un 34 % -962 muertos y 1.928 heridos-, y supusieron un 14 % m\u00e1s que en 2012.<\/p>\n<p>\u00abEs una terrible realidad que la mayor\u00eda de mujeres y ni\u00f1os fueron asesinados y heridos en su vida diaria -de camino a la escuela, trabando en el campo o de viaje a un evento social\u00bb, dijo Georgette Gagnon, directora de derechos humanos de la UNAMA.<\/p>\n<p>De acuerdo con la UNAMA, los crecientes enfrentamientos entre las fuerzas estatales y los insurgentes causa cada vez un mayor n\u00famero de fallecidos, lo que supone una nueva tendencia.<\/p>\n<p>La ISAF celebr\u00f3 en un comunicado el informe pues, seg\u00fan ellos, \u00abdemuestra el poco respeto que tienen los talibanes hacia la vida humana, lo contrario a los esfuerzos de la comunidad internacional y el Gobierno afgano por mejorar el futuro de Afganist\u00e1n\u00bb.<\/p>\n<p>El informe de la UNAMA revel\u00f3 que la ISAF caus\u00f3 la muerte a 147 civiles y heridas a 114 y en la mayor\u00eda de los casos las bajas fueron provocadas por ataques a\u00e9reos, que causaron 64 heridos y 118 muertes.<\/p>\n<p>Los ataques a\u00e9reos de las fuerzas de la OTAN son especialmente controvertidos y el Gobierno afgano prohibi\u00f3 su uso en \u00e1reas cercanas a zonas habitadas.<\/p>\n<p>Las tropas de combate de la OTAN est\u00e1n en pleno proceso de retirada de Afganist\u00e1n y transfirieren gradualmente la competencia de la seguridad a la Polic\u00eda y Ej\u00e9rcito del pa\u00eds asi\u00e1tico.<\/p>\n<p>Este repliegue concluir\u00e1 el pr\u00f3ximo diciembre, si se cumplen los plazos previstos, pero la comunidad internacional baraja mantener cierta presencia militar en suelo afgano m\u00e1s all\u00e1 de esa fecha.<\/p>\n","protected":false},"excerpt":{"rendered":"<p>Kabul, 8 feb (EFE).- La guerra de Afganist\u00e1n se recrudeci\u00f3 para los civiles en el a\u00f1o 2013, cuando caus\u00f3 la muerte a 2.959 y heridas a 5.656, un incremento respectivamente del 7 % y del 17 % en comparaci\u00f3n con el a\u00f1o anterior, anunci\u00f3 hoy en un informe la ONU. El total de v\u00edctimas civiles [&hellip;]<\/p>\n","protected":false},"author":1,"featured_media":486843,"comment_status":"open","ping_status":"open","sticky":false,"template":"","format":"standard","meta":{"footnotes":""},"categories":[1],"tags":[],"class_list":["post-486842","post","type-post","status-publish","format-standard","has-post-thumbnail","hentry","category-actualidad"],"aioseo_notices":[],"aioseo_head":"\n\t\t<!-- All in One SEO Pro 5.0.1 - aioseo.com -->\n\t<meta name=\"description\" content=\"Kabul, 8 feb (EFE).- La guerra de Afganist\u00e1n se recrudeci\u00f3 para los civiles en el a\u00f1o 2013, cuando caus\u00f3 la muerte a 2.959 y heridas a 5.656, un incremento respectivamente del 7 % y del 17 % en comparaci\u00f3n con el a\u00f1o anterior, anunci\u00f3 hoy en un informe la ONU. El total de v\u00edctimas civiles\" \/>\n\t<meta name=\"robots\" content=\"max-image-preview:large\" \/>\n\t<meta name=\"author\" content=\"El Digital de Asturias\"\/>\n\t<meta name=\"google-site-verification\" content=\"UA-38556648-1\" \/>\n\t<meta name=\"msvalidate.01\" content=\"7dfe9f3f1b24437ab69f4f2559babe99\" \/>\n\t<meta name=\"keywords\" content=\"actualidad\" \/>\n\t<link rel=\"canonical\" href=\"https:\/\/www.eldigitaldeasturias.com\/noticias\/casi-3-000-civiles-muertos-en-afganistan-en-2013-un-7-por-ciento-mas-que-el-ano-anterior\/\" \/>\n\t<meta name=\"generator\" content=\"All in One SEO Pro (AIOSEO) 5.0.1\" \/>\n\t\t<meta property=\"og:locale\" content=\"es_ES\" \/>\n\t\t<meta property=\"og:site_name\" content=\"El Digital de Asturias\" \/>\n\t\t<meta property=\"og:type\" content=\"article\" \/>\n\t\t<meta property=\"og:title\" content=\"Casi 3.000 civiles muertos en Afganist\u00e1n en 2013, un 7 por ciento m\u00e1s que el a\u00f1o anterior - El Digital de Asturias\" \/>\n\t\t<meta property=\"og:description\" content=\"Kabul, 8 feb (EFE).- La guerra de Afganist\u00e1n se recrudeci\u00f3 para los civiles en el a\u00f1o 2013, cuando caus\u00f3 la muerte a 2.959 y heridas a 5.656, un incremento respectivamente del 7 % y del 17 % en comparaci\u00f3n con el a\u00f1o anterior, anunci\u00f3 hoy en un informe la ONU. El total de v\u00edctimas civiles\" \/>\n\t\t<meta property=\"og:url\" content=\"https:\/\/www.eldigitaldeasturias.com\/noticias\/casi-3-000-civiles-muertos-en-afganistan-en-2013-un-7-por-ciento-mas-que-el-ano-anterior\/\" \/>\n\t\t<meta property=\"article:tag\" content=\"actualidad\" \/>\n\t\t<meta property=\"article:published_time\" content=\"2014-02-08T21:34:57+00:00\" \/>\n\t\t<meta property=\"article:modified_time\" content=\"2014-02-08T21:34:57+00:00\" \/>\n\t\t<meta property=\"article:publisher\" content=\"https:\/\/facebook.com\/eldigitaldeasturias\" \/>\n\t\t<meta name=\"twitter:card\" content=\"summary_large_image\" \/>\n\t\t<meta name=\"twitter:title\" content=\"Casi 3.000 civiles muertos en Afganist\u00e1n en 2013, un 7 por ciento m\u00e1s que el a\u00f1o anterior - El Digital de Asturias\" \/>\n\t\t<meta name=\"twitter:description\" content=\"Kabul, 8 feb (EFE).- La guerra de Afganist\u00e1n se recrudeci\u00f3 para los civiles en el a\u00f1o 2013, cuando caus\u00f3 la muerte a 2.959 y heridas a 5.656, un incremento respectivamente del 7 % y del 17 % en comparaci\u00f3n con el a\u00f1o anterior, anunci\u00f3 hoy en un informe la ONU. El total de v\u00edctimas civiles\" \/>\n\t\t<meta name=\"twitter:label1\" content=\"Escrito por\" \/>\n\t\t<meta name=\"twitter:data1\" content=\"El Digital de Asturias\" \/>\n\t\t<meta name=\"twitter:label2\" content=\"Tiempo de lectura estimado\" \/>\n\t\t<meta name=\"twitter:data2\" content=\"3 minutos\" \/>\n\t\t<script type=\"application\/ld+json\" class=\"aioseo-schema\">\n\t\t\t{\"@context\":\"https:\\\/\\\/schema.org\",\"@graph\":[{\"@type\":\"BlogPosting\",\"@id\":\"https:\\\/\\\/www.eldigitaldeasturias.com\\\/noticias\\\/casi-3-000-civiles-muertos-en-afganistan-en-2013-un-7-por-ciento-mas-que-el-ano-anterior\\\/#blogposting\",\"name\":\"Casi 3.000 civiles muertos en Afganist\\u00e1n en 2013, un 7 por ciento m\\u00e1s que el a\\u00f1o anterior - El Digital de Asturias\",\"headline\":\"Casi 3.000 civiles muertos en Afganist\\u00e1n en 2013, un 7 por ciento m\\u00e1s que el a\\u00f1o anterior\",\"author\":{\"@id\":\"https:\\\/\\\/www.eldigitaldeasturias.com\\\/noticias\\\/author\\\/admin\\\/#author\"},\"publisher\":{\"@id\":\"https:\\\/\\\/www.eldigitaldeasturias.com\\\/noticias\\\/#organization\"},\"image\":{\"@type\":\"ImageObject\",\"url\":486843},\"datePublished\":\"2014-02-08T20:34:57+01:00\",\"dateModified\":\"2014-02-08T20:34:57+01:00\",\"inLanguage\":\"es-ES\",\"mainEntityOfPage\":{\"@id\":\"https:\\\/\\\/www.eldigitaldeasturias.com\\\/noticias\\\/casi-3-000-civiles-muertos-en-afganistan-en-2013-un-7-por-ciento-mas-que-el-ano-anterior\\\/#webpage\"},\"isPartOf\":{\"@id\":\"https:\\\/\\\/www.eldigitaldeasturias.com\\\/noticias\\\/casi-3-000-civiles-muertos-en-afganistan-en-2013-un-7-por-ciento-mas-que-el-ano-anterior\\\/#webpage\"},\"articleSection\":\"Actualidad\"},{\"@type\":\"BreadcrumbList\",\"@id\":\"https:\\\/\\\/www.eldigitaldeasturias.com\\\/noticias\\\/casi-3-000-civiles-muertos-en-afganistan-en-2013-un-7-por-ciento-mas-que-el-ano-anterior\\\/#breadcrumblist\",\"itemListElement\":[{\"@type\":\"ListItem\",\"@id\":\"https:\\\/\\\/www.eldigitaldeasturias.com\\\/noticias#listItem\",\"position\":1,\"name\":\"Home\",\"item\":\"https:\\\/\\\/www.eldigitaldeasturias.com\\\/noticias\",\"nextItem\":{\"@type\":\"ListItem\",\"@id\":\"https:\\\/\\\/www.eldigitaldeasturias.com\\\/noticias\\\/category\\\/actualidad\\\/#listItem\",\"name\":\"Actualidad\"}},{\"@type\":\"ListItem\",\"@id\":\"https:\\\/\\\/www.eldigitaldeasturias.com\\\/noticias\\\/category\\\/actualidad\\\/#listItem\",\"position\":2,\"name\":\"Actualidad\",\"item\":\"https:\\\/\\\/www.eldigitaldeasturias.com\\\/noticias\\\/category\\\/actualidad\\\/\",\"nextItem\":{\"@type\":\"ListItem\",\"@id\":\"https:\\\/\\\/www.eldigitaldeasturias.com\\\/noticias\\\/casi-3-000-civiles-muertos-en-afganistan-en-2013-un-7-por-ciento-mas-que-el-ano-anterior\\\/#listItem\",\"name\":\"Casi 3.000 civiles muertos en Afganist\\u00e1n en 2013, un 7 por ciento m\\u00e1s que el a\\u00f1o anterior\"},\"previousItem\":{\"@type\":\"ListItem\",\"@id\":\"https:\\\/\\\/www.eldigitaldeasturias.com\\\/noticias#listItem\",\"name\":\"Home\"}},{\"@type\":\"ListItem\",\"@id\":\"https:\\\/\\\/www.eldigitaldeasturias.com\\\/noticias\\\/casi-3-000-civiles-muertos-en-afganistan-en-2013-un-7-por-ciento-mas-que-el-ano-anterior\\\/#listItem\",\"position\":3,\"name\":\"Casi 3.000 civiles muertos en Afganist\\u00e1n en 2013, un 7 por ciento m\\u00e1s que el a\\u00f1o anterior\",\"previousItem\":{\"@type\":\"ListItem\",\"@id\":\"https:\\\/\\\/www.eldigitaldeasturias.com\\\/noticias\\\/category\\\/actualidad\\\/#listItem\",\"name\":\"Actualidad\"}}]},{\"@type\":\"Organization\",\"@id\":\"https:\\\/\\\/www.eldigitaldeasturias.com\\\/noticias\\\/#organization\",\"name\":\"El Digital de Asturias\",\"description\":\"Hemeroteca\",\"url\":\"https:\\\/\\\/www.eldigitaldeasturias.com\\\/noticias\\\/\",\"email\":\"info@eldigitaldeasturias.com\",\"telephone\":\"+34652131393\",\"logo\":{\"@type\":\"ImageObject\",\"url\":\"https:\\\/\\\/www.eldigitaldeasturias.com\\\/noticias\\\/wp-content\\\/uploads\\\/2020\\\/12\\\/EDA.jpg\",\"@id\":\"https:\\\/\\\/www.eldigitaldeasturias.com\\\/noticias\\\/casi-3-000-civiles-muertos-en-afganistan-en-2013-un-7-por-ciento-mas-que-el-ano-anterior\\\/#organizationLogo\"},\"image\":{\"@id\":\"https:\\\/\\\/www.eldigitaldeasturias.com\\\/noticias\\\/casi-3-000-civiles-muertos-en-afganistan-en-2013-un-7-por-ciento-mas-que-el-ano-anterior\\\/#organizationLogo\"},\"sameAs\":[\"https:\\\/\\\/facebook.com\\\/eldigitaldeasturias\",\"https:\\\/\\\/www.youtube.com\\\/channel\\\/UCZP-2wLEB9Rv6erhFmqVnvg\"],\"address\":{\"@id\":\"https:\\\/\\\/www.eldigitaldeasturias.com\\\/noticias\\\/#postaladdress\",\"@type\":\"PostalAddress\",\"streetAddress\":\"san antonio 4\",\"postalCode\":\"33430\",\"addressLocality\":\"Cand\\u00e1s\",\"addressRegion\":\"Asturias\",\"addressCountry\":\"ES\"}},{\"@type\":\"Person\",\"@id\":\"https:\\\/\\\/www.eldigitaldeasturias.com\\\/noticias\\\/author\\\/admin\\\/#author\",\"url\":\"https:\\\/\\\/www.eldigitaldeasturias.com\\\/noticias\\\/author\\\/admin\\\/\",\"name\":\"El Digital de Asturias\",\"image\":{\"@type\":\"ImageObject\",\"@id\":\"https:\\\/\\\/www.eldigitaldeasturias.com\\\/noticias\\\/casi-3-000-civiles-muertos-en-afganistan-en-2013-un-7-por-ciento-mas-que-el-ano-anterior\\\/#authorImage\",\"url\":\"https:\\\/\\\/secure.gravatar.com\\\/avatar\\\/df2aeffc32bcd13f8d26072ef8a91b623d677766deac7f97ca815868cd41bf5e?s=96&d=mm&r=g\",\"width\":96,\"height\":96,\"caption\":\"El Digital de Asturias\"}},{\"@type\":\"WebPage\",\"@id\":\"https:\\\/\\\/www.eldigitaldeasturias.com\\\/noticias\\\/casi-3-000-civiles-muertos-en-afganistan-en-2013-un-7-por-ciento-mas-que-el-ano-anterior\\\/#webpage\",\"url\":\"https:\\\/\\\/www.eldigitaldeasturias.com\\\/noticias\\\/casi-3-000-civiles-muertos-en-afganistan-en-2013-un-7-por-ciento-mas-que-el-ano-anterior\\\/\",\"name\":\"Casi 3.000 civiles muertos en Afganist\\u00e1n en 2013, un 7 por ciento m\\u00e1s que el a\\u00f1o anterior - El Digital de Asturias\",\"description\":\"Kabul, 8 feb (EFE).- La guerra de Afganist\\u00e1n se recrudeci\\u00f3 para los civiles en el a\\u00f1o 2013, cuando caus\\u00f3 la muerte a 2.959 y heridas a 5.656, un incremento respectivamente del 7 % y del 17 % en comparaci\\u00f3n con el a\\u00f1o anterior, anunci\\u00f3 hoy en un informe la ONU. El total de v\\u00edctimas civiles\",\"inLanguage\":\"es-ES\",\"isPartOf\":{\"@id\":\"https:\\\/\\\/www.eldigitaldeasturias.com\\\/noticias\\\/#website\"},\"breadcrumb\":{\"@id\":\"https:\\\/\\\/www.eldigitaldeasturias.com\\\/noticias\\\/casi-3-000-civiles-muertos-en-afganistan-en-2013-un-7-por-ciento-mas-que-el-ano-anterior\\\/#breadcrumblist\"},\"author\":{\"@id\":\"https:\\\/\\\/www.eldigitaldeasturias.com\\\/noticias\\\/author\\\/admin\\\/#author\"},\"creator\":{\"@id\":\"https:\\\/\\\/www.eldigitaldeasturias.com\\\/noticias\\\/author\\\/admin\\\/#author\"},\"image\":{\"@type\":\"ImageObject\",\"url\":486843,\"@id\":\"https:\\\/\\\/www.eldigitaldeasturias.com\\\/noticias\\\/casi-3-000-civiles-muertos-en-afganistan-en-2013-un-7-por-ciento-mas-que-el-ano-anterior\\\/#mainImage\"},\"primaryImageOfPage\":{\"@id\":\"https:\\\/\\\/www.eldigitaldeasturias.com\\\/noticias\\\/casi-3-000-civiles-muertos-en-afganistan-en-2013-un-7-por-ciento-mas-que-el-ano-anterior\\\/#mainImage\"},\"datePublished\":\"2014-02-08T20:34:57+01:00\",\"dateModified\":\"2014-02-08T20:34:57+01:00\"},{\"@type\":\"WebSite\",\"@id\":\"https:\\\/\\\/www.eldigitaldeasturias.com\\\/noticias\\\/#website\",\"url\":\"https:\\\/\\\/www.eldigitaldeasturias.com\\\/noticias\\\/\",\"name\":\"El Digital de Asturias - Diario de actualidad y noticias\",\"alternateName\":\"El Digital de Asturias - Diario de actualidad y noticias\",\"description\":\"Hemeroteca\",\"inLanguage\":\"es-ES\",\"publisher\":{\"@id\":\"https:\\\/\\\/www.eldigitaldeasturias.com\\\/noticias\\\/#organization\"}}]}\n\t\t<\/script>\n\t\t<!-- All in One SEO Pro -->\r\n\t\t<title>Casi 3.000 civiles muertos en Afganist\u00e1n en 2013, un 7 por ciento m\u00e1s que el a\u00f1o anterior - El Digital de Asturias<\/title>\n\n","aioseo_head_json":{"title":"Casi 3.000 civiles muertos en Afganist\u00e1n en 2013, un 7 por ciento m\u00e1s que el a\u00f1o anterior - El Digital de Asturias","description":"Kabul, 8 feb (EFE).- La guerra de Afganist\u00e1n se recrudeci\u00f3 para los civiles en el a\u00f1o 2013, cuando caus\u00f3 la muerte a 2.959 y heridas a 5.656, un incremento respectivamente del 7 % y del 17 % en comparaci\u00f3n con el a\u00f1o anterior, anunci\u00f3 hoy en un informe la ONU. El total de v\u00edctimas civiles","canonical_url":"https:\/\/www.eldigitaldeasturias.com\/noticias\/casi-3-000-civiles-muertos-en-afganistan-en-2013-un-7-por-ciento-mas-que-el-ano-anterior\/","robots":"max-image-preview:large","keywords":"actualidad","webmasterTools":{"google-site-verification":"UA-38556648-1","msvalidate.01":"7dfe9f3f1b24437ab69f4f2559babe99","miscellaneous":""},"schema":{"@context":"https:\/\/schema.org","@graph":[{"@type":"BlogPosting","@id":"https:\/\/www.eldigitaldeasturias.com\/noticias\/casi-3-000-civiles-muertos-en-afganistan-en-2013-un-7-por-ciento-mas-que-el-ano-anterior\/#blogposting","name":"Casi 3.000 civiles muertos en Afganist\u00e1n en 2013, un 7 por ciento m\u00e1s que el a\u00f1o anterior - El Digital de Asturias","headline":"Casi 3.000 civiles muertos en Afganist\u00e1n en 2013, un 7 por ciento m\u00e1s que el a\u00f1o anterior","author":{"@id":"https:\/\/www.eldigitaldeasturias.com\/noticias\/author\/admin\/#author"},"publisher":{"@id":"https:\/\/www.eldigitaldeasturias.com\/noticias\/#organization"},"image":{"@type":"ImageObject","url":486843},"datePublished":"2014-02-08T20:34:57+01:00","dateModified":"2014-02-08T20:34:57+01:00","inLanguage":"es-ES","mainEntityOfPage":{"@id":"https:\/\/www.eldigitaldeasturias.com\/noticias\/casi-3-000-civiles-muertos-en-afganistan-en-2013-un-7-por-ciento-mas-que-el-ano-anterior\/#webpage"},"isPartOf":{"@id":"https:\/\/www.eldigitaldeasturias.com\/noticias\/casi-3-000-civiles-muertos-en-afganistan-en-2013-un-7-por-ciento-mas-que-el-ano-anterior\/#webpage"},"articleSection":"Actualidad"},{"@type":"BreadcrumbList","@id":"https:\/\/www.eldigitaldeasturias.com\/noticias\/casi-3-000-civiles-muertos-en-afganistan-en-2013-un-7-por-ciento-mas-que-el-ano-anterior\/#breadcrumblist","itemListElement":[{"@type":"ListItem","@id":"https:\/\/www.eldigitaldeasturias.com\/noticias#listItem","position":1,"name":"Home","item":"https:\/\/www.eldigitaldeasturias.com\/noticias","nextItem":{"@type":"ListItem","@id":"https:\/\/www.eldigitaldeasturias.com\/noticias\/category\/actualidad\/#listItem","name":"Actualidad"}},{"@type":"ListItem","@id":"https:\/\/www.eldigitaldeasturias.com\/noticias\/category\/actualidad\/#listItem","position":2,"name":"Actualidad","item":"https:\/\/www.eldigitaldeasturias.com\/noticias\/category\/actualidad\/","nextItem":{"@type":"ListItem","@id":"https:\/\/www.eldigitaldeasturias.com\/noticias\/casi-3-000-civiles-muertos-en-afganistan-en-2013-un-7-por-ciento-mas-que-el-ano-anterior\/#listItem","name":"Casi 3.000 civiles muertos en Afganist\u00e1n en 2013, un 7 por ciento m\u00e1s que el a\u00f1o anterior"},"previousItem":{"@type":"ListItem","@id":"https:\/\/www.eldigitaldeasturias.com\/noticias#listItem","name":"Home"}},{"@type":"ListItem","@id":"https:\/\/www.eldigitaldeasturias.com\/noticias\/casi-3-000-civiles-muertos-en-afganistan-en-2013-un-7-por-ciento-mas-que-el-ano-anterior\/#listItem","position":3,"name":"Casi 3.000 civiles muertos en Afganist\u00e1n en 2013, un 7 por ciento m\u00e1s que el a\u00f1o anterior","previousItem":{"@type":"ListItem","@id":"https:\/\/www.eldigitaldeasturias.com\/noticias\/category\/actualidad\/#listItem","name":"Actualidad"}}]},{"@type":"Organization","@id":"https:\/\/www.eldigitaldeasturias.com\/noticias\/#organization","name":"El Digital de Asturias","description":"Hemeroteca","url":"https:\/\/www.eldigitaldeasturias.com\/noticias\/","email":"info@eldigitaldeasturias.com","telephone":"+34652131393","logo":{"@type":"ImageObject","url":"https:\/\/www.eldigitaldeasturias.com\/noticias\/wp-content\/uploads\/2020\/12\/EDA.jpg","@id":"https:\/\/www.eldigitaldeasturias.com\/noticias\/casi-3-000-civiles-muertos-en-afganistan-en-2013-un-7-por-ciento-mas-que-el-ano-anterior\/#organizationLogo"},"image":{"@id":"https:\/\/www.eldigitaldeasturias.com\/noticias\/casi-3-000-civiles-muertos-en-afganistan-en-2013-un-7-por-ciento-mas-que-el-ano-anterior\/#organizationLogo"},"sameAs":["https:\/\/facebook.com\/eldigitaldeasturias","https:\/\/www.youtube.com\/channel\/UCZP-2wLEB9Rv6erhFmqVnvg"],"address":{"@id":"https:\/\/www.eldigitaldeasturias.com\/noticias\/#postaladdress","@type":"PostalAddress","streetAddress":"san antonio 4","postalCode":"33430","addressLocality":"Cand\u00e1s","addressRegion":"Asturias","addressCountry":"ES"}},{"@type":"Person","@id":"https:\/\/www.eldigitaldeasturias.com\/noticias\/author\/admin\/#author","url":"https:\/\/www.eldigitaldeasturias.com\/noticias\/author\/admin\/","name":"El Digital de Asturias","image":{"@type":"ImageObject","@id":"https:\/\/www.eldigitaldeasturias.com\/noticias\/casi-3-000-civiles-muertos-en-afganistan-en-2013-un-7-por-ciento-mas-que-el-ano-anterior\/#authorImage","url":"https:\/\/secure.gravatar.com\/avatar\/df2aeffc32bcd13f8d26072ef8a91b623d677766deac7f97ca815868cd41bf5e?s=96&d=mm&r=g","width":96,"height":96,"caption":"El Digital de Asturias"}},{"@type":"WebPage","@id":"https:\/\/www.eldigitaldeasturias.com\/noticias\/casi-3-000-civiles-muertos-en-afganistan-en-2013-un-7-por-ciento-mas-que-el-ano-anterior\/#webpage","url":"https:\/\/www.eldigitaldeasturias.com\/noticias\/casi-3-000-civiles-muertos-en-afganistan-en-2013-un-7-por-ciento-mas-que-el-ano-anterior\/","name":"Casi 3.000 civiles muertos en Afganist\u00e1n en 2013, un 7 por ciento m\u00e1s que el a\u00f1o anterior - El Digital de Asturias","description":"Kabul, 8 feb (EFE).- La guerra de Afganist\u00e1n se recrudeci\u00f3 para los civiles en el a\u00f1o 2013, cuando caus\u00f3 la muerte a 2.959 y heridas a 5.656, un incremento respectivamente del 7 % y del 17 % en comparaci\u00f3n con el a\u00f1o anterior, anunci\u00f3 hoy en un informe la ONU. El total de v\u00edctimas civiles","inLanguage":"es-ES","isPartOf":{"@id":"https:\/\/www.eldigitaldeasturias.com\/noticias\/#website"},"breadcrumb":{"@id":"https:\/\/www.eldigitaldeasturias.com\/noticias\/casi-3-000-civiles-muertos-en-afganistan-en-2013-un-7-por-ciento-mas-que-el-ano-anterior\/#breadcrumblist"},"author":{"@id":"https:\/\/www.eldigitaldeasturias.com\/noticias\/author\/admin\/#author"},"creator":{"@id":"https:\/\/www.eldigitaldeasturias.com\/noticias\/author\/admin\/#author"},"image":{"@type":"ImageObject","url":486843,"@id":"https:\/\/www.eldigitaldeasturias.com\/noticias\/casi-3-000-civiles-muertos-en-afganistan-en-2013-un-7-por-ciento-mas-que-el-ano-anterior\/#mainImage"},"primaryImageOfPage":{"@id":"https:\/\/www.eldigitaldeasturias.com\/noticias\/casi-3-000-civiles-muertos-en-afganistan-en-2013-un-7-por-ciento-mas-que-el-ano-anterior\/#mainImage"},"datePublished":"2014-02-08T20:34:57+01:00","dateModified":"2014-02-08T20:34:57+01:00"},{"@type":"WebSite","@id":"https:\/\/www.eldigitaldeasturias.com\/noticias\/#website","url":"https:\/\/www.eldigitaldeasturias.com\/noticias\/","name":"El Digital de Asturias - Diario de actualidad y noticias","alternateName":"El Digital de Asturias - Diario de actualidad y noticias","description":"Hemeroteca","inLanguage":"es-ES","publisher":{"@id":"https:\/\/www.eldigitaldeasturias.com\/noticias\/#organization"}}]},"og:locale":"es_ES","og:site_name":"El Digital de Asturias","og:type":"article","og:title":"Casi 3.000 civiles muertos en Afganist\u00e1n en 2013, un 7 por ciento m\u00e1s que el a\u00f1o anterior - El Digital de Asturias","og:description":"Kabul, 8 feb (EFE).- La guerra de Afganist\u00e1n se recrudeci\u00f3 para los civiles en el a\u00f1o 2013, cuando caus\u00f3 la muerte a 2.959 y heridas a 5.656, un incremento respectivamente del 7 % y del 17 % en comparaci\u00f3n con el a\u00f1o anterior, anunci\u00f3 hoy en un informe la ONU. El total de v\u00edctimas civiles","og:url":"https:\/\/www.eldigitaldeasturias.com\/noticias\/casi-3-000-civiles-muertos-en-afganistan-en-2013-un-7-por-ciento-mas-que-el-ano-anterior\/","article:tag":["actualidad"],"article:published_time":"2014-02-08T21:34:57+00:00","article:modified_time":"2014-02-08T21:34:57+00:00","article:publisher":"https:\/\/facebook.com\/eldigitaldeasturias","twitter:card":"summary_large_image","twitter:title":"Casi 3.000 civiles muertos en Afganist\u00e1n en 2013, un 7 por ciento m\u00e1s que el a\u00f1o anterior - El Digital de Asturias","twitter:description":"Kabul, 8 feb (EFE).- La guerra de Afganist\u00e1n se recrudeci\u00f3 para los civiles en el a\u00f1o 2013, cuando caus\u00f3 la muerte a 2.959 y heridas a 5.656, un incremento respectivamente del 7 % y del 17 % en comparaci\u00f3n con el a\u00f1o anterior, anunci\u00f3 hoy en un informe la ONU. El total de v\u00edctimas civiles","twitter:label1":"Escrito por","twitter:data1":"El Digital de Asturias","twitter:label2":"Tiempo de lectura estimado","twitter:data2":"3 minutos"},"aioseo_meta_data":{"post_id":"486842","title":null,"description":null,"keywords":null,"keyphrases":null,"primary_term":null,"canonical_url":null,"og_title":null,"og_description":null,"og_object_type":"default","og_image_type":"default","og_image_url":null,"og_image_width":null,"og_image_height":null,"og_image_custom_url":null,"og_image_custom_fields":null,"og_video":null,"og_custom_url":null,"og_article_section":null,"og_article_tags":null,"twitter_use_og":true,"twitter_card":"default","twitter_image_type":"default","twitter_image_url":null,"twitter_image_custom_url":null,"twitter_image_custom_fields":null,"twitter_title":null,"twitter_description":null,"schema":{"blockGraphs":[],"customGraphs":[],"default":{"data":{"Article":[],"Course":[],"Dataset":[],"FAQPage":[],"Movie":[],"Person":[],"Product":[],"ProductReview":[],"Car":[],"Recipe":[],"Service":[],"SoftwareApplication":[],"WebPage":[]},"graphName":"","isEnabled":true},"graphs":[],"defaultGraph":"","defaultPostTypeGraph":""},"schema_type":null,"schema_type_options":null,"pillar_content":false,"robots_default":true,"robots_noindex":false,"robots_noarchive":false,"robots_nosnippet":false,"robots_nofollow":false,"robots_noimageindex":false,"robots_noodp":false,"robots_notranslate":false,"robots_max_snippet":null,"robots_max_videopreview":null,"robots_max_imagepreview":"none","priority":null,"frequency":null,"local_seo":null,"seo_analyzer_scan_date":"2026-06-03 02:51:05","breadcrumb_settings":null,"limit_modified_date":false,"open_ai":null,"ai":null,"created":"2020-11-14 22:56:15","updated":"2026-06-03 02:51:05","focus_keyword":null,"additional_keywords":null,"truseo_locale":null},"aioseo_breadcrumb":"<div class=\"aioseo-breadcrumbs\"><span class=\"aioseo-breadcrumb\">\n\t<a href=\"https:\/\/www.eldigitaldeasturias.com\/noticias\" title=\"Home\">Home<\/a>\n<\/span><span class=\"aioseo-breadcrumb-separator\">\u2013<\/span><span class=\"aioseo-breadcrumb\">\n\t<a href=\"https:\/\/www.eldigitaldeasturias.com\/noticias\/category\/actualidad\/\" title=\"Actualidad\">Actualidad<\/a>\n<\/span><span class=\"aioseo-breadcrumb-separator\">\u2013<\/span><span class=\"aioseo-breadcrumb\">\n\t<a href=\"https:\/\/www.eldigitaldeasturias.com\/noticias\/casi-3-000-civiles-muertos-en-afganistan-en-2013-un-7-por-ciento-mas-que-el-ano-anterior\/\" title=\"Casi 3.000 civiles muertos en Afganist\u00e1n en 2013, un 7 por ciento m\u00e1s que el a\u00f1o anterior\">Casi 3.000 civiles muertos en Afganist\u00e1n en 2013, un 7 por ciento m\u00e1s que el a\u00f1o anterior<\/a>\n<\/span><\/div>","aioseo_breadcrumb_json":[{"label":"Home","link":"https:\/\/www.eldigitaldeasturias.com\/noticias"},{"label":"Actualidad","link":"https:\/\/www.eldigitaldeasturias.com\/noticias\/category\/actualidad\/"},{"label":"Casi 3.000 civiles muertos en Afganist\u00e1n en 2013, un 7 por ciento m\u00e1s que el a\u00f1o anterior","link":"https:\/\/www.eldigitaldeasturias.com\/noticias\/casi-3-000-civiles-muertos-en-afganistan-en-2013-un-7-por-ciento-mas-que-el-ano-anterior\/"}],"_links":{"self":[{"href":"https:\/\/www.eldigitaldeasturias.com\/noticias\/wp-json\/wp\/v2\/posts\/486842","targetHints":{"allow":["GET"]}}],"collection":[{"href":"https:\/\/www.eldigitaldeasturias.com\/noticias\/wp-json\/wp\/v2\/posts"}],"about":[{"href":"https:\/\/www.eldigitaldeasturias.com\/noticias\/wp-json\/wp\/v2\/types\/post"}],"author":[{"embeddable":true,"href":"https:\/\/www.eldigitaldeasturias.com\/noticias\/wp-json\/wp\/v2\/users\/1"}],"replies":[{"embeddable":true,"href":"https:\/\/www.eldigitaldeasturias.com\/noticias\/wp-json\/wp\/v2\/comments?post=486842"}],"version-history":[{"count":0,"href":"https:\/\/www.eldigitaldeasturias.com\/noticias\/wp-json\/wp\/v2\/posts\/486842\/revisions"}],"wp:attachment":[{"href":"https:\/\/www.eldigitaldeasturias.com\/noticias\/wp-json\/wp\/v2\/media?parent=486842"}],"wp:term":[{"taxonomy":"category","embeddable":true,"href":"https:\/\/www.eldigitaldeasturias.com\/noticias\/wp-json\/wp\/v2\/categories?post=486842"},{"taxonomy":"post_tag","embeddable":true,"href":"https:\/\/www.eldigitaldeasturias.com\/noticias\/wp-json\/wp\/v2\/tags?post=486842"}],"curies":[{"name":"wp","href":"https:\/\/api.w.org\/{rel}","templated":true}]}}