{"id":486836,"date":"2014-02-08T20:32:29","date_gmt":"2014-02-08T21:32:29","guid":{"rendered":"http:\/\/www.eldigitaldeasturias.com\/noticias\/?p=486836"},"modified":"2014-02-08T20:32:29","modified_gmt":"2014-02-08T21:32:29","slug":"duran-pide-en-jordania-reforzar-con-fondos-la-union-por-el-mediterraneo","status":"publish","type":"post","link":"https:\/\/www.eldigitaldeasturias.com\/noticias\/duran-pide-en-jordania-reforzar-con-fondos-la-union-por-el-mediterraneo\/","title":{"rendered":"Dur\u00e1n pide en Jordania reforzar con fondos la Uni\u00f3n por el Mediterr\u00e1neo"},"content":{"rendered":"<p><img loading=\"lazy\" decoding=\"async\" class=\"alignleft size-medium wp-image-486837\" alt=\"5923811w\" src=\"https:\/\/www.eldigitaldeasturias.com\/noticias\/wp-content\/uploads\/2014\/02\/5923811w-360x261.jpg\" width=\"360\" height=\"261\" \/>Amm\u00e1n, 8 feb (EFE).- La Uni\u00f3n por el Mediterr\u00e1neo (UpM) necesita un impulso con la aportaci\u00f3n financiera de cada uno de sus pa\u00edses miembros, se\u00f1al\u00f3 hoy en Jordania el dirigente nacionalista catal\u00e1n Josep Antoni Dur\u00e1n i Lleida.<\/p>\n<p>El l\u00edder de Uni\u00f3n Democr\u00e1tica de Catalu\u00f1a (UDC) manifest\u00f3 en un comunicado que \u00abEuropa ha estado entretenida desde 2008 con la crisis financiera, pero ahora puede abordar ya el reto mediterr\u00e1neo\u00bb, para lo que cada pa\u00eds debe \u00abaportar la financiaci\u00f3n correspondiente\u00bb.<\/p>\n<p>Asimismo, se mostr\u00f3 a favor de reforzar la ciudad de Barcelona como \u00abcapital pol\u00edtica del Mediterr\u00e1neo\u00bb, ya que alberga la sede de la secretar\u00eda general de la UpM, que re\u00fane 43 pa\u00edses -entre ellos Espa\u00f1a- y coordina proyectos para dinamizar la econom\u00eda de la zona.<\/p>\n<p>El pol\u00edtico catal\u00e1n participa este fin de semana en la reuni\u00f3n de la Asamblea Parlamentaria Euromediterr\u00e1nea, que se celebra en el Mar Muerto en Jordania y agrupa a diputados del Parlamento Europeo y de los pa\u00edses europeos del sur del Mediterr\u00e1neo.<\/p>\n<p>Adem\u00e1s, hoy se reuni\u00f3 con el primer ministro jordano, Abdal\u00e1 Ensur, con quien analiz\u00f3 el proceso de paz en Oriente Medio y el conflicto sirio.<\/p>\n<p>Duran destac\u00f3 la \u00abintensa actividad\u00bb del secretario de Estado estadounidense, John Kerry, para impulsar las negociaciones entre israel\u00edes y palestinos, si bien lament\u00f3 que en este proceso la \u00abUni\u00f3n Europea no tenga el peso que le corresponder\u00eda en una \u00e1rea estrat\u00e9gicamente importante para la estabilidad del continente\u00bb.<\/p>\n<p>En ese sentido, abog\u00f3 por intensificar los esfuerzos con todos los actores antes de que la situaci\u00f3n empeore y tenga \u00abgraves consecuencias para todos\u00bb.<\/p>\n<p>Respecto a la cuesti\u00f3n siria, el dirigente nacionalista consider\u00f3 que se trata de un conflicto de \u00abdif\u00edcil soluci\u00f3n\u00bb, en el que -dijo- confluyen varias guerras: entre el Gobierno y la oposici\u00f3n siria, entre distintas confesiones como los musulmanes sun\u00edes y chi\u00edes, y entre grandes potencias como EE. UU. y Rusia.<\/p>\n<p>Dur\u00e1n ten\u00eda previsto visitar el campamento de refugiados sirios de Zaatari, en Jordania, pero finalmente no lo hizo por razones de seguridad.<\/p>\n","protected":false},"excerpt":{"rendered":"<p>Amm\u00e1n, 8 feb (EFE).- La Uni\u00f3n por el Mediterr\u00e1neo (UpM) necesita un impulso con la aportaci\u00f3n financiera de cada uno de sus pa\u00edses miembros, se\u00f1al\u00f3 hoy en Jordania el dirigente nacionalista catal\u00e1n Josep Antoni Dur\u00e1n i Lleida. El l\u00edder de Uni\u00f3n Democr\u00e1tica de Catalu\u00f1a (UDC) manifest\u00f3 en un comunicado que \u00abEuropa ha estado entretenida desde [&hellip;]<\/p>\n","protected":false},"author":1,"featured_media":486837,"comment_status":"open","ping_status":"open","sticky":false,"template":"","format":"standard","meta":{"footnotes":""},"categories":[1],"tags":[],"class_list":["post-486836","post","type-post","status-publish","format-standard","has-post-thumbnail","hentry","category-actualidad"],"aioseo_notices":[],"aioseo_head":"\n\t\t<!-- All in One SEO Pro 5.0.1 - aioseo.com -->\n\t<meta name=\"description\" content=\"Amm\u00e1n, 8 feb (EFE).- La Uni\u00f3n por el Mediterr\u00e1neo (UpM) necesita un impulso con la aportaci\u00f3n financiera de cada uno de sus pa\u00edses miembros, se\u00f1al\u00f3 hoy en Jordania el dirigente nacionalista catal\u00e1n Josep Antoni Dur\u00e1n i Lleida. El l\u00edder de Uni\u00f3n Democr\u00e1tica de Catalu\u00f1a (UDC) manifest\u00f3 en un comunicado que &quot;Europa ha estado entretenida desde\" \/>\n\t<meta name=\"robots\" content=\"max-image-preview:large\" \/>\n\t<meta name=\"author\" content=\"El Digital de Asturias\"\/>\n\t<meta name=\"google-site-verification\" content=\"UA-38556648-1\" \/>\n\t<meta name=\"msvalidate.01\" content=\"7dfe9f3f1b24437ab69f4f2559babe99\" \/>\n\t<meta name=\"keywords\" content=\"actualidad\" \/>\n\t<link rel=\"canonical\" href=\"https:\/\/www.eldigitaldeasturias.com\/noticias\/duran-pide-en-jordania-reforzar-con-fondos-la-union-por-el-mediterraneo\/\" \/>\n\t<meta name=\"generator\" content=\"All in One SEO Pro (AIOSEO) 5.0.1\" \/>\n\t\t<meta property=\"og:locale\" content=\"es_ES\" \/>\n\t\t<meta property=\"og:site_name\" content=\"El Digital de Asturias\" \/>\n\t\t<meta property=\"og:type\" content=\"article\" \/>\n\t\t<meta property=\"og:title\" content=\"Dur\u00e1n pide en Jordania reforzar con fondos la Uni\u00f3n por el Mediterr\u00e1neo - El Digital de Asturias\" \/>\n\t\t<meta property=\"og:description\" content=\"Amm\u00e1n, 8 feb (EFE).- La Uni\u00f3n por el Mediterr\u00e1neo (UpM) necesita un impulso con la aportaci\u00f3n financiera de cada uno de sus pa\u00edses miembros, se\u00f1al\u00f3 hoy en Jordania el dirigente nacionalista catal\u00e1n Josep Antoni Dur\u00e1n i Lleida. El l\u00edder de Uni\u00f3n Democr\u00e1tica de Catalu\u00f1a (UDC) manifest\u00f3 en un comunicado que &quot;Europa ha estado entretenida desde\" \/>\n\t\t<meta property=\"og:url\" content=\"https:\/\/www.eldigitaldeasturias.com\/noticias\/duran-pide-en-jordania-reforzar-con-fondos-la-union-por-el-mediterraneo\/\" \/>\n\t\t<meta property=\"article:tag\" content=\"actualidad\" \/>\n\t\t<meta property=\"article:published_time\" content=\"2014-02-08T21:32:29+00:00\" \/>\n\t\t<meta property=\"article:modified_time\" content=\"2014-02-08T21:32:29+00:00\" \/>\n\t\t<meta property=\"article:publisher\" content=\"https:\/\/facebook.com\/eldigitaldeasturias\" \/>\n\t\t<meta name=\"twitter:card\" content=\"summary_large_image\" \/>\n\t\t<meta name=\"twitter:title\" content=\"Dur\u00e1n pide en Jordania reforzar con fondos la Uni\u00f3n por el Mediterr\u00e1neo - El Digital de Asturias\" \/>\n\t\t<meta name=\"twitter:description\" content=\"Amm\u00e1n, 8 feb (EFE).- La Uni\u00f3n por el Mediterr\u00e1neo (UpM) necesita un impulso con la aportaci\u00f3n financiera de cada uno de sus pa\u00edses miembros, se\u00f1al\u00f3 hoy en Jordania el dirigente nacionalista catal\u00e1n Josep Antoni Dur\u00e1n i Lleida. El l\u00edder de Uni\u00f3n Democr\u00e1tica de Catalu\u00f1a (UDC) manifest\u00f3 en un comunicado que &quot;Europa ha estado entretenida desde\" \/>\n\t\t<meta name=\"twitter:label1\" content=\"Escrito por\" \/>\n\t\t<meta name=\"twitter:data1\" content=\"El Digital de Asturias\" \/>\n\t\t<meta name=\"twitter:label2\" content=\"Tiempo de lectura estimado\" \/>\n\t\t<meta name=\"twitter:data2\" content=\"2 minutos\" \/>\n\t\t<script type=\"application\/ld+json\" class=\"aioseo-schema\">\n\t\t\t{\"@context\":\"https:\\\/\\\/schema.org\",\"@graph\":[{\"@type\":\"BlogPosting\",\"@id\":\"https:\\\/\\\/www.eldigitaldeasturias.com\\\/noticias\\\/duran-pide-en-jordania-reforzar-con-fondos-la-union-por-el-mediterraneo\\\/#blogposting\",\"name\":\"Dur\\u00e1n pide en Jordania reforzar con fondos la Uni\\u00f3n por el Mediterr\\u00e1neo - El Digital de Asturias\",\"headline\":\"Dur\\u00e1n pide en Jordania reforzar con fondos la Uni\\u00f3n por el Mediterr\\u00e1neo\",\"author\":{\"@id\":\"https:\\\/\\\/www.eldigitaldeasturias.com\\\/noticias\\\/author\\\/admin\\\/#author\"},\"publisher\":{\"@id\":\"https:\\\/\\\/www.eldigitaldeasturias.com\\\/noticias\\\/#organization\"},\"image\":{\"@type\":\"ImageObject\",\"url\":486837},\"datePublished\":\"2014-02-08T20:32:29+01:00\",\"dateModified\":\"2014-02-08T20:32:29+01:00\",\"inLanguage\":\"es-ES\",\"mainEntityOfPage\":{\"@id\":\"https:\\\/\\\/www.eldigitaldeasturias.com\\\/noticias\\\/duran-pide-en-jordania-reforzar-con-fondos-la-union-por-el-mediterraneo\\\/#webpage\"},\"isPartOf\":{\"@id\":\"https:\\\/\\\/www.eldigitaldeasturias.com\\\/noticias\\\/duran-pide-en-jordania-reforzar-con-fondos-la-union-por-el-mediterraneo\\\/#webpage\"},\"articleSection\":\"Actualidad\"},{\"@type\":\"BreadcrumbList\",\"@id\":\"https:\\\/\\\/www.eldigitaldeasturias.com\\\/noticias\\\/duran-pide-en-jordania-reforzar-con-fondos-la-union-por-el-mediterraneo\\\/#breadcrumblist\",\"itemListElement\":[{\"@type\":\"ListItem\",\"@id\":\"https:\\\/\\\/www.eldigitaldeasturias.com\\\/noticias#listItem\",\"position\":1,\"name\":\"Home\",\"item\":\"https:\\\/\\\/www.eldigitaldeasturias.com\\\/noticias\",\"nextItem\":{\"@type\":\"ListItem\",\"@id\":\"https:\\\/\\\/www.eldigitaldeasturias.com\\\/noticias\\\/category\\\/actualidad\\\/#listItem\",\"name\":\"Actualidad\"}},{\"@type\":\"ListItem\",\"@id\":\"https:\\\/\\\/www.eldigitaldeasturias.com\\\/noticias\\\/category\\\/actualidad\\\/#listItem\",\"position\":2,\"name\":\"Actualidad\",\"item\":\"https:\\\/\\\/www.eldigitaldeasturias.com\\\/noticias\\\/category\\\/actualidad\\\/\",\"nextItem\":{\"@type\":\"ListItem\",\"@id\":\"https:\\\/\\\/www.eldigitaldeasturias.com\\\/noticias\\\/duran-pide-en-jordania-reforzar-con-fondos-la-union-por-el-mediterraneo\\\/#listItem\",\"name\":\"Dur\\u00e1n pide en Jordania reforzar con fondos la Uni\\u00f3n por el Mediterr\\u00e1neo\"},\"previousItem\":{\"@type\":\"ListItem\",\"@id\":\"https:\\\/\\\/www.eldigitaldeasturias.com\\\/noticias#listItem\",\"name\":\"Home\"}},{\"@type\":\"ListItem\",\"@id\":\"https:\\\/\\\/www.eldigitaldeasturias.com\\\/noticias\\\/duran-pide-en-jordania-reforzar-con-fondos-la-union-por-el-mediterraneo\\\/#listItem\",\"position\":3,\"name\":\"Dur\\u00e1n pide en Jordania reforzar con fondos la Uni\\u00f3n por el Mediterr\\u00e1neo\",\"previousItem\":{\"@type\":\"ListItem\",\"@id\":\"https:\\\/\\\/www.eldigitaldeasturias.com\\\/noticias\\\/category\\\/actualidad\\\/#listItem\",\"name\":\"Actualidad\"}}]},{\"@type\":\"Organization\",\"@id\":\"https:\\\/\\\/www.eldigitaldeasturias.com\\\/noticias\\\/#organization\",\"name\":\"El Digital de Asturias\",\"description\":\"Hemeroteca\",\"url\":\"https:\\\/\\\/www.eldigitaldeasturias.com\\\/noticias\\\/\",\"email\":\"info@eldigitaldeasturias.com\",\"telephone\":\"+34652131393\",\"logo\":{\"@type\":\"ImageObject\",\"url\":\"https:\\\/\\\/www.eldigitaldeasturias.com\\\/noticias\\\/wp-content\\\/uploads\\\/2020\\\/12\\\/EDA.jpg\",\"@id\":\"https:\\\/\\\/www.eldigitaldeasturias.com\\\/noticias\\\/duran-pide-en-jordania-reforzar-con-fondos-la-union-por-el-mediterraneo\\\/#organizationLogo\"},\"image\":{\"@id\":\"https:\\\/\\\/www.eldigitaldeasturias.com\\\/noticias\\\/duran-pide-en-jordania-reforzar-con-fondos-la-union-por-el-mediterraneo\\\/#organizationLogo\"},\"sameAs\":[\"https:\\\/\\\/facebook.com\\\/eldigitaldeasturias\",\"https:\\\/\\\/www.youtube.com\\\/channel\\\/UCZP-2wLEB9Rv6erhFmqVnvg\"],\"address\":{\"@id\":\"https:\\\/\\\/www.eldigitaldeasturias.com\\\/noticias\\\/#postaladdress\",\"@type\":\"PostalAddress\",\"streetAddress\":\"san antonio 4\",\"postalCode\":\"33430\",\"addressLocality\":\"Cand\\u00e1s\",\"addressRegion\":\"Asturias\",\"addressCountry\":\"ES\"}},{\"@type\":\"Person\",\"@id\":\"https:\\\/\\\/www.eldigitaldeasturias.com\\\/noticias\\\/author\\\/admin\\\/#author\",\"url\":\"https:\\\/\\\/www.eldigitaldeasturias.com\\\/noticias\\\/author\\\/admin\\\/\",\"name\":\"El Digital de Asturias\",\"image\":{\"@type\":\"ImageObject\",\"@id\":\"https:\\\/\\\/www.eldigitaldeasturias.com\\\/noticias\\\/duran-pide-en-jordania-reforzar-con-fondos-la-union-por-el-mediterraneo\\\/#authorImage\",\"url\":\"https:\\\/\\\/secure.gravatar.com\\\/avatar\\\/df2aeffc32bcd13f8d26072ef8a91b623d677766deac7f97ca815868cd41bf5e?s=96&d=mm&r=g\",\"width\":96,\"height\":96,\"caption\":\"El Digital de Asturias\"}},{\"@type\":\"WebPage\",\"@id\":\"https:\\\/\\\/www.eldigitaldeasturias.com\\\/noticias\\\/duran-pide-en-jordania-reforzar-con-fondos-la-union-por-el-mediterraneo\\\/#webpage\",\"url\":\"https:\\\/\\\/www.eldigitaldeasturias.com\\\/noticias\\\/duran-pide-en-jordania-reforzar-con-fondos-la-union-por-el-mediterraneo\\\/\",\"name\":\"Dur\\u00e1n pide en Jordania reforzar con fondos la Uni\\u00f3n por el Mediterr\\u00e1neo - El Digital de Asturias\",\"description\":\"Amm\\u00e1n, 8 feb (EFE).- La Uni\\u00f3n por el Mediterr\\u00e1neo (UpM) necesita un impulso con la aportaci\\u00f3n financiera de cada uno de sus pa\\u00edses miembros, se\\u00f1al\\u00f3 hoy en Jordania el dirigente nacionalista catal\\u00e1n Josep Antoni Dur\\u00e1n i Lleida. El l\\u00edder de Uni\\u00f3n Democr\\u00e1tica de Catalu\\u00f1a (UDC) manifest\\u00f3 en un comunicado que \\\"Europa ha estado entretenida desde\",\"inLanguage\":\"es-ES\",\"isPartOf\":{\"@id\":\"https:\\\/\\\/www.eldigitaldeasturias.com\\\/noticias\\\/#website\"},\"breadcrumb\":{\"@id\":\"https:\\\/\\\/www.eldigitaldeasturias.com\\\/noticias\\\/duran-pide-en-jordania-reforzar-con-fondos-la-union-por-el-mediterraneo\\\/#breadcrumblist\"},\"author\":{\"@id\":\"https:\\\/\\\/www.eldigitaldeasturias.com\\\/noticias\\\/author\\\/admin\\\/#author\"},\"creator\":{\"@id\":\"https:\\\/\\\/www.eldigitaldeasturias.com\\\/noticias\\\/author\\\/admin\\\/#author\"},\"image\":{\"@type\":\"ImageObject\",\"url\":486837,\"@id\":\"https:\\\/\\\/www.eldigitaldeasturias.com\\\/noticias\\\/duran-pide-en-jordania-reforzar-con-fondos-la-union-por-el-mediterraneo\\\/#mainImage\"},\"primaryImageOfPage\":{\"@id\":\"https:\\\/\\\/www.eldigitaldeasturias.com\\\/noticias\\\/duran-pide-en-jordania-reforzar-con-fondos-la-union-por-el-mediterraneo\\\/#mainImage\"},\"datePublished\":\"2014-02-08T20:32:29+01:00\",\"dateModified\":\"2014-02-08T20:32:29+01:00\"},{\"@type\":\"WebSite\",\"@id\":\"https:\\\/\\\/www.eldigitaldeasturias.com\\\/noticias\\\/#website\",\"url\":\"https:\\\/\\\/www.eldigitaldeasturias.com\\\/noticias\\\/\",\"name\":\"El Digital de Asturias - Diario de actualidad y noticias\",\"alternateName\":\"El Digital de Asturias - Diario de actualidad y noticias\",\"description\":\"Hemeroteca\",\"inLanguage\":\"es-ES\",\"publisher\":{\"@id\":\"https:\\\/\\\/www.eldigitaldeasturias.com\\\/noticias\\\/#organization\"}}]}\n\t\t<\/script>\n\t\t<!-- All in One SEO Pro -->\r\n\t\t<title>Dur\u00e1n pide en Jordania reforzar con fondos la Uni\u00f3n por el Mediterr\u00e1neo - El Digital de Asturias<\/title>\n\n","aioseo_head_json":{"title":"Dur\u00e1n pide en Jordania reforzar con fondos la Uni\u00f3n por el Mediterr\u00e1neo - El Digital de Asturias","description":"Amm\u00e1n, 8 feb (EFE).- La Uni\u00f3n por el Mediterr\u00e1neo (UpM) necesita un impulso con la aportaci\u00f3n financiera de cada uno de sus pa\u00edses miembros, se\u00f1al\u00f3 hoy en Jordania el dirigente nacionalista catal\u00e1n Josep Antoni Dur\u00e1n i Lleida. El l\u00edder de Uni\u00f3n Democr\u00e1tica de Catalu\u00f1a (UDC) manifest\u00f3 en un comunicado que \"Europa ha estado entretenida desde","canonical_url":"https:\/\/www.eldigitaldeasturias.com\/noticias\/duran-pide-en-jordania-reforzar-con-fondos-la-union-por-el-mediterraneo\/","robots":"max-image-preview:large","keywords":"actualidad","webmasterTools":{"google-site-verification":"UA-38556648-1","msvalidate.01":"7dfe9f3f1b24437ab69f4f2559babe99","miscellaneous":""},"schema":{"@context":"https:\/\/schema.org","@graph":[{"@type":"BlogPosting","@id":"https:\/\/www.eldigitaldeasturias.com\/noticias\/duran-pide-en-jordania-reforzar-con-fondos-la-union-por-el-mediterraneo\/#blogposting","name":"Dur\u00e1n pide en Jordania reforzar con fondos la Uni\u00f3n por el Mediterr\u00e1neo - El Digital de Asturias","headline":"Dur\u00e1n pide en Jordania reforzar con fondos la Uni\u00f3n por el Mediterr\u00e1neo","author":{"@id":"https:\/\/www.eldigitaldeasturias.com\/noticias\/author\/admin\/#author"},"publisher":{"@id":"https:\/\/www.eldigitaldeasturias.com\/noticias\/#organization"},"image":{"@type":"ImageObject","url":486837},"datePublished":"2014-02-08T20:32:29+01:00","dateModified":"2014-02-08T20:32:29+01:00","inLanguage":"es-ES","mainEntityOfPage":{"@id":"https:\/\/www.eldigitaldeasturias.com\/noticias\/duran-pide-en-jordania-reforzar-con-fondos-la-union-por-el-mediterraneo\/#webpage"},"isPartOf":{"@id":"https:\/\/www.eldigitaldeasturias.com\/noticias\/duran-pide-en-jordania-reforzar-con-fondos-la-union-por-el-mediterraneo\/#webpage"},"articleSection":"Actualidad"},{"@type":"BreadcrumbList","@id":"https:\/\/www.eldigitaldeasturias.com\/noticias\/duran-pide-en-jordania-reforzar-con-fondos-la-union-por-el-mediterraneo\/#breadcrumblist","itemListElement":[{"@type":"ListItem","@id":"https:\/\/www.eldigitaldeasturias.com\/noticias#listItem","position":1,"name":"Home","item":"https:\/\/www.eldigitaldeasturias.com\/noticias","nextItem":{"@type":"ListItem","@id":"https:\/\/www.eldigitaldeasturias.com\/noticias\/category\/actualidad\/#listItem","name":"Actualidad"}},{"@type":"ListItem","@id":"https:\/\/www.eldigitaldeasturias.com\/noticias\/category\/actualidad\/#listItem","position":2,"name":"Actualidad","item":"https:\/\/www.eldigitaldeasturias.com\/noticias\/category\/actualidad\/","nextItem":{"@type":"ListItem","@id":"https:\/\/www.eldigitaldeasturias.com\/noticias\/duran-pide-en-jordania-reforzar-con-fondos-la-union-por-el-mediterraneo\/#listItem","name":"Dur\u00e1n pide en Jordania reforzar con fondos la Uni\u00f3n por el Mediterr\u00e1neo"},"previousItem":{"@type":"ListItem","@id":"https:\/\/www.eldigitaldeasturias.com\/noticias#listItem","name":"Home"}},{"@type":"ListItem","@id":"https:\/\/www.eldigitaldeasturias.com\/noticias\/duran-pide-en-jordania-reforzar-con-fondos-la-union-por-el-mediterraneo\/#listItem","position":3,"name":"Dur\u00e1n pide en Jordania reforzar con fondos la Uni\u00f3n por el Mediterr\u00e1neo","previousItem":{"@type":"ListItem","@id":"https:\/\/www.eldigitaldeasturias.com\/noticias\/category\/actualidad\/#listItem","name":"Actualidad"}}]},{"@type":"Organization","@id":"https:\/\/www.eldigitaldeasturias.com\/noticias\/#organization","name":"El Digital de Asturias","description":"Hemeroteca","url":"https:\/\/www.eldigitaldeasturias.com\/noticias\/","email":"info@eldigitaldeasturias.com","telephone":"+34652131393","logo":{"@type":"ImageObject","url":"https:\/\/www.eldigitaldeasturias.com\/noticias\/wp-content\/uploads\/2020\/12\/EDA.jpg","@id":"https:\/\/www.eldigitaldeasturias.com\/noticias\/duran-pide-en-jordania-reforzar-con-fondos-la-union-por-el-mediterraneo\/#organizationLogo"},"image":{"@id":"https:\/\/www.eldigitaldeasturias.com\/noticias\/duran-pide-en-jordania-reforzar-con-fondos-la-union-por-el-mediterraneo\/#organizationLogo"},"sameAs":["https:\/\/facebook.com\/eldigitaldeasturias","https:\/\/www.youtube.com\/channel\/UCZP-2wLEB9Rv6erhFmqVnvg"],"address":{"@id":"https:\/\/www.eldigitaldeasturias.com\/noticias\/#postaladdress","@type":"PostalAddress","streetAddress":"san antonio 4","postalCode":"33430","addressLocality":"Cand\u00e1s","addressRegion":"Asturias","addressCountry":"ES"}},{"@type":"Person","@id":"https:\/\/www.eldigitaldeasturias.com\/noticias\/author\/admin\/#author","url":"https:\/\/www.eldigitaldeasturias.com\/noticias\/author\/admin\/","name":"El Digital de Asturias","image":{"@type":"ImageObject","@id":"https:\/\/www.eldigitaldeasturias.com\/noticias\/duran-pide-en-jordania-reforzar-con-fondos-la-union-por-el-mediterraneo\/#authorImage","url":"https:\/\/secure.gravatar.com\/avatar\/df2aeffc32bcd13f8d26072ef8a91b623d677766deac7f97ca815868cd41bf5e?s=96&d=mm&r=g","width":96,"height":96,"caption":"El Digital de Asturias"}},{"@type":"WebPage","@id":"https:\/\/www.eldigitaldeasturias.com\/noticias\/duran-pide-en-jordania-reforzar-con-fondos-la-union-por-el-mediterraneo\/#webpage","url":"https:\/\/www.eldigitaldeasturias.com\/noticias\/duran-pide-en-jordania-reforzar-con-fondos-la-union-por-el-mediterraneo\/","name":"Dur\u00e1n pide en Jordania reforzar con fondos la Uni\u00f3n por el Mediterr\u00e1neo - El Digital de Asturias","description":"Amm\u00e1n, 8 feb (EFE).- La Uni\u00f3n por el Mediterr\u00e1neo (UpM) necesita un impulso con la aportaci\u00f3n financiera de cada uno de sus pa\u00edses miembros, se\u00f1al\u00f3 hoy en Jordania el dirigente nacionalista catal\u00e1n Josep Antoni Dur\u00e1n i Lleida. El l\u00edder de Uni\u00f3n Democr\u00e1tica de Catalu\u00f1a (UDC) manifest\u00f3 en un comunicado que \"Europa ha estado entretenida desde","inLanguage":"es-ES","isPartOf":{"@id":"https:\/\/www.eldigitaldeasturias.com\/noticias\/#website"},"breadcrumb":{"@id":"https:\/\/www.eldigitaldeasturias.com\/noticias\/duran-pide-en-jordania-reforzar-con-fondos-la-union-por-el-mediterraneo\/#breadcrumblist"},"author":{"@id":"https:\/\/www.eldigitaldeasturias.com\/noticias\/author\/admin\/#author"},"creator":{"@id":"https:\/\/www.eldigitaldeasturias.com\/noticias\/author\/admin\/#author"},"image":{"@type":"ImageObject","url":486837,"@id":"https:\/\/www.eldigitaldeasturias.com\/noticias\/duran-pide-en-jordania-reforzar-con-fondos-la-union-por-el-mediterraneo\/#mainImage"},"primaryImageOfPage":{"@id":"https:\/\/www.eldigitaldeasturias.com\/noticias\/duran-pide-en-jordania-reforzar-con-fondos-la-union-por-el-mediterraneo\/#mainImage"},"datePublished":"2014-02-08T20:32:29+01:00","dateModified":"2014-02-08T20:32:29+01:00"},{"@type":"WebSite","@id":"https:\/\/www.eldigitaldeasturias.com\/noticias\/#website","url":"https:\/\/www.eldigitaldeasturias.com\/noticias\/","name":"El Digital de Asturias - Diario de actualidad y noticias","alternateName":"El Digital de Asturias - Diario de actualidad y noticias","description":"Hemeroteca","inLanguage":"es-ES","publisher":{"@id":"https:\/\/www.eldigitaldeasturias.com\/noticias\/#organization"}}]},"og:locale":"es_ES","og:site_name":"El Digital de Asturias","og:type":"article","og:title":"Dur\u00e1n pide en Jordania reforzar con fondos la Uni\u00f3n por el Mediterr\u00e1neo - El Digital de Asturias","og:description":"Amm\u00e1n, 8 feb (EFE).- La Uni\u00f3n por el Mediterr\u00e1neo (UpM) necesita un impulso con la aportaci\u00f3n financiera de cada uno de sus pa\u00edses miembros, se\u00f1al\u00f3 hoy en Jordania el dirigente nacionalista catal\u00e1n Josep Antoni Dur\u00e1n i Lleida. El l\u00edder de Uni\u00f3n Democr\u00e1tica de Catalu\u00f1a (UDC) manifest\u00f3 en un comunicado que &quot;Europa ha estado entretenida desde","og:url":"https:\/\/www.eldigitaldeasturias.com\/noticias\/duran-pide-en-jordania-reforzar-con-fondos-la-union-por-el-mediterraneo\/","article:tag":["actualidad"],"article:published_time":"2014-02-08T21:32:29+00:00","article:modified_time":"2014-02-08T21:32:29+00:00","article:publisher":"https:\/\/facebook.com\/eldigitaldeasturias","twitter:card":"summary_large_image","twitter:title":"Dur\u00e1n pide en Jordania reforzar con fondos la Uni\u00f3n por el Mediterr\u00e1neo - El Digital de Asturias","twitter:description":"Amm\u00e1n, 8 feb (EFE).- La Uni\u00f3n por el Mediterr\u00e1neo (UpM) necesita un impulso con la aportaci\u00f3n financiera de cada uno de sus pa\u00edses miembros, se\u00f1al\u00f3 hoy en Jordania el dirigente nacionalista catal\u00e1n Josep Antoni Dur\u00e1n i Lleida. El l\u00edder de Uni\u00f3n Democr\u00e1tica de Catalu\u00f1a (UDC) manifest\u00f3 en un comunicado que &quot;Europa ha estado entretenida desde","twitter:label1":"Escrito por","twitter:data1":"El Digital de Asturias","twitter:label2":"Tiempo de lectura estimado","twitter:data2":"2 minutos"},"aioseo_meta_data":{"post_id":"486836","title":null,"description":null,"keywords":null,"keyphrases":null,"primary_term":null,"canonical_url":null,"og_title":null,"og_description":null,"og_object_type":"default","og_image_type":"default","og_image_url":null,"og_image_width":null,"og_image_height":null,"og_image_custom_url":null,"og_image_custom_fields":null,"og_video":null,"og_custom_url":null,"og_article_section":null,"og_article_tags":null,"twitter_use_og":true,"twitter_card":"default","twitter_image_type":"default","twitter_image_url":null,"twitter_image_custom_url":null,"twitter_image_custom_fields":null,"twitter_title":null,"twitter_description":null,"schema":{"blockGraphs":[],"customGraphs":[],"default":{"data":{"Article":[],"Course":[],"Dataset":[],"FAQPage":[],"Movie":[],"Person":[],"Product":[],"ProductReview":[],"Car":[],"Recipe":[],"Service":[],"SoftwareApplication":[],"WebPage":[]},"graphName":"","isEnabled":true},"graphs":[],"defaultGraph":"","defaultPostTypeGraph":""},"schema_type":null,"schema_type_options":null,"pillar_content":false,"robots_default":true,"robots_noindex":false,"robots_noarchive":false,"robots_nosnippet":false,"robots_nofollow":false,"robots_noimageindex":false,"robots_noodp":false,"robots_notranslate":false,"robots_max_snippet":null,"robots_max_videopreview":null,"robots_max_imagepreview":"none","priority":null,"frequency":null,"local_seo":null,"seo_analyzer_scan_date":"2026-06-03 02:51:02","breadcrumb_settings":null,"limit_modified_date":false,"open_ai":null,"ai":null,"created":"2020-11-14 22:56:15","updated":"2026-06-03 02:51:02","focus_keyword":null,"additional_keywords":null,"truseo_locale":null},"aioseo_breadcrumb":"<div class=\"aioseo-breadcrumbs\"><span class=\"aioseo-breadcrumb\">\n\t<a href=\"https:\/\/www.eldigitaldeasturias.com\/noticias\" title=\"Home\">Home<\/a>\n<\/span><span class=\"aioseo-breadcrumb-separator\">\u2013<\/span><span class=\"aioseo-breadcrumb\">\n\t<a href=\"https:\/\/www.eldigitaldeasturias.com\/noticias\/category\/actualidad\/\" title=\"Actualidad\">Actualidad<\/a>\n<\/span><span class=\"aioseo-breadcrumb-separator\">\u2013<\/span><span class=\"aioseo-breadcrumb\">\n\t<a href=\"https:\/\/www.eldigitaldeasturias.com\/noticias\/duran-pide-en-jordania-reforzar-con-fondos-la-union-por-el-mediterraneo\/\" title=\"Dur\u00e1n pide en Jordania reforzar con fondos la Uni\u00f3n por el Mediterr\u00e1neo\">Dur\u00e1n pide en Jordania reforzar con fondos la Uni\u00f3n por el Mediterr\u00e1neo<\/a>\n<\/span><\/div>","aioseo_breadcrumb_json":[{"label":"Home","link":"https:\/\/www.eldigitaldeasturias.com\/noticias"},{"label":"Actualidad","link":"https:\/\/www.eldigitaldeasturias.com\/noticias\/category\/actualidad\/"},{"label":"Dur\u00e1n pide en Jordania reforzar con fondos la Uni\u00f3n por el Mediterr\u00e1neo","link":"https:\/\/www.eldigitaldeasturias.com\/noticias\/duran-pide-en-jordania-reforzar-con-fondos-la-union-por-el-mediterraneo\/"}],"_links":{"self":[{"href":"https:\/\/www.eldigitaldeasturias.com\/noticias\/wp-json\/wp\/v2\/posts\/486836","targetHints":{"allow":["GET"]}}],"collection":[{"href":"https:\/\/www.eldigitaldeasturias.com\/noticias\/wp-json\/wp\/v2\/posts"}],"about":[{"href":"https:\/\/www.eldigitaldeasturias.com\/noticias\/wp-json\/wp\/v2\/types\/post"}],"author":[{"embeddable":true,"href":"https:\/\/www.eldigitaldeasturias.com\/noticias\/wp-json\/wp\/v2\/users\/1"}],"replies":[{"embeddable":true,"href":"https:\/\/www.eldigitaldeasturias.com\/noticias\/wp-json\/wp\/v2\/comments?post=486836"}],"version-history":[{"count":0,"href":"https:\/\/www.eldigitaldeasturias.com\/noticias\/wp-json\/wp\/v2\/posts\/486836\/revisions"}],"wp:attachment":[{"href":"https:\/\/www.eldigitaldeasturias.com\/noticias\/wp-json\/wp\/v2\/media?parent=486836"}],"wp:term":[{"taxonomy":"category","embeddable":true,"href":"https:\/\/www.eldigitaldeasturias.com\/noticias\/wp-json\/wp\/v2\/categories?post=486836"},{"taxonomy":"post_tag","embeddable":true,"href":"https:\/\/www.eldigitaldeasturias.com\/noticias\/wp-json\/wp\/v2\/tags?post=486836"}],"curies":[{"name":"wp","href":"https:\/\/api.w.org\/{rel}","templated":true}]}}