{"id":486821,"date":"2014-02-08T20:24:00","date_gmt":"2014-02-08T21:24:00","guid":{"rendered":"http:\/\/www.eldigitaldeasturias.com\/noticias\/?p=486821"},"modified":"2014-02-08T20:24:00","modified_gmt":"2014-02-08T21:24:00","slug":"van-rompuy-tacha-de-inaceptables-las-palabras-de-la-diplomatica-de-eeuu-hacia-la-ue","status":"publish","type":"post","link":"https:\/\/www.eldigitaldeasturias.com\/noticias\/van-rompuy-tacha-de-inaceptables-las-palabras-de-la-diplomatica-de-eeuu-hacia-la-ue\/","title":{"rendered":"Van Rompuy tacha de \u00abinaceptables\u00bb las palabras de la diplom\u00e1tica de EEUU hacia la UE"},"content":{"rendered":"<p><img loading=\"lazy\" decoding=\"async\" class=\"alignleft size-medium wp-image-486822\" alt=\"5923613w\" src=\"https:\/\/www.eldigitaldeasturias.com\/noticias\/wp-content\/uploads\/2014\/02\/5923613w-360x232.jpg\" width=\"360\" height=\"232\" \/>Bruselas, 8 feb (EFE).- El presidente permanente del Consejo Europeo, Herman Van Rompuy, tach\u00f3 hoy de \u00abinaceptables\u00bb las palabras de la secretaria de Estado de EEUU para Europa, Victoria Nuland, quien en una conversaci\u00f3n telef\u00f3nica dijo \u00abque se joda la UE\u00bb, a prop\u00f3sito de su papel en Ucrania.<\/p>\n<p>Nuland hablaba por tel\u00e9fono de forma privada con el embajador de Washington en Kiev, Geoffrey Pyatt, cuando lanz\u00f3 el improperio, sobre el que ya se ha disculpado oficialmente y que se ha hecho p\u00fablico por motivos desconocidos.<\/p>\n<p>En una entrevista en el programa Reyers Laat de la televisi\u00f3n flamenca Canvas, Van Rompuy se\u00f1al\u00f3 que aunque hay que situar las palabras de Nuland en su contexto, \u00abson inaceptables de parte de un socio\u00bb de la UE.<\/p>\n<p>El presidente del Consejo defendi\u00f3 el papel de mediador de la UE y dijo que \u00absi alguien puede hacer un buen trabajo en ese sentido es la Uni\u00f3n Europea\u00bb.<\/p>\n<p>\u00abCuantos m\u00e1s mediadores, m\u00e1s complejo el problema\u00bb, a\u00f1adi\u00f3.<\/p>\n<p>En la conversaci\u00f3n filtrada en internet, Nuland mostraba su frustraci\u00f3n por la falta de avances en Kiev y apostaba por dar un mayor papel tanto a Washington como a Naciones Unidas en su resoluci\u00f3n.<\/p>\n<p>\u00abSer\u00eda genial, creo, ayudar a arreglar esta cuesti\u00f3n y hacer que la ONU ayude a arreglarla, y, ya sabe, que se joda la UE\u00bb, afirm\u00f3.<\/p>\n","protected":false},"excerpt":{"rendered":"<p>Bruselas, 8 feb (EFE).- El presidente permanente del Consejo Europeo, Herman Van Rompuy, tach\u00f3 hoy de \u00abinaceptables\u00bb las palabras de la secretaria de Estado de EEUU para Europa, Victoria Nuland, quien en una conversaci\u00f3n telef\u00f3nica dijo \u00abque se joda la UE\u00bb, a prop\u00f3sito de su papel en Ucrania. Nuland hablaba por tel\u00e9fono de forma privada [&hellip;]<\/p>\n","protected":false},"author":1,"featured_media":486822,"comment_status":"open","ping_status":"open","sticky":false,"template":"","format":"standard","meta":{"footnotes":""},"categories":[1],"tags":[],"class_list":["post-486821","post","type-post","status-publish","format-standard","has-post-thumbnail","hentry","category-actualidad"],"aioseo_notices":[],"aioseo_head":"\n\t\t<!-- All in One SEO Pro 5.0.1 - aioseo.com -->\n\t<meta name=\"description\" content=\"Bruselas, 8 feb (EFE).- El presidente permanente del Consejo Europeo, Herman Van Rompuy, tach\u00f3 hoy de &quot;inaceptables&quot; las palabras de la secretaria de Estado de EEUU para Europa, Victoria Nuland, quien en una conversaci\u00f3n telef\u00f3nica dijo &quot;que se joda la UE&quot;, a prop\u00f3sito de su papel en Ucrania. Nuland hablaba por tel\u00e9fono de forma privada\" \/>\n\t<meta name=\"robots\" content=\"max-image-preview:large\" \/>\n\t<meta name=\"author\" content=\"El Digital de Asturias\"\/>\n\t<meta name=\"google-site-verification\" content=\"UA-38556648-1\" \/>\n\t<meta name=\"msvalidate.01\" content=\"7dfe9f3f1b24437ab69f4f2559babe99\" \/>\n\t<meta name=\"keywords\" content=\"actualidad\" \/>\n\t<link rel=\"canonical\" href=\"https:\/\/www.eldigitaldeasturias.com\/noticias\/van-rompuy-tacha-de-inaceptables-las-palabras-de-la-diplomatica-de-eeuu-hacia-la-ue\/\" \/>\n\t<meta name=\"generator\" content=\"All in One SEO Pro (AIOSEO) 5.0.1\" \/>\n\t\t<meta property=\"og:locale\" content=\"es_ES\" \/>\n\t\t<meta property=\"og:site_name\" content=\"El Digital de Asturias\" \/>\n\t\t<meta property=\"og:type\" content=\"article\" \/>\n\t\t<meta property=\"og:title\" content=\"Van Rompuy tacha de \u00abinaceptables\u00bb las palabras de la diplom\u00e1tica de EEUU hacia la UE - El Digital de Asturias\" \/>\n\t\t<meta property=\"og:description\" content=\"Bruselas, 8 feb (EFE).- El presidente permanente del Consejo Europeo, Herman Van Rompuy, tach\u00f3 hoy de &quot;inaceptables&quot; las palabras de la secretaria de Estado de EEUU para Europa, Victoria Nuland, quien en una conversaci\u00f3n telef\u00f3nica dijo &quot;que se joda la UE&quot;, a prop\u00f3sito de su papel en Ucrania. Nuland hablaba por tel\u00e9fono de forma privada\" \/>\n\t\t<meta property=\"og:url\" content=\"https:\/\/www.eldigitaldeasturias.com\/noticias\/van-rompuy-tacha-de-inaceptables-las-palabras-de-la-diplomatica-de-eeuu-hacia-la-ue\/\" \/>\n\t\t<meta property=\"article:tag\" content=\"actualidad\" \/>\n\t\t<meta property=\"article:published_time\" content=\"2014-02-08T21:24:00+00:00\" \/>\n\t\t<meta property=\"article:modified_time\" content=\"2014-02-08T21:24:00+00:00\" \/>\n\t\t<meta property=\"article:publisher\" content=\"https:\/\/facebook.com\/eldigitaldeasturias\" \/>\n\t\t<meta name=\"twitter:card\" content=\"summary_large_image\" \/>\n\t\t<meta name=\"twitter:title\" content=\"Van Rompuy tacha de \u00abinaceptables\u00bb las palabras de la diplom\u00e1tica de EEUU hacia la UE - El Digital de Asturias\" \/>\n\t\t<meta name=\"twitter:description\" content=\"Bruselas, 8 feb (EFE).- El presidente permanente del Consejo Europeo, Herman Van Rompuy, tach\u00f3 hoy de &quot;inaceptables&quot; las palabras de la secretaria de Estado de EEUU para Europa, Victoria Nuland, quien en una conversaci\u00f3n telef\u00f3nica dijo &quot;que se joda la UE&quot;, a prop\u00f3sito de su papel en Ucrania. Nuland hablaba por tel\u00e9fono de forma privada\" \/>\n\t\t<meta name=\"twitter:label1\" content=\"Escrito por\" \/>\n\t\t<meta name=\"twitter:data1\" content=\"El Digital de Asturias\" \/>\n\t\t<meta name=\"twitter:label2\" content=\"Tiempo de lectura estimado\" \/>\n\t\t<meta name=\"twitter:data2\" content=\"1 minuto\" \/>\n\t\t<script type=\"application\/ld+json\" class=\"aioseo-schema\">\n\t\t\t{\"@context\":\"https:\\\/\\\/schema.org\",\"@graph\":[{\"@type\":\"BlogPosting\",\"@id\":\"https:\\\/\\\/www.eldigitaldeasturias.com\\\/noticias\\\/van-rompuy-tacha-de-inaceptables-las-palabras-de-la-diplomatica-de-eeuu-hacia-la-ue\\\/#blogposting\",\"name\":\"Van Rompuy tacha de \\u00abinaceptables\\u00bb las palabras de la diplom\\u00e1tica de EEUU hacia la UE - El Digital de Asturias\",\"headline\":\"Van Rompuy tacha de \\u00abinaceptables\\u00bb las palabras de la diplom\\u00e1tica de EEUU hacia la UE\",\"author\":{\"@id\":\"https:\\\/\\\/www.eldigitaldeasturias.com\\\/noticias\\\/author\\\/admin\\\/#author\"},\"publisher\":{\"@id\":\"https:\\\/\\\/www.eldigitaldeasturias.com\\\/noticias\\\/#organization\"},\"image\":{\"@type\":\"ImageObject\",\"url\":486822},\"datePublished\":\"2014-02-08T20:24:00+01:00\",\"dateModified\":\"2014-02-08T20:24:00+01:00\",\"inLanguage\":\"es-ES\",\"mainEntityOfPage\":{\"@id\":\"https:\\\/\\\/www.eldigitaldeasturias.com\\\/noticias\\\/van-rompuy-tacha-de-inaceptables-las-palabras-de-la-diplomatica-de-eeuu-hacia-la-ue\\\/#webpage\"},\"isPartOf\":{\"@id\":\"https:\\\/\\\/www.eldigitaldeasturias.com\\\/noticias\\\/van-rompuy-tacha-de-inaceptables-las-palabras-de-la-diplomatica-de-eeuu-hacia-la-ue\\\/#webpage\"},\"articleSection\":\"Actualidad\"},{\"@type\":\"BreadcrumbList\",\"@id\":\"https:\\\/\\\/www.eldigitaldeasturias.com\\\/noticias\\\/van-rompuy-tacha-de-inaceptables-las-palabras-de-la-diplomatica-de-eeuu-hacia-la-ue\\\/#breadcrumblist\",\"itemListElement\":[{\"@type\":\"ListItem\",\"@id\":\"https:\\\/\\\/www.eldigitaldeasturias.com\\\/noticias#listItem\",\"position\":1,\"name\":\"Home\",\"item\":\"https:\\\/\\\/www.eldigitaldeasturias.com\\\/noticias\",\"nextItem\":{\"@type\":\"ListItem\",\"@id\":\"https:\\\/\\\/www.eldigitaldeasturias.com\\\/noticias\\\/category\\\/actualidad\\\/#listItem\",\"name\":\"Actualidad\"}},{\"@type\":\"ListItem\",\"@id\":\"https:\\\/\\\/www.eldigitaldeasturias.com\\\/noticias\\\/category\\\/actualidad\\\/#listItem\",\"position\":2,\"name\":\"Actualidad\",\"item\":\"https:\\\/\\\/www.eldigitaldeasturias.com\\\/noticias\\\/category\\\/actualidad\\\/\",\"nextItem\":{\"@type\":\"ListItem\",\"@id\":\"https:\\\/\\\/www.eldigitaldeasturias.com\\\/noticias\\\/van-rompuy-tacha-de-inaceptables-las-palabras-de-la-diplomatica-de-eeuu-hacia-la-ue\\\/#listItem\",\"name\":\"Van Rompuy tacha de \\u00abinaceptables\\u00bb las palabras de la diplom\\u00e1tica de EEUU hacia la UE\"},\"previousItem\":{\"@type\":\"ListItem\",\"@id\":\"https:\\\/\\\/www.eldigitaldeasturias.com\\\/noticias#listItem\",\"name\":\"Home\"}},{\"@type\":\"ListItem\",\"@id\":\"https:\\\/\\\/www.eldigitaldeasturias.com\\\/noticias\\\/van-rompuy-tacha-de-inaceptables-las-palabras-de-la-diplomatica-de-eeuu-hacia-la-ue\\\/#listItem\",\"position\":3,\"name\":\"Van Rompuy tacha de \\u00abinaceptables\\u00bb las palabras de la diplom\\u00e1tica de EEUU hacia la UE\",\"previousItem\":{\"@type\":\"ListItem\",\"@id\":\"https:\\\/\\\/www.eldigitaldeasturias.com\\\/noticias\\\/category\\\/actualidad\\\/#listItem\",\"name\":\"Actualidad\"}}]},{\"@type\":\"Organization\",\"@id\":\"https:\\\/\\\/www.eldigitaldeasturias.com\\\/noticias\\\/#organization\",\"name\":\"El Digital de Asturias\",\"description\":\"Hemeroteca\",\"url\":\"https:\\\/\\\/www.eldigitaldeasturias.com\\\/noticias\\\/\",\"email\":\"info@eldigitaldeasturias.com\",\"telephone\":\"+34652131393\",\"logo\":{\"@type\":\"ImageObject\",\"url\":\"https:\\\/\\\/www.eldigitaldeasturias.com\\\/noticias\\\/wp-content\\\/uploads\\\/2020\\\/12\\\/EDA.jpg\",\"@id\":\"https:\\\/\\\/www.eldigitaldeasturias.com\\\/noticias\\\/van-rompuy-tacha-de-inaceptables-las-palabras-de-la-diplomatica-de-eeuu-hacia-la-ue\\\/#organizationLogo\"},\"image\":{\"@id\":\"https:\\\/\\\/www.eldigitaldeasturias.com\\\/noticias\\\/van-rompuy-tacha-de-inaceptables-las-palabras-de-la-diplomatica-de-eeuu-hacia-la-ue\\\/#organizationLogo\"},\"sameAs\":[\"https:\\\/\\\/facebook.com\\\/eldigitaldeasturias\",\"https:\\\/\\\/www.youtube.com\\\/channel\\\/UCZP-2wLEB9Rv6erhFmqVnvg\"],\"address\":{\"@id\":\"https:\\\/\\\/www.eldigitaldeasturias.com\\\/noticias\\\/#postaladdress\",\"@type\":\"PostalAddress\",\"streetAddress\":\"san antonio 4\",\"postalCode\":\"33430\",\"addressLocality\":\"Cand\\u00e1s\",\"addressRegion\":\"Asturias\",\"addressCountry\":\"ES\"}},{\"@type\":\"Person\",\"@id\":\"https:\\\/\\\/www.eldigitaldeasturias.com\\\/noticias\\\/author\\\/admin\\\/#author\",\"url\":\"https:\\\/\\\/www.eldigitaldeasturias.com\\\/noticias\\\/author\\\/admin\\\/\",\"name\":\"El Digital de Asturias\",\"image\":{\"@type\":\"ImageObject\",\"@id\":\"https:\\\/\\\/www.eldigitaldeasturias.com\\\/noticias\\\/van-rompuy-tacha-de-inaceptables-las-palabras-de-la-diplomatica-de-eeuu-hacia-la-ue\\\/#authorImage\",\"url\":\"https:\\\/\\\/secure.gravatar.com\\\/avatar\\\/df2aeffc32bcd13f8d26072ef8a91b623d677766deac7f97ca815868cd41bf5e?s=96&d=mm&r=g\",\"width\":96,\"height\":96,\"caption\":\"El Digital de Asturias\"}},{\"@type\":\"WebPage\",\"@id\":\"https:\\\/\\\/www.eldigitaldeasturias.com\\\/noticias\\\/van-rompuy-tacha-de-inaceptables-las-palabras-de-la-diplomatica-de-eeuu-hacia-la-ue\\\/#webpage\",\"url\":\"https:\\\/\\\/www.eldigitaldeasturias.com\\\/noticias\\\/van-rompuy-tacha-de-inaceptables-las-palabras-de-la-diplomatica-de-eeuu-hacia-la-ue\\\/\",\"name\":\"Van Rompuy tacha de \\u00abinaceptables\\u00bb las palabras de la diplom\\u00e1tica de EEUU hacia la UE - El Digital de Asturias\",\"description\":\"Bruselas, 8 feb (EFE).- El presidente permanente del Consejo Europeo, Herman Van Rompuy, tach\\u00f3 hoy de \\\"inaceptables\\\" las palabras de la secretaria de Estado de EEUU para Europa, Victoria Nuland, quien en una conversaci\\u00f3n telef\\u00f3nica dijo \\\"que se joda la UE\\\", a prop\\u00f3sito de su papel en Ucrania. Nuland hablaba por tel\\u00e9fono de forma privada\",\"inLanguage\":\"es-ES\",\"isPartOf\":{\"@id\":\"https:\\\/\\\/www.eldigitaldeasturias.com\\\/noticias\\\/#website\"},\"breadcrumb\":{\"@id\":\"https:\\\/\\\/www.eldigitaldeasturias.com\\\/noticias\\\/van-rompuy-tacha-de-inaceptables-las-palabras-de-la-diplomatica-de-eeuu-hacia-la-ue\\\/#breadcrumblist\"},\"author\":{\"@id\":\"https:\\\/\\\/www.eldigitaldeasturias.com\\\/noticias\\\/author\\\/admin\\\/#author\"},\"creator\":{\"@id\":\"https:\\\/\\\/www.eldigitaldeasturias.com\\\/noticias\\\/author\\\/admin\\\/#author\"},\"image\":{\"@type\":\"ImageObject\",\"url\":486822,\"@id\":\"https:\\\/\\\/www.eldigitaldeasturias.com\\\/noticias\\\/van-rompuy-tacha-de-inaceptables-las-palabras-de-la-diplomatica-de-eeuu-hacia-la-ue\\\/#mainImage\"},\"primaryImageOfPage\":{\"@id\":\"https:\\\/\\\/www.eldigitaldeasturias.com\\\/noticias\\\/van-rompuy-tacha-de-inaceptables-las-palabras-de-la-diplomatica-de-eeuu-hacia-la-ue\\\/#mainImage\"},\"datePublished\":\"2014-02-08T20:24:00+01:00\",\"dateModified\":\"2014-02-08T20:24:00+01:00\"},{\"@type\":\"WebSite\",\"@id\":\"https:\\\/\\\/www.eldigitaldeasturias.com\\\/noticias\\\/#website\",\"url\":\"https:\\\/\\\/www.eldigitaldeasturias.com\\\/noticias\\\/\",\"name\":\"El Digital de Asturias - Diario de actualidad y noticias\",\"alternateName\":\"El Digital de Asturias - Diario de actualidad y noticias\",\"description\":\"Hemeroteca\",\"inLanguage\":\"es-ES\",\"publisher\":{\"@id\":\"https:\\\/\\\/www.eldigitaldeasturias.com\\\/noticias\\\/#organization\"}}]}\n\t\t<\/script>\n\t\t<!-- All in One SEO Pro -->\r\n\t\t<title>Van Rompuy tacha de \u00abinaceptables\u00bb las palabras de la diplom\u00e1tica de EEUU hacia la UE - El Digital de Asturias<\/title>\n\n","aioseo_head_json":{"title":"Van Rompuy tacha de \u00abinaceptables\u00bb las palabras de la diplom\u00e1tica de EEUU hacia la UE - El Digital de Asturias","description":"Bruselas, 8 feb (EFE).- El presidente permanente del Consejo Europeo, Herman Van Rompuy, tach\u00f3 hoy de \"inaceptables\" las palabras de la secretaria de Estado de EEUU para Europa, Victoria Nuland, quien en una conversaci\u00f3n telef\u00f3nica dijo \"que se joda la UE\", a prop\u00f3sito de su papel en Ucrania. Nuland hablaba por tel\u00e9fono de forma privada","canonical_url":"https:\/\/www.eldigitaldeasturias.com\/noticias\/van-rompuy-tacha-de-inaceptables-las-palabras-de-la-diplomatica-de-eeuu-hacia-la-ue\/","robots":"max-image-preview:large","keywords":"actualidad","webmasterTools":{"google-site-verification":"UA-38556648-1","msvalidate.01":"7dfe9f3f1b24437ab69f4f2559babe99","miscellaneous":""},"schema":{"@context":"https:\/\/schema.org","@graph":[{"@type":"BlogPosting","@id":"https:\/\/www.eldigitaldeasturias.com\/noticias\/van-rompuy-tacha-de-inaceptables-las-palabras-de-la-diplomatica-de-eeuu-hacia-la-ue\/#blogposting","name":"Van Rompuy tacha de \u00abinaceptables\u00bb las palabras de la diplom\u00e1tica de EEUU hacia la UE - El Digital de Asturias","headline":"Van Rompuy tacha de \u00abinaceptables\u00bb las palabras de la diplom\u00e1tica de EEUU hacia la UE","author":{"@id":"https:\/\/www.eldigitaldeasturias.com\/noticias\/author\/admin\/#author"},"publisher":{"@id":"https:\/\/www.eldigitaldeasturias.com\/noticias\/#organization"},"image":{"@type":"ImageObject","url":486822},"datePublished":"2014-02-08T20:24:00+01:00","dateModified":"2014-02-08T20:24:00+01:00","inLanguage":"es-ES","mainEntityOfPage":{"@id":"https:\/\/www.eldigitaldeasturias.com\/noticias\/van-rompuy-tacha-de-inaceptables-las-palabras-de-la-diplomatica-de-eeuu-hacia-la-ue\/#webpage"},"isPartOf":{"@id":"https:\/\/www.eldigitaldeasturias.com\/noticias\/van-rompuy-tacha-de-inaceptables-las-palabras-de-la-diplomatica-de-eeuu-hacia-la-ue\/#webpage"},"articleSection":"Actualidad"},{"@type":"BreadcrumbList","@id":"https:\/\/www.eldigitaldeasturias.com\/noticias\/van-rompuy-tacha-de-inaceptables-las-palabras-de-la-diplomatica-de-eeuu-hacia-la-ue\/#breadcrumblist","itemListElement":[{"@type":"ListItem","@id":"https:\/\/www.eldigitaldeasturias.com\/noticias#listItem","position":1,"name":"Home","item":"https:\/\/www.eldigitaldeasturias.com\/noticias","nextItem":{"@type":"ListItem","@id":"https:\/\/www.eldigitaldeasturias.com\/noticias\/category\/actualidad\/#listItem","name":"Actualidad"}},{"@type":"ListItem","@id":"https:\/\/www.eldigitaldeasturias.com\/noticias\/category\/actualidad\/#listItem","position":2,"name":"Actualidad","item":"https:\/\/www.eldigitaldeasturias.com\/noticias\/category\/actualidad\/","nextItem":{"@type":"ListItem","@id":"https:\/\/www.eldigitaldeasturias.com\/noticias\/van-rompuy-tacha-de-inaceptables-las-palabras-de-la-diplomatica-de-eeuu-hacia-la-ue\/#listItem","name":"Van Rompuy tacha de \u00abinaceptables\u00bb las palabras de la diplom\u00e1tica de EEUU hacia la UE"},"previousItem":{"@type":"ListItem","@id":"https:\/\/www.eldigitaldeasturias.com\/noticias#listItem","name":"Home"}},{"@type":"ListItem","@id":"https:\/\/www.eldigitaldeasturias.com\/noticias\/van-rompuy-tacha-de-inaceptables-las-palabras-de-la-diplomatica-de-eeuu-hacia-la-ue\/#listItem","position":3,"name":"Van Rompuy tacha de \u00abinaceptables\u00bb las palabras de la diplom\u00e1tica de EEUU hacia la UE","previousItem":{"@type":"ListItem","@id":"https:\/\/www.eldigitaldeasturias.com\/noticias\/category\/actualidad\/#listItem","name":"Actualidad"}}]},{"@type":"Organization","@id":"https:\/\/www.eldigitaldeasturias.com\/noticias\/#organization","name":"El Digital de Asturias","description":"Hemeroteca","url":"https:\/\/www.eldigitaldeasturias.com\/noticias\/","email":"info@eldigitaldeasturias.com","telephone":"+34652131393","logo":{"@type":"ImageObject","url":"https:\/\/www.eldigitaldeasturias.com\/noticias\/wp-content\/uploads\/2020\/12\/EDA.jpg","@id":"https:\/\/www.eldigitaldeasturias.com\/noticias\/van-rompuy-tacha-de-inaceptables-las-palabras-de-la-diplomatica-de-eeuu-hacia-la-ue\/#organizationLogo"},"image":{"@id":"https:\/\/www.eldigitaldeasturias.com\/noticias\/van-rompuy-tacha-de-inaceptables-las-palabras-de-la-diplomatica-de-eeuu-hacia-la-ue\/#organizationLogo"},"sameAs":["https:\/\/facebook.com\/eldigitaldeasturias","https:\/\/www.youtube.com\/channel\/UCZP-2wLEB9Rv6erhFmqVnvg"],"address":{"@id":"https:\/\/www.eldigitaldeasturias.com\/noticias\/#postaladdress","@type":"PostalAddress","streetAddress":"san antonio 4","postalCode":"33430","addressLocality":"Cand\u00e1s","addressRegion":"Asturias","addressCountry":"ES"}},{"@type":"Person","@id":"https:\/\/www.eldigitaldeasturias.com\/noticias\/author\/admin\/#author","url":"https:\/\/www.eldigitaldeasturias.com\/noticias\/author\/admin\/","name":"El Digital de Asturias","image":{"@type":"ImageObject","@id":"https:\/\/www.eldigitaldeasturias.com\/noticias\/van-rompuy-tacha-de-inaceptables-las-palabras-de-la-diplomatica-de-eeuu-hacia-la-ue\/#authorImage","url":"https:\/\/secure.gravatar.com\/avatar\/df2aeffc32bcd13f8d26072ef8a91b623d677766deac7f97ca815868cd41bf5e?s=96&d=mm&r=g","width":96,"height":96,"caption":"El Digital de Asturias"}},{"@type":"WebPage","@id":"https:\/\/www.eldigitaldeasturias.com\/noticias\/van-rompuy-tacha-de-inaceptables-las-palabras-de-la-diplomatica-de-eeuu-hacia-la-ue\/#webpage","url":"https:\/\/www.eldigitaldeasturias.com\/noticias\/van-rompuy-tacha-de-inaceptables-las-palabras-de-la-diplomatica-de-eeuu-hacia-la-ue\/","name":"Van Rompuy tacha de \u00abinaceptables\u00bb las palabras de la diplom\u00e1tica de EEUU hacia la UE - El Digital de Asturias","description":"Bruselas, 8 feb (EFE).- El presidente permanente del Consejo Europeo, Herman Van Rompuy, tach\u00f3 hoy de \"inaceptables\" las palabras de la secretaria de Estado de EEUU para Europa, Victoria Nuland, quien en una conversaci\u00f3n telef\u00f3nica dijo \"que se joda la UE\", a prop\u00f3sito de su papel en Ucrania. Nuland hablaba por tel\u00e9fono de forma privada","inLanguage":"es-ES","isPartOf":{"@id":"https:\/\/www.eldigitaldeasturias.com\/noticias\/#website"},"breadcrumb":{"@id":"https:\/\/www.eldigitaldeasturias.com\/noticias\/van-rompuy-tacha-de-inaceptables-las-palabras-de-la-diplomatica-de-eeuu-hacia-la-ue\/#breadcrumblist"},"author":{"@id":"https:\/\/www.eldigitaldeasturias.com\/noticias\/author\/admin\/#author"},"creator":{"@id":"https:\/\/www.eldigitaldeasturias.com\/noticias\/author\/admin\/#author"},"image":{"@type":"ImageObject","url":486822,"@id":"https:\/\/www.eldigitaldeasturias.com\/noticias\/van-rompuy-tacha-de-inaceptables-las-palabras-de-la-diplomatica-de-eeuu-hacia-la-ue\/#mainImage"},"primaryImageOfPage":{"@id":"https:\/\/www.eldigitaldeasturias.com\/noticias\/van-rompuy-tacha-de-inaceptables-las-palabras-de-la-diplomatica-de-eeuu-hacia-la-ue\/#mainImage"},"datePublished":"2014-02-08T20:24:00+01:00","dateModified":"2014-02-08T20:24:00+01:00"},{"@type":"WebSite","@id":"https:\/\/www.eldigitaldeasturias.com\/noticias\/#website","url":"https:\/\/www.eldigitaldeasturias.com\/noticias\/","name":"El Digital de Asturias - Diario de actualidad y noticias","alternateName":"El Digital de Asturias - Diario de actualidad y noticias","description":"Hemeroteca","inLanguage":"es-ES","publisher":{"@id":"https:\/\/www.eldigitaldeasturias.com\/noticias\/#organization"}}]},"og:locale":"es_ES","og:site_name":"El Digital de Asturias","og:type":"article","og:title":"Van Rompuy tacha de \u00abinaceptables\u00bb las palabras de la diplom\u00e1tica de EEUU hacia la UE - El Digital de Asturias","og:description":"Bruselas, 8 feb (EFE).- El presidente permanente del Consejo Europeo, Herman Van Rompuy, tach\u00f3 hoy de &quot;inaceptables&quot; las palabras de la secretaria de Estado de EEUU para Europa, Victoria Nuland, quien en una conversaci\u00f3n telef\u00f3nica dijo &quot;que se joda la UE&quot;, a prop\u00f3sito de su papel en Ucrania. Nuland hablaba por tel\u00e9fono de forma privada","og:url":"https:\/\/www.eldigitaldeasturias.com\/noticias\/van-rompuy-tacha-de-inaceptables-las-palabras-de-la-diplomatica-de-eeuu-hacia-la-ue\/","article:tag":["actualidad"],"article:published_time":"2014-02-08T21:24:00+00:00","article:modified_time":"2014-02-08T21:24:00+00:00","article:publisher":"https:\/\/facebook.com\/eldigitaldeasturias","twitter:card":"summary_large_image","twitter:title":"Van Rompuy tacha de \u00abinaceptables\u00bb las palabras de la diplom\u00e1tica de EEUU hacia la UE - El Digital de Asturias","twitter:description":"Bruselas, 8 feb (EFE).- El presidente permanente del Consejo Europeo, Herman Van Rompuy, tach\u00f3 hoy de &quot;inaceptables&quot; las palabras de la secretaria de Estado de EEUU para Europa, Victoria Nuland, quien en una conversaci\u00f3n telef\u00f3nica dijo &quot;que se joda la UE&quot;, a prop\u00f3sito de su papel en Ucrania. Nuland hablaba por tel\u00e9fono de forma privada","twitter:label1":"Escrito por","twitter:data1":"El Digital de Asturias","twitter:label2":"Tiempo de lectura estimado","twitter:data2":"1 minuto"},"aioseo_meta_data":{"post_id":"486821","title":null,"description":null,"keywords":null,"keyphrases":null,"primary_term":null,"canonical_url":null,"og_title":null,"og_description":null,"og_object_type":"default","og_image_type":"default","og_image_url":null,"og_image_width":null,"og_image_height":null,"og_image_custom_url":null,"og_image_custom_fields":null,"og_video":null,"og_custom_url":null,"og_article_section":null,"og_article_tags":null,"twitter_use_og":true,"twitter_card":"default","twitter_image_type":"default","twitter_image_url":null,"twitter_image_custom_url":null,"twitter_image_custom_fields":null,"twitter_title":null,"twitter_description":null,"schema":{"blockGraphs":[],"customGraphs":[],"default":{"data":{"Article":[],"Course":[],"Dataset":[],"FAQPage":[],"Movie":[],"Person":[],"Product":[],"ProductReview":[],"Car":[],"Recipe":[],"Service":[],"SoftwareApplication":[],"WebPage":[]},"graphName":"","isEnabled":true},"graphs":[],"defaultGraph":"","defaultPostTypeGraph":""},"schema_type":null,"schema_type_options":null,"pillar_content":false,"robots_default":true,"robots_noindex":false,"robots_noarchive":false,"robots_nosnippet":false,"robots_nofollow":false,"robots_noimageindex":false,"robots_noodp":false,"robots_notranslate":false,"robots_max_snippet":null,"robots_max_videopreview":null,"robots_max_imagepreview":"none","priority":null,"frequency":null,"local_seo":null,"seo_analyzer_scan_date":"2026-06-03 02:45:48","breadcrumb_settings":null,"limit_modified_date":false,"open_ai":null,"ai":null,"created":"2020-11-14 22:56:15","updated":"2026-06-03 02:45:48","focus_keyword":null,"additional_keywords":null,"truseo_locale":null},"aioseo_breadcrumb":"<div class=\"aioseo-breadcrumbs\"><span class=\"aioseo-breadcrumb\">\n\t<a href=\"https:\/\/www.eldigitaldeasturias.com\/noticias\" title=\"Home\">Home<\/a>\n<\/span><span class=\"aioseo-breadcrumb-separator\">\u2013<\/span><span class=\"aioseo-breadcrumb\">\n\t<a href=\"https:\/\/www.eldigitaldeasturias.com\/noticias\/category\/actualidad\/\" title=\"Actualidad\">Actualidad<\/a>\n<\/span><span class=\"aioseo-breadcrumb-separator\">\u2013<\/span><span class=\"aioseo-breadcrumb\">\n\t<a href=\"https:\/\/www.eldigitaldeasturias.com\/noticias\/van-rompuy-tacha-de-inaceptables-las-palabras-de-la-diplomatica-de-eeuu-hacia-la-ue\/\" title=\"Van Rompuy tacha de \u00abinaceptables\u00bb las palabras de la diplom\u00e1tica de EEUU hacia la UE\">Van Rompuy tacha de \u00abinaceptables\u00bb las palabras de la diplom\u00e1tica de EEUU hacia la UE<\/a>\n<\/span><\/div>","aioseo_breadcrumb_json":[{"label":"Home","link":"https:\/\/www.eldigitaldeasturias.com\/noticias"},{"label":"Actualidad","link":"https:\/\/www.eldigitaldeasturias.com\/noticias\/category\/actualidad\/"},{"label":"Van Rompuy tacha de \u00abinaceptables\u00bb las palabras de la diplom\u00e1tica de EEUU hacia la UE","link":"https:\/\/www.eldigitaldeasturias.com\/noticias\/van-rompuy-tacha-de-inaceptables-las-palabras-de-la-diplomatica-de-eeuu-hacia-la-ue\/"}],"_links":{"self":[{"href":"https:\/\/www.eldigitaldeasturias.com\/noticias\/wp-json\/wp\/v2\/posts\/486821","targetHints":{"allow":["GET"]}}],"collection":[{"href":"https:\/\/www.eldigitaldeasturias.com\/noticias\/wp-json\/wp\/v2\/posts"}],"about":[{"href":"https:\/\/www.eldigitaldeasturias.com\/noticias\/wp-json\/wp\/v2\/types\/post"}],"author":[{"embeddable":true,"href":"https:\/\/www.eldigitaldeasturias.com\/noticias\/wp-json\/wp\/v2\/users\/1"}],"replies":[{"embeddable":true,"href":"https:\/\/www.eldigitaldeasturias.com\/noticias\/wp-json\/wp\/v2\/comments?post=486821"}],"version-history":[{"count":0,"href":"https:\/\/www.eldigitaldeasturias.com\/noticias\/wp-json\/wp\/v2\/posts\/486821\/revisions"}],"wp:attachment":[{"href":"https:\/\/www.eldigitaldeasturias.com\/noticias\/wp-json\/wp\/v2\/media?parent=486821"}],"wp:term":[{"taxonomy":"category","embeddable":true,"href":"https:\/\/www.eldigitaldeasturias.com\/noticias\/wp-json\/wp\/v2\/categories?post=486821"},{"taxonomy":"post_tag","embeddable":true,"href":"https:\/\/www.eldigitaldeasturias.com\/noticias\/wp-json\/wp\/v2\/tags?post=486821"}],"curies":[{"name":"wp","href":"https:\/\/api.w.org\/{rel}","templated":true}]}}