{"id":486775,"date":"2014-02-08T20:00:22","date_gmt":"2014-02-08T21:00:22","guid":{"rendered":"http:\/\/www.eldigitaldeasturias.com\/noticias\/?p=486775"},"modified":"2014-02-08T20:00:22","modified_gmt":"2014-02-08T21:00:22","slug":"patxi-lopez-cree-que-la-solucion-a-la-crisis-es-ceder-soberania-no-el-independentismo","status":"publish","type":"post","link":"https:\/\/www.eldigitaldeasturias.com\/noticias\/patxi-lopez-cree-que-la-solucion-a-la-crisis-es-ceder-soberania-no-el-independentismo\/","title":{"rendered":"Patxi L\u00f3pez cree que la soluci\u00f3n a la crisis \u00abes ceder soberan\u00eda, no el independentismo\u00bb"},"content":{"rendered":"<p><img loading=\"lazy\" decoding=\"async\" class=\"alignleft size-medium wp-image-486776\" alt=\"5923533w\" src=\"https:\/\/www.eldigitaldeasturias.com\/noticias\/wp-content\/uploads\/2014\/02\/5923533w-360x221.jpg\" width=\"360\" height=\"221\" \/>Bilbao, 8 feb (EFE).- El secretario general del PSE-EE, Patxi L\u00f3pez, ha asegurado hoy en Bilbao que la soluci\u00f3n a la crisis econ\u00f3mica requiere la cesi\u00f3n de soberan\u00eda nacional a los \u00f3rganos comunes de la Uni\u00f3n Europea, lo contrario al independentismo de los partidos nacionalistas.<\/p>\n<p>En un acto con las juventudes del PSE-EE, L\u00f3pez ha abogado por un cambio de la pol\u00edtica econ\u00f3mica, con medidas de impulso a la actividad econ\u00f3mica y un aumento de las partidas para formaci\u00f3n y para I+D+i porque la mejora de la competitividad no puede venir, como en los \u00faltimos a\u00f1os, de la reducci\u00f3n de los salarios.<\/p>\n<p>Adem\u00e1s, ha considerado que Espa\u00f1a sola no puede solucionar la crisis econ\u00f3mica y que es \u00abnecesario cambiar cosas en Europa, con un Banco Central m\u00e1s potente y un Banco Europeo de Inversiones (BEI) que inyecte recursos\u00bb.<\/p>\n<p>\u00abHay que tener pol\u00edticas econ\u00f3micas, sociales y fiscales comunes para toda Europa y tenemos que ceder soberan\u00eda. Por eso el independentismo, que fractura territorios y sociedades, aleja radicalmente la soluci\u00f3n a nuestros problemas\u00bb, ha sostenido.<\/p>\n<p>Patxi L\u00f3pez ha afirmado que se alegra de la mejora de algunos indicadores macroecon\u00f3micos, pero ha subrayado que en Espa\u00f1a \u00ablo que mejora es por el Banco Central Europeo y Mario Draghi\u00bb y \u00ablo que empeora es gracias a las pol\u00edticas de derechas de Rajoy\u00bb.<\/p>\n<p>Tambi\u00e9n se ha congratulado de la bajada del paro, pero ha hecho hincapi\u00e9 en que el dato m\u00e1s relevante sobre el empleo es el del n\u00famero de cotizantes a la Seguridad Social, que ha bajado en 184.000 en Espa\u00f1a y en m\u00e1s de 9.000 en el Pa\u00eds Vasco.<\/p>\n<p>\u00abEs decir, se destruye empleo y el que se crea es de mucha menos calidad porque sustituye contratos fijos por temporales y en precario\u00bb, ha agregado.<\/p>\n<p>El secretario general del PSE-EE ha exigido al lehendakari, I\u00f1igo Urkullu, que lidere un gran pacto vasco por el empleo que integre al resto de instituciones, a sindicatos y a empresarios.<\/p>\n","protected":false},"excerpt":{"rendered":"<p>Bilbao, 8 feb (EFE).- El secretario general del PSE-EE, Patxi L\u00f3pez, ha asegurado hoy en Bilbao que la soluci\u00f3n a la crisis econ\u00f3mica requiere la cesi\u00f3n de soberan\u00eda nacional a los \u00f3rganos comunes de la Uni\u00f3n Europea, lo contrario al independentismo de los partidos nacionalistas. En un acto con las juventudes del PSE-EE, L\u00f3pez ha [&hellip;]<\/p>\n","protected":false},"author":1,"featured_media":486776,"comment_status":"open","ping_status":"open","sticky":false,"template":"","format":"standard","meta":{"footnotes":""},"categories":[1],"tags":[],"class_list":["post-486775","post","type-post","status-publish","format-standard","has-post-thumbnail","hentry","category-actualidad"],"aioseo_notices":[],"aioseo_head":"\n\t\t<!-- All in One SEO Pro 5.0.1 - aioseo.com -->\n\t<meta name=\"description\" content=\"Bilbao, 8 feb (EFE).- El secretario general del PSE-EE, Patxi L\u00f3pez, ha asegurado hoy en Bilbao que la soluci\u00f3n a la crisis econ\u00f3mica requiere la cesi\u00f3n de soberan\u00eda nacional a los \u00f3rganos comunes de la Uni\u00f3n Europea, lo contrario al independentismo de los partidos nacionalistas. En un acto con las juventudes del PSE-EE, L\u00f3pez ha\" \/>\n\t<meta name=\"robots\" content=\"max-image-preview:large\" \/>\n\t<meta name=\"author\" content=\"El Digital de Asturias\"\/>\n\t<meta name=\"google-site-verification\" content=\"UA-38556648-1\" \/>\n\t<meta name=\"msvalidate.01\" content=\"7dfe9f3f1b24437ab69f4f2559babe99\" \/>\n\t<meta name=\"keywords\" content=\"actualidad\" \/>\n\t<link rel=\"canonical\" href=\"https:\/\/www.eldigitaldeasturias.com\/noticias\/patxi-lopez-cree-que-la-solucion-a-la-crisis-es-ceder-soberania-no-el-independentismo\/\" \/>\n\t<meta name=\"generator\" content=\"All in One SEO Pro (AIOSEO) 5.0.1\" \/>\n\t\t<meta property=\"og:locale\" content=\"es_ES\" \/>\n\t\t<meta property=\"og:site_name\" content=\"El Digital de Asturias\" \/>\n\t\t<meta property=\"og:type\" content=\"article\" \/>\n\t\t<meta property=\"og:title\" content=\"Patxi L\u00f3pez cree que la soluci\u00f3n a la crisis \u00abes ceder soberan\u00eda, no el independentismo\u00bb - El Digital de Asturias\" \/>\n\t\t<meta property=\"og:description\" content=\"Bilbao, 8 feb (EFE).- El secretario general del PSE-EE, Patxi L\u00f3pez, ha asegurado hoy en Bilbao que la soluci\u00f3n a la crisis econ\u00f3mica requiere la cesi\u00f3n de soberan\u00eda nacional a los \u00f3rganos comunes de la Uni\u00f3n Europea, lo contrario al independentismo de los partidos nacionalistas. En un acto con las juventudes del PSE-EE, L\u00f3pez ha\" \/>\n\t\t<meta property=\"og:url\" content=\"https:\/\/www.eldigitaldeasturias.com\/noticias\/patxi-lopez-cree-que-la-solucion-a-la-crisis-es-ceder-soberania-no-el-independentismo\/\" \/>\n\t\t<meta property=\"article:tag\" content=\"actualidad\" \/>\n\t\t<meta property=\"article:published_time\" content=\"2014-02-08T21:00:22+00:00\" \/>\n\t\t<meta property=\"article:modified_time\" content=\"2014-02-08T21:00:22+00:00\" \/>\n\t\t<meta property=\"article:publisher\" content=\"https:\/\/facebook.com\/eldigitaldeasturias\" \/>\n\t\t<meta name=\"twitter:card\" content=\"summary_large_image\" \/>\n\t\t<meta name=\"twitter:title\" content=\"Patxi L\u00f3pez cree que la soluci\u00f3n a la crisis \u00abes ceder soberan\u00eda, no el independentismo\u00bb - El Digital de Asturias\" \/>\n\t\t<meta name=\"twitter:description\" content=\"Bilbao, 8 feb (EFE).- El secretario general del PSE-EE, Patxi L\u00f3pez, ha asegurado hoy en Bilbao que la soluci\u00f3n a la crisis econ\u00f3mica requiere la cesi\u00f3n de soberan\u00eda nacional a los \u00f3rganos comunes de la Uni\u00f3n Europea, lo contrario al independentismo de los partidos nacionalistas. En un acto con las juventudes del PSE-EE, L\u00f3pez ha\" \/>\n\t\t<meta name=\"twitter:label1\" content=\"Escrito por\" \/>\n\t\t<meta name=\"twitter:data1\" content=\"El Digital de Asturias\" \/>\n\t\t<meta name=\"twitter:label2\" content=\"Tiempo de lectura estimado\" \/>\n\t\t<meta name=\"twitter:data2\" content=\"2 minutos\" \/>\n\t\t<script type=\"application\/ld+json\" class=\"aioseo-schema\">\n\t\t\t{\"@context\":\"https:\\\/\\\/schema.org\",\"@graph\":[{\"@type\":\"BlogPosting\",\"@id\":\"https:\\\/\\\/www.eldigitaldeasturias.com\\\/noticias\\\/patxi-lopez-cree-que-la-solucion-a-la-crisis-es-ceder-soberania-no-el-independentismo\\\/#blogposting\",\"name\":\"Patxi L\\u00f3pez cree que la soluci\\u00f3n a la crisis \\u00abes ceder soberan\\u00eda, no el independentismo\\u00bb - El Digital de Asturias\",\"headline\":\"Patxi L\\u00f3pez cree que la soluci\\u00f3n a la crisis \\u00abes ceder soberan\\u00eda, no el independentismo\\u00bb\",\"author\":{\"@id\":\"https:\\\/\\\/www.eldigitaldeasturias.com\\\/noticias\\\/author\\\/admin\\\/#author\"},\"publisher\":{\"@id\":\"https:\\\/\\\/www.eldigitaldeasturias.com\\\/noticias\\\/#organization\"},\"image\":{\"@type\":\"ImageObject\",\"url\":486776},\"datePublished\":\"2014-02-08T20:00:22+01:00\",\"dateModified\":\"2014-02-08T20:00:22+01:00\",\"inLanguage\":\"es-ES\",\"mainEntityOfPage\":{\"@id\":\"https:\\\/\\\/www.eldigitaldeasturias.com\\\/noticias\\\/patxi-lopez-cree-que-la-solucion-a-la-crisis-es-ceder-soberania-no-el-independentismo\\\/#webpage\"},\"isPartOf\":{\"@id\":\"https:\\\/\\\/www.eldigitaldeasturias.com\\\/noticias\\\/patxi-lopez-cree-que-la-solucion-a-la-crisis-es-ceder-soberania-no-el-independentismo\\\/#webpage\"},\"articleSection\":\"Actualidad\"},{\"@type\":\"BreadcrumbList\",\"@id\":\"https:\\\/\\\/www.eldigitaldeasturias.com\\\/noticias\\\/patxi-lopez-cree-que-la-solucion-a-la-crisis-es-ceder-soberania-no-el-independentismo\\\/#breadcrumblist\",\"itemListElement\":[{\"@type\":\"ListItem\",\"@id\":\"https:\\\/\\\/www.eldigitaldeasturias.com\\\/noticias#listItem\",\"position\":1,\"name\":\"Home\",\"item\":\"https:\\\/\\\/www.eldigitaldeasturias.com\\\/noticias\",\"nextItem\":{\"@type\":\"ListItem\",\"@id\":\"https:\\\/\\\/www.eldigitaldeasturias.com\\\/noticias\\\/category\\\/actualidad\\\/#listItem\",\"name\":\"Actualidad\"}},{\"@type\":\"ListItem\",\"@id\":\"https:\\\/\\\/www.eldigitaldeasturias.com\\\/noticias\\\/category\\\/actualidad\\\/#listItem\",\"position\":2,\"name\":\"Actualidad\",\"item\":\"https:\\\/\\\/www.eldigitaldeasturias.com\\\/noticias\\\/category\\\/actualidad\\\/\",\"nextItem\":{\"@type\":\"ListItem\",\"@id\":\"https:\\\/\\\/www.eldigitaldeasturias.com\\\/noticias\\\/patxi-lopez-cree-que-la-solucion-a-la-crisis-es-ceder-soberania-no-el-independentismo\\\/#listItem\",\"name\":\"Patxi L\\u00f3pez cree que la soluci\\u00f3n a la crisis \\u00abes ceder soberan\\u00eda, no el independentismo\\u00bb\"},\"previousItem\":{\"@type\":\"ListItem\",\"@id\":\"https:\\\/\\\/www.eldigitaldeasturias.com\\\/noticias#listItem\",\"name\":\"Home\"}},{\"@type\":\"ListItem\",\"@id\":\"https:\\\/\\\/www.eldigitaldeasturias.com\\\/noticias\\\/patxi-lopez-cree-que-la-solucion-a-la-crisis-es-ceder-soberania-no-el-independentismo\\\/#listItem\",\"position\":3,\"name\":\"Patxi L\\u00f3pez cree que la soluci\\u00f3n a la crisis \\u00abes ceder soberan\\u00eda, no el independentismo\\u00bb\",\"previousItem\":{\"@type\":\"ListItem\",\"@id\":\"https:\\\/\\\/www.eldigitaldeasturias.com\\\/noticias\\\/category\\\/actualidad\\\/#listItem\",\"name\":\"Actualidad\"}}]},{\"@type\":\"Organization\",\"@id\":\"https:\\\/\\\/www.eldigitaldeasturias.com\\\/noticias\\\/#organization\",\"name\":\"El Digital de Asturias\",\"description\":\"Hemeroteca\",\"url\":\"https:\\\/\\\/www.eldigitaldeasturias.com\\\/noticias\\\/\",\"email\":\"info@eldigitaldeasturias.com\",\"telephone\":\"+34652131393\",\"logo\":{\"@type\":\"ImageObject\",\"url\":\"https:\\\/\\\/www.eldigitaldeasturias.com\\\/noticias\\\/wp-content\\\/uploads\\\/2020\\\/12\\\/EDA.jpg\",\"@id\":\"https:\\\/\\\/www.eldigitaldeasturias.com\\\/noticias\\\/patxi-lopez-cree-que-la-solucion-a-la-crisis-es-ceder-soberania-no-el-independentismo\\\/#organizationLogo\"},\"image\":{\"@id\":\"https:\\\/\\\/www.eldigitaldeasturias.com\\\/noticias\\\/patxi-lopez-cree-que-la-solucion-a-la-crisis-es-ceder-soberania-no-el-independentismo\\\/#organizationLogo\"},\"sameAs\":[\"https:\\\/\\\/facebook.com\\\/eldigitaldeasturias\",\"https:\\\/\\\/www.youtube.com\\\/channel\\\/UCZP-2wLEB9Rv6erhFmqVnvg\"],\"address\":{\"@id\":\"https:\\\/\\\/www.eldigitaldeasturias.com\\\/noticias\\\/#postaladdress\",\"@type\":\"PostalAddress\",\"streetAddress\":\"san antonio 4\",\"postalCode\":\"33430\",\"addressLocality\":\"Cand\\u00e1s\",\"addressRegion\":\"Asturias\",\"addressCountry\":\"ES\"}},{\"@type\":\"Person\",\"@id\":\"https:\\\/\\\/www.eldigitaldeasturias.com\\\/noticias\\\/author\\\/admin\\\/#author\",\"url\":\"https:\\\/\\\/www.eldigitaldeasturias.com\\\/noticias\\\/author\\\/admin\\\/\",\"name\":\"El Digital de Asturias\",\"image\":{\"@type\":\"ImageObject\",\"@id\":\"https:\\\/\\\/www.eldigitaldeasturias.com\\\/noticias\\\/patxi-lopez-cree-que-la-solucion-a-la-crisis-es-ceder-soberania-no-el-independentismo\\\/#authorImage\",\"url\":\"https:\\\/\\\/secure.gravatar.com\\\/avatar\\\/df2aeffc32bcd13f8d26072ef8a91b623d677766deac7f97ca815868cd41bf5e?s=96&d=mm&r=g\",\"width\":96,\"height\":96,\"caption\":\"El Digital de Asturias\"}},{\"@type\":\"WebPage\",\"@id\":\"https:\\\/\\\/www.eldigitaldeasturias.com\\\/noticias\\\/patxi-lopez-cree-que-la-solucion-a-la-crisis-es-ceder-soberania-no-el-independentismo\\\/#webpage\",\"url\":\"https:\\\/\\\/www.eldigitaldeasturias.com\\\/noticias\\\/patxi-lopez-cree-que-la-solucion-a-la-crisis-es-ceder-soberania-no-el-independentismo\\\/\",\"name\":\"Patxi L\\u00f3pez cree que la soluci\\u00f3n a la crisis \\u00abes ceder soberan\\u00eda, no el independentismo\\u00bb - El Digital de Asturias\",\"description\":\"Bilbao, 8 feb (EFE).- El secretario general del PSE-EE, Patxi L\\u00f3pez, ha asegurado hoy en Bilbao que la soluci\\u00f3n a la crisis econ\\u00f3mica requiere la cesi\\u00f3n de soberan\\u00eda nacional a los \\u00f3rganos comunes de la Uni\\u00f3n Europea, lo contrario al independentismo de los partidos nacionalistas. En un acto con las juventudes del PSE-EE, L\\u00f3pez ha\",\"inLanguage\":\"es-ES\",\"isPartOf\":{\"@id\":\"https:\\\/\\\/www.eldigitaldeasturias.com\\\/noticias\\\/#website\"},\"breadcrumb\":{\"@id\":\"https:\\\/\\\/www.eldigitaldeasturias.com\\\/noticias\\\/patxi-lopez-cree-que-la-solucion-a-la-crisis-es-ceder-soberania-no-el-independentismo\\\/#breadcrumblist\"},\"author\":{\"@id\":\"https:\\\/\\\/www.eldigitaldeasturias.com\\\/noticias\\\/author\\\/admin\\\/#author\"},\"creator\":{\"@id\":\"https:\\\/\\\/www.eldigitaldeasturias.com\\\/noticias\\\/author\\\/admin\\\/#author\"},\"image\":{\"@type\":\"ImageObject\",\"url\":486776,\"@id\":\"https:\\\/\\\/www.eldigitaldeasturias.com\\\/noticias\\\/patxi-lopez-cree-que-la-solucion-a-la-crisis-es-ceder-soberania-no-el-independentismo\\\/#mainImage\"},\"primaryImageOfPage\":{\"@id\":\"https:\\\/\\\/www.eldigitaldeasturias.com\\\/noticias\\\/patxi-lopez-cree-que-la-solucion-a-la-crisis-es-ceder-soberania-no-el-independentismo\\\/#mainImage\"},\"datePublished\":\"2014-02-08T20:00:22+01:00\",\"dateModified\":\"2014-02-08T20:00:22+01:00\"},{\"@type\":\"WebSite\",\"@id\":\"https:\\\/\\\/www.eldigitaldeasturias.com\\\/noticias\\\/#website\",\"url\":\"https:\\\/\\\/www.eldigitaldeasturias.com\\\/noticias\\\/\",\"name\":\"El Digital de Asturias - Diario de actualidad y noticias\",\"alternateName\":\"El Digital de Asturias - Diario de actualidad y noticias\",\"description\":\"Hemeroteca\",\"inLanguage\":\"es-ES\",\"publisher\":{\"@id\":\"https:\\\/\\\/www.eldigitaldeasturias.com\\\/noticias\\\/#organization\"}}]}\n\t\t<\/script>\n\t\t<!-- All in One SEO Pro -->\r\n\t\t<title>Patxi L\u00f3pez cree que la soluci\u00f3n a la crisis \u00abes ceder soberan\u00eda, no el independentismo\u00bb - El Digital de Asturias<\/title>\n\n","aioseo_head_json":{"title":"Patxi L\u00f3pez cree que la soluci\u00f3n a la crisis \u00abes ceder soberan\u00eda, no el independentismo\u00bb - El Digital de Asturias","description":"Bilbao, 8 feb (EFE).- El secretario general del PSE-EE, Patxi L\u00f3pez, ha asegurado hoy en Bilbao que la soluci\u00f3n a la crisis econ\u00f3mica requiere la cesi\u00f3n de soberan\u00eda nacional a los \u00f3rganos comunes de la Uni\u00f3n Europea, lo contrario al independentismo de los partidos nacionalistas. En un acto con las juventudes del PSE-EE, L\u00f3pez ha","canonical_url":"https:\/\/www.eldigitaldeasturias.com\/noticias\/patxi-lopez-cree-que-la-solucion-a-la-crisis-es-ceder-soberania-no-el-independentismo\/","robots":"max-image-preview:large","keywords":"actualidad","webmasterTools":{"google-site-verification":"UA-38556648-1","msvalidate.01":"7dfe9f3f1b24437ab69f4f2559babe99","miscellaneous":""},"schema":{"@context":"https:\/\/schema.org","@graph":[{"@type":"BlogPosting","@id":"https:\/\/www.eldigitaldeasturias.com\/noticias\/patxi-lopez-cree-que-la-solucion-a-la-crisis-es-ceder-soberania-no-el-independentismo\/#blogposting","name":"Patxi L\u00f3pez cree que la soluci\u00f3n a la crisis \u00abes ceder soberan\u00eda, no el independentismo\u00bb - El Digital de Asturias","headline":"Patxi L\u00f3pez cree que la soluci\u00f3n a la crisis \u00abes ceder soberan\u00eda, no el independentismo\u00bb","author":{"@id":"https:\/\/www.eldigitaldeasturias.com\/noticias\/author\/admin\/#author"},"publisher":{"@id":"https:\/\/www.eldigitaldeasturias.com\/noticias\/#organization"},"image":{"@type":"ImageObject","url":486776},"datePublished":"2014-02-08T20:00:22+01:00","dateModified":"2014-02-08T20:00:22+01:00","inLanguage":"es-ES","mainEntityOfPage":{"@id":"https:\/\/www.eldigitaldeasturias.com\/noticias\/patxi-lopez-cree-que-la-solucion-a-la-crisis-es-ceder-soberania-no-el-independentismo\/#webpage"},"isPartOf":{"@id":"https:\/\/www.eldigitaldeasturias.com\/noticias\/patxi-lopez-cree-que-la-solucion-a-la-crisis-es-ceder-soberania-no-el-independentismo\/#webpage"},"articleSection":"Actualidad"},{"@type":"BreadcrumbList","@id":"https:\/\/www.eldigitaldeasturias.com\/noticias\/patxi-lopez-cree-que-la-solucion-a-la-crisis-es-ceder-soberania-no-el-independentismo\/#breadcrumblist","itemListElement":[{"@type":"ListItem","@id":"https:\/\/www.eldigitaldeasturias.com\/noticias#listItem","position":1,"name":"Home","item":"https:\/\/www.eldigitaldeasturias.com\/noticias","nextItem":{"@type":"ListItem","@id":"https:\/\/www.eldigitaldeasturias.com\/noticias\/category\/actualidad\/#listItem","name":"Actualidad"}},{"@type":"ListItem","@id":"https:\/\/www.eldigitaldeasturias.com\/noticias\/category\/actualidad\/#listItem","position":2,"name":"Actualidad","item":"https:\/\/www.eldigitaldeasturias.com\/noticias\/category\/actualidad\/","nextItem":{"@type":"ListItem","@id":"https:\/\/www.eldigitaldeasturias.com\/noticias\/patxi-lopez-cree-que-la-solucion-a-la-crisis-es-ceder-soberania-no-el-independentismo\/#listItem","name":"Patxi L\u00f3pez cree que la soluci\u00f3n a la crisis \u00abes ceder soberan\u00eda, no el independentismo\u00bb"},"previousItem":{"@type":"ListItem","@id":"https:\/\/www.eldigitaldeasturias.com\/noticias#listItem","name":"Home"}},{"@type":"ListItem","@id":"https:\/\/www.eldigitaldeasturias.com\/noticias\/patxi-lopez-cree-que-la-solucion-a-la-crisis-es-ceder-soberania-no-el-independentismo\/#listItem","position":3,"name":"Patxi L\u00f3pez cree que la soluci\u00f3n a la crisis \u00abes ceder soberan\u00eda, no el independentismo\u00bb","previousItem":{"@type":"ListItem","@id":"https:\/\/www.eldigitaldeasturias.com\/noticias\/category\/actualidad\/#listItem","name":"Actualidad"}}]},{"@type":"Organization","@id":"https:\/\/www.eldigitaldeasturias.com\/noticias\/#organization","name":"El Digital de Asturias","description":"Hemeroteca","url":"https:\/\/www.eldigitaldeasturias.com\/noticias\/","email":"info@eldigitaldeasturias.com","telephone":"+34652131393","logo":{"@type":"ImageObject","url":"https:\/\/www.eldigitaldeasturias.com\/noticias\/wp-content\/uploads\/2020\/12\/EDA.jpg","@id":"https:\/\/www.eldigitaldeasturias.com\/noticias\/patxi-lopez-cree-que-la-solucion-a-la-crisis-es-ceder-soberania-no-el-independentismo\/#organizationLogo"},"image":{"@id":"https:\/\/www.eldigitaldeasturias.com\/noticias\/patxi-lopez-cree-que-la-solucion-a-la-crisis-es-ceder-soberania-no-el-independentismo\/#organizationLogo"},"sameAs":["https:\/\/facebook.com\/eldigitaldeasturias","https:\/\/www.youtube.com\/channel\/UCZP-2wLEB9Rv6erhFmqVnvg"],"address":{"@id":"https:\/\/www.eldigitaldeasturias.com\/noticias\/#postaladdress","@type":"PostalAddress","streetAddress":"san antonio 4","postalCode":"33430","addressLocality":"Cand\u00e1s","addressRegion":"Asturias","addressCountry":"ES"}},{"@type":"Person","@id":"https:\/\/www.eldigitaldeasturias.com\/noticias\/author\/admin\/#author","url":"https:\/\/www.eldigitaldeasturias.com\/noticias\/author\/admin\/","name":"El Digital de Asturias","image":{"@type":"ImageObject","@id":"https:\/\/www.eldigitaldeasturias.com\/noticias\/patxi-lopez-cree-que-la-solucion-a-la-crisis-es-ceder-soberania-no-el-independentismo\/#authorImage","url":"https:\/\/secure.gravatar.com\/avatar\/df2aeffc32bcd13f8d26072ef8a91b623d677766deac7f97ca815868cd41bf5e?s=96&d=mm&r=g","width":96,"height":96,"caption":"El Digital de Asturias"}},{"@type":"WebPage","@id":"https:\/\/www.eldigitaldeasturias.com\/noticias\/patxi-lopez-cree-que-la-solucion-a-la-crisis-es-ceder-soberania-no-el-independentismo\/#webpage","url":"https:\/\/www.eldigitaldeasturias.com\/noticias\/patxi-lopez-cree-que-la-solucion-a-la-crisis-es-ceder-soberania-no-el-independentismo\/","name":"Patxi L\u00f3pez cree que la soluci\u00f3n a la crisis \u00abes ceder soberan\u00eda, no el independentismo\u00bb - El Digital de Asturias","description":"Bilbao, 8 feb (EFE).- El secretario general del PSE-EE, Patxi L\u00f3pez, ha asegurado hoy en Bilbao que la soluci\u00f3n a la crisis econ\u00f3mica requiere la cesi\u00f3n de soberan\u00eda nacional a los \u00f3rganos comunes de la Uni\u00f3n Europea, lo contrario al independentismo de los partidos nacionalistas. En un acto con las juventudes del PSE-EE, L\u00f3pez ha","inLanguage":"es-ES","isPartOf":{"@id":"https:\/\/www.eldigitaldeasturias.com\/noticias\/#website"},"breadcrumb":{"@id":"https:\/\/www.eldigitaldeasturias.com\/noticias\/patxi-lopez-cree-que-la-solucion-a-la-crisis-es-ceder-soberania-no-el-independentismo\/#breadcrumblist"},"author":{"@id":"https:\/\/www.eldigitaldeasturias.com\/noticias\/author\/admin\/#author"},"creator":{"@id":"https:\/\/www.eldigitaldeasturias.com\/noticias\/author\/admin\/#author"},"image":{"@type":"ImageObject","url":486776,"@id":"https:\/\/www.eldigitaldeasturias.com\/noticias\/patxi-lopez-cree-que-la-solucion-a-la-crisis-es-ceder-soberania-no-el-independentismo\/#mainImage"},"primaryImageOfPage":{"@id":"https:\/\/www.eldigitaldeasturias.com\/noticias\/patxi-lopez-cree-que-la-solucion-a-la-crisis-es-ceder-soberania-no-el-independentismo\/#mainImage"},"datePublished":"2014-02-08T20:00:22+01:00","dateModified":"2014-02-08T20:00:22+01:00"},{"@type":"WebSite","@id":"https:\/\/www.eldigitaldeasturias.com\/noticias\/#website","url":"https:\/\/www.eldigitaldeasturias.com\/noticias\/","name":"El Digital de Asturias - Diario de actualidad y noticias","alternateName":"El Digital de Asturias - Diario de actualidad y noticias","description":"Hemeroteca","inLanguage":"es-ES","publisher":{"@id":"https:\/\/www.eldigitaldeasturias.com\/noticias\/#organization"}}]},"og:locale":"es_ES","og:site_name":"El Digital de Asturias","og:type":"article","og:title":"Patxi L\u00f3pez cree que la soluci\u00f3n a la crisis \u00abes ceder soberan\u00eda, no el independentismo\u00bb - El Digital de Asturias","og:description":"Bilbao, 8 feb (EFE).- El secretario general del PSE-EE, Patxi L\u00f3pez, ha asegurado hoy en Bilbao que la soluci\u00f3n a la crisis econ\u00f3mica requiere la cesi\u00f3n de soberan\u00eda nacional a los \u00f3rganos comunes de la Uni\u00f3n Europea, lo contrario al independentismo de los partidos nacionalistas. En un acto con las juventudes del PSE-EE, L\u00f3pez ha","og:url":"https:\/\/www.eldigitaldeasturias.com\/noticias\/patxi-lopez-cree-que-la-solucion-a-la-crisis-es-ceder-soberania-no-el-independentismo\/","article:tag":["actualidad"],"article:published_time":"2014-02-08T21:00:22+00:00","article:modified_time":"2014-02-08T21:00:22+00:00","article:publisher":"https:\/\/facebook.com\/eldigitaldeasturias","twitter:card":"summary_large_image","twitter:title":"Patxi L\u00f3pez cree que la soluci\u00f3n a la crisis \u00abes ceder soberan\u00eda, no el independentismo\u00bb - El Digital de Asturias","twitter:description":"Bilbao, 8 feb (EFE).- El secretario general del PSE-EE, Patxi L\u00f3pez, ha asegurado hoy en Bilbao que la soluci\u00f3n a la crisis econ\u00f3mica requiere la cesi\u00f3n de soberan\u00eda nacional a los \u00f3rganos comunes de la Uni\u00f3n Europea, lo contrario al independentismo de los partidos nacionalistas. En un acto con las juventudes del PSE-EE, L\u00f3pez ha","twitter:label1":"Escrito por","twitter:data1":"El Digital de Asturias","twitter:label2":"Tiempo de lectura estimado","twitter:data2":"2 minutos"},"aioseo_meta_data":{"post_id":"486775","title":null,"description":null,"keywords":null,"keyphrases":null,"primary_term":null,"canonical_url":null,"og_title":null,"og_description":null,"og_object_type":"default","og_image_type":"default","og_image_url":null,"og_image_width":null,"og_image_height":null,"og_image_custom_url":null,"og_image_custom_fields":null,"og_video":null,"og_custom_url":null,"og_article_section":null,"og_article_tags":null,"twitter_use_og":true,"twitter_card":"default","twitter_image_type":"default","twitter_image_url":null,"twitter_image_custom_url":null,"twitter_image_custom_fields":null,"twitter_title":null,"twitter_description":null,"schema":{"blockGraphs":[],"customGraphs":[],"default":{"data":{"Article":[],"Course":[],"Dataset":[],"FAQPage":[],"Movie":[],"Person":[],"Product":[],"ProductReview":[],"Car":[],"Recipe":[],"Service":[],"SoftwareApplication":[],"WebPage":[]},"graphName":"","isEnabled":true},"graphs":[],"defaultGraph":"","defaultPostTypeGraph":""},"schema_type":null,"schema_type_options":null,"pillar_content":false,"robots_default":true,"robots_noindex":false,"robots_noarchive":false,"robots_nosnippet":false,"robots_nofollow":false,"robots_noimageindex":false,"robots_noodp":false,"robots_notranslate":false,"robots_max_snippet":null,"robots_max_videopreview":null,"robots_max_imagepreview":"none","priority":null,"frequency":null,"local_seo":null,"seo_analyzer_scan_date":"2026-06-03 02:39:06","breadcrumb_settings":null,"limit_modified_date":false,"open_ai":null,"ai":null,"created":"2020-11-14 22:56:15","updated":"2026-06-03 02:39:06","focus_keyword":null,"additional_keywords":null,"truseo_locale":null},"aioseo_breadcrumb":"<div class=\"aioseo-breadcrumbs\"><span class=\"aioseo-breadcrumb\">\n\t<a href=\"https:\/\/www.eldigitaldeasturias.com\/noticias\" title=\"Home\">Home<\/a>\n<\/span><span class=\"aioseo-breadcrumb-separator\">\u2013<\/span><span class=\"aioseo-breadcrumb\">\n\t<a href=\"https:\/\/www.eldigitaldeasturias.com\/noticias\/category\/actualidad\/\" title=\"Actualidad\">Actualidad<\/a>\n<\/span><span class=\"aioseo-breadcrumb-separator\">\u2013<\/span><span class=\"aioseo-breadcrumb\">\n\t<a href=\"https:\/\/www.eldigitaldeasturias.com\/noticias\/patxi-lopez-cree-que-la-solucion-a-la-crisis-es-ceder-soberania-no-el-independentismo\/\" title=\"Patxi L\u00f3pez cree que la soluci\u00f3n a la crisis \u00abes ceder soberan\u00eda, no el independentismo\u00bb\">Patxi L\u00f3pez cree que la soluci\u00f3n a la crisis \u00abes ceder soberan\u00eda, no el independentismo\u00bb<\/a>\n<\/span><\/div>","aioseo_breadcrumb_json":[{"label":"Home","link":"https:\/\/www.eldigitaldeasturias.com\/noticias"},{"label":"Actualidad","link":"https:\/\/www.eldigitaldeasturias.com\/noticias\/category\/actualidad\/"},{"label":"Patxi L\u00f3pez cree que la soluci\u00f3n a la crisis \u00abes ceder soberan\u00eda, no el independentismo\u00bb","link":"https:\/\/www.eldigitaldeasturias.com\/noticias\/patxi-lopez-cree-que-la-solucion-a-la-crisis-es-ceder-soberania-no-el-independentismo\/"}],"_links":{"self":[{"href":"https:\/\/www.eldigitaldeasturias.com\/noticias\/wp-json\/wp\/v2\/posts\/486775","targetHints":{"allow":["GET"]}}],"collection":[{"href":"https:\/\/www.eldigitaldeasturias.com\/noticias\/wp-json\/wp\/v2\/posts"}],"about":[{"href":"https:\/\/www.eldigitaldeasturias.com\/noticias\/wp-json\/wp\/v2\/types\/post"}],"author":[{"embeddable":true,"href":"https:\/\/www.eldigitaldeasturias.com\/noticias\/wp-json\/wp\/v2\/users\/1"}],"replies":[{"embeddable":true,"href":"https:\/\/www.eldigitaldeasturias.com\/noticias\/wp-json\/wp\/v2\/comments?post=486775"}],"version-history":[{"count":0,"href":"https:\/\/www.eldigitaldeasturias.com\/noticias\/wp-json\/wp\/v2\/posts\/486775\/revisions"}],"wp:attachment":[{"href":"https:\/\/www.eldigitaldeasturias.com\/noticias\/wp-json\/wp\/v2\/media?parent=486775"}],"wp:term":[{"taxonomy":"category","embeddable":true,"href":"https:\/\/www.eldigitaldeasturias.com\/noticias\/wp-json\/wp\/v2\/categories?post=486775"},{"taxonomy":"post_tag","embeddable":true,"href":"https:\/\/www.eldigitaldeasturias.com\/noticias\/wp-json\/wp\/v2\/tags?post=486775"}],"curies":[{"name":"wp","href":"https:\/\/api.w.org\/{rel}","templated":true}]}}