{"id":486766,"date":"2014-02-08T19:55:09","date_gmt":"2014-02-08T20:55:09","guid":{"rendered":"http:\/\/www.eldigitaldeasturias.com\/noticias\/?p=486766"},"modified":"2014-02-08T19:55:09","modified_gmt":"2014-02-08T20:55:09","slug":"rio-de-janeiro-sube-el-precio-del-autobus-a-pesar-de-las-protestas","status":"publish","type":"post","link":"https:\/\/www.eldigitaldeasturias.com\/noticias\/rio-de-janeiro-sube-el-precio-del-autobus-a-pesar-de-las-protestas\/","title":{"rendered":"R\u00edo de Janeiro sube el precio del autob\u00fas a pesar de las protestas"},"content":{"rendered":"<p><img loading=\"lazy\" decoding=\"async\" class=\"alignleft size-medium wp-image-486767\" alt=\"5923698w\" src=\"https:\/\/www.eldigitaldeasturias.com\/noticias\/wp-content\/uploads\/2014\/02\/5923698w-360x239.jpg\" width=\"360\" height=\"239\" \/>R\u00edo de Janeiro, 8 feb (EFE).- El aumento de la tarifa de autob\u00fas entr\u00f3 hoy en vigor en R\u00edo de Janeiro a pesar de las protestas que en las \u00faltimas semanas han llevado a cientos de personas a manifestarse en contra del incremento del precio del transporte.<\/p>\n<p>A partir de hoy, los ciudadanos y turistas de la capital carioca deber\u00e1n pagar 3 reales (unos 1,26 d\u00f3lares) por el uso del autob\u00fas, frente a los 2,75 reales (unos 1,15 d\u00f3lares) fijados hasta el momento.<\/p>\n<p>Tras el anuncio del reajuste el pasado mes de enero, R\u00edo de Janeiro fue escenario de tres protestas, la \u00faltima de ellas el pasado jueves, cuando m\u00e1s de mil personas entraron de forma masiva en la estaci\u00f3n central de la ciudad en rechazo por el aumento del precio.<\/p>\n<p>La concentraci\u00f3n, que se vio salpicada por enfrentamientos entre polic\u00eda y manifestantes, termin\u00f3 con varias personas heridas, entre ellas un c\u00e1mara de una cadena de televisi\u00f3n que se encuentra en estado grave tras haber sido alcanzado por un artefacto pirot\u00e9cnico.<\/p>\n<p>El pasado junio, coincidiendo con la celebraci\u00f3n de la Copa de las Confederaciones, el anuncio de la subida del precio del autob\u00fas desencaden\u00f3 una ola de manifestaciones que sacudi\u00f3 el pa\u00eds y que oblig\u00f3 a las autoridades a revocar esa decisi\u00f3n.<\/p>\n<p>A pesar de que el detonante de todo fue la subida de 20 centavos de real (unos 8 centavos de d\u00f3lar) del billete del transporte p\u00fablico en Sao Paulo, las movilizaciones se mantuvieron para protestar contra la corrupci\u00f3n y los sistemas deficientes de salud y educaci\u00f3n, adem\u00e1s del alto gasto con la Copa de las Confederaciones de f\u00fatbol.<\/p>\n","protected":false},"excerpt":{"rendered":"<p>R\u00edo de Janeiro, 8 feb (EFE).- El aumento de la tarifa de autob\u00fas entr\u00f3 hoy en vigor en R\u00edo de Janeiro a pesar de las protestas que en las \u00faltimas semanas han llevado a cientos de personas a manifestarse en contra del incremento del precio del transporte. A partir de hoy, los ciudadanos y turistas [&hellip;]<\/p>\n","protected":false},"author":1,"featured_media":486767,"comment_status":"open","ping_status":"open","sticky":false,"template":"","format":"standard","meta":{"footnotes":""},"categories":[1],"tags":[],"class_list":["post-486766","post","type-post","status-publish","format-standard","has-post-thumbnail","hentry","category-actualidad"],"aioseo_notices":[],"aioseo_head":"\n\t\t<!-- All in One SEO Pro 5.0.1 - aioseo.com -->\n\t<meta name=\"description\" content=\"R\u00edo de Janeiro, 8 feb (EFE).- El aumento de la tarifa de autob\u00fas entr\u00f3 hoy en vigor en R\u00edo de Janeiro a pesar de las protestas que en las \u00faltimas semanas han llevado a cientos de personas a manifestarse en contra del incremento del precio del transporte. A partir de hoy, los ciudadanos y turistas\" \/>\n\t<meta name=\"robots\" content=\"max-image-preview:large\" \/>\n\t<meta name=\"author\" content=\"El Digital de Asturias\"\/>\n\t<meta name=\"google-site-verification\" content=\"UA-38556648-1\" \/>\n\t<meta name=\"msvalidate.01\" content=\"7dfe9f3f1b24437ab69f4f2559babe99\" \/>\n\t<meta name=\"keywords\" content=\"actualidad\" \/>\n\t<link rel=\"canonical\" href=\"https:\/\/www.eldigitaldeasturias.com\/noticias\/rio-de-janeiro-sube-el-precio-del-autobus-a-pesar-de-las-protestas\/\" \/>\n\t<meta name=\"generator\" content=\"All in One SEO Pro (AIOSEO) 5.0.1\" \/>\n\t\t<meta property=\"og:locale\" content=\"es_ES\" \/>\n\t\t<meta property=\"og:site_name\" content=\"El Digital de Asturias\" \/>\n\t\t<meta property=\"og:type\" content=\"article\" \/>\n\t\t<meta property=\"og:title\" content=\"R\u00edo de Janeiro sube el precio del autob\u00fas a pesar de las protestas - El Digital de Asturias\" \/>\n\t\t<meta property=\"og:description\" content=\"R\u00edo de Janeiro, 8 feb (EFE).- El aumento de la tarifa de autob\u00fas entr\u00f3 hoy en vigor en R\u00edo de Janeiro a pesar de las protestas que en las \u00faltimas semanas han llevado a cientos de personas a manifestarse en contra del incremento del precio del transporte. A partir de hoy, los ciudadanos y turistas\" \/>\n\t\t<meta property=\"og:url\" content=\"https:\/\/www.eldigitaldeasturias.com\/noticias\/rio-de-janeiro-sube-el-precio-del-autobus-a-pesar-de-las-protestas\/\" \/>\n\t\t<meta property=\"article:tag\" content=\"actualidad\" \/>\n\t\t<meta property=\"article:published_time\" content=\"2014-02-08T20:55:09+00:00\" \/>\n\t\t<meta property=\"article:modified_time\" content=\"2014-02-08T20:55:09+00:00\" \/>\n\t\t<meta property=\"article:publisher\" content=\"https:\/\/facebook.com\/eldigitaldeasturias\" \/>\n\t\t<meta name=\"twitter:card\" content=\"summary_large_image\" \/>\n\t\t<meta name=\"twitter:title\" content=\"R\u00edo de Janeiro sube el precio del autob\u00fas a pesar de las protestas - El Digital de Asturias\" \/>\n\t\t<meta name=\"twitter:description\" content=\"R\u00edo de Janeiro, 8 feb (EFE).- El aumento de la tarifa de autob\u00fas entr\u00f3 hoy en vigor en R\u00edo de Janeiro a pesar de las protestas que en las \u00faltimas semanas han llevado a cientos de personas a manifestarse en contra del incremento del precio del transporte. A partir de hoy, los ciudadanos y turistas\" \/>\n\t\t<meta name=\"twitter:label1\" content=\"Escrito por\" \/>\n\t\t<meta name=\"twitter:data1\" content=\"El Digital de Asturias\" \/>\n\t\t<meta name=\"twitter:label2\" content=\"Tiempo de lectura estimado\" \/>\n\t\t<meta name=\"twitter:data2\" content=\"1 minuto\" \/>\n\t\t<script type=\"application\/ld+json\" class=\"aioseo-schema\">\n\t\t\t{\"@context\":\"https:\\\/\\\/schema.org\",\"@graph\":[{\"@type\":\"BlogPosting\",\"@id\":\"https:\\\/\\\/www.eldigitaldeasturias.com\\\/noticias\\\/rio-de-janeiro-sube-el-precio-del-autobus-a-pesar-de-las-protestas\\\/#blogposting\",\"name\":\"R\\u00edo de Janeiro sube el precio del autob\\u00fas a pesar de las protestas - El Digital de Asturias\",\"headline\":\"R\\u00edo de Janeiro sube el precio del autob\\u00fas a pesar de las protestas\",\"author\":{\"@id\":\"https:\\\/\\\/www.eldigitaldeasturias.com\\\/noticias\\\/author\\\/admin\\\/#author\"},\"publisher\":{\"@id\":\"https:\\\/\\\/www.eldigitaldeasturias.com\\\/noticias\\\/#organization\"},\"image\":{\"@type\":\"ImageObject\",\"url\":486767},\"datePublished\":\"2014-02-08T19:55:09+01:00\",\"dateModified\":\"2014-02-08T19:55:09+01:00\",\"inLanguage\":\"es-ES\",\"mainEntityOfPage\":{\"@id\":\"https:\\\/\\\/www.eldigitaldeasturias.com\\\/noticias\\\/rio-de-janeiro-sube-el-precio-del-autobus-a-pesar-de-las-protestas\\\/#webpage\"},\"isPartOf\":{\"@id\":\"https:\\\/\\\/www.eldigitaldeasturias.com\\\/noticias\\\/rio-de-janeiro-sube-el-precio-del-autobus-a-pesar-de-las-protestas\\\/#webpage\"},\"articleSection\":\"Actualidad\"},{\"@type\":\"BreadcrumbList\",\"@id\":\"https:\\\/\\\/www.eldigitaldeasturias.com\\\/noticias\\\/rio-de-janeiro-sube-el-precio-del-autobus-a-pesar-de-las-protestas\\\/#breadcrumblist\",\"itemListElement\":[{\"@type\":\"ListItem\",\"@id\":\"https:\\\/\\\/www.eldigitaldeasturias.com\\\/noticias#listItem\",\"position\":1,\"name\":\"Home\",\"item\":\"https:\\\/\\\/www.eldigitaldeasturias.com\\\/noticias\",\"nextItem\":{\"@type\":\"ListItem\",\"@id\":\"https:\\\/\\\/www.eldigitaldeasturias.com\\\/noticias\\\/category\\\/actualidad\\\/#listItem\",\"name\":\"Actualidad\"}},{\"@type\":\"ListItem\",\"@id\":\"https:\\\/\\\/www.eldigitaldeasturias.com\\\/noticias\\\/category\\\/actualidad\\\/#listItem\",\"position\":2,\"name\":\"Actualidad\",\"item\":\"https:\\\/\\\/www.eldigitaldeasturias.com\\\/noticias\\\/category\\\/actualidad\\\/\",\"nextItem\":{\"@type\":\"ListItem\",\"@id\":\"https:\\\/\\\/www.eldigitaldeasturias.com\\\/noticias\\\/rio-de-janeiro-sube-el-precio-del-autobus-a-pesar-de-las-protestas\\\/#listItem\",\"name\":\"R\\u00edo de Janeiro sube el precio del autob\\u00fas a pesar de las protestas\"},\"previousItem\":{\"@type\":\"ListItem\",\"@id\":\"https:\\\/\\\/www.eldigitaldeasturias.com\\\/noticias#listItem\",\"name\":\"Home\"}},{\"@type\":\"ListItem\",\"@id\":\"https:\\\/\\\/www.eldigitaldeasturias.com\\\/noticias\\\/rio-de-janeiro-sube-el-precio-del-autobus-a-pesar-de-las-protestas\\\/#listItem\",\"position\":3,\"name\":\"R\\u00edo de Janeiro sube el precio del autob\\u00fas a pesar de las protestas\",\"previousItem\":{\"@type\":\"ListItem\",\"@id\":\"https:\\\/\\\/www.eldigitaldeasturias.com\\\/noticias\\\/category\\\/actualidad\\\/#listItem\",\"name\":\"Actualidad\"}}]},{\"@type\":\"Organization\",\"@id\":\"https:\\\/\\\/www.eldigitaldeasturias.com\\\/noticias\\\/#organization\",\"name\":\"El Digital de Asturias\",\"description\":\"Hemeroteca\",\"url\":\"https:\\\/\\\/www.eldigitaldeasturias.com\\\/noticias\\\/\",\"email\":\"info@eldigitaldeasturias.com\",\"telephone\":\"+34652131393\",\"logo\":{\"@type\":\"ImageObject\",\"url\":\"https:\\\/\\\/www.eldigitaldeasturias.com\\\/noticias\\\/wp-content\\\/uploads\\\/2020\\\/12\\\/EDA.jpg\",\"@id\":\"https:\\\/\\\/www.eldigitaldeasturias.com\\\/noticias\\\/rio-de-janeiro-sube-el-precio-del-autobus-a-pesar-de-las-protestas\\\/#organizationLogo\"},\"image\":{\"@id\":\"https:\\\/\\\/www.eldigitaldeasturias.com\\\/noticias\\\/rio-de-janeiro-sube-el-precio-del-autobus-a-pesar-de-las-protestas\\\/#organizationLogo\"},\"sameAs\":[\"https:\\\/\\\/facebook.com\\\/eldigitaldeasturias\",\"https:\\\/\\\/www.youtube.com\\\/channel\\\/UCZP-2wLEB9Rv6erhFmqVnvg\"],\"address\":{\"@id\":\"https:\\\/\\\/www.eldigitaldeasturias.com\\\/noticias\\\/#postaladdress\",\"@type\":\"PostalAddress\",\"streetAddress\":\"san antonio 4\",\"postalCode\":\"33430\",\"addressLocality\":\"Cand\\u00e1s\",\"addressRegion\":\"Asturias\",\"addressCountry\":\"ES\"}},{\"@type\":\"Person\",\"@id\":\"https:\\\/\\\/www.eldigitaldeasturias.com\\\/noticias\\\/author\\\/admin\\\/#author\",\"url\":\"https:\\\/\\\/www.eldigitaldeasturias.com\\\/noticias\\\/author\\\/admin\\\/\",\"name\":\"El Digital de Asturias\",\"image\":{\"@type\":\"ImageObject\",\"@id\":\"https:\\\/\\\/www.eldigitaldeasturias.com\\\/noticias\\\/rio-de-janeiro-sube-el-precio-del-autobus-a-pesar-de-las-protestas\\\/#authorImage\",\"url\":\"https:\\\/\\\/secure.gravatar.com\\\/avatar\\\/df2aeffc32bcd13f8d26072ef8a91b623d677766deac7f97ca815868cd41bf5e?s=96&d=mm&r=g\",\"width\":96,\"height\":96,\"caption\":\"El Digital de Asturias\"}},{\"@type\":\"WebPage\",\"@id\":\"https:\\\/\\\/www.eldigitaldeasturias.com\\\/noticias\\\/rio-de-janeiro-sube-el-precio-del-autobus-a-pesar-de-las-protestas\\\/#webpage\",\"url\":\"https:\\\/\\\/www.eldigitaldeasturias.com\\\/noticias\\\/rio-de-janeiro-sube-el-precio-del-autobus-a-pesar-de-las-protestas\\\/\",\"name\":\"R\\u00edo de Janeiro sube el precio del autob\\u00fas a pesar de las protestas - El Digital de Asturias\",\"description\":\"R\\u00edo de Janeiro, 8 feb (EFE).- El aumento de la tarifa de autob\\u00fas entr\\u00f3 hoy en vigor en R\\u00edo de Janeiro a pesar de las protestas que en las \\u00faltimas semanas han llevado a cientos de personas a manifestarse en contra del incremento del precio del transporte. A partir de hoy, los ciudadanos y turistas\",\"inLanguage\":\"es-ES\",\"isPartOf\":{\"@id\":\"https:\\\/\\\/www.eldigitaldeasturias.com\\\/noticias\\\/#website\"},\"breadcrumb\":{\"@id\":\"https:\\\/\\\/www.eldigitaldeasturias.com\\\/noticias\\\/rio-de-janeiro-sube-el-precio-del-autobus-a-pesar-de-las-protestas\\\/#breadcrumblist\"},\"author\":{\"@id\":\"https:\\\/\\\/www.eldigitaldeasturias.com\\\/noticias\\\/author\\\/admin\\\/#author\"},\"creator\":{\"@id\":\"https:\\\/\\\/www.eldigitaldeasturias.com\\\/noticias\\\/author\\\/admin\\\/#author\"},\"image\":{\"@type\":\"ImageObject\",\"url\":486767,\"@id\":\"https:\\\/\\\/www.eldigitaldeasturias.com\\\/noticias\\\/rio-de-janeiro-sube-el-precio-del-autobus-a-pesar-de-las-protestas\\\/#mainImage\"},\"primaryImageOfPage\":{\"@id\":\"https:\\\/\\\/www.eldigitaldeasturias.com\\\/noticias\\\/rio-de-janeiro-sube-el-precio-del-autobus-a-pesar-de-las-protestas\\\/#mainImage\"},\"datePublished\":\"2014-02-08T19:55:09+01:00\",\"dateModified\":\"2014-02-08T19:55:09+01:00\"},{\"@type\":\"WebSite\",\"@id\":\"https:\\\/\\\/www.eldigitaldeasturias.com\\\/noticias\\\/#website\",\"url\":\"https:\\\/\\\/www.eldigitaldeasturias.com\\\/noticias\\\/\",\"name\":\"El Digital de Asturias - Diario de actualidad y noticias\",\"alternateName\":\"El Digital de Asturias - Diario de actualidad y noticias\",\"description\":\"Hemeroteca\",\"inLanguage\":\"es-ES\",\"publisher\":{\"@id\":\"https:\\\/\\\/www.eldigitaldeasturias.com\\\/noticias\\\/#organization\"}}]}\n\t\t<\/script>\n\t\t<!-- All in One SEO Pro -->\r\n\t\t<title>R\u00edo de Janeiro sube el precio del autob\u00fas a pesar de las protestas - El Digital de Asturias<\/title>\n\n","aioseo_head_json":{"title":"R\u00edo de Janeiro sube el precio del autob\u00fas a pesar de las protestas - El Digital de Asturias","description":"R\u00edo de Janeiro, 8 feb (EFE).- El aumento de la tarifa de autob\u00fas entr\u00f3 hoy en vigor en R\u00edo de Janeiro a pesar de las protestas que en las \u00faltimas semanas han llevado a cientos de personas a manifestarse en contra del incremento del precio del transporte. A partir de hoy, los ciudadanos y turistas","canonical_url":"https:\/\/www.eldigitaldeasturias.com\/noticias\/rio-de-janeiro-sube-el-precio-del-autobus-a-pesar-de-las-protestas\/","robots":"max-image-preview:large","keywords":"actualidad","webmasterTools":{"google-site-verification":"UA-38556648-1","msvalidate.01":"7dfe9f3f1b24437ab69f4f2559babe99","miscellaneous":""},"schema":{"@context":"https:\/\/schema.org","@graph":[{"@type":"BlogPosting","@id":"https:\/\/www.eldigitaldeasturias.com\/noticias\/rio-de-janeiro-sube-el-precio-del-autobus-a-pesar-de-las-protestas\/#blogposting","name":"R\u00edo de Janeiro sube el precio del autob\u00fas a pesar de las protestas - El Digital de Asturias","headline":"R\u00edo de Janeiro sube el precio del autob\u00fas a pesar de las protestas","author":{"@id":"https:\/\/www.eldigitaldeasturias.com\/noticias\/author\/admin\/#author"},"publisher":{"@id":"https:\/\/www.eldigitaldeasturias.com\/noticias\/#organization"},"image":{"@type":"ImageObject","url":486767},"datePublished":"2014-02-08T19:55:09+01:00","dateModified":"2014-02-08T19:55:09+01:00","inLanguage":"es-ES","mainEntityOfPage":{"@id":"https:\/\/www.eldigitaldeasturias.com\/noticias\/rio-de-janeiro-sube-el-precio-del-autobus-a-pesar-de-las-protestas\/#webpage"},"isPartOf":{"@id":"https:\/\/www.eldigitaldeasturias.com\/noticias\/rio-de-janeiro-sube-el-precio-del-autobus-a-pesar-de-las-protestas\/#webpage"},"articleSection":"Actualidad"},{"@type":"BreadcrumbList","@id":"https:\/\/www.eldigitaldeasturias.com\/noticias\/rio-de-janeiro-sube-el-precio-del-autobus-a-pesar-de-las-protestas\/#breadcrumblist","itemListElement":[{"@type":"ListItem","@id":"https:\/\/www.eldigitaldeasturias.com\/noticias#listItem","position":1,"name":"Home","item":"https:\/\/www.eldigitaldeasturias.com\/noticias","nextItem":{"@type":"ListItem","@id":"https:\/\/www.eldigitaldeasturias.com\/noticias\/category\/actualidad\/#listItem","name":"Actualidad"}},{"@type":"ListItem","@id":"https:\/\/www.eldigitaldeasturias.com\/noticias\/category\/actualidad\/#listItem","position":2,"name":"Actualidad","item":"https:\/\/www.eldigitaldeasturias.com\/noticias\/category\/actualidad\/","nextItem":{"@type":"ListItem","@id":"https:\/\/www.eldigitaldeasturias.com\/noticias\/rio-de-janeiro-sube-el-precio-del-autobus-a-pesar-de-las-protestas\/#listItem","name":"R\u00edo de Janeiro sube el precio del autob\u00fas a pesar de las protestas"},"previousItem":{"@type":"ListItem","@id":"https:\/\/www.eldigitaldeasturias.com\/noticias#listItem","name":"Home"}},{"@type":"ListItem","@id":"https:\/\/www.eldigitaldeasturias.com\/noticias\/rio-de-janeiro-sube-el-precio-del-autobus-a-pesar-de-las-protestas\/#listItem","position":3,"name":"R\u00edo de Janeiro sube el precio del autob\u00fas a pesar de las protestas","previousItem":{"@type":"ListItem","@id":"https:\/\/www.eldigitaldeasturias.com\/noticias\/category\/actualidad\/#listItem","name":"Actualidad"}}]},{"@type":"Organization","@id":"https:\/\/www.eldigitaldeasturias.com\/noticias\/#organization","name":"El Digital de Asturias","description":"Hemeroteca","url":"https:\/\/www.eldigitaldeasturias.com\/noticias\/","email":"info@eldigitaldeasturias.com","telephone":"+34652131393","logo":{"@type":"ImageObject","url":"https:\/\/www.eldigitaldeasturias.com\/noticias\/wp-content\/uploads\/2020\/12\/EDA.jpg","@id":"https:\/\/www.eldigitaldeasturias.com\/noticias\/rio-de-janeiro-sube-el-precio-del-autobus-a-pesar-de-las-protestas\/#organizationLogo"},"image":{"@id":"https:\/\/www.eldigitaldeasturias.com\/noticias\/rio-de-janeiro-sube-el-precio-del-autobus-a-pesar-de-las-protestas\/#organizationLogo"},"sameAs":["https:\/\/facebook.com\/eldigitaldeasturias","https:\/\/www.youtube.com\/channel\/UCZP-2wLEB9Rv6erhFmqVnvg"],"address":{"@id":"https:\/\/www.eldigitaldeasturias.com\/noticias\/#postaladdress","@type":"PostalAddress","streetAddress":"san antonio 4","postalCode":"33430","addressLocality":"Cand\u00e1s","addressRegion":"Asturias","addressCountry":"ES"}},{"@type":"Person","@id":"https:\/\/www.eldigitaldeasturias.com\/noticias\/author\/admin\/#author","url":"https:\/\/www.eldigitaldeasturias.com\/noticias\/author\/admin\/","name":"El Digital de Asturias","image":{"@type":"ImageObject","@id":"https:\/\/www.eldigitaldeasturias.com\/noticias\/rio-de-janeiro-sube-el-precio-del-autobus-a-pesar-de-las-protestas\/#authorImage","url":"https:\/\/secure.gravatar.com\/avatar\/df2aeffc32bcd13f8d26072ef8a91b623d677766deac7f97ca815868cd41bf5e?s=96&d=mm&r=g","width":96,"height":96,"caption":"El Digital de Asturias"}},{"@type":"WebPage","@id":"https:\/\/www.eldigitaldeasturias.com\/noticias\/rio-de-janeiro-sube-el-precio-del-autobus-a-pesar-de-las-protestas\/#webpage","url":"https:\/\/www.eldigitaldeasturias.com\/noticias\/rio-de-janeiro-sube-el-precio-del-autobus-a-pesar-de-las-protestas\/","name":"R\u00edo de Janeiro sube el precio del autob\u00fas a pesar de las protestas - El Digital de Asturias","description":"R\u00edo de Janeiro, 8 feb (EFE).- El aumento de la tarifa de autob\u00fas entr\u00f3 hoy en vigor en R\u00edo de Janeiro a pesar de las protestas que en las \u00faltimas semanas han llevado a cientos de personas a manifestarse en contra del incremento del precio del transporte. A partir de hoy, los ciudadanos y turistas","inLanguage":"es-ES","isPartOf":{"@id":"https:\/\/www.eldigitaldeasturias.com\/noticias\/#website"},"breadcrumb":{"@id":"https:\/\/www.eldigitaldeasturias.com\/noticias\/rio-de-janeiro-sube-el-precio-del-autobus-a-pesar-de-las-protestas\/#breadcrumblist"},"author":{"@id":"https:\/\/www.eldigitaldeasturias.com\/noticias\/author\/admin\/#author"},"creator":{"@id":"https:\/\/www.eldigitaldeasturias.com\/noticias\/author\/admin\/#author"},"image":{"@type":"ImageObject","url":486767,"@id":"https:\/\/www.eldigitaldeasturias.com\/noticias\/rio-de-janeiro-sube-el-precio-del-autobus-a-pesar-de-las-protestas\/#mainImage"},"primaryImageOfPage":{"@id":"https:\/\/www.eldigitaldeasturias.com\/noticias\/rio-de-janeiro-sube-el-precio-del-autobus-a-pesar-de-las-protestas\/#mainImage"},"datePublished":"2014-02-08T19:55:09+01:00","dateModified":"2014-02-08T19:55:09+01:00"},{"@type":"WebSite","@id":"https:\/\/www.eldigitaldeasturias.com\/noticias\/#website","url":"https:\/\/www.eldigitaldeasturias.com\/noticias\/","name":"El Digital de Asturias - Diario de actualidad y noticias","alternateName":"El Digital de Asturias - Diario de actualidad y noticias","description":"Hemeroteca","inLanguage":"es-ES","publisher":{"@id":"https:\/\/www.eldigitaldeasturias.com\/noticias\/#organization"}}]},"og:locale":"es_ES","og:site_name":"El Digital de Asturias","og:type":"article","og:title":"R\u00edo de Janeiro sube el precio del autob\u00fas a pesar de las protestas - El Digital de Asturias","og:description":"R\u00edo de Janeiro, 8 feb (EFE).- El aumento de la tarifa de autob\u00fas entr\u00f3 hoy en vigor en R\u00edo de Janeiro a pesar de las protestas que en las \u00faltimas semanas han llevado a cientos de personas a manifestarse en contra del incremento del precio del transporte. A partir de hoy, los ciudadanos y turistas","og:url":"https:\/\/www.eldigitaldeasturias.com\/noticias\/rio-de-janeiro-sube-el-precio-del-autobus-a-pesar-de-las-protestas\/","article:tag":["actualidad"],"article:published_time":"2014-02-08T20:55:09+00:00","article:modified_time":"2014-02-08T20:55:09+00:00","article:publisher":"https:\/\/facebook.com\/eldigitaldeasturias","twitter:card":"summary_large_image","twitter:title":"R\u00edo de Janeiro sube el precio del autob\u00fas a pesar de las protestas - El Digital de Asturias","twitter:description":"R\u00edo de Janeiro, 8 feb (EFE).- El aumento de la tarifa de autob\u00fas entr\u00f3 hoy en vigor en R\u00edo de Janeiro a pesar de las protestas que en las \u00faltimas semanas han llevado a cientos de personas a manifestarse en contra del incremento del precio del transporte. A partir de hoy, los ciudadanos y turistas","twitter:label1":"Escrito por","twitter:data1":"El Digital de Asturias","twitter:label2":"Tiempo de lectura estimado","twitter:data2":"1 minuto"},"aioseo_meta_data":{"post_id":"486766","title":null,"description":null,"keywords":null,"keyphrases":null,"primary_term":null,"canonical_url":null,"og_title":null,"og_description":null,"og_object_type":"default","og_image_type":"default","og_image_url":null,"og_image_width":null,"og_image_height":null,"og_image_custom_url":null,"og_image_custom_fields":null,"og_video":null,"og_custom_url":null,"og_article_section":null,"og_article_tags":null,"twitter_use_og":true,"twitter_card":"default","twitter_image_type":"default","twitter_image_url":null,"twitter_image_custom_url":null,"twitter_image_custom_fields":null,"twitter_title":null,"twitter_description":null,"schema":{"blockGraphs":[],"customGraphs":[],"default":{"data":{"Article":[],"Course":[],"Dataset":[],"FAQPage":[],"Movie":[],"Person":[],"Product":[],"ProductReview":[],"Car":[],"Recipe":[],"Service":[],"SoftwareApplication":[],"WebPage":[]},"graphName":"","isEnabled":true},"graphs":[],"defaultGraph":"","defaultPostTypeGraph":""},"schema_type":null,"schema_type_options":null,"pillar_content":false,"robots_default":true,"robots_noindex":false,"robots_noarchive":false,"robots_nosnippet":false,"robots_nofollow":false,"robots_noimageindex":false,"robots_noodp":false,"robots_notranslate":false,"robots_max_snippet":null,"robots_max_videopreview":null,"robots_max_imagepreview":"none","priority":null,"frequency":null,"local_seo":null,"seo_analyzer_scan_date":"2026-06-03 02:36:47","breadcrumb_settings":null,"limit_modified_date":false,"open_ai":null,"ai":null,"created":"2020-11-14 22:56:13","updated":"2026-06-03 02:36:47","focus_keyword":null,"additional_keywords":null,"truseo_locale":null},"aioseo_breadcrumb":"<div class=\"aioseo-breadcrumbs\"><span class=\"aioseo-breadcrumb\">\n\t<a href=\"https:\/\/www.eldigitaldeasturias.com\/noticias\" title=\"Home\">Home<\/a>\n<\/span><span class=\"aioseo-breadcrumb-separator\">\u2013<\/span><span class=\"aioseo-breadcrumb\">\n\t<a href=\"https:\/\/www.eldigitaldeasturias.com\/noticias\/category\/actualidad\/\" title=\"Actualidad\">Actualidad<\/a>\n<\/span><span class=\"aioseo-breadcrumb-separator\">\u2013<\/span><span class=\"aioseo-breadcrumb\">\n\t<a href=\"https:\/\/www.eldigitaldeasturias.com\/noticias\/rio-de-janeiro-sube-el-precio-del-autobus-a-pesar-de-las-protestas\/\" title=\"R\u00edo de Janeiro sube el precio del autob\u00fas a pesar de las protestas\">R\u00edo de Janeiro sube el precio del autob\u00fas a pesar de las protestas<\/a>\n<\/span><\/div>","aioseo_breadcrumb_json":[{"label":"Home","link":"https:\/\/www.eldigitaldeasturias.com\/noticias"},{"label":"Actualidad","link":"https:\/\/www.eldigitaldeasturias.com\/noticias\/category\/actualidad\/"},{"label":"R\u00edo de Janeiro sube el precio del autob\u00fas a pesar de las protestas","link":"https:\/\/www.eldigitaldeasturias.com\/noticias\/rio-de-janeiro-sube-el-precio-del-autobus-a-pesar-de-las-protestas\/"}],"_links":{"self":[{"href":"https:\/\/www.eldigitaldeasturias.com\/noticias\/wp-json\/wp\/v2\/posts\/486766","targetHints":{"allow":["GET"]}}],"collection":[{"href":"https:\/\/www.eldigitaldeasturias.com\/noticias\/wp-json\/wp\/v2\/posts"}],"about":[{"href":"https:\/\/www.eldigitaldeasturias.com\/noticias\/wp-json\/wp\/v2\/types\/post"}],"author":[{"embeddable":true,"href":"https:\/\/www.eldigitaldeasturias.com\/noticias\/wp-json\/wp\/v2\/users\/1"}],"replies":[{"embeddable":true,"href":"https:\/\/www.eldigitaldeasturias.com\/noticias\/wp-json\/wp\/v2\/comments?post=486766"}],"version-history":[{"count":0,"href":"https:\/\/www.eldigitaldeasturias.com\/noticias\/wp-json\/wp\/v2\/posts\/486766\/revisions"}],"wp:attachment":[{"href":"https:\/\/www.eldigitaldeasturias.com\/noticias\/wp-json\/wp\/v2\/media?parent=486766"}],"wp:term":[{"taxonomy":"category","embeddable":true,"href":"https:\/\/www.eldigitaldeasturias.com\/noticias\/wp-json\/wp\/v2\/categories?post=486766"},{"taxonomy":"post_tag","embeddable":true,"href":"https:\/\/www.eldigitaldeasturias.com\/noticias\/wp-json\/wp\/v2\/tags?post=486766"}],"curies":[{"name":"wp","href":"https:\/\/api.w.org\/{rel}","templated":true}]}}