{"id":486763,"date":"2014-02-08T19:54:11","date_gmt":"2014-02-08T20:54:11","guid":{"rendered":"http:\/\/www.eldigitaldeasturias.com\/noticias\/?p=486763"},"modified":"2014-02-08T19:54:11","modified_gmt":"2014-02-08T20:54:11","slug":"pedrosa-dice-que-han-conseguido-mejorar-el-agarre-en-la-rueda-trasera","status":"publish","type":"post","link":"https:\/\/www.eldigitaldeasturias.com\/noticias\/pedrosa-dice-que-han-conseguido-mejorar-el-agarre-en-la-rueda-trasera\/","title":{"rendered":"Pedrosa dice que han conseguido mejorar el agarre en la rueda trasera"},"content":{"rendered":"<p><img loading=\"lazy\" decoding=\"async\" class=\"alignleft size-medium wp-image-486764\" alt=\"5923693w\" src=\"https:\/\/www.eldigitaldeasturias.com\/noticias\/wp-content\/uploads\/2014\/02\/5923693w-360x252.jpg\" width=\"360\" height=\"252\" \/>Madrid, 8 feb (EFE).- El espa\u00f1ol Dani Pedrosa (Honda RC213V) ha realizado las primeras pruebas de la temporada y despu\u00e9s de tres d\u00edas intensos en Malasia se siente satisfecho de c\u00f3mo han dio las cosas y, sobre todo, de haber \u00abconseguido mejorar el agarre de la rueda trasera\u00bb.<\/p>\n<p>\u00abEl a\u00f1o pasado me faltaba agarre en la rueda trasera y lo sufr\u00ed mucho. Mejor\u00e9 otros aspectos para intentar compensar esa falta. Nosotros siempre sufrimos m\u00e1s con la tracci\u00f3n en la salida de las curvas y todo lo que ganemos ah\u00ed va a ser positivo. Es algo en lo que hemos trabajado en este test y hemos dado pasos adelante\u00bb, dijo en una entrevista con su equipo.<\/p>\n<p>De las vacaciones directamente a tres intensos d\u00edas de entrenamientos. Un gran cambio.<\/p>\n<p>\u00abL\u00f3gicamente estoy cansado porque he hecho muchas vueltas y hac\u00eda mucho calor, pero en general estoy muy contento con mi estado f\u00edsico. Adem\u00e1s, ahora que empezamos a coger m\u00e1s moto, todav\u00eda iremos a mejor. Este a\u00f1o me ha dado tiempo a desconectar. He podido reposar y tambi\u00e9n divertirme un poco. Este invierno he estado haciendo windsurf, que es uno de mis hobbies preferidos\u00bb, indic\u00f3 Pedrosa.<\/p>\n<p>\u00abLas carreras del 2013 fueron mucho m\u00e1s intensas. Siempre ha habido mucha intensidad en MotoGP con Casey (Stoner) y Jorge (Lorenzo), pero en 2013 casi siempre llegamos apretados hasta la \u00faltima vuelta. Hubo muchas m\u00e1s carreras en la que llegamos dos o tres pilotos juntos. En estas situaciones es importante mantener la concentraci\u00f3n y ser preciso, a pesar del cansancio o de que la moto no est\u00e9 reaccionando al cien por cien debido al desgaste\u00bb, apunt\u00f3.<\/p>\n<p>Lo que est\u00e1 claro es que el piloto quiere estar al cien por cien cuando se inicie la temporada.<\/p>\n<p>\u00abLos dos primeros d\u00edas no empec\u00e9 con las mejores sensaciones, pero hemos podido mejorar. Como dec\u00eda, hemos aumentado un poco el agarre de la rueda trasera, pero tambi\u00e9n he progresado mucho sobre todo en el aspecto de las sensaciones que tengo sobre la moto\u00bb, asegur\u00f3.<\/p>\n<p>Respecto a los neum\u00e1ticos, Pedrosa se mostr\u00f3 optimista.<\/p>\n<p>\u00abHay que ver c\u00f3mo responden en otros circuitos, pero la verdad es que tanto el blando como el duro se pueden usar, mientras que la temporada pasada solo pod\u00edas usar el compuesto blando. El anterior duro no ten\u00eda nada de agarre, as\u00ed que en este sentido tambi\u00e9n ha ido bien\u00bb, asegur\u00f3.<\/p>\n<p>En los pr\u00f3ximos entrenamientos la simulaci\u00f3n de carrera ser\u00e1 otro de los aspectos a tener en cuenta.<\/p>\n<p>\u00abEst\u00e1 claro que ser\u00e1 una de las importantes, pero no la que m\u00e1s. Hemos hecho muchas vueltas con neum\u00e1ticos usados -60 giros con solo dos-, as\u00ed que ya tenemos experiencia con las ruedas gastadas. En el pr\u00f3ximo test quiero preparar la moto tan bien como pueda antes de llegar a Phillip Island\u00bb, destac\u00f3.<\/p>\n<p>\u00abHemos acabado con bastantes buenas sensaciones, as\u00ed que habr\u00e1 que seguir trabando y ver si podemos acabar bien el segundo test, para irnos contentos a Phillip Island\u00bb, concluy\u00f3 Dani Pedrosa.<\/p>\n","protected":false},"excerpt":{"rendered":"<p>Madrid, 8 feb (EFE).- El espa\u00f1ol Dani Pedrosa (Honda RC213V) ha realizado las primeras pruebas de la temporada y despu\u00e9s de tres d\u00edas intensos en Malasia se siente satisfecho de c\u00f3mo han dio las cosas y, sobre todo, de haber \u00abconseguido mejorar el agarre de la rueda trasera\u00bb. \u00abEl a\u00f1o pasado me faltaba agarre en [&hellip;]<\/p>\n","protected":false},"author":1,"featured_media":486764,"comment_status":"open","ping_status":"open","sticky":false,"template":"","format":"standard","meta":{"footnotes":""},"categories":[1],"tags":[],"class_list":["post-486763","post","type-post","status-publish","format-standard","has-post-thumbnail","hentry","category-actualidad"],"aioseo_notices":[],"aioseo_head":"\n\t\t<!-- All in One SEO Pro 5.0.1 - aioseo.com -->\n\t<meta name=\"description\" content=\"Madrid, 8 feb (EFE).- El espa\u00f1ol Dani Pedrosa (Honda RC213V) ha realizado las primeras pruebas de la temporada y despu\u00e9s de tres d\u00edas intensos en Malasia se siente satisfecho de c\u00f3mo han dio las cosas y, sobre todo, de haber &quot;conseguido mejorar el agarre de la rueda trasera&quot;. &quot;El a\u00f1o pasado me faltaba agarre en\" \/>\n\t<meta name=\"robots\" content=\"max-image-preview:large\" \/>\n\t<meta name=\"author\" content=\"El Digital de Asturias\"\/>\n\t<meta name=\"google-site-verification\" content=\"UA-38556648-1\" \/>\n\t<meta name=\"msvalidate.01\" content=\"7dfe9f3f1b24437ab69f4f2559babe99\" \/>\n\t<meta name=\"keywords\" content=\"actualidad\" \/>\n\t<link rel=\"canonical\" href=\"https:\/\/www.eldigitaldeasturias.com\/noticias\/pedrosa-dice-que-han-conseguido-mejorar-el-agarre-en-la-rueda-trasera\/\" \/>\n\t<meta name=\"generator\" content=\"All in One SEO Pro (AIOSEO) 5.0.1\" \/>\n\t\t<meta property=\"og:locale\" content=\"es_ES\" \/>\n\t\t<meta property=\"og:site_name\" content=\"El Digital de Asturias\" \/>\n\t\t<meta property=\"og:type\" content=\"article\" \/>\n\t\t<meta property=\"og:title\" content=\"Pedrosa dice que han conseguido mejorar el agarre en la rueda trasera - El Digital de Asturias\" \/>\n\t\t<meta property=\"og:description\" content=\"Madrid, 8 feb (EFE).- El espa\u00f1ol Dani Pedrosa (Honda RC213V) ha realizado las primeras pruebas de la temporada y despu\u00e9s de tres d\u00edas intensos en Malasia se siente satisfecho de c\u00f3mo han dio las cosas y, sobre todo, de haber &quot;conseguido mejorar el agarre de la rueda trasera&quot;. &quot;El a\u00f1o pasado me faltaba agarre en\" \/>\n\t\t<meta property=\"og:url\" content=\"https:\/\/www.eldigitaldeasturias.com\/noticias\/pedrosa-dice-que-han-conseguido-mejorar-el-agarre-en-la-rueda-trasera\/\" \/>\n\t\t<meta property=\"article:tag\" content=\"actualidad\" \/>\n\t\t<meta property=\"article:published_time\" content=\"2014-02-08T20:54:11+00:00\" \/>\n\t\t<meta property=\"article:modified_time\" content=\"2014-02-08T20:54:11+00:00\" \/>\n\t\t<meta property=\"article:publisher\" content=\"https:\/\/facebook.com\/eldigitaldeasturias\" \/>\n\t\t<meta name=\"twitter:card\" content=\"summary_large_image\" \/>\n\t\t<meta name=\"twitter:title\" content=\"Pedrosa dice que han conseguido mejorar el agarre en la rueda trasera - El Digital de Asturias\" \/>\n\t\t<meta name=\"twitter:description\" content=\"Madrid, 8 feb (EFE).- El espa\u00f1ol Dani Pedrosa (Honda RC213V) ha realizado las primeras pruebas de la temporada y despu\u00e9s de tres d\u00edas intensos en Malasia se siente satisfecho de c\u00f3mo han dio las cosas y, sobre todo, de haber &quot;conseguido mejorar el agarre de la rueda trasera&quot;. &quot;El a\u00f1o pasado me faltaba agarre en\" \/>\n\t\t<meta name=\"twitter:label1\" content=\"Escrito por\" \/>\n\t\t<meta name=\"twitter:data1\" content=\"El Digital de Asturias\" \/>\n\t\t<meta name=\"twitter:label2\" content=\"Tiempo de lectura estimado\" \/>\n\t\t<meta name=\"twitter:data2\" content=\"3 minutos\" \/>\n\t\t<script type=\"application\/ld+json\" class=\"aioseo-schema\">\n\t\t\t{\"@context\":\"https:\\\/\\\/schema.org\",\"@graph\":[{\"@type\":\"BlogPosting\",\"@id\":\"https:\\\/\\\/www.eldigitaldeasturias.com\\\/noticias\\\/pedrosa-dice-que-han-conseguido-mejorar-el-agarre-en-la-rueda-trasera\\\/#blogposting\",\"name\":\"Pedrosa dice que han conseguido mejorar el agarre en la rueda trasera - El Digital de Asturias\",\"headline\":\"Pedrosa dice que han conseguido mejorar el agarre en la rueda trasera\",\"author\":{\"@id\":\"https:\\\/\\\/www.eldigitaldeasturias.com\\\/noticias\\\/author\\\/admin\\\/#author\"},\"publisher\":{\"@id\":\"https:\\\/\\\/www.eldigitaldeasturias.com\\\/noticias\\\/#organization\"},\"image\":{\"@type\":\"ImageObject\",\"url\":486764},\"datePublished\":\"2014-02-08T19:54:11+01:00\",\"dateModified\":\"2014-02-08T19:54:11+01:00\",\"inLanguage\":\"es-ES\",\"mainEntityOfPage\":{\"@id\":\"https:\\\/\\\/www.eldigitaldeasturias.com\\\/noticias\\\/pedrosa-dice-que-han-conseguido-mejorar-el-agarre-en-la-rueda-trasera\\\/#webpage\"},\"isPartOf\":{\"@id\":\"https:\\\/\\\/www.eldigitaldeasturias.com\\\/noticias\\\/pedrosa-dice-que-han-conseguido-mejorar-el-agarre-en-la-rueda-trasera\\\/#webpage\"},\"articleSection\":\"Actualidad\"},{\"@type\":\"BreadcrumbList\",\"@id\":\"https:\\\/\\\/www.eldigitaldeasturias.com\\\/noticias\\\/pedrosa-dice-que-han-conseguido-mejorar-el-agarre-en-la-rueda-trasera\\\/#breadcrumblist\",\"itemListElement\":[{\"@type\":\"ListItem\",\"@id\":\"https:\\\/\\\/www.eldigitaldeasturias.com\\\/noticias#listItem\",\"position\":1,\"name\":\"Home\",\"item\":\"https:\\\/\\\/www.eldigitaldeasturias.com\\\/noticias\",\"nextItem\":{\"@type\":\"ListItem\",\"@id\":\"https:\\\/\\\/www.eldigitaldeasturias.com\\\/noticias\\\/category\\\/actualidad\\\/#listItem\",\"name\":\"Actualidad\"}},{\"@type\":\"ListItem\",\"@id\":\"https:\\\/\\\/www.eldigitaldeasturias.com\\\/noticias\\\/category\\\/actualidad\\\/#listItem\",\"position\":2,\"name\":\"Actualidad\",\"item\":\"https:\\\/\\\/www.eldigitaldeasturias.com\\\/noticias\\\/category\\\/actualidad\\\/\",\"nextItem\":{\"@type\":\"ListItem\",\"@id\":\"https:\\\/\\\/www.eldigitaldeasturias.com\\\/noticias\\\/pedrosa-dice-que-han-conseguido-mejorar-el-agarre-en-la-rueda-trasera\\\/#listItem\",\"name\":\"Pedrosa dice que han conseguido mejorar el agarre en la rueda trasera\"},\"previousItem\":{\"@type\":\"ListItem\",\"@id\":\"https:\\\/\\\/www.eldigitaldeasturias.com\\\/noticias#listItem\",\"name\":\"Home\"}},{\"@type\":\"ListItem\",\"@id\":\"https:\\\/\\\/www.eldigitaldeasturias.com\\\/noticias\\\/pedrosa-dice-que-han-conseguido-mejorar-el-agarre-en-la-rueda-trasera\\\/#listItem\",\"position\":3,\"name\":\"Pedrosa dice que han conseguido mejorar el agarre en la rueda trasera\",\"previousItem\":{\"@type\":\"ListItem\",\"@id\":\"https:\\\/\\\/www.eldigitaldeasturias.com\\\/noticias\\\/category\\\/actualidad\\\/#listItem\",\"name\":\"Actualidad\"}}]},{\"@type\":\"Organization\",\"@id\":\"https:\\\/\\\/www.eldigitaldeasturias.com\\\/noticias\\\/#organization\",\"name\":\"El Digital de Asturias\",\"description\":\"Hemeroteca\",\"url\":\"https:\\\/\\\/www.eldigitaldeasturias.com\\\/noticias\\\/\",\"email\":\"info@eldigitaldeasturias.com\",\"telephone\":\"+34652131393\",\"logo\":{\"@type\":\"ImageObject\",\"url\":\"https:\\\/\\\/www.eldigitaldeasturias.com\\\/noticias\\\/wp-content\\\/uploads\\\/2020\\\/12\\\/EDA.jpg\",\"@id\":\"https:\\\/\\\/www.eldigitaldeasturias.com\\\/noticias\\\/pedrosa-dice-que-han-conseguido-mejorar-el-agarre-en-la-rueda-trasera\\\/#organizationLogo\"},\"image\":{\"@id\":\"https:\\\/\\\/www.eldigitaldeasturias.com\\\/noticias\\\/pedrosa-dice-que-han-conseguido-mejorar-el-agarre-en-la-rueda-trasera\\\/#organizationLogo\"},\"sameAs\":[\"https:\\\/\\\/facebook.com\\\/eldigitaldeasturias\",\"https:\\\/\\\/www.youtube.com\\\/channel\\\/UCZP-2wLEB9Rv6erhFmqVnvg\"],\"address\":{\"@id\":\"https:\\\/\\\/www.eldigitaldeasturias.com\\\/noticias\\\/#postaladdress\",\"@type\":\"PostalAddress\",\"streetAddress\":\"san antonio 4\",\"postalCode\":\"33430\",\"addressLocality\":\"Cand\\u00e1s\",\"addressRegion\":\"Asturias\",\"addressCountry\":\"ES\"}},{\"@type\":\"Person\",\"@id\":\"https:\\\/\\\/www.eldigitaldeasturias.com\\\/noticias\\\/author\\\/admin\\\/#author\",\"url\":\"https:\\\/\\\/www.eldigitaldeasturias.com\\\/noticias\\\/author\\\/admin\\\/\",\"name\":\"El Digital de Asturias\",\"image\":{\"@type\":\"ImageObject\",\"@id\":\"https:\\\/\\\/www.eldigitaldeasturias.com\\\/noticias\\\/pedrosa-dice-que-han-conseguido-mejorar-el-agarre-en-la-rueda-trasera\\\/#authorImage\",\"url\":\"https:\\\/\\\/secure.gravatar.com\\\/avatar\\\/df2aeffc32bcd13f8d26072ef8a91b623d677766deac7f97ca815868cd41bf5e?s=96&d=mm&r=g\",\"width\":96,\"height\":96,\"caption\":\"El Digital de Asturias\"}},{\"@type\":\"WebPage\",\"@id\":\"https:\\\/\\\/www.eldigitaldeasturias.com\\\/noticias\\\/pedrosa-dice-que-han-conseguido-mejorar-el-agarre-en-la-rueda-trasera\\\/#webpage\",\"url\":\"https:\\\/\\\/www.eldigitaldeasturias.com\\\/noticias\\\/pedrosa-dice-que-han-conseguido-mejorar-el-agarre-en-la-rueda-trasera\\\/\",\"name\":\"Pedrosa dice que han conseguido mejorar el agarre en la rueda trasera - El Digital de Asturias\",\"description\":\"Madrid, 8 feb (EFE).- El espa\\u00f1ol Dani Pedrosa (Honda RC213V) ha realizado las primeras pruebas de la temporada y despu\\u00e9s de tres d\\u00edas intensos en Malasia se siente satisfecho de c\\u00f3mo han dio las cosas y, sobre todo, de haber \\\"conseguido mejorar el agarre de la rueda trasera\\\". \\\"El a\\u00f1o pasado me faltaba agarre en\",\"inLanguage\":\"es-ES\",\"isPartOf\":{\"@id\":\"https:\\\/\\\/www.eldigitaldeasturias.com\\\/noticias\\\/#website\"},\"breadcrumb\":{\"@id\":\"https:\\\/\\\/www.eldigitaldeasturias.com\\\/noticias\\\/pedrosa-dice-que-han-conseguido-mejorar-el-agarre-en-la-rueda-trasera\\\/#breadcrumblist\"},\"author\":{\"@id\":\"https:\\\/\\\/www.eldigitaldeasturias.com\\\/noticias\\\/author\\\/admin\\\/#author\"},\"creator\":{\"@id\":\"https:\\\/\\\/www.eldigitaldeasturias.com\\\/noticias\\\/author\\\/admin\\\/#author\"},\"image\":{\"@type\":\"ImageObject\",\"url\":486764,\"@id\":\"https:\\\/\\\/www.eldigitaldeasturias.com\\\/noticias\\\/pedrosa-dice-que-han-conseguido-mejorar-el-agarre-en-la-rueda-trasera\\\/#mainImage\"},\"primaryImageOfPage\":{\"@id\":\"https:\\\/\\\/www.eldigitaldeasturias.com\\\/noticias\\\/pedrosa-dice-que-han-conseguido-mejorar-el-agarre-en-la-rueda-trasera\\\/#mainImage\"},\"datePublished\":\"2014-02-08T19:54:11+01:00\",\"dateModified\":\"2014-02-08T19:54:11+01:00\"},{\"@type\":\"WebSite\",\"@id\":\"https:\\\/\\\/www.eldigitaldeasturias.com\\\/noticias\\\/#website\",\"url\":\"https:\\\/\\\/www.eldigitaldeasturias.com\\\/noticias\\\/\",\"name\":\"El Digital de Asturias - Diario de actualidad y noticias\",\"alternateName\":\"El Digital de Asturias - Diario de actualidad y noticias\",\"description\":\"Hemeroteca\",\"inLanguage\":\"es-ES\",\"publisher\":{\"@id\":\"https:\\\/\\\/www.eldigitaldeasturias.com\\\/noticias\\\/#organization\"}}]}\n\t\t<\/script>\n\t\t<!-- All in One SEO Pro -->\r\n\t\t<title>Pedrosa dice que han conseguido mejorar el agarre en la rueda trasera - El Digital de Asturias<\/title>\n\n","aioseo_head_json":{"title":"Pedrosa dice que han conseguido mejorar el agarre en la rueda trasera - El Digital de Asturias","description":"Madrid, 8 feb (EFE).- El espa\u00f1ol Dani Pedrosa (Honda RC213V) ha realizado las primeras pruebas de la temporada y despu\u00e9s de tres d\u00edas intensos en Malasia se siente satisfecho de c\u00f3mo han dio las cosas y, sobre todo, de haber \"conseguido mejorar el agarre de la rueda trasera\". \"El a\u00f1o pasado me faltaba agarre en","canonical_url":"https:\/\/www.eldigitaldeasturias.com\/noticias\/pedrosa-dice-que-han-conseguido-mejorar-el-agarre-en-la-rueda-trasera\/","robots":"max-image-preview:large","keywords":"actualidad","webmasterTools":{"google-site-verification":"UA-38556648-1","msvalidate.01":"7dfe9f3f1b24437ab69f4f2559babe99","miscellaneous":""},"schema":{"@context":"https:\/\/schema.org","@graph":[{"@type":"BlogPosting","@id":"https:\/\/www.eldigitaldeasturias.com\/noticias\/pedrosa-dice-que-han-conseguido-mejorar-el-agarre-en-la-rueda-trasera\/#blogposting","name":"Pedrosa dice que han conseguido mejorar el agarre en la rueda trasera - El Digital de Asturias","headline":"Pedrosa dice que han conseguido mejorar el agarre en la rueda trasera","author":{"@id":"https:\/\/www.eldigitaldeasturias.com\/noticias\/author\/admin\/#author"},"publisher":{"@id":"https:\/\/www.eldigitaldeasturias.com\/noticias\/#organization"},"image":{"@type":"ImageObject","url":486764},"datePublished":"2014-02-08T19:54:11+01:00","dateModified":"2014-02-08T19:54:11+01:00","inLanguage":"es-ES","mainEntityOfPage":{"@id":"https:\/\/www.eldigitaldeasturias.com\/noticias\/pedrosa-dice-que-han-conseguido-mejorar-el-agarre-en-la-rueda-trasera\/#webpage"},"isPartOf":{"@id":"https:\/\/www.eldigitaldeasturias.com\/noticias\/pedrosa-dice-que-han-conseguido-mejorar-el-agarre-en-la-rueda-trasera\/#webpage"},"articleSection":"Actualidad"},{"@type":"BreadcrumbList","@id":"https:\/\/www.eldigitaldeasturias.com\/noticias\/pedrosa-dice-que-han-conseguido-mejorar-el-agarre-en-la-rueda-trasera\/#breadcrumblist","itemListElement":[{"@type":"ListItem","@id":"https:\/\/www.eldigitaldeasturias.com\/noticias#listItem","position":1,"name":"Home","item":"https:\/\/www.eldigitaldeasturias.com\/noticias","nextItem":{"@type":"ListItem","@id":"https:\/\/www.eldigitaldeasturias.com\/noticias\/category\/actualidad\/#listItem","name":"Actualidad"}},{"@type":"ListItem","@id":"https:\/\/www.eldigitaldeasturias.com\/noticias\/category\/actualidad\/#listItem","position":2,"name":"Actualidad","item":"https:\/\/www.eldigitaldeasturias.com\/noticias\/category\/actualidad\/","nextItem":{"@type":"ListItem","@id":"https:\/\/www.eldigitaldeasturias.com\/noticias\/pedrosa-dice-que-han-conseguido-mejorar-el-agarre-en-la-rueda-trasera\/#listItem","name":"Pedrosa dice que han conseguido mejorar el agarre en la rueda trasera"},"previousItem":{"@type":"ListItem","@id":"https:\/\/www.eldigitaldeasturias.com\/noticias#listItem","name":"Home"}},{"@type":"ListItem","@id":"https:\/\/www.eldigitaldeasturias.com\/noticias\/pedrosa-dice-que-han-conseguido-mejorar-el-agarre-en-la-rueda-trasera\/#listItem","position":3,"name":"Pedrosa dice que han conseguido mejorar el agarre en la rueda trasera","previousItem":{"@type":"ListItem","@id":"https:\/\/www.eldigitaldeasturias.com\/noticias\/category\/actualidad\/#listItem","name":"Actualidad"}}]},{"@type":"Organization","@id":"https:\/\/www.eldigitaldeasturias.com\/noticias\/#organization","name":"El Digital de Asturias","description":"Hemeroteca","url":"https:\/\/www.eldigitaldeasturias.com\/noticias\/","email":"info@eldigitaldeasturias.com","telephone":"+34652131393","logo":{"@type":"ImageObject","url":"https:\/\/www.eldigitaldeasturias.com\/noticias\/wp-content\/uploads\/2020\/12\/EDA.jpg","@id":"https:\/\/www.eldigitaldeasturias.com\/noticias\/pedrosa-dice-que-han-conseguido-mejorar-el-agarre-en-la-rueda-trasera\/#organizationLogo"},"image":{"@id":"https:\/\/www.eldigitaldeasturias.com\/noticias\/pedrosa-dice-que-han-conseguido-mejorar-el-agarre-en-la-rueda-trasera\/#organizationLogo"},"sameAs":["https:\/\/facebook.com\/eldigitaldeasturias","https:\/\/www.youtube.com\/channel\/UCZP-2wLEB9Rv6erhFmqVnvg"],"address":{"@id":"https:\/\/www.eldigitaldeasturias.com\/noticias\/#postaladdress","@type":"PostalAddress","streetAddress":"san antonio 4","postalCode":"33430","addressLocality":"Cand\u00e1s","addressRegion":"Asturias","addressCountry":"ES"}},{"@type":"Person","@id":"https:\/\/www.eldigitaldeasturias.com\/noticias\/author\/admin\/#author","url":"https:\/\/www.eldigitaldeasturias.com\/noticias\/author\/admin\/","name":"El Digital de Asturias","image":{"@type":"ImageObject","@id":"https:\/\/www.eldigitaldeasturias.com\/noticias\/pedrosa-dice-que-han-conseguido-mejorar-el-agarre-en-la-rueda-trasera\/#authorImage","url":"https:\/\/secure.gravatar.com\/avatar\/df2aeffc32bcd13f8d26072ef8a91b623d677766deac7f97ca815868cd41bf5e?s=96&d=mm&r=g","width":96,"height":96,"caption":"El Digital de Asturias"}},{"@type":"WebPage","@id":"https:\/\/www.eldigitaldeasturias.com\/noticias\/pedrosa-dice-que-han-conseguido-mejorar-el-agarre-en-la-rueda-trasera\/#webpage","url":"https:\/\/www.eldigitaldeasturias.com\/noticias\/pedrosa-dice-que-han-conseguido-mejorar-el-agarre-en-la-rueda-trasera\/","name":"Pedrosa dice que han conseguido mejorar el agarre en la rueda trasera - El Digital de Asturias","description":"Madrid, 8 feb (EFE).- El espa\u00f1ol Dani Pedrosa (Honda RC213V) ha realizado las primeras pruebas de la temporada y despu\u00e9s de tres d\u00edas intensos en Malasia se siente satisfecho de c\u00f3mo han dio las cosas y, sobre todo, de haber \"conseguido mejorar el agarre de la rueda trasera\". \"El a\u00f1o pasado me faltaba agarre en","inLanguage":"es-ES","isPartOf":{"@id":"https:\/\/www.eldigitaldeasturias.com\/noticias\/#website"},"breadcrumb":{"@id":"https:\/\/www.eldigitaldeasturias.com\/noticias\/pedrosa-dice-que-han-conseguido-mejorar-el-agarre-en-la-rueda-trasera\/#breadcrumblist"},"author":{"@id":"https:\/\/www.eldigitaldeasturias.com\/noticias\/author\/admin\/#author"},"creator":{"@id":"https:\/\/www.eldigitaldeasturias.com\/noticias\/author\/admin\/#author"},"image":{"@type":"ImageObject","url":486764,"@id":"https:\/\/www.eldigitaldeasturias.com\/noticias\/pedrosa-dice-que-han-conseguido-mejorar-el-agarre-en-la-rueda-trasera\/#mainImage"},"primaryImageOfPage":{"@id":"https:\/\/www.eldigitaldeasturias.com\/noticias\/pedrosa-dice-que-han-conseguido-mejorar-el-agarre-en-la-rueda-trasera\/#mainImage"},"datePublished":"2014-02-08T19:54:11+01:00","dateModified":"2014-02-08T19:54:11+01:00"},{"@type":"WebSite","@id":"https:\/\/www.eldigitaldeasturias.com\/noticias\/#website","url":"https:\/\/www.eldigitaldeasturias.com\/noticias\/","name":"El Digital de Asturias - Diario de actualidad y noticias","alternateName":"El Digital de Asturias - Diario de actualidad y noticias","description":"Hemeroteca","inLanguage":"es-ES","publisher":{"@id":"https:\/\/www.eldigitaldeasturias.com\/noticias\/#organization"}}]},"og:locale":"es_ES","og:site_name":"El Digital de Asturias","og:type":"article","og:title":"Pedrosa dice que han conseguido mejorar el agarre en la rueda trasera - El Digital de Asturias","og:description":"Madrid, 8 feb (EFE).- El espa\u00f1ol Dani Pedrosa (Honda RC213V) ha realizado las primeras pruebas de la temporada y despu\u00e9s de tres d\u00edas intensos en Malasia se siente satisfecho de c\u00f3mo han dio las cosas y, sobre todo, de haber &quot;conseguido mejorar el agarre de la rueda trasera&quot;. &quot;El a\u00f1o pasado me faltaba agarre en","og:url":"https:\/\/www.eldigitaldeasturias.com\/noticias\/pedrosa-dice-que-han-conseguido-mejorar-el-agarre-en-la-rueda-trasera\/","article:tag":["actualidad"],"article:published_time":"2014-02-08T20:54:11+00:00","article:modified_time":"2014-02-08T20:54:11+00:00","article:publisher":"https:\/\/facebook.com\/eldigitaldeasturias","twitter:card":"summary_large_image","twitter:title":"Pedrosa dice que han conseguido mejorar el agarre en la rueda trasera - El Digital de Asturias","twitter:description":"Madrid, 8 feb (EFE).- El espa\u00f1ol Dani Pedrosa (Honda RC213V) ha realizado las primeras pruebas de la temporada y despu\u00e9s de tres d\u00edas intensos en Malasia se siente satisfecho de c\u00f3mo han dio las cosas y, sobre todo, de haber &quot;conseguido mejorar el agarre de la rueda trasera&quot;. &quot;El a\u00f1o pasado me faltaba agarre en","twitter:label1":"Escrito por","twitter:data1":"El Digital de Asturias","twitter:label2":"Tiempo de lectura estimado","twitter:data2":"3 minutos"},"aioseo_meta_data":{"post_id":"486763","title":null,"description":null,"keywords":null,"keyphrases":null,"primary_term":null,"canonical_url":null,"og_title":null,"og_description":null,"og_object_type":"default","og_image_type":"default","og_image_url":null,"og_image_width":null,"og_image_height":null,"og_image_custom_url":null,"og_image_custom_fields":null,"og_video":null,"og_custom_url":null,"og_article_section":null,"og_article_tags":null,"twitter_use_og":true,"twitter_card":"default","twitter_image_type":"default","twitter_image_url":null,"twitter_image_custom_url":null,"twitter_image_custom_fields":null,"twitter_title":null,"twitter_description":null,"schema":{"blockGraphs":[],"customGraphs":[],"default":{"data":{"Article":[],"Course":[],"Dataset":[],"FAQPage":[],"Movie":[],"Person":[],"Product":[],"ProductReview":[],"Car":[],"Recipe":[],"Service":[],"SoftwareApplication":[],"WebPage":[]},"graphName":"","isEnabled":true},"graphs":[],"defaultGraph":"","defaultPostTypeGraph":""},"schema_type":null,"schema_type_options":null,"pillar_content":false,"robots_default":true,"robots_noindex":false,"robots_noarchive":false,"robots_nosnippet":false,"robots_nofollow":false,"robots_noimageindex":false,"robots_noodp":false,"robots_notranslate":false,"robots_max_snippet":null,"robots_max_videopreview":null,"robots_max_imagepreview":"none","priority":null,"frequency":null,"local_seo":null,"seo_analyzer_scan_date":"2026-06-03 02:36:46","breadcrumb_settings":null,"limit_modified_date":false,"open_ai":null,"ai":null,"created":"2020-11-14 22:56:13","updated":"2026-06-03 02:36:46","focus_keyword":null,"additional_keywords":null,"truseo_locale":null},"aioseo_breadcrumb":"<div class=\"aioseo-breadcrumbs\"><span class=\"aioseo-breadcrumb\">\n\t<a href=\"https:\/\/www.eldigitaldeasturias.com\/noticias\" title=\"Home\">Home<\/a>\n<\/span><span class=\"aioseo-breadcrumb-separator\">\u2013<\/span><span class=\"aioseo-breadcrumb\">\n\t<a href=\"https:\/\/www.eldigitaldeasturias.com\/noticias\/category\/actualidad\/\" title=\"Actualidad\">Actualidad<\/a>\n<\/span><span class=\"aioseo-breadcrumb-separator\">\u2013<\/span><span class=\"aioseo-breadcrumb\">\n\t<a href=\"https:\/\/www.eldigitaldeasturias.com\/noticias\/pedrosa-dice-que-han-conseguido-mejorar-el-agarre-en-la-rueda-trasera\/\" title=\"Pedrosa dice que han conseguido mejorar el agarre en la rueda trasera\">Pedrosa dice que han conseguido mejorar el agarre en la rueda trasera<\/a>\n<\/span><\/div>","aioseo_breadcrumb_json":[{"label":"Home","link":"https:\/\/www.eldigitaldeasturias.com\/noticias"},{"label":"Actualidad","link":"https:\/\/www.eldigitaldeasturias.com\/noticias\/category\/actualidad\/"},{"label":"Pedrosa dice que han conseguido mejorar el agarre en la rueda trasera","link":"https:\/\/www.eldigitaldeasturias.com\/noticias\/pedrosa-dice-que-han-conseguido-mejorar-el-agarre-en-la-rueda-trasera\/"}],"_links":{"self":[{"href":"https:\/\/www.eldigitaldeasturias.com\/noticias\/wp-json\/wp\/v2\/posts\/486763","targetHints":{"allow":["GET"]}}],"collection":[{"href":"https:\/\/www.eldigitaldeasturias.com\/noticias\/wp-json\/wp\/v2\/posts"}],"about":[{"href":"https:\/\/www.eldigitaldeasturias.com\/noticias\/wp-json\/wp\/v2\/types\/post"}],"author":[{"embeddable":true,"href":"https:\/\/www.eldigitaldeasturias.com\/noticias\/wp-json\/wp\/v2\/users\/1"}],"replies":[{"embeddable":true,"href":"https:\/\/www.eldigitaldeasturias.com\/noticias\/wp-json\/wp\/v2\/comments?post=486763"}],"version-history":[{"count":0,"href":"https:\/\/www.eldigitaldeasturias.com\/noticias\/wp-json\/wp\/v2\/posts\/486763\/revisions"}],"wp:attachment":[{"href":"https:\/\/www.eldigitaldeasturias.com\/noticias\/wp-json\/wp\/v2\/media?parent=486763"}],"wp:term":[{"taxonomy":"category","embeddable":true,"href":"https:\/\/www.eldigitaldeasturias.com\/noticias\/wp-json\/wp\/v2\/categories?post=486763"},{"taxonomy":"post_tag","embeddable":true,"href":"https:\/\/www.eldigitaldeasturias.com\/noticias\/wp-json\/wp\/v2\/tags?post=486763"}],"curies":[{"name":"wp","href":"https:\/\/api.w.org\/{rel}","templated":true}]}}