{"id":486749,"date":"2014-02-08T19:12:32","date_gmt":"2014-02-08T20:12:32","guid":{"rendered":"http:\/\/www.eldigitaldeasturias.com\/noticias\/?p=486749"},"modified":"2014-02-08T19:12:32","modified_gmt":"2014-02-08T20:12:32","slug":"cayo-lara-acusa-a-pp-psoe-y-nacionalistas-de-ir-a-un-proceso-deconstituyente","status":"publish","type":"post","link":"https:\/\/www.eldigitaldeasturias.com\/noticias\/cayo-lara-acusa-a-pp-psoe-y-nacionalistas-de-ir-a-un-proceso-deconstituyente\/","title":{"rendered":"Cayo Lara acusa a PP, PSOE y nacionalistas de ir a un proceso \u00abdeconstituyente\u00bb"},"content":{"rendered":"<p><img loading=\"lazy\" decoding=\"async\" class=\"alignleft size-medium wp-image-486750\" alt=\"5923649w\" src=\"https:\/\/www.eldigitaldeasturias.com\/noticias\/wp-content\/uploads\/2014\/02\/5923649w-360x239.jpg\" width=\"360\" height=\"239\" \/>Madrid, 8 feb (EFE).- El l\u00edder de IU, Cayo Lara, ha advertido hoy de que el PP, en el Gobierno, junto al PSOE y algunas fuerzas nacionalistas est\u00e1n conduciendo a Espa\u00f1a hacia un \u00abproceso deconstituyente\u00bb, y frente a esa deriva, su partido ofrece una propuesta de Estado federal \u00abplurinacional y solidario\u00bb.<\/p>\n<p>Cayo Lara ha inaugurado hoy en un hotel madrile\u00f1o una conferencia monogr\u00e1fica sobre el modelo de Estado federal que ofrece IU desde el origen de la coalici\u00f3n, ha recordado, y al que otros se est\u00e1n incorporando ahora, en alusi\u00f3n a los socialistas, aunque \u00abs\u00f3lo se asomen t\u00edmidamente a la puerta\u00bb.<\/p>\n<p>Ante la apuesta soberanista de Catalu\u00f1a, una vez m\u00e1s, Lara ha recalcado que IU \u00abno es independentista ni autonomista\u00bb, si bien tiene un respeto total por el derecho de los pueblos a decidir su futuro.<\/p>\n<p>Y en ese contexto que ha marcado Catalu\u00f1a, IU ha querido debatir y profundizar sobre su modelo de Estado porque cree que es una demanda de la ciudadan\u00eda en un momento de tensi\u00f3n nacionalista y tambi\u00e9n de \u00abgran desafecci\u00f3n\u00bb hacia la clase pol\u00edtica y hacia algunas instituciones.<\/p>\n<p>\u00abAhora toda esa gente -ha subrayado- quiere ver qu\u00e9 piensa IU del estado federal y, adem\u00e1s, espera que construyamos una alternativa seria y posible de desarrollar en todo el Estado\u00bb.<\/p>\n<p>Un Estado republicano, laico y \u00absolidario\u00bb, y he hecho especial hincapi\u00e9 en el t\u00e9rmino de solidaridad porque, seg\u00fan ha argumentado, no se puede ir a Europa a reclamar solidaridad para determinadas regiones y luego ponerle trabas cuando se trata de garantizar \u00ablos mismos derechos b\u00e1sicos\u00bb en todo el territorio.<\/p>\n<p>Derechos b\u00e1sicos y sociales, que, seg\u00fan Lara, les est\u00e1n \u00abrobando\u00bb a los ciudadanos, entre otras cosas, debido al \u00absaqueo\u00bb de los Estados, a la merma de poder de \u00e9stos frente a la &#8216;troika&#8217; europea y los mercados financieros y al \u00absecuestro\u00bb de la democracia.<\/p>\n<p>Por todo ello, \u00abha llegado la hora\u00bb, ha insistido Lara, de dise\u00f1ar entre todos un modelo de estado federal de \u00abmayor\u00edas sociales\u00bb y al margen de la \u00abconfrontaci\u00f3n\u00bb de identidades nacionales.<\/p>\n<p>Durante todo el d\u00eda, IU discutir\u00e1 en esta conferencia todas las propuestas para mejorar su propuesta de pa\u00eds, donde el debate territorial se vincule \u00abal debate de clase\u00bb y a los derechos de la ciudadan\u00eda y que, al mismo tiempo, permita una salida \u00absocial y solidaria\u00bb a la crisis.<\/p>\n<p>Un debate que llega en \u00abel momento justo\u00bb, ha se\u00f1alado por su parte el vicepresidente de Andaluc\u00eda, Diego Valderas, coordinador de la ponencia sobre el modelo de estado, a la que se han presentado un total de 1.149 enmiendas, de las cuales se han asumido un 93 por ciento, ha detallado durante su intervenci\u00f3n.<\/p>\n<p>Adem\u00e1s de los 350 delegados que participan en la conferencia, asisten invitados de otras fuerzas pol\u00edticas, como el senador de ICV Joan Saura, y de organizaciones sociales y c\u00edvicas.<\/p>\n","protected":false},"excerpt":{"rendered":"<p>Madrid, 8 feb (EFE).- El l\u00edder de IU, Cayo Lara, ha advertido hoy de que el PP, en el Gobierno, junto al PSOE y algunas fuerzas nacionalistas est\u00e1n conduciendo a Espa\u00f1a hacia un \u00abproceso deconstituyente\u00bb, y frente a esa deriva, su partido ofrece una propuesta de Estado federal \u00abplurinacional y solidario\u00bb. Cayo Lara ha inaugurado [&hellip;]<\/p>\n","protected":false},"author":1,"featured_media":486750,"comment_status":"open","ping_status":"open","sticky":false,"template":"","format":"standard","meta":{"footnotes":""},"categories":[1],"tags":[],"class_list":["post-486749","post","type-post","status-publish","format-standard","has-post-thumbnail","hentry","category-actualidad"],"aioseo_notices":[],"aioseo_head":"\n\t\t<!-- All in One SEO Pro 5.0.1 - aioseo.com -->\n\t<meta name=\"description\" content=\"Madrid, 8 feb (EFE).- El l\u00edder de IU, Cayo Lara, ha advertido hoy de que el PP, en el Gobierno, junto al PSOE y algunas fuerzas nacionalistas est\u00e1n conduciendo a Espa\u00f1a hacia un &quot;proceso deconstituyente&quot;, y frente a esa deriva, su partido ofrece una propuesta de Estado federal &quot;plurinacional y solidario&quot;. Cayo Lara ha inaugurado\" \/>\n\t<meta name=\"robots\" content=\"max-image-preview:large\" \/>\n\t<meta name=\"author\" content=\"El Digital de Asturias\"\/>\n\t<meta name=\"google-site-verification\" content=\"UA-38556648-1\" \/>\n\t<meta name=\"msvalidate.01\" content=\"7dfe9f3f1b24437ab69f4f2559babe99\" \/>\n\t<meta name=\"keywords\" content=\"actualidad\" \/>\n\t<link rel=\"canonical\" href=\"https:\/\/www.eldigitaldeasturias.com\/noticias\/cayo-lara-acusa-a-pp-psoe-y-nacionalistas-de-ir-a-un-proceso-deconstituyente\/\" \/>\n\t<meta name=\"generator\" content=\"All in One SEO Pro (AIOSEO) 5.0.1\" \/>\n\t\t<meta property=\"og:locale\" content=\"es_ES\" \/>\n\t\t<meta property=\"og:site_name\" content=\"El Digital de Asturias\" \/>\n\t\t<meta property=\"og:type\" content=\"article\" \/>\n\t\t<meta property=\"og:title\" content=\"Cayo Lara acusa a PP, PSOE y nacionalistas de ir a un proceso \u00abdeconstituyente\u00bb - El Digital de Asturias\" \/>\n\t\t<meta property=\"og:description\" content=\"Madrid, 8 feb (EFE).- El l\u00edder de IU, Cayo Lara, ha advertido hoy de que el PP, en el Gobierno, junto al PSOE y algunas fuerzas nacionalistas est\u00e1n conduciendo a Espa\u00f1a hacia un &quot;proceso deconstituyente&quot;, y frente a esa deriva, su partido ofrece una propuesta de Estado federal &quot;plurinacional y solidario&quot;. Cayo Lara ha inaugurado\" \/>\n\t\t<meta property=\"og:url\" content=\"https:\/\/www.eldigitaldeasturias.com\/noticias\/cayo-lara-acusa-a-pp-psoe-y-nacionalistas-de-ir-a-un-proceso-deconstituyente\/\" \/>\n\t\t<meta property=\"article:tag\" content=\"actualidad\" \/>\n\t\t<meta property=\"article:published_time\" content=\"2014-02-08T20:12:32+00:00\" \/>\n\t\t<meta property=\"article:modified_time\" content=\"2014-02-08T20:12:32+00:00\" \/>\n\t\t<meta property=\"article:publisher\" content=\"https:\/\/facebook.com\/eldigitaldeasturias\" \/>\n\t\t<meta name=\"twitter:card\" content=\"summary_large_image\" \/>\n\t\t<meta name=\"twitter:title\" content=\"Cayo Lara acusa a PP, PSOE y nacionalistas de ir a un proceso \u00abdeconstituyente\u00bb - El Digital de Asturias\" \/>\n\t\t<meta name=\"twitter:description\" content=\"Madrid, 8 feb (EFE).- El l\u00edder de IU, Cayo Lara, ha advertido hoy de que el PP, en el Gobierno, junto al PSOE y algunas fuerzas nacionalistas est\u00e1n conduciendo a Espa\u00f1a hacia un &quot;proceso deconstituyente&quot;, y frente a esa deriva, su partido ofrece una propuesta de Estado federal &quot;plurinacional y solidario&quot;. Cayo Lara ha inaugurado\" \/>\n\t\t<meta name=\"twitter:label1\" content=\"Escrito por\" \/>\n\t\t<meta name=\"twitter:data1\" content=\"El Digital de Asturias\" \/>\n\t\t<meta name=\"twitter:label2\" content=\"Tiempo de lectura estimado\" \/>\n\t\t<meta name=\"twitter:data2\" content=\"3 minutos\" \/>\n\t\t<script type=\"application\/ld+json\" class=\"aioseo-schema\">\n\t\t\t{\"@context\":\"https:\\\/\\\/schema.org\",\"@graph\":[{\"@type\":\"BlogPosting\",\"@id\":\"https:\\\/\\\/www.eldigitaldeasturias.com\\\/noticias\\\/cayo-lara-acusa-a-pp-psoe-y-nacionalistas-de-ir-a-un-proceso-deconstituyente\\\/#blogposting\",\"name\":\"Cayo Lara acusa a PP, PSOE y nacionalistas de ir a un proceso \\u00abdeconstituyente\\u00bb - El Digital de Asturias\",\"headline\":\"Cayo Lara acusa a PP, PSOE y nacionalistas de ir a un proceso \\u00abdeconstituyente\\u00bb\",\"author\":{\"@id\":\"https:\\\/\\\/www.eldigitaldeasturias.com\\\/noticias\\\/author\\\/admin\\\/#author\"},\"publisher\":{\"@id\":\"https:\\\/\\\/www.eldigitaldeasturias.com\\\/noticias\\\/#organization\"},\"image\":{\"@type\":\"ImageObject\",\"url\":486750},\"datePublished\":\"2014-02-08T19:12:32+01:00\",\"dateModified\":\"2014-02-08T19:12:32+01:00\",\"inLanguage\":\"es-ES\",\"mainEntityOfPage\":{\"@id\":\"https:\\\/\\\/www.eldigitaldeasturias.com\\\/noticias\\\/cayo-lara-acusa-a-pp-psoe-y-nacionalistas-de-ir-a-un-proceso-deconstituyente\\\/#webpage\"},\"isPartOf\":{\"@id\":\"https:\\\/\\\/www.eldigitaldeasturias.com\\\/noticias\\\/cayo-lara-acusa-a-pp-psoe-y-nacionalistas-de-ir-a-un-proceso-deconstituyente\\\/#webpage\"},\"articleSection\":\"Actualidad\"},{\"@type\":\"BreadcrumbList\",\"@id\":\"https:\\\/\\\/www.eldigitaldeasturias.com\\\/noticias\\\/cayo-lara-acusa-a-pp-psoe-y-nacionalistas-de-ir-a-un-proceso-deconstituyente\\\/#breadcrumblist\",\"itemListElement\":[{\"@type\":\"ListItem\",\"@id\":\"https:\\\/\\\/www.eldigitaldeasturias.com\\\/noticias#listItem\",\"position\":1,\"name\":\"Home\",\"item\":\"https:\\\/\\\/www.eldigitaldeasturias.com\\\/noticias\",\"nextItem\":{\"@type\":\"ListItem\",\"@id\":\"https:\\\/\\\/www.eldigitaldeasturias.com\\\/noticias\\\/category\\\/actualidad\\\/#listItem\",\"name\":\"Actualidad\"}},{\"@type\":\"ListItem\",\"@id\":\"https:\\\/\\\/www.eldigitaldeasturias.com\\\/noticias\\\/category\\\/actualidad\\\/#listItem\",\"position\":2,\"name\":\"Actualidad\",\"item\":\"https:\\\/\\\/www.eldigitaldeasturias.com\\\/noticias\\\/category\\\/actualidad\\\/\",\"nextItem\":{\"@type\":\"ListItem\",\"@id\":\"https:\\\/\\\/www.eldigitaldeasturias.com\\\/noticias\\\/cayo-lara-acusa-a-pp-psoe-y-nacionalistas-de-ir-a-un-proceso-deconstituyente\\\/#listItem\",\"name\":\"Cayo Lara acusa a PP, PSOE y nacionalistas de ir a un proceso \\u00abdeconstituyente\\u00bb\"},\"previousItem\":{\"@type\":\"ListItem\",\"@id\":\"https:\\\/\\\/www.eldigitaldeasturias.com\\\/noticias#listItem\",\"name\":\"Home\"}},{\"@type\":\"ListItem\",\"@id\":\"https:\\\/\\\/www.eldigitaldeasturias.com\\\/noticias\\\/cayo-lara-acusa-a-pp-psoe-y-nacionalistas-de-ir-a-un-proceso-deconstituyente\\\/#listItem\",\"position\":3,\"name\":\"Cayo Lara acusa a PP, PSOE y nacionalistas de ir a un proceso \\u00abdeconstituyente\\u00bb\",\"previousItem\":{\"@type\":\"ListItem\",\"@id\":\"https:\\\/\\\/www.eldigitaldeasturias.com\\\/noticias\\\/category\\\/actualidad\\\/#listItem\",\"name\":\"Actualidad\"}}]},{\"@type\":\"Organization\",\"@id\":\"https:\\\/\\\/www.eldigitaldeasturias.com\\\/noticias\\\/#organization\",\"name\":\"El Digital de Asturias\",\"description\":\"Hemeroteca\",\"url\":\"https:\\\/\\\/www.eldigitaldeasturias.com\\\/noticias\\\/\",\"email\":\"info@eldigitaldeasturias.com\",\"telephone\":\"+34652131393\",\"logo\":{\"@type\":\"ImageObject\",\"url\":\"https:\\\/\\\/www.eldigitaldeasturias.com\\\/noticias\\\/wp-content\\\/uploads\\\/2020\\\/12\\\/EDA.jpg\",\"@id\":\"https:\\\/\\\/www.eldigitaldeasturias.com\\\/noticias\\\/cayo-lara-acusa-a-pp-psoe-y-nacionalistas-de-ir-a-un-proceso-deconstituyente\\\/#organizationLogo\"},\"image\":{\"@id\":\"https:\\\/\\\/www.eldigitaldeasturias.com\\\/noticias\\\/cayo-lara-acusa-a-pp-psoe-y-nacionalistas-de-ir-a-un-proceso-deconstituyente\\\/#organizationLogo\"},\"sameAs\":[\"https:\\\/\\\/facebook.com\\\/eldigitaldeasturias\",\"https:\\\/\\\/www.youtube.com\\\/channel\\\/UCZP-2wLEB9Rv6erhFmqVnvg\"],\"address\":{\"@id\":\"https:\\\/\\\/www.eldigitaldeasturias.com\\\/noticias\\\/#postaladdress\",\"@type\":\"PostalAddress\",\"streetAddress\":\"san antonio 4\",\"postalCode\":\"33430\",\"addressLocality\":\"Cand\\u00e1s\",\"addressRegion\":\"Asturias\",\"addressCountry\":\"ES\"}},{\"@type\":\"Person\",\"@id\":\"https:\\\/\\\/www.eldigitaldeasturias.com\\\/noticias\\\/author\\\/admin\\\/#author\",\"url\":\"https:\\\/\\\/www.eldigitaldeasturias.com\\\/noticias\\\/author\\\/admin\\\/\",\"name\":\"El Digital de Asturias\",\"image\":{\"@type\":\"ImageObject\",\"@id\":\"https:\\\/\\\/www.eldigitaldeasturias.com\\\/noticias\\\/cayo-lara-acusa-a-pp-psoe-y-nacionalistas-de-ir-a-un-proceso-deconstituyente\\\/#authorImage\",\"url\":\"https:\\\/\\\/secure.gravatar.com\\\/avatar\\\/df2aeffc32bcd13f8d26072ef8a91b623d677766deac7f97ca815868cd41bf5e?s=96&d=mm&r=g\",\"width\":96,\"height\":96,\"caption\":\"El Digital de Asturias\"}},{\"@type\":\"WebPage\",\"@id\":\"https:\\\/\\\/www.eldigitaldeasturias.com\\\/noticias\\\/cayo-lara-acusa-a-pp-psoe-y-nacionalistas-de-ir-a-un-proceso-deconstituyente\\\/#webpage\",\"url\":\"https:\\\/\\\/www.eldigitaldeasturias.com\\\/noticias\\\/cayo-lara-acusa-a-pp-psoe-y-nacionalistas-de-ir-a-un-proceso-deconstituyente\\\/\",\"name\":\"Cayo Lara acusa a PP, PSOE y nacionalistas de ir a un proceso \\u00abdeconstituyente\\u00bb - El Digital de Asturias\",\"description\":\"Madrid, 8 feb (EFE).- El l\\u00edder de IU, Cayo Lara, ha advertido hoy de que el PP, en el Gobierno, junto al PSOE y algunas fuerzas nacionalistas est\\u00e1n conduciendo a Espa\\u00f1a hacia un \\\"proceso deconstituyente\\\", y frente a esa deriva, su partido ofrece una propuesta de Estado federal \\\"plurinacional y solidario\\\". Cayo Lara ha inaugurado\",\"inLanguage\":\"es-ES\",\"isPartOf\":{\"@id\":\"https:\\\/\\\/www.eldigitaldeasturias.com\\\/noticias\\\/#website\"},\"breadcrumb\":{\"@id\":\"https:\\\/\\\/www.eldigitaldeasturias.com\\\/noticias\\\/cayo-lara-acusa-a-pp-psoe-y-nacionalistas-de-ir-a-un-proceso-deconstituyente\\\/#breadcrumblist\"},\"author\":{\"@id\":\"https:\\\/\\\/www.eldigitaldeasturias.com\\\/noticias\\\/author\\\/admin\\\/#author\"},\"creator\":{\"@id\":\"https:\\\/\\\/www.eldigitaldeasturias.com\\\/noticias\\\/author\\\/admin\\\/#author\"},\"image\":{\"@type\":\"ImageObject\",\"url\":486750,\"@id\":\"https:\\\/\\\/www.eldigitaldeasturias.com\\\/noticias\\\/cayo-lara-acusa-a-pp-psoe-y-nacionalistas-de-ir-a-un-proceso-deconstituyente\\\/#mainImage\"},\"primaryImageOfPage\":{\"@id\":\"https:\\\/\\\/www.eldigitaldeasturias.com\\\/noticias\\\/cayo-lara-acusa-a-pp-psoe-y-nacionalistas-de-ir-a-un-proceso-deconstituyente\\\/#mainImage\"},\"datePublished\":\"2014-02-08T19:12:32+01:00\",\"dateModified\":\"2014-02-08T19:12:32+01:00\"},{\"@type\":\"WebSite\",\"@id\":\"https:\\\/\\\/www.eldigitaldeasturias.com\\\/noticias\\\/#website\",\"url\":\"https:\\\/\\\/www.eldigitaldeasturias.com\\\/noticias\\\/\",\"name\":\"El Digital de Asturias - Diario de actualidad y noticias\",\"alternateName\":\"El Digital de Asturias - Diario de actualidad y noticias\",\"description\":\"Hemeroteca\",\"inLanguage\":\"es-ES\",\"publisher\":{\"@id\":\"https:\\\/\\\/www.eldigitaldeasturias.com\\\/noticias\\\/#organization\"}}]}\n\t\t<\/script>\n\t\t<!-- All in One SEO Pro -->\r\n\t\t<title>Cayo Lara acusa a PP, PSOE y nacionalistas de ir a un proceso \u00abdeconstituyente\u00bb - El Digital de Asturias<\/title>\n\n","aioseo_head_json":{"title":"Cayo Lara acusa a PP, PSOE y nacionalistas de ir a un proceso \u00abdeconstituyente\u00bb - El Digital de Asturias","description":"Madrid, 8 feb (EFE).- El l\u00edder de IU, Cayo Lara, ha advertido hoy de que el PP, en el Gobierno, junto al PSOE y algunas fuerzas nacionalistas est\u00e1n conduciendo a Espa\u00f1a hacia un \"proceso deconstituyente\", y frente a esa deriva, su partido ofrece una propuesta de Estado federal \"plurinacional y solidario\". Cayo Lara ha inaugurado","canonical_url":"https:\/\/www.eldigitaldeasturias.com\/noticias\/cayo-lara-acusa-a-pp-psoe-y-nacionalistas-de-ir-a-un-proceso-deconstituyente\/","robots":"max-image-preview:large","keywords":"actualidad","webmasterTools":{"google-site-verification":"UA-38556648-1","msvalidate.01":"7dfe9f3f1b24437ab69f4f2559babe99","miscellaneous":""},"schema":{"@context":"https:\/\/schema.org","@graph":[{"@type":"BlogPosting","@id":"https:\/\/www.eldigitaldeasturias.com\/noticias\/cayo-lara-acusa-a-pp-psoe-y-nacionalistas-de-ir-a-un-proceso-deconstituyente\/#blogposting","name":"Cayo Lara acusa a PP, PSOE y nacionalistas de ir a un proceso \u00abdeconstituyente\u00bb - El Digital de Asturias","headline":"Cayo Lara acusa a PP, PSOE y nacionalistas de ir a un proceso \u00abdeconstituyente\u00bb","author":{"@id":"https:\/\/www.eldigitaldeasturias.com\/noticias\/author\/admin\/#author"},"publisher":{"@id":"https:\/\/www.eldigitaldeasturias.com\/noticias\/#organization"},"image":{"@type":"ImageObject","url":486750},"datePublished":"2014-02-08T19:12:32+01:00","dateModified":"2014-02-08T19:12:32+01:00","inLanguage":"es-ES","mainEntityOfPage":{"@id":"https:\/\/www.eldigitaldeasturias.com\/noticias\/cayo-lara-acusa-a-pp-psoe-y-nacionalistas-de-ir-a-un-proceso-deconstituyente\/#webpage"},"isPartOf":{"@id":"https:\/\/www.eldigitaldeasturias.com\/noticias\/cayo-lara-acusa-a-pp-psoe-y-nacionalistas-de-ir-a-un-proceso-deconstituyente\/#webpage"},"articleSection":"Actualidad"},{"@type":"BreadcrumbList","@id":"https:\/\/www.eldigitaldeasturias.com\/noticias\/cayo-lara-acusa-a-pp-psoe-y-nacionalistas-de-ir-a-un-proceso-deconstituyente\/#breadcrumblist","itemListElement":[{"@type":"ListItem","@id":"https:\/\/www.eldigitaldeasturias.com\/noticias#listItem","position":1,"name":"Home","item":"https:\/\/www.eldigitaldeasturias.com\/noticias","nextItem":{"@type":"ListItem","@id":"https:\/\/www.eldigitaldeasturias.com\/noticias\/category\/actualidad\/#listItem","name":"Actualidad"}},{"@type":"ListItem","@id":"https:\/\/www.eldigitaldeasturias.com\/noticias\/category\/actualidad\/#listItem","position":2,"name":"Actualidad","item":"https:\/\/www.eldigitaldeasturias.com\/noticias\/category\/actualidad\/","nextItem":{"@type":"ListItem","@id":"https:\/\/www.eldigitaldeasturias.com\/noticias\/cayo-lara-acusa-a-pp-psoe-y-nacionalistas-de-ir-a-un-proceso-deconstituyente\/#listItem","name":"Cayo Lara acusa a PP, PSOE y nacionalistas de ir a un proceso \u00abdeconstituyente\u00bb"},"previousItem":{"@type":"ListItem","@id":"https:\/\/www.eldigitaldeasturias.com\/noticias#listItem","name":"Home"}},{"@type":"ListItem","@id":"https:\/\/www.eldigitaldeasturias.com\/noticias\/cayo-lara-acusa-a-pp-psoe-y-nacionalistas-de-ir-a-un-proceso-deconstituyente\/#listItem","position":3,"name":"Cayo Lara acusa a PP, PSOE y nacionalistas de ir a un proceso \u00abdeconstituyente\u00bb","previousItem":{"@type":"ListItem","@id":"https:\/\/www.eldigitaldeasturias.com\/noticias\/category\/actualidad\/#listItem","name":"Actualidad"}}]},{"@type":"Organization","@id":"https:\/\/www.eldigitaldeasturias.com\/noticias\/#organization","name":"El Digital de Asturias","description":"Hemeroteca","url":"https:\/\/www.eldigitaldeasturias.com\/noticias\/","email":"info@eldigitaldeasturias.com","telephone":"+34652131393","logo":{"@type":"ImageObject","url":"https:\/\/www.eldigitaldeasturias.com\/noticias\/wp-content\/uploads\/2020\/12\/EDA.jpg","@id":"https:\/\/www.eldigitaldeasturias.com\/noticias\/cayo-lara-acusa-a-pp-psoe-y-nacionalistas-de-ir-a-un-proceso-deconstituyente\/#organizationLogo"},"image":{"@id":"https:\/\/www.eldigitaldeasturias.com\/noticias\/cayo-lara-acusa-a-pp-psoe-y-nacionalistas-de-ir-a-un-proceso-deconstituyente\/#organizationLogo"},"sameAs":["https:\/\/facebook.com\/eldigitaldeasturias","https:\/\/www.youtube.com\/channel\/UCZP-2wLEB9Rv6erhFmqVnvg"],"address":{"@id":"https:\/\/www.eldigitaldeasturias.com\/noticias\/#postaladdress","@type":"PostalAddress","streetAddress":"san antonio 4","postalCode":"33430","addressLocality":"Cand\u00e1s","addressRegion":"Asturias","addressCountry":"ES"}},{"@type":"Person","@id":"https:\/\/www.eldigitaldeasturias.com\/noticias\/author\/admin\/#author","url":"https:\/\/www.eldigitaldeasturias.com\/noticias\/author\/admin\/","name":"El Digital de Asturias","image":{"@type":"ImageObject","@id":"https:\/\/www.eldigitaldeasturias.com\/noticias\/cayo-lara-acusa-a-pp-psoe-y-nacionalistas-de-ir-a-un-proceso-deconstituyente\/#authorImage","url":"https:\/\/secure.gravatar.com\/avatar\/df2aeffc32bcd13f8d26072ef8a91b623d677766deac7f97ca815868cd41bf5e?s=96&d=mm&r=g","width":96,"height":96,"caption":"El Digital de Asturias"}},{"@type":"WebPage","@id":"https:\/\/www.eldigitaldeasturias.com\/noticias\/cayo-lara-acusa-a-pp-psoe-y-nacionalistas-de-ir-a-un-proceso-deconstituyente\/#webpage","url":"https:\/\/www.eldigitaldeasturias.com\/noticias\/cayo-lara-acusa-a-pp-psoe-y-nacionalistas-de-ir-a-un-proceso-deconstituyente\/","name":"Cayo Lara acusa a PP, PSOE y nacionalistas de ir a un proceso \u00abdeconstituyente\u00bb - El Digital de Asturias","description":"Madrid, 8 feb (EFE).- El l\u00edder de IU, Cayo Lara, ha advertido hoy de que el PP, en el Gobierno, junto al PSOE y algunas fuerzas nacionalistas est\u00e1n conduciendo a Espa\u00f1a hacia un \"proceso deconstituyente\", y frente a esa deriva, su partido ofrece una propuesta de Estado federal \"plurinacional y solidario\". Cayo Lara ha inaugurado","inLanguage":"es-ES","isPartOf":{"@id":"https:\/\/www.eldigitaldeasturias.com\/noticias\/#website"},"breadcrumb":{"@id":"https:\/\/www.eldigitaldeasturias.com\/noticias\/cayo-lara-acusa-a-pp-psoe-y-nacionalistas-de-ir-a-un-proceso-deconstituyente\/#breadcrumblist"},"author":{"@id":"https:\/\/www.eldigitaldeasturias.com\/noticias\/author\/admin\/#author"},"creator":{"@id":"https:\/\/www.eldigitaldeasturias.com\/noticias\/author\/admin\/#author"},"image":{"@type":"ImageObject","url":486750,"@id":"https:\/\/www.eldigitaldeasturias.com\/noticias\/cayo-lara-acusa-a-pp-psoe-y-nacionalistas-de-ir-a-un-proceso-deconstituyente\/#mainImage"},"primaryImageOfPage":{"@id":"https:\/\/www.eldigitaldeasturias.com\/noticias\/cayo-lara-acusa-a-pp-psoe-y-nacionalistas-de-ir-a-un-proceso-deconstituyente\/#mainImage"},"datePublished":"2014-02-08T19:12:32+01:00","dateModified":"2014-02-08T19:12:32+01:00"},{"@type":"WebSite","@id":"https:\/\/www.eldigitaldeasturias.com\/noticias\/#website","url":"https:\/\/www.eldigitaldeasturias.com\/noticias\/","name":"El Digital de Asturias - Diario de actualidad y noticias","alternateName":"El Digital de Asturias - Diario de actualidad y noticias","description":"Hemeroteca","inLanguage":"es-ES","publisher":{"@id":"https:\/\/www.eldigitaldeasturias.com\/noticias\/#organization"}}]},"og:locale":"es_ES","og:site_name":"El Digital de Asturias","og:type":"article","og:title":"Cayo Lara acusa a PP, PSOE y nacionalistas de ir a un proceso \u00abdeconstituyente\u00bb - El Digital de Asturias","og:description":"Madrid, 8 feb (EFE).- El l\u00edder de IU, Cayo Lara, ha advertido hoy de que el PP, en el Gobierno, junto al PSOE y algunas fuerzas nacionalistas est\u00e1n conduciendo a Espa\u00f1a hacia un &quot;proceso deconstituyente&quot;, y frente a esa deriva, su partido ofrece una propuesta de Estado federal &quot;plurinacional y solidario&quot;. Cayo Lara ha inaugurado","og:url":"https:\/\/www.eldigitaldeasturias.com\/noticias\/cayo-lara-acusa-a-pp-psoe-y-nacionalistas-de-ir-a-un-proceso-deconstituyente\/","article:tag":["actualidad"],"article:published_time":"2014-02-08T20:12:32+00:00","article:modified_time":"2014-02-08T20:12:32+00:00","article:publisher":"https:\/\/facebook.com\/eldigitaldeasturias","twitter:card":"summary_large_image","twitter:title":"Cayo Lara acusa a PP, PSOE y nacionalistas de ir a un proceso \u00abdeconstituyente\u00bb - El Digital de Asturias","twitter:description":"Madrid, 8 feb (EFE).- El l\u00edder de IU, Cayo Lara, ha advertido hoy de que el PP, en el Gobierno, junto al PSOE y algunas fuerzas nacionalistas est\u00e1n conduciendo a Espa\u00f1a hacia un &quot;proceso deconstituyente&quot;, y frente a esa deriva, su partido ofrece una propuesta de Estado federal &quot;plurinacional y solidario&quot;. Cayo Lara ha inaugurado","twitter:label1":"Escrito por","twitter:data1":"El Digital de Asturias","twitter:label2":"Tiempo de lectura estimado","twitter:data2":"3 minutos"},"aioseo_meta_data":{"post_id":"486749","title":null,"description":null,"keywords":null,"keyphrases":null,"primary_term":null,"canonical_url":null,"og_title":null,"og_description":null,"og_object_type":"default","og_image_type":"default","og_image_url":null,"og_image_width":null,"og_image_height":null,"og_image_custom_url":null,"og_image_custom_fields":null,"og_video":null,"og_custom_url":null,"og_article_section":null,"og_article_tags":null,"twitter_use_og":true,"twitter_card":"default","twitter_image_type":"default","twitter_image_url":null,"twitter_image_custom_url":null,"twitter_image_custom_fields":null,"twitter_title":null,"twitter_description":null,"schema":{"blockGraphs":[],"customGraphs":[],"default":{"data":{"Article":[],"Course":[],"Dataset":[],"FAQPage":[],"Movie":[],"Person":[],"Product":[],"ProductReview":[],"Car":[],"Recipe":[],"Service":[],"SoftwareApplication":[],"WebPage":[]},"graphName":"","isEnabled":true},"graphs":[],"defaultGraph":"","defaultPostTypeGraph":""},"schema_type":null,"schema_type_options":null,"pillar_content":false,"robots_default":true,"robots_noindex":false,"robots_noarchive":false,"robots_nosnippet":false,"robots_nofollow":false,"robots_noimageindex":false,"robots_noodp":false,"robots_notranslate":false,"robots_max_snippet":null,"robots_max_videopreview":null,"robots_max_imagepreview":"none","priority":null,"frequency":null,"local_seo":null,"seo_analyzer_scan_date":"2026-06-03 02:34:56","breadcrumb_settings":null,"limit_modified_date":false,"open_ai":null,"ai":null,"created":"2020-11-14 22:56:13","updated":"2026-06-03 02:34:56","focus_keyword":null,"additional_keywords":null,"truseo_locale":null},"aioseo_breadcrumb":"<div class=\"aioseo-breadcrumbs\"><span class=\"aioseo-breadcrumb\">\n\t<a href=\"https:\/\/www.eldigitaldeasturias.com\/noticias\" title=\"Home\">Home<\/a>\n<\/span><span class=\"aioseo-breadcrumb-separator\">\u2013<\/span><span class=\"aioseo-breadcrumb\">\n\t<a href=\"https:\/\/www.eldigitaldeasturias.com\/noticias\/category\/actualidad\/\" title=\"Actualidad\">Actualidad<\/a>\n<\/span><span class=\"aioseo-breadcrumb-separator\">\u2013<\/span><span class=\"aioseo-breadcrumb\">\n\t<a href=\"https:\/\/www.eldigitaldeasturias.com\/noticias\/cayo-lara-acusa-a-pp-psoe-y-nacionalistas-de-ir-a-un-proceso-deconstituyente\/\" title=\"Cayo Lara acusa a PP, PSOE y nacionalistas de ir a un proceso \u00abdeconstituyente\u00bb\">Cayo Lara acusa a PP, PSOE y nacionalistas de ir a un proceso \u00abdeconstituyente\u00bb<\/a>\n<\/span><\/div>","aioseo_breadcrumb_json":[{"label":"Home","link":"https:\/\/www.eldigitaldeasturias.com\/noticias"},{"label":"Actualidad","link":"https:\/\/www.eldigitaldeasturias.com\/noticias\/category\/actualidad\/"},{"label":"Cayo Lara acusa a PP, PSOE y nacionalistas de ir a un proceso \u00abdeconstituyente\u00bb","link":"https:\/\/www.eldigitaldeasturias.com\/noticias\/cayo-lara-acusa-a-pp-psoe-y-nacionalistas-de-ir-a-un-proceso-deconstituyente\/"}],"_links":{"self":[{"href":"https:\/\/www.eldigitaldeasturias.com\/noticias\/wp-json\/wp\/v2\/posts\/486749","targetHints":{"allow":["GET"]}}],"collection":[{"href":"https:\/\/www.eldigitaldeasturias.com\/noticias\/wp-json\/wp\/v2\/posts"}],"about":[{"href":"https:\/\/www.eldigitaldeasturias.com\/noticias\/wp-json\/wp\/v2\/types\/post"}],"author":[{"embeddable":true,"href":"https:\/\/www.eldigitaldeasturias.com\/noticias\/wp-json\/wp\/v2\/users\/1"}],"replies":[{"embeddable":true,"href":"https:\/\/www.eldigitaldeasturias.com\/noticias\/wp-json\/wp\/v2\/comments?post=486749"}],"version-history":[{"count":0,"href":"https:\/\/www.eldigitaldeasturias.com\/noticias\/wp-json\/wp\/v2\/posts\/486749\/revisions"}],"wp:attachment":[{"href":"https:\/\/www.eldigitaldeasturias.com\/noticias\/wp-json\/wp\/v2\/media?parent=486749"}],"wp:term":[{"taxonomy":"category","embeddable":true,"href":"https:\/\/www.eldigitaldeasturias.com\/noticias\/wp-json\/wp\/v2\/categories?post=486749"},{"taxonomy":"post_tag","embeddable":true,"href":"https:\/\/www.eldigitaldeasturias.com\/noticias\/wp-json\/wp\/v2\/tags?post=486749"}],"curies":[{"name":"wp","href":"https:\/\/api.w.org\/{rel}","templated":true}]}}