{"id":486730,"date":"2014-02-08T17:46:56","date_gmt":"2014-02-08T18:46:56","guid":{"rendered":"http:\/\/www.eldigitaldeasturias.com\/noticias\/?p=486730"},"modified":"2014-02-08T17:46:56","modified_gmt":"2014-02-08T18:46:56","slug":"el-oiea-e-iran-retomaron-hoy-en-teheran-las-negociaciones-nucleares","status":"publish","type":"post","link":"https:\/\/www.eldigitaldeasturias.com\/noticias\/el-oiea-e-iran-retomaron-hoy-en-teheran-las-negociaciones-nucleares\/","title":{"rendered":"El OIEA e Ir\u00e1n retomaron hoy en Teher\u00e1n las negociaciones nucleares"},"content":{"rendered":"<p><img loading=\"lazy\" decoding=\"async\" class=\"alignleft size-medium wp-image-486731\" alt=\"5923617w\" src=\"https:\/\/www.eldigitaldeasturias.com\/noticias\/wp-content\/uploads\/2014\/02\/5923617w-360x247.jpg\" width=\"360\" height=\"247\" \/>Teher\u00e1n, 8 feb (EFE).- El Organismo Internacional de la Energ\u00eda At\u00f3mica (OIEA) retom\u00f3 hoy en Teher\u00e1n las negociaciones con la Organizaci\u00f3n de Energ\u00eda At\u00f3mica de Ir\u00e1n (OEAI) para determinar nuevos pasos de cooperaci\u00f3n en materia de transparencia nuclear.<\/p>\n<p>La delegaci\u00f3n internacional, formada por tres inspectores y encabezada por el director adjunto del OIEA para salvaguardas (controles), el finland\u00e9s Tero Varjoranta, aterriz\u00f3 anoche en la capital iran\u00ed y se reuni\u00f3 hoy a las 10.30 hora local (07.00 GMT) con los responsables nucleares nacionales.<\/p>\n<p>El objetivo del encuentro es fijar los nuevos objetivos de cooperaci\u00f3n, ya que este mes vence el plazo inicial de tres meses en el que Ir\u00e1n deb\u00eda cumplir seis medidas pr\u00e1cticas de cooperaci\u00f3n, seg\u00fan el Memorando de Entendimiento firmado por ambas partes el pasado 11 de noviembre.<\/p>\n<p>En el documento, Ir\u00e1n se compromet\u00eda a entregar informaci\u00f3n relevante mutuamente acordada y gestionar el acceso a la mina de Gach\u00edn, en Bandar Ab\u00e1s (sur de Ir\u00e1n) y la planta de producci\u00f3n de agua pesada de Arak, en el este del pa\u00eds.<\/p>\n<p>Adem\u00e1s, Teher\u00e1n deb\u00eda entregar informaci\u00f3n de sus nuevos reactores de investigaci\u00f3n y la identificaci\u00f3n de 16 lugares designados para la construcci\u00f3n de nuevas plantas nucleares y clarificar sus anuncios sobre instalaciones adicionales de enriquecimiento de uranio y tecnolog\u00eda para el enriquecimiento l\u00e1ser.<\/p>\n<p>El OIEA, por su parte, se comprometi\u00f3 a tener en cuenta las preocupaciones de seguridad iran\u00edes y proteger la informaci\u00f3n confidencial.<\/p>\n<p>Los iran\u00edes aseguran que han cumplido todas las obligaciones adquiridas en el acuerdo de noviembre y proporcionado toda la informaci\u00f3n reclamada.<\/p>\n<p>Inspectores del organismo internacional con sede en Viena han obtenido acceso en estos meses por primera vez a la mina de Gach\u00edn y a la planta de producci\u00f3n de Arak, uno de los elementos m\u00e1s conflictivos del programa nuclear iran\u00ed por su capacidad para generar plutonio, que puede utilizarse como combustible para armas at\u00f3micas.<\/p>\n<p>El presidente de la organizaci\u00f3n at\u00f3mica iran\u00ed, Ali Akbar Salehi, se\u00f1al\u00f3 ayer que Ir\u00e1n podr\u00eda considerar incluir \u00abalgunos cambios t\u00e9cnicos\u00bb en el reactor de agua pesada de Arak, que est\u00e1 a\u00fan en construcci\u00f3n, aunque insisti\u00f3 en que seguir\u00e1 siendo un reactor de agua pesada y rechaz\u00f3 convertirlo en uno de agua ligera, inform\u00f3 hoy la agencia nacional de noticias iran\u00ed IRNA.<\/p>\n<p>El responsable nuclear iran\u00ed tambi\u00e9n advirti\u00f3 que Occidente debe evitar \u00abbuscar aventuras\u00bb en las conversaciones nucleares que llevan a cabo el Grupo 5+1 (los cinco miembros permanentes del Consejo de Seguridad de la ONU m\u00e1s Alemania), con el que Ir\u00e1n alcanz\u00f3 en noviembre un principio de acuerdo para tratar de calmar las inquietudes del mundo sobre una posible vertiente militar de su programa nuclear.<\/p>\n","protected":false},"excerpt":{"rendered":"<p>Teher\u00e1n, 8 feb (EFE).- El Organismo Internacional de la Energ\u00eda At\u00f3mica (OIEA) retom\u00f3 hoy en Teher\u00e1n las negociaciones con la Organizaci\u00f3n de Energ\u00eda At\u00f3mica de Ir\u00e1n (OEAI) para determinar nuevos pasos de cooperaci\u00f3n en materia de transparencia nuclear. La delegaci\u00f3n internacional, formada por tres inspectores y encabezada por el director adjunto del OIEA para salvaguardas [&hellip;]<\/p>\n","protected":false},"author":1,"featured_media":486731,"comment_status":"open","ping_status":"open","sticky":false,"template":"","format":"standard","meta":{"footnotes":""},"categories":[1],"tags":[],"class_list":["post-486730","post","type-post","status-publish","format-standard","has-post-thumbnail","hentry","category-actualidad"],"aioseo_notices":[],"aioseo_head":"\n\t\t<!-- All in One SEO Pro 5.0.1 - aioseo.com -->\n\t<meta name=\"description\" content=\"Teher\u00e1n, 8 feb (EFE).- El Organismo Internacional de la Energ\u00eda At\u00f3mica (OIEA) retom\u00f3 hoy en Teher\u00e1n las negociaciones con la Organizaci\u00f3n de Energ\u00eda At\u00f3mica de Ir\u00e1n (OEAI) para determinar nuevos pasos de cooperaci\u00f3n en materia de transparencia nuclear. La delegaci\u00f3n internacional, formada por tres inspectores y encabezada por el director adjunto del OIEA para salvaguardas\" \/>\n\t<meta name=\"robots\" content=\"max-image-preview:large\" \/>\n\t<meta name=\"author\" content=\"El Digital de Asturias\"\/>\n\t<meta name=\"google-site-verification\" content=\"UA-38556648-1\" \/>\n\t<meta name=\"msvalidate.01\" content=\"7dfe9f3f1b24437ab69f4f2559babe99\" \/>\n\t<meta name=\"keywords\" content=\"actualidad\" \/>\n\t<link rel=\"canonical\" href=\"https:\/\/www.eldigitaldeasturias.com\/noticias\/el-oiea-e-iran-retomaron-hoy-en-teheran-las-negociaciones-nucleares\/\" \/>\n\t<meta name=\"generator\" content=\"All in One SEO Pro (AIOSEO) 5.0.1\" \/>\n\t\t<meta property=\"og:locale\" content=\"es_ES\" \/>\n\t\t<meta property=\"og:site_name\" content=\"El Digital de Asturias\" \/>\n\t\t<meta property=\"og:type\" content=\"article\" \/>\n\t\t<meta property=\"og:title\" content=\"El OIEA e Ir\u00e1n retomaron hoy en Teher\u00e1n las negociaciones nucleares - El Digital de Asturias\" \/>\n\t\t<meta property=\"og:description\" content=\"Teher\u00e1n, 8 feb (EFE).- El Organismo Internacional de la Energ\u00eda At\u00f3mica (OIEA) retom\u00f3 hoy en Teher\u00e1n las negociaciones con la Organizaci\u00f3n de Energ\u00eda At\u00f3mica de Ir\u00e1n (OEAI) para determinar nuevos pasos de cooperaci\u00f3n en materia de transparencia nuclear. La delegaci\u00f3n internacional, formada por tres inspectores y encabezada por el director adjunto del OIEA para salvaguardas\" \/>\n\t\t<meta property=\"og:url\" content=\"https:\/\/www.eldigitaldeasturias.com\/noticias\/el-oiea-e-iran-retomaron-hoy-en-teheran-las-negociaciones-nucleares\/\" \/>\n\t\t<meta property=\"article:tag\" content=\"actualidad\" \/>\n\t\t<meta property=\"article:published_time\" content=\"2014-02-08T18:46:56+00:00\" \/>\n\t\t<meta property=\"article:modified_time\" content=\"2014-02-08T18:46:56+00:00\" \/>\n\t\t<meta property=\"article:publisher\" content=\"https:\/\/facebook.com\/eldigitaldeasturias\" \/>\n\t\t<meta name=\"twitter:card\" content=\"summary_large_image\" \/>\n\t\t<meta name=\"twitter:title\" content=\"El OIEA e Ir\u00e1n retomaron hoy en Teher\u00e1n las negociaciones nucleares - El Digital de Asturias\" \/>\n\t\t<meta name=\"twitter:description\" content=\"Teher\u00e1n, 8 feb (EFE).- El Organismo Internacional de la Energ\u00eda At\u00f3mica (OIEA) retom\u00f3 hoy en Teher\u00e1n las negociaciones con la Organizaci\u00f3n de Energ\u00eda At\u00f3mica de Ir\u00e1n (OEAI) para determinar nuevos pasos de cooperaci\u00f3n en materia de transparencia nuclear. La delegaci\u00f3n internacional, formada por tres inspectores y encabezada por el director adjunto del OIEA para salvaguardas\" \/>\n\t\t<meta name=\"twitter:label1\" content=\"Escrito por\" \/>\n\t\t<meta name=\"twitter:data1\" content=\"El Digital de Asturias\" \/>\n\t\t<meta name=\"twitter:label2\" content=\"Tiempo de lectura estimado\" \/>\n\t\t<meta name=\"twitter:data2\" content=\"2 minutos\" \/>\n\t\t<script type=\"application\/ld+json\" class=\"aioseo-schema\">\n\t\t\t{\"@context\":\"https:\\\/\\\/schema.org\",\"@graph\":[{\"@type\":\"BlogPosting\",\"@id\":\"https:\\\/\\\/www.eldigitaldeasturias.com\\\/noticias\\\/el-oiea-e-iran-retomaron-hoy-en-teheran-las-negociaciones-nucleares\\\/#blogposting\",\"name\":\"El OIEA e Ir\\u00e1n retomaron hoy en Teher\\u00e1n las negociaciones nucleares - El Digital de Asturias\",\"headline\":\"El OIEA e Ir\\u00e1n retomaron hoy en Teher\\u00e1n las negociaciones nucleares\",\"author\":{\"@id\":\"https:\\\/\\\/www.eldigitaldeasturias.com\\\/noticias\\\/author\\\/admin\\\/#author\"},\"publisher\":{\"@id\":\"https:\\\/\\\/www.eldigitaldeasturias.com\\\/noticias\\\/#organization\"},\"image\":{\"@type\":\"ImageObject\",\"url\":486731},\"datePublished\":\"2014-02-08T17:46:56+01:00\",\"dateModified\":\"2014-02-08T17:46:56+01:00\",\"inLanguage\":\"es-ES\",\"mainEntityOfPage\":{\"@id\":\"https:\\\/\\\/www.eldigitaldeasturias.com\\\/noticias\\\/el-oiea-e-iran-retomaron-hoy-en-teheran-las-negociaciones-nucleares\\\/#webpage\"},\"isPartOf\":{\"@id\":\"https:\\\/\\\/www.eldigitaldeasturias.com\\\/noticias\\\/el-oiea-e-iran-retomaron-hoy-en-teheran-las-negociaciones-nucleares\\\/#webpage\"},\"articleSection\":\"Actualidad\"},{\"@type\":\"BreadcrumbList\",\"@id\":\"https:\\\/\\\/www.eldigitaldeasturias.com\\\/noticias\\\/el-oiea-e-iran-retomaron-hoy-en-teheran-las-negociaciones-nucleares\\\/#breadcrumblist\",\"itemListElement\":[{\"@type\":\"ListItem\",\"@id\":\"https:\\\/\\\/www.eldigitaldeasturias.com\\\/noticias#listItem\",\"position\":1,\"name\":\"Home\",\"item\":\"https:\\\/\\\/www.eldigitaldeasturias.com\\\/noticias\",\"nextItem\":{\"@type\":\"ListItem\",\"@id\":\"https:\\\/\\\/www.eldigitaldeasturias.com\\\/noticias\\\/category\\\/actualidad\\\/#listItem\",\"name\":\"Actualidad\"}},{\"@type\":\"ListItem\",\"@id\":\"https:\\\/\\\/www.eldigitaldeasturias.com\\\/noticias\\\/category\\\/actualidad\\\/#listItem\",\"position\":2,\"name\":\"Actualidad\",\"item\":\"https:\\\/\\\/www.eldigitaldeasturias.com\\\/noticias\\\/category\\\/actualidad\\\/\",\"nextItem\":{\"@type\":\"ListItem\",\"@id\":\"https:\\\/\\\/www.eldigitaldeasturias.com\\\/noticias\\\/el-oiea-e-iran-retomaron-hoy-en-teheran-las-negociaciones-nucleares\\\/#listItem\",\"name\":\"El OIEA e Ir\\u00e1n retomaron hoy en Teher\\u00e1n las negociaciones nucleares\"},\"previousItem\":{\"@type\":\"ListItem\",\"@id\":\"https:\\\/\\\/www.eldigitaldeasturias.com\\\/noticias#listItem\",\"name\":\"Home\"}},{\"@type\":\"ListItem\",\"@id\":\"https:\\\/\\\/www.eldigitaldeasturias.com\\\/noticias\\\/el-oiea-e-iran-retomaron-hoy-en-teheran-las-negociaciones-nucleares\\\/#listItem\",\"position\":3,\"name\":\"El OIEA e Ir\\u00e1n retomaron hoy en Teher\\u00e1n las negociaciones nucleares\",\"previousItem\":{\"@type\":\"ListItem\",\"@id\":\"https:\\\/\\\/www.eldigitaldeasturias.com\\\/noticias\\\/category\\\/actualidad\\\/#listItem\",\"name\":\"Actualidad\"}}]},{\"@type\":\"Organization\",\"@id\":\"https:\\\/\\\/www.eldigitaldeasturias.com\\\/noticias\\\/#organization\",\"name\":\"El Digital de Asturias\",\"description\":\"Hemeroteca\",\"url\":\"https:\\\/\\\/www.eldigitaldeasturias.com\\\/noticias\\\/\",\"email\":\"info@eldigitaldeasturias.com\",\"telephone\":\"+34652131393\",\"logo\":{\"@type\":\"ImageObject\",\"url\":\"https:\\\/\\\/www.eldigitaldeasturias.com\\\/noticias\\\/wp-content\\\/uploads\\\/2020\\\/12\\\/EDA.jpg\",\"@id\":\"https:\\\/\\\/www.eldigitaldeasturias.com\\\/noticias\\\/el-oiea-e-iran-retomaron-hoy-en-teheran-las-negociaciones-nucleares\\\/#organizationLogo\"},\"image\":{\"@id\":\"https:\\\/\\\/www.eldigitaldeasturias.com\\\/noticias\\\/el-oiea-e-iran-retomaron-hoy-en-teheran-las-negociaciones-nucleares\\\/#organizationLogo\"},\"sameAs\":[\"https:\\\/\\\/facebook.com\\\/eldigitaldeasturias\",\"https:\\\/\\\/www.youtube.com\\\/channel\\\/UCZP-2wLEB9Rv6erhFmqVnvg\"],\"address\":{\"@id\":\"https:\\\/\\\/www.eldigitaldeasturias.com\\\/noticias\\\/#postaladdress\",\"@type\":\"PostalAddress\",\"streetAddress\":\"san antonio 4\",\"postalCode\":\"33430\",\"addressLocality\":\"Cand\\u00e1s\",\"addressRegion\":\"Asturias\",\"addressCountry\":\"ES\"}},{\"@type\":\"Person\",\"@id\":\"https:\\\/\\\/www.eldigitaldeasturias.com\\\/noticias\\\/author\\\/admin\\\/#author\",\"url\":\"https:\\\/\\\/www.eldigitaldeasturias.com\\\/noticias\\\/author\\\/admin\\\/\",\"name\":\"El Digital de Asturias\",\"image\":{\"@type\":\"ImageObject\",\"@id\":\"https:\\\/\\\/www.eldigitaldeasturias.com\\\/noticias\\\/el-oiea-e-iran-retomaron-hoy-en-teheran-las-negociaciones-nucleares\\\/#authorImage\",\"url\":\"https:\\\/\\\/secure.gravatar.com\\\/avatar\\\/df2aeffc32bcd13f8d26072ef8a91b623d677766deac7f97ca815868cd41bf5e?s=96&d=mm&r=g\",\"width\":96,\"height\":96,\"caption\":\"El Digital de Asturias\"}},{\"@type\":\"WebPage\",\"@id\":\"https:\\\/\\\/www.eldigitaldeasturias.com\\\/noticias\\\/el-oiea-e-iran-retomaron-hoy-en-teheran-las-negociaciones-nucleares\\\/#webpage\",\"url\":\"https:\\\/\\\/www.eldigitaldeasturias.com\\\/noticias\\\/el-oiea-e-iran-retomaron-hoy-en-teheran-las-negociaciones-nucleares\\\/\",\"name\":\"El OIEA e Ir\\u00e1n retomaron hoy en Teher\\u00e1n las negociaciones nucleares - El Digital de Asturias\",\"description\":\"Teher\\u00e1n, 8 feb (EFE).- El Organismo Internacional de la Energ\\u00eda At\\u00f3mica (OIEA) retom\\u00f3 hoy en Teher\\u00e1n las negociaciones con la Organizaci\\u00f3n de Energ\\u00eda At\\u00f3mica de Ir\\u00e1n (OEAI) para determinar nuevos pasos de cooperaci\\u00f3n en materia de transparencia nuclear. La delegaci\\u00f3n internacional, formada por tres inspectores y encabezada por el director adjunto del OIEA para salvaguardas\",\"inLanguage\":\"es-ES\",\"isPartOf\":{\"@id\":\"https:\\\/\\\/www.eldigitaldeasturias.com\\\/noticias\\\/#website\"},\"breadcrumb\":{\"@id\":\"https:\\\/\\\/www.eldigitaldeasturias.com\\\/noticias\\\/el-oiea-e-iran-retomaron-hoy-en-teheran-las-negociaciones-nucleares\\\/#breadcrumblist\"},\"author\":{\"@id\":\"https:\\\/\\\/www.eldigitaldeasturias.com\\\/noticias\\\/author\\\/admin\\\/#author\"},\"creator\":{\"@id\":\"https:\\\/\\\/www.eldigitaldeasturias.com\\\/noticias\\\/author\\\/admin\\\/#author\"},\"image\":{\"@type\":\"ImageObject\",\"url\":486731,\"@id\":\"https:\\\/\\\/www.eldigitaldeasturias.com\\\/noticias\\\/el-oiea-e-iran-retomaron-hoy-en-teheran-las-negociaciones-nucleares\\\/#mainImage\"},\"primaryImageOfPage\":{\"@id\":\"https:\\\/\\\/www.eldigitaldeasturias.com\\\/noticias\\\/el-oiea-e-iran-retomaron-hoy-en-teheran-las-negociaciones-nucleares\\\/#mainImage\"},\"datePublished\":\"2014-02-08T17:46:56+01:00\",\"dateModified\":\"2014-02-08T17:46:56+01:00\"},{\"@type\":\"WebSite\",\"@id\":\"https:\\\/\\\/www.eldigitaldeasturias.com\\\/noticias\\\/#website\",\"url\":\"https:\\\/\\\/www.eldigitaldeasturias.com\\\/noticias\\\/\",\"name\":\"El Digital de Asturias - Diario de actualidad y noticias\",\"alternateName\":\"El Digital de Asturias - Diario de actualidad y noticias\",\"description\":\"Hemeroteca\",\"inLanguage\":\"es-ES\",\"publisher\":{\"@id\":\"https:\\\/\\\/www.eldigitaldeasturias.com\\\/noticias\\\/#organization\"}}]}\n\t\t<\/script>\n\t\t<!-- All in One SEO Pro -->\r\n\t\t<title>El OIEA e Ir\u00e1n retomaron hoy en Teher\u00e1n las negociaciones nucleares - El Digital de Asturias<\/title>\n\n","aioseo_head_json":{"title":"El OIEA e Ir\u00e1n retomaron hoy en Teher\u00e1n las negociaciones nucleares - El Digital de Asturias","description":"Teher\u00e1n, 8 feb (EFE).- El Organismo Internacional de la Energ\u00eda At\u00f3mica (OIEA) retom\u00f3 hoy en Teher\u00e1n las negociaciones con la Organizaci\u00f3n de Energ\u00eda At\u00f3mica de Ir\u00e1n (OEAI) para determinar nuevos pasos de cooperaci\u00f3n en materia de transparencia nuclear. La delegaci\u00f3n internacional, formada por tres inspectores y encabezada por el director adjunto del OIEA para salvaguardas","canonical_url":"https:\/\/www.eldigitaldeasturias.com\/noticias\/el-oiea-e-iran-retomaron-hoy-en-teheran-las-negociaciones-nucleares\/","robots":"max-image-preview:large","keywords":"actualidad","webmasterTools":{"google-site-verification":"UA-38556648-1","msvalidate.01":"7dfe9f3f1b24437ab69f4f2559babe99","miscellaneous":""},"schema":{"@context":"https:\/\/schema.org","@graph":[{"@type":"BlogPosting","@id":"https:\/\/www.eldigitaldeasturias.com\/noticias\/el-oiea-e-iran-retomaron-hoy-en-teheran-las-negociaciones-nucleares\/#blogposting","name":"El OIEA e Ir\u00e1n retomaron hoy en Teher\u00e1n las negociaciones nucleares - El Digital de Asturias","headline":"El OIEA e Ir\u00e1n retomaron hoy en Teher\u00e1n las negociaciones nucleares","author":{"@id":"https:\/\/www.eldigitaldeasturias.com\/noticias\/author\/admin\/#author"},"publisher":{"@id":"https:\/\/www.eldigitaldeasturias.com\/noticias\/#organization"},"image":{"@type":"ImageObject","url":486731},"datePublished":"2014-02-08T17:46:56+01:00","dateModified":"2014-02-08T17:46:56+01:00","inLanguage":"es-ES","mainEntityOfPage":{"@id":"https:\/\/www.eldigitaldeasturias.com\/noticias\/el-oiea-e-iran-retomaron-hoy-en-teheran-las-negociaciones-nucleares\/#webpage"},"isPartOf":{"@id":"https:\/\/www.eldigitaldeasturias.com\/noticias\/el-oiea-e-iran-retomaron-hoy-en-teheran-las-negociaciones-nucleares\/#webpage"},"articleSection":"Actualidad"},{"@type":"BreadcrumbList","@id":"https:\/\/www.eldigitaldeasturias.com\/noticias\/el-oiea-e-iran-retomaron-hoy-en-teheran-las-negociaciones-nucleares\/#breadcrumblist","itemListElement":[{"@type":"ListItem","@id":"https:\/\/www.eldigitaldeasturias.com\/noticias#listItem","position":1,"name":"Home","item":"https:\/\/www.eldigitaldeasturias.com\/noticias","nextItem":{"@type":"ListItem","@id":"https:\/\/www.eldigitaldeasturias.com\/noticias\/category\/actualidad\/#listItem","name":"Actualidad"}},{"@type":"ListItem","@id":"https:\/\/www.eldigitaldeasturias.com\/noticias\/category\/actualidad\/#listItem","position":2,"name":"Actualidad","item":"https:\/\/www.eldigitaldeasturias.com\/noticias\/category\/actualidad\/","nextItem":{"@type":"ListItem","@id":"https:\/\/www.eldigitaldeasturias.com\/noticias\/el-oiea-e-iran-retomaron-hoy-en-teheran-las-negociaciones-nucleares\/#listItem","name":"El OIEA e Ir\u00e1n retomaron hoy en Teher\u00e1n las negociaciones nucleares"},"previousItem":{"@type":"ListItem","@id":"https:\/\/www.eldigitaldeasturias.com\/noticias#listItem","name":"Home"}},{"@type":"ListItem","@id":"https:\/\/www.eldigitaldeasturias.com\/noticias\/el-oiea-e-iran-retomaron-hoy-en-teheran-las-negociaciones-nucleares\/#listItem","position":3,"name":"El OIEA e Ir\u00e1n retomaron hoy en Teher\u00e1n las negociaciones nucleares","previousItem":{"@type":"ListItem","@id":"https:\/\/www.eldigitaldeasturias.com\/noticias\/category\/actualidad\/#listItem","name":"Actualidad"}}]},{"@type":"Organization","@id":"https:\/\/www.eldigitaldeasturias.com\/noticias\/#organization","name":"El Digital de Asturias","description":"Hemeroteca","url":"https:\/\/www.eldigitaldeasturias.com\/noticias\/","email":"info@eldigitaldeasturias.com","telephone":"+34652131393","logo":{"@type":"ImageObject","url":"https:\/\/www.eldigitaldeasturias.com\/noticias\/wp-content\/uploads\/2020\/12\/EDA.jpg","@id":"https:\/\/www.eldigitaldeasturias.com\/noticias\/el-oiea-e-iran-retomaron-hoy-en-teheran-las-negociaciones-nucleares\/#organizationLogo"},"image":{"@id":"https:\/\/www.eldigitaldeasturias.com\/noticias\/el-oiea-e-iran-retomaron-hoy-en-teheran-las-negociaciones-nucleares\/#organizationLogo"},"sameAs":["https:\/\/facebook.com\/eldigitaldeasturias","https:\/\/www.youtube.com\/channel\/UCZP-2wLEB9Rv6erhFmqVnvg"],"address":{"@id":"https:\/\/www.eldigitaldeasturias.com\/noticias\/#postaladdress","@type":"PostalAddress","streetAddress":"san antonio 4","postalCode":"33430","addressLocality":"Cand\u00e1s","addressRegion":"Asturias","addressCountry":"ES"}},{"@type":"Person","@id":"https:\/\/www.eldigitaldeasturias.com\/noticias\/author\/admin\/#author","url":"https:\/\/www.eldigitaldeasturias.com\/noticias\/author\/admin\/","name":"El Digital de Asturias","image":{"@type":"ImageObject","@id":"https:\/\/www.eldigitaldeasturias.com\/noticias\/el-oiea-e-iran-retomaron-hoy-en-teheran-las-negociaciones-nucleares\/#authorImage","url":"https:\/\/secure.gravatar.com\/avatar\/df2aeffc32bcd13f8d26072ef8a91b623d677766deac7f97ca815868cd41bf5e?s=96&d=mm&r=g","width":96,"height":96,"caption":"El Digital de Asturias"}},{"@type":"WebPage","@id":"https:\/\/www.eldigitaldeasturias.com\/noticias\/el-oiea-e-iran-retomaron-hoy-en-teheran-las-negociaciones-nucleares\/#webpage","url":"https:\/\/www.eldigitaldeasturias.com\/noticias\/el-oiea-e-iran-retomaron-hoy-en-teheran-las-negociaciones-nucleares\/","name":"El OIEA e Ir\u00e1n retomaron hoy en Teher\u00e1n las negociaciones nucleares - El Digital de Asturias","description":"Teher\u00e1n, 8 feb (EFE).- El Organismo Internacional de la Energ\u00eda At\u00f3mica (OIEA) retom\u00f3 hoy en Teher\u00e1n las negociaciones con la Organizaci\u00f3n de Energ\u00eda At\u00f3mica de Ir\u00e1n (OEAI) para determinar nuevos pasos de cooperaci\u00f3n en materia de transparencia nuclear. La delegaci\u00f3n internacional, formada por tres inspectores y encabezada por el director adjunto del OIEA para salvaguardas","inLanguage":"es-ES","isPartOf":{"@id":"https:\/\/www.eldigitaldeasturias.com\/noticias\/#website"},"breadcrumb":{"@id":"https:\/\/www.eldigitaldeasturias.com\/noticias\/el-oiea-e-iran-retomaron-hoy-en-teheran-las-negociaciones-nucleares\/#breadcrumblist"},"author":{"@id":"https:\/\/www.eldigitaldeasturias.com\/noticias\/author\/admin\/#author"},"creator":{"@id":"https:\/\/www.eldigitaldeasturias.com\/noticias\/author\/admin\/#author"},"image":{"@type":"ImageObject","url":486731,"@id":"https:\/\/www.eldigitaldeasturias.com\/noticias\/el-oiea-e-iran-retomaron-hoy-en-teheran-las-negociaciones-nucleares\/#mainImage"},"primaryImageOfPage":{"@id":"https:\/\/www.eldigitaldeasturias.com\/noticias\/el-oiea-e-iran-retomaron-hoy-en-teheran-las-negociaciones-nucleares\/#mainImage"},"datePublished":"2014-02-08T17:46:56+01:00","dateModified":"2014-02-08T17:46:56+01:00"},{"@type":"WebSite","@id":"https:\/\/www.eldigitaldeasturias.com\/noticias\/#website","url":"https:\/\/www.eldigitaldeasturias.com\/noticias\/","name":"El Digital de Asturias - Diario de actualidad y noticias","alternateName":"El Digital de Asturias - Diario de actualidad y noticias","description":"Hemeroteca","inLanguage":"es-ES","publisher":{"@id":"https:\/\/www.eldigitaldeasturias.com\/noticias\/#organization"}}]},"og:locale":"es_ES","og:site_name":"El Digital de Asturias","og:type":"article","og:title":"El OIEA e Ir\u00e1n retomaron hoy en Teher\u00e1n las negociaciones nucleares - El Digital de Asturias","og:description":"Teher\u00e1n, 8 feb (EFE).- El Organismo Internacional de la Energ\u00eda At\u00f3mica (OIEA) retom\u00f3 hoy en Teher\u00e1n las negociaciones con la Organizaci\u00f3n de Energ\u00eda At\u00f3mica de Ir\u00e1n (OEAI) para determinar nuevos pasos de cooperaci\u00f3n en materia de transparencia nuclear. La delegaci\u00f3n internacional, formada por tres inspectores y encabezada por el director adjunto del OIEA para salvaguardas","og:url":"https:\/\/www.eldigitaldeasturias.com\/noticias\/el-oiea-e-iran-retomaron-hoy-en-teheran-las-negociaciones-nucleares\/","article:tag":["actualidad"],"article:published_time":"2014-02-08T18:46:56+00:00","article:modified_time":"2014-02-08T18:46:56+00:00","article:publisher":"https:\/\/facebook.com\/eldigitaldeasturias","twitter:card":"summary_large_image","twitter:title":"El OIEA e Ir\u00e1n retomaron hoy en Teher\u00e1n las negociaciones nucleares - El Digital de Asturias","twitter:description":"Teher\u00e1n, 8 feb (EFE).- El Organismo Internacional de la Energ\u00eda At\u00f3mica (OIEA) retom\u00f3 hoy en Teher\u00e1n las negociaciones con la Organizaci\u00f3n de Energ\u00eda At\u00f3mica de Ir\u00e1n (OEAI) para determinar nuevos pasos de cooperaci\u00f3n en materia de transparencia nuclear. La delegaci\u00f3n internacional, formada por tres inspectores y encabezada por el director adjunto del OIEA para salvaguardas","twitter:label1":"Escrito por","twitter:data1":"El Digital de Asturias","twitter:label2":"Tiempo de lectura estimado","twitter:data2":"2 minutos"},"aioseo_meta_data":{"post_id":"486730","title":null,"description":null,"keywords":null,"keyphrases":null,"primary_term":null,"canonical_url":null,"og_title":null,"og_description":null,"og_object_type":"default","og_image_type":"default","og_image_url":null,"og_image_width":null,"og_image_height":null,"og_image_custom_url":null,"og_image_custom_fields":null,"og_video":null,"og_custom_url":null,"og_article_section":null,"og_article_tags":null,"twitter_use_og":true,"twitter_card":"default","twitter_image_type":"default","twitter_image_url":null,"twitter_image_custom_url":null,"twitter_image_custom_fields":null,"twitter_title":null,"twitter_description":null,"schema":{"blockGraphs":[],"customGraphs":[],"default":{"data":{"Article":[],"Course":[],"Dataset":[],"FAQPage":[],"Movie":[],"Person":[],"Product":[],"ProductReview":[],"Car":[],"Recipe":[],"Service":[],"SoftwareApplication":[],"WebPage":[]},"graphName":"","isEnabled":true},"graphs":[],"defaultGraph":"","defaultPostTypeGraph":""},"schema_type":null,"schema_type_options":null,"pillar_content":false,"robots_default":true,"robots_noindex":false,"robots_noarchive":false,"robots_nosnippet":false,"robots_nofollow":false,"robots_noimageindex":false,"robots_noodp":false,"robots_notranslate":false,"robots_max_snippet":null,"robots_max_videopreview":null,"robots_max_imagepreview":"none","priority":null,"frequency":null,"local_seo":null,"seo_analyzer_scan_date":"2026-06-03 02:28:50","breadcrumb_settings":null,"limit_modified_date":false,"open_ai":null,"ai":null,"created":"2020-11-14 22:56:13","updated":"2026-06-03 02:28:50","focus_keyword":null,"additional_keywords":null,"truseo_locale":null},"aioseo_breadcrumb":"<div class=\"aioseo-breadcrumbs\"><span class=\"aioseo-breadcrumb\">\n\t<a href=\"https:\/\/www.eldigitaldeasturias.com\/noticias\" title=\"Home\">Home<\/a>\n<\/span><span class=\"aioseo-breadcrumb-separator\">\u2013<\/span><span class=\"aioseo-breadcrumb\">\n\t<a href=\"https:\/\/www.eldigitaldeasturias.com\/noticias\/category\/actualidad\/\" title=\"Actualidad\">Actualidad<\/a>\n<\/span><span class=\"aioseo-breadcrumb-separator\">\u2013<\/span><span class=\"aioseo-breadcrumb\">\n\t<a href=\"https:\/\/www.eldigitaldeasturias.com\/noticias\/el-oiea-e-iran-retomaron-hoy-en-teheran-las-negociaciones-nucleares\/\" title=\"El OIEA e Ir\u00e1n retomaron hoy en Teher\u00e1n las negociaciones nucleares\">El OIEA e Ir\u00e1n retomaron hoy en Teher\u00e1n las negociaciones nucleares<\/a>\n<\/span><\/div>","aioseo_breadcrumb_json":[{"label":"Home","link":"https:\/\/www.eldigitaldeasturias.com\/noticias"},{"label":"Actualidad","link":"https:\/\/www.eldigitaldeasturias.com\/noticias\/category\/actualidad\/"},{"label":"El OIEA e Ir\u00e1n retomaron hoy en Teher\u00e1n las negociaciones nucleares","link":"https:\/\/www.eldigitaldeasturias.com\/noticias\/el-oiea-e-iran-retomaron-hoy-en-teheran-las-negociaciones-nucleares\/"}],"_links":{"self":[{"href":"https:\/\/www.eldigitaldeasturias.com\/noticias\/wp-json\/wp\/v2\/posts\/486730","targetHints":{"allow":["GET"]}}],"collection":[{"href":"https:\/\/www.eldigitaldeasturias.com\/noticias\/wp-json\/wp\/v2\/posts"}],"about":[{"href":"https:\/\/www.eldigitaldeasturias.com\/noticias\/wp-json\/wp\/v2\/types\/post"}],"author":[{"embeddable":true,"href":"https:\/\/www.eldigitaldeasturias.com\/noticias\/wp-json\/wp\/v2\/users\/1"}],"replies":[{"embeddable":true,"href":"https:\/\/www.eldigitaldeasturias.com\/noticias\/wp-json\/wp\/v2\/comments?post=486730"}],"version-history":[{"count":0,"href":"https:\/\/www.eldigitaldeasturias.com\/noticias\/wp-json\/wp\/v2\/posts\/486730\/revisions"}],"wp:attachment":[{"href":"https:\/\/www.eldigitaldeasturias.com\/noticias\/wp-json\/wp\/v2\/media?parent=486730"}],"wp:term":[{"taxonomy":"category","embeddable":true,"href":"https:\/\/www.eldigitaldeasturias.com\/noticias\/wp-json\/wp\/v2\/categories?post=486730"},{"taxonomy":"post_tag","embeddable":true,"href":"https:\/\/www.eldigitaldeasturias.com\/noticias\/wp-json\/wp\/v2\/tags?post=486730"}],"curies":[{"name":"wp","href":"https:\/\/api.w.org\/{rel}","templated":true}]}}