{"id":486727,"date":"2014-02-08T17:45:35","date_gmt":"2014-02-08T18:45:35","guid":{"rendered":"http:\/\/www.eldigitaldeasturias.com\/noticias\/?p=486727"},"modified":"2014-02-08T17:45:35","modified_gmt":"2014-02-08T18:45:35","slug":"los-jovenes-portugueses-entre-la-emigracion-y-el-desempleo","status":"publish","type":"post","link":"https:\/\/www.eldigitaldeasturias.com\/noticias\/los-jovenes-portugueses-entre-la-emigracion-y-el-desempleo\/","title":{"rendered":"Los j\u00f3venes portugueses, entre la emigraci\u00f3n y el desempleo"},"content":{"rendered":"<p><img loading=\"lazy\" decoding=\"async\" class=\"alignleft size-medium wp-image-486728\" alt=\"5923618w\" src=\"https:\/\/www.eldigitaldeasturias.com\/noticias\/wp-content\/uploads\/2014\/02\/5923618w-222x320.jpg\" width=\"222\" height=\"320\" \/>Lisboa, 8 feb (EFE).- Con cada vez menos esperanza en su futuro, los j\u00f3venes portugueses afrontan el dilema de quedarse en su pa\u00eds y enfrentar al desempleo o dejarse llevar por la corriente migratoria y partir en busca de oportunidades a otros pa\u00edses.<\/p>\n<p>Con una de las tasas de paro juvenil m\u00e1s altas de toda la Uni\u00f3n Europea (UE) -del 36,3 % en 2013, cuando la media se situ\u00f3 en el 23,2 %-, las modestas se\u00f1ales de recuperaci\u00f3n econ\u00f3mica que ya se vislumbran en suelo luso son de momento insuficientes para mejorar las perspectivas de las nuevas camadas que salen de la Universidad cada a\u00f1o.<\/p>\n<p>En este contexto, poner rumbo al extranjero supone una salida para decenas de miles de j\u00f3venes, que siguen de esta forma los pasos de muchos de sus antepasados.<\/p>\n<p>En pa\u00edses como Luxemburgo, Francia, Suiza, Canad\u00e1 o EE. UU., la colonia de descendientes de portugueses es numerosa, aunque su perfil es diferente al actual, ya que su nivel de formaci\u00f3n era sensiblemente inferior.<\/p>\n<p>De los \u00faltimos datos sobre poblaci\u00f3n activa divulgados por el Instituto Nacional de Estad\u00edstica se desprende que s\u00f3lo en 2013 m\u00e1s de 100.000 j\u00f3venes dejaron el pa\u00eds y optaron por emigrar, una cifra similar a la registrada en 2012.<\/p>\n<p>La p\u00e9rdida del talento de algunos de sus mejores exponentes es objeto de debate en Portugal, que vive en la paradoja de no poder retener a sus licenciados pese a tener como objetivo prioritario mejorar su productividad.<\/p>\n<p>\u00abEste pa\u00eds no es para j\u00f3venes\u00bb, reza el t\u00edtulo de un libro publicado estos d\u00edas, obra de los periodistas Jos\u00e9 Manuel Fernandes y Helena Matos, ambos ya en la cincuentena y que analizan los motivos hist\u00f3ricos que han llevado a esta situaci\u00f3n.<\/p>\n<p>A lo largo de sus m\u00e1s de 200 p\u00e1ginas, los autores explican c\u00f3mo la desigualdad entre generaciones perjudica especialmente a los m\u00e1s j\u00f3venes, y citan como ejemplo las dificultades para acceder a un mercado de trabajo que consideran demasiado proteccionista con quienes ya est\u00e1n empleados.<\/p>\n<p>Un sistema de educaci\u00f3n centrado en \u00abcrear\u00bb universitarios y que menospreciaba la Formaci\u00f3n Profesional, as\u00ed como un sistema de pensiones de la Seguridad Social que protege fundamentalmente a los mayores son otras de las razones a las que atribuyen el actual escenario.<\/p>\n<p>Las reformas del Estado desde los a\u00f1os 80 \u00abpecaron de optimistas\u00bb, se\u00f1al\u00f3 Manuel Fernandes en declaraciones a Efe, quien lament\u00f3 que los dirigentes de aquel entonces confiasen en que Portugal presentar\u00eda ahora tasas m\u00e1s altas de natalidad.<\/p>\n<p>En su opini\u00f3n, de aquel error de c\u00e1lculo se deriva ahora que toda una generaci\u00f3n trabaje para pagar unas pensiones de las que probablemente no se pueda beneficiar en el futuro.<\/p>\n<p>Fernandes insisti\u00f3 en que las sucesivas reformas de la Seguridad Social \u00absiempre se preocuparon por no afectar a quien ya estaba jubilado o a quien ya estaba a punto de jubilarse\u00bb, por lo que quienes trabajan hoy sustentan unas pensiones \u00abmucho m\u00e1s altas\u00bb de las que disfrutar\u00e1n ellos.<\/p>\n<p>El periodista luso, autor de una columna semanal en el diario \u00abP\u00fablico\u00bb, censur\u00f3 igualmente el sistema de educaci\u00f3n portugu\u00e9s, \u00abvolcado totalmente en que todo el mundo fuese a la universidad\u00bb.<\/p>\n<p>\u00abNo seremos un pa\u00eds mejor por tener \u00fanicamente licenciados\u00bb, expres\u00f3 Fernandes, quien lament\u00f3 los \u00abprejuicios\u00bb hacia la Formaci\u00f3n Profesional. En Portugal, de hecho, el porcentaje de estudiantes que opta por esta v\u00eda es inferior al de la mayor\u00eda de pa\u00edses comunitarios.<\/p>\n<p>La liberalizaci\u00f3n del mercado de trabajo -facilitando el despido-, la reforma del sistema educativo y la del sistema de pensiones han sido implementadas por el actual Gobierno conservador luso a instancias de la troika, que incluy\u00f3 estas tres \u00e1reas entre sus prioridades.<\/p>\n<p>Las medidas pretenden frenar la \u00absangr\u00eda\u00bb registrada en los \u00faltimos a\u00f1os, en los que Portugal se ha colocado a la cabeza de los pa\u00edses europeos con mayor tasa de emigraci\u00f3n (14,2 %), s\u00f3lo por debajo de Irlanda (16,1 %), tambi\u00e9n rescatada por la UE y el Fondo Monetario Internacional.<\/p>\n<p>Del cerca de mill\u00f3n y medio de ciudadanos lusos en el exterior, apenas un 10 % cuenta con educaci\u00f3n superior, un porcentaje que corre el riesgo de seguir creciendo si el pa\u00eds no logra retener sus j\u00f3venes valores.<\/p>\n<p>Sabrina Aid<\/p>\n","protected":false},"excerpt":{"rendered":"<p>Lisboa, 8 feb (EFE).- Con cada vez menos esperanza en su futuro, los j\u00f3venes portugueses afrontan el dilema de quedarse en su pa\u00eds y enfrentar al desempleo o dejarse llevar por la corriente migratoria y partir en busca de oportunidades a otros pa\u00edses. Con una de las tasas de paro juvenil m\u00e1s altas de toda [&hellip;]<\/p>\n","protected":false},"author":1,"featured_media":486728,"comment_status":"open","ping_status":"open","sticky":false,"template":"","format":"standard","meta":{"footnotes":""},"categories":[1],"tags":[],"class_list":["post-486727","post","type-post","status-publish","format-standard","has-post-thumbnail","hentry","category-actualidad"],"aioseo_notices":[],"aioseo_head":"\n\t\t<!-- All in One SEO Pro 5.0.1 - aioseo.com -->\n\t<meta name=\"description\" content=\"Lisboa, 8 feb (EFE).- Con cada vez menos esperanza en su futuro, los j\u00f3venes portugueses afrontan el dilema de quedarse en su pa\u00eds y enfrentar al desempleo o dejarse llevar por la corriente migratoria y partir en busca de oportunidades a otros pa\u00edses. Con una de las tasas de paro juvenil m\u00e1s altas de toda\" \/>\n\t<meta name=\"robots\" content=\"max-image-preview:large\" \/>\n\t<meta name=\"author\" content=\"El Digital de Asturias\"\/>\n\t<meta name=\"google-site-verification\" content=\"UA-38556648-1\" \/>\n\t<meta name=\"msvalidate.01\" content=\"7dfe9f3f1b24437ab69f4f2559babe99\" \/>\n\t<meta name=\"keywords\" content=\"actualidad\" \/>\n\t<link rel=\"canonical\" href=\"https:\/\/www.eldigitaldeasturias.com\/noticias\/los-jovenes-portugueses-entre-la-emigracion-y-el-desempleo\/\" \/>\n\t<meta name=\"generator\" content=\"All in One SEO Pro (AIOSEO) 5.0.1\" \/>\n\t\t<meta property=\"og:locale\" content=\"es_ES\" \/>\n\t\t<meta property=\"og:site_name\" content=\"El Digital de Asturias\" \/>\n\t\t<meta property=\"og:type\" content=\"article\" \/>\n\t\t<meta property=\"og:title\" content=\"Los j\u00f3venes portugueses, entre la emigraci\u00f3n y el desempleo - El Digital de Asturias\" \/>\n\t\t<meta property=\"og:description\" content=\"Lisboa, 8 feb (EFE).- Con cada vez menos esperanza en su futuro, los j\u00f3venes portugueses afrontan el dilema de quedarse en su pa\u00eds y enfrentar al desempleo o dejarse llevar por la corriente migratoria y partir en busca de oportunidades a otros pa\u00edses. Con una de las tasas de paro juvenil m\u00e1s altas de toda\" \/>\n\t\t<meta property=\"og:url\" content=\"https:\/\/www.eldigitaldeasturias.com\/noticias\/los-jovenes-portugueses-entre-la-emigracion-y-el-desempleo\/\" \/>\n\t\t<meta property=\"article:tag\" content=\"actualidad\" \/>\n\t\t<meta property=\"article:published_time\" content=\"2014-02-08T18:45:35+00:00\" \/>\n\t\t<meta property=\"article:modified_time\" content=\"2014-02-08T18:45:35+00:00\" \/>\n\t\t<meta property=\"article:publisher\" content=\"https:\/\/facebook.com\/eldigitaldeasturias\" \/>\n\t\t<meta name=\"twitter:card\" content=\"summary_large_image\" \/>\n\t\t<meta name=\"twitter:title\" content=\"Los j\u00f3venes portugueses, entre la emigraci\u00f3n y el desempleo - El Digital de Asturias\" \/>\n\t\t<meta name=\"twitter:description\" content=\"Lisboa, 8 feb (EFE).- Con cada vez menos esperanza en su futuro, los j\u00f3venes portugueses afrontan el dilema de quedarse en su pa\u00eds y enfrentar al desempleo o dejarse llevar por la corriente migratoria y partir en busca de oportunidades a otros pa\u00edses. Con una de las tasas de paro juvenil m\u00e1s altas de toda\" \/>\n\t\t<meta name=\"twitter:label1\" content=\"Escrito por\" \/>\n\t\t<meta name=\"twitter:data1\" content=\"El Digital de Asturias\" \/>\n\t\t<meta name=\"twitter:label2\" content=\"Tiempo de lectura estimado\" \/>\n\t\t<meta name=\"twitter:data2\" content=\"4 minutos\" \/>\n\t\t<script type=\"application\/ld+json\" class=\"aioseo-schema\">\n\t\t\t{\"@context\":\"https:\\\/\\\/schema.org\",\"@graph\":[{\"@type\":\"BlogPosting\",\"@id\":\"https:\\\/\\\/www.eldigitaldeasturias.com\\\/noticias\\\/los-jovenes-portugueses-entre-la-emigracion-y-el-desempleo\\\/#blogposting\",\"name\":\"Los j\\u00f3venes portugueses, entre la emigraci\\u00f3n y el desempleo - El Digital de Asturias\",\"headline\":\"Los j\\u00f3venes portugueses, entre la emigraci\\u00f3n y el desempleo\",\"author\":{\"@id\":\"https:\\\/\\\/www.eldigitaldeasturias.com\\\/noticias\\\/author\\\/admin\\\/#author\"},\"publisher\":{\"@id\":\"https:\\\/\\\/www.eldigitaldeasturias.com\\\/noticias\\\/#organization\"},\"image\":{\"@type\":\"ImageObject\",\"url\":486728},\"datePublished\":\"2014-02-08T17:45:35+01:00\",\"dateModified\":\"2014-02-08T17:45:35+01:00\",\"inLanguage\":\"es-ES\",\"mainEntityOfPage\":{\"@id\":\"https:\\\/\\\/www.eldigitaldeasturias.com\\\/noticias\\\/los-jovenes-portugueses-entre-la-emigracion-y-el-desempleo\\\/#webpage\"},\"isPartOf\":{\"@id\":\"https:\\\/\\\/www.eldigitaldeasturias.com\\\/noticias\\\/los-jovenes-portugueses-entre-la-emigracion-y-el-desempleo\\\/#webpage\"},\"articleSection\":\"Actualidad\"},{\"@type\":\"BreadcrumbList\",\"@id\":\"https:\\\/\\\/www.eldigitaldeasturias.com\\\/noticias\\\/los-jovenes-portugueses-entre-la-emigracion-y-el-desempleo\\\/#breadcrumblist\",\"itemListElement\":[{\"@type\":\"ListItem\",\"@id\":\"https:\\\/\\\/www.eldigitaldeasturias.com\\\/noticias#listItem\",\"position\":1,\"name\":\"Home\",\"item\":\"https:\\\/\\\/www.eldigitaldeasturias.com\\\/noticias\",\"nextItem\":{\"@type\":\"ListItem\",\"@id\":\"https:\\\/\\\/www.eldigitaldeasturias.com\\\/noticias\\\/category\\\/actualidad\\\/#listItem\",\"name\":\"Actualidad\"}},{\"@type\":\"ListItem\",\"@id\":\"https:\\\/\\\/www.eldigitaldeasturias.com\\\/noticias\\\/category\\\/actualidad\\\/#listItem\",\"position\":2,\"name\":\"Actualidad\",\"item\":\"https:\\\/\\\/www.eldigitaldeasturias.com\\\/noticias\\\/category\\\/actualidad\\\/\",\"nextItem\":{\"@type\":\"ListItem\",\"@id\":\"https:\\\/\\\/www.eldigitaldeasturias.com\\\/noticias\\\/los-jovenes-portugueses-entre-la-emigracion-y-el-desempleo\\\/#listItem\",\"name\":\"Los j\\u00f3venes portugueses, entre la emigraci\\u00f3n y el desempleo\"},\"previousItem\":{\"@type\":\"ListItem\",\"@id\":\"https:\\\/\\\/www.eldigitaldeasturias.com\\\/noticias#listItem\",\"name\":\"Home\"}},{\"@type\":\"ListItem\",\"@id\":\"https:\\\/\\\/www.eldigitaldeasturias.com\\\/noticias\\\/los-jovenes-portugueses-entre-la-emigracion-y-el-desempleo\\\/#listItem\",\"position\":3,\"name\":\"Los j\\u00f3venes portugueses, entre la emigraci\\u00f3n y el desempleo\",\"previousItem\":{\"@type\":\"ListItem\",\"@id\":\"https:\\\/\\\/www.eldigitaldeasturias.com\\\/noticias\\\/category\\\/actualidad\\\/#listItem\",\"name\":\"Actualidad\"}}]},{\"@type\":\"Organization\",\"@id\":\"https:\\\/\\\/www.eldigitaldeasturias.com\\\/noticias\\\/#organization\",\"name\":\"El Digital de Asturias\",\"description\":\"Hemeroteca\",\"url\":\"https:\\\/\\\/www.eldigitaldeasturias.com\\\/noticias\\\/\",\"email\":\"info@eldigitaldeasturias.com\",\"telephone\":\"+34652131393\",\"logo\":{\"@type\":\"ImageObject\",\"url\":\"https:\\\/\\\/www.eldigitaldeasturias.com\\\/noticias\\\/wp-content\\\/uploads\\\/2020\\\/12\\\/EDA.jpg\",\"@id\":\"https:\\\/\\\/www.eldigitaldeasturias.com\\\/noticias\\\/los-jovenes-portugueses-entre-la-emigracion-y-el-desempleo\\\/#organizationLogo\"},\"image\":{\"@id\":\"https:\\\/\\\/www.eldigitaldeasturias.com\\\/noticias\\\/los-jovenes-portugueses-entre-la-emigracion-y-el-desempleo\\\/#organizationLogo\"},\"sameAs\":[\"https:\\\/\\\/facebook.com\\\/eldigitaldeasturias\",\"https:\\\/\\\/www.youtube.com\\\/channel\\\/UCZP-2wLEB9Rv6erhFmqVnvg\"],\"address\":{\"@id\":\"https:\\\/\\\/www.eldigitaldeasturias.com\\\/noticias\\\/#postaladdress\",\"@type\":\"PostalAddress\",\"streetAddress\":\"san antonio 4\",\"postalCode\":\"33430\",\"addressLocality\":\"Cand\\u00e1s\",\"addressRegion\":\"Asturias\",\"addressCountry\":\"ES\"}},{\"@type\":\"Person\",\"@id\":\"https:\\\/\\\/www.eldigitaldeasturias.com\\\/noticias\\\/author\\\/admin\\\/#author\",\"url\":\"https:\\\/\\\/www.eldigitaldeasturias.com\\\/noticias\\\/author\\\/admin\\\/\",\"name\":\"El Digital de Asturias\",\"image\":{\"@type\":\"ImageObject\",\"@id\":\"https:\\\/\\\/www.eldigitaldeasturias.com\\\/noticias\\\/los-jovenes-portugueses-entre-la-emigracion-y-el-desempleo\\\/#authorImage\",\"url\":\"https:\\\/\\\/secure.gravatar.com\\\/avatar\\\/df2aeffc32bcd13f8d26072ef8a91b623d677766deac7f97ca815868cd41bf5e?s=96&d=mm&r=g\",\"width\":96,\"height\":96,\"caption\":\"El Digital de Asturias\"}},{\"@type\":\"WebPage\",\"@id\":\"https:\\\/\\\/www.eldigitaldeasturias.com\\\/noticias\\\/los-jovenes-portugueses-entre-la-emigracion-y-el-desempleo\\\/#webpage\",\"url\":\"https:\\\/\\\/www.eldigitaldeasturias.com\\\/noticias\\\/los-jovenes-portugueses-entre-la-emigracion-y-el-desempleo\\\/\",\"name\":\"Los j\\u00f3venes portugueses, entre la emigraci\\u00f3n y el desempleo - El Digital de Asturias\",\"description\":\"Lisboa, 8 feb (EFE).- Con cada vez menos esperanza en su futuro, los j\\u00f3venes portugueses afrontan el dilema de quedarse en su pa\\u00eds y enfrentar al desempleo o dejarse llevar por la corriente migratoria y partir en busca de oportunidades a otros pa\\u00edses. Con una de las tasas de paro juvenil m\\u00e1s altas de toda\",\"inLanguage\":\"es-ES\",\"isPartOf\":{\"@id\":\"https:\\\/\\\/www.eldigitaldeasturias.com\\\/noticias\\\/#website\"},\"breadcrumb\":{\"@id\":\"https:\\\/\\\/www.eldigitaldeasturias.com\\\/noticias\\\/los-jovenes-portugueses-entre-la-emigracion-y-el-desempleo\\\/#breadcrumblist\"},\"author\":{\"@id\":\"https:\\\/\\\/www.eldigitaldeasturias.com\\\/noticias\\\/author\\\/admin\\\/#author\"},\"creator\":{\"@id\":\"https:\\\/\\\/www.eldigitaldeasturias.com\\\/noticias\\\/author\\\/admin\\\/#author\"},\"image\":{\"@type\":\"ImageObject\",\"url\":486728,\"@id\":\"https:\\\/\\\/www.eldigitaldeasturias.com\\\/noticias\\\/los-jovenes-portugueses-entre-la-emigracion-y-el-desempleo\\\/#mainImage\"},\"primaryImageOfPage\":{\"@id\":\"https:\\\/\\\/www.eldigitaldeasturias.com\\\/noticias\\\/los-jovenes-portugueses-entre-la-emigracion-y-el-desempleo\\\/#mainImage\"},\"datePublished\":\"2014-02-08T17:45:35+01:00\",\"dateModified\":\"2014-02-08T17:45:35+01:00\"},{\"@type\":\"WebSite\",\"@id\":\"https:\\\/\\\/www.eldigitaldeasturias.com\\\/noticias\\\/#website\",\"url\":\"https:\\\/\\\/www.eldigitaldeasturias.com\\\/noticias\\\/\",\"name\":\"El Digital de Asturias - Diario de actualidad y noticias\",\"alternateName\":\"El Digital de Asturias - Diario de actualidad y noticias\",\"description\":\"Hemeroteca\",\"inLanguage\":\"es-ES\",\"publisher\":{\"@id\":\"https:\\\/\\\/www.eldigitaldeasturias.com\\\/noticias\\\/#organization\"}}]}\n\t\t<\/script>\n\t\t<!-- All in One SEO Pro -->\r\n\t\t<title>Los j\u00f3venes portugueses, entre la emigraci\u00f3n y el desempleo - El Digital de Asturias<\/title>\n\n","aioseo_head_json":{"title":"Los j\u00f3venes portugueses, entre la emigraci\u00f3n y el desempleo - El Digital de Asturias","description":"Lisboa, 8 feb (EFE).- Con cada vez menos esperanza en su futuro, los j\u00f3venes portugueses afrontan el dilema de quedarse en su pa\u00eds y enfrentar al desempleo o dejarse llevar por la corriente migratoria y partir en busca de oportunidades a otros pa\u00edses. Con una de las tasas de paro juvenil m\u00e1s altas de toda","canonical_url":"https:\/\/www.eldigitaldeasturias.com\/noticias\/los-jovenes-portugueses-entre-la-emigracion-y-el-desempleo\/","robots":"max-image-preview:large","keywords":"actualidad","webmasterTools":{"google-site-verification":"UA-38556648-1","msvalidate.01":"7dfe9f3f1b24437ab69f4f2559babe99","miscellaneous":""},"schema":{"@context":"https:\/\/schema.org","@graph":[{"@type":"BlogPosting","@id":"https:\/\/www.eldigitaldeasturias.com\/noticias\/los-jovenes-portugueses-entre-la-emigracion-y-el-desempleo\/#blogposting","name":"Los j\u00f3venes portugueses, entre la emigraci\u00f3n y el desempleo - El Digital de Asturias","headline":"Los j\u00f3venes portugueses, entre la emigraci\u00f3n y el desempleo","author":{"@id":"https:\/\/www.eldigitaldeasturias.com\/noticias\/author\/admin\/#author"},"publisher":{"@id":"https:\/\/www.eldigitaldeasturias.com\/noticias\/#organization"},"image":{"@type":"ImageObject","url":486728},"datePublished":"2014-02-08T17:45:35+01:00","dateModified":"2014-02-08T17:45:35+01:00","inLanguage":"es-ES","mainEntityOfPage":{"@id":"https:\/\/www.eldigitaldeasturias.com\/noticias\/los-jovenes-portugueses-entre-la-emigracion-y-el-desempleo\/#webpage"},"isPartOf":{"@id":"https:\/\/www.eldigitaldeasturias.com\/noticias\/los-jovenes-portugueses-entre-la-emigracion-y-el-desempleo\/#webpage"},"articleSection":"Actualidad"},{"@type":"BreadcrumbList","@id":"https:\/\/www.eldigitaldeasturias.com\/noticias\/los-jovenes-portugueses-entre-la-emigracion-y-el-desempleo\/#breadcrumblist","itemListElement":[{"@type":"ListItem","@id":"https:\/\/www.eldigitaldeasturias.com\/noticias#listItem","position":1,"name":"Home","item":"https:\/\/www.eldigitaldeasturias.com\/noticias","nextItem":{"@type":"ListItem","@id":"https:\/\/www.eldigitaldeasturias.com\/noticias\/category\/actualidad\/#listItem","name":"Actualidad"}},{"@type":"ListItem","@id":"https:\/\/www.eldigitaldeasturias.com\/noticias\/category\/actualidad\/#listItem","position":2,"name":"Actualidad","item":"https:\/\/www.eldigitaldeasturias.com\/noticias\/category\/actualidad\/","nextItem":{"@type":"ListItem","@id":"https:\/\/www.eldigitaldeasturias.com\/noticias\/los-jovenes-portugueses-entre-la-emigracion-y-el-desempleo\/#listItem","name":"Los j\u00f3venes portugueses, entre la emigraci\u00f3n y el desempleo"},"previousItem":{"@type":"ListItem","@id":"https:\/\/www.eldigitaldeasturias.com\/noticias#listItem","name":"Home"}},{"@type":"ListItem","@id":"https:\/\/www.eldigitaldeasturias.com\/noticias\/los-jovenes-portugueses-entre-la-emigracion-y-el-desempleo\/#listItem","position":3,"name":"Los j\u00f3venes portugueses, entre la emigraci\u00f3n y el desempleo","previousItem":{"@type":"ListItem","@id":"https:\/\/www.eldigitaldeasturias.com\/noticias\/category\/actualidad\/#listItem","name":"Actualidad"}}]},{"@type":"Organization","@id":"https:\/\/www.eldigitaldeasturias.com\/noticias\/#organization","name":"El Digital de Asturias","description":"Hemeroteca","url":"https:\/\/www.eldigitaldeasturias.com\/noticias\/","email":"info@eldigitaldeasturias.com","telephone":"+34652131393","logo":{"@type":"ImageObject","url":"https:\/\/www.eldigitaldeasturias.com\/noticias\/wp-content\/uploads\/2020\/12\/EDA.jpg","@id":"https:\/\/www.eldigitaldeasturias.com\/noticias\/los-jovenes-portugueses-entre-la-emigracion-y-el-desempleo\/#organizationLogo"},"image":{"@id":"https:\/\/www.eldigitaldeasturias.com\/noticias\/los-jovenes-portugueses-entre-la-emigracion-y-el-desempleo\/#organizationLogo"},"sameAs":["https:\/\/facebook.com\/eldigitaldeasturias","https:\/\/www.youtube.com\/channel\/UCZP-2wLEB9Rv6erhFmqVnvg"],"address":{"@id":"https:\/\/www.eldigitaldeasturias.com\/noticias\/#postaladdress","@type":"PostalAddress","streetAddress":"san antonio 4","postalCode":"33430","addressLocality":"Cand\u00e1s","addressRegion":"Asturias","addressCountry":"ES"}},{"@type":"Person","@id":"https:\/\/www.eldigitaldeasturias.com\/noticias\/author\/admin\/#author","url":"https:\/\/www.eldigitaldeasturias.com\/noticias\/author\/admin\/","name":"El Digital de Asturias","image":{"@type":"ImageObject","@id":"https:\/\/www.eldigitaldeasturias.com\/noticias\/los-jovenes-portugueses-entre-la-emigracion-y-el-desempleo\/#authorImage","url":"https:\/\/secure.gravatar.com\/avatar\/df2aeffc32bcd13f8d26072ef8a91b623d677766deac7f97ca815868cd41bf5e?s=96&d=mm&r=g","width":96,"height":96,"caption":"El Digital de Asturias"}},{"@type":"WebPage","@id":"https:\/\/www.eldigitaldeasturias.com\/noticias\/los-jovenes-portugueses-entre-la-emigracion-y-el-desempleo\/#webpage","url":"https:\/\/www.eldigitaldeasturias.com\/noticias\/los-jovenes-portugueses-entre-la-emigracion-y-el-desempleo\/","name":"Los j\u00f3venes portugueses, entre la emigraci\u00f3n y el desempleo - El Digital de Asturias","description":"Lisboa, 8 feb (EFE).- Con cada vez menos esperanza en su futuro, los j\u00f3venes portugueses afrontan el dilema de quedarse en su pa\u00eds y enfrentar al desempleo o dejarse llevar por la corriente migratoria y partir en busca de oportunidades a otros pa\u00edses. Con una de las tasas de paro juvenil m\u00e1s altas de toda","inLanguage":"es-ES","isPartOf":{"@id":"https:\/\/www.eldigitaldeasturias.com\/noticias\/#website"},"breadcrumb":{"@id":"https:\/\/www.eldigitaldeasturias.com\/noticias\/los-jovenes-portugueses-entre-la-emigracion-y-el-desempleo\/#breadcrumblist"},"author":{"@id":"https:\/\/www.eldigitaldeasturias.com\/noticias\/author\/admin\/#author"},"creator":{"@id":"https:\/\/www.eldigitaldeasturias.com\/noticias\/author\/admin\/#author"},"image":{"@type":"ImageObject","url":486728,"@id":"https:\/\/www.eldigitaldeasturias.com\/noticias\/los-jovenes-portugueses-entre-la-emigracion-y-el-desempleo\/#mainImage"},"primaryImageOfPage":{"@id":"https:\/\/www.eldigitaldeasturias.com\/noticias\/los-jovenes-portugueses-entre-la-emigracion-y-el-desempleo\/#mainImage"},"datePublished":"2014-02-08T17:45:35+01:00","dateModified":"2014-02-08T17:45:35+01:00"},{"@type":"WebSite","@id":"https:\/\/www.eldigitaldeasturias.com\/noticias\/#website","url":"https:\/\/www.eldigitaldeasturias.com\/noticias\/","name":"El Digital de Asturias - Diario de actualidad y noticias","alternateName":"El Digital de Asturias - Diario de actualidad y noticias","description":"Hemeroteca","inLanguage":"es-ES","publisher":{"@id":"https:\/\/www.eldigitaldeasturias.com\/noticias\/#organization"}}]},"og:locale":"es_ES","og:site_name":"El Digital de Asturias","og:type":"article","og:title":"Los j\u00f3venes portugueses, entre la emigraci\u00f3n y el desempleo - El Digital de Asturias","og:description":"Lisboa, 8 feb (EFE).- Con cada vez menos esperanza en su futuro, los j\u00f3venes portugueses afrontan el dilema de quedarse en su pa\u00eds y enfrentar al desempleo o dejarse llevar por la corriente migratoria y partir en busca de oportunidades a otros pa\u00edses. Con una de las tasas de paro juvenil m\u00e1s altas de toda","og:url":"https:\/\/www.eldigitaldeasturias.com\/noticias\/los-jovenes-portugueses-entre-la-emigracion-y-el-desempleo\/","article:tag":["actualidad"],"article:published_time":"2014-02-08T18:45:35+00:00","article:modified_time":"2014-02-08T18:45:35+00:00","article:publisher":"https:\/\/facebook.com\/eldigitaldeasturias","twitter:card":"summary_large_image","twitter:title":"Los j\u00f3venes portugueses, entre la emigraci\u00f3n y el desempleo - El Digital de Asturias","twitter:description":"Lisboa, 8 feb (EFE).- Con cada vez menos esperanza en su futuro, los j\u00f3venes portugueses afrontan el dilema de quedarse en su pa\u00eds y enfrentar al desempleo o dejarse llevar por la corriente migratoria y partir en busca de oportunidades a otros pa\u00edses. Con una de las tasas de paro juvenil m\u00e1s altas de toda","twitter:label1":"Escrito por","twitter:data1":"El Digital de Asturias","twitter:label2":"Tiempo de lectura estimado","twitter:data2":"4 minutos"},"aioseo_meta_data":{"post_id":"486727","title":null,"description":null,"keywords":null,"keyphrases":null,"primary_term":null,"canonical_url":null,"og_title":null,"og_description":null,"og_object_type":"default","og_image_type":"default","og_image_url":null,"og_image_width":null,"og_image_height":null,"og_image_custom_url":null,"og_image_custom_fields":null,"og_video":null,"og_custom_url":null,"og_article_section":null,"og_article_tags":null,"twitter_use_og":true,"twitter_card":"default","twitter_image_type":"default","twitter_image_url":null,"twitter_image_custom_url":null,"twitter_image_custom_fields":null,"twitter_title":null,"twitter_description":null,"schema":{"blockGraphs":[],"customGraphs":[],"default":{"data":{"Article":[],"Course":[],"Dataset":[],"FAQPage":[],"Movie":[],"Person":[],"Product":[],"ProductReview":[],"Car":[],"Recipe":[],"Service":[],"SoftwareApplication":[],"WebPage":[]},"graphName":"","isEnabled":true},"graphs":[],"defaultGraph":"","defaultPostTypeGraph":""},"schema_type":null,"schema_type_options":null,"pillar_content":false,"robots_default":true,"robots_noindex":false,"robots_noarchive":false,"robots_nosnippet":false,"robots_nofollow":false,"robots_noimageindex":false,"robots_noodp":false,"robots_notranslate":false,"robots_max_snippet":null,"robots_max_videopreview":null,"robots_max_imagepreview":"none","priority":null,"frequency":null,"local_seo":null,"seo_analyzer_scan_date":"2026-06-03 02:28:49","breadcrumb_settings":null,"limit_modified_date":false,"open_ai":null,"ai":null,"created":"2020-11-14 22:56:13","updated":"2026-06-03 02:28:49","focus_keyword":null,"additional_keywords":null,"truseo_locale":null},"aioseo_breadcrumb":"<div class=\"aioseo-breadcrumbs\"><span class=\"aioseo-breadcrumb\">\n\t<a href=\"https:\/\/www.eldigitaldeasturias.com\/noticias\" title=\"Home\">Home<\/a>\n<\/span><span class=\"aioseo-breadcrumb-separator\">\u2013<\/span><span class=\"aioseo-breadcrumb\">\n\t<a href=\"https:\/\/www.eldigitaldeasturias.com\/noticias\/category\/actualidad\/\" title=\"Actualidad\">Actualidad<\/a>\n<\/span><span class=\"aioseo-breadcrumb-separator\">\u2013<\/span><span class=\"aioseo-breadcrumb\">\n\t<a href=\"https:\/\/www.eldigitaldeasturias.com\/noticias\/los-jovenes-portugueses-entre-la-emigracion-y-el-desempleo\/\" title=\"Los j\u00f3venes portugueses, entre la emigraci\u00f3n y el desempleo\">Los j\u00f3venes portugueses, entre la emigraci\u00f3n y el desempleo<\/a>\n<\/span><\/div>","aioseo_breadcrumb_json":[{"label":"Home","link":"https:\/\/www.eldigitaldeasturias.com\/noticias"},{"label":"Actualidad","link":"https:\/\/www.eldigitaldeasturias.com\/noticias\/category\/actualidad\/"},{"label":"Los j\u00f3venes portugueses, entre la emigraci\u00f3n y el desempleo","link":"https:\/\/www.eldigitaldeasturias.com\/noticias\/los-jovenes-portugueses-entre-la-emigracion-y-el-desempleo\/"}],"_links":{"self":[{"href":"https:\/\/www.eldigitaldeasturias.com\/noticias\/wp-json\/wp\/v2\/posts\/486727","targetHints":{"allow":["GET"]}}],"collection":[{"href":"https:\/\/www.eldigitaldeasturias.com\/noticias\/wp-json\/wp\/v2\/posts"}],"about":[{"href":"https:\/\/www.eldigitaldeasturias.com\/noticias\/wp-json\/wp\/v2\/types\/post"}],"author":[{"embeddable":true,"href":"https:\/\/www.eldigitaldeasturias.com\/noticias\/wp-json\/wp\/v2\/users\/1"}],"replies":[{"embeddable":true,"href":"https:\/\/www.eldigitaldeasturias.com\/noticias\/wp-json\/wp\/v2\/comments?post=486727"}],"version-history":[{"count":0,"href":"https:\/\/www.eldigitaldeasturias.com\/noticias\/wp-json\/wp\/v2\/posts\/486727\/revisions"}],"wp:attachment":[{"href":"https:\/\/www.eldigitaldeasturias.com\/noticias\/wp-json\/wp\/v2\/media?parent=486727"}],"wp:term":[{"taxonomy":"category","embeddable":true,"href":"https:\/\/www.eldigitaldeasturias.com\/noticias\/wp-json\/wp\/v2\/categories?post=486727"},{"taxonomy":"post_tag","embeddable":true,"href":"https:\/\/www.eldigitaldeasturias.com\/noticias\/wp-json\/wp\/v2\/tags?post=486727"}],"curies":[{"name":"wp","href":"https:\/\/api.w.org\/{rel}","templated":true}]}}