{"id":486703,"date":"2014-02-08T17:36:26","date_gmt":"2014-02-08T18:36:26","guid":{"rendered":"http:\/\/www.eldigitaldeasturias.com\/noticias\/?p=486703"},"modified":"2014-02-08T17:36:26","modified_gmt":"2014-02-08T18:36:26","slug":"lara-dice-que-si-la-infanta-es-culpable-confio-en-que-pague-como-cualquier-hijo-de-vecino","status":"publish","type":"post","link":"https:\/\/www.eldigitaldeasturias.com\/noticias\/lara-dice-que-si-la-infanta-es-culpable-confio-en-que-pague-como-cualquier-hijo-de-vecino\/","title":{"rendered":"Lara dice que si la infanta es culpable \u00abconf\u00edo en que pague como cualquier hijo de vecino\u00bb"},"content":{"rendered":"<p><img loading=\"lazy\" decoding=\"async\" class=\"alignleft size-medium wp-image-486704\" alt=\"5923537w\" src=\"https:\/\/www.eldigitaldeasturias.com\/noticias\/wp-content\/uploads\/2014\/02\/5923537w-360x239.jpg\" width=\"360\" height=\"239\" \/>Madrid, 8 feb (EFE).- El l\u00edder de IU, Cayo Lara, espera que \u00abm\u00e1s all\u00e1 del morbo\u00bb por la declaraci\u00f3n de la infanta Cristina como imputada en el caso N\u00f3os, el juez \u00abact\u00fae con plena soberan\u00eda e independencia\u00bb, y si \u00e9sta ha cometido alg\u00fan delito -ha dicho- que lo pague \u00abcomo cualquier hijo de vecino\u00bb.<\/p>\n<p>Cayo Lara se ha referido a la situaci\u00f3n de la infanta durante la inauguraci\u00f3n de la Conferencia sobre el Modelo de Estado federal de IU, en la que ha hecho referencia a la \u00abacumulaci\u00f3n\u00bb de casos de corrupci\u00f3n que se est\u00e1n sucediendo en Espa\u00f1a, que tambi\u00e9n afecta a algunas instituciones, ha se\u00f1alado.<\/p>\n<p>Hoy, ha subrayado, \u00abun trozo de la Corona\u00bb est\u00e1 sent\u00e1ndose ante el juez, pero m\u00e1s all\u00e1 de la curiosidad morbosa que puede despertar esta situaci\u00f3n, el coordinador federal de IU ha afirmado que conf\u00eda en que el magistrado juez pueda llevar a cabo su trabajo \u00abde verdad\u00bb y sin interferencias de nadie.<\/p>\n<p>La infanta Cristina, en estos momentos, est\u00e1 declarando como imputada ante el juez Jos\u00e9 Castro por supuesto fraude fiscal y blanqueo en el caso N\u00f3os.<\/p>\n","protected":false},"excerpt":{"rendered":"<p>Madrid, 8 feb (EFE).- El l\u00edder de IU, Cayo Lara, espera que \u00abm\u00e1s all\u00e1 del morbo\u00bb por la declaraci\u00f3n de la infanta Cristina como imputada en el caso N\u00f3os, el juez \u00abact\u00fae con plena soberan\u00eda e independencia\u00bb, y si \u00e9sta ha cometido alg\u00fan delito -ha dicho- que lo pague \u00abcomo cualquier hijo de vecino\u00bb. Cayo [&hellip;]<\/p>\n","protected":false},"author":1,"featured_media":486704,"comment_status":"open","ping_status":"open","sticky":false,"template":"","format":"standard","meta":{"footnotes":""},"categories":[1],"tags":[],"class_list":["post-486703","post","type-post","status-publish","format-standard","has-post-thumbnail","hentry","category-actualidad"],"aioseo_notices":[],"aioseo_head":"\n\t\t<!-- All in One SEO Pro 5.0.1 - aioseo.com -->\n\t<meta name=\"description\" content=\"Madrid, 8 feb (EFE).- El l\u00edder de IU, Cayo Lara, espera que &quot;m\u00e1s all\u00e1 del morbo&quot; por la declaraci\u00f3n de la infanta Cristina como imputada en el caso N\u00f3os, el juez &quot;act\u00fae con plena soberan\u00eda e independencia&quot;, y si \u00e9sta ha cometido alg\u00fan delito -ha dicho- que lo pague &quot;como cualquier hijo de vecino&quot;. Cayo\" \/>\n\t<meta name=\"robots\" content=\"max-image-preview:large\" \/>\n\t<meta name=\"author\" content=\"El Digital de Asturias\"\/>\n\t<meta name=\"google-site-verification\" content=\"UA-38556648-1\" \/>\n\t<meta name=\"msvalidate.01\" content=\"7dfe9f3f1b24437ab69f4f2559babe99\" \/>\n\t<meta name=\"keywords\" content=\"actualidad\" \/>\n\t<link rel=\"canonical\" href=\"https:\/\/www.eldigitaldeasturias.com\/noticias\/lara-dice-que-si-la-infanta-es-culpable-confio-en-que-pague-como-cualquier-hijo-de-vecino\/\" \/>\n\t<meta name=\"generator\" content=\"All in One SEO Pro (AIOSEO) 5.0.1\" \/>\n\t\t<meta property=\"og:locale\" content=\"es_ES\" \/>\n\t\t<meta property=\"og:site_name\" content=\"El Digital de Asturias\" \/>\n\t\t<meta property=\"og:type\" content=\"article\" \/>\n\t\t<meta property=\"og:title\" content=\"Lara dice que si la infanta es culpable \u00abconf\u00edo en que pague como cualquier hijo de vecino\u00bb - El Digital de Asturias\" \/>\n\t\t<meta property=\"og:description\" content=\"Madrid, 8 feb (EFE).- El l\u00edder de IU, Cayo Lara, espera que &quot;m\u00e1s all\u00e1 del morbo&quot; por la declaraci\u00f3n de la infanta Cristina como imputada en el caso N\u00f3os, el juez &quot;act\u00fae con plena soberan\u00eda e independencia&quot;, y si \u00e9sta ha cometido alg\u00fan delito -ha dicho- que lo pague &quot;como cualquier hijo de vecino&quot;. Cayo\" \/>\n\t\t<meta property=\"og:url\" content=\"https:\/\/www.eldigitaldeasturias.com\/noticias\/lara-dice-que-si-la-infanta-es-culpable-confio-en-que-pague-como-cualquier-hijo-de-vecino\/\" \/>\n\t\t<meta property=\"article:tag\" content=\"actualidad\" \/>\n\t\t<meta property=\"article:published_time\" content=\"2014-02-08T18:36:26+00:00\" \/>\n\t\t<meta property=\"article:modified_time\" content=\"2014-02-08T18:36:26+00:00\" \/>\n\t\t<meta property=\"article:publisher\" content=\"https:\/\/facebook.com\/eldigitaldeasturias\" \/>\n\t\t<meta name=\"twitter:card\" content=\"summary_large_image\" \/>\n\t\t<meta name=\"twitter:title\" content=\"Lara dice que si la infanta es culpable \u00abconf\u00edo en que pague como cualquier hijo de vecino\u00bb - El Digital de Asturias\" \/>\n\t\t<meta name=\"twitter:description\" content=\"Madrid, 8 feb (EFE).- El l\u00edder de IU, Cayo Lara, espera que &quot;m\u00e1s all\u00e1 del morbo&quot; por la declaraci\u00f3n de la infanta Cristina como imputada en el caso N\u00f3os, el juez &quot;act\u00fae con plena soberan\u00eda e independencia&quot;, y si \u00e9sta ha cometido alg\u00fan delito -ha dicho- que lo pague &quot;como cualquier hijo de vecino&quot;. Cayo\" \/>\n\t\t<meta name=\"twitter:label1\" content=\"Escrito por\" \/>\n\t\t<meta name=\"twitter:data1\" content=\"El Digital de Asturias\" \/>\n\t\t<meta name=\"twitter:label2\" content=\"Tiempo de lectura estimado\" \/>\n\t\t<meta name=\"twitter:data2\" content=\"1 minuto\" \/>\n\t\t<script type=\"application\/ld+json\" class=\"aioseo-schema\">\n\t\t\t{\"@context\":\"https:\\\/\\\/schema.org\",\"@graph\":[{\"@type\":\"BlogPosting\",\"@id\":\"https:\\\/\\\/www.eldigitaldeasturias.com\\\/noticias\\\/lara-dice-que-si-la-infanta-es-culpable-confio-en-que-pague-como-cualquier-hijo-de-vecino\\\/#blogposting\",\"name\":\"Lara dice que si la infanta es culpable \\u00abconf\\u00edo en que pague como cualquier hijo de vecino\\u00bb - El Digital de Asturias\",\"headline\":\"Lara dice que si la infanta es culpable \\u00abconf\\u00edo en que pague como cualquier hijo de vecino\\u00bb\",\"author\":{\"@id\":\"https:\\\/\\\/www.eldigitaldeasturias.com\\\/noticias\\\/author\\\/admin\\\/#author\"},\"publisher\":{\"@id\":\"https:\\\/\\\/www.eldigitaldeasturias.com\\\/noticias\\\/#organization\"},\"image\":{\"@type\":\"ImageObject\",\"url\":486704},\"datePublished\":\"2014-02-08T17:36:26+01:00\",\"dateModified\":\"2014-02-08T17:36:26+01:00\",\"inLanguage\":\"es-ES\",\"mainEntityOfPage\":{\"@id\":\"https:\\\/\\\/www.eldigitaldeasturias.com\\\/noticias\\\/lara-dice-que-si-la-infanta-es-culpable-confio-en-que-pague-como-cualquier-hijo-de-vecino\\\/#webpage\"},\"isPartOf\":{\"@id\":\"https:\\\/\\\/www.eldigitaldeasturias.com\\\/noticias\\\/lara-dice-que-si-la-infanta-es-culpable-confio-en-que-pague-como-cualquier-hijo-de-vecino\\\/#webpage\"},\"articleSection\":\"Actualidad\"},{\"@type\":\"BreadcrumbList\",\"@id\":\"https:\\\/\\\/www.eldigitaldeasturias.com\\\/noticias\\\/lara-dice-que-si-la-infanta-es-culpable-confio-en-que-pague-como-cualquier-hijo-de-vecino\\\/#breadcrumblist\",\"itemListElement\":[{\"@type\":\"ListItem\",\"@id\":\"https:\\\/\\\/www.eldigitaldeasturias.com\\\/noticias#listItem\",\"position\":1,\"name\":\"Home\",\"item\":\"https:\\\/\\\/www.eldigitaldeasturias.com\\\/noticias\",\"nextItem\":{\"@type\":\"ListItem\",\"@id\":\"https:\\\/\\\/www.eldigitaldeasturias.com\\\/noticias\\\/category\\\/actualidad\\\/#listItem\",\"name\":\"Actualidad\"}},{\"@type\":\"ListItem\",\"@id\":\"https:\\\/\\\/www.eldigitaldeasturias.com\\\/noticias\\\/category\\\/actualidad\\\/#listItem\",\"position\":2,\"name\":\"Actualidad\",\"item\":\"https:\\\/\\\/www.eldigitaldeasturias.com\\\/noticias\\\/category\\\/actualidad\\\/\",\"nextItem\":{\"@type\":\"ListItem\",\"@id\":\"https:\\\/\\\/www.eldigitaldeasturias.com\\\/noticias\\\/lara-dice-que-si-la-infanta-es-culpable-confio-en-que-pague-como-cualquier-hijo-de-vecino\\\/#listItem\",\"name\":\"Lara dice que si la infanta es culpable \\u00abconf\\u00edo en que pague como cualquier hijo de vecino\\u00bb\"},\"previousItem\":{\"@type\":\"ListItem\",\"@id\":\"https:\\\/\\\/www.eldigitaldeasturias.com\\\/noticias#listItem\",\"name\":\"Home\"}},{\"@type\":\"ListItem\",\"@id\":\"https:\\\/\\\/www.eldigitaldeasturias.com\\\/noticias\\\/lara-dice-que-si-la-infanta-es-culpable-confio-en-que-pague-como-cualquier-hijo-de-vecino\\\/#listItem\",\"position\":3,\"name\":\"Lara dice que si la infanta es culpable \\u00abconf\\u00edo en que pague como cualquier hijo de vecino\\u00bb\",\"previousItem\":{\"@type\":\"ListItem\",\"@id\":\"https:\\\/\\\/www.eldigitaldeasturias.com\\\/noticias\\\/category\\\/actualidad\\\/#listItem\",\"name\":\"Actualidad\"}}]},{\"@type\":\"Organization\",\"@id\":\"https:\\\/\\\/www.eldigitaldeasturias.com\\\/noticias\\\/#organization\",\"name\":\"El Digital de Asturias\",\"description\":\"Hemeroteca\",\"url\":\"https:\\\/\\\/www.eldigitaldeasturias.com\\\/noticias\\\/\",\"email\":\"info@eldigitaldeasturias.com\",\"telephone\":\"+34652131393\",\"logo\":{\"@type\":\"ImageObject\",\"url\":\"https:\\\/\\\/www.eldigitaldeasturias.com\\\/noticias\\\/wp-content\\\/uploads\\\/2020\\\/12\\\/EDA.jpg\",\"@id\":\"https:\\\/\\\/www.eldigitaldeasturias.com\\\/noticias\\\/lara-dice-que-si-la-infanta-es-culpable-confio-en-que-pague-como-cualquier-hijo-de-vecino\\\/#organizationLogo\"},\"image\":{\"@id\":\"https:\\\/\\\/www.eldigitaldeasturias.com\\\/noticias\\\/lara-dice-que-si-la-infanta-es-culpable-confio-en-que-pague-como-cualquier-hijo-de-vecino\\\/#organizationLogo\"},\"sameAs\":[\"https:\\\/\\\/facebook.com\\\/eldigitaldeasturias\",\"https:\\\/\\\/www.youtube.com\\\/channel\\\/UCZP-2wLEB9Rv6erhFmqVnvg\"],\"address\":{\"@id\":\"https:\\\/\\\/www.eldigitaldeasturias.com\\\/noticias\\\/#postaladdress\",\"@type\":\"PostalAddress\",\"streetAddress\":\"san antonio 4\",\"postalCode\":\"33430\",\"addressLocality\":\"Cand\\u00e1s\",\"addressRegion\":\"Asturias\",\"addressCountry\":\"ES\"}},{\"@type\":\"Person\",\"@id\":\"https:\\\/\\\/www.eldigitaldeasturias.com\\\/noticias\\\/author\\\/admin\\\/#author\",\"url\":\"https:\\\/\\\/www.eldigitaldeasturias.com\\\/noticias\\\/author\\\/admin\\\/\",\"name\":\"El Digital de Asturias\",\"image\":{\"@type\":\"ImageObject\",\"@id\":\"https:\\\/\\\/www.eldigitaldeasturias.com\\\/noticias\\\/lara-dice-que-si-la-infanta-es-culpable-confio-en-que-pague-como-cualquier-hijo-de-vecino\\\/#authorImage\",\"url\":\"https:\\\/\\\/secure.gravatar.com\\\/avatar\\\/df2aeffc32bcd13f8d26072ef8a91b623d677766deac7f97ca815868cd41bf5e?s=96&d=mm&r=g\",\"width\":96,\"height\":96,\"caption\":\"El Digital de Asturias\"}},{\"@type\":\"WebPage\",\"@id\":\"https:\\\/\\\/www.eldigitaldeasturias.com\\\/noticias\\\/lara-dice-que-si-la-infanta-es-culpable-confio-en-que-pague-como-cualquier-hijo-de-vecino\\\/#webpage\",\"url\":\"https:\\\/\\\/www.eldigitaldeasturias.com\\\/noticias\\\/lara-dice-que-si-la-infanta-es-culpable-confio-en-que-pague-como-cualquier-hijo-de-vecino\\\/\",\"name\":\"Lara dice que si la infanta es culpable \\u00abconf\\u00edo en que pague como cualquier hijo de vecino\\u00bb - El Digital de Asturias\",\"description\":\"Madrid, 8 feb (EFE).- El l\\u00edder de IU, Cayo Lara, espera que \\\"m\\u00e1s all\\u00e1 del morbo\\\" por la declaraci\\u00f3n de la infanta Cristina como imputada en el caso N\\u00f3os, el juez \\\"act\\u00fae con plena soberan\\u00eda e independencia\\\", y si \\u00e9sta ha cometido alg\\u00fan delito -ha dicho- que lo pague \\\"como cualquier hijo de vecino\\\". Cayo\",\"inLanguage\":\"es-ES\",\"isPartOf\":{\"@id\":\"https:\\\/\\\/www.eldigitaldeasturias.com\\\/noticias\\\/#website\"},\"breadcrumb\":{\"@id\":\"https:\\\/\\\/www.eldigitaldeasturias.com\\\/noticias\\\/lara-dice-que-si-la-infanta-es-culpable-confio-en-que-pague-como-cualquier-hijo-de-vecino\\\/#breadcrumblist\"},\"author\":{\"@id\":\"https:\\\/\\\/www.eldigitaldeasturias.com\\\/noticias\\\/author\\\/admin\\\/#author\"},\"creator\":{\"@id\":\"https:\\\/\\\/www.eldigitaldeasturias.com\\\/noticias\\\/author\\\/admin\\\/#author\"},\"image\":{\"@type\":\"ImageObject\",\"url\":486704,\"@id\":\"https:\\\/\\\/www.eldigitaldeasturias.com\\\/noticias\\\/lara-dice-que-si-la-infanta-es-culpable-confio-en-que-pague-como-cualquier-hijo-de-vecino\\\/#mainImage\"},\"primaryImageOfPage\":{\"@id\":\"https:\\\/\\\/www.eldigitaldeasturias.com\\\/noticias\\\/lara-dice-que-si-la-infanta-es-culpable-confio-en-que-pague-como-cualquier-hijo-de-vecino\\\/#mainImage\"},\"datePublished\":\"2014-02-08T17:36:26+01:00\",\"dateModified\":\"2014-02-08T17:36:26+01:00\"},{\"@type\":\"WebSite\",\"@id\":\"https:\\\/\\\/www.eldigitaldeasturias.com\\\/noticias\\\/#website\",\"url\":\"https:\\\/\\\/www.eldigitaldeasturias.com\\\/noticias\\\/\",\"name\":\"El Digital de Asturias - Diario de actualidad y noticias\",\"alternateName\":\"El Digital de Asturias - Diario de actualidad y noticias\",\"description\":\"Hemeroteca\",\"inLanguage\":\"es-ES\",\"publisher\":{\"@id\":\"https:\\\/\\\/www.eldigitaldeasturias.com\\\/noticias\\\/#organization\"}}]}\n\t\t<\/script>\n\t\t<!-- All in One SEO Pro -->\r\n\t\t<title>Lara dice que si la infanta es culpable \u00abconf\u00edo en que pague como cualquier hijo de vecino\u00bb - El Digital de Asturias<\/title>\n\n","aioseo_head_json":{"title":"Lara dice que si la infanta es culpable \u00abconf\u00edo en que pague como cualquier hijo de vecino\u00bb - El Digital de Asturias","description":"Madrid, 8 feb (EFE).- El l\u00edder de IU, Cayo Lara, espera que \"m\u00e1s all\u00e1 del morbo\" por la declaraci\u00f3n de la infanta Cristina como imputada en el caso N\u00f3os, el juez \"act\u00fae con plena soberan\u00eda e independencia\", y si \u00e9sta ha cometido alg\u00fan delito -ha dicho- que lo pague \"como cualquier hijo de vecino\". Cayo","canonical_url":"https:\/\/www.eldigitaldeasturias.com\/noticias\/lara-dice-que-si-la-infanta-es-culpable-confio-en-que-pague-como-cualquier-hijo-de-vecino\/","robots":"max-image-preview:large","keywords":"actualidad","webmasterTools":{"google-site-verification":"UA-38556648-1","msvalidate.01":"7dfe9f3f1b24437ab69f4f2559babe99","miscellaneous":""},"schema":{"@context":"https:\/\/schema.org","@graph":[{"@type":"BlogPosting","@id":"https:\/\/www.eldigitaldeasturias.com\/noticias\/lara-dice-que-si-la-infanta-es-culpable-confio-en-que-pague-como-cualquier-hijo-de-vecino\/#blogposting","name":"Lara dice que si la infanta es culpable \u00abconf\u00edo en que pague como cualquier hijo de vecino\u00bb - El Digital de Asturias","headline":"Lara dice que si la infanta es culpable \u00abconf\u00edo en que pague como cualquier hijo de vecino\u00bb","author":{"@id":"https:\/\/www.eldigitaldeasturias.com\/noticias\/author\/admin\/#author"},"publisher":{"@id":"https:\/\/www.eldigitaldeasturias.com\/noticias\/#organization"},"image":{"@type":"ImageObject","url":486704},"datePublished":"2014-02-08T17:36:26+01:00","dateModified":"2014-02-08T17:36:26+01:00","inLanguage":"es-ES","mainEntityOfPage":{"@id":"https:\/\/www.eldigitaldeasturias.com\/noticias\/lara-dice-que-si-la-infanta-es-culpable-confio-en-que-pague-como-cualquier-hijo-de-vecino\/#webpage"},"isPartOf":{"@id":"https:\/\/www.eldigitaldeasturias.com\/noticias\/lara-dice-que-si-la-infanta-es-culpable-confio-en-que-pague-como-cualquier-hijo-de-vecino\/#webpage"},"articleSection":"Actualidad"},{"@type":"BreadcrumbList","@id":"https:\/\/www.eldigitaldeasturias.com\/noticias\/lara-dice-que-si-la-infanta-es-culpable-confio-en-que-pague-como-cualquier-hijo-de-vecino\/#breadcrumblist","itemListElement":[{"@type":"ListItem","@id":"https:\/\/www.eldigitaldeasturias.com\/noticias#listItem","position":1,"name":"Home","item":"https:\/\/www.eldigitaldeasturias.com\/noticias","nextItem":{"@type":"ListItem","@id":"https:\/\/www.eldigitaldeasturias.com\/noticias\/category\/actualidad\/#listItem","name":"Actualidad"}},{"@type":"ListItem","@id":"https:\/\/www.eldigitaldeasturias.com\/noticias\/category\/actualidad\/#listItem","position":2,"name":"Actualidad","item":"https:\/\/www.eldigitaldeasturias.com\/noticias\/category\/actualidad\/","nextItem":{"@type":"ListItem","@id":"https:\/\/www.eldigitaldeasturias.com\/noticias\/lara-dice-que-si-la-infanta-es-culpable-confio-en-que-pague-como-cualquier-hijo-de-vecino\/#listItem","name":"Lara dice que si la infanta es culpable \u00abconf\u00edo en que pague como cualquier hijo de vecino\u00bb"},"previousItem":{"@type":"ListItem","@id":"https:\/\/www.eldigitaldeasturias.com\/noticias#listItem","name":"Home"}},{"@type":"ListItem","@id":"https:\/\/www.eldigitaldeasturias.com\/noticias\/lara-dice-que-si-la-infanta-es-culpable-confio-en-que-pague-como-cualquier-hijo-de-vecino\/#listItem","position":3,"name":"Lara dice que si la infanta es culpable \u00abconf\u00edo en que pague como cualquier hijo de vecino\u00bb","previousItem":{"@type":"ListItem","@id":"https:\/\/www.eldigitaldeasturias.com\/noticias\/category\/actualidad\/#listItem","name":"Actualidad"}}]},{"@type":"Organization","@id":"https:\/\/www.eldigitaldeasturias.com\/noticias\/#organization","name":"El Digital de Asturias","description":"Hemeroteca","url":"https:\/\/www.eldigitaldeasturias.com\/noticias\/","email":"info@eldigitaldeasturias.com","telephone":"+34652131393","logo":{"@type":"ImageObject","url":"https:\/\/www.eldigitaldeasturias.com\/noticias\/wp-content\/uploads\/2020\/12\/EDA.jpg","@id":"https:\/\/www.eldigitaldeasturias.com\/noticias\/lara-dice-que-si-la-infanta-es-culpable-confio-en-que-pague-como-cualquier-hijo-de-vecino\/#organizationLogo"},"image":{"@id":"https:\/\/www.eldigitaldeasturias.com\/noticias\/lara-dice-que-si-la-infanta-es-culpable-confio-en-que-pague-como-cualquier-hijo-de-vecino\/#organizationLogo"},"sameAs":["https:\/\/facebook.com\/eldigitaldeasturias","https:\/\/www.youtube.com\/channel\/UCZP-2wLEB9Rv6erhFmqVnvg"],"address":{"@id":"https:\/\/www.eldigitaldeasturias.com\/noticias\/#postaladdress","@type":"PostalAddress","streetAddress":"san antonio 4","postalCode":"33430","addressLocality":"Cand\u00e1s","addressRegion":"Asturias","addressCountry":"ES"}},{"@type":"Person","@id":"https:\/\/www.eldigitaldeasturias.com\/noticias\/author\/admin\/#author","url":"https:\/\/www.eldigitaldeasturias.com\/noticias\/author\/admin\/","name":"El Digital de Asturias","image":{"@type":"ImageObject","@id":"https:\/\/www.eldigitaldeasturias.com\/noticias\/lara-dice-que-si-la-infanta-es-culpable-confio-en-que-pague-como-cualquier-hijo-de-vecino\/#authorImage","url":"https:\/\/secure.gravatar.com\/avatar\/df2aeffc32bcd13f8d26072ef8a91b623d677766deac7f97ca815868cd41bf5e?s=96&d=mm&r=g","width":96,"height":96,"caption":"El Digital de Asturias"}},{"@type":"WebPage","@id":"https:\/\/www.eldigitaldeasturias.com\/noticias\/lara-dice-que-si-la-infanta-es-culpable-confio-en-que-pague-como-cualquier-hijo-de-vecino\/#webpage","url":"https:\/\/www.eldigitaldeasturias.com\/noticias\/lara-dice-que-si-la-infanta-es-culpable-confio-en-que-pague-como-cualquier-hijo-de-vecino\/","name":"Lara dice que si la infanta es culpable \u00abconf\u00edo en que pague como cualquier hijo de vecino\u00bb - El Digital de Asturias","description":"Madrid, 8 feb (EFE).- El l\u00edder de IU, Cayo Lara, espera que \"m\u00e1s all\u00e1 del morbo\" por la declaraci\u00f3n de la infanta Cristina como imputada en el caso N\u00f3os, el juez \"act\u00fae con plena soberan\u00eda e independencia\", y si \u00e9sta ha cometido alg\u00fan delito -ha dicho- que lo pague \"como cualquier hijo de vecino\". Cayo","inLanguage":"es-ES","isPartOf":{"@id":"https:\/\/www.eldigitaldeasturias.com\/noticias\/#website"},"breadcrumb":{"@id":"https:\/\/www.eldigitaldeasturias.com\/noticias\/lara-dice-que-si-la-infanta-es-culpable-confio-en-que-pague-como-cualquier-hijo-de-vecino\/#breadcrumblist"},"author":{"@id":"https:\/\/www.eldigitaldeasturias.com\/noticias\/author\/admin\/#author"},"creator":{"@id":"https:\/\/www.eldigitaldeasturias.com\/noticias\/author\/admin\/#author"},"image":{"@type":"ImageObject","url":486704,"@id":"https:\/\/www.eldigitaldeasturias.com\/noticias\/lara-dice-que-si-la-infanta-es-culpable-confio-en-que-pague-como-cualquier-hijo-de-vecino\/#mainImage"},"primaryImageOfPage":{"@id":"https:\/\/www.eldigitaldeasturias.com\/noticias\/lara-dice-que-si-la-infanta-es-culpable-confio-en-que-pague-como-cualquier-hijo-de-vecino\/#mainImage"},"datePublished":"2014-02-08T17:36:26+01:00","dateModified":"2014-02-08T17:36:26+01:00"},{"@type":"WebSite","@id":"https:\/\/www.eldigitaldeasturias.com\/noticias\/#website","url":"https:\/\/www.eldigitaldeasturias.com\/noticias\/","name":"El Digital de Asturias - Diario de actualidad y noticias","alternateName":"El Digital de Asturias - Diario de actualidad y noticias","description":"Hemeroteca","inLanguage":"es-ES","publisher":{"@id":"https:\/\/www.eldigitaldeasturias.com\/noticias\/#organization"}}]},"og:locale":"es_ES","og:site_name":"El Digital de Asturias","og:type":"article","og:title":"Lara dice que si la infanta es culpable \u00abconf\u00edo en que pague como cualquier hijo de vecino\u00bb - El Digital de Asturias","og:description":"Madrid, 8 feb (EFE).- El l\u00edder de IU, Cayo Lara, espera que &quot;m\u00e1s all\u00e1 del morbo&quot; por la declaraci\u00f3n de la infanta Cristina como imputada en el caso N\u00f3os, el juez &quot;act\u00fae con plena soberan\u00eda e independencia&quot;, y si \u00e9sta ha cometido alg\u00fan delito -ha dicho- que lo pague &quot;como cualquier hijo de vecino&quot;. Cayo","og:url":"https:\/\/www.eldigitaldeasturias.com\/noticias\/lara-dice-que-si-la-infanta-es-culpable-confio-en-que-pague-como-cualquier-hijo-de-vecino\/","article:tag":["actualidad"],"article:published_time":"2014-02-08T18:36:26+00:00","article:modified_time":"2014-02-08T18:36:26+00:00","article:publisher":"https:\/\/facebook.com\/eldigitaldeasturias","twitter:card":"summary_large_image","twitter:title":"Lara dice que si la infanta es culpable \u00abconf\u00edo en que pague como cualquier hijo de vecino\u00bb - El Digital de Asturias","twitter:description":"Madrid, 8 feb (EFE).- El l\u00edder de IU, Cayo Lara, espera que &quot;m\u00e1s all\u00e1 del morbo&quot; por la declaraci\u00f3n de la infanta Cristina como imputada en el caso N\u00f3os, el juez &quot;act\u00fae con plena soberan\u00eda e independencia&quot;, y si \u00e9sta ha cometido alg\u00fan delito -ha dicho- que lo pague &quot;como cualquier hijo de vecino&quot;. Cayo","twitter:label1":"Escrito por","twitter:data1":"El Digital de Asturias","twitter:label2":"Tiempo de lectura estimado","twitter:data2":"1 minuto"},"aioseo_meta_data":{"post_id":"486703","title":null,"description":null,"keywords":null,"keyphrases":null,"primary_term":null,"canonical_url":null,"og_title":null,"og_description":null,"og_object_type":"default","og_image_type":"default","og_image_url":null,"og_image_width":null,"og_image_height":null,"og_image_custom_url":null,"og_image_custom_fields":null,"og_video":null,"og_custom_url":null,"og_article_section":null,"og_article_tags":null,"twitter_use_og":true,"twitter_card":"default","twitter_image_type":"default","twitter_image_url":null,"twitter_image_custom_url":null,"twitter_image_custom_fields":null,"twitter_title":null,"twitter_description":null,"schema":{"blockGraphs":[],"customGraphs":[],"default":{"data":{"Article":[],"Course":[],"Dataset":[],"FAQPage":[],"Movie":[],"Person":[],"Product":[],"ProductReview":[],"Car":[],"Recipe":[],"Service":[],"SoftwareApplication":[],"WebPage":[]},"graphName":"","isEnabled":true},"graphs":[],"defaultGraph":"","defaultPostTypeGraph":""},"schema_type":null,"schema_type_options":null,"pillar_content":false,"robots_default":true,"robots_noindex":false,"robots_noarchive":false,"robots_nosnippet":false,"robots_nofollow":false,"robots_noimageindex":false,"robots_noodp":false,"robots_notranslate":false,"robots_max_snippet":null,"robots_max_videopreview":null,"robots_max_imagepreview":"none","priority":null,"frequency":null,"local_seo":null,"seo_analyzer_scan_date":"2026-06-03 02:24:00","breadcrumb_settings":null,"limit_modified_date":false,"open_ai":null,"ai":null,"created":"2020-11-14 22:56:13","updated":"2026-06-03 02:24:00","focus_keyword":null,"additional_keywords":null,"truseo_locale":null},"aioseo_breadcrumb":"<div class=\"aioseo-breadcrumbs\"><span class=\"aioseo-breadcrumb\">\n\t<a href=\"https:\/\/www.eldigitaldeasturias.com\/noticias\" title=\"Home\">Home<\/a>\n<\/span><span class=\"aioseo-breadcrumb-separator\">\u2013<\/span><span class=\"aioseo-breadcrumb\">\n\t<a href=\"https:\/\/www.eldigitaldeasturias.com\/noticias\/category\/actualidad\/\" title=\"Actualidad\">Actualidad<\/a>\n<\/span><span class=\"aioseo-breadcrumb-separator\">\u2013<\/span><span class=\"aioseo-breadcrumb\">\n\t<a href=\"https:\/\/www.eldigitaldeasturias.com\/noticias\/lara-dice-que-si-la-infanta-es-culpable-confio-en-que-pague-como-cualquier-hijo-de-vecino\/\" title=\"Lara dice que si la infanta es culpable \u00abconf\u00edo en que pague como cualquier hijo de vecino\u00bb\">Lara dice que si la infanta es culpable \u00abconf\u00edo en que pague como cualquier hijo de vecino\u00bb<\/a>\n<\/span><\/div>","aioseo_breadcrumb_json":[{"label":"Home","link":"https:\/\/www.eldigitaldeasturias.com\/noticias"},{"label":"Actualidad","link":"https:\/\/www.eldigitaldeasturias.com\/noticias\/category\/actualidad\/"},{"label":"Lara dice que si la infanta es culpable \u00abconf\u00edo en que pague como cualquier hijo de vecino\u00bb","link":"https:\/\/www.eldigitaldeasturias.com\/noticias\/lara-dice-que-si-la-infanta-es-culpable-confio-en-que-pague-como-cualquier-hijo-de-vecino\/"}],"_links":{"self":[{"href":"https:\/\/www.eldigitaldeasturias.com\/noticias\/wp-json\/wp\/v2\/posts\/486703","targetHints":{"allow":["GET"]}}],"collection":[{"href":"https:\/\/www.eldigitaldeasturias.com\/noticias\/wp-json\/wp\/v2\/posts"}],"about":[{"href":"https:\/\/www.eldigitaldeasturias.com\/noticias\/wp-json\/wp\/v2\/types\/post"}],"author":[{"embeddable":true,"href":"https:\/\/www.eldigitaldeasturias.com\/noticias\/wp-json\/wp\/v2\/users\/1"}],"replies":[{"embeddable":true,"href":"https:\/\/www.eldigitaldeasturias.com\/noticias\/wp-json\/wp\/v2\/comments?post=486703"}],"version-history":[{"count":0,"href":"https:\/\/www.eldigitaldeasturias.com\/noticias\/wp-json\/wp\/v2\/posts\/486703\/revisions"}],"wp:attachment":[{"href":"https:\/\/www.eldigitaldeasturias.com\/noticias\/wp-json\/wp\/v2\/media?parent=486703"}],"wp:term":[{"taxonomy":"category","embeddable":true,"href":"https:\/\/www.eldigitaldeasturias.com\/noticias\/wp-json\/wp\/v2\/categories?post=486703"},{"taxonomy":"post_tag","embeddable":true,"href":"https:\/\/www.eldigitaldeasturias.com\/noticias\/wp-json\/wp\/v2\/tags?post=486703"}],"curies":[{"name":"wp","href":"https:\/\/api.w.org\/{rel}","templated":true}]}}