{"id":486700,"date":"2014-02-08T17:35:05","date_gmt":"2014-02-08T18:35:05","guid":{"rendered":"http:\/\/www.eldigitaldeasturias.com\/noticias\/?p=486700"},"modified":"2014-02-08T17:35:05","modified_gmt":"2014-02-08T18:35:05","slug":"rajoy-desvelara-su-cabeza-de-lista-para-europa-antes-del-congreso-del-ppe","status":"publish","type":"post","link":"https:\/\/www.eldigitaldeasturias.com\/noticias\/rajoy-desvelara-su-cabeza-de-lista-para-europa-antes-del-congreso-del-ppe\/","title":{"rendered":"Rajoy desvelar\u00e1 su cabeza de lista para Europa antes del Congreso del PPE"},"content":{"rendered":"<p><img loading=\"lazy\" decoding=\"async\" class=\"alignleft size-medium wp-image-486701\" alt=\"5923552w\" src=\"https:\/\/www.eldigitaldeasturias.com\/noticias\/wp-content\/uploads\/2014\/02\/5923552w-360x180.jpg\" width=\"360\" height=\"180\" \/>Madrid, 8 feb (EFE).- El presidente del Gobierno, Mariano Rajoy, desvelar\u00e1 el cabeza de lista del PP para las pr\u00f3ximas elecciones europeas antes de que acuda a primeros de marzo al Congreso que el Partido Popular Europeo (PPE) celebrar\u00e1 en Dubl\u00edn.<\/p>\n<p>En ese congreso de la capital irlandesa, previsto para los d\u00edas 6 y 7 de marzo, los m\u00e1ximos dirigentes de los partidos que integran el PPE decidir\u00e1n su candidato a sustituir a Jos\u00e9 Manuel Durao Barroso como presidente de la Comisi\u00f3n Europea una vez celebrados los comicios para la Euroc\u00e1mara.<\/p>\n<p>La direcci\u00f3n del PPE, seg\u00fan han informado a Efe fuentes populares, ha pedido a los partidos que lo conforman que hagan p\u00fablico el nombre de su candidato antes de acudir a esta cita.<\/p>\n<p>Es m\u00e1s, ha planteado que el l\u00edder de cada fuerza pol\u00edtica est\u00e9 acompa\u00f1ado en Dubl\u00edn por el n\u00famero uno de su correspondiente candidatura para esos comicios.<\/p>\n<p>Fuentes del Partido Popular consultadas por Efe han dado por hecho que se atender\u00e1 la sugerencia del PPE y, en consecuencia, durante el mes de febrero se despejar\u00e1 la inc\u00f3gnita respecto a la persona que encabezar\u00e1 la lista del PP en los comicios europeos del 25 de mayo.<\/p>\n<p>Rajoy ha venido asegurando tanto en actos p\u00fablicos como en reuniones m\u00e1s discretas que no hay prisa para adoptar esa decisi\u00f3n, ha destacado que a\u00fan queda tiempo para ello y que tampoco han desvelado su candidato otros partidos como el PSOE.<\/p>\n<p>No ha aportado en ning\u00fan momento pista alguna sobre la identidad de quien ocupar\u00e1 ese primer lugar de la lista y no ha querido comentar las quinielas que sit\u00faan como uno de los principales candidatos a ese puesto al ministro de Agricultura, Miguel Arias Ca\u00f1ete, lo que conllevar\u00eda la primera remodelaci\u00f3n del actual Gobierno.<\/p>\n<p>Lo que s\u00ed se despej\u00f3 fue la duda de si Jaime Mayor Oreja volver\u00eda a encabezar la candidatura o formar\u00eda parte de la misma despu\u00e9s de que el exministro del Interior trasladara a Rajoy su deseo de no hacerlo.<\/p>\n<p>Las fuentes del partido consultadas por Efe barajan la posibilidad de que se haga p\u00fablico el nombre del cabeza de lista inmediatamente antes del debate sobre el estado de la naci\u00f3n (los d\u00edas 25 y 26 de febrero) o justo despu\u00e9s del mismo.<\/p>\n<p>\u00abEstos comicios son muy importantes y la lista que presentar\u00e1 el partido ser\u00e1 de altura\u00bb, aseguran las fuentes citadas.<\/p>\n<p>Rajoy ha venido apelando en diversos actos y declaraciones a esa trascendencia de las elecciones a la Euroc\u00e1mara llamando la atenci\u00f3n sobre el hecho de que el Parlamento Europeo que salga de las urnas ser\u00e1 el que m\u00e1s competencias tenga de toda la historia de la UE.<\/p>\n<p>Ha recalcado que cada vez m\u00e1s los intereses de Espa\u00f1a y de los espa\u00f1oles se juegan en la UE y en su Parlamento, y de ah\u00ed que haya hecho llamadas a evitar que puedan acceder a esta instituci\u00f3n representantes de partidos contrarios a los logros de la Europa comunitaria.<\/p>\n","protected":false},"excerpt":{"rendered":"<p>Madrid, 8 feb (EFE).- El presidente del Gobierno, Mariano Rajoy, desvelar\u00e1 el cabeza de lista del PP para las pr\u00f3ximas elecciones europeas antes de que acuda a primeros de marzo al Congreso que el Partido Popular Europeo (PPE) celebrar\u00e1 en Dubl\u00edn. En ese congreso de la capital irlandesa, previsto para los d\u00edas 6 y 7 [&hellip;]<\/p>\n","protected":false},"author":1,"featured_media":486701,"comment_status":"open","ping_status":"open","sticky":false,"template":"","format":"standard","meta":{"footnotes":""},"categories":[1],"tags":[],"class_list":["post-486700","post","type-post","status-publish","format-standard","has-post-thumbnail","hentry","category-actualidad"],"aioseo_notices":[],"aioseo_head":"\n\t\t<!-- All in One SEO Pro 5.0.1 - aioseo.com -->\n\t<meta name=\"description\" content=\"Madrid, 8 feb (EFE).- El presidente del Gobierno, Mariano Rajoy, desvelar\u00e1 el cabeza de lista del PP para las pr\u00f3ximas elecciones europeas antes de que acuda a primeros de marzo al Congreso que el Partido Popular Europeo (PPE) celebrar\u00e1 en Dubl\u00edn. En ese congreso de la capital irlandesa, previsto para los d\u00edas 6 y 7\" \/>\n\t<meta name=\"robots\" content=\"max-image-preview:large\" \/>\n\t<meta name=\"author\" content=\"El Digital de Asturias\"\/>\n\t<meta name=\"google-site-verification\" content=\"UA-38556648-1\" \/>\n\t<meta name=\"msvalidate.01\" content=\"7dfe9f3f1b24437ab69f4f2559babe99\" \/>\n\t<meta name=\"keywords\" content=\"actualidad\" \/>\n\t<link rel=\"canonical\" href=\"https:\/\/www.eldigitaldeasturias.com\/noticias\/rajoy-desvelara-su-cabeza-de-lista-para-europa-antes-del-congreso-del-ppe\/\" \/>\n\t<meta name=\"generator\" content=\"All in One SEO Pro (AIOSEO) 5.0.1\" \/>\n\t\t<meta property=\"og:locale\" content=\"es_ES\" \/>\n\t\t<meta property=\"og:site_name\" content=\"El Digital de Asturias\" \/>\n\t\t<meta property=\"og:type\" content=\"article\" \/>\n\t\t<meta property=\"og:title\" content=\"Rajoy desvelar\u00e1 su cabeza de lista para Europa antes del Congreso del PPE - El Digital de Asturias\" \/>\n\t\t<meta property=\"og:description\" content=\"Madrid, 8 feb (EFE).- El presidente del Gobierno, Mariano Rajoy, desvelar\u00e1 el cabeza de lista del PP para las pr\u00f3ximas elecciones europeas antes de que acuda a primeros de marzo al Congreso que el Partido Popular Europeo (PPE) celebrar\u00e1 en Dubl\u00edn. En ese congreso de la capital irlandesa, previsto para los d\u00edas 6 y 7\" \/>\n\t\t<meta property=\"og:url\" content=\"https:\/\/www.eldigitaldeasturias.com\/noticias\/rajoy-desvelara-su-cabeza-de-lista-para-europa-antes-del-congreso-del-ppe\/\" \/>\n\t\t<meta property=\"article:tag\" content=\"actualidad\" \/>\n\t\t<meta property=\"article:published_time\" content=\"2014-02-08T18:35:05+00:00\" \/>\n\t\t<meta property=\"article:modified_time\" content=\"2014-02-08T18:35:05+00:00\" \/>\n\t\t<meta property=\"article:publisher\" content=\"https:\/\/facebook.com\/eldigitaldeasturias\" \/>\n\t\t<meta name=\"twitter:card\" content=\"summary_large_image\" \/>\n\t\t<meta name=\"twitter:title\" content=\"Rajoy desvelar\u00e1 su cabeza de lista para Europa antes del Congreso del PPE - El Digital de Asturias\" \/>\n\t\t<meta name=\"twitter:description\" content=\"Madrid, 8 feb (EFE).- El presidente del Gobierno, Mariano Rajoy, desvelar\u00e1 el cabeza de lista del PP para las pr\u00f3ximas elecciones europeas antes de que acuda a primeros de marzo al Congreso que el Partido Popular Europeo (PPE) celebrar\u00e1 en Dubl\u00edn. En ese congreso de la capital irlandesa, previsto para los d\u00edas 6 y 7\" \/>\n\t\t<meta name=\"twitter:label1\" content=\"Escrito por\" \/>\n\t\t<meta name=\"twitter:data1\" content=\"El Digital de Asturias\" \/>\n\t\t<meta name=\"twitter:label2\" content=\"Tiempo de lectura estimado\" \/>\n\t\t<meta name=\"twitter:data2\" content=\"3 minutos\" \/>\n\t\t<script type=\"application\/ld+json\" class=\"aioseo-schema\">\n\t\t\t{\"@context\":\"https:\\\/\\\/schema.org\",\"@graph\":[{\"@type\":\"BlogPosting\",\"@id\":\"https:\\\/\\\/www.eldigitaldeasturias.com\\\/noticias\\\/rajoy-desvelara-su-cabeza-de-lista-para-europa-antes-del-congreso-del-ppe\\\/#blogposting\",\"name\":\"Rajoy desvelar\\u00e1 su cabeza de lista para Europa antes del Congreso del PPE - El Digital de Asturias\",\"headline\":\"Rajoy desvelar\\u00e1 su cabeza de lista para Europa antes del Congreso del PPE\",\"author\":{\"@id\":\"https:\\\/\\\/www.eldigitaldeasturias.com\\\/noticias\\\/author\\\/admin\\\/#author\"},\"publisher\":{\"@id\":\"https:\\\/\\\/www.eldigitaldeasturias.com\\\/noticias\\\/#organization\"},\"image\":{\"@type\":\"ImageObject\",\"url\":486701},\"datePublished\":\"2014-02-08T17:35:05+01:00\",\"dateModified\":\"2014-02-08T17:35:05+01:00\",\"inLanguage\":\"es-ES\",\"mainEntityOfPage\":{\"@id\":\"https:\\\/\\\/www.eldigitaldeasturias.com\\\/noticias\\\/rajoy-desvelara-su-cabeza-de-lista-para-europa-antes-del-congreso-del-ppe\\\/#webpage\"},\"isPartOf\":{\"@id\":\"https:\\\/\\\/www.eldigitaldeasturias.com\\\/noticias\\\/rajoy-desvelara-su-cabeza-de-lista-para-europa-antes-del-congreso-del-ppe\\\/#webpage\"},\"articleSection\":\"Actualidad\"},{\"@type\":\"BreadcrumbList\",\"@id\":\"https:\\\/\\\/www.eldigitaldeasturias.com\\\/noticias\\\/rajoy-desvelara-su-cabeza-de-lista-para-europa-antes-del-congreso-del-ppe\\\/#breadcrumblist\",\"itemListElement\":[{\"@type\":\"ListItem\",\"@id\":\"https:\\\/\\\/www.eldigitaldeasturias.com\\\/noticias#listItem\",\"position\":1,\"name\":\"Home\",\"item\":\"https:\\\/\\\/www.eldigitaldeasturias.com\\\/noticias\",\"nextItem\":{\"@type\":\"ListItem\",\"@id\":\"https:\\\/\\\/www.eldigitaldeasturias.com\\\/noticias\\\/category\\\/actualidad\\\/#listItem\",\"name\":\"Actualidad\"}},{\"@type\":\"ListItem\",\"@id\":\"https:\\\/\\\/www.eldigitaldeasturias.com\\\/noticias\\\/category\\\/actualidad\\\/#listItem\",\"position\":2,\"name\":\"Actualidad\",\"item\":\"https:\\\/\\\/www.eldigitaldeasturias.com\\\/noticias\\\/category\\\/actualidad\\\/\",\"nextItem\":{\"@type\":\"ListItem\",\"@id\":\"https:\\\/\\\/www.eldigitaldeasturias.com\\\/noticias\\\/rajoy-desvelara-su-cabeza-de-lista-para-europa-antes-del-congreso-del-ppe\\\/#listItem\",\"name\":\"Rajoy desvelar\\u00e1 su cabeza de lista para Europa antes del Congreso del PPE\"},\"previousItem\":{\"@type\":\"ListItem\",\"@id\":\"https:\\\/\\\/www.eldigitaldeasturias.com\\\/noticias#listItem\",\"name\":\"Home\"}},{\"@type\":\"ListItem\",\"@id\":\"https:\\\/\\\/www.eldigitaldeasturias.com\\\/noticias\\\/rajoy-desvelara-su-cabeza-de-lista-para-europa-antes-del-congreso-del-ppe\\\/#listItem\",\"position\":3,\"name\":\"Rajoy desvelar\\u00e1 su cabeza de lista para Europa antes del Congreso del PPE\",\"previousItem\":{\"@type\":\"ListItem\",\"@id\":\"https:\\\/\\\/www.eldigitaldeasturias.com\\\/noticias\\\/category\\\/actualidad\\\/#listItem\",\"name\":\"Actualidad\"}}]},{\"@type\":\"Organization\",\"@id\":\"https:\\\/\\\/www.eldigitaldeasturias.com\\\/noticias\\\/#organization\",\"name\":\"El Digital de Asturias\",\"description\":\"Hemeroteca\",\"url\":\"https:\\\/\\\/www.eldigitaldeasturias.com\\\/noticias\\\/\",\"email\":\"info@eldigitaldeasturias.com\",\"telephone\":\"+34652131393\",\"logo\":{\"@type\":\"ImageObject\",\"url\":\"https:\\\/\\\/www.eldigitaldeasturias.com\\\/noticias\\\/wp-content\\\/uploads\\\/2020\\\/12\\\/EDA.jpg\",\"@id\":\"https:\\\/\\\/www.eldigitaldeasturias.com\\\/noticias\\\/rajoy-desvelara-su-cabeza-de-lista-para-europa-antes-del-congreso-del-ppe\\\/#organizationLogo\"},\"image\":{\"@id\":\"https:\\\/\\\/www.eldigitaldeasturias.com\\\/noticias\\\/rajoy-desvelara-su-cabeza-de-lista-para-europa-antes-del-congreso-del-ppe\\\/#organizationLogo\"},\"sameAs\":[\"https:\\\/\\\/facebook.com\\\/eldigitaldeasturias\",\"https:\\\/\\\/www.youtube.com\\\/channel\\\/UCZP-2wLEB9Rv6erhFmqVnvg\"],\"address\":{\"@id\":\"https:\\\/\\\/www.eldigitaldeasturias.com\\\/noticias\\\/#postaladdress\",\"@type\":\"PostalAddress\",\"streetAddress\":\"san antonio 4\",\"postalCode\":\"33430\",\"addressLocality\":\"Cand\\u00e1s\",\"addressRegion\":\"Asturias\",\"addressCountry\":\"ES\"}},{\"@type\":\"Person\",\"@id\":\"https:\\\/\\\/www.eldigitaldeasturias.com\\\/noticias\\\/author\\\/admin\\\/#author\",\"url\":\"https:\\\/\\\/www.eldigitaldeasturias.com\\\/noticias\\\/author\\\/admin\\\/\",\"name\":\"El Digital de Asturias\",\"image\":{\"@type\":\"ImageObject\",\"@id\":\"https:\\\/\\\/www.eldigitaldeasturias.com\\\/noticias\\\/rajoy-desvelara-su-cabeza-de-lista-para-europa-antes-del-congreso-del-ppe\\\/#authorImage\",\"url\":\"https:\\\/\\\/secure.gravatar.com\\\/avatar\\\/df2aeffc32bcd13f8d26072ef8a91b623d677766deac7f97ca815868cd41bf5e?s=96&d=mm&r=g\",\"width\":96,\"height\":96,\"caption\":\"El Digital de Asturias\"}},{\"@type\":\"WebPage\",\"@id\":\"https:\\\/\\\/www.eldigitaldeasturias.com\\\/noticias\\\/rajoy-desvelara-su-cabeza-de-lista-para-europa-antes-del-congreso-del-ppe\\\/#webpage\",\"url\":\"https:\\\/\\\/www.eldigitaldeasturias.com\\\/noticias\\\/rajoy-desvelara-su-cabeza-de-lista-para-europa-antes-del-congreso-del-ppe\\\/\",\"name\":\"Rajoy desvelar\\u00e1 su cabeza de lista para Europa antes del Congreso del PPE - El Digital de Asturias\",\"description\":\"Madrid, 8 feb (EFE).- El presidente del Gobierno, Mariano Rajoy, desvelar\\u00e1 el cabeza de lista del PP para las pr\\u00f3ximas elecciones europeas antes de que acuda a primeros de marzo al Congreso que el Partido Popular Europeo (PPE) celebrar\\u00e1 en Dubl\\u00edn. En ese congreso de la capital irlandesa, previsto para los d\\u00edas 6 y 7\",\"inLanguage\":\"es-ES\",\"isPartOf\":{\"@id\":\"https:\\\/\\\/www.eldigitaldeasturias.com\\\/noticias\\\/#website\"},\"breadcrumb\":{\"@id\":\"https:\\\/\\\/www.eldigitaldeasturias.com\\\/noticias\\\/rajoy-desvelara-su-cabeza-de-lista-para-europa-antes-del-congreso-del-ppe\\\/#breadcrumblist\"},\"author\":{\"@id\":\"https:\\\/\\\/www.eldigitaldeasturias.com\\\/noticias\\\/author\\\/admin\\\/#author\"},\"creator\":{\"@id\":\"https:\\\/\\\/www.eldigitaldeasturias.com\\\/noticias\\\/author\\\/admin\\\/#author\"},\"image\":{\"@type\":\"ImageObject\",\"url\":486701,\"@id\":\"https:\\\/\\\/www.eldigitaldeasturias.com\\\/noticias\\\/rajoy-desvelara-su-cabeza-de-lista-para-europa-antes-del-congreso-del-ppe\\\/#mainImage\"},\"primaryImageOfPage\":{\"@id\":\"https:\\\/\\\/www.eldigitaldeasturias.com\\\/noticias\\\/rajoy-desvelara-su-cabeza-de-lista-para-europa-antes-del-congreso-del-ppe\\\/#mainImage\"},\"datePublished\":\"2014-02-08T17:35:05+01:00\",\"dateModified\":\"2014-02-08T17:35:05+01:00\"},{\"@type\":\"WebSite\",\"@id\":\"https:\\\/\\\/www.eldigitaldeasturias.com\\\/noticias\\\/#website\",\"url\":\"https:\\\/\\\/www.eldigitaldeasturias.com\\\/noticias\\\/\",\"name\":\"El Digital de Asturias - Diario de actualidad y noticias\",\"alternateName\":\"El Digital de Asturias - Diario de actualidad y noticias\",\"description\":\"Hemeroteca\",\"inLanguage\":\"es-ES\",\"publisher\":{\"@id\":\"https:\\\/\\\/www.eldigitaldeasturias.com\\\/noticias\\\/#organization\"}}]}\n\t\t<\/script>\n\t\t<!-- All in One SEO Pro -->\r\n\t\t<title>Rajoy desvelar\u00e1 su cabeza de lista para Europa antes del Congreso del PPE - El Digital de Asturias<\/title>\n\n","aioseo_head_json":{"title":"Rajoy desvelar\u00e1 su cabeza de lista para Europa antes del Congreso del PPE - El Digital de Asturias","description":"Madrid, 8 feb (EFE).- El presidente del Gobierno, Mariano Rajoy, desvelar\u00e1 el cabeza de lista del PP para las pr\u00f3ximas elecciones europeas antes de que acuda a primeros de marzo al Congreso que el Partido Popular Europeo (PPE) celebrar\u00e1 en Dubl\u00edn. En ese congreso de la capital irlandesa, previsto para los d\u00edas 6 y 7","canonical_url":"https:\/\/www.eldigitaldeasturias.com\/noticias\/rajoy-desvelara-su-cabeza-de-lista-para-europa-antes-del-congreso-del-ppe\/","robots":"max-image-preview:large","keywords":"actualidad","webmasterTools":{"google-site-verification":"UA-38556648-1","msvalidate.01":"7dfe9f3f1b24437ab69f4f2559babe99","miscellaneous":""},"schema":{"@context":"https:\/\/schema.org","@graph":[{"@type":"BlogPosting","@id":"https:\/\/www.eldigitaldeasturias.com\/noticias\/rajoy-desvelara-su-cabeza-de-lista-para-europa-antes-del-congreso-del-ppe\/#blogposting","name":"Rajoy desvelar\u00e1 su cabeza de lista para Europa antes del Congreso del PPE - El Digital de Asturias","headline":"Rajoy desvelar\u00e1 su cabeza de lista para Europa antes del Congreso del PPE","author":{"@id":"https:\/\/www.eldigitaldeasturias.com\/noticias\/author\/admin\/#author"},"publisher":{"@id":"https:\/\/www.eldigitaldeasturias.com\/noticias\/#organization"},"image":{"@type":"ImageObject","url":486701},"datePublished":"2014-02-08T17:35:05+01:00","dateModified":"2014-02-08T17:35:05+01:00","inLanguage":"es-ES","mainEntityOfPage":{"@id":"https:\/\/www.eldigitaldeasturias.com\/noticias\/rajoy-desvelara-su-cabeza-de-lista-para-europa-antes-del-congreso-del-ppe\/#webpage"},"isPartOf":{"@id":"https:\/\/www.eldigitaldeasturias.com\/noticias\/rajoy-desvelara-su-cabeza-de-lista-para-europa-antes-del-congreso-del-ppe\/#webpage"},"articleSection":"Actualidad"},{"@type":"BreadcrumbList","@id":"https:\/\/www.eldigitaldeasturias.com\/noticias\/rajoy-desvelara-su-cabeza-de-lista-para-europa-antes-del-congreso-del-ppe\/#breadcrumblist","itemListElement":[{"@type":"ListItem","@id":"https:\/\/www.eldigitaldeasturias.com\/noticias#listItem","position":1,"name":"Home","item":"https:\/\/www.eldigitaldeasturias.com\/noticias","nextItem":{"@type":"ListItem","@id":"https:\/\/www.eldigitaldeasturias.com\/noticias\/category\/actualidad\/#listItem","name":"Actualidad"}},{"@type":"ListItem","@id":"https:\/\/www.eldigitaldeasturias.com\/noticias\/category\/actualidad\/#listItem","position":2,"name":"Actualidad","item":"https:\/\/www.eldigitaldeasturias.com\/noticias\/category\/actualidad\/","nextItem":{"@type":"ListItem","@id":"https:\/\/www.eldigitaldeasturias.com\/noticias\/rajoy-desvelara-su-cabeza-de-lista-para-europa-antes-del-congreso-del-ppe\/#listItem","name":"Rajoy desvelar\u00e1 su cabeza de lista para Europa antes del Congreso del PPE"},"previousItem":{"@type":"ListItem","@id":"https:\/\/www.eldigitaldeasturias.com\/noticias#listItem","name":"Home"}},{"@type":"ListItem","@id":"https:\/\/www.eldigitaldeasturias.com\/noticias\/rajoy-desvelara-su-cabeza-de-lista-para-europa-antes-del-congreso-del-ppe\/#listItem","position":3,"name":"Rajoy desvelar\u00e1 su cabeza de lista para Europa antes del Congreso del PPE","previousItem":{"@type":"ListItem","@id":"https:\/\/www.eldigitaldeasturias.com\/noticias\/category\/actualidad\/#listItem","name":"Actualidad"}}]},{"@type":"Organization","@id":"https:\/\/www.eldigitaldeasturias.com\/noticias\/#organization","name":"El Digital de Asturias","description":"Hemeroteca","url":"https:\/\/www.eldigitaldeasturias.com\/noticias\/","email":"info@eldigitaldeasturias.com","telephone":"+34652131393","logo":{"@type":"ImageObject","url":"https:\/\/www.eldigitaldeasturias.com\/noticias\/wp-content\/uploads\/2020\/12\/EDA.jpg","@id":"https:\/\/www.eldigitaldeasturias.com\/noticias\/rajoy-desvelara-su-cabeza-de-lista-para-europa-antes-del-congreso-del-ppe\/#organizationLogo"},"image":{"@id":"https:\/\/www.eldigitaldeasturias.com\/noticias\/rajoy-desvelara-su-cabeza-de-lista-para-europa-antes-del-congreso-del-ppe\/#organizationLogo"},"sameAs":["https:\/\/facebook.com\/eldigitaldeasturias","https:\/\/www.youtube.com\/channel\/UCZP-2wLEB9Rv6erhFmqVnvg"],"address":{"@id":"https:\/\/www.eldigitaldeasturias.com\/noticias\/#postaladdress","@type":"PostalAddress","streetAddress":"san antonio 4","postalCode":"33430","addressLocality":"Cand\u00e1s","addressRegion":"Asturias","addressCountry":"ES"}},{"@type":"Person","@id":"https:\/\/www.eldigitaldeasturias.com\/noticias\/author\/admin\/#author","url":"https:\/\/www.eldigitaldeasturias.com\/noticias\/author\/admin\/","name":"El Digital de Asturias","image":{"@type":"ImageObject","@id":"https:\/\/www.eldigitaldeasturias.com\/noticias\/rajoy-desvelara-su-cabeza-de-lista-para-europa-antes-del-congreso-del-ppe\/#authorImage","url":"https:\/\/secure.gravatar.com\/avatar\/df2aeffc32bcd13f8d26072ef8a91b623d677766deac7f97ca815868cd41bf5e?s=96&d=mm&r=g","width":96,"height":96,"caption":"El Digital de Asturias"}},{"@type":"WebPage","@id":"https:\/\/www.eldigitaldeasturias.com\/noticias\/rajoy-desvelara-su-cabeza-de-lista-para-europa-antes-del-congreso-del-ppe\/#webpage","url":"https:\/\/www.eldigitaldeasturias.com\/noticias\/rajoy-desvelara-su-cabeza-de-lista-para-europa-antes-del-congreso-del-ppe\/","name":"Rajoy desvelar\u00e1 su cabeza de lista para Europa antes del Congreso del PPE - El Digital de Asturias","description":"Madrid, 8 feb (EFE).- El presidente del Gobierno, Mariano Rajoy, desvelar\u00e1 el cabeza de lista del PP para las pr\u00f3ximas elecciones europeas antes de que acuda a primeros de marzo al Congreso que el Partido Popular Europeo (PPE) celebrar\u00e1 en Dubl\u00edn. En ese congreso de la capital irlandesa, previsto para los d\u00edas 6 y 7","inLanguage":"es-ES","isPartOf":{"@id":"https:\/\/www.eldigitaldeasturias.com\/noticias\/#website"},"breadcrumb":{"@id":"https:\/\/www.eldigitaldeasturias.com\/noticias\/rajoy-desvelara-su-cabeza-de-lista-para-europa-antes-del-congreso-del-ppe\/#breadcrumblist"},"author":{"@id":"https:\/\/www.eldigitaldeasturias.com\/noticias\/author\/admin\/#author"},"creator":{"@id":"https:\/\/www.eldigitaldeasturias.com\/noticias\/author\/admin\/#author"},"image":{"@type":"ImageObject","url":486701,"@id":"https:\/\/www.eldigitaldeasturias.com\/noticias\/rajoy-desvelara-su-cabeza-de-lista-para-europa-antes-del-congreso-del-ppe\/#mainImage"},"primaryImageOfPage":{"@id":"https:\/\/www.eldigitaldeasturias.com\/noticias\/rajoy-desvelara-su-cabeza-de-lista-para-europa-antes-del-congreso-del-ppe\/#mainImage"},"datePublished":"2014-02-08T17:35:05+01:00","dateModified":"2014-02-08T17:35:05+01:00"},{"@type":"WebSite","@id":"https:\/\/www.eldigitaldeasturias.com\/noticias\/#website","url":"https:\/\/www.eldigitaldeasturias.com\/noticias\/","name":"El Digital de Asturias - Diario de actualidad y noticias","alternateName":"El Digital de Asturias - Diario de actualidad y noticias","description":"Hemeroteca","inLanguage":"es-ES","publisher":{"@id":"https:\/\/www.eldigitaldeasturias.com\/noticias\/#organization"}}]},"og:locale":"es_ES","og:site_name":"El Digital de Asturias","og:type":"article","og:title":"Rajoy desvelar\u00e1 su cabeza de lista para Europa antes del Congreso del PPE - El Digital de Asturias","og:description":"Madrid, 8 feb (EFE).- El presidente del Gobierno, Mariano Rajoy, desvelar\u00e1 el cabeza de lista del PP para las pr\u00f3ximas elecciones europeas antes de que acuda a primeros de marzo al Congreso que el Partido Popular Europeo (PPE) celebrar\u00e1 en Dubl\u00edn. En ese congreso de la capital irlandesa, previsto para los d\u00edas 6 y 7","og:url":"https:\/\/www.eldigitaldeasturias.com\/noticias\/rajoy-desvelara-su-cabeza-de-lista-para-europa-antes-del-congreso-del-ppe\/","article:tag":["actualidad"],"article:published_time":"2014-02-08T18:35:05+00:00","article:modified_time":"2014-02-08T18:35:05+00:00","article:publisher":"https:\/\/facebook.com\/eldigitaldeasturias","twitter:card":"summary_large_image","twitter:title":"Rajoy desvelar\u00e1 su cabeza de lista para Europa antes del Congreso del PPE - El Digital de Asturias","twitter:description":"Madrid, 8 feb (EFE).- El presidente del Gobierno, Mariano Rajoy, desvelar\u00e1 el cabeza de lista del PP para las pr\u00f3ximas elecciones europeas antes de que acuda a primeros de marzo al Congreso que el Partido Popular Europeo (PPE) celebrar\u00e1 en Dubl\u00edn. En ese congreso de la capital irlandesa, previsto para los d\u00edas 6 y 7","twitter:label1":"Escrito por","twitter:data1":"El Digital de Asturias","twitter:label2":"Tiempo de lectura estimado","twitter:data2":"3 minutos"},"aioseo_meta_data":{"post_id":"486700","title":null,"description":null,"keywords":null,"keyphrases":null,"primary_term":null,"canonical_url":null,"og_title":null,"og_description":null,"og_object_type":"default","og_image_type":"default","og_image_url":null,"og_image_width":null,"og_image_height":null,"og_image_custom_url":null,"og_image_custom_fields":null,"og_video":null,"og_custom_url":null,"og_article_section":null,"og_article_tags":null,"twitter_use_og":true,"twitter_card":"default","twitter_image_type":"default","twitter_image_url":null,"twitter_image_custom_url":null,"twitter_image_custom_fields":null,"twitter_title":null,"twitter_description":null,"schema":{"blockGraphs":[],"customGraphs":[],"default":{"data":{"Article":[],"Course":[],"Dataset":[],"FAQPage":[],"Movie":[],"Person":[],"Product":[],"ProductReview":[],"Car":[],"Recipe":[],"Service":[],"SoftwareApplication":[],"WebPage":[]},"graphName":"","isEnabled":true},"graphs":[],"defaultGraph":"","defaultPostTypeGraph":""},"schema_type":null,"schema_type_options":null,"pillar_content":false,"robots_default":true,"robots_noindex":false,"robots_noarchive":false,"robots_nosnippet":false,"robots_nofollow":false,"robots_noimageindex":false,"robots_noodp":false,"robots_notranslate":false,"robots_max_snippet":null,"robots_max_videopreview":null,"robots_max_imagepreview":"none","priority":null,"frequency":null,"local_seo":null,"seo_analyzer_scan_date":"2026-06-03 02:20:58","breadcrumb_settings":null,"limit_modified_date":false,"open_ai":null,"ai":null,"created":"2020-11-14 22:56:13","updated":"2026-06-03 02:20:58","focus_keyword":null,"additional_keywords":null,"truseo_locale":null},"aioseo_breadcrumb":"<div class=\"aioseo-breadcrumbs\"><span class=\"aioseo-breadcrumb\">\n\t<a href=\"https:\/\/www.eldigitaldeasturias.com\/noticias\" title=\"Home\">Home<\/a>\n<\/span><span class=\"aioseo-breadcrumb-separator\">\u2013<\/span><span class=\"aioseo-breadcrumb\">\n\t<a href=\"https:\/\/www.eldigitaldeasturias.com\/noticias\/category\/actualidad\/\" title=\"Actualidad\">Actualidad<\/a>\n<\/span><span class=\"aioseo-breadcrumb-separator\">\u2013<\/span><span class=\"aioseo-breadcrumb\">\n\t<a href=\"https:\/\/www.eldigitaldeasturias.com\/noticias\/rajoy-desvelara-su-cabeza-de-lista-para-europa-antes-del-congreso-del-ppe\/\" title=\"Rajoy desvelar\u00e1 su cabeza de lista para Europa antes del Congreso del PPE\">Rajoy desvelar\u00e1 su cabeza de lista para Europa antes del Congreso del PPE<\/a>\n<\/span><\/div>","aioseo_breadcrumb_json":[{"label":"Home","link":"https:\/\/www.eldigitaldeasturias.com\/noticias"},{"label":"Actualidad","link":"https:\/\/www.eldigitaldeasturias.com\/noticias\/category\/actualidad\/"},{"label":"Rajoy desvelar\u00e1 su cabeza de lista para Europa antes del Congreso del PPE","link":"https:\/\/www.eldigitaldeasturias.com\/noticias\/rajoy-desvelara-su-cabeza-de-lista-para-europa-antes-del-congreso-del-ppe\/"}],"_links":{"self":[{"href":"https:\/\/www.eldigitaldeasturias.com\/noticias\/wp-json\/wp\/v2\/posts\/486700","targetHints":{"allow":["GET"]}}],"collection":[{"href":"https:\/\/www.eldigitaldeasturias.com\/noticias\/wp-json\/wp\/v2\/posts"}],"about":[{"href":"https:\/\/www.eldigitaldeasturias.com\/noticias\/wp-json\/wp\/v2\/types\/post"}],"author":[{"embeddable":true,"href":"https:\/\/www.eldigitaldeasturias.com\/noticias\/wp-json\/wp\/v2\/users\/1"}],"replies":[{"embeddable":true,"href":"https:\/\/www.eldigitaldeasturias.com\/noticias\/wp-json\/wp\/v2\/comments?post=486700"}],"version-history":[{"count":0,"href":"https:\/\/www.eldigitaldeasturias.com\/noticias\/wp-json\/wp\/v2\/posts\/486700\/revisions"}],"wp:attachment":[{"href":"https:\/\/www.eldigitaldeasturias.com\/noticias\/wp-json\/wp\/v2\/media?parent=486700"}],"wp:term":[{"taxonomy":"category","embeddable":true,"href":"https:\/\/www.eldigitaldeasturias.com\/noticias\/wp-json\/wp\/v2\/categories?post=486700"},{"taxonomy":"post_tag","embeddable":true,"href":"https:\/\/www.eldigitaldeasturias.com\/noticias\/wp-json\/wp\/v2\/tags?post=486700"}],"curies":[{"name":"wp","href":"https:\/\/api.w.org\/{rel}","templated":true}]}}