{"id":486697,"date":"2014-02-08T17:33:23","date_gmt":"2014-02-08T18:33:23","guid":{"rendered":"http:\/\/www.eldigitaldeasturias.com\/noticias\/?p=486697"},"modified":"2014-02-08T17:33:23","modified_gmt":"2014-02-08T18:33:23","slug":"maneiro-de-upyd-dice-que-el-pp-ha-abandonado-a-las-victimas-de-eta-y-de-ahi-surge-vox","status":"publish","type":"post","link":"https:\/\/www.eldigitaldeasturias.com\/noticias\/maneiro-de-upyd-dice-que-el-pp-ha-abandonado-a-las-victimas-de-eta-y-de-ahi-surge-vox\/","title":{"rendered":"Maneiro, de UPyD dice que el PP ha abandonado a las v\u00edctimas de ETA y \u00abde ah\u00ed surge Vox\u00bb"},"content":{"rendered":"<p><img loading=\"lazy\" decoding=\"async\" class=\"alignleft size-medium wp-image-486698\" alt=\"5923550w\" src=\"https:\/\/www.eldigitaldeasturias.com\/noticias\/wp-content\/uploads\/2014\/02\/5923550w-360x239.jpg\" width=\"360\" height=\"239\" \/>Vitoria, 8 feb (EFE).- El parlamentario vasco de UPyD, Gorka Maneiro, considera que el PP \u00abha abandonado a las v\u00edctimas del terrorismo\u00bb y \u00abno ha hecho un discurso lo suficientemente contundente contra ETA\u00bb, lo que ha motivado el nacimiento de Vox, el partido liderado por Jos\u00e9 Antonio Ortega Lara.<\/p>\n<p>Maneiro ha analizado en una entrevista con Efe las expectativas de su formaci\u00f3n ante las elecciones europeas del pr\u00f3ximo 25 de mayo, en las que sondeos recientes apuntan a un importante retroceso del PP, que pasar\u00eda de 23 a 18 o 19 esca\u00f1os, y a un ascenso de UPyD, que a su juicio podr\u00eda lograr hasta cinco europarlamentarios cuando ahora tiene uno.<\/p>\n<p>\u00abEstar\u00eda bien que hubiera un descalabro de las pol\u00edticas econ\u00f3micas y sociales de los \u00faltimos a\u00f1os y tambi\u00e9n del bipartidismo PP-PSOE y lo que ha significado en recortes sociales, en corrupci\u00f3n pol\u00edtica y en impunidad\u00bb, ha deseado.<\/p>\n<p>Y es que a juicio del portavoz de UPyD en Euskadi, \u00abel PP ha hecho muchas cosas mal, no s\u00f3lo en la lucha contra ETA\u00bb.<\/p>\n<p>Para hacer frente a esta situaci\u00f3n, hace siete a\u00f1os surgi\u00f3 UPyD con la intenci\u00f3n de dedicarse a \u00ablas cuestiones que interesan a los ciudadanos\u00bb, y ahora ha nacido Vox \u00abcon un discurso de lucha contra ETA\u00bb.<\/p>\n<p>Maneiro considera por ello \u00abpositivo y razonable que haya un partido de derechas decente, no envuelto en casos de corrupci\u00f3n\u00bb y exigente con el mundo de la izquierda abertzale.<\/p>\n<p>El hecho de que Vox pueda restar votos a su partido no le preocupa demasiado porque a su juicio UPyD ha demostrado en estos a\u00f1os de vida que es el partido \u00abm\u00e1s contundente contra ETA\u00bb y contra la corrupci\u00f3n pol\u00edtica, con postulados progresistas alejados de esta nueva formaci\u00f3n.<\/p>\n<p>Las diferencias que puede haber con Vox en pol\u00edtica antiterrorista se ir\u00e1n viendo con el tiempo, seg\u00fan Maneiro, quien ha criticado por contra errores del PP en este \u00e1mbito como por ejemplo que no instase a la Fiscal\u00eda a \u00abilegalizar todas las marcas pol\u00edticas de ETA\u00bb o no detuviese a la c\u00fapula de la organizaci\u00f3n terrorista cuando supo que estaba en Oslo (Noruega) hace un a\u00f1o.<\/p>\n<p>Esto le lleva a pensar que hubo \u00abuna especie de pacto entre los partidos para no llevar a cabo esas detenciones y seguir adelante con el proceso iniciado por Jos\u00e9 Luis Rodr\u00edguez Zapatero\u00bb de mediaci\u00f3n con los dirigentes de la banda.<\/p>\n<p>UPyD, por contra, propugna la derrota incondicional de ETA, reclama justicia para las v\u00edctimas y no quiere \u00abque los presos salgan a la calle cuanto antes, como otros partidos\u00bb, sino que exige como \u00abcondici\u00f3n indispensable\u00bb que rompan con la banda, pidan perd\u00f3n y colaboren con la Justicia.<\/p>\n<p>Precisamente la falta de contundencia contra ETA del PP puede ser la raz\u00f3n por la que Jaime Mayor Oreja ha renunciado a encabezar las listas de su partido al Parlamento Europeo, seg\u00fan Maneiro, quien ha rehusado opinar sobre la posible designaci\u00f3n de Marimar Blanco en su lugar.<\/p>\n<p>Ya se ha confirmado sin embargo que otra v\u00edctima de ETA, Maite Pagazaurtundua, ser\u00e1 la \u00abn\u00famero dos\u00bb de la lista de UPyD, que encabeza Francisco Sosa Wagner.<\/p>\n<p>La presencia de v\u00edctimas en listas electorales en un momento en que estos colectivos han sido muy cr\u00edticos con la gesti\u00f3n del Gobierno no es para Maneiro una estrategia pol\u00edtica, sino que todos los ciudadanos que quieran cambiar las cosas deben actuar en un colectivo o en otro.<\/p>\n<p>En este sentido, asegura que nunca se le ha ocurrido pensar que UPyD pueda aprovecharse de las v\u00edctimas por su tir\u00f3n electoral. \u00abNo pretendemos representar a las v\u00edctimas del terrorismo\u00bb, ha zanjado.<\/p>\n<p>Tambi\u00e9n en Euskadi UPyD reclama al Gobierno Vasco que deslegitime el terrorismo y por eso no quiere participar en la Ponencia de Paz y Convivencia del Parlamento de Vitoria, a la que s\u00f3lo asisten el PNV y EH Bildu, porque esos asuntos deben tratarse en una tribuna abierta, ante los medios de comunicaci\u00f3n, y no debe ser utilizada \u00abpara hablar de presos de ETA y de pol\u00edtica penitenciaria, que es lo que quiere la izquierda abertzale\u00bb.<\/p>\n<p>\u00abNo queremos llevar el final de ETA a un cuarto oscuro\u00bb, ha concluido Maneiro.<\/p>\n","protected":false},"excerpt":{"rendered":"<p>Vitoria, 8 feb (EFE).- El parlamentario vasco de UPyD, Gorka Maneiro, considera que el PP \u00abha abandonado a las v\u00edctimas del terrorismo\u00bb y \u00abno ha hecho un discurso lo suficientemente contundente contra ETA\u00bb, lo que ha motivado el nacimiento de Vox, el partido liderado por Jos\u00e9 Antonio Ortega Lara. Maneiro ha analizado en una entrevista [&hellip;]<\/p>\n","protected":false},"author":1,"featured_media":486698,"comment_status":"open","ping_status":"open","sticky":false,"template":"","format":"standard","meta":{"footnotes":""},"categories":[1],"tags":[],"class_list":["post-486697","post","type-post","status-publish","format-standard","has-post-thumbnail","hentry","category-actualidad"],"aioseo_notices":[],"aioseo_head":"\n\t\t<!-- All in One SEO Pro 5.0.1 - aioseo.com -->\n\t<meta name=\"description\" content=\"Vitoria, 8 feb (EFE).- El parlamentario vasco de UPyD, Gorka Maneiro, considera que el PP &quot;ha abandonado a las v\u00edctimas del terrorismo&quot; y &quot;no ha hecho un discurso lo suficientemente contundente contra ETA&quot;, lo que ha motivado el nacimiento de Vox, el partido liderado por Jos\u00e9 Antonio Ortega Lara. Maneiro ha analizado en una entrevista\" \/>\n\t<meta name=\"robots\" content=\"max-image-preview:large\" \/>\n\t<meta name=\"author\" content=\"El Digital de Asturias\"\/>\n\t<meta name=\"google-site-verification\" content=\"UA-38556648-1\" \/>\n\t<meta name=\"msvalidate.01\" content=\"7dfe9f3f1b24437ab69f4f2559babe99\" \/>\n\t<meta name=\"keywords\" content=\"actualidad\" \/>\n\t<link rel=\"canonical\" href=\"https:\/\/www.eldigitaldeasturias.com\/noticias\/maneiro-de-upyd-dice-que-el-pp-ha-abandonado-a-las-victimas-de-eta-y-de-ahi-surge-vox\/\" \/>\n\t<meta name=\"generator\" content=\"All in One SEO Pro (AIOSEO) 5.0.1\" \/>\n\t\t<meta property=\"og:locale\" content=\"es_ES\" \/>\n\t\t<meta property=\"og:site_name\" content=\"El Digital de Asturias\" \/>\n\t\t<meta property=\"og:type\" content=\"article\" \/>\n\t\t<meta property=\"og:title\" content=\"Maneiro, de UPyD dice que el PP ha abandonado a las v\u00edctimas de ETA y \u00abde ah\u00ed surge Vox\u00bb - El Digital de Asturias\" \/>\n\t\t<meta property=\"og:description\" content=\"Vitoria, 8 feb (EFE).- El parlamentario vasco de UPyD, Gorka Maneiro, considera que el PP &quot;ha abandonado a las v\u00edctimas del terrorismo&quot; y &quot;no ha hecho un discurso lo suficientemente contundente contra ETA&quot;, lo que ha motivado el nacimiento de Vox, el partido liderado por Jos\u00e9 Antonio Ortega Lara. Maneiro ha analizado en una entrevista\" \/>\n\t\t<meta property=\"og:url\" content=\"https:\/\/www.eldigitaldeasturias.com\/noticias\/maneiro-de-upyd-dice-que-el-pp-ha-abandonado-a-las-victimas-de-eta-y-de-ahi-surge-vox\/\" \/>\n\t\t<meta property=\"article:tag\" content=\"actualidad\" \/>\n\t\t<meta property=\"article:published_time\" content=\"2014-02-08T18:33:23+00:00\" \/>\n\t\t<meta property=\"article:modified_time\" content=\"2014-02-08T18:33:23+00:00\" \/>\n\t\t<meta property=\"article:publisher\" content=\"https:\/\/facebook.com\/eldigitaldeasturias\" \/>\n\t\t<meta name=\"twitter:card\" content=\"summary_large_image\" \/>\n\t\t<meta name=\"twitter:title\" content=\"Maneiro, de UPyD dice que el PP ha abandonado a las v\u00edctimas de ETA y \u00abde ah\u00ed surge Vox\u00bb - El Digital de Asturias\" \/>\n\t\t<meta name=\"twitter:description\" content=\"Vitoria, 8 feb (EFE).- El parlamentario vasco de UPyD, Gorka Maneiro, considera que el PP &quot;ha abandonado a las v\u00edctimas del terrorismo&quot; y &quot;no ha hecho un discurso lo suficientemente contundente contra ETA&quot;, lo que ha motivado el nacimiento de Vox, el partido liderado por Jos\u00e9 Antonio Ortega Lara. Maneiro ha analizado en una entrevista\" \/>\n\t\t<meta name=\"twitter:label1\" content=\"Escrito por\" \/>\n\t\t<meta name=\"twitter:data1\" content=\"El Digital de Asturias\" \/>\n\t\t<meta name=\"twitter:label2\" content=\"Tiempo de lectura estimado\" \/>\n\t\t<meta name=\"twitter:data2\" content=\"4 minutos\" \/>\n\t\t<script type=\"application\/ld+json\" class=\"aioseo-schema\">\n\t\t\t{\"@context\":\"https:\\\/\\\/schema.org\",\"@graph\":[{\"@type\":\"BlogPosting\",\"@id\":\"https:\\\/\\\/www.eldigitaldeasturias.com\\\/noticias\\\/maneiro-de-upyd-dice-que-el-pp-ha-abandonado-a-las-victimas-de-eta-y-de-ahi-surge-vox\\\/#blogposting\",\"name\":\"Maneiro, de UPyD dice que el PP ha abandonado a las v\\u00edctimas de ETA y \\u00abde ah\\u00ed surge Vox\\u00bb - El Digital de Asturias\",\"headline\":\"Maneiro, de UPyD dice que el PP ha abandonado a las v\\u00edctimas de ETA y \\u00abde ah\\u00ed surge Vox\\u00bb\",\"author\":{\"@id\":\"https:\\\/\\\/www.eldigitaldeasturias.com\\\/noticias\\\/author\\\/admin\\\/#author\"},\"publisher\":{\"@id\":\"https:\\\/\\\/www.eldigitaldeasturias.com\\\/noticias\\\/#organization\"},\"image\":{\"@type\":\"ImageObject\",\"url\":486698},\"datePublished\":\"2014-02-08T17:33:23+01:00\",\"dateModified\":\"2014-02-08T17:33:23+01:00\",\"inLanguage\":\"es-ES\",\"mainEntityOfPage\":{\"@id\":\"https:\\\/\\\/www.eldigitaldeasturias.com\\\/noticias\\\/maneiro-de-upyd-dice-que-el-pp-ha-abandonado-a-las-victimas-de-eta-y-de-ahi-surge-vox\\\/#webpage\"},\"isPartOf\":{\"@id\":\"https:\\\/\\\/www.eldigitaldeasturias.com\\\/noticias\\\/maneiro-de-upyd-dice-que-el-pp-ha-abandonado-a-las-victimas-de-eta-y-de-ahi-surge-vox\\\/#webpage\"},\"articleSection\":\"Actualidad\"},{\"@type\":\"BreadcrumbList\",\"@id\":\"https:\\\/\\\/www.eldigitaldeasturias.com\\\/noticias\\\/maneiro-de-upyd-dice-que-el-pp-ha-abandonado-a-las-victimas-de-eta-y-de-ahi-surge-vox\\\/#breadcrumblist\",\"itemListElement\":[{\"@type\":\"ListItem\",\"@id\":\"https:\\\/\\\/www.eldigitaldeasturias.com\\\/noticias#listItem\",\"position\":1,\"name\":\"Home\",\"item\":\"https:\\\/\\\/www.eldigitaldeasturias.com\\\/noticias\",\"nextItem\":{\"@type\":\"ListItem\",\"@id\":\"https:\\\/\\\/www.eldigitaldeasturias.com\\\/noticias\\\/category\\\/actualidad\\\/#listItem\",\"name\":\"Actualidad\"}},{\"@type\":\"ListItem\",\"@id\":\"https:\\\/\\\/www.eldigitaldeasturias.com\\\/noticias\\\/category\\\/actualidad\\\/#listItem\",\"position\":2,\"name\":\"Actualidad\",\"item\":\"https:\\\/\\\/www.eldigitaldeasturias.com\\\/noticias\\\/category\\\/actualidad\\\/\",\"nextItem\":{\"@type\":\"ListItem\",\"@id\":\"https:\\\/\\\/www.eldigitaldeasturias.com\\\/noticias\\\/maneiro-de-upyd-dice-que-el-pp-ha-abandonado-a-las-victimas-de-eta-y-de-ahi-surge-vox\\\/#listItem\",\"name\":\"Maneiro, de UPyD dice que el PP ha abandonado a las v\\u00edctimas de ETA y \\u00abde ah\\u00ed surge Vox\\u00bb\"},\"previousItem\":{\"@type\":\"ListItem\",\"@id\":\"https:\\\/\\\/www.eldigitaldeasturias.com\\\/noticias#listItem\",\"name\":\"Home\"}},{\"@type\":\"ListItem\",\"@id\":\"https:\\\/\\\/www.eldigitaldeasturias.com\\\/noticias\\\/maneiro-de-upyd-dice-que-el-pp-ha-abandonado-a-las-victimas-de-eta-y-de-ahi-surge-vox\\\/#listItem\",\"position\":3,\"name\":\"Maneiro, de UPyD dice que el PP ha abandonado a las v\\u00edctimas de ETA y \\u00abde ah\\u00ed surge Vox\\u00bb\",\"previousItem\":{\"@type\":\"ListItem\",\"@id\":\"https:\\\/\\\/www.eldigitaldeasturias.com\\\/noticias\\\/category\\\/actualidad\\\/#listItem\",\"name\":\"Actualidad\"}}]},{\"@type\":\"Organization\",\"@id\":\"https:\\\/\\\/www.eldigitaldeasturias.com\\\/noticias\\\/#organization\",\"name\":\"El Digital de Asturias\",\"description\":\"Hemeroteca\",\"url\":\"https:\\\/\\\/www.eldigitaldeasturias.com\\\/noticias\\\/\",\"email\":\"info@eldigitaldeasturias.com\",\"telephone\":\"+34652131393\",\"logo\":{\"@type\":\"ImageObject\",\"url\":\"https:\\\/\\\/www.eldigitaldeasturias.com\\\/noticias\\\/wp-content\\\/uploads\\\/2020\\\/12\\\/EDA.jpg\",\"@id\":\"https:\\\/\\\/www.eldigitaldeasturias.com\\\/noticias\\\/maneiro-de-upyd-dice-que-el-pp-ha-abandonado-a-las-victimas-de-eta-y-de-ahi-surge-vox\\\/#organizationLogo\"},\"image\":{\"@id\":\"https:\\\/\\\/www.eldigitaldeasturias.com\\\/noticias\\\/maneiro-de-upyd-dice-que-el-pp-ha-abandonado-a-las-victimas-de-eta-y-de-ahi-surge-vox\\\/#organizationLogo\"},\"sameAs\":[\"https:\\\/\\\/facebook.com\\\/eldigitaldeasturias\",\"https:\\\/\\\/www.youtube.com\\\/channel\\\/UCZP-2wLEB9Rv6erhFmqVnvg\"],\"address\":{\"@id\":\"https:\\\/\\\/www.eldigitaldeasturias.com\\\/noticias\\\/#postaladdress\",\"@type\":\"PostalAddress\",\"streetAddress\":\"san antonio 4\",\"postalCode\":\"33430\",\"addressLocality\":\"Cand\\u00e1s\",\"addressRegion\":\"Asturias\",\"addressCountry\":\"ES\"}},{\"@type\":\"Person\",\"@id\":\"https:\\\/\\\/www.eldigitaldeasturias.com\\\/noticias\\\/author\\\/admin\\\/#author\",\"url\":\"https:\\\/\\\/www.eldigitaldeasturias.com\\\/noticias\\\/author\\\/admin\\\/\",\"name\":\"El Digital de Asturias\",\"image\":{\"@type\":\"ImageObject\",\"@id\":\"https:\\\/\\\/www.eldigitaldeasturias.com\\\/noticias\\\/maneiro-de-upyd-dice-que-el-pp-ha-abandonado-a-las-victimas-de-eta-y-de-ahi-surge-vox\\\/#authorImage\",\"url\":\"https:\\\/\\\/secure.gravatar.com\\\/avatar\\\/df2aeffc32bcd13f8d26072ef8a91b623d677766deac7f97ca815868cd41bf5e?s=96&d=mm&r=g\",\"width\":96,\"height\":96,\"caption\":\"El Digital de Asturias\"}},{\"@type\":\"WebPage\",\"@id\":\"https:\\\/\\\/www.eldigitaldeasturias.com\\\/noticias\\\/maneiro-de-upyd-dice-que-el-pp-ha-abandonado-a-las-victimas-de-eta-y-de-ahi-surge-vox\\\/#webpage\",\"url\":\"https:\\\/\\\/www.eldigitaldeasturias.com\\\/noticias\\\/maneiro-de-upyd-dice-que-el-pp-ha-abandonado-a-las-victimas-de-eta-y-de-ahi-surge-vox\\\/\",\"name\":\"Maneiro, de UPyD dice que el PP ha abandonado a las v\\u00edctimas de ETA y \\u00abde ah\\u00ed surge Vox\\u00bb - El Digital de Asturias\",\"description\":\"Vitoria, 8 feb (EFE).- El parlamentario vasco de UPyD, Gorka Maneiro, considera que el PP \\\"ha abandonado a las v\\u00edctimas del terrorismo\\\" y \\\"no ha hecho un discurso lo suficientemente contundente contra ETA\\\", lo que ha motivado el nacimiento de Vox, el partido liderado por Jos\\u00e9 Antonio Ortega Lara. Maneiro ha analizado en una entrevista\",\"inLanguage\":\"es-ES\",\"isPartOf\":{\"@id\":\"https:\\\/\\\/www.eldigitaldeasturias.com\\\/noticias\\\/#website\"},\"breadcrumb\":{\"@id\":\"https:\\\/\\\/www.eldigitaldeasturias.com\\\/noticias\\\/maneiro-de-upyd-dice-que-el-pp-ha-abandonado-a-las-victimas-de-eta-y-de-ahi-surge-vox\\\/#breadcrumblist\"},\"author\":{\"@id\":\"https:\\\/\\\/www.eldigitaldeasturias.com\\\/noticias\\\/author\\\/admin\\\/#author\"},\"creator\":{\"@id\":\"https:\\\/\\\/www.eldigitaldeasturias.com\\\/noticias\\\/author\\\/admin\\\/#author\"},\"image\":{\"@type\":\"ImageObject\",\"url\":486698,\"@id\":\"https:\\\/\\\/www.eldigitaldeasturias.com\\\/noticias\\\/maneiro-de-upyd-dice-que-el-pp-ha-abandonado-a-las-victimas-de-eta-y-de-ahi-surge-vox\\\/#mainImage\"},\"primaryImageOfPage\":{\"@id\":\"https:\\\/\\\/www.eldigitaldeasturias.com\\\/noticias\\\/maneiro-de-upyd-dice-que-el-pp-ha-abandonado-a-las-victimas-de-eta-y-de-ahi-surge-vox\\\/#mainImage\"},\"datePublished\":\"2014-02-08T17:33:23+01:00\",\"dateModified\":\"2014-02-08T17:33:23+01:00\"},{\"@type\":\"WebSite\",\"@id\":\"https:\\\/\\\/www.eldigitaldeasturias.com\\\/noticias\\\/#website\",\"url\":\"https:\\\/\\\/www.eldigitaldeasturias.com\\\/noticias\\\/\",\"name\":\"El Digital de Asturias - Diario de actualidad y noticias\",\"alternateName\":\"El Digital de Asturias - Diario de actualidad y noticias\",\"description\":\"Hemeroteca\",\"inLanguage\":\"es-ES\",\"publisher\":{\"@id\":\"https:\\\/\\\/www.eldigitaldeasturias.com\\\/noticias\\\/#organization\"}}]}\n\t\t<\/script>\n\t\t<!-- All in One SEO Pro -->\r\n\t\t<title>Maneiro, de UPyD dice que el PP ha abandonado a las v\u00edctimas de ETA y \u00abde ah\u00ed surge Vox\u00bb - El Digital de Asturias<\/title>\n\n","aioseo_head_json":{"title":"Maneiro, de UPyD dice que el PP ha abandonado a las v\u00edctimas de ETA y \u00abde ah\u00ed surge Vox\u00bb - El Digital de Asturias","description":"Vitoria, 8 feb (EFE).- El parlamentario vasco de UPyD, Gorka Maneiro, considera que el PP \"ha abandonado a las v\u00edctimas del terrorismo\" y \"no ha hecho un discurso lo suficientemente contundente contra ETA\", lo que ha motivado el nacimiento de Vox, el partido liderado por Jos\u00e9 Antonio Ortega Lara. Maneiro ha analizado en una entrevista","canonical_url":"https:\/\/www.eldigitaldeasturias.com\/noticias\/maneiro-de-upyd-dice-que-el-pp-ha-abandonado-a-las-victimas-de-eta-y-de-ahi-surge-vox\/","robots":"max-image-preview:large","keywords":"actualidad","webmasterTools":{"google-site-verification":"UA-38556648-1","msvalidate.01":"7dfe9f3f1b24437ab69f4f2559babe99","miscellaneous":""},"schema":{"@context":"https:\/\/schema.org","@graph":[{"@type":"BlogPosting","@id":"https:\/\/www.eldigitaldeasturias.com\/noticias\/maneiro-de-upyd-dice-que-el-pp-ha-abandonado-a-las-victimas-de-eta-y-de-ahi-surge-vox\/#blogposting","name":"Maneiro, de UPyD dice que el PP ha abandonado a las v\u00edctimas de ETA y \u00abde ah\u00ed surge Vox\u00bb - El Digital de Asturias","headline":"Maneiro, de UPyD dice que el PP ha abandonado a las v\u00edctimas de ETA y \u00abde ah\u00ed surge Vox\u00bb","author":{"@id":"https:\/\/www.eldigitaldeasturias.com\/noticias\/author\/admin\/#author"},"publisher":{"@id":"https:\/\/www.eldigitaldeasturias.com\/noticias\/#organization"},"image":{"@type":"ImageObject","url":486698},"datePublished":"2014-02-08T17:33:23+01:00","dateModified":"2014-02-08T17:33:23+01:00","inLanguage":"es-ES","mainEntityOfPage":{"@id":"https:\/\/www.eldigitaldeasturias.com\/noticias\/maneiro-de-upyd-dice-que-el-pp-ha-abandonado-a-las-victimas-de-eta-y-de-ahi-surge-vox\/#webpage"},"isPartOf":{"@id":"https:\/\/www.eldigitaldeasturias.com\/noticias\/maneiro-de-upyd-dice-que-el-pp-ha-abandonado-a-las-victimas-de-eta-y-de-ahi-surge-vox\/#webpage"},"articleSection":"Actualidad"},{"@type":"BreadcrumbList","@id":"https:\/\/www.eldigitaldeasturias.com\/noticias\/maneiro-de-upyd-dice-que-el-pp-ha-abandonado-a-las-victimas-de-eta-y-de-ahi-surge-vox\/#breadcrumblist","itemListElement":[{"@type":"ListItem","@id":"https:\/\/www.eldigitaldeasturias.com\/noticias#listItem","position":1,"name":"Home","item":"https:\/\/www.eldigitaldeasturias.com\/noticias","nextItem":{"@type":"ListItem","@id":"https:\/\/www.eldigitaldeasturias.com\/noticias\/category\/actualidad\/#listItem","name":"Actualidad"}},{"@type":"ListItem","@id":"https:\/\/www.eldigitaldeasturias.com\/noticias\/category\/actualidad\/#listItem","position":2,"name":"Actualidad","item":"https:\/\/www.eldigitaldeasturias.com\/noticias\/category\/actualidad\/","nextItem":{"@type":"ListItem","@id":"https:\/\/www.eldigitaldeasturias.com\/noticias\/maneiro-de-upyd-dice-que-el-pp-ha-abandonado-a-las-victimas-de-eta-y-de-ahi-surge-vox\/#listItem","name":"Maneiro, de UPyD dice que el PP ha abandonado a las v\u00edctimas de ETA y \u00abde ah\u00ed surge Vox\u00bb"},"previousItem":{"@type":"ListItem","@id":"https:\/\/www.eldigitaldeasturias.com\/noticias#listItem","name":"Home"}},{"@type":"ListItem","@id":"https:\/\/www.eldigitaldeasturias.com\/noticias\/maneiro-de-upyd-dice-que-el-pp-ha-abandonado-a-las-victimas-de-eta-y-de-ahi-surge-vox\/#listItem","position":3,"name":"Maneiro, de UPyD dice que el PP ha abandonado a las v\u00edctimas de ETA y \u00abde ah\u00ed surge Vox\u00bb","previousItem":{"@type":"ListItem","@id":"https:\/\/www.eldigitaldeasturias.com\/noticias\/category\/actualidad\/#listItem","name":"Actualidad"}}]},{"@type":"Organization","@id":"https:\/\/www.eldigitaldeasturias.com\/noticias\/#organization","name":"El Digital de Asturias","description":"Hemeroteca","url":"https:\/\/www.eldigitaldeasturias.com\/noticias\/","email":"info@eldigitaldeasturias.com","telephone":"+34652131393","logo":{"@type":"ImageObject","url":"https:\/\/www.eldigitaldeasturias.com\/noticias\/wp-content\/uploads\/2020\/12\/EDA.jpg","@id":"https:\/\/www.eldigitaldeasturias.com\/noticias\/maneiro-de-upyd-dice-que-el-pp-ha-abandonado-a-las-victimas-de-eta-y-de-ahi-surge-vox\/#organizationLogo"},"image":{"@id":"https:\/\/www.eldigitaldeasturias.com\/noticias\/maneiro-de-upyd-dice-que-el-pp-ha-abandonado-a-las-victimas-de-eta-y-de-ahi-surge-vox\/#organizationLogo"},"sameAs":["https:\/\/facebook.com\/eldigitaldeasturias","https:\/\/www.youtube.com\/channel\/UCZP-2wLEB9Rv6erhFmqVnvg"],"address":{"@id":"https:\/\/www.eldigitaldeasturias.com\/noticias\/#postaladdress","@type":"PostalAddress","streetAddress":"san antonio 4","postalCode":"33430","addressLocality":"Cand\u00e1s","addressRegion":"Asturias","addressCountry":"ES"}},{"@type":"Person","@id":"https:\/\/www.eldigitaldeasturias.com\/noticias\/author\/admin\/#author","url":"https:\/\/www.eldigitaldeasturias.com\/noticias\/author\/admin\/","name":"El Digital de Asturias","image":{"@type":"ImageObject","@id":"https:\/\/www.eldigitaldeasturias.com\/noticias\/maneiro-de-upyd-dice-que-el-pp-ha-abandonado-a-las-victimas-de-eta-y-de-ahi-surge-vox\/#authorImage","url":"https:\/\/secure.gravatar.com\/avatar\/df2aeffc32bcd13f8d26072ef8a91b623d677766deac7f97ca815868cd41bf5e?s=96&d=mm&r=g","width":96,"height":96,"caption":"El Digital de Asturias"}},{"@type":"WebPage","@id":"https:\/\/www.eldigitaldeasturias.com\/noticias\/maneiro-de-upyd-dice-que-el-pp-ha-abandonado-a-las-victimas-de-eta-y-de-ahi-surge-vox\/#webpage","url":"https:\/\/www.eldigitaldeasturias.com\/noticias\/maneiro-de-upyd-dice-que-el-pp-ha-abandonado-a-las-victimas-de-eta-y-de-ahi-surge-vox\/","name":"Maneiro, de UPyD dice que el PP ha abandonado a las v\u00edctimas de ETA y \u00abde ah\u00ed surge Vox\u00bb - El Digital de Asturias","description":"Vitoria, 8 feb (EFE).- El parlamentario vasco de UPyD, Gorka Maneiro, considera que el PP \"ha abandonado a las v\u00edctimas del terrorismo\" y \"no ha hecho un discurso lo suficientemente contundente contra ETA\", lo que ha motivado el nacimiento de Vox, el partido liderado por Jos\u00e9 Antonio Ortega Lara. Maneiro ha analizado en una entrevista","inLanguage":"es-ES","isPartOf":{"@id":"https:\/\/www.eldigitaldeasturias.com\/noticias\/#website"},"breadcrumb":{"@id":"https:\/\/www.eldigitaldeasturias.com\/noticias\/maneiro-de-upyd-dice-que-el-pp-ha-abandonado-a-las-victimas-de-eta-y-de-ahi-surge-vox\/#breadcrumblist"},"author":{"@id":"https:\/\/www.eldigitaldeasturias.com\/noticias\/author\/admin\/#author"},"creator":{"@id":"https:\/\/www.eldigitaldeasturias.com\/noticias\/author\/admin\/#author"},"image":{"@type":"ImageObject","url":486698,"@id":"https:\/\/www.eldigitaldeasturias.com\/noticias\/maneiro-de-upyd-dice-que-el-pp-ha-abandonado-a-las-victimas-de-eta-y-de-ahi-surge-vox\/#mainImage"},"primaryImageOfPage":{"@id":"https:\/\/www.eldigitaldeasturias.com\/noticias\/maneiro-de-upyd-dice-que-el-pp-ha-abandonado-a-las-victimas-de-eta-y-de-ahi-surge-vox\/#mainImage"},"datePublished":"2014-02-08T17:33:23+01:00","dateModified":"2014-02-08T17:33:23+01:00"},{"@type":"WebSite","@id":"https:\/\/www.eldigitaldeasturias.com\/noticias\/#website","url":"https:\/\/www.eldigitaldeasturias.com\/noticias\/","name":"El Digital de Asturias - Diario de actualidad y noticias","alternateName":"El Digital de Asturias - Diario de actualidad y noticias","description":"Hemeroteca","inLanguage":"es-ES","publisher":{"@id":"https:\/\/www.eldigitaldeasturias.com\/noticias\/#organization"}}]},"og:locale":"es_ES","og:site_name":"El Digital de Asturias","og:type":"article","og:title":"Maneiro, de UPyD dice que el PP ha abandonado a las v\u00edctimas de ETA y \u00abde ah\u00ed surge Vox\u00bb - El Digital de Asturias","og:description":"Vitoria, 8 feb (EFE).- El parlamentario vasco de UPyD, Gorka Maneiro, considera que el PP &quot;ha abandonado a las v\u00edctimas del terrorismo&quot; y &quot;no ha hecho un discurso lo suficientemente contundente contra ETA&quot;, lo que ha motivado el nacimiento de Vox, el partido liderado por Jos\u00e9 Antonio Ortega Lara. Maneiro ha analizado en una entrevista","og:url":"https:\/\/www.eldigitaldeasturias.com\/noticias\/maneiro-de-upyd-dice-que-el-pp-ha-abandonado-a-las-victimas-de-eta-y-de-ahi-surge-vox\/","article:tag":["actualidad"],"article:published_time":"2014-02-08T18:33:23+00:00","article:modified_time":"2014-02-08T18:33:23+00:00","article:publisher":"https:\/\/facebook.com\/eldigitaldeasturias","twitter:card":"summary_large_image","twitter:title":"Maneiro, de UPyD dice que el PP ha abandonado a las v\u00edctimas de ETA y \u00abde ah\u00ed surge Vox\u00bb - El Digital de Asturias","twitter:description":"Vitoria, 8 feb (EFE).- El parlamentario vasco de UPyD, Gorka Maneiro, considera que el PP &quot;ha abandonado a las v\u00edctimas del terrorismo&quot; y &quot;no ha hecho un discurso lo suficientemente contundente contra ETA&quot;, lo que ha motivado el nacimiento de Vox, el partido liderado por Jos\u00e9 Antonio Ortega Lara. Maneiro ha analizado en una entrevista","twitter:label1":"Escrito por","twitter:data1":"El Digital de Asturias","twitter:label2":"Tiempo de lectura estimado","twitter:data2":"4 minutos"},"aioseo_meta_data":{"post_id":"486697","title":null,"description":null,"keywords":null,"keyphrases":null,"primary_term":null,"canonical_url":null,"og_title":null,"og_description":null,"og_object_type":"default","og_image_type":"default","og_image_url":null,"og_image_width":null,"og_image_height":null,"og_image_custom_url":null,"og_image_custom_fields":null,"og_video":null,"og_custom_url":null,"og_article_section":null,"og_article_tags":null,"twitter_use_og":true,"twitter_card":"default","twitter_image_type":"default","twitter_image_url":null,"twitter_image_custom_url":null,"twitter_image_custom_fields":null,"twitter_title":null,"twitter_description":null,"schema":{"blockGraphs":[],"customGraphs":[],"default":{"data":{"Article":[],"Course":[],"Dataset":[],"FAQPage":[],"Movie":[],"Person":[],"Product":[],"ProductReview":[],"Car":[],"Recipe":[],"Service":[],"SoftwareApplication":[],"WebPage":[]},"graphName":"","isEnabled":true},"graphs":[],"defaultGraph":"","defaultPostTypeGraph":""},"schema_type":null,"schema_type_options":null,"pillar_content":false,"robots_default":true,"robots_noindex":false,"robots_noarchive":false,"robots_nosnippet":false,"robots_nofollow":false,"robots_noimageindex":false,"robots_noodp":false,"robots_notranslate":false,"robots_max_snippet":null,"robots_max_videopreview":null,"robots_max_imagepreview":"none","priority":null,"frequency":null,"local_seo":null,"seo_analyzer_scan_date":"2026-06-03 02:20:57","breadcrumb_settings":null,"limit_modified_date":false,"open_ai":null,"ai":null,"created":"2020-11-14 22:56:13","updated":"2026-06-03 02:20:57","focus_keyword":null,"additional_keywords":null,"truseo_locale":null},"aioseo_breadcrumb":"<div class=\"aioseo-breadcrumbs\"><span class=\"aioseo-breadcrumb\">\n\t<a href=\"https:\/\/www.eldigitaldeasturias.com\/noticias\" title=\"Home\">Home<\/a>\n<\/span><span class=\"aioseo-breadcrumb-separator\">\u2013<\/span><span class=\"aioseo-breadcrumb\">\n\t<a href=\"https:\/\/www.eldigitaldeasturias.com\/noticias\/category\/actualidad\/\" title=\"Actualidad\">Actualidad<\/a>\n<\/span><span class=\"aioseo-breadcrumb-separator\">\u2013<\/span><span class=\"aioseo-breadcrumb\">\n\t<a href=\"https:\/\/www.eldigitaldeasturias.com\/noticias\/maneiro-de-upyd-dice-que-el-pp-ha-abandonado-a-las-victimas-de-eta-y-de-ahi-surge-vox\/\" title=\"Maneiro, de UPyD dice que el PP ha abandonado a las v\u00edctimas de ETA y \u00abde ah\u00ed surge Vox\u00bb\">Maneiro, de UPyD dice que el PP ha abandonado a las v\u00edctimas de ETA y \u00abde ah\u00ed surge Vox\u00bb<\/a>\n<\/span><\/div>","aioseo_breadcrumb_json":[{"label":"Home","link":"https:\/\/www.eldigitaldeasturias.com\/noticias"},{"label":"Actualidad","link":"https:\/\/www.eldigitaldeasturias.com\/noticias\/category\/actualidad\/"},{"label":"Maneiro, de UPyD dice que el PP ha abandonado a las v\u00edctimas de ETA y \u00abde ah\u00ed surge Vox\u00bb","link":"https:\/\/www.eldigitaldeasturias.com\/noticias\/maneiro-de-upyd-dice-que-el-pp-ha-abandonado-a-las-victimas-de-eta-y-de-ahi-surge-vox\/"}],"_links":{"self":[{"href":"https:\/\/www.eldigitaldeasturias.com\/noticias\/wp-json\/wp\/v2\/posts\/486697","targetHints":{"allow":["GET"]}}],"collection":[{"href":"https:\/\/www.eldigitaldeasturias.com\/noticias\/wp-json\/wp\/v2\/posts"}],"about":[{"href":"https:\/\/www.eldigitaldeasturias.com\/noticias\/wp-json\/wp\/v2\/types\/post"}],"author":[{"embeddable":true,"href":"https:\/\/www.eldigitaldeasturias.com\/noticias\/wp-json\/wp\/v2\/users\/1"}],"replies":[{"embeddable":true,"href":"https:\/\/www.eldigitaldeasturias.com\/noticias\/wp-json\/wp\/v2\/comments?post=486697"}],"version-history":[{"count":0,"href":"https:\/\/www.eldigitaldeasturias.com\/noticias\/wp-json\/wp\/v2\/posts\/486697\/revisions"}],"wp:attachment":[{"href":"https:\/\/www.eldigitaldeasturias.com\/noticias\/wp-json\/wp\/v2\/media?parent=486697"}],"wp:term":[{"taxonomy":"category","embeddable":true,"href":"https:\/\/www.eldigitaldeasturias.com\/noticias\/wp-json\/wp\/v2\/categories?post=486697"},{"taxonomy":"post_tag","embeddable":true,"href":"https:\/\/www.eldigitaldeasturias.com\/noticias\/wp-json\/wp\/v2\/tags?post=486697"}],"curies":[{"name":"wp","href":"https:\/\/api.w.org\/{rel}","templated":true}]}}