{"id":486679,"date":"2014-02-08T17:26:26","date_gmt":"2014-02-08T18:26:26","guid":{"rendered":"http:\/\/www.eldigitaldeasturias.com\/noticias\/?p=486679"},"modified":"2014-02-08T17:26:26","modified_gmt":"2014-02-08T18:26:26","slug":"la-reforma-laboral-mas-parados-y-menos-ocupados","status":"publish","type":"post","link":"https:\/\/www.eldigitaldeasturias.com\/noticias\/la-reforma-laboral-mas-parados-y-menos-ocupados\/","title":{"rendered":"La reforma laboral : M\u00e1s parados y menos ocupados"},"content":{"rendered":"<p><img loading=\"lazy\" decoding=\"async\" class=\"alignleft size-medium wp-image-486680\" alt=\"5923502w\" src=\"https:\/\/www.eldigitaldeasturias.com\/noticias\/wp-content\/uploads\/2014\/02\/5923502w-360x243.jpg\" width=\"360\" height=\"243\" \/>Madrid, 8 feb (EFE).- A punto de cumplirse dos a\u00f1os de la aprobaci\u00f3n de la reforma laboral, Gobierno, empresarios y sindicatos discrepan de los beneficios de una legislaci\u00f3n que ten\u00eda como objetivo frenar la destrucci\u00f3n de empleo y de momento deja un balance estad\u00edstico de 675.000 ocupados menos y 256.800 parados m\u00e1s.<\/p>\n<p>Seg\u00fan datos de la Encuesta de Poblaci\u00f3n Activa (EPA), el n\u00famero de ocupados en el primer trimestre de 2012, momento en que la reforma comenz\u00f3 su andadura, era de 17.433.200. En el \u00faltimo trimestre de 2013, los ocupados hab\u00edan bajado a 16.758.200.<\/p>\n<p>Mientras, los desempleados pasaron de 5.639.500 en el inicio de 2012 a 5.896.300 al cierre de 2013, lo que se tradujo en un punto y medio m\u00e1s en la tasa de paro, del 24,44 al 26,03 actual.<\/p>\n<p>La reforma laboral se aprob\u00f3 el 10 de febrero de 2012 en Consejo de Ministros en los primeros 50 d\u00edas del Gobierno de Mariano Rajoy, con la pretensi\u00f3n de \u00abmarcar un antes y un despu\u00e9s en la legislaci\u00f3n laboral de Espa\u00f1a\u00bb y sentar las bases para crecer y crear empleo.<\/p>\n<p>Desde que se puso en marcha, la ministra de Empleo, F\u00e1tima B\u00e1\u00f1ez, ha hecho hincapi\u00e9 en que la reforma buscaba \u00abromper con la rigidez del mercado de trabajo\u00bb.<\/p>\n<p>El pasado agosto, cuando la reforma llevaba a\u00f1o y medio de recorrido, B\u00e1\u00f1ez hac\u00eda una lectura positiva y subrayaba que estas medidas hab\u00edan contribuido a evitar la destrucci\u00f3n de m\u00e1s de 225.000 empleos.<\/p>\n<p>Entre otras cosas, la reforma laboral ha dotado de mayor flexibilidad interna a las empresas con dificultades econ\u00f3micas para que recurrir a medidas alternativas al despido, como los descuelgues o inaplicaciones del convenio colectivo en lo que respecta a salarios, jornada, horario, movilidad o funciones.<\/p>\n<p>Tambi\u00e9n ha abaratado la indemnizaci\u00f3n por despido improcedente para los contratos indefinidos de 45 a 33 d\u00edas por a\u00f1o trabajado, ha facilitado el despido objetivo con 20 d\u00edas de indemnizaci\u00f3n por causas econ\u00f3micas y ha eliminado la autorizaci\u00f3n administrativa previa para los ERE.<\/p>\n<p>Adem\u00e1s, ha introducido un nuevo tipo de contrato para emprendedores, dirigido a aut\u00f3nomos y pymes de menos de 50 trabajadores, bonificado fiscalmente y con un periodo de prueba de un a\u00f1o sin indemnizaci\u00f3n por despido.<\/p>\n<p>Con motivo de los dos a\u00f1os de vigencia, el presidente de la CEOE, Juan Rosell, ha recordado que es la reforma n\u00famero 36 desde que se instaur\u00f3 el Estatuto de los Trabajadores y ha advertido de que se van a tener que hacer \u00abmuchas m\u00e1s\u00bb para ir adaptando \u00abla realidad econ\u00f3mica a la legalidad econ\u00f3mica\u00bb.<\/p>\n<p>Rosell ha defendido que ninguna reforma laboral es capaz de crear puestos de trabajo al d\u00eda siguiente y ha precisado que si en los a\u00f1os \u00abm\u00e1s cruentos de la crisis, 2008 y 2009\u00bb hubiera habido medidas como \u00e9sta, las empresas no se habr\u00edan visto obligadas a cerrar o despedir.<\/p>\n<p>Sin embargo, para CCOO y UGT la realidad es distinta y ambos coinciden en que la reforma no ha creado empleo ni ha frenado su destrucci\u00f3n.<\/p>\n<p>\u00abTenemos un pa\u00eds que encoge\u00bb ha dicho la secretaria confederal de Empleo de CCOO, Paloma L\u00f3pez, que basa estas palabras en \u00abla reducci\u00f3n dr\u00e1stica de la poblaci\u00f3n activa en Espa\u00f1a\u00bb.<\/p>\n<p>L\u00f3pez no encuentra ninguna mejora en la reforma y ha recalcado que s\u00f3lo genera empleo precario mientras que destruye el empleo \u00abestable, asalariado y de calidad\u00bb.<\/p>\n<p>El secretario de Acci\u00f3n Sindical de UGT, Toni Ferrer, ha resaltado que tras dos a\u00f1os de reforma hay 1.049.300 ocupados menos si se toman los datos de la EPA de cierre de 2011, un mes y medio antes de su entrada en vigor.<\/p>\n<p>Seg\u00fan Ferrer, la \u00fanica finalidad de la reforma ha sido la devaluaci\u00f3n salarial y la p\u00e9rdida del poder adquisitivo.<\/p>\n<p>El tercer Observatorio de Seguimiento de la Reforma Laboral de la Fundaci\u00f3n Sagardoy, el Club de Excelencia en Sostenibilidad y Adecco ha calculado que los salarios han bajado de media un 10 %.<\/p>\n<p>Seg\u00fan el Observatorio, la media de las indemnizaciones est\u00e1 en 26 d\u00edas en caso de despido colectivo por causas objetivas, seis d\u00edas m\u00e1s de los previstos por ley.<\/p>\n<p>En su informe de evaluaci\u00f3n, la Organizaci\u00f3n para la Cooperaci\u00f3n y el Desarrollo Econ\u00f3mico (OCDE) ha considerado que la reforma ha contribuido a aumentar la contrataci\u00f3n indefinida y la flexibilidad interna, a reducir los despidos colectivos y a moderar los salarios.<\/p>\n<p>No obstante, ha recomendado nuevos ajustes para abaratar el despido, ampliar los periodos de prueba y disminuir la discrecionalidad de los tribunales para invalidar despidos colectivos.<\/p>\n","protected":false},"excerpt":{"rendered":"<p>Madrid, 8 feb (EFE).- A punto de cumplirse dos a\u00f1os de la aprobaci\u00f3n de la reforma laboral, Gobierno, empresarios y sindicatos discrepan de los beneficios de una legislaci\u00f3n que ten\u00eda como objetivo frenar la destrucci\u00f3n de empleo y de momento deja un balance estad\u00edstico de 675.000 ocupados menos y 256.800 parados m\u00e1s. Seg\u00fan datos de [&hellip;]<\/p>\n","protected":false},"author":1,"featured_media":486680,"comment_status":"open","ping_status":"open","sticky":false,"template":"","format":"standard","meta":{"footnotes":""},"categories":[1],"tags":[],"class_list":["post-486679","post","type-post","status-publish","format-standard","has-post-thumbnail","hentry","category-actualidad"],"aioseo_notices":[],"aioseo_head":"\n\t\t<!-- All in One SEO Pro 5.0.1 - aioseo.com -->\n\t<meta name=\"description\" content=\"Madrid, 8 feb (EFE).- A punto de cumplirse dos a\u00f1os de la aprobaci\u00f3n de la reforma laboral, Gobierno, empresarios y sindicatos discrepan de los beneficios de una legislaci\u00f3n que ten\u00eda como objetivo frenar la destrucci\u00f3n de empleo y de momento deja un balance estad\u00edstico de 675.000 ocupados menos y 256.800 parados m\u00e1s. Seg\u00fan datos de\" \/>\n\t<meta name=\"robots\" content=\"max-image-preview:large\" \/>\n\t<meta name=\"author\" content=\"El Digital de Asturias\"\/>\n\t<meta name=\"google-site-verification\" content=\"UA-38556648-1\" \/>\n\t<meta name=\"msvalidate.01\" content=\"7dfe9f3f1b24437ab69f4f2559babe99\" \/>\n\t<meta name=\"keywords\" content=\"actualidad\" \/>\n\t<link rel=\"canonical\" href=\"https:\/\/www.eldigitaldeasturias.com\/noticias\/la-reforma-laboral-mas-parados-y-menos-ocupados\/\" \/>\n\t<meta name=\"generator\" content=\"All in One SEO Pro (AIOSEO) 5.0.1\" \/>\n\t\t<meta property=\"og:locale\" content=\"es_ES\" \/>\n\t\t<meta property=\"og:site_name\" content=\"El Digital de Asturias\" \/>\n\t\t<meta property=\"og:type\" content=\"article\" \/>\n\t\t<meta property=\"og:title\" content=\"La reforma laboral : M\u00e1s parados y menos ocupados - El Digital de Asturias\" \/>\n\t\t<meta property=\"og:description\" content=\"Madrid, 8 feb (EFE).- A punto de cumplirse dos a\u00f1os de la aprobaci\u00f3n de la reforma laboral, Gobierno, empresarios y sindicatos discrepan de los beneficios de una legislaci\u00f3n que ten\u00eda como objetivo frenar la destrucci\u00f3n de empleo y de momento deja un balance estad\u00edstico de 675.000 ocupados menos y 256.800 parados m\u00e1s. Seg\u00fan datos de\" \/>\n\t\t<meta property=\"og:url\" content=\"https:\/\/www.eldigitaldeasturias.com\/noticias\/la-reforma-laboral-mas-parados-y-menos-ocupados\/\" \/>\n\t\t<meta property=\"article:tag\" content=\"actualidad\" \/>\n\t\t<meta property=\"article:published_time\" content=\"2014-02-08T18:26:26+00:00\" \/>\n\t\t<meta property=\"article:modified_time\" content=\"2014-02-08T18:26:26+00:00\" \/>\n\t\t<meta property=\"article:publisher\" content=\"https:\/\/facebook.com\/eldigitaldeasturias\" \/>\n\t\t<meta name=\"twitter:card\" content=\"summary_large_image\" \/>\n\t\t<meta name=\"twitter:title\" content=\"La reforma laboral : M\u00e1s parados y menos ocupados - El Digital de Asturias\" \/>\n\t\t<meta name=\"twitter:description\" content=\"Madrid, 8 feb (EFE).- A punto de cumplirse dos a\u00f1os de la aprobaci\u00f3n de la reforma laboral, Gobierno, empresarios y sindicatos discrepan de los beneficios de una legislaci\u00f3n que ten\u00eda como objetivo frenar la destrucci\u00f3n de empleo y de momento deja un balance estad\u00edstico de 675.000 ocupados menos y 256.800 parados m\u00e1s. Seg\u00fan datos de\" \/>\n\t\t<meta name=\"twitter:label1\" content=\"Escrito por\" \/>\n\t\t<meta name=\"twitter:data1\" content=\"El Digital de Asturias\" \/>\n\t\t<meta name=\"twitter:label2\" content=\"Tiempo de lectura estimado\" \/>\n\t\t<meta name=\"twitter:data2\" content=\"4 minutos\" \/>\n\t\t<script type=\"application\/ld+json\" class=\"aioseo-schema\">\n\t\t\t{\"@context\":\"https:\\\/\\\/schema.org\",\"@graph\":[{\"@type\":\"BlogPosting\",\"@id\":\"https:\\\/\\\/www.eldigitaldeasturias.com\\\/noticias\\\/la-reforma-laboral-mas-parados-y-menos-ocupados\\\/#blogposting\",\"name\":\"La reforma laboral : M\\u00e1s parados y menos ocupados - El Digital de Asturias\",\"headline\":\"La reforma laboral : M\\u00e1s parados y menos ocupados\",\"author\":{\"@id\":\"https:\\\/\\\/www.eldigitaldeasturias.com\\\/noticias\\\/author\\\/admin\\\/#author\"},\"publisher\":{\"@id\":\"https:\\\/\\\/www.eldigitaldeasturias.com\\\/noticias\\\/#organization\"},\"image\":{\"@type\":\"ImageObject\",\"url\":486680},\"datePublished\":\"2014-02-08T17:26:26+01:00\",\"dateModified\":\"2014-02-08T17:26:26+01:00\",\"inLanguage\":\"es-ES\",\"mainEntityOfPage\":{\"@id\":\"https:\\\/\\\/www.eldigitaldeasturias.com\\\/noticias\\\/la-reforma-laboral-mas-parados-y-menos-ocupados\\\/#webpage\"},\"isPartOf\":{\"@id\":\"https:\\\/\\\/www.eldigitaldeasturias.com\\\/noticias\\\/la-reforma-laboral-mas-parados-y-menos-ocupados\\\/#webpage\"},\"articleSection\":\"Actualidad\"},{\"@type\":\"BreadcrumbList\",\"@id\":\"https:\\\/\\\/www.eldigitaldeasturias.com\\\/noticias\\\/la-reforma-laboral-mas-parados-y-menos-ocupados\\\/#breadcrumblist\",\"itemListElement\":[{\"@type\":\"ListItem\",\"@id\":\"https:\\\/\\\/www.eldigitaldeasturias.com\\\/noticias#listItem\",\"position\":1,\"name\":\"Home\",\"item\":\"https:\\\/\\\/www.eldigitaldeasturias.com\\\/noticias\",\"nextItem\":{\"@type\":\"ListItem\",\"@id\":\"https:\\\/\\\/www.eldigitaldeasturias.com\\\/noticias\\\/category\\\/actualidad\\\/#listItem\",\"name\":\"Actualidad\"}},{\"@type\":\"ListItem\",\"@id\":\"https:\\\/\\\/www.eldigitaldeasturias.com\\\/noticias\\\/category\\\/actualidad\\\/#listItem\",\"position\":2,\"name\":\"Actualidad\",\"item\":\"https:\\\/\\\/www.eldigitaldeasturias.com\\\/noticias\\\/category\\\/actualidad\\\/\",\"nextItem\":{\"@type\":\"ListItem\",\"@id\":\"https:\\\/\\\/www.eldigitaldeasturias.com\\\/noticias\\\/la-reforma-laboral-mas-parados-y-menos-ocupados\\\/#listItem\",\"name\":\"La reforma laboral : M\\u00e1s parados y menos ocupados\"},\"previousItem\":{\"@type\":\"ListItem\",\"@id\":\"https:\\\/\\\/www.eldigitaldeasturias.com\\\/noticias#listItem\",\"name\":\"Home\"}},{\"@type\":\"ListItem\",\"@id\":\"https:\\\/\\\/www.eldigitaldeasturias.com\\\/noticias\\\/la-reforma-laboral-mas-parados-y-menos-ocupados\\\/#listItem\",\"position\":3,\"name\":\"La reforma laboral : M\\u00e1s parados y menos ocupados\",\"previousItem\":{\"@type\":\"ListItem\",\"@id\":\"https:\\\/\\\/www.eldigitaldeasturias.com\\\/noticias\\\/category\\\/actualidad\\\/#listItem\",\"name\":\"Actualidad\"}}]},{\"@type\":\"Organization\",\"@id\":\"https:\\\/\\\/www.eldigitaldeasturias.com\\\/noticias\\\/#organization\",\"name\":\"El Digital de Asturias\",\"description\":\"Hemeroteca\",\"url\":\"https:\\\/\\\/www.eldigitaldeasturias.com\\\/noticias\\\/\",\"email\":\"info@eldigitaldeasturias.com\",\"telephone\":\"+34652131393\",\"logo\":{\"@type\":\"ImageObject\",\"url\":\"https:\\\/\\\/www.eldigitaldeasturias.com\\\/noticias\\\/wp-content\\\/uploads\\\/2020\\\/12\\\/EDA.jpg\",\"@id\":\"https:\\\/\\\/www.eldigitaldeasturias.com\\\/noticias\\\/la-reforma-laboral-mas-parados-y-menos-ocupados\\\/#organizationLogo\"},\"image\":{\"@id\":\"https:\\\/\\\/www.eldigitaldeasturias.com\\\/noticias\\\/la-reforma-laboral-mas-parados-y-menos-ocupados\\\/#organizationLogo\"},\"sameAs\":[\"https:\\\/\\\/facebook.com\\\/eldigitaldeasturias\",\"https:\\\/\\\/www.youtube.com\\\/channel\\\/UCZP-2wLEB9Rv6erhFmqVnvg\"],\"address\":{\"@id\":\"https:\\\/\\\/www.eldigitaldeasturias.com\\\/noticias\\\/#postaladdress\",\"@type\":\"PostalAddress\",\"streetAddress\":\"san antonio 4\",\"postalCode\":\"33430\",\"addressLocality\":\"Cand\\u00e1s\",\"addressRegion\":\"Asturias\",\"addressCountry\":\"ES\"}},{\"@type\":\"Person\",\"@id\":\"https:\\\/\\\/www.eldigitaldeasturias.com\\\/noticias\\\/author\\\/admin\\\/#author\",\"url\":\"https:\\\/\\\/www.eldigitaldeasturias.com\\\/noticias\\\/author\\\/admin\\\/\",\"name\":\"El Digital de Asturias\",\"image\":{\"@type\":\"ImageObject\",\"@id\":\"https:\\\/\\\/www.eldigitaldeasturias.com\\\/noticias\\\/la-reforma-laboral-mas-parados-y-menos-ocupados\\\/#authorImage\",\"url\":\"https:\\\/\\\/secure.gravatar.com\\\/avatar\\\/df2aeffc32bcd13f8d26072ef8a91b623d677766deac7f97ca815868cd41bf5e?s=96&d=mm&r=g\",\"width\":96,\"height\":96,\"caption\":\"El Digital de Asturias\"}},{\"@type\":\"WebPage\",\"@id\":\"https:\\\/\\\/www.eldigitaldeasturias.com\\\/noticias\\\/la-reforma-laboral-mas-parados-y-menos-ocupados\\\/#webpage\",\"url\":\"https:\\\/\\\/www.eldigitaldeasturias.com\\\/noticias\\\/la-reforma-laboral-mas-parados-y-menos-ocupados\\\/\",\"name\":\"La reforma laboral : M\\u00e1s parados y menos ocupados - El Digital de Asturias\",\"description\":\"Madrid, 8 feb (EFE).- A punto de cumplirse dos a\\u00f1os de la aprobaci\\u00f3n de la reforma laboral, Gobierno, empresarios y sindicatos discrepan de los beneficios de una legislaci\\u00f3n que ten\\u00eda como objetivo frenar la destrucci\\u00f3n de empleo y de momento deja un balance estad\\u00edstico de 675.000 ocupados menos y 256.800 parados m\\u00e1s. Seg\\u00fan datos de\",\"inLanguage\":\"es-ES\",\"isPartOf\":{\"@id\":\"https:\\\/\\\/www.eldigitaldeasturias.com\\\/noticias\\\/#website\"},\"breadcrumb\":{\"@id\":\"https:\\\/\\\/www.eldigitaldeasturias.com\\\/noticias\\\/la-reforma-laboral-mas-parados-y-menos-ocupados\\\/#breadcrumblist\"},\"author\":{\"@id\":\"https:\\\/\\\/www.eldigitaldeasturias.com\\\/noticias\\\/author\\\/admin\\\/#author\"},\"creator\":{\"@id\":\"https:\\\/\\\/www.eldigitaldeasturias.com\\\/noticias\\\/author\\\/admin\\\/#author\"},\"image\":{\"@type\":\"ImageObject\",\"url\":486680,\"@id\":\"https:\\\/\\\/www.eldigitaldeasturias.com\\\/noticias\\\/la-reforma-laboral-mas-parados-y-menos-ocupados\\\/#mainImage\"},\"primaryImageOfPage\":{\"@id\":\"https:\\\/\\\/www.eldigitaldeasturias.com\\\/noticias\\\/la-reforma-laboral-mas-parados-y-menos-ocupados\\\/#mainImage\"},\"datePublished\":\"2014-02-08T17:26:26+01:00\",\"dateModified\":\"2014-02-08T17:26:26+01:00\"},{\"@type\":\"WebSite\",\"@id\":\"https:\\\/\\\/www.eldigitaldeasturias.com\\\/noticias\\\/#website\",\"url\":\"https:\\\/\\\/www.eldigitaldeasturias.com\\\/noticias\\\/\",\"name\":\"El Digital de Asturias - Diario de actualidad y noticias\",\"alternateName\":\"El Digital de Asturias - Diario de actualidad y noticias\",\"description\":\"Hemeroteca\",\"inLanguage\":\"es-ES\",\"publisher\":{\"@id\":\"https:\\\/\\\/www.eldigitaldeasturias.com\\\/noticias\\\/#organization\"}}]}\n\t\t<\/script>\n\t\t<!-- All in One SEO Pro -->\r\n\t\t<title>La reforma laboral : M\u00e1s parados y menos ocupados - El Digital de Asturias<\/title>\n\n","aioseo_head_json":{"title":"La reforma laboral : M\u00e1s parados y menos ocupados - El Digital de Asturias","description":"Madrid, 8 feb (EFE).- A punto de cumplirse dos a\u00f1os de la aprobaci\u00f3n de la reforma laboral, Gobierno, empresarios y sindicatos discrepan de los beneficios de una legislaci\u00f3n que ten\u00eda como objetivo frenar la destrucci\u00f3n de empleo y de momento deja un balance estad\u00edstico de 675.000 ocupados menos y 256.800 parados m\u00e1s. Seg\u00fan datos de","canonical_url":"https:\/\/www.eldigitaldeasturias.com\/noticias\/la-reforma-laboral-mas-parados-y-menos-ocupados\/","robots":"max-image-preview:large","keywords":"actualidad","webmasterTools":{"google-site-verification":"UA-38556648-1","msvalidate.01":"7dfe9f3f1b24437ab69f4f2559babe99","miscellaneous":""},"schema":{"@context":"https:\/\/schema.org","@graph":[{"@type":"BlogPosting","@id":"https:\/\/www.eldigitaldeasturias.com\/noticias\/la-reforma-laboral-mas-parados-y-menos-ocupados\/#blogposting","name":"La reforma laboral : M\u00e1s parados y menos ocupados - El Digital de Asturias","headline":"La reforma laboral : M\u00e1s parados y menos ocupados","author":{"@id":"https:\/\/www.eldigitaldeasturias.com\/noticias\/author\/admin\/#author"},"publisher":{"@id":"https:\/\/www.eldigitaldeasturias.com\/noticias\/#organization"},"image":{"@type":"ImageObject","url":486680},"datePublished":"2014-02-08T17:26:26+01:00","dateModified":"2014-02-08T17:26:26+01:00","inLanguage":"es-ES","mainEntityOfPage":{"@id":"https:\/\/www.eldigitaldeasturias.com\/noticias\/la-reforma-laboral-mas-parados-y-menos-ocupados\/#webpage"},"isPartOf":{"@id":"https:\/\/www.eldigitaldeasturias.com\/noticias\/la-reforma-laboral-mas-parados-y-menos-ocupados\/#webpage"},"articleSection":"Actualidad"},{"@type":"BreadcrumbList","@id":"https:\/\/www.eldigitaldeasturias.com\/noticias\/la-reforma-laboral-mas-parados-y-menos-ocupados\/#breadcrumblist","itemListElement":[{"@type":"ListItem","@id":"https:\/\/www.eldigitaldeasturias.com\/noticias#listItem","position":1,"name":"Home","item":"https:\/\/www.eldigitaldeasturias.com\/noticias","nextItem":{"@type":"ListItem","@id":"https:\/\/www.eldigitaldeasturias.com\/noticias\/category\/actualidad\/#listItem","name":"Actualidad"}},{"@type":"ListItem","@id":"https:\/\/www.eldigitaldeasturias.com\/noticias\/category\/actualidad\/#listItem","position":2,"name":"Actualidad","item":"https:\/\/www.eldigitaldeasturias.com\/noticias\/category\/actualidad\/","nextItem":{"@type":"ListItem","@id":"https:\/\/www.eldigitaldeasturias.com\/noticias\/la-reforma-laboral-mas-parados-y-menos-ocupados\/#listItem","name":"La reforma laboral : M\u00e1s parados y menos ocupados"},"previousItem":{"@type":"ListItem","@id":"https:\/\/www.eldigitaldeasturias.com\/noticias#listItem","name":"Home"}},{"@type":"ListItem","@id":"https:\/\/www.eldigitaldeasturias.com\/noticias\/la-reforma-laboral-mas-parados-y-menos-ocupados\/#listItem","position":3,"name":"La reforma laboral : M\u00e1s parados y menos ocupados","previousItem":{"@type":"ListItem","@id":"https:\/\/www.eldigitaldeasturias.com\/noticias\/category\/actualidad\/#listItem","name":"Actualidad"}}]},{"@type":"Organization","@id":"https:\/\/www.eldigitaldeasturias.com\/noticias\/#organization","name":"El Digital de Asturias","description":"Hemeroteca","url":"https:\/\/www.eldigitaldeasturias.com\/noticias\/","email":"info@eldigitaldeasturias.com","telephone":"+34652131393","logo":{"@type":"ImageObject","url":"https:\/\/www.eldigitaldeasturias.com\/noticias\/wp-content\/uploads\/2020\/12\/EDA.jpg","@id":"https:\/\/www.eldigitaldeasturias.com\/noticias\/la-reforma-laboral-mas-parados-y-menos-ocupados\/#organizationLogo"},"image":{"@id":"https:\/\/www.eldigitaldeasturias.com\/noticias\/la-reforma-laboral-mas-parados-y-menos-ocupados\/#organizationLogo"},"sameAs":["https:\/\/facebook.com\/eldigitaldeasturias","https:\/\/www.youtube.com\/channel\/UCZP-2wLEB9Rv6erhFmqVnvg"],"address":{"@id":"https:\/\/www.eldigitaldeasturias.com\/noticias\/#postaladdress","@type":"PostalAddress","streetAddress":"san antonio 4","postalCode":"33430","addressLocality":"Cand\u00e1s","addressRegion":"Asturias","addressCountry":"ES"}},{"@type":"Person","@id":"https:\/\/www.eldigitaldeasturias.com\/noticias\/author\/admin\/#author","url":"https:\/\/www.eldigitaldeasturias.com\/noticias\/author\/admin\/","name":"El Digital de Asturias","image":{"@type":"ImageObject","@id":"https:\/\/www.eldigitaldeasturias.com\/noticias\/la-reforma-laboral-mas-parados-y-menos-ocupados\/#authorImage","url":"https:\/\/secure.gravatar.com\/avatar\/df2aeffc32bcd13f8d26072ef8a91b623d677766deac7f97ca815868cd41bf5e?s=96&d=mm&r=g","width":96,"height":96,"caption":"El Digital de Asturias"}},{"@type":"WebPage","@id":"https:\/\/www.eldigitaldeasturias.com\/noticias\/la-reforma-laboral-mas-parados-y-menos-ocupados\/#webpage","url":"https:\/\/www.eldigitaldeasturias.com\/noticias\/la-reforma-laboral-mas-parados-y-menos-ocupados\/","name":"La reforma laboral : M\u00e1s parados y menos ocupados - El Digital de Asturias","description":"Madrid, 8 feb (EFE).- A punto de cumplirse dos a\u00f1os de la aprobaci\u00f3n de la reforma laboral, Gobierno, empresarios y sindicatos discrepan de los beneficios de una legislaci\u00f3n que ten\u00eda como objetivo frenar la destrucci\u00f3n de empleo y de momento deja un balance estad\u00edstico de 675.000 ocupados menos y 256.800 parados m\u00e1s. Seg\u00fan datos de","inLanguage":"es-ES","isPartOf":{"@id":"https:\/\/www.eldigitaldeasturias.com\/noticias\/#website"},"breadcrumb":{"@id":"https:\/\/www.eldigitaldeasturias.com\/noticias\/la-reforma-laboral-mas-parados-y-menos-ocupados\/#breadcrumblist"},"author":{"@id":"https:\/\/www.eldigitaldeasturias.com\/noticias\/author\/admin\/#author"},"creator":{"@id":"https:\/\/www.eldigitaldeasturias.com\/noticias\/author\/admin\/#author"},"image":{"@type":"ImageObject","url":486680,"@id":"https:\/\/www.eldigitaldeasturias.com\/noticias\/la-reforma-laboral-mas-parados-y-menos-ocupados\/#mainImage"},"primaryImageOfPage":{"@id":"https:\/\/www.eldigitaldeasturias.com\/noticias\/la-reforma-laboral-mas-parados-y-menos-ocupados\/#mainImage"},"datePublished":"2014-02-08T17:26:26+01:00","dateModified":"2014-02-08T17:26:26+01:00"},{"@type":"WebSite","@id":"https:\/\/www.eldigitaldeasturias.com\/noticias\/#website","url":"https:\/\/www.eldigitaldeasturias.com\/noticias\/","name":"El Digital de Asturias - Diario de actualidad y noticias","alternateName":"El Digital de Asturias - Diario de actualidad y noticias","description":"Hemeroteca","inLanguage":"es-ES","publisher":{"@id":"https:\/\/www.eldigitaldeasturias.com\/noticias\/#organization"}}]},"og:locale":"es_ES","og:site_name":"El Digital de Asturias","og:type":"article","og:title":"La reforma laboral : M\u00e1s parados y menos ocupados - El Digital de Asturias","og:description":"Madrid, 8 feb (EFE).- A punto de cumplirse dos a\u00f1os de la aprobaci\u00f3n de la reforma laboral, Gobierno, empresarios y sindicatos discrepan de los beneficios de una legislaci\u00f3n que ten\u00eda como objetivo frenar la destrucci\u00f3n de empleo y de momento deja un balance estad\u00edstico de 675.000 ocupados menos y 256.800 parados m\u00e1s. Seg\u00fan datos de","og:url":"https:\/\/www.eldigitaldeasturias.com\/noticias\/la-reforma-laboral-mas-parados-y-menos-ocupados\/","article:tag":["actualidad"],"article:published_time":"2014-02-08T18:26:26+00:00","article:modified_time":"2014-02-08T18:26:26+00:00","article:publisher":"https:\/\/facebook.com\/eldigitaldeasturias","twitter:card":"summary_large_image","twitter:title":"La reforma laboral : M\u00e1s parados y menos ocupados - El Digital de Asturias","twitter:description":"Madrid, 8 feb (EFE).- A punto de cumplirse dos a\u00f1os de la aprobaci\u00f3n de la reforma laboral, Gobierno, empresarios y sindicatos discrepan de los beneficios de una legislaci\u00f3n que ten\u00eda como objetivo frenar la destrucci\u00f3n de empleo y de momento deja un balance estad\u00edstico de 675.000 ocupados menos y 256.800 parados m\u00e1s. Seg\u00fan datos de","twitter:label1":"Escrito por","twitter:data1":"El Digital de Asturias","twitter:label2":"Tiempo de lectura estimado","twitter:data2":"4 minutos"},"aioseo_meta_data":{"post_id":"486679","title":null,"description":null,"keywords":null,"keyphrases":null,"primary_term":null,"canonical_url":null,"og_title":null,"og_description":null,"og_object_type":"default","og_image_type":"default","og_image_url":null,"og_image_width":null,"og_image_height":null,"og_image_custom_url":null,"og_image_custom_fields":null,"og_video":null,"og_custom_url":null,"og_article_section":null,"og_article_tags":null,"twitter_use_og":true,"twitter_card":"default","twitter_image_type":"default","twitter_image_url":null,"twitter_image_custom_url":null,"twitter_image_custom_fields":null,"twitter_title":null,"twitter_description":null,"schema":{"blockGraphs":[],"customGraphs":[],"default":{"data":{"Article":[],"Course":[],"Dataset":[],"FAQPage":[],"Movie":[],"Person":[],"Product":[],"ProductReview":[],"Car":[],"Recipe":[],"Service":[],"SoftwareApplication":[],"WebPage":[]},"graphName":"","isEnabled":true},"graphs":[],"defaultGraph":"","defaultPostTypeGraph":""},"schema_type":null,"schema_type_options":null,"pillar_content":false,"robots_default":true,"robots_noindex":false,"robots_noarchive":false,"robots_nosnippet":false,"robots_nofollow":false,"robots_noimageindex":false,"robots_noodp":false,"robots_notranslate":false,"robots_max_snippet":null,"robots_max_videopreview":null,"robots_max_imagepreview":"none","priority":null,"frequency":null,"local_seo":null,"seo_analyzer_scan_date":"2026-06-03 02:17:55","breadcrumb_settings":null,"limit_modified_date":false,"open_ai":null,"ai":null,"created":"2020-11-14 22:56:12","updated":"2026-06-03 02:17:55","focus_keyword":null,"additional_keywords":null,"truseo_locale":null},"aioseo_breadcrumb":"<div class=\"aioseo-breadcrumbs\"><span class=\"aioseo-breadcrumb\">\n\t<a href=\"https:\/\/www.eldigitaldeasturias.com\/noticias\" title=\"Home\">Home<\/a>\n<\/span><span class=\"aioseo-breadcrumb-separator\">\u2013<\/span><span class=\"aioseo-breadcrumb\">\n\t<a href=\"https:\/\/www.eldigitaldeasturias.com\/noticias\/category\/actualidad\/\" title=\"Actualidad\">Actualidad<\/a>\n<\/span><span class=\"aioseo-breadcrumb-separator\">\u2013<\/span><span class=\"aioseo-breadcrumb\">\n\t<a href=\"https:\/\/www.eldigitaldeasturias.com\/noticias\/la-reforma-laboral-mas-parados-y-menos-ocupados\/\" title=\"La reforma laboral : M\u00e1s parados y menos ocupados\">La reforma laboral : M\u00e1s parados y menos ocupados<\/a>\n<\/span><\/div>","aioseo_breadcrumb_json":[{"label":"Home","link":"https:\/\/www.eldigitaldeasturias.com\/noticias"},{"label":"Actualidad","link":"https:\/\/www.eldigitaldeasturias.com\/noticias\/category\/actualidad\/"},{"label":"La reforma laboral : M\u00e1s parados y menos ocupados","link":"https:\/\/www.eldigitaldeasturias.com\/noticias\/la-reforma-laboral-mas-parados-y-menos-ocupados\/"}],"_links":{"self":[{"href":"https:\/\/www.eldigitaldeasturias.com\/noticias\/wp-json\/wp\/v2\/posts\/486679","targetHints":{"allow":["GET"]}}],"collection":[{"href":"https:\/\/www.eldigitaldeasturias.com\/noticias\/wp-json\/wp\/v2\/posts"}],"about":[{"href":"https:\/\/www.eldigitaldeasturias.com\/noticias\/wp-json\/wp\/v2\/types\/post"}],"author":[{"embeddable":true,"href":"https:\/\/www.eldigitaldeasturias.com\/noticias\/wp-json\/wp\/v2\/users\/1"}],"replies":[{"embeddable":true,"href":"https:\/\/www.eldigitaldeasturias.com\/noticias\/wp-json\/wp\/v2\/comments?post=486679"}],"version-history":[{"count":0,"href":"https:\/\/www.eldigitaldeasturias.com\/noticias\/wp-json\/wp\/v2\/posts\/486679\/revisions"}],"wp:attachment":[{"href":"https:\/\/www.eldigitaldeasturias.com\/noticias\/wp-json\/wp\/v2\/media?parent=486679"}],"wp:term":[{"taxonomy":"category","embeddable":true,"href":"https:\/\/www.eldigitaldeasturias.com\/noticias\/wp-json\/wp\/v2\/categories?post=486679"},{"taxonomy":"post_tag","embeddable":true,"href":"https:\/\/www.eldigitaldeasturias.com\/noticias\/wp-json\/wp\/v2\/tags?post=486679"}],"curies":[{"name":"wp","href":"https:\/\/api.w.org\/{rel}","templated":true}]}}