{"id":486670,"date":"2014-02-08T17:23:01","date_gmt":"2014-02-08T18:23:01","guid":{"rendered":"http:\/\/www.eldigitaldeasturias.com\/noticias\/?p=486670"},"modified":"2014-02-08T17:23:01","modified_gmt":"2014-02-08T18:23:01","slug":"los-espanoles-joan-vila-y-jose-luis-vela-en-el-equipo-de-diseno-de-oracle","status":"publish","type":"post","link":"https:\/\/www.eldigitaldeasturias.com\/noticias\/los-espanoles-joan-vila-y-jose-luis-vela-en-el-equipo-de-diseno-de-oracle\/","title":{"rendered":"Los espa\u00f1oles Joan Vila y Jos\u00e9 Luis Vela en el equipo de dise\u00f1o de Oracle"},"content":{"rendered":"<p><img loading=\"lazy\" decoding=\"async\" class=\"alignleft size-medium wp-image-486671\" alt=\"5923494w\" src=\"https:\/\/www.eldigitaldeasturias.com\/noticias\/wp-content\/uploads\/2014\/02\/5923494w-360x236.jpg\" width=\"360\" height=\"236\" \/>Redacci\u00f3n deportes, 7 feb (EFE).- Los espa\u00f1oles Joan Vila y Jos\u00e9 Luis Vela formar\u00e1n parte del equipo de dise\u00f1o del Oracle Team USA, vencedor de la \u00faltima edici\u00f3n, para la 35\u00aa Copa Am\u00e9rica que se disputar\u00e1 en el verano de 2017, seg\u00fan ha hecho oficial el equipo estadounidense.<\/p>\n<p>Un total de dieciocho hombres forman el equipo de dise\u00f1o: 11 estadounidenses, dos franceses, dos alemanes, dos espa\u00f1oles y un australiano, elegidos tras una rigurosa selecci\u00f3n realizada por todo el mundo.<\/p>\n<p>\u00abHemos buscado dise\u00f1adores expertos y con experiencia en ingenier\u00eda para defender con \u00e9xito la pr\u00f3xima Copa Am\u00e9rica. Hemos escogido un grupo de dise\u00f1adores de gran talento para esta campa\u00f1a y la mayor\u00eda de ellos son estadounidenses\u00bb, ha indicado Grant Simmer, que vuelve a ocupar el cargo del Oracle Team USA.<\/p>\n<p>Ha a\u00f1adido que: \u00abTenemos una buena mezcla de experiencia y conocimientos en las disciplinas donde creemos que estar\u00e1 el gran desaf\u00edo de dise\u00f1o para esa pr\u00f3xima Copa Am\u00e9rica\u00bb.<\/p>\n<p>El equipo de dise\u00f1o se ha presentado por primera vez en San Francisco y est\u00e1 esperando que se desvele la regla de dise\u00f1o de lA 35\u00aa edici\u00f3n, que se conocer\u00e1 a mediados del pr\u00f3ximo mes de marzo.<\/p>\n<p>El zaragozano Jos\u00e9 Luis Vela P\u00e9rez, de 36 a\u00f1os, es graduado en sistemas de computaci\u00f3n. Dise\u00f1ador de los instrumentos de navegaci\u00f3n y de software de sistemas electr\u00f3nicos. Se incorpor\u00f3 a Oracle despu\u00e9s de la 32\u00aa Copa Am\u00e9rica de Valencia tras haber trabajado el sindicato Desaf\u00edo Espa\u00f1ol.<\/p>\n<p>Fue uno de los creadores del Racing Bravo, uno de los m\u00e1s sofisticados sistema de navegaci\u00f3n del mundo, que desarrollaron en la Escuela Universitaria polit\u00e9cnica de La Almunia (EUPLA), en Zarazoga. Tambi\u00e9n ha estado involucrado en los procesos de computaci\u00f3n del cohete &#8216;Ariane 5&#8217; de la Agencia Europea del Espacio. Ser\u00e1 su tercera edici\u00f3n en el equipo estadounidense.<\/p>\n<p>Para el regatista barcelon\u00e9s de 52 a\u00f1os, Joan Vila, el navegante m\u00e1s cotizado del mundo, ser\u00e1 su segunda edici\u00f3n de la Copa con Oracle Team USA y afrontar\u00e1 su octava Copa Am\u00e9rica, que ya ha ganado en tres ediciones.<\/p>\n<p>En la pasada edici\u00f3n no estuvo a bordo del AC72 del equipo estadounidense, sino que form\u00f3 parte del equipo meteorol\u00f3gico, analizando para la tripulaci\u00f3n las condiciones del campo de regatas de la bah\u00eda de San Francisco y sugiriendo la estrategia a seguir por el barco estadounidense en cada duelo de la gran final.<\/p>\n<p>Licenciado en Ingenier\u00eda Civil destac\u00f3 como regatista. Se embarc\u00f3 con el &#8216;Fortuna Extra Lights&#8217; para disputar la Vuelta al Mundo de 1990. Repiti\u00f3 en 1993 (Galicia Pescanova) y 1997 (Chessie Racing) y la gan\u00f3 con el Illbruck alem\u00e1n en 2001.<\/p>\n<p>Su trayectoria oce\u00e1nica fue altern\u00e1ndose con participaciones en los tres primeros desaf\u00edos espa\u00f1oles de Copa Am\u00e9rica: &#8216;Espa\u00f1a 92&#8217;, &#8216;Rioja Espa\u00f1a&#8217; en 1995 y &#8216;Bravo Espa\u00f1a&#8217; en 2000.<\/p>\n<p>Fichado por el equipo suizo &#8216;Alinghi&#8217; gan\u00f3 la Copa en 2003 y 2007 y en 2012 fue el navegante del maxi trimar\u00e1n &#8216;Banque Populaire V&#8217; llev\u00e1ndolo a la victoria en el Trofeo Julio Verne estableciendo un nuevo r\u00e9cord de vuelta al mundo: 45 d\u00edas, 13 horas y 42 minutos. El franc\u00e9s Lo\u00efck Peyron fue el patr\u00f3n del barco.<\/p>\n<p>Aunque no se ha confirmado oficialmente, otro espa\u00f1ol, el ingeniero naval onubense Manuel Ruiz de Elvira seguir\u00e1 una tercera campa\u00f1a como Jefe de Ingenier\u00eda del equipo Oracle.<\/p>\n<p>Miembro de los equipos espa\u00f1oles de la Copa Am\u00e9rica en las ediciones de 1992, 1995 y 2000 (Espa\u00f1a Quinto Centenario, Rioja de Espa\u00f1a, y Bravo Espa\u00f1a) fue fichado por el equipo suizo &#8216;Alinghi&#8217; gan\u00f3 la Copa en 2003 y 2007. Esta exitosa trayectoria le llev\u00f3 al equipo Oracle para sumarse al proyecto de 2010, ganando su tercera Copa, a que sum\u00f3 la cuarta en la 34\u00aa edici\u00f3n que se disput\u00f3 el pasado verano en la Bah\u00eda de San Francisco.<\/p>\n","protected":false},"excerpt":{"rendered":"<p>Redacci\u00f3n deportes, 7 feb (EFE).- Los espa\u00f1oles Joan Vila y Jos\u00e9 Luis Vela formar\u00e1n parte del equipo de dise\u00f1o del Oracle Team USA, vencedor de la \u00faltima edici\u00f3n, para la 35\u00aa Copa Am\u00e9rica que se disputar\u00e1 en el verano de 2017, seg\u00fan ha hecho oficial el equipo estadounidense. Un total de dieciocho hombres forman el [&hellip;]<\/p>\n","protected":false},"author":1,"featured_media":486671,"comment_status":"open","ping_status":"open","sticky":false,"template":"","format":"standard","meta":{"footnotes":""},"categories":[1],"tags":[],"class_list":["post-486670","post","type-post","status-publish","format-standard","has-post-thumbnail","hentry","category-actualidad"],"aioseo_notices":[],"aioseo_head":"\n\t\t<!-- All in One SEO Pro 5.0.1 - aioseo.com -->\n\t<meta name=\"description\" content=\"Redacci\u00f3n deportes, 7 feb (EFE).- Los espa\u00f1oles Joan Vila y Jos\u00e9 Luis Vela formar\u00e1n parte del equipo de dise\u00f1o del Oracle Team USA, vencedor de la \u00faltima edici\u00f3n, para la 35\u00aa Copa Am\u00e9rica que se disputar\u00e1 en el verano de 2017, seg\u00fan ha hecho oficial el equipo estadounidense. Un total de dieciocho hombres forman el\" \/>\n\t<meta name=\"robots\" content=\"max-image-preview:large\" \/>\n\t<meta name=\"author\" content=\"El Digital de Asturias\"\/>\n\t<meta name=\"google-site-verification\" content=\"UA-38556648-1\" \/>\n\t<meta name=\"msvalidate.01\" content=\"7dfe9f3f1b24437ab69f4f2559babe99\" \/>\n\t<meta name=\"keywords\" content=\"actualidad\" \/>\n\t<link rel=\"canonical\" href=\"https:\/\/www.eldigitaldeasturias.com\/noticias\/los-espanoles-joan-vila-y-jose-luis-vela-en-el-equipo-de-diseno-de-oracle\/\" \/>\n\t<meta name=\"generator\" content=\"All in One SEO Pro (AIOSEO) 5.0.1\" \/>\n\t\t<meta property=\"og:locale\" content=\"es_ES\" \/>\n\t\t<meta property=\"og:site_name\" content=\"El Digital de Asturias\" \/>\n\t\t<meta property=\"og:type\" content=\"article\" \/>\n\t\t<meta property=\"og:title\" content=\"Los espa\u00f1oles Joan Vila y Jos\u00e9 Luis Vela en el equipo de dise\u00f1o de Oracle - El Digital de Asturias\" \/>\n\t\t<meta property=\"og:description\" content=\"Redacci\u00f3n deportes, 7 feb (EFE).- Los espa\u00f1oles Joan Vila y Jos\u00e9 Luis Vela formar\u00e1n parte del equipo de dise\u00f1o del Oracle Team USA, vencedor de la \u00faltima edici\u00f3n, para la 35\u00aa Copa Am\u00e9rica que se disputar\u00e1 en el verano de 2017, seg\u00fan ha hecho oficial el equipo estadounidense. Un total de dieciocho hombres forman el\" \/>\n\t\t<meta property=\"og:url\" content=\"https:\/\/www.eldigitaldeasturias.com\/noticias\/los-espanoles-joan-vila-y-jose-luis-vela-en-el-equipo-de-diseno-de-oracle\/\" \/>\n\t\t<meta property=\"article:tag\" content=\"actualidad\" \/>\n\t\t<meta property=\"article:published_time\" content=\"2014-02-08T18:23:01+00:00\" \/>\n\t\t<meta property=\"article:modified_time\" content=\"2014-02-08T18:23:01+00:00\" \/>\n\t\t<meta property=\"article:publisher\" content=\"https:\/\/facebook.com\/eldigitaldeasturias\" \/>\n\t\t<meta name=\"twitter:card\" content=\"summary_large_image\" \/>\n\t\t<meta name=\"twitter:title\" content=\"Los espa\u00f1oles Joan Vila y Jos\u00e9 Luis Vela en el equipo de dise\u00f1o de Oracle - El Digital de Asturias\" \/>\n\t\t<meta name=\"twitter:description\" content=\"Redacci\u00f3n deportes, 7 feb (EFE).- Los espa\u00f1oles Joan Vila y Jos\u00e9 Luis Vela formar\u00e1n parte del equipo de dise\u00f1o del Oracle Team USA, vencedor de la \u00faltima edici\u00f3n, para la 35\u00aa Copa Am\u00e9rica que se disputar\u00e1 en el verano de 2017, seg\u00fan ha hecho oficial el equipo estadounidense. Un total de dieciocho hombres forman el\" \/>\n\t\t<meta name=\"twitter:label1\" content=\"Escrito por\" \/>\n\t\t<meta name=\"twitter:data1\" content=\"El Digital de Asturias\" \/>\n\t\t<meta name=\"twitter:label2\" content=\"Tiempo de lectura estimado\" \/>\n\t\t<meta name=\"twitter:data2\" content=\"3 minutos\" \/>\n\t\t<script type=\"application\/ld+json\" class=\"aioseo-schema\">\n\t\t\t{\"@context\":\"https:\\\/\\\/schema.org\",\"@graph\":[{\"@type\":\"BlogPosting\",\"@id\":\"https:\\\/\\\/www.eldigitaldeasturias.com\\\/noticias\\\/los-espanoles-joan-vila-y-jose-luis-vela-en-el-equipo-de-diseno-de-oracle\\\/#blogposting\",\"name\":\"Los espa\\u00f1oles Joan Vila y Jos\\u00e9 Luis Vela en el equipo de dise\\u00f1o de Oracle - El Digital de Asturias\",\"headline\":\"Los espa\\u00f1oles Joan Vila y Jos\\u00e9 Luis Vela en el equipo de dise\\u00f1o de Oracle\",\"author\":{\"@id\":\"https:\\\/\\\/www.eldigitaldeasturias.com\\\/noticias\\\/author\\\/admin\\\/#author\"},\"publisher\":{\"@id\":\"https:\\\/\\\/www.eldigitaldeasturias.com\\\/noticias\\\/#organization\"},\"image\":{\"@type\":\"ImageObject\",\"url\":486671},\"datePublished\":\"2014-02-08T17:23:01+01:00\",\"dateModified\":\"2014-02-08T17:23:01+01:00\",\"inLanguage\":\"es-ES\",\"mainEntityOfPage\":{\"@id\":\"https:\\\/\\\/www.eldigitaldeasturias.com\\\/noticias\\\/los-espanoles-joan-vila-y-jose-luis-vela-en-el-equipo-de-diseno-de-oracle\\\/#webpage\"},\"isPartOf\":{\"@id\":\"https:\\\/\\\/www.eldigitaldeasturias.com\\\/noticias\\\/los-espanoles-joan-vila-y-jose-luis-vela-en-el-equipo-de-diseno-de-oracle\\\/#webpage\"},\"articleSection\":\"Actualidad\"},{\"@type\":\"BreadcrumbList\",\"@id\":\"https:\\\/\\\/www.eldigitaldeasturias.com\\\/noticias\\\/los-espanoles-joan-vila-y-jose-luis-vela-en-el-equipo-de-diseno-de-oracle\\\/#breadcrumblist\",\"itemListElement\":[{\"@type\":\"ListItem\",\"@id\":\"https:\\\/\\\/www.eldigitaldeasturias.com\\\/noticias#listItem\",\"position\":1,\"name\":\"Home\",\"item\":\"https:\\\/\\\/www.eldigitaldeasturias.com\\\/noticias\",\"nextItem\":{\"@type\":\"ListItem\",\"@id\":\"https:\\\/\\\/www.eldigitaldeasturias.com\\\/noticias\\\/category\\\/actualidad\\\/#listItem\",\"name\":\"Actualidad\"}},{\"@type\":\"ListItem\",\"@id\":\"https:\\\/\\\/www.eldigitaldeasturias.com\\\/noticias\\\/category\\\/actualidad\\\/#listItem\",\"position\":2,\"name\":\"Actualidad\",\"item\":\"https:\\\/\\\/www.eldigitaldeasturias.com\\\/noticias\\\/category\\\/actualidad\\\/\",\"nextItem\":{\"@type\":\"ListItem\",\"@id\":\"https:\\\/\\\/www.eldigitaldeasturias.com\\\/noticias\\\/los-espanoles-joan-vila-y-jose-luis-vela-en-el-equipo-de-diseno-de-oracle\\\/#listItem\",\"name\":\"Los espa\\u00f1oles Joan Vila y Jos\\u00e9 Luis Vela en el equipo de dise\\u00f1o de Oracle\"},\"previousItem\":{\"@type\":\"ListItem\",\"@id\":\"https:\\\/\\\/www.eldigitaldeasturias.com\\\/noticias#listItem\",\"name\":\"Home\"}},{\"@type\":\"ListItem\",\"@id\":\"https:\\\/\\\/www.eldigitaldeasturias.com\\\/noticias\\\/los-espanoles-joan-vila-y-jose-luis-vela-en-el-equipo-de-diseno-de-oracle\\\/#listItem\",\"position\":3,\"name\":\"Los espa\\u00f1oles Joan Vila y Jos\\u00e9 Luis Vela en el equipo de dise\\u00f1o de Oracle\",\"previousItem\":{\"@type\":\"ListItem\",\"@id\":\"https:\\\/\\\/www.eldigitaldeasturias.com\\\/noticias\\\/category\\\/actualidad\\\/#listItem\",\"name\":\"Actualidad\"}}]},{\"@type\":\"Organization\",\"@id\":\"https:\\\/\\\/www.eldigitaldeasturias.com\\\/noticias\\\/#organization\",\"name\":\"El Digital de Asturias\",\"description\":\"Hemeroteca\",\"url\":\"https:\\\/\\\/www.eldigitaldeasturias.com\\\/noticias\\\/\",\"email\":\"info@eldigitaldeasturias.com\",\"telephone\":\"+34652131393\",\"logo\":{\"@type\":\"ImageObject\",\"url\":\"https:\\\/\\\/www.eldigitaldeasturias.com\\\/noticias\\\/wp-content\\\/uploads\\\/2020\\\/12\\\/EDA.jpg\",\"@id\":\"https:\\\/\\\/www.eldigitaldeasturias.com\\\/noticias\\\/los-espanoles-joan-vila-y-jose-luis-vela-en-el-equipo-de-diseno-de-oracle\\\/#organizationLogo\"},\"image\":{\"@id\":\"https:\\\/\\\/www.eldigitaldeasturias.com\\\/noticias\\\/los-espanoles-joan-vila-y-jose-luis-vela-en-el-equipo-de-diseno-de-oracle\\\/#organizationLogo\"},\"sameAs\":[\"https:\\\/\\\/facebook.com\\\/eldigitaldeasturias\",\"https:\\\/\\\/www.youtube.com\\\/channel\\\/UCZP-2wLEB9Rv6erhFmqVnvg\"],\"address\":{\"@id\":\"https:\\\/\\\/www.eldigitaldeasturias.com\\\/noticias\\\/#postaladdress\",\"@type\":\"PostalAddress\",\"streetAddress\":\"san antonio 4\",\"postalCode\":\"33430\",\"addressLocality\":\"Cand\\u00e1s\",\"addressRegion\":\"Asturias\",\"addressCountry\":\"ES\"}},{\"@type\":\"Person\",\"@id\":\"https:\\\/\\\/www.eldigitaldeasturias.com\\\/noticias\\\/author\\\/admin\\\/#author\",\"url\":\"https:\\\/\\\/www.eldigitaldeasturias.com\\\/noticias\\\/author\\\/admin\\\/\",\"name\":\"El Digital de Asturias\",\"image\":{\"@type\":\"ImageObject\",\"@id\":\"https:\\\/\\\/www.eldigitaldeasturias.com\\\/noticias\\\/los-espanoles-joan-vila-y-jose-luis-vela-en-el-equipo-de-diseno-de-oracle\\\/#authorImage\",\"url\":\"https:\\\/\\\/secure.gravatar.com\\\/avatar\\\/df2aeffc32bcd13f8d26072ef8a91b623d677766deac7f97ca815868cd41bf5e?s=96&d=mm&r=g\",\"width\":96,\"height\":96,\"caption\":\"El Digital de Asturias\"}},{\"@type\":\"WebPage\",\"@id\":\"https:\\\/\\\/www.eldigitaldeasturias.com\\\/noticias\\\/los-espanoles-joan-vila-y-jose-luis-vela-en-el-equipo-de-diseno-de-oracle\\\/#webpage\",\"url\":\"https:\\\/\\\/www.eldigitaldeasturias.com\\\/noticias\\\/los-espanoles-joan-vila-y-jose-luis-vela-en-el-equipo-de-diseno-de-oracle\\\/\",\"name\":\"Los espa\\u00f1oles Joan Vila y Jos\\u00e9 Luis Vela en el equipo de dise\\u00f1o de Oracle - El Digital de Asturias\",\"description\":\"Redacci\\u00f3n deportes, 7 feb (EFE).- Los espa\\u00f1oles Joan Vila y Jos\\u00e9 Luis Vela formar\\u00e1n parte del equipo de dise\\u00f1o del Oracle Team USA, vencedor de la \\u00faltima edici\\u00f3n, para la 35\\u00aa Copa Am\\u00e9rica que se disputar\\u00e1 en el verano de 2017, seg\\u00fan ha hecho oficial el equipo estadounidense. Un total de dieciocho hombres forman el\",\"inLanguage\":\"es-ES\",\"isPartOf\":{\"@id\":\"https:\\\/\\\/www.eldigitaldeasturias.com\\\/noticias\\\/#website\"},\"breadcrumb\":{\"@id\":\"https:\\\/\\\/www.eldigitaldeasturias.com\\\/noticias\\\/los-espanoles-joan-vila-y-jose-luis-vela-en-el-equipo-de-diseno-de-oracle\\\/#breadcrumblist\"},\"author\":{\"@id\":\"https:\\\/\\\/www.eldigitaldeasturias.com\\\/noticias\\\/author\\\/admin\\\/#author\"},\"creator\":{\"@id\":\"https:\\\/\\\/www.eldigitaldeasturias.com\\\/noticias\\\/author\\\/admin\\\/#author\"},\"image\":{\"@type\":\"ImageObject\",\"url\":486671,\"@id\":\"https:\\\/\\\/www.eldigitaldeasturias.com\\\/noticias\\\/los-espanoles-joan-vila-y-jose-luis-vela-en-el-equipo-de-diseno-de-oracle\\\/#mainImage\"},\"primaryImageOfPage\":{\"@id\":\"https:\\\/\\\/www.eldigitaldeasturias.com\\\/noticias\\\/los-espanoles-joan-vila-y-jose-luis-vela-en-el-equipo-de-diseno-de-oracle\\\/#mainImage\"},\"datePublished\":\"2014-02-08T17:23:01+01:00\",\"dateModified\":\"2014-02-08T17:23:01+01:00\"},{\"@type\":\"WebSite\",\"@id\":\"https:\\\/\\\/www.eldigitaldeasturias.com\\\/noticias\\\/#website\",\"url\":\"https:\\\/\\\/www.eldigitaldeasturias.com\\\/noticias\\\/\",\"name\":\"El Digital de Asturias - Diario de actualidad y noticias\",\"alternateName\":\"El Digital de Asturias - Diario de actualidad y noticias\",\"description\":\"Hemeroteca\",\"inLanguage\":\"es-ES\",\"publisher\":{\"@id\":\"https:\\\/\\\/www.eldigitaldeasturias.com\\\/noticias\\\/#organization\"}}]}\n\t\t<\/script>\n\t\t<!-- All in One SEO Pro -->\r\n\t\t<title>Los espa\u00f1oles Joan Vila y Jos\u00e9 Luis Vela en el equipo de dise\u00f1o de Oracle - El Digital de Asturias<\/title>\n\n","aioseo_head_json":{"title":"Los espa\u00f1oles Joan Vila y Jos\u00e9 Luis Vela en el equipo de dise\u00f1o de Oracle - El Digital de Asturias","description":"Redacci\u00f3n deportes, 7 feb (EFE).- Los espa\u00f1oles Joan Vila y Jos\u00e9 Luis Vela formar\u00e1n parte del equipo de dise\u00f1o del Oracle Team USA, vencedor de la \u00faltima edici\u00f3n, para la 35\u00aa Copa Am\u00e9rica que se disputar\u00e1 en el verano de 2017, seg\u00fan ha hecho oficial el equipo estadounidense. Un total de dieciocho hombres forman el","canonical_url":"https:\/\/www.eldigitaldeasturias.com\/noticias\/los-espanoles-joan-vila-y-jose-luis-vela-en-el-equipo-de-diseno-de-oracle\/","robots":"max-image-preview:large","keywords":"actualidad","webmasterTools":{"google-site-verification":"UA-38556648-1","msvalidate.01":"7dfe9f3f1b24437ab69f4f2559babe99","miscellaneous":""},"schema":{"@context":"https:\/\/schema.org","@graph":[{"@type":"BlogPosting","@id":"https:\/\/www.eldigitaldeasturias.com\/noticias\/los-espanoles-joan-vila-y-jose-luis-vela-en-el-equipo-de-diseno-de-oracle\/#blogposting","name":"Los espa\u00f1oles Joan Vila y Jos\u00e9 Luis Vela en el equipo de dise\u00f1o de Oracle - El Digital de Asturias","headline":"Los espa\u00f1oles Joan Vila y Jos\u00e9 Luis Vela en el equipo de dise\u00f1o de Oracle","author":{"@id":"https:\/\/www.eldigitaldeasturias.com\/noticias\/author\/admin\/#author"},"publisher":{"@id":"https:\/\/www.eldigitaldeasturias.com\/noticias\/#organization"},"image":{"@type":"ImageObject","url":486671},"datePublished":"2014-02-08T17:23:01+01:00","dateModified":"2014-02-08T17:23:01+01:00","inLanguage":"es-ES","mainEntityOfPage":{"@id":"https:\/\/www.eldigitaldeasturias.com\/noticias\/los-espanoles-joan-vila-y-jose-luis-vela-en-el-equipo-de-diseno-de-oracle\/#webpage"},"isPartOf":{"@id":"https:\/\/www.eldigitaldeasturias.com\/noticias\/los-espanoles-joan-vila-y-jose-luis-vela-en-el-equipo-de-diseno-de-oracle\/#webpage"},"articleSection":"Actualidad"},{"@type":"BreadcrumbList","@id":"https:\/\/www.eldigitaldeasturias.com\/noticias\/los-espanoles-joan-vila-y-jose-luis-vela-en-el-equipo-de-diseno-de-oracle\/#breadcrumblist","itemListElement":[{"@type":"ListItem","@id":"https:\/\/www.eldigitaldeasturias.com\/noticias#listItem","position":1,"name":"Home","item":"https:\/\/www.eldigitaldeasturias.com\/noticias","nextItem":{"@type":"ListItem","@id":"https:\/\/www.eldigitaldeasturias.com\/noticias\/category\/actualidad\/#listItem","name":"Actualidad"}},{"@type":"ListItem","@id":"https:\/\/www.eldigitaldeasturias.com\/noticias\/category\/actualidad\/#listItem","position":2,"name":"Actualidad","item":"https:\/\/www.eldigitaldeasturias.com\/noticias\/category\/actualidad\/","nextItem":{"@type":"ListItem","@id":"https:\/\/www.eldigitaldeasturias.com\/noticias\/los-espanoles-joan-vila-y-jose-luis-vela-en-el-equipo-de-diseno-de-oracle\/#listItem","name":"Los espa\u00f1oles Joan Vila y Jos\u00e9 Luis Vela en el equipo de dise\u00f1o de Oracle"},"previousItem":{"@type":"ListItem","@id":"https:\/\/www.eldigitaldeasturias.com\/noticias#listItem","name":"Home"}},{"@type":"ListItem","@id":"https:\/\/www.eldigitaldeasturias.com\/noticias\/los-espanoles-joan-vila-y-jose-luis-vela-en-el-equipo-de-diseno-de-oracle\/#listItem","position":3,"name":"Los espa\u00f1oles Joan Vila y Jos\u00e9 Luis Vela en el equipo de dise\u00f1o de Oracle","previousItem":{"@type":"ListItem","@id":"https:\/\/www.eldigitaldeasturias.com\/noticias\/category\/actualidad\/#listItem","name":"Actualidad"}}]},{"@type":"Organization","@id":"https:\/\/www.eldigitaldeasturias.com\/noticias\/#organization","name":"El Digital de Asturias","description":"Hemeroteca","url":"https:\/\/www.eldigitaldeasturias.com\/noticias\/","email":"info@eldigitaldeasturias.com","telephone":"+34652131393","logo":{"@type":"ImageObject","url":"https:\/\/www.eldigitaldeasturias.com\/noticias\/wp-content\/uploads\/2020\/12\/EDA.jpg","@id":"https:\/\/www.eldigitaldeasturias.com\/noticias\/los-espanoles-joan-vila-y-jose-luis-vela-en-el-equipo-de-diseno-de-oracle\/#organizationLogo"},"image":{"@id":"https:\/\/www.eldigitaldeasturias.com\/noticias\/los-espanoles-joan-vila-y-jose-luis-vela-en-el-equipo-de-diseno-de-oracle\/#organizationLogo"},"sameAs":["https:\/\/facebook.com\/eldigitaldeasturias","https:\/\/www.youtube.com\/channel\/UCZP-2wLEB9Rv6erhFmqVnvg"],"address":{"@id":"https:\/\/www.eldigitaldeasturias.com\/noticias\/#postaladdress","@type":"PostalAddress","streetAddress":"san antonio 4","postalCode":"33430","addressLocality":"Cand\u00e1s","addressRegion":"Asturias","addressCountry":"ES"}},{"@type":"Person","@id":"https:\/\/www.eldigitaldeasturias.com\/noticias\/author\/admin\/#author","url":"https:\/\/www.eldigitaldeasturias.com\/noticias\/author\/admin\/","name":"El Digital de Asturias","image":{"@type":"ImageObject","@id":"https:\/\/www.eldigitaldeasturias.com\/noticias\/los-espanoles-joan-vila-y-jose-luis-vela-en-el-equipo-de-diseno-de-oracle\/#authorImage","url":"https:\/\/secure.gravatar.com\/avatar\/df2aeffc32bcd13f8d26072ef8a91b623d677766deac7f97ca815868cd41bf5e?s=96&d=mm&r=g","width":96,"height":96,"caption":"El Digital de Asturias"}},{"@type":"WebPage","@id":"https:\/\/www.eldigitaldeasturias.com\/noticias\/los-espanoles-joan-vila-y-jose-luis-vela-en-el-equipo-de-diseno-de-oracle\/#webpage","url":"https:\/\/www.eldigitaldeasturias.com\/noticias\/los-espanoles-joan-vila-y-jose-luis-vela-en-el-equipo-de-diseno-de-oracle\/","name":"Los espa\u00f1oles Joan Vila y Jos\u00e9 Luis Vela en el equipo de dise\u00f1o de Oracle - El Digital de Asturias","description":"Redacci\u00f3n deportes, 7 feb (EFE).- Los espa\u00f1oles Joan Vila y Jos\u00e9 Luis Vela formar\u00e1n parte del equipo de dise\u00f1o del Oracle Team USA, vencedor de la \u00faltima edici\u00f3n, para la 35\u00aa Copa Am\u00e9rica que se disputar\u00e1 en el verano de 2017, seg\u00fan ha hecho oficial el equipo estadounidense. Un total de dieciocho hombres forman el","inLanguage":"es-ES","isPartOf":{"@id":"https:\/\/www.eldigitaldeasturias.com\/noticias\/#website"},"breadcrumb":{"@id":"https:\/\/www.eldigitaldeasturias.com\/noticias\/los-espanoles-joan-vila-y-jose-luis-vela-en-el-equipo-de-diseno-de-oracle\/#breadcrumblist"},"author":{"@id":"https:\/\/www.eldigitaldeasturias.com\/noticias\/author\/admin\/#author"},"creator":{"@id":"https:\/\/www.eldigitaldeasturias.com\/noticias\/author\/admin\/#author"},"image":{"@type":"ImageObject","url":486671,"@id":"https:\/\/www.eldigitaldeasturias.com\/noticias\/los-espanoles-joan-vila-y-jose-luis-vela-en-el-equipo-de-diseno-de-oracle\/#mainImage"},"primaryImageOfPage":{"@id":"https:\/\/www.eldigitaldeasturias.com\/noticias\/los-espanoles-joan-vila-y-jose-luis-vela-en-el-equipo-de-diseno-de-oracle\/#mainImage"},"datePublished":"2014-02-08T17:23:01+01:00","dateModified":"2014-02-08T17:23:01+01:00"},{"@type":"WebSite","@id":"https:\/\/www.eldigitaldeasturias.com\/noticias\/#website","url":"https:\/\/www.eldigitaldeasturias.com\/noticias\/","name":"El Digital de Asturias - Diario de actualidad y noticias","alternateName":"El Digital de Asturias - Diario de actualidad y noticias","description":"Hemeroteca","inLanguage":"es-ES","publisher":{"@id":"https:\/\/www.eldigitaldeasturias.com\/noticias\/#organization"}}]},"og:locale":"es_ES","og:site_name":"El Digital de Asturias","og:type":"article","og:title":"Los espa\u00f1oles Joan Vila y Jos\u00e9 Luis Vela en el equipo de dise\u00f1o de Oracle - El Digital de Asturias","og:description":"Redacci\u00f3n deportes, 7 feb (EFE).- Los espa\u00f1oles Joan Vila y Jos\u00e9 Luis Vela formar\u00e1n parte del equipo de dise\u00f1o del Oracle Team USA, vencedor de la \u00faltima edici\u00f3n, para la 35\u00aa Copa Am\u00e9rica que se disputar\u00e1 en el verano de 2017, seg\u00fan ha hecho oficial el equipo estadounidense. Un total de dieciocho hombres forman el","og:url":"https:\/\/www.eldigitaldeasturias.com\/noticias\/los-espanoles-joan-vila-y-jose-luis-vela-en-el-equipo-de-diseno-de-oracle\/","article:tag":["actualidad"],"article:published_time":"2014-02-08T18:23:01+00:00","article:modified_time":"2014-02-08T18:23:01+00:00","article:publisher":"https:\/\/facebook.com\/eldigitaldeasturias","twitter:card":"summary_large_image","twitter:title":"Los espa\u00f1oles Joan Vila y Jos\u00e9 Luis Vela en el equipo de dise\u00f1o de Oracle - El Digital de Asturias","twitter:description":"Redacci\u00f3n deportes, 7 feb (EFE).- Los espa\u00f1oles Joan Vila y Jos\u00e9 Luis Vela formar\u00e1n parte del equipo de dise\u00f1o del Oracle Team USA, vencedor de la \u00faltima edici\u00f3n, para la 35\u00aa Copa Am\u00e9rica que se disputar\u00e1 en el verano de 2017, seg\u00fan ha hecho oficial el equipo estadounidense. Un total de dieciocho hombres forman el","twitter:label1":"Escrito por","twitter:data1":"El Digital de Asturias","twitter:label2":"Tiempo de lectura estimado","twitter:data2":"3 minutos"},"aioseo_meta_data":{"post_id":"486670","title":null,"description":null,"keywords":null,"keyphrases":null,"primary_term":null,"canonical_url":null,"og_title":null,"og_description":null,"og_object_type":"default","og_image_type":"default","og_image_url":null,"og_image_width":null,"og_image_height":null,"og_image_custom_url":null,"og_image_custom_fields":null,"og_video":null,"og_custom_url":null,"og_article_section":null,"og_article_tags":null,"twitter_use_og":true,"twitter_card":"default","twitter_image_type":"default","twitter_image_url":null,"twitter_image_custom_url":null,"twitter_image_custom_fields":null,"twitter_title":null,"twitter_description":null,"schema":{"blockGraphs":[],"customGraphs":[],"default":{"data":{"Article":[],"Course":[],"Dataset":[],"FAQPage":[],"Movie":[],"Person":[],"Product":[],"ProductReview":[],"Car":[],"Recipe":[],"Service":[],"SoftwareApplication":[],"WebPage":[]},"graphName":"","isEnabled":true},"graphs":[],"defaultGraph":"","defaultPostTypeGraph":""},"schema_type":null,"schema_type_options":null,"pillar_content":false,"robots_default":true,"robots_noindex":false,"robots_noarchive":false,"robots_nosnippet":false,"robots_nofollow":false,"robots_noimageindex":false,"robots_noodp":false,"robots_notranslate":false,"robots_max_snippet":null,"robots_max_videopreview":null,"robots_max_imagepreview":"none","priority":null,"frequency":null,"local_seo":null,"seo_analyzer_scan_date":"2026-06-03 02:15:04","breadcrumb_settings":null,"limit_modified_date":false,"open_ai":null,"ai":null,"created":"2020-11-14 22:56:12","updated":"2026-06-03 02:15:04","focus_keyword":null,"additional_keywords":null,"truseo_locale":null},"aioseo_breadcrumb":"<div class=\"aioseo-breadcrumbs\"><span class=\"aioseo-breadcrumb\">\n\t<a href=\"https:\/\/www.eldigitaldeasturias.com\/noticias\" title=\"Home\">Home<\/a>\n<\/span><span class=\"aioseo-breadcrumb-separator\">\u2013<\/span><span class=\"aioseo-breadcrumb\">\n\t<a href=\"https:\/\/www.eldigitaldeasturias.com\/noticias\/category\/actualidad\/\" title=\"Actualidad\">Actualidad<\/a>\n<\/span><span class=\"aioseo-breadcrumb-separator\">\u2013<\/span><span class=\"aioseo-breadcrumb\">\n\t<a href=\"https:\/\/www.eldigitaldeasturias.com\/noticias\/los-espanoles-joan-vila-y-jose-luis-vela-en-el-equipo-de-diseno-de-oracle\/\" title=\"Los espa\u00f1oles Joan Vila y Jos\u00e9 Luis Vela en el equipo de dise\u00f1o de Oracle\">Los espa\u00f1oles Joan Vila y Jos\u00e9 Luis Vela en el equipo de dise\u00f1o de Oracle<\/a>\n<\/span><\/div>","aioseo_breadcrumb_json":[{"label":"Home","link":"https:\/\/www.eldigitaldeasturias.com\/noticias"},{"label":"Actualidad","link":"https:\/\/www.eldigitaldeasturias.com\/noticias\/category\/actualidad\/"},{"label":"Los espa\u00f1oles Joan Vila y Jos\u00e9 Luis Vela en el equipo de dise\u00f1o de Oracle","link":"https:\/\/www.eldigitaldeasturias.com\/noticias\/los-espanoles-joan-vila-y-jose-luis-vela-en-el-equipo-de-diseno-de-oracle\/"}],"_links":{"self":[{"href":"https:\/\/www.eldigitaldeasturias.com\/noticias\/wp-json\/wp\/v2\/posts\/486670","targetHints":{"allow":["GET"]}}],"collection":[{"href":"https:\/\/www.eldigitaldeasturias.com\/noticias\/wp-json\/wp\/v2\/posts"}],"about":[{"href":"https:\/\/www.eldigitaldeasturias.com\/noticias\/wp-json\/wp\/v2\/types\/post"}],"author":[{"embeddable":true,"href":"https:\/\/www.eldigitaldeasturias.com\/noticias\/wp-json\/wp\/v2\/users\/1"}],"replies":[{"embeddable":true,"href":"https:\/\/www.eldigitaldeasturias.com\/noticias\/wp-json\/wp\/v2\/comments?post=486670"}],"version-history":[{"count":0,"href":"https:\/\/www.eldigitaldeasturias.com\/noticias\/wp-json\/wp\/v2\/posts\/486670\/revisions"}],"wp:attachment":[{"href":"https:\/\/www.eldigitaldeasturias.com\/noticias\/wp-json\/wp\/v2\/media?parent=486670"}],"wp:term":[{"taxonomy":"category","embeddable":true,"href":"https:\/\/www.eldigitaldeasturias.com\/noticias\/wp-json\/wp\/v2\/categories?post=486670"},{"taxonomy":"post_tag","embeddable":true,"href":"https:\/\/www.eldigitaldeasturias.com\/noticias\/wp-json\/wp\/v2\/tags?post=486670"}],"curies":[{"name":"wp","href":"https:\/\/api.w.org\/{rel}","templated":true}]}}