{"id":486583,"date":"2014-02-08T03:37:53","date_gmt":"2014-02-08T04:37:53","guid":{"rendered":"http:\/\/www.eldigitaldeasturias.com\/noticias\/?p=486583"},"modified":"2014-02-08T03:37:53","modified_gmt":"2014-02-08T04:37:53","slug":"eta-apuesta-por-una-via-vasca-e-insta-a-urkullu-a-concretar-una-accion","status":"publish","type":"post","link":"https:\/\/www.eldigitaldeasturias.com\/noticias\/eta-apuesta-por-una-via-vasca-e-insta-a-urkullu-a-concretar-una-accion\/","title":{"rendered":"ETA apuesta por una \u00abv\u00eda vasca\u00bb e insta a Urkullu a concretar una acci\u00f3n"},"content":{"rendered":"<p><img loading=\"lazy\" decoding=\"async\" class=\"alignleft size-medium wp-image-486584\" alt=\"5923213w\" src=\"https:\/\/www.eldigitaldeasturias.com\/noticias\/wp-content\/uploads\/2014\/02\/5923213w-360x238.jpg\" width=\"360\" height=\"238\" \/>Vitoria, 8 feb (EFE).- La organizaci\u00f3n terrorista ETA apuesta por promover una \u00abv\u00eda vasca\u00bb para solucionar el \u00abconflicto\u00bb frente a la cerraz\u00f3n y el inmovilismo de los Estados espa\u00f1ol y franc\u00e9s e insta al lehendakari, \u00cd\u00f1igo Urkullu, a \u00abconcretar una acci\u00f3n\u00bb para consolidar el proceso del fin de la violencia.<\/p>\n<p>En un comunicado publicado por el diario Gara, ETA se muestra dispuesta a participar en un \u00abamplio proceso de di\u00e1logo\u00bb para defender ante los Estados lo que se pacte en Euskadi \u00abcon una sola voz y con firmeza\u00bb, con el fin de conseguir \u00abuna paz estable y duradera\u00bb.<\/p>\n<p>Sin embargo, no menciona en ning\u00fan momento la posibilidad de un desarme y, tras criticar las \u00abmedidas de excepci\u00f3n de la pol\u00edtica penitenciaria\u00bb y las \u00abofensivas represivas\u00bb, se pregunta: \u00ab\u00bfPara cu\u00e1ndo el desarme de los Estados espa\u00f1ol y franc\u00e9s?\u00bb.<\/p>\n<p>En su comunicado, ETA se compromete a hacer \u00abaportaciones significativas para alimentar el proceso, sin tardar\u00bb y a \u00abponerse en contacto con la Comisi\u00f3n para Impulsar el Proceso de Paz\u00bb emanada del Foro Social promovido por las organizaciones Lokarri y Bake Bidea.<\/p>\n<p>Esta comisi\u00f3n est\u00e1 integrada por ocho personas, entre ellas la jueza del TSJPV Garbi\u00f1e Biurrun y el magistrado honorario del Tribunal de Apelaci\u00f3n de Pau (Francia) Henri Duhalt, y su labor consiste en gestionar las recomendaciones del Foro Social para impulsar el proceso de paz.<\/p>\n<p>Entre esas recomendaciones figura el desarme de ETA y el desmantelamiento de sus estructuras militares.<\/p>\n<p>ETA tambi\u00e9n anuncia su deseo de participar en \u00ablas conversaciones y negociaciones que se puedan utilizar con el objetivo de lograr la resoluci\u00f3n y la paz\u00bb.<\/p>\n<p>Recalca que apuesta por \u00abuna v\u00eda vasca\u00bb y menciona la entrevista que mantuvo el pasado martes el presidente del Gobierno, Mariano Rajoy, con el lehendakari, en la que hablaron del final de la violencia.<\/p>\n<p>Sobre esta reuni\u00f3n, ETA dice a Urkullu que \u00abm\u00e1s que ir a escuchar el no de Espa\u00f1a, es hora de concretar una acci\u00f3n para poner el s\u00ed de Euskal Herria en el centro\u00bb y adoptar v\u00edas para su \u00abmaterializaci\u00f3n\u00bb.<\/p>\n<p>Considera que hay elementos para avanzar por esa l\u00ednea como la puesta en marcha de la Comisi\u00f3n para Impulsar el Proceso de Paz y la postura expresada el pasado 23 de diciembre por el colectivo de presos (EPKK) -que reconoci\u00f3 el da\u00f1o causado y acept\u00f3 salidas individualizadas para los presos- .<\/p>\n<p>Tambi\u00e9n cita como elemento favorable para \u00abdesarrollar una agenda vasca\u00bb la multitudinaria manifestaci\u00f3n del pasado 11 de enero en Bilbao en favor de los derechos humanos, el acuerdo y la paz, que fue secundada por EH Bildu y a la que se sum\u00f3 el PNV despu\u00e9s de que se prohibiera otra marcha convocada ese d\u00eda en favor de los derechos de los presos.<\/p>\n<p>La organizaci\u00f3n terrorista considera que esa manifestaci\u00f3n fue \u00abun paso de gran compromiso pol\u00edtico\u00bb, que deber\u00eda conllevar \u00abun punto de inflexi\u00f3n\u00bb y \u00abha dibujado el camino para avanzar\u00bb.<\/p>\n<p>A\u00f1ade que, llegados a este punto, \u00abla resoluci\u00f3n necesita de todas las fuerzas pol\u00edticas\u00bb y que el \u00abmodo de avanzar no es intentar satisfacer continuamente las exigencias de quienes no quieren\u00bb solucionar esta situaci\u00f3n, por lo que \u00abla \u00fanica manera de hacer mover a esos sectores y atraerlos es avanzar en la din\u00e1mica por la resoluci\u00f3n, con el impulso de la ciudadan\u00eda vasca\u00bb.<\/p>\n<p>El comunicado, fechado el 29 de enero, antes de la muerte en prisi\u00f3n del recluso etarra Arkaitz Bell\u00f3n, denuncia las \u00abredadas contra Herrira\u00bb y la detenci\u00f3n de ocho miembros del grupo de enlace con los presos (EPKK).<\/p>\n<p>Compara estas \u00abofensivas represivas\u00bb con la respuesta dada por Mariano Rajoy a las propuestas del lehendakari, cuya opini\u00f3n, dice \u00abes nula para el Gobierno espa\u00f1ol\u00bb. El Ejecutivo franc\u00e9s por su parte \u00abpermanece callado\u00bb, como \u00abno tuviera nada que ver\u00bb, a\u00f1ade.<\/p>\n<p>Ante esta situaci\u00f3n propone iniciar un amplio proceso de di\u00e1logo en \u00abtodo el territorio vasco\u00bb con todos agentes pol\u00edticos, institucionales, sociales, sindicales y ciudadanos que deseen consolidar la paz para defender lo que se pacte en \u00abEuskal Herria\u00bb ante los estados espa\u00f1ol y franc\u00e9s \u00abcon una sola voz y con firmeza\u00bb para \u00abconseguir la paz estable y duradera\u00bb.<\/p>\n","protected":false},"excerpt":{"rendered":"<p>Vitoria, 8 feb (EFE).- La organizaci\u00f3n terrorista ETA apuesta por promover una \u00abv\u00eda vasca\u00bb para solucionar el \u00abconflicto\u00bb frente a la cerraz\u00f3n y el inmovilismo de los Estados espa\u00f1ol y franc\u00e9s e insta al lehendakari, \u00cd\u00f1igo Urkullu, a \u00abconcretar una acci\u00f3n\u00bb para consolidar el proceso del fin de la violencia. En un comunicado publicado por [&hellip;]<\/p>\n","protected":false},"author":1,"featured_media":486584,"comment_status":"open","ping_status":"open","sticky":false,"template":"","format":"standard","meta":{"footnotes":""},"categories":[1],"tags":[],"class_list":["post-486583","post","type-post","status-publish","format-standard","has-post-thumbnail","hentry","category-actualidad"],"aioseo_notices":[],"aioseo_head":"\n\t\t<!-- All in One SEO Pro 5.0.1 - aioseo.com -->\n\t<meta name=\"description\" content=\"Vitoria, 8 feb (EFE).- La organizaci\u00f3n terrorista ETA apuesta por promover una &quot;v\u00eda vasca&quot; para solucionar el &quot;conflicto&quot; frente a la cerraz\u00f3n y el inmovilismo de los Estados espa\u00f1ol y franc\u00e9s e insta al lehendakari, \u00cd\u00f1igo Urkullu, a &quot;concretar una acci\u00f3n&quot; para consolidar el proceso del fin de la violencia. En un comunicado publicado por\" \/>\n\t<meta name=\"robots\" content=\"max-image-preview:large\" \/>\n\t<meta name=\"author\" content=\"El Digital de Asturias\"\/>\n\t<meta name=\"google-site-verification\" content=\"UA-38556648-1\" \/>\n\t<meta name=\"msvalidate.01\" content=\"7dfe9f3f1b24437ab69f4f2559babe99\" \/>\n\t<meta name=\"keywords\" content=\"actualidad\" \/>\n\t<link rel=\"canonical\" href=\"https:\/\/www.eldigitaldeasturias.com\/noticias\/eta-apuesta-por-una-via-vasca-e-insta-a-urkullu-a-concretar-una-accion\/\" \/>\n\t<meta name=\"generator\" content=\"All in One SEO Pro (AIOSEO) 5.0.1\" \/>\n\t\t<meta property=\"og:locale\" content=\"es_ES\" \/>\n\t\t<meta property=\"og:site_name\" content=\"El Digital de Asturias\" \/>\n\t\t<meta property=\"og:type\" content=\"article\" \/>\n\t\t<meta property=\"og:title\" content=\"ETA apuesta por una \u00abv\u00eda vasca\u00bb e insta a Urkullu a concretar una acci\u00f3n - El Digital de Asturias\" \/>\n\t\t<meta property=\"og:description\" content=\"Vitoria, 8 feb (EFE).- La organizaci\u00f3n terrorista ETA apuesta por promover una &quot;v\u00eda vasca&quot; para solucionar el &quot;conflicto&quot; frente a la cerraz\u00f3n y el inmovilismo de los Estados espa\u00f1ol y franc\u00e9s e insta al lehendakari, \u00cd\u00f1igo Urkullu, a &quot;concretar una acci\u00f3n&quot; para consolidar el proceso del fin de la violencia. En un comunicado publicado por\" \/>\n\t\t<meta property=\"og:url\" content=\"https:\/\/www.eldigitaldeasturias.com\/noticias\/eta-apuesta-por-una-via-vasca-e-insta-a-urkullu-a-concretar-una-accion\/\" \/>\n\t\t<meta property=\"article:tag\" content=\"actualidad\" \/>\n\t\t<meta property=\"article:published_time\" content=\"2014-02-08T04:37:53+00:00\" \/>\n\t\t<meta property=\"article:modified_time\" content=\"2014-02-08T04:37:53+00:00\" \/>\n\t\t<meta property=\"article:publisher\" content=\"https:\/\/facebook.com\/eldigitaldeasturias\" \/>\n\t\t<meta name=\"twitter:card\" content=\"summary_large_image\" \/>\n\t\t<meta name=\"twitter:title\" content=\"ETA apuesta por una \u00abv\u00eda vasca\u00bb e insta a Urkullu a concretar una acci\u00f3n - El Digital de Asturias\" \/>\n\t\t<meta name=\"twitter:description\" content=\"Vitoria, 8 feb (EFE).- La organizaci\u00f3n terrorista ETA apuesta por promover una &quot;v\u00eda vasca&quot; para solucionar el &quot;conflicto&quot; frente a la cerraz\u00f3n y el inmovilismo de los Estados espa\u00f1ol y franc\u00e9s e insta al lehendakari, \u00cd\u00f1igo Urkullu, a &quot;concretar una acci\u00f3n&quot; para consolidar el proceso del fin de la violencia. En un comunicado publicado por\" \/>\n\t\t<meta name=\"twitter:label1\" content=\"Escrito por\" \/>\n\t\t<meta name=\"twitter:data1\" content=\"El Digital de Asturias\" \/>\n\t\t<meta name=\"twitter:label2\" content=\"Tiempo de lectura estimado\" \/>\n\t\t<meta name=\"twitter:data2\" content=\"4 minutos\" \/>\n\t\t<script type=\"application\/ld+json\" class=\"aioseo-schema\">\n\t\t\t{\"@context\":\"https:\\\/\\\/schema.org\",\"@graph\":[{\"@type\":\"BlogPosting\",\"@id\":\"https:\\\/\\\/www.eldigitaldeasturias.com\\\/noticias\\\/eta-apuesta-por-una-via-vasca-e-insta-a-urkullu-a-concretar-una-accion\\\/#blogposting\",\"name\":\"ETA apuesta por una \\u00abv\\u00eda vasca\\u00bb e insta a Urkullu a concretar una acci\\u00f3n - El Digital de Asturias\",\"headline\":\"ETA apuesta por una \\u00abv\\u00eda vasca\\u00bb e insta a Urkullu a concretar una acci\\u00f3n\",\"author\":{\"@id\":\"https:\\\/\\\/www.eldigitaldeasturias.com\\\/noticias\\\/author\\\/admin\\\/#author\"},\"publisher\":{\"@id\":\"https:\\\/\\\/www.eldigitaldeasturias.com\\\/noticias\\\/#organization\"},\"image\":{\"@type\":\"ImageObject\",\"url\":486584},\"datePublished\":\"2014-02-08T03:37:53+01:00\",\"dateModified\":\"2014-02-08T03:37:53+01:00\",\"inLanguage\":\"es-ES\",\"mainEntityOfPage\":{\"@id\":\"https:\\\/\\\/www.eldigitaldeasturias.com\\\/noticias\\\/eta-apuesta-por-una-via-vasca-e-insta-a-urkullu-a-concretar-una-accion\\\/#webpage\"},\"isPartOf\":{\"@id\":\"https:\\\/\\\/www.eldigitaldeasturias.com\\\/noticias\\\/eta-apuesta-por-una-via-vasca-e-insta-a-urkullu-a-concretar-una-accion\\\/#webpage\"},\"articleSection\":\"Actualidad\"},{\"@type\":\"BreadcrumbList\",\"@id\":\"https:\\\/\\\/www.eldigitaldeasturias.com\\\/noticias\\\/eta-apuesta-por-una-via-vasca-e-insta-a-urkullu-a-concretar-una-accion\\\/#breadcrumblist\",\"itemListElement\":[{\"@type\":\"ListItem\",\"@id\":\"https:\\\/\\\/www.eldigitaldeasturias.com\\\/noticias#listItem\",\"position\":1,\"name\":\"Home\",\"item\":\"https:\\\/\\\/www.eldigitaldeasturias.com\\\/noticias\",\"nextItem\":{\"@type\":\"ListItem\",\"@id\":\"https:\\\/\\\/www.eldigitaldeasturias.com\\\/noticias\\\/category\\\/actualidad\\\/#listItem\",\"name\":\"Actualidad\"}},{\"@type\":\"ListItem\",\"@id\":\"https:\\\/\\\/www.eldigitaldeasturias.com\\\/noticias\\\/category\\\/actualidad\\\/#listItem\",\"position\":2,\"name\":\"Actualidad\",\"item\":\"https:\\\/\\\/www.eldigitaldeasturias.com\\\/noticias\\\/category\\\/actualidad\\\/\",\"nextItem\":{\"@type\":\"ListItem\",\"@id\":\"https:\\\/\\\/www.eldigitaldeasturias.com\\\/noticias\\\/eta-apuesta-por-una-via-vasca-e-insta-a-urkullu-a-concretar-una-accion\\\/#listItem\",\"name\":\"ETA apuesta por una \\u00abv\\u00eda vasca\\u00bb e insta a Urkullu a concretar una acci\\u00f3n\"},\"previousItem\":{\"@type\":\"ListItem\",\"@id\":\"https:\\\/\\\/www.eldigitaldeasturias.com\\\/noticias#listItem\",\"name\":\"Home\"}},{\"@type\":\"ListItem\",\"@id\":\"https:\\\/\\\/www.eldigitaldeasturias.com\\\/noticias\\\/eta-apuesta-por-una-via-vasca-e-insta-a-urkullu-a-concretar-una-accion\\\/#listItem\",\"position\":3,\"name\":\"ETA apuesta por una \\u00abv\\u00eda vasca\\u00bb e insta a Urkullu a concretar una acci\\u00f3n\",\"previousItem\":{\"@type\":\"ListItem\",\"@id\":\"https:\\\/\\\/www.eldigitaldeasturias.com\\\/noticias\\\/category\\\/actualidad\\\/#listItem\",\"name\":\"Actualidad\"}}]},{\"@type\":\"Organization\",\"@id\":\"https:\\\/\\\/www.eldigitaldeasturias.com\\\/noticias\\\/#organization\",\"name\":\"El Digital de Asturias\",\"description\":\"Hemeroteca\",\"url\":\"https:\\\/\\\/www.eldigitaldeasturias.com\\\/noticias\\\/\",\"email\":\"info@eldigitaldeasturias.com\",\"telephone\":\"+34652131393\",\"logo\":{\"@type\":\"ImageObject\",\"url\":\"https:\\\/\\\/www.eldigitaldeasturias.com\\\/noticias\\\/wp-content\\\/uploads\\\/2020\\\/12\\\/EDA.jpg\",\"@id\":\"https:\\\/\\\/www.eldigitaldeasturias.com\\\/noticias\\\/eta-apuesta-por-una-via-vasca-e-insta-a-urkullu-a-concretar-una-accion\\\/#organizationLogo\"},\"image\":{\"@id\":\"https:\\\/\\\/www.eldigitaldeasturias.com\\\/noticias\\\/eta-apuesta-por-una-via-vasca-e-insta-a-urkullu-a-concretar-una-accion\\\/#organizationLogo\"},\"sameAs\":[\"https:\\\/\\\/facebook.com\\\/eldigitaldeasturias\",\"https:\\\/\\\/www.youtube.com\\\/channel\\\/UCZP-2wLEB9Rv6erhFmqVnvg\"],\"address\":{\"@id\":\"https:\\\/\\\/www.eldigitaldeasturias.com\\\/noticias\\\/#postaladdress\",\"@type\":\"PostalAddress\",\"streetAddress\":\"san antonio 4\",\"postalCode\":\"33430\",\"addressLocality\":\"Cand\\u00e1s\",\"addressRegion\":\"Asturias\",\"addressCountry\":\"ES\"}},{\"@type\":\"Person\",\"@id\":\"https:\\\/\\\/www.eldigitaldeasturias.com\\\/noticias\\\/author\\\/admin\\\/#author\",\"url\":\"https:\\\/\\\/www.eldigitaldeasturias.com\\\/noticias\\\/author\\\/admin\\\/\",\"name\":\"El Digital de Asturias\",\"image\":{\"@type\":\"ImageObject\",\"@id\":\"https:\\\/\\\/www.eldigitaldeasturias.com\\\/noticias\\\/eta-apuesta-por-una-via-vasca-e-insta-a-urkullu-a-concretar-una-accion\\\/#authorImage\",\"url\":\"https:\\\/\\\/secure.gravatar.com\\\/avatar\\\/df2aeffc32bcd13f8d26072ef8a91b623d677766deac7f97ca815868cd41bf5e?s=96&d=mm&r=g\",\"width\":96,\"height\":96,\"caption\":\"El Digital de Asturias\"}},{\"@type\":\"WebPage\",\"@id\":\"https:\\\/\\\/www.eldigitaldeasturias.com\\\/noticias\\\/eta-apuesta-por-una-via-vasca-e-insta-a-urkullu-a-concretar-una-accion\\\/#webpage\",\"url\":\"https:\\\/\\\/www.eldigitaldeasturias.com\\\/noticias\\\/eta-apuesta-por-una-via-vasca-e-insta-a-urkullu-a-concretar-una-accion\\\/\",\"name\":\"ETA apuesta por una \\u00abv\\u00eda vasca\\u00bb e insta a Urkullu a concretar una acci\\u00f3n - El Digital de Asturias\",\"description\":\"Vitoria, 8 feb (EFE).- La organizaci\\u00f3n terrorista ETA apuesta por promover una \\\"v\\u00eda vasca\\\" para solucionar el \\\"conflicto\\\" frente a la cerraz\\u00f3n y el inmovilismo de los Estados espa\\u00f1ol y franc\\u00e9s e insta al lehendakari, \\u00cd\\u00f1igo Urkullu, a \\\"concretar una acci\\u00f3n\\\" para consolidar el proceso del fin de la violencia. En un comunicado publicado por\",\"inLanguage\":\"es-ES\",\"isPartOf\":{\"@id\":\"https:\\\/\\\/www.eldigitaldeasturias.com\\\/noticias\\\/#website\"},\"breadcrumb\":{\"@id\":\"https:\\\/\\\/www.eldigitaldeasturias.com\\\/noticias\\\/eta-apuesta-por-una-via-vasca-e-insta-a-urkullu-a-concretar-una-accion\\\/#breadcrumblist\"},\"author\":{\"@id\":\"https:\\\/\\\/www.eldigitaldeasturias.com\\\/noticias\\\/author\\\/admin\\\/#author\"},\"creator\":{\"@id\":\"https:\\\/\\\/www.eldigitaldeasturias.com\\\/noticias\\\/author\\\/admin\\\/#author\"},\"image\":{\"@type\":\"ImageObject\",\"url\":486584,\"@id\":\"https:\\\/\\\/www.eldigitaldeasturias.com\\\/noticias\\\/eta-apuesta-por-una-via-vasca-e-insta-a-urkullu-a-concretar-una-accion\\\/#mainImage\"},\"primaryImageOfPage\":{\"@id\":\"https:\\\/\\\/www.eldigitaldeasturias.com\\\/noticias\\\/eta-apuesta-por-una-via-vasca-e-insta-a-urkullu-a-concretar-una-accion\\\/#mainImage\"},\"datePublished\":\"2014-02-08T03:37:53+01:00\",\"dateModified\":\"2014-02-08T03:37:53+01:00\"},{\"@type\":\"WebSite\",\"@id\":\"https:\\\/\\\/www.eldigitaldeasturias.com\\\/noticias\\\/#website\",\"url\":\"https:\\\/\\\/www.eldigitaldeasturias.com\\\/noticias\\\/\",\"name\":\"El Digital de Asturias - Diario de actualidad y noticias\",\"alternateName\":\"El Digital de Asturias - Diario de actualidad y noticias\",\"description\":\"Hemeroteca\",\"inLanguage\":\"es-ES\",\"publisher\":{\"@id\":\"https:\\\/\\\/www.eldigitaldeasturias.com\\\/noticias\\\/#organization\"}}]}\n\t\t<\/script>\n\t\t<!-- All in One SEO Pro -->\r\n\t\t<title>ETA apuesta por una \u00abv\u00eda vasca\u00bb e insta a Urkullu a concretar una acci\u00f3n - El Digital de Asturias<\/title>\n\n","aioseo_head_json":{"title":"ETA apuesta por una \u00abv\u00eda vasca\u00bb e insta a Urkullu a concretar una acci\u00f3n - El Digital de Asturias","description":"Vitoria, 8 feb (EFE).- La organizaci\u00f3n terrorista ETA apuesta por promover una \"v\u00eda vasca\" para solucionar el \"conflicto\" frente a la cerraz\u00f3n y el inmovilismo de los Estados espa\u00f1ol y franc\u00e9s e insta al lehendakari, \u00cd\u00f1igo Urkullu, a \"concretar una acci\u00f3n\" para consolidar el proceso del fin de la violencia. En un comunicado publicado por","canonical_url":"https:\/\/www.eldigitaldeasturias.com\/noticias\/eta-apuesta-por-una-via-vasca-e-insta-a-urkullu-a-concretar-una-accion\/","robots":"max-image-preview:large","keywords":"actualidad","webmasterTools":{"google-site-verification":"UA-38556648-1","msvalidate.01":"7dfe9f3f1b24437ab69f4f2559babe99","miscellaneous":""},"schema":{"@context":"https:\/\/schema.org","@graph":[{"@type":"BlogPosting","@id":"https:\/\/www.eldigitaldeasturias.com\/noticias\/eta-apuesta-por-una-via-vasca-e-insta-a-urkullu-a-concretar-una-accion\/#blogposting","name":"ETA apuesta por una \u00abv\u00eda vasca\u00bb e insta a Urkullu a concretar una acci\u00f3n - El Digital de Asturias","headline":"ETA apuesta por una \u00abv\u00eda vasca\u00bb e insta a Urkullu a concretar una acci\u00f3n","author":{"@id":"https:\/\/www.eldigitaldeasturias.com\/noticias\/author\/admin\/#author"},"publisher":{"@id":"https:\/\/www.eldigitaldeasturias.com\/noticias\/#organization"},"image":{"@type":"ImageObject","url":486584},"datePublished":"2014-02-08T03:37:53+01:00","dateModified":"2014-02-08T03:37:53+01:00","inLanguage":"es-ES","mainEntityOfPage":{"@id":"https:\/\/www.eldigitaldeasturias.com\/noticias\/eta-apuesta-por-una-via-vasca-e-insta-a-urkullu-a-concretar-una-accion\/#webpage"},"isPartOf":{"@id":"https:\/\/www.eldigitaldeasturias.com\/noticias\/eta-apuesta-por-una-via-vasca-e-insta-a-urkullu-a-concretar-una-accion\/#webpage"},"articleSection":"Actualidad"},{"@type":"BreadcrumbList","@id":"https:\/\/www.eldigitaldeasturias.com\/noticias\/eta-apuesta-por-una-via-vasca-e-insta-a-urkullu-a-concretar-una-accion\/#breadcrumblist","itemListElement":[{"@type":"ListItem","@id":"https:\/\/www.eldigitaldeasturias.com\/noticias#listItem","position":1,"name":"Home","item":"https:\/\/www.eldigitaldeasturias.com\/noticias","nextItem":{"@type":"ListItem","@id":"https:\/\/www.eldigitaldeasturias.com\/noticias\/category\/actualidad\/#listItem","name":"Actualidad"}},{"@type":"ListItem","@id":"https:\/\/www.eldigitaldeasturias.com\/noticias\/category\/actualidad\/#listItem","position":2,"name":"Actualidad","item":"https:\/\/www.eldigitaldeasturias.com\/noticias\/category\/actualidad\/","nextItem":{"@type":"ListItem","@id":"https:\/\/www.eldigitaldeasturias.com\/noticias\/eta-apuesta-por-una-via-vasca-e-insta-a-urkullu-a-concretar-una-accion\/#listItem","name":"ETA apuesta por una \u00abv\u00eda vasca\u00bb e insta a Urkullu a concretar una acci\u00f3n"},"previousItem":{"@type":"ListItem","@id":"https:\/\/www.eldigitaldeasturias.com\/noticias#listItem","name":"Home"}},{"@type":"ListItem","@id":"https:\/\/www.eldigitaldeasturias.com\/noticias\/eta-apuesta-por-una-via-vasca-e-insta-a-urkullu-a-concretar-una-accion\/#listItem","position":3,"name":"ETA apuesta por una \u00abv\u00eda vasca\u00bb e insta a Urkullu a concretar una acci\u00f3n","previousItem":{"@type":"ListItem","@id":"https:\/\/www.eldigitaldeasturias.com\/noticias\/category\/actualidad\/#listItem","name":"Actualidad"}}]},{"@type":"Organization","@id":"https:\/\/www.eldigitaldeasturias.com\/noticias\/#organization","name":"El Digital de Asturias","description":"Hemeroteca","url":"https:\/\/www.eldigitaldeasturias.com\/noticias\/","email":"info@eldigitaldeasturias.com","telephone":"+34652131393","logo":{"@type":"ImageObject","url":"https:\/\/www.eldigitaldeasturias.com\/noticias\/wp-content\/uploads\/2020\/12\/EDA.jpg","@id":"https:\/\/www.eldigitaldeasturias.com\/noticias\/eta-apuesta-por-una-via-vasca-e-insta-a-urkullu-a-concretar-una-accion\/#organizationLogo"},"image":{"@id":"https:\/\/www.eldigitaldeasturias.com\/noticias\/eta-apuesta-por-una-via-vasca-e-insta-a-urkullu-a-concretar-una-accion\/#organizationLogo"},"sameAs":["https:\/\/facebook.com\/eldigitaldeasturias","https:\/\/www.youtube.com\/channel\/UCZP-2wLEB9Rv6erhFmqVnvg"],"address":{"@id":"https:\/\/www.eldigitaldeasturias.com\/noticias\/#postaladdress","@type":"PostalAddress","streetAddress":"san antonio 4","postalCode":"33430","addressLocality":"Cand\u00e1s","addressRegion":"Asturias","addressCountry":"ES"}},{"@type":"Person","@id":"https:\/\/www.eldigitaldeasturias.com\/noticias\/author\/admin\/#author","url":"https:\/\/www.eldigitaldeasturias.com\/noticias\/author\/admin\/","name":"El Digital de Asturias","image":{"@type":"ImageObject","@id":"https:\/\/www.eldigitaldeasturias.com\/noticias\/eta-apuesta-por-una-via-vasca-e-insta-a-urkullu-a-concretar-una-accion\/#authorImage","url":"https:\/\/secure.gravatar.com\/avatar\/df2aeffc32bcd13f8d26072ef8a91b623d677766deac7f97ca815868cd41bf5e?s=96&d=mm&r=g","width":96,"height":96,"caption":"El Digital de Asturias"}},{"@type":"WebPage","@id":"https:\/\/www.eldigitaldeasturias.com\/noticias\/eta-apuesta-por-una-via-vasca-e-insta-a-urkullu-a-concretar-una-accion\/#webpage","url":"https:\/\/www.eldigitaldeasturias.com\/noticias\/eta-apuesta-por-una-via-vasca-e-insta-a-urkullu-a-concretar-una-accion\/","name":"ETA apuesta por una \u00abv\u00eda vasca\u00bb e insta a Urkullu a concretar una acci\u00f3n - El Digital de Asturias","description":"Vitoria, 8 feb (EFE).- La organizaci\u00f3n terrorista ETA apuesta por promover una \"v\u00eda vasca\" para solucionar el \"conflicto\" frente a la cerraz\u00f3n y el inmovilismo de los Estados espa\u00f1ol y franc\u00e9s e insta al lehendakari, \u00cd\u00f1igo Urkullu, a \"concretar una acci\u00f3n\" para consolidar el proceso del fin de la violencia. En un comunicado publicado por","inLanguage":"es-ES","isPartOf":{"@id":"https:\/\/www.eldigitaldeasturias.com\/noticias\/#website"},"breadcrumb":{"@id":"https:\/\/www.eldigitaldeasturias.com\/noticias\/eta-apuesta-por-una-via-vasca-e-insta-a-urkullu-a-concretar-una-accion\/#breadcrumblist"},"author":{"@id":"https:\/\/www.eldigitaldeasturias.com\/noticias\/author\/admin\/#author"},"creator":{"@id":"https:\/\/www.eldigitaldeasturias.com\/noticias\/author\/admin\/#author"},"image":{"@type":"ImageObject","url":486584,"@id":"https:\/\/www.eldigitaldeasturias.com\/noticias\/eta-apuesta-por-una-via-vasca-e-insta-a-urkullu-a-concretar-una-accion\/#mainImage"},"primaryImageOfPage":{"@id":"https:\/\/www.eldigitaldeasturias.com\/noticias\/eta-apuesta-por-una-via-vasca-e-insta-a-urkullu-a-concretar-una-accion\/#mainImage"},"datePublished":"2014-02-08T03:37:53+01:00","dateModified":"2014-02-08T03:37:53+01:00"},{"@type":"WebSite","@id":"https:\/\/www.eldigitaldeasturias.com\/noticias\/#website","url":"https:\/\/www.eldigitaldeasturias.com\/noticias\/","name":"El Digital de Asturias - Diario de actualidad y noticias","alternateName":"El Digital de Asturias - Diario de actualidad y noticias","description":"Hemeroteca","inLanguage":"es-ES","publisher":{"@id":"https:\/\/www.eldigitaldeasturias.com\/noticias\/#organization"}}]},"og:locale":"es_ES","og:site_name":"El Digital de Asturias","og:type":"article","og:title":"ETA apuesta por una \u00abv\u00eda vasca\u00bb e insta a Urkullu a concretar una acci\u00f3n - El Digital de Asturias","og:description":"Vitoria, 8 feb (EFE).- La organizaci\u00f3n terrorista ETA apuesta por promover una &quot;v\u00eda vasca&quot; para solucionar el &quot;conflicto&quot; frente a la cerraz\u00f3n y el inmovilismo de los Estados espa\u00f1ol y franc\u00e9s e insta al lehendakari, \u00cd\u00f1igo Urkullu, a &quot;concretar una acci\u00f3n&quot; para consolidar el proceso del fin de la violencia. En un comunicado publicado por","og:url":"https:\/\/www.eldigitaldeasturias.com\/noticias\/eta-apuesta-por-una-via-vasca-e-insta-a-urkullu-a-concretar-una-accion\/","article:tag":["actualidad"],"article:published_time":"2014-02-08T04:37:53+00:00","article:modified_time":"2014-02-08T04:37:53+00:00","article:publisher":"https:\/\/facebook.com\/eldigitaldeasturias","twitter:card":"summary_large_image","twitter:title":"ETA apuesta por una \u00abv\u00eda vasca\u00bb e insta a Urkullu a concretar una acci\u00f3n - El Digital de Asturias","twitter:description":"Vitoria, 8 feb (EFE).- La organizaci\u00f3n terrorista ETA apuesta por promover una &quot;v\u00eda vasca&quot; para solucionar el &quot;conflicto&quot; frente a la cerraz\u00f3n y el inmovilismo de los Estados espa\u00f1ol y franc\u00e9s e insta al lehendakari, \u00cd\u00f1igo Urkullu, a &quot;concretar una acci\u00f3n&quot; para consolidar el proceso del fin de la violencia. En un comunicado publicado por","twitter:label1":"Escrito por","twitter:data1":"El Digital de Asturias","twitter:label2":"Tiempo de lectura estimado","twitter:data2":"4 minutos"},"aioseo_meta_data":{"post_id":"486583","title":null,"description":null,"keywords":null,"keyphrases":null,"primary_term":null,"canonical_url":null,"og_title":null,"og_description":null,"og_object_type":"default","og_image_type":"default","og_image_url":null,"og_image_width":null,"og_image_height":null,"og_image_custom_url":null,"og_image_custom_fields":null,"og_video":null,"og_custom_url":null,"og_article_section":null,"og_article_tags":null,"twitter_use_og":true,"twitter_card":"default","twitter_image_type":"default","twitter_image_url":null,"twitter_image_custom_url":null,"twitter_image_custom_fields":null,"twitter_title":null,"twitter_description":null,"schema":{"blockGraphs":[],"customGraphs":[],"default":{"data":{"Article":[],"Course":[],"Dataset":[],"FAQPage":[],"Movie":[],"Person":[],"Product":[],"ProductReview":[],"Car":[],"Recipe":[],"Service":[],"SoftwareApplication":[],"WebPage":[]},"graphName":"","isEnabled":true},"graphs":[],"defaultGraph":"","defaultPostTypeGraph":""},"schema_type":null,"schema_type_options":null,"pillar_content":false,"robots_default":true,"robots_noindex":false,"robots_noarchive":false,"robots_nosnippet":false,"robots_nofollow":false,"robots_noimageindex":false,"robots_noodp":false,"robots_notranslate":false,"robots_max_snippet":null,"robots_max_videopreview":null,"robots_max_imagepreview":"none","priority":null,"frequency":null,"local_seo":null,"seo_analyzer_scan_date":"2026-06-03 01:37:10","breadcrumb_settings":null,"limit_modified_date":false,"open_ai":null,"ai":null,"created":"2020-11-14 22:56:08","updated":"2026-06-03 01:37:10","focus_keyword":null,"additional_keywords":null,"truseo_locale":null},"aioseo_breadcrumb":"<div class=\"aioseo-breadcrumbs\"><span class=\"aioseo-breadcrumb\">\n\t<a href=\"https:\/\/www.eldigitaldeasturias.com\/noticias\" title=\"Home\">Home<\/a>\n<\/span><span class=\"aioseo-breadcrumb-separator\">\u2013<\/span><span class=\"aioseo-breadcrumb\">\n\t<a href=\"https:\/\/www.eldigitaldeasturias.com\/noticias\/category\/actualidad\/\" title=\"Actualidad\">Actualidad<\/a>\n<\/span><span class=\"aioseo-breadcrumb-separator\">\u2013<\/span><span class=\"aioseo-breadcrumb\">\n\t<a href=\"https:\/\/www.eldigitaldeasturias.com\/noticias\/eta-apuesta-por-una-via-vasca-e-insta-a-urkullu-a-concretar-una-accion\/\" title=\"ETA apuesta por una \u00abv\u00eda vasca\u00bb e insta a Urkullu a concretar una acci\u00f3n\">ETA apuesta por una \u00abv\u00eda vasca\u00bb e insta a Urkullu a concretar una acci\u00f3n<\/a>\n<\/span><\/div>","aioseo_breadcrumb_json":[{"label":"Home","link":"https:\/\/www.eldigitaldeasturias.com\/noticias"},{"label":"Actualidad","link":"https:\/\/www.eldigitaldeasturias.com\/noticias\/category\/actualidad\/"},{"label":"ETA apuesta por una \u00abv\u00eda vasca\u00bb e insta a Urkullu a concretar una acci\u00f3n","link":"https:\/\/www.eldigitaldeasturias.com\/noticias\/eta-apuesta-por-una-via-vasca-e-insta-a-urkullu-a-concretar-una-accion\/"}],"_links":{"self":[{"href":"https:\/\/www.eldigitaldeasturias.com\/noticias\/wp-json\/wp\/v2\/posts\/486583","targetHints":{"allow":["GET"]}}],"collection":[{"href":"https:\/\/www.eldigitaldeasturias.com\/noticias\/wp-json\/wp\/v2\/posts"}],"about":[{"href":"https:\/\/www.eldigitaldeasturias.com\/noticias\/wp-json\/wp\/v2\/types\/post"}],"author":[{"embeddable":true,"href":"https:\/\/www.eldigitaldeasturias.com\/noticias\/wp-json\/wp\/v2\/users\/1"}],"replies":[{"embeddable":true,"href":"https:\/\/www.eldigitaldeasturias.com\/noticias\/wp-json\/wp\/v2\/comments?post=486583"}],"version-history":[{"count":0,"href":"https:\/\/www.eldigitaldeasturias.com\/noticias\/wp-json\/wp\/v2\/posts\/486583\/revisions"}],"wp:attachment":[{"href":"https:\/\/www.eldigitaldeasturias.com\/noticias\/wp-json\/wp\/v2\/media?parent=486583"}],"wp:term":[{"taxonomy":"category","embeddable":true,"href":"https:\/\/www.eldigitaldeasturias.com\/noticias\/wp-json\/wp\/v2\/categories?post=486583"},{"taxonomy":"post_tag","embeddable":true,"href":"https:\/\/www.eldigitaldeasturias.com\/noticias\/wp-json\/wp\/v2\/tags?post=486583"}],"curies":[{"name":"wp","href":"https:\/\/api.w.org\/{rel}","templated":true}]}}