{"id":486580,"date":"2014-02-08T03:32:32","date_gmt":"2014-02-08T04:32:32","guid":{"rendered":"http:\/\/www.eldigitaldeasturias.com\/noticias\/?p=486580"},"modified":"2014-02-08T03:32:32","modified_gmt":"2014-02-08T04:32:32","slug":"toyota-suspendera-indefinidamente-la-produccion-en-venezuela-a-partir-del-dia-13","status":"publish","type":"post","link":"https:\/\/www.eldigitaldeasturias.com\/noticias\/toyota-suspendera-indefinidamente-la-produccion-en-venezuela-a-partir-del-dia-13\/","title":{"rendered":"Toyota suspender\u00e1 indefinidamente la producci\u00f3n en Venezuela a partir del d\u00eda 13"},"content":{"rendered":"<p><img loading=\"lazy\" decoding=\"async\" class=\"alignleft size-medium wp-image-486581\" alt=\"5923171w\" src=\"https:\/\/www.eldigitaldeasturias.com\/noticias\/wp-content\/uploads\/2014\/02\/5923171w-360x238.jpg\" width=\"360\" height=\"238\" \/>Caracas, 7 feb (EFE).- La compa\u00f1\u00eda japonesa Toyota suspender\u00e1 de manera indefinida la producci\u00f3n de su planta en Venezuela a partir del pr\u00f3ximo d\u00eda 13 debido a problemas de suministros, seg\u00fan un comunicado de la empresa difundido hoy en la prensa nacional, cuyo contenido fue confirmado a Efe por una fuente de la f\u00e1brica.<\/p>\n<p>\u00abA partir del 13 de febrero de los corrientes, ocurrir\u00e1 una parada indefinida de producci\u00f3n de planta, la cual tendr\u00e1 car\u00e1cter cr\u00edtico, tomando en cuenta que no solo se afectar\u00e1n las actividades de producci\u00f3n, sino que, tambi\u00e9n las actividades administrativas de nuestra planta se reducir\u00e1n a labores imprescindibles\u00bb, dice el comunicado.<\/p>\n<p>En el documento, que est\u00e1 dirigido a los colaboradores y al equipo de trabajo, se explica que la planta se encuentra \u00aben una situaci\u00f3n sumamente dif\u00edcil\u00bb, por diferentes causas, ajenas a la voluntad de la empresa, que afectan la continuidad operacional, \u00abdebido a la falta de piezas\u00bb.<\/p>\n<p>A trav\u00e9s del comunicado, publicado en su totalidad en el diario \u00daltimas Noticias, los responsables de la planta, ubicada en la ciudad de Cuman\u00e1, estado Sucre (este) informan a sus empleados que el comienzo de parada de producci\u00f3n de cada \u00e1rea ser\u00e1 informada pr\u00f3ximamente.<\/p>\n<p>\u00abInicialmente, durante las primeras dos semanas de parada de producci\u00f3n, Toyota garantiza el pago del salario b\u00e1sico y de beneficios contractuales asociados, y en lo sucesivo, se les informar\u00e1 sobre las propuestas que puedan surgir para afrontar la delicada situaci\u00f3n y garantizar la supervivencia de la empresa\u00bb, dice el escrito.<\/p>\n<p>\u00abEstas medidas y acciones son necesarias y obligadas, para la supervivencia y la continuidad de la empresa, por lo que contamos con su apoyo y unidad para salir adelante\u00bb, finaliza el comunicado.<\/p>\n<p>El martes pasado, la C\u00e1mara Automotriz de Venezuela (Cavenez) inform\u00f3 que la producci\u00f3n de veh\u00edculos en las ensambladoras privadas venezolanas registr\u00f3 una ca\u00edda de 84,78 % en enero de este a\u00f1o en comparaci\u00f3n al mismo mes de 2013, al producir 296 unidades frente a las 1.945 unidades el a\u00f1o pasado.<\/p>\n<p>El presidente de Cavenez, Enrique Gonz\u00e1lez, dijo entonces a Efe que la dr\u00e1stica ca\u00edda de la producci\u00f3n privada obedece al \u00abgran nivel de deuda con proveedores internacionales\u00bb por los \u00abatrasos en la escasa\u00bb oferta de divisas entregada a los privados.<\/p>\n<p>En Venezuela rige un sistema de control de cambios desde 2003 que deja en manos del Estado el monopolio de la administraci\u00f3n de divisas.<\/p>\n","protected":false},"excerpt":{"rendered":"<p>Caracas, 7 feb (EFE).- La compa\u00f1\u00eda japonesa Toyota suspender\u00e1 de manera indefinida la producci\u00f3n de su planta en Venezuela a partir del pr\u00f3ximo d\u00eda 13 debido a problemas de suministros, seg\u00fan un comunicado de la empresa difundido hoy en la prensa nacional, cuyo contenido fue confirmado a Efe por una fuente de la f\u00e1brica. \u00abA [&hellip;]<\/p>\n","protected":false},"author":1,"featured_media":486581,"comment_status":"open","ping_status":"open","sticky":false,"template":"","format":"standard","meta":{"footnotes":""},"categories":[1],"tags":[],"class_list":["post-486580","post","type-post","status-publish","format-standard","has-post-thumbnail","hentry","category-actualidad"],"aioseo_notices":[],"aioseo_head":"\n\t\t<!-- All in One SEO Pro 5.0.1 - aioseo.com -->\n\t<meta name=\"description\" content=\"Caracas, 7 feb (EFE).- La compa\u00f1\u00eda japonesa Toyota suspender\u00e1 de manera indefinida la producci\u00f3n de su planta en Venezuela a partir del pr\u00f3ximo d\u00eda 13 debido a problemas de suministros, seg\u00fan un comunicado de la empresa difundido hoy en la prensa nacional, cuyo contenido fue confirmado a Efe por una fuente de la f\u00e1brica. &quot;A\" \/>\n\t<meta name=\"robots\" content=\"max-image-preview:large\" \/>\n\t<meta name=\"author\" content=\"El Digital de Asturias\"\/>\n\t<meta name=\"google-site-verification\" content=\"UA-38556648-1\" \/>\n\t<meta name=\"msvalidate.01\" content=\"7dfe9f3f1b24437ab69f4f2559babe99\" \/>\n\t<meta name=\"keywords\" content=\"actualidad\" \/>\n\t<link rel=\"canonical\" href=\"https:\/\/www.eldigitaldeasturias.com\/noticias\/toyota-suspendera-indefinidamente-la-produccion-en-venezuela-a-partir-del-dia-13\/\" \/>\n\t<meta name=\"generator\" content=\"All in One SEO Pro (AIOSEO) 5.0.1\" \/>\n\t\t<meta property=\"og:locale\" content=\"es_ES\" \/>\n\t\t<meta property=\"og:site_name\" content=\"El Digital de Asturias\" \/>\n\t\t<meta property=\"og:type\" content=\"article\" \/>\n\t\t<meta property=\"og:title\" content=\"Toyota suspender\u00e1 indefinidamente la producci\u00f3n en Venezuela a partir del d\u00eda 13 - El Digital de Asturias\" \/>\n\t\t<meta property=\"og:description\" content=\"Caracas, 7 feb (EFE).- La compa\u00f1\u00eda japonesa Toyota suspender\u00e1 de manera indefinida la producci\u00f3n de su planta en Venezuela a partir del pr\u00f3ximo d\u00eda 13 debido a problemas de suministros, seg\u00fan un comunicado de la empresa difundido hoy en la prensa nacional, cuyo contenido fue confirmado a Efe por una fuente de la f\u00e1brica. &quot;A\" \/>\n\t\t<meta property=\"og:url\" content=\"https:\/\/www.eldigitaldeasturias.com\/noticias\/toyota-suspendera-indefinidamente-la-produccion-en-venezuela-a-partir-del-dia-13\/\" \/>\n\t\t<meta property=\"article:tag\" content=\"actualidad\" \/>\n\t\t<meta property=\"article:published_time\" content=\"2014-02-08T04:32:32+00:00\" \/>\n\t\t<meta property=\"article:modified_time\" content=\"2014-02-08T04:32:32+00:00\" \/>\n\t\t<meta property=\"article:publisher\" content=\"https:\/\/facebook.com\/eldigitaldeasturias\" \/>\n\t\t<meta name=\"twitter:card\" content=\"summary_large_image\" \/>\n\t\t<meta name=\"twitter:title\" content=\"Toyota suspender\u00e1 indefinidamente la producci\u00f3n en Venezuela a partir del d\u00eda 13 - El Digital de Asturias\" \/>\n\t\t<meta name=\"twitter:description\" content=\"Caracas, 7 feb (EFE).- La compa\u00f1\u00eda japonesa Toyota suspender\u00e1 de manera indefinida la producci\u00f3n de su planta en Venezuela a partir del pr\u00f3ximo d\u00eda 13 debido a problemas de suministros, seg\u00fan un comunicado de la empresa difundido hoy en la prensa nacional, cuyo contenido fue confirmado a Efe por una fuente de la f\u00e1brica. &quot;A\" \/>\n\t\t<meta name=\"twitter:label1\" content=\"Escrito por\" \/>\n\t\t<meta name=\"twitter:data1\" content=\"El Digital de Asturias\" \/>\n\t\t<meta name=\"twitter:label2\" content=\"Tiempo de lectura estimado\" \/>\n\t\t<meta name=\"twitter:data2\" content=\"2 minutos\" \/>\n\t\t<script type=\"application\/ld+json\" class=\"aioseo-schema\">\n\t\t\t{\"@context\":\"https:\\\/\\\/schema.org\",\"@graph\":[{\"@type\":\"BlogPosting\",\"@id\":\"https:\\\/\\\/www.eldigitaldeasturias.com\\\/noticias\\\/toyota-suspendera-indefinidamente-la-produccion-en-venezuela-a-partir-del-dia-13\\\/#blogposting\",\"name\":\"Toyota suspender\\u00e1 indefinidamente la producci\\u00f3n en Venezuela a partir del d\\u00eda 13 - El Digital de Asturias\",\"headline\":\"Toyota suspender\\u00e1 indefinidamente la producci\\u00f3n en Venezuela a partir del d\\u00eda 13\",\"author\":{\"@id\":\"https:\\\/\\\/www.eldigitaldeasturias.com\\\/noticias\\\/author\\\/admin\\\/#author\"},\"publisher\":{\"@id\":\"https:\\\/\\\/www.eldigitaldeasturias.com\\\/noticias\\\/#organization\"},\"image\":{\"@type\":\"ImageObject\",\"url\":486581},\"datePublished\":\"2014-02-08T03:32:32+01:00\",\"dateModified\":\"2014-02-08T03:32:32+01:00\",\"inLanguage\":\"es-ES\",\"mainEntityOfPage\":{\"@id\":\"https:\\\/\\\/www.eldigitaldeasturias.com\\\/noticias\\\/toyota-suspendera-indefinidamente-la-produccion-en-venezuela-a-partir-del-dia-13\\\/#webpage\"},\"isPartOf\":{\"@id\":\"https:\\\/\\\/www.eldigitaldeasturias.com\\\/noticias\\\/toyota-suspendera-indefinidamente-la-produccion-en-venezuela-a-partir-del-dia-13\\\/#webpage\"},\"articleSection\":\"Actualidad\"},{\"@type\":\"BreadcrumbList\",\"@id\":\"https:\\\/\\\/www.eldigitaldeasturias.com\\\/noticias\\\/toyota-suspendera-indefinidamente-la-produccion-en-venezuela-a-partir-del-dia-13\\\/#breadcrumblist\",\"itemListElement\":[{\"@type\":\"ListItem\",\"@id\":\"https:\\\/\\\/www.eldigitaldeasturias.com\\\/noticias#listItem\",\"position\":1,\"name\":\"Home\",\"item\":\"https:\\\/\\\/www.eldigitaldeasturias.com\\\/noticias\",\"nextItem\":{\"@type\":\"ListItem\",\"@id\":\"https:\\\/\\\/www.eldigitaldeasturias.com\\\/noticias\\\/category\\\/actualidad\\\/#listItem\",\"name\":\"Actualidad\"}},{\"@type\":\"ListItem\",\"@id\":\"https:\\\/\\\/www.eldigitaldeasturias.com\\\/noticias\\\/category\\\/actualidad\\\/#listItem\",\"position\":2,\"name\":\"Actualidad\",\"item\":\"https:\\\/\\\/www.eldigitaldeasturias.com\\\/noticias\\\/category\\\/actualidad\\\/\",\"nextItem\":{\"@type\":\"ListItem\",\"@id\":\"https:\\\/\\\/www.eldigitaldeasturias.com\\\/noticias\\\/toyota-suspendera-indefinidamente-la-produccion-en-venezuela-a-partir-del-dia-13\\\/#listItem\",\"name\":\"Toyota suspender\\u00e1 indefinidamente la producci\\u00f3n en Venezuela a partir del d\\u00eda 13\"},\"previousItem\":{\"@type\":\"ListItem\",\"@id\":\"https:\\\/\\\/www.eldigitaldeasturias.com\\\/noticias#listItem\",\"name\":\"Home\"}},{\"@type\":\"ListItem\",\"@id\":\"https:\\\/\\\/www.eldigitaldeasturias.com\\\/noticias\\\/toyota-suspendera-indefinidamente-la-produccion-en-venezuela-a-partir-del-dia-13\\\/#listItem\",\"position\":3,\"name\":\"Toyota suspender\\u00e1 indefinidamente la producci\\u00f3n en Venezuela a partir del d\\u00eda 13\",\"previousItem\":{\"@type\":\"ListItem\",\"@id\":\"https:\\\/\\\/www.eldigitaldeasturias.com\\\/noticias\\\/category\\\/actualidad\\\/#listItem\",\"name\":\"Actualidad\"}}]},{\"@type\":\"Organization\",\"@id\":\"https:\\\/\\\/www.eldigitaldeasturias.com\\\/noticias\\\/#organization\",\"name\":\"El Digital de Asturias\",\"description\":\"Hemeroteca\",\"url\":\"https:\\\/\\\/www.eldigitaldeasturias.com\\\/noticias\\\/\",\"email\":\"info@eldigitaldeasturias.com\",\"telephone\":\"+34652131393\",\"logo\":{\"@type\":\"ImageObject\",\"url\":\"https:\\\/\\\/www.eldigitaldeasturias.com\\\/noticias\\\/wp-content\\\/uploads\\\/2020\\\/12\\\/EDA.jpg\",\"@id\":\"https:\\\/\\\/www.eldigitaldeasturias.com\\\/noticias\\\/toyota-suspendera-indefinidamente-la-produccion-en-venezuela-a-partir-del-dia-13\\\/#organizationLogo\"},\"image\":{\"@id\":\"https:\\\/\\\/www.eldigitaldeasturias.com\\\/noticias\\\/toyota-suspendera-indefinidamente-la-produccion-en-venezuela-a-partir-del-dia-13\\\/#organizationLogo\"},\"sameAs\":[\"https:\\\/\\\/facebook.com\\\/eldigitaldeasturias\",\"https:\\\/\\\/www.youtube.com\\\/channel\\\/UCZP-2wLEB9Rv6erhFmqVnvg\"],\"address\":{\"@id\":\"https:\\\/\\\/www.eldigitaldeasturias.com\\\/noticias\\\/#postaladdress\",\"@type\":\"PostalAddress\",\"streetAddress\":\"san antonio 4\",\"postalCode\":\"33430\",\"addressLocality\":\"Cand\\u00e1s\",\"addressRegion\":\"Asturias\",\"addressCountry\":\"ES\"}},{\"@type\":\"Person\",\"@id\":\"https:\\\/\\\/www.eldigitaldeasturias.com\\\/noticias\\\/author\\\/admin\\\/#author\",\"url\":\"https:\\\/\\\/www.eldigitaldeasturias.com\\\/noticias\\\/author\\\/admin\\\/\",\"name\":\"El Digital de Asturias\",\"image\":{\"@type\":\"ImageObject\",\"@id\":\"https:\\\/\\\/www.eldigitaldeasturias.com\\\/noticias\\\/toyota-suspendera-indefinidamente-la-produccion-en-venezuela-a-partir-del-dia-13\\\/#authorImage\",\"url\":\"https:\\\/\\\/secure.gravatar.com\\\/avatar\\\/df2aeffc32bcd13f8d26072ef8a91b623d677766deac7f97ca815868cd41bf5e?s=96&d=mm&r=g\",\"width\":96,\"height\":96,\"caption\":\"El Digital de Asturias\"}},{\"@type\":\"WebPage\",\"@id\":\"https:\\\/\\\/www.eldigitaldeasturias.com\\\/noticias\\\/toyota-suspendera-indefinidamente-la-produccion-en-venezuela-a-partir-del-dia-13\\\/#webpage\",\"url\":\"https:\\\/\\\/www.eldigitaldeasturias.com\\\/noticias\\\/toyota-suspendera-indefinidamente-la-produccion-en-venezuela-a-partir-del-dia-13\\\/\",\"name\":\"Toyota suspender\\u00e1 indefinidamente la producci\\u00f3n en Venezuela a partir del d\\u00eda 13 - El Digital de Asturias\",\"description\":\"Caracas, 7 feb (EFE).- La compa\\u00f1\\u00eda japonesa Toyota suspender\\u00e1 de manera indefinida la producci\\u00f3n de su planta en Venezuela a partir del pr\\u00f3ximo d\\u00eda 13 debido a problemas de suministros, seg\\u00fan un comunicado de la empresa difundido hoy en la prensa nacional, cuyo contenido fue confirmado a Efe por una fuente de la f\\u00e1brica. \\\"A\",\"inLanguage\":\"es-ES\",\"isPartOf\":{\"@id\":\"https:\\\/\\\/www.eldigitaldeasturias.com\\\/noticias\\\/#website\"},\"breadcrumb\":{\"@id\":\"https:\\\/\\\/www.eldigitaldeasturias.com\\\/noticias\\\/toyota-suspendera-indefinidamente-la-produccion-en-venezuela-a-partir-del-dia-13\\\/#breadcrumblist\"},\"author\":{\"@id\":\"https:\\\/\\\/www.eldigitaldeasturias.com\\\/noticias\\\/author\\\/admin\\\/#author\"},\"creator\":{\"@id\":\"https:\\\/\\\/www.eldigitaldeasturias.com\\\/noticias\\\/author\\\/admin\\\/#author\"},\"image\":{\"@type\":\"ImageObject\",\"url\":486581,\"@id\":\"https:\\\/\\\/www.eldigitaldeasturias.com\\\/noticias\\\/toyota-suspendera-indefinidamente-la-produccion-en-venezuela-a-partir-del-dia-13\\\/#mainImage\"},\"primaryImageOfPage\":{\"@id\":\"https:\\\/\\\/www.eldigitaldeasturias.com\\\/noticias\\\/toyota-suspendera-indefinidamente-la-produccion-en-venezuela-a-partir-del-dia-13\\\/#mainImage\"},\"datePublished\":\"2014-02-08T03:32:32+01:00\",\"dateModified\":\"2014-02-08T03:32:32+01:00\"},{\"@type\":\"WebSite\",\"@id\":\"https:\\\/\\\/www.eldigitaldeasturias.com\\\/noticias\\\/#website\",\"url\":\"https:\\\/\\\/www.eldigitaldeasturias.com\\\/noticias\\\/\",\"name\":\"El Digital de Asturias - Diario de actualidad y noticias\",\"alternateName\":\"El Digital de Asturias - Diario de actualidad y noticias\",\"description\":\"Hemeroteca\",\"inLanguage\":\"es-ES\",\"publisher\":{\"@id\":\"https:\\\/\\\/www.eldigitaldeasturias.com\\\/noticias\\\/#organization\"}}]}\n\t\t<\/script>\n\t\t<!-- All in One SEO Pro -->\r\n\t\t<title>Toyota suspender\u00e1 indefinidamente la producci\u00f3n en Venezuela a partir del d\u00eda 13 - El Digital de Asturias<\/title>\n\n","aioseo_head_json":{"title":"Toyota suspender\u00e1 indefinidamente la producci\u00f3n en Venezuela a partir del d\u00eda 13 - El Digital de Asturias","description":"Caracas, 7 feb (EFE).- La compa\u00f1\u00eda japonesa Toyota suspender\u00e1 de manera indefinida la producci\u00f3n de su planta en Venezuela a partir del pr\u00f3ximo d\u00eda 13 debido a problemas de suministros, seg\u00fan un comunicado de la empresa difundido hoy en la prensa nacional, cuyo contenido fue confirmado a Efe por una fuente de la f\u00e1brica. \"A","canonical_url":"https:\/\/www.eldigitaldeasturias.com\/noticias\/toyota-suspendera-indefinidamente-la-produccion-en-venezuela-a-partir-del-dia-13\/","robots":"max-image-preview:large","keywords":"actualidad","webmasterTools":{"google-site-verification":"UA-38556648-1","msvalidate.01":"7dfe9f3f1b24437ab69f4f2559babe99","miscellaneous":""},"schema":{"@context":"https:\/\/schema.org","@graph":[{"@type":"BlogPosting","@id":"https:\/\/www.eldigitaldeasturias.com\/noticias\/toyota-suspendera-indefinidamente-la-produccion-en-venezuela-a-partir-del-dia-13\/#blogposting","name":"Toyota suspender\u00e1 indefinidamente la producci\u00f3n en Venezuela a partir del d\u00eda 13 - El Digital de Asturias","headline":"Toyota suspender\u00e1 indefinidamente la producci\u00f3n en Venezuela a partir del d\u00eda 13","author":{"@id":"https:\/\/www.eldigitaldeasturias.com\/noticias\/author\/admin\/#author"},"publisher":{"@id":"https:\/\/www.eldigitaldeasturias.com\/noticias\/#organization"},"image":{"@type":"ImageObject","url":486581},"datePublished":"2014-02-08T03:32:32+01:00","dateModified":"2014-02-08T03:32:32+01:00","inLanguage":"es-ES","mainEntityOfPage":{"@id":"https:\/\/www.eldigitaldeasturias.com\/noticias\/toyota-suspendera-indefinidamente-la-produccion-en-venezuela-a-partir-del-dia-13\/#webpage"},"isPartOf":{"@id":"https:\/\/www.eldigitaldeasturias.com\/noticias\/toyota-suspendera-indefinidamente-la-produccion-en-venezuela-a-partir-del-dia-13\/#webpage"},"articleSection":"Actualidad"},{"@type":"BreadcrumbList","@id":"https:\/\/www.eldigitaldeasturias.com\/noticias\/toyota-suspendera-indefinidamente-la-produccion-en-venezuela-a-partir-del-dia-13\/#breadcrumblist","itemListElement":[{"@type":"ListItem","@id":"https:\/\/www.eldigitaldeasturias.com\/noticias#listItem","position":1,"name":"Home","item":"https:\/\/www.eldigitaldeasturias.com\/noticias","nextItem":{"@type":"ListItem","@id":"https:\/\/www.eldigitaldeasturias.com\/noticias\/category\/actualidad\/#listItem","name":"Actualidad"}},{"@type":"ListItem","@id":"https:\/\/www.eldigitaldeasturias.com\/noticias\/category\/actualidad\/#listItem","position":2,"name":"Actualidad","item":"https:\/\/www.eldigitaldeasturias.com\/noticias\/category\/actualidad\/","nextItem":{"@type":"ListItem","@id":"https:\/\/www.eldigitaldeasturias.com\/noticias\/toyota-suspendera-indefinidamente-la-produccion-en-venezuela-a-partir-del-dia-13\/#listItem","name":"Toyota suspender\u00e1 indefinidamente la producci\u00f3n en Venezuela a partir del d\u00eda 13"},"previousItem":{"@type":"ListItem","@id":"https:\/\/www.eldigitaldeasturias.com\/noticias#listItem","name":"Home"}},{"@type":"ListItem","@id":"https:\/\/www.eldigitaldeasturias.com\/noticias\/toyota-suspendera-indefinidamente-la-produccion-en-venezuela-a-partir-del-dia-13\/#listItem","position":3,"name":"Toyota suspender\u00e1 indefinidamente la producci\u00f3n en Venezuela a partir del d\u00eda 13","previousItem":{"@type":"ListItem","@id":"https:\/\/www.eldigitaldeasturias.com\/noticias\/category\/actualidad\/#listItem","name":"Actualidad"}}]},{"@type":"Organization","@id":"https:\/\/www.eldigitaldeasturias.com\/noticias\/#organization","name":"El Digital de Asturias","description":"Hemeroteca","url":"https:\/\/www.eldigitaldeasturias.com\/noticias\/","email":"info@eldigitaldeasturias.com","telephone":"+34652131393","logo":{"@type":"ImageObject","url":"https:\/\/www.eldigitaldeasturias.com\/noticias\/wp-content\/uploads\/2020\/12\/EDA.jpg","@id":"https:\/\/www.eldigitaldeasturias.com\/noticias\/toyota-suspendera-indefinidamente-la-produccion-en-venezuela-a-partir-del-dia-13\/#organizationLogo"},"image":{"@id":"https:\/\/www.eldigitaldeasturias.com\/noticias\/toyota-suspendera-indefinidamente-la-produccion-en-venezuela-a-partir-del-dia-13\/#organizationLogo"},"sameAs":["https:\/\/facebook.com\/eldigitaldeasturias","https:\/\/www.youtube.com\/channel\/UCZP-2wLEB9Rv6erhFmqVnvg"],"address":{"@id":"https:\/\/www.eldigitaldeasturias.com\/noticias\/#postaladdress","@type":"PostalAddress","streetAddress":"san antonio 4","postalCode":"33430","addressLocality":"Cand\u00e1s","addressRegion":"Asturias","addressCountry":"ES"}},{"@type":"Person","@id":"https:\/\/www.eldigitaldeasturias.com\/noticias\/author\/admin\/#author","url":"https:\/\/www.eldigitaldeasturias.com\/noticias\/author\/admin\/","name":"El Digital de Asturias","image":{"@type":"ImageObject","@id":"https:\/\/www.eldigitaldeasturias.com\/noticias\/toyota-suspendera-indefinidamente-la-produccion-en-venezuela-a-partir-del-dia-13\/#authorImage","url":"https:\/\/secure.gravatar.com\/avatar\/df2aeffc32bcd13f8d26072ef8a91b623d677766deac7f97ca815868cd41bf5e?s=96&d=mm&r=g","width":96,"height":96,"caption":"El Digital de Asturias"}},{"@type":"WebPage","@id":"https:\/\/www.eldigitaldeasturias.com\/noticias\/toyota-suspendera-indefinidamente-la-produccion-en-venezuela-a-partir-del-dia-13\/#webpage","url":"https:\/\/www.eldigitaldeasturias.com\/noticias\/toyota-suspendera-indefinidamente-la-produccion-en-venezuela-a-partir-del-dia-13\/","name":"Toyota suspender\u00e1 indefinidamente la producci\u00f3n en Venezuela a partir del d\u00eda 13 - El Digital de Asturias","description":"Caracas, 7 feb (EFE).- La compa\u00f1\u00eda japonesa Toyota suspender\u00e1 de manera indefinida la producci\u00f3n de su planta en Venezuela a partir del pr\u00f3ximo d\u00eda 13 debido a problemas de suministros, seg\u00fan un comunicado de la empresa difundido hoy en la prensa nacional, cuyo contenido fue confirmado a Efe por una fuente de la f\u00e1brica. \"A","inLanguage":"es-ES","isPartOf":{"@id":"https:\/\/www.eldigitaldeasturias.com\/noticias\/#website"},"breadcrumb":{"@id":"https:\/\/www.eldigitaldeasturias.com\/noticias\/toyota-suspendera-indefinidamente-la-produccion-en-venezuela-a-partir-del-dia-13\/#breadcrumblist"},"author":{"@id":"https:\/\/www.eldigitaldeasturias.com\/noticias\/author\/admin\/#author"},"creator":{"@id":"https:\/\/www.eldigitaldeasturias.com\/noticias\/author\/admin\/#author"},"image":{"@type":"ImageObject","url":486581,"@id":"https:\/\/www.eldigitaldeasturias.com\/noticias\/toyota-suspendera-indefinidamente-la-produccion-en-venezuela-a-partir-del-dia-13\/#mainImage"},"primaryImageOfPage":{"@id":"https:\/\/www.eldigitaldeasturias.com\/noticias\/toyota-suspendera-indefinidamente-la-produccion-en-venezuela-a-partir-del-dia-13\/#mainImage"},"datePublished":"2014-02-08T03:32:32+01:00","dateModified":"2014-02-08T03:32:32+01:00"},{"@type":"WebSite","@id":"https:\/\/www.eldigitaldeasturias.com\/noticias\/#website","url":"https:\/\/www.eldigitaldeasturias.com\/noticias\/","name":"El Digital de Asturias - Diario de actualidad y noticias","alternateName":"El Digital de Asturias - Diario de actualidad y noticias","description":"Hemeroteca","inLanguage":"es-ES","publisher":{"@id":"https:\/\/www.eldigitaldeasturias.com\/noticias\/#organization"}}]},"og:locale":"es_ES","og:site_name":"El Digital de Asturias","og:type":"article","og:title":"Toyota suspender\u00e1 indefinidamente la producci\u00f3n en Venezuela a partir del d\u00eda 13 - El Digital de Asturias","og:description":"Caracas, 7 feb (EFE).- La compa\u00f1\u00eda japonesa Toyota suspender\u00e1 de manera indefinida la producci\u00f3n de su planta en Venezuela a partir del pr\u00f3ximo d\u00eda 13 debido a problemas de suministros, seg\u00fan un comunicado de la empresa difundido hoy en la prensa nacional, cuyo contenido fue confirmado a Efe por una fuente de la f\u00e1brica. &quot;A","og:url":"https:\/\/www.eldigitaldeasturias.com\/noticias\/toyota-suspendera-indefinidamente-la-produccion-en-venezuela-a-partir-del-dia-13\/","article:tag":["actualidad"],"article:published_time":"2014-02-08T04:32:32+00:00","article:modified_time":"2014-02-08T04:32:32+00:00","article:publisher":"https:\/\/facebook.com\/eldigitaldeasturias","twitter:card":"summary_large_image","twitter:title":"Toyota suspender\u00e1 indefinidamente la producci\u00f3n en Venezuela a partir del d\u00eda 13 - El Digital de Asturias","twitter:description":"Caracas, 7 feb (EFE).- La compa\u00f1\u00eda japonesa Toyota suspender\u00e1 de manera indefinida la producci\u00f3n de su planta en Venezuela a partir del pr\u00f3ximo d\u00eda 13 debido a problemas de suministros, seg\u00fan un comunicado de la empresa difundido hoy en la prensa nacional, cuyo contenido fue confirmado a Efe por una fuente de la f\u00e1brica. &quot;A","twitter:label1":"Escrito por","twitter:data1":"El Digital de Asturias","twitter:label2":"Tiempo de lectura estimado","twitter:data2":"2 minutos"},"aioseo_meta_data":{"post_id":"486580","title":null,"description":null,"keywords":null,"keyphrases":null,"primary_term":null,"canonical_url":null,"og_title":null,"og_description":null,"og_object_type":"default","og_image_type":"default","og_image_url":null,"og_image_width":null,"og_image_height":null,"og_image_custom_url":null,"og_image_custom_fields":null,"og_video":null,"og_custom_url":null,"og_article_section":null,"og_article_tags":null,"twitter_use_og":true,"twitter_card":"default","twitter_image_type":"default","twitter_image_url":null,"twitter_image_custom_url":null,"twitter_image_custom_fields":null,"twitter_title":null,"twitter_description":null,"schema":{"blockGraphs":[],"customGraphs":[],"default":{"data":{"Article":[],"Course":[],"Dataset":[],"FAQPage":[],"Movie":[],"Person":[],"Product":[],"ProductReview":[],"Car":[],"Recipe":[],"Service":[],"SoftwareApplication":[],"WebPage":[]},"graphName":"","isEnabled":true},"graphs":[],"defaultGraph":"","defaultPostTypeGraph":""},"schema_type":null,"schema_type_options":null,"pillar_content":false,"robots_default":true,"robots_noindex":false,"robots_noarchive":false,"robots_nosnippet":false,"robots_nofollow":false,"robots_noimageindex":false,"robots_noodp":false,"robots_notranslate":false,"robots_max_snippet":null,"robots_max_videopreview":null,"robots_max_imagepreview":"none","priority":null,"frequency":null,"local_seo":null,"seo_analyzer_scan_date":"2026-06-03 01:37:09","breadcrumb_settings":null,"limit_modified_date":false,"open_ai":null,"ai":null,"created":"2020-11-14 22:56:08","updated":"2026-06-03 01:37:09","focus_keyword":null,"additional_keywords":null,"truseo_locale":null},"aioseo_breadcrumb":"<div class=\"aioseo-breadcrumbs\"><span class=\"aioseo-breadcrumb\">\n\t<a href=\"https:\/\/www.eldigitaldeasturias.com\/noticias\" title=\"Home\">Home<\/a>\n<\/span><span class=\"aioseo-breadcrumb-separator\">\u2013<\/span><span class=\"aioseo-breadcrumb\">\n\t<a href=\"https:\/\/www.eldigitaldeasturias.com\/noticias\/category\/actualidad\/\" title=\"Actualidad\">Actualidad<\/a>\n<\/span><span class=\"aioseo-breadcrumb-separator\">\u2013<\/span><span class=\"aioseo-breadcrumb\">\n\t<a href=\"https:\/\/www.eldigitaldeasturias.com\/noticias\/toyota-suspendera-indefinidamente-la-produccion-en-venezuela-a-partir-del-dia-13\/\" title=\"Toyota suspender\u00e1 indefinidamente la producci\u00f3n en Venezuela a partir del d\u00eda 13\">Toyota suspender\u00e1 indefinidamente la producci\u00f3n en Venezuela a partir del d\u00eda 13<\/a>\n<\/span><\/div>","aioseo_breadcrumb_json":[{"label":"Home","link":"https:\/\/www.eldigitaldeasturias.com\/noticias"},{"label":"Actualidad","link":"https:\/\/www.eldigitaldeasturias.com\/noticias\/category\/actualidad\/"},{"label":"Toyota suspender\u00e1 indefinidamente la producci\u00f3n en Venezuela a partir del d\u00eda 13","link":"https:\/\/www.eldigitaldeasturias.com\/noticias\/toyota-suspendera-indefinidamente-la-produccion-en-venezuela-a-partir-del-dia-13\/"}],"_links":{"self":[{"href":"https:\/\/www.eldigitaldeasturias.com\/noticias\/wp-json\/wp\/v2\/posts\/486580","targetHints":{"allow":["GET"]}}],"collection":[{"href":"https:\/\/www.eldigitaldeasturias.com\/noticias\/wp-json\/wp\/v2\/posts"}],"about":[{"href":"https:\/\/www.eldigitaldeasturias.com\/noticias\/wp-json\/wp\/v2\/types\/post"}],"author":[{"embeddable":true,"href":"https:\/\/www.eldigitaldeasturias.com\/noticias\/wp-json\/wp\/v2\/users\/1"}],"replies":[{"embeddable":true,"href":"https:\/\/www.eldigitaldeasturias.com\/noticias\/wp-json\/wp\/v2\/comments?post=486580"}],"version-history":[{"count":0,"href":"https:\/\/www.eldigitaldeasturias.com\/noticias\/wp-json\/wp\/v2\/posts\/486580\/revisions"}],"wp:attachment":[{"href":"https:\/\/www.eldigitaldeasturias.com\/noticias\/wp-json\/wp\/v2\/media?parent=486580"}],"wp:term":[{"taxonomy":"category","embeddable":true,"href":"https:\/\/www.eldigitaldeasturias.com\/noticias\/wp-json\/wp\/v2\/categories?post=486580"},{"taxonomy":"post_tag","embeddable":true,"href":"https:\/\/www.eldigitaldeasturias.com\/noticias\/wp-json\/wp\/v2\/tags?post=486580"}],"curies":[{"name":"wp","href":"https:\/\/api.w.org\/{rel}","templated":true}]}}