{"id":486568,"date":"2014-02-08T03:20:24","date_gmt":"2014-02-08T04:20:24","guid":{"rendered":"http:\/\/www.eldigitaldeasturias.com\/noticias\/?p=486568"},"modified":"2014-02-08T03:20:24","modified_gmt":"2014-02-08T04:20:24","slug":"al-menos-17-muertos-por-el-choque-frontal-de-un-camion-y-un-autobus-en-argentina","status":"publish","type":"post","link":"https:\/\/www.eldigitaldeasturias.com\/noticias\/al-menos-17-muertos-por-el-choque-frontal-de-un-camion-y-un-autobus-en-argentina\/","title":{"rendered":"Al menos 17 muertos por el choque frontal de un cami\u00f3n y un autob\u00fas en Argentina"},"content":{"rendered":"<p><img loading=\"lazy\" decoding=\"async\" class=\"alignleft size-medium wp-image-486569\" alt=\"5923226w\" src=\"https:\/\/www.eldigitaldeasturias.com\/noticias\/wp-content\/uploads\/2014\/02\/5923226w-360x223.jpg\" width=\"360\" height=\"223\" \/>Buenos Aires, 7 feb (EFE).- Al menos diecisiete personas murieron y m\u00e1s de una decena resultaron heridas hoy por el choque frontal entre un autob\u00fas y un cami\u00f3n que circulaba en contradirecci\u00f3n por una autopista en la provincia argentina de Mendoza, al oeste del pa\u00eds, informaron fuentes oficiales.<\/p>\n<p>La mayor\u00eda de las v\u00edctimas fallecieron calcinadas debido a que ambos veh\u00edculos se incendiaron despu\u00e9s del impacto, indic\u00f3 a los medios el gobernador mendocino, Francisco P\u00e9rez.<\/p>\n<p>El ministro de Sanidad provincial, Mat\u00edas Roby, detall\u00f3 que el accidente se produjo cuando el autob\u00fas, en el que viajaban 30 personas, \u00abfue embestido de frente por un cami\u00f3n con patente (matr\u00edcula) brasile\u00f1a que aparentemente hab\u00eda sido robado\u00bb.<\/p>\n<p>Los heridos, entre los que figuraba una embarazada, fueron trasladados a distintos hospitales de Mendoza, agreg\u00f3 el ministro de Salud provincial.<\/p>\n<p>El accidente fatal se produjo en la Ruta 7 a la altura de la localidad de San Mart\u00edn, unos 45 kil\u00f3metros al este de Mendoza y unos 1.100 kil\u00f3metros al oeste de Buenos Aires.<\/p>\n","protected":false},"excerpt":{"rendered":"<p>Buenos Aires, 7 feb (EFE).- Al menos diecisiete personas murieron y m\u00e1s de una decena resultaron heridas hoy por el choque frontal entre un autob\u00fas y un cami\u00f3n que circulaba en contradirecci\u00f3n por una autopista en la provincia argentina de Mendoza, al oeste del pa\u00eds, informaron fuentes oficiales. La mayor\u00eda de las v\u00edctimas fallecieron calcinadas [&hellip;]<\/p>\n","protected":false},"author":1,"featured_media":486569,"comment_status":"open","ping_status":"open","sticky":false,"template":"","format":"standard","meta":{"footnotes":""},"categories":[1],"tags":[],"class_list":["post-486568","post","type-post","status-publish","format-standard","has-post-thumbnail","hentry","category-actualidad"],"aioseo_notices":[],"aioseo_head":"\n\t\t<!-- All in One SEO Pro 5.0.1 - aioseo.com -->\n\t<meta name=\"description\" content=\"Buenos Aires, 7 feb (EFE).- Al menos diecisiete personas murieron y m\u00e1s de una decena resultaron heridas hoy por el choque frontal entre un autob\u00fas y un cami\u00f3n que circulaba en contradirecci\u00f3n por una autopista en la provincia argentina de Mendoza, al oeste del pa\u00eds, informaron fuentes oficiales. La mayor\u00eda de las v\u00edctimas fallecieron calcinadas\" \/>\n\t<meta name=\"robots\" content=\"max-image-preview:large\" \/>\n\t<meta name=\"author\" content=\"El Digital de Asturias\"\/>\n\t<meta name=\"google-site-verification\" content=\"UA-38556648-1\" \/>\n\t<meta name=\"msvalidate.01\" content=\"7dfe9f3f1b24437ab69f4f2559babe99\" \/>\n\t<meta name=\"keywords\" content=\"actualidad\" \/>\n\t<link rel=\"canonical\" href=\"https:\/\/www.eldigitaldeasturias.com\/noticias\/al-menos-17-muertos-por-el-choque-frontal-de-un-camion-y-un-autobus-en-argentina\/\" \/>\n\t<meta name=\"generator\" content=\"All in One SEO Pro (AIOSEO) 5.0.1\" \/>\n\t\t<meta property=\"og:locale\" content=\"es_ES\" \/>\n\t\t<meta property=\"og:site_name\" content=\"El Digital de Asturias\" \/>\n\t\t<meta property=\"og:type\" content=\"article\" \/>\n\t\t<meta property=\"og:title\" content=\"Al menos 17 muertos por el choque frontal de un cami\u00f3n y un autob\u00fas en Argentina - El Digital de Asturias\" \/>\n\t\t<meta property=\"og:description\" content=\"Buenos Aires, 7 feb (EFE).- Al menos diecisiete personas murieron y m\u00e1s de una decena resultaron heridas hoy por el choque frontal entre un autob\u00fas y un cami\u00f3n que circulaba en contradirecci\u00f3n por una autopista en la provincia argentina de Mendoza, al oeste del pa\u00eds, informaron fuentes oficiales. La mayor\u00eda de las v\u00edctimas fallecieron calcinadas\" \/>\n\t\t<meta property=\"og:url\" content=\"https:\/\/www.eldigitaldeasturias.com\/noticias\/al-menos-17-muertos-por-el-choque-frontal-de-un-camion-y-un-autobus-en-argentina\/\" \/>\n\t\t<meta property=\"article:tag\" content=\"actualidad\" \/>\n\t\t<meta property=\"article:published_time\" content=\"2014-02-08T04:20:24+00:00\" \/>\n\t\t<meta property=\"article:modified_time\" content=\"2014-02-08T04:20:24+00:00\" \/>\n\t\t<meta property=\"article:publisher\" content=\"https:\/\/facebook.com\/eldigitaldeasturias\" \/>\n\t\t<meta name=\"twitter:card\" content=\"summary_large_image\" \/>\n\t\t<meta name=\"twitter:title\" content=\"Al menos 17 muertos por el choque frontal de un cami\u00f3n y un autob\u00fas en Argentina - El Digital de Asturias\" \/>\n\t\t<meta name=\"twitter:description\" content=\"Buenos Aires, 7 feb (EFE).- Al menos diecisiete personas murieron y m\u00e1s de una decena resultaron heridas hoy por el choque frontal entre un autob\u00fas y un cami\u00f3n que circulaba en contradirecci\u00f3n por una autopista en la provincia argentina de Mendoza, al oeste del pa\u00eds, informaron fuentes oficiales. La mayor\u00eda de las v\u00edctimas fallecieron calcinadas\" \/>\n\t\t<meta name=\"twitter:label1\" content=\"Escrito por\" \/>\n\t\t<meta name=\"twitter:data1\" content=\"El Digital de Asturias\" \/>\n\t\t<meta name=\"twitter:label2\" content=\"Tiempo de lectura estimado\" \/>\n\t\t<meta name=\"twitter:data2\" content=\"1 minuto\" \/>\n\t\t<script type=\"application\/ld+json\" class=\"aioseo-schema\">\n\t\t\t{\"@context\":\"https:\\\/\\\/schema.org\",\"@graph\":[{\"@type\":\"BlogPosting\",\"@id\":\"https:\\\/\\\/www.eldigitaldeasturias.com\\\/noticias\\\/al-menos-17-muertos-por-el-choque-frontal-de-un-camion-y-un-autobus-en-argentina\\\/#blogposting\",\"name\":\"Al menos 17 muertos por el choque frontal de un cami\\u00f3n y un autob\\u00fas en Argentina - El Digital de Asturias\",\"headline\":\"Al menos 17 muertos por el choque frontal de un cami\\u00f3n y un autob\\u00fas en Argentina\",\"author\":{\"@id\":\"https:\\\/\\\/www.eldigitaldeasturias.com\\\/noticias\\\/author\\\/admin\\\/#author\"},\"publisher\":{\"@id\":\"https:\\\/\\\/www.eldigitaldeasturias.com\\\/noticias\\\/#organization\"},\"image\":{\"@type\":\"ImageObject\",\"url\":486569},\"datePublished\":\"2014-02-08T03:20:24+01:00\",\"dateModified\":\"2014-02-08T03:20:24+01:00\",\"inLanguage\":\"es-ES\",\"mainEntityOfPage\":{\"@id\":\"https:\\\/\\\/www.eldigitaldeasturias.com\\\/noticias\\\/al-menos-17-muertos-por-el-choque-frontal-de-un-camion-y-un-autobus-en-argentina\\\/#webpage\"},\"isPartOf\":{\"@id\":\"https:\\\/\\\/www.eldigitaldeasturias.com\\\/noticias\\\/al-menos-17-muertos-por-el-choque-frontal-de-un-camion-y-un-autobus-en-argentina\\\/#webpage\"},\"articleSection\":\"Actualidad\"},{\"@type\":\"BreadcrumbList\",\"@id\":\"https:\\\/\\\/www.eldigitaldeasturias.com\\\/noticias\\\/al-menos-17-muertos-por-el-choque-frontal-de-un-camion-y-un-autobus-en-argentina\\\/#breadcrumblist\",\"itemListElement\":[{\"@type\":\"ListItem\",\"@id\":\"https:\\\/\\\/www.eldigitaldeasturias.com\\\/noticias#listItem\",\"position\":1,\"name\":\"Home\",\"item\":\"https:\\\/\\\/www.eldigitaldeasturias.com\\\/noticias\",\"nextItem\":{\"@type\":\"ListItem\",\"@id\":\"https:\\\/\\\/www.eldigitaldeasturias.com\\\/noticias\\\/category\\\/actualidad\\\/#listItem\",\"name\":\"Actualidad\"}},{\"@type\":\"ListItem\",\"@id\":\"https:\\\/\\\/www.eldigitaldeasturias.com\\\/noticias\\\/category\\\/actualidad\\\/#listItem\",\"position\":2,\"name\":\"Actualidad\",\"item\":\"https:\\\/\\\/www.eldigitaldeasturias.com\\\/noticias\\\/category\\\/actualidad\\\/\",\"nextItem\":{\"@type\":\"ListItem\",\"@id\":\"https:\\\/\\\/www.eldigitaldeasturias.com\\\/noticias\\\/al-menos-17-muertos-por-el-choque-frontal-de-un-camion-y-un-autobus-en-argentina\\\/#listItem\",\"name\":\"Al menos 17 muertos por el choque frontal de un cami\\u00f3n y un autob\\u00fas en Argentina\"},\"previousItem\":{\"@type\":\"ListItem\",\"@id\":\"https:\\\/\\\/www.eldigitaldeasturias.com\\\/noticias#listItem\",\"name\":\"Home\"}},{\"@type\":\"ListItem\",\"@id\":\"https:\\\/\\\/www.eldigitaldeasturias.com\\\/noticias\\\/al-menos-17-muertos-por-el-choque-frontal-de-un-camion-y-un-autobus-en-argentina\\\/#listItem\",\"position\":3,\"name\":\"Al menos 17 muertos por el choque frontal de un cami\\u00f3n y un autob\\u00fas en Argentina\",\"previousItem\":{\"@type\":\"ListItem\",\"@id\":\"https:\\\/\\\/www.eldigitaldeasturias.com\\\/noticias\\\/category\\\/actualidad\\\/#listItem\",\"name\":\"Actualidad\"}}]},{\"@type\":\"Organization\",\"@id\":\"https:\\\/\\\/www.eldigitaldeasturias.com\\\/noticias\\\/#organization\",\"name\":\"El Digital de Asturias\",\"description\":\"Hemeroteca\",\"url\":\"https:\\\/\\\/www.eldigitaldeasturias.com\\\/noticias\\\/\",\"email\":\"info@eldigitaldeasturias.com\",\"telephone\":\"+34652131393\",\"logo\":{\"@type\":\"ImageObject\",\"url\":\"https:\\\/\\\/www.eldigitaldeasturias.com\\\/noticias\\\/wp-content\\\/uploads\\\/2020\\\/12\\\/EDA.jpg\",\"@id\":\"https:\\\/\\\/www.eldigitaldeasturias.com\\\/noticias\\\/al-menos-17-muertos-por-el-choque-frontal-de-un-camion-y-un-autobus-en-argentina\\\/#organizationLogo\"},\"image\":{\"@id\":\"https:\\\/\\\/www.eldigitaldeasturias.com\\\/noticias\\\/al-menos-17-muertos-por-el-choque-frontal-de-un-camion-y-un-autobus-en-argentina\\\/#organizationLogo\"},\"sameAs\":[\"https:\\\/\\\/facebook.com\\\/eldigitaldeasturias\",\"https:\\\/\\\/www.youtube.com\\\/channel\\\/UCZP-2wLEB9Rv6erhFmqVnvg\"],\"address\":{\"@id\":\"https:\\\/\\\/www.eldigitaldeasturias.com\\\/noticias\\\/#postaladdress\",\"@type\":\"PostalAddress\",\"streetAddress\":\"san antonio 4\",\"postalCode\":\"33430\",\"addressLocality\":\"Cand\\u00e1s\",\"addressRegion\":\"Asturias\",\"addressCountry\":\"ES\"}},{\"@type\":\"Person\",\"@id\":\"https:\\\/\\\/www.eldigitaldeasturias.com\\\/noticias\\\/author\\\/admin\\\/#author\",\"url\":\"https:\\\/\\\/www.eldigitaldeasturias.com\\\/noticias\\\/author\\\/admin\\\/\",\"name\":\"El Digital de Asturias\",\"image\":{\"@type\":\"ImageObject\",\"@id\":\"https:\\\/\\\/www.eldigitaldeasturias.com\\\/noticias\\\/al-menos-17-muertos-por-el-choque-frontal-de-un-camion-y-un-autobus-en-argentina\\\/#authorImage\",\"url\":\"https:\\\/\\\/secure.gravatar.com\\\/avatar\\\/df2aeffc32bcd13f8d26072ef8a91b623d677766deac7f97ca815868cd41bf5e?s=96&d=mm&r=g\",\"width\":96,\"height\":96,\"caption\":\"El Digital de Asturias\"}},{\"@type\":\"WebPage\",\"@id\":\"https:\\\/\\\/www.eldigitaldeasturias.com\\\/noticias\\\/al-menos-17-muertos-por-el-choque-frontal-de-un-camion-y-un-autobus-en-argentina\\\/#webpage\",\"url\":\"https:\\\/\\\/www.eldigitaldeasturias.com\\\/noticias\\\/al-menos-17-muertos-por-el-choque-frontal-de-un-camion-y-un-autobus-en-argentina\\\/\",\"name\":\"Al menos 17 muertos por el choque frontal de un cami\\u00f3n y un autob\\u00fas en Argentina - El Digital de Asturias\",\"description\":\"Buenos Aires, 7 feb (EFE).- Al menos diecisiete personas murieron y m\\u00e1s de una decena resultaron heridas hoy por el choque frontal entre un autob\\u00fas y un cami\\u00f3n que circulaba en contradirecci\\u00f3n por una autopista en la provincia argentina de Mendoza, al oeste del pa\\u00eds, informaron fuentes oficiales. La mayor\\u00eda de las v\\u00edctimas fallecieron calcinadas\",\"inLanguage\":\"es-ES\",\"isPartOf\":{\"@id\":\"https:\\\/\\\/www.eldigitaldeasturias.com\\\/noticias\\\/#website\"},\"breadcrumb\":{\"@id\":\"https:\\\/\\\/www.eldigitaldeasturias.com\\\/noticias\\\/al-menos-17-muertos-por-el-choque-frontal-de-un-camion-y-un-autobus-en-argentina\\\/#breadcrumblist\"},\"author\":{\"@id\":\"https:\\\/\\\/www.eldigitaldeasturias.com\\\/noticias\\\/author\\\/admin\\\/#author\"},\"creator\":{\"@id\":\"https:\\\/\\\/www.eldigitaldeasturias.com\\\/noticias\\\/author\\\/admin\\\/#author\"},\"image\":{\"@type\":\"ImageObject\",\"url\":486569,\"@id\":\"https:\\\/\\\/www.eldigitaldeasturias.com\\\/noticias\\\/al-menos-17-muertos-por-el-choque-frontal-de-un-camion-y-un-autobus-en-argentina\\\/#mainImage\"},\"primaryImageOfPage\":{\"@id\":\"https:\\\/\\\/www.eldigitaldeasturias.com\\\/noticias\\\/al-menos-17-muertos-por-el-choque-frontal-de-un-camion-y-un-autobus-en-argentina\\\/#mainImage\"},\"datePublished\":\"2014-02-08T03:20:24+01:00\",\"dateModified\":\"2014-02-08T03:20:24+01:00\"},{\"@type\":\"WebSite\",\"@id\":\"https:\\\/\\\/www.eldigitaldeasturias.com\\\/noticias\\\/#website\",\"url\":\"https:\\\/\\\/www.eldigitaldeasturias.com\\\/noticias\\\/\",\"name\":\"El Digital de Asturias - Diario de actualidad y noticias\",\"alternateName\":\"El Digital de Asturias - Diario de actualidad y noticias\",\"description\":\"Hemeroteca\",\"inLanguage\":\"es-ES\",\"publisher\":{\"@id\":\"https:\\\/\\\/www.eldigitaldeasturias.com\\\/noticias\\\/#organization\"}}]}\n\t\t<\/script>\n\t\t<!-- All in One SEO Pro -->\r\n\t\t<title>Al menos 17 muertos por el choque frontal de un cami\u00f3n y un autob\u00fas en Argentina - El Digital de Asturias<\/title>\n\n","aioseo_head_json":{"title":"Al menos 17 muertos por el choque frontal de un cami\u00f3n y un autob\u00fas en Argentina - El Digital de Asturias","description":"Buenos Aires, 7 feb (EFE).- Al menos diecisiete personas murieron y m\u00e1s de una decena resultaron heridas hoy por el choque frontal entre un autob\u00fas y un cami\u00f3n que circulaba en contradirecci\u00f3n por una autopista en la provincia argentina de Mendoza, al oeste del pa\u00eds, informaron fuentes oficiales. La mayor\u00eda de las v\u00edctimas fallecieron calcinadas","canonical_url":"https:\/\/www.eldigitaldeasturias.com\/noticias\/al-menos-17-muertos-por-el-choque-frontal-de-un-camion-y-un-autobus-en-argentina\/","robots":"max-image-preview:large","keywords":"actualidad","webmasterTools":{"google-site-verification":"UA-38556648-1","msvalidate.01":"7dfe9f3f1b24437ab69f4f2559babe99","miscellaneous":""},"schema":{"@context":"https:\/\/schema.org","@graph":[{"@type":"BlogPosting","@id":"https:\/\/www.eldigitaldeasturias.com\/noticias\/al-menos-17-muertos-por-el-choque-frontal-de-un-camion-y-un-autobus-en-argentina\/#blogposting","name":"Al menos 17 muertos por el choque frontal de un cami\u00f3n y un autob\u00fas en Argentina - El Digital de Asturias","headline":"Al menos 17 muertos por el choque frontal de un cami\u00f3n y un autob\u00fas en Argentina","author":{"@id":"https:\/\/www.eldigitaldeasturias.com\/noticias\/author\/admin\/#author"},"publisher":{"@id":"https:\/\/www.eldigitaldeasturias.com\/noticias\/#organization"},"image":{"@type":"ImageObject","url":486569},"datePublished":"2014-02-08T03:20:24+01:00","dateModified":"2014-02-08T03:20:24+01:00","inLanguage":"es-ES","mainEntityOfPage":{"@id":"https:\/\/www.eldigitaldeasturias.com\/noticias\/al-menos-17-muertos-por-el-choque-frontal-de-un-camion-y-un-autobus-en-argentina\/#webpage"},"isPartOf":{"@id":"https:\/\/www.eldigitaldeasturias.com\/noticias\/al-menos-17-muertos-por-el-choque-frontal-de-un-camion-y-un-autobus-en-argentina\/#webpage"},"articleSection":"Actualidad"},{"@type":"BreadcrumbList","@id":"https:\/\/www.eldigitaldeasturias.com\/noticias\/al-menos-17-muertos-por-el-choque-frontal-de-un-camion-y-un-autobus-en-argentina\/#breadcrumblist","itemListElement":[{"@type":"ListItem","@id":"https:\/\/www.eldigitaldeasturias.com\/noticias#listItem","position":1,"name":"Home","item":"https:\/\/www.eldigitaldeasturias.com\/noticias","nextItem":{"@type":"ListItem","@id":"https:\/\/www.eldigitaldeasturias.com\/noticias\/category\/actualidad\/#listItem","name":"Actualidad"}},{"@type":"ListItem","@id":"https:\/\/www.eldigitaldeasturias.com\/noticias\/category\/actualidad\/#listItem","position":2,"name":"Actualidad","item":"https:\/\/www.eldigitaldeasturias.com\/noticias\/category\/actualidad\/","nextItem":{"@type":"ListItem","@id":"https:\/\/www.eldigitaldeasturias.com\/noticias\/al-menos-17-muertos-por-el-choque-frontal-de-un-camion-y-un-autobus-en-argentina\/#listItem","name":"Al menos 17 muertos por el choque frontal de un cami\u00f3n y un autob\u00fas en Argentina"},"previousItem":{"@type":"ListItem","@id":"https:\/\/www.eldigitaldeasturias.com\/noticias#listItem","name":"Home"}},{"@type":"ListItem","@id":"https:\/\/www.eldigitaldeasturias.com\/noticias\/al-menos-17-muertos-por-el-choque-frontal-de-un-camion-y-un-autobus-en-argentina\/#listItem","position":3,"name":"Al menos 17 muertos por el choque frontal de un cami\u00f3n y un autob\u00fas en Argentina","previousItem":{"@type":"ListItem","@id":"https:\/\/www.eldigitaldeasturias.com\/noticias\/category\/actualidad\/#listItem","name":"Actualidad"}}]},{"@type":"Organization","@id":"https:\/\/www.eldigitaldeasturias.com\/noticias\/#organization","name":"El Digital de Asturias","description":"Hemeroteca","url":"https:\/\/www.eldigitaldeasturias.com\/noticias\/","email":"info@eldigitaldeasturias.com","telephone":"+34652131393","logo":{"@type":"ImageObject","url":"https:\/\/www.eldigitaldeasturias.com\/noticias\/wp-content\/uploads\/2020\/12\/EDA.jpg","@id":"https:\/\/www.eldigitaldeasturias.com\/noticias\/al-menos-17-muertos-por-el-choque-frontal-de-un-camion-y-un-autobus-en-argentina\/#organizationLogo"},"image":{"@id":"https:\/\/www.eldigitaldeasturias.com\/noticias\/al-menos-17-muertos-por-el-choque-frontal-de-un-camion-y-un-autobus-en-argentina\/#organizationLogo"},"sameAs":["https:\/\/facebook.com\/eldigitaldeasturias","https:\/\/www.youtube.com\/channel\/UCZP-2wLEB9Rv6erhFmqVnvg"],"address":{"@id":"https:\/\/www.eldigitaldeasturias.com\/noticias\/#postaladdress","@type":"PostalAddress","streetAddress":"san antonio 4","postalCode":"33430","addressLocality":"Cand\u00e1s","addressRegion":"Asturias","addressCountry":"ES"}},{"@type":"Person","@id":"https:\/\/www.eldigitaldeasturias.com\/noticias\/author\/admin\/#author","url":"https:\/\/www.eldigitaldeasturias.com\/noticias\/author\/admin\/","name":"El Digital de Asturias","image":{"@type":"ImageObject","@id":"https:\/\/www.eldigitaldeasturias.com\/noticias\/al-menos-17-muertos-por-el-choque-frontal-de-un-camion-y-un-autobus-en-argentina\/#authorImage","url":"https:\/\/secure.gravatar.com\/avatar\/df2aeffc32bcd13f8d26072ef8a91b623d677766deac7f97ca815868cd41bf5e?s=96&d=mm&r=g","width":96,"height":96,"caption":"El Digital de Asturias"}},{"@type":"WebPage","@id":"https:\/\/www.eldigitaldeasturias.com\/noticias\/al-menos-17-muertos-por-el-choque-frontal-de-un-camion-y-un-autobus-en-argentina\/#webpage","url":"https:\/\/www.eldigitaldeasturias.com\/noticias\/al-menos-17-muertos-por-el-choque-frontal-de-un-camion-y-un-autobus-en-argentina\/","name":"Al menos 17 muertos por el choque frontal de un cami\u00f3n y un autob\u00fas en Argentina - El Digital de Asturias","description":"Buenos Aires, 7 feb (EFE).- Al menos diecisiete personas murieron y m\u00e1s de una decena resultaron heridas hoy por el choque frontal entre un autob\u00fas y un cami\u00f3n que circulaba en contradirecci\u00f3n por una autopista en la provincia argentina de Mendoza, al oeste del pa\u00eds, informaron fuentes oficiales. La mayor\u00eda de las v\u00edctimas fallecieron calcinadas","inLanguage":"es-ES","isPartOf":{"@id":"https:\/\/www.eldigitaldeasturias.com\/noticias\/#website"},"breadcrumb":{"@id":"https:\/\/www.eldigitaldeasturias.com\/noticias\/al-menos-17-muertos-por-el-choque-frontal-de-un-camion-y-un-autobus-en-argentina\/#breadcrumblist"},"author":{"@id":"https:\/\/www.eldigitaldeasturias.com\/noticias\/author\/admin\/#author"},"creator":{"@id":"https:\/\/www.eldigitaldeasturias.com\/noticias\/author\/admin\/#author"},"image":{"@type":"ImageObject","url":486569,"@id":"https:\/\/www.eldigitaldeasturias.com\/noticias\/al-menos-17-muertos-por-el-choque-frontal-de-un-camion-y-un-autobus-en-argentina\/#mainImage"},"primaryImageOfPage":{"@id":"https:\/\/www.eldigitaldeasturias.com\/noticias\/al-menos-17-muertos-por-el-choque-frontal-de-un-camion-y-un-autobus-en-argentina\/#mainImage"},"datePublished":"2014-02-08T03:20:24+01:00","dateModified":"2014-02-08T03:20:24+01:00"},{"@type":"WebSite","@id":"https:\/\/www.eldigitaldeasturias.com\/noticias\/#website","url":"https:\/\/www.eldigitaldeasturias.com\/noticias\/","name":"El Digital de Asturias - Diario de actualidad y noticias","alternateName":"El Digital de Asturias - Diario de actualidad y noticias","description":"Hemeroteca","inLanguage":"es-ES","publisher":{"@id":"https:\/\/www.eldigitaldeasturias.com\/noticias\/#organization"}}]},"og:locale":"es_ES","og:site_name":"El Digital de Asturias","og:type":"article","og:title":"Al menos 17 muertos por el choque frontal de un cami\u00f3n y un autob\u00fas en Argentina - El Digital de Asturias","og:description":"Buenos Aires, 7 feb (EFE).- Al menos diecisiete personas murieron y m\u00e1s de una decena resultaron heridas hoy por el choque frontal entre un autob\u00fas y un cami\u00f3n que circulaba en contradirecci\u00f3n por una autopista en la provincia argentina de Mendoza, al oeste del pa\u00eds, informaron fuentes oficiales. La mayor\u00eda de las v\u00edctimas fallecieron calcinadas","og:url":"https:\/\/www.eldigitaldeasturias.com\/noticias\/al-menos-17-muertos-por-el-choque-frontal-de-un-camion-y-un-autobus-en-argentina\/","article:tag":["actualidad"],"article:published_time":"2014-02-08T04:20:24+00:00","article:modified_time":"2014-02-08T04:20:24+00:00","article:publisher":"https:\/\/facebook.com\/eldigitaldeasturias","twitter:card":"summary_large_image","twitter:title":"Al menos 17 muertos por el choque frontal de un cami\u00f3n y un autob\u00fas en Argentina - El Digital de Asturias","twitter:description":"Buenos Aires, 7 feb (EFE).- Al menos diecisiete personas murieron y m\u00e1s de una decena resultaron heridas hoy por el choque frontal entre un autob\u00fas y un cami\u00f3n que circulaba en contradirecci\u00f3n por una autopista en la provincia argentina de Mendoza, al oeste del pa\u00eds, informaron fuentes oficiales. La mayor\u00eda de las v\u00edctimas fallecieron calcinadas","twitter:label1":"Escrito por","twitter:data1":"El Digital de Asturias","twitter:label2":"Tiempo de lectura estimado","twitter:data2":"1 minuto"},"aioseo_meta_data":{"post_id":"486568","title":null,"description":null,"keywords":null,"keyphrases":null,"primary_term":null,"canonical_url":null,"og_title":null,"og_description":null,"og_object_type":"default","og_image_type":"default","og_image_url":null,"og_image_width":null,"og_image_height":null,"og_image_custom_url":null,"og_image_custom_fields":null,"og_video":null,"og_custom_url":null,"og_article_section":null,"og_article_tags":null,"twitter_use_og":true,"twitter_card":"default","twitter_image_type":"default","twitter_image_url":null,"twitter_image_custom_url":null,"twitter_image_custom_fields":null,"twitter_title":null,"twitter_description":null,"schema":{"blockGraphs":[],"customGraphs":[],"default":{"data":{"Article":[],"Course":[],"Dataset":[],"FAQPage":[],"Movie":[],"Person":[],"Product":[],"ProductReview":[],"Car":[],"Recipe":[],"Service":[],"SoftwareApplication":[],"WebPage":[]},"graphName":"","isEnabled":true},"graphs":[],"defaultGraph":"","defaultPostTypeGraph":""},"schema_type":null,"schema_type_options":null,"pillar_content":false,"robots_default":true,"robots_noindex":false,"robots_noarchive":false,"robots_nosnippet":false,"robots_nofollow":false,"robots_noimageindex":false,"robots_noodp":false,"robots_notranslate":false,"robots_max_snippet":null,"robots_max_videopreview":null,"robots_max_imagepreview":"none","priority":null,"frequency":null,"local_seo":null,"seo_analyzer_scan_date":"2026-06-03 01:32:08","breadcrumb_settings":null,"limit_modified_date":false,"open_ai":null,"ai":null,"created":"2020-11-14 22:56:08","updated":"2026-06-03 01:32:08","focus_keyword":null,"additional_keywords":null,"truseo_locale":null},"aioseo_breadcrumb":"<div class=\"aioseo-breadcrumbs\"><span class=\"aioseo-breadcrumb\">\n\t<a href=\"https:\/\/www.eldigitaldeasturias.com\/noticias\" title=\"Home\">Home<\/a>\n<\/span><span class=\"aioseo-breadcrumb-separator\">\u2013<\/span><span class=\"aioseo-breadcrumb\">\n\t<a href=\"https:\/\/www.eldigitaldeasturias.com\/noticias\/category\/actualidad\/\" title=\"Actualidad\">Actualidad<\/a>\n<\/span><span class=\"aioseo-breadcrumb-separator\">\u2013<\/span><span class=\"aioseo-breadcrumb\">\n\t<a href=\"https:\/\/www.eldigitaldeasturias.com\/noticias\/al-menos-17-muertos-por-el-choque-frontal-de-un-camion-y-un-autobus-en-argentina\/\" title=\"Al menos 17 muertos por el choque frontal de un cami\u00f3n y un autob\u00fas en Argentina\">Al menos 17 muertos por el choque frontal de un cami\u00f3n y un autob\u00fas en Argentina<\/a>\n<\/span><\/div>","aioseo_breadcrumb_json":[{"label":"Home","link":"https:\/\/www.eldigitaldeasturias.com\/noticias"},{"label":"Actualidad","link":"https:\/\/www.eldigitaldeasturias.com\/noticias\/category\/actualidad\/"},{"label":"Al menos 17 muertos por el choque frontal de un cami\u00f3n y un autob\u00fas en Argentina","link":"https:\/\/www.eldigitaldeasturias.com\/noticias\/al-menos-17-muertos-por-el-choque-frontal-de-un-camion-y-un-autobus-en-argentina\/"}],"_links":{"self":[{"href":"https:\/\/www.eldigitaldeasturias.com\/noticias\/wp-json\/wp\/v2\/posts\/486568","targetHints":{"allow":["GET"]}}],"collection":[{"href":"https:\/\/www.eldigitaldeasturias.com\/noticias\/wp-json\/wp\/v2\/posts"}],"about":[{"href":"https:\/\/www.eldigitaldeasturias.com\/noticias\/wp-json\/wp\/v2\/types\/post"}],"author":[{"embeddable":true,"href":"https:\/\/www.eldigitaldeasturias.com\/noticias\/wp-json\/wp\/v2\/users\/1"}],"replies":[{"embeddable":true,"href":"https:\/\/www.eldigitaldeasturias.com\/noticias\/wp-json\/wp\/v2\/comments?post=486568"}],"version-history":[{"count":0,"href":"https:\/\/www.eldigitaldeasturias.com\/noticias\/wp-json\/wp\/v2\/posts\/486568\/revisions"}],"wp:attachment":[{"href":"https:\/\/www.eldigitaldeasturias.com\/noticias\/wp-json\/wp\/v2\/media?parent=486568"}],"wp:term":[{"taxonomy":"category","embeddable":true,"href":"https:\/\/www.eldigitaldeasturias.com\/noticias\/wp-json\/wp\/v2\/categories?post=486568"},{"taxonomy":"post_tag","embeddable":true,"href":"https:\/\/www.eldigitaldeasturias.com\/noticias\/wp-json\/wp\/v2\/tags?post=486568"}],"curies":[{"name":"wp","href":"https:\/\/api.w.org\/{rel}","templated":true}]}}