{"id":486565,"date":"2014-02-08T03:19:27","date_gmt":"2014-02-08T04:19:27","guid":{"rendered":"http:\/\/www.eldigitaldeasturias.com\/noticias\/?p=486565"},"modified":"2014-02-08T03:19:27","modified_gmt":"2014-02-08T04:19:27","slug":"corea-del-norte-reenvia-al-preso-estadounidense-bae-a-un-campo-de-trabajo","status":"publish","type":"post","link":"https:\/\/www.eldigitaldeasturias.com\/noticias\/corea-del-norte-reenvia-al-preso-estadounidense-bae-a-un-campo-de-trabajo\/","title":{"rendered":"Corea del Norte reenv\u00eda al preso estadounidense Bae a un campo de trabajo"},"content":{"rendered":"<p><img loading=\"lazy\" decoding=\"async\" class=\"alignleft size-medium wp-image-486566\" alt=\"5923220w\" src=\"https:\/\/www.eldigitaldeasturias.com\/noticias\/wp-content\/uploads\/2014\/02\/5923220w-360x259.jpg\" width=\"360\" height=\"259\" \/>Washington, 7 feb (EFE).- Corea del Norte ha reenviado al preso estadounidense de origen surcoreano Kenneth Bae, cuyo nombre de pila es Bae Joon-ho, a un campo de trabajo tras una larga hospitalizaci\u00f3n, seg\u00fan inform\u00f3 hoy el Departamento de Estado de EEUU, que pidi\u00f3 una vez m\u00e1s su liberaci\u00f3n.<\/p>\n<p>Bae, de 45 a\u00f1os, fue arrestado en noviembre de 2012 y condenado el 30 de abril del a\u00f1o pasado por el Tribunal Supremo norcoreano a 15 a\u00f1os de trabajos forzados por violar el art\u00edculo 60 de la Constituci\u00f3n del pa\u00eds, que hace referencia a la comisi\u00f3n de un delito con el objetivo \u00abde derrocar al r\u00e9gimen\u00bb.<\/p>\n<p>Aunque el delito nunca ha sido especificado por el r\u00e9gimen, se sabe que Bae, que trabajaba como operador tur\u00edstico en una ciudad fronteriza con China y desempe\u00f1aba tareas de misionero cristiano, entr\u00f3 en la zona econ\u00f3mica especial norcoreana de Rason (noreste) junto a cinco turistas a principios de noviembre de 2012.<\/p>\n<p>\u00abEstamos muy preocupados -por el reenv\u00edo de Bae al campo de trabajo-. Tambi\u00e9n seguimos estando muy preocupados por su salud, por eso pedimos una vez m\u00e1s una amnist\u00eda especial y su inmediata liberaci\u00f3n\u00bb, dijo hoy en un comunicado la portavoz del Departamento de Estado, Jen Psaki.<\/p>\n<p>Bae sufre problemas de salud cr\u00f3nicos y por eso fue hospitalizado, seg\u00fan declaraciones de su hermana Terri Chung que recogen varios medios estadounidenses.<\/p>\n<p>Diplom\u00e1ticos de la embajada de Suecia en Corea del Norte, que representa los intereses estadounidenses en el pa\u00eds asi\u00e1tico, se han reunido diez veces con Bae desde su detenci\u00f3n, la \u00faltima este viernes en el campo de trabajo donde ha sido reenviado, inform\u00f3 el Departamento de Estado.<\/p>\n<p>El presidente de EEUU, Barack Obama, pidi\u00f3 su liberaci\u00f3n ayer en el marco de la celebraci\u00f3n anual del llamado Desayuno Nacional de Oraci\u00f3n.<\/p>\n<p>Obama urgi\u00f3 a no olvidar a los \u00abestadounidenses de fe\u00bb que son \u00abperseguidos\u00bb en la actualidad y mencion\u00f3 a Bae: \u00abSu familia lo quiere en casa y Estados Unidos continuar\u00e1 haciendo todo lo posible para lograr su liberaci\u00f3n, porque Kenneth Bae merece ser libre\u00bb, prometi\u00f3.<\/p>\n<p>El Departamento de Estado volvi\u00f3 a plantear hoy la posibilidad de que el diplom\u00e1tico Robert King, enviado especial de EEUU para Corea del Norte, viaje a Pyongyang con el fin de facilitar las gestiones de la liberaci\u00f3n de Bae.<\/p>\n<p>En agosto pasado Corea del Norte cancel\u00f3 en el \u00faltimo momento una invitaci\u00f3n similar para King, con el argumento de que EEUU realiz\u00f3 \u00abprovocaciones militares\u00bb contra el pa\u00eds comunista.<\/p>\n<p>En una inusual comparecencia ante la prensa, Bae manifest\u00f3 el pasado 20 de enero que desea ser liberado lo antes posible para regresar junto a su familia en EEUU, seg\u00fan inform\u00f3 entonces la agencia japonesa Kyodo.<\/p>\n","protected":false},"excerpt":{"rendered":"<p>Washington, 7 feb (EFE).- Corea del Norte ha reenviado al preso estadounidense de origen surcoreano Kenneth Bae, cuyo nombre de pila es Bae Joon-ho, a un campo de trabajo tras una larga hospitalizaci\u00f3n, seg\u00fan inform\u00f3 hoy el Departamento de Estado de EEUU, que pidi\u00f3 una vez m\u00e1s su liberaci\u00f3n. Bae, de 45 a\u00f1os, fue arrestado [&hellip;]<\/p>\n","protected":false},"author":1,"featured_media":486566,"comment_status":"open","ping_status":"open","sticky":false,"template":"","format":"standard","meta":{"footnotes":""},"categories":[1],"tags":[],"class_list":["post-486565","post","type-post","status-publish","format-standard","has-post-thumbnail","hentry","category-actualidad"],"aioseo_notices":[],"aioseo_head":"\n\t\t<!-- All in One SEO Pro 5.0.1 - aioseo.com -->\n\t<meta name=\"description\" content=\"Washington, 7 feb (EFE).- Corea del Norte ha reenviado al preso estadounidense de origen surcoreano Kenneth Bae, cuyo nombre de pila es Bae Joon-ho, a un campo de trabajo tras una larga hospitalizaci\u00f3n, seg\u00fan inform\u00f3 hoy el Departamento de Estado de EEUU, que pidi\u00f3 una vez m\u00e1s su liberaci\u00f3n. Bae, de 45 a\u00f1os, fue arrestado\" \/>\n\t<meta name=\"robots\" content=\"max-image-preview:large\" \/>\n\t<meta name=\"author\" content=\"El Digital de Asturias\"\/>\n\t<meta name=\"google-site-verification\" content=\"UA-38556648-1\" \/>\n\t<meta name=\"msvalidate.01\" content=\"7dfe9f3f1b24437ab69f4f2559babe99\" \/>\n\t<meta name=\"keywords\" content=\"actualidad\" \/>\n\t<link rel=\"canonical\" href=\"https:\/\/www.eldigitaldeasturias.com\/noticias\/corea-del-norte-reenvia-al-preso-estadounidense-bae-a-un-campo-de-trabajo\/\" \/>\n\t<meta name=\"generator\" content=\"All in One SEO Pro (AIOSEO) 5.0.1\" \/>\n\t\t<meta property=\"og:locale\" content=\"es_ES\" \/>\n\t\t<meta property=\"og:site_name\" content=\"El Digital de Asturias\" \/>\n\t\t<meta property=\"og:type\" content=\"article\" \/>\n\t\t<meta property=\"og:title\" content=\"Corea del Norte reenv\u00eda al preso estadounidense Bae a un campo de trabajo - El Digital de Asturias\" \/>\n\t\t<meta property=\"og:description\" content=\"Washington, 7 feb (EFE).- Corea del Norte ha reenviado al preso estadounidense de origen surcoreano Kenneth Bae, cuyo nombre de pila es Bae Joon-ho, a un campo de trabajo tras una larga hospitalizaci\u00f3n, seg\u00fan inform\u00f3 hoy el Departamento de Estado de EEUU, que pidi\u00f3 una vez m\u00e1s su liberaci\u00f3n. Bae, de 45 a\u00f1os, fue arrestado\" \/>\n\t\t<meta property=\"og:url\" content=\"https:\/\/www.eldigitaldeasturias.com\/noticias\/corea-del-norte-reenvia-al-preso-estadounidense-bae-a-un-campo-de-trabajo\/\" \/>\n\t\t<meta property=\"article:tag\" content=\"actualidad\" \/>\n\t\t<meta property=\"article:published_time\" content=\"2014-02-08T04:19:27+00:00\" \/>\n\t\t<meta property=\"article:modified_time\" content=\"2014-02-08T04:19:27+00:00\" \/>\n\t\t<meta property=\"article:publisher\" content=\"https:\/\/facebook.com\/eldigitaldeasturias\" \/>\n\t\t<meta name=\"twitter:card\" content=\"summary_large_image\" \/>\n\t\t<meta name=\"twitter:title\" content=\"Corea del Norte reenv\u00eda al preso estadounidense Bae a un campo de trabajo - El Digital de Asturias\" \/>\n\t\t<meta name=\"twitter:description\" content=\"Washington, 7 feb (EFE).- Corea del Norte ha reenviado al preso estadounidense de origen surcoreano Kenneth Bae, cuyo nombre de pila es Bae Joon-ho, a un campo de trabajo tras una larga hospitalizaci\u00f3n, seg\u00fan inform\u00f3 hoy el Departamento de Estado de EEUU, que pidi\u00f3 una vez m\u00e1s su liberaci\u00f3n. Bae, de 45 a\u00f1os, fue arrestado\" \/>\n\t\t<meta name=\"twitter:label1\" content=\"Escrito por\" \/>\n\t\t<meta name=\"twitter:data1\" content=\"El Digital de Asturias\" \/>\n\t\t<meta name=\"twitter:label2\" content=\"Tiempo de lectura estimado\" \/>\n\t\t<meta name=\"twitter:data2\" content=\"2 minutos\" \/>\n\t\t<script type=\"application\/ld+json\" class=\"aioseo-schema\">\n\t\t\t{\"@context\":\"https:\\\/\\\/schema.org\",\"@graph\":[{\"@type\":\"BlogPosting\",\"@id\":\"https:\\\/\\\/www.eldigitaldeasturias.com\\\/noticias\\\/corea-del-norte-reenvia-al-preso-estadounidense-bae-a-un-campo-de-trabajo\\\/#blogposting\",\"name\":\"Corea del Norte reenv\\u00eda al preso estadounidense Bae a un campo de trabajo - El Digital de Asturias\",\"headline\":\"Corea del Norte reenv\\u00eda al preso estadounidense Bae a un campo de trabajo\",\"author\":{\"@id\":\"https:\\\/\\\/www.eldigitaldeasturias.com\\\/noticias\\\/author\\\/admin\\\/#author\"},\"publisher\":{\"@id\":\"https:\\\/\\\/www.eldigitaldeasturias.com\\\/noticias\\\/#organization\"},\"image\":{\"@type\":\"ImageObject\",\"url\":486566},\"datePublished\":\"2014-02-08T03:19:27+01:00\",\"dateModified\":\"2014-02-08T03:19:27+01:00\",\"inLanguage\":\"es-ES\",\"mainEntityOfPage\":{\"@id\":\"https:\\\/\\\/www.eldigitaldeasturias.com\\\/noticias\\\/corea-del-norte-reenvia-al-preso-estadounidense-bae-a-un-campo-de-trabajo\\\/#webpage\"},\"isPartOf\":{\"@id\":\"https:\\\/\\\/www.eldigitaldeasturias.com\\\/noticias\\\/corea-del-norte-reenvia-al-preso-estadounidense-bae-a-un-campo-de-trabajo\\\/#webpage\"},\"articleSection\":\"Actualidad\"},{\"@type\":\"BreadcrumbList\",\"@id\":\"https:\\\/\\\/www.eldigitaldeasturias.com\\\/noticias\\\/corea-del-norte-reenvia-al-preso-estadounidense-bae-a-un-campo-de-trabajo\\\/#breadcrumblist\",\"itemListElement\":[{\"@type\":\"ListItem\",\"@id\":\"https:\\\/\\\/www.eldigitaldeasturias.com\\\/noticias#listItem\",\"position\":1,\"name\":\"Home\",\"item\":\"https:\\\/\\\/www.eldigitaldeasturias.com\\\/noticias\",\"nextItem\":{\"@type\":\"ListItem\",\"@id\":\"https:\\\/\\\/www.eldigitaldeasturias.com\\\/noticias\\\/category\\\/actualidad\\\/#listItem\",\"name\":\"Actualidad\"}},{\"@type\":\"ListItem\",\"@id\":\"https:\\\/\\\/www.eldigitaldeasturias.com\\\/noticias\\\/category\\\/actualidad\\\/#listItem\",\"position\":2,\"name\":\"Actualidad\",\"item\":\"https:\\\/\\\/www.eldigitaldeasturias.com\\\/noticias\\\/category\\\/actualidad\\\/\",\"nextItem\":{\"@type\":\"ListItem\",\"@id\":\"https:\\\/\\\/www.eldigitaldeasturias.com\\\/noticias\\\/corea-del-norte-reenvia-al-preso-estadounidense-bae-a-un-campo-de-trabajo\\\/#listItem\",\"name\":\"Corea del Norte reenv\\u00eda al preso estadounidense Bae a un campo de trabajo\"},\"previousItem\":{\"@type\":\"ListItem\",\"@id\":\"https:\\\/\\\/www.eldigitaldeasturias.com\\\/noticias#listItem\",\"name\":\"Home\"}},{\"@type\":\"ListItem\",\"@id\":\"https:\\\/\\\/www.eldigitaldeasturias.com\\\/noticias\\\/corea-del-norte-reenvia-al-preso-estadounidense-bae-a-un-campo-de-trabajo\\\/#listItem\",\"position\":3,\"name\":\"Corea del Norte reenv\\u00eda al preso estadounidense Bae a un campo de trabajo\",\"previousItem\":{\"@type\":\"ListItem\",\"@id\":\"https:\\\/\\\/www.eldigitaldeasturias.com\\\/noticias\\\/category\\\/actualidad\\\/#listItem\",\"name\":\"Actualidad\"}}]},{\"@type\":\"Organization\",\"@id\":\"https:\\\/\\\/www.eldigitaldeasturias.com\\\/noticias\\\/#organization\",\"name\":\"El Digital de Asturias\",\"description\":\"Hemeroteca\",\"url\":\"https:\\\/\\\/www.eldigitaldeasturias.com\\\/noticias\\\/\",\"email\":\"info@eldigitaldeasturias.com\",\"telephone\":\"+34652131393\",\"logo\":{\"@type\":\"ImageObject\",\"url\":\"https:\\\/\\\/www.eldigitaldeasturias.com\\\/noticias\\\/wp-content\\\/uploads\\\/2020\\\/12\\\/EDA.jpg\",\"@id\":\"https:\\\/\\\/www.eldigitaldeasturias.com\\\/noticias\\\/corea-del-norte-reenvia-al-preso-estadounidense-bae-a-un-campo-de-trabajo\\\/#organizationLogo\"},\"image\":{\"@id\":\"https:\\\/\\\/www.eldigitaldeasturias.com\\\/noticias\\\/corea-del-norte-reenvia-al-preso-estadounidense-bae-a-un-campo-de-trabajo\\\/#organizationLogo\"},\"sameAs\":[\"https:\\\/\\\/facebook.com\\\/eldigitaldeasturias\",\"https:\\\/\\\/www.youtube.com\\\/channel\\\/UCZP-2wLEB9Rv6erhFmqVnvg\"],\"address\":{\"@id\":\"https:\\\/\\\/www.eldigitaldeasturias.com\\\/noticias\\\/#postaladdress\",\"@type\":\"PostalAddress\",\"streetAddress\":\"san antonio 4\",\"postalCode\":\"33430\",\"addressLocality\":\"Cand\\u00e1s\",\"addressRegion\":\"Asturias\",\"addressCountry\":\"ES\"}},{\"@type\":\"Person\",\"@id\":\"https:\\\/\\\/www.eldigitaldeasturias.com\\\/noticias\\\/author\\\/admin\\\/#author\",\"url\":\"https:\\\/\\\/www.eldigitaldeasturias.com\\\/noticias\\\/author\\\/admin\\\/\",\"name\":\"El Digital de Asturias\",\"image\":{\"@type\":\"ImageObject\",\"@id\":\"https:\\\/\\\/www.eldigitaldeasturias.com\\\/noticias\\\/corea-del-norte-reenvia-al-preso-estadounidense-bae-a-un-campo-de-trabajo\\\/#authorImage\",\"url\":\"https:\\\/\\\/secure.gravatar.com\\\/avatar\\\/df2aeffc32bcd13f8d26072ef8a91b623d677766deac7f97ca815868cd41bf5e?s=96&d=mm&r=g\",\"width\":96,\"height\":96,\"caption\":\"El Digital de Asturias\"}},{\"@type\":\"WebPage\",\"@id\":\"https:\\\/\\\/www.eldigitaldeasturias.com\\\/noticias\\\/corea-del-norte-reenvia-al-preso-estadounidense-bae-a-un-campo-de-trabajo\\\/#webpage\",\"url\":\"https:\\\/\\\/www.eldigitaldeasturias.com\\\/noticias\\\/corea-del-norte-reenvia-al-preso-estadounidense-bae-a-un-campo-de-trabajo\\\/\",\"name\":\"Corea del Norte reenv\\u00eda al preso estadounidense Bae a un campo de trabajo - El Digital de Asturias\",\"description\":\"Washington, 7 feb (EFE).- Corea del Norte ha reenviado al preso estadounidense de origen surcoreano Kenneth Bae, cuyo nombre de pila es Bae Joon-ho, a un campo de trabajo tras una larga hospitalizaci\\u00f3n, seg\\u00fan inform\\u00f3 hoy el Departamento de Estado de EEUU, que pidi\\u00f3 una vez m\\u00e1s su liberaci\\u00f3n. Bae, de 45 a\\u00f1os, fue arrestado\",\"inLanguage\":\"es-ES\",\"isPartOf\":{\"@id\":\"https:\\\/\\\/www.eldigitaldeasturias.com\\\/noticias\\\/#website\"},\"breadcrumb\":{\"@id\":\"https:\\\/\\\/www.eldigitaldeasturias.com\\\/noticias\\\/corea-del-norte-reenvia-al-preso-estadounidense-bae-a-un-campo-de-trabajo\\\/#breadcrumblist\"},\"author\":{\"@id\":\"https:\\\/\\\/www.eldigitaldeasturias.com\\\/noticias\\\/author\\\/admin\\\/#author\"},\"creator\":{\"@id\":\"https:\\\/\\\/www.eldigitaldeasturias.com\\\/noticias\\\/author\\\/admin\\\/#author\"},\"image\":{\"@type\":\"ImageObject\",\"url\":486566,\"@id\":\"https:\\\/\\\/www.eldigitaldeasturias.com\\\/noticias\\\/corea-del-norte-reenvia-al-preso-estadounidense-bae-a-un-campo-de-trabajo\\\/#mainImage\"},\"primaryImageOfPage\":{\"@id\":\"https:\\\/\\\/www.eldigitaldeasturias.com\\\/noticias\\\/corea-del-norte-reenvia-al-preso-estadounidense-bae-a-un-campo-de-trabajo\\\/#mainImage\"},\"datePublished\":\"2014-02-08T03:19:27+01:00\",\"dateModified\":\"2014-02-08T03:19:27+01:00\"},{\"@type\":\"WebSite\",\"@id\":\"https:\\\/\\\/www.eldigitaldeasturias.com\\\/noticias\\\/#website\",\"url\":\"https:\\\/\\\/www.eldigitaldeasturias.com\\\/noticias\\\/\",\"name\":\"El Digital de Asturias - Diario de actualidad y noticias\",\"alternateName\":\"El Digital de Asturias - Diario de actualidad y noticias\",\"description\":\"Hemeroteca\",\"inLanguage\":\"es-ES\",\"publisher\":{\"@id\":\"https:\\\/\\\/www.eldigitaldeasturias.com\\\/noticias\\\/#organization\"}}]}\n\t\t<\/script>\n\t\t<!-- All in One SEO Pro -->\r\n\t\t<title>Corea del Norte reenv\u00eda al preso estadounidense Bae a un campo de trabajo - El Digital de Asturias<\/title>\n\n","aioseo_head_json":{"title":"Corea del Norte reenv\u00eda al preso estadounidense Bae a un campo de trabajo - El Digital de Asturias","description":"Washington, 7 feb (EFE).- Corea del Norte ha reenviado al preso estadounidense de origen surcoreano Kenneth Bae, cuyo nombre de pila es Bae Joon-ho, a un campo de trabajo tras una larga hospitalizaci\u00f3n, seg\u00fan inform\u00f3 hoy el Departamento de Estado de EEUU, que pidi\u00f3 una vez m\u00e1s su liberaci\u00f3n. Bae, de 45 a\u00f1os, fue arrestado","canonical_url":"https:\/\/www.eldigitaldeasturias.com\/noticias\/corea-del-norte-reenvia-al-preso-estadounidense-bae-a-un-campo-de-trabajo\/","robots":"max-image-preview:large","keywords":"actualidad","webmasterTools":{"google-site-verification":"UA-38556648-1","msvalidate.01":"7dfe9f3f1b24437ab69f4f2559babe99","miscellaneous":""},"schema":{"@context":"https:\/\/schema.org","@graph":[{"@type":"BlogPosting","@id":"https:\/\/www.eldigitaldeasturias.com\/noticias\/corea-del-norte-reenvia-al-preso-estadounidense-bae-a-un-campo-de-trabajo\/#blogposting","name":"Corea del Norte reenv\u00eda al preso estadounidense Bae a un campo de trabajo - El Digital de Asturias","headline":"Corea del Norte reenv\u00eda al preso estadounidense Bae a un campo de trabajo","author":{"@id":"https:\/\/www.eldigitaldeasturias.com\/noticias\/author\/admin\/#author"},"publisher":{"@id":"https:\/\/www.eldigitaldeasturias.com\/noticias\/#organization"},"image":{"@type":"ImageObject","url":486566},"datePublished":"2014-02-08T03:19:27+01:00","dateModified":"2014-02-08T03:19:27+01:00","inLanguage":"es-ES","mainEntityOfPage":{"@id":"https:\/\/www.eldigitaldeasturias.com\/noticias\/corea-del-norte-reenvia-al-preso-estadounidense-bae-a-un-campo-de-trabajo\/#webpage"},"isPartOf":{"@id":"https:\/\/www.eldigitaldeasturias.com\/noticias\/corea-del-norte-reenvia-al-preso-estadounidense-bae-a-un-campo-de-trabajo\/#webpage"},"articleSection":"Actualidad"},{"@type":"BreadcrumbList","@id":"https:\/\/www.eldigitaldeasturias.com\/noticias\/corea-del-norte-reenvia-al-preso-estadounidense-bae-a-un-campo-de-trabajo\/#breadcrumblist","itemListElement":[{"@type":"ListItem","@id":"https:\/\/www.eldigitaldeasturias.com\/noticias#listItem","position":1,"name":"Home","item":"https:\/\/www.eldigitaldeasturias.com\/noticias","nextItem":{"@type":"ListItem","@id":"https:\/\/www.eldigitaldeasturias.com\/noticias\/category\/actualidad\/#listItem","name":"Actualidad"}},{"@type":"ListItem","@id":"https:\/\/www.eldigitaldeasturias.com\/noticias\/category\/actualidad\/#listItem","position":2,"name":"Actualidad","item":"https:\/\/www.eldigitaldeasturias.com\/noticias\/category\/actualidad\/","nextItem":{"@type":"ListItem","@id":"https:\/\/www.eldigitaldeasturias.com\/noticias\/corea-del-norte-reenvia-al-preso-estadounidense-bae-a-un-campo-de-trabajo\/#listItem","name":"Corea del Norte reenv\u00eda al preso estadounidense Bae a un campo de trabajo"},"previousItem":{"@type":"ListItem","@id":"https:\/\/www.eldigitaldeasturias.com\/noticias#listItem","name":"Home"}},{"@type":"ListItem","@id":"https:\/\/www.eldigitaldeasturias.com\/noticias\/corea-del-norte-reenvia-al-preso-estadounidense-bae-a-un-campo-de-trabajo\/#listItem","position":3,"name":"Corea del Norte reenv\u00eda al preso estadounidense Bae a un campo de trabajo","previousItem":{"@type":"ListItem","@id":"https:\/\/www.eldigitaldeasturias.com\/noticias\/category\/actualidad\/#listItem","name":"Actualidad"}}]},{"@type":"Organization","@id":"https:\/\/www.eldigitaldeasturias.com\/noticias\/#organization","name":"El Digital de Asturias","description":"Hemeroteca","url":"https:\/\/www.eldigitaldeasturias.com\/noticias\/","email":"info@eldigitaldeasturias.com","telephone":"+34652131393","logo":{"@type":"ImageObject","url":"https:\/\/www.eldigitaldeasturias.com\/noticias\/wp-content\/uploads\/2020\/12\/EDA.jpg","@id":"https:\/\/www.eldigitaldeasturias.com\/noticias\/corea-del-norte-reenvia-al-preso-estadounidense-bae-a-un-campo-de-trabajo\/#organizationLogo"},"image":{"@id":"https:\/\/www.eldigitaldeasturias.com\/noticias\/corea-del-norte-reenvia-al-preso-estadounidense-bae-a-un-campo-de-trabajo\/#organizationLogo"},"sameAs":["https:\/\/facebook.com\/eldigitaldeasturias","https:\/\/www.youtube.com\/channel\/UCZP-2wLEB9Rv6erhFmqVnvg"],"address":{"@id":"https:\/\/www.eldigitaldeasturias.com\/noticias\/#postaladdress","@type":"PostalAddress","streetAddress":"san antonio 4","postalCode":"33430","addressLocality":"Cand\u00e1s","addressRegion":"Asturias","addressCountry":"ES"}},{"@type":"Person","@id":"https:\/\/www.eldigitaldeasturias.com\/noticias\/author\/admin\/#author","url":"https:\/\/www.eldigitaldeasturias.com\/noticias\/author\/admin\/","name":"El Digital de Asturias","image":{"@type":"ImageObject","@id":"https:\/\/www.eldigitaldeasturias.com\/noticias\/corea-del-norte-reenvia-al-preso-estadounidense-bae-a-un-campo-de-trabajo\/#authorImage","url":"https:\/\/secure.gravatar.com\/avatar\/df2aeffc32bcd13f8d26072ef8a91b623d677766deac7f97ca815868cd41bf5e?s=96&d=mm&r=g","width":96,"height":96,"caption":"El Digital de Asturias"}},{"@type":"WebPage","@id":"https:\/\/www.eldigitaldeasturias.com\/noticias\/corea-del-norte-reenvia-al-preso-estadounidense-bae-a-un-campo-de-trabajo\/#webpage","url":"https:\/\/www.eldigitaldeasturias.com\/noticias\/corea-del-norte-reenvia-al-preso-estadounidense-bae-a-un-campo-de-trabajo\/","name":"Corea del Norte reenv\u00eda al preso estadounidense Bae a un campo de trabajo - El Digital de Asturias","description":"Washington, 7 feb (EFE).- Corea del Norte ha reenviado al preso estadounidense de origen surcoreano Kenneth Bae, cuyo nombre de pila es Bae Joon-ho, a un campo de trabajo tras una larga hospitalizaci\u00f3n, seg\u00fan inform\u00f3 hoy el Departamento de Estado de EEUU, que pidi\u00f3 una vez m\u00e1s su liberaci\u00f3n. Bae, de 45 a\u00f1os, fue arrestado","inLanguage":"es-ES","isPartOf":{"@id":"https:\/\/www.eldigitaldeasturias.com\/noticias\/#website"},"breadcrumb":{"@id":"https:\/\/www.eldigitaldeasturias.com\/noticias\/corea-del-norte-reenvia-al-preso-estadounidense-bae-a-un-campo-de-trabajo\/#breadcrumblist"},"author":{"@id":"https:\/\/www.eldigitaldeasturias.com\/noticias\/author\/admin\/#author"},"creator":{"@id":"https:\/\/www.eldigitaldeasturias.com\/noticias\/author\/admin\/#author"},"image":{"@type":"ImageObject","url":486566,"@id":"https:\/\/www.eldigitaldeasturias.com\/noticias\/corea-del-norte-reenvia-al-preso-estadounidense-bae-a-un-campo-de-trabajo\/#mainImage"},"primaryImageOfPage":{"@id":"https:\/\/www.eldigitaldeasturias.com\/noticias\/corea-del-norte-reenvia-al-preso-estadounidense-bae-a-un-campo-de-trabajo\/#mainImage"},"datePublished":"2014-02-08T03:19:27+01:00","dateModified":"2014-02-08T03:19:27+01:00"},{"@type":"WebSite","@id":"https:\/\/www.eldigitaldeasturias.com\/noticias\/#website","url":"https:\/\/www.eldigitaldeasturias.com\/noticias\/","name":"El Digital de Asturias - Diario de actualidad y noticias","alternateName":"El Digital de Asturias - Diario de actualidad y noticias","description":"Hemeroteca","inLanguage":"es-ES","publisher":{"@id":"https:\/\/www.eldigitaldeasturias.com\/noticias\/#organization"}}]},"og:locale":"es_ES","og:site_name":"El Digital de Asturias","og:type":"article","og:title":"Corea del Norte reenv\u00eda al preso estadounidense Bae a un campo de trabajo - El Digital de Asturias","og:description":"Washington, 7 feb (EFE).- Corea del Norte ha reenviado al preso estadounidense de origen surcoreano Kenneth Bae, cuyo nombre de pila es Bae Joon-ho, a un campo de trabajo tras una larga hospitalizaci\u00f3n, seg\u00fan inform\u00f3 hoy el Departamento de Estado de EEUU, que pidi\u00f3 una vez m\u00e1s su liberaci\u00f3n. Bae, de 45 a\u00f1os, fue arrestado","og:url":"https:\/\/www.eldigitaldeasturias.com\/noticias\/corea-del-norte-reenvia-al-preso-estadounidense-bae-a-un-campo-de-trabajo\/","article:tag":["actualidad"],"article:published_time":"2014-02-08T04:19:27+00:00","article:modified_time":"2014-02-08T04:19:27+00:00","article:publisher":"https:\/\/facebook.com\/eldigitaldeasturias","twitter:card":"summary_large_image","twitter:title":"Corea del Norte reenv\u00eda al preso estadounidense Bae a un campo de trabajo - El Digital de Asturias","twitter:description":"Washington, 7 feb (EFE).- Corea del Norte ha reenviado al preso estadounidense de origen surcoreano Kenneth Bae, cuyo nombre de pila es Bae Joon-ho, a un campo de trabajo tras una larga hospitalizaci\u00f3n, seg\u00fan inform\u00f3 hoy el Departamento de Estado de EEUU, que pidi\u00f3 una vez m\u00e1s su liberaci\u00f3n. Bae, de 45 a\u00f1os, fue arrestado","twitter:label1":"Escrito por","twitter:data1":"El Digital de Asturias","twitter:label2":"Tiempo de lectura estimado","twitter:data2":"2 minutos"},"aioseo_meta_data":{"post_id":"486565","title":null,"description":null,"keywords":null,"keyphrases":null,"primary_term":null,"canonical_url":null,"og_title":null,"og_description":null,"og_object_type":"default","og_image_type":"default","og_image_url":null,"og_image_width":null,"og_image_height":null,"og_image_custom_url":null,"og_image_custom_fields":null,"og_video":null,"og_custom_url":null,"og_article_section":null,"og_article_tags":null,"twitter_use_og":true,"twitter_card":"default","twitter_image_type":"default","twitter_image_url":null,"twitter_image_custom_url":null,"twitter_image_custom_fields":null,"twitter_title":null,"twitter_description":null,"schema":{"blockGraphs":[],"customGraphs":[],"default":{"data":{"Article":[],"Course":[],"Dataset":[],"FAQPage":[],"Movie":[],"Person":[],"Product":[],"ProductReview":[],"Car":[],"Recipe":[],"Service":[],"SoftwareApplication":[],"WebPage":[]},"graphName":"","isEnabled":true},"graphs":[],"defaultGraph":"","defaultPostTypeGraph":""},"schema_type":null,"schema_type_options":null,"pillar_content":false,"robots_default":true,"robots_noindex":false,"robots_noarchive":false,"robots_nosnippet":false,"robots_nofollow":false,"robots_noimageindex":false,"robots_noodp":false,"robots_notranslate":false,"robots_max_snippet":null,"robots_max_videopreview":null,"robots_max_imagepreview":"none","priority":null,"frequency":null,"local_seo":null,"seo_analyzer_scan_date":"2026-06-03 01:32:08","breadcrumb_settings":null,"limit_modified_date":false,"open_ai":null,"ai":null,"created":"2020-11-14 22:56:08","updated":"2026-06-03 01:32:08","focus_keyword":null,"additional_keywords":null,"truseo_locale":null},"aioseo_breadcrumb":"<div class=\"aioseo-breadcrumbs\"><span class=\"aioseo-breadcrumb\">\n\t<a href=\"https:\/\/www.eldigitaldeasturias.com\/noticias\" title=\"Home\">Home<\/a>\n<\/span><span class=\"aioseo-breadcrumb-separator\">\u2013<\/span><span class=\"aioseo-breadcrumb\">\n\t<a href=\"https:\/\/www.eldigitaldeasturias.com\/noticias\/category\/actualidad\/\" title=\"Actualidad\">Actualidad<\/a>\n<\/span><span class=\"aioseo-breadcrumb-separator\">\u2013<\/span><span class=\"aioseo-breadcrumb\">\n\t<a href=\"https:\/\/www.eldigitaldeasturias.com\/noticias\/corea-del-norte-reenvia-al-preso-estadounidense-bae-a-un-campo-de-trabajo\/\" title=\"Corea del Norte reenv\u00eda al preso estadounidense Bae a un campo de trabajo\">Corea del Norte reenv\u00eda al preso estadounidense Bae a un campo de trabajo<\/a>\n<\/span><\/div>","aioseo_breadcrumb_json":[{"label":"Home","link":"https:\/\/www.eldigitaldeasturias.com\/noticias"},{"label":"Actualidad","link":"https:\/\/www.eldigitaldeasturias.com\/noticias\/category\/actualidad\/"},{"label":"Corea del Norte reenv\u00eda al preso estadounidense Bae a un campo de trabajo","link":"https:\/\/www.eldigitaldeasturias.com\/noticias\/corea-del-norte-reenvia-al-preso-estadounidense-bae-a-un-campo-de-trabajo\/"}],"_links":{"self":[{"href":"https:\/\/www.eldigitaldeasturias.com\/noticias\/wp-json\/wp\/v2\/posts\/486565","targetHints":{"allow":["GET"]}}],"collection":[{"href":"https:\/\/www.eldigitaldeasturias.com\/noticias\/wp-json\/wp\/v2\/posts"}],"about":[{"href":"https:\/\/www.eldigitaldeasturias.com\/noticias\/wp-json\/wp\/v2\/types\/post"}],"author":[{"embeddable":true,"href":"https:\/\/www.eldigitaldeasturias.com\/noticias\/wp-json\/wp\/v2\/users\/1"}],"replies":[{"embeddable":true,"href":"https:\/\/www.eldigitaldeasturias.com\/noticias\/wp-json\/wp\/v2\/comments?post=486565"}],"version-history":[{"count":0,"href":"https:\/\/www.eldigitaldeasturias.com\/noticias\/wp-json\/wp\/v2\/posts\/486565\/revisions"}],"wp:attachment":[{"href":"https:\/\/www.eldigitaldeasturias.com\/noticias\/wp-json\/wp\/v2\/media?parent=486565"}],"wp:term":[{"taxonomy":"category","embeddable":true,"href":"https:\/\/www.eldigitaldeasturias.com\/noticias\/wp-json\/wp\/v2\/categories?post=486565"},{"taxonomy":"post_tag","embeddable":true,"href":"https:\/\/www.eldigitaldeasturias.com\/noticias\/wp-json\/wp\/v2\/tags?post=486565"}],"curies":[{"name":"wp","href":"https:\/\/api.w.org\/{rel}","templated":true}]}}