{"id":486550,"date":"2014-02-08T03:12:07","date_gmt":"2014-02-08T04:12:07","guid":{"rendered":"http:\/\/www.eldigitaldeasturias.com\/noticias\/?p=486550"},"modified":"2014-02-08T03:12:07","modified_gmt":"2014-02-08T04:12:07","slug":"colocan-un-muneco-con-pintura-roja-ante-la-sede-del-pp-de-amurrio","status":"publish","type":"post","link":"https:\/\/www.eldigitaldeasturias.com\/noticias\/colocan-un-muneco-con-pintura-roja-ante-la-sede-del-pp-de-amurrio\/","title":{"rendered":"Colocan un mu\u00f1eco con pintura roja ante la sede del PP de Amurrio"},"content":{"rendered":"<p><img loading=\"lazy\" decoding=\"async\" class=\"alignleft size-medium wp-image-486551\" alt=\"5923161w\" src=\"https:\/\/www.eldigitaldeasturias.com\/noticias\/wp-content\/uploads\/2014\/02\/5923161w-360x222.jpg\" width=\"360\" height=\"222\" \/>Vitoria, 7 feb (EFE).- El PP ha denunciado hoy la colocaci\u00f3n ante su sede de la localidad alavesa de Amurrio de un mu\u00f1eco manchado con pintura roja con la imagen del preso de ETA Arkaitz Bell\u00f3n, fallecido el pasado mi\u00e9rcoles en la prisi\u00f3n gaditana de Puerto I, donde cumpl\u00eda condena por violencia callejera.<\/p>\n<p>El portavoz del PP de \u00c1lava, Carmelo Barrio, ha se\u00f1alado en un comunicado que este nuevo \u00abataque amenazante\u00bb demuestra que a\u00fan se est\u00e1 \u00abmuy lejos de la total extinci\u00f3n\u00bb de ETA.<\/p>\n<p>El PP ha precisado que junto a la sede han dejado un mu\u00f1eco manchado de pintura roja con el rostro del preso fallecido, adem\u00e1s de panfletos por el suelo con distintos mensajes como \u00abHiltzaileak\u00bb (asesinos) o \u00abErrudunak\u00bb (culpables).<\/p>\n<p>Tras expresar su \u00abtotal rechazo y repulsa a tales actos de terrorismo callejero\u00bb, Carmelo Barrio ha anunciado que denunciar\u00e1n este ataque ante la Ertzaintza y ha confiado en que sus autores ser\u00e1n puestos a disposici\u00f3n judicial al igual que quienes ayer por la noche lanzaron pintura contra la sede de la Subdelegaci\u00f3n del Gobierno en \u00c1lava y contra un veh\u00edculo de la Ertzaintza.<\/p>\n<p>Tambi\u00e9n ha puesto de relieve que la primera autopsia efectuada al preso Arkaitz Bell\u00f3n \u00abapunt\u00f3 a una muerte s\u00fabita por causas naturales y la segunda, pedida por la familia del fallecido a m\u00e9dicos de confianza ha dictaminado la misma causa de la muerte\u00bb.<\/p>\n<p>Ha recalcado que ataques como \u00e9ste s\u00f3lo buscan \u00abamedrentar y coaccionar\u00bb, adem\u00e1s de tratarse de una vuelta a \u00e9pocas que se cre\u00edan \u00abpasadas\u00bb.<\/p>\n<p>\u00abPodr\u00e1n atacar cuantas veces quieran nuestras sedes pero nunca conseguir\u00e1n ni doblegarnos ni acabar con nuestros principios. No lo han hecho antes y no lo har\u00e1n ahora\u00bb, ha advertido.<\/p>\n<p>El portavoz de los populares alaveses se ha referido tambi\u00e9n al avance del comunicado de ETA dado a conocer hoy y ha se\u00f1alado: \u00abQue se dejen de mandar comunicados y que entreguen sus armas y anuncien su disoluci\u00f3n de una vez por todas\u00bb.<\/p>\n","protected":false},"excerpt":{"rendered":"<p>Vitoria, 7 feb (EFE).- El PP ha denunciado hoy la colocaci\u00f3n ante su sede de la localidad alavesa de Amurrio de un mu\u00f1eco manchado con pintura roja con la imagen del preso de ETA Arkaitz Bell\u00f3n, fallecido el pasado mi\u00e9rcoles en la prisi\u00f3n gaditana de Puerto I, donde cumpl\u00eda condena por violencia callejera. El portavoz [&hellip;]<\/p>\n","protected":false},"author":1,"featured_media":486551,"comment_status":"open","ping_status":"open","sticky":false,"template":"","format":"standard","meta":{"footnotes":""},"categories":[1],"tags":[],"class_list":["post-486550","post","type-post","status-publish","format-standard","has-post-thumbnail","hentry","category-actualidad"],"aioseo_notices":[],"aioseo_head":"\n\t\t<!-- All in One SEO Pro 5.0.1 - aioseo.com -->\n\t<meta name=\"description\" content=\"Vitoria, 7 feb (EFE).- El PP ha denunciado hoy la colocaci\u00f3n ante su sede de la localidad alavesa de Amurrio de un mu\u00f1eco manchado con pintura roja con la imagen del preso de ETA Arkaitz Bell\u00f3n, fallecido el pasado mi\u00e9rcoles en la prisi\u00f3n gaditana de Puerto I, donde cumpl\u00eda condena por violencia callejera. El portavoz\" \/>\n\t<meta name=\"robots\" content=\"max-image-preview:large\" \/>\n\t<meta name=\"author\" content=\"El Digital de Asturias\"\/>\n\t<meta name=\"google-site-verification\" content=\"UA-38556648-1\" \/>\n\t<meta name=\"msvalidate.01\" content=\"7dfe9f3f1b24437ab69f4f2559babe99\" \/>\n\t<meta name=\"keywords\" content=\"actualidad\" \/>\n\t<link rel=\"canonical\" href=\"https:\/\/www.eldigitaldeasturias.com\/noticias\/colocan-un-muneco-con-pintura-roja-ante-la-sede-del-pp-de-amurrio\/\" \/>\n\t<meta name=\"generator\" content=\"All in One SEO Pro (AIOSEO) 5.0.1\" \/>\n\t\t<meta property=\"og:locale\" content=\"es_ES\" \/>\n\t\t<meta property=\"og:site_name\" content=\"El Digital de Asturias\" \/>\n\t\t<meta property=\"og:type\" content=\"article\" \/>\n\t\t<meta property=\"og:title\" content=\"Colocan un mu\u00f1eco con pintura roja ante la sede del PP de Amurrio - El Digital de Asturias\" \/>\n\t\t<meta property=\"og:description\" content=\"Vitoria, 7 feb (EFE).- El PP ha denunciado hoy la colocaci\u00f3n ante su sede de la localidad alavesa de Amurrio de un mu\u00f1eco manchado con pintura roja con la imagen del preso de ETA Arkaitz Bell\u00f3n, fallecido el pasado mi\u00e9rcoles en la prisi\u00f3n gaditana de Puerto I, donde cumpl\u00eda condena por violencia callejera. El portavoz\" \/>\n\t\t<meta property=\"og:url\" content=\"https:\/\/www.eldigitaldeasturias.com\/noticias\/colocan-un-muneco-con-pintura-roja-ante-la-sede-del-pp-de-amurrio\/\" \/>\n\t\t<meta property=\"article:tag\" content=\"actualidad\" \/>\n\t\t<meta property=\"article:published_time\" content=\"2014-02-08T04:12:07+00:00\" \/>\n\t\t<meta property=\"article:modified_time\" content=\"2014-02-08T04:12:07+00:00\" \/>\n\t\t<meta property=\"article:publisher\" content=\"https:\/\/facebook.com\/eldigitaldeasturias\" \/>\n\t\t<meta name=\"twitter:card\" content=\"summary_large_image\" \/>\n\t\t<meta name=\"twitter:title\" content=\"Colocan un mu\u00f1eco con pintura roja ante la sede del PP de Amurrio - El Digital de Asturias\" \/>\n\t\t<meta name=\"twitter:description\" content=\"Vitoria, 7 feb (EFE).- El PP ha denunciado hoy la colocaci\u00f3n ante su sede de la localidad alavesa de Amurrio de un mu\u00f1eco manchado con pintura roja con la imagen del preso de ETA Arkaitz Bell\u00f3n, fallecido el pasado mi\u00e9rcoles en la prisi\u00f3n gaditana de Puerto I, donde cumpl\u00eda condena por violencia callejera. El portavoz\" \/>\n\t\t<meta name=\"twitter:label1\" content=\"Escrito por\" \/>\n\t\t<meta name=\"twitter:data1\" content=\"El Digital de Asturias\" \/>\n\t\t<meta name=\"twitter:label2\" content=\"Tiempo de lectura estimado\" \/>\n\t\t<meta name=\"twitter:data2\" content=\"2 minutos\" \/>\n\t\t<script type=\"application\/ld+json\" class=\"aioseo-schema\">\n\t\t\t{\"@context\":\"https:\\\/\\\/schema.org\",\"@graph\":[{\"@type\":\"BlogPosting\",\"@id\":\"https:\\\/\\\/www.eldigitaldeasturias.com\\\/noticias\\\/colocan-un-muneco-con-pintura-roja-ante-la-sede-del-pp-de-amurrio\\\/#blogposting\",\"name\":\"Colocan un mu\\u00f1eco con pintura roja ante la sede del PP de Amurrio - El Digital de Asturias\",\"headline\":\"Colocan un mu\\u00f1eco con pintura roja ante la sede del PP de Amurrio\",\"author\":{\"@id\":\"https:\\\/\\\/www.eldigitaldeasturias.com\\\/noticias\\\/author\\\/admin\\\/#author\"},\"publisher\":{\"@id\":\"https:\\\/\\\/www.eldigitaldeasturias.com\\\/noticias\\\/#organization\"},\"image\":{\"@type\":\"ImageObject\",\"url\":486551},\"datePublished\":\"2014-02-08T03:12:07+01:00\",\"dateModified\":\"2014-02-08T03:12:07+01:00\",\"inLanguage\":\"es-ES\",\"mainEntityOfPage\":{\"@id\":\"https:\\\/\\\/www.eldigitaldeasturias.com\\\/noticias\\\/colocan-un-muneco-con-pintura-roja-ante-la-sede-del-pp-de-amurrio\\\/#webpage\"},\"isPartOf\":{\"@id\":\"https:\\\/\\\/www.eldigitaldeasturias.com\\\/noticias\\\/colocan-un-muneco-con-pintura-roja-ante-la-sede-del-pp-de-amurrio\\\/#webpage\"},\"articleSection\":\"Actualidad\"},{\"@type\":\"BreadcrumbList\",\"@id\":\"https:\\\/\\\/www.eldigitaldeasturias.com\\\/noticias\\\/colocan-un-muneco-con-pintura-roja-ante-la-sede-del-pp-de-amurrio\\\/#breadcrumblist\",\"itemListElement\":[{\"@type\":\"ListItem\",\"@id\":\"https:\\\/\\\/www.eldigitaldeasturias.com\\\/noticias#listItem\",\"position\":1,\"name\":\"Home\",\"item\":\"https:\\\/\\\/www.eldigitaldeasturias.com\\\/noticias\",\"nextItem\":{\"@type\":\"ListItem\",\"@id\":\"https:\\\/\\\/www.eldigitaldeasturias.com\\\/noticias\\\/category\\\/actualidad\\\/#listItem\",\"name\":\"Actualidad\"}},{\"@type\":\"ListItem\",\"@id\":\"https:\\\/\\\/www.eldigitaldeasturias.com\\\/noticias\\\/category\\\/actualidad\\\/#listItem\",\"position\":2,\"name\":\"Actualidad\",\"item\":\"https:\\\/\\\/www.eldigitaldeasturias.com\\\/noticias\\\/category\\\/actualidad\\\/\",\"nextItem\":{\"@type\":\"ListItem\",\"@id\":\"https:\\\/\\\/www.eldigitaldeasturias.com\\\/noticias\\\/colocan-un-muneco-con-pintura-roja-ante-la-sede-del-pp-de-amurrio\\\/#listItem\",\"name\":\"Colocan un mu\\u00f1eco con pintura roja ante la sede del PP de Amurrio\"},\"previousItem\":{\"@type\":\"ListItem\",\"@id\":\"https:\\\/\\\/www.eldigitaldeasturias.com\\\/noticias#listItem\",\"name\":\"Home\"}},{\"@type\":\"ListItem\",\"@id\":\"https:\\\/\\\/www.eldigitaldeasturias.com\\\/noticias\\\/colocan-un-muneco-con-pintura-roja-ante-la-sede-del-pp-de-amurrio\\\/#listItem\",\"position\":3,\"name\":\"Colocan un mu\\u00f1eco con pintura roja ante la sede del PP de Amurrio\",\"previousItem\":{\"@type\":\"ListItem\",\"@id\":\"https:\\\/\\\/www.eldigitaldeasturias.com\\\/noticias\\\/category\\\/actualidad\\\/#listItem\",\"name\":\"Actualidad\"}}]},{\"@type\":\"Organization\",\"@id\":\"https:\\\/\\\/www.eldigitaldeasturias.com\\\/noticias\\\/#organization\",\"name\":\"El Digital de Asturias\",\"description\":\"Hemeroteca\",\"url\":\"https:\\\/\\\/www.eldigitaldeasturias.com\\\/noticias\\\/\",\"email\":\"info@eldigitaldeasturias.com\",\"telephone\":\"+34652131393\",\"logo\":{\"@type\":\"ImageObject\",\"url\":\"https:\\\/\\\/www.eldigitaldeasturias.com\\\/noticias\\\/wp-content\\\/uploads\\\/2020\\\/12\\\/EDA.jpg\",\"@id\":\"https:\\\/\\\/www.eldigitaldeasturias.com\\\/noticias\\\/colocan-un-muneco-con-pintura-roja-ante-la-sede-del-pp-de-amurrio\\\/#organizationLogo\"},\"image\":{\"@id\":\"https:\\\/\\\/www.eldigitaldeasturias.com\\\/noticias\\\/colocan-un-muneco-con-pintura-roja-ante-la-sede-del-pp-de-amurrio\\\/#organizationLogo\"},\"sameAs\":[\"https:\\\/\\\/facebook.com\\\/eldigitaldeasturias\",\"https:\\\/\\\/www.youtube.com\\\/channel\\\/UCZP-2wLEB9Rv6erhFmqVnvg\"],\"address\":{\"@id\":\"https:\\\/\\\/www.eldigitaldeasturias.com\\\/noticias\\\/#postaladdress\",\"@type\":\"PostalAddress\",\"streetAddress\":\"san antonio 4\",\"postalCode\":\"33430\",\"addressLocality\":\"Cand\\u00e1s\",\"addressRegion\":\"Asturias\",\"addressCountry\":\"ES\"}},{\"@type\":\"Person\",\"@id\":\"https:\\\/\\\/www.eldigitaldeasturias.com\\\/noticias\\\/author\\\/admin\\\/#author\",\"url\":\"https:\\\/\\\/www.eldigitaldeasturias.com\\\/noticias\\\/author\\\/admin\\\/\",\"name\":\"El Digital de Asturias\",\"image\":{\"@type\":\"ImageObject\",\"@id\":\"https:\\\/\\\/www.eldigitaldeasturias.com\\\/noticias\\\/colocan-un-muneco-con-pintura-roja-ante-la-sede-del-pp-de-amurrio\\\/#authorImage\",\"url\":\"https:\\\/\\\/secure.gravatar.com\\\/avatar\\\/df2aeffc32bcd13f8d26072ef8a91b623d677766deac7f97ca815868cd41bf5e?s=96&d=mm&r=g\",\"width\":96,\"height\":96,\"caption\":\"El Digital de Asturias\"}},{\"@type\":\"WebPage\",\"@id\":\"https:\\\/\\\/www.eldigitaldeasturias.com\\\/noticias\\\/colocan-un-muneco-con-pintura-roja-ante-la-sede-del-pp-de-amurrio\\\/#webpage\",\"url\":\"https:\\\/\\\/www.eldigitaldeasturias.com\\\/noticias\\\/colocan-un-muneco-con-pintura-roja-ante-la-sede-del-pp-de-amurrio\\\/\",\"name\":\"Colocan un mu\\u00f1eco con pintura roja ante la sede del PP de Amurrio - El Digital de Asturias\",\"description\":\"Vitoria, 7 feb (EFE).- El PP ha denunciado hoy la colocaci\\u00f3n ante su sede de la localidad alavesa de Amurrio de un mu\\u00f1eco manchado con pintura roja con la imagen del preso de ETA Arkaitz Bell\\u00f3n, fallecido el pasado mi\\u00e9rcoles en la prisi\\u00f3n gaditana de Puerto I, donde cumpl\\u00eda condena por violencia callejera. El portavoz\",\"inLanguage\":\"es-ES\",\"isPartOf\":{\"@id\":\"https:\\\/\\\/www.eldigitaldeasturias.com\\\/noticias\\\/#website\"},\"breadcrumb\":{\"@id\":\"https:\\\/\\\/www.eldigitaldeasturias.com\\\/noticias\\\/colocan-un-muneco-con-pintura-roja-ante-la-sede-del-pp-de-amurrio\\\/#breadcrumblist\"},\"author\":{\"@id\":\"https:\\\/\\\/www.eldigitaldeasturias.com\\\/noticias\\\/author\\\/admin\\\/#author\"},\"creator\":{\"@id\":\"https:\\\/\\\/www.eldigitaldeasturias.com\\\/noticias\\\/author\\\/admin\\\/#author\"},\"image\":{\"@type\":\"ImageObject\",\"url\":486551,\"@id\":\"https:\\\/\\\/www.eldigitaldeasturias.com\\\/noticias\\\/colocan-un-muneco-con-pintura-roja-ante-la-sede-del-pp-de-amurrio\\\/#mainImage\"},\"primaryImageOfPage\":{\"@id\":\"https:\\\/\\\/www.eldigitaldeasturias.com\\\/noticias\\\/colocan-un-muneco-con-pintura-roja-ante-la-sede-del-pp-de-amurrio\\\/#mainImage\"},\"datePublished\":\"2014-02-08T03:12:07+01:00\",\"dateModified\":\"2014-02-08T03:12:07+01:00\"},{\"@type\":\"WebSite\",\"@id\":\"https:\\\/\\\/www.eldigitaldeasturias.com\\\/noticias\\\/#website\",\"url\":\"https:\\\/\\\/www.eldigitaldeasturias.com\\\/noticias\\\/\",\"name\":\"El Digital de Asturias - Diario de actualidad y noticias\",\"alternateName\":\"El Digital de Asturias - Diario de actualidad y noticias\",\"description\":\"Hemeroteca\",\"inLanguage\":\"es-ES\",\"publisher\":{\"@id\":\"https:\\\/\\\/www.eldigitaldeasturias.com\\\/noticias\\\/#organization\"}}]}\n\t\t<\/script>\n\t\t<!-- All in One SEO Pro -->\r\n\t\t<title>Colocan un mu\u00f1eco con pintura roja ante la sede del PP de Amurrio - El Digital de Asturias<\/title>\n\n","aioseo_head_json":{"title":"Colocan un mu\u00f1eco con pintura roja ante la sede del PP de Amurrio - El Digital de Asturias","description":"Vitoria, 7 feb (EFE).- El PP ha denunciado hoy la colocaci\u00f3n ante su sede de la localidad alavesa de Amurrio de un mu\u00f1eco manchado con pintura roja con la imagen del preso de ETA Arkaitz Bell\u00f3n, fallecido el pasado mi\u00e9rcoles en la prisi\u00f3n gaditana de Puerto I, donde cumpl\u00eda condena por violencia callejera. El portavoz","canonical_url":"https:\/\/www.eldigitaldeasturias.com\/noticias\/colocan-un-muneco-con-pintura-roja-ante-la-sede-del-pp-de-amurrio\/","robots":"max-image-preview:large","keywords":"actualidad","webmasterTools":{"google-site-verification":"UA-38556648-1","msvalidate.01":"7dfe9f3f1b24437ab69f4f2559babe99","miscellaneous":""},"schema":{"@context":"https:\/\/schema.org","@graph":[{"@type":"BlogPosting","@id":"https:\/\/www.eldigitaldeasturias.com\/noticias\/colocan-un-muneco-con-pintura-roja-ante-la-sede-del-pp-de-amurrio\/#blogposting","name":"Colocan un mu\u00f1eco con pintura roja ante la sede del PP de Amurrio - El Digital de Asturias","headline":"Colocan un mu\u00f1eco con pintura roja ante la sede del PP de Amurrio","author":{"@id":"https:\/\/www.eldigitaldeasturias.com\/noticias\/author\/admin\/#author"},"publisher":{"@id":"https:\/\/www.eldigitaldeasturias.com\/noticias\/#organization"},"image":{"@type":"ImageObject","url":486551},"datePublished":"2014-02-08T03:12:07+01:00","dateModified":"2014-02-08T03:12:07+01:00","inLanguage":"es-ES","mainEntityOfPage":{"@id":"https:\/\/www.eldigitaldeasturias.com\/noticias\/colocan-un-muneco-con-pintura-roja-ante-la-sede-del-pp-de-amurrio\/#webpage"},"isPartOf":{"@id":"https:\/\/www.eldigitaldeasturias.com\/noticias\/colocan-un-muneco-con-pintura-roja-ante-la-sede-del-pp-de-amurrio\/#webpage"},"articleSection":"Actualidad"},{"@type":"BreadcrumbList","@id":"https:\/\/www.eldigitaldeasturias.com\/noticias\/colocan-un-muneco-con-pintura-roja-ante-la-sede-del-pp-de-amurrio\/#breadcrumblist","itemListElement":[{"@type":"ListItem","@id":"https:\/\/www.eldigitaldeasturias.com\/noticias#listItem","position":1,"name":"Home","item":"https:\/\/www.eldigitaldeasturias.com\/noticias","nextItem":{"@type":"ListItem","@id":"https:\/\/www.eldigitaldeasturias.com\/noticias\/category\/actualidad\/#listItem","name":"Actualidad"}},{"@type":"ListItem","@id":"https:\/\/www.eldigitaldeasturias.com\/noticias\/category\/actualidad\/#listItem","position":2,"name":"Actualidad","item":"https:\/\/www.eldigitaldeasturias.com\/noticias\/category\/actualidad\/","nextItem":{"@type":"ListItem","@id":"https:\/\/www.eldigitaldeasturias.com\/noticias\/colocan-un-muneco-con-pintura-roja-ante-la-sede-del-pp-de-amurrio\/#listItem","name":"Colocan un mu\u00f1eco con pintura roja ante la sede del PP de Amurrio"},"previousItem":{"@type":"ListItem","@id":"https:\/\/www.eldigitaldeasturias.com\/noticias#listItem","name":"Home"}},{"@type":"ListItem","@id":"https:\/\/www.eldigitaldeasturias.com\/noticias\/colocan-un-muneco-con-pintura-roja-ante-la-sede-del-pp-de-amurrio\/#listItem","position":3,"name":"Colocan un mu\u00f1eco con pintura roja ante la sede del PP de Amurrio","previousItem":{"@type":"ListItem","@id":"https:\/\/www.eldigitaldeasturias.com\/noticias\/category\/actualidad\/#listItem","name":"Actualidad"}}]},{"@type":"Organization","@id":"https:\/\/www.eldigitaldeasturias.com\/noticias\/#organization","name":"El Digital de Asturias","description":"Hemeroteca","url":"https:\/\/www.eldigitaldeasturias.com\/noticias\/","email":"info@eldigitaldeasturias.com","telephone":"+34652131393","logo":{"@type":"ImageObject","url":"https:\/\/www.eldigitaldeasturias.com\/noticias\/wp-content\/uploads\/2020\/12\/EDA.jpg","@id":"https:\/\/www.eldigitaldeasturias.com\/noticias\/colocan-un-muneco-con-pintura-roja-ante-la-sede-del-pp-de-amurrio\/#organizationLogo"},"image":{"@id":"https:\/\/www.eldigitaldeasturias.com\/noticias\/colocan-un-muneco-con-pintura-roja-ante-la-sede-del-pp-de-amurrio\/#organizationLogo"},"sameAs":["https:\/\/facebook.com\/eldigitaldeasturias","https:\/\/www.youtube.com\/channel\/UCZP-2wLEB9Rv6erhFmqVnvg"],"address":{"@id":"https:\/\/www.eldigitaldeasturias.com\/noticias\/#postaladdress","@type":"PostalAddress","streetAddress":"san antonio 4","postalCode":"33430","addressLocality":"Cand\u00e1s","addressRegion":"Asturias","addressCountry":"ES"}},{"@type":"Person","@id":"https:\/\/www.eldigitaldeasturias.com\/noticias\/author\/admin\/#author","url":"https:\/\/www.eldigitaldeasturias.com\/noticias\/author\/admin\/","name":"El Digital de Asturias","image":{"@type":"ImageObject","@id":"https:\/\/www.eldigitaldeasturias.com\/noticias\/colocan-un-muneco-con-pintura-roja-ante-la-sede-del-pp-de-amurrio\/#authorImage","url":"https:\/\/secure.gravatar.com\/avatar\/df2aeffc32bcd13f8d26072ef8a91b623d677766deac7f97ca815868cd41bf5e?s=96&d=mm&r=g","width":96,"height":96,"caption":"El Digital de Asturias"}},{"@type":"WebPage","@id":"https:\/\/www.eldigitaldeasturias.com\/noticias\/colocan-un-muneco-con-pintura-roja-ante-la-sede-del-pp-de-amurrio\/#webpage","url":"https:\/\/www.eldigitaldeasturias.com\/noticias\/colocan-un-muneco-con-pintura-roja-ante-la-sede-del-pp-de-amurrio\/","name":"Colocan un mu\u00f1eco con pintura roja ante la sede del PP de Amurrio - El Digital de Asturias","description":"Vitoria, 7 feb (EFE).- El PP ha denunciado hoy la colocaci\u00f3n ante su sede de la localidad alavesa de Amurrio de un mu\u00f1eco manchado con pintura roja con la imagen del preso de ETA Arkaitz Bell\u00f3n, fallecido el pasado mi\u00e9rcoles en la prisi\u00f3n gaditana de Puerto I, donde cumpl\u00eda condena por violencia callejera. El portavoz","inLanguage":"es-ES","isPartOf":{"@id":"https:\/\/www.eldigitaldeasturias.com\/noticias\/#website"},"breadcrumb":{"@id":"https:\/\/www.eldigitaldeasturias.com\/noticias\/colocan-un-muneco-con-pintura-roja-ante-la-sede-del-pp-de-amurrio\/#breadcrumblist"},"author":{"@id":"https:\/\/www.eldigitaldeasturias.com\/noticias\/author\/admin\/#author"},"creator":{"@id":"https:\/\/www.eldigitaldeasturias.com\/noticias\/author\/admin\/#author"},"image":{"@type":"ImageObject","url":486551,"@id":"https:\/\/www.eldigitaldeasturias.com\/noticias\/colocan-un-muneco-con-pintura-roja-ante-la-sede-del-pp-de-amurrio\/#mainImage"},"primaryImageOfPage":{"@id":"https:\/\/www.eldigitaldeasturias.com\/noticias\/colocan-un-muneco-con-pintura-roja-ante-la-sede-del-pp-de-amurrio\/#mainImage"},"datePublished":"2014-02-08T03:12:07+01:00","dateModified":"2014-02-08T03:12:07+01:00"},{"@type":"WebSite","@id":"https:\/\/www.eldigitaldeasturias.com\/noticias\/#website","url":"https:\/\/www.eldigitaldeasturias.com\/noticias\/","name":"El Digital de Asturias - Diario de actualidad y noticias","alternateName":"El Digital de Asturias - Diario de actualidad y noticias","description":"Hemeroteca","inLanguage":"es-ES","publisher":{"@id":"https:\/\/www.eldigitaldeasturias.com\/noticias\/#organization"}}]},"og:locale":"es_ES","og:site_name":"El Digital de Asturias","og:type":"article","og:title":"Colocan un mu\u00f1eco con pintura roja ante la sede del PP de Amurrio - El Digital de Asturias","og:description":"Vitoria, 7 feb (EFE).- El PP ha denunciado hoy la colocaci\u00f3n ante su sede de la localidad alavesa de Amurrio de un mu\u00f1eco manchado con pintura roja con la imagen del preso de ETA Arkaitz Bell\u00f3n, fallecido el pasado mi\u00e9rcoles en la prisi\u00f3n gaditana de Puerto I, donde cumpl\u00eda condena por violencia callejera. El portavoz","og:url":"https:\/\/www.eldigitaldeasturias.com\/noticias\/colocan-un-muneco-con-pintura-roja-ante-la-sede-del-pp-de-amurrio\/","article:tag":["actualidad"],"article:published_time":"2014-02-08T04:12:07+00:00","article:modified_time":"2014-02-08T04:12:07+00:00","article:publisher":"https:\/\/facebook.com\/eldigitaldeasturias","twitter:card":"summary_large_image","twitter:title":"Colocan un mu\u00f1eco con pintura roja ante la sede del PP de Amurrio - El Digital de Asturias","twitter:description":"Vitoria, 7 feb (EFE).- El PP ha denunciado hoy la colocaci\u00f3n ante su sede de la localidad alavesa de Amurrio de un mu\u00f1eco manchado con pintura roja con la imagen del preso de ETA Arkaitz Bell\u00f3n, fallecido el pasado mi\u00e9rcoles en la prisi\u00f3n gaditana de Puerto I, donde cumpl\u00eda condena por violencia callejera. El portavoz","twitter:label1":"Escrito por","twitter:data1":"El Digital de Asturias","twitter:label2":"Tiempo de lectura estimado","twitter:data2":"2 minutos"},"aioseo_meta_data":{"post_id":"486550","title":null,"description":null,"keywords":null,"keyphrases":null,"primary_term":null,"canonical_url":null,"og_title":null,"og_description":null,"og_object_type":"default","og_image_type":"default","og_image_url":null,"og_image_width":null,"og_image_height":null,"og_image_custom_url":null,"og_image_custom_fields":null,"og_video":null,"og_custom_url":null,"og_article_section":null,"og_article_tags":null,"twitter_use_og":true,"twitter_card":"default","twitter_image_type":"default","twitter_image_url":null,"twitter_image_custom_url":null,"twitter_image_custom_fields":null,"twitter_title":null,"twitter_description":null,"schema":{"blockGraphs":[],"customGraphs":[],"default":{"data":{"Article":[],"Course":[],"Dataset":[],"FAQPage":[],"Movie":[],"Person":[],"Product":[],"ProductReview":[],"Car":[],"Recipe":[],"Service":[],"SoftwareApplication":[],"WebPage":[]},"graphName":"","isEnabled":true},"graphs":[],"defaultGraph":"","defaultPostTypeGraph":""},"schema_type":null,"schema_type_options":null,"pillar_content":false,"robots_default":true,"robots_noindex":false,"robots_noarchive":false,"robots_nosnippet":false,"robots_nofollow":false,"robots_noimageindex":false,"robots_noodp":false,"robots_notranslate":false,"robots_max_snippet":null,"robots_max_videopreview":null,"robots_max_imagepreview":"none","priority":null,"frequency":null,"local_seo":null,"seo_analyzer_scan_date":"2026-06-03 01:25:11","breadcrumb_settings":null,"limit_modified_date":false,"open_ai":null,"ai":null,"created":"2020-11-14 22:56:08","updated":"2026-06-03 01:25:11","focus_keyword":null,"additional_keywords":null,"truseo_locale":null},"aioseo_breadcrumb":"<div class=\"aioseo-breadcrumbs\"><span class=\"aioseo-breadcrumb\">\n\t<a href=\"https:\/\/www.eldigitaldeasturias.com\/noticias\" title=\"Home\">Home<\/a>\n<\/span><span class=\"aioseo-breadcrumb-separator\">\u2013<\/span><span class=\"aioseo-breadcrumb\">\n\t<a href=\"https:\/\/www.eldigitaldeasturias.com\/noticias\/category\/actualidad\/\" title=\"Actualidad\">Actualidad<\/a>\n<\/span><span class=\"aioseo-breadcrumb-separator\">\u2013<\/span><span class=\"aioseo-breadcrumb\">\n\t<a href=\"https:\/\/www.eldigitaldeasturias.com\/noticias\/colocan-un-muneco-con-pintura-roja-ante-la-sede-del-pp-de-amurrio\/\" title=\"Colocan un mu\u00f1eco con pintura roja ante la sede del PP de Amurrio\">Colocan un mu\u00f1eco con pintura roja ante la sede del PP de Amurrio<\/a>\n<\/span><\/div>","aioseo_breadcrumb_json":[{"label":"Home","link":"https:\/\/www.eldigitaldeasturias.com\/noticias"},{"label":"Actualidad","link":"https:\/\/www.eldigitaldeasturias.com\/noticias\/category\/actualidad\/"},{"label":"Colocan un mu\u00f1eco con pintura roja ante la sede del PP de Amurrio","link":"https:\/\/www.eldigitaldeasturias.com\/noticias\/colocan-un-muneco-con-pintura-roja-ante-la-sede-del-pp-de-amurrio\/"}],"_links":{"self":[{"href":"https:\/\/www.eldigitaldeasturias.com\/noticias\/wp-json\/wp\/v2\/posts\/486550","targetHints":{"allow":["GET"]}}],"collection":[{"href":"https:\/\/www.eldigitaldeasturias.com\/noticias\/wp-json\/wp\/v2\/posts"}],"about":[{"href":"https:\/\/www.eldigitaldeasturias.com\/noticias\/wp-json\/wp\/v2\/types\/post"}],"author":[{"embeddable":true,"href":"https:\/\/www.eldigitaldeasturias.com\/noticias\/wp-json\/wp\/v2\/users\/1"}],"replies":[{"embeddable":true,"href":"https:\/\/www.eldigitaldeasturias.com\/noticias\/wp-json\/wp\/v2\/comments?post=486550"}],"version-history":[{"count":0,"href":"https:\/\/www.eldigitaldeasturias.com\/noticias\/wp-json\/wp\/v2\/posts\/486550\/revisions"}],"wp:attachment":[{"href":"https:\/\/www.eldigitaldeasturias.com\/noticias\/wp-json\/wp\/v2\/media?parent=486550"}],"wp:term":[{"taxonomy":"category","embeddable":true,"href":"https:\/\/www.eldigitaldeasturias.com\/noticias\/wp-json\/wp\/v2\/categories?post=486550"},{"taxonomy":"post_tag","embeddable":true,"href":"https:\/\/www.eldigitaldeasturias.com\/noticias\/wp-json\/wp\/v2\/tags?post=486550"}],"curies":[{"name":"wp","href":"https:\/\/api.w.org\/{rel}","templated":true}]}}