{"id":486541,"date":"2014-02-08T03:04:39","date_gmt":"2014-02-08T04:04:39","guid":{"rendered":"http:\/\/www.eldigitaldeasturias.com\/noticias\/?p=486541"},"modified":"2014-02-08T03:04:39","modified_gmt":"2014-02-08T04:04:39","slug":"arturo-el-oso-polar-en-medio-del-desierto-argentino-se-queda-en-su-zoo","status":"publish","type":"post","link":"https:\/\/www.eldigitaldeasturias.com\/noticias\/arturo-el-oso-polar-en-medio-del-desierto-argentino-se-queda-en-su-zoo\/","title":{"rendered":"Arturo, \u00abel oso polar en medio del desierto\u00bb argentino, se queda en su zoo"},"content":{"rendered":"<p><img loading=\"lazy\" decoding=\"async\" class=\"alignleft size-medium wp-image-486542\" alt=\"5923111w\" src=\"https:\/\/www.eldigitaldeasturias.com\/noticias\/wp-content\/uploads\/2014\/02\/5923111w-360x244.jpg\" width=\"360\" height=\"244\" \/>Buenos Aires, 7 feb (EFE).- El futuro del oso polar Arturo, una de las principales atracciones del zool\u00f3gico de la provincia argentina de Mendoza, ya no es un misterio, ya que una junta m\u00e9dica decidi\u00f3 hoy que, por su avanzada edad y fr\u00e1gil estado de salud, no es conveniente trasladar al animal.<\/p>\n<p>Arturo, de 29 a\u00f1os, se quedar\u00e1 en este zool\u00f3gico despu\u00e9s de que un grupo de expertos, integrado por veterinarios y funcionarios, le realizase un exhaustivo estudio y concluyera la inviabilidad de cambiar su residencia.<\/p>\n<p>\u00abPor unanimidad de todos lo miembros de la junta m\u00e9dica se decidi\u00f3 que por los riesgos altos que corre a su edad, Arturo no sea trasladado\u00bb, confirm\u00f3 a Efe Gustavo Pronotto, director del zool\u00f3gico de Mendoza, situado unos 1.050 kil\u00f3metros al oeste de Buenos Aires.<\/p>\n<p>Pronotto asegur\u00f3 que entre las nueve de la ma\u00f1ana (12.00 GMT) y las seis de la tarde (21.00 GMT) al animal se le realizaron numerosos estudios que permitieron tomar esta decisi\u00f3n, que no es compartida por los colectivos ecologistas que piden su traslado.<\/p>\n<p>\u00abLa evaluaci\u00f3n que hicieron hoy fue visual, sin tocarle y desde lejos\u00bb, asegur\u00f3 a Efe Gabriel Flores, miembro de la agrupaci\u00f3n Ecol\u00f3gicos Unidos, que desde hace m\u00e1s de un a\u00f1o denuncia las condiciones en las que vive Arturo.<\/p>\n<p>\u00abS\u00f3lo evaluaron c\u00f3mo camina, c\u00f3mo come y c\u00f3mo nada. Fue una evaluaci\u00f3n medio trucha (falsa) que a nosotros no nos convence para nada\u00bb, agreg\u00f3.<\/p>\n<p>Las im\u00e1genes de Arturo sufriendo los 40 grados de calor que se registraron en la \u00e1rida ciudad de Mendoza durante el mes de diciembre impactaron a la sociedad argentina y se abri\u00f3 el debate sobre la posibilidad de llevar al oso a alguna reserva ecol\u00f3gica con un clima m\u00e1s acorde.<\/p>\n<p>\u00abEs un oso polar en medio del desierto\u00bb, sostuvo Flores.<\/p>\n<p>Desde Ecol\u00f3gicos Unidos afirman que las condiciones en las que vive el animal no son las adecuadas y que lo ideal ser\u00eda que fuera trasladado a la Assiniboine Park Conservacy, una reserva para osos polares en Canad\u00e1, que se ofreci\u00f3 a hacerse cargo de Arturo cuando se hizo conocido su caso.<\/p>\n<p>A pesar de esto, Flores cont\u00f3 que la posibilidad de llevar al oso a Canad\u00e1 no prosper\u00f3 \u00abporque el zool\u00f3gico de Mendoza no cumple con los requisitos internacionales, ya que nunca han hecho ninguna historia cl\u00ednica del animal, es decir, oficialmente no llevan apuntado ninguno de los estudios que le realizan los veterinarios a los animales\u00bb.<\/p>\n<p>Pronotto neg\u00f3 las acusaciones de Ecol\u00f3gicos Unidos y explic\u00f3 a Efe que el problema con los especialistas de Canad\u00e1 fue que pidieron \u00abunos requisitos sanitarios\u00bb distintos al \u00abpadr\u00f3n sanitario\u00bb que se exige en Argentina.<\/p>\n<p>\u00abA Canad\u00e1 no se lo puede llevar porque el oso est\u00e1 en negro, como quien dice, y no tiene nada que confirme qu\u00e9 enfermedades ha tenido todos estos a\u00f1os y con qu\u00e9 lo han tratado\u00bb, replic\u00f3 Flores.<\/p>\n<p>Los ambientalistas reclaman desde hace meses mejoras en las instalaciones en las que habita Arturo, en especial la piscina en la que \u00abhasta hace tres meses el agua le llegaba s\u00f3lo hasta las rodillas y se ten\u00eda que acostar para que le tapara\u00bb.<\/p>\n<p>En una oportunidad \u00abnosotros mismos agarramos una manguera que estaba a un costado y lo manguereamos como cuarenta minutos\u00bb, cont\u00f3 Flores.<\/p>\n<p>El director de la instituci\u00f3n dijo que Arturo cuenta con \u00abuna habitaci\u00f3n de 42 metros cuadrados con tres aires acondicionados, una playa de m\u00e1s o menos 500 metros cuadrados, con dos l\u00edneas de micro aspersores\u00bb, donde est\u00e1 una piscina \u00abde 12 metros de largo, seis de ancho y dos metros en la parte m\u00e1s profunda\u00bb.<\/p>\n<p>Adem\u00e1s, Pronotto asegur\u00f3 que el agua de la pileta de Arturo se cambia todas las semanas ya que \u00abno se le puede echar productos para que el agua est\u00e9 limpia porque puede ser perjudicial para la piel del animal\u00bb.<\/p>\n<p>\u00abSi su bienestar y calidad de vida implica que se quede en Mendoza (&#8230;), estaremos en la necesidad de seguir acondicionando un poquito m\u00e1s su recinto y que tenga que vivir lo que nos tenga que acompa\u00f1ar\u00bb, afirm\u00f3 Pronotto.<\/p>\n<p>Flores sostuvo que van \u00aba seguir luchando para que le mantengan ac\u00e1 la mejor calidad de vida que se pueda\u00bb.<\/p>\n<p>\u00abSiempre supimos que iba a ser este el desenlace\u00bb, concluy\u00f3 el activista.<\/p>\n<p>Gast\u00f3n Trelles<\/p>\n","protected":false},"excerpt":{"rendered":"<p>Buenos Aires, 7 feb (EFE).- El futuro del oso polar Arturo, una de las principales atracciones del zool\u00f3gico de la provincia argentina de Mendoza, ya no es un misterio, ya que una junta m\u00e9dica decidi\u00f3 hoy que, por su avanzada edad y fr\u00e1gil estado de salud, no es conveniente trasladar al animal. Arturo, de 29 [&hellip;]<\/p>\n","protected":false},"author":1,"featured_media":486542,"comment_status":"open","ping_status":"open","sticky":false,"template":"","format":"standard","meta":{"footnotes":""},"categories":[1],"tags":[],"class_list":["post-486541","post","type-post","status-publish","format-standard","has-post-thumbnail","hentry","category-actualidad"],"aioseo_notices":[],"aioseo_head":"\n\t\t<!-- All in One SEO Pro 5.0.1 - aioseo.com -->\n\t<meta name=\"description\" content=\"Buenos Aires, 7 feb (EFE).- El futuro del oso polar Arturo, una de las principales atracciones del zool\u00f3gico de la provincia argentina de Mendoza, ya no es un misterio, ya que una junta m\u00e9dica decidi\u00f3 hoy que, por su avanzada edad y fr\u00e1gil estado de salud, no es conveniente trasladar al animal. Arturo, de 29\" \/>\n\t<meta name=\"robots\" content=\"max-image-preview:large\" \/>\n\t<meta name=\"author\" content=\"El Digital de Asturias\"\/>\n\t<meta name=\"google-site-verification\" content=\"UA-38556648-1\" \/>\n\t<meta name=\"msvalidate.01\" content=\"7dfe9f3f1b24437ab69f4f2559babe99\" \/>\n\t<meta name=\"keywords\" content=\"actualidad\" \/>\n\t<link rel=\"canonical\" href=\"https:\/\/www.eldigitaldeasturias.com\/noticias\/arturo-el-oso-polar-en-medio-del-desierto-argentino-se-queda-en-su-zoo\/\" \/>\n\t<meta name=\"generator\" content=\"All in One SEO Pro (AIOSEO) 5.0.1\" \/>\n\t\t<meta property=\"og:locale\" content=\"es_ES\" \/>\n\t\t<meta property=\"og:site_name\" content=\"El Digital de Asturias\" \/>\n\t\t<meta property=\"og:type\" content=\"article\" \/>\n\t\t<meta property=\"og:title\" content=\"Arturo, \u00abel oso polar en medio del desierto\u00bb argentino, se queda en su zoo - El Digital de Asturias\" \/>\n\t\t<meta property=\"og:description\" content=\"Buenos Aires, 7 feb (EFE).- El futuro del oso polar Arturo, una de las principales atracciones del zool\u00f3gico de la provincia argentina de Mendoza, ya no es un misterio, ya que una junta m\u00e9dica decidi\u00f3 hoy que, por su avanzada edad y fr\u00e1gil estado de salud, no es conveniente trasladar al animal. Arturo, de 29\" \/>\n\t\t<meta property=\"og:url\" content=\"https:\/\/www.eldigitaldeasturias.com\/noticias\/arturo-el-oso-polar-en-medio-del-desierto-argentino-se-queda-en-su-zoo\/\" \/>\n\t\t<meta property=\"article:tag\" content=\"actualidad\" \/>\n\t\t<meta property=\"article:published_time\" content=\"2014-02-08T04:04:39+00:00\" \/>\n\t\t<meta property=\"article:modified_time\" content=\"2014-02-08T04:04:39+00:00\" \/>\n\t\t<meta property=\"article:publisher\" content=\"https:\/\/facebook.com\/eldigitaldeasturias\" \/>\n\t\t<meta name=\"twitter:card\" content=\"summary_large_image\" \/>\n\t\t<meta name=\"twitter:title\" content=\"Arturo, \u00abel oso polar en medio del desierto\u00bb argentino, se queda en su zoo - El Digital de Asturias\" \/>\n\t\t<meta name=\"twitter:description\" content=\"Buenos Aires, 7 feb (EFE).- El futuro del oso polar Arturo, una de las principales atracciones del zool\u00f3gico de la provincia argentina de Mendoza, ya no es un misterio, ya que una junta m\u00e9dica decidi\u00f3 hoy que, por su avanzada edad y fr\u00e1gil estado de salud, no es conveniente trasladar al animal. Arturo, de 29\" \/>\n\t\t<meta name=\"twitter:label1\" content=\"Escrito por\" \/>\n\t\t<meta name=\"twitter:data1\" content=\"El Digital de Asturias\" \/>\n\t\t<meta name=\"twitter:label2\" content=\"Tiempo de lectura estimado\" \/>\n\t\t<meta name=\"twitter:data2\" content=\"4 minutos\" \/>\n\t\t<script type=\"application\/ld+json\" class=\"aioseo-schema\">\n\t\t\t{\"@context\":\"https:\\\/\\\/schema.org\",\"@graph\":[{\"@type\":\"BlogPosting\",\"@id\":\"https:\\\/\\\/www.eldigitaldeasturias.com\\\/noticias\\\/arturo-el-oso-polar-en-medio-del-desierto-argentino-se-queda-en-su-zoo\\\/#blogposting\",\"name\":\"Arturo, \\u00abel oso polar en medio del desierto\\u00bb argentino, se queda en su zoo - El Digital de Asturias\",\"headline\":\"Arturo, \\u00abel oso polar en medio del desierto\\u00bb argentino, se queda en su zoo\",\"author\":{\"@id\":\"https:\\\/\\\/www.eldigitaldeasturias.com\\\/noticias\\\/author\\\/admin\\\/#author\"},\"publisher\":{\"@id\":\"https:\\\/\\\/www.eldigitaldeasturias.com\\\/noticias\\\/#organization\"},\"image\":{\"@type\":\"ImageObject\",\"url\":486542},\"datePublished\":\"2014-02-08T03:04:39+01:00\",\"dateModified\":\"2014-02-08T03:04:39+01:00\",\"inLanguage\":\"es-ES\",\"mainEntityOfPage\":{\"@id\":\"https:\\\/\\\/www.eldigitaldeasturias.com\\\/noticias\\\/arturo-el-oso-polar-en-medio-del-desierto-argentino-se-queda-en-su-zoo\\\/#webpage\"},\"isPartOf\":{\"@id\":\"https:\\\/\\\/www.eldigitaldeasturias.com\\\/noticias\\\/arturo-el-oso-polar-en-medio-del-desierto-argentino-se-queda-en-su-zoo\\\/#webpage\"},\"articleSection\":\"Actualidad\"},{\"@type\":\"BreadcrumbList\",\"@id\":\"https:\\\/\\\/www.eldigitaldeasturias.com\\\/noticias\\\/arturo-el-oso-polar-en-medio-del-desierto-argentino-se-queda-en-su-zoo\\\/#breadcrumblist\",\"itemListElement\":[{\"@type\":\"ListItem\",\"@id\":\"https:\\\/\\\/www.eldigitaldeasturias.com\\\/noticias#listItem\",\"position\":1,\"name\":\"Home\",\"item\":\"https:\\\/\\\/www.eldigitaldeasturias.com\\\/noticias\",\"nextItem\":{\"@type\":\"ListItem\",\"@id\":\"https:\\\/\\\/www.eldigitaldeasturias.com\\\/noticias\\\/category\\\/actualidad\\\/#listItem\",\"name\":\"Actualidad\"}},{\"@type\":\"ListItem\",\"@id\":\"https:\\\/\\\/www.eldigitaldeasturias.com\\\/noticias\\\/category\\\/actualidad\\\/#listItem\",\"position\":2,\"name\":\"Actualidad\",\"item\":\"https:\\\/\\\/www.eldigitaldeasturias.com\\\/noticias\\\/category\\\/actualidad\\\/\",\"nextItem\":{\"@type\":\"ListItem\",\"@id\":\"https:\\\/\\\/www.eldigitaldeasturias.com\\\/noticias\\\/arturo-el-oso-polar-en-medio-del-desierto-argentino-se-queda-en-su-zoo\\\/#listItem\",\"name\":\"Arturo, \\u00abel oso polar en medio del desierto\\u00bb argentino, se queda en su zoo\"},\"previousItem\":{\"@type\":\"ListItem\",\"@id\":\"https:\\\/\\\/www.eldigitaldeasturias.com\\\/noticias#listItem\",\"name\":\"Home\"}},{\"@type\":\"ListItem\",\"@id\":\"https:\\\/\\\/www.eldigitaldeasturias.com\\\/noticias\\\/arturo-el-oso-polar-en-medio-del-desierto-argentino-se-queda-en-su-zoo\\\/#listItem\",\"position\":3,\"name\":\"Arturo, \\u00abel oso polar en medio del desierto\\u00bb argentino, se queda en su zoo\",\"previousItem\":{\"@type\":\"ListItem\",\"@id\":\"https:\\\/\\\/www.eldigitaldeasturias.com\\\/noticias\\\/category\\\/actualidad\\\/#listItem\",\"name\":\"Actualidad\"}}]},{\"@type\":\"Organization\",\"@id\":\"https:\\\/\\\/www.eldigitaldeasturias.com\\\/noticias\\\/#organization\",\"name\":\"El Digital de Asturias\",\"description\":\"Hemeroteca\",\"url\":\"https:\\\/\\\/www.eldigitaldeasturias.com\\\/noticias\\\/\",\"email\":\"info@eldigitaldeasturias.com\",\"telephone\":\"+34652131393\",\"logo\":{\"@type\":\"ImageObject\",\"url\":\"https:\\\/\\\/www.eldigitaldeasturias.com\\\/noticias\\\/wp-content\\\/uploads\\\/2020\\\/12\\\/EDA.jpg\",\"@id\":\"https:\\\/\\\/www.eldigitaldeasturias.com\\\/noticias\\\/arturo-el-oso-polar-en-medio-del-desierto-argentino-se-queda-en-su-zoo\\\/#organizationLogo\"},\"image\":{\"@id\":\"https:\\\/\\\/www.eldigitaldeasturias.com\\\/noticias\\\/arturo-el-oso-polar-en-medio-del-desierto-argentino-se-queda-en-su-zoo\\\/#organizationLogo\"},\"sameAs\":[\"https:\\\/\\\/facebook.com\\\/eldigitaldeasturias\",\"https:\\\/\\\/www.youtube.com\\\/channel\\\/UCZP-2wLEB9Rv6erhFmqVnvg\"],\"address\":{\"@id\":\"https:\\\/\\\/www.eldigitaldeasturias.com\\\/noticias\\\/#postaladdress\",\"@type\":\"PostalAddress\",\"streetAddress\":\"san antonio 4\",\"postalCode\":\"33430\",\"addressLocality\":\"Cand\\u00e1s\",\"addressRegion\":\"Asturias\",\"addressCountry\":\"ES\"}},{\"@type\":\"Person\",\"@id\":\"https:\\\/\\\/www.eldigitaldeasturias.com\\\/noticias\\\/author\\\/admin\\\/#author\",\"url\":\"https:\\\/\\\/www.eldigitaldeasturias.com\\\/noticias\\\/author\\\/admin\\\/\",\"name\":\"El Digital de Asturias\",\"image\":{\"@type\":\"ImageObject\",\"@id\":\"https:\\\/\\\/www.eldigitaldeasturias.com\\\/noticias\\\/arturo-el-oso-polar-en-medio-del-desierto-argentino-se-queda-en-su-zoo\\\/#authorImage\",\"url\":\"https:\\\/\\\/secure.gravatar.com\\\/avatar\\\/df2aeffc32bcd13f8d26072ef8a91b623d677766deac7f97ca815868cd41bf5e?s=96&d=mm&r=g\",\"width\":96,\"height\":96,\"caption\":\"El Digital de Asturias\"}},{\"@type\":\"WebPage\",\"@id\":\"https:\\\/\\\/www.eldigitaldeasturias.com\\\/noticias\\\/arturo-el-oso-polar-en-medio-del-desierto-argentino-se-queda-en-su-zoo\\\/#webpage\",\"url\":\"https:\\\/\\\/www.eldigitaldeasturias.com\\\/noticias\\\/arturo-el-oso-polar-en-medio-del-desierto-argentino-se-queda-en-su-zoo\\\/\",\"name\":\"Arturo, \\u00abel oso polar en medio del desierto\\u00bb argentino, se queda en su zoo - El Digital de Asturias\",\"description\":\"Buenos Aires, 7 feb (EFE).- El futuro del oso polar Arturo, una de las principales atracciones del zool\\u00f3gico de la provincia argentina de Mendoza, ya no es un misterio, ya que una junta m\\u00e9dica decidi\\u00f3 hoy que, por su avanzada edad y fr\\u00e1gil estado de salud, no es conveniente trasladar al animal. Arturo, de 29\",\"inLanguage\":\"es-ES\",\"isPartOf\":{\"@id\":\"https:\\\/\\\/www.eldigitaldeasturias.com\\\/noticias\\\/#website\"},\"breadcrumb\":{\"@id\":\"https:\\\/\\\/www.eldigitaldeasturias.com\\\/noticias\\\/arturo-el-oso-polar-en-medio-del-desierto-argentino-se-queda-en-su-zoo\\\/#breadcrumblist\"},\"author\":{\"@id\":\"https:\\\/\\\/www.eldigitaldeasturias.com\\\/noticias\\\/author\\\/admin\\\/#author\"},\"creator\":{\"@id\":\"https:\\\/\\\/www.eldigitaldeasturias.com\\\/noticias\\\/author\\\/admin\\\/#author\"},\"image\":{\"@type\":\"ImageObject\",\"url\":486542,\"@id\":\"https:\\\/\\\/www.eldigitaldeasturias.com\\\/noticias\\\/arturo-el-oso-polar-en-medio-del-desierto-argentino-se-queda-en-su-zoo\\\/#mainImage\"},\"primaryImageOfPage\":{\"@id\":\"https:\\\/\\\/www.eldigitaldeasturias.com\\\/noticias\\\/arturo-el-oso-polar-en-medio-del-desierto-argentino-se-queda-en-su-zoo\\\/#mainImage\"},\"datePublished\":\"2014-02-08T03:04:39+01:00\",\"dateModified\":\"2014-02-08T03:04:39+01:00\"},{\"@type\":\"WebSite\",\"@id\":\"https:\\\/\\\/www.eldigitaldeasturias.com\\\/noticias\\\/#website\",\"url\":\"https:\\\/\\\/www.eldigitaldeasturias.com\\\/noticias\\\/\",\"name\":\"El Digital de Asturias - Diario de actualidad y noticias\",\"alternateName\":\"El Digital de Asturias - Diario de actualidad y noticias\",\"description\":\"Hemeroteca\",\"inLanguage\":\"es-ES\",\"publisher\":{\"@id\":\"https:\\\/\\\/www.eldigitaldeasturias.com\\\/noticias\\\/#organization\"}}]}\n\t\t<\/script>\n\t\t<!-- All in One SEO Pro -->\r\n\t\t<title>Arturo, \u00abel oso polar en medio del desierto\u00bb argentino, se queda en su zoo - El Digital de Asturias<\/title>\n\n","aioseo_head_json":{"title":"Arturo, \u00abel oso polar en medio del desierto\u00bb argentino, se queda en su zoo - El Digital de Asturias","description":"Buenos Aires, 7 feb (EFE).- El futuro del oso polar Arturo, una de las principales atracciones del zool\u00f3gico de la provincia argentina de Mendoza, ya no es un misterio, ya que una junta m\u00e9dica decidi\u00f3 hoy que, por su avanzada edad y fr\u00e1gil estado de salud, no es conveniente trasladar al animal. Arturo, de 29","canonical_url":"https:\/\/www.eldigitaldeasturias.com\/noticias\/arturo-el-oso-polar-en-medio-del-desierto-argentino-se-queda-en-su-zoo\/","robots":"max-image-preview:large","keywords":"actualidad","webmasterTools":{"google-site-verification":"UA-38556648-1","msvalidate.01":"7dfe9f3f1b24437ab69f4f2559babe99","miscellaneous":""},"schema":{"@context":"https:\/\/schema.org","@graph":[{"@type":"BlogPosting","@id":"https:\/\/www.eldigitaldeasturias.com\/noticias\/arturo-el-oso-polar-en-medio-del-desierto-argentino-se-queda-en-su-zoo\/#blogposting","name":"Arturo, \u00abel oso polar en medio del desierto\u00bb argentino, se queda en su zoo - El Digital de Asturias","headline":"Arturo, \u00abel oso polar en medio del desierto\u00bb argentino, se queda en su zoo","author":{"@id":"https:\/\/www.eldigitaldeasturias.com\/noticias\/author\/admin\/#author"},"publisher":{"@id":"https:\/\/www.eldigitaldeasturias.com\/noticias\/#organization"},"image":{"@type":"ImageObject","url":486542},"datePublished":"2014-02-08T03:04:39+01:00","dateModified":"2014-02-08T03:04:39+01:00","inLanguage":"es-ES","mainEntityOfPage":{"@id":"https:\/\/www.eldigitaldeasturias.com\/noticias\/arturo-el-oso-polar-en-medio-del-desierto-argentino-se-queda-en-su-zoo\/#webpage"},"isPartOf":{"@id":"https:\/\/www.eldigitaldeasturias.com\/noticias\/arturo-el-oso-polar-en-medio-del-desierto-argentino-se-queda-en-su-zoo\/#webpage"},"articleSection":"Actualidad"},{"@type":"BreadcrumbList","@id":"https:\/\/www.eldigitaldeasturias.com\/noticias\/arturo-el-oso-polar-en-medio-del-desierto-argentino-se-queda-en-su-zoo\/#breadcrumblist","itemListElement":[{"@type":"ListItem","@id":"https:\/\/www.eldigitaldeasturias.com\/noticias#listItem","position":1,"name":"Home","item":"https:\/\/www.eldigitaldeasturias.com\/noticias","nextItem":{"@type":"ListItem","@id":"https:\/\/www.eldigitaldeasturias.com\/noticias\/category\/actualidad\/#listItem","name":"Actualidad"}},{"@type":"ListItem","@id":"https:\/\/www.eldigitaldeasturias.com\/noticias\/category\/actualidad\/#listItem","position":2,"name":"Actualidad","item":"https:\/\/www.eldigitaldeasturias.com\/noticias\/category\/actualidad\/","nextItem":{"@type":"ListItem","@id":"https:\/\/www.eldigitaldeasturias.com\/noticias\/arturo-el-oso-polar-en-medio-del-desierto-argentino-se-queda-en-su-zoo\/#listItem","name":"Arturo, \u00abel oso polar en medio del desierto\u00bb argentino, se queda en su zoo"},"previousItem":{"@type":"ListItem","@id":"https:\/\/www.eldigitaldeasturias.com\/noticias#listItem","name":"Home"}},{"@type":"ListItem","@id":"https:\/\/www.eldigitaldeasturias.com\/noticias\/arturo-el-oso-polar-en-medio-del-desierto-argentino-se-queda-en-su-zoo\/#listItem","position":3,"name":"Arturo, \u00abel oso polar en medio del desierto\u00bb argentino, se queda en su zoo","previousItem":{"@type":"ListItem","@id":"https:\/\/www.eldigitaldeasturias.com\/noticias\/category\/actualidad\/#listItem","name":"Actualidad"}}]},{"@type":"Organization","@id":"https:\/\/www.eldigitaldeasturias.com\/noticias\/#organization","name":"El Digital de Asturias","description":"Hemeroteca","url":"https:\/\/www.eldigitaldeasturias.com\/noticias\/","email":"info@eldigitaldeasturias.com","telephone":"+34652131393","logo":{"@type":"ImageObject","url":"https:\/\/www.eldigitaldeasturias.com\/noticias\/wp-content\/uploads\/2020\/12\/EDA.jpg","@id":"https:\/\/www.eldigitaldeasturias.com\/noticias\/arturo-el-oso-polar-en-medio-del-desierto-argentino-se-queda-en-su-zoo\/#organizationLogo"},"image":{"@id":"https:\/\/www.eldigitaldeasturias.com\/noticias\/arturo-el-oso-polar-en-medio-del-desierto-argentino-se-queda-en-su-zoo\/#organizationLogo"},"sameAs":["https:\/\/facebook.com\/eldigitaldeasturias","https:\/\/www.youtube.com\/channel\/UCZP-2wLEB9Rv6erhFmqVnvg"],"address":{"@id":"https:\/\/www.eldigitaldeasturias.com\/noticias\/#postaladdress","@type":"PostalAddress","streetAddress":"san antonio 4","postalCode":"33430","addressLocality":"Cand\u00e1s","addressRegion":"Asturias","addressCountry":"ES"}},{"@type":"Person","@id":"https:\/\/www.eldigitaldeasturias.com\/noticias\/author\/admin\/#author","url":"https:\/\/www.eldigitaldeasturias.com\/noticias\/author\/admin\/","name":"El Digital de Asturias","image":{"@type":"ImageObject","@id":"https:\/\/www.eldigitaldeasturias.com\/noticias\/arturo-el-oso-polar-en-medio-del-desierto-argentino-se-queda-en-su-zoo\/#authorImage","url":"https:\/\/secure.gravatar.com\/avatar\/df2aeffc32bcd13f8d26072ef8a91b623d677766deac7f97ca815868cd41bf5e?s=96&d=mm&r=g","width":96,"height":96,"caption":"El Digital de Asturias"}},{"@type":"WebPage","@id":"https:\/\/www.eldigitaldeasturias.com\/noticias\/arturo-el-oso-polar-en-medio-del-desierto-argentino-se-queda-en-su-zoo\/#webpage","url":"https:\/\/www.eldigitaldeasturias.com\/noticias\/arturo-el-oso-polar-en-medio-del-desierto-argentino-se-queda-en-su-zoo\/","name":"Arturo, \u00abel oso polar en medio del desierto\u00bb argentino, se queda en su zoo - El Digital de Asturias","description":"Buenos Aires, 7 feb (EFE).- El futuro del oso polar Arturo, una de las principales atracciones del zool\u00f3gico de la provincia argentina de Mendoza, ya no es un misterio, ya que una junta m\u00e9dica decidi\u00f3 hoy que, por su avanzada edad y fr\u00e1gil estado de salud, no es conveniente trasladar al animal. Arturo, de 29","inLanguage":"es-ES","isPartOf":{"@id":"https:\/\/www.eldigitaldeasturias.com\/noticias\/#website"},"breadcrumb":{"@id":"https:\/\/www.eldigitaldeasturias.com\/noticias\/arturo-el-oso-polar-en-medio-del-desierto-argentino-se-queda-en-su-zoo\/#breadcrumblist"},"author":{"@id":"https:\/\/www.eldigitaldeasturias.com\/noticias\/author\/admin\/#author"},"creator":{"@id":"https:\/\/www.eldigitaldeasturias.com\/noticias\/author\/admin\/#author"},"image":{"@type":"ImageObject","url":486542,"@id":"https:\/\/www.eldigitaldeasturias.com\/noticias\/arturo-el-oso-polar-en-medio-del-desierto-argentino-se-queda-en-su-zoo\/#mainImage"},"primaryImageOfPage":{"@id":"https:\/\/www.eldigitaldeasturias.com\/noticias\/arturo-el-oso-polar-en-medio-del-desierto-argentino-se-queda-en-su-zoo\/#mainImage"},"datePublished":"2014-02-08T03:04:39+01:00","dateModified":"2014-02-08T03:04:39+01:00"},{"@type":"WebSite","@id":"https:\/\/www.eldigitaldeasturias.com\/noticias\/#website","url":"https:\/\/www.eldigitaldeasturias.com\/noticias\/","name":"El Digital de Asturias - Diario de actualidad y noticias","alternateName":"El Digital de Asturias - Diario de actualidad y noticias","description":"Hemeroteca","inLanguage":"es-ES","publisher":{"@id":"https:\/\/www.eldigitaldeasturias.com\/noticias\/#organization"}}]},"og:locale":"es_ES","og:site_name":"El Digital de Asturias","og:type":"article","og:title":"Arturo, \u00abel oso polar en medio del desierto\u00bb argentino, se queda en su zoo - El Digital de Asturias","og:description":"Buenos Aires, 7 feb (EFE).- El futuro del oso polar Arturo, una de las principales atracciones del zool\u00f3gico de la provincia argentina de Mendoza, ya no es un misterio, ya que una junta m\u00e9dica decidi\u00f3 hoy que, por su avanzada edad y fr\u00e1gil estado de salud, no es conveniente trasladar al animal. Arturo, de 29","og:url":"https:\/\/www.eldigitaldeasturias.com\/noticias\/arturo-el-oso-polar-en-medio-del-desierto-argentino-se-queda-en-su-zoo\/","article:tag":["actualidad"],"article:published_time":"2014-02-08T04:04:39+00:00","article:modified_time":"2014-02-08T04:04:39+00:00","article:publisher":"https:\/\/facebook.com\/eldigitaldeasturias","twitter:card":"summary_large_image","twitter:title":"Arturo, \u00abel oso polar en medio del desierto\u00bb argentino, se queda en su zoo - El Digital de Asturias","twitter:description":"Buenos Aires, 7 feb (EFE).- El futuro del oso polar Arturo, una de las principales atracciones del zool\u00f3gico de la provincia argentina de Mendoza, ya no es un misterio, ya que una junta m\u00e9dica decidi\u00f3 hoy que, por su avanzada edad y fr\u00e1gil estado de salud, no es conveniente trasladar al animal. Arturo, de 29","twitter:label1":"Escrito por","twitter:data1":"El Digital de Asturias","twitter:label2":"Tiempo de lectura estimado","twitter:data2":"4 minutos"},"aioseo_meta_data":{"post_id":"486541","title":null,"description":null,"keywords":null,"keyphrases":null,"primary_term":null,"canonical_url":null,"og_title":null,"og_description":null,"og_object_type":"default","og_image_type":"default","og_image_url":null,"og_image_width":null,"og_image_height":null,"og_image_custom_url":null,"og_image_custom_fields":null,"og_video":null,"og_custom_url":null,"og_article_section":null,"og_article_tags":null,"twitter_use_og":true,"twitter_card":"default","twitter_image_type":"default","twitter_image_url":null,"twitter_image_custom_url":null,"twitter_image_custom_fields":null,"twitter_title":null,"twitter_description":null,"schema":{"blockGraphs":[],"customGraphs":[],"default":{"data":{"Article":[],"Course":[],"Dataset":[],"FAQPage":[],"Movie":[],"Person":[],"Product":[],"ProductReview":[],"Car":[],"Recipe":[],"Service":[],"SoftwareApplication":[],"WebPage":[]},"graphName":"","isEnabled":true},"graphs":[],"defaultGraph":"","defaultPostTypeGraph":""},"schema_type":null,"schema_type_options":null,"pillar_content":false,"robots_default":true,"robots_noindex":false,"robots_noarchive":false,"robots_nosnippet":false,"robots_nofollow":false,"robots_noimageindex":false,"robots_noodp":false,"robots_notranslate":false,"robots_max_snippet":null,"robots_max_videopreview":null,"robots_max_imagepreview":"none","priority":null,"frequency":null,"local_seo":null,"seo_analyzer_scan_date":"2026-06-03 01:25:09","breadcrumb_settings":null,"limit_modified_date":false,"open_ai":null,"ai":null,"created":"2020-11-14 22:56:08","updated":"2026-06-03 01:25:09","focus_keyword":null,"additional_keywords":null,"truseo_locale":null},"aioseo_breadcrumb":"<div class=\"aioseo-breadcrumbs\"><span class=\"aioseo-breadcrumb\">\n\t<a href=\"https:\/\/www.eldigitaldeasturias.com\/noticias\" title=\"Home\">Home<\/a>\n<\/span><span class=\"aioseo-breadcrumb-separator\">\u2013<\/span><span class=\"aioseo-breadcrumb\">\n\t<a href=\"https:\/\/www.eldigitaldeasturias.com\/noticias\/category\/actualidad\/\" title=\"Actualidad\">Actualidad<\/a>\n<\/span><span class=\"aioseo-breadcrumb-separator\">\u2013<\/span><span class=\"aioseo-breadcrumb\">\n\t<a href=\"https:\/\/www.eldigitaldeasturias.com\/noticias\/arturo-el-oso-polar-en-medio-del-desierto-argentino-se-queda-en-su-zoo\/\" title=\"Arturo, \u00abel oso polar en medio del desierto\u00bb argentino, se queda en su zoo\">Arturo, \u00abel oso polar en medio del desierto\u00bb argentino, se queda en su zoo<\/a>\n<\/span><\/div>","aioseo_breadcrumb_json":[{"label":"Home","link":"https:\/\/www.eldigitaldeasturias.com\/noticias"},{"label":"Actualidad","link":"https:\/\/www.eldigitaldeasturias.com\/noticias\/category\/actualidad\/"},{"label":"Arturo, \u00abel oso polar en medio del desierto\u00bb argentino, se queda en su zoo","link":"https:\/\/www.eldigitaldeasturias.com\/noticias\/arturo-el-oso-polar-en-medio-del-desierto-argentino-se-queda-en-su-zoo\/"}],"_links":{"self":[{"href":"https:\/\/www.eldigitaldeasturias.com\/noticias\/wp-json\/wp\/v2\/posts\/486541","targetHints":{"allow":["GET"]}}],"collection":[{"href":"https:\/\/www.eldigitaldeasturias.com\/noticias\/wp-json\/wp\/v2\/posts"}],"about":[{"href":"https:\/\/www.eldigitaldeasturias.com\/noticias\/wp-json\/wp\/v2\/types\/post"}],"author":[{"embeddable":true,"href":"https:\/\/www.eldigitaldeasturias.com\/noticias\/wp-json\/wp\/v2\/users\/1"}],"replies":[{"embeddable":true,"href":"https:\/\/www.eldigitaldeasturias.com\/noticias\/wp-json\/wp\/v2\/comments?post=486541"}],"version-history":[{"count":0,"href":"https:\/\/www.eldigitaldeasturias.com\/noticias\/wp-json\/wp\/v2\/posts\/486541\/revisions"}],"wp:attachment":[{"href":"https:\/\/www.eldigitaldeasturias.com\/noticias\/wp-json\/wp\/v2\/media?parent=486541"}],"wp:term":[{"taxonomy":"category","embeddable":true,"href":"https:\/\/www.eldigitaldeasturias.com\/noticias\/wp-json\/wp\/v2\/categories?post=486541"},{"taxonomy":"post_tag","embeddable":true,"href":"https:\/\/www.eldigitaldeasturias.com\/noticias\/wp-json\/wp\/v2\/tags?post=486541"}],"curies":[{"name":"wp","href":"https:\/\/api.w.org\/{rel}","templated":true}]}}