{"id":486532,"date":"2014-02-08T02:54:24","date_gmt":"2014-02-08T03:54:24","guid":{"rendered":"http:\/\/www.eldigitaldeasturias.com\/noticias\/?p=486532"},"modified":"2014-02-08T02:54:24","modified_gmt":"2014-02-08T03:54:24","slug":"valladolid-cientos-de-personas-piden-que-se-retiren-los-cargos-a-los-detenidos","status":"publish","type":"post","link":"https:\/\/www.eldigitaldeasturias.com\/noticias\/valladolid-cientos-de-personas-piden-que-se-retiren-los-cargos-a-los-detenidos\/","title":{"rendered":"Valladolid : Cientos de personas piden que se retiren los cargos a los detenidos"},"content":{"rendered":"<p><img loading=\"lazy\" decoding=\"async\" class=\"alignleft size-medium wp-image-486533\" alt=\"5922952w\" src=\"https:\/\/www.eldigitaldeasturias.com\/noticias\/wp-content\/uploads\/2014\/02\/5922952w-360x245.jpg\" width=\"360\" height=\"245\" \/>Valladolid, 7 feb (EFE).- Cientos de personas han participado esta noche en Valladolid en una manifestaci\u00f3n para pedir la retirada de cargos de los detenidos el pasado domingo d\u00eda 2 en la ciudad, cuando se produjo una carga policial frente a un restaurante en el que estaban miembros del PP.<\/p>\n<p>La marcha se ha desarrollado sin incidentes, aunque al paso frente a una comisar\u00eda del Cuerpo Nacional de Polic\u00eda se han producido algunos momentos de tensi\u00f3n.<\/p>\n<p>El recorrido ha comentado poco despu\u00e9s de las ocho de la tarde en una c\u00e9ntrica plaza de la ciudad, encabezado con un pancarta con el lema \u00abParemos la criminalizaci\u00f3n de la protesta social\u00bb, portada entre otros por algunas las personas que resultaron heridas en la carga policial.<\/p>\n<p>Convocada por colectivos sociales, la manifestaci\u00f3n se ha dirigido a los Juzgados de Valladolid y a continuaci\u00f3n a una comisaria, que estaba protegida por agentes de Polic\u00eda, que han cortado la calle.<\/p>\n<p>A su llegada frente a la comisar\u00eda, la marcha se ha convertido en una concentraci\u00f3n, con gritos contra la Polic\u00eda, que finalmente ha dejado que prosiguiera el recorrido al retirar la valla que cortaba la calle.<\/p>\n<p>La manifestaci\u00f3n ha llegado poco antes de las nueve y media de la noche ante la sede del Partido Popular de Valladolid, situada en una c\u00e9ntrica calle de la ciudad, para terminar despu\u00e9s en la plaza donde se hab\u00eda iniciado.<\/p>\n<p>El pasado lunes d\u00eda 3, una marcha similar concluy\u00f3 ante esta sede del PP con el lanzamiento de pintura a la fachada.<\/p>\n<p>Los participantes han coreado consignas contra la Polic\u00eda, el PP y el Gobierno durante toda la marcha, convocada para reclamar que se retiren los cargos a tres personas que fueron detenidas el domingo al t\u00e9rmino de una manifestaci\u00f3n que se desarroll\u00f3 en coincidencia con la celebraci\u00f3n de la convenci\u00f3n nacional del Partido Popular.<\/p>\n<p>La Polic\u00eda carg\u00f3 contra un grupo de personas que se concentraba frente a un restaurante de Valladolid en el que se encontraban representantes del PP.<\/p>\n","protected":false},"excerpt":{"rendered":"<p>Valladolid, 7 feb (EFE).- Cientos de personas han participado esta noche en Valladolid en una manifestaci\u00f3n para pedir la retirada de cargos de los detenidos el pasado domingo d\u00eda 2 en la ciudad, cuando se produjo una carga policial frente a un restaurante en el que estaban miembros del PP. La marcha se ha desarrollado [&hellip;]<\/p>\n","protected":false},"author":1,"featured_media":486533,"comment_status":"open","ping_status":"open","sticky":false,"template":"","format":"standard","meta":{"footnotes":""},"categories":[1],"tags":[],"class_list":["post-486532","post","type-post","status-publish","format-standard","has-post-thumbnail","hentry","category-actualidad"],"aioseo_notices":[],"aioseo_head":"\n\t\t<!-- All in One SEO Pro 5.0.1 - aioseo.com -->\n\t<meta name=\"description\" content=\"Valladolid, 7 feb (EFE).- Cientos de personas han participado esta noche en Valladolid en una manifestaci\u00f3n para pedir la retirada de cargos de los detenidos el pasado domingo d\u00eda 2 en la ciudad, cuando se produjo una carga policial frente a un restaurante en el que estaban miembros del PP. La marcha se ha desarrollado\" \/>\n\t<meta name=\"robots\" content=\"max-image-preview:large\" \/>\n\t<meta name=\"author\" content=\"El Digital de Asturias\"\/>\n\t<meta name=\"google-site-verification\" content=\"UA-38556648-1\" \/>\n\t<meta name=\"msvalidate.01\" content=\"7dfe9f3f1b24437ab69f4f2559babe99\" \/>\n\t<meta name=\"keywords\" content=\"actualidad\" \/>\n\t<link rel=\"canonical\" href=\"https:\/\/www.eldigitaldeasturias.com\/noticias\/valladolid-cientos-de-personas-piden-que-se-retiren-los-cargos-a-los-detenidos\/\" \/>\n\t<meta name=\"generator\" content=\"All in One SEO Pro (AIOSEO) 5.0.1\" \/>\n\t\t<meta property=\"og:locale\" content=\"es_ES\" \/>\n\t\t<meta property=\"og:site_name\" content=\"El Digital de Asturias\" \/>\n\t\t<meta property=\"og:type\" content=\"article\" \/>\n\t\t<meta property=\"og:title\" content=\"Valladolid : Cientos de personas piden que se retiren los cargos a los detenidos - El Digital de Asturias\" \/>\n\t\t<meta property=\"og:description\" content=\"Valladolid, 7 feb (EFE).- Cientos de personas han participado esta noche en Valladolid en una manifestaci\u00f3n para pedir la retirada de cargos de los detenidos el pasado domingo d\u00eda 2 en la ciudad, cuando se produjo una carga policial frente a un restaurante en el que estaban miembros del PP. La marcha se ha desarrollado\" \/>\n\t\t<meta property=\"og:url\" content=\"https:\/\/www.eldigitaldeasturias.com\/noticias\/valladolid-cientos-de-personas-piden-que-se-retiren-los-cargos-a-los-detenidos\/\" \/>\n\t\t<meta property=\"article:tag\" content=\"actualidad\" \/>\n\t\t<meta property=\"article:published_time\" content=\"2014-02-08T03:54:24+00:00\" \/>\n\t\t<meta property=\"article:modified_time\" content=\"2014-02-08T03:54:24+00:00\" \/>\n\t\t<meta property=\"article:publisher\" content=\"https:\/\/facebook.com\/eldigitaldeasturias\" \/>\n\t\t<meta name=\"twitter:card\" content=\"summary_large_image\" \/>\n\t\t<meta name=\"twitter:title\" content=\"Valladolid : Cientos de personas piden que se retiren los cargos a los detenidos - El Digital de Asturias\" \/>\n\t\t<meta name=\"twitter:description\" content=\"Valladolid, 7 feb (EFE).- Cientos de personas han participado esta noche en Valladolid en una manifestaci\u00f3n para pedir la retirada de cargos de los detenidos el pasado domingo d\u00eda 2 en la ciudad, cuando se produjo una carga policial frente a un restaurante en el que estaban miembros del PP. La marcha se ha desarrollado\" \/>\n\t\t<meta name=\"twitter:label1\" content=\"Escrito por\" \/>\n\t\t<meta name=\"twitter:data1\" content=\"El Digital de Asturias\" \/>\n\t\t<meta name=\"twitter:label2\" content=\"Tiempo de lectura estimado\" \/>\n\t\t<meta name=\"twitter:data2\" content=\"2 minutos\" \/>\n\t\t<script type=\"application\/ld+json\" class=\"aioseo-schema\">\n\t\t\t{\"@context\":\"https:\\\/\\\/schema.org\",\"@graph\":[{\"@type\":\"BlogPosting\",\"@id\":\"https:\\\/\\\/www.eldigitaldeasturias.com\\\/noticias\\\/valladolid-cientos-de-personas-piden-que-se-retiren-los-cargos-a-los-detenidos\\\/#blogposting\",\"name\":\"Valladolid : Cientos de personas piden que se retiren los cargos a los detenidos - El Digital de Asturias\",\"headline\":\"Valladolid : Cientos de personas piden que se retiren los cargos a los detenidos\",\"author\":{\"@id\":\"https:\\\/\\\/www.eldigitaldeasturias.com\\\/noticias\\\/author\\\/admin\\\/#author\"},\"publisher\":{\"@id\":\"https:\\\/\\\/www.eldigitaldeasturias.com\\\/noticias\\\/#organization\"},\"image\":{\"@type\":\"ImageObject\",\"url\":486533},\"datePublished\":\"2014-02-08T02:54:24+01:00\",\"dateModified\":\"2014-02-08T02:54:24+01:00\",\"inLanguage\":\"es-ES\",\"mainEntityOfPage\":{\"@id\":\"https:\\\/\\\/www.eldigitaldeasturias.com\\\/noticias\\\/valladolid-cientos-de-personas-piden-que-se-retiren-los-cargos-a-los-detenidos\\\/#webpage\"},\"isPartOf\":{\"@id\":\"https:\\\/\\\/www.eldigitaldeasturias.com\\\/noticias\\\/valladolid-cientos-de-personas-piden-que-se-retiren-los-cargos-a-los-detenidos\\\/#webpage\"},\"articleSection\":\"Actualidad\"},{\"@type\":\"BreadcrumbList\",\"@id\":\"https:\\\/\\\/www.eldigitaldeasturias.com\\\/noticias\\\/valladolid-cientos-de-personas-piden-que-se-retiren-los-cargos-a-los-detenidos\\\/#breadcrumblist\",\"itemListElement\":[{\"@type\":\"ListItem\",\"@id\":\"https:\\\/\\\/www.eldigitaldeasturias.com\\\/noticias#listItem\",\"position\":1,\"name\":\"Home\",\"item\":\"https:\\\/\\\/www.eldigitaldeasturias.com\\\/noticias\",\"nextItem\":{\"@type\":\"ListItem\",\"@id\":\"https:\\\/\\\/www.eldigitaldeasturias.com\\\/noticias\\\/category\\\/actualidad\\\/#listItem\",\"name\":\"Actualidad\"}},{\"@type\":\"ListItem\",\"@id\":\"https:\\\/\\\/www.eldigitaldeasturias.com\\\/noticias\\\/category\\\/actualidad\\\/#listItem\",\"position\":2,\"name\":\"Actualidad\",\"item\":\"https:\\\/\\\/www.eldigitaldeasturias.com\\\/noticias\\\/category\\\/actualidad\\\/\",\"nextItem\":{\"@type\":\"ListItem\",\"@id\":\"https:\\\/\\\/www.eldigitaldeasturias.com\\\/noticias\\\/valladolid-cientos-de-personas-piden-que-se-retiren-los-cargos-a-los-detenidos\\\/#listItem\",\"name\":\"Valladolid : Cientos de personas piden que se retiren los cargos a los detenidos\"},\"previousItem\":{\"@type\":\"ListItem\",\"@id\":\"https:\\\/\\\/www.eldigitaldeasturias.com\\\/noticias#listItem\",\"name\":\"Home\"}},{\"@type\":\"ListItem\",\"@id\":\"https:\\\/\\\/www.eldigitaldeasturias.com\\\/noticias\\\/valladolid-cientos-de-personas-piden-que-se-retiren-los-cargos-a-los-detenidos\\\/#listItem\",\"position\":3,\"name\":\"Valladolid : Cientos de personas piden que se retiren los cargos a los detenidos\",\"previousItem\":{\"@type\":\"ListItem\",\"@id\":\"https:\\\/\\\/www.eldigitaldeasturias.com\\\/noticias\\\/category\\\/actualidad\\\/#listItem\",\"name\":\"Actualidad\"}}]},{\"@type\":\"Organization\",\"@id\":\"https:\\\/\\\/www.eldigitaldeasturias.com\\\/noticias\\\/#organization\",\"name\":\"El Digital de Asturias\",\"description\":\"Hemeroteca\",\"url\":\"https:\\\/\\\/www.eldigitaldeasturias.com\\\/noticias\\\/\",\"email\":\"info@eldigitaldeasturias.com\",\"telephone\":\"+34652131393\",\"logo\":{\"@type\":\"ImageObject\",\"url\":\"https:\\\/\\\/www.eldigitaldeasturias.com\\\/noticias\\\/wp-content\\\/uploads\\\/2020\\\/12\\\/EDA.jpg\",\"@id\":\"https:\\\/\\\/www.eldigitaldeasturias.com\\\/noticias\\\/valladolid-cientos-de-personas-piden-que-se-retiren-los-cargos-a-los-detenidos\\\/#organizationLogo\"},\"image\":{\"@id\":\"https:\\\/\\\/www.eldigitaldeasturias.com\\\/noticias\\\/valladolid-cientos-de-personas-piden-que-se-retiren-los-cargos-a-los-detenidos\\\/#organizationLogo\"},\"sameAs\":[\"https:\\\/\\\/facebook.com\\\/eldigitaldeasturias\",\"https:\\\/\\\/www.youtube.com\\\/channel\\\/UCZP-2wLEB9Rv6erhFmqVnvg\"],\"address\":{\"@id\":\"https:\\\/\\\/www.eldigitaldeasturias.com\\\/noticias\\\/#postaladdress\",\"@type\":\"PostalAddress\",\"streetAddress\":\"san antonio 4\",\"postalCode\":\"33430\",\"addressLocality\":\"Cand\\u00e1s\",\"addressRegion\":\"Asturias\",\"addressCountry\":\"ES\"}},{\"@type\":\"Person\",\"@id\":\"https:\\\/\\\/www.eldigitaldeasturias.com\\\/noticias\\\/author\\\/admin\\\/#author\",\"url\":\"https:\\\/\\\/www.eldigitaldeasturias.com\\\/noticias\\\/author\\\/admin\\\/\",\"name\":\"El Digital de Asturias\",\"image\":{\"@type\":\"ImageObject\",\"@id\":\"https:\\\/\\\/www.eldigitaldeasturias.com\\\/noticias\\\/valladolid-cientos-de-personas-piden-que-se-retiren-los-cargos-a-los-detenidos\\\/#authorImage\",\"url\":\"https:\\\/\\\/secure.gravatar.com\\\/avatar\\\/df2aeffc32bcd13f8d26072ef8a91b623d677766deac7f97ca815868cd41bf5e?s=96&d=mm&r=g\",\"width\":96,\"height\":96,\"caption\":\"El Digital de Asturias\"}},{\"@type\":\"WebPage\",\"@id\":\"https:\\\/\\\/www.eldigitaldeasturias.com\\\/noticias\\\/valladolid-cientos-de-personas-piden-que-se-retiren-los-cargos-a-los-detenidos\\\/#webpage\",\"url\":\"https:\\\/\\\/www.eldigitaldeasturias.com\\\/noticias\\\/valladolid-cientos-de-personas-piden-que-se-retiren-los-cargos-a-los-detenidos\\\/\",\"name\":\"Valladolid : Cientos de personas piden que se retiren los cargos a los detenidos - El Digital de Asturias\",\"description\":\"Valladolid, 7 feb (EFE).- Cientos de personas han participado esta noche en Valladolid en una manifestaci\\u00f3n para pedir la retirada de cargos de los detenidos el pasado domingo d\\u00eda 2 en la ciudad, cuando se produjo una carga policial frente a un restaurante en el que estaban miembros del PP. La marcha se ha desarrollado\",\"inLanguage\":\"es-ES\",\"isPartOf\":{\"@id\":\"https:\\\/\\\/www.eldigitaldeasturias.com\\\/noticias\\\/#website\"},\"breadcrumb\":{\"@id\":\"https:\\\/\\\/www.eldigitaldeasturias.com\\\/noticias\\\/valladolid-cientos-de-personas-piden-que-se-retiren-los-cargos-a-los-detenidos\\\/#breadcrumblist\"},\"author\":{\"@id\":\"https:\\\/\\\/www.eldigitaldeasturias.com\\\/noticias\\\/author\\\/admin\\\/#author\"},\"creator\":{\"@id\":\"https:\\\/\\\/www.eldigitaldeasturias.com\\\/noticias\\\/author\\\/admin\\\/#author\"},\"image\":{\"@type\":\"ImageObject\",\"url\":486533,\"@id\":\"https:\\\/\\\/www.eldigitaldeasturias.com\\\/noticias\\\/valladolid-cientos-de-personas-piden-que-se-retiren-los-cargos-a-los-detenidos\\\/#mainImage\"},\"primaryImageOfPage\":{\"@id\":\"https:\\\/\\\/www.eldigitaldeasturias.com\\\/noticias\\\/valladolid-cientos-de-personas-piden-que-se-retiren-los-cargos-a-los-detenidos\\\/#mainImage\"},\"datePublished\":\"2014-02-08T02:54:24+01:00\",\"dateModified\":\"2014-02-08T02:54:24+01:00\"},{\"@type\":\"WebSite\",\"@id\":\"https:\\\/\\\/www.eldigitaldeasturias.com\\\/noticias\\\/#website\",\"url\":\"https:\\\/\\\/www.eldigitaldeasturias.com\\\/noticias\\\/\",\"name\":\"El Digital de Asturias - Diario de actualidad y noticias\",\"alternateName\":\"El Digital de Asturias - Diario de actualidad y noticias\",\"description\":\"Hemeroteca\",\"inLanguage\":\"es-ES\",\"publisher\":{\"@id\":\"https:\\\/\\\/www.eldigitaldeasturias.com\\\/noticias\\\/#organization\"}}]}\n\t\t<\/script>\n\t\t<!-- All in One SEO Pro -->\r\n\t\t<title>Valladolid : Cientos de personas piden que se retiren los cargos a los detenidos - El Digital de Asturias<\/title>\n\n","aioseo_head_json":{"title":"Valladolid : Cientos de personas piden que se retiren los cargos a los detenidos - El Digital de Asturias","description":"Valladolid, 7 feb (EFE).- Cientos de personas han participado esta noche en Valladolid en una manifestaci\u00f3n para pedir la retirada de cargos de los detenidos el pasado domingo d\u00eda 2 en la ciudad, cuando se produjo una carga policial frente a un restaurante en el que estaban miembros del PP. La marcha se ha desarrollado","canonical_url":"https:\/\/www.eldigitaldeasturias.com\/noticias\/valladolid-cientos-de-personas-piden-que-se-retiren-los-cargos-a-los-detenidos\/","robots":"max-image-preview:large","keywords":"actualidad","webmasterTools":{"google-site-verification":"UA-38556648-1","msvalidate.01":"7dfe9f3f1b24437ab69f4f2559babe99","miscellaneous":""},"schema":{"@context":"https:\/\/schema.org","@graph":[{"@type":"BlogPosting","@id":"https:\/\/www.eldigitaldeasturias.com\/noticias\/valladolid-cientos-de-personas-piden-que-se-retiren-los-cargos-a-los-detenidos\/#blogposting","name":"Valladolid : Cientos de personas piden que se retiren los cargos a los detenidos - El Digital de Asturias","headline":"Valladolid : Cientos de personas piden que se retiren los cargos a los detenidos","author":{"@id":"https:\/\/www.eldigitaldeasturias.com\/noticias\/author\/admin\/#author"},"publisher":{"@id":"https:\/\/www.eldigitaldeasturias.com\/noticias\/#organization"},"image":{"@type":"ImageObject","url":486533},"datePublished":"2014-02-08T02:54:24+01:00","dateModified":"2014-02-08T02:54:24+01:00","inLanguage":"es-ES","mainEntityOfPage":{"@id":"https:\/\/www.eldigitaldeasturias.com\/noticias\/valladolid-cientos-de-personas-piden-que-se-retiren-los-cargos-a-los-detenidos\/#webpage"},"isPartOf":{"@id":"https:\/\/www.eldigitaldeasturias.com\/noticias\/valladolid-cientos-de-personas-piden-que-se-retiren-los-cargos-a-los-detenidos\/#webpage"},"articleSection":"Actualidad"},{"@type":"BreadcrumbList","@id":"https:\/\/www.eldigitaldeasturias.com\/noticias\/valladolid-cientos-de-personas-piden-que-se-retiren-los-cargos-a-los-detenidos\/#breadcrumblist","itemListElement":[{"@type":"ListItem","@id":"https:\/\/www.eldigitaldeasturias.com\/noticias#listItem","position":1,"name":"Home","item":"https:\/\/www.eldigitaldeasturias.com\/noticias","nextItem":{"@type":"ListItem","@id":"https:\/\/www.eldigitaldeasturias.com\/noticias\/category\/actualidad\/#listItem","name":"Actualidad"}},{"@type":"ListItem","@id":"https:\/\/www.eldigitaldeasturias.com\/noticias\/category\/actualidad\/#listItem","position":2,"name":"Actualidad","item":"https:\/\/www.eldigitaldeasturias.com\/noticias\/category\/actualidad\/","nextItem":{"@type":"ListItem","@id":"https:\/\/www.eldigitaldeasturias.com\/noticias\/valladolid-cientos-de-personas-piden-que-se-retiren-los-cargos-a-los-detenidos\/#listItem","name":"Valladolid : Cientos de personas piden que se retiren los cargos a los detenidos"},"previousItem":{"@type":"ListItem","@id":"https:\/\/www.eldigitaldeasturias.com\/noticias#listItem","name":"Home"}},{"@type":"ListItem","@id":"https:\/\/www.eldigitaldeasturias.com\/noticias\/valladolid-cientos-de-personas-piden-que-se-retiren-los-cargos-a-los-detenidos\/#listItem","position":3,"name":"Valladolid : Cientos de personas piden que se retiren los cargos a los detenidos","previousItem":{"@type":"ListItem","@id":"https:\/\/www.eldigitaldeasturias.com\/noticias\/category\/actualidad\/#listItem","name":"Actualidad"}}]},{"@type":"Organization","@id":"https:\/\/www.eldigitaldeasturias.com\/noticias\/#organization","name":"El Digital de Asturias","description":"Hemeroteca","url":"https:\/\/www.eldigitaldeasturias.com\/noticias\/","email":"info@eldigitaldeasturias.com","telephone":"+34652131393","logo":{"@type":"ImageObject","url":"https:\/\/www.eldigitaldeasturias.com\/noticias\/wp-content\/uploads\/2020\/12\/EDA.jpg","@id":"https:\/\/www.eldigitaldeasturias.com\/noticias\/valladolid-cientos-de-personas-piden-que-se-retiren-los-cargos-a-los-detenidos\/#organizationLogo"},"image":{"@id":"https:\/\/www.eldigitaldeasturias.com\/noticias\/valladolid-cientos-de-personas-piden-que-se-retiren-los-cargos-a-los-detenidos\/#organizationLogo"},"sameAs":["https:\/\/facebook.com\/eldigitaldeasturias","https:\/\/www.youtube.com\/channel\/UCZP-2wLEB9Rv6erhFmqVnvg"],"address":{"@id":"https:\/\/www.eldigitaldeasturias.com\/noticias\/#postaladdress","@type":"PostalAddress","streetAddress":"san antonio 4","postalCode":"33430","addressLocality":"Cand\u00e1s","addressRegion":"Asturias","addressCountry":"ES"}},{"@type":"Person","@id":"https:\/\/www.eldigitaldeasturias.com\/noticias\/author\/admin\/#author","url":"https:\/\/www.eldigitaldeasturias.com\/noticias\/author\/admin\/","name":"El Digital de Asturias","image":{"@type":"ImageObject","@id":"https:\/\/www.eldigitaldeasturias.com\/noticias\/valladolid-cientos-de-personas-piden-que-se-retiren-los-cargos-a-los-detenidos\/#authorImage","url":"https:\/\/secure.gravatar.com\/avatar\/df2aeffc32bcd13f8d26072ef8a91b623d677766deac7f97ca815868cd41bf5e?s=96&d=mm&r=g","width":96,"height":96,"caption":"El Digital de Asturias"}},{"@type":"WebPage","@id":"https:\/\/www.eldigitaldeasturias.com\/noticias\/valladolid-cientos-de-personas-piden-que-se-retiren-los-cargos-a-los-detenidos\/#webpage","url":"https:\/\/www.eldigitaldeasturias.com\/noticias\/valladolid-cientos-de-personas-piden-que-se-retiren-los-cargos-a-los-detenidos\/","name":"Valladolid : Cientos de personas piden que se retiren los cargos a los detenidos - El Digital de Asturias","description":"Valladolid, 7 feb (EFE).- Cientos de personas han participado esta noche en Valladolid en una manifestaci\u00f3n para pedir la retirada de cargos de los detenidos el pasado domingo d\u00eda 2 en la ciudad, cuando se produjo una carga policial frente a un restaurante en el que estaban miembros del PP. La marcha se ha desarrollado","inLanguage":"es-ES","isPartOf":{"@id":"https:\/\/www.eldigitaldeasturias.com\/noticias\/#website"},"breadcrumb":{"@id":"https:\/\/www.eldigitaldeasturias.com\/noticias\/valladolid-cientos-de-personas-piden-que-se-retiren-los-cargos-a-los-detenidos\/#breadcrumblist"},"author":{"@id":"https:\/\/www.eldigitaldeasturias.com\/noticias\/author\/admin\/#author"},"creator":{"@id":"https:\/\/www.eldigitaldeasturias.com\/noticias\/author\/admin\/#author"},"image":{"@type":"ImageObject","url":486533,"@id":"https:\/\/www.eldigitaldeasturias.com\/noticias\/valladolid-cientos-de-personas-piden-que-se-retiren-los-cargos-a-los-detenidos\/#mainImage"},"primaryImageOfPage":{"@id":"https:\/\/www.eldigitaldeasturias.com\/noticias\/valladolid-cientos-de-personas-piden-que-se-retiren-los-cargos-a-los-detenidos\/#mainImage"},"datePublished":"2014-02-08T02:54:24+01:00","dateModified":"2014-02-08T02:54:24+01:00"},{"@type":"WebSite","@id":"https:\/\/www.eldigitaldeasturias.com\/noticias\/#website","url":"https:\/\/www.eldigitaldeasturias.com\/noticias\/","name":"El Digital de Asturias - Diario de actualidad y noticias","alternateName":"El Digital de Asturias - Diario de actualidad y noticias","description":"Hemeroteca","inLanguage":"es-ES","publisher":{"@id":"https:\/\/www.eldigitaldeasturias.com\/noticias\/#organization"}}]},"og:locale":"es_ES","og:site_name":"El Digital de Asturias","og:type":"article","og:title":"Valladolid : Cientos de personas piden que se retiren los cargos a los detenidos - El Digital de Asturias","og:description":"Valladolid, 7 feb (EFE).- Cientos de personas han participado esta noche en Valladolid en una manifestaci\u00f3n para pedir la retirada de cargos de los detenidos el pasado domingo d\u00eda 2 en la ciudad, cuando se produjo una carga policial frente a un restaurante en el que estaban miembros del PP. La marcha se ha desarrollado","og:url":"https:\/\/www.eldigitaldeasturias.com\/noticias\/valladolid-cientos-de-personas-piden-que-se-retiren-los-cargos-a-los-detenidos\/","article:tag":["actualidad"],"article:published_time":"2014-02-08T03:54:24+00:00","article:modified_time":"2014-02-08T03:54:24+00:00","article:publisher":"https:\/\/facebook.com\/eldigitaldeasturias","twitter:card":"summary_large_image","twitter:title":"Valladolid : Cientos de personas piden que se retiren los cargos a los detenidos - El Digital de Asturias","twitter:description":"Valladolid, 7 feb (EFE).- Cientos de personas han participado esta noche en Valladolid en una manifestaci\u00f3n para pedir la retirada de cargos de los detenidos el pasado domingo d\u00eda 2 en la ciudad, cuando se produjo una carga policial frente a un restaurante en el que estaban miembros del PP. La marcha se ha desarrollado","twitter:label1":"Escrito por","twitter:data1":"El Digital de Asturias","twitter:label2":"Tiempo de lectura estimado","twitter:data2":"2 minutos"},"aioseo_meta_data":{"post_id":"486532","title":null,"description":null,"keywords":null,"keyphrases":null,"primary_term":null,"canonical_url":null,"og_title":null,"og_description":null,"og_object_type":"default","og_image_type":"default","og_image_url":null,"og_image_width":null,"og_image_height":null,"og_image_custom_url":null,"og_image_custom_fields":null,"og_video":null,"og_custom_url":null,"og_article_section":null,"og_article_tags":null,"twitter_use_og":true,"twitter_card":"default","twitter_image_type":"default","twitter_image_url":null,"twitter_image_custom_url":null,"twitter_image_custom_fields":null,"twitter_title":null,"twitter_description":null,"schema":{"blockGraphs":[],"customGraphs":[],"default":{"data":{"Article":[],"Course":[],"Dataset":[],"FAQPage":[],"Movie":[],"Person":[],"Product":[],"ProductReview":[],"Car":[],"Recipe":[],"Service":[],"SoftwareApplication":[],"WebPage":[]},"graphName":"","isEnabled":true},"graphs":[],"defaultGraph":"","defaultPostTypeGraph":""},"schema_type":null,"schema_type_options":null,"pillar_content":false,"robots_default":true,"robots_noindex":false,"robots_noarchive":false,"robots_nosnippet":false,"robots_nofollow":false,"robots_noimageindex":false,"robots_noodp":false,"robots_notranslate":false,"robots_max_snippet":null,"robots_max_videopreview":null,"robots_max_imagepreview":"none","priority":null,"frequency":null,"local_seo":null,"seo_analyzer_scan_date":"2026-06-03 01:22:07","breadcrumb_settings":null,"limit_modified_date":false,"open_ai":null,"ai":null,"created":"2020-11-14 22:56:08","updated":"2026-06-03 01:22:07","focus_keyword":null,"additional_keywords":null,"truseo_locale":null},"aioseo_breadcrumb":"<div class=\"aioseo-breadcrumbs\"><span class=\"aioseo-breadcrumb\">\n\t<a href=\"https:\/\/www.eldigitaldeasturias.com\/noticias\" title=\"Home\">Home<\/a>\n<\/span><span class=\"aioseo-breadcrumb-separator\">\u2013<\/span><span class=\"aioseo-breadcrumb\">\n\t<a href=\"https:\/\/www.eldigitaldeasturias.com\/noticias\/category\/actualidad\/\" title=\"Actualidad\">Actualidad<\/a>\n<\/span><span class=\"aioseo-breadcrumb-separator\">\u2013<\/span><span class=\"aioseo-breadcrumb\">\n\t<a href=\"https:\/\/www.eldigitaldeasturias.com\/noticias\/valladolid-cientos-de-personas-piden-que-se-retiren-los-cargos-a-los-detenidos\/\" title=\"Valladolid : Cientos de personas piden que se retiren los cargos a los detenidos\">Valladolid : Cientos de personas piden que se retiren los cargos a los detenidos<\/a>\n<\/span><\/div>","aioseo_breadcrumb_json":[{"label":"Home","link":"https:\/\/www.eldigitaldeasturias.com\/noticias"},{"label":"Actualidad","link":"https:\/\/www.eldigitaldeasturias.com\/noticias\/category\/actualidad\/"},{"label":"Valladolid : Cientos de personas piden que se retiren los cargos a los detenidos","link":"https:\/\/www.eldigitaldeasturias.com\/noticias\/valladolid-cientos-de-personas-piden-que-se-retiren-los-cargos-a-los-detenidos\/"}],"_links":{"self":[{"href":"https:\/\/www.eldigitaldeasturias.com\/noticias\/wp-json\/wp\/v2\/posts\/486532","targetHints":{"allow":["GET"]}}],"collection":[{"href":"https:\/\/www.eldigitaldeasturias.com\/noticias\/wp-json\/wp\/v2\/posts"}],"about":[{"href":"https:\/\/www.eldigitaldeasturias.com\/noticias\/wp-json\/wp\/v2\/types\/post"}],"author":[{"embeddable":true,"href":"https:\/\/www.eldigitaldeasturias.com\/noticias\/wp-json\/wp\/v2\/users\/1"}],"replies":[{"embeddable":true,"href":"https:\/\/www.eldigitaldeasturias.com\/noticias\/wp-json\/wp\/v2\/comments?post=486532"}],"version-history":[{"count":0,"href":"https:\/\/www.eldigitaldeasturias.com\/noticias\/wp-json\/wp\/v2\/posts\/486532\/revisions"}],"wp:attachment":[{"href":"https:\/\/www.eldigitaldeasturias.com\/noticias\/wp-json\/wp\/v2\/media?parent=486532"}],"wp:term":[{"taxonomy":"category","embeddable":true,"href":"https:\/\/www.eldigitaldeasturias.com\/noticias\/wp-json\/wp\/v2\/categories?post=486532"},{"taxonomy":"post_tag","embeddable":true,"href":"https:\/\/www.eldigitaldeasturias.com\/noticias\/wp-json\/wp\/v2\/tags?post=486532"}],"curies":[{"name":"wp","href":"https:\/\/api.w.org\/{rel}","templated":true}]}}