{"id":486506,"date":"2014-02-08T02:35:16","date_gmt":"2014-02-08T03:35:16","guid":{"rendered":"http:\/\/www.eldigitaldeasturias.com\/noticias\/?p=486506"},"modified":"2014-02-08T02:35:16","modified_gmt":"2014-02-08T03:35:16","slug":"hallan-un-piso-de-una-vivienda-de-2-200-anos-a-c-en-la-capital-de-ecuador","status":"publish","type":"post","link":"https:\/\/www.eldigitaldeasturias.com\/noticias\/hallan-un-piso-de-una-vivienda-de-2-200-anos-a-c-en-la-capital-de-ecuador\/","title":{"rendered":"Hallan un piso de una vivienda de 2.200 a\u00f1os a.C. en la capital de Ecuador"},"content":{"rendered":"<p><img loading=\"lazy\" decoding=\"async\" class=\"alignleft size-medium wp-image-486507\" alt=\"5922864w\" src=\"https:\/\/www.eldigitaldeasturias.com\/noticias\/wp-content\/uploads\/2014\/02\/5922864w-360x230.jpg\" width=\"360\" height=\"230\" \/>Quito, 7 feb (EFE).- Arque\u00f3logos descubrieron un piso que se ha fechado 2.200 a\u00f1os a.C., enclavado en un parque arqueol\u00f3gico de la capital ecuatoriana, a los pies del volc\u00e1n Pichincha.<\/p>\n<p>\u00abEs el espacio arqueol\u00f3gico, en Rumipamba y en la ciudad de Quito, m\u00e1s antiguo\u00bb, dijo a Efe Bernarda Icaza, coordinadora del parque, al apuntar que a\u00fan no se ha descrito la cultura que vivi\u00f3 en la zona durante el per\u00edodo Formativo, que es al que pertenece el piso de vivienda hallado.<\/p>\n<p>La excavaci\u00f3n comenz\u00f3 hace dos a\u00f1os de la mano del arque\u00f3logo \u00c1ngelo Constantine. Tras cavar m\u00e1s de tres metros, se encontraron con el peque\u00f1o piso de vivienda de forma semicuadrada.<\/p>\n<p>Danny Villac\u00eds, gu\u00eda del parque y quien trabaj\u00f3 en la excavaci\u00f3n, indic\u00f3 a Efe que se hizo an\u00e1lisis de restos de carb\u00f3n del lugar y se encontr\u00f3 evidencias de heces y orina de seres humanos.<\/p>\n<p>Tambi\u00e9n se hallaron partes de huesos de humanos y animales que pertenec\u00edan a otro per\u00edodo y que se presume llegaron al sitio tras erupciones del volc\u00e1n Pichincha.<\/p>\n<p>Precisamente, junto al piso hallado hay los vestigios de un lahar del volc\u00e1n. \u00abLo que termina con este pueblo, seg\u00fan el arque\u00f3logo investigador, es la erupci\u00f3n del Guagua Pichincha y despu\u00e9s termina de sellar esto las erupciones del Pululahua\u00bb, dijo.<\/p>\n<p>Entre los restos encontrados en el piso est\u00e1n una estructura de barro cocido cuadrangular elaborada con mortero o chocoto, en cuyo interior se evidencias pajas quemadas.<\/p>\n<p>Otros hallazgos en el parque Rumipamba, que comprende 36 hect\u00e1reas de bosque, han ocurrido a algo m\u00e1s de un metro de profundidad y son semicirculares, pero para encontrar el piso de 2.200 a.C. tuvieron que cavar m\u00e1s de tres metros.<\/p>\n","protected":false},"excerpt":{"rendered":"<p>Quito, 7 feb (EFE).- Arque\u00f3logos descubrieron un piso que se ha fechado 2.200 a\u00f1os a.C., enclavado en un parque arqueol\u00f3gico de la capital ecuatoriana, a los pies del volc\u00e1n Pichincha. \u00abEs el espacio arqueol\u00f3gico, en Rumipamba y en la ciudad de Quito, m\u00e1s antiguo\u00bb, dijo a Efe Bernarda Icaza, coordinadora del parque, al apuntar que [&hellip;]<\/p>\n","protected":false},"author":1,"featured_media":486507,"comment_status":"open","ping_status":"open","sticky":false,"template":"","format":"standard","meta":{"footnotes":""},"categories":[1],"tags":[],"class_list":["post-486506","post","type-post","status-publish","format-standard","has-post-thumbnail","hentry","category-actualidad"],"aioseo_notices":[],"aioseo_head":"\n\t\t<!-- All in One SEO Pro 5.0.1 - aioseo.com -->\n\t<meta name=\"description\" content=\"Quito, 7 feb (EFE).- Arque\u00f3logos descubrieron un piso que se ha fechado 2.200 a\u00f1os a.C., enclavado en un parque arqueol\u00f3gico de la capital ecuatoriana, a los pies del volc\u00e1n Pichincha. &quot;Es el espacio arqueol\u00f3gico, en Rumipamba y en la ciudad de Quito, m\u00e1s antiguo&quot;, dijo a Efe Bernarda Icaza, coordinadora del parque, al apuntar que\" \/>\n\t<meta name=\"robots\" content=\"max-image-preview:large\" \/>\n\t<meta name=\"author\" content=\"El Digital de Asturias\"\/>\n\t<meta name=\"google-site-verification\" content=\"UA-38556648-1\" \/>\n\t<meta name=\"msvalidate.01\" content=\"7dfe9f3f1b24437ab69f4f2559babe99\" \/>\n\t<meta name=\"keywords\" content=\"actualidad\" \/>\n\t<link rel=\"canonical\" href=\"https:\/\/www.eldigitaldeasturias.com\/noticias\/hallan-un-piso-de-una-vivienda-de-2-200-anos-a-c-en-la-capital-de-ecuador\/\" \/>\n\t<meta name=\"generator\" content=\"All in One SEO Pro (AIOSEO) 5.0.1\" \/>\n\t\t<meta property=\"og:locale\" content=\"es_ES\" \/>\n\t\t<meta property=\"og:site_name\" content=\"El Digital de Asturias\" \/>\n\t\t<meta property=\"og:type\" content=\"article\" \/>\n\t\t<meta property=\"og:title\" content=\"Hallan un piso de una vivienda de 2.200 a\u00f1os a.C. en la capital de Ecuador - El Digital de Asturias\" \/>\n\t\t<meta property=\"og:description\" content=\"Quito, 7 feb (EFE).- Arque\u00f3logos descubrieron un piso que se ha fechado 2.200 a\u00f1os a.C., enclavado en un parque arqueol\u00f3gico de la capital ecuatoriana, a los pies del volc\u00e1n Pichincha. &quot;Es el espacio arqueol\u00f3gico, en Rumipamba y en la ciudad de Quito, m\u00e1s antiguo&quot;, dijo a Efe Bernarda Icaza, coordinadora del parque, al apuntar que\" \/>\n\t\t<meta property=\"og:url\" content=\"https:\/\/www.eldigitaldeasturias.com\/noticias\/hallan-un-piso-de-una-vivienda-de-2-200-anos-a-c-en-la-capital-de-ecuador\/\" \/>\n\t\t<meta property=\"article:tag\" content=\"actualidad\" \/>\n\t\t<meta property=\"article:published_time\" content=\"2014-02-08T03:35:16+00:00\" \/>\n\t\t<meta property=\"article:modified_time\" content=\"2014-02-08T03:35:16+00:00\" \/>\n\t\t<meta property=\"article:publisher\" content=\"https:\/\/facebook.com\/eldigitaldeasturias\" \/>\n\t\t<meta name=\"twitter:card\" content=\"summary_large_image\" \/>\n\t\t<meta name=\"twitter:title\" content=\"Hallan un piso de una vivienda de 2.200 a\u00f1os a.C. en la capital de Ecuador - El Digital de Asturias\" \/>\n\t\t<meta name=\"twitter:description\" content=\"Quito, 7 feb (EFE).- Arque\u00f3logos descubrieron un piso que se ha fechado 2.200 a\u00f1os a.C., enclavado en un parque arqueol\u00f3gico de la capital ecuatoriana, a los pies del volc\u00e1n Pichincha. &quot;Es el espacio arqueol\u00f3gico, en Rumipamba y en la ciudad de Quito, m\u00e1s antiguo&quot;, dijo a Efe Bernarda Icaza, coordinadora del parque, al apuntar que\" \/>\n\t\t<meta name=\"twitter:label1\" content=\"Escrito por\" \/>\n\t\t<meta name=\"twitter:data1\" content=\"El Digital de Asturias\" \/>\n\t\t<meta name=\"twitter:label2\" content=\"Tiempo de lectura estimado\" \/>\n\t\t<meta name=\"twitter:data2\" content=\"2 minutos\" \/>\n\t\t<script type=\"application\/ld+json\" class=\"aioseo-schema\">\n\t\t\t{\"@context\":\"https:\\\/\\\/schema.org\",\"@graph\":[{\"@type\":\"BlogPosting\",\"@id\":\"https:\\\/\\\/www.eldigitaldeasturias.com\\\/noticias\\\/hallan-un-piso-de-una-vivienda-de-2-200-anos-a-c-en-la-capital-de-ecuador\\\/#blogposting\",\"name\":\"Hallan un piso de una vivienda de 2.200 a\\u00f1os a.C. en la capital de Ecuador - El Digital de Asturias\",\"headline\":\"Hallan un piso de una vivienda de 2.200 a\\u00f1os a.C. en la capital de Ecuador\",\"author\":{\"@id\":\"https:\\\/\\\/www.eldigitaldeasturias.com\\\/noticias\\\/author\\\/admin\\\/#author\"},\"publisher\":{\"@id\":\"https:\\\/\\\/www.eldigitaldeasturias.com\\\/noticias\\\/#organization\"},\"image\":{\"@type\":\"ImageObject\",\"url\":486507},\"datePublished\":\"2014-02-08T02:35:16+01:00\",\"dateModified\":\"2014-02-08T02:35:16+01:00\",\"inLanguage\":\"es-ES\",\"mainEntityOfPage\":{\"@id\":\"https:\\\/\\\/www.eldigitaldeasturias.com\\\/noticias\\\/hallan-un-piso-de-una-vivienda-de-2-200-anos-a-c-en-la-capital-de-ecuador\\\/#webpage\"},\"isPartOf\":{\"@id\":\"https:\\\/\\\/www.eldigitaldeasturias.com\\\/noticias\\\/hallan-un-piso-de-una-vivienda-de-2-200-anos-a-c-en-la-capital-de-ecuador\\\/#webpage\"},\"articleSection\":\"Actualidad\"},{\"@type\":\"BreadcrumbList\",\"@id\":\"https:\\\/\\\/www.eldigitaldeasturias.com\\\/noticias\\\/hallan-un-piso-de-una-vivienda-de-2-200-anos-a-c-en-la-capital-de-ecuador\\\/#breadcrumblist\",\"itemListElement\":[{\"@type\":\"ListItem\",\"@id\":\"https:\\\/\\\/www.eldigitaldeasturias.com\\\/noticias#listItem\",\"position\":1,\"name\":\"Home\",\"item\":\"https:\\\/\\\/www.eldigitaldeasturias.com\\\/noticias\",\"nextItem\":{\"@type\":\"ListItem\",\"@id\":\"https:\\\/\\\/www.eldigitaldeasturias.com\\\/noticias\\\/category\\\/actualidad\\\/#listItem\",\"name\":\"Actualidad\"}},{\"@type\":\"ListItem\",\"@id\":\"https:\\\/\\\/www.eldigitaldeasturias.com\\\/noticias\\\/category\\\/actualidad\\\/#listItem\",\"position\":2,\"name\":\"Actualidad\",\"item\":\"https:\\\/\\\/www.eldigitaldeasturias.com\\\/noticias\\\/category\\\/actualidad\\\/\",\"nextItem\":{\"@type\":\"ListItem\",\"@id\":\"https:\\\/\\\/www.eldigitaldeasturias.com\\\/noticias\\\/hallan-un-piso-de-una-vivienda-de-2-200-anos-a-c-en-la-capital-de-ecuador\\\/#listItem\",\"name\":\"Hallan un piso de una vivienda de 2.200 a\\u00f1os a.C. en la capital de Ecuador\"},\"previousItem\":{\"@type\":\"ListItem\",\"@id\":\"https:\\\/\\\/www.eldigitaldeasturias.com\\\/noticias#listItem\",\"name\":\"Home\"}},{\"@type\":\"ListItem\",\"@id\":\"https:\\\/\\\/www.eldigitaldeasturias.com\\\/noticias\\\/hallan-un-piso-de-una-vivienda-de-2-200-anos-a-c-en-la-capital-de-ecuador\\\/#listItem\",\"position\":3,\"name\":\"Hallan un piso de una vivienda de 2.200 a\\u00f1os a.C. en la capital de Ecuador\",\"previousItem\":{\"@type\":\"ListItem\",\"@id\":\"https:\\\/\\\/www.eldigitaldeasturias.com\\\/noticias\\\/category\\\/actualidad\\\/#listItem\",\"name\":\"Actualidad\"}}]},{\"@type\":\"Organization\",\"@id\":\"https:\\\/\\\/www.eldigitaldeasturias.com\\\/noticias\\\/#organization\",\"name\":\"El Digital de Asturias\",\"description\":\"Hemeroteca\",\"url\":\"https:\\\/\\\/www.eldigitaldeasturias.com\\\/noticias\\\/\",\"email\":\"info@eldigitaldeasturias.com\",\"telephone\":\"+34652131393\",\"logo\":{\"@type\":\"ImageObject\",\"url\":\"https:\\\/\\\/www.eldigitaldeasturias.com\\\/noticias\\\/wp-content\\\/uploads\\\/2020\\\/12\\\/EDA.jpg\",\"@id\":\"https:\\\/\\\/www.eldigitaldeasturias.com\\\/noticias\\\/hallan-un-piso-de-una-vivienda-de-2-200-anos-a-c-en-la-capital-de-ecuador\\\/#organizationLogo\"},\"image\":{\"@id\":\"https:\\\/\\\/www.eldigitaldeasturias.com\\\/noticias\\\/hallan-un-piso-de-una-vivienda-de-2-200-anos-a-c-en-la-capital-de-ecuador\\\/#organizationLogo\"},\"sameAs\":[\"https:\\\/\\\/facebook.com\\\/eldigitaldeasturias\",\"https:\\\/\\\/www.youtube.com\\\/channel\\\/UCZP-2wLEB9Rv6erhFmqVnvg\"],\"address\":{\"@id\":\"https:\\\/\\\/www.eldigitaldeasturias.com\\\/noticias\\\/#postaladdress\",\"@type\":\"PostalAddress\",\"streetAddress\":\"san antonio 4\",\"postalCode\":\"33430\",\"addressLocality\":\"Cand\\u00e1s\",\"addressRegion\":\"Asturias\",\"addressCountry\":\"ES\"}},{\"@type\":\"Person\",\"@id\":\"https:\\\/\\\/www.eldigitaldeasturias.com\\\/noticias\\\/author\\\/admin\\\/#author\",\"url\":\"https:\\\/\\\/www.eldigitaldeasturias.com\\\/noticias\\\/author\\\/admin\\\/\",\"name\":\"El Digital de Asturias\",\"image\":{\"@type\":\"ImageObject\",\"@id\":\"https:\\\/\\\/www.eldigitaldeasturias.com\\\/noticias\\\/hallan-un-piso-de-una-vivienda-de-2-200-anos-a-c-en-la-capital-de-ecuador\\\/#authorImage\",\"url\":\"https:\\\/\\\/secure.gravatar.com\\\/avatar\\\/df2aeffc32bcd13f8d26072ef8a91b623d677766deac7f97ca815868cd41bf5e?s=96&d=mm&r=g\",\"width\":96,\"height\":96,\"caption\":\"El Digital de Asturias\"}},{\"@type\":\"WebPage\",\"@id\":\"https:\\\/\\\/www.eldigitaldeasturias.com\\\/noticias\\\/hallan-un-piso-de-una-vivienda-de-2-200-anos-a-c-en-la-capital-de-ecuador\\\/#webpage\",\"url\":\"https:\\\/\\\/www.eldigitaldeasturias.com\\\/noticias\\\/hallan-un-piso-de-una-vivienda-de-2-200-anos-a-c-en-la-capital-de-ecuador\\\/\",\"name\":\"Hallan un piso de una vivienda de 2.200 a\\u00f1os a.C. en la capital de Ecuador - El Digital de Asturias\",\"description\":\"Quito, 7 feb (EFE).- Arque\\u00f3logos descubrieron un piso que se ha fechado 2.200 a\\u00f1os a.C., enclavado en un parque arqueol\\u00f3gico de la capital ecuatoriana, a los pies del volc\\u00e1n Pichincha. \\\"Es el espacio arqueol\\u00f3gico, en Rumipamba y en la ciudad de Quito, m\\u00e1s antiguo\\\", dijo a Efe Bernarda Icaza, coordinadora del parque, al apuntar que\",\"inLanguage\":\"es-ES\",\"isPartOf\":{\"@id\":\"https:\\\/\\\/www.eldigitaldeasturias.com\\\/noticias\\\/#website\"},\"breadcrumb\":{\"@id\":\"https:\\\/\\\/www.eldigitaldeasturias.com\\\/noticias\\\/hallan-un-piso-de-una-vivienda-de-2-200-anos-a-c-en-la-capital-de-ecuador\\\/#breadcrumblist\"},\"author\":{\"@id\":\"https:\\\/\\\/www.eldigitaldeasturias.com\\\/noticias\\\/author\\\/admin\\\/#author\"},\"creator\":{\"@id\":\"https:\\\/\\\/www.eldigitaldeasturias.com\\\/noticias\\\/author\\\/admin\\\/#author\"},\"image\":{\"@type\":\"ImageObject\",\"url\":486507,\"@id\":\"https:\\\/\\\/www.eldigitaldeasturias.com\\\/noticias\\\/hallan-un-piso-de-una-vivienda-de-2-200-anos-a-c-en-la-capital-de-ecuador\\\/#mainImage\"},\"primaryImageOfPage\":{\"@id\":\"https:\\\/\\\/www.eldigitaldeasturias.com\\\/noticias\\\/hallan-un-piso-de-una-vivienda-de-2-200-anos-a-c-en-la-capital-de-ecuador\\\/#mainImage\"},\"datePublished\":\"2014-02-08T02:35:16+01:00\",\"dateModified\":\"2014-02-08T02:35:16+01:00\"},{\"@type\":\"WebSite\",\"@id\":\"https:\\\/\\\/www.eldigitaldeasturias.com\\\/noticias\\\/#website\",\"url\":\"https:\\\/\\\/www.eldigitaldeasturias.com\\\/noticias\\\/\",\"name\":\"El Digital de Asturias - Diario de actualidad y noticias\",\"alternateName\":\"El Digital de Asturias - Diario de actualidad y noticias\",\"description\":\"Hemeroteca\",\"inLanguage\":\"es-ES\",\"publisher\":{\"@id\":\"https:\\\/\\\/www.eldigitaldeasturias.com\\\/noticias\\\/#organization\"}}]}\n\t\t<\/script>\n\t\t<!-- All in One SEO Pro -->\r\n\t\t<title>Hallan un piso de una vivienda de 2.200 a\u00f1os a.C. en la capital de Ecuador - El Digital de Asturias<\/title>\n\n","aioseo_head_json":{"title":"Hallan un piso de una vivienda de 2.200 a\u00f1os a.C. en la capital de Ecuador - El Digital de Asturias","description":"Quito, 7 feb (EFE).- Arque\u00f3logos descubrieron un piso que se ha fechado 2.200 a\u00f1os a.C., enclavado en un parque arqueol\u00f3gico de la capital ecuatoriana, a los pies del volc\u00e1n Pichincha. \"Es el espacio arqueol\u00f3gico, en Rumipamba y en la ciudad de Quito, m\u00e1s antiguo\", dijo a Efe Bernarda Icaza, coordinadora del parque, al apuntar que","canonical_url":"https:\/\/www.eldigitaldeasturias.com\/noticias\/hallan-un-piso-de-una-vivienda-de-2-200-anos-a-c-en-la-capital-de-ecuador\/","robots":"max-image-preview:large","keywords":"actualidad","webmasterTools":{"google-site-verification":"UA-38556648-1","msvalidate.01":"7dfe9f3f1b24437ab69f4f2559babe99","miscellaneous":""},"schema":{"@context":"https:\/\/schema.org","@graph":[{"@type":"BlogPosting","@id":"https:\/\/www.eldigitaldeasturias.com\/noticias\/hallan-un-piso-de-una-vivienda-de-2-200-anos-a-c-en-la-capital-de-ecuador\/#blogposting","name":"Hallan un piso de una vivienda de 2.200 a\u00f1os a.C. en la capital de Ecuador - El Digital de Asturias","headline":"Hallan un piso de una vivienda de 2.200 a\u00f1os a.C. en la capital de Ecuador","author":{"@id":"https:\/\/www.eldigitaldeasturias.com\/noticias\/author\/admin\/#author"},"publisher":{"@id":"https:\/\/www.eldigitaldeasturias.com\/noticias\/#organization"},"image":{"@type":"ImageObject","url":486507},"datePublished":"2014-02-08T02:35:16+01:00","dateModified":"2014-02-08T02:35:16+01:00","inLanguage":"es-ES","mainEntityOfPage":{"@id":"https:\/\/www.eldigitaldeasturias.com\/noticias\/hallan-un-piso-de-una-vivienda-de-2-200-anos-a-c-en-la-capital-de-ecuador\/#webpage"},"isPartOf":{"@id":"https:\/\/www.eldigitaldeasturias.com\/noticias\/hallan-un-piso-de-una-vivienda-de-2-200-anos-a-c-en-la-capital-de-ecuador\/#webpage"},"articleSection":"Actualidad"},{"@type":"BreadcrumbList","@id":"https:\/\/www.eldigitaldeasturias.com\/noticias\/hallan-un-piso-de-una-vivienda-de-2-200-anos-a-c-en-la-capital-de-ecuador\/#breadcrumblist","itemListElement":[{"@type":"ListItem","@id":"https:\/\/www.eldigitaldeasturias.com\/noticias#listItem","position":1,"name":"Home","item":"https:\/\/www.eldigitaldeasturias.com\/noticias","nextItem":{"@type":"ListItem","@id":"https:\/\/www.eldigitaldeasturias.com\/noticias\/category\/actualidad\/#listItem","name":"Actualidad"}},{"@type":"ListItem","@id":"https:\/\/www.eldigitaldeasturias.com\/noticias\/category\/actualidad\/#listItem","position":2,"name":"Actualidad","item":"https:\/\/www.eldigitaldeasturias.com\/noticias\/category\/actualidad\/","nextItem":{"@type":"ListItem","@id":"https:\/\/www.eldigitaldeasturias.com\/noticias\/hallan-un-piso-de-una-vivienda-de-2-200-anos-a-c-en-la-capital-de-ecuador\/#listItem","name":"Hallan un piso de una vivienda de 2.200 a\u00f1os a.C. en la capital de Ecuador"},"previousItem":{"@type":"ListItem","@id":"https:\/\/www.eldigitaldeasturias.com\/noticias#listItem","name":"Home"}},{"@type":"ListItem","@id":"https:\/\/www.eldigitaldeasturias.com\/noticias\/hallan-un-piso-de-una-vivienda-de-2-200-anos-a-c-en-la-capital-de-ecuador\/#listItem","position":3,"name":"Hallan un piso de una vivienda de 2.200 a\u00f1os a.C. en la capital de Ecuador","previousItem":{"@type":"ListItem","@id":"https:\/\/www.eldigitaldeasturias.com\/noticias\/category\/actualidad\/#listItem","name":"Actualidad"}}]},{"@type":"Organization","@id":"https:\/\/www.eldigitaldeasturias.com\/noticias\/#organization","name":"El Digital de Asturias","description":"Hemeroteca","url":"https:\/\/www.eldigitaldeasturias.com\/noticias\/","email":"info@eldigitaldeasturias.com","telephone":"+34652131393","logo":{"@type":"ImageObject","url":"https:\/\/www.eldigitaldeasturias.com\/noticias\/wp-content\/uploads\/2020\/12\/EDA.jpg","@id":"https:\/\/www.eldigitaldeasturias.com\/noticias\/hallan-un-piso-de-una-vivienda-de-2-200-anos-a-c-en-la-capital-de-ecuador\/#organizationLogo"},"image":{"@id":"https:\/\/www.eldigitaldeasturias.com\/noticias\/hallan-un-piso-de-una-vivienda-de-2-200-anos-a-c-en-la-capital-de-ecuador\/#organizationLogo"},"sameAs":["https:\/\/facebook.com\/eldigitaldeasturias","https:\/\/www.youtube.com\/channel\/UCZP-2wLEB9Rv6erhFmqVnvg"],"address":{"@id":"https:\/\/www.eldigitaldeasturias.com\/noticias\/#postaladdress","@type":"PostalAddress","streetAddress":"san antonio 4","postalCode":"33430","addressLocality":"Cand\u00e1s","addressRegion":"Asturias","addressCountry":"ES"}},{"@type":"Person","@id":"https:\/\/www.eldigitaldeasturias.com\/noticias\/author\/admin\/#author","url":"https:\/\/www.eldigitaldeasturias.com\/noticias\/author\/admin\/","name":"El Digital de Asturias","image":{"@type":"ImageObject","@id":"https:\/\/www.eldigitaldeasturias.com\/noticias\/hallan-un-piso-de-una-vivienda-de-2-200-anos-a-c-en-la-capital-de-ecuador\/#authorImage","url":"https:\/\/secure.gravatar.com\/avatar\/df2aeffc32bcd13f8d26072ef8a91b623d677766deac7f97ca815868cd41bf5e?s=96&d=mm&r=g","width":96,"height":96,"caption":"El Digital de Asturias"}},{"@type":"WebPage","@id":"https:\/\/www.eldigitaldeasturias.com\/noticias\/hallan-un-piso-de-una-vivienda-de-2-200-anos-a-c-en-la-capital-de-ecuador\/#webpage","url":"https:\/\/www.eldigitaldeasturias.com\/noticias\/hallan-un-piso-de-una-vivienda-de-2-200-anos-a-c-en-la-capital-de-ecuador\/","name":"Hallan un piso de una vivienda de 2.200 a\u00f1os a.C. en la capital de Ecuador - El Digital de Asturias","description":"Quito, 7 feb (EFE).- Arque\u00f3logos descubrieron un piso que se ha fechado 2.200 a\u00f1os a.C., enclavado en un parque arqueol\u00f3gico de la capital ecuatoriana, a los pies del volc\u00e1n Pichincha. \"Es el espacio arqueol\u00f3gico, en Rumipamba y en la ciudad de Quito, m\u00e1s antiguo\", dijo a Efe Bernarda Icaza, coordinadora del parque, al apuntar que","inLanguage":"es-ES","isPartOf":{"@id":"https:\/\/www.eldigitaldeasturias.com\/noticias\/#website"},"breadcrumb":{"@id":"https:\/\/www.eldigitaldeasturias.com\/noticias\/hallan-un-piso-de-una-vivienda-de-2-200-anos-a-c-en-la-capital-de-ecuador\/#breadcrumblist"},"author":{"@id":"https:\/\/www.eldigitaldeasturias.com\/noticias\/author\/admin\/#author"},"creator":{"@id":"https:\/\/www.eldigitaldeasturias.com\/noticias\/author\/admin\/#author"},"image":{"@type":"ImageObject","url":486507,"@id":"https:\/\/www.eldigitaldeasturias.com\/noticias\/hallan-un-piso-de-una-vivienda-de-2-200-anos-a-c-en-la-capital-de-ecuador\/#mainImage"},"primaryImageOfPage":{"@id":"https:\/\/www.eldigitaldeasturias.com\/noticias\/hallan-un-piso-de-una-vivienda-de-2-200-anos-a-c-en-la-capital-de-ecuador\/#mainImage"},"datePublished":"2014-02-08T02:35:16+01:00","dateModified":"2014-02-08T02:35:16+01:00"},{"@type":"WebSite","@id":"https:\/\/www.eldigitaldeasturias.com\/noticias\/#website","url":"https:\/\/www.eldigitaldeasturias.com\/noticias\/","name":"El Digital de Asturias - Diario de actualidad y noticias","alternateName":"El Digital de Asturias - Diario de actualidad y noticias","description":"Hemeroteca","inLanguage":"es-ES","publisher":{"@id":"https:\/\/www.eldigitaldeasturias.com\/noticias\/#organization"}}]},"og:locale":"es_ES","og:site_name":"El Digital de Asturias","og:type":"article","og:title":"Hallan un piso de una vivienda de 2.200 a\u00f1os a.C. en la capital de Ecuador - El Digital de Asturias","og:description":"Quito, 7 feb (EFE).- Arque\u00f3logos descubrieron un piso que se ha fechado 2.200 a\u00f1os a.C., enclavado en un parque arqueol\u00f3gico de la capital ecuatoriana, a los pies del volc\u00e1n Pichincha. &quot;Es el espacio arqueol\u00f3gico, en Rumipamba y en la ciudad de Quito, m\u00e1s antiguo&quot;, dijo a Efe Bernarda Icaza, coordinadora del parque, al apuntar que","og:url":"https:\/\/www.eldigitaldeasturias.com\/noticias\/hallan-un-piso-de-una-vivienda-de-2-200-anos-a-c-en-la-capital-de-ecuador\/","article:tag":["actualidad"],"article:published_time":"2014-02-08T03:35:16+00:00","article:modified_time":"2014-02-08T03:35:16+00:00","article:publisher":"https:\/\/facebook.com\/eldigitaldeasturias","twitter:card":"summary_large_image","twitter:title":"Hallan un piso de una vivienda de 2.200 a\u00f1os a.C. en la capital de Ecuador - El Digital de Asturias","twitter:description":"Quito, 7 feb (EFE).- Arque\u00f3logos descubrieron un piso que se ha fechado 2.200 a\u00f1os a.C., enclavado en un parque arqueol\u00f3gico de la capital ecuatoriana, a los pies del volc\u00e1n Pichincha. &quot;Es el espacio arqueol\u00f3gico, en Rumipamba y en la ciudad de Quito, m\u00e1s antiguo&quot;, dijo a Efe Bernarda Icaza, coordinadora del parque, al apuntar que","twitter:label1":"Escrito por","twitter:data1":"El Digital de Asturias","twitter:label2":"Tiempo de lectura estimado","twitter:data2":"2 minutos"},"aioseo_meta_data":{"post_id":"486506","title":null,"description":null,"keywords":null,"keyphrases":null,"primary_term":null,"canonical_url":null,"og_title":null,"og_description":null,"og_object_type":"default","og_image_type":"default","og_image_url":null,"og_image_width":null,"og_image_height":null,"og_image_custom_url":null,"og_image_custom_fields":null,"og_video":null,"og_custom_url":null,"og_article_section":null,"og_article_tags":null,"twitter_use_og":true,"twitter_card":"default","twitter_image_type":"default","twitter_image_url":null,"twitter_image_custom_url":null,"twitter_image_custom_fields":null,"twitter_title":null,"twitter_description":null,"schema":{"blockGraphs":[],"customGraphs":[],"default":{"data":{"Article":[],"Course":[],"Dataset":[],"FAQPage":[],"Movie":[],"Person":[],"Product":[],"ProductReview":[],"Car":[],"Recipe":[],"Service":[],"SoftwareApplication":[],"WebPage":[]},"graphName":"","isEnabled":true},"graphs":[],"defaultGraph":"","defaultPostTypeGraph":""},"schema_type":null,"schema_type_options":null,"pillar_content":false,"robots_default":true,"robots_noindex":false,"robots_noarchive":false,"robots_nosnippet":false,"robots_nofollow":false,"robots_noimageindex":false,"robots_noodp":false,"robots_notranslate":false,"robots_max_snippet":null,"robots_max_videopreview":null,"robots_max_imagepreview":"none","priority":null,"frequency":null,"local_seo":null,"seo_analyzer_scan_date":"2026-06-03 01:13:45","breadcrumb_settings":null,"limit_modified_date":false,"open_ai":null,"ai":null,"created":"2020-11-14 22:56:08","updated":"2026-06-03 01:13:45","focus_keyword":null,"additional_keywords":null,"truseo_locale":null},"aioseo_breadcrumb":"<div class=\"aioseo-breadcrumbs\"><span class=\"aioseo-breadcrumb\">\n\t<a href=\"https:\/\/www.eldigitaldeasturias.com\/noticias\" title=\"Home\">Home<\/a>\n<\/span><span class=\"aioseo-breadcrumb-separator\">\u2013<\/span><span class=\"aioseo-breadcrumb\">\n\t<a href=\"https:\/\/www.eldigitaldeasturias.com\/noticias\/category\/actualidad\/\" title=\"Actualidad\">Actualidad<\/a>\n<\/span><span class=\"aioseo-breadcrumb-separator\">\u2013<\/span><span class=\"aioseo-breadcrumb\">\n\t<a href=\"https:\/\/www.eldigitaldeasturias.com\/noticias\/hallan-un-piso-de-una-vivienda-de-2-200-anos-a-c-en-la-capital-de-ecuador\/\" title=\"Hallan un piso de una vivienda de 2.200 a\u00f1os a.C. en la capital de Ecuador\">Hallan un piso de una vivienda de 2.200 a\u00f1os a.C. en la capital de Ecuador<\/a>\n<\/span><\/div>","aioseo_breadcrumb_json":[{"label":"Home","link":"https:\/\/www.eldigitaldeasturias.com\/noticias"},{"label":"Actualidad","link":"https:\/\/www.eldigitaldeasturias.com\/noticias\/category\/actualidad\/"},{"label":"Hallan un piso de una vivienda de 2.200 a\u00f1os a.C. en la capital de Ecuador","link":"https:\/\/www.eldigitaldeasturias.com\/noticias\/hallan-un-piso-de-una-vivienda-de-2-200-anos-a-c-en-la-capital-de-ecuador\/"}],"_links":{"self":[{"href":"https:\/\/www.eldigitaldeasturias.com\/noticias\/wp-json\/wp\/v2\/posts\/486506","targetHints":{"allow":["GET"]}}],"collection":[{"href":"https:\/\/www.eldigitaldeasturias.com\/noticias\/wp-json\/wp\/v2\/posts"}],"about":[{"href":"https:\/\/www.eldigitaldeasturias.com\/noticias\/wp-json\/wp\/v2\/types\/post"}],"author":[{"embeddable":true,"href":"https:\/\/www.eldigitaldeasturias.com\/noticias\/wp-json\/wp\/v2\/users\/1"}],"replies":[{"embeddable":true,"href":"https:\/\/www.eldigitaldeasturias.com\/noticias\/wp-json\/wp\/v2\/comments?post=486506"}],"version-history":[{"count":0,"href":"https:\/\/www.eldigitaldeasturias.com\/noticias\/wp-json\/wp\/v2\/posts\/486506\/revisions"}],"wp:attachment":[{"href":"https:\/\/www.eldigitaldeasturias.com\/noticias\/wp-json\/wp\/v2\/media?parent=486506"}],"wp:term":[{"taxonomy":"category","embeddable":true,"href":"https:\/\/www.eldigitaldeasturias.com\/noticias\/wp-json\/wp\/v2\/categories?post=486506"},{"taxonomy":"post_tag","embeddable":true,"href":"https:\/\/www.eldigitaldeasturias.com\/noticias\/wp-json\/wp\/v2\/tags?post=486506"}],"curies":[{"name":"wp","href":"https:\/\/api.w.org\/{rel}","templated":true}]}}