{"id":486503,"date":"2014-02-08T02:34:15","date_gmt":"2014-02-08T03:34:15","guid":{"rendered":"http:\/\/www.eldigitaldeasturias.com\/noticias\/?p=486503"},"modified":"2014-02-08T02:34:15","modified_gmt":"2014-02-08T03:34:15","slug":"un-seismo-de-56-grados-sacude-el-centro-de-colombia","status":"publish","type":"post","link":"https:\/\/www.eldigitaldeasturias.com\/noticias\/un-seismo-de-56-grados-sacude-el-centro-de-colombia\/","title":{"rendered":"Un se\u00edsmo de 5,6 grados sacude el centro de Colombia"},"content":{"rendered":"<p><img loading=\"lazy\" decoding=\"async\" class=\"alignleft size-medium wp-image-486504\" alt=\"5922839w\" src=\"https:\/\/www.eldigitaldeasturias.com\/noticias\/wp-content\/uploads\/2014\/02\/5922839w-360x245.jpg\" width=\"360\" height=\"245\" \/>Bogot\u00e1, 7 feb (EFE).- Un terremoto de 5,6 grados en la escala Richter sacudi\u00f3 hoy la parte central de Colombia sin que hasta el momento se haya informado de v\u00edctimas o da\u00f1os, informaron las autoridades colombianas.<\/p>\n<p>\u00abTodos los organismos de socorro estamos haciendo un barrido por todo el pa\u00eds\u00bb, dijo el director de Socorro Nacional, C\u00e9sar Urue\u00f1a, a Caracol Radio.<\/p>\n<p>Seg\u00fan Urue\u00f1a, el epicentro del se\u00edsmo se localiz\u00f3 en la zona de Los Santos, en el departamento de Santander, por donde pasa una falla geol\u00f3gica que hace de esa regi\u00f3n una de las de mayor actividad s\u00edsmica del pa\u00eds.<\/p>\n<p>\u00abEstamos esperando la informaci\u00f3n oficial del Instituto Geol\u00f3gico colombiano, pero afortunadamente no tenemos ninguna novedad frente a este sismo\u00bb, agreg\u00f3 el funcionario.<\/p>\n<p>Seg\u00fan el Servicio Geol\u00f3gico de Estados Unidos, el epicentro del temblor fue detectado a las 15.37 hora local (20.37 GMT) a cinco kil\u00f3metros al noroeste del municipio de Aratoca, en la misma regi\u00f3n de Santander, y a una profundidad de 160,8 kil\u00f3metros.<\/p>\n","protected":false},"excerpt":{"rendered":"<p>Bogot\u00e1, 7 feb (EFE).- Un terremoto de 5,6 grados en la escala Richter sacudi\u00f3 hoy la parte central de Colombia sin que hasta el momento se haya informado de v\u00edctimas o da\u00f1os, informaron las autoridades colombianas. \u00abTodos los organismos de socorro estamos haciendo un barrido por todo el pa\u00eds\u00bb, dijo el director de Socorro Nacional, [&hellip;]<\/p>\n","protected":false},"author":1,"featured_media":486504,"comment_status":"open","ping_status":"open","sticky":false,"template":"","format":"standard","meta":{"footnotes":""},"categories":[1],"tags":[],"class_list":["post-486503","post","type-post","status-publish","format-standard","has-post-thumbnail","hentry","category-actualidad"],"aioseo_notices":[],"aioseo_head":"\n\t\t<!-- All in One SEO Pro 5.0.1 - aioseo.com -->\n\t<meta name=\"description\" content=\"Bogot\u00e1, 7 feb (EFE).- Un terremoto de 5,6 grados en la escala Richter sacudi\u00f3 hoy la parte central de Colombia sin que hasta el momento se haya informado de v\u00edctimas o da\u00f1os, informaron las autoridades colombianas. &quot;Todos los organismos de socorro estamos haciendo un barrido por todo el pa\u00eds&quot;, dijo el director de Socorro Nacional,\" \/>\n\t<meta name=\"robots\" content=\"max-image-preview:large\" \/>\n\t<meta name=\"author\" content=\"El Digital de Asturias\"\/>\n\t<meta name=\"google-site-verification\" content=\"UA-38556648-1\" \/>\n\t<meta name=\"msvalidate.01\" content=\"7dfe9f3f1b24437ab69f4f2559babe99\" \/>\n\t<meta name=\"keywords\" content=\"actualidad\" \/>\n\t<link rel=\"canonical\" href=\"https:\/\/www.eldigitaldeasturias.com\/noticias\/un-seismo-de-56-grados-sacude-el-centro-de-colombia\/\" \/>\n\t<meta name=\"generator\" content=\"All in One SEO Pro (AIOSEO) 5.0.1\" \/>\n\t\t<meta property=\"og:locale\" content=\"es_ES\" \/>\n\t\t<meta property=\"og:site_name\" content=\"El Digital de Asturias\" \/>\n\t\t<meta property=\"og:type\" content=\"article\" \/>\n\t\t<meta property=\"og:title\" content=\"Un se\u00edsmo de 5,6 grados sacude el centro de Colombia - El Digital de Asturias\" \/>\n\t\t<meta property=\"og:description\" content=\"Bogot\u00e1, 7 feb (EFE).- Un terremoto de 5,6 grados en la escala Richter sacudi\u00f3 hoy la parte central de Colombia sin que hasta el momento se haya informado de v\u00edctimas o da\u00f1os, informaron las autoridades colombianas. &quot;Todos los organismos de socorro estamos haciendo un barrido por todo el pa\u00eds&quot;, dijo el director de Socorro Nacional,\" \/>\n\t\t<meta property=\"og:url\" content=\"https:\/\/www.eldigitaldeasturias.com\/noticias\/un-seismo-de-56-grados-sacude-el-centro-de-colombia\/\" \/>\n\t\t<meta property=\"article:tag\" content=\"actualidad\" \/>\n\t\t<meta property=\"article:published_time\" content=\"2014-02-08T03:34:15+00:00\" \/>\n\t\t<meta property=\"article:modified_time\" content=\"2014-02-08T03:34:15+00:00\" \/>\n\t\t<meta property=\"article:publisher\" content=\"https:\/\/facebook.com\/eldigitaldeasturias\" \/>\n\t\t<meta name=\"twitter:card\" content=\"summary_large_image\" \/>\n\t\t<meta name=\"twitter:title\" content=\"Un se\u00edsmo de 5,6 grados sacude el centro de Colombia - El Digital de Asturias\" \/>\n\t\t<meta name=\"twitter:description\" content=\"Bogot\u00e1, 7 feb (EFE).- Un terremoto de 5,6 grados en la escala Richter sacudi\u00f3 hoy la parte central de Colombia sin que hasta el momento se haya informado de v\u00edctimas o da\u00f1os, informaron las autoridades colombianas. &quot;Todos los organismos de socorro estamos haciendo un barrido por todo el pa\u00eds&quot;, dijo el director de Socorro Nacional,\" \/>\n\t\t<meta name=\"twitter:label1\" content=\"Escrito por\" \/>\n\t\t<meta name=\"twitter:data1\" content=\"El Digital de Asturias\" \/>\n\t\t<meta name=\"twitter:label2\" content=\"Tiempo de lectura estimado\" \/>\n\t\t<meta name=\"twitter:data2\" content=\"1 minuto\" \/>\n\t\t<script type=\"application\/ld+json\" class=\"aioseo-schema\">\n\t\t\t{\"@context\":\"https:\\\/\\\/schema.org\",\"@graph\":[{\"@type\":\"BlogPosting\",\"@id\":\"https:\\\/\\\/www.eldigitaldeasturias.com\\\/noticias\\\/un-seismo-de-56-grados-sacude-el-centro-de-colombia\\\/#blogposting\",\"name\":\"Un se\\u00edsmo de 5,6 grados sacude el centro de Colombia - El Digital de Asturias\",\"headline\":\"Un se\\u00edsmo de 5,6 grados sacude el centro de Colombia\",\"author\":{\"@id\":\"https:\\\/\\\/www.eldigitaldeasturias.com\\\/noticias\\\/author\\\/admin\\\/#author\"},\"publisher\":{\"@id\":\"https:\\\/\\\/www.eldigitaldeasturias.com\\\/noticias\\\/#organization\"},\"image\":{\"@type\":\"ImageObject\",\"url\":486504},\"datePublished\":\"2014-02-08T02:34:15+01:00\",\"dateModified\":\"2014-02-08T02:34:15+01:00\",\"inLanguage\":\"es-ES\",\"mainEntityOfPage\":{\"@id\":\"https:\\\/\\\/www.eldigitaldeasturias.com\\\/noticias\\\/un-seismo-de-56-grados-sacude-el-centro-de-colombia\\\/#webpage\"},\"isPartOf\":{\"@id\":\"https:\\\/\\\/www.eldigitaldeasturias.com\\\/noticias\\\/un-seismo-de-56-grados-sacude-el-centro-de-colombia\\\/#webpage\"},\"articleSection\":\"Actualidad\"},{\"@type\":\"BreadcrumbList\",\"@id\":\"https:\\\/\\\/www.eldigitaldeasturias.com\\\/noticias\\\/un-seismo-de-56-grados-sacude-el-centro-de-colombia\\\/#breadcrumblist\",\"itemListElement\":[{\"@type\":\"ListItem\",\"@id\":\"https:\\\/\\\/www.eldigitaldeasturias.com\\\/noticias#listItem\",\"position\":1,\"name\":\"Home\",\"item\":\"https:\\\/\\\/www.eldigitaldeasturias.com\\\/noticias\",\"nextItem\":{\"@type\":\"ListItem\",\"@id\":\"https:\\\/\\\/www.eldigitaldeasturias.com\\\/noticias\\\/category\\\/actualidad\\\/#listItem\",\"name\":\"Actualidad\"}},{\"@type\":\"ListItem\",\"@id\":\"https:\\\/\\\/www.eldigitaldeasturias.com\\\/noticias\\\/category\\\/actualidad\\\/#listItem\",\"position\":2,\"name\":\"Actualidad\",\"item\":\"https:\\\/\\\/www.eldigitaldeasturias.com\\\/noticias\\\/category\\\/actualidad\\\/\",\"nextItem\":{\"@type\":\"ListItem\",\"@id\":\"https:\\\/\\\/www.eldigitaldeasturias.com\\\/noticias\\\/un-seismo-de-56-grados-sacude-el-centro-de-colombia\\\/#listItem\",\"name\":\"Un se\\u00edsmo de 5,6 grados sacude el centro de Colombia\"},\"previousItem\":{\"@type\":\"ListItem\",\"@id\":\"https:\\\/\\\/www.eldigitaldeasturias.com\\\/noticias#listItem\",\"name\":\"Home\"}},{\"@type\":\"ListItem\",\"@id\":\"https:\\\/\\\/www.eldigitaldeasturias.com\\\/noticias\\\/un-seismo-de-56-grados-sacude-el-centro-de-colombia\\\/#listItem\",\"position\":3,\"name\":\"Un se\\u00edsmo de 5,6 grados sacude el centro de Colombia\",\"previousItem\":{\"@type\":\"ListItem\",\"@id\":\"https:\\\/\\\/www.eldigitaldeasturias.com\\\/noticias\\\/category\\\/actualidad\\\/#listItem\",\"name\":\"Actualidad\"}}]},{\"@type\":\"Organization\",\"@id\":\"https:\\\/\\\/www.eldigitaldeasturias.com\\\/noticias\\\/#organization\",\"name\":\"El Digital de Asturias\",\"description\":\"Hemeroteca\",\"url\":\"https:\\\/\\\/www.eldigitaldeasturias.com\\\/noticias\\\/\",\"email\":\"info@eldigitaldeasturias.com\",\"telephone\":\"+34652131393\",\"logo\":{\"@type\":\"ImageObject\",\"url\":\"https:\\\/\\\/www.eldigitaldeasturias.com\\\/noticias\\\/wp-content\\\/uploads\\\/2020\\\/12\\\/EDA.jpg\",\"@id\":\"https:\\\/\\\/www.eldigitaldeasturias.com\\\/noticias\\\/un-seismo-de-56-grados-sacude-el-centro-de-colombia\\\/#organizationLogo\"},\"image\":{\"@id\":\"https:\\\/\\\/www.eldigitaldeasturias.com\\\/noticias\\\/un-seismo-de-56-grados-sacude-el-centro-de-colombia\\\/#organizationLogo\"},\"sameAs\":[\"https:\\\/\\\/facebook.com\\\/eldigitaldeasturias\",\"https:\\\/\\\/www.youtube.com\\\/channel\\\/UCZP-2wLEB9Rv6erhFmqVnvg\"],\"address\":{\"@id\":\"https:\\\/\\\/www.eldigitaldeasturias.com\\\/noticias\\\/#postaladdress\",\"@type\":\"PostalAddress\",\"streetAddress\":\"san antonio 4\",\"postalCode\":\"33430\",\"addressLocality\":\"Cand\\u00e1s\",\"addressRegion\":\"Asturias\",\"addressCountry\":\"ES\"}},{\"@type\":\"Person\",\"@id\":\"https:\\\/\\\/www.eldigitaldeasturias.com\\\/noticias\\\/author\\\/admin\\\/#author\",\"url\":\"https:\\\/\\\/www.eldigitaldeasturias.com\\\/noticias\\\/author\\\/admin\\\/\",\"name\":\"El Digital de Asturias\",\"image\":{\"@type\":\"ImageObject\",\"@id\":\"https:\\\/\\\/www.eldigitaldeasturias.com\\\/noticias\\\/un-seismo-de-56-grados-sacude-el-centro-de-colombia\\\/#authorImage\",\"url\":\"https:\\\/\\\/secure.gravatar.com\\\/avatar\\\/df2aeffc32bcd13f8d26072ef8a91b623d677766deac7f97ca815868cd41bf5e?s=96&d=mm&r=g\",\"width\":96,\"height\":96,\"caption\":\"El Digital de Asturias\"}},{\"@type\":\"WebPage\",\"@id\":\"https:\\\/\\\/www.eldigitaldeasturias.com\\\/noticias\\\/un-seismo-de-56-grados-sacude-el-centro-de-colombia\\\/#webpage\",\"url\":\"https:\\\/\\\/www.eldigitaldeasturias.com\\\/noticias\\\/un-seismo-de-56-grados-sacude-el-centro-de-colombia\\\/\",\"name\":\"Un se\\u00edsmo de 5,6 grados sacude el centro de Colombia - El Digital de Asturias\",\"description\":\"Bogot\\u00e1, 7 feb (EFE).- Un terremoto de 5,6 grados en la escala Richter sacudi\\u00f3 hoy la parte central de Colombia sin que hasta el momento se haya informado de v\\u00edctimas o da\\u00f1os, informaron las autoridades colombianas. \\\"Todos los organismos de socorro estamos haciendo un barrido por todo el pa\\u00eds\\\", dijo el director de Socorro Nacional,\",\"inLanguage\":\"es-ES\",\"isPartOf\":{\"@id\":\"https:\\\/\\\/www.eldigitaldeasturias.com\\\/noticias\\\/#website\"},\"breadcrumb\":{\"@id\":\"https:\\\/\\\/www.eldigitaldeasturias.com\\\/noticias\\\/un-seismo-de-56-grados-sacude-el-centro-de-colombia\\\/#breadcrumblist\"},\"author\":{\"@id\":\"https:\\\/\\\/www.eldigitaldeasturias.com\\\/noticias\\\/author\\\/admin\\\/#author\"},\"creator\":{\"@id\":\"https:\\\/\\\/www.eldigitaldeasturias.com\\\/noticias\\\/author\\\/admin\\\/#author\"},\"image\":{\"@type\":\"ImageObject\",\"url\":486504,\"@id\":\"https:\\\/\\\/www.eldigitaldeasturias.com\\\/noticias\\\/un-seismo-de-56-grados-sacude-el-centro-de-colombia\\\/#mainImage\"},\"primaryImageOfPage\":{\"@id\":\"https:\\\/\\\/www.eldigitaldeasturias.com\\\/noticias\\\/un-seismo-de-56-grados-sacude-el-centro-de-colombia\\\/#mainImage\"},\"datePublished\":\"2014-02-08T02:34:15+01:00\",\"dateModified\":\"2014-02-08T02:34:15+01:00\"},{\"@type\":\"WebSite\",\"@id\":\"https:\\\/\\\/www.eldigitaldeasturias.com\\\/noticias\\\/#website\",\"url\":\"https:\\\/\\\/www.eldigitaldeasturias.com\\\/noticias\\\/\",\"name\":\"El Digital de Asturias - Diario de actualidad y noticias\",\"alternateName\":\"El Digital de Asturias - Diario de actualidad y noticias\",\"description\":\"Hemeroteca\",\"inLanguage\":\"es-ES\",\"publisher\":{\"@id\":\"https:\\\/\\\/www.eldigitaldeasturias.com\\\/noticias\\\/#organization\"}}]}\n\t\t<\/script>\n\t\t<!-- All in One SEO Pro -->\r\n\t\t<title>Un se\u00edsmo de 5,6 grados sacude el centro de Colombia - El Digital de Asturias<\/title>\n\n","aioseo_head_json":{"title":"Un se\u00edsmo de 5,6 grados sacude el centro de Colombia - El Digital de Asturias","description":"Bogot\u00e1, 7 feb (EFE).- Un terremoto de 5,6 grados en la escala Richter sacudi\u00f3 hoy la parte central de Colombia sin que hasta el momento se haya informado de v\u00edctimas o da\u00f1os, informaron las autoridades colombianas. \"Todos los organismos de socorro estamos haciendo un barrido por todo el pa\u00eds\", dijo el director de Socorro Nacional,","canonical_url":"https:\/\/www.eldigitaldeasturias.com\/noticias\/un-seismo-de-56-grados-sacude-el-centro-de-colombia\/","robots":"max-image-preview:large","keywords":"actualidad","webmasterTools":{"google-site-verification":"UA-38556648-1","msvalidate.01":"7dfe9f3f1b24437ab69f4f2559babe99","miscellaneous":""},"schema":{"@context":"https:\/\/schema.org","@graph":[{"@type":"BlogPosting","@id":"https:\/\/www.eldigitaldeasturias.com\/noticias\/un-seismo-de-56-grados-sacude-el-centro-de-colombia\/#blogposting","name":"Un se\u00edsmo de 5,6 grados sacude el centro de Colombia - El Digital de Asturias","headline":"Un se\u00edsmo de 5,6 grados sacude el centro de Colombia","author":{"@id":"https:\/\/www.eldigitaldeasturias.com\/noticias\/author\/admin\/#author"},"publisher":{"@id":"https:\/\/www.eldigitaldeasturias.com\/noticias\/#organization"},"image":{"@type":"ImageObject","url":486504},"datePublished":"2014-02-08T02:34:15+01:00","dateModified":"2014-02-08T02:34:15+01:00","inLanguage":"es-ES","mainEntityOfPage":{"@id":"https:\/\/www.eldigitaldeasturias.com\/noticias\/un-seismo-de-56-grados-sacude-el-centro-de-colombia\/#webpage"},"isPartOf":{"@id":"https:\/\/www.eldigitaldeasturias.com\/noticias\/un-seismo-de-56-grados-sacude-el-centro-de-colombia\/#webpage"},"articleSection":"Actualidad"},{"@type":"BreadcrumbList","@id":"https:\/\/www.eldigitaldeasturias.com\/noticias\/un-seismo-de-56-grados-sacude-el-centro-de-colombia\/#breadcrumblist","itemListElement":[{"@type":"ListItem","@id":"https:\/\/www.eldigitaldeasturias.com\/noticias#listItem","position":1,"name":"Home","item":"https:\/\/www.eldigitaldeasturias.com\/noticias","nextItem":{"@type":"ListItem","@id":"https:\/\/www.eldigitaldeasturias.com\/noticias\/category\/actualidad\/#listItem","name":"Actualidad"}},{"@type":"ListItem","@id":"https:\/\/www.eldigitaldeasturias.com\/noticias\/category\/actualidad\/#listItem","position":2,"name":"Actualidad","item":"https:\/\/www.eldigitaldeasturias.com\/noticias\/category\/actualidad\/","nextItem":{"@type":"ListItem","@id":"https:\/\/www.eldigitaldeasturias.com\/noticias\/un-seismo-de-56-grados-sacude-el-centro-de-colombia\/#listItem","name":"Un se\u00edsmo de 5,6 grados sacude el centro de Colombia"},"previousItem":{"@type":"ListItem","@id":"https:\/\/www.eldigitaldeasturias.com\/noticias#listItem","name":"Home"}},{"@type":"ListItem","@id":"https:\/\/www.eldigitaldeasturias.com\/noticias\/un-seismo-de-56-grados-sacude-el-centro-de-colombia\/#listItem","position":3,"name":"Un se\u00edsmo de 5,6 grados sacude el centro de Colombia","previousItem":{"@type":"ListItem","@id":"https:\/\/www.eldigitaldeasturias.com\/noticias\/category\/actualidad\/#listItem","name":"Actualidad"}}]},{"@type":"Organization","@id":"https:\/\/www.eldigitaldeasturias.com\/noticias\/#organization","name":"El Digital de Asturias","description":"Hemeroteca","url":"https:\/\/www.eldigitaldeasturias.com\/noticias\/","email":"info@eldigitaldeasturias.com","telephone":"+34652131393","logo":{"@type":"ImageObject","url":"https:\/\/www.eldigitaldeasturias.com\/noticias\/wp-content\/uploads\/2020\/12\/EDA.jpg","@id":"https:\/\/www.eldigitaldeasturias.com\/noticias\/un-seismo-de-56-grados-sacude-el-centro-de-colombia\/#organizationLogo"},"image":{"@id":"https:\/\/www.eldigitaldeasturias.com\/noticias\/un-seismo-de-56-grados-sacude-el-centro-de-colombia\/#organizationLogo"},"sameAs":["https:\/\/facebook.com\/eldigitaldeasturias","https:\/\/www.youtube.com\/channel\/UCZP-2wLEB9Rv6erhFmqVnvg"],"address":{"@id":"https:\/\/www.eldigitaldeasturias.com\/noticias\/#postaladdress","@type":"PostalAddress","streetAddress":"san antonio 4","postalCode":"33430","addressLocality":"Cand\u00e1s","addressRegion":"Asturias","addressCountry":"ES"}},{"@type":"Person","@id":"https:\/\/www.eldigitaldeasturias.com\/noticias\/author\/admin\/#author","url":"https:\/\/www.eldigitaldeasturias.com\/noticias\/author\/admin\/","name":"El Digital de Asturias","image":{"@type":"ImageObject","@id":"https:\/\/www.eldigitaldeasturias.com\/noticias\/un-seismo-de-56-grados-sacude-el-centro-de-colombia\/#authorImage","url":"https:\/\/secure.gravatar.com\/avatar\/df2aeffc32bcd13f8d26072ef8a91b623d677766deac7f97ca815868cd41bf5e?s=96&d=mm&r=g","width":96,"height":96,"caption":"El Digital de Asturias"}},{"@type":"WebPage","@id":"https:\/\/www.eldigitaldeasturias.com\/noticias\/un-seismo-de-56-grados-sacude-el-centro-de-colombia\/#webpage","url":"https:\/\/www.eldigitaldeasturias.com\/noticias\/un-seismo-de-56-grados-sacude-el-centro-de-colombia\/","name":"Un se\u00edsmo de 5,6 grados sacude el centro de Colombia - El Digital de Asturias","description":"Bogot\u00e1, 7 feb (EFE).- Un terremoto de 5,6 grados en la escala Richter sacudi\u00f3 hoy la parte central de Colombia sin que hasta el momento se haya informado de v\u00edctimas o da\u00f1os, informaron las autoridades colombianas. \"Todos los organismos de socorro estamos haciendo un barrido por todo el pa\u00eds\", dijo el director de Socorro Nacional,","inLanguage":"es-ES","isPartOf":{"@id":"https:\/\/www.eldigitaldeasturias.com\/noticias\/#website"},"breadcrumb":{"@id":"https:\/\/www.eldigitaldeasturias.com\/noticias\/un-seismo-de-56-grados-sacude-el-centro-de-colombia\/#breadcrumblist"},"author":{"@id":"https:\/\/www.eldigitaldeasturias.com\/noticias\/author\/admin\/#author"},"creator":{"@id":"https:\/\/www.eldigitaldeasturias.com\/noticias\/author\/admin\/#author"},"image":{"@type":"ImageObject","url":486504,"@id":"https:\/\/www.eldigitaldeasturias.com\/noticias\/un-seismo-de-56-grados-sacude-el-centro-de-colombia\/#mainImage"},"primaryImageOfPage":{"@id":"https:\/\/www.eldigitaldeasturias.com\/noticias\/un-seismo-de-56-grados-sacude-el-centro-de-colombia\/#mainImage"},"datePublished":"2014-02-08T02:34:15+01:00","dateModified":"2014-02-08T02:34:15+01:00"},{"@type":"WebSite","@id":"https:\/\/www.eldigitaldeasturias.com\/noticias\/#website","url":"https:\/\/www.eldigitaldeasturias.com\/noticias\/","name":"El Digital de Asturias - Diario de actualidad y noticias","alternateName":"El Digital de Asturias - Diario de actualidad y noticias","description":"Hemeroteca","inLanguage":"es-ES","publisher":{"@id":"https:\/\/www.eldigitaldeasturias.com\/noticias\/#organization"}}]},"og:locale":"es_ES","og:site_name":"El Digital de Asturias","og:type":"article","og:title":"Un se\u00edsmo de 5,6 grados sacude el centro de Colombia - El Digital de Asturias","og:description":"Bogot\u00e1, 7 feb (EFE).- Un terremoto de 5,6 grados en la escala Richter sacudi\u00f3 hoy la parte central de Colombia sin que hasta el momento se haya informado de v\u00edctimas o da\u00f1os, informaron las autoridades colombianas. &quot;Todos los organismos de socorro estamos haciendo un barrido por todo el pa\u00eds&quot;, dijo el director de Socorro Nacional,","og:url":"https:\/\/www.eldigitaldeasturias.com\/noticias\/un-seismo-de-56-grados-sacude-el-centro-de-colombia\/","article:tag":["actualidad"],"article:published_time":"2014-02-08T03:34:15+00:00","article:modified_time":"2014-02-08T03:34:15+00:00","article:publisher":"https:\/\/facebook.com\/eldigitaldeasturias","twitter:card":"summary_large_image","twitter:title":"Un se\u00edsmo de 5,6 grados sacude el centro de Colombia - El Digital de Asturias","twitter:description":"Bogot\u00e1, 7 feb (EFE).- Un terremoto de 5,6 grados en la escala Richter sacudi\u00f3 hoy la parte central de Colombia sin que hasta el momento se haya informado de v\u00edctimas o da\u00f1os, informaron las autoridades colombianas. &quot;Todos los organismos de socorro estamos haciendo un barrido por todo el pa\u00eds&quot;, dijo el director de Socorro Nacional,","twitter:label1":"Escrito por","twitter:data1":"El Digital de Asturias","twitter:label2":"Tiempo de lectura estimado","twitter:data2":"1 minuto"},"aioseo_meta_data":{"post_id":"486503","title":null,"description":null,"keywords":null,"keyphrases":null,"primary_term":null,"canonical_url":null,"og_title":null,"og_description":null,"og_object_type":"default","og_image_type":"default","og_image_url":null,"og_image_width":null,"og_image_height":null,"og_image_custom_url":null,"og_image_custom_fields":null,"og_video":null,"og_custom_url":null,"og_article_section":null,"og_article_tags":null,"twitter_use_og":true,"twitter_card":"default","twitter_image_type":"default","twitter_image_url":null,"twitter_image_custom_url":null,"twitter_image_custom_fields":null,"twitter_title":null,"twitter_description":null,"schema":{"blockGraphs":[],"customGraphs":[],"default":{"data":{"Article":[],"Course":[],"Dataset":[],"FAQPage":[],"Movie":[],"Person":[],"Product":[],"ProductReview":[],"Car":[],"Recipe":[],"Service":[],"SoftwareApplication":[],"WebPage":[]},"graphName":"","isEnabled":true},"graphs":[],"defaultGraph":"","defaultPostTypeGraph":""},"schema_type":null,"schema_type_options":null,"pillar_content":false,"robots_default":true,"robots_noindex":false,"robots_noarchive":false,"robots_nosnippet":false,"robots_nofollow":false,"robots_noimageindex":false,"robots_noodp":false,"robots_notranslate":false,"robots_max_snippet":null,"robots_max_videopreview":null,"robots_max_imagepreview":"none","priority":null,"frequency":null,"local_seo":null,"seo_analyzer_scan_date":"2026-06-03 01:10:51","breadcrumb_settings":null,"limit_modified_date":false,"open_ai":null,"ai":null,"created":"2020-11-14 22:56:08","updated":"2026-06-03 01:10:51","focus_keyword":null,"additional_keywords":null,"truseo_locale":null},"aioseo_breadcrumb":"<div class=\"aioseo-breadcrumbs\"><span class=\"aioseo-breadcrumb\">\n\t<a href=\"https:\/\/www.eldigitaldeasturias.com\/noticias\" title=\"Home\">Home<\/a>\n<\/span><span class=\"aioseo-breadcrumb-separator\">\u2013<\/span><span class=\"aioseo-breadcrumb\">\n\t<a href=\"https:\/\/www.eldigitaldeasturias.com\/noticias\/category\/actualidad\/\" title=\"Actualidad\">Actualidad<\/a>\n<\/span><span class=\"aioseo-breadcrumb-separator\">\u2013<\/span><span class=\"aioseo-breadcrumb\">\n\t<a href=\"https:\/\/www.eldigitaldeasturias.com\/noticias\/un-seismo-de-56-grados-sacude-el-centro-de-colombia\/\" title=\"Un se\u00edsmo de 5,6 grados sacude el centro de Colombia\">Un se\u00edsmo de 5,6 grados sacude el centro de Colombia<\/a>\n<\/span><\/div>","aioseo_breadcrumb_json":[{"label":"Home","link":"https:\/\/www.eldigitaldeasturias.com\/noticias"},{"label":"Actualidad","link":"https:\/\/www.eldigitaldeasturias.com\/noticias\/category\/actualidad\/"},{"label":"Un se\u00edsmo de 5,6 grados sacude el centro de Colombia","link":"https:\/\/www.eldigitaldeasturias.com\/noticias\/un-seismo-de-56-grados-sacude-el-centro-de-colombia\/"}],"_links":{"self":[{"href":"https:\/\/www.eldigitaldeasturias.com\/noticias\/wp-json\/wp\/v2\/posts\/486503","targetHints":{"allow":["GET"]}}],"collection":[{"href":"https:\/\/www.eldigitaldeasturias.com\/noticias\/wp-json\/wp\/v2\/posts"}],"about":[{"href":"https:\/\/www.eldigitaldeasturias.com\/noticias\/wp-json\/wp\/v2\/types\/post"}],"author":[{"embeddable":true,"href":"https:\/\/www.eldigitaldeasturias.com\/noticias\/wp-json\/wp\/v2\/users\/1"}],"replies":[{"embeddable":true,"href":"https:\/\/www.eldigitaldeasturias.com\/noticias\/wp-json\/wp\/v2\/comments?post=486503"}],"version-history":[{"count":0,"href":"https:\/\/www.eldigitaldeasturias.com\/noticias\/wp-json\/wp\/v2\/posts\/486503\/revisions"}],"wp:attachment":[{"href":"https:\/\/www.eldigitaldeasturias.com\/noticias\/wp-json\/wp\/v2\/media?parent=486503"}],"wp:term":[{"taxonomy":"category","embeddable":true,"href":"https:\/\/www.eldigitaldeasturias.com\/noticias\/wp-json\/wp\/v2\/categories?post=486503"},{"taxonomy":"post_tag","embeddable":true,"href":"https:\/\/www.eldigitaldeasturias.com\/noticias\/wp-json\/wp\/v2\/tags?post=486503"}],"curies":[{"name":"wp","href":"https:\/\/api.w.org\/{rel}","templated":true}]}}