{"id":486482,"date":"2014-02-08T02:24:48","date_gmt":"2014-02-08T03:24:48","guid":{"rendered":"http:\/\/www.eldigitaldeasturias.com\/noticias\/?p=486482"},"modified":"2014-02-08T02:24:48","modified_gmt":"2014-02-08T03:24:48","slug":"bosnia-vive-una-jornada-de-violentas-protestas-contra-la-pobreza-y-la-corrupcion","status":"publish","type":"post","link":"https:\/\/www.eldigitaldeasturias.com\/noticias\/bosnia-vive-una-jornada-de-violentas-protestas-contra-la-pobreza-y-la-corrupcion\/","title":{"rendered":"Bosnia vive una jornada de violentas protestas contra la pobreza y la corrupci\u00f3n"},"content":{"rendered":"<p><img loading=\"lazy\" decoding=\"async\" class=\"alignleft size-medium wp-image-486483\" alt=\"5922706w\" src=\"https:\/\/www.eldigitaldeasturias.com\/noticias\/wp-content\/uploads\/2014\/02\/5922706w-360x240.jpg\" width=\"360\" height=\"240\" \/>Sarajevo, 7 feb (EFE).- Una ola de protestas sociales sin precedentes, que incluy\u00f3 el ataque e incendio de la sede de la presidencia, sacudi\u00f3 hoy Bosnia-Herzegovina, pa\u00eds balc\u00e1nico que pasa por una profunda crisis institucional y econ\u00f3mica.<\/p>\n<p>Decenas de personas resultaron heridas y un n\u00famero no determinado fue detenido tras una violenta jornada de manifestaciones en m\u00e1s de 30 ciudades, que tuvieron su llama inicial en el cierre de varias f\u00e1bricas industriales en Tuzla, en el noreste de Bosnia.<\/p>\n<p>En cuesti\u00f3n de horas, las protestas se expandieron hoy por todo el pa\u00eds, incluyendo la capital, Sarajevo, donde los manifestantes atacaron las sedes del Gobierno cantonal y de la Presidencia.<\/p>\n<p>\u00abEs todo nuestra culpa\u00bb, manifest\u00f3 el jefe de turno de la terna presidencial bosnia, el croata-bosnio Zeljko Komsic, al responsabilizar a la clase pol\u00edtica por lo sucedido y reconocer que las protestas se producen por los problemas acumulados desde hace a\u00f1os.<\/p>\n<p>El presidente anunci\u00f3 que ha convocado una reuni\u00f3n de emergencia de la terna presidencial, que comparte con un serbio y un musulm\u00e1n, aunque no supo decir si sus dos hom\u00f3logos iban a aceptar la cita.<\/p>\n<p>El ministro bosnio del Interior, Fahrudin Radoncic, fue tajante al calificar las protestas como \u00abun tsunami de los ciudadanos robados\u00bb por la falta de lucha contra la corrupci\u00f3n.<\/p>\n<p>En ese sentido, critic\u00f3 a los gobiernos cantonales por carecer de cualquier sensibilidad con los ciudadanos.<\/p>\n<p>Decenas de miles de personas se manifestaron en grandes ciudades como Sarajevo, Tuzla, Zenica, Bihac, Mostar y otras, para expresar su malestar con la pobreza y la corrupci\u00f3n pol\u00edtica en un pa\u00eds que sigue dividido desde la guerra que padeci\u00f3 hace 20 a\u00f1os.<\/p>\n<p>Se produjeron numerosos enfrentamientos violentos con la polic\u00eda, ataques a edificios gubernamentales, destrucciones y saqueos de tiendas y otras infraestructuras, seg\u00fan las emisoras locales.<\/p>\n<p>Los manifestantes incendiaron las sedes del gobierno del cant\u00f3n de Sarajevo, de la Presidencia de Bosnia, de otras instituciones municipales e incluso del Archivo de Sarajevo.<\/p>\n<p>Seg\u00fan el director del Archivo, Saban Zahirovic, fue destruido material de gran valor cultural, mientras que quioscos, tiendas y coches fueron da\u00f1ados y saqueados por grupos de manifestantes.<\/p>\n<p>Cerca de un centenar de personas, en su mayor\u00eda polic\u00edas, fueron atendidos en los hospitales de Sarajevo, cuatro con heridas de gravedad, seg\u00fan datos m\u00e9dicos disponibles.<\/p>\n<p>Medios locales informan de un n\u00famero no determinado de detenciones en Sarajevo.<\/p>\n<p>Las protestas comenzaron el pasado mi\u00e9rcoles en Tuzla por el cierre de varias f\u00e1bricas industriales tras su privatizaci\u00f3n.<\/p>\n<p>La tercera ciudad de Bosnia, con unos 150.000 habitantes, fue antes de la guerra (1992-1995) un importante centro de la industria qu\u00edmica y maderera.<\/p>\n<p>Pero las privatizaciones, que comenzaron en 1998, no impulsaron el desarrollo regional sino que causaron la quiebra de numerosas empresas, dejando a decenas de miles de trabajadores sin empleo.<\/p>\n<p>La tasa oficial de desempleo en Bosnia es de del 27,5 %, aunque algunos analistas consideran que supera el 40 %, mientras que al menos una de cada cinco personas vive en la pobreza, y el salario medio mensual no supera los 500 euros.<\/p>\n<p>\u00abEsto ten\u00eda que ocurrir. Los ciudadanos est\u00e1n sin trabajo, sin derechos. Yo llevo siete a\u00f1os sin trabajo\u00bb, dijo a la televisi\u00f3n \u00abFederal\u00bb un manifestante en Tuzla.<\/p>\n<p>En ese sentido, el decano de la facultad de Ciencias Pol\u00edticas de la Universidad de Sarajevo, Sacr Filandra, declar\u00f3 hoy a los medios que las protestas \u00abmuestran que la crisis existencial tiene ra\u00edces profundas\u00bb y que \u00abel Gobierno ya no tiene dinero para comprar la paz social\u00bb.<\/p>\n<p>Mientras, el analista bosnio Srecko Latal dijo a la agencia de noticias serbia Tanjug que es dif\u00edcil pronosticar el desarrollo de la situaci\u00f3n debido a su homogeneidad y espontaneidad.<\/p>\n<p>\u00abLo que pas\u00f3 en los \u00faltimos d\u00edas pone de relieve las grandes frustraciones y la ira que los ciudadanos sienten hacia los pol\u00edticos, indistintamente de su etnia, religi\u00f3n o afiliaci\u00f3n pol\u00edtica\u00bb, destac\u00f3 Latal.<\/p>\n<p>Hac\u00eda referencia a la divisi\u00f3n \u00e9tnica que sigue dominando la vida p\u00fablica y pol\u00edtica incluso dos d\u00e9cadas tras el final de la guerra civil, que caus\u00f3 unos 100.000 muertos.<\/p>\n<p>Seg\u00fan los acuerdos de paz de 1995, Bosnia est\u00e1 compuesta por una federaci\u00f3n musulmano-croata y una rep\u00fablica serbia, y en su territorio permanecen hasta hoy cientos de soldados internacionales para garantizar la paz y estabilidad en el pa\u00eds.<\/p>\n","protected":false},"excerpt":{"rendered":"<p>Sarajevo, 7 feb (EFE).- Una ola de protestas sociales sin precedentes, que incluy\u00f3 el ataque e incendio de la sede de la presidencia, sacudi\u00f3 hoy Bosnia-Herzegovina, pa\u00eds balc\u00e1nico que pasa por una profunda crisis institucional y econ\u00f3mica. Decenas de personas resultaron heridas y un n\u00famero no determinado fue detenido tras una violenta jornada de manifestaciones [&hellip;]<\/p>\n","protected":false},"author":1,"featured_media":486483,"comment_status":"open","ping_status":"open","sticky":false,"template":"","format":"standard","meta":{"footnotes":""},"categories":[1],"tags":[],"class_list":["post-486482","post","type-post","status-publish","format-standard","has-post-thumbnail","hentry","category-actualidad"],"aioseo_notices":[],"aioseo_head":"\n\t\t<!-- All in One SEO Pro 5.0.1 - aioseo.com -->\n\t<meta name=\"description\" content=\"Sarajevo, 7 feb (EFE).- Una ola de protestas sociales sin precedentes, que incluy\u00f3 el ataque e incendio de la sede de la presidencia, sacudi\u00f3 hoy Bosnia-Herzegovina, pa\u00eds balc\u00e1nico que pasa por una profunda crisis institucional y econ\u00f3mica. Decenas de personas resultaron heridas y un n\u00famero no determinado fue detenido tras una violenta jornada de manifestaciones\" \/>\n\t<meta name=\"robots\" content=\"max-image-preview:large\" \/>\n\t<meta name=\"author\" content=\"El Digital de Asturias\"\/>\n\t<meta name=\"google-site-verification\" content=\"UA-38556648-1\" \/>\n\t<meta name=\"msvalidate.01\" content=\"7dfe9f3f1b24437ab69f4f2559babe99\" \/>\n\t<meta name=\"keywords\" content=\"actualidad\" \/>\n\t<link rel=\"canonical\" href=\"https:\/\/www.eldigitaldeasturias.com\/noticias\/bosnia-vive-una-jornada-de-violentas-protestas-contra-la-pobreza-y-la-corrupcion\/\" \/>\n\t<meta name=\"generator\" content=\"All in One SEO Pro (AIOSEO) 5.0.1\" \/>\n\t\t<meta property=\"og:locale\" content=\"es_ES\" \/>\n\t\t<meta property=\"og:site_name\" content=\"El Digital de Asturias\" \/>\n\t\t<meta property=\"og:type\" content=\"article\" \/>\n\t\t<meta property=\"og:title\" content=\"Bosnia vive una jornada de violentas protestas contra la pobreza y la corrupci\u00f3n - El Digital de Asturias\" \/>\n\t\t<meta property=\"og:description\" content=\"Sarajevo, 7 feb (EFE).- Una ola de protestas sociales sin precedentes, que incluy\u00f3 el ataque e incendio de la sede de la presidencia, sacudi\u00f3 hoy Bosnia-Herzegovina, pa\u00eds balc\u00e1nico que pasa por una profunda crisis institucional y econ\u00f3mica. Decenas de personas resultaron heridas y un n\u00famero no determinado fue detenido tras una violenta jornada de manifestaciones\" \/>\n\t\t<meta property=\"og:url\" content=\"https:\/\/www.eldigitaldeasturias.com\/noticias\/bosnia-vive-una-jornada-de-violentas-protestas-contra-la-pobreza-y-la-corrupcion\/\" \/>\n\t\t<meta property=\"article:tag\" content=\"actualidad\" \/>\n\t\t<meta property=\"article:published_time\" content=\"2014-02-08T03:24:48+00:00\" \/>\n\t\t<meta property=\"article:modified_time\" content=\"2014-02-08T03:24:48+00:00\" \/>\n\t\t<meta property=\"article:publisher\" content=\"https:\/\/facebook.com\/eldigitaldeasturias\" \/>\n\t\t<meta name=\"twitter:card\" content=\"summary_large_image\" \/>\n\t\t<meta name=\"twitter:title\" content=\"Bosnia vive una jornada de violentas protestas contra la pobreza y la corrupci\u00f3n - El Digital de Asturias\" \/>\n\t\t<meta name=\"twitter:description\" content=\"Sarajevo, 7 feb (EFE).- Una ola de protestas sociales sin precedentes, que incluy\u00f3 el ataque e incendio de la sede de la presidencia, sacudi\u00f3 hoy Bosnia-Herzegovina, pa\u00eds balc\u00e1nico que pasa por una profunda crisis institucional y econ\u00f3mica. Decenas de personas resultaron heridas y un n\u00famero no determinado fue detenido tras una violenta jornada de manifestaciones\" \/>\n\t\t<meta name=\"twitter:label1\" content=\"Escrito por\" \/>\n\t\t<meta name=\"twitter:data1\" content=\"El Digital de Asturias\" \/>\n\t\t<meta name=\"twitter:label2\" content=\"Tiempo de lectura estimado\" \/>\n\t\t<meta name=\"twitter:data2\" content=\"4 minutos\" \/>\n\t\t<script type=\"application\/ld+json\" class=\"aioseo-schema\">\n\t\t\t{\"@context\":\"https:\\\/\\\/schema.org\",\"@graph\":[{\"@type\":\"BlogPosting\",\"@id\":\"https:\\\/\\\/www.eldigitaldeasturias.com\\\/noticias\\\/bosnia-vive-una-jornada-de-violentas-protestas-contra-la-pobreza-y-la-corrupcion\\\/#blogposting\",\"name\":\"Bosnia vive una jornada de violentas protestas contra la pobreza y la corrupci\\u00f3n - El Digital de Asturias\",\"headline\":\"Bosnia vive una jornada de violentas protestas contra la pobreza y la corrupci\\u00f3n\",\"author\":{\"@id\":\"https:\\\/\\\/www.eldigitaldeasturias.com\\\/noticias\\\/author\\\/admin\\\/#author\"},\"publisher\":{\"@id\":\"https:\\\/\\\/www.eldigitaldeasturias.com\\\/noticias\\\/#organization\"},\"image\":{\"@type\":\"ImageObject\",\"url\":486483},\"datePublished\":\"2014-02-08T02:24:48+01:00\",\"dateModified\":\"2014-02-08T02:24:48+01:00\",\"inLanguage\":\"es-ES\",\"mainEntityOfPage\":{\"@id\":\"https:\\\/\\\/www.eldigitaldeasturias.com\\\/noticias\\\/bosnia-vive-una-jornada-de-violentas-protestas-contra-la-pobreza-y-la-corrupcion\\\/#webpage\"},\"isPartOf\":{\"@id\":\"https:\\\/\\\/www.eldigitaldeasturias.com\\\/noticias\\\/bosnia-vive-una-jornada-de-violentas-protestas-contra-la-pobreza-y-la-corrupcion\\\/#webpage\"},\"articleSection\":\"Actualidad\"},{\"@type\":\"BreadcrumbList\",\"@id\":\"https:\\\/\\\/www.eldigitaldeasturias.com\\\/noticias\\\/bosnia-vive-una-jornada-de-violentas-protestas-contra-la-pobreza-y-la-corrupcion\\\/#breadcrumblist\",\"itemListElement\":[{\"@type\":\"ListItem\",\"@id\":\"https:\\\/\\\/www.eldigitaldeasturias.com\\\/noticias#listItem\",\"position\":1,\"name\":\"Home\",\"item\":\"https:\\\/\\\/www.eldigitaldeasturias.com\\\/noticias\",\"nextItem\":{\"@type\":\"ListItem\",\"@id\":\"https:\\\/\\\/www.eldigitaldeasturias.com\\\/noticias\\\/category\\\/actualidad\\\/#listItem\",\"name\":\"Actualidad\"}},{\"@type\":\"ListItem\",\"@id\":\"https:\\\/\\\/www.eldigitaldeasturias.com\\\/noticias\\\/category\\\/actualidad\\\/#listItem\",\"position\":2,\"name\":\"Actualidad\",\"item\":\"https:\\\/\\\/www.eldigitaldeasturias.com\\\/noticias\\\/category\\\/actualidad\\\/\",\"nextItem\":{\"@type\":\"ListItem\",\"@id\":\"https:\\\/\\\/www.eldigitaldeasturias.com\\\/noticias\\\/bosnia-vive-una-jornada-de-violentas-protestas-contra-la-pobreza-y-la-corrupcion\\\/#listItem\",\"name\":\"Bosnia vive una jornada de violentas protestas contra la pobreza y la corrupci\\u00f3n\"},\"previousItem\":{\"@type\":\"ListItem\",\"@id\":\"https:\\\/\\\/www.eldigitaldeasturias.com\\\/noticias#listItem\",\"name\":\"Home\"}},{\"@type\":\"ListItem\",\"@id\":\"https:\\\/\\\/www.eldigitaldeasturias.com\\\/noticias\\\/bosnia-vive-una-jornada-de-violentas-protestas-contra-la-pobreza-y-la-corrupcion\\\/#listItem\",\"position\":3,\"name\":\"Bosnia vive una jornada de violentas protestas contra la pobreza y la corrupci\\u00f3n\",\"previousItem\":{\"@type\":\"ListItem\",\"@id\":\"https:\\\/\\\/www.eldigitaldeasturias.com\\\/noticias\\\/category\\\/actualidad\\\/#listItem\",\"name\":\"Actualidad\"}}]},{\"@type\":\"Organization\",\"@id\":\"https:\\\/\\\/www.eldigitaldeasturias.com\\\/noticias\\\/#organization\",\"name\":\"El Digital de Asturias\",\"description\":\"Hemeroteca\",\"url\":\"https:\\\/\\\/www.eldigitaldeasturias.com\\\/noticias\\\/\",\"email\":\"info@eldigitaldeasturias.com\",\"telephone\":\"+34652131393\",\"logo\":{\"@type\":\"ImageObject\",\"url\":\"https:\\\/\\\/www.eldigitaldeasturias.com\\\/noticias\\\/wp-content\\\/uploads\\\/2020\\\/12\\\/EDA.jpg\",\"@id\":\"https:\\\/\\\/www.eldigitaldeasturias.com\\\/noticias\\\/bosnia-vive-una-jornada-de-violentas-protestas-contra-la-pobreza-y-la-corrupcion\\\/#organizationLogo\"},\"image\":{\"@id\":\"https:\\\/\\\/www.eldigitaldeasturias.com\\\/noticias\\\/bosnia-vive-una-jornada-de-violentas-protestas-contra-la-pobreza-y-la-corrupcion\\\/#organizationLogo\"},\"sameAs\":[\"https:\\\/\\\/facebook.com\\\/eldigitaldeasturias\",\"https:\\\/\\\/www.youtube.com\\\/channel\\\/UCZP-2wLEB9Rv6erhFmqVnvg\"],\"address\":{\"@id\":\"https:\\\/\\\/www.eldigitaldeasturias.com\\\/noticias\\\/#postaladdress\",\"@type\":\"PostalAddress\",\"streetAddress\":\"san antonio 4\",\"postalCode\":\"33430\",\"addressLocality\":\"Cand\\u00e1s\",\"addressRegion\":\"Asturias\",\"addressCountry\":\"ES\"}},{\"@type\":\"Person\",\"@id\":\"https:\\\/\\\/www.eldigitaldeasturias.com\\\/noticias\\\/author\\\/admin\\\/#author\",\"url\":\"https:\\\/\\\/www.eldigitaldeasturias.com\\\/noticias\\\/author\\\/admin\\\/\",\"name\":\"El Digital de Asturias\",\"image\":{\"@type\":\"ImageObject\",\"@id\":\"https:\\\/\\\/www.eldigitaldeasturias.com\\\/noticias\\\/bosnia-vive-una-jornada-de-violentas-protestas-contra-la-pobreza-y-la-corrupcion\\\/#authorImage\",\"url\":\"https:\\\/\\\/secure.gravatar.com\\\/avatar\\\/df2aeffc32bcd13f8d26072ef8a91b623d677766deac7f97ca815868cd41bf5e?s=96&d=mm&r=g\",\"width\":96,\"height\":96,\"caption\":\"El Digital de Asturias\"}},{\"@type\":\"WebPage\",\"@id\":\"https:\\\/\\\/www.eldigitaldeasturias.com\\\/noticias\\\/bosnia-vive-una-jornada-de-violentas-protestas-contra-la-pobreza-y-la-corrupcion\\\/#webpage\",\"url\":\"https:\\\/\\\/www.eldigitaldeasturias.com\\\/noticias\\\/bosnia-vive-una-jornada-de-violentas-protestas-contra-la-pobreza-y-la-corrupcion\\\/\",\"name\":\"Bosnia vive una jornada de violentas protestas contra la pobreza y la corrupci\\u00f3n - El Digital de Asturias\",\"description\":\"Sarajevo, 7 feb (EFE).- Una ola de protestas sociales sin precedentes, que incluy\\u00f3 el ataque e incendio de la sede de la presidencia, sacudi\\u00f3 hoy Bosnia-Herzegovina, pa\\u00eds balc\\u00e1nico que pasa por una profunda crisis institucional y econ\\u00f3mica. Decenas de personas resultaron heridas y un n\\u00famero no determinado fue detenido tras una violenta jornada de manifestaciones\",\"inLanguage\":\"es-ES\",\"isPartOf\":{\"@id\":\"https:\\\/\\\/www.eldigitaldeasturias.com\\\/noticias\\\/#website\"},\"breadcrumb\":{\"@id\":\"https:\\\/\\\/www.eldigitaldeasturias.com\\\/noticias\\\/bosnia-vive-una-jornada-de-violentas-protestas-contra-la-pobreza-y-la-corrupcion\\\/#breadcrumblist\"},\"author\":{\"@id\":\"https:\\\/\\\/www.eldigitaldeasturias.com\\\/noticias\\\/author\\\/admin\\\/#author\"},\"creator\":{\"@id\":\"https:\\\/\\\/www.eldigitaldeasturias.com\\\/noticias\\\/author\\\/admin\\\/#author\"},\"image\":{\"@type\":\"ImageObject\",\"url\":486483,\"@id\":\"https:\\\/\\\/www.eldigitaldeasturias.com\\\/noticias\\\/bosnia-vive-una-jornada-de-violentas-protestas-contra-la-pobreza-y-la-corrupcion\\\/#mainImage\"},\"primaryImageOfPage\":{\"@id\":\"https:\\\/\\\/www.eldigitaldeasturias.com\\\/noticias\\\/bosnia-vive-una-jornada-de-violentas-protestas-contra-la-pobreza-y-la-corrupcion\\\/#mainImage\"},\"datePublished\":\"2014-02-08T02:24:48+01:00\",\"dateModified\":\"2014-02-08T02:24:48+01:00\"},{\"@type\":\"WebSite\",\"@id\":\"https:\\\/\\\/www.eldigitaldeasturias.com\\\/noticias\\\/#website\",\"url\":\"https:\\\/\\\/www.eldigitaldeasturias.com\\\/noticias\\\/\",\"name\":\"El Digital de Asturias - Diario de actualidad y noticias\",\"alternateName\":\"El Digital de Asturias - Diario de actualidad y noticias\",\"description\":\"Hemeroteca\",\"inLanguage\":\"es-ES\",\"publisher\":{\"@id\":\"https:\\\/\\\/www.eldigitaldeasturias.com\\\/noticias\\\/#organization\"}}]}\n\t\t<\/script>\n\t\t<!-- All in One SEO Pro -->\r\n\t\t<title>Bosnia vive una jornada de violentas protestas contra la pobreza y la corrupci\u00f3n - El Digital de Asturias<\/title>\n\n","aioseo_head_json":{"title":"Bosnia vive una jornada de violentas protestas contra la pobreza y la corrupci\u00f3n - El Digital de Asturias","description":"Sarajevo, 7 feb (EFE).- Una ola de protestas sociales sin precedentes, que incluy\u00f3 el ataque e incendio de la sede de la presidencia, sacudi\u00f3 hoy Bosnia-Herzegovina, pa\u00eds balc\u00e1nico que pasa por una profunda crisis institucional y econ\u00f3mica. Decenas de personas resultaron heridas y un n\u00famero no determinado fue detenido tras una violenta jornada de manifestaciones","canonical_url":"https:\/\/www.eldigitaldeasturias.com\/noticias\/bosnia-vive-una-jornada-de-violentas-protestas-contra-la-pobreza-y-la-corrupcion\/","robots":"max-image-preview:large","keywords":"actualidad","webmasterTools":{"google-site-verification":"UA-38556648-1","msvalidate.01":"7dfe9f3f1b24437ab69f4f2559babe99","miscellaneous":""},"schema":{"@context":"https:\/\/schema.org","@graph":[{"@type":"BlogPosting","@id":"https:\/\/www.eldigitaldeasturias.com\/noticias\/bosnia-vive-una-jornada-de-violentas-protestas-contra-la-pobreza-y-la-corrupcion\/#blogposting","name":"Bosnia vive una jornada de violentas protestas contra la pobreza y la corrupci\u00f3n - El Digital de Asturias","headline":"Bosnia vive una jornada de violentas protestas contra la pobreza y la corrupci\u00f3n","author":{"@id":"https:\/\/www.eldigitaldeasturias.com\/noticias\/author\/admin\/#author"},"publisher":{"@id":"https:\/\/www.eldigitaldeasturias.com\/noticias\/#organization"},"image":{"@type":"ImageObject","url":486483},"datePublished":"2014-02-08T02:24:48+01:00","dateModified":"2014-02-08T02:24:48+01:00","inLanguage":"es-ES","mainEntityOfPage":{"@id":"https:\/\/www.eldigitaldeasturias.com\/noticias\/bosnia-vive-una-jornada-de-violentas-protestas-contra-la-pobreza-y-la-corrupcion\/#webpage"},"isPartOf":{"@id":"https:\/\/www.eldigitaldeasturias.com\/noticias\/bosnia-vive-una-jornada-de-violentas-protestas-contra-la-pobreza-y-la-corrupcion\/#webpage"},"articleSection":"Actualidad"},{"@type":"BreadcrumbList","@id":"https:\/\/www.eldigitaldeasturias.com\/noticias\/bosnia-vive-una-jornada-de-violentas-protestas-contra-la-pobreza-y-la-corrupcion\/#breadcrumblist","itemListElement":[{"@type":"ListItem","@id":"https:\/\/www.eldigitaldeasturias.com\/noticias#listItem","position":1,"name":"Home","item":"https:\/\/www.eldigitaldeasturias.com\/noticias","nextItem":{"@type":"ListItem","@id":"https:\/\/www.eldigitaldeasturias.com\/noticias\/category\/actualidad\/#listItem","name":"Actualidad"}},{"@type":"ListItem","@id":"https:\/\/www.eldigitaldeasturias.com\/noticias\/category\/actualidad\/#listItem","position":2,"name":"Actualidad","item":"https:\/\/www.eldigitaldeasturias.com\/noticias\/category\/actualidad\/","nextItem":{"@type":"ListItem","@id":"https:\/\/www.eldigitaldeasturias.com\/noticias\/bosnia-vive-una-jornada-de-violentas-protestas-contra-la-pobreza-y-la-corrupcion\/#listItem","name":"Bosnia vive una jornada de violentas protestas contra la pobreza y la corrupci\u00f3n"},"previousItem":{"@type":"ListItem","@id":"https:\/\/www.eldigitaldeasturias.com\/noticias#listItem","name":"Home"}},{"@type":"ListItem","@id":"https:\/\/www.eldigitaldeasturias.com\/noticias\/bosnia-vive-una-jornada-de-violentas-protestas-contra-la-pobreza-y-la-corrupcion\/#listItem","position":3,"name":"Bosnia vive una jornada de violentas protestas contra la pobreza y la corrupci\u00f3n","previousItem":{"@type":"ListItem","@id":"https:\/\/www.eldigitaldeasturias.com\/noticias\/category\/actualidad\/#listItem","name":"Actualidad"}}]},{"@type":"Organization","@id":"https:\/\/www.eldigitaldeasturias.com\/noticias\/#organization","name":"El Digital de Asturias","description":"Hemeroteca","url":"https:\/\/www.eldigitaldeasturias.com\/noticias\/","email":"info@eldigitaldeasturias.com","telephone":"+34652131393","logo":{"@type":"ImageObject","url":"https:\/\/www.eldigitaldeasturias.com\/noticias\/wp-content\/uploads\/2020\/12\/EDA.jpg","@id":"https:\/\/www.eldigitaldeasturias.com\/noticias\/bosnia-vive-una-jornada-de-violentas-protestas-contra-la-pobreza-y-la-corrupcion\/#organizationLogo"},"image":{"@id":"https:\/\/www.eldigitaldeasturias.com\/noticias\/bosnia-vive-una-jornada-de-violentas-protestas-contra-la-pobreza-y-la-corrupcion\/#organizationLogo"},"sameAs":["https:\/\/facebook.com\/eldigitaldeasturias","https:\/\/www.youtube.com\/channel\/UCZP-2wLEB9Rv6erhFmqVnvg"],"address":{"@id":"https:\/\/www.eldigitaldeasturias.com\/noticias\/#postaladdress","@type":"PostalAddress","streetAddress":"san antonio 4","postalCode":"33430","addressLocality":"Cand\u00e1s","addressRegion":"Asturias","addressCountry":"ES"}},{"@type":"Person","@id":"https:\/\/www.eldigitaldeasturias.com\/noticias\/author\/admin\/#author","url":"https:\/\/www.eldigitaldeasturias.com\/noticias\/author\/admin\/","name":"El Digital de Asturias","image":{"@type":"ImageObject","@id":"https:\/\/www.eldigitaldeasturias.com\/noticias\/bosnia-vive-una-jornada-de-violentas-protestas-contra-la-pobreza-y-la-corrupcion\/#authorImage","url":"https:\/\/secure.gravatar.com\/avatar\/df2aeffc32bcd13f8d26072ef8a91b623d677766deac7f97ca815868cd41bf5e?s=96&d=mm&r=g","width":96,"height":96,"caption":"El Digital de Asturias"}},{"@type":"WebPage","@id":"https:\/\/www.eldigitaldeasturias.com\/noticias\/bosnia-vive-una-jornada-de-violentas-protestas-contra-la-pobreza-y-la-corrupcion\/#webpage","url":"https:\/\/www.eldigitaldeasturias.com\/noticias\/bosnia-vive-una-jornada-de-violentas-protestas-contra-la-pobreza-y-la-corrupcion\/","name":"Bosnia vive una jornada de violentas protestas contra la pobreza y la corrupci\u00f3n - El Digital de Asturias","description":"Sarajevo, 7 feb (EFE).- Una ola de protestas sociales sin precedentes, que incluy\u00f3 el ataque e incendio de la sede de la presidencia, sacudi\u00f3 hoy Bosnia-Herzegovina, pa\u00eds balc\u00e1nico que pasa por una profunda crisis institucional y econ\u00f3mica. Decenas de personas resultaron heridas y un n\u00famero no determinado fue detenido tras una violenta jornada de manifestaciones","inLanguage":"es-ES","isPartOf":{"@id":"https:\/\/www.eldigitaldeasturias.com\/noticias\/#website"},"breadcrumb":{"@id":"https:\/\/www.eldigitaldeasturias.com\/noticias\/bosnia-vive-una-jornada-de-violentas-protestas-contra-la-pobreza-y-la-corrupcion\/#breadcrumblist"},"author":{"@id":"https:\/\/www.eldigitaldeasturias.com\/noticias\/author\/admin\/#author"},"creator":{"@id":"https:\/\/www.eldigitaldeasturias.com\/noticias\/author\/admin\/#author"},"image":{"@type":"ImageObject","url":486483,"@id":"https:\/\/www.eldigitaldeasturias.com\/noticias\/bosnia-vive-una-jornada-de-violentas-protestas-contra-la-pobreza-y-la-corrupcion\/#mainImage"},"primaryImageOfPage":{"@id":"https:\/\/www.eldigitaldeasturias.com\/noticias\/bosnia-vive-una-jornada-de-violentas-protestas-contra-la-pobreza-y-la-corrupcion\/#mainImage"},"datePublished":"2014-02-08T02:24:48+01:00","dateModified":"2014-02-08T02:24:48+01:00"},{"@type":"WebSite","@id":"https:\/\/www.eldigitaldeasturias.com\/noticias\/#website","url":"https:\/\/www.eldigitaldeasturias.com\/noticias\/","name":"El Digital de Asturias - Diario de actualidad y noticias","alternateName":"El Digital de Asturias - Diario de actualidad y noticias","description":"Hemeroteca","inLanguage":"es-ES","publisher":{"@id":"https:\/\/www.eldigitaldeasturias.com\/noticias\/#organization"}}]},"og:locale":"es_ES","og:site_name":"El Digital de Asturias","og:type":"article","og:title":"Bosnia vive una jornada de violentas protestas contra la pobreza y la corrupci\u00f3n - El Digital de Asturias","og:description":"Sarajevo, 7 feb (EFE).- Una ola de protestas sociales sin precedentes, que incluy\u00f3 el ataque e incendio de la sede de la presidencia, sacudi\u00f3 hoy Bosnia-Herzegovina, pa\u00eds balc\u00e1nico que pasa por una profunda crisis institucional y econ\u00f3mica. Decenas de personas resultaron heridas y un n\u00famero no determinado fue detenido tras una violenta jornada de manifestaciones","og:url":"https:\/\/www.eldigitaldeasturias.com\/noticias\/bosnia-vive-una-jornada-de-violentas-protestas-contra-la-pobreza-y-la-corrupcion\/","article:tag":["actualidad"],"article:published_time":"2014-02-08T03:24:48+00:00","article:modified_time":"2014-02-08T03:24:48+00:00","article:publisher":"https:\/\/facebook.com\/eldigitaldeasturias","twitter:card":"summary_large_image","twitter:title":"Bosnia vive una jornada de violentas protestas contra la pobreza y la corrupci\u00f3n - El Digital de Asturias","twitter:description":"Sarajevo, 7 feb (EFE).- Una ola de protestas sociales sin precedentes, que incluy\u00f3 el ataque e incendio de la sede de la presidencia, sacudi\u00f3 hoy Bosnia-Herzegovina, pa\u00eds balc\u00e1nico que pasa por una profunda crisis institucional y econ\u00f3mica. Decenas de personas resultaron heridas y un n\u00famero no determinado fue detenido tras una violenta jornada de manifestaciones","twitter:label1":"Escrito por","twitter:data1":"El Digital de Asturias","twitter:label2":"Tiempo de lectura estimado","twitter:data2":"4 minutos"},"aioseo_meta_data":{"post_id":"486482","title":null,"description":null,"keywords":null,"keyphrases":null,"primary_term":null,"canonical_url":null,"og_title":null,"og_description":null,"og_object_type":"default","og_image_type":"default","og_image_url":null,"og_image_width":null,"og_image_height":null,"og_image_custom_url":null,"og_image_custom_fields":null,"og_video":null,"og_custom_url":null,"og_article_section":null,"og_article_tags":null,"twitter_use_og":true,"twitter_card":"default","twitter_image_type":"default","twitter_image_url":null,"twitter_image_custom_url":null,"twitter_image_custom_fields":null,"twitter_title":null,"twitter_description":null,"schema":{"blockGraphs":[],"customGraphs":[],"default":{"data":{"Article":[],"Course":[],"Dataset":[],"FAQPage":[],"Movie":[],"Person":[],"Product":[],"ProductReview":[],"Car":[],"Recipe":[],"Service":[],"SoftwareApplication":[],"WebPage":[]},"graphName":"","isEnabled":true},"graphs":[],"defaultGraph":"","defaultPostTypeGraph":""},"schema_type":null,"schema_type_options":null,"pillar_content":false,"robots_default":true,"robots_noindex":false,"robots_noarchive":false,"robots_nosnippet":false,"robots_nofollow":false,"robots_noimageindex":false,"robots_noodp":false,"robots_notranslate":false,"robots_max_snippet":null,"robots_max_videopreview":null,"robots_max_imagepreview":"none","priority":null,"frequency":null,"local_seo":null,"seo_analyzer_scan_date":"2026-06-03 01:07:58","breadcrumb_settings":null,"limit_modified_date":false,"open_ai":null,"ai":null,"created":"2020-11-14 22:56:06","updated":"2026-06-03 01:07:58","focus_keyword":null,"additional_keywords":null,"truseo_locale":null},"aioseo_breadcrumb":"<div class=\"aioseo-breadcrumbs\"><span class=\"aioseo-breadcrumb\">\n\t<a href=\"https:\/\/www.eldigitaldeasturias.com\/noticias\" title=\"Home\">Home<\/a>\n<\/span><span class=\"aioseo-breadcrumb-separator\">\u2013<\/span><span class=\"aioseo-breadcrumb\">\n\t<a href=\"https:\/\/www.eldigitaldeasturias.com\/noticias\/category\/actualidad\/\" title=\"Actualidad\">Actualidad<\/a>\n<\/span><span class=\"aioseo-breadcrumb-separator\">\u2013<\/span><span class=\"aioseo-breadcrumb\">\n\t<a href=\"https:\/\/www.eldigitaldeasturias.com\/noticias\/bosnia-vive-una-jornada-de-violentas-protestas-contra-la-pobreza-y-la-corrupcion\/\" title=\"Bosnia vive una jornada de violentas protestas contra la pobreza y la corrupci\u00f3n\">Bosnia vive una jornada de violentas protestas contra la pobreza y la corrupci\u00f3n<\/a>\n<\/span><\/div>","aioseo_breadcrumb_json":[{"label":"Home","link":"https:\/\/www.eldigitaldeasturias.com\/noticias"},{"label":"Actualidad","link":"https:\/\/www.eldigitaldeasturias.com\/noticias\/category\/actualidad\/"},{"label":"Bosnia vive una jornada de violentas protestas contra la pobreza y la corrupci\u00f3n","link":"https:\/\/www.eldigitaldeasturias.com\/noticias\/bosnia-vive-una-jornada-de-violentas-protestas-contra-la-pobreza-y-la-corrupcion\/"}],"_links":{"self":[{"href":"https:\/\/www.eldigitaldeasturias.com\/noticias\/wp-json\/wp\/v2\/posts\/486482","targetHints":{"allow":["GET"]}}],"collection":[{"href":"https:\/\/www.eldigitaldeasturias.com\/noticias\/wp-json\/wp\/v2\/posts"}],"about":[{"href":"https:\/\/www.eldigitaldeasturias.com\/noticias\/wp-json\/wp\/v2\/types\/post"}],"author":[{"embeddable":true,"href":"https:\/\/www.eldigitaldeasturias.com\/noticias\/wp-json\/wp\/v2\/users\/1"}],"replies":[{"embeddable":true,"href":"https:\/\/www.eldigitaldeasturias.com\/noticias\/wp-json\/wp\/v2\/comments?post=486482"}],"version-history":[{"count":0,"href":"https:\/\/www.eldigitaldeasturias.com\/noticias\/wp-json\/wp\/v2\/posts\/486482\/revisions"}],"wp:attachment":[{"href":"https:\/\/www.eldigitaldeasturias.com\/noticias\/wp-json\/wp\/v2\/media?parent=486482"}],"wp:term":[{"taxonomy":"category","embeddable":true,"href":"https:\/\/www.eldigitaldeasturias.com\/noticias\/wp-json\/wp\/v2\/categories?post=486482"},{"taxonomy":"post_tag","embeddable":true,"href":"https:\/\/www.eldigitaldeasturias.com\/noticias\/wp-json\/wp\/v2\/tags?post=486482"}],"curies":[{"name":"wp","href":"https:\/\/api.w.org\/{rel}","templated":true}]}}