{"id":486460,"date":"2014-02-08T02:04:07","date_gmt":"2014-02-08T03:04:07","guid":{"rendered":"http:\/\/www.eldigitaldeasturias.com\/noticias\/?p=486460"},"modified":"2014-02-08T02:04:07","modified_gmt":"2014-02-08T03:04:07","slug":"los-sefardies-podran-obtener-la-nacionalidad-espanola-sin-perder-la-de-su-origen","status":"publish","type":"post","link":"https:\/\/www.eldigitaldeasturias.com\/noticias\/los-sefardies-podran-obtener-la-nacionalidad-espanola-sin-perder-la-de-su-origen\/","title":{"rendered":"Los sefard\u00edes podr\u00e1n obtener la nacionalidad espa\u00f1ola sin perder la de su origen"},"content":{"rendered":"<p><img loading=\"lazy\" decoding=\"async\" class=\"alignleft size-medium wp-image-486461\" alt=\"5920809w\" src=\"https:\/\/www.eldigitaldeasturias.com\/noticias\/wp-content\/uploads\/2014\/02\/5920809w-360x239.jpg\" width=\"360\" height=\"239\" \/>Madrid, 7 feb (EFE).- El Gobierno ha aprobado hoy una modificaci\u00f3n del C\u00f3digo Civil para conceder la nacionalidad espa\u00f1ola a todos los sefard\u00edes que lo pidan y acrediten tal condici\u00f3n, que permitir\u00e1 adem\u00e1s que mantengan la de su pa\u00eds de origen.<\/p>\n<p>El ministro de Justicia, Alberto Ruiz-Gallard\u00f3n, ha destacado en la rueda de prensa posterior al Consejo de Ministros que de esta forma la sociedad espa\u00f1ola culmina la reparaci\u00f3n \u00abde lo que sin duda hab\u00eda sido uno de los errores hist\u00f3ricos m\u00e1s importantes\u00bb, en referencia a los jud\u00edos que fueron expulsados de Espa\u00f1a en 1492.<\/p>\n<p>Ha explicado que la principal novedad es que estas personas podr\u00e1n conservar su nacionalidad de origen aunque se trate de pa\u00edses con los que hasta ahora no exist\u00eda esta posibilidad.<\/p>\n<p>Ruiz-Gallard\u00f3n ha destacado los especiales v\u00ednculos de la comunidad sefard\u00ed con Espa\u00f1a desde su expulsi\u00f3n en 1492, simbolizado por ejemplo con las llaves que muchos de ellos conservan de sus hogares en Espa\u00f1a.<\/p>\n<p>\u00abHab\u00edan mantenido esa identidad, no solamente la lengua sino sobre todo la convicci\u00f3n de que segu\u00edan siendo parte de una Espa\u00f1a que les hab\u00eda expulsado y a la que no solamente no guardaron ning\u00fan rencor sino que hicieron que les siguiese acompa\u00f1ando siempre\u00bb, ha recalcado.<\/p>\n<p>El ministro ha recordado que un decreto legislativo de 1924 ya permiti\u00f3 que algunos diplom\u00e1ticos espa\u00f1oles, algunos de los cuales incluso ocupan un lugar entre los justos en el Museo del Holocausto de Jerusal\u00e9n, hayan sido reconocidos por la comunidad jud\u00eda internacional como personas que salvaron vidas durante la segunda guerra mundial.<\/p>\n<p>Asimismo, ha destacado como la sociedad espa\u00f1ola ya ha reconocido a esta comunidad con la concesi\u00f3n en 1990 del Premio Pr\u00edncipe de Asturias de la Concordia.<\/p>\n<p>\u00abSin embargo, hab\u00eda una deuda hist\u00f3rica consistente en permitir que aquellos que siempre han querido ser espa\u00f1oles puedan volver a ser lo que nunca debieron de dejar de ser, es decir, ciudadanos espa\u00f1oles de pleno derecho\u00bb, ha concluido Ruiz-Gallard\u00f3n.<\/p>\n<p>El anteproyecto modifica el art\u00edculo 23 del C\u00f3digo Civil para conseguir la agilizaci\u00f3n de la concesi\u00f3n de nacionalidad por carta de naturaleza a los ciudadanos sefard\u00edes que lo deseen.<\/p>\n<p>En la actualidad los ciudadanos sefard\u00edes pueden adquirir la nacionalidad espa\u00f1ola por dos v\u00edas, una despu\u00e9s de llevar dos a\u00f1os residiendo en Espa\u00f1a (como los nacionales de Iberoam\u00e9rica, Portugal y Filipinas, con las que Espa\u00f1a ha guardado una relaci\u00f3n hist\u00f3rica) o por carta de naturaleza.<\/p>\n<p>Sin embargo, este segunda v\u00eda, al tratarse de un acuerdo del Consejo de Ministros en el que se valoran las excepcionales circunstancias de su vinculaci\u00f3n con Espa\u00f1a, quedaba al arbitrio de los respectivos gobiernos.<\/p>\n<p>El anteproyecto aprobado hoy establece que esas circunstancias excepcionales concurren de por s\u00ed en aquellos ciudadanos extranjeros sefard\u00edes que prueben su condici\u00f3n y su especial vinculaci\u00f3n con Espa\u00f1a, a\u00fan cuando no tengan residencia legal en territorio espa\u00f1ol, cualquiera que sea su ideolog\u00eda, religi\u00f3n o creencias.<\/p>\n<p>La condici\u00f3n de sefard\u00edes y la especial vinculaci\u00f3n con Espa\u00f1a ser\u00e1n certificadas por el encargado del Registro Civil del domicilio del interesado, bien en Espa\u00f1a o en el consular correspondiente y se acreditar\u00e1 por una serie de medios de prueba valorados en su conjunto.<\/p>\n<p>Entre esas pruebas se admite la presentaci\u00f3n de un certificado expedido por la Secretar\u00eda General de la Federaci\u00f3n de Comunidades Jud\u00edas de Espa\u00f1a acreditativo de la condici\u00f3n del interesado o la aportaci\u00f3n de uno emitido por la autoridad rab\u00ednica competente, reconocida legalmente en el pa\u00eds de residencia habitual del solicitante u otra documentaci\u00f3n que \u00e9ste aporte.<\/p>\n<p>Tambi\u00e9n se consideran v\u00e1lidos aspectos como los apellidos que ostente el interesado, su idioma familiar u otros indicios que demuestren la pertenencia a tal comunidad cultural.<\/p>\n","protected":false},"excerpt":{"rendered":"<p>Madrid, 7 feb (EFE).- El Gobierno ha aprobado hoy una modificaci\u00f3n del C\u00f3digo Civil para conceder la nacionalidad espa\u00f1ola a todos los sefard\u00edes que lo pidan y acrediten tal condici\u00f3n, que permitir\u00e1 adem\u00e1s que mantengan la de su pa\u00eds de origen. El ministro de Justicia, Alberto Ruiz-Gallard\u00f3n, ha destacado en la rueda de prensa posterior [&hellip;]<\/p>\n","protected":false},"author":1,"featured_media":486461,"comment_status":"open","ping_status":"open","sticky":false,"template":"","format":"standard","meta":{"footnotes":""},"categories":[1],"tags":[],"class_list":["post-486460","post","type-post","status-publish","format-standard","has-post-thumbnail","hentry","category-actualidad"],"aioseo_notices":[],"aioseo_head":"\n\t\t<!-- All in One SEO Pro 5.0.1 - aioseo.com -->\n\t<meta name=\"description\" content=\"Madrid, 7 feb (EFE).- El Gobierno ha aprobado hoy una modificaci\u00f3n del C\u00f3digo Civil para conceder la nacionalidad espa\u00f1ola a todos los sefard\u00edes que lo pidan y acrediten tal condici\u00f3n, que permitir\u00e1 adem\u00e1s que mantengan la de su pa\u00eds de origen. El ministro de Justicia, Alberto Ruiz-Gallard\u00f3n, ha destacado en la rueda de prensa posterior\" \/>\n\t<meta name=\"robots\" content=\"max-image-preview:large\" \/>\n\t<meta name=\"author\" content=\"El Digital de Asturias\"\/>\n\t<meta name=\"google-site-verification\" content=\"UA-38556648-1\" \/>\n\t<meta name=\"msvalidate.01\" content=\"7dfe9f3f1b24437ab69f4f2559babe99\" \/>\n\t<meta name=\"keywords\" content=\"actualidad\" \/>\n\t<link rel=\"canonical\" href=\"https:\/\/www.eldigitaldeasturias.com\/noticias\/los-sefardies-podran-obtener-la-nacionalidad-espanola-sin-perder-la-de-su-origen\/\" \/>\n\t<meta name=\"generator\" content=\"All in One SEO Pro (AIOSEO) 5.0.1\" \/>\n\t\t<meta property=\"og:locale\" content=\"es_ES\" \/>\n\t\t<meta property=\"og:site_name\" content=\"El Digital de Asturias\" \/>\n\t\t<meta property=\"og:type\" content=\"article\" \/>\n\t\t<meta property=\"og:title\" content=\"Los sefard\u00edes podr\u00e1n obtener la nacionalidad espa\u00f1ola sin perder la de su origen - El Digital de Asturias\" \/>\n\t\t<meta property=\"og:description\" content=\"Madrid, 7 feb (EFE).- El Gobierno ha aprobado hoy una modificaci\u00f3n del C\u00f3digo Civil para conceder la nacionalidad espa\u00f1ola a todos los sefard\u00edes que lo pidan y acrediten tal condici\u00f3n, que permitir\u00e1 adem\u00e1s que mantengan la de su pa\u00eds de origen. El ministro de Justicia, Alberto Ruiz-Gallard\u00f3n, ha destacado en la rueda de prensa posterior\" \/>\n\t\t<meta property=\"og:url\" content=\"https:\/\/www.eldigitaldeasturias.com\/noticias\/los-sefardies-podran-obtener-la-nacionalidad-espanola-sin-perder-la-de-su-origen\/\" \/>\n\t\t<meta property=\"article:tag\" content=\"actualidad\" \/>\n\t\t<meta property=\"article:published_time\" content=\"2014-02-08T03:04:07+00:00\" \/>\n\t\t<meta property=\"article:modified_time\" content=\"2014-02-08T03:04:07+00:00\" \/>\n\t\t<meta property=\"article:publisher\" content=\"https:\/\/facebook.com\/eldigitaldeasturias\" \/>\n\t\t<meta name=\"twitter:card\" content=\"summary_large_image\" \/>\n\t\t<meta name=\"twitter:title\" content=\"Los sefard\u00edes podr\u00e1n obtener la nacionalidad espa\u00f1ola sin perder la de su origen - El Digital de Asturias\" \/>\n\t\t<meta name=\"twitter:description\" content=\"Madrid, 7 feb (EFE).- El Gobierno ha aprobado hoy una modificaci\u00f3n del C\u00f3digo Civil para conceder la nacionalidad espa\u00f1ola a todos los sefard\u00edes que lo pidan y acrediten tal condici\u00f3n, que permitir\u00e1 adem\u00e1s que mantengan la de su pa\u00eds de origen. El ministro de Justicia, Alberto Ruiz-Gallard\u00f3n, ha destacado en la rueda de prensa posterior\" \/>\n\t\t<meta name=\"twitter:label1\" content=\"Escrito por\" \/>\n\t\t<meta name=\"twitter:data1\" content=\"El Digital de Asturias\" \/>\n\t\t<meta name=\"twitter:label2\" content=\"Tiempo de lectura estimado\" \/>\n\t\t<meta name=\"twitter:data2\" content=\"3 minutos\" \/>\n\t\t<script type=\"application\/ld+json\" class=\"aioseo-schema\">\n\t\t\t{\"@context\":\"https:\\\/\\\/schema.org\",\"@graph\":[{\"@type\":\"BlogPosting\",\"@id\":\"https:\\\/\\\/www.eldigitaldeasturias.com\\\/noticias\\\/los-sefardies-podran-obtener-la-nacionalidad-espanola-sin-perder-la-de-su-origen\\\/#blogposting\",\"name\":\"Los sefard\\u00edes podr\\u00e1n obtener la nacionalidad espa\\u00f1ola sin perder la de su origen - El Digital de Asturias\",\"headline\":\"Los sefard\\u00edes podr\\u00e1n obtener la nacionalidad espa\\u00f1ola sin perder la de su origen\",\"author\":{\"@id\":\"https:\\\/\\\/www.eldigitaldeasturias.com\\\/noticias\\\/author\\\/admin\\\/#author\"},\"publisher\":{\"@id\":\"https:\\\/\\\/www.eldigitaldeasturias.com\\\/noticias\\\/#organization\"},\"image\":{\"@type\":\"ImageObject\",\"url\":486461},\"datePublished\":\"2014-02-08T02:04:07+01:00\",\"dateModified\":\"2014-02-08T02:04:07+01:00\",\"inLanguage\":\"es-ES\",\"mainEntityOfPage\":{\"@id\":\"https:\\\/\\\/www.eldigitaldeasturias.com\\\/noticias\\\/los-sefardies-podran-obtener-la-nacionalidad-espanola-sin-perder-la-de-su-origen\\\/#webpage\"},\"isPartOf\":{\"@id\":\"https:\\\/\\\/www.eldigitaldeasturias.com\\\/noticias\\\/los-sefardies-podran-obtener-la-nacionalidad-espanola-sin-perder-la-de-su-origen\\\/#webpage\"},\"articleSection\":\"Actualidad\"},{\"@type\":\"BreadcrumbList\",\"@id\":\"https:\\\/\\\/www.eldigitaldeasturias.com\\\/noticias\\\/los-sefardies-podran-obtener-la-nacionalidad-espanola-sin-perder-la-de-su-origen\\\/#breadcrumblist\",\"itemListElement\":[{\"@type\":\"ListItem\",\"@id\":\"https:\\\/\\\/www.eldigitaldeasturias.com\\\/noticias#listItem\",\"position\":1,\"name\":\"Home\",\"item\":\"https:\\\/\\\/www.eldigitaldeasturias.com\\\/noticias\",\"nextItem\":{\"@type\":\"ListItem\",\"@id\":\"https:\\\/\\\/www.eldigitaldeasturias.com\\\/noticias\\\/category\\\/actualidad\\\/#listItem\",\"name\":\"Actualidad\"}},{\"@type\":\"ListItem\",\"@id\":\"https:\\\/\\\/www.eldigitaldeasturias.com\\\/noticias\\\/category\\\/actualidad\\\/#listItem\",\"position\":2,\"name\":\"Actualidad\",\"item\":\"https:\\\/\\\/www.eldigitaldeasturias.com\\\/noticias\\\/category\\\/actualidad\\\/\",\"nextItem\":{\"@type\":\"ListItem\",\"@id\":\"https:\\\/\\\/www.eldigitaldeasturias.com\\\/noticias\\\/los-sefardies-podran-obtener-la-nacionalidad-espanola-sin-perder-la-de-su-origen\\\/#listItem\",\"name\":\"Los sefard\\u00edes podr\\u00e1n obtener la nacionalidad espa\\u00f1ola sin perder la de su origen\"},\"previousItem\":{\"@type\":\"ListItem\",\"@id\":\"https:\\\/\\\/www.eldigitaldeasturias.com\\\/noticias#listItem\",\"name\":\"Home\"}},{\"@type\":\"ListItem\",\"@id\":\"https:\\\/\\\/www.eldigitaldeasturias.com\\\/noticias\\\/los-sefardies-podran-obtener-la-nacionalidad-espanola-sin-perder-la-de-su-origen\\\/#listItem\",\"position\":3,\"name\":\"Los sefard\\u00edes podr\\u00e1n obtener la nacionalidad espa\\u00f1ola sin perder la de su origen\",\"previousItem\":{\"@type\":\"ListItem\",\"@id\":\"https:\\\/\\\/www.eldigitaldeasturias.com\\\/noticias\\\/category\\\/actualidad\\\/#listItem\",\"name\":\"Actualidad\"}}]},{\"@type\":\"Organization\",\"@id\":\"https:\\\/\\\/www.eldigitaldeasturias.com\\\/noticias\\\/#organization\",\"name\":\"El Digital de Asturias\",\"description\":\"Hemeroteca\",\"url\":\"https:\\\/\\\/www.eldigitaldeasturias.com\\\/noticias\\\/\",\"email\":\"info@eldigitaldeasturias.com\",\"telephone\":\"+34652131393\",\"logo\":{\"@type\":\"ImageObject\",\"url\":\"https:\\\/\\\/www.eldigitaldeasturias.com\\\/noticias\\\/wp-content\\\/uploads\\\/2020\\\/12\\\/EDA.jpg\",\"@id\":\"https:\\\/\\\/www.eldigitaldeasturias.com\\\/noticias\\\/los-sefardies-podran-obtener-la-nacionalidad-espanola-sin-perder-la-de-su-origen\\\/#organizationLogo\"},\"image\":{\"@id\":\"https:\\\/\\\/www.eldigitaldeasturias.com\\\/noticias\\\/los-sefardies-podran-obtener-la-nacionalidad-espanola-sin-perder-la-de-su-origen\\\/#organizationLogo\"},\"sameAs\":[\"https:\\\/\\\/facebook.com\\\/eldigitaldeasturias\",\"https:\\\/\\\/www.youtube.com\\\/channel\\\/UCZP-2wLEB9Rv6erhFmqVnvg\"],\"address\":{\"@id\":\"https:\\\/\\\/www.eldigitaldeasturias.com\\\/noticias\\\/#postaladdress\",\"@type\":\"PostalAddress\",\"streetAddress\":\"san antonio 4\",\"postalCode\":\"33430\",\"addressLocality\":\"Cand\\u00e1s\",\"addressRegion\":\"Asturias\",\"addressCountry\":\"ES\"}},{\"@type\":\"Person\",\"@id\":\"https:\\\/\\\/www.eldigitaldeasturias.com\\\/noticias\\\/author\\\/admin\\\/#author\",\"url\":\"https:\\\/\\\/www.eldigitaldeasturias.com\\\/noticias\\\/author\\\/admin\\\/\",\"name\":\"El Digital de Asturias\",\"image\":{\"@type\":\"ImageObject\",\"@id\":\"https:\\\/\\\/www.eldigitaldeasturias.com\\\/noticias\\\/los-sefardies-podran-obtener-la-nacionalidad-espanola-sin-perder-la-de-su-origen\\\/#authorImage\",\"url\":\"https:\\\/\\\/secure.gravatar.com\\\/avatar\\\/df2aeffc32bcd13f8d26072ef8a91b623d677766deac7f97ca815868cd41bf5e?s=96&d=mm&r=g\",\"width\":96,\"height\":96,\"caption\":\"El Digital de Asturias\"}},{\"@type\":\"WebPage\",\"@id\":\"https:\\\/\\\/www.eldigitaldeasturias.com\\\/noticias\\\/los-sefardies-podran-obtener-la-nacionalidad-espanola-sin-perder-la-de-su-origen\\\/#webpage\",\"url\":\"https:\\\/\\\/www.eldigitaldeasturias.com\\\/noticias\\\/los-sefardies-podran-obtener-la-nacionalidad-espanola-sin-perder-la-de-su-origen\\\/\",\"name\":\"Los sefard\\u00edes podr\\u00e1n obtener la nacionalidad espa\\u00f1ola sin perder la de su origen - El Digital de Asturias\",\"description\":\"Madrid, 7 feb (EFE).- El Gobierno ha aprobado hoy una modificaci\\u00f3n del C\\u00f3digo Civil para conceder la nacionalidad espa\\u00f1ola a todos los sefard\\u00edes que lo pidan y acrediten tal condici\\u00f3n, que permitir\\u00e1 adem\\u00e1s que mantengan la de su pa\\u00eds de origen. El ministro de Justicia, Alberto Ruiz-Gallard\\u00f3n, ha destacado en la rueda de prensa posterior\",\"inLanguage\":\"es-ES\",\"isPartOf\":{\"@id\":\"https:\\\/\\\/www.eldigitaldeasturias.com\\\/noticias\\\/#website\"},\"breadcrumb\":{\"@id\":\"https:\\\/\\\/www.eldigitaldeasturias.com\\\/noticias\\\/los-sefardies-podran-obtener-la-nacionalidad-espanola-sin-perder-la-de-su-origen\\\/#breadcrumblist\"},\"author\":{\"@id\":\"https:\\\/\\\/www.eldigitaldeasturias.com\\\/noticias\\\/author\\\/admin\\\/#author\"},\"creator\":{\"@id\":\"https:\\\/\\\/www.eldigitaldeasturias.com\\\/noticias\\\/author\\\/admin\\\/#author\"},\"image\":{\"@type\":\"ImageObject\",\"url\":486461,\"@id\":\"https:\\\/\\\/www.eldigitaldeasturias.com\\\/noticias\\\/los-sefardies-podran-obtener-la-nacionalidad-espanola-sin-perder-la-de-su-origen\\\/#mainImage\"},\"primaryImageOfPage\":{\"@id\":\"https:\\\/\\\/www.eldigitaldeasturias.com\\\/noticias\\\/los-sefardies-podran-obtener-la-nacionalidad-espanola-sin-perder-la-de-su-origen\\\/#mainImage\"},\"datePublished\":\"2014-02-08T02:04:07+01:00\",\"dateModified\":\"2014-02-08T02:04:07+01:00\"},{\"@type\":\"WebSite\",\"@id\":\"https:\\\/\\\/www.eldigitaldeasturias.com\\\/noticias\\\/#website\",\"url\":\"https:\\\/\\\/www.eldigitaldeasturias.com\\\/noticias\\\/\",\"name\":\"El Digital de Asturias - Diario de actualidad y noticias\",\"alternateName\":\"El Digital de Asturias - Diario de actualidad y noticias\",\"description\":\"Hemeroteca\",\"inLanguage\":\"es-ES\",\"publisher\":{\"@id\":\"https:\\\/\\\/www.eldigitaldeasturias.com\\\/noticias\\\/#organization\"}}]}\n\t\t<\/script>\n\t\t<!-- All in One SEO Pro -->\r\n\t\t<title>Los sefard\u00edes podr\u00e1n obtener la nacionalidad espa\u00f1ola sin perder la de su origen - El Digital de Asturias<\/title>\n\n","aioseo_head_json":{"title":"Los sefard\u00edes podr\u00e1n obtener la nacionalidad espa\u00f1ola sin perder la de su origen - El Digital de Asturias","description":"Madrid, 7 feb (EFE).- El Gobierno ha aprobado hoy una modificaci\u00f3n del C\u00f3digo Civil para conceder la nacionalidad espa\u00f1ola a todos los sefard\u00edes que lo pidan y acrediten tal condici\u00f3n, que permitir\u00e1 adem\u00e1s que mantengan la de su pa\u00eds de origen. El ministro de Justicia, Alberto Ruiz-Gallard\u00f3n, ha destacado en la rueda de prensa posterior","canonical_url":"https:\/\/www.eldigitaldeasturias.com\/noticias\/los-sefardies-podran-obtener-la-nacionalidad-espanola-sin-perder-la-de-su-origen\/","robots":"max-image-preview:large","keywords":"actualidad","webmasterTools":{"google-site-verification":"UA-38556648-1","msvalidate.01":"7dfe9f3f1b24437ab69f4f2559babe99","miscellaneous":""},"schema":{"@context":"https:\/\/schema.org","@graph":[{"@type":"BlogPosting","@id":"https:\/\/www.eldigitaldeasturias.com\/noticias\/los-sefardies-podran-obtener-la-nacionalidad-espanola-sin-perder-la-de-su-origen\/#blogposting","name":"Los sefard\u00edes podr\u00e1n obtener la nacionalidad espa\u00f1ola sin perder la de su origen - El Digital de Asturias","headline":"Los sefard\u00edes podr\u00e1n obtener la nacionalidad espa\u00f1ola sin perder la de su origen","author":{"@id":"https:\/\/www.eldigitaldeasturias.com\/noticias\/author\/admin\/#author"},"publisher":{"@id":"https:\/\/www.eldigitaldeasturias.com\/noticias\/#organization"},"image":{"@type":"ImageObject","url":486461},"datePublished":"2014-02-08T02:04:07+01:00","dateModified":"2014-02-08T02:04:07+01:00","inLanguage":"es-ES","mainEntityOfPage":{"@id":"https:\/\/www.eldigitaldeasturias.com\/noticias\/los-sefardies-podran-obtener-la-nacionalidad-espanola-sin-perder-la-de-su-origen\/#webpage"},"isPartOf":{"@id":"https:\/\/www.eldigitaldeasturias.com\/noticias\/los-sefardies-podran-obtener-la-nacionalidad-espanola-sin-perder-la-de-su-origen\/#webpage"},"articleSection":"Actualidad"},{"@type":"BreadcrumbList","@id":"https:\/\/www.eldigitaldeasturias.com\/noticias\/los-sefardies-podran-obtener-la-nacionalidad-espanola-sin-perder-la-de-su-origen\/#breadcrumblist","itemListElement":[{"@type":"ListItem","@id":"https:\/\/www.eldigitaldeasturias.com\/noticias#listItem","position":1,"name":"Home","item":"https:\/\/www.eldigitaldeasturias.com\/noticias","nextItem":{"@type":"ListItem","@id":"https:\/\/www.eldigitaldeasturias.com\/noticias\/category\/actualidad\/#listItem","name":"Actualidad"}},{"@type":"ListItem","@id":"https:\/\/www.eldigitaldeasturias.com\/noticias\/category\/actualidad\/#listItem","position":2,"name":"Actualidad","item":"https:\/\/www.eldigitaldeasturias.com\/noticias\/category\/actualidad\/","nextItem":{"@type":"ListItem","@id":"https:\/\/www.eldigitaldeasturias.com\/noticias\/los-sefardies-podran-obtener-la-nacionalidad-espanola-sin-perder-la-de-su-origen\/#listItem","name":"Los sefard\u00edes podr\u00e1n obtener la nacionalidad espa\u00f1ola sin perder la de su origen"},"previousItem":{"@type":"ListItem","@id":"https:\/\/www.eldigitaldeasturias.com\/noticias#listItem","name":"Home"}},{"@type":"ListItem","@id":"https:\/\/www.eldigitaldeasturias.com\/noticias\/los-sefardies-podran-obtener-la-nacionalidad-espanola-sin-perder-la-de-su-origen\/#listItem","position":3,"name":"Los sefard\u00edes podr\u00e1n obtener la nacionalidad espa\u00f1ola sin perder la de su origen","previousItem":{"@type":"ListItem","@id":"https:\/\/www.eldigitaldeasturias.com\/noticias\/category\/actualidad\/#listItem","name":"Actualidad"}}]},{"@type":"Organization","@id":"https:\/\/www.eldigitaldeasturias.com\/noticias\/#organization","name":"El Digital de Asturias","description":"Hemeroteca","url":"https:\/\/www.eldigitaldeasturias.com\/noticias\/","email":"info@eldigitaldeasturias.com","telephone":"+34652131393","logo":{"@type":"ImageObject","url":"https:\/\/www.eldigitaldeasturias.com\/noticias\/wp-content\/uploads\/2020\/12\/EDA.jpg","@id":"https:\/\/www.eldigitaldeasturias.com\/noticias\/los-sefardies-podran-obtener-la-nacionalidad-espanola-sin-perder-la-de-su-origen\/#organizationLogo"},"image":{"@id":"https:\/\/www.eldigitaldeasturias.com\/noticias\/los-sefardies-podran-obtener-la-nacionalidad-espanola-sin-perder-la-de-su-origen\/#organizationLogo"},"sameAs":["https:\/\/facebook.com\/eldigitaldeasturias","https:\/\/www.youtube.com\/channel\/UCZP-2wLEB9Rv6erhFmqVnvg"],"address":{"@id":"https:\/\/www.eldigitaldeasturias.com\/noticias\/#postaladdress","@type":"PostalAddress","streetAddress":"san antonio 4","postalCode":"33430","addressLocality":"Cand\u00e1s","addressRegion":"Asturias","addressCountry":"ES"}},{"@type":"Person","@id":"https:\/\/www.eldigitaldeasturias.com\/noticias\/author\/admin\/#author","url":"https:\/\/www.eldigitaldeasturias.com\/noticias\/author\/admin\/","name":"El Digital de Asturias","image":{"@type":"ImageObject","@id":"https:\/\/www.eldigitaldeasturias.com\/noticias\/los-sefardies-podran-obtener-la-nacionalidad-espanola-sin-perder-la-de-su-origen\/#authorImage","url":"https:\/\/secure.gravatar.com\/avatar\/df2aeffc32bcd13f8d26072ef8a91b623d677766deac7f97ca815868cd41bf5e?s=96&d=mm&r=g","width":96,"height":96,"caption":"El Digital de Asturias"}},{"@type":"WebPage","@id":"https:\/\/www.eldigitaldeasturias.com\/noticias\/los-sefardies-podran-obtener-la-nacionalidad-espanola-sin-perder-la-de-su-origen\/#webpage","url":"https:\/\/www.eldigitaldeasturias.com\/noticias\/los-sefardies-podran-obtener-la-nacionalidad-espanola-sin-perder-la-de-su-origen\/","name":"Los sefard\u00edes podr\u00e1n obtener la nacionalidad espa\u00f1ola sin perder la de su origen - El Digital de Asturias","description":"Madrid, 7 feb (EFE).- El Gobierno ha aprobado hoy una modificaci\u00f3n del C\u00f3digo Civil para conceder la nacionalidad espa\u00f1ola a todos los sefard\u00edes que lo pidan y acrediten tal condici\u00f3n, que permitir\u00e1 adem\u00e1s que mantengan la de su pa\u00eds de origen. El ministro de Justicia, Alberto Ruiz-Gallard\u00f3n, ha destacado en la rueda de prensa posterior","inLanguage":"es-ES","isPartOf":{"@id":"https:\/\/www.eldigitaldeasturias.com\/noticias\/#website"},"breadcrumb":{"@id":"https:\/\/www.eldigitaldeasturias.com\/noticias\/los-sefardies-podran-obtener-la-nacionalidad-espanola-sin-perder-la-de-su-origen\/#breadcrumblist"},"author":{"@id":"https:\/\/www.eldigitaldeasturias.com\/noticias\/author\/admin\/#author"},"creator":{"@id":"https:\/\/www.eldigitaldeasturias.com\/noticias\/author\/admin\/#author"},"image":{"@type":"ImageObject","url":486461,"@id":"https:\/\/www.eldigitaldeasturias.com\/noticias\/los-sefardies-podran-obtener-la-nacionalidad-espanola-sin-perder-la-de-su-origen\/#mainImage"},"primaryImageOfPage":{"@id":"https:\/\/www.eldigitaldeasturias.com\/noticias\/los-sefardies-podran-obtener-la-nacionalidad-espanola-sin-perder-la-de-su-origen\/#mainImage"},"datePublished":"2014-02-08T02:04:07+01:00","dateModified":"2014-02-08T02:04:07+01:00"},{"@type":"WebSite","@id":"https:\/\/www.eldigitaldeasturias.com\/noticias\/#website","url":"https:\/\/www.eldigitaldeasturias.com\/noticias\/","name":"El Digital de Asturias - Diario de actualidad y noticias","alternateName":"El Digital de Asturias - Diario de actualidad y noticias","description":"Hemeroteca","inLanguage":"es-ES","publisher":{"@id":"https:\/\/www.eldigitaldeasturias.com\/noticias\/#organization"}}]},"og:locale":"es_ES","og:site_name":"El Digital de Asturias","og:type":"article","og:title":"Los sefard\u00edes podr\u00e1n obtener la nacionalidad espa\u00f1ola sin perder la de su origen - El Digital de Asturias","og:description":"Madrid, 7 feb (EFE).- El Gobierno ha aprobado hoy una modificaci\u00f3n del C\u00f3digo Civil para conceder la nacionalidad espa\u00f1ola a todos los sefard\u00edes que lo pidan y acrediten tal condici\u00f3n, que permitir\u00e1 adem\u00e1s que mantengan la de su pa\u00eds de origen. El ministro de Justicia, Alberto Ruiz-Gallard\u00f3n, ha destacado en la rueda de prensa posterior","og:url":"https:\/\/www.eldigitaldeasturias.com\/noticias\/los-sefardies-podran-obtener-la-nacionalidad-espanola-sin-perder-la-de-su-origen\/","article:tag":["actualidad"],"article:published_time":"2014-02-08T03:04:07+00:00","article:modified_time":"2014-02-08T03:04:07+00:00","article:publisher":"https:\/\/facebook.com\/eldigitaldeasturias","twitter:card":"summary_large_image","twitter:title":"Los sefard\u00edes podr\u00e1n obtener la nacionalidad espa\u00f1ola sin perder la de su origen - El Digital de Asturias","twitter:description":"Madrid, 7 feb (EFE).- El Gobierno ha aprobado hoy una modificaci\u00f3n del C\u00f3digo Civil para conceder la nacionalidad espa\u00f1ola a todos los sefard\u00edes que lo pidan y acrediten tal condici\u00f3n, que permitir\u00e1 adem\u00e1s que mantengan la de su pa\u00eds de origen. El ministro de Justicia, Alberto Ruiz-Gallard\u00f3n, ha destacado en la rueda de prensa posterior","twitter:label1":"Escrito por","twitter:data1":"El Digital de Asturias","twitter:label2":"Tiempo de lectura estimado","twitter:data2":"3 minutos"},"aioseo_meta_data":{"post_id":"486460","title":null,"description":null,"keywords":null,"keyphrases":null,"primary_term":null,"canonical_url":null,"og_title":null,"og_description":null,"og_object_type":"default","og_image_type":"default","og_image_url":null,"og_image_width":null,"og_image_height":null,"og_image_custom_url":null,"og_image_custom_fields":null,"og_video":null,"og_custom_url":null,"og_article_section":null,"og_article_tags":null,"twitter_use_og":true,"twitter_card":"default","twitter_image_type":"default","twitter_image_url":null,"twitter_image_custom_url":null,"twitter_image_custom_fields":null,"twitter_title":null,"twitter_description":null,"schema":{"blockGraphs":[],"customGraphs":[],"default":{"data":{"Article":[],"Course":[],"Dataset":[],"FAQPage":[],"Movie":[],"Person":[],"Product":[],"ProductReview":[],"Car":[],"Recipe":[],"Service":[],"SoftwareApplication":[],"WebPage":[]},"graphName":"","isEnabled":true},"graphs":[],"defaultGraph":"","defaultPostTypeGraph":""},"schema_type":null,"schema_type_options":null,"pillar_content":false,"robots_default":true,"robots_noindex":false,"robots_noarchive":false,"robots_nosnippet":false,"robots_nofollow":false,"robots_noimageindex":false,"robots_noodp":false,"robots_notranslate":false,"robots_max_snippet":null,"robots_max_videopreview":null,"robots_max_imagepreview":"none","priority":null,"frequency":null,"local_seo":null,"seo_analyzer_scan_date":"2026-06-03 01:01:46","breadcrumb_settings":null,"limit_modified_date":false,"open_ai":null,"ai":null,"created":"2020-11-14 22:56:06","updated":"2026-06-03 01:01:46","focus_keyword":null,"additional_keywords":null,"truseo_locale":null},"aioseo_breadcrumb":"<div class=\"aioseo-breadcrumbs\"><span class=\"aioseo-breadcrumb\">\n\t<a href=\"https:\/\/www.eldigitaldeasturias.com\/noticias\" title=\"Home\">Home<\/a>\n<\/span><span class=\"aioseo-breadcrumb-separator\">\u2013<\/span><span class=\"aioseo-breadcrumb\">\n\t<a href=\"https:\/\/www.eldigitaldeasturias.com\/noticias\/category\/actualidad\/\" title=\"Actualidad\">Actualidad<\/a>\n<\/span><span class=\"aioseo-breadcrumb-separator\">\u2013<\/span><span class=\"aioseo-breadcrumb\">\n\t<a href=\"https:\/\/www.eldigitaldeasturias.com\/noticias\/los-sefardies-podran-obtener-la-nacionalidad-espanola-sin-perder-la-de-su-origen\/\" title=\"Los sefard\u00edes podr\u00e1n obtener la nacionalidad espa\u00f1ola sin perder la de su origen\">Los sefard\u00edes podr\u00e1n obtener la nacionalidad espa\u00f1ola sin perder la de su origen<\/a>\n<\/span><\/div>","aioseo_breadcrumb_json":[{"label":"Home","link":"https:\/\/www.eldigitaldeasturias.com\/noticias"},{"label":"Actualidad","link":"https:\/\/www.eldigitaldeasturias.com\/noticias\/category\/actualidad\/"},{"label":"Los sefard\u00edes podr\u00e1n obtener la nacionalidad espa\u00f1ola sin perder la de su origen","link":"https:\/\/www.eldigitaldeasturias.com\/noticias\/los-sefardies-podran-obtener-la-nacionalidad-espanola-sin-perder-la-de-su-origen\/"}],"_links":{"self":[{"href":"https:\/\/www.eldigitaldeasturias.com\/noticias\/wp-json\/wp\/v2\/posts\/486460","targetHints":{"allow":["GET"]}}],"collection":[{"href":"https:\/\/www.eldigitaldeasturias.com\/noticias\/wp-json\/wp\/v2\/posts"}],"about":[{"href":"https:\/\/www.eldigitaldeasturias.com\/noticias\/wp-json\/wp\/v2\/types\/post"}],"author":[{"embeddable":true,"href":"https:\/\/www.eldigitaldeasturias.com\/noticias\/wp-json\/wp\/v2\/users\/1"}],"replies":[{"embeddable":true,"href":"https:\/\/www.eldigitaldeasturias.com\/noticias\/wp-json\/wp\/v2\/comments?post=486460"}],"version-history":[{"count":0,"href":"https:\/\/www.eldigitaldeasturias.com\/noticias\/wp-json\/wp\/v2\/posts\/486460\/revisions"}],"wp:attachment":[{"href":"https:\/\/www.eldigitaldeasturias.com\/noticias\/wp-json\/wp\/v2\/media?parent=486460"}],"wp:term":[{"taxonomy":"category","embeddable":true,"href":"https:\/\/www.eldigitaldeasturias.com\/noticias\/wp-json\/wp\/v2\/categories?post=486460"},{"taxonomy":"post_tag","embeddable":true,"href":"https:\/\/www.eldigitaldeasturias.com\/noticias\/wp-json\/wp\/v2\/tags?post=486460"}],"curies":[{"name":"wp","href":"https:\/\/api.w.org\/{rel}","templated":true}]}}