{"id":486454,"date":"2014-02-08T02:01:23","date_gmt":"2014-02-08T03:01:23","guid":{"rendered":"http:\/\/www.eldigitaldeasturias.com\/noticias\/?p=486454"},"modified":"2014-02-08T02:01:23","modified_gmt":"2014-02-08T03:01:23","slug":"el-pais-vasco-es-por-el-momento-la-comunidad-mas-afectada-por-el-temporal","status":"publish","type":"post","link":"https:\/\/www.eldigitaldeasturias.com\/noticias\/el-pais-vasco-es-por-el-momento-la-comunidad-mas-afectada-por-el-temporal\/","title":{"rendered":"El Pa\u00eds Vasco es, por el momento, la comunidad m\u00e1s afectada por el temporal"},"content":{"rendered":"<p><img loading=\"lazy\" decoding=\"async\" class=\"alignleft size-medium wp-image-486455\" alt=\"5922046w\" src=\"https:\/\/www.eldigitaldeasturias.com\/noticias\/wp-content\/uploads\/2014\/02\/5922046w-360x239.jpg\" width=\"360\" height=\"239\" \/>Madrid, 7 feb (EFE).- El Pa\u00eds Vasco es, de momento, la Comunidad Aut\u00f3noma m\u00e1s afecta por el temporal que ha azotado el norte y el noroeste de la pen\u00ednsula, a la espera de la evaluaci\u00f3n del Principado de Asturias, seg\u00fan ha informado la vicepresidenta del Gobierno, Soraya Saenz de Santamar\u00eda, tras el Consejo de Ministros.<\/p>\n<p>Seg\u00fan el informe facilitado por el Consejo de Ministros, los da\u00f1os han afectado de forma especial a la l\u00ednea de costa y la diversas infraestructuras municipales de todas las Comunidades Aut\u00f3nomas de la cornisa cant\u00e1brica y la fachada atl\u00e1ntica gallega.<\/p>\n<p>La comunidad m\u00e1s afectada ha sido el Pa\u00eds Vasco, con especial incidencia en la provincia de Guip\u00fazcoa y hasta el momento, las comunidades en las que se han evaluado los da\u00f1os han sido Galicia, Cantabria y Pa\u00eds Vasco, mientras que el Principado de Asturias sigue pendiente de evaluaci\u00f3n.<\/p>\n<p>Seg\u00fan la vicepresidenta, este primer informe es \u00abpreliminar\u00bb ya que los efectos del temporal todav\u00eda pueden causar da\u00f1os durante el fin de semana, y ha aclarado que las obras de reconstrucci\u00f3n no se iniciar\u00e1n hasta que \u00abtengamos la certeza de que el temporal ha amainado\u00bb, aunque se espera que empiecen en el plazo m\u00e1s breve posible.<\/p>\n<p>Saenz de Santamar\u00eda ha a\u00f1adido que tanto el subsecretario del Ministerio del Interior como el director de Protecci\u00f3n Civil \u00abse est\u00e1n trasladando a las diferentes zonas\u00bb para comenzar la estimaci\u00f3n del da\u00f1o.<\/p>\n","protected":false},"excerpt":{"rendered":"<p>Madrid, 7 feb (EFE).- El Pa\u00eds Vasco es, de momento, la Comunidad Aut\u00f3noma m\u00e1s afecta por el temporal que ha azotado el norte y el noroeste de la pen\u00ednsula, a la espera de la evaluaci\u00f3n del Principado de Asturias, seg\u00fan ha informado la vicepresidenta del Gobierno, Soraya Saenz de Santamar\u00eda, tras el Consejo de Ministros. [&hellip;]<\/p>\n","protected":false},"author":1,"featured_media":486455,"comment_status":"open","ping_status":"open","sticky":false,"template":"","format":"standard","meta":{"footnotes":""},"categories":[1],"tags":[],"class_list":["post-486454","post","type-post","status-publish","format-standard","has-post-thumbnail","hentry","category-actualidad"],"aioseo_notices":[],"aioseo_head":"\n\t\t<!-- All in One SEO Pro 5.0.1 - aioseo.com -->\n\t<meta name=\"description\" content=\"Madrid, 7 feb (EFE).- El Pa\u00eds Vasco es, de momento, la Comunidad Aut\u00f3noma m\u00e1s afecta por el temporal que ha azotado el norte y el noroeste de la pen\u00ednsula, a la espera de la evaluaci\u00f3n del Principado de Asturias, seg\u00fan ha informado la vicepresidenta del Gobierno, Soraya Saenz de Santamar\u00eda, tras el Consejo de Ministros.\" \/>\n\t<meta name=\"robots\" content=\"max-image-preview:large\" \/>\n\t<meta name=\"author\" content=\"El Digital de Asturias\"\/>\n\t<meta name=\"google-site-verification\" content=\"UA-38556648-1\" \/>\n\t<meta name=\"msvalidate.01\" content=\"7dfe9f3f1b24437ab69f4f2559babe99\" \/>\n\t<meta name=\"keywords\" content=\"actualidad\" \/>\n\t<link rel=\"canonical\" href=\"https:\/\/www.eldigitaldeasturias.com\/noticias\/el-pais-vasco-es-por-el-momento-la-comunidad-mas-afectada-por-el-temporal\/\" \/>\n\t<meta name=\"generator\" content=\"All in One SEO Pro (AIOSEO) 5.0.1\" \/>\n\t\t<meta property=\"og:locale\" content=\"es_ES\" \/>\n\t\t<meta property=\"og:site_name\" content=\"El Digital de Asturias\" \/>\n\t\t<meta property=\"og:type\" content=\"article\" \/>\n\t\t<meta property=\"og:title\" content=\"El Pa\u00eds Vasco es, por el momento, la comunidad m\u00e1s afectada por el temporal - El Digital de Asturias\" \/>\n\t\t<meta property=\"og:description\" content=\"Madrid, 7 feb (EFE).- El Pa\u00eds Vasco es, de momento, la Comunidad Aut\u00f3noma m\u00e1s afecta por el temporal que ha azotado el norte y el noroeste de la pen\u00ednsula, a la espera de la evaluaci\u00f3n del Principado de Asturias, seg\u00fan ha informado la vicepresidenta del Gobierno, Soraya Saenz de Santamar\u00eda, tras el Consejo de Ministros.\" \/>\n\t\t<meta property=\"og:url\" content=\"https:\/\/www.eldigitaldeasturias.com\/noticias\/el-pais-vasco-es-por-el-momento-la-comunidad-mas-afectada-por-el-temporal\/\" \/>\n\t\t<meta property=\"article:tag\" content=\"actualidad\" \/>\n\t\t<meta property=\"article:published_time\" content=\"2014-02-08T03:01:23+00:00\" \/>\n\t\t<meta property=\"article:modified_time\" content=\"2014-02-08T03:01:23+00:00\" \/>\n\t\t<meta property=\"article:publisher\" content=\"https:\/\/facebook.com\/eldigitaldeasturias\" \/>\n\t\t<meta name=\"twitter:card\" content=\"summary_large_image\" \/>\n\t\t<meta name=\"twitter:title\" content=\"El Pa\u00eds Vasco es, por el momento, la comunidad m\u00e1s afectada por el temporal - El Digital de Asturias\" \/>\n\t\t<meta name=\"twitter:description\" content=\"Madrid, 7 feb (EFE).- El Pa\u00eds Vasco es, de momento, la Comunidad Aut\u00f3noma m\u00e1s afecta por el temporal que ha azotado el norte y el noroeste de la pen\u00ednsula, a la espera de la evaluaci\u00f3n del Principado de Asturias, seg\u00fan ha informado la vicepresidenta del Gobierno, Soraya Saenz de Santamar\u00eda, tras el Consejo de Ministros.\" \/>\n\t\t<meta name=\"twitter:label1\" content=\"Escrito por\" \/>\n\t\t<meta name=\"twitter:data1\" content=\"El Digital de Asturias\" \/>\n\t\t<meta name=\"twitter:label2\" content=\"Tiempo de lectura estimado\" \/>\n\t\t<meta name=\"twitter:data2\" content=\"1 minuto\" \/>\n\t\t<script type=\"application\/ld+json\" class=\"aioseo-schema\">\n\t\t\t{\"@context\":\"https:\\\/\\\/schema.org\",\"@graph\":[{\"@type\":\"BlogPosting\",\"@id\":\"https:\\\/\\\/www.eldigitaldeasturias.com\\\/noticias\\\/el-pais-vasco-es-por-el-momento-la-comunidad-mas-afectada-por-el-temporal\\\/#blogposting\",\"name\":\"El Pa\\u00eds Vasco es, por el momento, la comunidad m\\u00e1s afectada por el temporal - El Digital de Asturias\",\"headline\":\"El Pa\\u00eds Vasco es, por el momento, la comunidad m\\u00e1s afectada por el temporal\",\"author\":{\"@id\":\"https:\\\/\\\/www.eldigitaldeasturias.com\\\/noticias\\\/author\\\/admin\\\/#author\"},\"publisher\":{\"@id\":\"https:\\\/\\\/www.eldigitaldeasturias.com\\\/noticias\\\/#organization\"},\"image\":{\"@type\":\"ImageObject\",\"url\":486455},\"datePublished\":\"2014-02-08T02:01:23+01:00\",\"dateModified\":\"2014-02-08T02:01:23+01:00\",\"inLanguage\":\"es-ES\",\"mainEntityOfPage\":{\"@id\":\"https:\\\/\\\/www.eldigitaldeasturias.com\\\/noticias\\\/el-pais-vasco-es-por-el-momento-la-comunidad-mas-afectada-por-el-temporal\\\/#webpage\"},\"isPartOf\":{\"@id\":\"https:\\\/\\\/www.eldigitaldeasturias.com\\\/noticias\\\/el-pais-vasco-es-por-el-momento-la-comunidad-mas-afectada-por-el-temporal\\\/#webpage\"},\"articleSection\":\"Actualidad\"},{\"@type\":\"BreadcrumbList\",\"@id\":\"https:\\\/\\\/www.eldigitaldeasturias.com\\\/noticias\\\/el-pais-vasco-es-por-el-momento-la-comunidad-mas-afectada-por-el-temporal\\\/#breadcrumblist\",\"itemListElement\":[{\"@type\":\"ListItem\",\"@id\":\"https:\\\/\\\/www.eldigitaldeasturias.com\\\/noticias#listItem\",\"position\":1,\"name\":\"Home\",\"item\":\"https:\\\/\\\/www.eldigitaldeasturias.com\\\/noticias\",\"nextItem\":{\"@type\":\"ListItem\",\"@id\":\"https:\\\/\\\/www.eldigitaldeasturias.com\\\/noticias\\\/category\\\/actualidad\\\/#listItem\",\"name\":\"Actualidad\"}},{\"@type\":\"ListItem\",\"@id\":\"https:\\\/\\\/www.eldigitaldeasturias.com\\\/noticias\\\/category\\\/actualidad\\\/#listItem\",\"position\":2,\"name\":\"Actualidad\",\"item\":\"https:\\\/\\\/www.eldigitaldeasturias.com\\\/noticias\\\/category\\\/actualidad\\\/\",\"nextItem\":{\"@type\":\"ListItem\",\"@id\":\"https:\\\/\\\/www.eldigitaldeasturias.com\\\/noticias\\\/el-pais-vasco-es-por-el-momento-la-comunidad-mas-afectada-por-el-temporal\\\/#listItem\",\"name\":\"El Pa\\u00eds Vasco es, por el momento, la comunidad m\\u00e1s afectada por el temporal\"},\"previousItem\":{\"@type\":\"ListItem\",\"@id\":\"https:\\\/\\\/www.eldigitaldeasturias.com\\\/noticias#listItem\",\"name\":\"Home\"}},{\"@type\":\"ListItem\",\"@id\":\"https:\\\/\\\/www.eldigitaldeasturias.com\\\/noticias\\\/el-pais-vasco-es-por-el-momento-la-comunidad-mas-afectada-por-el-temporal\\\/#listItem\",\"position\":3,\"name\":\"El Pa\\u00eds Vasco es, por el momento, la comunidad m\\u00e1s afectada por el temporal\",\"previousItem\":{\"@type\":\"ListItem\",\"@id\":\"https:\\\/\\\/www.eldigitaldeasturias.com\\\/noticias\\\/category\\\/actualidad\\\/#listItem\",\"name\":\"Actualidad\"}}]},{\"@type\":\"Organization\",\"@id\":\"https:\\\/\\\/www.eldigitaldeasturias.com\\\/noticias\\\/#organization\",\"name\":\"El Digital de Asturias\",\"description\":\"Hemeroteca\",\"url\":\"https:\\\/\\\/www.eldigitaldeasturias.com\\\/noticias\\\/\",\"email\":\"info@eldigitaldeasturias.com\",\"telephone\":\"+34652131393\",\"logo\":{\"@type\":\"ImageObject\",\"url\":\"https:\\\/\\\/www.eldigitaldeasturias.com\\\/noticias\\\/wp-content\\\/uploads\\\/2020\\\/12\\\/EDA.jpg\",\"@id\":\"https:\\\/\\\/www.eldigitaldeasturias.com\\\/noticias\\\/el-pais-vasco-es-por-el-momento-la-comunidad-mas-afectada-por-el-temporal\\\/#organizationLogo\"},\"image\":{\"@id\":\"https:\\\/\\\/www.eldigitaldeasturias.com\\\/noticias\\\/el-pais-vasco-es-por-el-momento-la-comunidad-mas-afectada-por-el-temporal\\\/#organizationLogo\"},\"sameAs\":[\"https:\\\/\\\/facebook.com\\\/eldigitaldeasturias\",\"https:\\\/\\\/www.youtube.com\\\/channel\\\/UCZP-2wLEB9Rv6erhFmqVnvg\"],\"address\":{\"@id\":\"https:\\\/\\\/www.eldigitaldeasturias.com\\\/noticias\\\/#postaladdress\",\"@type\":\"PostalAddress\",\"streetAddress\":\"san antonio 4\",\"postalCode\":\"33430\",\"addressLocality\":\"Cand\\u00e1s\",\"addressRegion\":\"Asturias\",\"addressCountry\":\"ES\"}},{\"@type\":\"Person\",\"@id\":\"https:\\\/\\\/www.eldigitaldeasturias.com\\\/noticias\\\/author\\\/admin\\\/#author\",\"url\":\"https:\\\/\\\/www.eldigitaldeasturias.com\\\/noticias\\\/author\\\/admin\\\/\",\"name\":\"El Digital de Asturias\",\"image\":{\"@type\":\"ImageObject\",\"@id\":\"https:\\\/\\\/www.eldigitaldeasturias.com\\\/noticias\\\/el-pais-vasco-es-por-el-momento-la-comunidad-mas-afectada-por-el-temporal\\\/#authorImage\",\"url\":\"https:\\\/\\\/secure.gravatar.com\\\/avatar\\\/df2aeffc32bcd13f8d26072ef8a91b623d677766deac7f97ca815868cd41bf5e?s=96&d=mm&r=g\",\"width\":96,\"height\":96,\"caption\":\"El Digital de Asturias\"}},{\"@type\":\"WebPage\",\"@id\":\"https:\\\/\\\/www.eldigitaldeasturias.com\\\/noticias\\\/el-pais-vasco-es-por-el-momento-la-comunidad-mas-afectada-por-el-temporal\\\/#webpage\",\"url\":\"https:\\\/\\\/www.eldigitaldeasturias.com\\\/noticias\\\/el-pais-vasco-es-por-el-momento-la-comunidad-mas-afectada-por-el-temporal\\\/\",\"name\":\"El Pa\\u00eds Vasco es, por el momento, la comunidad m\\u00e1s afectada por el temporal - El Digital de Asturias\",\"description\":\"Madrid, 7 feb (EFE).- El Pa\\u00eds Vasco es, de momento, la Comunidad Aut\\u00f3noma m\\u00e1s afecta por el temporal que ha azotado el norte y el noroeste de la pen\\u00ednsula, a la espera de la evaluaci\\u00f3n del Principado de Asturias, seg\\u00fan ha informado la vicepresidenta del Gobierno, Soraya Saenz de Santamar\\u00eda, tras el Consejo de Ministros.\",\"inLanguage\":\"es-ES\",\"isPartOf\":{\"@id\":\"https:\\\/\\\/www.eldigitaldeasturias.com\\\/noticias\\\/#website\"},\"breadcrumb\":{\"@id\":\"https:\\\/\\\/www.eldigitaldeasturias.com\\\/noticias\\\/el-pais-vasco-es-por-el-momento-la-comunidad-mas-afectada-por-el-temporal\\\/#breadcrumblist\"},\"author\":{\"@id\":\"https:\\\/\\\/www.eldigitaldeasturias.com\\\/noticias\\\/author\\\/admin\\\/#author\"},\"creator\":{\"@id\":\"https:\\\/\\\/www.eldigitaldeasturias.com\\\/noticias\\\/author\\\/admin\\\/#author\"},\"image\":{\"@type\":\"ImageObject\",\"url\":486455,\"@id\":\"https:\\\/\\\/www.eldigitaldeasturias.com\\\/noticias\\\/el-pais-vasco-es-por-el-momento-la-comunidad-mas-afectada-por-el-temporal\\\/#mainImage\"},\"primaryImageOfPage\":{\"@id\":\"https:\\\/\\\/www.eldigitaldeasturias.com\\\/noticias\\\/el-pais-vasco-es-por-el-momento-la-comunidad-mas-afectada-por-el-temporal\\\/#mainImage\"},\"datePublished\":\"2014-02-08T02:01:23+01:00\",\"dateModified\":\"2014-02-08T02:01:23+01:00\"},{\"@type\":\"WebSite\",\"@id\":\"https:\\\/\\\/www.eldigitaldeasturias.com\\\/noticias\\\/#website\",\"url\":\"https:\\\/\\\/www.eldigitaldeasturias.com\\\/noticias\\\/\",\"name\":\"El Digital de Asturias - Diario de actualidad y noticias\",\"alternateName\":\"El Digital de Asturias - Diario de actualidad y noticias\",\"description\":\"Hemeroteca\",\"inLanguage\":\"es-ES\",\"publisher\":{\"@id\":\"https:\\\/\\\/www.eldigitaldeasturias.com\\\/noticias\\\/#organization\"}}]}\n\t\t<\/script>\n\t\t<!-- All in One SEO Pro -->\r\n\t\t<title>El Pa\u00eds Vasco es, por el momento, la comunidad m\u00e1s afectada por el temporal - El Digital de Asturias<\/title>\n\n","aioseo_head_json":{"title":"El Pa\u00eds Vasco es, por el momento, la comunidad m\u00e1s afectada por el temporal - El Digital de Asturias","description":"Madrid, 7 feb (EFE).- El Pa\u00eds Vasco es, de momento, la Comunidad Aut\u00f3noma m\u00e1s afecta por el temporal que ha azotado el norte y el noroeste de la pen\u00ednsula, a la espera de la evaluaci\u00f3n del Principado de Asturias, seg\u00fan ha informado la vicepresidenta del Gobierno, Soraya Saenz de Santamar\u00eda, tras el Consejo de Ministros.","canonical_url":"https:\/\/www.eldigitaldeasturias.com\/noticias\/el-pais-vasco-es-por-el-momento-la-comunidad-mas-afectada-por-el-temporal\/","robots":"max-image-preview:large","keywords":"actualidad","webmasterTools":{"google-site-verification":"UA-38556648-1","msvalidate.01":"7dfe9f3f1b24437ab69f4f2559babe99","miscellaneous":""},"schema":{"@context":"https:\/\/schema.org","@graph":[{"@type":"BlogPosting","@id":"https:\/\/www.eldigitaldeasturias.com\/noticias\/el-pais-vasco-es-por-el-momento-la-comunidad-mas-afectada-por-el-temporal\/#blogposting","name":"El Pa\u00eds Vasco es, por el momento, la comunidad m\u00e1s afectada por el temporal - El Digital de Asturias","headline":"El Pa\u00eds Vasco es, por el momento, la comunidad m\u00e1s afectada por el temporal","author":{"@id":"https:\/\/www.eldigitaldeasturias.com\/noticias\/author\/admin\/#author"},"publisher":{"@id":"https:\/\/www.eldigitaldeasturias.com\/noticias\/#organization"},"image":{"@type":"ImageObject","url":486455},"datePublished":"2014-02-08T02:01:23+01:00","dateModified":"2014-02-08T02:01:23+01:00","inLanguage":"es-ES","mainEntityOfPage":{"@id":"https:\/\/www.eldigitaldeasturias.com\/noticias\/el-pais-vasco-es-por-el-momento-la-comunidad-mas-afectada-por-el-temporal\/#webpage"},"isPartOf":{"@id":"https:\/\/www.eldigitaldeasturias.com\/noticias\/el-pais-vasco-es-por-el-momento-la-comunidad-mas-afectada-por-el-temporal\/#webpage"},"articleSection":"Actualidad"},{"@type":"BreadcrumbList","@id":"https:\/\/www.eldigitaldeasturias.com\/noticias\/el-pais-vasco-es-por-el-momento-la-comunidad-mas-afectada-por-el-temporal\/#breadcrumblist","itemListElement":[{"@type":"ListItem","@id":"https:\/\/www.eldigitaldeasturias.com\/noticias#listItem","position":1,"name":"Home","item":"https:\/\/www.eldigitaldeasturias.com\/noticias","nextItem":{"@type":"ListItem","@id":"https:\/\/www.eldigitaldeasturias.com\/noticias\/category\/actualidad\/#listItem","name":"Actualidad"}},{"@type":"ListItem","@id":"https:\/\/www.eldigitaldeasturias.com\/noticias\/category\/actualidad\/#listItem","position":2,"name":"Actualidad","item":"https:\/\/www.eldigitaldeasturias.com\/noticias\/category\/actualidad\/","nextItem":{"@type":"ListItem","@id":"https:\/\/www.eldigitaldeasturias.com\/noticias\/el-pais-vasco-es-por-el-momento-la-comunidad-mas-afectada-por-el-temporal\/#listItem","name":"El Pa\u00eds Vasco es, por el momento, la comunidad m\u00e1s afectada por el temporal"},"previousItem":{"@type":"ListItem","@id":"https:\/\/www.eldigitaldeasturias.com\/noticias#listItem","name":"Home"}},{"@type":"ListItem","@id":"https:\/\/www.eldigitaldeasturias.com\/noticias\/el-pais-vasco-es-por-el-momento-la-comunidad-mas-afectada-por-el-temporal\/#listItem","position":3,"name":"El Pa\u00eds Vasco es, por el momento, la comunidad m\u00e1s afectada por el temporal","previousItem":{"@type":"ListItem","@id":"https:\/\/www.eldigitaldeasturias.com\/noticias\/category\/actualidad\/#listItem","name":"Actualidad"}}]},{"@type":"Organization","@id":"https:\/\/www.eldigitaldeasturias.com\/noticias\/#organization","name":"El Digital de Asturias","description":"Hemeroteca","url":"https:\/\/www.eldigitaldeasturias.com\/noticias\/","email":"info@eldigitaldeasturias.com","telephone":"+34652131393","logo":{"@type":"ImageObject","url":"https:\/\/www.eldigitaldeasturias.com\/noticias\/wp-content\/uploads\/2020\/12\/EDA.jpg","@id":"https:\/\/www.eldigitaldeasturias.com\/noticias\/el-pais-vasco-es-por-el-momento-la-comunidad-mas-afectada-por-el-temporal\/#organizationLogo"},"image":{"@id":"https:\/\/www.eldigitaldeasturias.com\/noticias\/el-pais-vasco-es-por-el-momento-la-comunidad-mas-afectada-por-el-temporal\/#organizationLogo"},"sameAs":["https:\/\/facebook.com\/eldigitaldeasturias","https:\/\/www.youtube.com\/channel\/UCZP-2wLEB9Rv6erhFmqVnvg"],"address":{"@id":"https:\/\/www.eldigitaldeasturias.com\/noticias\/#postaladdress","@type":"PostalAddress","streetAddress":"san antonio 4","postalCode":"33430","addressLocality":"Cand\u00e1s","addressRegion":"Asturias","addressCountry":"ES"}},{"@type":"Person","@id":"https:\/\/www.eldigitaldeasturias.com\/noticias\/author\/admin\/#author","url":"https:\/\/www.eldigitaldeasturias.com\/noticias\/author\/admin\/","name":"El Digital de Asturias","image":{"@type":"ImageObject","@id":"https:\/\/www.eldigitaldeasturias.com\/noticias\/el-pais-vasco-es-por-el-momento-la-comunidad-mas-afectada-por-el-temporal\/#authorImage","url":"https:\/\/secure.gravatar.com\/avatar\/df2aeffc32bcd13f8d26072ef8a91b623d677766deac7f97ca815868cd41bf5e?s=96&d=mm&r=g","width":96,"height":96,"caption":"El Digital de Asturias"}},{"@type":"WebPage","@id":"https:\/\/www.eldigitaldeasturias.com\/noticias\/el-pais-vasco-es-por-el-momento-la-comunidad-mas-afectada-por-el-temporal\/#webpage","url":"https:\/\/www.eldigitaldeasturias.com\/noticias\/el-pais-vasco-es-por-el-momento-la-comunidad-mas-afectada-por-el-temporal\/","name":"El Pa\u00eds Vasco es, por el momento, la comunidad m\u00e1s afectada por el temporal - El Digital de Asturias","description":"Madrid, 7 feb (EFE).- El Pa\u00eds Vasco es, de momento, la Comunidad Aut\u00f3noma m\u00e1s afecta por el temporal que ha azotado el norte y el noroeste de la pen\u00ednsula, a la espera de la evaluaci\u00f3n del Principado de Asturias, seg\u00fan ha informado la vicepresidenta del Gobierno, Soraya Saenz de Santamar\u00eda, tras el Consejo de Ministros.","inLanguage":"es-ES","isPartOf":{"@id":"https:\/\/www.eldigitaldeasturias.com\/noticias\/#website"},"breadcrumb":{"@id":"https:\/\/www.eldigitaldeasturias.com\/noticias\/el-pais-vasco-es-por-el-momento-la-comunidad-mas-afectada-por-el-temporal\/#breadcrumblist"},"author":{"@id":"https:\/\/www.eldigitaldeasturias.com\/noticias\/author\/admin\/#author"},"creator":{"@id":"https:\/\/www.eldigitaldeasturias.com\/noticias\/author\/admin\/#author"},"image":{"@type":"ImageObject","url":486455,"@id":"https:\/\/www.eldigitaldeasturias.com\/noticias\/el-pais-vasco-es-por-el-momento-la-comunidad-mas-afectada-por-el-temporal\/#mainImage"},"primaryImageOfPage":{"@id":"https:\/\/www.eldigitaldeasturias.com\/noticias\/el-pais-vasco-es-por-el-momento-la-comunidad-mas-afectada-por-el-temporal\/#mainImage"},"datePublished":"2014-02-08T02:01:23+01:00","dateModified":"2014-02-08T02:01:23+01:00"},{"@type":"WebSite","@id":"https:\/\/www.eldigitaldeasturias.com\/noticias\/#website","url":"https:\/\/www.eldigitaldeasturias.com\/noticias\/","name":"El Digital de Asturias - Diario de actualidad y noticias","alternateName":"El Digital de Asturias - Diario de actualidad y noticias","description":"Hemeroteca","inLanguage":"es-ES","publisher":{"@id":"https:\/\/www.eldigitaldeasturias.com\/noticias\/#organization"}}]},"og:locale":"es_ES","og:site_name":"El Digital de Asturias","og:type":"article","og:title":"El Pa\u00eds Vasco es, por el momento, la comunidad m\u00e1s afectada por el temporal - El Digital de Asturias","og:description":"Madrid, 7 feb (EFE).- El Pa\u00eds Vasco es, de momento, la Comunidad Aut\u00f3noma m\u00e1s afecta por el temporal que ha azotado el norte y el noroeste de la pen\u00ednsula, a la espera de la evaluaci\u00f3n del Principado de Asturias, seg\u00fan ha informado la vicepresidenta del Gobierno, Soraya Saenz de Santamar\u00eda, tras el Consejo de Ministros.","og:url":"https:\/\/www.eldigitaldeasturias.com\/noticias\/el-pais-vasco-es-por-el-momento-la-comunidad-mas-afectada-por-el-temporal\/","article:tag":["actualidad"],"article:published_time":"2014-02-08T03:01:23+00:00","article:modified_time":"2014-02-08T03:01:23+00:00","article:publisher":"https:\/\/facebook.com\/eldigitaldeasturias","twitter:card":"summary_large_image","twitter:title":"El Pa\u00eds Vasco es, por el momento, la comunidad m\u00e1s afectada por el temporal - El Digital de Asturias","twitter:description":"Madrid, 7 feb (EFE).- El Pa\u00eds Vasco es, de momento, la Comunidad Aut\u00f3noma m\u00e1s afecta por el temporal que ha azotado el norte y el noroeste de la pen\u00ednsula, a la espera de la evaluaci\u00f3n del Principado de Asturias, seg\u00fan ha informado la vicepresidenta del Gobierno, Soraya Saenz de Santamar\u00eda, tras el Consejo de Ministros.","twitter:label1":"Escrito por","twitter:data1":"El Digital de Asturias","twitter:label2":"Tiempo de lectura estimado","twitter:data2":"1 minuto"},"aioseo_meta_data":{"post_id":"486454","title":null,"description":null,"keywords":null,"keyphrases":null,"primary_term":null,"canonical_url":null,"og_title":null,"og_description":null,"og_object_type":"default","og_image_type":"default","og_image_url":null,"og_image_width":null,"og_image_height":null,"og_image_custom_url":null,"og_image_custom_fields":null,"og_video":null,"og_custom_url":null,"og_article_section":null,"og_article_tags":null,"twitter_use_og":true,"twitter_card":"default","twitter_image_type":"default","twitter_image_url":null,"twitter_image_custom_url":null,"twitter_image_custom_fields":null,"twitter_title":null,"twitter_description":null,"schema":{"blockGraphs":[],"customGraphs":[],"default":{"data":{"Article":[],"Course":[],"Dataset":[],"FAQPage":[],"Movie":[],"Person":[],"Product":[],"ProductReview":[],"Car":[],"Recipe":[],"Service":[],"SoftwareApplication":[],"WebPage":[]},"graphName":"","isEnabled":true},"graphs":[],"defaultGraph":"","defaultPostTypeGraph":""},"schema_type":null,"schema_type_options":null,"pillar_content":false,"robots_default":true,"robots_noindex":false,"robots_noarchive":false,"robots_nosnippet":false,"robots_nofollow":false,"robots_noimageindex":false,"robots_noodp":false,"robots_notranslate":false,"robots_max_snippet":null,"robots_max_videopreview":null,"robots_max_imagepreview":"none","priority":null,"frequency":null,"local_seo":null,"seo_analyzer_scan_date":"2026-06-03 00:59:15","breadcrumb_settings":null,"limit_modified_date":false,"open_ai":null,"ai":null,"created":"2020-11-14 22:56:06","updated":"2026-06-03 00:59:15","focus_keyword":null,"additional_keywords":null,"truseo_locale":null},"aioseo_breadcrumb":"<div class=\"aioseo-breadcrumbs\"><span class=\"aioseo-breadcrumb\">\n\t<a href=\"https:\/\/www.eldigitaldeasturias.com\/noticias\" title=\"Home\">Home<\/a>\n<\/span><span class=\"aioseo-breadcrumb-separator\">\u2013<\/span><span class=\"aioseo-breadcrumb\">\n\t<a href=\"https:\/\/www.eldigitaldeasturias.com\/noticias\/category\/actualidad\/\" title=\"Actualidad\">Actualidad<\/a>\n<\/span><span class=\"aioseo-breadcrumb-separator\">\u2013<\/span><span class=\"aioseo-breadcrumb\">\n\t<a href=\"https:\/\/www.eldigitaldeasturias.com\/noticias\/el-pais-vasco-es-por-el-momento-la-comunidad-mas-afectada-por-el-temporal\/\" title=\"El Pa\u00eds Vasco es, por el momento, la comunidad m\u00e1s afectada por el temporal\">El Pa\u00eds Vasco es, por el momento, la comunidad m\u00e1s afectada por el temporal<\/a>\n<\/span><\/div>","aioseo_breadcrumb_json":[{"label":"Home","link":"https:\/\/www.eldigitaldeasturias.com\/noticias"},{"label":"Actualidad","link":"https:\/\/www.eldigitaldeasturias.com\/noticias\/category\/actualidad\/"},{"label":"El Pa\u00eds Vasco es, por el momento, la comunidad m\u00e1s afectada por el temporal","link":"https:\/\/www.eldigitaldeasturias.com\/noticias\/el-pais-vasco-es-por-el-momento-la-comunidad-mas-afectada-por-el-temporal\/"}],"_links":{"self":[{"href":"https:\/\/www.eldigitaldeasturias.com\/noticias\/wp-json\/wp\/v2\/posts\/486454","targetHints":{"allow":["GET"]}}],"collection":[{"href":"https:\/\/www.eldigitaldeasturias.com\/noticias\/wp-json\/wp\/v2\/posts"}],"about":[{"href":"https:\/\/www.eldigitaldeasturias.com\/noticias\/wp-json\/wp\/v2\/types\/post"}],"author":[{"embeddable":true,"href":"https:\/\/www.eldigitaldeasturias.com\/noticias\/wp-json\/wp\/v2\/users\/1"}],"replies":[{"embeddable":true,"href":"https:\/\/www.eldigitaldeasturias.com\/noticias\/wp-json\/wp\/v2\/comments?post=486454"}],"version-history":[{"count":0,"href":"https:\/\/www.eldigitaldeasturias.com\/noticias\/wp-json\/wp\/v2\/posts\/486454\/revisions"}],"wp:attachment":[{"href":"https:\/\/www.eldigitaldeasturias.com\/noticias\/wp-json\/wp\/v2\/media?parent=486454"}],"wp:term":[{"taxonomy":"category","embeddable":true,"href":"https:\/\/www.eldigitaldeasturias.com\/noticias\/wp-json\/wp\/v2\/categories?post=486454"},{"taxonomy":"post_tag","embeddable":true,"href":"https:\/\/www.eldigitaldeasturias.com\/noticias\/wp-json\/wp\/v2\/tags?post=486454"}],"curies":[{"name":"wp","href":"https:\/\/api.w.org\/{rel}","templated":true}]}}