{"id":486451,"date":"2014-02-08T01:59:53","date_gmt":"2014-02-08T02:59:53","guid":{"rendered":"http:\/\/www.eldigitaldeasturias.com\/noticias\/?p=486451"},"modified":"2014-02-08T01:59:53","modified_gmt":"2014-02-08T02:59:53","slug":"oriol-pujol-defiende-su-inocencia-ante-la-militancia-de-cdc-tras-un-largo-silencio","status":"publish","type":"post","link":"https:\/\/www.eldigitaldeasturias.com\/noticias\/oriol-pujol-defiende-su-inocencia-ante-la-militancia-de-cdc-tras-un-largo-silencio\/","title":{"rendered":"Oriol Pujol defiende su inocencia ante la militancia de CDC tras un largo silencio"},"content":{"rendered":"<p><img loading=\"lazy\" decoding=\"async\" class=\"alignleft size-medium wp-image-486452\" alt=\"5922290w\" src=\"https:\/\/www.eldigitaldeasturias.com\/noticias\/wp-content\/uploads\/2014\/02\/5922290w-360x226.jpg\" width=\"360\" height=\"226\" \/>Barcelona, 7 feb (EFE).- El diputado auton\u00f3mico Oriol Pujol ha enviado hoy una carta a la militancia de Converg\u00e8ncia Democr\u00e0tica de Catalunya (CDC) con la que rompe su silencio de los \u00faltimos meses para defender su inocencia y ratificarse en que fue acertada su decisi\u00f3n de delegar en marzo sus funciones en CiU al ser imputado.<\/p>\n<p>\u00abConsidero acertada y muy oportuna la decisi\u00f3n tomada en su momento de delegar las funciones; pienso, adem\u00e1s, que las tres personas las ejecutan muy bien\u00bb, ha afirmado Pujol, que deleg\u00f3 su cargo de secretario general de CDC en Josep Rull y Llu\u00eds Corominas, y la presidencia del grupo CiU en el Parlament en Jordi Turull.<\/p>\n<p>En la misiva, a la que ha tenido acceso Efe, Pujol ha remarcado que no ha formado nunca parte de ninguna trama corrupta, algo que deber\u00e1 explicar \u00abmucho\u00bb porque es consciente, ha dicho, de que el principio de presunci\u00f3n de inocencia \u00abha saltado por los aires\u00bb.<\/p>\n<p>Casi un a\u00f1o despu\u00e9s de abandonar los cargos en CiU (marzo 2013) y \u00abcuando se pretende ampliar y alargar la causa judicial\u00bb, Pujol considera que se puede \u00abhacer balance de lo dif\u00edcil que hubiera sido no enturbiar y mantener intactas las diferentes acciones y propuestas que, muy exitosamente, ha ido haciendo Converg\u00e8ncia\u00bb.<\/p>\n<p>En este sentido, ha recordado que abandon\u00f3 sus responsabilidades, quedando como militante de CDC y diputado raso en el Parlament, con el fin de que su proceso judicial no afectara al proceso soberanista ni al gobierno capitaneado por el l\u00edder del partido, Artur Mas.<\/p>\n<p>El hijo del expresidente catal\u00e1n Jordi Pujol, que ha mantenido el silencio ante la militancia desde el pasado marzo, ha se\u00f1alado que tiene la conciencia \u00abmuy tranquila\u00bb, aunque lamenta la \u00abincertidumbre\u00bb de la duraci\u00f3n que pueda tener la instrucci\u00f3n judicial y que se haya extendido el proceso a su mujer.<\/p>\n<p>Pujol fue imputado el pasado marzo por tr\u00e1fico de influencias en el marco de una investigaci\u00f3n de adjudicaciones presuntamente irregulares de estaciones de ITV.<\/p>\n<p>La fiscal\u00eda pidi\u00f3 hace un mes al Tribunal Superior de Justicia de Catalu\u00f1a (TSJC) otra imputaci\u00f3n para el diputado y su esposa, que no ha dictaminado a\u00fan el alto tribunal, por un delito de cohecho, al entender que solicit\u00f3 30.000 euros a uno de los empresarios implicados en la trama de las ITV a cambio de votar a favor de sus intereses en una ley del Parlament.<\/p>\n<p>En la carta, de tres p\u00e1ginas, Pujol ha lamentado que, cuando parec\u00eda que la instrucci\u00f3n de la trama de las ITV por la que fue imputado \u00abllegaba a su fin\u00bb la Fiscal\u00eda ha solicitado ampliaci\u00f3n de la causa reclamando una nueva imputaci\u00f3n por supuestamente recibir dinero a cambio de un voto favorable a la Ley de Seguridad Industrial en 2008, cuando CiU estaba en la oposici\u00f3n.<\/p>\n<p>\u00abNi formo, ni he formado nunca parte de ninguna trama corrupta para adjudicar ninguna estaci\u00f3n de ITV ni nada que se le parezca y ahora que se ampl\u00eda la causa me tocar\u00e1 exponer e insistir que, indudablemente, nunca he solicitado ni percibido ninguna contraprestaci\u00f3n econ\u00f3mica a cambio de una votaci\u00f3n en el Parlament\u00bb, ha reiterado el pol\u00edtico convergente.<\/p>\n<p>Pujol, que deleg\u00f3 temporalmente sus atribuciones en CiU, ha asegurado a los militantes que se defender\u00e1 de las acusaciones y que continuar\u00e1 actuando \u00abbajo los principios de buscar la reparaci\u00f3n y la reversibilidad\u00bb.<\/p>\n","protected":false},"excerpt":{"rendered":"<p>Barcelona, 7 feb (EFE).- El diputado auton\u00f3mico Oriol Pujol ha enviado hoy una carta a la militancia de Converg\u00e8ncia Democr\u00e0tica de Catalunya (CDC) con la que rompe su silencio de los \u00faltimos meses para defender su inocencia y ratificarse en que fue acertada su decisi\u00f3n de delegar en marzo sus funciones en CiU al ser [&hellip;]<\/p>\n","protected":false},"author":1,"featured_media":486452,"comment_status":"open","ping_status":"open","sticky":false,"template":"","format":"standard","meta":{"footnotes":""},"categories":[1],"tags":[],"class_list":["post-486451","post","type-post","status-publish","format-standard","has-post-thumbnail","hentry","category-actualidad"],"aioseo_notices":[],"aioseo_head":"\n\t\t<!-- All in One SEO Pro 5.0.1 - aioseo.com -->\n\t<meta name=\"description\" content=\"Barcelona, 7 feb (EFE).- El diputado auton\u00f3mico Oriol Pujol ha enviado hoy una carta a la militancia de Converg\u00e8ncia Democr\u00e0tica de Catalunya (CDC) con la que rompe su silencio de los \u00faltimos meses para defender su inocencia y ratificarse en que fue acertada su decisi\u00f3n de delegar en marzo sus funciones en CiU al ser\" \/>\n\t<meta name=\"robots\" content=\"max-image-preview:large\" \/>\n\t<meta name=\"author\" content=\"El Digital de Asturias\"\/>\n\t<meta name=\"google-site-verification\" content=\"UA-38556648-1\" \/>\n\t<meta name=\"msvalidate.01\" content=\"7dfe9f3f1b24437ab69f4f2559babe99\" \/>\n\t<meta name=\"keywords\" content=\"actualidad\" \/>\n\t<link rel=\"canonical\" href=\"https:\/\/www.eldigitaldeasturias.com\/noticias\/oriol-pujol-defiende-su-inocencia-ante-la-militancia-de-cdc-tras-un-largo-silencio\/\" \/>\n\t<meta name=\"generator\" content=\"All in One SEO Pro (AIOSEO) 5.0.1\" \/>\n\t\t<meta property=\"og:locale\" content=\"es_ES\" \/>\n\t\t<meta property=\"og:site_name\" content=\"El Digital de Asturias\" \/>\n\t\t<meta property=\"og:type\" content=\"article\" \/>\n\t\t<meta property=\"og:title\" content=\"Oriol Pujol defiende su inocencia ante la militancia de CDC tras un largo silencio - El Digital de Asturias\" \/>\n\t\t<meta property=\"og:description\" content=\"Barcelona, 7 feb (EFE).- El diputado auton\u00f3mico Oriol Pujol ha enviado hoy una carta a la militancia de Converg\u00e8ncia Democr\u00e0tica de Catalunya (CDC) con la que rompe su silencio de los \u00faltimos meses para defender su inocencia y ratificarse en que fue acertada su decisi\u00f3n de delegar en marzo sus funciones en CiU al ser\" \/>\n\t\t<meta property=\"og:url\" content=\"https:\/\/www.eldigitaldeasturias.com\/noticias\/oriol-pujol-defiende-su-inocencia-ante-la-militancia-de-cdc-tras-un-largo-silencio\/\" \/>\n\t\t<meta property=\"article:tag\" content=\"actualidad\" \/>\n\t\t<meta property=\"article:published_time\" content=\"2014-02-08T02:59:53+00:00\" \/>\n\t\t<meta property=\"article:modified_time\" content=\"2014-02-08T02:59:53+00:00\" \/>\n\t\t<meta property=\"article:publisher\" content=\"https:\/\/facebook.com\/eldigitaldeasturias\" \/>\n\t\t<meta name=\"twitter:card\" content=\"summary_large_image\" \/>\n\t\t<meta name=\"twitter:title\" content=\"Oriol Pujol defiende su inocencia ante la militancia de CDC tras un largo silencio - El Digital de Asturias\" \/>\n\t\t<meta name=\"twitter:description\" content=\"Barcelona, 7 feb (EFE).- El diputado auton\u00f3mico Oriol Pujol ha enviado hoy una carta a la militancia de Converg\u00e8ncia Democr\u00e0tica de Catalunya (CDC) con la que rompe su silencio de los \u00faltimos meses para defender su inocencia y ratificarse en que fue acertada su decisi\u00f3n de delegar en marzo sus funciones en CiU al ser\" \/>\n\t\t<meta name=\"twitter:label1\" content=\"Escrito por\" \/>\n\t\t<meta name=\"twitter:data1\" content=\"El Digital de Asturias\" \/>\n\t\t<meta name=\"twitter:label2\" content=\"Tiempo de lectura estimado\" \/>\n\t\t<meta name=\"twitter:data2\" content=\"3 minutos\" \/>\n\t\t<script type=\"application\/ld+json\" class=\"aioseo-schema\">\n\t\t\t{\"@context\":\"https:\\\/\\\/schema.org\",\"@graph\":[{\"@type\":\"BlogPosting\",\"@id\":\"https:\\\/\\\/www.eldigitaldeasturias.com\\\/noticias\\\/oriol-pujol-defiende-su-inocencia-ante-la-militancia-de-cdc-tras-un-largo-silencio\\\/#blogposting\",\"name\":\"Oriol Pujol defiende su inocencia ante la militancia de CDC tras un largo silencio - El Digital de Asturias\",\"headline\":\"Oriol Pujol defiende su inocencia ante la militancia de CDC tras un largo silencio\",\"author\":{\"@id\":\"https:\\\/\\\/www.eldigitaldeasturias.com\\\/noticias\\\/author\\\/admin\\\/#author\"},\"publisher\":{\"@id\":\"https:\\\/\\\/www.eldigitaldeasturias.com\\\/noticias\\\/#organization\"},\"image\":{\"@type\":\"ImageObject\",\"url\":486452},\"datePublished\":\"2014-02-08T01:59:53+01:00\",\"dateModified\":\"2014-02-08T01:59:53+01:00\",\"inLanguage\":\"es-ES\",\"mainEntityOfPage\":{\"@id\":\"https:\\\/\\\/www.eldigitaldeasturias.com\\\/noticias\\\/oriol-pujol-defiende-su-inocencia-ante-la-militancia-de-cdc-tras-un-largo-silencio\\\/#webpage\"},\"isPartOf\":{\"@id\":\"https:\\\/\\\/www.eldigitaldeasturias.com\\\/noticias\\\/oriol-pujol-defiende-su-inocencia-ante-la-militancia-de-cdc-tras-un-largo-silencio\\\/#webpage\"},\"articleSection\":\"Actualidad\"},{\"@type\":\"BreadcrumbList\",\"@id\":\"https:\\\/\\\/www.eldigitaldeasturias.com\\\/noticias\\\/oriol-pujol-defiende-su-inocencia-ante-la-militancia-de-cdc-tras-un-largo-silencio\\\/#breadcrumblist\",\"itemListElement\":[{\"@type\":\"ListItem\",\"@id\":\"https:\\\/\\\/www.eldigitaldeasturias.com\\\/noticias#listItem\",\"position\":1,\"name\":\"Home\",\"item\":\"https:\\\/\\\/www.eldigitaldeasturias.com\\\/noticias\",\"nextItem\":{\"@type\":\"ListItem\",\"@id\":\"https:\\\/\\\/www.eldigitaldeasturias.com\\\/noticias\\\/category\\\/actualidad\\\/#listItem\",\"name\":\"Actualidad\"}},{\"@type\":\"ListItem\",\"@id\":\"https:\\\/\\\/www.eldigitaldeasturias.com\\\/noticias\\\/category\\\/actualidad\\\/#listItem\",\"position\":2,\"name\":\"Actualidad\",\"item\":\"https:\\\/\\\/www.eldigitaldeasturias.com\\\/noticias\\\/category\\\/actualidad\\\/\",\"nextItem\":{\"@type\":\"ListItem\",\"@id\":\"https:\\\/\\\/www.eldigitaldeasturias.com\\\/noticias\\\/oriol-pujol-defiende-su-inocencia-ante-la-militancia-de-cdc-tras-un-largo-silencio\\\/#listItem\",\"name\":\"Oriol Pujol defiende su inocencia ante la militancia de CDC tras un largo silencio\"},\"previousItem\":{\"@type\":\"ListItem\",\"@id\":\"https:\\\/\\\/www.eldigitaldeasturias.com\\\/noticias#listItem\",\"name\":\"Home\"}},{\"@type\":\"ListItem\",\"@id\":\"https:\\\/\\\/www.eldigitaldeasturias.com\\\/noticias\\\/oriol-pujol-defiende-su-inocencia-ante-la-militancia-de-cdc-tras-un-largo-silencio\\\/#listItem\",\"position\":3,\"name\":\"Oriol Pujol defiende su inocencia ante la militancia de CDC tras un largo silencio\",\"previousItem\":{\"@type\":\"ListItem\",\"@id\":\"https:\\\/\\\/www.eldigitaldeasturias.com\\\/noticias\\\/category\\\/actualidad\\\/#listItem\",\"name\":\"Actualidad\"}}]},{\"@type\":\"Organization\",\"@id\":\"https:\\\/\\\/www.eldigitaldeasturias.com\\\/noticias\\\/#organization\",\"name\":\"El Digital de Asturias\",\"description\":\"Hemeroteca\",\"url\":\"https:\\\/\\\/www.eldigitaldeasturias.com\\\/noticias\\\/\",\"email\":\"info@eldigitaldeasturias.com\",\"telephone\":\"+34652131393\",\"logo\":{\"@type\":\"ImageObject\",\"url\":\"https:\\\/\\\/www.eldigitaldeasturias.com\\\/noticias\\\/wp-content\\\/uploads\\\/2020\\\/12\\\/EDA.jpg\",\"@id\":\"https:\\\/\\\/www.eldigitaldeasturias.com\\\/noticias\\\/oriol-pujol-defiende-su-inocencia-ante-la-militancia-de-cdc-tras-un-largo-silencio\\\/#organizationLogo\"},\"image\":{\"@id\":\"https:\\\/\\\/www.eldigitaldeasturias.com\\\/noticias\\\/oriol-pujol-defiende-su-inocencia-ante-la-militancia-de-cdc-tras-un-largo-silencio\\\/#organizationLogo\"},\"sameAs\":[\"https:\\\/\\\/facebook.com\\\/eldigitaldeasturias\",\"https:\\\/\\\/www.youtube.com\\\/channel\\\/UCZP-2wLEB9Rv6erhFmqVnvg\"],\"address\":{\"@id\":\"https:\\\/\\\/www.eldigitaldeasturias.com\\\/noticias\\\/#postaladdress\",\"@type\":\"PostalAddress\",\"streetAddress\":\"san antonio 4\",\"postalCode\":\"33430\",\"addressLocality\":\"Cand\\u00e1s\",\"addressRegion\":\"Asturias\",\"addressCountry\":\"ES\"}},{\"@type\":\"Person\",\"@id\":\"https:\\\/\\\/www.eldigitaldeasturias.com\\\/noticias\\\/author\\\/admin\\\/#author\",\"url\":\"https:\\\/\\\/www.eldigitaldeasturias.com\\\/noticias\\\/author\\\/admin\\\/\",\"name\":\"El Digital de Asturias\",\"image\":{\"@type\":\"ImageObject\",\"@id\":\"https:\\\/\\\/www.eldigitaldeasturias.com\\\/noticias\\\/oriol-pujol-defiende-su-inocencia-ante-la-militancia-de-cdc-tras-un-largo-silencio\\\/#authorImage\",\"url\":\"https:\\\/\\\/secure.gravatar.com\\\/avatar\\\/df2aeffc32bcd13f8d26072ef8a91b623d677766deac7f97ca815868cd41bf5e?s=96&d=mm&r=g\",\"width\":96,\"height\":96,\"caption\":\"El Digital de Asturias\"}},{\"@type\":\"WebPage\",\"@id\":\"https:\\\/\\\/www.eldigitaldeasturias.com\\\/noticias\\\/oriol-pujol-defiende-su-inocencia-ante-la-militancia-de-cdc-tras-un-largo-silencio\\\/#webpage\",\"url\":\"https:\\\/\\\/www.eldigitaldeasturias.com\\\/noticias\\\/oriol-pujol-defiende-su-inocencia-ante-la-militancia-de-cdc-tras-un-largo-silencio\\\/\",\"name\":\"Oriol Pujol defiende su inocencia ante la militancia de CDC tras un largo silencio - El Digital de Asturias\",\"description\":\"Barcelona, 7 feb (EFE).- El diputado auton\\u00f3mico Oriol Pujol ha enviado hoy una carta a la militancia de Converg\\u00e8ncia Democr\\u00e0tica de Catalunya (CDC) con la que rompe su silencio de los \\u00faltimos meses para defender su inocencia y ratificarse en que fue acertada su decisi\\u00f3n de delegar en marzo sus funciones en CiU al ser\",\"inLanguage\":\"es-ES\",\"isPartOf\":{\"@id\":\"https:\\\/\\\/www.eldigitaldeasturias.com\\\/noticias\\\/#website\"},\"breadcrumb\":{\"@id\":\"https:\\\/\\\/www.eldigitaldeasturias.com\\\/noticias\\\/oriol-pujol-defiende-su-inocencia-ante-la-militancia-de-cdc-tras-un-largo-silencio\\\/#breadcrumblist\"},\"author\":{\"@id\":\"https:\\\/\\\/www.eldigitaldeasturias.com\\\/noticias\\\/author\\\/admin\\\/#author\"},\"creator\":{\"@id\":\"https:\\\/\\\/www.eldigitaldeasturias.com\\\/noticias\\\/author\\\/admin\\\/#author\"},\"image\":{\"@type\":\"ImageObject\",\"url\":486452,\"@id\":\"https:\\\/\\\/www.eldigitaldeasturias.com\\\/noticias\\\/oriol-pujol-defiende-su-inocencia-ante-la-militancia-de-cdc-tras-un-largo-silencio\\\/#mainImage\"},\"primaryImageOfPage\":{\"@id\":\"https:\\\/\\\/www.eldigitaldeasturias.com\\\/noticias\\\/oriol-pujol-defiende-su-inocencia-ante-la-militancia-de-cdc-tras-un-largo-silencio\\\/#mainImage\"},\"datePublished\":\"2014-02-08T01:59:53+01:00\",\"dateModified\":\"2014-02-08T01:59:53+01:00\"},{\"@type\":\"WebSite\",\"@id\":\"https:\\\/\\\/www.eldigitaldeasturias.com\\\/noticias\\\/#website\",\"url\":\"https:\\\/\\\/www.eldigitaldeasturias.com\\\/noticias\\\/\",\"name\":\"El Digital de Asturias - Diario de actualidad y noticias\",\"alternateName\":\"El Digital de Asturias - Diario de actualidad y noticias\",\"description\":\"Hemeroteca\",\"inLanguage\":\"es-ES\",\"publisher\":{\"@id\":\"https:\\\/\\\/www.eldigitaldeasturias.com\\\/noticias\\\/#organization\"}}]}\n\t\t<\/script>\n\t\t<!-- All in One SEO Pro -->\r\n\t\t<title>Oriol Pujol defiende su inocencia ante la militancia de CDC tras un largo silencio - El Digital de Asturias<\/title>\n\n","aioseo_head_json":{"title":"Oriol Pujol defiende su inocencia ante la militancia de CDC tras un largo silencio - El Digital de Asturias","description":"Barcelona, 7 feb (EFE).- El diputado auton\u00f3mico Oriol Pujol ha enviado hoy una carta a la militancia de Converg\u00e8ncia Democr\u00e0tica de Catalunya (CDC) con la que rompe su silencio de los \u00faltimos meses para defender su inocencia y ratificarse en que fue acertada su decisi\u00f3n de delegar en marzo sus funciones en CiU al ser","canonical_url":"https:\/\/www.eldigitaldeasturias.com\/noticias\/oriol-pujol-defiende-su-inocencia-ante-la-militancia-de-cdc-tras-un-largo-silencio\/","robots":"max-image-preview:large","keywords":"actualidad","webmasterTools":{"google-site-verification":"UA-38556648-1","msvalidate.01":"7dfe9f3f1b24437ab69f4f2559babe99","miscellaneous":""},"schema":{"@context":"https:\/\/schema.org","@graph":[{"@type":"BlogPosting","@id":"https:\/\/www.eldigitaldeasturias.com\/noticias\/oriol-pujol-defiende-su-inocencia-ante-la-militancia-de-cdc-tras-un-largo-silencio\/#blogposting","name":"Oriol Pujol defiende su inocencia ante la militancia de CDC tras un largo silencio - El Digital de Asturias","headline":"Oriol Pujol defiende su inocencia ante la militancia de CDC tras un largo silencio","author":{"@id":"https:\/\/www.eldigitaldeasturias.com\/noticias\/author\/admin\/#author"},"publisher":{"@id":"https:\/\/www.eldigitaldeasturias.com\/noticias\/#organization"},"image":{"@type":"ImageObject","url":486452},"datePublished":"2014-02-08T01:59:53+01:00","dateModified":"2014-02-08T01:59:53+01:00","inLanguage":"es-ES","mainEntityOfPage":{"@id":"https:\/\/www.eldigitaldeasturias.com\/noticias\/oriol-pujol-defiende-su-inocencia-ante-la-militancia-de-cdc-tras-un-largo-silencio\/#webpage"},"isPartOf":{"@id":"https:\/\/www.eldigitaldeasturias.com\/noticias\/oriol-pujol-defiende-su-inocencia-ante-la-militancia-de-cdc-tras-un-largo-silencio\/#webpage"},"articleSection":"Actualidad"},{"@type":"BreadcrumbList","@id":"https:\/\/www.eldigitaldeasturias.com\/noticias\/oriol-pujol-defiende-su-inocencia-ante-la-militancia-de-cdc-tras-un-largo-silencio\/#breadcrumblist","itemListElement":[{"@type":"ListItem","@id":"https:\/\/www.eldigitaldeasturias.com\/noticias#listItem","position":1,"name":"Home","item":"https:\/\/www.eldigitaldeasturias.com\/noticias","nextItem":{"@type":"ListItem","@id":"https:\/\/www.eldigitaldeasturias.com\/noticias\/category\/actualidad\/#listItem","name":"Actualidad"}},{"@type":"ListItem","@id":"https:\/\/www.eldigitaldeasturias.com\/noticias\/category\/actualidad\/#listItem","position":2,"name":"Actualidad","item":"https:\/\/www.eldigitaldeasturias.com\/noticias\/category\/actualidad\/","nextItem":{"@type":"ListItem","@id":"https:\/\/www.eldigitaldeasturias.com\/noticias\/oriol-pujol-defiende-su-inocencia-ante-la-militancia-de-cdc-tras-un-largo-silencio\/#listItem","name":"Oriol Pujol defiende su inocencia ante la militancia de CDC tras un largo silencio"},"previousItem":{"@type":"ListItem","@id":"https:\/\/www.eldigitaldeasturias.com\/noticias#listItem","name":"Home"}},{"@type":"ListItem","@id":"https:\/\/www.eldigitaldeasturias.com\/noticias\/oriol-pujol-defiende-su-inocencia-ante-la-militancia-de-cdc-tras-un-largo-silencio\/#listItem","position":3,"name":"Oriol Pujol defiende su inocencia ante la militancia de CDC tras un largo silencio","previousItem":{"@type":"ListItem","@id":"https:\/\/www.eldigitaldeasturias.com\/noticias\/category\/actualidad\/#listItem","name":"Actualidad"}}]},{"@type":"Organization","@id":"https:\/\/www.eldigitaldeasturias.com\/noticias\/#organization","name":"El Digital de Asturias","description":"Hemeroteca","url":"https:\/\/www.eldigitaldeasturias.com\/noticias\/","email":"info@eldigitaldeasturias.com","telephone":"+34652131393","logo":{"@type":"ImageObject","url":"https:\/\/www.eldigitaldeasturias.com\/noticias\/wp-content\/uploads\/2020\/12\/EDA.jpg","@id":"https:\/\/www.eldigitaldeasturias.com\/noticias\/oriol-pujol-defiende-su-inocencia-ante-la-militancia-de-cdc-tras-un-largo-silencio\/#organizationLogo"},"image":{"@id":"https:\/\/www.eldigitaldeasturias.com\/noticias\/oriol-pujol-defiende-su-inocencia-ante-la-militancia-de-cdc-tras-un-largo-silencio\/#organizationLogo"},"sameAs":["https:\/\/facebook.com\/eldigitaldeasturias","https:\/\/www.youtube.com\/channel\/UCZP-2wLEB9Rv6erhFmqVnvg"],"address":{"@id":"https:\/\/www.eldigitaldeasturias.com\/noticias\/#postaladdress","@type":"PostalAddress","streetAddress":"san antonio 4","postalCode":"33430","addressLocality":"Cand\u00e1s","addressRegion":"Asturias","addressCountry":"ES"}},{"@type":"Person","@id":"https:\/\/www.eldigitaldeasturias.com\/noticias\/author\/admin\/#author","url":"https:\/\/www.eldigitaldeasturias.com\/noticias\/author\/admin\/","name":"El Digital de Asturias","image":{"@type":"ImageObject","@id":"https:\/\/www.eldigitaldeasturias.com\/noticias\/oriol-pujol-defiende-su-inocencia-ante-la-militancia-de-cdc-tras-un-largo-silencio\/#authorImage","url":"https:\/\/secure.gravatar.com\/avatar\/df2aeffc32bcd13f8d26072ef8a91b623d677766deac7f97ca815868cd41bf5e?s=96&d=mm&r=g","width":96,"height":96,"caption":"El Digital de Asturias"}},{"@type":"WebPage","@id":"https:\/\/www.eldigitaldeasturias.com\/noticias\/oriol-pujol-defiende-su-inocencia-ante-la-militancia-de-cdc-tras-un-largo-silencio\/#webpage","url":"https:\/\/www.eldigitaldeasturias.com\/noticias\/oriol-pujol-defiende-su-inocencia-ante-la-militancia-de-cdc-tras-un-largo-silencio\/","name":"Oriol Pujol defiende su inocencia ante la militancia de CDC tras un largo silencio - El Digital de Asturias","description":"Barcelona, 7 feb (EFE).- El diputado auton\u00f3mico Oriol Pujol ha enviado hoy una carta a la militancia de Converg\u00e8ncia Democr\u00e0tica de Catalunya (CDC) con la que rompe su silencio de los \u00faltimos meses para defender su inocencia y ratificarse en que fue acertada su decisi\u00f3n de delegar en marzo sus funciones en CiU al ser","inLanguage":"es-ES","isPartOf":{"@id":"https:\/\/www.eldigitaldeasturias.com\/noticias\/#website"},"breadcrumb":{"@id":"https:\/\/www.eldigitaldeasturias.com\/noticias\/oriol-pujol-defiende-su-inocencia-ante-la-militancia-de-cdc-tras-un-largo-silencio\/#breadcrumblist"},"author":{"@id":"https:\/\/www.eldigitaldeasturias.com\/noticias\/author\/admin\/#author"},"creator":{"@id":"https:\/\/www.eldigitaldeasturias.com\/noticias\/author\/admin\/#author"},"image":{"@type":"ImageObject","url":486452,"@id":"https:\/\/www.eldigitaldeasturias.com\/noticias\/oriol-pujol-defiende-su-inocencia-ante-la-militancia-de-cdc-tras-un-largo-silencio\/#mainImage"},"primaryImageOfPage":{"@id":"https:\/\/www.eldigitaldeasturias.com\/noticias\/oriol-pujol-defiende-su-inocencia-ante-la-militancia-de-cdc-tras-un-largo-silencio\/#mainImage"},"datePublished":"2014-02-08T01:59:53+01:00","dateModified":"2014-02-08T01:59:53+01:00"},{"@type":"WebSite","@id":"https:\/\/www.eldigitaldeasturias.com\/noticias\/#website","url":"https:\/\/www.eldigitaldeasturias.com\/noticias\/","name":"El Digital de Asturias - Diario de actualidad y noticias","alternateName":"El Digital de Asturias - Diario de actualidad y noticias","description":"Hemeroteca","inLanguage":"es-ES","publisher":{"@id":"https:\/\/www.eldigitaldeasturias.com\/noticias\/#organization"}}]},"og:locale":"es_ES","og:site_name":"El Digital de Asturias","og:type":"article","og:title":"Oriol Pujol defiende su inocencia ante la militancia de CDC tras un largo silencio - El Digital de Asturias","og:description":"Barcelona, 7 feb (EFE).- El diputado auton\u00f3mico Oriol Pujol ha enviado hoy una carta a la militancia de Converg\u00e8ncia Democr\u00e0tica de Catalunya (CDC) con la que rompe su silencio de los \u00faltimos meses para defender su inocencia y ratificarse en que fue acertada su decisi\u00f3n de delegar en marzo sus funciones en CiU al ser","og:url":"https:\/\/www.eldigitaldeasturias.com\/noticias\/oriol-pujol-defiende-su-inocencia-ante-la-militancia-de-cdc-tras-un-largo-silencio\/","article:tag":["actualidad"],"article:published_time":"2014-02-08T02:59:53+00:00","article:modified_time":"2014-02-08T02:59:53+00:00","article:publisher":"https:\/\/facebook.com\/eldigitaldeasturias","twitter:card":"summary_large_image","twitter:title":"Oriol Pujol defiende su inocencia ante la militancia de CDC tras un largo silencio - El Digital de Asturias","twitter:description":"Barcelona, 7 feb (EFE).- El diputado auton\u00f3mico Oriol Pujol ha enviado hoy una carta a la militancia de Converg\u00e8ncia Democr\u00e0tica de Catalunya (CDC) con la que rompe su silencio de los \u00faltimos meses para defender su inocencia y ratificarse en que fue acertada su decisi\u00f3n de delegar en marzo sus funciones en CiU al ser","twitter:label1":"Escrito por","twitter:data1":"El Digital de Asturias","twitter:label2":"Tiempo de lectura estimado","twitter:data2":"3 minutos"},"aioseo_meta_data":{"post_id":"486451","title":null,"description":null,"keywords":null,"keyphrases":null,"primary_term":null,"canonical_url":null,"og_title":null,"og_description":null,"og_object_type":"default","og_image_type":"default","og_image_url":null,"og_image_width":null,"og_image_height":null,"og_image_custom_url":null,"og_image_custom_fields":null,"og_video":null,"og_custom_url":null,"og_article_section":null,"og_article_tags":null,"twitter_use_og":true,"twitter_card":"default","twitter_image_type":"default","twitter_image_url":null,"twitter_image_custom_url":null,"twitter_image_custom_fields":null,"twitter_title":null,"twitter_description":null,"schema":{"blockGraphs":[],"customGraphs":[],"default":{"data":{"Article":[],"Course":[],"Dataset":[],"FAQPage":[],"Movie":[],"Person":[],"Product":[],"ProductReview":[],"Car":[],"Recipe":[],"Service":[],"SoftwareApplication":[],"WebPage":[]},"graphName":"","isEnabled":true},"graphs":[],"defaultGraph":"","defaultPostTypeGraph":""},"schema_type":null,"schema_type_options":null,"pillar_content":false,"robots_default":true,"robots_noindex":false,"robots_noarchive":false,"robots_nosnippet":false,"robots_nofollow":false,"robots_noimageindex":false,"robots_noodp":false,"robots_notranslate":false,"robots_max_snippet":null,"robots_max_videopreview":null,"robots_max_imagepreview":"none","priority":null,"frequency":null,"local_seo":null,"seo_analyzer_scan_date":"2026-06-03 00:59:14","breadcrumb_settings":null,"limit_modified_date":false,"open_ai":null,"ai":null,"created":"2020-11-14 22:56:06","updated":"2026-06-03 00:59:14","focus_keyword":null,"additional_keywords":null,"truseo_locale":null},"aioseo_breadcrumb":"<div class=\"aioseo-breadcrumbs\"><span class=\"aioseo-breadcrumb\">\n\t<a href=\"https:\/\/www.eldigitaldeasturias.com\/noticias\" title=\"Home\">Home<\/a>\n<\/span><span class=\"aioseo-breadcrumb-separator\">\u2013<\/span><span class=\"aioseo-breadcrumb\">\n\t<a href=\"https:\/\/www.eldigitaldeasturias.com\/noticias\/category\/actualidad\/\" title=\"Actualidad\">Actualidad<\/a>\n<\/span><span class=\"aioseo-breadcrumb-separator\">\u2013<\/span><span class=\"aioseo-breadcrumb\">\n\t<a href=\"https:\/\/www.eldigitaldeasturias.com\/noticias\/oriol-pujol-defiende-su-inocencia-ante-la-militancia-de-cdc-tras-un-largo-silencio\/\" title=\"Oriol Pujol defiende su inocencia ante la militancia de CDC tras un largo silencio\">Oriol Pujol defiende su inocencia ante la militancia de CDC tras un largo silencio<\/a>\n<\/span><\/div>","aioseo_breadcrumb_json":[{"label":"Home","link":"https:\/\/www.eldigitaldeasturias.com\/noticias"},{"label":"Actualidad","link":"https:\/\/www.eldigitaldeasturias.com\/noticias\/category\/actualidad\/"},{"label":"Oriol Pujol defiende su inocencia ante la militancia de CDC tras un largo silencio","link":"https:\/\/www.eldigitaldeasturias.com\/noticias\/oriol-pujol-defiende-su-inocencia-ante-la-militancia-de-cdc-tras-un-largo-silencio\/"}],"_links":{"self":[{"href":"https:\/\/www.eldigitaldeasturias.com\/noticias\/wp-json\/wp\/v2\/posts\/486451","targetHints":{"allow":["GET"]}}],"collection":[{"href":"https:\/\/www.eldigitaldeasturias.com\/noticias\/wp-json\/wp\/v2\/posts"}],"about":[{"href":"https:\/\/www.eldigitaldeasturias.com\/noticias\/wp-json\/wp\/v2\/types\/post"}],"author":[{"embeddable":true,"href":"https:\/\/www.eldigitaldeasturias.com\/noticias\/wp-json\/wp\/v2\/users\/1"}],"replies":[{"embeddable":true,"href":"https:\/\/www.eldigitaldeasturias.com\/noticias\/wp-json\/wp\/v2\/comments?post=486451"}],"version-history":[{"count":0,"href":"https:\/\/www.eldigitaldeasturias.com\/noticias\/wp-json\/wp\/v2\/posts\/486451\/revisions"}],"wp:attachment":[{"href":"https:\/\/www.eldigitaldeasturias.com\/noticias\/wp-json\/wp\/v2\/media?parent=486451"}],"wp:term":[{"taxonomy":"category","embeddable":true,"href":"https:\/\/www.eldigitaldeasturias.com\/noticias\/wp-json\/wp\/v2\/categories?post=486451"},{"taxonomy":"post_tag","embeddable":true,"href":"https:\/\/www.eldigitaldeasturias.com\/noticias\/wp-json\/wp\/v2\/tags?post=486451"}],"curies":[{"name":"wp","href":"https:\/\/api.w.org\/{rel}","templated":true}]}}