{"id":486442,"date":"2014-02-08T01:55:55","date_gmt":"2014-02-08T02:55:55","guid":{"rendered":"http:\/\/www.eldigitaldeasturias.com\/noticias\/?p=486442"},"modified":"2014-02-08T01:55:55","modified_gmt":"2014-02-08T02:55:55","slug":"opositor-venezolano-pide-salir-a-la-calle-para-exigir-la-salida-de-maduro","status":"publish","type":"post","link":"https:\/\/www.eldigitaldeasturias.com\/noticias\/opositor-venezolano-pide-salir-a-la-calle-para-exigir-la-salida-de-maduro\/","title":{"rendered":"Opositor venezolano pide salir a la calle para exigir la salida de Maduro"},"content":{"rendered":"<p><img loading=\"lazy\" decoding=\"async\" class=\"alignleft size-medium wp-image-486443\" alt=\"5922495w\" src=\"https:\/\/www.eldigitaldeasturias.com\/noticias\/wp-content\/uploads\/2014\/02\/5922495w-360x239.jpg\" width=\"360\" height=\"239\" \/>Caracas, 7 feb (EFE).- El dirigente opositor venezolano Leopoldo L\u00f3pez reiter\u00f3 hoy en rueda de prensa su llamamiento a la ciudadan\u00eda a salir masivamente a la calle para presionar por un cambio de Gobierno mediante las v\u00edas constitucionales, una iniciativa que ha causado discrepancias dentro de la alianza opositora.<\/p>\n<p>L\u00f3pez, que preside el partido opositor Voluntad Popular, se ha convertido en los \u00faltimos meses en uno de los principales promotores de los llamamientos para poner fin anticipado al Gobierno del presidente Nicol\u00e1s Maduro.<\/p>\n<p>En su opini\u00f3n, los venezolanos tienen que abandonar la pasividad pasivos y \u00abreaccionar\u00bb frente al desabastecimiento, la inseguridad o la corrupci\u00f3n que, en su opini\u00f3n, han llevado a Venezuela a \u00abuna situaci\u00f3n l\u00edmite\u00bb y \u00abcayendo por un barranco aceleradamente\u00bb.<\/p>\n<p>\u00abNuestra estrategia es muy concreta: el terreno de lucha es la calle porque all\u00ed es donde nos encontramos, nos reconocemos\u00bb, se\u00f1al\u00f3.<\/p>\n<p>L\u00f3pez y otros dirigentes de la oposici\u00f3n, como la diputada Mar\u00eda Corina Machado, han manifestado que no se puede esperar a que Maduro cumpla en 2019 los seis a\u00f1os de mandato que establece la ley y han dicho que buscar\u00e1n una salida anticipada, sea mediante un referendo revocatorio o una Asamblea Constituyente.<\/p>\n<p>El l\u00edder de Voluntad Popular se mostr\u00f3 abierto a recurrir a cualquiera de las posibilidades que ofrece la Constituci\u00f3n para forzar la salida de Maduro, pero manifest\u00f3 que todas las alternativas \u00abpasan por estar organizados en la calle\u00bb, aunque insisti\u00f3 en que deber\u00e1 ser una \u00ablucha no violenta\u00bb.<\/p>\n<p>Tambi\u00e9n sali\u00f3 al paso de las cr\u00edticas vertidas esta semana por el excandidato presidencial opositor Henrique Capriles, que se desmarc\u00f3 de la convocatoria para protestar y dijo que el llamamiento no inclu\u00eda a \u00ablos pobres\u00bb.<\/p>\n<p>\u00abEs un error plantear una divisi\u00f3n de clases en Venezuela, porque todo el pueblo est\u00e1 sufriendo, no importa los que tengan o no tengan, si son blancos o son negros. Todos los venezolanos hoy est\u00e1n sufriendo de la misma impotencia, desesperanza\u00bb, dijo L\u00f3pez.<\/p>\n<p>No obstante, neg\u00f3 fracturas en la plataforma opositora Mesa de la Unidad Democr\u00e1tica y asegur\u00f3 que todos los dirigentes apoyan su convocatoria a una marcha por Caracas el pr\u00f3ximo 12 de febrero.<\/p>\n<p>Las movilizaciones callejeras que ha encabezado L\u00f3pez son vistas con recelo por otros dirigentes opositores como Capriles, que dijo que no cree en salidas violentas o en golpes y que no participar\u00e1 en este tipo de convocatorias.<\/p>\n","protected":false},"excerpt":{"rendered":"<p>Caracas, 7 feb (EFE).- El dirigente opositor venezolano Leopoldo L\u00f3pez reiter\u00f3 hoy en rueda de prensa su llamamiento a la ciudadan\u00eda a salir masivamente a la calle para presionar por un cambio de Gobierno mediante las v\u00edas constitucionales, una iniciativa que ha causado discrepancias dentro de la alianza opositora. L\u00f3pez, que preside el partido opositor [&hellip;]<\/p>\n","protected":false},"author":1,"featured_media":486443,"comment_status":"open","ping_status":"open","sticky":false,"template":"","format":"standard","meta":{"footnotes":""},"categories":[1],"tags":[],"class_list":["post-486442","post","type-post","status-publish","format-standard","has-post-thumbnail","hentry","category-actualidad"],"aioseo_notices":[],"aioseo_head":"\n\t\t<!-- All in One SEO Pro 5.0.1 - aioseo.com -->\n\t<meta name=\"description\" content=\"Caracas, 7 feb (EFE).- El dirigente opositor venezolano Leopoldo L\u00f3pez reiter\u00f3 hoy en rueda de prensa su llamamiento a la ciudadan\u00eda a salir masivamente a la calle para presionar por un cambio de Gobierno mediante las v\u00edas constitucionales, una iniciativa que ha causado discrepancias dentro de la alianza opositora. L\u00f3pez, que preside el partido opositor\" \/>\n\t<meta name=\"robots\" content=\"max-image-preview:large\" \/>\n\t<meta name=\"author\" content=\"El Digital de Asturias\"\/>\n\t<meta name=\"google-site-verification\" content=\"UA-38556648-1\" \/>\n\t<meta name=\"msvalidate.01\" content=\"7dfe9f3f1b24437ab69f4f2559babe99\" \/>\n\t<meta name=\"keywords\" content=\"actualidad\" \/>\n\t<link rel=\"canonical\" href=\"https:\/\/www.eldigitaldeasturias.com\/noticias\/opositor-venezolano-pide-salir-a-la-calle-para-exigir-la-salida-de-maduro\/\" \/>\n\t<meta name=\"generator\" content=\"All in One SEO Pro (AIOSEO) 5.0.1\" \/>\n\t\t<meta property=\"og:locale\" content=\"es_ES\" \/>\n\t\t<meta property=\"og:site_name\" content=\"El Digital de Asturias\" \/>\n\t\t<meta property=\"og:type\" content=\"article\" \/>\n\t\t<meta property=\"og:title\" content=\"Opositor venezolano pide salir a la calle para exigir la salida de Maduro - El Digital de Asturias\" \/>\n\t\t<meta property=\"og:description\" content=\"Caracas, 7 feb (EFE).- El dirigente opositor venezolano Leopoldo L\u00f3pez reiter\u00f3 hoy en rueda de prensa su llamamiento a la ciudadan\u00eda a salir masivamente a la calle para presionar por un cambio de Gobierno mediante las v\u00edas constitucionales, una iniciativa que ha causado discrepancias dentro de la alianza opositora. L\u00f3pez, que preside el partido opositor\" \/>\n\t\t<meta property=\"og:url\" content=\"https:\/\/www.eldigitaldeasturias.com\/noticias\/opositor-venezolano-pide-salir-a-la-calle-para-exigir-la-salida-de-maduro\/\" \/>\n\t\t<meta property=\"article:tag\" content=\"actualidad\" \/>\n\t\t<meta property=\"article:published_time\" content=\"2014-02-08T02:55:55+00:00\" \/>\n\t\t<meta property=\"article:modified_time\" content=\"2014-02-08T02:55:55+00:00\" \/>\n\t\t<meta property=\"article:publisher\" content=\"https:\/\/facebook.com\/eldigitaldeasturias\" \/>\n\t\t<meta name=\"twitter:card\" content=\"summary_large_image\" \/>\n\t\t<meta name=\"twitter:title\" content=\"Opositor venezolano pide salir a la calle para exigir la salida de Maduro - El Digital de Asturias\" \/>\n\t\t<meta name=\"twitter:description\" content=\"Caracas, 7 feb (EFE).- El dirigente opositor venezolano Leopoldo L\u00f3pez reiter\u00f3 hoy en rueda de prensa su llamamiento a la ciudadan\u00eda a salir masivamente a la calle para presionar por un cambio de Gobierno mediante las v\u00edas constitucionales, una iniciativa que ha causado discrepancias dentro de la alianza opositora. L\u00f3pez, que preside el partido opositor\" \/>\n\t\t<meta name=\"twitter:label1\" content=\"Escrito por\" \/>\n\t\t<meta name=\"twitter:data1\" content=\"El Digital de Asturias\" \/>\n\t\t<meta name=\"twitter:label2\" content=\"Tiempo de lectura estimado\" \/>\n\t\t<meta name=\"twitter:data2\" content=\"2 minutos\" \/>\n\t\t<script type=\"application\/ld+json\" class=\"aioseo-schema\">\n\t\t\t{\"@context\":\"https:\\\/\\\/schema.org\",\"@graph\":[{\"@type\":\"BlogPosting\",\"@id\":\"https:\\\/\\\/www.eldigitaldeasturias.com\\\/noticias\\\/opositor-venezolano-pide-salir-a-la-calle-para-exigir-la-salida-de-maduro\\\/#blogposting\",\"name\":\"Opositor venezolano pide salir a la calle para exigir la salida de Maduro - El Digital de Asturias\",\"headline\":\"Opositor venezolano pide salir a la calle para exigir la salida de Maduro\",\"author\":{\"@id\":\"https:\\\/\\\/www.eldigitaldeasturias.com\\\/noticias\\\/author\\\/admin\\\/#author\"},\"publisher\":{\"@id\":\"https:\\\/\\\/www.eldigitaldeasturias.com\\\/noticias\\\/#organization\"},\"image\":{\"@type\":\"ImageObject\",\"url\":486443},\"datePublished\":\"2014-02-08T01:55:55+01:00\",\"dateModified\":\"2014-02-08T01:55:55+01:00\",\"inLanguage\":\"es-ES\",\"mainEntityOfPage\":{\"@id\":\"https:\\\/\\\/www.eldigitaldeasturias.com\\\/noticias\\\/opositor-venezolano-pide-salir-a-la-calle-para-exigir-la-salida-de-maduro\\\/#webpage\"},\"isPartOf\":{\"@id\":\"https:\\\/\\\/www.eldigitaldeasturias.com\\\/noticias\\\/opositor-venezolano-pide-salir-a-la-calle-para-exigir-la-salida-de-maduro\\\/#webpage\"},\"articleSection\":\"Actualidad\"},{\"@type\":\"BreadcrumbList\",\"@id\":\"https:\\\/\\\/www.eldigitaldeasturias.com\\\/noticias\\\/opositor-venezolano-pide-salir-a-la-calle-para-exigir-la-salida-de-maduro\\\/#breadcrumblist\",\"itemListElement\":[{\"@type\":\"ListItem\",\"@id\":\"https:\\\/\\\/www.eldigitaldeasturias.com\\\/noticias#listItem\",\"position\":1,\"name\":\"Home\",\"item\":\"https:\\\/\\\/www.eldigitaldeasturias.com\\\/noticias\",\"nextItem\":{\"@type\":\"ListItem\",\"@id\":\"https:\\\/\\\/www.eldigitaldeasturias.com\\\/noticias\\\/category\\\/actualidad\\\/#listItem\",\"name\":\"Actualidad\"}},{\"@type\":\"ListItem\",\"@id\":\"https:\\\/\\\/www.eldigitaldeasturias.com\\\/noticias\\\/category\\\/actualidad\\\/#listItem\",\"position\":2,\"name\":\"Actualidad\",\"item\":\"https:\\\/\\\/www.eldigitaldeasturias.com\\\/noticias\\\/category\\\/actualidad\\\/\",\"nextItem\":{\"@type\":\"ListItem\",\"@id\":\"https:\\\/\\\/www.eldigitaldeasturias.com\\\/noticias\\\/opositor-venezolano-pide-salir-a-la-calle-para-exigir-la-salida-de-maduro\\\/#listItem\",\"name\":\"Opositor venezolano pide salir a la calle para exigir la salida de Maduro\"},\"previousItem\":{\"@type\":\"ListItem\",\"@id\":\"https:\\\/\\\/www.eldigitaldeasturias.com\\\/noticias#listItem\",\"name\":\"Home\"}},{\"@type\":\"ListItem\",\"@id\":\"https:\\\/\\\/www.eldigitaldeasturias.com\\\/noticias\\\/opositor-venezolano-pide-salir-a-la-calle-para-exigir-la-salida-de-maduro\\\/#listItem\",\"position\":3,\"name\":\"Opositor venezolano pide salir a la calle para exigir la salida de Maduro\",\"previousItem\":{\"@type\":\"ListItem\",\"@id\":\"https:\\\/\\\/www.eldigitaldeasturias.com\\\/noticias\\\/category\\\/actualidad\\\/#listItem\",\"name\":\"Actualidad\"}}]},{\"@type\":\"Organization\",\"@id\":\"https:\\\/\\\/www.eldigitaldeasturias.com\\\/noticias\\\/#organization\",\"name\":\"El Digital de Asturias\",\"description\":\"Hemeroteca\",\"url\":\"https:\\\/\\\/www.eldigitaldeasturias.com\\\/noticias\\\/\",\"email\":\"info@eldigitaldeasturias.com\",\"telephone\":\"+34652131393\",\"logo\":{\"@type\":\"ImageObject\",\"url\":\"https:\\\/\\\/www.eldigitaldeasturias.com\\\/noticias\\\/wp-content\\\/uploads\\\/2020\\\/12\\\/EDA.jpg\",\"@id\":\"https:\\\/\\\/www.eldigitaldeasturias.com\\\/noticias\\\/opositor-venezolano-pide-salir-a-la-calle-para-exigir-la-salida-de-maduro\\\/#organizationLogo\"},\"image\":{\"@id\":\"https:\\\/\\\/www.eldigitaldeasturias.com\\\/noticias\\\/opositor-venezolano-pide-salir-a-la-calle-para-exigir-la-salida-de-maduro\\\/#organizationLogo\"},\"sameAs\":[\"https:\\\/\\\/facebook.com\\\/eldigitaldeasturias\",\"https:\\\/\\\/www.youtube.com\\\/channel\\\/UCZP-2wLEB9Rv6erhFmqVnvg\"],\"address\":{\"@id\":\"https:\\\/\\\/www.eldigitaldeasturias.com\\\/noticias\\\/#postaladdress\",\"@type\":\"PostalAddress\",\"streetAddress\":\"san antonio 4\",\"postalCode\":\"33430\",\"addressLocality\":\"Cand\\u00e1s\",\"addressRegion\":\"Asturias\",\"addressCountry\":\"ES\"}},{\"@type\":\"Person\",\"@id\":\"https:\\\/\\\/www.eldigitaldeasturias.com\\\/noticias\\\/author\\\/admin\\\/#author\",\"url\":\"https:\\\/\\\/www.eldigitaldeasturias.com\\\/noticias\\\/author\\\/admin\\\/\",\"name\":\"El Digital de Asturias\",\"image\":{\"@type\":\"ImageObject\",\"@id\":\"https:\\\/\\\/www.eldigitaldeasturias.com\\\/noticias\\\/opositor-venezolano-pide-salir-a-la-calle-para-exigir-la-salida-de-maduro\\\/#authorImage\",\"url\":\"https:\\\/\\\/secure.gravatar.com\\\/avatar\\\/df2aeffc32bcd13f8d26072ef8a91b623d677766deac7f97ca815868cd41bf5e?s=96&d=mm&r=g\",\"width\":96,\"height\":96,\"caption\":\"El Digital de Asturias\"}},{\"@type\":\"WebPage\",\"@id\":\"https:\\\/\\\/www.eldigitaldeasturias.com\\\/noticias\\\/opositor-venezolano-pide-salir-a-la-calle-para-exigir-la-salida-de-maduro\\\/#webpage\",\"url\":\"https:\\\/\\\/www.eldigitaldeasturias.com\\\/noticias\\\/opositor-venezolano-pide-salir-a-la-calle-para-exigir-la-salida-de-maduro\\\/\",\"name\":\"Opositor venezolano pide salir a la calle para exigir la salida de Maduro - El Digital de Asturias\",\"description\":\"Caracas, 7 feb (EFE).- El dirigente opositor venezolano Leopoldo L\\u00f3pez reiter\\u00f3 hoy en rueda de prensa su llamamiento a la ciudadan\\u00eda a salir masivamente a la calle para presionar por un cambio de Gobierno mediante las v\\u00edas constitucionales, una iniciativa que ha causado discrepancias dentro de la alianza opositora. L\\u00f3pez, que preside el partido opositor\",\"inLanguage\":\"es-ES\",\"isPartOf\":{\"@id\":\"https:\\\/\\\/www.eldigitaldeasturias.com\\\/noticias\\\/#website\"},\"breadcrumb\":{\"@id\":\"https:\\\/\\\/www.eldigitaldeasturias.com\\\/noticias\\\/opositor-venezolano-pide-salir-a-la-calle-para-exigir-la-salida-de-maduro\\\/#breadcrumblist\"},\"author\":{\"@id\":\"https:\\\/\\\/www.eldigitaldeasturias.com\\\/noticias\\\/author\\\/admin\\\/#author\"},\"creator\":{\"@id\":\"https:\\\/\\\/www.eldigitaldeasturias.com\\\/noticias\\\/author\\\/admin\\\/#author\"},\"image\":{\"@type\":\"ImageObject\",\"url\":486443,\"@id\":\"https:\\\/\\\/www.eldigitaldeasturias.com\\\/noticias\\\/opositor-venezolano-pide-salir-a-la-calle-para-exigir-la-salida-de-maduro\\\/#mainImage\"},\"primaryImageOfPage\":{\"@id\":\"https:\\\/\\\/www.eldigitaldeasturias.com\\\/noticias\\\/opositor-venezolano-pide-salir-a-la-calle-para-exigir-la-salida-de-maduro\\\/#mainImage\"},\"datePublished\":\"2014-02-08T01:55:55+01:00\",\"dateModified\":\"2014-02-08T01:55:55+01:00\"},{\"@type\":\"WebSite\",\"@id\":\"https:\\\/\\\/www.eldigitaldeasturias.com\\\/noticias\\\/#website\",\"url\":\"https:\\\/\\\/www.eldigitaldeasturias.com\\\/noticias\\\/\",\"name\":\"El Digital de Asturias - Diario de actualidad y noticias\",\"alternateName\":\"El Digital de Asturias - Diario de actualidad y noticias\",\"description\":\"Hemeroteca\",\"inLanguage\":\"es-ES\",\"publisher\":{\"@id\":\"https:\\\/\\\/www.eldigitaldeasturias.com\\\/noticias\\\/#organization\"}}]}\n\t\t<\/script>\n\t\t<!-- All in One SEO Pro -->\r\n\t\t<title>Opositor venezolano pide salir a la calle para exigir la salida de Maduro - El Digital de Asturias<\/title>\n\n","aioseo_head_json":{"title":"Opositor venezolano pide salir a la calle para exigir la salida de Maduro - El Digital de Asturias","description":"Caracas, 7 feb (EFE).- El dirigente opositor venezolano Leopoldo L\u00f3pez reiter\u00f3 hoy en rueda de prensa su llamamiento a la ciudadan\u00eda a salir masivamente a la calle para presionar por un cambio de Gobierno mediante las v\u00edas constitucionales, una iniciativa que ha causado discrepancias dentro de la alianza opositora. L\u00f3pez, que preside el partido opositor","canonical_url":"https:\/\/www.eldigitaldeasturias.com\/noticias\/opositor-venezolano-pide-salir-a-la-calle-para-exigir-la-salida-de-maduro\/","robots":"max-image-preview:large","keywords":"actualidad","webmasterTools":{"google-site-verification":"UA-38556648-1","msvalidate.01":"7dfe9f3f1b24437ab69f4f2559babe99","miscellaneous":""},"schema":{"@context":"https:\/\/schema.org","@graph":[{"@type":"BlogPosting","@id":"https:\/\/www.eldigitaldeasturias.com\/noticias\/opositor-venezolano-pide-salir-a-la-calle-para-exigir-la-salida-de-maduro\/#blogposting","name":"Opositor venezolano pide salir a la calle para exigir la salida de Maduro - El Digital de Asturias","headline":"Opositor venezolano pide salir a la calle para exigir la salida de Maduro","author":{"@id":"https:\/\/www.eldigitaldeasturias.com\/noticias\/author\/admin\/#author"},"publisher":{"@id":"https:\/\/www.eldigitaldeasturias.com\/noticias\/#organization"},"image":{"@type":"ImageObject","url":486443},"datePublished":"2014-02-08T01:55:55+01:00","dateModified":"2014-02-08T01:55:55+01:00","inLanguage":"es-ES","mainEntityOfPage":{"@id":"https:\/\/www.eldigitaldeasturias.com\/noticias\/opositor-venezolano-pide-salir-a-la-calle-para-exigir-la-salida-de-maduro\/#webpage"},"isPartOf":{"@id":"https:\/\/www.eldigitaldeasturias.com\/noticias\/opositor-venezolano-pide-salir-a-la-calle-para-exigir-la-salida-de-maduro\/#webpage"},"articleSection":"Actualidad"},{"@type":"BreadcrumbList","@id":"https:\/\/www.eldigitaldeasturias.com\/noticias\/opositor-venezolano-pide-salir-a-la-calle-para-exigir-la-salida-de-maduro\/#breadcrumblist","itemListElement":[{"@type":"ListItem","@id":"https:\/\/www.eldigitaldeasturias.com\/noticias#listItem","position":1,"name":"Home","item":"https:\/\/www.eldigitaldeasturias.com\/noticias","nextItem":{"@type":"ListItem","@id":"https:\/\/www.eldigitaldeasturias.com\/noticias\/category\/actualidad\/#listItem","name":"Actualidad"}},{"@type":"ListItem","@id":"https:\/\/www.eldigitaldeasturias.com\/noticias\/category\/actualidad\/#listItem","position":2,"name":"Actualidad","item":"https:\/\/www.eldigitaldeasturias.com\/noticias\/category\/actualidad\/","nextItem":{"@type":"ListItem","@id":"https:\/\/www.eldigitaldeasturias.com\/noticias\/opositor-venezolano-pide-salir-a-la-calle-para-exigir-la-salida-de-maduro\/#listItem","name":"Opositor venezolano pide salir a la calle para exigir la salida de Maduro"},"previousItem":{"@type":"ListItem","@id":"https:\/\/www.eldigitaldeasturias.com\/noticias#listItem","name":"Home"}},{"@type":"ListItem","@id":"https:\/\/www.eldigitaldeasturias.com\/noticias\/opositor-venezolano-pide-salir-a-la-calle-para-exigir-la-salida-de-maduro\/#listItem","position":3,"name":"Opositor venezolano pide salir a la calle para exigir la salida de Maduro","previousItem":{"@type":"ListItem","@id":"https:\/\/www.eldigitaldeasturias.com\/noticias\/category\/actualidad\/#listItem","name":"Actualidad"}}]},{"@type":"Organization","@id":"https:\/\/www.eldigitaldeasturias.com\/noticias\/#organization","name":"El Digital de Asturias","description":"Hemeroteca","url":"https:\/\/www.eldigitaldeasturias.com\/noticias\/","email":"info@eldigitaldeasturias.com","telephone":"+34652131393","logo":{"@type":"ImageObject","url":"https:\/\/www.eldigitaldeasturias.com\/noticias\/wp-content\/uploads\/2020\/12\/EDA.jpg","@id":"https:\/\/www.eldigitaldeasturias.com\/noticias\/opositor-venezolano-pide-salir-a-la-calle-para-exigir-la-salida-de-maduro\/#organizationLogo"},"image":{"@id":"https:\/\/www.eldigitaldeasturias.com\/noticias\/opositor-venezolano-pide-salir-a-la-calle-para-exigir-la-salida-de-maduro\/#organizationLogo"},"sameAs":["https:\/\/facebook.com\/eldigitaldeasturias","https:\/\/www.youtube.com\/channel\/UCZP-2wLEB9Rv6erhFmqVnvg"],"address":{"@id":"https:\/\/www.eldigitaldeasturias.com\/noticias\/#postaladdress","@type":"PostalAddress","streetAddress":"san antonio 4","postalCode":"33430","addressLocality":"Cand\u00e1s","addressRegion":"Asturias","addressCountry":"ES"}},{"@type":"Person","@id":"https:\/\/www.eldigitaldeasturias.com\/noticias\/author\/admin\/#author","url":"https:\/\/www.eldigitaldeasturias.com\/noticias\/author\/admin\/","name":"El Digital de Asturias","image":{"@type":"ImageObject","@id":"https:\/\/www.eldigitaldeasturias.com\/noticias\/opositor-venezolano-pide-salir-a-la-calle-para-exigir-la-salida-de-maduro\/#authorImage","url":"https:\/\/secure.gravatar.com\/avatar\/df2aeffc32bcd13f8d26072ef8a91b623d677766deac7f97ca815868cd41bf5e?s=96&d=mm&r=g","width":96,"height":96,"caption":"El Digital de Asturias"}},{"@type":"WebPage","@id":"https:\/\/www.eldigitaldeasturias.com\/noticias\/opositor-venezolano-pide-salir-a-la-calle-para-exigir-la-salida-de-maduro\/#webpage","url":"https:\/\/www.eldigitaldeasturias.com\/noticias\/opositor-venezolano-pide-salir-a-la-calle-para-exigir-la-salida-de-maduro\/","name":"Opositor venezolano pide salir a la calle para exigir la salida de Maduro - El Digital de Asturias","description":"Caracas, 7 feb (EFE).- El dirigente opositor venezolano Leopoldo L\u00f3pez reiter\u00f3 hoy en rueda de prensa su llamamiento a la ciudadan\u00eda a salir masivamente a la calle para presionar por un cambio de Gobierno mediante las v\u00edas constitucionales, una iniciativa que ha causado discrepancias dentro de la alianza opositora. L\u00f3pez, que preside el partido opositor","inLanguage":"es-ES","isPartOf":{"@id":"https:\/\/www.eldigitaldeasturias.com\/noticias\/#website"},"breadcrumb":{"@id":"https:\/\/www.eldigitaldeasturias.com\/noticias\/opositor-venezolano-pide-salir-a-la-calle-para-exigir-la-salida-de-maduro\/#breadcrumblist"},"author":{"@id":"https:\/\/www.eldigitaldeasturias.com\/noticias\/author\/admin\/#author"},"creator":{"@id":"https:\/\/www.eldigitaldeasturias.com\/noticias\/author\/admin\/#author"},"image":{"@type":"ImageObject","url":486443,"@id":"https:\/\/www.eldigitaldeasturias.com\/noticias\/opositor-venezolano-pide-salir-a-la-calle-para-exigir-la-salida-de-maduro\/#mainImage"},"primaryImageOfPage":{"@id":"https:\/\/www.eldigitaldeasturias.com\/noticias\/opositor-venezolano-pide-salir-a-la-calle-para-exigir-la-salida-de-maduro\/#mainImage"},"datePublished":"2014-02-08T01:55:55+01:00","dateModified":"2014-02-08T01:55:55+01:00"},{"@type":"WebSite","@id":"https:\/\/www.eldigitaldeasturias.com\/noticias\/#website","url":"https:\/\/www.eldigitaldeasturias.com\/noticias\/","name":"El Digital de Asturias - Diario de actualidad y noticias","alternateName":"El Digital de Asturias - Diario de actualidad y noticias","description":"Hemeroteca","inLanguage":"es-ES","publisher":{"@id":"https:\/\/www.eldigitaldeasturias.com\/noticias\/#organization"}}]},"og:locale":"es_ES","og:site_name":"El Digital de Asturias","og:type":"article","og:title":"Opositor venezolano pide salir a la calle para exigir la salida de Maduro - El Digital de Asturias","og:description":"Caracas, 7 feb (EFE).- El dirigente opositor venezolano Leopoldo L\u00f3pez reiter\u00f3 hoy en rueda de prensa su llamamiento a la ciudadan\u00eda a salir masivamente a la calle para presionar por un cambio de Gobierno mediante las v\u00edas constitucionales, una iniciativa que ha causado discrepancias dentro de la alianza opositora. L\u00f3pez, que preside el partido opositor","og:url":"https:\/\/www.eldigitaldeasturias.com\/noticias\/opositor-venezolano-pide-salir-a-la-calle-para-exigir-la-salida-de-maduro\/","article:tag":["actualidad"],"article:published_time":"2014-02-08T02:55:55+00:00","article:modified_time":"2014-02-08T02:55:55+00:00","article:publisher":"https:\/\/facebook.com\/eldigitaldeasturias","twitter:card":"summary_large_image","twitter:title":"Opositor venezolano pide salir a la calle para exigir la salida de Maduro - El Digital de Asturias","twitter:description":"Caracas, 7 feb (EFE).- El dirigente opositor venezolano Leopoldo L\u00f3pez reiter\u00f3 hoy en rueda de prensa su llamamiento a la ciudadan\u00eda a salir masivamente a la calle para presionar por un cambio de Gobierno mediante las v\u00edas constitucionales, una iniciativa que ha causado discrepancias dentro de la alianza opositora. L\u00f3pez, que preside el partido opositor","twitter:label1":"Escrito por","twitter:data1":"El Digital de Asturias","twitter:label2":"Tiempo de lectura estimado","twitter:data2":"2 minutos"},"aioseo_meta_data":{"post_id":"486442","title":null,"description":null,"keywords":null,"keyphrases":null,"primary_term":null,"canonical_url":null,"og_title":null,"og_description":null,"og_object_type":"default","og_image_type":"default","og_image_url":null,"og_image_width":null,"og_image_height":null,"og_image_custom_url":null,"og_image_custom_fields":null,"og_video":null,"og_custom_url":null,"og_article_section":null,"og_article_tags":null,"twitter_use_og":true,"twitter_card":"default","twitter_image_type":"default","twitter_image_url":null,"twitter_image_custom_url":null,"twitter_image_custom_fields":null,"twitter_title":null,"twitter_description":null,"schema":{"blockGraphs":[],"customGraphs":[],"default":{"data":{"Article":[],"Course":[],"Dataset":[],"FAQPage":[],"Movie":[],"Person":[],"Product":[],"ProductReview":[],"Car":[],"Recipe":[],"Service":[],"SoftwareApplication":[],"WebPage":[]},"graphName":"","isEnabled":true},"graphs":[],"defaultGraph":"","defaultPostTypeGraph":""},"schema_type":null,"schema_type_options":null,"pillar_content":false,"robots_default":true,"robots_noindex":false,"robots_noarchive":false,"robots_nosnippet":false,"robots_nofollow":false,"robots_noimageindex":false,"robots_noodp":false,"robots_notranslate":false,"robots_max_snippet":null,"robots_max_videopreview":null,"robots_max_imagepreview":"none","priority":null,"frequency":null,"local_seo":null,"seo_analyzer_scan_date":"2026-06-03 00:55:00","breadcrumb_settings":null,"limit_modified_date":false,"open_ai":null,"ai":null,"created":"2020-11-14 22:56:06","updated":"2026-06-03 00:55:00","focus_keyword":null,"additional_keywords":null,"truseo_locale":null},"aioseo_breadcrumb":"<div class=\"aioseo-breadcrumbs\"><span class=\"aioseo-breadcrumb\">\n\t<a href=\"https:\/\/www.eldigitaldeasturias.com\/noticias\" title=\"Home\">Home<\/a>\n<\/span><span class=\"aioseo-breadcrumb-separator\">\u2013<\/span><span class=\"aioseo-breadcrumb\">\n\t<a href=\"https:\/\/www.eldigitaldeasturias.com\/noticias\/category\/actualidad\/\" title=\"Actualidad\">Actualidad<\/a>\n<\/span><span class=\"aioseo-breadcrumb-separator\">\u2013<\/span><span class=\"aioseo-breadcrumb\">\n\t<a href=\"https:\/\/www.eldigitaldeasturias.com\/noticias\/opositor-venezolano-pide-salir-a-la-calle-para-exigir-la-salida-de-maduro\/\" title=\"Opositor venezolano pide salir a la calle para exigir la salida de Maduro\">Opositor venezolano pide salir a la calle para exigir la salida de Maduro<\/a>\n<\/span><\/div>","aioseo_breadcrumb_json":[{"label":"Home","link":"https:\/\/www.eldigitaldeasturias.com\/noticias"},{"label":"Actualidad","link":"https:\/\/www.eldigitaldeasturias.com\/noticias\/category\/actualidad\/"},{"label":"Opositor venezolano pide salir a la calle para exigir la salida de Maduro","link":"https:\/\/www.eldigitaldeasturias.com\/noticias\/opositor-venezolano-pide-salir-a-la-calle-para-exigir-la-salida-de-maduro\/"}],"_links":{"self":[{"href":"https:\/\/www.eldigitaldeasturias.com\/noticias\/wp-json\/wp\/v2\/posts\/486442","targetHints":{"allow":["GET"]}}],"collection":[{"href":"https:\/\/www.eldigitaldeasturias.com\/noticias\/wp-json\/wp\/v2\/posts"}],"about":[{"href":"https:\/\/www.eldigitaldeasturias.com\/noticias\/wp-json\/wp\/v2\/types\/post"}],"author":[{"embeddable":true,"href":"https:\/\/www.eldigitaldeasturias.com\/noticias\/wp-json\/wp\/v2\/users\/1"}],"replies":[{"embeddable":true,"href":"https:\/\/www.eldigitaldeasturias.com\/noticias\/wp-json\/wp\/v2\/comments?post=486442"}],"version-history":[{"count":0,"href":"https:\/\/www.eldigitaldeasturias.com\/noticias\/wp-json\/wp\/v2\/posts\/486442\/revisions"}],"wp:attachment":[{"href":"https:\/\/www.eldigitaldeasturias.com\/noticias\/wp-json\/wp\/v2\/media?parent=486442"}],"wp:term":[{"taxonomy":"category","embeddable":true,"href":"https:\/\/www.eldigitaldeasturias.com\/noticias\/wp-json\/wp\/v2\/categories?post=486442"},{"taxonomy":"post_tag","embeddable":true,"href":"https:\/\/www.eldigitaldeasturias.com\/noticias\/wp-json\/wp\/v2\/tags?post=486442"}],"curies":[{"name":"wp","href":"https:\/\/api.w.org\/{rel}","templated":true}]}}