{"id":486439,"date":"2014-02-08T01:54:28","date_gmt":"2014-02-08T02:54:28","guid":{"rendered":"http:\/\/www.eldigitaldeasturias.com\/noticias\/?p=486439"},"modified":"2014-02-08T01:54:28","modified_gmt":"2014-02-08T02:54:28","slug":"argentina-piensa-en-proceso-electoral-de-2015-en-plena-tormenta-economica","status":"publish","type":"post","link":"https:\/\/www.eldigitaldeasturias.com\/noticias\/argentina-piensa-en-proceso-electoral-de-2015-en-plena-tormenta-economica\/","title":{"rendered":"Argentina piensa en proceso electoral de 2015 en plena tormenta econ\u00f3mica"},"content":{"rendered":"<p><img loading=\"lazy\" decoding=\"async\" class=\"alignleft size-medium wp-image-486440\" alt=\"5922350w\" src=\"https:\/\/www.eldigitaldeasturias.com\/noticias\/wp-content\/uploads\/2014\/02\/5922350w-360x261.jpg\" width=\"360\" height=\"261\" \/>Buenos Aires, 7 feb (EFE).- Con el Gobierno de Cristina Fern\u00e1ndez inmerso en frenar la tormenta econ\u00f3mica que sacude Argentina, la m\u00e1s grave en una d\u00e9cada, el peronismo y la oposici\u00f3n piensan ya en el proceso electoral de las presidenciales previsto para 2015.<\/p>\n<p>\u00abQue no se ilusionen, no nos vamos a ir antes\u00bb, advirti\u00f3 esta semana el ministro argentino de Interior, Florencio Randazzo, en respuesta a especulaciones sobre una eventual retirada prematura de Fern\u00e1ndez, o un hipot\u00e9tico adelanto electoral.<\/p>\n<p>\u00abSi hay algo que caracteriza a Cristina es que estamos dispuestos a dar esta pelea\u00bb, subray\u00f3 el ministro.<\/p>\n<p>Apenas un d\u00eda despu\u00e9s, la presidenta lanzaba un duro discurso para marcar el terreno del Gobierno frente a empresarios y sindicatos y mostraba su intenci\u00f3n de cumplir con su segundo y \u00faltimo mandato evocando incluso la f\u00e1bula de la rana y el escorpi\u00f3n para advertir: No soy rana y s\u00e9 nadar.<\/p>\n<p>Aunque analistas consultados por Efe insisten en que en medio de la sacudida econ\u00f3mica que sufre Argentina ni peronistas ni opositores apuestan por una salida prematura de la presidenta, en los \u00faltimos d\u00edas han aumentado los comentarios de dirigentes de distinto signo sobre el tema.<\/p>\n<p>\u00abYa lo est\u00e1n diciendo ellos\u00bb, apunt\u00f3 el sindicalista Luis Barrionuevo, enfrentado con el Gobierno: \u00abSi tienen miedo de irse antes, es porque seguramente se van a ir antes\u00bb, insisti\u00f3.<\/p>\n<p>Poco antes, el gobernador de Misiones (noroeste), Maurice Closs, cercano al kirchnerismo, hab\u00eda pedido un pacto multisectorial para que el Gobierno no acabe abruptamente como le ocurri\u00f3 al entonces presidente Fernando de la R\u00faa (radical) en la crisis econ\u00f3mica de 2001.<\/p>\n<p>Jorge Yoma, exdiputado kirchnerista hoy distanciado del Ejecutivo, fue contundente esta semana: \u00abO Cristina cambia o se activan los mecanismos institucionales para el relevo del poder, para permitir una transici\u00f3n democr\u00e1tica. O cambia la se\u00f1ora (como se la llama coloquialmente) o se va\u00bb, dijo.<\/p>\n<p>Pese a estas declaraciones altisonantes, sostiene el analista Dante Sica, \u00abno hay nadie haciendo ruido para que la presidenta no termine\u00bb, si bien \u00abtodos piensan ya en las elecciones de 2015\u00bb.<\/p>\n<p>En palabras de Sica, \u00abpara los gobernadores, Cristina Fern\u00e1ndez representa el pasado y ellos el futuro\u00bb, mientras que \u00ablos peronistas esperan que termine el mandato y deje la econom\u00eda ordenada para no darle opciones a la oposici\u00f3n\u00bb y los empresarios \u00abmiran a posibles candidatos dentro y fuera del peronismo para ver por d\u00f3nde puede venir la pol\u00edtica econ\u00f3mica en el futuro\u00bb.<\/p>\n<p>La lista de posibles aspirantes a la carrera presidencial es larga.<\/p>\n<p>Entre los mejor situados, Daniel Scioli, gobernador de la provincia de Buenos Aires, el mayor distrito electoral del pa\u00eds y basti\u00f3n peronista.<\/p>\n<p>Scioli, que est\u00e1 ya en campa\u00f1a presidencial, no lo tendr\u00e1 f\u00e1cil porque no cuenta, a priori, con el respaldo de Fern\u00e1ndez y de buena parte del kirchnerismo, pero figura como favorito en las quinielas de numerosos pol\u00edticos y analistas.<\/p>\n<p>Tambi\u00e9n reconocidos kirchneristas, como el propio ministro Randazzo, se han lanzado p\u00fablicamente al campo de juego electoral, aunque hay pesos pesados pendientes de cada jugada, desde el actual jefe de Gabinete, Jorge Capitanich, hasta el gobernador de Entre R\u00edos, Sergio Urribarri, sin olvidar al presidente de la C\u00e1mara de Diputados, Juli\u00e1n Dom\u00ednguez, que no pierde oportunidad de aparecer en p\u00fablico junto a la presidenta.<\/p>\n<p>Un proceso que sigue con atenci\u00f3n el exjefe de Gabinete y hoy peronista disidente Sergio Massa, que logr\u00f3 imponerse en las \u00faltimas elecciones legislativas del pasado a\u00f1o frente al oficialismo en la provincia de Buenos Aires y que aspira a volver a la Casa Rosada, pero como presidente.<\/p>\n<p>El alcalde de Buenos Aires, el conservador Mauricio Macri, entrar\u00e1 en la pugna por el sill\u00f3n presidencial tras agotar dos mandatos al frente del gobierno de la capital, y el exgobernador de Santa Fe, el socialista Hermes Binner, aparece como candidato en pr\u00e1cticamente todas las apuestas de los analistas, solo o en coalici\u00f3n.<\/p>\n<p>Sin apartar la vista de los movimientos de la carrera electoral, funcionarios pr\u00f3ximos a Cristina Fern\u00e1ndez insisten en su \u00abliderazgo\u00bb y saludan la proliferaci\u00f3n de aspirantes.<\/p>\n<p>Fern\u00e1ndez mantiene \u00abun liderazgo m\u00e1ximo\u00bb y \u00abque no pueda ser candidata a 2015 no significa que no siga ejerciendo su posici\u00f3n de liderazgo\u00bb, se\u00f1alaba en una reciente entrevista con Efe el ministro de Defensa, Agust\u00edn Rossi, para quien el hecho de que se barajen varios nombres para la cita electoral de 2015 \u00abhabla de la vigencia del espacio pol\u00edtico\u00bb.<\/p>\n<p>De confirmarse el calendario previsto, las elecciones presidenciales se celebrar\u00edan hacia octubre de 2015: Una eternidad en un pa\u00eds como Argentina.<\/p>\n","protected":false},"excerpt":{"rendered":"<p>Buenos Aires, 7 feb (EFE).- Con el Gobierno de Cristina Fern\u00e1ndez inmerso en frenar la tormenta econ\u00f3mica que sacude Argentina, la m\u00e1s grave en una d\u00e9cada, el peronismo y la oposici\u00f3n piensan ya en el proceso electoral de las presidenciales previsto para 2015. \u00abQue no se ilusionen, no nos vamos a ir antes\u00bb, advirti\u00f3 esta [&hellip;]<\/p>\n","protected":false},"author":1,"featured_media":486440,"comment_status":"open","ping_status":"open","sticky":false,"template":"","format":"standard","meta":{"footnotes":""},"categories":[1],"tags":[],"class_list":["post-486439","post","type-post","status-publish","format-standard","has-post-thumbnail","hentry","category-actualidad"],"aioseo_notices":[],"aioseo_head":"\n\t\t<!-- All in One SEO Pro 5.0.1 - aioseo.com -->\n\t<meta name=\"description\" content=\"Buenos Aires, 7 feb (EFE).- Con el Gobierno de Cristina Fern\u00e1ndez inmerso en frenar la tormenta econ\u00f3mica que sacude Argentina, la m\u00e1s grave en una d\u00e9cada, el peronismo y la oposici\u00f3n piensan ya en el proceso electoral de las presidenciales previsto para 2015. &quot;Que no se ilusionen, no nos vamos a ir antes&quot;, advirti\u00f3 esta\" \/>\n\t<meta name=\"robots\" content=\"max-image-preview:large\" \/>\n\t<meta name=\"author\" content=\"El Digital de Asturias\"\/>\n\t<meta name=\"google-site-verification\" content=\"UA-38556648-1\" \/>\n\t<meta name=\"msvalidate.01\" content=\"7dfe9f3f1b24437ab69f4f2559babe99\" \/>\n\t<meta name=\"keywords\" content=\"actualidad\" \/>\n\t<link rel=\"canonical\" href=\"https:\/\/www.eldigitaldeasturias.com\/noticias\/argentina-piensa-en-proceso-electoral-de-2015-en-plena-tormenta-economica\/\" \/>\n\t<meta name=\"generator\" content=\"All in One SEO Pro (AIOSEO) 5.0.1\" \/>\n\t\t<meta property=\"og:locale\" content=\"es_ES\" \/>\n\t\t<meta property=\"og:site_name\" content=\"El Digital de Asturias\" \/>\n\t\t<meta property=\"og:type\" content=\"article\" \/>\n\t\t<meta property=\"og:title\" content=\"Argentina piensa en proceso electoral de 2015 en plena tormenta econ\u00f3mica - El Digital de Asturias\" \/>\n\t\t<meta property=\"og:description\" content=\"Buenos Aires, 7 feb (EFE).- Con el Gobierno de Cristina Fern\u00e1ndez inmerso en frenar la tormenta econ\u00f3mica que sacude Argentina, la m\u00e1s grave en una d\u00e9cada, el peronismo y la oposici\u00f3n piensan ya en el proceso electoral de las presidenciales previsto para 2015. &quot;Que no se ilusionen, no nos vamos a ir antes&quot;, advirti\u00f3 esta\" \/>\n\t\t<meta property=\"og:url\" content=\"https:\/\/www.eldigitaldeasturias.com\/noticias\/argentina-piensa-en-proceso-electoral-de-2015-en-plena-tormenta-economica\/\" \/>\n\t\t<meta property=\"article:tag\" content=\"actualidad\" \/>\n\t\t<meta property=\"article:published_time\" content=\"2014-02-08T02:54:28+00:00\" \/>\n\t\t<meta property=\"article:modified_time\" content=\"2014-02-08T02:54:28+00:00\" \/>\n\t\t<meta property=\"article:publisher\" content=\"https:\/\/facebook.com\/eldigitaldeasturias\" \/>\n\t\t<meta name=\"twitter:card\" content=\"summary_large_image\" \/>\n\t\t<meta name=\"twitter:title\" content=\"Argentina piensa en proceso electoral de 2015 en plena tormenta econ\u00f3mica - El Digital de Asturias\" \/>\n\t\t<meta name=\"twitter:description\" content=\"Buenos Aires, 7 feb (EFE).- Con el Gobierno de Cristina Fern\u00e1ndez inmerso en frenar la tormenta econ\u00f3mica que sacude Argentina, la m\u00e1s grave en una d\u00e9cada, el peronismo y la oposici\u00f3n piensan ya en el proceso electoral de las presidenciales previsto para 2015. &quot;Que no se ilusionen, no nos vamos a ir antes&quot;, advirti\u00f3 esta\" \/>\n\t\t<meta name=\"twitter:label1\" content=\"Escrito por\" \/>\n\t\t<meta name=\"twitter:data1\" content=\"El Digital de Asturias\" \/>\n\t\t<meta name=\"twitter:label2\" content=\"Tiempo de lectura estimado\" \/>\n\t\t<meta name=\"twitter:data2\" content=\"4 minutos\" \/>\n\t\t<script type=\"application\/ld+json\" class=\"aioseo-schema\">\n\t\t\t{\"@context\":\"https:\\\/\\\/schema.org\",\"@graph\":[{\"@type\":\"BlogPosting\",\"@id\":\"https:\\\/\\\/www.eldigitaldeasturias.com\\\/noticias\\\/argentina-piensa-en-proceso-electoral-de-2015-en-plena-tormenta-economica\\\/#blogposting\",\"name\":\"Argentina piensa en proceso electoral de 2015 en plena tormenta econ\\u00f3mica - El Digital de Asturias\",\"headline\":\"Argentina piensa en proceso electoral de 2015 en plena tormenta econ\\u00f3mica\",\"author\":{\"@id\":\"https:\\\/\\\/www.eldigitaldeasturias.com\\\/noticias\\\/author\\\/admin\\\/#author\"},\"publisher\":{\"@id\":\"https:\\\/\\\/www.eldigitaldeasturias.com\\\/noticias\\\/#organization\"},\"image\":{\"@type\":\"ImageObject\",\"url\":486440},\"datePublished\":\"2014-02-08T01:54:28+01:00\",\"dateModified\":\"2014-02-08T01:54:28+01:00\",\"inLanguage\":\"es-ES\",\"mainEntityOfPage\":{\"@id\":\"https:\\\/\\\/www.eldigitaldeasturias.com\\\/noticias\\\/argentina-piensa-en-proceso-electoral-de-2015-en-plena-tormenta-economica\\\/#webpage\"},\"isPartOf\":{\"@id\":\"https:\\\/\\\/www.eldigitaldeasturias.com\\\/noticias\\\/argentina-piensa-en-proceso-electoral-de-2015-en-plena-tormenta-economica\\\/#webpage\"},\"articleSection\":\"Actualidad\"},{\"@type\":\"BreadcrumbList\",\"@id\":\"https:\\\/\\\/www.eldigitaldeasturias.com\\\/noticias\\\/argentina-piensa-en-proceso-electoral-de-2015-en-plena-tormenta-economica\\\/#breadcrumblist\",\"itemListElement\":[{\"@type\":\"ListItem\",\"@id\":\"https:\\\/\\\/www.eldigitaldeasturias.com\\\/noticias#listItem\",\"position\":1,\"name\":\"Home\",\"item\":\"https:\\\/\\\/www.eldigitaldeasturias.com\\\/noticias\",\"nextItem\":{\"@type\":\"ListItem\",\"@id\":\"https:\\\/\\\/www.eldigitaldeasturias.com\\\/noticias\\\/category\\\/actualidad\\\/#listItem\",\"name\":\"Actualidad\"}},{\"@type\":\"ListItem\",\"@id\":\"https:\\\/\\\/www.eldigitaldeasturias.com\\\/noticias\\\/category\\\/actualidad\\\/#listItem\",\"position\":2,\"name\":\"Actualidad\",\"item\":\"https:\\\/\\\/www.eldigitaldeasturias.com\\\/noticias\\\/category\\\/actualidad\\\/\",\"nextItem\":{\"@type\":\"ListItem\",\"@id\":\"https:\\\/\\\/www.eldigitaldeasturias.com\\\/noticias\\\/argentina-piensa-en-proceso-electoral-de-2015-en-plena-tormenta-economica\\\/#listItem\",\"name\":\"Argentina piensa en proceso electoral de 2015 en plena tormenta econ\\u00f3mica\"},\"previousItem\":{\"@type\":\"ListItem\",\"@id\":\"https:\\\/\\\/www.eldigitaldeasturias.com\\\/noticias#listItem\",\"name\":\"Home\"}},{\"@type\":\"ListItem\",\"@id\":\"https:\\\/\\\/www.eldigitaldeasturias.com\\\/noticias\\\/argentina-piensa-en-proceso-electoral-de-2015-en-plena-tormenta-economica\\\/#listItem\",\"position\":3,\"name\":\"Argentina piensa en proceso electoral de 2015 en plena tormenta econ\\u00f3mica\",\"previousItem\":{\"@type\":\"ListItem\",\"@id\":\"https:\\\/\\\/www.eldigitaldeasturias.com\\\/noticias\\\/category\\\/actualidad\\\/#listItem\",\"name\":\"Actualidad\"}}]},{\"@type\":\"Organization\",\"@id\":\"https:\\\/\\\/www.eldigitaldeasturias.com\\\/noticias\\\/#organization\",\"name\":\"El Digital de Asturias\",\"description\":\"Hemeroteca\",\"url\":\"https:\\\/\\\/www.eldigitaldeasturias.com\\\/noticias\\\/\",\"email\":\"info@eldigitaldeasturias.com\",\"telephone\":\"+34652131393\",\"logo\":{\"@type\":\"ImageObject\",\"url\":\"https:\\\/\\\/www.eldigitaldeasturias.com\\\/noticias\\\/wp-content\\\/uploads\\\/2020\\\/12\\\/EDA.jpg\",\"@id\":\"https:\\\/\\\/www.eldigitaldeasturias.com\\\/noticias\\\/argentina-piensa-en-proceso-electoral-de-2015-en-plena-tormenta-economica\\\/#organizationLogo\"},\"image\":{\"@id\":\"https:\\\/\\\/www.eldigitaldeasturias.com\\\/noticias\\\/argentina-piensa-en-proceso-electoral-de-2015-en-plena-tormenta-economica\\\/#organizationLogo\"},\"sameAs\":[\"https:\\\/\\\/facebook.com\\\/eldigitaldeasturias\",\"https:\\\/\\\/www.youtube.com\\\/channel\\\/UCZP-2wLEB9Rv6erhFmqVnvg\"],\"address\":{\"@id\":\"https:\\\/\\\/www.eldigitaldeasturias.com\\\/noticias\\\/#postaladdress\",\"@type\":\"PostalAddress\",\"streetAddress\":\"san antonio 4\",\"postalCode\":\"33430\",\"addressLocality\":\"Cand\\u00e1s\",\"addressRegion\":\"Asturias\",\"addressCountry\":\"ES\"}},{\"@type\":\"Person\",\"@id\":\"https:\\\/\\\/www.eldigitaldeasturias.com\\\/noticias\\\/author\\\/admin\\\/#author\",\"url\":\"https:\\\/\\\/www.eldigitaldeasturias.com\\\/noticias\\\/author\\\/admin\\\/\",\"name\":\"El Digital de Asturias\",\"image\":{\"@type\":\"ImageObject\",\"@id\":\"https:\\\/\\\/www.eldigitaldeasturias.com\\\/noticias\\\/argentina-piensa-en-proceso-electoral-de-2015-en-plena-tormenta-economica\\\/#authorImage\",\"url\":\"https:\\\/\\\/secure.gravatar.com\\\/avatar\\\/df2aeffc32bcd13f8d26072ef8a91b623d677766deac7f97ca815868cd41bf5e?s=96&d=mm&r=g\",\"width\":96,\"height\":96,\"caption\":\"El Digital de Asturias\"}},{\"@type\":\"WebPage\",\"@id\":\"https:\\\/\\\/www.eldigitaldeasturias.com\\\/noticias\\\/argentina-piensa-en-proceso-electoral-de-2015-en-plena-tormenta-economica\\\/#webpage\",\"url\":\"https:\\\/\\\/www.eldigitaldeasturias.com\\\/noticias\\\/argentina-piensa-en-proceso-electoral-de-2015-en-plena-tormenta-economica\\\/\",\"name\":\"Argentina piensa en proceso electoral de 2015 en plena tormenta econ\\u00f3mica - El Digital de Asturias\",\"description\":\"Buenos Aires, 7 feb (EFE).- Con el Gobierno de Cristina Fern\\u00e1ndez inmerso en frenar la tormenta econ\\u00f3mica que sacude Argentina, la m\\u00e1s grave en una d\\u00e9cada, el peronismo y la oposici\\u00f3n piensan ya en el proceso electoral de las presidenciales previsto para 2015. \\\"Que no se ilusionen, no nos vamos a ir antes\\\", advirti\\u00f3 esta\",\"inLanguage\":\"es-ES\",\"isPartOf\":{\"@id\":\"https:\\\/\\\/www.eldigitaldeasturias.com\\\/noticias\\\/#website\"},\"breadcrumb\":{\"@id\":\"https:\\\/\\\/www.eldigitaldeasturias.com\\\/noticias\\\/argentina-piensa-en-proceso-electoral-de-2015-en-plena-tormenta-economica\\\/#breadcrumblist\"},\"author\":{\"@id\":\"https:\\\/\\\/www.eldigitaldeasturias.com\\\/noticias\\\/author\\\/admin\\\/#author\"},\"creator\":{\"@id\":\"https:\\\/\\\/www.eldigitaldeasturias.com\\\/noticias\\\/author\\\/admin\\\/#author\"},\"image\":{\"@type\":\"ImageObject\",\"url\":486440,\"@id\":\"https:\\\/\\\/www.eldigitaldeasturias.com\\\/noticias\\\/argentina-piensa-en-proceso-electoral-de-2015-en-plena-tormenta-economica\\\/#mainImage\"},\"primaryImageOfPage\":{\"@id\":\"https:\\\/\\\/www.eldigitaldeasturias.com\\\/noticias\\\/argentina-piensa-en-proceso-electoral-de-2015-en-plena-tormenta-economica\\\/#mainImage\"},\"datePublished\":\"2014-02-08T01:54:28+01:00\",\"dateModified\":\"2014-02-08T01:54:28+01:00\"},{\"@type\":\"WebSite\",\"@id\":\"https:\\\/\\\/www.eldigitaldeasturias.com\\\/noticias\\\/#website\",\"url\":\"https:\\\/\\\/www.eldigitaldeasturias.com\\\/noticias\\\/\",\"name\":\"El Digital de Asturias - Diario de actualidad y noticias\",\"alternateName\":\"El Digital de Asturias - Diario de actualidad y noticias\",\"description\":\"Hemeroteca\",\"inLanguage\":\"es-ES\",\"publisher\":{\"@id\":\"https:\\\/\\\/www.eldigitaldeasturias.com\\\/noticias\\\/#organization\"}}]}\n\t\t<\/script>\n\t\t<!-- All in One SEO Pro -->\r\n\t\t<title>Argentina piensa en proceso electoral de 2015 en plena tormenta econ\u00f3mica - El Digital de Asturias<\/title>\n\n","aioseo_head_json":{"title":"Argentina piensa en proceso electoral de 2015 en plena tormenta econ\u00f3mica - El Digital de Asturias","description":"Buenos Aires, 7 feb (EFE).- Con el Gobierno de Cristina Fern\u00e1ndez inmerso en frenar la tormenta econ\u00f3mica que sacude Argentina, la m\u00e1s grave en una d\u00e9cada, el peronismo y la oposici\u00f3n piensan ya en el proceso electoral de las presidenciales previsto para 2015. \"Que no se ilusionen, no nos vamos a ir antes\", advirti\u00f3 esta","canonical_url":"https:\/\/www.eldigitaldeasturias.com\/noticias\/argentina-piensa-en-proceso-electoral-de-2015-en-plena-tormenta-economica\/","robots":"max-image-preview:large","keywords":"actualidad","webmasterTools":{"google-site-verification":"UA-38556648-1","msvalidate.01":"7dfe9f3f1b24437ab69f4f2559babe99","miscellaneous":""},"schema":{"@context":"https:\/\/schema.org","@graph":[{"@type":"BlogPosting","@id":"https:\/\/www.eldigitaldeasturias.com\/noticias\/argentina-piensa-en-proceso-electoral-de-2015-en-plena-tormenta-economica\/#blogposting","name":"Argentina piensa en proceso electoral de 2015 en plena tormenta econ\u00f3mica - El Digital de Asturias","headline":"Argentina piensa en proceso electoral de 2015 en plena tormenta econ\u00f3mica","author":{"@id":"https:\/\/www.eldigitaldeasturias.com\/noticias\/author\/admin\/#author"},"publisher":{"@id":"https:\/\/www.eldigitaldeasturias.com\/noticias\/#organization"},"image":{"@type":"ImageObject","url":486440},"datePublished":"2014-02-08T01:54:28+01:00","dateModified":"2014-02-08T01:54:28+01:00","inLanguage":"es-ES","mainEntityOfPage":{"@id":"https:\/\/www.eldigitaldeasturias.com\/noticias\/argentina-piensa-en-proceso-electoral-de-2015-en-plena-tormenta-economica\/#webpage"},"isPartOf":{"@id":"https:\/\/www.eldigitaldeasturias.com\/noticias\/argentina-piensa-en-proceso-electoral-de-2015-en-plena-tormenta-economica\/#webpage"},"articleSection":"Actualidad"},{"@type":"BreadcrumbList","@id":"https:\/\/www.eldigitaldeasturias.com\/noticias\/argentina-piensa-en-proceso-electoral-de-2015-en-plena-tormenta-economica\/#breadcrumblist","itemListElement":[{"@type":"ListItem","@id":"https:\/\/www.eldigitaldeasturias.com\/noticias#listItem","position":1,"name":"Home","item":"https:\/\/www.eldigitaldeasturias.com\/noticias","nextItem":{"@type":"ListItem","@id":"https:\/\/www.eldigitaldeasturias.com\/noticias\/category\/actualidad\/#listItem","name":"Actualidad"}},{"@type":"ListItem","@id":"https:\/\/www.eldigitaldeasturias.com\/noticias\/category\/actualidad\/#listItem","position":2,"name":"Actualidad","item":"https:\/\/www.eldigitaldeasturias.com\/noticias\/category\/actualidad\/","nextItem":{"@type":"ListItem","@id":"https:\/\/www.eldigitaldeasturias.com\/noticias\/argentina-piensa-en-proceso-electoral-de-2015-en-plena-tormenta-economica\/#listItem","name":"Argentina piensa en proceso electoral de 2015 en plena tormenta econ\u00f3mica"},"previousItem":{"@type":"ListItem","@id":"https:\/\/www.eldigitaldeasturias.com\/noticias#listItem","name":"Home"}},{"@type":"ListItem","@id":"https:\/\/www.eldigitaldeasturias.com\/noticias\/argentina-piensa-en-proceso-electoral-de-2015-en-plena-tormenta-economica\/#listItem","position":3,"name":"Argentina piensa en proceso electoral de 2015 en plena tormenta econ\u00f3mica","previousItem":{"@type":"ListItem","@id":"https:\/\/www.eldigitaldeasturias.com\/noticias\/category\/actualidad\/#listItem","name":"Actualidad"}}]},{"@type":"Organization","@id":"https:\/\/www.eldigitaldeasturias.com\/noticias\/#organization","name":"El Digital de Asturias","description":"Hemeroteca","url":"https:\/\/www.eldigitaldeasturias.com\/noticias\/","email":"info@eldigitaldeasturias.com","telephone":"+34652131393","logo":{"@type":"ImageObject","url":"https:\/\/www.eldigitaldeasturias.com\/noticias\/wp-content\/uploads\/2020\/12\/EDA.jpg","@id":"https:\/\/www.eldigitaldeasturias.com\/noticias\/argentina-piensa-en-proceso-electoral-de-2015-en-plena-tormenta-economica\/#organizationLogo"},"image":{"@id":"https:\/\/www.eldigitaldeasturias.com\/noticias\/argentina-piensa-en-proceso-electoral-de-2015-en-plena-tormenta-economica\/#organizationLogo"},"sameAs":["https:\/\/facebook.com\/eldigitaldeasturias","https:\/\/www.youtube.com\/channel\/UCZP-2wLEB9Rv6erhFmqVnvg"],"address":{"@id":"https:\/\/www.eldigitaldeasturias.com\/noticias\/#postaladdress","@type":"PostalAddress","streetAddress":"san antonio 4","postalCode":"33430","addressLocality":"Cand\u00e1s","addressRegion":"Asturias","addressCountry":"ES"}},{"@type":"Person","@id":"https:\/\/www.eldigitaldeasturias.com\/noticias\/author\/admin\/#author","url":"https:\/\/www.eldigitaldeasturias.com\/noticias\/author\/admin\/","name":"El Digital de Asturias","image":{"@type":"ImageObject","@id":"https:\/\/www.eldigitaldeasturias.com\/noticias\/argentina-piensa-en-proceso-electoral-de-2015-en-plena-tormenta-economica\/#authorImage","url":"https:\/\/secure.gravatar.com\/avatar\/df2aeffc32bcd13f8d26072ef8a91b623d677766deac7f97ca815868cd41bf5e?s=96&d=mm&r=g","width":96,"height":96,"caption":"El Digital de Asturias"}},{"@type":"WebPage","@id":"https:\/\/www.eldigitaldeasturias.com\/noticias\/argentina-piensa-en-proceso-electoral-de-2015-en-plena-tormenta-economica\/#webpage","url":"https:\/\/www.eldigitaldeasturias.com\/noticias\/argentina-piensa-en-proceso-electoral-de-2015-en-plena-tormenta-economica\/","name":"Argentina piensa en proceso electoral de 2015 en plena tormenta econ\u00f3mica - El Digital de Asturias","description":"Buenos Aires, 7 feb (EFE).- Con el Gobierno de Cristina Fern\u00e1ndez inmerso en frenar la tormenta econ\u00f3mica que sacude Argentina, la m\u00e1s grave en una d\u00e9cada, el peronismo y la oposici\u00f3n piensan ya en el proceso electoral de las presidenciales previsto para 2015. \"Que no se ilusionen, no nos vamos a ir antes\", advirti\u00f3 esta","inLanguage":"es-ES","isPartOf":{"@id":"https:\/\/www.eldigitaldeasturias.com\/noticias\/#website"},"breadcrumb":{"@id":"https:\/\/www.eldigitaldeasturias.com\/noticias\/argentina-piensa-en-proceso-electoral-de-2015-en-plena-tormenta-economica\/#breadcrumblist"},"author":{"@id":"https:\/\/www.eldigitaldeasturias.com\/noticias\/author\/admin\/#author"},"creator":{"@id":"https:\/\/www.eldigitaldeasturias.com\/noticias\/author\/admin\/#author"},"image":{"@type":"ImageObject","url":486440,"@id":"https:\/\/www.eldigitaldeasturias.com\/noticias\/argentina-piensa-en-proceso-electoral-de-2015-en-plena-tormenta-economica\/#mainImage"},"primaryImageOfPage":{"@id":"https:\/\/www.eldigitaldeasturias.com\/noticias\/argentina-piensa-en-proceso-electoral-de-2015-en-plena-tormenta-economica\/#mainImage"},"datePublished":"2014-02-08T01:54:28+01:00","dateModified":"2014-02-08T01:54:28+01:00"},{"@type":"WebSite","@id":"https:\/\/www.eldigitaldeasturias.com\/noticias\/#website","url":"https:\/\/www.eldigitaldeasturias.com\/noticias\/","name":"El Digital de Asturias - Diario de actualidad y noticias","alternateName":"El Digital de Asturias - Diario de actualidad y noticias","description":"Hemeroteca","inLanguage":"es-ES","publisher":{"@id":"https:\/\/www.eldigitaldeasturias.com\/noticias\/#organization"}}]},"og:locale":"es_ES","og:site_name":"El Digital de Asturias","og:type":"article","og:title":"Argentina piensa en proceso electoral de 2015 en plena tormenta econ\u00f3mica - El Digital de Asturias","og:description":"Buenos Aires, 7 feb (EFE).- Con el Gobierno de Cristina Fern\u00e1ndez inmerso en frenar la tormenta econ\u00f3mica que sacude Argentina, la m\u00e1s grave en una d\u00e9cada, el peronismo y la oposici\u00f3n piensan ya en el proceso electoral de las presidenciales previsto para 2015. &quot;Que no se ilusionen, no nos vamos a ir antes&quot;, advirti\u00f3 esta","og:url":"https:\/\/www.eldigitaldeasturias.com\/noticias\/argentina-piensa-en-proceso-electoral-de-2015-en-plena-tormenta-economica\/","article:tag":["actualidad"],"article:published_time":"2014-02-08T02:54:28+00:00","article:modified_time":"2014-02-08T02:54:28+00:00","article:publisher":"https:\/\/facebook.com\/eldigitaldeasturias","twitter:card":"summary_large_image","twitter:title":"Argentina piensa en proceso electoral de 2015 en plena tormenta econ\u00f3mica - El Digital de Asturias","twitter:description":"Buenos Aires, 7 feb (EFE).- Con el Gobierno de Cristina Fern\u00e1ndez inmerso en frenar la tormenta econ\u00f3mica que sacude Argentina, la m\u00e1s grave en una d\u00e9cada, el peronismo y la oposici\u00f3n piensan ya en el proceso electoral de las presidenciales previsto para 2015. &quot;Que no se ilusionen, no nos vamos a ir antes&quot;, advirti\u00f3 esta","twitter:label1":"Escrito por","twitter:data1":"El Digital de Asturias","twitter:label2":"Tiempo de lectura estimado","twitter:data2":"4 minutos"},"aioseo_meta_data":{"post_id":"486439","title":null,"description":null,"keywords":null,"keyphrases":null,"primary_term":null,"canonical_url":null,"og_title":null,"og_description":null,"og_object_type":"default","og_image_type":"default","og_image_url":null,"og_image_width":null,"og_image_height":null,"og_image_custom_url":null,"og_image_custom_fields":null,"og_video":null,"og_custom_url":null,"og_article_section":null,"og_article_tags":null,"twitter_use_og":true,"twitter_card":"default","twitter_image_type":"default","twitter_image_url":null,"twitter_image_custom_url":null,"twitter_image_custom_fields":null,"twitter_title":null,"twitter_description":null,"schema":{"blockGraphs":[],"customGraphs":[],"default":{"data":{"Article":[],"Course":[],"Dataset":[],"FAQPage":[],"Movie":[],"Person":[],"Product":[],"ProductReview":[],"Car":[],"Recipe":[],"Service":[],"SoftwareApplication":[],"WebPage":[]},"graphName":"","isEnabled":true},"graphs":[],"defaultGraph":"","defaultPostTypeGraph":""},"schema_type":null,"schema_type_options":null,"pillar_content":false,"robots_default":true,"robots_noindex":false,"robots_noarchive":false,"robots_nosnippet":false,"robots_nofollow":false,"robots_noimageindex":false,"robots_noodp":false,"robots_notranslate":false,"robots_max_snippet":null,"robots_max_videopreview":null,"robots_max_imagepreview":"none","priority":null,"frequency":null,"local_seo":null,"seo_analyzer_scan_date":"2026-06-03 00:55:00","breadcrumb_settings":null,"limit_modified_date":false,"open_ai":null,"ai":null,"created":"2020-11-14 22:56:06","updated":"2026-06-03 00:55:00","focus_keyword":null,"additional_keywords":null,"truseo_locale":null},"aioseo_breadcrumb":"<div class=\"aioseo-breadcrumbs\"><span class=\"aioseo-breadcrumb\">\n\t<a href=\"https:\/\/www.eldigitaldeasturias.com\/noticias\" title=\"Home\">Home<\/a>\n<\/span><span class=\"aioseo-breadcrumb-separator\">\u2013<\/span><span class=\"aioseo-breadcrumb\">\n\t<a href=\"https:\/\/www.eldigitaldeasturias.com\/noticias\/category\/actualidad\/\" title=\"Actualidad\">Actualidad<\/a>\n<\/span><span class=\"aioseo-breadcrumb-separator\">\u2013<\/span><span class=\"aioseo-breadcrumb\">\n\t<a href=\"https:\/\/www.eldigitaldeasturias.com\/noticias\/argentina-piensa-en-proceso-electoral-de-2015-en-plena-tormenta-economica\/\" title=\"Argentina piensa en proceso electoral de 2015 en plena tormenta econ\u00f3mica\">Argentina piensa en proceso electoral de 2015 en plena tormenta econ\u00f3mica<\/a>\n<\/span><\/div>","aioseo_breadcrumb_json":[{"label":"Home","link":"https:\/\/www.eldigitaldeasturias.com\/noticias"},{"label":"Actualidad","link":"https:\/\/www.eldigitaldeasturias.com\/noticias\/category\/actualidad\/"},{"label":"Argentina piensa en proceso electoral de 2015 en plena tormenta econ\u00f3mica","link":"https:\/\/www.eldigitaldeasturias.com\/noticias\/argentina-piensa-en-proceso-electoral-de-2015-en-plena-tormenta-economica\/"}],"_links":{"self":[{"href":"https:\/\/www.eldigitaldeasturias.com\/noticias\/wp-json\/wp\/v2\/posts\/486439","targetHints":{"allow":["GET"]}}],"collection":[{"href":"https:\/\/www.eldigitaldeasturias.com\/noticias\/wp-json\/wp\/v2\/posts"}],"about":[{"href":"https:\/\/www.eldigitaldeasturias.com\/noticias\/wp-json\/wp\/v2\/types\/post"}],"author":[{"embeddable":true,"href":"https:\/\/www.eldigitaldeasturias.com\/noticias\/wp-json\/wp\/v2\/users\/1"}],"replies":[{"embeddable":true,"href":"https:\/\/www.eldigitaldeasturias.com\/noticias\/wp-json\/wp\/v2\/comments?post=486439"}],"version-history":[{"count":0,"href":"https:\/\/www.eldigitaldeasturias.com\/noticias\/wp-json\/wp\/v2\/posts\/486439\/revisions"}],"wp:attachment":[{"href":"https:\/\/www.eldigitaldeasturias.com\/noticias\/wp-json\/wp\/v2\/media?parent=486439"}],"wp:term":[{"taxonomy":"category","embeddable":true,"href":"https:\/\/www.eldigitaldeasturias.com\/noticias\/wp-json\/wp\/v2\/categories?post=486439"},{"taxonomy":"post_tag","embeddable":true,"href":"https:\/\/www.eldigitaldeasturias.com\/noticias\/wp-json\/wp\/v2\/tags?post=486439"}],"curies":[{"name":"wp","href":"https:\/\/api.w.org\/{rel}","templated":true}]}}