{"id":486430,"date":"2014-02-08T01:49:46","date_gmt":"2014-02-08T02:49:46","guid":{"rendered":"http:\/\/www.eldigitaldeasturias.com\/noticias\/?p=486430"},"modified":"2014-02-08T01:49:46","modified_gmt":"2014-02-08T02:49:46","slug":"interior-comparecera-para-explicar-la-muerte-de-inmigrantes-en-ceuta","status":"publish","type":"post","link":"https:\/\/www.eldigitaldeasturias.com\/noticias\/interior-comparecera-para-explicar-la-muerte-de-inmigrantes-en-ceuta\/","title":{"rendered":"Interior comparecer\u00e1 para explicar la muerte de inmigrantes en Ceuta"},"content":{"rendered":"<p><img loading=\"lazy\" decoding=\"async\" class=\"alignleft size-medium wp-image-486431\" alt=\"5920766w\" src=\"https:\/\/www.eldigitaldeasturias.com\/noticias\/wp-content\/uploads\/2014\/02\/5920766w-360x246.jpg\" width=\"360\" height=\"246\" \/>Madrid, 7 feb (EFE).- La muerte ayer de al menos nueve inmigrantes cuando trataban de llegar a nado a Ceuta ha llevado hoy a los partidos a exigir explicaciones al ministro del Interior, quien ha pedido comparecer ante el Congreso, mientras la Guardia Civil niega que se usaran armas de fuego o pelotas contra ellos.<\/p>\n<p>Las autoridades espa\u00f1olas tienen constancia de nueve fallecidos, cuyos cad\u00e1veres han sido recuperados, aunque seg\u00fan fuentes marroqu\u00edes cercanas a la investigaci\u00f3n habr\u00eda al menos trece v\u00edctimas mortales.<\/p>\n<p>El suceso ha motivado que varios partidos pol\u00edticos hayan exigido a lo largo de la ma\u00f1ana explicaciones al ministro del Interior, e incluso algunos su dimisi\u00f3n, mientras Jorge Fern\u00e1ndez D\u00edaz solicitaba comparecer en el Congreso para explicar lo sucedido.<\/p>\n<p>La vicepresidenta del Gobierno, Soraya S\u00e1enz de Santamar\u00eda, ha anunciado esta comparecencia en la rueda de prensa posterior al Consejo de Ministros, en la que ha lamentado la tragedia y no se ha referido a la posibilidad de que la intervenci\u00f3n de la Guardia Civil contribuyera a la muerte de los inmigrantes.<\/p>\n<p>En este sentido, el director general del instituto armado, Arsenio Fern\u00e1ndez de Mesa, ha negado en declaraciones a la cadena Ser recogidas por Efe que los agentes emplearan armas de fuego o pelotas de goma contra los inmigrantes que estaban en el agua, aunque ha admitido que si se usaron en la valla fronteriza para impedir el asalto masivo que se pretend\u00eda.<\/p>\n<p>Fern\u00e1ndez de Mesa ha considerado \u00abmuy injusto\u00bb que alguien pueda pensar que los agentes hayan disparado a alg\u00fan inmigrante cuando llevan muchos a\u00f1os defendiendo y \u00abarriesgando su vida\u00bb por estas personas y trabajan \u00abcon ejemplaridad\u00bb.<\/p>\n<p>Ha destacado que los inmigrantes mostraron una agresividad \u00abdescomunal\u00bb.<\/p>\n<p>El director general del instituto armado ten\u00eda previsto viajar hoy a Ceuta para recibir informaci\u00f3n de primera mano de los mandos de esa Comandancia, pero el mal tiempo le ha obligado a aplazar el viaje, que previsiblemente har\u00e1 el lunes o el martes.<\/p>\n<p>Hoy la defensora del Pueblo, Soledad Becerril, ha abierto una investigaci\u00f3n de oficio para aclarar lo ocurrido y ha pedido informaci\u00f3n para conocer con detalle las actuaciones realizadas por los Cuerpos y Fuerzas de Seguridad del Estado.<\/p>\n<p>Por su parte, la Comisi\u00f3n Espa\u00f1ola de Ayuda al Refugiado (CEAR) ha instado a la ONU a que se implique en el conflicto derivado de la presi\u00f3n migratoria en las fronteras de Marruecos con Ceuta y Melilla \u00abcomo organismo observador\u00bb.<\/p>\n<p>La secretaria general de CEAR, Estrella Gal\u00e1n, ha solicitado, en declaraciones a Efe, que \u00abse env\u00ede una misi\u00f3n investigadora de la ONU\u00bb para aclarar lo ocurrido en Ceuta y ha tildado de \u00abinadmisible\u00bb el uso de material antidisturbios para controlar las fronteras.<\/p>\n<p>En el \u00e1mbito pol\u00edtico, el PSOE ha pedido esta ma\u00f1ana la comparecencia urgente en el Congreso del ministro para aclarar \u00abinformaciones contradictorias\u00bb por parte de las autoridades, ya que \u00abno se puede consentir que la falta de transparencia y de informaci\u00f3n pueda afectar a la buena imagen que tiene la Guardia Civil en la poblaci\u00f3n espa\u00f1ola\u00bb.<\/p>\n<p>En la misma l\u00ednea se ha pronunciado Izquierda Unida, que ya pidi\u00f3 ayer la dimisi\u00f3n del ministro, una petici\u00f3n a la que se han sumado hoy Izquierda Plural, formaci\u00f3n que cree que la Guardia Civil ha llevado a cabo una \u00abrepresi\u00f3n\u00bb en Ceuta, as\u00ed como ICV, que ha acusado a Interior de \u00abdespreciar la vida de las personas que est\u00e1n en una situaci\u00f3n l\u00edmite\u00bb.<\/p>\n<p>Por su parte, el portavoz de inmigraci\u00f3n de CiU, Antoni Pic\u00f3, ha adelantado que reclamar\u00e1n al Gobierno toda la informaci\u00f3n sobre las muertes de inmigrantes subsaharianos en Ceuta y sobre las \u00abdevoluciones ilegales\u00bb que, supuestamente, se han llevado a cabo en Melilla.<\/p>\n<p>El sindicato UGT ha solicitado al Gobierno que abra una comisi\u00f3n de investigaci\u00f3n sobre el suceso, mientras la Di\u00f3cesis de C\u00e1diz y Ceuta ha considerado que estas muertes suponen \u00abuno de los m\u00e1s graves dramas humanos\u00bb ocurridos en las cercan\u00edas de la ciudad aut\u00f3noma y ha pedido que la frontera deje de ser \u00abun espacio de muertes y dramas\u00bb.<\/p>\n","protected":false},"excerpt":{"rendered":"<p>Madrid, 7 feb (EFE).- La muerte ayer de al menos nueve inmigrantes cuando trataban de llegar a nado a Ceuta ha llevado hoy a los partidos a exigir explicaciones al ministro del Interior, quien ha pedido comparecer ante el Congreso, mientras la Guardia Civil niega que se usaran armas de fuego o pelotas contra ellos. [&hellip;]<\/p>\n","protected":false},"author":1,"featured_media":486431,"comment_status":"open","ping_status":"open","sticky":false,"template":"","format":"standard","meta":{"footnotes":""},"categories":[1],"tags":[],"class_list":["post-486430","post","type-post","status-publish","format-standard","has-post-thumbnail","hentry","category-actualidad"],"aioseo_notices":[],"aioseo_head":"\n\t\t<!-- All in One SEO Pro 5.0.1 - aioseo.com -->\n\t<meta name=\"description\" content=\"Madrid, 7 feb (EFE).- La muerte ayer de al menos nueve inmigrantes cuando trataban de llegar a nado a Ceuta ha llevado hoy a los partidos a exigir explicaciones al ministro del Interior, quien ha pedido comparecer ante el Congreso, mientras la Guardia Civil niega que se usaran armas de fuego o pelotas contra ellos.\" \/>\n\t<meta name=\"robots\" content=\"max-image-preview:large\" \/>\n\t<meta name=\"author\" content=\"El Digital de Asturias\"\/>\n\t<meta name=\"google-site-verification\" content=\"UA-38556648-1\" \/>\n\t<meta name=\"msvalidate.01\" content=\"7dfe9f3f1b24437ab69f4f2559babe99\" \/>\n\t<meta name=\"keywords\" content=\"actualidad\" \/>\n\t<link rel=\"canonical\" href=\"https:\/\/www.eldigitaldeasturias.com\/noticias\/interior-comparecera-para-explicar-la-muerte-de-inmigrantes-en-ceuta\/\" \/>\n\t<meta name=\"generator\" content=\"All in One SEO Pro (AIOSEO) 5.0.1\" \/>\n\t\t<meta property=\"og:locale\" content=\"es_ES\" \/>\n\t\t<meta property=\"og:site_name\" content=\"El Digital de Asturias\" \/>\n\t\t<meta property=\"og:type\" content=\"article\" \/>\n\t\t<meta property=\"og:title\" content=\"Interior comparecer\u00e1 para explicar la muerte de inmigrantes en Ceuta - El Digital de Asturias\" \/>\n\t\t<meta property=\"og:description\" content=\"Madrid, 7 feb (EFE).- La muerte ayer de al menos nueve inmigrantes cuando trataban de llegar a nado a Ceuta ha llevado hoy a los partidos a exigir explicaciones al ministro del Interior, quien ha pedido comparecer ante el Congreso, mientras la Guardia Civil niega que se usaran armas de fuego o pelotas contra ellos.\" \/>\n\t\t<meta property=\"og:url\" content=\"https:\/\/www.eldigitaldeasturias.com\/noticias\/interior-comparecera-para-explicar-la-muerte-de-inmigrantes-en-ceuta\/\" \/>\n\t\t<meta property=\"article:tag\" content=\"actualidad\" \/>\n\t\t<meta property=\"article:published_time\" content=\"2014-02-08T02:49:46+00:00\" \/>\n\t\t<meta property=\"article:modified_time\" content=\"2014-02-08T02:49:46+00:00\" \/>\n\t\t<meta property=\"article:publisher\" content=\"https:\/\/facebook.com\/eldigitaldeasturias\" \/>\n\t\t<meta name=\"twitter:card\" content=\"summary_large_image\" \/>\n\t\t<meta name=\"twitter:title\" content=\"Interior comparecer\u00e1 para explicar la muerte de inmigrantes en Ceuta - El Digital de Asturias\" \/>\n\t\t<meta name=\"twitter:description\" content=\"Madrid, 7 feb (EFE).- La muerte ayer de al menos nueve inmigrantes cuando trataban de llegar a nado a Ceuta ha llevado hoy a los partidos a exigir explicaciones al ministro del Interior, quien ha pedido comparecer ante el Congreso, mientras la Guardia Civil niega que se usaran armas de fuego o pelotas contra ellos.\" \/>\n\t\t<meta name=\"twitter:label1\" content=\"Escrito por\" \/>\n\t\t<meta name=\"twitter:data1\" content=\"El Digital de Asturias\" \/>\n\t\t<meta name=\"twitter:label2\" content=\"Tiempo de lectura estimado\" \/>\n\t\t<meta name=\"twitter:data2\" content=\"4 minutos\" \/>\n\t\t<script type=\"application\/ld+json\" class=\"aioseo-schema\">\n\t\t\t{\"@context\":\"https:\\\/\\\/schema.org\",\"@graph\":[{\"@type\":\"BlogPosting\",\"@id\":\"https:\\\/\\\/www.eldigitaldeasturias.com\\\/noticias\\\/interior-comparecera-para-explicar-la-muerte-de-inmigrantes-en-ceuta\\\/#blogposting\",\"name\":\"Interior comparecer\\u00e1 para explicar la muerte de inmigrantes en Ceuta - El Digital de Asturias\",\"headline\":\"Interior comparecer\\u00e1 para explicar la muerte de inmigrantes en Ceuta\",\"author\":{\"@id\":\"https:\\\/\\\/www.eldigitaldeasturias.com\\\/noticias\\\/author\\\/admin\\\/#author\"},\"publisher\":{\"@id\":\"https:\\\/\\\/www.eldigitaldeasturias.com\\\/noticias\\\/#organization\"},\"image\":{\"@type\":\"ImageObject\",\"url\":486431},\"datePublished\":\"2014-02-08T01:49:46+01:00\",\"dateModified\":\"2014-02-08T01:49:46+01:00\",\"inLanguage\":\"es-ES\",\"mainEntityOfPage\":{\"@id\":\"https:\\\/\\\/www.eldigitaldeasturias.com\\\/noticias\\\/interior-comparecera-para-explicar-la-muerte-de-inmigrantes-en-ceuta\\\/#webpage\"},\"isPartOf\":{\"@id\":\"https:\\\/\\\/www.eldigitaldeasturias.com\\\/noticias\\\/interior-comparecera-para-explicar-la-muerte-de-inmigrantes-en-ceuta\\\/#webpage\"},\"articleSection\":\"Actualidad\"},{\"@type\":\"BreadcrumbList\",\"@id\":\"https:\\\/\\\/www.eldigitaldeasturias.com\\\/noticias\\\/interior-comparecera-para-explicar-la-muerte-de-inmigrantes-en-ceuta\\\/#breadcrumblist\",\"itemListElement\":[{\"@type\":\"ListItem\",\"@id\":\"https:\\\/\\\/www.eldigitaldeasturias.com\\\/noticias#listItem\",\"position\":1,\"name\":\"Home\",\"item\":\"https:\\\/\\\/www.eldigitaldeasturias.com\\\/noticias\",\"nextItem\":{\"@type\":\"ListItem\",\"@id\":\"https:\\\/\\\/www.eldigitaldeasturias.com\\\/noticias\\\/category\\\/actualidad\\\/#listItem\",\"name\":\"Actualidad\"}},{\"@type\":\"ListItem\",\"@id\":\"https:\\\/\\\/www.eldigitaldeasturias.com\\\/noticias\\\/category\\\/actualidad\\\/#listItem\",\"position\":2,\"name\":\"Actualidad\",\"item\":\"https:\\\/\\\/www.eldigitaldeasturias.com\\\/noticias\\\/category\\\/actualidad\\\/\",\"nextItem\":{\"@type\":\"ListItem\",\"@id\":\"https:\\\/\\\/www.eldigitaldeasturias.com\\\/noticias\\\/interior-comparecera-para-explicar-la-muerte-de-inmigrantes-en-ceuta\\\/#listItem\",\"name\":\"Interior comparecer\\u00e1 para explicar la muerte de inmigrantes en Ceuta\"},\"previousItem\":{\"@type\":\"ListItem\",\"@id\":\"https:\\\/\\\/www.eldigitaldeasturias.com\\\/noticias#listItem\",\"name\":\"Home\"}},{\"@type\":\"ListItem\",\"@id\":\"https:\\\/\\\/www.eldigitaldeasturias.com\\\/noticias\\\/interior-comparecera-para-explicar-la-muerte-de-inmigrantes-en-ceuta\\\/#listItem\",\"position\":3,\"name\":\"Interior comparecer\\u00e1 para explicar la muerte de inmigrantes en Ceuta\",\"previousItem\":{\"@type\":\"ListItem\",\"@id\":\"https:\\\/\\\/www.eldigitaldeasturias.com\\\/noticias\\\/category\\\/actualidad\\\/#listItem\",\"name\":\"Actualidad\"}}]},{\"@type\":\"Organization\",\"@id\":\"https:\\\/\\\/www.eldigitaldeasturias.com\\\/noticias\\\/#organization\",\"name\":\"El Digital de Asturias\",\"description\":\"Hemeroteca\",\"url\":\"https:\\\/\\\/www.eldigitaldeasturias.com\\\/noticias\\\/\",\"email\":\"info@eldigitaldeasturias.com\",\"telephone\":\"+34652131393\",\"logo\":{\"@type\":\"ImageObject\",\"url\":\"https:\\\/\\\/www.eldigitaldeasturias.com\\\/noticias\\\/wp-content\\\/uploads\\\/2020\\\/12\\\/EDA.jpg\",\"@id\":\"https:\\\/\\\/www.eldigitaldeasturias.com\\\/noticias\\\/interior-comparecera-para-explicar-la-muerte-de-inmigrantes-en-ceuta\\\/#organizationLogo\"},\"image\":{\"@id\":\"https:\\\/\\\/www.eldigitaldeasturias.com\\\/noticias\\\/interior-comparecera-para-explicar-la-muerte-de-inmigrantes-en-ceuta\\\/#organizationLogo\"},\"sameAs\":[\"https:\\\/\\\/facebook.com\\\/eldigitaldeasturias\",\"https:\\\/\\\/www.youtube.com\\\/channel\\\/UCZP-2wLEB9Rv6erhFmqVnvg\"],\"address\":{\"@id\":\"https:\\\/\\\/www.eldigitaldeasturias.com\\\/noticias\\\/#postaladdress\",\"@type\":\"PostalAddress\",\"streetAddress\":\"san antonio 4\",\"postalCode\":\"33430\",\"addressLocality\":\"Cand\\u00e1s\",\"addressRegion\":\"Asturias\",\"addressCountry\":\"ES\"}},{\"@type\":\"Person\",\"@id\":\"https:\\\/\\\/www.eldigitaldeasturias.com\\\/noticias\\\/author\\\/admin\\\/#author\",\"url\":\"https:\\\/\\\/www.eldigitaldeasturias.com\\\/noticias\\\/author\\\/admin\\\/\",\"name\":\"El Digital de Asturias\",\"image\":{\"@type\":\"ImageObject\",\"@id\":\"https:\\\/\\\/www.eldigitaldeasturias.com\\\/noticias\\\/interior-comparecera-para-explicar-la-muerte-de-inmigrantes-en-ceuta\\\/#authorImage\",\"url\":\"https:\\\/\\\/secure.gravatar.com\\\/avatar\\\/df2aeffc32bcd13f8d26072ef8a91b623d677766deac7f97ca815868cd41bf5e?s=96&d=mm&r=g\",\"width\":96,\"height\":96,\"caption\":\"El Digital de Asturias\"}},{\"@type\":\"WebPage\",\"@id\":\"https:\\\/\\\/www.eldigitaldeasturias.com\\\/noticias\\\/interior-comparecera-para-explicar-la-muerte-de-inmigrantes-en-ceuta\\\/#webpage\",\"url\":\"https:\\\/\\\/www.eldigitaldeasturias.com\\\/noticias\\\/interior-comparecera-para-explicar-la-muerte-de-inmigrantes-en-ceuta\\\/\",\"name\":\"Interior comparecer\\u00e1 para explicar la muerte de inmigrantes en Ceuta - El Digital de Asturias\",\"description\":\"Madrid, 7 feb (EFE).- La muerte ayer de al menos nueve inmigrantes cuando trataban de llegar a nado a Ceuta ha llevado hoy a los partidos a exigir explicaciones al ministro del Interior, quien ha pedido comparecer ante el Congreso, mientras la Guardia Civil niega que se usaran armas de fuego o pelotas contra ellos.\",\"inLanguage\":\"es-ES\",\"isPartOf\":{\"@id\":\"https:\\\/\\\/www.eldigitaldeasturias.com\\\/noticias\\\/#website\"},\"breadcrumb\":{\"@id\":\"https:\\\/\\\/www.eldigitaldeasturias.com\\\/noticias\\\/interior-comparecera-para-explicar-la-muerte-de-inmigrantes-en-ceuta\\\/#breadcrumblist\"},\"author\":{\"@id\":\"https:\\\/\\\/www.eldigitaldeasturias.com\\\/noticias\\\/author\\\/admin\\\/#author\"},\"creator\":{\"@id\":\"https:\\\/\\\/www.eldigitaldeasturias.com\\\/noticias\\\/author\\\/admin\\\/#author\"},\"image\":{\"@type\":\"ImageObject\",\"url\":486431,\"@id\":\"https:\\\/\\\/www.eldigitaldeasturias.com\\\/noticias\\\/interior-comparecera-para-explicar-la-muerte-de-inmigrantes-en-ceuta\\\/#mainImage\"},\"primaryImageOfPage\":{\"@id\":\"https:\\\/\\\/www.eldigitaldeasturias.com\\\/noticias\\\/interior-comparecera-para-explicar-la-muerte-de-inmigrantes-en-ceuta\\\/#mainImage\"},\"datePublished\":\"2014-02-08T01:49:46+01:00\",\"dateModified\":\"2014-02-08T01:49:46+01:00\"},{\"@type\":\"WebSite\",\"@id\":\"https:\\\/\\\/www.eldigitaldeasturias.com\\\/noticias\\\/#website\",\"url\":\"https:\\\/\\\/www.eldigitaldeasturias.com\\\/noticias\\\/\",\"name\":\"El Digital de Asturias - Diario de actualidad y noticias\",\"alternateName\":\"El Digital de Asturias - Diario de actualidad y noticias\",\"description\":\"Hemeroteca\",\"inLanguage\":\"es-ES\",\"publisher\":{\"@id\":\"https:\\\/\\\/www.eldigitaldeasturias.com\\\/noticias\\\/#organization\"}}]}\n\t\t<\/script>\n\t\t<!-- All in One SEO Pro -->\r\n\t\t<title>Interior comparecer\u00e1 para explicar la muerte de inmigrantes en Ceuta - El Digital de Asturias<\/title>\n\n","aioseo_head_json":{"title":"Interior comparecer\u00e1 para explicar la muerte de inmigrantes en Ceuta - El Digital de Asturias","description":"Madrid, 7 feb (EFE).- La muerte ayer de al menos nueve inmigrantes cuando trataban de llegar a nado a Ceuta ha llevado hoy a los partidos a exigir explicaciones al ministro del Interior, quien ha pedido comparecer ante el Congreso, mientras la Guardia Civil niega que se usaran armas de fuego o pelotas contra ellos.","canonical_url":"https:\/\/www.eldigitaldeasturias.com\/noticias\/interior-comparecera-para-explicar-la-muerte-de-inmigrantes-en-ceuta\/","robots":"max-image-preview:large","keywords":"actualidad","webmasterTools":{"google-site-verification":"UA-38556648-1","msvalidate.01":"7dfe9f3f1b24437ab69f4f2559babe99","miscellaneous":""},"schema":{"@context":"https:\/\/schema.org","@graph":[{"@type":"BlogPosting","@id":"https:\/\/www.eldigitaldeasturias.com\/noticias\/interior-comparecera-para-explicar-la-muerte-de-inmigrantes-en-ceuta\/#blogposting","name":"Interior comparecer\u00e1 para explicar la muerte de inmigrantes en Ceuta - El Digital de Asturias","headline":"Interior comparecer\u00e1 para explicar la muerte de inmigrantes en Ceuta","author":{"@id":"https:\/\/www.eldigitaldeasturias.com\/noticias\/author\/admin\/#author"},"publisher":{"@id":"https:\/\/www.eldigitaldeasturias.com\/noticias\/#organization"},"image":{"@type":"ImageObject","url":486431},"datePublished":"2014-02-08T01:49:46+01:00","dateModified":"2014-02-08T01:49:46+01:00","inLanguage":"es-ES","mainEntityOfPage":{"@id":"https:\/\/www.eldigitaldeasturias.com\/noticias\/interior-comparecera-para-explicar-la-muerte-de-inmigrantes-en-ceuta\/#webpage"},"isPartOf":{"@id":"https:\/\/www.eldigitaldeasturias.com\/noticias\/interior-comparecera-para-explicar-la-muerte-de-inmigrantes-en-ceuta\/#webpage"},"articleSection":"Actualidad"},{"@type":"BreadcrumbList","@id":"https:\/\/www.eldigitaldeasturias.com\/noticias\/interior-comparecera-para-explicar-la-muerte-de-inmigrantes-en-ceuta\/#breadcrumblist","itemListElement":[{"@type":"ListItem","@id":"https:\/\/www.eldigitaldeasturias.com\/noticias#listItem","position":1,"name":"Home","item":"https:\/\/www.eldigitaldeasturias.com\/noticias","nextItem":{"@type":"ListItem","@id":"https:\/\/www.eldigitaldeasturias.com\/noticias\/category\/actualidad\/#listItem","name":"Actualidad"}},{"@type":"ListItem","@id":"https:\/\/www.eldigitaldeasturias.com\/noticias\/category\/actualidad\/#listItem","position":2,"name":"Actualidad","item":"https:\/\/www.eldigitaldeasturias.com\/noticias\/category\/actualidad\/","nextItem":{"@type":"ListItem","@id":"https:\/\/www.eldigitaldeasturias.com\/noticias\/interior-comparecera-para-explicar-la-muerte-de-inmigrantes-en-ceuta\/#listItem","name":"Interior comparecer\u00e1 para explicar la muerte de inmigrantes en Ceuta"},"previousItem":{"@type":"ListItem","@id":"https:\/\/www.eldigitaldeasturias.com\/noticias#listItem","name":"Home"}},{"@type":"ListItem","@id":"https:\/\/www.eldigitaldeasturias.com\/noticias\/interior-comparecera-para-explicar-la-muerte-de-inmigrantes-en-ceuta\/#listItem","position":3,"name":"Interior comparecer\u00e1 para explicar la muerte de inmigrantes en Ceuta","previousItem":{"@type":"ListItem","@id":"https:\/\/www.eldigitaldeasturias.com\/noticias\/category\/actualidad\/#listItem","name":"Actualidad"}}]},{"@type":"Organization","@id":"https:\/\/www.eldigitaldeasturias.com\/noticias\/#organization","name":"El Digital de Asturias","description":"Hemeroteca","url":"https:\/\/www.eldigitaldeasturias.com\/noticias\/","email":"info@eldigitaldeasturias.com","telephone":"+34652131393","logo":{"@type":"ImageObject","url":"https:\/\/www.eldigitaldeasturias.com\/noticias\/wp-content\/uploads\/2020\/12\/EDA.jpg","@id":"https:\/\/www.eldigitaldeasturias.com\/noticias\/interior-comparecera-para-explicar-la-muerte-de-inmigrantes-en-ceuta\/#organizationLogo"},"image":{"@id":"https:\/\/www.eldigitaldeasturias.com\/noticias\/interior-comparecera-para-explicar-la-muerte-de-inmigrantes-en-ceuta\/#organizationLogo"},"sameAs":["https:\/\/facebook.com\/eldigitaldeasturias","https:\/\/www.youtube.com\/channel\/UCZP-2wLEB9Rv6erhFmqVnvg"],"address":{"@id":"https:\/\/www.eldigitaldeasturias.com\/noticias\/#postaladdress","@type":"PostalAddress","streetAddress":"san antonio 4","postalCode":"33430","addressLocality":"Cand\u00e1s","addressRegion":"Asturias","addressCountry":"ES"}},{"@type":"Person","@id":"https:\/\/www.eldigitaldeasturias.com\/noticias\/author\/admin\/#author","url":"https:\/\/www.eldigitaldeasturias.com\/noticias\/author\/admin\/","name":"El Digital de Asturias","image":{"@type":"ImageObject","@id":"https:\/\/www.eldigitaldeasturias.com\/noticias\/interior-comparecera-para-explicar-la-muerte-de-inmigrantes-en-ceuta\/#authorImage","url":"https:\/\/secure.gravatar.com\/avatar\/df2aeffc32bcd13f8d26072ef8a91b623d677766deac7f97ca815868cd41bf5e?s=96&d=mm&r=g","width":96,"height":96,"caption":"El Digital de Asturias"}},{"@type":"WebPage","@id":"https:\/\/www.eldigitaldeasturias.com\/noticias\/interior-comparecera-para-explicar-la-muerte-de-inmigrantes-en-ceuta\/#webpage","url":"https:\/\/www.eldigitaldeasturias.com\/noticias\/interior-comparecera-para-explicar-la-muerte-de-inmigrantes-en-ceuta\/","name":"Interior comparecer\u00e1 para explicar la muerte de inmigrantes en Ceuta - El Digital de Asturias","description":"Madrid, 7 feb (EFE).- La muerte ayer de al menos nueve inmigrantes cuando trataban de llegar a nado a Ceuta ha llevado hoy a los partidos a exigir explicaciones al ministro del Interior, quien ha pedido comparecer ante el Congreso, mientras la Guardia Civil niega que se usaran armas de fuego o pelotas contra ellos.","inLanguage":"es-ES","isPartOf":{"@id":"https:\/\/www.eldigitaldeasturias.com\/noticias\/#website"},"breadcrumb":{"@id":"https:\/\/www.eldigitaldeasturias.com\/noticias\/interior-comparecera-para-explicar-la-muerte-de-inmigrantes-en-ceuta\/#breadcrumblist"},"author":{"@id":"https:\/\/www.eldigitaldeasturias.com\/noticias\/author\/admin\/#author"},"creator":{"@id":"https:\/\/www.eldigitaldeasturias.com\/noticias\/author\/admin\/#author"},"image":{"@type":"ImageObject","url":486431,"@id":"https:\/\/www.eldigitaldeasturias.com\/noticias\/interior-comparecera-para-explicar-la-muerte-de-inmigrantes-en-ceuta\/#mainImage"},"primaryImageOfPage":{"@id":"https:\/\/www.eldigitaldeasturias.com\/noticias\/interior-comparecera-para-explicar-la-muerte-de-inmigrantes-en-ceuta\/#mainImage"},"datePublished":"2014-02-08T01:49:46+01:00","dateModified":"2014-02-08T01:49:46+01:00"},{"@type":"WebSite","@id":"https:\/\/www.eldigitaldeasturias.com\/noticias\/#website","url":"https:\/\/www.eldigitaldeasturias.com\/noticias\/","name":"El Digital de Asturias - Diario de actualidad y noticias","alternateName":"El Digital de Asturias - Diario de actualidad y noticias","description":"Hemeroteca","inLanguage":"es-ES","publisher":{"@id":"https:\/\/www.eldigitaldeasturias.com\/noticias\/#organization"}}]},"og:locale":"es_ES","og:site_name":"El Digital de Asturias","og:type":"article","og:title":"Interior comparecer\u00e1 para explicar la muerte de inmigrantes en Ceuta - El Digital de Asturias","og:description":"Madrid, 7 feb (EFE).- La muerte ayer de al menos nueve inmigrantes cuando trataban de llegar a nado a Ceuta ha llevado hoy a los partidos a exigir explicaciones al ministro del Interior, quien ha pedido comparecer ante el Congreso, mientras la Guardia Civil niega que se usaran armas de fuego o pelotas contra ellos.","og:url":"https:\/\/www.eldigitaldeasturias.com\/noticias\/interior-comparecera-para-explicar-la-muerte-de-inmigrantes-en-ceuta\/","article:tag":["actualidad"],"article:published_time":"2014-02-08T02:49:46+00:00","article:modified_time":"2014-02-08T02:49:46+00:00","article:publisher":"https:\/\/facebook.com\/eldigitaldeasturias","twitter:card":"summary_large_image","twitter:title":"Interior comparecer\u00e1 para explicar la muerte de inmigrantes en Ceuta - El Digital de Asturias","twitter:description":"Madrid, 7 feb (EFE).- La muerte ayer de al menos nueve inmigrantes cuando trataban de llegar a nado a Ceuta ha llevado hoy a los partidos a exigir explicaciones al ministro del Interior, quien ha pedido comparecer ante el Congreso, mientras la Guardia Civil niega que se usaran armas de fuego o pelotas contra ellos.","twitter:label1":"Escrito por","twitter:data1":"El Digital de Asturias","twitter:label2":"Tiempo de lectura estimado","twitter:data2":"4 minutos"},"aioseo_meta_data":{"post_id":"486430","title":null,"description":null,"keywords":null,"keyphrases":null,"primary_term":null,"canonical_url":null,"og_title":null,"og_description":null,"og_object_type":"default","og_image_type":"default","og_image_url":null,"og_image_width":null,"og_image_height":null,"og_image_custom_url":null,"og_image_custom_fields":null,"og_video":null,"og_custom_url":null,"og_article_section":null,"og_article_tags":null,"twitter_use_og":true,"twitter_card":"default","twitter_image_type":"default","twitter_image_url":null,"twitter_image_custom_url":null,"twitter_image_custom_fields":null,"twitter_title":null,"twitter_description":null,"schema":{"blockGraphs":[],"customGraphs":[],"default":{"data":{"Article":[],"Course":[],"Dataset":[],"FAQPage":[],"Movie":[],"Person":[],"Product":[],"ProductReview":[],"Car":[],"Recipe":[],"Service":[],"SoftwareApplication":[],"WebPage":[]},"graphName":"","isEnabled":true},"graphs":[],"defaultGraph":"","defaultPostTypeGraph":""},"schema_type":null,"schema_type_options":null,"pillar_content":false,"robots_default":true,"robots_noindex":false,"robots_noarchive":false,"robots_nosnippet":false,"robots_nofollow":false,"robots_noimageindex":false,"robots_noodp":false,"robots_notranslate":false,"robots_max_snippet":null,"robots_max_videopreview":null,"robots_max_imagepreview":"none","priority":null,"frequency":null,"local_seo":null,"seo_analyzer_scan_date":"2026-06-03 00:52:40","breadcrumb_settings":null,"limit_modified_date":false,"open_ai":null,"ai":null,"created":"2020-11-14 22:56:06","updated":"2026-06-03 00:52:40","focus_keyword":null,"additional_keywords":null,"truseo_locale":null},"aioseo_breadcrumb":"<div class=\"aioseo-breadcrumbs\"><span class=\"aioseo-breadcrumb\">\n\t<a href=\"https:\/\/www.eldigitaldeasturias.com\/noticias\" title=\"Home\">Home<\/a>\n<\/span><span class=\"aioseo-breadcrumb-separator\">\u2013<\/span><span class=\"aioseo-breadcrumb\">\n\t<a href=\"https:\/\/www.eldigitaldeasturias.com\/noticias\/category\/actualidad\/\" title=\"Actualidad\">Actualidad<\/a>\n<\/span><span class=\"aioseo-breadcrumb-separator\">\u2013<\/span><span class=\"aioseo-breadcrumb\">\n\t<a href=\"https:\/\/www.eldigitaldeasturias.com\/noticias\/interior-comparecera-para-explicar-la-muerte-de-inmigrantes-en-ceuta\/\" title=\"Interior comparecer\u00e1 para explicar la muerte de inmigrantes en Ceuta\">Interior comparecer\u00e1 para explicar la muerte de inmigrantes en Ceuta<\/a>\n<\/span><\/div>","aioseo_breadcrumb_json":[{"label":"Home","link":"https:\/\/www.eldigitaldeasturias.com\/noticias"},{"label":"Actualidad","link":"https:\/\/www.eldigitaldeasturias.com\/noticias\/category\/actualidad\/"},{"label":"Interior comparecer\u00e1 para explicar la muerte de inmigrantes en Ceuta","link":"https:\/\/www.eldigitaldeasturias.com\/noticias\/interior-comparecera-para-explicar-la-muerte-de-inmigrantes-en-ceuta\/"}],"_links":{"self":[{"href":"https:\/\/www.eldigitaldeasturias.com\/noticias\/wp-json\/wp\/v2\/posts\/486430","targetHints":{"allow":["GET"]}}],"collection":[{"href":"https:\/\/www.eldigitaldeasturias.com\/noticias\/wp-json\/wp\/v2\/posts"}],"about":[{"href":"https:\/\/www.eldigitaldeasturias.com\/noticias\/wp-json\/wp\/v2\/types\/post"}],"author":[{"embeddable":true,"href":"https:\/\/www.eldigitaldeasturias.com\/noticias\/wp-json\/wp\/v2\/users\/1"}],"replies":[{"embeddable":true,"href":"https:\/\/www.eldigitaldeasturias.com\/noticias\/wp-json\/wp\/v2\/comments?post=486430"}],"version-history":[{"count":0,"href":"https:\/\/www.eldigitaldeasturias.com\/noticias\/wp-json\/wp\/v2\/posts\/486430\/revisions"}],"wp:attachment":[{"href":"https:\/\/www.eldigitaldeasturias.com\/noticias\/wp-json\/wp\/v2\/media?parent=486430"}],"wp:term":[{"taxonomy":"category","embeddable":true,"href":"https:\/\/www.eldigitaldeasturias.com\/noticias\/wp-json\/wp\/v2\/categories?post=486430"},{"taxonomy":"post_tag","embeddable":true,"href":"https:\/\/www.eldigitaldeasturias.com\/noticias\/wp-json\/wp\/v2\/tags?post=486430"}],"curies":[{"name":"wp","href":"https:\/\/api.w.org\/{rel}","templated":true}]}}