{"id":486427,"date":"2014-02-08T01:48:00","date_gmt":"2014-02-08T02:48:00","guid":{"rendered":"http:\/\/www.eldigitaldeasturias.com\/noticias\/?p=486427"},"modified":"2014-02-08T01:48:00","modified_gmt":"2014-02-08T02:48:00","slug":"la-alianza-del-pacifico-abre-manana-reuniones-preparatorias-para-la-cumbre-presidencial","status":"publish","type":"post","link":"https:\/\/www.eldigitaldeasturias.com\/noticias\/la-alianza-del-pacifico-abre-manana-reuniones-preparatorias-para-la-cumbre-presidencial\/","title":{"rendered":"La Alianza del Pac\u00edfico abre ma\u00f1ana reuniones preparatorias para la cumbre presidencial"},"content":{"rendered":"<p><img loading=\"lazy\" decoding=\"async\" class=\"alignleft size-medium wp-image-486428\" alt=\"5922268w\" src=\"https:\/\/www.eldigitaldeasturias.com\/noticias\/wp-content\/uploads\/2014\/02\/5922268w-360x235.jpg\" width=\"360\" height=\"235\" \/>Bogot\u00e1, 7 feb (EFE).- Los viceministros de Comercio y Relaciones Exteriores de la Alianza del Pac\u00edfico comenzar\u00e1n ma\u00f1ana en la ciudad colombiana de Cartagena las reuniones preparatorias de la VIII Cumbre de este bloque que integran Chile, Colombia, M\u00e9xico y Per\u00fa.<\/p>\n<p>Los presidentes de estos cuatro pa\u00edses se reunir\u00e1n el pr\u00f3ximo lunes en una cumbre en la que se firmar\u00e1 un Protocolo Adicional al Acuerdo Marco que desgravar\u00e1 el 92 % del comercio interno y una declaraci\u00f3n sobre la decisi\u00f3n de Costa Rica de adherirse a la Alianza.<\/p>\n<p>Encabezados por el anfitri\u00f3n, el presidente colombiano, Juan Manuel Santos, han confirmado su asistencia Sebasti\u00e1n Pi\u00f1era, de Chile; Enrique Pe\u00f1a Nieto, de M\u00e9xico; Ollanta Humala, de Per\u00fa, y Laura Chinchilla, de Costa Rica.<\/p>\n<p>El Grupo de Alto Nivel (GAN), que est\u00e1 compuesto por los viceministros de Comercio Exterior y de Relaciones Exteriores de la Alianza, tambi\u00e9n analizar\u00e1 ma\u00f1ana las relaciones externas con los pa\u00edses observadores y terceros pa\u00edses, informaron hoy fuentes oficiales de Colombia, pa\u00eds que tiene la Presidencia Pro T\u00e9mpore del bloque.<\/p>\n<p>Durante las reuniones de ma\u00f1ana se har\u00e1 adem\u00e1s un ejercicio de proyecci\u00f3n de la Alianza del Pac\u00edfico con el fin de definir el trabajo futuro de este proceso de integraci\u00f3n cuyos cuatro pa\u00edses miembros tienen un Producto Interior Bruto (PIB) que sumado equivale al 36 % del total de Am\u00e9rica Latina y el Caribe.<\/p>\n<p>Las decisiones aprobadas por el GAN ser\u00e1n presentadas a los cancilleres y ministros de Comercio Exterior que integran el Consejo de Ministros y que se reunir\u00e1n a lo largo del domingo en Cartagena.<\/p>\n<p>El lunes, en la apertura de la cumbre presidencial, pronunciar\u00e1 un discurso el presidente Santos, como anfitri\u00f3n, tras lo cual Chinchilla firmar\u00e1 la declaraci\u00f3n de adhesi\u00f3n de Costa Rica que, una vez completados los tr\u00e1mites, convertir\u00e1 a este pa\u00eds centroamericano en el primero en sumarse a los cuatro socios fundadores de la Alianza del Pac\u00edfico.<\/p>\n<p>Despu\u00e9s de la tradicional foto oficial, los presidentes tendr\u00e1n una primera sesi\u00f3n de trabajo, una reuni\u00f3n con los miembros del Consejo Empresarial, un almuerzo privado de los jefes de Estado, y finalmente la firma del Protocolo Adicional para la desgravaci\u00f3n arancelaria y de la declaraci\u00f3n final.<\/p>\n<p>El Protocolo Adicional al Acuerdo Marco que ser\u00e1 firmado el lunes elimina los aranceles al 92 % de los productos comercializados entre los pa\u00edses de la Alianza, mientras que el 8 % restante, que son productos agr\u00edcolas sensibles se desgravar\u00e1 en unos plazos de entre 6 y 17 a\u00f1os, seg\u00fan el ministro colombiano de Comercio, Industria y Turismo, Santiago Rojas.<\/p>\n","protected":false},"excerpt":{"rendered":"<p>Bogot\u00e1, 7 feb (EFE).- Los viceministros de Comercio y Relaciones Exteriores de la Alianza del Pac\u00edfico comenzar\u00e1n ma\u00f1ana en la ciudad colombiana de Cartagena las reuniones preparatorias de la VIII Cumbre de este bloque que integran Chile, Colombia, M\u00e9xico y Per\u00fa. Los presidentes de estos cuatro pa\u00edses se reunir\u00e1n el pr\u00f3ximo lunes en una cumbre [&hellip;]<\/p>\n","protected":false},"author":1,"featured_media":486428,"comment_status":"open","ping_status":"open","sticky":false,"template":"","format":"standard","meta":{"footnotes":""},"categories":[1],"tags":[],"class_list":["post-486427","post","type-post","status-publish","format-standard","has-post-thumbnail","hentry","category-actualidad"],"aioseo_notices":[],"aioseo_head":"\n\t\t<!-- All in One SEO Pro 5.0.1 - aioseo.com -->\n\t<meta name=\"description\" content=\"Bogot\u00e1, 7 feb (EFE).- Los viceministros de Comercio y Relaciones Exteriores de la Alianza del Pac\u00edfico comenzar\u00e1n ma\u00f1ana en la ciudad colombiana de Cartagena las reuniones preparatorias de la VIII Cumbre de este bloque que integran Chile, Colombia, M\u00e9xico y Per\u00fa. Los presidentes de estos cuatro pa\u00edses se reunir\u00e1n el pr\u00f3ximo lunes en una cumbre\" \/>\n\t<meta name=\"robots\" content=\"max-image-preview:large\" \/>\n\t<meta name=\"author\" content=\"El Digital de Asturias\"\/>\n\t<meta name=\"google-site-verification\" content=\"UA-38556648-1\" \/>\n\t<meta name=\"msvalidate.01\" content=\"7dfe9f3f1b24437ab69f4f2559babe99\" \/>\n\t<meta name=\"keywords\" content=\"actualidad\" \/>\n\t<link rel=\"canonical\" href=\"https:\/\/www.eldigitaldeasturias.com\/noticias\/la-alianza-del-pacifico-abre-manana-reuniones-preparatorias-para-la-cumbre-presidencial\/\" \/>\n\t<meta name=\"generator\" content=\"All in One SEO Pro (AIOSEO) 5.0.1\" \/>\n\t\t<meta property=\"og:locale\" content=\"es_ES\" \/>\n\t\t<meta property=\"og:site_name\" content=\"El Digital de Asturias\" \/>\n\t\t<meta property=\"og:type\" content=\"article\" \/>\n\t\t<meta property=\"og:title\" content=\"La Alianza del Pac\u00edfico abre ma\u00f1ana reuniones preparatorias para la cumbre presidencial - El Digital de Asturias\" \/>\n\t\t<meta property=\"og:description\" content=\"Bogot\u00e1, 7 feb (EFE).- Los viceministros de Comercio y Relaciones Exteriores de la Alianza del Pac\u00edfico comenzar\u00e1n ma\u00f1ana en la ciudad colombiana de Cartagena las reuniones preparatorias de la VIII Cumbre de este bloque que integran Chile, Colombia, M\u00e9xico y Per\u00fa. Los presidentes de estos cuatro pa\u00edses se reunir\u00e1n el pr\u00f3ximo lunes en una cumbre\" \/>\n\t\t<meta property=\"og:url\" content=\"https:\/\/www.eldigitaldeasturias.com\/noticias\/la-alianza-del-pacifico-abre-manana-reuniones-preparatorias-para-la-cumbre-presidencial\/\" \/>\n\t\t<meta property=\"article:tag\" content=\"actualidad\" \/>\n\t\t<meta property=\"article:published_time\" content=\"2014-02-08T02:48:00+00:00\" \/>\n\t\t<meta property=\"article:modified_time\" content=\"2014-02-08T02:48:00+00:00\" \/>\n\t\t<meta property=\"article:publisher\" content=\"https:\/\/facebook.com\/eldigitaldeasturias\" \/>\n\t\t<meta name=\"twitter:card\" content=\"summary_large_image\" \/>\n\t\t<meta name=\"twitter:title\" content=\"La Alianza del Pac\u00edfico abre ma\u00f1ana reuniones preparatorias para la cumbre presidencial - El Digital de Asturias\" \/>\n\t\t<meta name=\"twitter:description\" content=\"Bogot\u00e1, 7 feb (EFE).- Los viceministros de Comercio y Relaciones Exteriores de la Alianza del Pac\u00edfico comenzar\u00e1n ma\u00f1ana en la ciudad colombiana de Cartagena las reuniones preparatorias de la VIII Cumbre de este bloque que integran Chile, Colombia, M\u00e9xico y Per\u00fa. Los presidentes de estos cuatro pa\u00edses se reunir\u00e1n el pr\u00f3ximo lunes en una cumbre\" \/>\n\t\t<meta name=\"twitter:label1\" content=\"Escrito por\" \/>\n\t\t<meta name=\"twitter:data1\" content=\"El Digital de Asturias\" \/>\n\t\t<meta name=\"twitter:label2\" content=\"Tiempo de lectura estimado\" \/>\n\t\t<meta name=\"twitter:data2\" content=\"2 minutos\" \/>\n\t\t<script type=\"application\/ld+json\" class=\"aioseo-schema\">\n\t\t\t{\"@context\":\"https:\\\/\\\/schema.org\",\"@graph\":[{\"@type\":\"BlogPosting\",\"@id\":\"https:\\\/\\\/www.eldigitaldeasturias.com\\\/noticias\\\/la-alianza-del-pacifico-abre-manana-reuniones-preparatorias-para-la-cumbre-presidencial\\\/#blogposting\",\"name\":\"La Alianza del Pac\\u00edfico abre ma\\u00f1ana reuniones preparatorias para la cumbre presidencial - El Digital de Asturias\",\"headline\":\"La Alianza del Pac\\u00edfico abre ma\\u00f1ana reuniones preparatorias para la cumbre presidencial\",\"author\":{\"@id\":\"https:\\\/\\\/www.eldigitaldeasturias.com\\\/noticias\\\/author\\\/admin\\\/#author\"},\"publisher\":{\"@id\":\"https:\\\/\\\/www.eldigitaldeasturias.com\\\/noticias\\\/#organization\"},\"image\":{\"@type\":\"ImageObject\",\"url\":486428},\"datePublished\":\"2014-02-08T01:48:00+01:00\",\"dateModified\":\"2014-02-08T01:48:00+01:00\",\"inLanguage\":\"es-ES\",\"mainEntityOfPage\":{\"@id\":\"https:\\\/\\\/www.eldigitaldeasturias.com\\\/noticias\\\/la-alianza-del-pacifico-abre-manana-reuniones-preparatorias-para-la-cumbre-presidencial\\\/#webpage\"},\"isPartOf\":{\"@id\":\"https:\\\/\\\/www.eldigitaldeasturias.com\\\/noticias\\\/la-alianza-del-pacifico-abre-manana-reuniones-preparatorias-para-la-cumbre-presidencial\\\/#webpage\"},\"articleSection\":\"Actualidad\"},{\"@type\":\"BreadcrumbList\",\"@id\":\"https:\\\/\\\/www.eldigitaldeasturias.com\\\/noticias\\\/la-alianza-del-pacifico-abre-manana-reuniones-preparatorias-para-la-cumbre-presidencial\\\/#breadcrumblist\",\"itemListElement\":[{\"@type\":\"ListItem\",\"@id\":\"https:\\\/\\\/www.eldigitaldeasturias.com\\\/noticias#listItem\",\"position\":1,\"name\":\"Home\",\"item\":\"https:\\\/\\\/www.eldigitaldeasturias.com\\\/noticias\",\"nextItem\":{\"@type\":\"ListItem\",\"@id\":\"https:\\\/\\\/www.eldigitaldeasturias.com\\\/noticias\\\/category\\\/actualidad\\\/#listItem\",\"name\":\"Actualidad\"}},{\"@type\":\"ListItem\",\"@id\":\"https:\\\/\\\/www.eldigitaldeasturias.com\\\/noticias\\\/category\\\/actualidad\\\/#listItem\",\"position\":2,\"name\":\"Actualidad\",\"item\":\"https:\\\/\\\/www.eldigitaldeasturias.com\\\/noticias\\\/category\\\/actualidad\\\/\",\"nextItem\":{\"@type\":\"ListItem\",\"@id\":\"https:\\\/\\\/www.eldigitaldeasturias.com\\\/noticias\\\/la-alianza-del-pacifico-abre-manana-reuniones-preparatorias-para-la-cumbre-presidencial\\\/#listItem\",\"name\":\"La Alianza del Pac\\u00edfico abre ma\\u00f1ana reuniones preparatorias para la cumbre presidencial\"},\"previousItem\":{\"@type\":\"ListItem\",\"@id\":\"https:\\\/\\\/www.eldigitaldeasturias.com\\\/noticias#listItem\",\"name\":\"Home\"}},{\"@type\":\"ListItem\",\"@id\":\"https:\\\/\\\/www.eldigitaldeasturias.com\\\/noticias\\\/la-alianza-del-pacifico-abre-manana-reuniones-preparatorias-para-la-cumbre-presidencial\\\/#listItem\",\"position\":3,\"name\":\"La Alianza del Pac\\u00edfico abre ma\\u00f1ana reuniones preparatorias para la cumbre presidencial\",\"previousItem\":{\"@type\":\"ListItem\",\"@id\":\"https:\\\/\\\/www.eldigitaldeasturias.com\\\/noticias\\\/category\\\/actualidad\\\/#listItem\",\"name\":\"Actualidad\"}}]},{\"@type\":\"Organization\",\"@id\":\"https:\\\/\\\/www.eldigitaldeasturias.com\\\/noticias\\\/#organization\",\"name\":\"El Digital de Asturias\",\"description\":\"Hemeroteca\",\"url\":\"https:\\\/\\\/www.eldigitaldeasturias.com\\\/noticias\\\/\",\"email\":\"info@eldigitaldeasturias.com\",\"telephone\":\"+34652131393\",\"logo\":{\"@type\":\"ImageObject\",\"url\":\"https:\\\/\\\/www.eldigitaldeasturias.com\\\/noticias\\\/wp-content\\\/uploads\\\/2020\\\/12\\\/EDA.jpg\",\"@id\":\"https:\\\/\\\/www.eldigitaldeasturias.com\\\/noticias\\\/la-alianza-del-pacifico-abre-manana-reuniones-preparatorias-para-la-cumbre-presidencial\\\/#organizationLogo\"},\"image\":{\"@id\":\"https:\\\/\\\/www.eldigitaldeasturias.com\\\/noticias\\\/la-alianza-del-pacifico-abre-manana-reuniones-preparatorias-para-la-cumbre-presidencial\\\/#organizationLogo\"},\"sameAs\":[\"https:\\\/\\\/facebook.com\\\/eldigitaldeasturias\",\"https:\\\/\\\/www.youtube.com\\\/channel\\\/UCZP-2wLEB9Rv6erhFmqVnvg\"],\"address\":{\"@id\":\"https:\\\/\\\/www.eldigitaldeasturias.com\\\/noticias\\\/#postaladdress\",\"@type\":\"PostalAddress\",\"streetAddress\":\"san antonio 4\",\"postalCode\":\"33430\",\"addressLocality\":\"Cand\\u00e1s\",\"addressRegion\":\"Asturias\",\"addressCountry\":\"ES\"}},{\"@type\":\"Person\",\"@id\":\"https:\\\/\\\/www.eldigitaldeasturias.com\\\/noticias\\\/author\\\/admin\\\/#author\",\"url\":\"https:\\\/\\\/www.eldigitaldeasturias.com\\\/noticias\\\/author\\\/admin\\\/\",\"name\":\"El Digital de Asturias\",\"image\":{\"@type\":\"ImageObject\",\"@id\":\"https:\\\/\\\/www.eldigitaldeasturias.com\\\/noticias\\\/la-alianza-del-pacifico-abre-manana-reuniones-preparatorias-para-la-cumbre-presidencial\\\/#authorImage\",\"url\":\"https:\\\/\\\/secure.gravatar.com\\\/avatar\\\/df2aeffc32bcd13f8d26072ef8a91b623d677766deac7f97ca815868cd41bf5e?s=96&d=mm&r=g\",\"width\":96,\"height\":96,\"caption\":\"El Digital de Asturias\"}},{\"@type\":\"WebPage\",\"@id\":\"https:\\\/\\\/www.eldigitaldeasturias.com\\\/noticias\\\/la-alianza-del-pacifico-abre-manana-reuniones-preparatorias-para-la-cumbre-presidencial\\\/#webpage\",\"url\":\"https:\\\/\\\/www.eldigitaldeasturias.com\\\/noticias\\\/la-alianza-del-pacifico-abre-manana-reuniones-preparatorias-para-la-cumbre-presidencial\\\/\",\"name\":\"La Alianza del Pac\\u00edfico abre ma\\u00f1ana reuniones preparatorias para la cumbre presidencial - El Digital de Asturias\",\"description\":\"Bogot\\u00e1, 7 feb (EFE).- Los viceministros de Comercio y Relaciones Exteriores de la Alianza del Pac\\u00edfico comenzar\\u00e1n ma\\u00f1ana en la ciudad colombiana de Cartagena las reuniones preparatorias de la VIII Cumbre de este bloque que integran Chile, Colombia, M\\u00e9xico y Per\\u00fa. Los presidentes de estos cuatro pa\\u00edses se reunir\\u00e1n el pr\\u00f3ximo lunes en una cumbre\",\"inLanguage\":\"es-ES\",\"isPartOf\":{\"@id\":\"https:\\\/\\\/www.eldigitaldeasturias.com\\\/noticias\\\/#website\"},\"breadcrumb\":{\"@id\":\"https:\\\/\\\/www.eldigitaldeasturias.com\\\/noticias\\\/la-alianza-del-pacifico-abre-manana-reuniones-preparatorias-para-la-cumbre-presidencial\\\/#breadcrumblist\"},\"author\":{\"@id\":\"https:\\\/\\\/www.eldigitaldeasturias.com\\\/noticias\\\/author\\\/admin\\\/#author\"},\"creator\":{\"@id\":\"https:\\\/\\\/www.eldigitaldeasturias.com\\\/noticias\\\/author\\\/admin\\\/#author\"},\"image\":{\"@type\":\"ImageObject\",\"url\":486428,\"@id\":\"https:\\\/\\\/www.eldigitaldeasturias.com\\\/noticias\\\/la-alianza-del-pacifico-abre-manana-reuniones-preparatorias-para-la-cumbre-presidencial\\\/#mainImage\"},\"primaryImageOfPage\":{\"@id\":\"https:\\\/\\\/www.eldigitaldeasturias.com\\\/noticias\\\/la-alianza-del-pacifico-abre-manana-reuniones-preparatorias-para-la-cumbre-presidencial\\\/#mainImage\"},\"datePublished\":\"2014-02-08T01:48:00+01:00\",\"dateModified\":\"2014-02-08T01:48:00+01:00\"},{\"@type\":\"WebSite\",\"@id\":\"https:\\\/\\\/www.eldigitaldeasturias.com\\\/noticias\\\/#website\",\"url\":\"https:\\\/\\\/www.eldigitaldeasturias.com\\\/noticias\\\/\",\"name\":\"El Digital de Asturias - Diario de actualidad y noticias\",\"alternateName\":\"El Digital de Asturias - Diario de actualidad y noticias\",\"description\":\"Hemeroteca\",\"inLanguage\":\"es-ES\",\"publisher\":{\"@id\":\"https:\\\/\\\/www.eldigitaldeasturias.com\\\/noticias\\\/#organization\"}}]}\n\t\t<\/script>\n\t\t<!-- All in One SEO Pro -->\r\n\t\t<title>La Alianza del Pac\u00edfico abre ma\u00f1ana reuniones preparatorias para la cumbre presidencial - El Digital de Asturias<\/title>\n\n","aioseo_head_json":{"title":"La Alianza del Pac\u00edfico abre ma\u00f1ana reuniones preparatorias para la cumbre presidencial - El Digital de Asturias","description":"Bogot\u00e1, 7 feb (EFE).- Los viceministros de Comercio y Relaciones Exteriores de la Alianza del Pac\u00edfico comenzar\u00e1n ma\u00f1ana en la ciudad colombiana de Cartagena las reuniones preparatorias de la VIII Cumbre de este bloque que integran Chile, Colombia, M\u00e9xico y Per\u00fa. Los presidentes de estos cuatro pa\u00edses se reunir\u00e1n el pr\u00f3ximo lunes en una cumbre","canonical_url":"https:\/\/www.eldigitaldeasturias.com\/noticias\/la-alianza-del-pacifico-abre-manana-reuniones-preparatorias-para-la-cumbre-presidencial\/","robots":"max-image-preview:large","keywords":"actualidad","webmasterTools":{"google-site-verification":"UA-38556648-1","msvalidate.01":"7dfe9f3f1b24437ab69f4f2559babe99","miscellaneous":""},"schema":{"@context":"https:\/\/schema.org","@graph":[{"@type":"BlogPosting","@id":"https:\/\/www.eldigitaldeasturias.com\/noticias\/la-alianza-del-pacifico-abre-manana-reuniones-preparatorias-para-la-cumbre-presidencial\/#blogposting","name":"La Alianza del Pac\u00edfico abre ma\u00f1ana reuniones preparatorias para la cumbre presidencial - El Digital de Asturias","headline":"La Alianza del Pac\u00edfico abre ma\u00f1ana reuniones preparatorias para la cumbre presidencial","author":{"@id":"https:\/\/www.eldigitaldeasturias.com\/noticias\/author\/admin\/#author"},"publisher":{"@id":"https:\/\/www.eldigitaldeasturias.com\/noticias\/#organization"},"image":{"@type":"ImageObject","url":486428},"datePublished":"2014-02-08T01:48:00+01:00","dateModified":"2014-02-08T01:48:00+01:00","inLanguage":"es-ES","mainEntityOfPage":{"@id":"https:\/\/www.eldigitaldeasturias.com\/noticias\/la-alianza-del-pacifico-abre-manana-reuniones-preparatorias-para-la-cumbre-presidencial\/#webpage"},"isPartOf":{"@id":"https:\/\/www.eldigitaldeasturias.com\/noticias\/la-alianza-del-pacifico-abre-manana-reuniones-preparatorias-para-la-cumbre-presidencial\/#webpage"},"articleSection":"Actualidad"},{"@type":"BreadcrumbList","@id":"https:\/\/www.eldigitaldeasturias.com\/noticias\/la-alianza-del-pacifico-abre-manana-reuniones-preparatorias-para-la-cumbre-presidencial\/#breadcrumblist","itemListElement":[{"@type":"ListItem","@id":"https:\/\/www.eldigitaldeasturias.com\/noticias#listItem","position":1,"name":"Home","item":"https:\/\/www.eldigitaldeasturias.com\/noticias","nextItem":{"@type":"ListItem","@id":"https:\/\/www.eldigitaldeasturias.com\/noticias\/category\/actualidad\/#listItem","name":"Actualidad"}},{"@type":"ListItem","@id":"https:\/\/www.eldigitaldeasturias.com\/noticias\/category\/actualidad\/#listItem","position":2,"name":"Actualidad","item":"https:\/\/www.eldigitaldeasturias.com\/noticias\/category\/actualidad\/","nextItem":{"@type":"ListItem","@id":"https:\/\/www.eldigitaldeasturias.com\/noticias\/la-alianza-del-pacifico-abre-manana-reuniones-preparatorias-para-la-cumbre-presidencial\/#listItem","name":"La Alianza del Pac\u00edfico abre ma\u00f1ana reuniones preparatorias para la cumbre presidencial"},"previousItem":{"@type":"ListItem","@id":"https:\/\/www.eldigitaldeasturias.com\/noticias#listItem","name":"Home"}},{"@type":"ListItem","@id":"https:\/\/www.eldigitaldeasturias.com\/noticias\/la-alianza-del-pacifico-abre-manana-reuniones-preparatorias-para-la-cumbre-presidencial\/#listItem","position":3,"name":"La Alianza del Pac\u00edfico abre ma\u00f1ana reuniones preparatorias para la cumbre presidencial","previousItem":{"@type":"ListItem","@id":"https:\/\/www.eldigitaldeasturias.com\/noticias\/category\/actualidad\/#listItem","name":"Actualidad"}}]},{"@type":"Organization","@id":"https:\/\/www.eldigitaldeasturias.com\/noticias\/#organization","name":"El Digital de Asturias","description":"Hemeroteca","url":"https:\/\/www.eldigitaldeasturias.com\/noticias\/","email":"info@eldigitaldeasturias.com","telephone":"+34652131393","logo":{"@type":"ImageObject","url":"https:\/\/www.eldigitaldeasturias.com\/noticias\/wp-content\/uploads\/2020\/12\/EDA.jpg","@id":"https:\/\/www.eldigitaldeasturias.com\/noticias\/la-alianza-del-pacifico-abre-manana-reuniones-preparatorias-para-la-cumbre-presidencial\/#organizationLogo"},"image":{"@id":"https:\/\/www.eldigitaldeasturias.com\/noticias\/la-alianza-del-pacifico-abre-manana-reuniones-preparatorias-para-la-cumbre-presidencial\/#organizationLogo"},"sameAs":["https:\/\/facebook.com\/eldigitaldeasturias","https:\/\/www.youtube.com\/channel\/UCZP-2wLEB9Rv6erhFmqVnvg"],"address":{"@id":"https:\/\/www.eldigitaldeasturias.com\/noticias\/#postaladdress","@type":"PostalAddress","streetAddress":"san antonio 4","postalCode":"33430","addressLocality":"Cand\u00e1s","addressRegion":"Asturias","addressCountry":"ES"}},{"@type":"Person","@id":"https:\/\/www.eldigitaldeasturias.com\/noticias\/author\/admin\/#author","url":"https:\/\/www.eldigitaldeasturias.com\/noticias\/author\/admin\/","name":"El Digital de Asturias","image":{"@type":"ImageObject","@id":"https:\/\/www.eldigitaldeasturias.com\/noticias\/la-alianza-del-pacifico-abre-manana-reuniones-preparatorias-para-la-cumbre-presidencial\/#authorImage","url":"https:\/\/secure.gravatar.com\/avatar\/df2aeffc32bcd13f8d26072ef8a91b623d677766deac7f97ca815868cd41bf5e?s=96&d=mm&r=g","width":96,"height":96,"caption":"El Digital de Asturias"}},{"@type":"WebPage","@id":"https:\/\/www.eldigitaldeasturias.com\/noticias\/la-alianza-del-pacifico-abre-manana-reuniones-preparatorias-para-la-cumbre-presidencial\/#webpage","url":"https:\/\/www.eldigitaldeasturias.com\/noticias\/la-alianza-del-pacifico-abre-manana-reuniones-preparatorias-para-la-cumbre-presidencial\/","name":"La Alianza del Pac\u00edfico abre ma\u00f1ana reuniones preparatorias para la cumbre presidencial - El Digital de Asturias","description":"Bogot\u00e1, 7 feb (EFE).- Los viceministros de Comercio y Relaciones Exteriores de la Alianza del Pac\u00edfico comenzar\u00e1n ma\u00f1ana en la ciudad colombiana de Cartagena las reuniones preparatorias de la VIII Cumbre de este bloque que integran Chile, Colombia, M\u00e9xico y Per\u00fa. Los presidentes de estos cuatro pa\u00edses se reunir\u00e1n el pr\u00f3ximo lunes en una cumbre","inLanguage":"es-ES","isPartOf":{"@id":"https:\/\/www.eldigitaldeasturias.com\/noticias\/#website"},"breadcrumb":{"@id":"https:\/\/www.eldigitaldeasturias.com\/noticias\/la-alianza-del-pacifico-abre-manana-reuniones-preparatorias-para-la-cumbre-presidencial\/#breadcrumblist"},"author":{"@id":"https:\/\/www.eldigitaldeasturias.com\/noticias\/author\/admin\/#author"},"creator":{"@id":"https:\/\/www.eldigitaldeasturias.com\/noticias\/author\/admin\/#author"},"image":{"@type":"ImageObject","url":486428,"@id":"https:\/\/www.eldigitaldeasturias.com\/noticias\/la-alianza-del-pacifico-abre-manana-reuniones-preparatorias-para-la-cumbre-presidencial\/#mainImage"},"primaryImageOfPage":{"@id":"https:\/\/www.eldigitaldeasturias.com\/noticias\/la-alianza-del-pacifico-abre-manana-reuniones-preparatorias-para-la-cumbre-presidencial\/#mainImage"},"datePublished":"2014-02-08T01:48:00+01:00","dateModified":"2014-02-08T01:48:00+01:00"},{"@type":"WebSite","@id":"https:\/\/www.eldigitaldeasturias.com\/noticias\/#website","url":"https:\/\/www.eldigitaldeasturias.com\/noticias\/","name":"El Digital de Asturias - Diario de actualidad y noticias","alternateName":"El Digital de Asturias - Diario de actualidad y noticias","description":"Hemeroteca","inLanguage":"es-ES","publisher":{"@id":"https:\/\/www.eldigitaldeasturias.com\/noticias\/#organization"}}]},"og:locale":"es_ES","og:site_name":"El Digital de Asturias","og:type":"article","og:title":"La Alianza del Pac\u00edfico abre ma\u00f1ana reuniones preparatorias para la cumbre presidencial - El Digital de Asturias","og:description":"Bogot\u00e1, 7 feb (EFE).- Los viceministros de Comercio y Relaciones Exteriores de la Alianza del Pac\u00edfico comenzar\u00e1n ma\u00f1ana en la ciudad colombiana de Cartagena las reuniones preparatorias de la VIII Cumbre de este bloque que integran Chile, Colombia, M\u00e9xico y Per\u00fa. Los presidentes de estos cuatro pa\u00edses se reunir\u00e1n el pr\u00f3ximo lunes en una cumbre","og:url":"https:\/\/www.eldigitaldeasturias.com\/noticias\/la-alianza-del-pacifico-abre-manana-reuniones-preparatorias-para-la-cumbre-presidencial\/","article:tag":["actualidad"],"article:published_time":"2014-02-08T02:48:00+00:00","article:modified_time":"2014-02-08T02:48:00+00:00","article:publisher":"https:\/\/facebook.com\/eldigitaldeasturias","twitter:card":"summary_large_image","twitter:title":"La Alianza del Pac\u00edfico abre ma\u00f1ana reuniones preparatorias para la cumbre presidencial - El Digital de Asturias","twitter:description":"Bogot\u00e1, 7 feb (EFE).- Los viceministros de Comercio y Relaciones Exteriores de la Alianza del Pac\u00edfico comenzar\u00e1n ma\u00f1ana en la ciudad colombiana de Cartagena las reuniones preparatorias de la VIII Cumbre de este bloque que integran Chile, Colombia, M\u00e9xico y Per\u00fa. Los presidentes de estos cuatro pa\u00edses se reunir\u00e1n el pr\u00f3ximo lunes en una cumbre","twitter:label1":"Escrito por","twitter:data1":"El Digital de Asturias","twitter:label2":"Tiempo de lectura estimado","twitter:data2":"2 minutos"},"aioseo_meta_data":{"post_id":"486427","title":null,"description":null,"keywords":null,"keyphrases":null,"primary_term":null,"canonical_url":null,"og_title":null,"og_description":null,"og_object_type":"default","og_image_type":"default","og_image_url":null,"og_image_width":null,"og_image_height":null,"og_image_custom_url":null,"og_image_custom_fields":null,"og_video":null,"og_custom_url":null,"og_article_section":null,"og_article_tags":null,"twitter_use_og":true,"twitter_card":"default","twitter_image_type":"default","twitter_image_url":null,"twitter_image_custom_url":null,"twitter_image_custom_fields":null,"twitter_title":null,"twitter_description":null,"schema":{"blockGraphs":[],"customGraphs":[],"default":{"data":{"Article":[],"Course":[],"Dataset":[],"FAQPage":[],"Movie":[],"Person":[],"Product":[],"ProductReview":[],"Car":[],"Recipe":[],"Service":[],"SoftwareApplication":[],"WebPage":[]},"graphName":"","isEnabled":true},"graphs":[],"defaultGraph":"","defaultPostTypeGraph":""},"schema_type":null,"schema_type_options":null,"pillar_content":false,"robots_default":true,"robots_noindex":false,"robots_noarchive":false,"robots_nosnippet":false,"robots_nofollow":false,"robots_noimageindex":false,"robots_noodp":false,"robots_notranslate":false,"robots_max_snippet":null,"robots_max_videopreview":null,"robots_max_imagepreview":"none","priority":null,"frequency":null,"local_seo":null,"seo_analyzer_scan_date":"2026-06-03 00:52:40","breadcrumb_settings":null,"limit_modified_date":false,"open_ai":null,"ai":null,"created":"2020-11-14 22:56:06","updated":"2026-06-03 00:52:40","focus_keyword":null,"additional_keywords":null,"truseo_locale":null},"aioseo_breadcrumb":"<div class=\"aioseo-breadcrumbs\"><span class=\"aioseo-breadcrumb\">\n\t<a href=\"https:\/\/www.eldigitaldeasturias.com\/noticias\" title=\"Home\">Home<\/a>\n<\/span><span class=\"aioseo-breadcrumb-separator\">\u2013<\/span><span class=\"aioseo-breadcrumb\">\n\t<a href=\"https:\/\/www.eldigitaldeasturias.com\/noticias\/category\/actualidad\/\" title=\"Actualidad\">Actualidad<\/a>\n<\/span><span class=\"aioseo-breadcrumb-separator\">\u2013<\/span><span class=\"aioseo-breadcrumb\">\n\t<a href=\"https:\/\/www.eldigitaldeasturias.com\/noticias\/la-alianza-del-pacifico-abre-manana-reuniones-preparatorias-para-la-cumbre-presidencial\/\" title=\"La Alianza del Pac\u00edfico abre ma\u00f1ana reuniones preparatorias para la cumbre presidencial\">La Alianza del Pac\u00edfico abre ma\u00f1ana reuniones preparatorias para la cumbre presidencial<\/a>\n<\/span><\/div>","aioseo_breadcrumb_json":[{"label":"Home","link":"https:\/\/www.eldigitaldeasturias.com\/noticias"},{"label":"Actualidad","link":"https:\/\/www.eldigitaldeasturias.com\/noticias\/category\/actualidad\/"},{"label":"La Alianza del Pac\u00edfico abre ma\u00f1ana reuniones preparatorias para la cumbre presidencial","link":"https:\/\/www.eldigitaldeasturias.com\/noticias\/la-alianza-del-pacifico-abre-manana-reuniones-preparatorias-para-la-cumbre-presidencial\/"}],"_links":{"self":[{"href":"https:\/\/www.eldigitaldeasturias.com\/noticias\/wp-json\/wp\/v2\/posts\/486427","targetHints":{"allow":["GET"]}}],"collection":[{"href":"https:\/\/www.eldigitaldeasturias.com\/noticias\/wp-json\/wp\/v2\/posts"}],"about":[{"href":"https:\/\/www.eldigitaldeasturias.com\/noticias\/wp-json\/wp\/v2\/types\/post"}],"author":[{"embeddable":true,"href":"https:\/\/www.eldigitaldeasturias.com\/noticias\/wp-json\/wp\/v2\/users\/1"}],"replies":[{"embeddable":true,"href":"https:\/\/www.eldigitaldeasturias.com\/noticias\/wp-json\/wp\/v2\/comments?post=486427"}],"version-history":[{"count":0,"href":"https:\/\/www.eldigitaldeasturias.com\/noticias\/wp-json\/wp\/v2\/posts\/486427\/revisions"}],"wp:attachment":[{"href":"https:\/\/www.eldigitaldeasturias.com\/noticias\/wp-json\/wp\/v2\/media?parent=486427"}],"wp:term":[{"taxonomy":"category","embeddable":true,"href":"https:\/\/www.eldigitaldeasturias.com\/noticias\/wp-json\/wp\/v2\/categories?post=486427"},{"taxonomy":"post_tag","embeddable":true,"href":"https:\/\/www.eldigitaldeasturias.com\/noticias\/wp-json\/wp\/v2\/tags?post=486427"}],"curies":[{"name":"wp","href":"https:\/\/api.w.org\/{rel}","templated":true}]}}