{"id":486424,"date":"2014-02-08T01:46:50","date_gmt":"2014-02-08T02:46:50","guid":{"rendered":"http:\/\/www.eldigitaldeasturias.com\/noticias\/?p=486424"},"modified":"2014-02-08T01:46:50","modified_gmt":"2014-02-08T02:46:50","slug":"crece-el-numero-de-evacuados-en-uruguay-y-se-suspenden-actividades-por-las-lluvias","status":"publish","type":"post","link":"https:\/\/www.eldigitaldeasturias.com\/noticias\/crece-el-numero-de-evacuados-en-uruguay-y-se-suspenden-actividades-por-las-lluvias\/","title":{"rendered":"Crece el n\u00famero de evacuados en Uruguay y se suspenden actividades por las lluvias"},"content":{"rendered":"<p><img loading=\"lazy\" decoding=\"async\" class=\"alignleft size-medium wp-image-486425\" alt=\"5922249w\" src=\"https:\/\/www.eldigitaldeasturias.com\/noticias\/wp-content\/uploads\/2014\/02\/5922249w-360x236.jpg\" width=\"360\" height=\"236\" \/>Montevideo, 7 feb (EFE).- El n\u00famero de evacuados en Uruguay aument\u00f3 hoy a unas 1.300 personas, se incrementaron las rutas cortadas y se suspendieron actividades como el Desfile de Llamadas del carnaval y partidos de baloncesto, entre otras, debido a las copiosas lluvias que desde hace cinco d\u00edas afectan el pa\u00eds.<\/p>\n<p>Seg\u00fan cifras oficiales, los evacuados con ayuda de las autoridades son 399 personas que han sido ubicadas en gimnasios, escuelas y otros locales de todo el pa\u00eds donde reciben alimentos, ropa y cuidados sanitarios de parte del Sistema Nacional de Emergencias.<\/p>\n<p>Adem\u00e1s, se estima que al menos otras 800 personas dejaron voluntariamente sus hogares para refugiarse en casas de familiares y amigos.<\/p>\n<p>Debido a las condiciones clim\u00e1ticas, el Gobierno decidi\u00f3 desplegar las fuerzas militares de la brigada de ingenieros en zonas de la periferia de Montevideo para brindar apoyo ante las inundaciones en la zona.<\/p>\n<p>Los departamentos m\u00e1s afectados por las incesantes lluvias son Durazno, Soriano, Treinta y Tres y Canelones, en el centro, este y sur del pa\u00eds.<\/p>\n<p>Adem\u00e1s, seg\u00fan inform\u00f3 la Polic\u00eda Caminera, catorce rutas nacionales est\u00e1n cortadas debido al desborde de numerosos r\u00edos y arroyos.<\/p>\n<p>Durante la pasada noche el departamento con mayores precipitaciones fue Lavalleja donde las lluvias llegaron a los 110 mil\u00edmetros.<\/p>\n<p>El Instituto Uruguayo de Meteorolog\u00eda emiti\u00f3 una advertencia de corto plazo de nivel naranja por tormentas fuertes que abarca los departamentos de Colonia, Soriano, San Jos\u00e9, Flores, Florida, Canelones, Montevideo, Lavalleja, Maldonado y Rocha, diez de los diecinueve del pa\u00eds, y que rige hasta las 17.00 GMT.<\/p>\n<p>Debido al mal clima la Intendencia de Montevideo suspendi\u00f3 en esta jornada y por segunda vez el inicio del tradicional Desfile de Llamadas del Carnaval uruguayo que fue retrasado una semana y se realizar\u00e1 los d\u00edas 13 y 14 de febrero.<\/p>\n<p>Varios partidos de la Liga uruguaya de baloncesto tuvieron que ser suspendidos por el alto \u00edndice de humedad en los gimnasios que puso en riesgo de lesiones a los jugadores.<\/p>\n<p>En la agropecuaria se registran \u00abp\u00e9rdidas importantes\u00bb en los cultivos de papa, arroz, verduras de hoja y frutas, se\u00f1alaron fuentes del sector.<\/p>\n<p>Los pron\u00f3sticos indican que las fuertes lluvias, incluso con tormentas el\u00e9ctricas, continuar\u00e1n por lo menos durante el fin de semana.<\/p>\n","protected":false},"excerpt":{"rendered":"<p>Montevideo, 7 feb (EFE).- El n\u00famero de evacuados en Uruguay aument\u00f3 hoy a unas 1.300 personas, se incrementaron las rutas cortadas y se suspendieron actividades como el Desfile de Llamadas del carnaval y partidos de baloncesto, entre otras, debido a las copiosas lluvias que desde hace cinco d\u00edas afectan el pa\u00eds. Seg\u00fan cifras oficiales, los [&hellip;]<\/p>\n","protected":false},"author":1,"featured_media":486425,"comment_status":"open","ping_status":"open","sticky":false,"template":"","format":"standard","meta":{"footnotes":""},"categories":[1],"tags":[],"class_list":["post-486424","post","type-post","status-publish","format-standard","has-post-thumbnail","hentry","category-actualidad"],"aioseo_notices":[],"aioseo_head":"\n\t\t<!-- All in One SEO Pro 5.0.1 - aioseo.com -->\n\t<meta name=\"description\" content=\"Montevideo, 7 feb (EFE).- El n\u00famero de evacuados en Uruguay aument\u00f3 hoy a unas 1.300 personas, se incrementaron las rutas cortadas y se suspendieron actividades como el Desfile de Llamadas del carnaval y partidos de baloncesto, entre otras, debido a las copiosas lluvias que desde hace cinco d\u00edas afectan el pa\u00eds. Seg\u00fan cifras oficiales, los\" \/>\n\t<meta name=\"robots\" content=\"max-image-preview:large\" \/>\n\t<meta name=\"author\" content=\"El Digital de Asturias\"\/>\n\t<meta name=\"google-site-verification\" content=\"UA-38556648-1\" \/>\n\t<meta name=\"msvalidate.01\" content=\"7dfe9f3f1b24437ab69f4f2559babe99\" \/>\n\t<meta name=\"keywords\" content=\"actualidad\" \/>\n\t<link rel=\"canonical\" href=\"https:\/\/www.eldigitaldeasturias.com\/noticias\/crece-el-numero-de-evacuados-en-uruguay-y-se-suspenden-actividades-por-las-lluvias\/\" \/>\n\t<meta name=\"generator\" content=\"All in One SEO Pro (AIOSEO) 5.0.1\" \/>\n\t\t<meta property=\"og:locale\" content=\"es_ES\" \/>\n\t\t<meta property=\"og:site_name\" content=\"El Digital de Asturias\" \/>\n\t\t<meta property=\"og:type\" content=\"article\" \/>\n\t\t<meta property=\"og:title\" content=\"Crece el n\u00famero de evacuados en Uruguay y se suspenden actividades por las lluvias - El Digital de Asturias\" \/>\n\t\t<meta property=\"og:description\" content=\"Montevideo, 7 feb (EFE).- El n\u00famero de evacuados en Uruguay aument\u00f3 hoy a unas 1.300 personas, se incrementaron las rutas cortadas y se suspendieron actividades como el Desfile de Llamadas del carnaval y partidos de baloncesto, entre otras, debido a las copiosas lluvias que desde hace cinco d\u00edas afectan el pa\u00eds. Seg\u00fan cifras oficiales, los\" \/>\n\t\t<meta property=\"og:url\" content=\"https:\/\/www.eldigitaldeasturias.com\/noticias\/crece-el-numero-de-evacuados-en-uruguay-y-se-suspenden-actividades-por-las-lluvias\/\" \/>\n\t\t<meta property=\"article:tag\" content=\"actualidad\" \/>\n\t\t<meta property=\"article:published_time\" content=\"2014-02-08T02:46:50+00:00\" \/>\n\t\t<meta property=\"article:modified_time\" content=\"2014-02-08T02:46:50+00:00\" \/>\n\t\t<meta property=\"article:publisher\" content=\"https:\/\/facebook.com\/eldigitaldeasturias\" \/>\n\t\t<meta name=\"twitter:card\" content=\"summary_large_image\" \/>\n\t\t<meta name=\"twitter:title\" content=\"Crece el n\u00famero de evacuados en Uruguay y se suspenden actividades por las lluvias - El Digital de Asturias\" \/>\n\t\t<meta name=\"twitter:description\" content=\"Montevideo, 7 feb (EFE).- El n\u00famero de evacuados en Uruguay aument\u00f3 hoy a unas 1.300 personas, se incrementaron las rutas cortadas y se suspendieron actividades como el Desfile de Llamadas del carnaval y partidos de baloncesto, entre otras, debido a las copiosas lluvias que desde hace cinco d\u00edas afectan el pa\u00eds. Seg\u00fan cifras oficiales, los\" \/>\n\t\t<meta name=\"twitter:label1\" content=\"Escrito por\" \/>\n\t\t<meta name=\"twitter:data1\" content=\"El Digital de Asturias\" \/>\n\t\t<meta name=\"twitter:label2\" content=\"Tiempo de lectura estimado\" \/>\n\t\t<meta name=\"twitter:data2\" content=\"2 minutos\" \/>\n\t\t<script type=\"application\/ld+json\" class=\"aioseo-schema\">\n\t\t\t{\"@context\":\"https:\\\/\\\/schema.org\",\"@graph\":[{\"@type\":\"BlogPosting\",\"@id\":\"https:\\\/\\\/www.eldigitaldeasturias.com\\\/noticias\\\/crece-el-numero-de-evacuados-en-uruguay-y-se-suspenden-actividades-por-las-lluvias\\\/#blogposting\",\"name\":\"Crece el n\\u00famero de evacuados en Uruguay y se suspenden actividades por las lluvias - El Digital de Asturias\",\"headline\":\"Crece el n\\u00famero de evacuados en Uruguay y se suspenden actividades por las lluvias\",\"author\":{\"@id\":\"https:\\\/\\\/www.eldigitaldeasturias.com\\\/noticias\\\/author\\\/admin\\\/#author\"},\"publisher\":{\"@id\":\"https:\\\/\\\/www.eldigitaldeasturias.com\\\/noticias\\\/#organization\"},\"image\":{\"@type\":\"ImageObject\",\"url\":486425},\"datePublished\":\"2014-02-08T01:46:50+01:00\",\"dateModified\":\"2014-02-08T01:46:50+01:00\",\"inLanguage\":\"es-ES\",\"mainEntityOfPage\":{\"@id\":\"https:\\\/\\\/www.eldigitaldeasturias.com\\\/noticias\\\/crece-el-numero-de-evacuados-en-uruguay-y-se-suspenden-actividades-por-las-lluvias\\\/#webpage\"},\"isPartOf\":{\"@id\":\"https:\\\/\\\/www.eldigitaldeasturias.com\\\/noticias\\\/crece-el-numero-de-evacuados-en-uruguay-y-se-suspenden-actividades-por-las-lluvias\\\/#webpage\"},\"articleSection\":\"Actualidad\"},{\"@type\":\"BreadcrumbList\",\"@id\":\"https:\\\/\\\/www.eldigitaldeasturias.com\\\/noticias\\\/crece-el-numero-de-evacuados-en-uruguay-y-se-suspenden-actividades-por-las-lluvias\\\/#breadcrumblist\",\"itemListElement\":[{\"@type\":\"ListItem\",\"@id\":\"https:\\\/\\\/www.eldigitaldeasturias.com\\\/noticias#listItem\",\"position\":1,\"name\":\"Home\",\"item\":\"https:\\\/\\\/www.eldigitaldeasturias.com\\\/noticias\",\"nextItem\":{\"@type\":\"ListItem\",\"@id\":\"https:\\\/\\\/www.eldigitaldeasturias.com\\\/noticias\\\/category\\\/actualidad\\\/#listItem\",\"name\":\"Actualidad\"}},{\"@type\":\"ListItem\",\"@id\":\"https:\\\/\\\/www.eldigitaldeasturias.com\\\/noticias\\\/category\\\/actualidad\\\/#listItem\",\"position\":2,\"name\":\"Actualidad\",\"item\":\"https:\\\/\\\/www.eldigitaldeasturias.com\\\/noticias\\\/category\\\/actualidad\\\/\",\"nextItem\":{\"@type\":\"ListItem\",\"@id\":\"https:\\\/\\\/www.eldigitaldeasturias.com\\\/noticias\\\/crece-el-numero-de-evacuados-en-uruguay-y-se-suspenden-actividades-por-las-lluvias\\\/#listItem\",\"name\":\"Crece el n\\u00famero de evacuados en Uruguay y se suspenden actividades por las lluvias\"},\"previousItem\":{\"@type\":\"ListItem\",\"@id\":\"https:\\\/\\\/www.eldigitaldeasturias.com\\\/noticias#listItem\",\"name\":\"Home\"}},{\"@type\":\"ListItem\",\"@id\":\"https:\\\/\\\/www.eldigitaldeasturias.com\\\/noticias\\\/crece-el-numero-de-evacuados-en-uruguay-y-se-suspenden-actividades-por-las-lluvias\\\/#listItem\",\"position\":3,\"name\":\"Crece el n\\u00famero de evacuados en Uruguay y se suspenden actividades por las lluvias\",\"previousItem\":{\"@type\":\"ListItem\",\"@id\":\"https:\\\/\\\/www.eldigitaldeasturias.com\\\/noticias\\\/category\\\/actualidad\\\/#listItem\",\"name\":\"Actualidad\"}}]},{\"@type\":\"Organization\",\"@id\":\"https:\\\/\\\/www.eldigitaldeasturias.com\\\/noticias\\\/#organization\",\"name\":\"El Digital de Asturias\",\"description\":\"Hemeroteca\",\"url\":\"https:\\\/\\\/www.eldigitaldeasturias.com\\\/noticias\\\/\",\"email\":\"info@eldigitaldeasturias.com\",\"telephone\":\"+34652131393\",\"logo\":{\"@type\":\"ImageObject\",\"url\":\"https:\\\/\\\/www.eldigitaldeasturias.com\\\/noticias\\\/wp-content\\\/uploads\\\/2020\\\/12\\\/EDA.jpg\",\"@id\":\"https:\\\/\\\/www.eldigitaldeasturias.com\\\/noticias\\\/crece-el-numero-de-evacuados-en-uruguay-y-se-suspenden-actividades-por-las-lluvias\\\/#organizationLogo\"},\"image\":{\"@id\":\"https:\\\/\\\/www.eldigitaldeasturias.com\\\/noticias\\\/crece-el-numero-de-evacuados-en-uruguay-y-se-suspenden-actividades-por-las-lluvias\\\/#organizationLogo\"},\"sameAs\":[\"https:\\\/\\\/facebook.com\\\/eldigitaldeasturias\",\"https:\\\/\\\/www.youtube.com\\\/channel\\\/UCZP-2wLEB9Rv6erhFmqVnvg\"],\"address\":{\"@id\":\"https:\\\/\\\/www.eldigitaldeasturias.com\\\/noticias\\\/#postaladdress\",\"@type\":\"PostalAddress\",\"streetAddress\":\"san antonio 4\",\"postalCode\":\"33430\",\"addressLocality\":\"Cand\\u00e1s\",\"addressRegion\":\"Asturias\",\"addressCountry\":\"ES\"}},{\"@type\":\"Person\",\"@id\":\"https:\\\/\\\/www.eldigitaldeasturias.com\\\/noticias\\\/author\\\/admin\\\/#author\",\"url\":\"https:\\\/\\\/www.eldigitaldeasturias.com\\\/noticias\\\/author\\\/admin\\\/\",\"name\":\"El Digital de Asturias\",\"image\":{\"@type\":\"ImageObject\",\"@id\":\"https:\\\/\\\/www.eldigitaldeasturias.com\\\/noticias\\\/crece-el-numero-de-evacuados-en-uruguay-y-se-suspenden-actividades-por-las-lluvias\\\/#authorImage\",\"url\":\"https:\\\/\\\/secure.gravatar.com\\\/avatar\\\/df2aeffc32bcd13f8d26072ef8a91b623d677766deac7f97ca815868cd41bf5e?s=96&d=mm&r=g\",\"width\":96,\"height\":96,\"caption\":\"El Digital de Asturias\"}},{\"@type\":\"WebPage\",\"@id\":\"https:\\\/\\\/www.eldigitaldeasturias.com\\\/noticias\\\/crece-el-numero-de-evacuados-en-uruguay-y-se-suspenden-actividades-por-las-lluvias\\\/#webpage\",\"url\":\"https:\\\/\\\/www.eldigitaldeasturias.com\\\/noticias\\\/crece-el-numero-de-evacuados-en-uruguay-y-se-suspenden-actividades-por-las-lluvias\\\/\",\"name\":\"Crece el n\\u00famero de evacuados en Uruguay y se suspenden actividades por las lluvias - El Digital de Asturias\",\"description\":\"Montevideo, 7 feb (EFE).- El n\\u00famero de evacuados en Uruguay aument\\u00f3 hoy a unas 1.300 personas, se incrementaron las rutas cortadas y se suspendieron actividades como el Desfile de Llamadas del carnaval y partidos de baloncesto, entre otras, debido a las copiosas lluvias que desde hace cinco d\\u00edas afectan el pa\\u00eds. Seg\\u00fan cifras oficiales, los\",\"inLanguage\":\"es-ES\",\"isPartOf\":{\"@id\":\"https:\\\/\\\/www.eldigitaldeasturias.com\\\/noticias\\\/#website\"},\"breadcrumb\":{\"@id\":\"https:\\\/\\\/www.eldigitaldeasturias.com\\\/noticias\\\/crece-el-numero-de-evacuados-en-uruguay-y-se-suspenden-actividades-por-las-lluvias\\\/#breadcrumblist\"},\"author\":{\"@id\":\"https:\\\/\\\/www.eldigitaldeasturias.com\\\/noticias\\\/author\\\/admin\\\/#author\"},\"creator\":{\"@id\":\"https:\\\/\\\/www.eldigitaldeasturias.com\\\/noticias\\\/author\\\/admin\\\/#author\"},\"image\":{\"@type\":\"ImageObject\",\"url\":486425,\"@id\":\"https:\\\/\\\/www.eldigitaldeasturias.com\\\/noticias\\\/crece-el-numero-de-evacuados-en-uruguay-y-se-suspenden-actividades-por-las-lluvias\\\/#mainImage\"},\"primaryImageOfPage\":{\"@id\":\"https:\\\/\\\/www.eldigitaldeasturias.com\\\/noticias\\\/crece-el-numero-de-evacuados-en-uruguay-y-se-suspenden-actividades-por-las-lluvias\\\/#mainImage\"},\"datePublished\":\"2014-02-08T01:46:50+01:00\",\"dateModified\":\"2014-02-08T01:46:50+01:00\"},{\"@type\":\"WebSite\",\"@id\":\"https:\\\/\\\/www.eldigitaldeasturias.com\\\/noticias\\\/#website\",\"url\":\"https:\\\/\\\/www.eldigitaldeasturias.com\\\/noticias\\\/\",\"name\":\"El Digital de Asturias - Diario de actualidad y noticias\",\"alternateName\":\"El Digital de Asturias - Diario de actualidad y noticias\",\"description\":\"Hemeroteca\",\"inLanguage\":\"es-ES\",\"publisher\":{\"@id\":\"https:\\\/\\\/www.eldigitaldeasturias.com\\\/noticias\\\/#organization\"}}]}\n\t\t<\/script>\n\t\t<!-- All in One SEO Pro -->\r\n\t\t<title>Crece el n\u00famero de evacuados en Uruguay y se suspenden actividades por las lluvias - El Digital de Asturias<\/title>\n\n","aioseo_head_json":{"title":"Crece el n\u00famero de evacuados en Uruguay y se suspenden actividades por las lluvias - El Digital de Asturias","description":"Montevideo, 7 feb (EFE).- El n\u00famero de evacuados en Uruguay aument\u00f3 hoy a unas 1.300 personas, se incrementaron las rutas cortadas y se suspendieron actividades como el Desfile de Llamadas del carnaval y partidos de baloncesto, entre otras, debido a las copiosas lluvias que desde hace cinco d\u00edas afectan el pa\u00eds. Seg\u00fan cifras oficiales, los","canonical_url":"https:\/\/www.eldigitaldeasturias.com\/noticias\/crece-el-numero-de-evacuados-en-uruguay-y-se-suspenden-actividades-por-las-lluvias\/","robots":"max-image-preview:large","keywords":"actualidad","webmasterTools":{"google-site-verification":"UA-38556648-1","msvalidate.01":"7dfe9f3f1b24437ab69f4f2559babe99","miscellaneous":""},"schema":{"@context":"https:\/\/schema.org","@graph":[{"@type":"BlogPosting","@id":"https:\/\/www.eldigitaldeasturias.com\/noticias\/crece-el-numero-de-evacuados-en-uruguay-y-se-suspenden-actividades-por-las-lluvias\/#blogposting","name":"Crece el n\u00famero de evacuados en Uruguay y se suspenden actividades por las lluvias - El Digital de Asturias","headline":"Crece el n\u00famero de evacuados en Uruguay y se suspenden actividades por las lluvias","author":{"@id":"https:\/\/www.eldigitaldeasturias.com\/noticias\/author\/admin\/#author"},"publisher":{"@id":"https:\/\/www.eldigitaldeasturias.com\/noticias\/#organization"},"image":{"@type":"ImageObject","url":486425},"datePublished":"2014-02-08T01:46:50+01:00","dateModified":"2014-02-08T01:46:50+01:00","inLanguage":"es-ES","mainEntityOfPage":{"@id":"https:\/\/www.eldigitaldeasturias.com\/noticias\/crece-el-numero-de-evacuados-en-uruguay-y-se-suspenden-actividades-por-las-lluvias\/#webpage"},"isPartOf":{"@id":"https:\/\/www.eldigitaldeasturias.com\/noticias\/crece-el-numero-de-evacuados-en-uruguay-y-se-suspenden-actividades-por-las-lluvias\/#webpage"},"articleSection":"Actualidad"},{"@type":"BreadcrumbList","@id":"https:\/\/www.eldigitaldeasturias.com\/noticias\/crece-el-numero-de-evacuados-en-uruguay-y-se-suspenden-actividades-por-las-lluvias\/#breadcrumblist","itemListElement":[{"@type":"ListItem","@id":"https:\/\/www.eldigitaldeasturias.com\/noticias#listItem","position":1,"name":"Home","item":"https:\/\/www.eldigitaldeasturias.com\/noticias","nextItem":{"@type":"ListItem","@id":"https:\/\/www.eldigitaldeasturias.com\/noticias\/category\/actualidad\/#listItem","name":"Actualidad"}},{"@type":"ListItem","@id":"https:\/\/www.eldigitaldeasturias.com\/noticias\/category\/actualidad\/#listItem","position":2,"name":"Actualidad","item":"https:\/\/www.eldigitaldeasturias.com\/noticias\/category\/actualidad\/","nextItem":{"@type":"ListItem","@id":"https:\/\/www.eldigitaldeasturias.com\/noticias\/crece-el-numero-de-evacuados-en-uruguay-y-se-suspenden-actividades-por-las-lluvias\/#listItem","name":"Crece el n\u00famero de evacuados en Uruguay y se suspenden actividades por las lluvias"},"previousItem":{"@type":"ListItem","@id":"https:\/\/www.eldigitaldeasturias.com\/noticias#listItem","name":"Home"}},{"@type":"ListItem","@id":"https:\/\/www.eldigitaldeasturias.com\/noticias\/crece-el-numero-de-evacuados-en-uruguay-y-se-suspenden-actividades-por-las-lluvias\/#listItem","position":3,"name":"Crece el n\u00famero de evacuados en Uruguay y se suspenden actividades por las lluvias","previousItem":{"@type":"ListItem","@id":"https:\/\/www.eldigitaldeasturias.com\/noticias\/category\/actualidad\/#listItem","name":"Actualidad"}}]},{"@type":"Organization","@id":"https:\/\/www.eldigitaldeasturias.com\/noticias\/#organization","name":"El Digital de Asturias","description":"Hemeroteca","url":"https:\/\/www.eldigitaldeasturias.com\/noticias\/","email":"info@eldigitaldeasturias.com","telephone":"+34652131393","logo":{"@type":"ImageObject","url":"https:\/\/www.eldigitaldeasturias.com\/noticias\/wp-content\/uploads\/2020\/12\/EDA.jpg","@id":"https:\/\/www.eldigitaldeasturias.com\/noticias\/crece-el-numero-de-evacuados-en-uruguay-y-se-suspenden-actividades-por-las-lluvias\/#organizationLogo"},"image":{"@id":"https:\/\/www.eldigitaldeasturias.com\/noticias\/crece-el-numero-de-evacuados-en-uruguay-y-se-suspenden-actividades-por-las-lluvias\/#organizationLogo"},"sameAs":["https:\/\/facebook.com\/eldigitaldeasturias","https:\/\/www.youtube.com\/channel\/UCZP-2wLEB9Rv6erhFmqVnvg"],"address":{"@id":"https:\/\/www.eldigitaldeasturias.com\/noticias\/#postaladdress","@type":"PostalAddress","streetAddress":"san antonio 4","postalCode":"33430","addressLocality":"Cand\u00e1s","addressRegion":"Asturias","addressCountry":"ES"}},{"@type":"Person","@id":"https:\/\/www.eldigitaldeasturias.com\/noticias\/author\/admin\/#author","url":"https:\/\/www.eldigitaldeasturias.com\/noticias\/author\/admin\/","name":"El Digital de Asturias","image":{"@type":"ImageObject","@id":"https:\/\/www.eldigitaldeasturias.com\/noticias\/crece-el-numero-de-evacuados-en-uruguay-y-se-suspenden-actividades-por-las-lluvias\/#authorImage","url":"https:\/\/secure.gravatar.com\/avatar\/df2aeffc32bcd13f8d26072ef8a91b623d677766deac7f97ca815868cd41bf5e?s=96&d=mm&r=g","width":96,"height":96,"caption":"El Digital de Asturias"}},{"@type":"WebPage","@id":"https:\/\/www.eldigitaldeasturias.com\/noticias\/crece-el-numero-de-evacuados-en-uruguay-y-se-suspenden-actividades-por-las-lluvias\/#webpage","url":"https:\/\/www.eldigitaldeasturias.com\/noticias\/crece-el-numero-de-evacuados-en-uruguay-y-se-suspenden-actividades-por-las-lluvias\/","name":"Crece el n\u00famero de evacuados en Uruguay y se suspenden actividades por las lluvias - El Digital de Asturias","description":"Montevideo, 7 feb (EFE).- El n\u00famero de evacuados en Uruguay aument\u00f3 hoy a unas 1.300 personas, se incrementaron las rutas cortadas y se suspendieron actividades como el Desfile de Llamadas del carnaval y partidos de baloncesto, entre otras, debido a las copiosas lluvias que desde hace cinco d\u00edas afectan el pa\u00eds. Seg\u00fan cifras oficiales, los","inLanguage":"es-ES","isPartOf":{"@id":"https:\/\/www.eldigitaldeasturias.com\/noticias\/#website"},"breadcrumb":{"@id":"https:\/\/www.eldigitaldeasturias.com\/noticias\/crece-el-numero-de-evacuados-en-uruguay-y-se-suspenden-actividades-por-las-lluvias\/#breadcrumblist"},"author":{"@id":"https:\/\/www.eldigitaldeasturias.com\/noticias\/author\/admin\/#author"},"creator":{"@id":"https:\/\/www.eldigitaldeasturias.com\/noticias\/author\/admin\/#author"},"image":{"@type":"ImageObject","url":486425,"@id":"https:\/\/www.eldigitaldeasturias.com\/noticias\/crece-el-numero-de-evacuados-en-uruguay-y-se-suspenden-actividades-por-las-lluvias\/#mainImage"},"primaryImageOfPage":{"@id":"https:\/\/www.eldigitaldeasturias.com\/noticias\/crece-el-numero-de-evacuados-en-uruguay-y-se-suspenden-actividades-por-las-lluvias\/#mainImage"},"datePublished":"2014-02-08T01:46:50+01:00","dateModified":"2014-02-08T01:46:50+01:00"},{"@type":"WebSite","@id":"https:\/\/www.eldigitaldeasturias.com\/noticias\/#website","url":"https:\/\/www.eldigitaldeasturias.com\/noticias\/","name":"El Digital de Asturias - Diario de actualidad y noticias","alternateName":"El Digital de Asturias - Diario de actualidad y noticias","description":"Hemeroteca","inLanguage":"es-ES","publisher":{"@id":"https:\/\/www.eldigitaldeasturias.com\/noticias\/#organization"}}]},"og:locale":"es_ES","og:site_name":"El Digital de Asturias","og:type":"article","og:title":"Crece el n\u00famero de evacuados en Uruguay y se suspenden actividades por las lluvias - El Digital de Asturias","og:description":"Montevideo, 7 feb (EFE).- El n\u00famero de evacuados en Uruguay aument\u00f3 hoy a unas 1.300 personas, se incrementaron las rutas cortadas y se suspendieron actividades como el Desfile de Llamadas del carnaval y partidos de baloncesto, entre otras, debido a las copiosas lluvias que desde hace cinco d\u00edas afectan el pa\u00eds. Seg\u00fan cifras oficiales, los","og:url":"https:\/\/www.eldigitaldeasturias.com\/noticias\/crece-el-numero-de-evacuados-en-uruguay-y-se-suspenden-actividades-por-las-lluvias\/","article:tag":["actualidad"],"article:published_time":"2014-02-08T02:46:50+00:00","article:modified_time":"2014-02-08T02:46:50+00:00","article:publisher":"https:\/\/facebook.com\/eldigitaldeasturias","twitter:card":"summary_large_image","twitter:title":"Crece el n\u00famero de evacuados en Uruguay y se suspenden actividades por las lluvias - El Digital de Asturias","twitter:description":"Montevideo, 7 feb (EFE).- El n\u00famero de evacuados en Uruguay aument\u00f3 hoy a unas 1.300 personas, se incrementaron las rutas cortadas y se suspendieron actividades como el Desfile de Llamadas del carnaval y partidos de baloncesto, entre otras, debido a las copiosas lluvias que desde hace cinco d\u00edas afectan el pa\u00eds. Seg\u00fan cifras oficiales, los","twitter:label1":"Escrito por","twitter:data1":"El Digital de Asturias","twitter:label2":"Tiempo de lectura estimado","twitter:data2":"2 minutos"},"aioseo_meta_data":{"post_id":"486424","title":null,"description":null,"keywords":null,"keyphrases":null,"primary_term":null,"canonical_url":null,"og_title":null,"og_description":null,"og_object_type":"default","og_image_type":"default","og_image_url":null,"og_image_width":null,"og_image_height":null,"og_image_custom_url":null,"og_image_custom_fields":null,"og_video":null,"og_custom_url":null,"og_article_section":null,"og_article_tags":null,"twitter_use_og":true,"twitter_card":"default","twitter_image_type":"default","twitter_image_url":null,"twitter_image_custom_url":null,"twitter_image_custom_fields":null,"twitter_title":null,"twitter_description":null,"schema":{"blockGraphs":[],"customGraphs":[],"default":{"data":{"Article":[],"Course":[],"Dataset":[],"FAQPage":[],"Movie":[],"Person":[],"Product":[],"ProductReview":[],"Car":[],"Recipe":[],"Service":[],"SoftwareApplication":[],"WebPage":[]},"graphName":"","isEnabled":true},"graphs":[],"defaultGraph":"","defaultPostTypeGraph":""},"schema_type":null,"schema_type_options":null,"pillar_content":false,"robots_default":true,"robots_noindex":false,"robots_noarchive":false,"robots_nosnippet":false,"robots_nofollow":false,"robots_noimageindex":false,"robots_noodp":false,"robots_notranslate":false,"robots_max_snippet":null,"robots_max_videopreview":null,"robots_max_imagepreview":"none","priority":null,"frequency":null,"local_seo":null,"seo_analyzer_scan_date":"2026-06-03 00:52:39","breadcrumb_settings":null,"limit_modified_date":false,"open_ai":null,"ai":null,"created":"2020-11-14 22:56:06","updated":"2026-06-03 00:52:39","focus_keyword":null,"additional_keywords":null,"truseo_locale":null},"aioseo_breadcrumb":"<div class=\"aioseo-breadcrumbs\"><span class=\"aioseo-breadcrumb\">\n\t<a href=\"https:\/\/www.eldigitaldeasturias.com\/noticias\" title=\"Home\">Home<\/a>\n<\/span><span class=\"aioseo-breadcrumb-separator\">\u2013<\/span><span class=\"aioseo-breadcrumb\">\n\t<a href=\"https:\/\/www.eldigitaldeasturias.com\/noticias\/category\/actualidad\/\" title=\"Actualidad\">Actualidad<\/a>\n<\/span><span class=\"aioseo-breadcrumb-separator\">\u2013<\/span><span class=\"aioseo-breadcrumb\">\n\t<a href=\"https:\/\/www.eldigitaldeasturias.com\/noticias\/crece-el-numero-de-evacuados-en-uruguay-y-se-suspenden-actividades-por-las-lluvias\/\" title=\"Crece el n\u00famero de evacuados en Uruguay y se suspenden actividades por las lluvias\">Crece el n\u00famero de evacuados en Uruguay y se suspenden actividades por las lluvias<\/a>\n<\/span><\/div>","aioseo_breadcrumb_json":[{"label":"Home","link":"https:\/\/www.eldigitaldeasturias.com\/noticias"},{"label":"Actualidad","link":"https:\/\/www.eldigitaldeasturias.com\/noticias\/category\/actualidad\/"},{"label":"Crece el n\u00famero de evacuados en Uruguay y se suspenden actividades por las lluvias","link":"https:\/\/www.eldigitaldeasturias.com\/noticias\/crece-el-numero-de-evacuados-en-uruguay-y-se-suspenden-actividades-por-las-lluvias\/"}],"_links":{"self":[{"href":"https:\/\/www.eldigitaldeasturias.com\/noticias\/wp-json\/wp\/v2\/posts\/486424","targetHints":{"allow":["GET"]}}],"collection":[{"href":"https:\/\/www.eldigitaldeasturias.com\/noticias\/wp-json\/wp\/v2\/posts"}],"about":[{"href":"https:\/\/www.eldigitaldeasturias.com\/noticias\/wp-json\/wp\/v2\/types\/post"}],"author":[{"embeddable":true,"href":"https:\/\/www.eldigitaldeasturias.com\/noticias\/wp-json\/wp\/v2\/users\/1"}],"replies":[{"embeddable":true,"href":"https:\/\/www.eldigitaldeasturias.com\/noticias\/wp-json\/wp\/v2\/comments?post=486424"}],"version-history":[{"count":0,"href":"https:\/\/www.eldigitaldeasturias.com\/noticias\/wp-json\/wp\/v2\/posts\/486424\/revisions"}],"wp:attachment":[{"href":"https:\/\/www.eldigitaldeasturias.com\/noticias\/wp-json\/wp\/v2\/media?parent=486424"}],"wp:term":[{"taxonomy":"category","embeddable":true,"href":"https:\/\/www.eldigitaldeasturias.com\/noticias\/wp-json\/wp\/v2\/categories?post=486424"},{"taxonomy":"post_tag","embeddable":true,"href":"https:\/\/www.eldigitaldeasturias.com\/noticias\/wp-json\/wp\/v2\/tags?post=486424"}],"curies":[{"name":"wp","href":"https:\/\/api.w.org\/{rel}","templated":true}]}}