{"id":486421,"date":"2014-02-08T01:45:48","date_gmt":"2014-02-08T02:45:48","guid":{"rendered":"http:\/\/www.eldigitaldeasturias.com\/noticias\/?p=486421"},"modified":"2014-02-08T01:45:48","modified_gmt":"2014-02-08T02:45:48","slug":"protesta-de-la-flota-del-cerco-ante-la-xunta-por-el-reparto-de-capturas","status":"publish","type":"post","link":"https:\/\/www.eldigitaldeasturias.com\/noticias\/protesta-de-la-flota-del-cerco-ante-la-xunta-por-el-reparto-de-capturas\/","title":{"rendered":"Protesta de la flota del cerco ante la Xunta por el reparto de capturas"},"content":{"rendered":"<p><img loading=\"lazy\" decoding=\"async\" class=\"alignleft size-medium wp-image-486422\" alt=\"5920951w\" src=\"https:\/\/www.eldigitaldeasturias.com\/noticias\/wp-content\/uploads\/2014\/02\/5920951w-360x273.jpg\" width=\"360\" height=\"273\" \/>Santiago de Compostela, 7 feb (EFE).- Una nutrida representaci\u00f3n de la flota del cerco ha protestado hoy ante las dependencias de la Xunta por la propuesta de reparto de las cuotas de jurel y caballa, al entender que Galicia saldr\u00eda perjudicada respecto a otras comunidades del norte.<\/p>\n<p>Los manifestantes, que llegaron a arrojar pescado a la sede de la Xunta, reclaman \u00abun reparto justo\u00bb que, en lugar de asignarse individualmente en funci\u00f3n de las capturas hist\u00f3ricas de cada barco, se tenga en cuenta el n\u00famero de tripulantes por embarcaci\u00f3n.<\/p>\n<p>Xabier Aboi, representante de la CIG-Mar, explic\u00f3 a EFE que la protesta reivindica un reparto \u00abjusto para toda la flota, no en funci\u00f3n de unos barcos trampeados y de no se sabe qu\u00e9\u00bb.<\/p>\n<p>Su demanda es \u00abtan simple como un reparto que permita trabajar a los barcos gallegos\u00bb e indic\u00f3 que el 70 por ciento de la asignaci\u00f3n se har\u00e1 en funci\u00f3n de capturas hist\u00f3ricas, en lugar de tenerse en cuenta cada flota y sus tripulantes, criterios con los que consider\u00f3 que saldr\u00eda beneficiada la flota vasca.<\/p>\n<p>\u00abNo se nos puede dejar a nosotros sin poder comer\u00bb, dijo Aboi, que lament\u00f3 que la Xunta \u00abno quiera\u00bb recibir al sector.<\/p>\n<p>Durante la protesta, una representaci\u00f3n de los congregados reclam\u00f3 entrevistarse con la conselleira de Medio Rural y Mar, Rosa Quintana, mientras coreaba c\u00e1nticos pidiendo su dimisi\u00f3n, aunque la representante auton\u00f3mica no se encontraba en ese momento en las dependencias administrativas.<\/p>\n<p>\u00abLa pr\u00f3xima semana habr\u00e1 novedades\u00bb, advirti\u00f3 Aboi respecto a posibles nuevas movilizaciones del sector.<\/p>\n","protected":false},"excerpt":{"rendered":"<p>Santiago de Compostela, 7 feb (EFE).- Una nutrida representaci\u00f3n de la flota del cerco ha protestado hoy ante las dependencias de la Xunta por la propuesta de reparto de las cuotas de jurel y caballa, al entender que Galicia saldr\u00eda perjudicada respecto a otras comunidades del norte. Los manifestantes, que llegaron a arrojar pescado a [&hellip;]<\/p>\n","protected":false},"author":1,"featured_media":486422,"comment_status":"open","ping_status":"open","sticky":false,"template":"","format":"standard","meta":{"footnotes":""},"categories":[1],"tags":[],"class_list":["post-486421","post","type-post","status-publish","format-standard","has-post-thumbnail","hentry","category-actualidad"],"aioseo_notices":[],"aioseo_head":"\n\t\t<!-- All in One SEO Pro 5.0.1 - aioseo.com -->\n\t<meta name=\"description\" content=\"Santiago de Compostela, 7 feb (EFE).- Una nutrida representaci\u00f3n de la flota del cerco ha protestado hoy ante las dependencias de la Xunta por la propuesta de reparto de las cuotas de jurel y caballa, al entender que Galicia saldr\u00eda perjudicada respecto a otras comunidades del norte. Los manifestantes, que llegaron a arrojar pescado a\" \/>\n\t<meta name=\"robots\" content=\"max-image-preview:large\" \/>\n\t<meta name=\"author\" content=\"El Digital de Asturias\"\/>\n\t<meta name=\"google-site-verification\" content=\"UA-38556648-1\" \/>\n\t<meta name=\"msvalidate.01\" content=\"7dfe9f3f1b24437ab69f4f2559babe99\" \/>\n\t<meta name=\"keywords\" content=\"actualidad\" \/>\n\t<link rel=\"canonical\" href=\"https:\/\/www.eldigitaldeasturias.com\/noticias\/protesta-de-la-flota-del-cerco-ante-la-xunta-por-el-reparto-de-capturas\/\" \/>\n\t<meta name=\"generator\" content=\"All in One SEO Pro (AIOSEO) 5.0.1\" \/>\n\t\t<meta property=\"og:locale\" content=\"es_ES\" \/>\n\t\t<meta property=\"og:site_name\" content=\"El Digital de Asturias\" \/>\n\t\t<meta property=\"og:type\" content=\"article\" \/>\n\t\t<meta property=\"og:title\" content=\"Protesta de la flota del cerco ante la Xunta por el reparto de capturas - El Digital de Asturias\" \/>\n\t\t<meta property=\"og:description\" content=\"Santiago de Compostela, 7 feb (EFE).- Una nutrida representaci\u00f3n de la flota del cerco ha protestado hoy ante las dependencias de la Xunta por la propuesta de reparto de las cuotas de jurel y caballa, al entender que Galicia saldr\u00eda perjudicada respecto a otras comunidades del norte. Los manifestantes, que llegaron a arrojar pescado a\" \/>\n\t\t<meta property=\"og:url\" content=\"https:\/\/www.eldigitaldeasturias.com\/noticias\/protesta-de-la-flota-del-cerco-ante-la-xunta-por-el-reparto-de-capturas\/\" \/>\n\t\t<meta property=\"article:tag\" content=\"actualidad\" \/>\n\t\t<meta property=\"article:published_time\" content=\"2014-02-08T02:45:48+00:00\" \/>\n\t\t<meta property=\"article:modified_time\" content=\"2014-02-08T02:45:48+00:00\" \/>\n\t\t<meta property=\"article:publisher\" content=\"https:\/\/facebook.com\/eldigitaldeasturias\" \/>\n\t\t<meta name=\"twitter:card\" content=\"summary_large_image\" \/>\n\t\t<meta name=\"twitter:title\" content=\"Protesta de la flota del cerco ante la Xunta por el reparto de capturas - El Digital de Asturias\" \/>\n\t\t<meta name=\"twitter:description\" content=\"Santiago de Compostela, 7 feb (EFE).- Una nutrida representaci\u00f3n de la flota del cerco ha protestado hoy ante las dependencias de la Xunta por la propuesta de reparto de las cuotas de jurel y caballa, al entender que Galicia saldr\u00eda perjudicada respecto a otras comunidades del norte. Los manifestantes, que llegaron a arrojar pescado a\" \/>\n\t\t<meta name=\"twitter:label1\" content=\"Escrito por\" \/>\n\t\t<meta name=\"twitter:data1\" content=\"El Digital de Asturias\" \/>\n\t\t<meta name=\"twitter:label2\" content=\"Tiempo de lectura estimado\" \/>\n\t\t<meta name=\"twitter:data2\" content=\"1 minuto\" \/>\n\t\t<script type=\"application\/ld+json\" class=\"aioseo-schema\">\n\t\t\t{\"@context\":\"https:\\\/\\\/schema.org\",\"@graph\":[{\"@type\":\"BlogPosting\",\"@id\":\"https:\\\/\\\/www.eldigitaldeasturias.com\\\/noticias\\\/protesta-de-la-flota-del-cerco-ante-la-xunta-por-el-reparto-de-capturas\\\/#blogposting\",\"name\":\"Protesta de la flota del cerco ante la Xunta por el reparto de capturas - El Digital de Asturias\",\"headline\":\"Protesta de la flota del cerco ante la Xunta por el reparto de capturas\",\"author\":{\"@id\":\"https:\\\/\\\/www.eldigitaldeasturias.com\\\/noticias\\\/author\\\/admin\\\/#author\"},\"publisher\":{\"@id\":\"https:\\\/\\\/www.eldigitaldeasturias.com\\\/noticias\\\/#organization\"},\"image\":{\"@type\":\"ImageObject\",\"url\":486422},\"datePublished\":\"2014-02-08T01:45:48+01:00\",\"dateModified\":\"2014-02-08T01:45:48+01:00\",\"inLanguage\":\"es-ES\",\"mainEntityOfPage\":{\"@id\":\"https:\\\/\\\/www.eldigitaldeasturias.com\\\/noticias\\\/protesta-de-la-flota-del-cerco-ante-la-xunta-por-el-reparto-de-capturas\\\/#webpage\"},\"isPartOf\":{\"@id\":\"https:\\\/\\\/www.eldigitaldeasturias.com\\\/noticias\\\/protesta-de-la-flota-del-cerco-ante-la-xunta-por-el-reparto-de-capturas\\\/#webpage\"},\"articleSection\":\"Actualidad\"},{\"@type\":\"BreadcrumbList\",\"@id\":\"https:\\\/\\\/www.eldigitaldeasturias.com\\\/noticias\\\/protesta-de-la-flota-del-cerco-ante-la-xunta-por-el-reparto-de-capturas\\\/#breadcrumblist\",\"itemListElement\":[{\"@type\":\"ListItem\",\"@id\":\"https:\\\/\\\/www.eldigitaldeasturias.com\\\/noticias#listItem\",\"position\":1,\"name\":\"Home\",\"item\":\"https:\\\/\\\/www.eldigitaldeasturias.com\\\/noticias\",\"nextItem\":{\"@type\":\"ListItem\",\"@id\":\"https:\\\/\\\/www.eldigitaldeasturias.com\\\/noticias\\\/category\\\/actualidad\\\/#listItem\",\"name\":\"Actualidad\"}},{\"@type\":\"ListItem\",\"@id\":\"https:\\\/\\\/www.eldigitaldeasturias.com\\\/noticias\\\/category\\\/actualidad\\\/#listItem\",\"position\":2,\"name\":\"Actualidad\",\"item\":\"https:\\\/\\\/www.eldigitaldeasturias.com\\\/noticias\\\/category\\\/actualidad\\\/\",\"nextItem\":{\"@type\":\"ListItem\",\"@id\":\"https:\\\/\\\/www.eldigitaldeasturias.com\\\/noticias\\\/protesta-de-la-flota-del-cerco-ante-la-xunta-por-el-reparto-de-capturas\\\/#listItem\",\"name\":\"Protesta de la flota del cerco ante la Xunta por el reparto de capturas\"},\"previousItem\":{\"@type\":\"ListItem\",\"@id\":\"https:\\\/\\\/www.eldigitaldeasturias.com\\\/noticias#listItem\",\"name\":\"Home\"}},{\"@type\":\"ListItem\",\"@id\":\"https:\\\/\\\/www.eldigitaldeasturias.com\\\/noticias\\\/protesta-de-la-flota-del-cerco-ante-la-xunta-por-el-reparto-de-capturas\\\/#listItem\",\"position\":3,\"name\":\"Protesta de la flota del cerco ante la Xunta por el reparto de capturas\",\"previousItem\":{\"@type\":\"ListItem\",\"@id\":\"https:\\\/\\\/www.eldigitaldeasturias.com\\\/noticias\\\/category\\\/actualidad\\\/#listItem\",\"name\":\"Actualidad\"}}]},{\"@type\":\"Organization\",\"@id\":\"https:\\\/\\\/www.eldigitaldeasturias.com\\\/noticias\\\/#organization\",\"name\":\"El Digital de Asturias\",\"description\":\"Hemeroteca\",\"url\":\"https:\\\/\\\/www.eldigitaldeasturias.com\\\/noticias\\\/\",\"email\":\"info@eldigitaldeasturias.com\",\"telephone\":\"+34652131393\",\"logo\":{\"@type\":\"ImageObject\",\"url\":\"https:\\\/\\\/www.eldigitaldeasturias.com\\\/noticias\\\/wp-content\\\/uploads\\\/2020\\\/12\\\/EDA.jpg\",\"@id\":\"https:\\\/\\\/www.eldigitaldeasturias.com\\\/noticias\\\/protesta-de-la-flota-del-cerco-ante-la-xunta-por-el-reparto-de-capturas\\\/#organizationLogo\"},\"image\":{\"@id\":\"https:\\\/\\\/www.eldigitaldeasturias.com\\\/noticias\\\/protesta-de-la-flota-del-cerco-ante-la-xunta-por-el-reparto-de-capturas\\\/#organizationLogo\"},\"sameAs\":[\"https:\\\/\\\/facebook.com\\\/eldigitaldeasturias\",\"https:\\\/\\\/www.youtube.com\\\/channel\\\/UCZP-2wLEB9Rv6erhFmqVnvg\"],\"address\":{\"@id\":\"https:\\\/\\\/www.eldigitaldeasturias.com\\\/noticias\\\/#postaladdress\",\"@type\":\"PostalAddress\",\"streetAddress\":\"san antonio 4\",\"postalCode\":\"33430\",\"addressLocality\":\"Cand\\u00e1s\",\"addressRegion\":\"Asturias\",\"addressCountry\":\"ES\"}},{\"@type\":\"Person\",\"@id\":\"https:\\\/\\\/www.eldigitaldeasturias.com\\\/noticias\\\/author\\\/admin\\\/#author\",\"url\":\"https:\\\/\\\/www.eldigitaldeasturias.com\\\/noticias\\\/author\\\/admin\\\/\",\"name\":\"El Digital de Asturias\",\"image\":{\"@type\":\"ImageObject\",\"@id\":\"https:\\\/\\\/www.eldigitaldeasturias.com\\\/noticias\\\/protesta-de-la-flota-del-cerco-ante-la-xunta-por-el-reparto-de-capturas\\\/#authorImage\",\"url\":\"https:\\\/\\\/secure.gravatar.com\\\/avatar\\\/df2aeffc32bcd13f8d26072ef8a91b623d677766deac7f97ca815868cd41bf5e?s=96&d=mm&r=g\",\"width\":96,\"height\":96,\"caption\":\"El Digital de Asturias\"}},{\"@type\":\"WebPage\",\"@id\":\"https:\\\/\\\/www.eldigitaldeasturias.com\\\/noticias\\\/protesta-de-la-flota-del-cerco-ante-la-xunta-por-el-reparto-de-capturas\\\/#webpage\",\"url\":\"https:\\\/\\\/www.eldigitaldeasturias.com\\\/noticias\\\/protesta-de-la-flota-del-cerco-ante-la-xunta-por-el-reparto-de-capturas\\\/\",\"name\":\"Protesta de la flota del cerco ante la Xunta por el reparto de capturas - El Digital de Asturias\",\"description\":\"Santiago de Compostela, 7 feb (EFE).- Una nutrida representaci\\u00f3n de la flota del cerco ha protestado hoy ante las dependencias de la Xunta por la propuesta de reparto de las cuotas de jurel y caballa, al entender que Galicia saldr\\u00eda perjudicada respecto a otras comunidades del norte. Los manifestantes, que llegaron a arrojar pescado a\",\"inLanguage\":\"es-ES\",\"isPartOf\":{\"@id\":\"https:\\\/\\\/www.eldigitaldeasturias.com\\\/noticias\\\/#website\"},\"breadcrumb\":{\"@id\":\"https:\\\/\\\/www.eldigitaldeasturias.com\\\/noticias\\\/protesta-de-la-flota-del-cerco-ante-la-xunta-por-el-reparto-de-capturas\\\/#breadcrumblist\"},\"author\":{\"@id\":\"https:\\\/\\\/www.eldigitaldeasturias.com\\\/noticias\\\/author\\\/admin\\\/#author\"},\"creator\":{\"@id\":\"https:\\\/\\\/www.eldigitaldeasturias.com\\\/noticias\\\/author\\\/admin\\\/#author\"},\"image\":{\"@type\":\"ImageObject\",\"url\":486422,\"@id\":\"https:\\\/\\\/www.eldigitaldeasturias.com\\\/noticias\\\/protesta-de-la-flota-del-cerco-ante-la-xunta-por-el-reparto-de-capturas\\\/#mainImage\"},\"primaryImageOfPage\":{\"@id\":\"https:\\\/\\\/www.eldigitaldeasturias.com\\\/noticias\\\/protesta-de-la-flota-del-cerco-ante-la-xunta-por-el-reparto-de-capturas\\\/#mainImage\"},\"datePublished\":\"2014-02-08T01:45:48+01:00\",\"dateModified\":\"2014-02-08T01:45:48+01:00\"},{\"@type\":\"WebSite\",\"@id\":\"https:\\\/\\\/www.eldigitaldeasturias.com\\\/noticias\\\/#website\",\"url\":\"https:\\\/\\\/www.eldigitaldeasturias.com\\\/noticias\\\/\",\"name\":\"El Digital de Asturias - Diario de actualidad y noticias\",\"alternateName\":\"El Digital de Asturias - Diario de actualidad y noticias\",\"description\":\"Hemeroteca\",\"inLanguage\":\"es-ES\",\"publisher\":{\"@id\":\"https:\\\/\\\/www.eldigitaldeasturias.com\\\/noticias\\\/#organization\"}}]}\n\t\t<\/script>\n\t\t<!-- All in One SEO Pro -->\r\n\t\t<title>Protesta de la flota del cerco ante la Xunta por el reparto de capturas - El Digital de Asturias<\/title>\n\n","aioseo_head_json":{"title":"Protesta de la flota del cerco ante la Xunta por el reparto de capturas - El Digital de Asturias","description":"Santiago de Compostela, 7 feb (EFE).- Una nutrida representaci\u00f3n de la flota del cerco ha protestado hoy ante las dependencias de la Xunta por la propuesta de reparto de las cuotas de jurel y caballa, al entender que Galicia saldr\u00eda perjudicada respecto a otras comunidades del norte. Los manifestantes, que llegaron a arrojar pescado a","canonical_url":"https:\/\/www.eldigitaldeasturias.com\/noticias\/protesta-de-la-flota-del-cerco-ante-la-xunta-por-el-reparto-de-capturas\/","robots":"max-image-preview:large","keywords":"actualidad","webmasterTools":{"google-site-verification":"UA-38556648-1","msvalidate.01":"7dfe9f3f1b24437ab69f4f2559babe99","miscellaneous":""},"schema":{"@context":"https:\/\/schema.org","@graph":[{"@type":"BlogPosting","@id":"https:\/\/www.eldigitaldeasturias.com\/noticias\/protesta-de-la-flota-del-cerco-ante-la-xunta-por-el-reparto-de-capturas\/#blogposting","name":"Protesta de la flota del cerco ante la Xunta por el reparto de capturas - El Digital de Asturias","headline":"Protesta de la flota del cerco ante la Xunta por el reparto de capturas","author":{"@id":"https:\/\/www.eldigitaldeasturias.com\/noticias\/author\/admin\/#author"},"publisher":{"@id":"https:\/\/www.eldigitaldeasturias.com\/noticias\/#organization"},"image":{"@type":"ImageObject","url":486422},"datePublished":"2014-02-08T01:45:48+01:00","dateModified":"2014-02-08T01:45:48+01:00","inLanguage":"es-ES","mainEntityOfPage":{"@id":"https:\/\/www.eldigitaldeasturias.com\/noticias\/protesta-de-la-flota-del-cerco-ante-la-xunta-por-el-reparto-de-capturas\/#webpage"},"isPartOf":{"@id":"https:\/\/www.eldigitaldeasturias.com\/noticias\/protesta-de-la-flota-del-cerco-ante-la-xunta-por-el-reparto-de-capturas\/#webpage"},"articleSection":"Actualidad"},{"@type":"BreadcrumbList","@id":"https:\/\/www.eldigitaldeasturias.com\/noticias\/protesta-de-la-flota-del-cerco-ante-la-xunta-por-el-reparto-de-capturas\/#breadcrumblist","itemListElement":[{"@type":"ListItem","@id":"https:\/\/www.eldigitaldeasturias.com\/noticias#listItem","position":1,"name":"Home","item":"https:\/\/www.eldigitaldeasturias.com\/noticias","nextItem":{"@type":"ListItem","@id":"https:\/\/www.eldigitaldeasturias.com\/noticias\/category\/actualidad\/#listItem","name":"Actualidad"}},{"@type":"ListItem","@id":"https:\/\/www.eldigitaldeasturias.com\/noticias\/category\/actualidad\/#listItem","position":2,"name":"Actualidad","item":"https:\/\/www.eldigitaldeasturias.com\/noticias\/category\/actualidad\/","nextItem":{"@type":"ListItem","@id":"https:\/\/www.eldigitaldeasturias.com\/noticias\/protesta-de-la-flota-del-cerco-ante-la-xunta-por-el-reparto-de-capturas\/#listItem","name":"Protesta de la flota del cerco ante la Xunta por el reparto de capturas"},"previousItem":{"@type":"ListItem","@id":"https:\/\/www.eldigitaldeasturias.com\/noticias#listItem","name":"Home"}},{"@type":"ListItem","@id":"https:\/\/www.eldigitaldeasturias.com\/noticias\/protesta-de-la-flota-del-cerco-ante-la-xunta-por-el-reparto-de-capturas\/#listItem","position":3,"name":"Protesta de la flota del cerco ante la Xunta por el reparto de capturas","previousItem":{"@type":"ListItem","@id":"https:\/\/www.eldigitaldeasturias.com\/noticias\/category\/actualidad\/#listItem","name":"Actualidad"}}]},{"@type":"Organization","@id":"https:\/\/www.eldigitaldeasturias.com\/noticias\/#organization","name":"El Digital de Asturias","description":"Hemeroteca","url":"https:\/\/www.eldigitaldeasturias.com\/noticias\/","email":"info@eldigitaldeasturias.com","telephone":"+34652131393","logo":{"@type":"ImageObject","url":"https:\/\/www.eldigitaldeasturias.com\/noticias\/wp-content\/uploads\/2020\/12\/EDA.jpg","@id":"https:\/\/www.eldigitaldeasturias.com\/noticias\/protesta-de-la-flota-del-cerco-ante-la-xunta-por-el-reparto-de-capturas\/#organizationLogo"},"image":{"@id":"https:\/\/www.eldigitaldeasturias.com\/noticias\/protesta-de-la-flota-del-cerco-ante-la-xunta-por-el-reparto-de-capturas\/#organizationLogo"},"sameAs":["https:\/\/facebook.com\/eldigitaldeasturias","https:\/\/www.youtube.com\/channel\/UCZP-2wLEB9Rv6erhFmqVnvg"],"address":{"@id":"https:\/\/www.eldigitaldeasturias.com\/noticias\/#postaladdress","@type":"PostalAddress","streetAddress":"san antonio 4","postalCode":"33430","addressLocality":"Cand\u00e1s","addressRegion":"Asturias","addressCountry":"ES"}},{"@type":"Person","@id":"https:\/\/www.eldigitaldeasturias.com\/noticias\/author\/admin\/#author","url":"https:\/\/www.eldigitaldeasturias.com\/noticias\/author\/admin\/","name":"El Digital de Asturias","image":{"@type":"ImageObject","@id":"https:\/\/www.eldigitaldeasturias.com\/noticias\/protesta-de-la-flota-del-cerco-ante-la-xunta-por-el-reparto-de-capturas\/#authorImage","url":"https:\/\/secure.gravatar.com\/avatar\/df2aeffc32bcd13f8d26072ef8a91b623d677766deac7f97ca815868cd41bf5e?s=96&d=mm&r=g","width":96,"height":96,"caption":"El Digital de Asturias"}},{"@type":"WebPage","@id":"https:\/\/www.eldigitaldeasturias.com\/noticias\/protesta-de-la-flota-del-cerco-ante-la-xunta-por-el-reparto-de-capturas\/#webpage","url":"https:\/\/www.eldigitaldeasturias.com\/noticias\/protesta-de-la-flota-del-cerco-ante-la-xunta-por-el-reparto-de-capturas\/","name":"Protesta de la flota del cerco ante la Xunta por el reparto de capturas - El Digital de Asturias","description":"Santiago de Compostela, 7 feb (EFE).- Una nutrida representaci\u00f3n de la flota del cerco ha protestado hoy ante las dependencias de la Xunta por la propuesta de reparto de las cuotas de jurel y caballa, al entender que Galicia saldr\u00eda perjudicada respecto a otras comunidades del norte. Los manifestantes, que llegaron a arrojar pescado a","inLanguage":"es-ES","isPartOf":{"@id":"https:\/\/www.eldigitaldeasturias.com\/noticias\/#website"},"breadcrumb":{"@id":"https:\/\/www.eldigitaldeasturias.com\/noticias\/protesta-de-la-flota-del-cerco-ante-la-xunta-por-el-reparto-de-capturas\/#breadcrumblist"},"author":{"@id":"https:\/\/www.eldigitaldeasturias.com\/noticias\/author\/admin\/#author"},"creator":{"@id":"https:\/\/www.eldigitaldeasturias.com\/noticias\/author\/admin\/#author"},"image":{"@type":"ImageObject","url":486422,"@id":"https:\/\/www.eldigitaldeasturias.com\/noticias\/protesta-de-la-flota-del-cerco-ante-la-xunta-por-el-reparto-de-capturas\/#mainImage"},"primaryImageOfPage":{"@id":"https:\/\/www.eldigitaldeasturias.com\/noticias\/protesta-de-la-flota-del-cerco-ante-la-xunta-por-el-reparto-de-capturas\/#mainImage"},"datePublished":"2014-02-08T01:45:48+01:00","dateModified":"2014-02-08T01:45:48+01:00"},{"@type":"WebSite","@id":"https:\/\/www.eldigitaldeasturias.com\/noticias\/#website","url":"https:\/\/www.eldigitaldeasturias.com\/noticias\/","name":"El Digital de Asturias - Diario de actualidad y noticias","alternateName":"El Digital de Asturias - Diario de actualidad y noticias","description":"Hemeroteca","inLanguage":"es-ES","publisher":{"@id":"https:\/\/www.eldigitaldeasturias.com\/noticias\/#organization"}}]},"og:locale":"es_ES","og:site_name":"El Digital de Asturias","og:type":"article","og:title":"Protesta de la flota del cerco ante la Xunta por el reparto de capturas - El Digital de Asturias","og:description":"Santiago de Compostela, 7 feb (EFE).- Una nutrida representaci\u00f3n de la flota del cerco ha protestado hoy ante las dependencias de la Xunta por la propuesta de reparto de las cuotas de jurel y caballa, al entender que Galicia saldr\u00eda perjudicada respecto a otras comunidades del norte. Los manifestantes, que llegaron a arrojar pescado a","og:url":"https:\/\/www.eldigitaldeasturias.com\/noticias\/protesta-de-la-flota-del-cerco-ante-la-xunta-por-el-reparto-de-capturas\/","article:tag":["actualidad"],"article:published_time":"2014-02-08T02:45:48+00:00","article:modified_time":"2014-02-08T02:45:48+00:00","article:publisher":"https:\/\/facebook.com\/eldigitaldeasturias","twitter:card":"summary_large_image","twitter:title":"Protesta de la flota del cerco ante la Xunta por el reparto de capturas - El Digital de Asturias","twitter:description":"Santiago de Compostela, 7 feb (EFE).- Una nutrida representaci\u00f3n de la flota del cerco ha protestado hoy ante las dependencias de la Xunta por la propuesta de reparto de las cuotas de jurel y caballa, al entender que Galicia saldr\u00eda perjudicada respecto a otras comunidades del norte. Los manifestantes, que llegaron a arrojar pescado a","twitter:label1":"Escrito por","twitter:data1":"El Digital de Asturias","twitter:label2":"Tiempo de lectura estimado","twitter:data2":"1 minuto"},"aioseo_meta_data":{"post_id":"486421","title":null,"description":null,"keywords":null,"keyphrases":null,"primary_term":null,"canonical_url":null,"og_title":null,"og_description":null,"og_object_type":"default","og_image_type":"default","og_image_url":null,"og_image_width":null,"og_image_height":null,"og_image_custom_url":null,"og_image_custom_fields":null,"og_video":null,"og_custom_url":null,"og_article_section":null,"og_article_tags":null,"twitter_use_og":true,"twitter_card":"default","twitter_image_type":"default","twitter_image_url":null,"twitter_image_custom_url":null,"twitter_image_custom_fields":null,"twitter_title":null,"twitter_description":null,"schema":{"blockGraphs":[],"customGraphs":[],"default":{"data":{"Article":[],"Course":[],"Dataset":[],"FAQPage":[],"Movie":[],"Person":[],"Product":[],"ProductReview":[],"Car":[],"Recipe":[],"Service":[],"SoftwareApplication":[],"WebPage":[]},"graphName":"","isEnabled":true},"graphs":[],"defaultGraph":"","defaultPostTypeGraph":""},"schema_type":null,"schema_type_options":null,"pillar_content":false,"robots_default":true,"robots_noindex":false,"robots_noarchive":false,"robots_nosnippet":false,"robots_nofollow":false,"robots_noimageindex":false,"robots_noodp":false,"robots_notranslate":false,"robots_max_snippet":null,"robots_max_videopreview":null,"robots_max_imagepreview":"none","priority":null,"frequency":null,"local_seo":null,"seo_analyzer_scan_date":"2026-06-03 00:52:39","breadcrumb_settings":null,"limit_modified_date":false,"open_ai":null,"ai":null,"created":"2020-11-14 22:56:06","updated":"2026-06-03 00:52:39","focus_keyword":null,"additional_keywords":null,"truseo_locale":null},"aioseo_breadcrumb":"<div class=\"aioseo-breadcrumbs\"><span class=\"aioseo-breadcrumb\">\n\t<a href=\"https:\/\/www.eldigitaldeasturias.com\/noticias\" title=\"Home\">Home<\/a>\n<\/span><span class=\"aioseo-breadcrumb-separator\">\u2013<\/span><span class=\"aioseo-breadcrumb\">\n\t<a href=\"https:\/\/www.eldigitaldeasturias.com\/noticias\/category\/actualidad\/\" title=\"Actualidad\">Actualidad<\/a>\n<\/span><span class=\"aioseo-breadcrumb-separator\">\u2013<\/span><span class=\"aioseo-breadcrumb\">\n\t<a href=\"https:\/\/www.eldigitaldeasturias.com\/noticias\/protesta-de-la-flota-del-cerco-ante-la-xunta-por-el-reparto-de-capturas\/\" title=\"Protesta de la flota del cerco ante la Xunta por el reparto de capturas\">Protesta de la flota del cerco ante la Xunta por el reparto de capturas<\/a>\n<\/span><\/div>","aioseo_breadcrumb_json":[{"label":"Home","link":"https:\/\/www.eldigitaldeasturias.com\/noticias"},{"label":"Actualidad","link":"https:\/\/www.eldigitaldeasturias.com\/noticias\/category\/actualidad\/"},{"label":"Protesta de la flota del cerco ante la Xunta por el reparto de capturas","link":"https:\/\/www.eldigitaldeasturias.com\/noticias\/protesta-de-la-flota-del-cerco-ante-la-xunta-por-el-reparto-de-capturas\/"}],"_links":{"self":[{"href":"https:\/\/www.eldigitaldeasturias.com\/noticias\/wp-json\/wp\/v2\/posts\/486421","targetHints":{"allow":["GET"]}}],"collection":[{"href":"https:\/\/www.eldigitaldeasturias.com\/noticias\/wp-json\/wp\/v2\/posts"}],"about":[{"href":"https:\/\/www.eldigitaldeasturias.com\/noticias\/wp-json\/wp\/v2\/types\/post"}],"author":[{"embeddable":true,"href":"https:\/\/www.eldigitaldeasturias.com\/noticias\/wp-json\/wp\/v2\/users\/1"}],"replies":[{"embeddable":true,"href":"https:\/\/www.eldigitaldeasturias.com\/noticias\/wp-json\/wp\/v2\/comments?post=486421"}],"version-history":[{"count":0,"href":"https:\/\/www.eldigitaldeasturias.com\/noticias\/wp-json\/wp\/v2\/posts\/486421\/revisions"}],"wp:attachment":[{"href":"https:\/\/www.eldigitaldeasturias.com\/noticias\/wp-json\/wp\/v2\/media?parent=486421"}],"wp:term":[{"taxonomy":"category","embeddable":true,"href":"https:\/\/www.eldigitaldeasturias.com\/noticias\/wp-json\/wp\/v2\/categories?post=486421"},{"taxonomy":"post_tag","embeddable":true,"href":"https:\/\/www.eldigitaldeasturias.com\/noticias\/wp-json\/wp\/v2\/tags?post=486421"}],"curies":[{"name":"wp","href":"https:\/\/api.w.org\/{rel}","templated":true}]}}