{"id":486415,"date":"2014-02-08T01:43:27","date_gmt":"2014-02-08T02:43:27","guid":{"rendered":"http:\/\/www.eldigitaldeasturias.com\/noticias\/?p=486415"},"modified":"2014-02-08T01:43:27","modified_gmt":"2014-02-08T02:43:27","slug":"andalucia-y-canarias-reclaman-una-financiacion-justa-que-blinde-los-servicios","status":"publish","type":"post","link":"https:\/\/www.eldigitaldeasturias.com\/noticias\/andalucia-y-canarias-reclaman-una-financiacion-justa-que-blinde-los-servicios\/","title":{"rendered":"Andaluc\u00eda y Canarias reclaman una financiaci\u00f3n justa que blinde los servicios"},"content":{"rendered":"<p><img loading=\"lazy\" decoding=\"async\" class=\"alignleft size-medium wp-image-486416\" alt=\"5921998w\" src=\"https:\/\/www.eldigitaldeasturias.com\/noticias\/wp-content\/uploads\/2014\/02\/5921998w-360x229.jpg\" width=\"360\" height=\"229\" \/>Sevilla, 7 feb (EFE).- La presidenta de la Junta de Andaluc\u00eda, Susana D\u00edaz, y el presidente del Gobierno de Canarias, Paulino Rivero, han coincidido hoy en reclamar una financiaci\u00f3n \u00abjusta\u00bb en la que se trate a todos los territorios por igual y que suponga un blindaje de los servicios p\u00fablicos que prestan las comunidades.<\/p>\n<p>D\u00edaz y Rivero, que se han reunido hoy en Sevilla durante una hora, han destacado posteriormente en rueda de prensa las coincidencias de ambos gobiernos auton\u00f3micos en la necesidad de \u00abcorregir\u00bb el actual sistema de financiaci\u00f3n para conseguir un modelo que sea m\u00e1s equitativo, ya que entienden que sus regiones reciben menos dinero del que les corresponder\u00eda.<\/p>\n<p>La presidenta andaluza ha argumentado que la Junta ha dejado de percibir en torno a 2.800 millones en los \u00faltimos tres a\u00f1os liquidados, por lo que entiende que el sistema \u00abno se est\u00e1 aplicando bien y provoca que haya comunidades que est\u00e1n hiperfinanciadas frente a otras que estamos recibiendo bastante menos de la media -ha dicho-\u00ab.<\/p>\n<p>Ha defendido el c\u00e1lculo del coste promedio de los servicios p\u00fablicos para garantizar \u00abque todos los ciudadanos van a recibir lo mismo\u00bb y ha indicado que Andaluc\u00eda y Canarias son dos comunidades a las que \u00abno se est\u00e1 aplicando correctamente el modelo\u00bb.<\/p>\n<p>Rivero ha dicho que coinciden en la necesidad de \u00abcorregir y actualizar\u00bb el modelo porque en ambas comunidades tienen como prioridad \u00abla cohesi\u00f3n social\u00bb, pero junto a Murcia y Valencia est\u00e1n siendo \u00abespecialmente perjudicadas\u00bb, lo que ha asegurado que les \u00abresta capacidad\u00bb para atender los servicios p\u00fablicos.<\/p>\n<p>\u00abCompartimos el principio b\u00e1sico de que todos los ciudadanos, vivan en el rinc\u00f3n que vivan, tienen que tener las mismas posibilidades para tener unos servicios p\u00fablicos similares\u00bb, ha agregado el presidente canario.<\/p>\n<p>Ambos dirigentes han abundado en la utilidad de poner en marcha con mayor asiduidad la conferencia de presidentes para tratar asuntos como este porque, en palabras de D\u00edaz, es un instrumento que est\u00e1 \u00abinfrautilizado\u00bb y que \u00abevitar\u00eda muchos enfrentamientos y tener que estar recurriendo permanentemente al Tribunal Constitucional\u00bb.<\/p>\n<p>Ha agregado que se trata de un instrumento que facilita el di\u00e1logo, el acuerdo y la capacidad para poder debatir sobre competencias que no son propias, actitud que cree que es \u00aboportuna\u00bb en este momento en Espa\u00f1a.<\/p>\n<p>Rivero por su parte ha manifestado que la idea de poner en marcha la conferencia de presidentes es \u00abmagn\u00edfica\u00bb y ha defendido que se deber\u00eda promover peri\u00f3dicamente porque \u00abno hay que tenerle miedo a las dificultades\u00bb, aunque ha lamentado que ese instrumento est\u00e1 siendo \u00abpoco operativo y poco utilizado\u00bb.<\/p>\n<p>Asimismo, D\u00edaz y Rivero han demandado al Gobierno central un \u00abcompromiso\u00bb con la puesta en marcha de un plan de renovaci\u00f3n de infraestructuras tur\u00edsticas que vaya ligado al impulso del sector de la construcci\u00f3n, que ven clave para generar mayor empleo.<\/p>\n<p>Rivero ha trasladado a la presidenta andaluza el \u00abplan renove\u00bb que est\u00e1n llevando a cabo en Canarias para mejorar las infraestructuras tur\u00edsticas, un programa que seg\u00fan ha dicho cuenta con el respaldo de todas las entidades financieras y que pretende que se pueda \u00abproyectar\u00bb al Estado buscando un compromiso del Gobierno para que colabore.<\/p>\n<p>D\u00edaz ha acogido bien esta iniciativa, por lo que la Junta estudiar\u00e1 qu\u00e9 medidas de las que se est\u00e1n llevando a cabo en Canarias son aplicables en la comunidad andaluza, ya que vincular\u00eda la mejora tur\u00edstica a la creaci\u00f3n de empleo en la construcci\u00f3n, y tambi\u00e9n solicitar\u00e1 al Gobierno trabajar conjuntamente.<\/p>\n<p>\u00abCreo que es importante que trabajemos ambas comunidades y otras para solicitar al Gobierno un plan que nos permita renovar el sector tur\u00edstico, que tiene gran capacidad de generar empleo\u00bb, ha insistido.<\/p>\n<p>Por otra parte, el presidente de Canarias, al ser preguntado sobre si teme que la ley de vivienda que promueve su comunidad se vea paralizada como ha ocurrido con la andaluza, ha mostrado su confianza en que pueda contar \u00abcon todos los avales\u00bb y por ello no prev\u00e9n \u00abque se produzca ning\u00fan proceso que la pueda obstaculizar\u00bb.<\/p>\n","protected":false},"excerpt":{"rendered":"<p>Sevilla, 7 feb (EFE).- La presidenta de la Junta de Andaluc\u00eda, Susana D\u00edaz, y el presidente del Gobierno de Canarias, Paulino Rivero, han coincidido hoy en reclamar una financiaci\u00f3n \u00abjusta\u00bb en la que se trate a todos los territorios por igual y que suponga un blindaje de los servicios p\u00fablicos que prestan las comunidades. D\u00edaz [&hellip;]<\/p>\n","protected":false},"author":1,"featured_media":486416,"comment_status":"open","ping_status":"open","sticky":false,"template":"","format":"standard","meta":{"footnotes":""},"categories":[1],"tags":[],"class_list":["post-486415","post","type-post","status-publish","format-standard","has-post-thumbnail","hentry","category-actualidad"],"aioseo_notices":[],"aioseo_head":"\n\t\t<!-- All in One SEO Pro 5.0.1 - aioseo.com -->\n\t<meta name=\"description\" content=\"Sevilla, 7 feb (EFE).- La presidenta de la Junta de Andaluc\u00eda, Susana D\u00edaz, y el presidente del Gobierno de Canarias, Paulino Rivero, han coincidido hoy en reclamar una financiaci\u00f3n &quot;justa&quot; en la que se trate a todos los territorios por igual y que suponga un blindaje de los servicios p\u00fablicos que prestan las comunidades. D\u00edaz\" \/>\n\t<meta name=\"robots\" content=\"max-image-preview:large\" \/>\n\t<meta name=\"author\" content=\"El Digital de Asturias\"\/>\n\t<meta name=\"google-site-verification\" content=\"UA-38556648-1\" \/>\n\t<meta name=\"msvalidate.01\" content=\"7dfe9f3f1b24437ab69f4f2559babe99\" \/>\n\t<meta name=\"keywords\" content=\"actualidad\" \/>\n\t<link rel=\"canonical\" href=\"https:\/\/www.eldigitaldeasturias.com\/noticias\/andalucia-y-canarias-reclaman-una-financiacion-justa-que-blinde-los-servicios\/\" \/>\n\t<meta name=\"generator\" content=\"All in One SEO Pro (AIOSEO) 5.0.1\" \/>\n\t\t<meta property=\"og:locale\" content=\"es_ES\" \/>\n\t\t<meta property=\"og:site_name\" content=\"El Digital de Asturias\" \/>\n\t\t<meta property=\"og:type\" content=\"article\" \/>\n\t\t<meta property=\"og:title\" content=\"Andaluc\u00eda y Canarias reclaman una financiaci\u00f3n justa que blinde los servicios - El Digital de Asturias\" \/>\n\t\t<meta property=\"og:description\" content=\"Sevilla, 7 feb (EFE).- La presidenta de la Junta de Andaluc\u00eda, Susana D\u00edaz, y el presidente del Gobierno de Canarias, Paulino Rivero, han coincidido hoy en reclamar una financiaci\u00f3n &quot;justa&quot; en la que se trate a todos los territorios por igual y que suponga un blindaje de los servicios p\u00fablicos que prestan las comunidades. D\u00edaz\" \/>\n\t\t<meta property=\"og:url\" content=\"https:\/\/www.eldigitaldeasturias.com\/noticias\/andalucia-y-canarias-reclaman-una-financiacion-justa-que-blinde-los-servicios\/\" \/>\n\t\t<meta property=\"article:tag\" content=\"actualidad\" \/>\n\t\t<meta property=\"article:published_time\" content=\"2014-02-08T02:43:27+00:00\" \/>\n\t\t<meta property=\"article:modified_time\" content=\"2014-02-08T02:43:27+00:00\" \/>\n\t\t<meta property=\"article:publisher\" content=\"https:\/\/facebook.com\/eldigitaldeasturias\" \/>\n\t\t<meta name=\"twitter:card\" content=\"summary_large_image\" \/>\n\t\t<meta name=\"twitter:title\" content=\"Andaluc\u00eda y Canarias reclaman una financiaci\u00f3n justa que blinde los servicios - El Digital de Asturias\" \/>\n\t\t<meta name=\"twitter:description\" content=\"Sevilla, 7 feb (EFE).- La presidenta de la Junta de Andaluc\u00eda, Susana D\u00edaz, y el presidente del Gobierno de Canarias, Paulino Rivero, han coincidido hoy en reclamar una financiaci\u00f3n &quot;justa&quot; en la que se trate a todos los territorios por igual y que suponga un blindaje de los servicios p\u00fablicos que prestan las comunidades. D\u00edaz\" \/>\n\t\t<meta name=\"twitter:label1\" content=\"Escrito por\" \/>\n\t\t<meta name=\"twitter:data1\" content=\"El Digital de Asturias\" \/>\n\t\t<meta name=\"twitter:label2\" content=\"Tiempo de lectura estimado\" \/>\n\t\t<meta name=\"twitter:data2\" content=\"4 minutos\" \/>\n\t\t<script type=\"application\/ld+json\" class=\"aioseo-schema\">\n\t\t\t{\"@context\":\"https:\\\/\\\/schema.org\",\"@graph\":[{\"@type\":\"BlogPosting\",\"@id\":\"https:\\\/\\\/www.eldigitaldeasturias.com\\\/noticias\\\/andalucia-y-canarias-reclaman-una-financiacion-justa-que-blinde-los-servicios\\\/#blogposting\",\"name\":\"Andaluc\\u00eda y Canarias reclaman una financiaci\\u00f3n justa que blinde los servicios - El Digital de Asturias\",\"headline\":\"Andaluc\\u00eda y Canarias reclaman una financiaci\\u00f3n justa que blinde los servicios\",\"author\":{\"@id\":\"https:\\\/\\\/www.eldigitaldeasturias.com\\\/noticias\\\/author\\\/admin\\\/#author\"},\"publisher\":{\"@id\":\"https:\\\/\\\/www.eldigitaldeasturias.com\\\/noticias\\\/#organization\"},\"image\":{\"@type\":\"ImageObject\",\"url\":486416},\"datePublished\":\"2014-02-08T01:43:27+01:00\",\"dateModified\":\"2014-02-08T01:43:27+01:00\",\"inLanguage\":\"es-ES\",\"mainEntityOfPage\":{\"@id\":\"https:\\\/\\\/www.eldigitaldeasturias.com\\\/noticias\\\/andalucia-y-canarias-reclaman-una-financiacion-justa-que-blinde-los-servicios\\\/#webpage\"},\"isPartOf\":{\"@id\":\"https:\\\/\\\/www.eldigitaldeasturias.com\\\/noticias\\\/andalucia-y-canarias-reclaman-una-financiacion-justa-que-blinde-los-servicios\\\/#webpage\"},\"articleSection\":\"Actualidad\"},{\"@type\":\"BreadcrumbList\",\"@id\":\"https:\\\/\\\/www.eldigitaldeasturias.com\\\/noticias\\\/andalucia-y-canarias-reclaman-una-financiacion-justa-que-blinde-los-servicios\\\/#breadcrumblist\",\"itemListElement\":[{\"@type\":\"ListItem\",\"@id\":\"https:\\\/\\\/www.eldigitaldeasturias.com\\\/noticias#listItem\",\"position\":1,\"name\":\"Home\",\"item\":\"https:\\\/\\\/www.eldigitaldeasturias.com\\\/noticias\",\"nextItem\":{\"@type\":\"ListItem\",\"@id\":\"https:\\\/\\\/www.eldigitaldeasturias.com\\\/noticias\\\/category\\\/actualidad\\\/#listItem\",\"name\":\"Actualidad\"}},{\"@type\":\"ListItem\",\"@id\":\"https:\\\/\\\/www.eldigitaldeasturias.com\\\/noticias\\\/category\\\/actualidad\\\/#listItem\",\"position\":2,\"name\":\"Actualidad\",\"item\":\"https:\\\/\\\/www.eldigitaldeasturias.com\\\/noticias\\\/category\\\/actualidad\\\/\",\"nextItem\":{\"@type\":\"ListItem\",\"@id\":\"https:\\\/\\\/www.eldigitaldeasturias.com\\\/noticias\\\/andalucia-y-canarias-reclaman-una-financiacion-justa-que-blinde-los-servicios\\\/#listItem\",\"name\":\"Andaluc\\u00eda y Canarias reclaman una financiaci\\u00f3n justa que blinde los servicios\"},\"previousItem\":{\"@type\":\"ListItem\",\"@id\":\"https:\\\/\\\/www.eldigitaldeasturias.com\\\/noticias#listItem\",\"name\":\"Home\"}},{\"@type\":\"ListItem\",\"@id\":\"https:\\\/\\\/www.eldigitaldeasturias.com\\\/noticias\\\/andalucia-y-canarias-reclaman-una-financiacion-justa-que-blinde-los-servicios\\\/#listItem\",\"position\":3,\"name\":\"Andaluc\\u00eda y Canarias reclaman una financiaci\\u00f3n justa que blinde los servicios\",\"previousItem\":{\"@type\":\"ListItem\",\"@id\":\"https:\\\/\\\/www.eldigitaldeasturias.com\\\/noticias\\\/category\\\/actualidad\\\/#listItem\",\"name\":\"Actualidad\"}}]},{\"@type\":\"Organization\",\"@id\":\"https:\\\/\\\/www.eldigitaldeasturias.com\\\/noticias\\\/#organization\",\"name\":\"El Digital de Asturias\",\"description\":\"Hemeroteca\",\"url\":\"https:\\\/\\\/www.eldigitaldeasturias.com\\\/noticias\\\/\",\"email\":\"info@eldigitaldeasturias.com\",\"telephone\":\"+34652131393\",\"logo\":{\"@type\":\"ImageObject\",\"url\":\"https:\\\/\\\/www.eldigitaldeasturias.com\\\/noticias\\\/wp-content\\\/uploads\\\/2020\\\/12\\\/EDA.jpg\",\"@id\":\"https:\\\/\\\/www.eldigitaldeasturias.com\\\/noticias\\\/andalucia-y-canarias-reclaman-una-financiacion-justa-que-blinde-los-servicios\\\/#organizationLogo\"},\"image\":{\"@id\":\"https:\\\/\\\/www.eldigitaldeasturias.com\\\/noticias\\\/andalucia-y-canarias-reclaman-una-financiacion-justa-que-blinde-los-servicios\\\/#organizationLogo\"},\"sameAs\":[\"https:\\\/\\\/facebook.com\\\/eldigitaldeasturias\",\"https:\\\/\\\/www.youtube.com\\\/channel\\\/UCZP-2wLEB9Rv6erhFmqVnvg\"],\"address\":{\"@id\":\"https:\\\/\\\/www.eldigitaldeasturias.com\\\/noticias\\\/#postaladdress\",\"@type\":\"PostalAddress\",\"streetAddress\":\"san antonio 4\",\"postalCode\":\"33430\",\"addressLocality\":\"Cand\\u00e1s\",\"addressRegion\":\"Asturias\",\"addressCountry\":\"ES\"}},{\"@type\":\"Person\",\"@id\":\"https:\\\/\\\/www.eldigitaldeasturias.com\\\/noticias\\\/author\\\/admin\\\/#author\",\"url\":\"https:\\\/\\\/www.eldigitaldeasturias.com\\\/noticias\\\/author\\\/admin\\\/\",\"name\":\"El Digital de Asturias\",\"image\":{\"@type\":\"ImageObject\",\"@id\":\"https:\\\/\\\/www.eldigitaldeasturias.com\\\/noticias\\\/andalucia-y-canarias-reclaman-una-financiacion-justa-que-blinde-los-servicios\\\/#authorImage\",\"url\":\"https:\\\/\\\/secure.gravatar.com\\\/avatar\\\/df2aeffc32bcd13f8d26072ef8a91b623d677766deac7f97ca815868cd41bf5e?s=96&d=mm&r=g\",\"width\":96,\"height\":96,\"caption\":\"El Digital de Asturias\"}},{\"@type\":\"WebPage\",\"@id\":\"https:\\\/\\\/www.eldigitaldeasturias.com\\\/noticias\\\/andalucia-y-canarias-reclaman-una-financiacion-justa-que-blinde-los-servicios\\\/#webpage\",\"url\":\"https:\\\/\\\/www.eldigitaldeasturias.com\\\/noticias\\\/andalucia-y-canarias-reclaman-una-financiacion-justa-que-blinde-los-servicios\\\/\",\"name\":\"Andaluc\\u00eda y Canarias reclaman una financiaci\\u00f3n justa que blinde los servicios - El Digital de Asturias\",\"description\":\"Sevilla, 7 feb (EFE).- La presidenta de la Junta de Andaluc\\u00eda, Susana D\\u00edaz, y el presidente del Gobierno de Canarias, Paulino Rivero, han coincidido hoy en reclamar una financiaci\\u00f3n \\\"justa\\\" en la que se trate a todos los territorios por igual y que suponga un blindaje de los servicios p\\u00fablicos que prestan las comunidades. D\\u00edaz\",\"inLanguage\":\"es-ES\",\"isPartOf\":{\"@id\":\"https:\\\/\\\/www.eldigitaldeasturias.com\\\/noticias\\\/#website\"},\"breadcrumb\":{\"@id\":\"https:\\\/\\\/www.eldigitaldeasturias.com\\\/noticias\\\/andalucia-y-canarias-reclaman-una-financiacion-justa-que-blinde-los-servicios\\\/#breadcrumblist\"},\"author\":{\"@id\":\"https:\\\/\\\/www.eldigitaldeasturias.com\\\/noticias\\\/author\\\/admin\\\/#author\"},\"creator\":{\"@id\":\"https:\\\/\\\/www.eldigitaldeasturias.com\\\/noticias\\\/author\\\/admin\\\/#author\"},\"image\":{\"@type\":\"ImageObject\",\"url\":486416,\"@id\":\"https:\\\/\\\/www.eldigitaldeasturias.com\\\/noticias\\\/andalucia-y-canarias-reclaman-una-financiacion-justa-que-blinde-los-servicios\\\/#mainImage\"},\"primaryImageOfPage\":{\"@id\":\"https:\\\/\\\/www.eldigitaldeasturias.com\\\/noticias\\\/andalucia-y-canarias-reclaman-una-financiacion-justa-que-blinde-los-servicios\\\/#mainImage\"},\"datePublished\":\"2014-02-08T01:43:27+01:00\",\"dateModified\":\"2014-02-08T01:43:27+01:00\"},{\"@type\":\"WebSite\",\"@id\":\"https:\\\/\\\/www.eldigitaldeasturias.com\\\/noticias\\\/#website\",\"url\":\"https:\\\/\\\/www.eldigitaldeasturias.com\\\/noticias\\\/\",\"name\":\"El Digital de Asturias - Diario de actualidad y noticias\",\"alternateName\":\"El Digital de Asturias - Diario de actualidad y noticias\",\"description\":\"Hemeroteca\",\"inLanguage\":\"es-ES\",\"publisher\":{\"@id\":\"https:\\\/\\\/www.eldigitaldeasturias.com\\\/noticias\\\/#organization\"}}]}\n\t\t<\/script>\n\t\t<!-- All in One SEO Pro -->\r\n\t\t<title>Andaluc\u00eda y Canarias reclaman una financiaci\u00f3n justa que blinde los servicios - El Digital de Asturias<\/title>\n\n","aioseo_head_json":{"title":"Andaluc\u00eda y Canarias reclaman una financiaci\u00f3n justa que blinde los servicios - El Digital de Asturias","description":"Sevilla, 7 feb (EFE).- La presidenta de la Junta de Andaluc\u00eda, Susana D\u00edaz, y el presidente del Gobierno de Canarias, Paulino Rivero, han coincidido hoy en reclamar una financiaci\u00f3n \"justa\" en la que se trate a todos los territorios por igual y que suponga un blindaje de los servicios p\u00fablicos que prestan las comunidades. D\u00edaz","canonical_url":"https:\/\/www.eldigitaldeasturias.com\/noticias\/andalucia-y-canarias-reclaman-una-financiacion-justa-que-blinde-los-servicios\/","robots":"max-image-preview:large","keywords":"actualidad","webmasterTools":{"google-site-verification":"UA-38556648-1","msvalidate.01":"7dfe9f3f1b24437ab69f4f2559babe99","miscellaneous":""},"schema":{"@context":"https:\/\/schema.org","@graph":[{"@type":"BlogPosting","@id":"https:\/\/www.eldigitaldeasturias.com\/noticias\/andalucia-y-canarias-reclaman-una-financiacion-justa-que-blinde-los-servicios\/#blogposting","name":"Andaluc\u00eda y Canarias reclaman una financiaci\u00f3n justa que blinde los servicios - El Digital de Asturias","headline":"Andaluc\u00eda y Canarias reclaman una financiaci\u00f3n justa que blinde los servicios","author":{"@id":"https:\/\/www.eldigitaldeasturias.com\/noticias\/author\/admin\/#author"},"publisher":{"@id":"https:\/\/www.eldigitaldeasturias.com\/noticias\/#organization"},"image":{"@type":"ImageObject","url":486416},"datePublished":"2014-02-08T01:43:27+01:00","dateModified":"2014-02-08T01:43:27+01:00","inLanguage":"es-ES","mainEntityOfPage":{"@id":"https:\/\/www.eldigitaldeasturias.com\/noticias\/andalucia-y-canarias-reclaman-una-financiacion-justa-que-blinde-los-servicios\/#webpage"},"isPartOf":{"@id":"https:\/\/www.eldigitaldeasturias.com\/noticias\/andalucia-y-canarias-reclaman-una-financiacion-justa-que-blinde-los-servicios\/#webpage"},"articleSection":"Actualidad"},{"@type":"BreadcrumbList","@id":"https:\/\/www.eldigitaldeasturias.com\/noticias\/andalucia-y-canarias-reclaman-una-financiacion-justa-que-blinde-los-servicios\/#breadcrumblist","itemListElement":[{"@type":"ListItem","@id":"https:\/\/www.eldigitaldeasturias.com\/noticias#listItem","position":1,"name":"Home","item":"https:\/\/www.eldigitaldeasturias.com\/noticias","nextItem":{"@type":"ListItem","@id":"https:\/\/www.eldigitaldeasturias.com\/noticias\/category\/actualidad\/#listItem","name":"Actualidad"}},{"@type":"ListItem","@id":"https:\/\/www.eldigitaldeasturias.com\/noticias\/category\/actualidad\/#listItem","position":2,"name":"Actualidad","item":"https:\/\/www.eldigitaldeasturias.com\/noticias\/category\/actualidad\/","nextItem":{"@type":"ListItem","@id":"https:\/\/www.eldigitaldeasturias.com\/noticias\/andalucia-y-canarias-reclaman-una-financiacion-justa-que-blinde-los-servicios\/#listItem","name":"Andaluc\u00eda y Canarias reclaman una financiaci\u00f3n justa que blinde los servicios"},"previousItem":{"@type":"ListItem","@id":"https:\/\/www.eldigitaldeasturias.com\/noticias#listItem","name":"Home"}},{"@type":"ListItem","@id":"https:\/\/www.eldigitaldeasturias.com\/noticias\/andalucia-y-canarias-reclaman-una-financiacion-justa-que-blinde-los-servicios\/#listItem","position":3,"name":"Andaluc\u00eda y Canarias reclaman una financiaci\u00f3n justa que blinde los servicios","previousItem":{"@type":"ListItem","@id":"https:\/\/www.eldigitaldeasturias.com\/noticias\/category\/actualidad\/#listItem","name":"Actualidad"}}]},{"@type":"Organization","@id":"https:\/\/www.eldigitaldeasturias.com\/noticias\/#organization","name":"El Digital de Asturias","description":"Hemeroteca","url":"https:\/\/www.eldigitaldeasturias.com\/noticias\/","email":"info@eldigitaldeasturias.com","telephone":"+34652131393","logo":{"@type":"ImageObject","url":"https:\/\/www.eldigitaldeasturias.com\/noticias\/wp-content\/uploads\/2020\/12\/EDA.jpg","@id":"https:\/\/www.eldigitaldeasturias.com\/noticias\/andalucia-y-canarias-reclaman-una-financiacion-justa-que-blinde-los-servicios\/#organizationLogo"},"image":{"@id":"https:\/\/www.eldigitaldeasturias.com\/noticias\/andalucia-y-canarias-reclaman-una-financiacion-justa-que-blinde-los-servicios\/#organizationLogo"},"sameAs":["https:\/\/facebook.com\/eldigitaldeasturias","https:\/\/www.youtube.com\/channel\/UCZP-2wLEB9Rv6erhFmqVnvg"],"address":{"@id":"https:\/\/www.eldigitaldeasturias.com\/noticias\/#postaladdress","@type":"PostalAddress","streetAddress":"san antonio 4","postalCode":"33430","addressLocality":"Cand\u00e1s","addressRegion":"Asturias","addressCountry":"ES"}},{"@type":"Person","@id":"https:\/\/www.eldigitaldeasturias.com\/noticias\/author\/admin\/#author","url":"https:\/\/www.eldigitaldeasturias.com\/noticias\/author\/admin\/","name":"El Digital de Asturias","image":{"@type":"ImageObject","@id":"https:\/\/www.eldigitaldeasturias.com\/noticias\/andalucia-y-canarias-reclaman-una-financiacion-justa-que-blinde-los-servicios\/#authorImage","url":"https:\/\/secure.gravatar.com\/avatar\/df2aeffc32bcd13f8d26072ef8a91b623d677766deac7f97ca815868cd41bf5e?s=96&d=mm&r=g","width":96,"height":96,"caption":"El Digital de Asturias"}},{"@type":"WebPage","@id":"https:\/\/www.eldigitaldeasturias.com\/noticias\/andalucia-y-canarias-reclaman-una-financiacion-justa-que-blinde-los-servicios\/#webpage","url":"https:\/\/www.eldigitaldeasturias.com\/noticias\/andalucia-y-canarias-reclaman-una-financiacion-justa-que-blinde-los-servicios\/","name":"Andaluc\u00eda y Canarias reclaman una financiaci\u00f3n justa que blinde los servicios - El Digital de Asturias","description":"Sevilla, 7 feb (EFE).- La presidenta de la Junta de Andaluc\u00eda, Susana D\u00edaz, y el presidente del Gobierno de Canarias, Paulino Rivero, han coincidido hoy en reclamar una financiaci\u00f3n \"justa\" en la que se trate a todos los territorios por igual y que suponga un blindaje de los servicios p\u00fablicos que prestan las comunidades. D\u00edaz","inLanguage":"es-ES","isPartOf":{"@id":"https:\/\/www.eldigitaldeasturias.com\/noticias\/#website"},"breadcrumb":{"@id":"https:\/\/www.eldigitaldeasturias.com\/noticias\/andalucia-y-canarias-reclaman-una-financiacion-justa-que-blinde-los-servicios\/#breadcrumblist"},"author":{"@id":"https:\/\/www.eldigitaldeasturias.com\/noticias\/author\/admin\/#author"},"creator":{"@id":"https:\/\/www.eldigitaldeasturias.com\/noticias\/author\/admin\/#author"},"image":{"@type":"ImageObject","url":486416,"@id":"https:\/\/www.eldigitaldeasturias.com\/noticias\/andalucia-y-canarias-reclaman-una-financiacion-justa-que-blinde-los-servicios\/#mainImage"},"primaryImageOfPage":{"@id":"https:\/\/www.eldigitaldeasturias.com\/noticias\/andalucia-y-canarias-reclaman-una-financiacion-justa-que-blinde-los-servicios\/#mainImage"},"datePublished":"2014-02-08T01:43:27+01:00","dateModified":"2014-02-08T01:43:27+01:00"},{"@type":"WebSite","@id":"https:\/\/www.eldigitaldeasturias.com\/noticias\/#website","url":"https:\/\/www.eldigitaldeasturias.com\/noticias\/","name":"El Digital de Asturias - Diario de actualidad y noticias","alternateName":"El Digital de Asturias - Diario de actualidad y noticias","description":"Hemeroteca","inLanguage":"es-ES","publisher":{"@id":"https:\/\/www.eldigitaldeasturias.com\/noticias\/#organization"}}]},"og:locale":"es_ES","og:site_name":"El Digital de Asturias","og:type":"article","og:title":"Andaluc\u00eda y Canarias reclaman una financiaci\u00f3n justa que blinde los servicios - El Digital de Asturias","og:description":"Sevilla, 7 feb (EFE).- La presidenta de la Junta de Andaluc\u00eda, Susana D\u00edaz, y el presidente del Gobierno de Canarias, Paulino Rivero, han coincidido hoy en reclamar una financiaci\u00f3n &quot;justa&quot; en la que se trate a todos los territorios por igual y que suponga un blindaje de los servicios p\u00fablicos que prestan las comunidades. D\u00edaz","og:url":"https:\/\/www.eldigitaldeasturias.com\/noticias\/andalucia-y-canarias-reclaman-una-financiacion-justa-que-blinde-los-servicios\/","article:tag":["actualidad"],"article:published_time":"2014-02-08T02:43:27+00:00","article:modified_time":"2014-02-08T02:43:27+00:00","article:publisher":"https:\/\/facebook.com\/eldigitaldeasturias","twitter:card":"summary_large_image","twitter:title":"Andaluc\u00eda y Canarias reclaman una financiaci\u00f3n justa que blinde los servicios - El Digital de Asturias","twitter:description":"Sevilla, 7 feb (EFE).- La presidenta de la Junta de Andaluc\u00eda, Susana D\u00edaz, y el presidente del Gobierno de Canarias, Paulino Rivero, han coincidido hoy en reclamar una financiaci\u00f3n &quot;justa&quot; en la que se trate a todos los territorios por igual y que suponga un blindaje de los servicios p\u00fablicos que prestan las comunidades. D\u00edaz","twitter:label1":"Escrito por","twitter:data1":"El Digital de Asturias","twitter:label2":"Tiempo de lectura estimado","twitter:data2":"4 minutos"},"aioseo_meta_data":{"post_id":"486415","title":null,"description":null,"keywords":null,"keyphrases":null,"primary_term":null,"canonical_url":null,"og_title":null,"og_description":null,"og_object_type":"default","og_image_type":"default","og_image_url":null,"og_image_width":null,"og_image_height":null,"og_image_custom_url":null,"og_image_custom_fields":null,"og_video":null,"og_custom_url":null,"og_article_section":null,"og_article_tags":null,"twitter_use_og":true,"twitter_card":"default","twitter_image_type":"default","twitter_image_url":null,"twitter_image_custom_url":null,"twitter_image_custom_fields":null,"twitter_title":null,"twitter_description":null,"schema":{"blockGraphs":[],"customGraphs":[],"default":{"data":{"Article":[],"Course":[],"Dataset":[],"FAQPage":[],"Movie":[],"Person":[],"Product":[],"ProductReview":[],"Car":[],"Recipe":[],"Service":[],"SoftwareApplication":[],"WebPage":[]},"graphName":"","isEnabled":true},"graphs":[],"defaultGraph":"","defaultPostTypeGraph":""},"schema_type":null,"schema_type_options":null,"pillar_content":false,"robots_default":true,"robots_noindex":false,"robots_noarchive":false,"robots_nosnippet":false,"robots_nofollow":false,"robots_noimageindex":false,"robots_noodp":false,"robots_notranslate":false,"robots_max_snippet":null,"robots_max_videopreview":null,"robots_max_imagepreview":"none","priority":null,"frequency":null,"local_seo":null,"seo_analyzer_scan_date":"2026-06-03 00:48:00","breadcrumb_settings":null,"limit_modified_date":false,"open_ai":null,"ai":null,"created":"2020-11-14 22:56:06","updated":"2026-06-03 00:48:00","focus_keyword":null,"additional_keywords":null,"truseo_locale":null},"aioseo_breadcrumb":"<div class=\"aioseo-breadcrumbs\"><span class=\"aioseo-breadcrumb\">\n\t<a href=\"https:\/\/www.eldigitaldeasturias.com\/noticias\" title=\"Home\">Home<\/a>\n<\/span><span class=\"aioseo-breadcrumb-separator\">\u2013<\/span><span class=\"aioseo-breadcrumb\">\n\t<a href=\"https:\/\/www.eldigitaldeasturias.com\/noticias\/category\/actualidad\/\" title=\"Actualidad\">Actualidad<\/a>\n<\/span><span class=\"aioseo-breadcrumb-separator\">\u2013<\/span><span class=\"aioseo-breadcrumb\">\n\t<a href=\"https:\/\/www.eldigitaldeasturias.com\/noticias\/andalucia-y-canarias-reclaman-una-financiacion-justa-que-blinde-los-servicios\/\" title=\"Andaluc\u00eda y Canarias reclaman una financiaci\u00f3n justa que blinde los servicios\">Andaluc\u00eda y Canarias reclaman una financiaci\u00f3n justa que blinde los servicios<\/a>\n<\/span><\/div>","aioseo_breadcrumb_json":[{"label":"Home","link":"https:\/\/www.eldigitaldeasturias.com\/noticias"},{"label":"Actualidad","link":"https:\/\/www.eldigitaldeasturias.com\/noticias\/category\/actualidad\/"},{"label":"Andaluc\u00eda y Canarias reclaman una financiaci\u00f3n justa que blinde los servicios","link":"https:\/\/www.eldigitaldeasturias.com\/noticias\/andalucia-y-canarias-reclaman-una-financiacion-justa-que-blinde-los-servicios\/"}],"_links":{"self":[{"href":"https:\/\/www.eldigitaldeasturias.com\/noticias\/wp-json\/wp\/v2\/posts\/486415","targetHints":{"allow":["GET"]}}],"collection":[{"href":"https:\/\/www.eldigitaldeasturias.com\/noticias\/wp-json\/wp\/v2\/posts"}],"about":[{"href":"https:\/\/www.eldigitaldeasturias.com\/noticias\/wp-json\/wp\/v2\/types\/post"}],"author":[{"embeddable":true,"href":"https:\/\/www.eldigitaldeasturias.com\/noticias\/wp-json\/wp\/v2\/users\/1"}],"replies":[{"embeddable":true,"href":"https:\/\/www.eldigitaldeasturias.com\/noticias\/wp-json\/wp\/v2\/comments?post=486415"}],"version-history":[{"count":0,"href":"https:\/\/www.eldigitaldeasturias.com\/noticias\/wp-json\/wp\/v2\/posts\/486415\/revisions"}],"wp:attachment":[{"href":"https:\/\/www.eldigitaldeasturias.com\/noticias\/wp-json\/wp\/v2\/media?parent=486415"}],"wp:term":[{"taxonomy":"category","embeddable":true,"href":"https:\/\/www.eldigitaldeasturias.com\/noticias\/wp-json\/wp\/v2\/categories?post=486415"},{"taxonomy":"post_tag","embeddable":true,"href":"https:\/\/www.eldigitaldeasturias.com\/noticias\/wp-json\/wp\/v2\/tags?post=486415"}],"curies":[{"name":"wp","href":"https:\/\/api.w.org\/{rel}","templated":true}]}}