{"id":486409,"date":"2014-02-08T01:40:35","date_gmt":"2014-02-08T02:40:35","guid":{"rendered":"http:\/\/www.eldigitaldeasturias.com\/noticias\/?p=486409"},"modified":"2014-02-08T01:40:35","modified_gmt":"2014-02-08T02:40:35","slug":"el-regimen-sirio-confirma-que-participara-en-la-segunda-ronda-de-ginebra-2","status":"publish","type":"post","link":"https:\/\/www.eldigitaldeasturias.com\/noticias\/el-regimen-sirio-confirma-que-participara-en-la-segunda-ronda-de-ginebra-2\/","title":{"rendered":"El r\u00e9gimen sirio confirma que participar\u00e1 en la segunda ronda de Ginebra 2"},"content":{"rendered":"<p><img loading=\"lazy\" decoding=\"async\" class=\"alignleft size-medium wp-image-486410\" alt=\"5922159w\" src=\"https:\/\/www.eldigitaldeasturias.com\/noticias\/wp-content\/uploads\/2014\/02\/5922159w-360x266.jpg\" width=\"360\" height=\"266\" \/>Damasco, 7 feb (EFE).- El r\u00e9gimen sirio confirm\u00f3 hoy que participar\u00e1 en la segunda ronda de negociaciones de la conferencia de paz de Ginebra, que est\u00e1 previsto que se reanude el pr\u00f3ximo lunes, inform\u00f3 la televisi\u00f3n oficial.<\/p>\n<p>El viceministro sirio de Asuntos Exteriores, Faisal Miqdad, miembro de la delegaci\u00f3n del Gobierno sirio en esas conversaciones, anunci\u00f3 que el r\u00e9gimen ha decidido tomar parte en la segunda ronda de la llamada conferencia de Ginebra 2, seg\u00fan el canal.<\/p>\n<p>Miqdad hizo hincapi\u00e9 en la importancia de que la seguridad y la estabilidad vuelvan a todo el pa\u00eds para el \u00e9xito del di\u00e1logo.<\/p>\n<p>Destac\u00f3 que es necesario que ambas partes acuerden en Ginebra un comunicado en el que se rechace el derramamiento de sangre de los sirios por parte de terroristas, apoyados por otros pa\u00edses.<\/p>\n<p>El responsable sirio explic\u00f3 que la delegaci\u00f3n del r\u00e9gimen contin\u00faa con los esfuerzos iniciados en la primera ronda de la conferencia.<\/p>\n<p>El mediador internacional Lajdar Brahimi hab\u00eda propuesto a las delegaciones gubernamental y de la oposici\u00f3n volver a verse a partir del lunes, 10 de febrero, a lo que accedieron los opositores, pero los representantes del Gobierno se\u00f1alaron en su d\u00eda que primero deb\u00edan consultar en Damasco la conformidad con esa fecha.<\/p>\n","protected":false},"excerpt":{"rendered":"<p>Damasco, 7 feb (EFE).- El r\u00e9gimen sirio confirm\u00f3 hoy que participar\u00e1 en la segunda ronda de negociaciones de la conferencia de paz de Ginebra, que est\u00e1 previsto que se reanude el pr\u00f3ximo lunes, inform\u00f3 la televisi\u00f3n oficial. El viceministro sirio de Asuntos Exteriores, Faisal Miqdad, miembro de la delegaci\u00f3n del Gobierno sirio en esas conversaciones, [&hellip;]<\/p>\n","protected":false},"author":1,"featured_media":486410,"comment_status":"open","ping_status":"open","sticky":false,"template":"","format":"standard","meta":{"footnotes":""},"categories":[1],"tags":[],"class_list":["post-486409","post","type-post","status-publish","format-standard","has-post-thumbnail","hentry","category-actualidad"],"aioseo_notices":[],"aioseo_head":"\n\t\t<!-- All in One SEO Pro 5.0.1 - aioseo.com -->\n\t<meta name=\"description\" content=\"Damasco, 7 feb (EFE).- El r\u00e9gimen sirio confirm\u00f3 hoy que participar\u00e1 en la segunda ronda de negociaciones de la conferencia de paz de Ginebra, que est\u00e1 previsto que se reanude el pr\u00f3ximo lunes, inform\u00f3 la televisi\u00f3n oficial. El viceministro sirio de Asuntos Exteriores, Faisal Miqdad, miembro de la delegaci\u00f3n del Gobierno sirio en esas conversaciones,\" \/>\n\t<meta name=\"robots\" content=\"max-image-preview:large\" \/>\n\t<meta name=\"author\" content=\"El Digital de Asturias\"\/>\n\t<meta name=\"google-site-verification\" content=\"UA-38556648-1\" \/>\n\t<meta name=\"msvalidate.01\" content=\"7dfe9f3f1b24437ab69f4f2559babe99\" \/>\n\t<meta name=\"keywords\" content=\"actualidad\" \/>\n\t<link rel=\"canonical\" href=\"https:\/\/www.eldigitaldeasturias.com\/noticias\/el-regimen-sirio-confirma-que-participara-en-la-segunda-ronda-de-ginebra-2\/\" \/>\n\t<meta name=\"generator\" content=\"All in One SEO Pro (AIOSEO) 5.0.1\" \/>\n\t\t<meta property=\"og:locale\" content=\"es_ES\" \/>\n\t\t<meta property=\"og:site_name\" content=\"El Digital de Asturias\" \/>\n\t\t<meta property=\"og:type\" content=\"article\" \/>\n\t\t<meta property=\"og:title\" content=\"El r\u00e9gimen sirio confirma que participar\u00e1 en la segunda ronda de Ginebra 2 - El Digital de Asturias\" \/>\n\t\t<meta property=\"og:description\" content=\"Damasco, 7 feb (EFE).- El r\u00e9gimen sirio confirm\u00f3 hoy que participar\u00e1 en la segunda ronda de negociaciones de la conferencia de paz de Ginebra, que est\u00e1 previsto que se reanude el pr\u00f3ximo lunes, inform\u00f3 la televisi\u00f3n oficial. El viceministro sirio de Asuntos Exteriores, Faisal Miqdad, miembro de la delegaci\u00f3n del Gobierno sirio en esas conversaciones,\" \/>\n\t\t<meta property=\"og:url\" content=\"https:\/\/www.eldigitaldeasturias.com\/noticias\/el-regimen-sirio-confirma-que-participara-en-la-segunda-ronda-de-ginebra-2\/\" \/>\n\t\t<meta property=\"article:tag\" content=\"actualidad\" \/>\n\t\t<meta property=\"article:published_time\" content=\"2014-02-08T02:40:35+00:00\" \/>\n\t\t<meta property=\"article:modified_time\" content=\"2014-02-08T02:40:35+00:00\" \/>\n\t\t<meta property=\"article:publisher\" content=\"https:\/\/facebook.com\/eldigitaldeasturias\" \/>\n\t\t<meta name=\"twitter:card\" content=\"summary_large_image\" \/>\n\t\t<meta name=\"twitter:title\" content=\"El r\u00e9gimen sirio confirma que participar\u00e1 en la segunda ronda de Ginebra 2 - El Digital de Asturias\" \/>\n\t\t<meta name=\"twitter:description\" content=\"Damasco, 7 feb (EFE).- El r\u00e9gimen sirio confirm\u00f3 hoy que participar\u00e1 en la segunda ronda de negociaciones de la conferencia de paz de Ginebra, que est\u00e1 previsto que se reanude el pr\u00f3ximo lunes, inform\u00f3 la televisi\u00f3n oficial. El viceministro sirio de Asuntos Exteriores, Faisal Miqdad, miembro de la delegaci\u00f3n del Gobierno sirio en esas conversaciones,\" \/>\n\t\t<meta name=\"twitter:label1\" content=\"Escrito por\" \/>\n\t\t<meta name=\"twitter:data1\" content=\"El Digital de Asturias\" \/>\n\t\t<meta name=\"twitter:label2\" content=\"Tiempo de lectura estimado\" \/>\n\t\t<meta name=\"twitter:data2\" content=\"1 minuto\" \/>\n\t\t<script type=\"application\/ld+json\" class=\"aioseo-schema\">\n\t\t\t{\"@context\":\"https:\\\/\\\/schema.org\",\"@graph\":[{\"@type\":\"BlogPosting\",\"@id\":\"https:\\\/\\\/www.eldigitaldeasturias.com\\\/noticias\\\/el-regimen-sirio-confirma-que-participara-en-la-segunda-ronda-de-ginebra-2\\\/#blogposting\",\"name\":\"El r\\u00e9gimen sirio confirma que participar\\u00e1 en la segunda ronda de Ginebra 2 - El Digital de Asturias\",\"headline\":\"El r\\u00e9gimen sirio confirma que participar\\u00e1 en la segunda ronda de Ginebra 2\",\"author\":{\"@id\":\"https:\\\/\\\/www.eldigitaldeasturias.com\\\/noticias\\\/author\\\/admin\\\/#author\"},\"publisher\":{\"@id\":\"https:\\\/\\\/www.eldigitaldeasturias.com\\\/noticias\\\/#organization\"},\"image\":{\"@type\":\"ImageObject\",\"url\":486410},\"datePublished\":\"2014-02-08T01:40:35+01:00\",\"dateModified\":\"2014-02-08T01:40:35+01:00\",\"inLanguage\":\"es-ES\",\"mainEntityOfPage\":{\"@id\":\"https:\\\/\\\/www.eldigitaldeasturias.com\\\/noticias\\\/el-regimen-sirio-confirma-que-participara-en-la-segunda-ronda-de-ginebra-2\\\/#webpage\"},\"isPartOf\":{\"@id\":\"https:\\\/\\\/www.eldigitaldeasturias.com\\\/noticias\\\/el-regimen-sirio-confirma-que-participara-en-la-segunda-ronda-de-ginebra-2\\\/#webpage\"},\"articleSection\":\"Actualidad\"},{\"@type\":\"BreadcrumbList\",\"@id\":\"https:\\\/\\\/www.eldigitaldeasturias.com\\\/noticias\\\/el-regimen-sirio-confirma-que-participara-en-la-segunda-ronda-de-ginebra-2\\\/#breadcrumblist\",\"itemListElement\":[{\"@type\":\"ListItem\",\"@id\":\"https:\\\/\\\/www.eldigitaldeasturias.com\\\/noticias#listItem\",\"position\":1,\"name\":\"Home\",\"item\":\"https:\\\/\\\/www.eldigitaldeasturias.com\\\/noticias\",\"nextItem\":{\"@type\":\"ListItem\",\"@id\":\"https:\\\/\\\/www.eldigitaldeasturias.com\\\/noticias\\\/category\\\/actualidad\\\/#listItem\",\"name\":\"Actualidad\"}},{\"@type\":\"ListItem\",\"@id\":\"https:\\\/\\\/www.eldigitaldeasturias.com\\\/noticias\\\/category\\\/actualidad\\\/#listItem\",\"position\":2,\"name\":\"Actualidad\",\"item\":\"https:\\\/\\\/www.eldigitaldeasturias.com\\\/noticias\\\/category\\\/actualidad\\\/\",\"nextItem\":{\"@type\":\"ListItem\",\"@id\":\"https:\\\/\\\/www.eldigitaldeasturias.com\\\/noticias\\\/el-regimen-sirio-confirma-que-participara-en-la-segunda-ronda-de-ginebra-2\\\/#listItem\",\"name\":\"El r\\u00e9gimen sirio confirma que participar\\u00e1 en la segunda ronda de Ginebra 2\"},\"previousItem\":{\"@type\":\"ListItem\",\"@id\":\"https:\\\/\\\/www.eldigitaldeasturias.com\\\/noticias#listItem\",\"name\":\"Home\"}},{\"@type\":\"ListItem\",\"@id\":\"https:\\\/\\\/www.eldigitaldeasturias.com\\\/noticias\\\/el-regimen-sirio-confirma-que-participara-en-la-segunda-ronda-de-ginebra-2\\\/#listItem\",\"position\":3,\"name\":\"El r\\u00e9gimen sirio confirma que participar\\u00e1 en la segunda ronda de Ginebra 2\",\"previousItem\":{\"@type\":\"ListItem\",\"@id\":\"https:\\\/\\\/www.eldigitaldeasturias.com\\\/noticias\\\/category\\\/actualidad\\\/#listItem\",\"name\":\"Actualidad\"}}]},{\"@type\":\"Organization\",\"@id\":\"https:\\\/\\\/www.eldigitaldeasturias.com\\\/noticias\\\/#organization\",\"name\":\"El Digital de Asturias\",\"description\":\"Hemeroteca\",\"url\":\"https:\\\/\\\/www.eldigitaldeasturias.com\\\/noticias\\\/\",\"email\":\"info@eldigitaldeasturias.com\",\"telephone\":\"+34652131393\",\"logo\":{\"@type\":\"ImageObject\",\"url\":\"https:\\\/\\\/www.eldigitaldeasturias.com\\\/noticias\\\/wp-content\\\/uploads\\\/2020\\\/12\\\/EDA.jpg\",\"@id\":\"https:\\\/\\\/www.eldigitaldeasturias.com\\\/noticias\\\/el-regimen-sirio-confirma-que-participara-en-la-segunda-ronda-de-ginebra-2\\\/#organizationLogo\"},\"image\":{\"@id\":\"https:\\\/\\\/www.eldigitaldeasturias.com\\\/noticias\\\/el-regimen-sirio-confirma-que-participara-en-la-segunda-ronda-de-ginebra-2\\\/#organizationLogo\"},\"sameAs\":[\"https:\\\/\\\/facebook.com\\\/eldigitaldeasturias\",\"https:\\\/\\\/www.youtube.com\\\/channel\\\/UCZP-2wLEB9Rv6erhFmqVnvg\"],\"address\":{\"@id\":\"https:\\\/\\\/www.eldigitaldeasturias.com\\\/noticias\\\/#postaladdress\",\"@type\":\"PostalAddress\",\"streetAddress\":\"san antonio 4\",\"postalCode\":\"33430\",\"addressLocality\":\"Cand\\u00e1s\",\"addressRegion\":\"Asturias\",\"addressCountry\":\"ES\"}},{\"@type\":\"Person\",\"@id\":\"https:\\\/\\\/www.eldigitaldeasturias.com\\\/noticias\\\/author\\\/admin\\\/#author\",\"url\":\"https:\\\/\\\/www.eldigitaldeasturias.com\\\/noticias\\\/author\\\/admin\\\/\",\"name\":\"El Digital de Asturias\",\"image\":{\"@type\":\"ImageObject\",\"@id\":\"https:\\\/\\\/www.eldigitaldeasturias.com\\\/noticias\\\/el-regimen-sirio-confirma-que-participara-en-la-segunda-ronda-de-ginebra-2\\\/#authorImage\",\"url\":\"https:\\\/\\\/secure.gravatar.com\\\/avatar\\\/df2aeffc32bcd13f8d26072ef8a91b623d677766deac7f97ca815868cd41bf5e?s=96&d=mm&r=g\",\"width\":96,\"height\":96,\"caption\":\"El Digital de Asturias\"}},{\"@type\":\"WebPage\",\"@id\":\"https:\\\/\\\/www.eldigitaldeasturias.com\\\/noticias\\\/el-regimen-sirio-confirma-que-participara-en-la-segunda-ronda-de-ginebra-2\\\/#webpage\",\"url\":\"https:\\\/\\\/www.eldigitaldeasturias.com\\\/noticias\\\/el-regimen-sirio-confirma-que-participara-en-la-segunda-ronda-de-ginebra-2\\\/\",\"name\":\"El r\\u00e9gimen sirio confirma que participar\\u00e1 en la segunda ronda de Ginebra 2 - El Digital de Asturias\",\"description\":\"Damasco, 7 feb (EFE).- El r\\u00e9gimen sirio confirm\\u00f3 hoy que participar\\u00e1 en la segunda ronda de negociaciones de la conferencia de paz de Ginebra, que est\\u00e1 previsto que se reanude el pr\\u00f3ximo lunes, inform\\u00f3 la televisi\\u00f3n oficial. El viceministro sirio de Asuntos Exteriores, Faisal Miqdad, miembro de la delegaci\\u00f3n del Gobierno sirio en esas conversaciones,\",\"inLanguage\":\"es-ES\",\"isPartOf\":{\"@id\":\"https:\\\/\\\/www.eldigitaldeasturias.com\\\/noticias\\\/#website\"},\"breadcrumb\":{\"@id\":\"https:\\\/\\\/www.eldigitaldeasturias.com\\\/noticias\\\/el-regimen-sirio-confirma-que-participara-en-la-segunda-ronda-de-ginebra-2\\\/#breadcrumblist\"},\"author\":{\"@id\":\"https:\\\/\\\/www.eldigitaldeasturias.com\\\/noticias\\\/author\\\/admin\\\/#author\"},\"creator\":{\"@id\":\"https:\\\/\\\/www.eldigitaldeasturias.com\\\/noticias\\\/author\\\/admin\\\/#author\"},\"image\":{\"@type\":\"ImageObject\",\"url\":486410,\"@id\":\"https:\\\/\\\/www.eldigitaldeasturias.com\\\/noticias\\\/el-regimen-sirio-confirma-que-participara-en-la-segunda-ronda-de-ginebra-2\\\/#mainImage\"},\"primaryImageOfPage\":{\"@id\":\"https:\\\/\\\/www.eldigitaldeasturias.com\\\/noticias\\\/el-regimen-sirio-confirma-que-participara-en-la-segunda-ronda-de-ginebra-2\\\/#mainImage\"},\"datePublished\":\"2014-02-08T01:40:35+01:00\",\"dateModified\":\"2014-02-08T01:40:35+01:00\"},{\"@type\":\"WebSite\",\"@id\":\"https:\\\/\\\/www.eldigitaldeasturias.com\\\/noticias\\\/#website\",\"url\":\"https:\\\/\\\/www.eldigitaldeasturias.com\\\/noticias\\\/\",\"name\":\"El Digital de Asturias - Diario de actualidad y noticias\",\"alternateName\":\"El Digital de Asturias - Diario de actualidad y noticias\",\"description\":\"Hemeroteca\",\"inLanguage\":\"es-ES\",\"publisher\":{\"@id\":\"https:\\\/\\\/www.eldigitaldeasturias.com\\\/noticias\\\/#organization\"}}]}\n\t\t<\/script>\n\t\t<!-- All in One SEO Pro -->\r\n\t\t<title>El r\u00e9gimen sirio confirma que participar\u00e1 en la segunda ronda de Ginebra 2 - El Digital de Asturias<\/title>\n\n","aioseo_head_json":{"title":"El r\u00e9gimen sirio confirma que participar\u00e1 en la segunda ronda de Ginebra 2 - El Digital de Asturias","description":"Damasco, 7 feb (EFE).- El r\u00e9gimen sirio confirm\u00f3 hoy que participar\u00e1 en la segunda ronda de negociaciones de la conferencia de paz de Ginebra, que est\u00e1 previsto que se reanude el pr\u00f3ximo lunes, inform\u00f3 la televisi\u00f3n oficial. El viceministro sirio de Asuntos Exteriores, Faisal Miqdad, miembro de la delegaci\u00f3n del Gobierno sirio en esas conversaciones,","canonical_url":"https:\/\/www.eldigitaldeasturias.com\/noticias\/el-regimen-sirio-confirma-que-participara-en-la-segunda-ronda-de-ginebra-2\/","robots":"max-image-preview:large","keywords":"actualidad","webmasterTools":{"google-site-verification":"UA-38556648-1","msvalidate.01":"7dfe9f3f1b24437ab69f4f2559babe99","miscellaneous":""},"schema":{"@context":"https:\/\/schema.org","@graph":[{"@type":"BlogPosting","@id":"https:\/\/www.eldigitaldeasturias.com\/noticias\/el-regimen-sirio-confirma-que-participara-en-la-segunda-ronda-de-ginebra-2\/#blogposting","name":"El r\u00e9gimen sirio confirma que participar\u00e1 en la segunda ronda de Ginebra 2 - El Digital de Asturias","headline":"El r\u00e9gimen sirio confirma que participar\u00e1 en la segunda ronda de Ginebra 2","author":{"@id":"https:\/\/www.eldigitaldeasturias.com\/noticias\/author\/admin\/#author"},"publisher":{"@id":"https:\/\/www.eldigitaldeasturias.com\/noticias\/#organization"},"image":{"@type":"ImageObject","url":486410},"datePublished":"2014-02-08T01:40:35+01:00","dateModified":"2014-02-08T01:40:35+01:00","inLanguage":"es-ES","mainEntityOfPage":{"@id":"https:\/\/www.eldigitaldeasturias.com\/noticias\/el-regimen-sirio-confirma-que-participara-en-la-segunda-ronda-de-ginebra-2\/#webpage"},"isPartOf":{"@id":"https:\/\/www.eldigitaldeasturias.com\/noticias\/el-regimen-sirio-confirma-que-participara-en-la-segunda-ronda-de-ginebra-2\/#webpage"},"articleSection":"Actualidad"},{"@type":"BreadcrumbList","@id":"https:\/\/www.eldigitaldeasturias.com\/noticias\/el-regimen-sirio-confirma-que-participara-en-la-segunda-ronda-de-ginebra-2\/#breadcrumblist","itemListElement":[{"@type":"ListItem","@id":"https:\/\/www.eldigitaldeasturias.com\/noticias#listItem","position":1,"name":"Home","item":"https:\/\/www.eldigitaldeasturias.com\/noticias","nextItem":{"@type":"ListItem","@id":"https:\/\/www.eldigitaldeasturias.com\/noticias\/category\/actualidad\/#listItem","name":"Actualidad"}},{"@type":"ListItem","@id":"https:\/\/www.eldigitaldeasturias.com\/noticias\/category\/actualidad\/#listItem","position":2,"name":"Actualidad","item":"https:\/\/www.eldigitaldeasturias.com\/noticias\/category\/actualidad\/","nextItem":{"@type":"ListItem","@id":"https:\/\/www.eldigitaldeasturias.com\/noticias\/el-regimen-sirio-confirma-que-participara-en-la-segunda-ronda-de-ginebra-2\/#listItem","name":"El r\u00e9gimen sirio confirma que participar\u00e1 en la segunda ronda de Ginebra 2"},"previousItem":{"@type":"ListItem","@id":"https:\/\/www.eldigitaldeasturias.com\/noticias#listItem","name":"Home"}},{"@type":"ListItem","@id":"https:\/\/www.eldigitaldeasturias.com\/noticias\/el-regimen-sirio-confirma-que-participara-en-la-segunda-ronda-de-ginebra-2\/#listItem","position":3,"name":"El r\u00e9gimen sirio confirma que participar\u00e1 en la segunda ronda de Ginebra 2","previousItem":{"@type":"ListItem","@id":"https:\/\/www.eldigitaldeasturias.com\/noticias\/category\/actualidad\/#listItem","name":"Actualidad"}}]},{"@type":"Organization","@id":"https:\/\/www.eldigitaldeasturias.com\/noticias\/#organization","name":"El Digital de Asturias","description":"Hemeroteca","url":"https:\/\/www.eldigitaldeasturias.com\/noticias\/","email":"info@eldigitaldeasturias.com","telephone":"+34652131393","logo":{"@type":"ImageObject","url":"https:\/\/www.eldigitaldeasturias.com\/noticias\/wp-content\/uploads\/2020\/12\/EDA.jpg","@id":"https:\/\/www.eldigitaldeasturias.com\/noticias\/el-regimen-sirio-confirma-que-participara-en-la-segunda-ronda-de-ginebra-2\/#organizationLogo"},"image":{"@id":"https:\/\/www.eldigitaldeasturias.com\/noticias\/el-regimen-sirio-confirma-que-participara-en-la-segunda-ronda-de-ginebra-2\/#organizationLogo"},"sameAs":["https:\/\/facebook.com\/eldigitaldeasturias","https:\/\/www.youtube.com\/channel\/UCZP-2wLEB9Rv6erhFmqVnvg"],"address":{"@id":"https:\/\/www.eldigitaldeasturias.com\/noticias\/#postaladdress","@type":"PostalAddress","streetAddress":"san antonio 4","postalCode":"33430","addressLocality":"Cand\u00e1s","addressRegion":"Asturias","addressCountry":"ES"}},{"@type":"Person","@id":"https:\/\/www.eldigitaldeasturias.com\/noticias\/author\/admin\/#author","url":"https:\/\/www.eldigitaldeasturias.com\/noticias\/author\/admin\/","name":"El Digital de Asturias","image":{"@type":"ImageObject","@id":"https:\/\/www.eldigitaldeasturias.com\/noticias\/el-regimen-sirio-confirma-que-participara-en-la-segunda-ronda-de-ginebra-2\/#authorImage","url":"https:\/\/secure.gravatar.com\/avatar\/df2aeffc32bcd13f8d26072ef8a91b623d677766deac7f97ca815868cd41bf5e?s=96&d=mm&r=g","width":96,"height":96,"caption":"El Digital de Asturias"}},{"@type":"WebPage","@id":"https:\/\/www.eldigitaldeasturias.com\/noticias\/el-regimen-sirio-confirma-que-participara-en-la-segunda-ronda-de-ginebra-2\/#webpage","url":"https:\/\/www.eldigitaldeasturias.com\/noticias\/el-regimen-sirio-confirma-que-participara-en-la-segunda-ronda-de-ginebra-2\/","name":"El r\u00e9gimen sirio confirma que participar\u00e1 en la segunda ronda de Ginebra 2 - El Digital de Asturias","description":"Damasco, 7 feb (EFE).- El r\u00e9gimen sirio confirm\u00f3 hoy que participar\u00e1 en la segunda ronda de negociaciones de la conferencia de paz de Ginebra, que est\u00e1 previsto que se reanude el pr\u00f3ximo lunes, inform\u00f3 la televisi\u00f3n oficial. El viceministro sirio de Asuntos Exteriores, Faisal Miqdad, miembro de la delegaci\u00f3n del Gobierno sirio en esas conversaciones,","inLanguage":"es-ES","isPartOf":{"@id":"https:\/\/www.eldigitaldeasturias.com\/noticias\/#website"},"breadcrumb":{"@id":"https:\/\/www.eldigitaldeasturias.com\/noticias\/el-regimen-sirio-confirma-que-participara-en-la-segunda-ronda-de-ginebra-2\/#breadcrumblist"},"author":{"@id":"https:\/\/www.eldigitaldeasturias.com\/noticias\/author\/admin\/#author"},"creator":{"@id":"https:\/\/www.eldigitaldeasturias.com\/noticias\/author\/admin\/#author"},"image":{"@type":"ImageObject","url":486410,"@id":"https:\/\/www.eldigitaldeasturias.com\/noticias\/el-regimen-sirio-confirma-que-participara-en-la-segunda-ronda-de-ginebra-2\/#mainImage"},"primaryImageOfPage":{"@id":"https:\/\/www.eldigitaldeasturias.com\/noticias\/el-regimen-sirio-confirma-que-participara-en-la-segunda-ronda-de-ginebra-2\/#mainImage"},"datePublished":"2014-02-08T01:40:35+01:00","dateModified":"2014-02-08T01:40:35+01:00"},{"@type":"WebSite","@id":"https:\/\/www.eldigitaldeasturias.com\/noticias\/#website","url":"https:\/\/www.eldigitaldeasturias.com\/noticias\/","name":"El Digital de Asturias - Diario de actualidad y noticias","alternateName":"El Digital de Asturias - Diario de actualidad y noticias","description":"Hemeroteca","inLanguage":"es-ES","publisher":{"@id":"https:\/\/www.eldigitaldeasturias.com\/noticias\/#organization"}}]},"og:locale":"es_ES","og:site_name":"El Digital de Asturias","og:type":"article","og:title":"El r\u00e9gimen sirio confirma que participar\u00e1 en la segunda ronda de Ginebra 2 - El Digital de Asturias","og:description":"Damasco, 7 feb (EFE).- El r\u00e9gimen sirio confirm\u00f3 hoy que participar\u00e1 en la segunda ronda de negociaciones de la conferencia de paz de Ginebra, que est\u00e1 previsto que se reanude el pr\u00f3ximo lunes, inform\u00f3 la televisi\u00f3n oficial. El viceministro sirio de Asuntos Exteriores, Faisal Miqdad, miembro de la delegaci\u00f3n del Gobierno sirio en esas conversaciones,","og:url":"https:\/\/www.eldigitaldeasturias.com\/noticias\/el-regimen-sirio-confirma-que-participara-en-la-segunda-ronda-de-ginebra-2\/","article:tag":["actualidad"],"article:published_time":"2014-02-08T02:40:35+00:00","article:modified_time":"2014-02-08T02:40:35+00:00","article:publisher":"https:\/\/facebook.com\/eldigitaldeasturias","twitter:card":"summary_large_image","twitter:title":"El r\u00e9gimen sirio confirma que participar\u00e1 en la segunda ronda de Ginebra 2 - El Digital de Asturias","twitter:description":"Damasco, 7 feb (EFE).- El r\u00e9gimen sirio confirm\u00f3 hoy que participar\u00e1 en la segunda ronda de negociaciones de la conferencia de paz de Ginebra, que est\u00e1 previsto que se reanude el pr\u00f3ximo lunes, inform\u00f3 la televisi\u00f3n oficial. El viceministro sirio de Asuntos Exteriores, Faisal Miqdad, miembro de la delegaci\u00f3n del Gobierno sirio en esas conversaciones,","twitter:label1":"Escrito por","twitter:data1":"El Digital de Asturias","twitter:label2":"Tiempo de lectura estimado","twitter:data2":"1 minuto"},"aioseo_meta_data":{"post_id":"486409","title":null,"description":null,"keywords":null,"keyphrases":null,"primary_term":null,"canonical_url":null,"og_title":null,"og_description":null,"og_object_type":"default","og_image_type":"default","og_image_url":null,"og_image_width":null,"og_image_height":null,"og_image_custom_url":null,"og_image_custom_fields":null,"og_video":null,"og_custom_url":null,"og_article_section":null,"og_article_tags":null,"twitter_use_og":true,"twitter_card":"default","twitter_image_type":"default","twitter_image_url":null,"twitter_image_custom_url":null,"twitter_image_custom_fields":null,"twitter_title":null,"twitter_description":null,"schema":{"blockGraphs":[],"customGraphs":[],"default":{"data":{"Article":[],"Course":[],"Dataset":[],"FAQPage":[],"Movie":[],"Person":[],"Product":[],"ProductReview":[],"Car":[],"Recipe":[],"Service":[],"SoftwareApplication":[],"WebPage":[]},"graphName":"","isEnabled":true},"graphs":[],"defaultGraph":"","defaultPostTypeGraph":""},"schema_type":null,"schema_type_options":null,"pillar_content":false,"robots_default":true,"robots_noindex":false,"robots_noarchive":false,"robots_nosnippet":false,"robots_nofollow":false,"robots_noimageindex":false,"robots_noodp":false,"robots_notranslate":false,"robots_max_snippet":null,"robots_max_videopreview":null,"robots_max_imagepreview":"none","priority":null,"frequency":null,"local_seo":null,"seo_analyzer_scan_date":"2026-06-03 00:47:59","breadcrumb_settings":null,"limit_modified_date":false,"open_ai":null,"ai":null,"created":"2020-11-14 22:56:06","updated":"2026-06-03 00:47:59","focus_keyword":null,"additional_keywords":null,"truseo_locale":null},"aioseo_breadcrumb":"<div class=\"aioseo-breadcrumbs\"><span class=\"aioseo-breadcrumb\">\n\t<a href=\"https:\/\/www.eldigitaldeasturias.com\/noticias\" title=\"Home\">Home<\/a>\n<\/span><span class=\"aioseo-breadcrumb-separator\">\u2013<\/span><span class=\"aioseo-breadcrumb\">\n\t<a href=\"https:\/\/www.eldigitaldeasturias.com\/noticias\/category\/actualidad\/\" title=\"Actualidad\">Actualidad<\/a>\n<\/span><span class=\"aioseo-breadcrumb-separator\">\u2013<\/span><span class=\"aioseo-breadcrumb\">\n\t<a href=\"https:\/\/www.eldigitaldeasturias.com\/noticias\/el-regimen-sirio-confirma-que-participara-en-la-segunda-ronda-de-ginebra-2\/\" title=\"El r\u00e9gimen sirio confirma que participar\u00e1 en la segunda ronda de Ginebra 2\">El r\u00e9gimen sirio confirma que participar\u00e1 en la segunda ronda de Ginebra 2<\/a>\n<\/span><\/div>","aioseo_breadcrumb_json":[{"label":"Home","link":"https:\/\/www.eldigitaldeasturias.com\/noticias"},{"label":"Actualidad","link":"https:\/\/www.eldigitaldeasturias.com\/noticias\/category\/actualidad\/"},{"label":"El r\u00e9gimen sirio confirma que participar\u00e1 en la segunda ronda de Ginebra 2","link":"https:\/\/www.eldigitaldeasturias.com\/noticias\/el-regimen-sirio-confirma-que-participara-en-la-segunda-ronda-de-ginebra-2\/"}],"_links":{"self":[{"href":"https:\/\/www.eldigitaldeasturias.com\/noticias\/wp-json\/wp\/v2\/posts\/486409","targetHints":{"allow":["GET"]}}],"collection":[{"href":"https:\/\/www.eldigitaldeasturias.com\/noticias\/wp-json\/wp\/v2\/posts"}],"about":[{"href":"https:\/\/www.eldigitaldeasturias.com\/noticias\/wp-json\/wp\/v2\/types\/post"}],"author":[{"embeddable":true,"href":"https:\/\/www.eldigitaldeasturias.com\/noticias\/wp-json\/wp\/v2\/users\/1"}],"replies":[{"embeddable":true,"href":"https:\/\/www.eldigitaldeasturias.com\/noticias\/wp-json\/wp\/v2\/comments?post=486409"}],"version-history":[{"count":0,"href":"https:\/\/www.eldigitaldeasturias.com\/noticias\/wp-json\/wp\/v2\/posts\/486409\/revisions"}],"wp:attachment":[{"href":"https:\/\/www.eldigitaldeasturias.com\/noticias\/wp-json\/wp\/v2\/media?parent=486409"}],"wp:term":[{"taxonomy":"category","embeddable":true,"href":"https:\/\/www.eldigitaldeasturias.com\/noticias\/wp-json\/wp\/v2\/categories?post=486409"},{"taxonomy":"post_tag","embeddable":true,"href":"https:\/\/www.eldigitaldeasturias.com\/noticias\/wp-json\/wp\/v2\/tags?post=486409"}],"curies":[{"name":"wp","href":"https:\/\/api.w.org\/{rel}","templated":true}]}}