{"id":486406,"date":"2014-02-08T01:39:35","date_gmt":"2014-02-08T02:39:35","guid":{"rendered":"http:\/\/www.eldigitaldeasturias.com\/noticias\/?p=486406"},"modified":"2014-02-08T01:39:35","modified_gmt":"2014-02-08T02:39:35","slug":"el-vicepresidente-argentino-defiende-ante-un-juez-su-inocencia-en-un-caso-de-corrupcion","status":"publish","type":"post","link":"https:\/\/www.eldigitaldeasturias.com\/noticias\/el-vicepresidente-argentino-defiende-ante-un-juez-su-inocencia-en-un-caso-de-corrupcion\/","title":{"rendered":"El vicepresidente argentino defiende ante un juez su inocencia en un caso de corrupci\u00f3n"},"content":{"rendered":"<p><img loading=\"lazy\" decoding=\"async\" class=\"alignleft size-medium wp-image-486407\" alt=\"5922169w\" src=\"https:\/\/www.eldigitaldeasturias.com\/noticias\/wp-content\/uploads\/2014\/02\/5922169w-360x239.jpg\" width=\"360\" height=\"239\" \/>Buenos Aires, 7 feb (EFE).- El vicepresidente argentino, Amado Boudou, se present\u00f3 hoy voluntariamente ante la Justicia para defender su inocencia despu\u00e9s de que un fiscal pidiera su comparecencia para declarar como imputado en un caso de corrupci\u00f3n.<\/p>\n<p>\u00abVine a ponerme a disposici\u00f3n, que sepa que va a contar con toda la colaboraci\u00f3n\u00bb, dijo Boudou a la prensa a su entrada a los tribunales, donde declar\u00f3 durante unos quince minutos ante el juez a puerta cerrada.<\/p>\n<p>Boudou admiti\u00f3 que la decisi\u00f3n del fiscal le \u00absorprendi\u00f3\u00bb y explic\u00f3 que entreg\u00f3 dos escritos al juez y quiso presentarse de inmediato ante la Justicia para que \u00abprosiga la investigaci\u00f3n lo m\u00e1s r\u00e1pido posible para que se pueda esclarecer todo\u00bb.<\/p>\n<p>\u00abSoy el principal interesado en esta causa\u00bb, insisti\u00f3 el vicepresidente, que lleg\u00f3 a los tribunales en veh\u00edculo oficial y accedi\u00f3 al recinto por la puerta principal para sorpresa de los periodistas que habitualmente cubren informaci\u00f3n judicial.<\/p>\n<p>Boudou insisti\u00f3 en calificar como \u00abmentiras\u00bb las acusaciones en su contra y subray\u00f3 su inter\u00e9s en que \u00abquede claro la m\u00e1xima colaboraci\u00f3n en cualquier instancia de la causa\u00bb.<\/p>\n<p>Poco antes, el jefe de Gabinete del Gobierno de Cristina Fern\u00e1ndez, Jorge Capitanich, hab\u00eda pedido respeto por la presunci\u00f3n de inocencia del vicepresidente frente a lo que calific\u00f3 como una \u00absistem\u00e1tica persecuci\u00f3n medi\u00e1tica\u00bb.<\/p>\n<p>El jefe de ministros y portavoz sali\u00f3 as\u00ed al paso las voces cr\u00edticas que pidieron la renuncia del vicepresidente tras conocerse la petici\u00f3n de la fiscal\u00eda.<\/p>\n<p>El fiscal Jorge Di Lello acus\u00f3 el jueves a Boudou de beneficiar a la imprenta de papel moneda Ciccone Calcogr\u00e1fica cuando era ministro de Econom\u00eda (2009-2011).<\/p>\n<p>Seg\u00fan el fiscal, el ahora vicepresidente dio un presunto trato de favor a la empresa, que se declar\u00f3 en quiebra en 2010 y acab\u00f3 en manos de la sociedad The Old Fund, presidida por Alejandro Vandenbroele, a quien testigos se\u00f1alan como \u00abtestaferro\u00bb de Boudou.<\/p>\n","protected":false},"excerpt":{"rendered":"<p>Buenos Aires, 7 feb (EFE).- El vicepresidente argentino, Amado Boudou, se present\u00f3 hoy voluntariamente ante la Justicia para defender su inocencia despu\u00e9s de que un fiscal pidiera su comparecencia para declarar como imputado en un caso de corrupci\u00f3n. \u00abVine a ponerme a disposici\u00f3n, que sepa que va a contar con toda la colaboraci\u00f3n\u00bb, dijo Boudou [&hellip;]<\/p>\n","protected":false},"author":1,"featured_media":486407,"comment_status":"open","ping_status":"open","sticky":false,"template":"","format":"standard","meta":{"footnotes":""},"categories":[1],"tags":[],"class_list":["post-486406","post","type-post","status-publish","format-standard","has-post-thumbnail","hentry","category-actualidad"],"aioseo_notices":[],"aioseo_head":"\n\t\t<!-- All in One SEO Pro 5.0.1 - aioseo.com -->\n\t<meta name=\"description\" content=\"Buenos Aires, 7 feb (EFE).- El vicepresidente argentino, Amado Boudou, se present\u00f3 hoy voluntariamente ante la Justicia para defender su inocencia despu\u00e9s de que un fiscal pidiera su comparecencia para declarar como imputado en un caso de corrupci\u00f3n. &quot;Vine a ponerme a disposici\u00f3n, que sepa que va a contar con toda la colaboraci\u00f3n&quot;, dijo Boudou\" \/>\n\t<meta name=\"robots\" content=\"max-image-preview:large\" \/>\n\t<meta name=\"author\" content=\"El Digital de Asturias\"\/>\n\t<meta name=\"google-site-verification\" content=\"UA-38556648-1\" \/>\n\t<meta name=\"msvalidate.01\" content=\"7dfe9f3f1b24437ab69f4f2559babe99\" \/>\n\t<meta name=\"keywords\" content=\"actualidad\" \/>\n\t<link rel=\"canonical\" href=\"https:\/\/www.eldigitaldeasturias.com\/noticias\/el-vicepresidente-argentino-defiende-ante-un-juez-su-inocencia-en-un-caso-de-corrupcion\/\" \/>\n\t<meta name=\"generator\" content=\"All in One SEO Pro (AIOSEO) 5.0.1\" \/>\n\t\t<meta property=\"og:locale\" content=\"es_ES\" \/>\n\t\t<meta property=\"og:site_name\" content=\"El Digital de Asturias\" \/>\n\t\t<meta property=\"og:type\" content=\"article\" \/>\n\t\t<meta property=\"og:title\" content=\"El vicepresidente argentino defiende ante un juez su inocencia en un caso de corrupci\u00f3n - El Digital de Asturias\" \/>\n\t\t<meta property=\"og:description\" content=\"Buenos Aires, 7 feb (EFE).- El vicepresidente argentino, Amado Boudou, se present\u00f3 hoy voluntariamente ante la Justicia para defender su inocencia despu\u00e9s de que un fiscal pidiera su comparecencia para declarar como imputado en un caso de corrupci\u00f3n. &quot;Vine a ponerme a disposici\u00f3n, que sepa que va a contar con toda la colaboraci\u00f3n&quot;, dijo Boudou\" \/>\n\t\t<meta property=\"og:url\" content=\"https:\/\/www.eldigitaldeasturias.com\/noticias\/el-vicepresidente-argentino-defiende-ante-un-juez-su-inocencia-en-un-caso-de-corrupcion\/\" \/>\n\t\t<meta property=\"article:tag\" content=\"actualidad\" \/>\n\t\t<meta property=\"article:published_time\" content=\"2014-02-08T02:39:35+00:00\" \/>\n\t\t<meta property=\"article:modified_time\" content=\"2014-02-08T02:39:35+00:00\" \/>\n\t\t<meta property=\"article:publisher\" content=\"https:\/\/facebook.com\/eldigitaldeasturias\" \/>\n\t\t<meta name=\"twitter:card\" content=\"summary_large_image\" \/>\n\t\t<meta name=\"twitter:title\" content=\"El vicepresidente argentino defiende ante un juez su inocencia en un caso de corrupci\u00f3n - El Digital de Asturias\" \/>\n\t\t<meta name=\"twitter:description\" content=\"Buenos Aires, 7 feb (EFE).- El vicepresidente argentino, Amado Boudou, se present\u00f3 hoy voluntariamente ante la Justicia para defender su inocencia despu\u00e9s de que un fiscal pidiera su comparecencia para declarar como imputado en un caso de corrupci\u00f3n. &quot;Vine a ponerme a disposici\u00f3n, que sepa que va a contar con toda la colaboraci\u00f3n&quot;, dijo Boudou\" \/>\n\t\t<meta name=\"twitter:label1\" content=\"Escrito por\" \/>\n\t\t<meta name=\"twitter:data1\" content=\"El Digital de Asturias\" \/>\n\t\t<meta name=\"twitter:label2\" content=\"Tiempo de lectura estimado\" \/>\n\t\t<meta name=\"twitter:data2\" content=\"2 minutos\" \/>\n\t\t<script type=\"application\/ld+json\" class=\"aioseo-schema\">\n\t\t\t{\"@context\":\"https:\\\/\\\/schema.org\",\"@graph\":[{\"@type\":\"BlogPosting\",\"@id\":\"https:\\\/\\\/www.eldigitaldeasturias.com\\\/noticias\\\/el-vicepresidente-argentino-defiende-ante-un-juez-su-inocencia-en-un-caso-de-corrupcion\\\/#blogposting\",\"name\":\"El vicepresidente argentino defiende ante un juez su inocencia en un caso de corrupci\\u00f3n - El Digital de Asturias\",\"headline\":\"El vicepresidente argentino defiende ante un juez su inocencia en un caso de corrupci\\u00f3n\",\"author\":{\"@id\":\"https:\\\/\\\/www.eldigitaldeasturias.com\\\/noticias\\\/author\\\/admin\\\/#author\"},\"publisher\":{\"@id\":\"https:\\\/\\\/www.eldigitaldeasturias.com\\\/noticias\\\/#organization\"},\"image\":{\"@type\":\"ImageObject\",\"url\":486407},\"datePublished\":\"2014-02-08T01:39:35+01:00\",\"dateModified\":\"2014-02-08T01:39:35+01:00\",\"inLanguage\":\"es-ES\",\"mainEntityOfPage\":{\"@id\":\"https:\\\/\\\/www.eldigitaldeasturias.com\\\/noticias\\\/el-vicepresidente-argentino-defiende-ante-un-juez-su-inocencia-en-un-caso-de-corrupcion\\\/#webpage\"},\"isPartOf\":{\"@id\":\"https:\\\/\\\/www.eldigitaldeasturias.com\\\/noticias\\\/el-vicepresidente-argentino-defiende-ante-un-juez-su-inocencia-en-un-caso-de-corrupcion\\\/#webpage\"},\"articleSection\":\"Actualidad\"},{\"@type\":\"BreadcrumbList\",\"@id\":\"https:\\\/\\\/www.eldigitaldeasturias.com\\\/noticias\\\/el-vicepresidente-argentino-defiende-ante-un-juez-su-inocencia-en-un-caso-de-corrupcion\\\/#breadcrumblist\",\"itemListElement\":[{\"@type\":\"ListItem\",\"@id\":\"https:\\\/\\\/www.eldigitaldeasturias.com\\\/noticias#listItem\",\"position\":1,\"name\":\"Home\",\"item\":\"https:\\\/\\\/www.eldigitaldeasturias.com\\\/noticias\",\"nextItem\":{\"@type\":\"ListItem\",\"@id\":\"https:\\\/\\\/www.eldigitaldeasturias.com\\\/noticias\\\/category\\\/actualidad\\\/#listItem\",\"name\":\"Actualidad\"}},{\"@type\":\"ListItem\",\"@id\":\"https:\\\/\\\/www.eldigitaldeasturias.com\\\/noticias\\\/category\\\/actualidad\\\/#listItem\",\"position\":2,\"name\":\"Actualidad\",\"item\":\"https:\\\/\\\/www.eldigitaldeasturias.com\\\/noticias\\\/category\\\/actualidad\\\/\",\"nextItem\":{\"@type\":\"ListItem\",\"@id\":\"https:\\\/\\\/www.eldigitaldeasturias.com\\\/noticias\\\/el-vicepresidente-argentino-defiende-ante-un-juez-su-inocencia-en-un-caso-de-corrupcion\\\/#listItem\",\"name\":\"El vicepresidente argentino defiende ante un juez su inocencia en un caso de corrupci\\u00f3n\"},\"previousItem\":{\"@type\":\"ListItem\",\"@id\":\"https:\\\/\\\/www.eldigitaldeasturias.com\\\/noticias#listItem\",\"name\":\"Home\"}},{\"@type\":\"ListItem\",\"@id\":\"https:\\\/\\\/www.eldigitaldeasturias.com\\\/noticias\\\/el-vicepresidente-argentino-defiende-ante-un-juez-su-inocencia-en-un-caso-de-corrupcion\\\/#listItem\",\"position\":3,\"name\":\"El vicepresidente argentino defiende ante un juez su inocencia en un caso de corrupci\\u00f3n\",\"previousItem\":{\"@type\":\"ListItem\",\"@id\":\"https:\\\/\\\/www.eldigitaldeasturias.com\\\/noticias\\\/category\\\/actualidad\\\/#listItem\",\"name\":\"Actualidad\"}}]},{\"@type\":\"Organization\",\"@id\":\"https:\\\/\\\/www.eldigitaldeasturias.com\\\/noticias\\\/#organization\",\"name\":\"El Digital de Asturias\",\"description\":\"Hemeroteca\",\"url\":\"https:\\\/\\\/www.eldigitaldeasturias.com\\\/noticias\\\/\",\"email\":\"info@eldigitaldeasturias.com\",\"telephone\":\"+34652131393\",\"logo\":{\"@type\":\"ImageObject\",\"url\":\"https:\\\/\\\/www.eldigitaldeasturias.com\\\/noticias\\\/wp-content\\\/uploads\\\/2020\\\/12\\\/EDA.jpg\",\"@id\":\"https:\\\/\\\/www.eldigitaldeasturias.com\\\/noticias\\\/el-vicepresidente-argentino-defiende-ante-un-juez-su-inocencia-en-un-caso-de-corrupcion\\\/#organizationLogo\"},\"image\":{\"@id\":\"https:\\\/\\\/www.eldigitaldeasturias.com\\\/noticias\\\/el-vicepresidente-argentino-defiende-ante-un-juez-su-inocencia-en-un-caso-de-corrupcion\\\/#organizationLogo\"},\"sameAs\":[\"https:\\\/\\\/facebook.com\\\/eldigitaldeasturias\",\"https:\\\/\\\/www.youtube.com\\\/channel\\\/UCZP-2wLEB9Rv6erhFmqVnvg\"],\"address\":{\"@id\":\"https:\\\/\\\/www.eldigitaldeasturias.com\\\/noticias\\\/#postaladdress\",\"@type\":\"PostalAddress\",\"streetAddress\":\"san antonio 4\",\"postalCode\":\"33430\",\"addressLocality\":\"Cand\\u00e1s\",\"addressRegion\":\"Asturias\",\"addressCountry\":\"ES\"}},{\"@type\":\"Person\",\"@id\":\"https:\\\/\\\/www.eldigitaldeasturias.com\\\/noticias\\\/author\\\/admin\\\/#author\",\"url\":\"https:\\\/\\\/www.eldigitaldeasturias.com\\\/noticias\\\/author\\\/admin\\\/\",\"name\":\"El Digital de Asturias\",\"image\":{\"@type\":\"ImageObject\",\"@id\":\"https:\\\/\\\/www.eldigitaldeasturias.com\\\/noticias\\\/el-vicepresidente-argentino-defiende-ante-un-juez-su-inocencia-en-un-caso-de-corrupcion\\\/#authorImage\",\"url\":\"https:\\\/\\\/secure.gravatar.com\\\/avatar\\\/df2aeffc32bcd13f8d26072ef8a91b623d677766deac7f97ca815868cd41bf5e?s=96&d=mm&r=g\",\"width\":96,\"height\":96,\"caption\":\"El Digital de Asturias\"}},{\"@type\":\"WebPage\",\"@id\":\"https:\\\/\\\/www.eldigitaldeasturias.com\\\/noticias\\\/el-vicepresidente-argentino-defiende-ante-un-juez-su-inocencia-en-un-caso-de-corrupcion\\\/#webpage\",\"url\":\"https:\\\/\\\/www.eldigitaldeasturias.com\\\/noticias\\\/el-vicepresidente-argentino-defiende-ante-un-juez-su-inocencia-en-un-caso-de-corrupcion\\\/\",\"name\":\"El vicepresidente argentino defiende ante un juez su inocencia en un caso de corrupci\\u00f3n - El Digital de Asturias\",\"description\":\"Buenos Aires, 7 feb (EFE).- El vicepresidente argentino, Amado Boudou, se present\\u00f3 hoy voluntariamente ante la Justicia para defender su inocencia despu\\u00e9s de que un fiscal pidiera su comparecencia para declarar como imputado en un caso de corrupci\\u00f3n. \\\"Vine a ponerme a disposici\\u00f3n, que sepa que va a contar con toda la colaboraci\\u00f3n\\\", dijo Boudou\",\"inLanguage\":\"es-ES\",\"isPartOf\":{\"@id\":\"https:\\\/\\\/www.eldigitaldeasturias.com\\\/noticias\\\/#website\"},\"breadcrumb\":{\"@id\":\"https:\\\/\\\/www.eldigitaldeasturias.com\\\/noticias\\\/el-vicepresidente-argentino-defiende-ante-un-juez-su-inocencia-en-un-caso-de-corrupcion\\\/#breadcrumblist\"},\"author\":{\"@id\":\"https:\\\/\\\/www.eldigitaldeasturias.com\\\/noticias\\\/author\\\/admin\\\/#author\"},\"creator\":{\"@id\":\"https:\\\/\\\/www.eldigitaldeasturias.com\\\/noticias\\\/author\\\/admin\\\/#author\"},\"image\":{\"@type\":\"ImageObject\",\"url\":486407,\"@id\":\"https:\\\/\\\/www.eldigitaldeasturias.com\\\/noticias\\\/el-vicepresidente-argentino-defiende-ante-un-juez-su-inocencia-en-un-caso-de-corrupcion\\\/#mainImage\"},\"primaryImageOfPage\":{\"@id\":\"https:\\\/\\\/www.eldigitaldeasturias.com\\\/noticias\\\/el-vicepresidente-argentino-defiende-ante-un-juez-su-inocencia-en-un-caso-de-corrupcion\\\/#mainImage\"},\"datePublished\":\"2014-02-08T01:39:35+01:00\",\"dateModified\":\"2014-02-08T01:39:35+01:00\"},{\"@type\":\"WebSite\",\"@id\":\"https:\\\/\\\/www.eldigitaldeasturias.com\\\/noticias\\\/#website\",\"url\":\"https:\\\/\\\/www.eldigitaldeasturias.com\\\/noticias\\\/\",\"name\":\"El Digital de Asturias - Diario de actualidad y noticias\",\"alternateName\":\"El Digital de Asturias - Diario de actualidad y noticias\",\"description\":\"Hemeroteca\",\"inLanguage\":\"es-ES\",\"publisher\":{\"@id\":\"https:\\\/\\\/www.eldigitaldeasturias.com\\\/noticias\\\/#organization\"}}]}\n\t\t<\/script>\n\t\t<!-- All in One SEO Pro -->\r\n\t\t<title>El vicepresidente argentino defiende ante un juez su inocencia en un caso de corrupci\u00f3n - El Digital de Asturias<\/title>\n\n","aioseo_head_json":{"title":"El vicepresidente argentino defiende ante un juez su inocencia en un caso de corrupci\u00f3n - El Digital de Asturias","description":"Buenos Aires, 7 feb (EFE).- El vicepresidente argentino, Amado Boudou, se present\u00f3 hoy voluntariamente ante la Justicia para defender su inocencia despu\u00e9s de que un fiscal pidiera su comparecencia para declarar como imputado en un caso de corrupci\u00f3n. \"Vine a ponerme a disposici\u00f3n, que sepa que va a contar con toda la colaboraci\u00f3n\", dijo Boudou","canonical_url":"https:\/\/www.eldigitaldeasturias.com\/noticias\/el-vicepresidente-argentino-defiende-ante-un-juez-su-inocencia-en-un-caso-de-corrupcion\/","robots":"max-image-preview:large","keywords":"actualidad","webmasterTools":{"google-site-verification":"UA-38556648-1","msvalidate.01":"7dfe9f3f1b24437ab69f4f2559babe99","miscellaneous":""},"schema":{"@context":"https:\/\/schema.org","@graph":[{"@type":"BlogPosting","@id":"https:\/\/www.eldigitaldeasturias.com\/noticias\/el-vicepresidente-argentino-defiende-ante-un-juez-su-inocencia-en-un-caso-de-corrupcion\/#blogposting","name":"El vicepresidente argentino defiende ante un juez su inocencia en un caso de corrupci\u00f3n - El Digital de Asturias","headline":"El vicepresidente argentino defiende ante un juez su inocencia en un caso de corrupci\u00f3n","author":{"@id":"https:\/\/www.eldigitaldeasturias.com\/noticias\/author\/admin\/#author"},"publisher":{"@id":"https:\/\/www.eldigitaldeasturias.com\/noticias\/#organization"},"image":{"@type":"ImageObject","url":486407},"datePublished":"2014-02-08T01:39:35+01:00","dateModified":"2014-02-08T01:39:35+01:00","inLanguage":"es-ES","mainEntityOfPage":{"@id":"https:\/\/www.eldigitaldeasturias.com\/noticias\/el-vicepresidente-argentino-defiende-ante-un-juez-su-inocencia-en-un-caso-de-corrupcion\/#webpage"},"isPartOf":{"@id":"https:\/\/www.eldigitaldeasturias.com\/noticias\/el-vicepresidente-argentino-defiende-ante-un-juez-su-inocencia-en-un-caso-de-corrupcion\/#webpage"},"articleSection":"Actualidad"},{"@type":"BreadcrumbList","@id":"https:\/\/www.eldigitaldeasturias.com\/noticias\/el-vicepresidente-argentino-defiende-ante-un-juez-su-inocencia-en-un-caso-de-corrupcion\/#breadcrumblist","itemListElement":[{"@type":"ListItem","@id":"https:\/\/www.eldigitaldeasturias.com\/noticias#listItem","position":1,"name":"Home","item":"https:\/\/www.eldigitaldeasturias.com\/noticias","nextItem":{"@type":"ListItem","@id":"https:\/\/www.eldigitaldeasturias.com\/noticias\/category\/actualidad\/#listItem","name":"Actualidad"}},{"@type":"ListItem","@id":"https:\/\/www.eldigitaldeasturias.com\/noticias\/category\/actualidad\/#listItem","position":2,"name":"Actualidad","item":"https:\/\/www.eldigitaldeasturias.com\/noticias\/category\/actualidad\/","nextItem":{"@type":"ListItem","@id":"https:\/\/www.eldigitaldeasturias.com\/noticias\/el-vicepresidente-argentino-defiende-ante-un-juez-su-inocencia-en-un-caso-de-corrupcion\/#listItem","name":"El vicepresidente argentino defiende ante un juez su inocencia en un caso de corrupci\u00f3n"},"previousItem":{"@type":"ListItem","@id":"https:\/\/www.eldigitaldeasturias.com\/noticias#listItem","name":"Home"}},{"@type":"ListItem","@id":"https:\/\/www.eldigitaldeasturias.com\/noticias\/el-vicepresidente-argentino-defiende-ante-un-juez-su-inocencia-en-un-caso-de-corrupcion\/#listItem","position":3,"name":"El vicepresidente argentino defiende ante un juez su inocencia en un caso de corrupci\u00f3n","previousItem":{"@type":"ListItem","@id":"https:\/\/www.eldigitaldeasturias.com\/noticias\/category\/actualidad\/#listItem","name":"Actualidad"}}]},{"@type":"Organization","@id":"https:\/\/www.eldigitaldeasturias.com\/noticias\/#organization","name":"El Digital de Asturias","description":"Hemeroteca","url":"https:\/\/www.eldigitaldeasturias.com\/noticias\/","email":"info@eldigitaldeasturias.com","telephone":"+34652131393","logo":{"@type":"ImageObject","url":"https:\/\/www.eldigitaldeasturias.com\/noticias\/wp-content\/uploads\/2020\/12\/EDA.jpg","@id":"https:\/\/www.eldigitaldeasturias.com\/noticias\/el-vicepresidente-argentino-defiende-ante-un-juez-su-inocencia-en-un-caso-de-corrupcion\/#organizationLogo"},"image":{"@id":"https:\/\/www.eldigitaldeasturias.com\/noticias\/el-vicepresidente-argentino-defiende-ante-un-juez-su-inocencia-en-un-caso-de-corrupcion\/#organizationLogo"},"sameAs":["https:\/\/facebook.com\/eldigitaldeasturias","https:\/\/www.youtube.com\/channel\/UCZP-2wLEB9Rv6erhFmqVnvg"],"address":{"@id":"https:\/\/www.eldigitaldeasturias.com\/noticias\/#postaladdress","@type":"PostalAddress","streetAddress":"san antonio 4","postalCode":"33430","addressLocality":"Cand\u00e1s","addressRegion":"Asturias","addressCountry":"ES"}},{"@type":"Person","@id":"https:\/\/www.eldigitaldeasturias.com\/noticias\/author\/admin\/#author","url":"https:\/\/www.eldigitaldeasturias.com\/noticias\/author\/admin\/","name":"El Digital de Asturias","image":{"@type":"ImageObject","@id":"https:\/\/www.eldigitaldeasturias.com\/noticias\/el-vicepresidente-argentino-defiende-ante-un-juez-su-inocencia-en-un-caso-de-corrupcion\/#authorImage","url":"https:\/\/secure.gravatar.com\/avatar\/df2aeffc32bcd13f8d26072ef8a91b623d677766deac7f97ca815868cd41bf5e?s=96&d=mm&r=g","width":96,"height":96,"caption":"El Digital de Asturias"}},{"@type":"WebPage","@id":"https:\/\/www.eldigitaldeasturias.com\/noticias\/el-vicepresidente-argentino-defiende-ante-un-juez-su-inocencia-en-un-caso-de-corrupcion\/#webpage","url":"https:\/\/www.eldigitaldeasturias.com\/noticias\/el-vicepresidente-argentino-defiende-ante-un-juez-su-inocencia-en-un-caso-de-corrupcion\/","name":"El vicepresidente argentino defiende ante un juez su inocencia en un caso de corrupci\u00f3n - El Digital de Asturias","description":"Buenos Aires, 7 feb (EFE).- El vicepresidente argentino, Amado Boudou, se present\u00f3 hoy voluntariamente ante la Justicia para defender su inocencia despu\u00e9s de que un fiscal pidiera su comparecencia para declarar como imputado en un caso de corrupci\u00f3n. \"Vine a ponerme a disposici\u00f3n, que sepa que va a contar con toda la colaboraci\u00f3n\", dijo Boudou","inLanguage":"es-ES","isPartOf":{"@id":"https:\/\/www.eldigitaldeasturias.com\/noticias\/#website"},"breadcrumb":{"@id":"https:\/\/www.eldigitaldeasturias.com\/noticias\/el-vicepresidente-argentino-defiende-ante-un-juez-su-inocencia-en-un-caso-de-corrupcion\/#breadcrumblist"},"author":{"@id":"https:\/\/www.eldigitaldeasturias.com\/noticias\/author\/admin\/#author"},"creator":{"@id":"https:\/\/www.eldigitaldeasturias.com\/noticias\/author\/admin\/#author"},"image":{"@type":"ImageObject","url":486407,"@id":"https:\/\/www.eldigitaldeasturias.com\/noticias\/el-vicepresidente-argentino-defiende-ante-un-juez-su-inocencia-en-un-caso-de-corrupcion\/#mainImage"},"primaryImageOfPage":{"@id":"https:\/\/www.eldigitaldeasturias.com\/noticias\/el-vicepresidente-argentino-defiende-ante-un-juez-su-inocencia-en-un-caso-de-corrupcion\/#mainImage"},"datePublished":"2014-02-08T01:39:35+01:00","dateModified":"2014-02-08T01:39:35+01:00"},{"@type":"WebSite","@id":"https:\/\/www.eldigitaldeasturias.com\/noticias\/#website","url":"https:\/\/www.eldigitaldeasturias.com\/noticias\/","name":"El Digital de Asturias - Diario de actualidad y noticias","alternateName":"El Digital de Asturias - Diario de actualidad y noticias","description":"Hemeroteca","inLanguage":"es-ES","publisher":{"@id":"https:\/\/www.eldigitaldeasturias.com\/noticias\/#organization"}}]},"og:locale":"es_ES","og:site_name":"El Digital de Asturias","og:type":"article","og:title":"El vicepresidente argentino defiende ante un juez su inocencia en un caso de corrupci\u00f3n - El Digital de Asturias","og:description":"Buenos Aires, 7 feb (EFE).- El vicepresidente argentino, Amado Boudou, se present\u00f3 hoy voluntariamente ante la Justicia para defender su inocencia despu\u00e9s de que un fiscal pidiera su comparecencia para declarar como imputado en un caso de corrupci\u00f3n. &quot;Vine a ponerme a disposici\u00f3n, que sepa que va a contar con toda la colaboraci\u00f3n&quot;, dijo Boudou","og:url":"https:\/\/www.eldigitaldeasturias.com\/noticias\/el-vicepresidente-argentino-defiende-ante-un-juez-su-inocencia-en-un-caso-de-corrupcion\/","article:tag":["actualidad"],"article:published_time":"2014-02-08T02:39:35+00:00","article:modified_time":"2014-02-08T02:39:35+00:00","article:publisher":"https:\/\/facebook.com\/eldigitaldeasturias","twitter:card":"summary_large_image","twitter:title":"El vicepresidente argentino defiende ante un juez su inocencia en un caso de corrupci\u00f3n - El Digital de Asturias","twitter:description":"Buenos Aires, 7 feb (EFE).- El vicepresidente argentino, Amado Boudou, se present\u00f3 hoy voluntariamente ante la Justicia para defender su inocencia despu\u00e9s de que un fiscal pidiera su comparecencia para declarar como imputado en un caso de corrupci\u00f3n. &quot;Vine a ponerme a disposici\u00f3n, que sepa que va a contar con toda la colaboraci\u00f3n&quot;, dijo Boudou","twitter:label1":"Escrito por","twitter:data1":"El Digital de Asturias","twitter:label2":"Tiempo de lectura estimado","twitter:data2":"2 minutos"},"aioseo_meta_data":{"post_id":"486406","title":null,"description":null,"keywords":null,"keyphrases":null,"primary_term":null,"canonical_url":null,"og_title":null,"og_description":null,"og_object_type":"default","og_image_type":"default","og_image_url":null,"og_image_width":null,"og_image_height":null,"og_image_custom_url":null,"og_image_custom_fields":null,"og_video":null,"og_custom_url":null,"og_article_section":null,"og_article_tags":null,"twitter_use_og":true,"twitter_card":"default","twitter_image_type":"default","twitter_image_url":null,"twitter_image_custom_url":null,"twitter_image_custom_fields":null,"twitter_title":null,"twitter_description":null,"schema":{"blockGraphs":[],"customGraphs":[],"default":{"data":{"Article":[],"Course":[],"Dataset":[],"FAQPage":[],"Movie":[],"Person":[],"Product":[],"ProductReview":[],"Car":[],"Recipe":[],"Service":[],"SoftwareApplication":[],"WebPage":[]},"graphName":"","isEnabled":true},"graphs":[],"defaultGraph":"","defaultPostTypeGraph":""},"schema_type":null,"schema_type_options":null,"pillar_content":false,"robots_default":true,"robots_noindex":false,"robots_noarchive":false,"robots_nosnippet":false,"robots_nofollow":false,"robots_noimageindex":false,"robots_noodp":false,"robots_notranslate":false,"robots_max_snippet":null,"robots_max_videopreview":null,"robots_max_imagepreview":"none","priority":null,"frequency":null,"local_seo":null,"seo_analyzer_scan_date":"2026-06-03 00:44:53","breadcrumb_settings":null,"limit_modified_date":false,"open_ai":null,"ai":null,"created":"2020-11-14 22:56:06","updated":"2026-06-03 00:44:53","focus_keyword":null,"additional_keywords":null,"truseo_locale":null},"aioseo_breadcrumb":"<div class=\"aioseo-breadcrumbs\"><span class=\"aioseo-breadcrumb\">\n\t<a href=\"https:\/\/www.eldigitaldeasturias.com\/noticias\" title=\"Home\">Home<\/a>\n<\/span><span class=\"aioseo-breadcrumb-separator\">\u2013<\/span><span class=\"aioseo-breadcrumb\">\n\t<a href=\"https:\/\/www.eldigitaldeasturias.com\/noticias\/category\/actualidad\/\" title=\"Actualidad\">Actualidad<\/a>\n<\/span><span class=\"aioseo-breadcrumb-separator\">\u2013<\/span><span class=\"aioseo-breadcrumb\">\n\t<a href=\"https:\/\/www.eldigitaldeasturias.com\/noticias\/el-vicepresidente-argentino-defiende-ante-un-juez-su-inocencia-en-un-caso-de-corrupcion\/\" title=\"El vicepresidente argentino defiende ante un juez su inocencia en un caso de corrupci\u00f3n\">El vicepresidente argentino defiende ante un juez su inocencia en un caso de corrupci\u00f3n<\/a>\n<\/span><\/div>","aioseo_breadcrumb_json":[{"label":"Home","link":"https:\/\/www.eldigitaldeasturias.com\/noticias"},{"label":"Actualidad","link":"https:\/\/www.eldigitaldeasturias.com\/noticias\/category\/actualidad\/"},{"label":"El vicepresidente argentino defiende ante un juez su inocencia en un caso de corrupci\u00f3n","link":"https:\/\/www.eldigitaldeasturias.com\/noticias\/el-vicepresidente-argentino-defiende-ante-un-juez-su-inocencia-en-un-caso-de-corrupcion\/"}],"_links":{"self":[{"href":"https:\/\/www.eldigitaldeasturias.com\/noticias\/wp-json\/wp\/v2\/posts\/486406","targetHints":{"allow":["GET"]}}],"collection":[{"href":"https:\/\/www.eldigitaldeasturias.com\/noticias\/wp-json\/wp\/v2\/posts"}],"about":[{"href":"https:\/\/www.eldigitaldeasturias.com\/noticias\/wp-json\/wp\/v2\/types\/post"}],"author":[{"embeddable":true,"href":"https:\/\/www.eldigitaldeasturias.com\/noticias\/wp-json\/wp\/v2\/users\/1"}],"replies":[{"embeddable":true,"href":"https:\/\/www.eldigitaldeasturias.com\/noticias\/wp-json\/wp\/v2\/comments?post=486406"}],"version-history":[{"count":0,"href":"https:\/\/www.eldigitaldeasturias.com\/noticias\/wp-json\/wp\/v2\/posts\/486406\/revisions"}],"wp:attachment":[{"href":"https:\/\/www.eldigitaldeasturias.com\/noticias\/wp-json\/wp\/v2\/media?parent=486406"}],"wp:term":[{"taxonomy":"category","embeddable":true,"href":"https:\/\/www.eldigitaldeasturias.com\/noticias\/wp-json\/wp\/v2\/categories?post=486406"},{"taxonomy":"post_tag","embeddable":true,"href":"https:\/\/www.eldigitaldeasturias.com\/noticias\/wp-json\/wp\/v2\/tags?post=486406"}],"curies":[{"name":"wp","href":"https:\/\/api.w.org\/{rel}","templated":true}]}}