{"id":486400,"date":"2014-02-08T01:37:15","date_gmt":"2014-02-08T02:37:15","guid":{"rendered":"http:\/\/www.eldigitaldeasturias.com\/noticias\/?p=486400"},"modified":"2014-02-08T01:37:15","modified_gmt":"2014-02-08T02:37:15","slug":"al-menos-18-heridos-en-enfrentamientos-en-la-explanada-de-las-mezquitas","status":"publish","type":"post","link":"https:\/\/www.eldigitaldeasturias.com\/noticias\/al-menos-18-heridos-en-enfrentamientos-en-la-explanada-de-las-mezquitas\/","title":{"rendered":"Al menos 18 heridos en enfrentamientos en la explanada de las mezquitas"},"content":{"rendered":"<p><img loading=\"lazy\" decoding=\"async\" class=\"alignleft size-medium wp-image-486401\" alt=\"5922101w\" src=\"https:\/\/www.eldigitaldeasturias.com\/noticias\/wp-content\/uploads\/2014\/02\/5922101w-360x234.jpg\" width=\"360\" height=\"234\" \/>Jerusal\u00e9n, 7 feb (EFE).- Al menos 18 palestinos resultaron heridos hoy en enfrentamientos con soldados israel\u00edes tras la oraci\u00f3n preceptiva isl\u00e1mica del viernes en la mezquita de Al Aqsa, en la ciudad vieja de Jerusal\u00e9n.<\/p>\n<p>Seg\u00fan el director de la cl\u00ednica de Al Aqsa, Adnan Janafseh, este n\u00famero de personas hubo de ser tratado de contusiones, fracturas y heridas producidas por balas de metal cubiertas de goma y granadas de estruendo.<\/p>\n<p>\u00abTres de los heridos debieron ser trasladados a un hospital\u00bb por presentar un estado m\u00e1s grave, explic\u00f3 Janafseh, citado por la agencia de noticias local Maan.<\/p>\n<p>Mickey Rosenfeld, portavoz de la Polic\u00eda israel\u00ed, dijo al mismo medio que los agentes, posicionados en la llamada puerta marroqu\u00ed, se vieron obligados a responder a un grupo de \u00ab\u00e1rabes-israel\u00edes\u00bb que comenzaron a lanzarles piedras.<\/p>\n<p>\u00abLa Polic\u00eda respondi\u00f3 entrando en el Monte del Templo usando granadas de sonido para dispersar a los v\u00e1ndalos\u00bb, explic\u00f3 antes de se\u00f1alar que siete personas fueron detenidas.<\/p>\n<p>Tanto la Polic\u00eda israel\u00ed como el diario \u00abThe Times of israel\u00bb no informaron de que se hubieran producido heridos.<\/p>\n<p>La mezquita de Al Aqsa, tercer santuario m\u00e1s sagrado del Islam, se yergue en lo que los musulmanes conocen como explanada de las mezquitas y los jud\u00edos como Monte del Templo, un promontorio en disputa en el coraz\u00f3n del casco antiguo de Jerusal\u00e9n.<\/p>\n<p>Los jud\u00edos creen que \u00e9l estuvo el Templo de Salom\u00f3n y que el muro occidental, o muro de las lamentaciones, es el \u00fanico que sobrevivi\u00f3 a la destrucci\u00f3n romana del a\u00f1o 70.<\/p>\n","protected":false},"excerpt":{"rendered":"<p>Jerusal\u00e9n, 7 feb (EFE).- Al menos 18 palestinos resultaron heridos hoy en enfrentamientos con soldados israel\u00edes tras la oraci\u00f3n preceptiva isl\u00e1mica del viernes en la mezquita de Al Aqsa, en la ciudad vieja de Jerusal\u00e9n. Seg\u00fan el director de la cl\u00ednica de Al Aqsa, Adnan Janafseh, este n\u00famero de personas hubo de ser tratado de [&hellip;]<\/p>\n","protected":false},"author":1,"featured_media":486401,"comment_status":"open","ping_status":"open","sticky":false,"template":"","format":"standard","meta":{"footnotes":""},"categories":[1],"tags":[],"class_list":["post-486400","post","type-post","status-publish","format-standard","has-post-thumbnail","hentry","category-actualidad"],"aioseo_notices":[],"aioseo_head":"\n\t\t<!-- All in One SEO Pro 5.0.1 - aioseo.com -->\n\t<meta name=\"description\" content=\"Jerusal\u00e9n, 7 feb (EFE).- Al menos 18 palestinos resultaron heridos hoy en enfrentamientos con soldados israel\u00edes tras la oraci\u00f3n preceptiva isl\u00e1mica del viernes en la mezquita de Al Aqsa, en la ciudad vieja de Jerusal\u00e9n. Seg\u00fan el director de la cl\u00ednica de Al Aqsa, Adnan Janafseh, este n\u00famero de personas hubo de ser tratado de\" \/>\n\t<meta name=\"robots\" content=\"max-image-preview:large\" \/>\n\t<meta name=\"author\" content=\"El Digital de Asturias\"\/>\n\t<meta name=\"google-site-verification\" content=\"UA-38556648-1\" \/>\n\t<meta name=\"msvalidate.01\" content=\"7dfe9f3f1b24437ab69f4f2559babe99\" \/>\n\t<meta name=\"keywords\" content=\"actualidad\" \/>\n\t<link rel=\"canonical\" href=\"https:\/\/www.eldigitaldeasturias.com\/noticias\/al-menos-18-heridos-en-enfrentamientos-en-la-explanada-de-las-mezquitas\/\" \/>\n\t<meta name=\"generator\" content=\"All in One SEO Pro (AIOSEO) 5.0.1\" \/>\n\t\t<meta property=\"og:locale\" content=\"es_ES\" \/>\n\t\t<meta property=\"og:site_name\" content=\"El Digital de Asturias\" \/>\n\t\t<meta property=\"og:type\" content=\"article\" \/>\n\t\t<meta property=\"og:title\" content=\"Al menos 18 heridos en enfrentamientos en la explanada de las mezquitas - El Digital de Asturias\" \/>\n\t\t<meta property=\"og:description\" content=\"Jerusal\u00e9n, 7 feb (EFE).- Al menos 18 palestinos resultaron heridos hoy en enfrentamientos con soldados israel\u00edes tras la oraci\u00f3n preceptiva isl\u00e1mica del viernes en la mezquita de Al Aqsa, en la ciudad vieja de Jerusal\u00e9n. Seg\u00fan el director de la cl\u00ednica de Al Aqsa, Adnan Janafseh, este n\u00famero de personas hubo de ser tratado de\" \/>\n\t\t<meta property=\"og:url\" content=\"https:\/\/www.eldigitaldeasturias.com\/noticias\/al-menos-18-heridos-en-enfrentamientos-en-la-explanada-de-las-mezquitas\/\" \/>\n\t\t<meta property=\"article:tag\" content=\"actualidad\" \/>\n\t\t<meta property=\"article:published_time\" content=\"2014-02-08T02:37:15+00:00\" \/>\n\t\t<meta property=\"article:modified_time\" content=\"2014-02-08T02:37:15+00:00\" \/>\n\t\t<meta property=\"article:publisher\" content=\"https:\/\/facebook.com\/eldigitaldeasturias\" \/>\n\t\t<meta name=\"twitter:card\" content=\"summary_large_image\" \/>\n\t\t<meta name=\"twitter:title\" content=\"Al menos 18 heridos en enfrentamientos en la explanada de las mezquitas - El Digital de Asturias\" \/>\n\t\t<meta name=\"twitter:description\" content=\"Jerusal\u00e9n, 7 feb (EFE).- Al menos 18 palestinos resultaron heridos hoy en enfrentamientos con soldados israel\u00edes tras la oraci\u00f3n preceptiva isl\u00e1mica del viernes en la mezquita de Al Aqsa, en la ciudad vieja de Jerusal\u00e9n. Seg\u00fan el director de la cl\u00ednica de Al Aqsa, Adnan Janafseh, este n\u00famero de personas hubo de ser tratado de\" \/>\n\t\t<meta name=\"twitter:label1\" content=\"Escrito por\" \/>\n\t\t<meta name=\"twitter:data1\" content=\"El Digital de Asturias\" \/>\n\t\t<meta name=\"twitter:label2\" content=\"Tiempo de lectura estimado\" \/>\n\t\t<meta name=\"twitter:data2\" content=\"1 minuto\" \/>\n\t\t<script type=\"application\/ld+json\" class=\"aioseo-schema\">\n\t\t\t{\"@context\":\"https:\\\/\\\/schema.org\",\"@graph\":[{\"@type\":\"BlogPosting\",\"@id\":\"https:\\\/\\\/www.eldigitaldeasturias.com\\\/noticias\\\/al-menos-18-heridos-en-enfrentamientos-en-la-explanada-de-las-mezquitas\\\/#blogposting\",\"name\":\"Al menos 18 heridos en enfrentamientos en la explanada de las mezquitas - El Digital de Asturias\",\"headline\":\"Al menos 18 heridos en enfrentamientos en la explanada de las mezquitas\",\"author\":{\"@id\":\"https:\\\/\\\/www.eldigitaldeasturias.com\\\/noticias\\\/author\\\/admin\\\/#author\"},\"publisher\":{\"@id\":\"https:\\\/\\\/www.eldigitaldeasturias.com\\\/noticias\\\/#organization\"},\"image\":{\"@type\":\"ImageObject\",\"url\":486401},\"datePublished\":\"2014-02-08T01:37:15+01:00\",\"dateModified\":\"2014-02-08T01:37:15+01:00\",\"inLanguage\":\"es-ES\",\"mainEntityOfPage\":{\"@id\":\"https:\\\/\\\/www.eldigitaldeasturias.com\\\/noticias\\\/al-menos-18-heridos-en-enfrentamientos-en-la-explanada-de-las-mezquitas\\\/#webpage\"},\"isPartOf\":{\"@id\":\"https:\\\/\\\/www.eldigitaldeasturias.com\\\/noticias\\\/al-menos-18-heridos-en-enfrentamientos-en-la-explanada-de-las-mezquitas\\\/#webpage\"},\"articleSection\":\"Actualidad\"},{\"@type\":\"BreadcrumbList\",\"@id\":\"https:\\\/\\\/www.eldigitaldeasturias.com\\\/noticias\\\/al-menos-18-heridos-en-enfrentamientos-en-la-explanada-de-las-mezquitas\\\/#breadcrumblist\",\"itemListElement\":[{\"@type\":\"ListItem\",\"@id\":\"https:\\\/\\\/www.eldigitaldeasturias.com\\\/noticias#listItem\",\"position\":1,\"name\":\"Home\",\"item\":\"https:\\\/\\\/www.eldigitaldeasturias.com\\\/noticias\",\"nextItem\":{\"@type\":\"ListItem\",\"@id\":\"https:\\\/\\\/www.eldigitaldeasturias.com\\\/noticias\\\/category\\\/actualidad\\\/#listItem\",\"name\":\"Actualidad\"}},{\"@type\":\"ListItem\",\"@id\":\"https:\\\/\\\/www.eldigitaldeasturias.com\\\/noticias\\\/category\\\/actualidad\\\/#listItem\",\"position\":2,\"name\":\"Actualidad\",\"item\":\"https:\\\/\\\/www.eldigitaldeasturias.com\\\/noticias\\\/category\\\/actualidad\\\/\",\"nextItem\":{\"@type\":\"ListItem\",\"@id\":\"https:\\\/\\\/www.eldigitaldeasturias.com\\\/noticias\\\/al-menos-18-heridos-en-enfrentamientos-en-la-explanada-de-las-mezquitas\\\/#listItem\",\"name\":\"Al menos 18 heridos en enfrentamientos en la explanada de las mezquitas\"},\"previousItem\":{\"@type\":\"ListItem\",\"@id\":\"https:\\\/\\\/www.eldigitaldeasturias.com\\\/noticias#listItem\",\"name\":\"Home\"}},{\"@type\":\"ListItem\",\"@id\":\"https:\\\/\\\/www.eldigitaldeasturias.com\\\/noticias\\\/al-menos-18-heridos-en-enfrentamientos-en-la-explanada-de-las-mezquitas\\\/#listItem\",\"position\":3,\"name\":\"Al menos 18 heridos en enfrentamientos en la explanada de las mezquitas\",\"previousItem\":{\"@type\":\"ListItem\",\"@id\":\"https:\\\/\\\/www.eldigitaldeasturias.com\\\/noticias\\\/category\\\/actualidad\\\/#listItem\",\"name\":\"Actualidad\"}}]},{\"@type\":\"Organization\",\"@id\":\"https:\\\/\\\/www.eldigitaldeasturias.com\\\/noticias\\\/#organization\",\"name\":\"El Digital de Asturias\",\"description\":\"Hemeroteca\",\"url\":\"https:\\\/\\\/www.eldigitaldeasturias.com\\\/noticias\\\/\",\"email\":\"info@eldigitaldeasturias.com\",\"telephone\":\"+34652131393\",\"logo\":{\"@type\":\"ImageObject\",\"url\":\"https:\\\/\\\/www.eldigitaldeasturias.com\\\/noticias\\\/wp-content\\\/uploads\\\/2020\\\/12\\\/EDA.jpg\",\"@id\":\"https:\\\/\\\/www.eldigitaldeasturias.com\\\/noticias\\\/al-menos-18-heridos-en-enfrentamientos-en-la-explanada-de-las-mezquitas\\\/#organizationLogo\"},\"image\":{\"@id\":\"https:\\\/\\\/www.eldigitaldeasturias.com\\\/noticias\\\/al-menos-18-heridos-en-enfrentamientos-en-la-explanada-de-las-mezquitas\\\/#organizationLogo\"},\"sameAs\":[\"https:\\\/\\\/facebook.com\\\/eldigitaldeasturias\",\"https:\\\/\\\/www.youtube.com\\\/channel\\\/UCZP-2wLEB9Rv6erhFmqVnvg\"],\"address\":{\"@id\":\"https:\\\/\\\/www.eldigitaldeasturias.com\\\/noticias\\\/#postaladdress\",\"@type\":\"PostalAddress\",\"streetAddress\":\"san antonio 4\",\"postalCode\":\"33430\",\"addressLocality\":\"Cand\\u00e1s\",\"addressRegion\":\"Asturias\",\"addressCountry\":\"ES\"}},{\"@type\":\"Person\",\"@id\":\"https:\\\/\\\/www.eldigitaldeasturias.com\\\/noticias\\\/author\\\/admin\\\/#author\",\"url\":\"https:\\\/\\\/www.eldigitaldeasturias.com\\\/noticias\\\/author\\\/admin\\\/\",\"name\":\"El Digital de Asturias\",\"image\":{\"@type\":\"ImageObject\",\"@id\":\"https:\\\/\\\/www.eldigitaldeasturias.com\\\/noticias\\\/al-menos-18-heridos-en-enfrentamientos-en-la-explanada-de-las-mezquitas\\\/#authorImage\",\"url\":\"https:\\\/\\\/secure.gravatar.com\\\/avatar\\\/df2aeffc32bcd13f8d26072ef8a91b623d677766deac7f97ca815868cd41bf5e?s=96&d=mm&r=g\",\"width\":96,\"height\":96,\"caption\":\"El Digital de Asturias\"}},{\"@type\":\"WebPage\",\"@id\":\"https:\\\/\\\/www.eldigitaldeasturias.com\\\/noticias\\\/al-menos-18-heridos-en-enfrentamientos-en-la-explanada-de-las-mezquitas\\\/#webpage\",\"url\":\"https:\\\/\\\/www.eldigitaldeasturias.com\\\/noticias\\\/al-menos-18-heridos-en-enfrentamientos-en-la-explanada-de-las-mezquitas\\\/\",\"name\":\"Al menos 18 heridos en enfrentamientos en la explanada de las mezquitas - El Digital de Asturias\",\"description\":\"Jerusal\\u00e9n, 7 feb (EFE).- Al menos 18 palestinos resultaron heridos hoy en enfrentamientos con soldados israel\\u00edes tras la oraci\\u00f3n preceptiva isl\\u00e1mica del viernes en la mezquita de Al Aqsa, en la ciudad vieja de Jerusal\\u00e9n. Seg\\u00fan el director de la cl\\u00ednica de Al Aqsa, Adnan Janafseh, este n\\u00famero de personas hubo de ser tratado de\",\"inLanguage\":\"es-ES\",\"isPartOf\":{\"@id\":\"https:\\\/\\\/www.eldigitaldeasturias.com\\\/noticias\\\/#website\"},\"breadcrumb\":{\"@id\":\"https:\\\/\\\/www.eldigitaldeasturias.com\\\/noticias\\\/al-menos-18-heridos-en-enfrentamientos-en-la-explanada-de-las-mezquitas\\\/#breadcrumblist\"},\"author\":{\"@id\":\"https:\\\/\\\/www.eldigitaldeasturias.com\\\/noticias\\\/author\\\/admin\\\/#author\"},\"creator\":{\"@id\":\"https:\\\/\\\/www.eldigitaldeasturias.com\\\/noticias\\\/author\\\/admin\\\/#author\"},\"image\":{\"@type\":\"ImageObject\",\"url\":486401,\"@id\":\"https:\\\/\\\/www.eldigitaldeasturias.com\\\/noticias\\\/al-menos-18-heridos-en-enfrentamientos-en-la-explanada-de-las-mezquitas\\\/#mainImage\"},\"primaryImageOfPage\":{\"@id\":\"https:\\\/\\\/www.eldigitaldeasturias.com\\\/noticias\\\/al-menos-18-heridos-en-enfrentamientos-en-la-explanada-de-las-mezquitas\\\/#mainImage\"},\"datePublished\":\"2014-02-08T01:37:15+01:00\",\"dateModified\":\"2014-02-08T01:37:15+01:00\"},{\"@type\":\"WebSite\",\"@id\":\"https:\\\/\\\/www.eldigitaldeasturias.com\\\/noticias\\\/#website\",\"url\":\"https:\\\/\\\/www.eldigitaldeasturias.com\\\/noticias\\\/\",\"name\":\"El Digital de Asturias - Diario de actualidad y noticias\",\"alternateName\":\"El Digital de Asturias - Diario de actualidad y noticias\",\"description\":\"Hemeroteca\",\"inLanguage\":\"es-ES\",\"publisher\":{\"@id\":\"https:\\\/\\\/www.eldigitaldeasturias.com\\\/noticias\\\/#organization\"}}]}\n\t\t<\/script>\n\t\t<!-- All in One SEO Pro -->\r\n\t\t<title>Al menos 18 heridos en enfrentamientos en la explanada de las mezquitas - El Digital de Asturias<\/title>\n\n","aioseo_head_json":{"title":"Al menos 18 heridos en enfrentamientos en la explanada de las mezquitas - El Digital de Asturias","description":"Jerusal\u00e9n, 7 feb (EFE).- Al menos 18 palestinos resultaron heridos hoy en enfrentamientos con soldados israel\u00edes tras la oraci\u00f3n preceptiva isl\u00e1mica del viernes en la mezquita de Al Aqsa, en la ciudad vieja de Jerusal\u00e9n. Seg\u00fan el director de la cl\u00ednica de Al Aqsa, Adnan Janafseh, este n\u00famero de personas hubo de ser tratado de","canonical_url":"https:\/\/www.eldigitaldeasturias.com\/noticias\/al-menos-18-heridos-en-enfrentamientos-en-la-explanada-de-las-mezquitas\/","robots":"max-image-preview:large","keywords":"actualidad","webmasterTools":{"google-site-verification":"UA-38556648-1","msvalidate.01":"7dfe9f3f1b24437ab69f4f2559babe99","miscellaneous":""},"schema":{"@context":"https:\/\/schema.org","@graph":[{"@type":"BlogPosting","@id":"https:\/\/www.eldigitaldeasturias.com\/noticias\/al-menos-18-heridos-en-enfrentamientos-en-la-explanada-de-las-mezquitas\/#blogposting","name":"Al menos 18 heridos en enfrentamientos en la explanada de las mezquitas - El Digital de Asturias","headline":"Al menos 18 heridos en enfrentamientos en la explanada de las mezquitas","author":{"@id":"https:\/\/www.eldigitaldeasturias.com\/noticias\/author\/admin\/#author"},"publisher":{"@id":"https:\/\/www.eldigitaldeasturias.com\/noticias\/#organization"},"image":{"@type":"ImageObject","url":486401},"datePublished":"2014-02-08T01:37:15+01:00","dateModified":"2014-02-08T01:37:15+01:00","inLanguage":"es-ES","mainEntityOfPage":{"@id":"https:\/\/www.eldigitaldeasturias.com\/noticias\/al-menos-18-heridos-en-enfrentamientos-en-la-explanada-de-las-mezquitas\/#webpage"},"isPartOf":{"@id":"https:\/\/www.eldigitaldeasturias.com\/noticias\/al-menos-18-heridos-en-enfrentamientos-en-la-explanada-de-las-mezquitas\/#webpage"},"articleSection":"Actualidad"},{"@type":"BreadcrumbList","@id":"https:\/\/www.eldigitaldeasturias.com\/noticias\/al-menos-18-heridos-en-enfrentamientos-en-la-explanada-de-las-mezquitas\/#breadcrumblist","itemListElement":[{"@type":"ListItem","@id":"https:\/\/www.eldigitaldeasturias.com\/noticias#listItem","position":1,"name":"Home","item":"https:\/\/www.eldigitaldeasturias.com\/noticias","nextItem":{"@type":"ListItem","@id":"https:\/\/www.eldigitaldeasturias.com\/noticias\/category\/actualidad\/#listItem","name":"Actualidad"}},{"@type":"ListItem","@id":"https:\/\/www.eldigitaldeasturias.com\/noticias\/category\/actualidad\/#listItem","position":2,"name":"Actualidad","item":"https:\/\/www.eldigitaldeasturias.com\/noticias\/category\/actualidad\/","nextItem":{"@type":"ListItem","@id":"https:\/\/www.eldigitaldeasturias.com\/noticias\/al-menos-18-heridos-en-enfrentamientos-en-la-explanada-de-las-mezquitas\/#listItem","name":"Al menos 18 heridos en enfrentamientos en la explanada de las mezquitas"},"previousItem":{"@type":"ListItem","@id":"https:\/\/www.eldigitaldeasturias.com\/noticias#listItem","name":"Home"}},{"@type":"ListItem","@id":"https:\/\/www.eldigitaldeasturias.com\/noticias\/al-menos-18-heridos-en-enfrentamientos-en-la-explanada-de-las-mezquitas\/#listItem","position":3,"name":"Al menos 18 heridos en enfrentamientos en la explanada de las mezquitas","previousItem":{"@type":"ListItem","@id":"https:\/\/www.eldigitaldeasturias.com\/noticias\/category\/actualidad\/#listItem","name":"Actualidad"}}]},{"@type":"Organization","@id":"https:\/\/www.eldigitaldeasturias.com\/noticias\/#organization","name":"El Digital de Asturias","description":"Hemeroteca","url":"https:\/\/www.eldigitaldeasturias.com\/noticias\/","email":"info@eldigitaldeasturias.com","telephone":"+34652131393","logo":{"@type":"ImageObject","url":"https:\/\/www.eldigitaldeasturias.com\/noticias\/wp-content\/uploads\/2020\/12\/EDA.jpg","@id":"https:\/\/www.eldigitaldeasturias.com\/noticias\/al-menos-18-heridos-en-enfrentamientos-en-la-explanada-de-las-mezquitas\/#organizationLogo"},"image":{"@id":"https:\/\/www.eldigitaldeasturias.com\/noticias\/al-menos-18-heridos-en-enfrentamientos-en-la-explanada-de-las-mezquitas\/#organizationLogo"},"sameAs":["https:\/\/facebook.com\/eldigitaldeasturias","https:\/\/www.youtube.com\/channel\/UCZP-2wLEB9Rv6erhFmqVnvg"],"address":{"@id":"https:\/\/www.eldigitaldeasturias.com\/noticias\/#postaladdress","@type":"PostalAddress","streetAddress":"san antonio 4","postalCode":"33430","addressLocality":"Cand\u00e1s","addressRegion":"Asturias","addressCountry":"ES"}},{"@type":"Person","@id":"https:\/\/www.eldigitaldeasturias.com\/noticias\/author\/admin\/#author","url":"https:\/\/www.eldigitaldeasturias.com\/noticias\/author\/admin\/","name":"El Digital de Asturias","image":{"@type":"ImageObject","@id":"https:\/\/www.eldigitaldeasturias.com\/noticias\/al-menos-18-heridos-en-enfrentamientos-en-la-explanada-de-las-mezquitas\/#authorImage","url":"https:\/\/secure.gravatar.com\/avatar\/df2aeffc32bcd13f8d26072ef8a91b623d677766deac7f97ca815868cd41bf5e?s=96&d=mm&r=g","width":96,"height":96,"caption":"El Digital de Asturias"}},{"@type":"WebPage","@id":"https:\/\/www.eldigitaldeasturias.com\/noticias\/al-menos-18-heridos-en-enfrentamientos-en-la-explanada-de-las-mezquitas\/#webpage","url":"https:\/\/www.eldigitaldeasturias.com\/noticias\/al-menos-18-heridos-en-enfrentamientos-en-la-explanada-de-las-mezquitas\/","name":"Al menos 18 heridos en enfrentamientos en la explanada de las mezquitas - El Digital de Asturias","description":"Jerusal\u00e9n, 7 feb (EFE).- Al menos 18 palestinos resultaron heridos hoy en enfrentamientos con soldados israel\u00edes tras la oraci\u00f3n preceptiva isl\u00e1mica del viernes en la mezquita de Al Aqsa, en la ciudad vieja de Jerusal\u00e9n. Seg\u00fan el director de la cl\u00ednica de Al Aqsa, Adnan Janafseh, este n\u00famero de personas hubo de ser tratado de","inLanguage":"es-ES","isPartOf":{"@id":"https:\/\/www.eldigitaldeasturias.com\/noticias\/#website"},"breadcrumb":{"@id":"https:\/\/www.eldigitaldeasturias.com\/noticias\/al-menos-18-heridos-en-enfrentamientos-en-la-explanada-de-las-mezquitas\/#breadcrumblist"},"author":{"@id":"https:\/\/www.eldigitaldeasturias.com\/noticias\/author\/admin\/#author"},"creator":{"@id":"https:\/\/www.eldigitaldeasturias.com\/noticias\/author\/admin\/#author"},"image":{"@type":"ImageObject","url":486401,"@id":"https:\/\/www.eldigitaldeasturias.com\/noticias\/al-menos-18-heridos-en-enfrentamientos-en-la-explanada-de-las-mezquitas\/#mainImage"},"primaryImageOfPage":{"@id":"https:\/\/www.eldigitaldeasturias.com\/noticias\/al-menos-18-heridos-en-enfrentamientos-en-la-explanada-de-las-mezquitas\/#mainImage"},"datePublished":"2014-02-08T01:37:15+01:00","dateModified":"2014-02-08T01:37:15+01:00"},{"@type":"WebSite","@id":"https:\/\/www.eldigitaldeasturias.com\/noticias\/#website","url":"https:\/\/www.eldigitaldeasturias.com\/noticias\/","name":"El Digital de Asturias - Diario de actualidad y noticias","alternateName":"El Digital de Asturias - Diario de actualidad y noticias","description":"Hemeroteca","inLanguage":"es-ES","publisher":{"@id":"https:\/\/www.eldigitaldeasturias.com\/noticias\/#organization"}}]},"og:locale":"es_ES","og:site_name":"El Digital de Asturias","og:type":"article","og:title":"Al menos 18 heridos en enfrentamientos en la explanada de las mezquitas - El Digital de Asturias","og:description":"Jerusal\u00e9n, 7 feb (EFE).- Al menos 18 palestinos resultaron heridos hoy en enfrentamientos con soldados israel\u00edes tras la oraci\u00f3n preceptiva isl\u00e1mica del viernes en la mezquita de Al Aqsa, en la ciudad vieja de Jerusal\u00e9n. Seg\u00fan el director de la cl\u00ednica de Al Aqsa, Adnan Janafseh, este n\u00famero de personas hubo de ser tratado de","og:url":"https:\/\/www.eldigitaldeasturias.com\/noticias\/al-menos-18-heridos-en-enfrentamientos-en-la-explanada-de-las-mezquitas\/","article:tag":["actualidad"],"article:published_time":"2014-02-08T02:37:15+00:00","article:modified_time":"2014-02-08T02:37:15+00:00","article:publisher":"https:\/\/facebook.com\/eldigitaldeasturias","twitter:card":"summary_large_image","twitter:title":"Al menos 18 heridos en enfrentamientos en la explanada de las mezquitas - El Digital de Asturias","twitter:description":"Jerusal\u00e9n, 7 feb (EFE).- Al menos 18 palestinos resultaron heridos hoy en enfrentamientos con soldados israel\u00edes tras la oraci\u00f3n preceptiva isl\u00e1mica del viernes en la mezquita de Al Aqsa, en la ciudad vieja de Jerusal\u00e9n. Seg\u00fan el director de la cl\u00ednica de Al Aqsa, Adnan Janafseh, este n\u00famero de personas hubo de ser tratado de","twitter:label1":"Escrito por","twitter:data1":"El Digital de Asturias","twitter:label2":"Tiempo de lectura estimado","twitter:data2":"1 minuto"},"aioseo_meta_data":{"post_id":"486400","title":null,"description":null,"keywords":null,"keyphrases":null,"primary_term":null,"canonical_url":null,"og_title":null,"og_description":null,"og_object_type":"default","og_image_type":"default","og_image_url":null,"og_image_width":null,"og_image_height":null,"og_image_custom_url":null,"og_image_custom_fields":null,"og_video":null,"og_custom_url":null,"og_article_section":null,"og_article_tags":null,"twitter_use_og":true,"twitter_card":"default","twitter_image_type":"default","twitter_image_url":null,"twitter_image_custom_url":null,"twitter_image_custom_fields":null,"twitter_title":null,"twitter_description":null,"schema":{"blockGraphs":[],"customGraphs":[],"default":{"data":{"Article":[],"Course":[],"Dataset":[],"FAQPage":[],"Movie":[],"Person":[],"Product":[],"ProductReview":[],"Car":[],"Recipe":[],"Service":[],"SoftwareApplication":[],"WebPage":[]},"graphName":"","isEnabled":true},"graphs":[],"defaultGraph":"","defaultPostTypeGraph":""},"schema_type":null,"schema_type_options":null,"pillar_content":false,"robots_default":true,"robots_noindex":false,"robots_noarchive":false,"robots_nosnippet":false,"robots_nofollow":false,"robots_noimageindex":false,"robots_noodp":false,"robots_notranslate":false,"robots_max_snippet":null,"robots_max_videopreview":null,"robots_max_imagepreview":"none","priority":null,"frequency":null,"local_seo":null,"seo_analyzer_scan_date":"2026-06-03 00:44:52","breadcrumb_settings":null,"limit_modified_date":false,"open_ai":null,"ai":null,"created":"2020-11-14 22:56:06","updated":"2026-06-03 00:44:52","focus_keyword":null,"additional_keywords":null,"truseo_locale":null},"aioseo_breadcrumb":"<div class=\"aioseo-breadcrumbs\"><span class=\"aioseo-breadcrumb\">\n\t<a href=\"https:\/\/www.eldigitaldeasturias.com\/noticias\" title=\"Home\">Home<\/a>\n<\/span><span class=\"aioseo-breadcrumb-separator\">\u2013<\/span><span class=\"aioseo-breadcrumb\">\n\t<a href=\"https:\/\/www.eldigitaldeasturias.com\/noticias\/category\/actualidad\/\" title=\"Actualidad\">Actualidad<\/a>\n<\/span><span class=\"aioseo-breadcrumb-separator\">\u2013<\/span><span class=\"aioseo-breadcrumb\">\n\t<a href=\"https:\/\/www.eldigitaldeasturias.com\/noticias\/al-menos-18-heridos-en-enfrentamientos-en-la-explanada-de-las-mezquitas\/\" title=\"Al menos 18 heridos en enfrentamientos en la explanada de las mezquitas\">Al menos 18 heridos en enfrentamientos en la explanada de las mezquitas<\/a>\n<\/span><\/div>","aioseo_breadcrumb_json":[{"label":"Home","link":"https:\/\/www.eldigitaldeasturias.com\/noticias"},{"label":"Actualidad","link":"https:\/\/www.eldigitaldeasturias.com\/noticias\/category\/actualidad\/"},{"label":"Al menos 18 heridos en enfrentamientos en la explanada de las mezquitas","link":"https:\/\/www.eldigitaldeasturias.com\/noticias\/al-menos-18-heridos-en-enfrentamientos-en-la-explanada-de-las-mezquitas\/"}],"_links":{"self":[{"href":"https:\/\/www.eldigitaldeasturias.com\/noticias\/wp-json\/wp\/v2\/posts\/486400","targetHints":{"allow":["GET"]}}],"collection":[{"href":"https:\/\/www.eldigitaldeasturias.com\/noticias\/wp-json\/wp\/v2\/posts"}],"about":[{"href":"https:\/\/www.eldigitaldeasturias.com\/noticias\/wp-json\/wp\/v2\/types\/post"}],"author":[{"embeddable":true,"href":"https:\/\/www.eldigitaldeasturias.com\/noticias\/wp-json\/wp\/v2\/users\/1"}],"replies":[{"embeddable":true,"href":"https:\/\/www.eldigitaldeasturias.com\/noticias\/wp-json\/wp\/v2\/comments?post=486400"}],"version-history":[{"count":0,"href":"https:\/\/www.eldigitaldeasturias.com\/noticias\/wp-json\/wp\/v2\/posts\/486400\/revisions"}],"wp:attachment":[{"href":"https:\/\/www.eldigitaldeasturias.com\/noticias\/wp-json\/wp\/v2\/media?parent=486400"}],"wp:term":[{"taxonomy":"category","embeddable":true,"href":"https:\/\/www.eldigitaldeasturias.com\/noticias\/wp-json\/wp\/v2\/categories?post=486400"},{"taxonomy":"post_tag","embeddable":true,"href":"https:\/\/www.eldigitaldeasturias.com\/noticias\/wp-json\/wp\/v2\/tags?post=486400"}],"curies":[{"name":"wp","href":"https:\/\/api.w.org\/{rel}","templated":true}]}}