{"id":486391,"date":"2014-02-08T01:33:27","date_gmt":"2014-02-08T02:33:27","guid":{"rendered":"http:\/\/www.eldigitaldeasturias.com\/noticias\/?p=486391"},"modified":"2014-02-08T01:33:27","modified_gmt":"2014-02-08T02:33:27","slug":"el-desempleo-en-eeuu-en-su-nivel-mas-bajo-en-mas-de-cinco-anos","status":"publish","type":"post","link":"https:\/\/www.eldigitaldeasturias.com\/noticias\/el-desempleo-en-eeuu-en-su-nivel-mas-bajo-en-mas-de-cinco-anos\/","title":{"rendered":"El desempleo en EEUU en su nivel m\u00e1s bajo en m\u00e1s de cinco a\u00f1os"},"content":{"rendered":"<p><img loading=\"lazy\" decoding=\"async\" class=\"alignleft size-medium wp-image-486392\" alt=\"5920797w\" src=\"https:\/\/www.eldigitaldeasturias.com\/noticias\/wp-content\/uploads\/2014\/02\/5920797w-360x242.jpg\" width=\"360\" height=\"242\" \/>Washington, 7 feb (EFE).- El \u00edndice de desempleo en Estados Unidos baj\u00f3 una d\u00e9cima en enero y qued\u00f3 en el 6,6 % de la fuerza laboral, pero la econom\u00eda a\u00f1adi\u00f3 apenas unos 113.000 puestos de trabajo, inform\u00f3 hoy el Gobierno.<\/p>\n<p>\u00abLa econom\u00eda continu\u00f3 su recuperaci\u00f3n en el primer mes de 2014 con 142.000 empleos adicionales en el sector privado\u00bb, apunt\u00f3 en una declaraci\u00f3n el secretario de Trabajo, Thomas P\u00e9rez.<\/p>\n<p>Frente a esto, el empleo p\u00fablico, que incluye los gobiernos federal, estatales y municipales, ha estado perdiendo puestos de trabajo durante m\u00e1s de cinco a\u00f1os debido a la austeridad fiscal, y en enero tuvo una p\u00e9rdida neta de 29.000 empleos, seg\u00fan el informe.<\/p>\n<p>\u00abEnero fue el cuadrag\u00e9simo s\u00e9ptimo mes consecutivo de crecimiento del empleo en el sector privado, con 8,5 millones de puestos de trabajo a\u00f1adidos en ese per\u00edodo\u00bb, agreg\u00f3.<\/p>\n<p>Por su parte, Jason Furman, presidente del Consejo de Asesores Econ\u00f3micos de la Presidencia, afirm\u00f3 que en los \u00faltimos doce meses el empleo en el sector privado ha crecido a un promedio mensual de 191.000 puestos de trabajo.<\/p>\n<p>Pero la disminuci\u00f3n en el \u00edndice oficial de desempleo, que en octubre de 2009 hab\u00eda alcanzado una cota m\u00e1xima del 10 %, no entusiasm\u00f3 demasiado a los mercados ni a los economistas, que llevan un par de a\u00f1os preocup\u00e1ndose por la tasa de participaci\u00f3n en la fuerza laboral.<\/p>\n<p>La mayor\u00eda de los analistas hab\u00eda calculado un incremento de 190.000 empleos en enero.<\/p>\n<p>El Instituto de Pol\u00edtica Econ\u00f3mica (EPI), un grupo independiente de estudios con sede en Washington, se\u00f1al\u00f3 que \u00aben el actual mercado laboral, el \u00edndice de desempleo minimiza dr\u00e1sticamente la debilidad de las oportunidades de empleo\u00bb.<\/p>\n<p>Esto se debe, seg\u00fan el grupo y otros expertos, a la existencia de un gran contingente de \u00abtrabajadores desaparecidos\u00bb, esto es, personas que han abandonado la b\u00fasqueda de trabajo en raz\u00f3n de los bajos sueldos, la falta de beneficios como vacaciones y seguro m\u00e9dico, u otras razones.<\/p>\n<p>El informe del Gobierno indic\u00f3 hoy que la tasa de participaci\u00f3n en la fuerza laboral subi\u00f3 de un 62,8% en diciembre a un 63% en enero, sali\u00e9ndose de su nivel m\u00e1s bajo en treinta y cinco a\u00f1os.<\/p>\n<p>La tasa de participaci\u00f3n -esto es, la proporci\u00f3n de personas mayores de 16 a\u00f1os que est\u00e1n empleadas o que buscan empleo- ha sido asunto de debate recientemente entre pol\u00edticos y economistas, al tiempo que millones de personas nacidas entre 1946 y 1964 llegan a la edad de jubilarse y otros grupos abandonan la b\u00fasqueda de empleo.<\/p>\n<p>Seg\u00fan el EPI, si se contara ese contingente de personas en edad de trabajar pero que ya no buscan empleo, el \u00edndice de desempleo estar\u00eda ahora en el 9,9%.<\/p>\n<p>Para tener un panorama completo de la situaci\u00f3n en el mercado laboral de Estados Unidos, cuatro a\u00f1os y medio despu\u00e9s de concluida la Gran Recesi\u00f3n, deber\u00edan contarse los millones de personas que tienen un empleo a tiempo parcial, sin beneficios como vacaciones o seguro m\u00e9dico, y desear\u00edan tener uno a tiempo completo.<\/p>\n<p>El \u00edndice de desempleo se aproxima al nivel del 6,5% que la Reserva Federal se\u00f1al\u00f3 hace dos a\u00f1os como umbral para considerar un aumento de los intereses de referencia, que ha mantenido por debajo del 0,25% desde diciembre de 2008.<\/p>\n<p>En enero, el sector de la construcci\u00f3n tuvo una ganancia de 48.000 empleos, a pesar de condiciones clim\u00e1ticas extremadamente fr\u00edas en vastas regiones del pa\u00eds.<\/p>\n<p>El sector fabril, por su lado, a\u00f1adi\u00f3 21.000 empleos.<\/p>\n","protected":false},"excerpt":{"rendered":"<p>Washington, 7 feb (EFE).- El \u00edndice de desempleo en Estados Unidos baj\u00f3 una d\u00e9cima en enero y qued\u00f3 en el 6,6 % de la fuerza laboral, pero la econom\u00eda a\u00f1adi\u00f3 apenas unos 113.000 puestos de trabajo, inform\u00f3 hoy el Gobierno. \u00abLa econom\u00eda continu\u00f3 su recuperaci\u00f3n en el primer mes de 2014 con 142.000 empleos adicionales [&hellip;]<\/p>\n","protected":false},"author":1,"featured_media":486392,"comment_status":"open","ping_status":"open","sticky":false,"template":"","format":"standard","meta":{"footnotes":""},"categories":[1],"tags":[],"class_list":["post-486391","post","type-post","status-publish","format-standard","has-post-thumbnail","hentry","category-actualidad"],"aioseo_notices":[],"aioseo_head":"\n\t\t<!-- All in One SEO Pro 5.0.1 - aioseo.com -->\n\t<meta name=\"description\" content=\"Washington, 7 feb (EFE).- El \u00edndice de desempleo en Estados Unidos baj\u00f3 una d\u00e9cima en enero y qued\u00f3 en el 6,6 % de la fuerza laboral, pero la econom\u00eda a\u00f1adi\u00f3 apenas unos 113.000 puestos de trabajo, inform\u00f3 hoy el Gobierno. &quot;La econom\u00eda continu\u00f3 su recuperaci\u00f3n en el primer mes de 2014 con 142.000 empleos adicionales\" \/>\n\t<meta name=\"robots\" content=\"max-image-preview:large\" \/>\n\t<meta name=\"author\" content=\"El Digital de Asturias\"\/>\n\t<meta name=\"google-site-verification\" content=\"UA-38556648-1\" \/>\n\t<meta name=\"msvalidate.01\" content=\"7dfe9f3f1b24437ab69f4f2559babe99\" \/>\n\t<meta name=\"keywords\" content=\"actualidad\" \/>\n\t<link rel=\"canonical\" href=\"https:\/\/www.eldigitaldeasturias.com\/noticias\/el-desempleo-en-eeuu-en-su-nivel-mas-bajo-en-mas-de-cinco-anos\/\" \/>\n\t<meta name=\"generator\" content=\"All in One SEO Pro (AIOSEO) 5.0.1\" \/>\n\t\t<meta property=\"og:locale\" content=\"es_ES\" \/>\n\t\t<meta property=\"og:site_name\" content=\"El Digital de Asturias\" \/>\n\t\t<meta property=\"og:type\" content=\"article\" \/>\n\t\t<meta property=\"og:title\" content=\"El desempleo en EEUU en su nivel m\u00e1s bajo en m\u00e1s de cinco a\u00f1os - El Digital de Asturias\" \/>\n\t\t<meta property=\"og:description\" content=\"Washington, 7 feb (EFE).- El \u00edndice de desempleo en Estados Unidos baj\u00f3 una d\u00e9cima en enero y qued\u00f3 en el 6,6 % de la fuerza laboral, pero la econom\u00eda a\u00f1adi\u00f3 apenas unos 113.000 puestos de trabajo, inform\u00f3 hoy el Gobierno. &quot;La econom\u00eda continu\u00f3 su recuperaci\u00f3n en el primer mes de 2014 con 142.000 empleos adicionales\" \/>\n\t\t<meta property=\"og:url\" content=\"https:\/\/www.eldigitaldeasturias.com\/noticias\/el-desempleo-en-eeuu-en-su-nivel-mas-bajo-en-mas-de-cinco-anos\/\" \/>\n\t\t<meta property=\"article:tag\" content=\"actualidad\" \/>\n\t\t<meta property=\"article:published_time\" content=\"2014-02-08T02:33:27+00:00\" \/>\n\t\t<meta property=\"article:modified_time\" content=\"2014-02-08T02:33:27+00:00\" \/>\n\t\t<meta property=\"article:publisher\" content=\"https:\/\/facebook.com\/eldigitaldeasturias\" \/>\n\t\t<meta name=\"twitter:card\" content=\"summary_large_image\" \/>\n\t\t<meta name=\"twitter:title\" content=\"El desempleo en EEUU en su nivel m\u00e1s bajo en m\u00e1s de cinco a\u00f1os - El Digital de Asturias\" \/>\n\t\t<meta name=\"twitter:description\" content=\"Washington, 7 feb (EFE).- El \u00edndice de desempleo en Estados Unidos baj\u00f3 una d\u00e9cima en enero y qued\u00f3 en el 6,6 % de la fuerza laboral, pero la econom\u00eda a\u00f1adi\u00f3 apenas unos 113.000 puestos de trabajo, inform\u00f3 hoy el Gobierno. &quot;La econom\u00eda continu\u00f3 su recuperaci\u00f3n en el primer mes de 2014 con 142.000 empleos adicionales\" \/>\n\t\t<meta name=\"twitter:label1\" content=\"Escrito por\" \/>\n\t\t<meta name=\"twitter:data1\" content=\"El Digital de Asturias\" \/>\n\t\t<meta name=\"twitter:label2\" content=\"Tiempo de lectura estimado\" \/>\n\t\t<meta name=\"twitter:data2\" content=\"3 minutos\" \/>\n\t\t<script type=\"application\/ld+json\" class=\"aioseo-schema\">\n\t\t\t{\"@context\":\"https:\\\/\\\/schema.org\",\"@graph\":[{\"@type\":\"BlogPosting\",\"@id\":\"https:\\\/\\\/www.eldigitaldeasturias.com\\\/noticias\\\/el-desempleo-en-eeuu-en-su-nivel-mas-bajo-en-mas-de-cinco-anos\\\/#blogposting\",\"name\":\"El desempleo en EEUU en su nivel m\\u00e1s bajo en m\\u00e1s de cinco a\\u00f1os - El Digital de Asturias\",\"headline\":\"El desempleo en EEUU en su nivel m\\u00e1s bajo en m\\u00e1s de cinco a\\u00f1os\",\"author\":{\"@id\":\"https:\\\/\\\/www.eldigitaldeasturias.com\\\/noticias\\\/author\\\/admin\\\/#author\"},\"publisher\":{\"@id\":\"https:\\\/\\\/www.eldigitaldeasturias.com\\\/noticias\\\/#organization\"},\"image\":{\"@type\":\"ImageObject\",\"url\":486392},\"datePublished\":\"2014-02-08T01:33:27+01:00\",\"dateModified\":\"2014-02-08T01:33:27+01:00\",\"inLanguage\":\"es-ES\",\"mainEntityOfPage\":{\"@id\":\"https:\\\/\\\/www.eldigitaldeasturias.com\\\/noticias\\\/el-desempleo-en-eeuu-en-su-nivel-mas-bajo-en-mas-de-cinco-anos\\\/#webpage\"},\"isPartOf\":{\"@id\":\"https:\\\/\\\/www.eldigitaldeasturias.com\\\/noticias\\\/el-desempleo-en-eeuu-en-su-nivel-mas-bajo-en-mas-de-cinco-anos\\\/#webpage\"},\"articleSection\":\"Actualidad\"},{\"@type\":\"BreadcrumbList\",\"@id\":\"https:\\\/\\\/www.eldigitaldeasturias.com\\\/noticias\\\/el-desempleo-en-eeuu-en-su-nivel-mas-bajo-en-mas-de-cinco-anos\\\/#breadcrumblist\",\"itemListElement\":[{\"@type\":\"ListItem\",\"@id\":\"https:\\\/\\\/www.eldigitaldeasturias.com\\\/noticias#listItem\",\"position\":1,\"name\":\"Home\",\"item\":\"https:\\\/\\\/www.eldigitaldeasturias.com\\\/noticias\",\"nextItem\":{\"@type\":\"ListItem\",\"@id\":\"https:\\\/\\\/www.eldigitaldeasturias.com\\\/noticias\\\/category\\\/actualidad\\\/#listItem\",\"name\":\"Actualidad\"}},{\"@type\":\"ListItem\",\"@id\":\"https:\\\/\\\/www.eldigitaldeasturias.com\\\/noticias\\\/category\\\/actualidad\\\/#listItem\",\"position\":2,\"name\":\"Actualidad\",\"item\":\"https:\\\/\\\/www.eldigitaldeasturias.com\\\/noticias\\\/category\\\/actualidad\\\/\",\"nextItem\":{\"@type\":\"ListItem\",\"@id\":\"https:\\\/\\\/www.eldigitaldeasturias.com\\\/noticias\\\/el-desempleo-en-eeuu-en-su-nivel-mas-bajo-en-mas-de-cinco-anos\\\/#listItem\",\"name\":\"El desempleo en EEUU en su nivel m\\u00e1s bajo en m\\u00e1s de cinco a\\u00f1os\"},\"previousItem\":{\"@type\":\"ListItem\",\"@id\":\"https:\\\/\\\/www.eldigitaldeasturias.com\\\/noticias#listItem\",\"name\":\"Home\"}},{\"@type\":\"ListItem\",\"@id\":\"https:\\\/\\\/www.eldigitaldeasturias.com\\\/noticias\\\/el-desempleo-en-eeuu-en-su-nivel-mas-bajo-en-mas-de-cinco-anos\\\/#listItem\",\"position\":3,\"name\":\"El desempleo en EEUU en su nivel m\\u00e1s bajo en m\\u00e1s de cinco a\\u00f1os\",\"previousItem\":{\"@type\":\"ListItem\",\"@id\":\"https:\\\/\\\/www.eldigitaldeasturias.com\\\/noticias\\\/category\\\/actualidad\\\/#listItem\",\"name\":\"Actualidad\"}}]},{\"@type\":\"Organization\",\"@id\":\"https:\\\/\\\/www.eldigitaldeasturias.com\\\/noticias\\\/#organization\",\"name\":\"El Digital de Asturias\",\"description\":\"Hemeroteca\",\"url\":\"https:\\\/\\\/www.eldigitaldeasturias.com\\\/noticias\\\/\",\"email\":\"info@eldigitaldeasturias.com\",\"telephone\":\"+34652131393\",\"logo\":{\"@type\":\"ImageObject\",\"url\":\"https:\\\/\\\/www.eldigitaldeasturias.com\\\/noticias\\\/wp-content\\\/uploads\\\/2020\\\/12\\\/EDA.jpg\",\"@id\":\"https:\\\/\\\/www.eldigitaldeasturias.com\\\/noticias\\\/el-desempleo-en-eeuu-en-su-nivel-mas-bajo-en-mas-de-cinco-anos\\\/#organizationLogo\"},\"image\":{\"@id\":\"https:\\\/\\\/www.eldigitaldeasturias.com\\\/noticias\\\/el-desempleo-en-eeuu-en-su-nivel-mas-bajo-en-mas-de-cinco-anos\\\/#organizationLogo\"},\"sameAs\":[\"https:\\\/\\\/facebook.com\\\/eldigitaldeasturias\",\"https:\\\/\\\/www.youtube.com\\\/channel\\\/UCZP-2wLEB9Rv6erhFmqVnvg\"],\"address\":{\"@id\":\"https:\\\/\\\/www.eldigitaldeasturias.com\\\/noticias\\\/#postaladdress\",\"@type\":\"PostalAddress\",\"streetAddress\":\"san antonio 4\",\"postalCode\":\"33430\",\"addressLocality\":\"Cand\\u00e1s\",\"addressRegion\":\"Asturias\",\"addressCountry\":\"ES\"}},{\"@type\":\"Person\",\"@id\":\"https:\\\/\\\/www.eldigitaldeasturias.com\\\/noticias\\\/author\\\/admin\\\/#author\",\"url\":\"https:\\\/\\\/www.eldigitaldeasturias.com\\\/noticias\\\/author\\\/admin\\\/\",\"name\":\"El Digital de Asturias\",\"image\":{\"@type\":\"ImageObject\",\"@id\":\"https:\\\/\\\/www.eldigitaldeasturias.com\\\/noticias\\\/el-desempleo-en-eeuu-en-su-nivel-mas-bajo-en-mas-de-cinco-anos\\\/#authorImage\",\"url\":\"https:\\\/\\\/secure.gravatar.com\\\/avatar\\\/df2aeffc32bcd13f8d26072ef8a91b623d677766deac7f97ca815868cd41bf5e?s=96&d=mm&r=g\",\"width\":96,\"height\":96,\"caption\":\"El Digital de Asturias\"}},{\"@type\":\"WebPage\",\"@id\":\"https:\\\/\\\/www.eldigitaldeasturias.com\\\/noticias\\\/el-desempleo-en-eeuu-en-su-nivel-mas-bajo-en-mas-de-cinco-anos\\\/#webpage\",\"url\":\"https:\\\/\\\/www.eldigitaldeasturias.com\\\/noticias\\\/el-desempleo-en-eeuu-en-su-nivel-mas-bajo-en-mas-de-cinco-anos\\\/\",\"name\":\"El desempleo en EEUU en su nivel m\\u00e1s bajo en m\\u00e1s de cinco a\\u00f1os - El Digital de Asturias\",\"description\":\"Washington, 7 feb (EFE).- El \\u00edndice de desempleo en Estados Unidos baj\\u00f3 una d\\u00e9cima en enero y qued\\u00f3 en el 6,6 % de la fuerza laboral, pero la econom\\u00eda a\\u00f1adi\\u00f3 apenas unos 113.000 puestos de trabajo, inform\\u00f3 hoy el Gobierno. \\\"La econom\\u00eda continu\\u00f3 su recuperaci\\u00f3n en el primer mes de 2014 con 142.000 empleos adicionales\",\"inLanguage\":\"es-ES\",\"isPartOf\":{\"@id\":\"https:\\\/\\\/www.eldigitaldeasturias.com\\\/noticias\\\/#website\"},\"breadcrumb\":{\"@id\":\"https:\\\/\\\/www.eldigitaldeasturias.com\\\/noticias\\\/el-desempleo-en-eeuu-en-su-nivel-mas-bajo-en-mas-de-cinco-anos\\\/#breadcrumblist\"},\"author\":{\"@id\":\"https:\\\/\\\/www.eldigitaldeasturias.com\\\/noticias\\\/author\\\/admin\\\/#author\"},\"creator\":{\"@id\":\"https:\\\/\\\/www.eldigitaldeasturias.com\\\/noticias\\\/author\\\/admin\\\/#author\"},\"image\":{\"@type\":\"ImageObject\",\"url\":486392,\"@id\":\"https:\\\/\\\/www.eldigitaldeasturias.com\\\/noticias\\\/el-desempleo-en-eeuu-en-su-nivel-mas-bajo-en-mas-de-cinco-anos\\\/#mainImage\"},\"primaryImageOfPage\":{\"@id\":\"https:\\\/\\\/www.eldigitaldeasturias.com\\\/noticias\\\/el-desempleo-en-eeuu-en-su-nivel-mas-bajo-en-mas-de-cinco-anos\\\/#mainImage\"},\"datePublished\":\"2014-02-08T01:33:27+01:00\",\"dateModified\":\"2014-02-08T01:33:27+01:00\"},{\"@type\":\"WebSite\",\"@id\":\"https:\\\/\\\/www.eldigitaldeasturias.com\\\/noticias\\\/#website\",\"url\":\"https:\\\/\\\/www.eldigitaldeasturias.com\\\/noticias\\\/\",\"name\":\"El Digital de Asturias - Diario de actualidad y noticias\",\"alternateName\":\"El Digital de Asturias - Diario de actualidad y noticias\",\"description\":\"Hemeroteca\",\"inLanguage\":\"es-ES\",\"publisher\":{\"@id\":\"https:\\\/\\\/www.eldigitaldeasturias.com\\\/noticias\\\/#organization\"}}]}\n\t\t<\/script>\n\t\t<!-- All in One SEO Pro -->\r\n\t\t<title>El desempleo en EEUU en su nivel m\u00e1s bajo en m\u00e1s de cinco a\u00f1os - El Digital de Asturias<\/title>\n\n","aioseo_head_json":{"title":"El desempleo en EEUU en su nivel m\u00e1s bajo en m\u00e1s de cinco a\u00f1os - El Digital de Asturias","description":"Washington, 7 feb (EFE).- El \u00edndice de desempleo en Estados Unidos baj\u00f3 una d\u00e9cima en enero y qued\u00f3 en el 6,6 % de la fuerza laboral, pero la econom\u00eda a\u00f1adi\u00f3 apenas unos 113.000 puestos de trabajo, inform\u00f3 hoy el Gobierno. \"La econom\u00eda continu\u00f3 su recuperaci\u00f3n en el primer mes de 2014 con 142.000 empleos adicionales","canonical_url":"https:\/\/www.eldigitaldeasturias.com\/noticias\/el-desempleo-en-eeuu-en-su-nivel-mas-bajo-en-mas-de-cinco-anos\/","robots":"max-image-preview:large","keywords":"actualidad","webmasterTools":{"google-site-verification":"UA-38556648-1","msvalidate.01":"7dfe9f3f1b24437ab69f4f2559babe99","miscellaneous":""},"schema":{"@context":"https:\/\/schema.org","@graph":[{"@type":"BlogPosting","@id":"https:\/\/www.eldigitaldeasturias.com\/noticias\/el-desempleo-en-eeuu-en-su-nivel-mas-bajo-en-mas-de-cinco-anos\/#blogposting","name":"El desempleo en EEUU en su nivel m\u00e1s bajo en m\u00e1s de cinco a\u00f1os - El Digital de Asturias","headline":"El desempleo en EEUU en su nivel m\u00e1s bajo en m\u00e1s de cinco a\u00f1os","author":{"@id":"https:\/\/www.eldigitaldeasturias.com\/noticias\/author\/admin\/#author"},"publisher":{"@id":"https:\/\/www.eldigitaldeasturias.com\/noticias\/#organization"},"image":{"@type":"ImageObject","url":486392},"datePublished":"2014-02-08T01:33:27+01:00","dateModified":"2014-02-08T01:33:27+01:00","inLanguage":"es-ES","mainEntityOfPage":{"@id":"https:\/\/www.eldigitaldeasturias.com\/noticias\/el-desempleo-en-eeuu-en-su-nivel-mas-bajo-en-mas-de-cinco-anos\/#webpage"},"isPartOf":{"@id":"https:\/\/www.eldigitaldeasturias.com\/noticias\/el-desempleo-en-eeuu-en-su-nivel-mas-bajo-en-mas-de-cinco-anos\/#webpage"},"articleSection":"Actualidad"},{"@type":"BreadcrumbList","@id":"https:\/\/www.eldigitaldeasturias.com\/noticias\/el-desempleo-en-eeuu-en-su-nivel-mas-bajo-en-mas-de-cinco-anos\/#breadcrumblist","itemListElement":[{"@type":"ListItem","@id":"https:\/\/www.eldigitaldeasturias.com\/noticias#listItem","position":1,"name":"Home","item":"https:\/\/www.eldigitaldeasturias.com\/noticias","nextItem":{"@type":"ListItem","@id":"https:\/\/www.eldigitaldeasturias.com\/noticias\/category\/actualidad\/#listItem","name":"Actualidad"}},{"@type":"ListItem","@id":"https:\/\/www.eldigitaldeasturias.com\/noticias\/category\/actualidad\/#listItem","position":2,"name":"Actualidad","item":"https:\/\/www.eldigitaldeasturias.com\/noticias\/category\/actualidad\/","nextItem":{"@type":"ListItem","@id":"https:\/\/www.eldigitaldeasturias.com\/noticias\/el-desempleo-en-eeuu-en-su-nivel-mas-bajo-en-mas-de-cinco-anos\/#listItem","name":"El desempleo en EEUU en su nivel m\u00e1s bajo en m\u00e1s de cinco a\u00f1os"},"previousItem":{"@type":"ListItem","@id":"https:\/\/www.eldigitaldeasturias.com\/noticias#listItem","name":"Home"}},{"@type":"ListItem","@id":"https:\/\/www.eldigitaldeasturias.com\/noticias\/el-desempleo-en-eeuu-en-su-nivel-mas-bajo-en-mas-de-cinco-anos\/#listItem","position":3,"name":"El desempleo en EEUU en su nivel m\u00e1s bajo en m\u00e1s de cinco a\u00f1os","previousItem":{"@type":"ListItem","@id":"https:\/\/www.eldigitaldeasturias.com\/noticias\/category\/actualidad\/#listItem","name":"Actualidad"}}]},{"@type":"Organization","@id":"https:\/\/www.eldigitaldeasturias.com\/noticias\/#organization","name":"El Digital de Asturias","description":"Hemeroteca","url":"https:\/\/www.eldigitaldeasturias.com\/noticias\/","email":"info@eldigitaldeasturias.com","telephone":"+34652131393","logo":{"@type":"ImageObject","url":"https:\/\/www.eldigitaldeasturias.com\/noticias\/wp-content\/uploads\/2020\/12\/EDA.jpg","@id":"https:\/\/www.eldigitaldeasturias.com\/noticias\/el-desempleo-en-eeuu-en-su-nivel-mas-bajo-en-mas-de-cinco-anos\/#organizationLogo"},"image":{"@id":"https:\/\/www.eldigitaldeasturias.com\/noticias\/el-desempleo-en-eeuu-en-su-nivel-mas-bajo-en-mas-de-cinco-anos\/#organizationLogo"},"sameAs":["https:\/\/facebook.com\/eldigitaldeasturias","https:\/\/www.youtube.com\/channel\/UCZP-2wLEB9Rv6erhFmqVnvg"],"address":{"@id":"https:\/\/www.eldigitaldeasturias.com\/noticias\/#postaladdress","@type":"PostalAddress","streetAddress":"san antonio 4","postalCode":"33430","addressLocality":"Cand\u00e1s","addressRegion":"Asturias","addressCountry":"ES"}},{"@type":"Person","@id":"https:\/\/www.eldigitaldeasturias.com\/noticias\/author\/admin\/#author","url":"https:\/\/www.eldigitaldeasturias.com\/noticias\/author\/admin\/","name":"El Digital de Asturias","image":{"@type":"ImageObject","@id":"https:\/\/www.eldigitaldeasturias.com\/noticias\/el-desempleo-en-eeuu-en-su-nivel-mas-bajo-en-mas-de-cinco-anos\/#authorImage","url":"https:\/\/secure.gravatar.com\/avatar\/df2aeffc32bcd13f8d26072ef8a91b623d677766deac7f97ca815868cd41bf5e?s=96&d=mm&r=g","width":96,"height":96,"caption":"El Digital de Asturias"}},{"@type":"WebPage","@id":"https:\/\/www.eldigitaldeasturias.com\/noticias\/el-desempleo-en-eeuu-en-su-nivel-mas-bajo-en-mas-de-cinco-anos\/#webpage","url":"https:\/\/www.eldigitaldeasturias.com\/noticias\/el-desempleo-en-eeuu-en-su-nivel-mas-bajo-en-mas-de-cinco-anos\/","name":"El desempleo en EEUU en su nivel m\u00e1s bajo en m\u00e1s de cinco a\u00f1os - El Digital de Asturias","description":"Washington, 7 feb (EFE).- El \u00edndice de desempleo en Estados Unidos baj\u00f3 una d\u00e9cima en enero y qued\u00f3 en el 6,6 % de la fuerza laboral, pero la econom\u00eda a\u00f1adi\u00f3 apenas unos 113.000 puestos de trabajo, inform\u00f3 hoy el Gobierno. \"La econom\u00eda continu\u00f3 su recuperaci\u00f3n en el primer mes de 2014 con 142.000 empleos adicionales","inLanguage":"es-ES","isPartOf":{"@id":"https:\/\/www.eldigitaldeasturias.com\/noticias\/#website"},"breadcrumb":{"@id":"https:\/\/www.eldigitaldeasturias.com\/noticias\/el-desempleo-en-eeuu-en-su-nivel-mas-bajo-en-mas-de-cinco-anos\/#breadcrumblist"},"author":{"@id":"https:\/\/www.eldigitaldeasturias.com\/noticias\/author\/admin\/#author"},"creator":{"@id":"https:\/\/www.eldigitaldeasturias.com\/noticias\/author\/admin\/#author"},"image":{"@type":"ImageObject","url":486392,"@id":"https:\/\/www.eldigitaldeasturias.com\/noticias\/el-desempleo-en-eeuu-en-su-nivel-mas-bajo-en-mas-de-cinco-anos\/#mainImage"},"primaryImageOfPage":{"@id":"https:\/\/www.eldigitaldeasturias.com\/noticias\/el-desempleo-en-eeuu-en-su-nivel-mas-bajo-en-mas-de-cinco-anos\/#mainImage"},"datePublished":"2014-02-08T01:33:27+01:00","dateModified":"2014-02-08T01:33:27+01:00"},{"@type":"WebSite","@id":"https:\/\/www.eldigitaldeasturias.com\/noticias\/#website","url":"https:\/\/www.eldigitaldeasturias.com\/noticias\/","name":"El Digital de Asturias - Diario de actualidad y noticias","alternateName":"El Digital de Asturias - Diario de actualidad y noticias","description":"Hemeroteca","inLanguage":"es-ES","publisher":{"@id":"https:\/\/www.eldigitaldeasturias.com\/noticias\/#organization"}}]},"og:locale":"es_ES","og:site_name":"El Digital de Asturias","og:type":"article","og:title":"El desempleo en EEUU en su nivel m\u00e1s bajo en m\u00e1s de cinco a\u00f1os - El Digital de Asturias","og:description":"Washington, 7 feb (EFE).- El \u00edndice de desempleo en Estados Unidos baj\u00f3 una d\u00e9cima en enero y qued\u00f3 en el 6,6 % de la fuerza laboral, pero la econom\u00eda a\u00f1adi\u00f3 apenas unos 113.000 puestos de trabajo, inform\u00f3 hoy el Gobierno. &quot;La econom\u00eda continu\u00f3 su recuperaci\u00f3n en el primer mes de 2014 con 142.000 empleos adicionales","og:url":"https:\/\/www.eldigitaldeasturias.com\/noticias\/el-desempleo-en-eeuu-en-su-nivel-mas-bajo-en-mas-de-cinco-anos\/","article:tag":["actualidad"],"article:published_time":"2014-02-08T02:33:27+00:00","article:modified_time":"2014-02-08T02:33:27+00:00","article:publisher":"https:\/\/facebook.com\/eldigitaldeasturias","twitter:card":"summary_large_image","twitter:title":"El desempleo en EEUU en su nivel m\u00e1s bajo en m\u00e1s de cinco a\u00f1os - El Digital de Asturias","twitter:description":"Washington, 7 feb (EFE).- El \u00edndice de desempleo en Estados Unidos baj\u00f3 una d\u00e9cima en enero y qued\u00f3 en el 6,6 % de la fuerza laboral, pero la econom\u00eda a\u00f1adi\u00f3 apenas unos 113.000 puestos de trabajo, inform\u00f3 hoy el Gobierno. &quot;La econom\u00eda continu\u00f3 su recuperaci\u00f3n en el primer mes de 2014 con 142.000 empleos adicionales","twitter:label1":"Escrito por","twitter:data1":"El Digital de Asturias","twitter:label2":"Tiempo de lectura estimado","twitter:data2":"3 minutos"},"aioseo_meta_data":{"post_id":"486391","title":null,"description":null,"keywords":null,"keyphrases":null,"primary_term":null,"canonical_url":null,"og_title":null,"og_description":null,"og_object_type":"default","og_image_type":"default","og_image_url":null,"og_image_width":null,"og_image_height":null,"og_image_custom_url":null,"og_image_custom_fields":null,"og_video":null,"og_custom_url":null,"og_article_section":null,"og_article_tags":null,"twitter_use_og":true,"twitter_card":"default","twitter_image_type":"default","twitter_image_url":null,"twitter_image_custom_url":null,"twitter_image_custom_fields":null,"twitter_title":null,"twitter_description":null,"schema":{"blockGraphs":[],"customGraphs":[],"default":{"data":{"Article":[],"Course":[],"Dataset":[],"FAQPage":[],"Movie":[],"Person":[],"Product":[],"ProductReview":[],"Car":[],"Recipe":[],"Service":[],"SoftwareApplication":[],"WebPage":[]},"graphName":"","isEnabled":true},"graphs":[],"defaultGraph":"","defaultPostTypeGraph":""},"schema_type":null,"schema_type_options":null,"pillar_content":false,"robots_default":true,"robots_noindex":false,"robots_noarchive":false,"robots_nosnippet":false,"robots_nofollow":false,"robots_noimageindex":false,"robots_noodp":false,"robots_notranslate":false,"robots_max_snippet":null,"robots_max_videopreview":null,"robots_max_imagepreview":"none","priority":null,"frequency":null,"local_seo":null,"seo_analyzer_scan_date":"2026-06-03 00:41:53","breadcrumb_settings":null,"limit_modified_date":false,"open_ai":null,"ai":null,"created":"2020-11-14 22:56:06","updated":"2026-06-03 00:41:53","focus_keyword":null,"additional_keywords":null,"truseo_locale":null},"aioseo_breadcrumb":"<div class=\"aioseo-breadcrumbs\"><span class=\"aioseo-breadcrumb\">\n\t<a href=\"https:\/\/www.eldigitaldeasturias.com\/noticias\" title=\"Home\">Home<\/a>\n<\/span><span class=\"aioseo-breadcrumb-separator\">\u2013<\/span><span class=\"aioseo-breadcrumb\">\n\t<a href=\"https:\/\/www.eldigitaldeasturias.com\/noticias\/category\/actualidad\/\" title=\"Actualidad\">Actualidad<\/a>\n<\/span><span class=\"aioseo-breadcrumb-separator\">\u2013<\/span><span class=\"aioseo-breadcrumb\">\n\t<a href=\"https:\/\/www.eldigitaldeasturias.com\/noticias\/el-desempleo-en-eeuu-en-su-nivel-mas-bajo-en-mas-de-cinco-anos\/\" title=\"El desempleo en EEUU en su nivel m\u00e1s bajo en m\u00e1s de cinco a\u00f1os\">El desempleo en EEUU en su nivel m\u00e1s bajo en m\u00e1s de cinco a\u00f1os<\/a>\n<\/span><\/div>","aioseo_breadcrumb_json":[{"label":"Home","link":"https:\/\/www.eldigitaldeasturias.com\/noticias"},{"label":"Actualidad","link":"https:\/\/www.eldigitaldeasturias.com\/noticias\/category\/actualidad\/"},{"label":"El desempleo en EEUU en su nivel m\u00e1s bajo en m\u00e1s de cinco a\u00f1os","link":"https:\/\/www.eldigitaldeasturias.com\/noticias\/el-desempleo-en-eeuu-en-su-nivel-mas-bajo-en-mas-de-cinco-anos\/"}],"_links":{"self":[{"href":"https:\/\/www.eldigitaldeasturias.com\/noticias\/wp-json\/wp\/v2\/posts\/486391","targetHints":{"allow":["GET"]}}],"collection":[{"href":"https:\/\/www.eldigitaldeasturias.com\/noticias\/wp-json\/wp\/v2\/posts"}],"about":[{"href":"https:\/\/www.eldigitaldeasturias.com\/noticias\/wp-json\/wp\/v2\/types\/post"}],"author":[{"embeddable":true,"href":"https:\/\/www.eldigitaldeasturias.com\/noticias\/wp-json\/wp\/v2\/users\/1"}],"replies":[{"embeddable":true,"href":"https:\/\/www.eldigitaldeasturias.com\/noticias\/wp-json\/wp\/v2\/comments?post=486391"}],"version-history":[{"count":0,"href":"https:\/\/www.eldigitaldeasturias.com\/noticias\/wp-json\/wp\/v2\/posts\/486391\/revisions"}],"wp:attachment":[{"href":"https:\/\/www.eldigitaldeasturias.com\/noticias\/wp-json\/wp\/v2\/media?parent=486391"}],"wp:term":[{"taxonomy":"category","embeddable":true,"href":"https:\/\/www.eldigitaldeasturias.com\/noticias\/wp-json\/wp\/v2\/categories?post=486391"},{"taxonomy":"post_tag","embeddable":true,"href":"https:\/\/www.eldigitaldeasturias.com\/noticias\/wp-json\/wp\/v2\/tags?post=486391"}],"curies":[{"name":"wp","href":"https:\/\/api.w.org\/{rel}","templated":true}]}}