{"id":486376,"date":"2014-02-08T01:25:34","date_gmt":"2014-02-08T02:25:34","guid":{"rendered":"http:\/\/www.eldigitaldeasturias.com\/noticias\/?p=486376"},"modified":"2014-02-08T01:25:34","modified_gmt":"2014-02-08T02:25:34","slug":"mourinho-dice-que-es-pronto-para-que-torres-reaparezca-tras-su-lesion","status":"publish","type":"post","link":"https:\/\/www.eldigitaldeasturias.com\/noticias\/mourinho-dice-que-es-pronto-para-que-torres-reaparezca-tras-su-lesion\/","title":{"rendered":"Mourinho dice que es \u00abpronto\u00bb para que Torres reaparezca tras su lesi\u00f3n"},"content":{"rendered":"<p><img loading=\"lazy\" decoding=\"async\" class=\"alignleft size-medium wp-image-486377\" alt=\"5921934w\" src=\"https:\/\/www.eldigitaldeasturias.com\/noticias\/wp-content\/uploads\/2014\/02\/5921934w-360x230.jpg\" width=\"360\" height=\"230\" \/>Londres, 7 feb (EFE).- El t\u00e9cnico del Chelsea, el portugu\u00e9s Jos\u00e9 Mourinho, afirm\u00f3 hoy que el encuentro de este s\u00e1bado ante el Newcastle es \u00abdemasiado pronto\u00bb para que reaparezca el delantero espa\u00f1ol Fernando Torres, lesionado el pasado 19 de enero.<\/p>\n<p>Torres sufri\u00f3 un esguince en el ligamento lateral de su rodilla derecha durante un encuentro ante el Manchester United en Stamford Bridge (3-1 para el Chelsea) y volvi\u00f3 a unirse al grupo en los entrenamientos esta semana.<\/p>\n<p>\u00abNo vamos a arriesgarnos con \u00e9l. Est\u00e1 casi ah\u00ed, pero todav\u00eda no est\u00e1 listo del todo\u00bb, se\u00f1al\u00f3 el t\u00e9cnico luso: \u00abSi fuera el \u00faltimo partido de la temporada dir\u00eda &#8216;vamos, lo hacemos&#8217;, pero tenemos todav\u00eda muchos compromisos por jugar y no debemos arriesgarnos ahora\u00bb, afirm\u00f3.<\/p>\n<p>Los \u00abblues\u00bb reciben en casa en la vig\u00e9sima quinta jornada al Newcastle con opciones de presionar al Arsenal, l\u00edder de la Premier con dos puntos de ventaja sobre los de Mourinho.<\/p>\n<p>\u00abEstamos jugando muy bien, pero vamos a ir paso a paso. Vamos a disfrutar del momento\u00bb, dijo el t\u00e9cnico del Chelsea, que la pasada semana dio un golpe de efecto al derrotar al Manchester City en su estadio, donde los \u00abcitizens\u00bb todav\u00eda no hab\u00edan cedido un solo punto.<\/p>\n<p>\u00abEstamos mejorando, obteniendo resultados mucho mejores. Estamos preparados y queremos ganar\u00bb, sostuvo Mourinho, que descart\u00f3 que su equipo sea el m\u00e1ximo favorito para conquistar el t\u00edtulo esta temporada.<\/p>\n<p>El portugu\u00e9s se\u00f1al\u00f3 que su \u00abgran objetivo\u00bb esta temporada es dejar al equipo en puestos de Liga de Campeones -\u00abentre los tres primeros, si es posible\u00bb, puntualiz\u00f3-.<\/p>\n<p>\u00abTodo lo que digo son juegos psicol\u00f3gicos. Lo \u00fanico que no es un juego psicol\u00f3gico son los resultados, y cada vez son mejores\u00bb, afirm\u00f3 Mourinho.<\/p>\n","protected":false},"excerpt":{"rendered":"<p>Londres, 7 feb (EFE).- El t\u00e9cnico del Chelsea, el portugu\u00e9s Jos\u00e9 Mourinho, afirm\u00f3 hoy que el encuentro de este s\u00e1bado ante el Newcastle es \u00abdemasiado pronto\u00bb para que reaparezca el delantero espa\u00f1ol Fernando Torres, lesionado el pasado 19 de enero. Torres sufri\u00f3 un esguince en el ligamento lateral de su rodilla derecha durante un encuentro [&hellip;]<\/p>\n","protected":false},"author":1,"featured_media":486377,"comment_status":"open","ping_status":"open","sticky":false,"template":"","format":"standard","meta":{"footnotes":""},"categories":[1],"tags":[],"class_list":["post-486376","post","type-post","status-publish","format-standard","has-post-thumbnail","hentry","category-actualidad"],"aioseo_notices":[],"aioseo_head":"\n\t\t<!-- All in One SEO Pro 5.0.1 - aioseo.com -->\n\t<meta name=\"description\" content=\"Londres, 7 feb (EFE).- El t\u00e9cnico del Chelsea, el portugu\u00e9s Jos\u00e9 Mourinho, afirm\u00f3 hoy que el encuentro de este s\u00e1bado ante el Newcastle es &quot;demasiado pronto&quot; para que reaparezca el delantero espa\u00f1ol Fernando Torres, lesionado el pasado 19 de enero. Torres sufri\u00f3 un esguince en el ligamento lateral de su rodilla derecha durante un encuentro\" \/>\n\t<meta name=\"robots\" content=\"max-image-preview:large\" \/>\n\t<meta name=\"author\" content=\"El Digital de Asturias\"\/>\n\t<meta name=\"google-site-verification\" content=\"UA-38556648-1\" \/>\n\t<meta name=\"msvalidate.01\" content=\"7dfe9f3f1b24437ab69f4f2559babe99\" \/>\n\t<meta name=\"keywords\" content=\"actualidad\" \/>\n\t<link rel=\"canonical\" href=\"https:\/\/www.eldigitaldeasturias.com\/noticias\/mourinho-dice-que-es-pronto-para-que-torres-reaparezca-tras-su-lesion\/\" \/>\n\t<meta name=\"generator\" content=\"All in One SEO Pro (AIOSEO) 5.0.1\" \/>\n\t\t<meta property=\"og:locale\" content=\"es_ES\" \/>\n\t\t<meta property=\"og:site_name\" content=\"El Digital de Asturias\" \/>\n\t\t<meta property=\"og:type\" content=\"article\" \/>\n\t\t<meta property=\"og:title\" content=\"Mourinho dice que es \u00abpronto\u00bb para que Torres reaparezca tras su lesi\u00f3n - El Digital de Asturias\" \/>\n\t\t<meta property=\"og:description\" content=\"Londres, 7 feb (EFE).- El t\u00e9cnico del Chelsea, el portugu\u00e9s Jos\u00e9 Mourinho, afirm\u00f3 hoy que el encuentro de este s\u00e1bado ante el Newcastle es &quot;demasiado pronto&quot; para que reaparezca el delantero espa\u00f1ol Fernando Torres, lesionado el pasado 19 de enero. Torres sufri\u00f3 un esguince en el ligamento lateral de su rodilla derecha durante un encuentro\" \/>\n\t\t<meta property=\"og:url\" content=\"https:\/\/www.eldigitaldeasturias.com\/noticias\/mourinho-dice-que-es-pronto-para-que-torres-reaparezca-tras-su-lesion\/\" \/>\n\t\t<meta property=\"article:tag\" content=\"actualidad\" \/>\n\t\t<meta property=\"article:published_time\" content=\"2014-02-08T02:25:34+00:00\" \/>\n\t\t<meta property=\"article:modified_time\" content=\"2014-02-08T02:25:34+00:00\" \/>\n\t\t<meta property=\"article:publisher\" content=\"https:\/\/facebook.com\/eldigitaldeasturias\" \/>\n\t\t<meta name=\"twitter:card\" content=\"summary_large_image\" \/>\n\t\t<meta name=\"twitter:title\" content=\"Mourinho dice que es \u00abpronto\u00bb para que Torres reaparezca tras su lesi\u00f3n - El Digital de Asturias\" \/>\n\t\t<meta name=\"twitter:description\" content=\"Londres, 7 feb (EFE).- El t\u00e9cnico del Chelsea, el portugu\u00e9s Jos\u00e9 Mourinho, afirm\u00f3 hoy que el encuentro de este s\u00e1bado ante el Newcastle es &quot;demasiado pronto&quot; para que reaparezca el delantero espa\u00f1ol Fernando Torres, lesionado el pasado 19 de enero. Torres sufri\u00f3 un esguince en el ligamento lateral de su rodilla derecha durante un encuentro\" \/>\n\t\t<meta name=\"twitter:label1\" content=\"Escrito por\" \/>\n\t\t<meta name=\"twitter:data1\" content=\"El Digital de Asturias\" \/>\n\t\t<meta name=\"twitter:label2\" content=\"Tiempo de lectura estimado\" \/>\n\t\t<meta name=\"twitter:data2\" content=\"2 minutos\" \/>\n\t\t<script type=\"application\/ld+json\" class=\"aioseo-schema\">\n\t\t\t{\"@context\":\"https:\\\/\\\/schema.org\",\"@graph\":[{\"@type\":\"BlogPosting\",\"@id\":\"https:\\\/\\\/www.eldigitaldeasturias.com\\\/noticias\\\/mourinho-dice-que-es-pronto-para-que-torres-reaparezca-tras-su-lesion\\\/#blogposting\",\"name\":\"Mourinho dice que es \\u00abpronto\\u00bb para que Torres reaparezca tras su lesi\\u00f3n - El Digital de Asturias\",\"headline\":\"Mourinho dice que es \\u00abpronto\\u00bb para que Torres reaparezca tras su lesi\\u00f3n\",\"author\":{\"@id\":\"https:\\\/\\\/www.eldigitaldeasturias.com\\\/noticias\\\/author\\\/admin\\\/#author\"},\"publisher\":{\"@id\":\"https:\\\/\\\/www.eldigitaldeasturias.com\\\/noticias\\\/#organization\"},\"image\":{\"@type\":\"ImageObject\",\"url\":486377},\"datePublished\":\"2014-02-08T01:25:34+01:00\",\"dateModified\":\"2014-02-08T01:25:34+01:00\",\"inLanguage\":\"es-ES\",\"mainEntityOfPage\":{\"@id\":\"https:\\\/\\\/www.eldigitaldeasturias.com\\\/noticias\\\/mourinho-dice-que-es-pronto-para-que-torres-reaparezca-tras-su-lesion\\\/#webpage\"},\"isPartOf\":{\"@id\":\"https:\\\/\\\/www.eldigitaldeasturias.com\\\/noticias\\\/mourinho-dice-que-es-pronto-para-que-torres-reaparezca-tras-su-lesion\\\/#webpage\"},\"articleSection\":\"Actualidad\"},{\"@type\":\"BreadcrumbList\",\"@id\":\"https:\\\/\\\/www.eldigitaldeasturias.com\\\/noticias\\\/mourinho-dice-que-es-pronto-para-que-torres-reaparezca-tras-su-lesion\\\/#breadcrumblist\",\"itemListElement\":[{\"@type\":\"ListItem\",\"@id\":\"https:\\\/\\\/www.eldigitaldeasturias.com\\\/noticias#listItem\",\"position\":1,\"name\":\"Home\",\"item\":\"https:\\\/\\\/www.eldigitaldeasturias.com\\\/noticias\",\"nextItem\":{\"@type\":\"ListItem\",\"@id\":\"https:\\\/\\\/www.eldigitaldeasturias.com\\\/noticias\\\/category\\\/actualidad\\\/#listItem\",\"name\":\"Actualidad\"}},{\"@type\":\"ListItem\",\"@id\":\"https:\\\/\\\/www.eldigitaldeasturias.com\\\/noticias\\\/category\\\/actualidad\\\/#listItem\",\"position\":2,\"name\":\"Actualidad\",\"item\":\"https:\\\/\\\/www.eldigitaldeasturias.com\\\/noticias\\\/category\\\/actualidad\\\/\",\"nextItem\":{\"@type\":\"ListItem\",\"@id\":\"https:\\\/\\\/www.eldigitaldeasturias.com\\\/noticias\\\/mourinho-dice-que-es-pronto-para-que-torres-reaparezca-tras-su-lesion\\\/#listItem\",\"name\":\"Mourinho dice que es \\u00abpronto\\u00bb para que Torres reaparezca tras su lesi\\u00f3n\"},\"previousItem\":{\"@type\":\"ListItem\",\"@id\":\"https:\\\/\\\/www.eldigitaldeasturias.com\\\/noticias#listItem\",\"name\":\"Home\"}},{\"@type\":\"ListItem\",\"@id\":\"https:\\\/\\\/www.eldigitaldeasturias.com\\\/noticias\\\/mourinho-dice-que-es-pronto-para-que-torres-reaparezca-tras-su-lesion\\\/#listItem\",\"position\":3,\"name\":\"Mourinho dice que es \\u00abpronto\\u00bb para que Torres reaparezca tras su lesi\\u00f3n\",\"previousItem\":{\"@type\":\"ListItem\",\"@id\":\"https:\\\/\\\/www.eldigitaldeasturias.com\\\/noticias\\\/category\\\/actualidad\\\/#listItem\",\"name\":\"Actualidad\"}}]},{\"@type\":\"Organization\",\"@id\":\"https:\\\/\\\/www.eldigitaldeasturias.com\\\/noticias\\\/#organization\",\"name\":\"El Digital de Asturias\",\"description\":\"Hemeroteca\",\"url\":\"https:\\\/\\\/www.eldigitaldeasturias.com\\\/noticias\\\/\",\"email\":\"info@eldigitaldeasturias.com\",\"telephone\":\"+34652131393\",\"logo\":{\"@type\":\"ImageObject\",\"url\":\"https:\\\/\\\/www.eldigitaldeasturias.com\\\/noticias\\\/wp-content\\\/uploads\\\/2020\\\/12\\\/EDA.jpg\",\"@id\":\"https:\\\/\\\/www.eldigitaldeasturias.com\\\/noticias\\\/mourinho-dice-que-es-pronto-para-que-torres-reaparezca-tras-su-lesion\\\/#organizationLogo\"},\"image\":{\"@id\":\"https:\\\/\\\/www.eldigitaldeasturias.com\\\/noticias\\\/mourinho-dice-que-es-pronto-para-que-torres-reaparezca-tras-su-lesion\\\/#organizationLogo\"},\"sameAs\":[\"https:\\\/\\\/facebook.com\\\/eldigitaldeasturias\",\"https:\\\/\\\/www.youtube.com\\\/channel\\\/UCZP-2wLEB9Rv6erhFmqVnvg\"],\"address\":{\"@id\":\"https:\\\/\\\/www.eldigitaldeasturias.com\\\/noticias\\\/#postaladdress\",\"@type\":\"PostalAddress\",\"streetAddress\":\"san antonio 4\",\"postalCode\":\"33430\",\"addressLocality\":\"Cand\\u00e1s\",\"addressRegion\":\"Asturias\",\"addressCountry\":\"ES\"}},{\"@type\":\"Person\",\"@id\":\"https:\\\/\\\/www.eldigitaldeasturias.com\\\/noticias\\\/author\\\/admin\\\/#author\",\"url\":\"https:\\\/\\\/www.eldigitaldeasturias.com\\\/noticias\\\/author\\\/admin\\\/\",\"name\":\"El Digital de Asturias\",\"image\":{\"@type\":\"ImageObject\",\"@id\":\"https:\\\/\\\/www.eldigitaldeasturias.com\\\/noticias\\\/mourinho-dice-que-es-pronto-para-que-torres-reaparezca-tras-su-lesion\\\/#authorImage\",\"url\":\"https:\\\/\\\/secure.gravatar.com\\\/avatar\\\/df2aeffc32bcd13f8d26072ef8a91b623d677766deac7f97ca815868cd41bf5e?s=96&d=mm&r=g\",\"width\":96,\"height\":96,\"caption\":\"El Digital de Asturias\"}},{\"@type\":\"WebPage\",\"@id\":\"https:\\\/\\\/www.eldigitaldeasturias.com\\\/noticias\\\/mourinho-dice-que-es-pronto-para-que-torres-reaparezca-tras-su-lesion\\\/#webpage\",\"url\":\"https:\\\/\\\/www.eldigitaldeasturias.com\\\/noticias\\\/mourinho-dice-que-es-pronto-para-que-torres-reaparezca-tras-su-lesion\\\/\",\"name\":\"Mourinho dice que es \\u00abpronto\\u00bb para que Torres reaparezca tras su lesi\\u00f3n - El Digital de Asturias\",\"description\":\"Londres, 7 feb (EFE).- El t\\u00e9cnico del Chelsea, el portugu\\u00e9s Jos\\u00e9 Mourinho, afirm\\u00f3 hoy que el encuentro de este s\\u00e1bado ante el Newcastle es \\\"demasiado pronto\\\" para que reaparezca el delantero espa\\u00f1ol Fernando Torres, lesionado el pasado 19 de enero. Torres sufri\\u00f3 un esguince en el ligamento lateral de su rodilla derecha durante un encuentro\",\"inLanguage\":\"es-ES\",\"isPartOf\":{\"@id\":\"https:\\\/\\\/www.eldigitaldeasturias.com\\\/noticias\\\/#website\"},\"breadcrumb\":{\"@id\":\"https:\\\/\\\/www.eldigitaldeasturias.com\\\/noticias\\\/mourinho-dice-que-es-pronto-para-que-torres-reaparezca-tras-su-lesion\\\/#breadcrumblist\"},\"author\":{\"@id\":\"https:\\\/\\\/www.eldigitaldeasturias.com\\\/noticias\\\/author\\\/admin\\\/#author\"},\"creator\":{\"@id\":\"https:\\\/\\\/www.eldigitaldeasturias.com\\\/noticias\\\/author\\\/admin\\\/#author\"},\"image\":{\"@type\":\"ImageObject\",\"url\":486377,\"@id\":\"https:\\\/\\\/www.eldigitaldeasturias.com\\\/noticias\\\/mourinho-dice-que-es-pronto-para-que-torres-reaparezca-tras-su-lesion\\\/#mainImage\"},\"primaryImageOfPage\":{\"@id\":\"https:\\\/\\\/www.eldigitaldeasturias.com\\\/noticias\\\/mourinho-dice-que-es-pronto-para-que-torres-reaparezca-tras-su-lesion\\\/#mainImage\"},\"datePublished\":\"2014-02-08T01:25:34+01:00\",\"dateModified\":\"2014-02-08T01:25:34+01:00\"},{\"@type\":\"WebSite\",\"@id\":\"https:\\\/\\\/www.eldigitaldeasturias.com\\\/noticias\\\/#website\",\"url\":\"https:\\\/\\\/www.eldigitaldeasturias.com\\\/noticias\\\/\",\"name\":\"El Digital de Asturias - Diario de actualidad y noticias\",\"alternateName\":\"El Digital de Asturias - Diario de actualidad y noticias\",\"description\":\"Hemeroteca\",\"inLanguage\":\"es-ES\",\"publisher\":{\"@id\":\"https:\\\/\\\/www.eldigitaldeasturias.com\\\/noticias\\\/#organization\"}}]}\n\t\t<\/script>\n\t\t<!-- All in One SEO Pro -->\r\n\t\t<title>Mourinho dice que es \u00abpronto\u00bb para que Torres reaparezca tras su lesi\u00f3n - El Digital de Asturias<\/title>\n\n","aioseo_head_json":{"title":"Mourinho dice que es \u00abpronto\u00bb para que Torres reaparezca tras su lesi\u00f3n - El Digital de Asturias","description":"Londres, 7 feb (EFE).- El t\u00e9cnico del Chelsea, el portugu\u00e9s Jos\u00e9 Mourinho, afirm\u00f3 hoy que el encuentro de este s\u00e1bado ante el Newcastle es \"demasiado pronto\" para que reaparezca el delantero espa\u00f1ol Fernando Torres, lesionado el pasado 19 de enero. Torres sufri\u00f3 un esguince en el ligamento lateral de su rodilla derecha durante un encuentro","canonical_url":"https:\/\/www.eldigitaldeasturias.com\/noticias\/mourinho-dice-que-es-pronto-para-que-torres-reaparezca-tras-su-lesion\/","robots":"max-image-preview:large","keywords":"actualidad","webmasterTools":{"google-site-verification":"UA-38556648-1","msvalidate.01":"7dfe9f3f1b24437ab69f4f2559babe99","miscellaneous":""},"schema":{"@context":"https:\/\/schema.org","@graph":[{"@type":"BlogPosting","@id":"https:\/\/www.eldigitaldeasturias.com\/noticias\/mourinho-dice-que-es-pronto-para-que-torres-reaparezca-tras-su-lesion\/#blogposting","name":"Mourinho dice que es \u00abpronto\u00bb para que Torres reaparezca tras su lesi\u00f3n - El Digital de Asturias","headline":"Mourinho dice que es \u00abpronto\u00bb para que Torres reaparezca tras su lesi\u00f3n","author":{"@id":"https:\/\/www.eldigitaldeasturias.com\/noticias\/author\/admin\/#author"},"publisher":{"@id":"https:\/\/www.eldigitaldeasturias.com\/noticias\/#organization"},"image":{"@type":"ImageObject","url":486377},"datePublished":"2014-02-08T01:25:34+01:00","dateModified":"2014-02-08T01:25:34+01:00","inLanguage":"es-ES","mainEntityOfPage":{"@id":"https:\/\/www.eldigitaldeasturias.com\/noticias\/mourinho-dice-que-es-pronto-para-que-torres-reaparezca-tras-su-lesion\/#webpage"},"isPartOf":{"@id":"https:\/\/www.eldigitaldeasturias.com\/noticias\/mourinho-dice-que-es-pronto-para-que-torres-reaparezca-tras-su-lesion\/#webpage"},"articleSection":"Actualidad"},{"@type":"BreadcrumbList","@id":"https:\/\/www.eldigitaldeasturias.com\/noticias\/mourinho-dice-que-es-pronto-para-que-torres-reaparezca-tras-su-lesion\/#breadcrumblist","itemListElement":[{"@type":"ListItem","@id":"https:\/\/www.eldigitaldeasturias.com\/noticias#listItem","position":1,"name":"Home","item":"https:\/\/www.eldigitaldeasturias.com\/noticias","nextItem":{"@type":"ListItem","@id":"https:\/\/www.eldigitaldeasturias.com\/noticias\/category\/actualidad\/#listItem","name":"Actualidad"}},{"@type":"ListItem","@id":"https:\/\/www.eldigitaldeasturias.com\/noticias\/category\/actualidad\/#listItem","position":2,"name":"Actualidad","item":"https:\/\/www.eldigitaldeasturias.com\/noticias\/category\/actualidad\/","nextItem":{"@type":"ListItem","@id":"https:\/\/www.eldigitaldeasturias.com\/noticias\/mourinho-dice-que-es-pronto-para-que-torres-reaparezca-tras-su-lesion\/#listItem","name":"Mourinho dice que es \u00abpronto\u00bb para que Torres reaparezca tras su lesi\u00f3n"},"previousItem":{"@type":"ListItem","@id":"https:\/\/www.eldigitaldeasturias.com\/noticias#listItem","name":"Home"}},{"@type":"ListItem","@id":"https:\/\/www.eldigitaldeasturias.com\/noticias\/mourinho-dice-que-es-pronto-para-que-torres-reaparezca-tras-su-lesion\/#listItem","position":3,"name":"Mourinho dice que es \u00abpronto\u00bb para que Torres reaparezca tras su lesi\u00f3n","previousItem":{"@type":"ListItem","@id":"https:\/\/www.eldigitaldeasturias.com\/noticias\/category\/actualidad\/#listItem","name":"Actualidad"}}]},{"@type":"Organization","@id":"https:\/\/www.eldigitaldeasturias.com\/noticias\/#organization","name":"El Digital de Asturias","description":"Hemeroteca","url":"https:\/\/www.eldigitaldeasturias.com\/noticias\/","email":"info@eldigitaldeasturias.com","telephone":"+34652131393","logo":{"@type":"ImageObject","url":"https:\/\/www.eldigitaldeasturias.com\/noticias\/wp-content\/uploads\/2020\/12\/EDA.jpg","@id":"https:\/\/www.eldigitaldeasturias.com\/noticias\/mourinho-dice-que-es-pronto-para-que-torres-reaparezca-tras-su-lesion\/#organizationLogo"},"image":{"@id":"https:\/\/www.eldigitaldeasturias.com\/noticias\/mourinho-dice-que-es-pronto-para-que-torres-reaparezca-tras-su-lesion\/#organizationLogo"},"sameAs":["https:\/\/facebook.com\/eldigitaldeasturias","https:\/\/www.youtube.com\/channel\/UCZP-2wLEB9Rv6erhFmqVnvg"],"address":{"@id":"https:\/\/www.eldigitaldeasturias.com\/noticias\/#postaladdress","@type":"PostalAddress","streetAddress":"san antonio 4","postalCode":"33430","addressLocality":"Cand\u00e1s","addressRegion":"Asturias","addressCountry":"ES"}},{"@type":"Person","@id":"https:\/\/www.eldigitaldeasturias.com\/noticias\/author\/admin\/#author","url":"https:\/\/www.eldigitaldeasturias.com\/noticias\/author\/admin\/","name":"El Digital de Asturias","image":{"@type":"ImageObject","@id":"https:\/\/www.eldigitaldeasturias.com\/noticias\/mourinho-dice-que-es-pronto-para-que-torres-reaparezca-tras-su-lesion\/#authorImage","url":"https:\/\/secure.gravatar.com\/avatar\/df2aeffc32bcd13f8d26072ef8a91b623d677766deac7f97ca815868cd41bf5e?s=96&d=mm&r=g","width":96,"height":96,"caption":"El Digital de Asturias"}},{"@type":"WebPage","@id":"https:\/\/www.eldigitaldeasturias.com\/noticias\/mourinho-dice-que-es-pronto-para-que-torres-reaparezca-tras-su-lesion\/#webpage","url":"https:\/\/www.eldigitaldeasturias.com\/noticias\/mourinho-dice-que-es-pronto-para-que-torres-reaparezca-tras-su-lesion\/","name":"Mourinho dice que es \u00abpronto\u00bb para que Torres reaparezca tras su lesi\u00f3n - El Digital de Asturias","description":"Londres, 7 feb (EFE).- El t\u00e9cnico del Chelsea, el portugu\u00e9s Jos\u00e9 Mourinho, afirm\u00f3 hoy que el encuentro de este s\u00e1bado ante el Newcastle es \"demasiado pronto\" para que reaparezca el delantero espa\u00f1ol Fernando Torres, lesionado el pasado 19 de enero. Torres sufri\u00f3 un esguince en el ligamento lateral de su rodilla derecha durante un encuentro","inLanguage":"es-ES","isPartOf":{"@id":"https:\/\/www.eldigitaldeasturias.com\/noticias\/#website"},"breadcrumb":{"@id":"https:\/\/www.eldigitaldeasturias.com\/noticias\/mourinho-dice-que-es-pronto-para-que-torres-reaparezca-tras-su-lesion\/#breadcrumblist"},"author":{"@id":"https:\/\/www.eldigitaldeasturias.com\/noticias\/author\/admin\/#author"},"creator":{"@id":"https:\/\/www.eldigitaldeasturias.com\/noticias\/author\/admin\/#author"},"image":{"@type":"ImageObject","url":486377,"@id":"https:\/\/www.eldigitaldeasturias.com\/noticias\/mourinho-dice-que-es-pronto-para-que-torres-reaparezca-tras-su-lesion\/#mainImage"},"primaryImageOfPage":{"@id":"https:\/\/www.eldigitaldeasturias.com\/noticias\/mourinho-dice-que-es-pronto-para-que-torres-reaparezca-tras-su-lesion\/#mainImage"},"datePublished":"2014-02-08T01:25:34+01:00","dateModified":"2014-02-08T01:25:34+01:00"},{"@type":"WebSite","@id":"https:\/\/www.eldigitaldeasturias.com\/noticias\/#website","url":"https:\/\/www.eldigitaldeasturias.com\/noticias\/","name":"El Digital de Asturias - Diario de actualidad y noticias","alternateName":"El Digital de Asturias - Diario de actualidad y noticias","description":"Hemeroteca","inLanguage":"es-ES","publisher":{"@id":"https:\/\/www.eldigitaldeasturias.com\/noticias\/#organization"}}]},"og:locale":"es_ES","og:site_name":"El Digital de Asturias","og:type":"article","og:title":"Mourinho dice que es \u00abpronto\u00bb para que Torres reaparezca tras su lesi\u00f3n - El Digital de Asturias","og:description":"Londres, 7 feb (EFE).- El t\u00e9cnico del Chelsea, el portugu\u00e9s Jos\u00e9 Mourinho, afirm\u00f3 hoy que el encuentro de este s\u00e1bado ante el Newcastle es &quot;demasiado pronto&quot; para que reaparezca el delantero espa\u00f1ol Fernando Torres, lesionado el pasado 19 de enero. Torres sufri\u00f3 un esguince en el ligamento lateral de su rodilla derecha durante un encuentro","og:url":"https:\/\/www.eldigitaldeasturias.com\/noticias\/mourinho-dice-que-es-pronto-para-que-torres-reaparezca-tras-su-lesion\/","article:tag":["actualidad"],"article:published_time":"2014-02-08T02:25:34+00:00","article:modified_time":"2014-02-08T02:25:34+00:00","article:publisher":"https:\/\/facebook.com\/eldigitaldeasturias","twitter:card":"summary_large_image","twitter:title":"Mourinho dice que es \u00abpronto\u00bb para que Torres reaparezca tras su lesi\u00f3n - El Digital de Asturias","twitter:description":"Londres, 7 feb (EFE).- El t\u00e9cnico del Chelsea, el portugu\u00e9s Jos\u00e9 Mourinho, afirm\u00f3 hoy que el encuentro de este s\u00e1bado ante el Newcastle es &quot;demasiado pronto&quot; para que reaparezca el delantero espa\u00f1ol Fernando Torres, lesionado el pasado 19 de enero. Torres sufri\u00f3 un esguince en el ligamento lateral de su rodilla derecha durante un encuentro","twitter:label1":"Escrito por","twitter:data1":"El Digital de Asturias","twitter:label2":"Tiempo de lectura estimado","twitter:data2":"2 minutos"},"aioseo_meta_data":{"post_id":"486376","title":null,"description":null,"keywords":null,"keyphrases":null,"primary_term":null,"canonical_url":null,"og_title":null,"og_description":null,"og_object_type":"default","og_image_type":"default","og_image_url":null,"og_image_width":null,"og_image_height":null,"og_image_custom_url":null,"og_image_custom_fields":null,"og_video":null,"og_custom_url":null,"og_article_section":null,"og_article_tags":null,"twitter_use_og":true,"twitter_card":"default","twitter_image_type":"default","twitter_image_url":null,"twitter_image_custom_url":null,"twitter_image_custom_fields":null,"twitter_title":null,"twitter_description":null,"schema":{"blockGraphs":[],"customGraphs":[],"default":{"data":{"Article":[],"Course":[],"Dataset":[],"FAQPage":[],"Movie":[],"Person":[],"Product":[],"ProductReview":[],"Car":[],"Recipe":[],"Service":[],"SoftwareApplication":[],"WebPage":[]},"graphName":"","isEnabled":true},"graphs":[],"defaultGraph":"","defaultPostTypeGraph":""},"schema_type":null,"schema_type_options":null,"pillar_content":false,"robots_default":true,"robots_noindex":false,"robots_noarchive":false,"robots_nosnippet":false,"robots_nofollow":false,"robots_noimageindex":false,"robots_noodp":false,"robots_notranslate":false,"robots_max_snippet":null,"robots_max_videopreview":null,"robots_max_imagepreview":"none","priority":null,"frequency":null,"local_seo":null,"seo_analyzer_scan_date":"2026-06-03 00:39:27","breadcrumb_settings":null,"limit_modified_date":false,"open_ai":null,"ai":null,"created":"2020-11-14 22:56:06","updated":"2026-06-03 00:39:27","focus_keyword":null,"additional_keywords":null,"truseo_locale":null},"aioseo_breadcrumb":"<div class=\"aioseo-breadcrumbs\"><span class=\"aioseo-breadcrumb\">\n\t<a href=\"https:\/\/www.eldigitaldeasturias.com\/noticias\" title=\"Home\">Home<\/a>\n<\/span><span class=\"aioseo-breadcrumb-separator\">\u2013<\/span><span class=\"aioseo-breadcrumb\">\n\t<a href=\"https:\/\/www.eldigitaldeasturias.com\/noticias\/category\/actualidad\/\" title=\"Actualidad\">Actualidad<\/a>\n<\/span><span class=\"aioseo-breadcrumb-separator\">\u2013<\/span><span class=\"aioseo-breadcrumb\">\n\t<a href=\"https:\/\/www.eldigitaldeasturias.com\/noticias\/mourinho-dice-que-es-pronto-para-que-torres-reaparezca-tras-su-lesion\/\" title=\"Mourinho dice que es \u00abpronto\u00bb para que Torres reaparezca tras su lesi\u00f3n\">Mourinho dice que es \u00abpronto\u00bb para que Torres reaparezca tras su lesi\u00f3n<\/a>\n<\/span><\/div>","aioseo_breadcrumb_json":[{"label":"Home","link":"https:\/\/www.eldigitaldeasturias.com\/noticias"},{"label":"Actualidad","link":"https:\/\/www.eldigitaldeasturias.com\/noticias\/category\/actualidad\/"},{"label":"Mourinho dice que es \u00abpronto\u00bb para que Torres reaparezca tras su lesi\u00f3n","link":"https:\/\/www.eldigitaldeasturias.com\/noticias\/mourinho-dice-que-es-pronto-para-que-torres-reaparezca-tras-su-lesion\/"}],"_links":{"self":[{"href":"https:\/\/www.eldigitaldeasturias.com\/noticias\/wp-json\/wp\/v2\/posts\/486376","targetHints":{"allow":["GET"]}}],"collection":[{"href":"https:\/\/www.eldigitaldeasturias.com\/noticias\/wp-json\/wp\/v2\/posts"}],"about":[{"href":"https:\/\/www.eldigitaldeasturias.com\/noticias\/wp-json\/wp\/v2\/types\/post"}],"author":[{"embeddable":true,"href":"https:\/\/www.eldigitaldeasturias.com\/noticias\/wp-json\/wp\/v2\/users\/1"}],"replies":[{"embeddable":true,"href":"https:\/\/www.eldigitaldeasturias.com\/noticias\/wp-json\/wp\/v2\/comments?post=486376"}],"version-history":[{"count":0,"href":"https:\/\/www.eldigitaldeasturias.com\/noticias\/wp-json\/wp\/v2\/posts\/486376\/revisions"}],"wp:attachment":[{"href":"https:\/\/www.eldigitaldeasturias.com\/noticias\/wp-json\/wp\/v2\/media?parent=486376"}],"wp:term":[{"taxonomy":"category","embeddable":true,"href":"https:\/\/www.eldigitaldeasturias.com\/noticias\/wp-json\/wp\/v2\/categories?post=486376"},{"taxonomy":"post_tag","embeddable":true,"href":"https:\/\/www.eldigitaldeasturias.com\/noticias\/wp-json\/wp\/v2\/tags?post=486376"}],"curies":[{"name":"wp","href":"https:\/\/api.w.org\/{rel}","templated":true}]}}