{"id":486358,"date":"2014-02-08T01:18:20","date_gmt":"2014-02-08T02:18:20","guid":{"rendered":"http:\/\/www.eldigitaldeasturias.com\/noticias\/?p=486358"},"modified":"2014-02-08T01:18:20","modified_gmt":"2014-02-08T02:18:20","slug":"uruguay-puede-denunciar-en-la-omc-medidas-argentinas-que-considera-agresion","status":"publish","type":"post","link":"https:\/\/www.eldigitaldeasturias.com\/noticias\/uruguay-puede-denunciar-en-la-omc-medidas-argentinas-que-considera-agresion\/","title":{"rendered":"Uruguay puede denunciar en la OMC medidas argentinas que considera \u00abagresi\u00f3n\u00bb"},"content":{"rendered":"<p><img loading=\"lazy\" decoding=\"async\" class=\"alignleft size-medium wp-image-486359\" alt=\"5920767w\" src=\"https:\/\/www.eldigitaldeasturias.com\/noticias\/wp-content\/uploads\/2014\/02\/5920767w-360x231.jpg\" width=\"360\" height=\"231\" \/>Montevideo, 7 feb (EFE).- El Gobierno uruguayo puede llegar a denunciar frente a la Organizaci\u00f3n Mundial del Comercio (OMC) al Gobierno argentino por recientes medidas comerciales que se consideran una \u00abagresi\u00f3n directa\u00bb seg\u00fan adelant\u00f3 el canciller Luis Almagro, confirmaron hoy fuentes parlamentarias.<\/p>\n<p>La posibilidad fue anunciada por Almagro durante un encuentro con la Comisi\u00f3n Permanente del Parlamento que lo recibi\u00f3 el jueves para analizar las relaciones bilaterales y recientes medidas de la Administraci\u00f3n de Cristina Fern\u00e1ndez.<\/p>\n<p>A finales del pasado a\u00f1o, el Gobierno argentino decidi\u00f3 impedir el transbordo de mercader\u00edas argentinas en puertos uruguayos por no tener un acuerdo mar\u00edtimo con Uruguay.<\/p>\n<p>Almagro defini\u00f3 esa medida como una \u00abagresi\u00f3n directa\u00bb y explic\u00f3 a los legisladores los pasos a seguir en \u00abnegociaciones bilaterales\u00bb para tratar de modificar la decisi\u00f3n.<\/p>\n<p>Sin embargo, adelant\u00f3 que si no se logran resultados positivos la Administraci\u00f3n del presidente Jos\u00e9 Mujica \u00abanalizar\u00e1\u00bb presentar una denuncia frente a la Organizaci\u00f3n Mundial de Comercio (OMC).<\/p>\n<p>Legisladores de la oposici\u00f3n acusaron al Gobierno uruguayo de actuar \u00abcon ingenuidad\u00bb en el tema y reclamaron una postura \u00abmas firme\u00bb frente a las medidas argentinas.<\/p>\n<p>Almagro por su parte afirm\u00f3 que el Gobierno \u00abno retrocedi\u00f3 ni un tranco de pollo\u00bb en la defensa de los intereses del pa\u00eds.<\/p>\n<p>Adem\u00e1s, relacion\u00f3 la medida argentina con la autorizaci\u00f3n que dio a mediados del pasado a\u00f1o el presidente Mujica para que la planta de celulosa de la empresa finlandesa UPM (ex-Botnia) aumentara su producci\u00f3n en 100.000 toneladas anuales, lo que gener\u00f3 malestar y protestas de las autoridades de Buenos Aires.<\/p>\n<p>En el trimestre comprendido entre noviembre de 2013 y enero de este a\u00f1o, los transbordos mar\u00edtimos en el puerto de Montevideo registraron una ca\u00edda del 43,8 % en relaci\u00f3n al trimestre previo, seg\u00fan datos del Centro de Navegaci\u00f3n.<\/p>\n<p>El per\u00edodo agosto-octubre fue el \u00faltimo antes de que entrara en vigencia una decisi\u00f3n del Gobierno argentino que prohibi\u00f3 a buques de su pa\u00eds realizar transbordos en puertos que no tengan acuerdo de reserva de cargas con su pa\u00eds (como es el caso de Uruguay).<\/p>\n","protected":false},"excerpt":{"rendered":"<p>Montevideo, 7 feb (EFE).- El Gobierno uruguayo puede llegar a denunciar frente a la Organizaci\u00f3n Mundial del Comercio (OMC) al Gobierno argentino por recientes medidas comerciales que se consideran una \u00abagresi\u00f3n directa\u00bb seg\u00fan adelant\u00f3 el canciller Luis Almagro, confirmaron hoy fuentes parlamentarias. La posibilidad fue anunciada por Almagro durante un encuentro con la Comisi\u00f3n Permanente [&hellip;]<\/p>\n","protected":false},"author":1,"featured_media":486359,"comment_status":"open","ping_status":"open","sticky":false,"template":"","format":"standard","meta":{"footnotes":""},"categories":[1],"tags":[],"class_list":["post-486358","post","type-post","status-publish","format-standard","has-post-thumbnail","hentry","category-actualidad"],"aioseo_notices":[],"aioseo_head":"\n\t\t<!-- All in One SEO Pro 5.0.1 - aioseo.com -->\n\t<meta name=\"description\" content=\"Montevideo, 7 feb (EFE).- El Gobierno uruguayo puede llegar a denunciar frente a la Organizaci\u00f3n Mundial del Comercio (OMC) al Gobierno argentino por recientes medidas comerciales que se consideran una &quot;agresi\u00f3n directa&quot; seg\u00fan adelant\u00f3 el canciller Luis Almagro, confirmaron hoy fuentes parlamentarias. La posibilidad fue anunciada por Almagro durante un encuentro con la Comisi\u00f3n Permanente\" \/>\n\t<meta name=\"robots\" content=\"max-image-preview:large\" \/>\n\t<meta name=\"author\" content=\"El Digital de Asturias\"\/>\n\t<meta name=\"google-site-verification\" content=\"UA-38556648-1\" \/>\n\t<meta name=\"msvalidate.01\" content=\"7dfe9f3f1b24437ab69f4f2559babe99\" \/>\n\t<meta name=\"keywords\" content=\"actualidad\" \/>\n\t<link rel=\"canonical\" href=\"https:\/\/www.eldigitaldeasturias.com\/noticias\/uruguay-puede-denunciar-en-la-omc-medidas-argentinas-que-considera-agresion\/\" \/>\n\t<meta name=\"generator\" content=\"All in One SEO Pro (AIOSEO) 5.0.1\" \/>\n\t\t<meta property=\"og:locale\" content=\"es_ES\" \/>\n\t\t<meta property=\"og:site_name\" content=\"El Digital de Asturias\" \/>\n\t\t<meta property=\"og:type\" content=\"article\" \/>\n\t\t<meta property=\"og:title\" content=\"Uruguay puede denunciar en la OMC medidas argentinas que considera \u00abagresi\u00f3n\u00bb - El Digital de Asturias\" \/>\n\t\t<meta property=\"og:description\" content=\"Montevideo, 7 feb (EFE).- El Gobierno uruguayo puede llegar a denunciar frente a la Organizaci\u00f3n Mundial del Comercio (OMC) al Gobierno argentino por recientes medidas comerciales que se consideran una &quot;agresi\u00f3n directa&quot; seg\u00fan adelant\u00f3 el canciller Luis Almagro, confirmaron hoy fuentes parlamentarias. La posibilidad fue anunciada por Almagro durante un encuentro con la Comisi\u00f3n Permanente\" \/>\n\t\t<meta property=\"og:url\" content=\"https:\/\/www.eldigitaldeasturias.com\/noticias\/uruguay-puede-denunciar-en-la-omc-medidas-argentinas-que-considera-agresion\/\" \/>\n\t\t<meta property=\"article:tag\" content=\"actualidad\" \/>\n\t\t<meta property=\"article:published_time\" content=\"2014-02-08T02:18:20+00:00\" \/>\n\t\t<meta property=\"article:modified_time\" content=\"2014-02-08T02:18:20+00:00\" \/>\n\t\t<meta property=\"article:publisher\" content=\"https:\/\/facebook.com\/eldigitaldeasturias\" \/>\n\t\t<meta name=\"twitter:card\" content=\"summary_large_image\" \/>\n\t\t<meta name=\"twitter:title\" content=\"Uruguay puede denunciar en la OMC medidas argentinas que considera \u00abagresi\u00f3n\u00bb - El Digital de Asturias\" \/>\n\t\t<meta name=\"twitter:description\" content=\"Montevideo, 7 feb (EFE).- El Gobierno uruguayo puede llegar a denunciar frente a la Organizaci\u00f3n Mundial del Comercio (OMC) al Gobierno argentino por recientes medidas comerciales que se consideran una &quot;agresi\u00f3n directa&quot; seg\u00fan adelant\u00f3 el canciller Luis Almagro, confirmaron hoy fuentes parlamentarias. La posibilidad fue anunciada por Almagro durante un encuentro con la Comisi\u00f3n Permanente\" \/>\n\t\t<meta name=\"twitter:label1\" content=\"Escrito por\" \/>\n\t\t<meta name=\"twitter:data1\" content=\"El Digital de Asturias\" \/>\n\t\t<meta name=\"twitter:label2\" content=\"Tiempo de lectura estimado\" \/>\n\t\t<meta name=\"twitter:data2\" content=\"2 minutos\" \/>\n\t\t<script type=\"application\/ld+json\" class=\"aioseo-schema\">\n\t\t\t{\"@context\":\"https:\\\/\\\/schema.org\",\"@graph\":[{\"@type\":\"BlogPosting\",\"@id\":\"https:\\\/\\\/www.eldigitaldeasturias.com\\\/noticias\\\/uruguay-puede-denunciar-en-la-omc-medidas-argentinas-que-considera-agresion\\\/#blogposting\",\"name\":\"Uruguay puede denunciar en la OMC medidas argentinas que considera \\u00abagresi\\u00f3n\\u00bb - El Digital de Asturias\",\"headline\":\"Uruguay puede denunciar en la OMC medidas argentinas que considera \\u00abagresi\\u00f3n\\u00bb\",\"author\":{\"@id\":\"https:\\\/\\\/www.eldigitaldeasturias.com\\\/noticias\\\/author\\\/admin\\\/#author\"},\"publisher\":{\"@id\":\"https:\\\/\\\/www.eldigitaldeasturias.com\\\/noticias\\\/#organization\"},\"image\":{\"@type\":\"ImageObject\",\"url\":486359},\"datePublished\":\"2014-02-08T01:18:20+01:00\",\"dateModified\":\"2014-02-08T01:18:20+01:00\",\"inLanguage\":\"es-ES\",\"mainEntityOfPage\":{\"@id\":\"https:\\\/\\\/www.eldigitaldeasturias.com\\\/noticias\\\/uruguay-puede-denunciar-en-la-omc-medidas-argentinas-que-considera-agresion\\\/#webpage\"},\"isPartOf\":{\"@id\":\"https:\\\/\\\/www.eldigitaldeasturias.com\\\/noticias\\\/uruguay-puede-denunciar-en-la-omc-medidas-argentinas-que-considera-agresion\\\/#webpage\"},\"articleSection\":\"Actualidad\"},{\"@type\":\"BreadcrumbList\",\"@id\":\"https:\\\/\\\/www.eldigitaldeasturias.com\\\/noticias\\\/uruguay-puede-denunciar-en-la-omc-medidas-argentinas-que-considera-agresion\\\/#breadcrumblist\",\"itemListElement\":[{\"@type\":\"ListItem\",\"@id\":\"https:\\\/\\\/www.eldigitaldeasturias.com\\\/noticias#listItem\",\"position\":1,\"name\":\"Home\",\"item\":\"https:\\\/\\\/www.eldigitaldeasturias.com\\\/noticias\",\"nextItem\":{\"@type\":\"ListItem\",\"@id\":\"https:\\\/\\\/www.eldigitaldeasturias.com\\\/noticias\\\/category\\\/actualidad\\\/#listItem\",\"name\":\"Actualidad\"}},{\"@type\":\"ListItem\",\"@id\":\"https:\\\/\\\/www.eldigitaldeasturias.com\\\/noticias\\\/category\\\/actualidad\\\/#listItem\",\"position\":2,\"name\":\"Actualidad\",\"item\":\"https:\\\/\\\/www.eldigitaldeasturias.com\\\/noticias\\\/category\\\/actualidad\\\/\",\"nextItem\":{\"@type\":\"ListItem\",\"@id\":\"https:\\\/\\\/www.eldigitaldeasturias.com\\\/noticias\\\/uruguay-puede-denunciar-en-la-omc-medidas-argentinas-que-considera-agresion\\\/#listItem\",\"name\":\"Uruguay puede denunciar en la OMC medidas argentinas que considera \\u00abagresi\\u00f3n\\u00bb\"},\"previousItem\":{\"@type\":\"ListItem\",\"@id\":\"https:\\\/\\\/www.eldigitaldeasturias.com\\\/noticias#listItem\",\"name\":\"Home\"}},{\"@type\":\"ListItem\",\"@id\":\"https:\\\/\\\/www.eldigitaldeasturias.com\\\/noticias\\\/uruguay-puede-denunciar-en-la-omc-medidas-argentinas-que-considera-agresion\\\/#listItem\",\"position\":3,\"name\":\"Uruguay puede denunciar en la OMC medidas argentinas que considera \\u00abagresi\\u00f3n\\u00bb\",\"previousItem\":{\"@type\":\"ListItem\",\"@id\":\"https:\\\/\\\/www.eldigitaldeasturias.com\\\/noticias\\\/category\\\/actualidad\\\/#listItem\",\"name\":\"Actualidad\"}}]},{\"@type\":\"Organization\",\"@id\":\"https:\\\/\\\/www.eldigitaldeasturias.com\\\/noticias\\\/#organization\",\"name\":\"El Digital de Asturias\",\"description\":\"Hemeroteca\",\"url\":\"https:\\\/\\\/www.eldigitaldeasturias.com\\\/noticias\\\/\",\"email\":\"info@eldigitaldeasturias.com\",\"telephone\":\"+34652131393\",\"logo\":{\"@type\":\"ImageObject\",\"url\":\"https:\\\/\\\/www.eldigitaldeasturias.com\\\/noticias\\\/wp-content\\\/uploads\\\/2020\\\/12\\\/EDA.jpg\",\"@id\":\"https:\\\/\\\/www.eldigitaldeasturias.com\\\/noticias\\\/uruguay-puede-denunciar-en-la-omc-medidas-argentinas-que-considera-agresion\\\/#organizationLogo\"},\"image\":{\"@id\":\"https:\\\/\\\/www.eldigitaldeasturias.com\\\/noticias\\\/uruguay-puede-denunciar-en-la-omc-medidas-argentinas-que-considera-agresion\\\/#organizationLogo\"},\"sameAs\":[\"https:\\\/\\\/facebook.com\\\/eldigitaldeasturias\",\"https:\\\/\\\/www.youtube.com\\\/channel\\\/UCZP-2wLEB9Rv6erhFmqVnvg\"],\"address\":{\"@id\":\"https:\\\/\\\/www.eldigitaldeasturias.com\\\/noticias\\\/#postaladdress\",\"@type\":\"PostalAddress\",\"streetAddress\":\"san antonio 4\",\"postalCode\":\"33430\",\"addressLocality\":\"Cand\\u00e1s\",\"addressRegion\":\"Asturias\",\"addressCountry\":\"ES\"}},{\"@type\":\"Person\",\"@id\":\"https:\\\/\\\/www.eldigitaldeasturias.com\\\/noticias\\\/author\\\/admin\\\/#author\",\"url\":\"https:\\\/\\\/www.eldigitaldeasturias.com\\\/noticias\\\/author\\\/admin\\\/\",\"name\":\"El Digital de Asturias\",\"image\":{\"@type\":\"ImageObject\",\"@id\":\"https:\\\/\\\/www.eldigitaldeasturias.com\\\/noticias\\\/uruguay-puede-denunciar-en-la-omc-medidas-argentinas-que-considera-agresion\\\/#authorImage\",\"url\":\"https:\\\/\\\/secure.gravatar.com\\\/avatar\\\/df2aeffc32bcd13f8d26072ef8a91b623d677766deac7f97ca815868cd41bf5e?s=96&d=mm&r=g\",\"width\":96,\"height\":96,\"caption\":\"El Digital de Asturias\"}},{\"@type\":\"WebPage\",\"@id\":\"https:\\\/\\\/www.eldigitaldeasturias.com\\\/noticias\\\/uruguay-puede-denunciar-en-la-omc-medidas-argentinas-que-considera-agresion\\\/#webpage\",\"url\":\"https:\\\/\\\/www.eldigitaldeasturias.com\\\/noticias\\\/uruguay-puede-denunciar-en-la-omc-medidas-argentinas-que-considera-agresion\\\/\",\"name\":\"Uruguay puede denunciar en la OMC medidas argentinas que considera \\u00abagresi\\u00f3n\\u00bb - El Digital de Asturias\",\"description\":\"Montevideo, 7 feb (EFE).- El Gobierno uruguayo puede llegar a denunciar frente a la Organizaci\\u00f3n Mundial del Comercio (OMC) al Gobierno argentino por recientes medidas comerciales que se consideran una \\\"agresi\\u00f3n directa\\\" seg\\u00fan adelant\\u00f3 el canciller Luis Almagro, confirmaron hoy fuentes parlamentarias. La posibilidad fue anunciada por Almagro durante un encuentro con la Comisi\\u00f3n Permanente\",\"inLanguage\":\"es-ES\",\"isPartOf\":{\"@id\":\"https:\\\/\\\/www.eldigitaldeasturias.com\\\/noticias\\\/#website\"},\"breadcrumb\":{\"@id\":\"https:\\\/\\\/www.eldigitaldeasturias.com\\\/noticias\\\/uruguay-puede-denunciar-en-la-omc-medidas-argentinas-que-considera-agresion\\\/#breadcrumblist\"},\"author\":{\"@id\":\"https:\\\/\\\/www.eldigitaldeasturias.com\\\/noticias\\\/author\\\/admin\\\/#author\"},\"creator\":{\"@id\":\"https:\\\/\\\/www.eldigitaldeasturias.com\\\/noticias\\\/author\\\/admin\\\/#author\"},\"image\":{\"@type\":\"ImageObject\",\"url\":486359,\"@id\":\"https:\\\/\\\/www.eldigitaldeasturias.com\\\/noticias\\\/uruguay-puede-denunciar-en-la-omc-medidas-argentinas-que-considera-agresion\\\/#mainImage\"},\"primaryImageOfPage\":{\"@id\":\"https:\\\/\\\/www.eldigitaldeasturias.com\\\/noticias\\\/uruguay-puede-denunciar-en-la-omc-medidas-argentinas-que-considera-agresion\\\/#mainImage\"},\"datePublished\":\"2014-02-08T01:18:20+01:00\",\"dateModified\":\"2014-02-08T01:18:20+01:00\"},{\"@type\":\"WebSite\",\"@id\":\"https:\\\/\\\/www.eldigitaldeasturias.com\\\/noticias\\\/#website\",\"url\":\"https:\\\/\\\/www.eldigitaldeasturias.com\\\/noticias\\\/\",\"name\":\"El Digital de Asturias - Diario de actualidad y noticias\",\"alternateName\":\"El Digital de Asturias - Diario de actualidad y noticias\",\"description\":\"Hemeroteca\",\"inLanguage\":\"es-ES\",\"publisher\":{\"@id\":\"https:\\\/\\\/www.eldigitaldeasturias.com\\\/noticias\\\/#organization\"}}]}\n\t\t<\/script>\n\t\t<!-- All in One SEO Pro -->\r\n\t\t<title>Uruguay puede denunciar en la OMC medidas argentinas que considera \u00abagresi\u00f3n\u00bb - El Digital de Asturias<\/title>\n\n","aioseo_head_json":{"title":"Uruguay puede denunciar en la OMC medidas argentinas que considera \u00abagresi\u00f3n\u00bb - El Digital de Asturias","description":"Montevideo, 7 feb (EFE).- El Gobierno uruguayo puede llegar a denunciar frente a la Organizaci\u00f3n Mundial del Comercio (OMC) al Gobierno argentino por recientes medidas comerciales que se consideran una \"agresi\u00f3n directa\" seg\u00fan adelant\u00f3 el canciller Luis Almagro, confirmaron hoy fuentes parlamentarias. La posibilidad fue anunciada por Almagro durante un encuentro con la Comisi\u00f3n Permanente","canonical_url":"https:\/\/www.eldigitaldeasturias.com\/noticias\/uruguay-puede-denunciar-en-la-omc-medidas-argentinas-que-considera-agresion\/","robots":"max-image-preview:large","keywords":"actualidad","webmasterTools":{"google-site-verification":"UA-38556648-1","msvalidate.01":"7dfe9f3f1b24437ab69f4f2559babe99","miscellaneous":""},"schema":{"@context":"https:\/\/schema.org","@graph":[{"@type":"BlogPosting","@id":"https:\/\/www.eldigitaldeasturias.com\/noticias\/uruguay-puede-denunciar-en-la-omc-medidas-argentinas-que-considera-agresion\/#blogposting","name":"Uruguay puede denunciar en la OMC medidas argentinas que considera \u00abagresi\u00f3n\u00bb - El Digital de Asturias","headline":"Uruguay puede denunciar en la OMC medidas argentinas que considera \u00abagresi\u00f3n\u00bb","author":{"@id":"https:\/\/www.eldigitaldeasturias.com\/noticias\/author\/admin\/#author"},"publisher":{"@id":"https:\/\/www.eldigitaldeasturias.com\/noticias\/#organization"},"image":{"@type":"ImageObject","url":486359},"datePublished":"2014-02-08T01:18:20+01:00","dateModified":"2014-02-08T01:18:20+01:00","inLanguage":"es-ES","mainEntityOfPage":{"@id":"https:\/\/www.eldigitaldeasturias.com\/noticias\/uruguay-puede-denunciar-en-la-omc-medidas-argentinas-que-considera-agresion\/#webpage"},"isPartOf":{"@id":"https:\/\/www.eldigitaldeasturias.com\/noticias\/uruguay-puede-denunciar-en-la-omc-medidas-argentinas-que-considera-agresion\/#webpage"},"articleSection":"Actualidad"},{"@type":"BreadcrumbList","@id":"https:\/\/www.eldigitaldeasturias.com\/noticias\/uruguay-puede-denunciar-en-la-omc-medidas-argentinas-que-considera-agresion\/#breadcrumblist","itemListElement":[{"@type":"ListItem","@id":"https:\/\/www.eldigitaldeasturias.com\/noticias#listItem","position":1,"name":"Home","item":"https:\/\/www.eldigitaldeasturias.com\/noticias","nextItem":{"@type":"ListItem","@id":"https:\/\/www.eldigitaldeasturias.com\/noticias\/category\/actualidad\/#listItem","name":"Actualidad"}},{"@type":"ListItem","@id":"https:\/\/www.eldigitaldeasturias.com\/noticias\/category\/actualidad\/#listItem","position":2,"name":"Actualidad","item":"https:\/\/www.eldigitaldeasturias.com\/noticias\/category\/actualidad\/","nextItem":{"@type":"ListItem","@id":"https:\/\/www.eldigitaldeasturias.com\/noticias\/uruguay-puede-denunciar-en-la-omc-medidas-argentinas-que-considera-agresion\/#listItem","name":"Uruguay puede denunciar en la OMC medidas argentinas que considera \u00abagresi\u00f3n\u00bb"},"previousItem":{"@type":"ListItem","@id":"https:\/\/www.eldigitaldeasturias.com\/noticias#listItem","name":"Home"}},{"@type":"ListItem","@id":"https:\/\/www.eldigitaldeasturias.com\/noticias\/uruguay-puede-denunciar-en-la-omc-medidas-argentinas-que-considera-agresion\/#listItem","position":3,"name":"Uruguay puede denunciar en la OMC medidas argentinas que considera \u00abagresi\u00f3n\u00bb","previousItem":{"@type":"ListItem","@id":"https:\/\/www.eldigitaldeasturias.com\/noticias\/category\/actualidad\/#listItem","name":"Actualidad"}}]},{"@type":"Organization","@id":"https:\/\/www.eldigitaldeasturias.com\/noticias\/#organization","name":"El Digital de Asturias","description":"Hemeroteca","url":"https:\/\/www.eldigitaldeasturias.com\/noticias\/","email":"info@eldigitaldeasturias.com","telephone":"+34652131393","logo":{"@type":"ImageObject","url":"https:\/\/www.eldigitaldeasturias.com\/noticias\/wp-content\/uploads\/2020\/12\/EDA.jpg","@id":"https:\/\/www.eldigitaldeasturias.com\/noticias\/uruguay-puede-denunciar-en-la-omc-medidas-argentinas-que-considera-agresion\/#organizationLogo"},"image":{"@id":"https:\/\/www.eldigitaldeasturias.com\/noticias\/uruguay-puede-denunciar-en-la-omc-medidas-argentinas-que-considera-agresion\/#organizationLogo"},"sameAs":["https:\/\/facebook.com\/eldigitaldeasturias","https:\/\/www.youtube.com\/channel\/UCZP-2wLEB9Rv6erhFmqVnvg"],"address":{"@id":"https:\/\/www.eldigitaldeasturias.com\/noticias\/#postaladdress","@type":"PostalAddress","streetAddress":"san antonio 4","postalCode":"33430","addressLocality":"Cand\u00e1s","addressRegion":"Asturias","addressCountry":"ES"}},{"@type":"Person","@id":"https:\/\/www.eldigitaldeasturias.com\/noticias\/author\/admin\/#author","url":"https:\/\/www.eldigitaldeasturias.com\/noticias\/author\/admin\/","name":"El Digital de Asturias","image":{"@type":"ImageObject","@id":"https:\/\/www.eldigitaldeasturias.com\/noticias\/uruguay-puede-denunciar-en-la-omc-medidas-argentinas-que-considera-agresion\/#authorImage","url":"https:\/\/secure.gravatar.com\/avatar\/df2aeffc32bcd13f8d26072ef8a91b623d677766deac7f97ca815868cd41bf5e?s=96&d=mm&r=g","width":96,"height":96,"caption":"El Digital de Asturias"}},{"@type":"WebPage","@id":"https:\/\/www.eldigitaldeasturias.com\/noticias\/uruguay-puede-denunciar-en-la-omc-medidas-argentinas-que-considera-agresion\/#webpage","url":"https:\/\/www.eldigitaldeasturias.com\/noticias\/uruguay-puede-denunciar-en-la-omc-medidas-argentinas-que-considera-agresion\/","name":"Uruguay puede denunciar en la OMC medidas argentinas que considera \u00abagresi\u00f3n\u00bb - El Digital de Asturias","description":"Montevideo, 7 feb (EFE).- El Gobierno uruguayo puede llegar a denunciar frente a la Organizaci\u00f3n Mundial del Comercio (OMC) al Gobierno argentino por recientes medidas comerciales que se consideran una \"agresi\u00f3n directa\" seg\u00fan adelant\u00f3 el canciller Luis Almagro, confirmaron hoy fuentes parlamentarias. La posibilidad fue anunciada por Almagro durante un encuentro con la Comisi\u00f3n Permanente","inLanguage":"es-ES","isPartOf":{"@id":"https:\/\/www.eldigitaldeasturias.com\/noticias\/#website"},"breadcrumb":{"@id":"https:\/\/www.eldigitaldeasturias.com\/noticias\/uruguay-puede-denunciar-en-la-omc-medidas-argentinas-que-considera-agresion\/#breadcrumblist"},"author":{"@id":"https:\/\/www.eldigitaldeasturias.com\/noticias\/author\/admin\/#author"},"creator":{"@id":"https:\/\/www.eldigitaldeasturias.com\/noticias\/author\/admin\/#author"},"image":{"@type":"ImageObject","url":486359,"@id":"https:\/\/www.eldigitaldeasturias.com\/noticias\/uruguay-puede-denunciar-en-la-omc-medidas-argentinas-que-considera-agresion\/#mainImage"},"primaryImageOfPage":{"@id":"https:\/\/www.eldigitaldeasturias.com\/noticias\/uruguay-puede-denunciar-en-la-omc-medidas-argentinas-que-considera-agresion\/#mainImage"},"datePublished":"2014-02-08T01:18:20+01:00","dateModified":"2014-02-08T01:18:20+01:00"},{"@type":"WebSite","@id":"https:\/\/www.eldigitaldeasturias.com\/noticias\/#website","url":"https:\/\/www.eldigitaldeasturias.com\/noticias\/","name":"El Digital de Asturias - Diario de actualidad y noticias","alternateName":"El Digital de Asturias - Diario de actualidad y noticias","description":"Hemeroteca","inLanguage":"es-ES","publisher":{"@id":"https:\/\/www.eldigitaldeasturias.com\/noticias\/#organization"}}]},"og:locale":"es_ES","og:site_name":"El Digital de Asturias","og:type":"article","og:title":"Uruguay puede denunciar en la OMC medidas argentinas que considera \u00abagresi\u00f3n\u00bb - El Digital de Asturias","og:description":"Montevideo, 7 feb (EFE).- El Gobierno uruguayo puede llegar a denunciar frente a la Organizaci\u00f3n Mundial del Comercio (OMC) al Gobierno argentino por recientes medidas comerciales que se consideran una &quot;agresi\u00f3n directa&quot; seg\u00fan adelant\u00f3 el canciller Luis Almagro, confirmaron hoy fuentes parlamentarias. La posibilidad fue anunciada por Almagro durante un encuentro con la Comisi\u00f3n Permanente","og:url":"https:\/\/www.eldigitaldeasturias.com\/noticias\/uruguay-puede-denunciar-en-la-omc-medidas-argentinas-que-considera-agresion\/","article:tag":["actualidad"],"article:published_time":"2014-02-08T02:18:20+00:00","article:modified_time":"2014-02-08T02:18:20+00:00","article:publisher":"https:\/\/facebook.com\/eldigitaldeasturias","twitter:card":"summary_large_image","twitter:title":"Uruguay puede denunciar en la OMC medidas argentinas que considera \u00abagresi\u00f3n\u00bb - El Digital de Asturias","twitter:description":"Montevideo, 7 feb (EFE).- El Gobierno uruguayo puede llegar a denunciar frente a la Organizaci\u00f3n Mundial del Comercio (OMC) al Gobierno argentino por recientes medidas comerciales que se consideran una &quot;agresi\u00f3n directa&quot; seg\u00fan adelant\u00f3 el canciller Luis Almagro, confirmaron hoy fuentes parlamentarias. La posibilidad fue anunciada por Almagro durante un encuentro con la Comisi\u00f3n Permanente","twitter:label1":"Escrito por","twitter:data1":"El Digital de Asturias","twitter:label2":"Tiempo de lectura estimado","twitter:data2":"2 minutos"},"aioseo_meta_data":{"post_id":"486358","title":null,"description":null,"keywords":null,"keyphrases":null,"primary_term":null,"canonical_url":null,"og_title":null,"og_description":null,"og_object_type":"default","og_image_type":"default","og_image_url":null,"og_image_width":null,"og_image_height":null,"og_image_custom_url":null,"og_image_custom_fields":null,"og_video":null,"og_custom_url":null,"og_article_section":null,"og_article_tags":null,"twitter_use_og":true,"twitter_card":"default","twitter_image_type":"default","twitter_image_url":null,"twitter_image_custom_url":null,"twitter_image_custom_fields":null,"twitter_title":null,"twitter_description":null,"schema":{"blockGraphs":[],"customGraphs":[],"default":{"data":{"Article":[],"Course":[],"Dataset":[],"FAQPage":[],"Movie":[],"Person":[],"Product":[],"ProductReview":[],"Car":[],"Recipe":[],"Service":[],"SoftwareApplication":[],"WebPage":[]},"graphName":"","isEnabled":true},"graphs":[],"defaultGraph":"","defaultPostTypeGraph":""},"schema_type":null,"schema_type_options":null,"pillar_content":false,"robots_default":true,"robots_noindex":false,"robots_noarchive":false,"robots_nosnippet":false,"robots_nofollow":false,"robots_noimageindex":false,"robots_noodp":false,"robots_notranslate":false,"robots_max_snippet":null,"robots_max_videopreview":null,"robots_max_imagepreview":"none","priority":null,"frequency":null,"local_seo":null,"seo_analyzer_scan_date":"2026-06-03 00:33:08","breadcrumb_settings":null,"limit_modified_date":false,"open_ai":null,"ai":null,"created":"2020-11-14 22:56:06","updated":"2026-06-03 00:33:08","focus_keyword":null,"additional_keywords":null,"truseo_locale":null},"aioseo_breadcrumb":"<div class=\"aioseo-breadcrumbs\"><span class=\"aioseo-breadcrumb\">\n\t<a href=\"https:\/\/www.eldigitaldeasturias.com\/noticias\" title=\"Home\">Home<\/a>\n<\/span><span class=\"aioseo-breadcrumb-separator\">\u2013<\/span><span class=\"aioseo-breadcrumb\">\n\t<a href=\"https:\/\/www.eldigitaldeasturias.com\/noticias\/category\/actualidad\/\" title=\"Actualidad\">Actualidad<\/a>\n<\/span><span class=\"aioseo-breadcrumb-separator\">\u2013<\/span><span class=\"aioseo-breadcrumb\">\n\t<a href=\"https:\/\/www.eldigitaldeasturias.com\/noticias\/uruguay-puede-denunciar-en-la-omc-medidas-argentinas-que-considera-agresion\/\" title=\"Uruguay puede denunciar en la OMC medidas argentinas que considera \u00abagresi\u00f3n\u00bb\">Uruguay puede denunciar en la OMC medidas argentinas que considera \u00abagresi\u00f3n\u00bb<\/a>\n<\/span><\/div>","aioseo_breadcrumb_json":[{"label":"Home","link":"https:\/\/www.eldigitaldeasturias.com\/noticias"},{"label":"Actualidad","link":"https:\/\/www.eldigitaldeasturias.com\/noticias\/category\/actualidad\/"},{"label":"Uruguay puede denunciar en la OMC medidas argentinas que considera \u00abagresi\u00f3n\u00bb","link":"https:\/\/www.eldigitaldeasturias.com\/noticias\/uruguay-puede-denunciar-en-la-omc-medidas-argentinas-que-considera-agresion\/"}],"_links":{"self":[{"href":"https:\/\/www.eldigitaldeasturias.com\/noticias\/wp-json\/wp\/v2\/posts\/486358","targetHints":{"allow":["GET"]}}],"collection":[{"href":"https:\/\/www.eldigitaldeasturias.com\/noticias\/wp-json\/wp\/v2\/posts"}],"about":[{"href":"https:\/\/www.eldigitaldeasturias.com\/noticias\/wp-json\/wp\/v2\/types\/post"}],"author":[{"embeddable":true,"href":"https:\/\/www.eldigitaldeasturias.com\/noticias\/wp-json\/wp\/v2\/users\/1"}],"replies":[{"embeddable":true,"href":"https:\/\/www.eldigitaldeasturias.com\/noticias\/wp-json\/wp\/v2\/comments?post=486358"}],"version-history":[{"count":0,"href":"https:\/\/www.eldigitaldeasturias.com\/noticias\/wp-json\/wp\/v2\/posts\/486358\/revisions"}],"wp:attachment":[{"href":"https:\/\/www.eldigitaldeasturias.com\/noticias\/wp-json\/wp\/v2\/media?parent=486358"}],"wp:term":[{"taxonomy":"category","embeddable":true,"href":"https:\/\/www.eldigitaldeasturias.com\/noticias\/wp-json\/wp\/v2\/categories?post=486358"},{"taxonomy":"post_tag","embeddable":true,"href":"https:\/\/www.eldigitaldeasturias.com\/noticias\/wp-json\/wp\/v2\/tags?post=486358"}],"curies":[{"name":"wp","href":"https:\/\/api.w.org\/{rel}","templated":true}]}}