{"id":486334,"date":"2014-02-08T01:10:31","date_gmt":"2014-02-08T02:10:31","guid":{"rendered":"http:\/\/www.eldigitaldeasturias.com\/noticias\/?p=486334"},"modified":"2014-02-08T01:10:31","modified_gmt":"2014-02-08T02:10:31","slug":"biden-no-ve-razones-para-no-ser-candidato-y-anunciara-su-decision-en-2015","status":"publish","type":"post","link":"https:\/\/www.eldigitaldeasturias.com\/noticias\/biden-no-ve-razones-para-no-ser-candidato-y-anunciara-su-decision-en-2015\/","title":{"rendered":"Biden no ve razones para no ser candidato y anunciar\u00e1 su decisi\u00f3n en 2015"},"content":{"rendered":"<p><img loading=\"lazy\" decoding=\"async\" class=\"alignleft size-medium wp-image-486335\" alt=\"5921599w\" src=\"https:\/\/www.eldigitaldeasturias.com\/noticias\/wp-content\/uploads\/2014\/02\/5921599w-360x239.jpg\" width=\"360\" height=\"239\" \/>Washington, 7 feb (EFE).- El vicepresidente de EEUU, Joe Biden, no ve \u00abninguna raz\u00f3n obvia\u00bb que le haga pensar en que no optar\u00e1 a la candidatura del Partido Dem\u00f3crata a la Presidencia de su pa\u00eds en 2016 y adelant\u00f3 que tomar\u00e1 una decisi\u00f3n a mediados del a\u00f1o pr\u00f3ximo.<\/p>\n<p>\u00abNo hay ninguna raz\u00f3n obvia por la que crea que no deber\u00eda postularme\u00bb, dijo Biden en una entrevista con el programa \u00abNew Day\u00bb de la emisora CNN emitida hoy.<\/p>\n<p>El vicepresidente agreg\u00f3 que tomar\u00e1 una decisi\u00f3n a mediados de 2015 en funci\u00f3n de si se considera a s\u00ed mismo la persona \u00abmejor cualificada\u00bb para centrarse en dos asuntos: dar oportunidades a los estadounidenses \u00abde a pie\u00bb y llevar a cabo una pol\u00edtica exterior \u00absensata\u00bb.<\/p>\n<p>\u00abCreo que hay futuro para este pa\u00eds. S\u00e9 que muchos piensan que soy demasiado optimista, pero es incre\u00edble que haya tanto a nuestro alcance. Eso no significa que yo sea el \u00fanico que pueda lograrlo\u00bb, reflexion\u00f3 Biden.<\/p>\n<p>A finales de enero, en otra entrevista, Biden ya dej\u00f3 la puerta abierta a optar a la candidatura dem\u00f3crata a la Presidencia en 2016 y se\u00f1al\u00f3 que una eventual competencia con Hillary Clinton, exsecretaria de Estado y ex primera dama, no ser\u00eda un factor a la hora de tomar la decisi\u00f3n.<\/p>\n<p>Clinton encabeza las encuestas de respaldo entre los votantes dem\u00f3cratas para 2016, pero no ha desvelado todav\u00eda si ser\u00e1 o no candidata.<\/p>\n<p>En la entrevista, el vicepresidente de EEUU se declar\u00f3 tambi\u00e9n \u00abverdaderamente optimista\u00bb sobre las elecciones legislativas de noviembre, en las que los dem\u00f3cratas aspiran a mantener el control del Senado y a arrebatar a los republicanos la mayor\u00eda en la C\u00e1mara de Representantes.<\/p>\n<p>\u00abCreo que estamos en la mejor forma posible porque el pueblo estadounidense est\u00e1 de acuerdo con nosotros\u00bb, coment\u00f3 Biden.<\/p>\n","protected":false},"excerpt":{"rendered":"<p>Washington, 7 feb (EFE).- El vicepresidente de EEUU, Joe Biden, no ve \u00abninguna raz\u00f3n obvia\u00bb que le haga pensar en que no optar\u00e1 a la candidatura del Partido Dem\u00f3crata a la Presidencia de su pa\u00eds en 2016 y adelant\u00f3 que tomar\u00e1 una decisi\u00f3n a mediados del a\u00f1o pr\u00f3ximo. \u00abNo hay ninguna raz\u00f3n obvia por la [&hellip;]<\/p>\n","protected":false},"author":1,"featured_media":486335,"comment_status":"open","ping_status":"open","sticky":false,"template":"","format":"standard","meta":{"footnotes":""},"categories":[1],"tags":[],"class_list":["post-486334","post","type-post","status-publish","format-standard","has-post-thumbnail","hentry","category-actualidad"],"aioseo_notices":[],"aioseo_head":"\n\t\t<!-- All in One SEO Pro 5.0.1 - aioseo.com -->\n\t<meta name=\"description\" content=\"Washington, 7 feb (EFE).- El vicepresidente de EEUU, Joe Biden, no ve &quot;ninguna raz\u00f3n obvia&quot; que le haga pensar en que no optar\u00e1 a la candidatura del Partido Dem\u00f3crata a la Presidencia de su pa\u00eds en 2016 y adelant\u00f3 que tomar\u00e1 una decisi\u00f3n a mediados del a\u00f1o pr\u00f3ximo. &quot;No hay ninguna raz\u00f3n obvia por la\" \/>\n\t<meta name=\"robots\" content=\"max-image-preview:large\" \/>\n\t<meta name=\"author\" content=\"El Digital de Asturias\"\/>\n\t<meta name=\"google-site-verification\" content=\"UA-38556648-1\" \/>\n\t<meta name=\"msvalidate.01\" content=\"7dfe9f3f1b24437ab69f4f2559babe99\" \/>\n\t<meta name=\"keywords\" content=\"actualidad\" \/>\n\t<link rel=\"canonical\" href=\"https:\/\/www.eldigitaldeasturias.com\/noticias\/biden-no-ve-razones-para-no-ser-candidato-y-anunciara-su-decision-en-2015\/\" \/>\n\t<meta name=\"generator\" content=\"All in One SEO Pro (AIOSEO) 5.0.1\" \/>\n\t\t<meta property=\"og:locale\" content=\"es_ES\" \/>\n\t\t<meta property=\"og:site_name\" content=\"El Digital de Asturias\" \/>\n\t\t<meta property=\"og:type\" content=\"article\" \/>\n\t\t<meta property=\"og:title\" content=\"Biden no ve razones para no ser candidato y anunciar\u00e1 su decisi\u00f3n en 2015 - El Digital de Asturias\" \/>\n\t\t<meta property=\"og:description\" content=\"Washington, 7 feb (EFE).- El vicepresidente de EEUU, Joe Biden, no ve &quot;ninguna raz\u00f3n obvia&quot; que le haga pensar en que no optar\u00e1 a la candidatura del Partido Dem\u00f3crata a la Presidencia de su pa\u00eds en 2016 y adelant\u00f3 que tomar\u00e1 una decisi\u00f3n a mediados del a\u00f1o pr\u00f3ximo. &quot;No hay ninguna raz\u00f3n obvia por la\" \/>\n\t\t<meta property=\"og:url\" content=\"https:\/\/www.eldigitaldeasturias.com\/noticias\/biden-no-ve-razones-para-no-ser-candidato-y-anunciara-su-decision-en-2015\/\" \/>\n\t\t<meta property=\"article:tag\" content=\"actualidad\" \/>\n\t\t<meta property=\"article:published_time\" content=\"2014-02-08T02:10:31+00:00\" \/>\n\t\t<meta property=\"article:modified_time\" content=\"2014-02-08T02:10:31+00:00\" \/>\n\t\t<meta property=\"article:publisher\" content=\"https:\/\/facebook.com\/eldigitaldeasturias\" \/>\n\t\t<meta name=\"twitter:card\" content=\"summary_large_image\" \/>\n\t\t<meta name=\"twitter:title\" content=\"Biden no ve razones para no ser candidato y anunciar\u00e1 su decisi\u00f3n en 2015 - El Digital de Asturias\" \/>\n\t\t<meta name=\"twitter:description\" content=\"Washington, 7 feb (EFE).- El vicepresidente de EEUU, Joe Biden, no ve &quot;ninguna raz\u00f3n obvia&quot; que le haga pensar en que no optar\u00e1 a la candidatura del Partido Dem\u00f3crata a la Presidencia de su pa\u00eds en 2016 y adelant\u00f3 que tomar\u00e1 una decisi\u00f3n a mediados del a\u00f1o pr\u00f3ximo. &quot;No hay ninguna raz\u00f3n obvia por la\" \/>\n\t\t<meta name=\"twitter:label1\" content=\"Escrito por\" \/>\n\t\t<meta name=\"twitter:data1\" content=\"El Digital de Asturias\" \/>\n\t\t<meta name=\"twitter:label2\" content=\"Tiempo de lectura estimado\" \/>\n\t\t<meta name=\"twitter:data2\" content=\"2 minutos\" \/>\n\t\t<script type=\"application\/ld+json\" class=\"aioseo-schema\">\n\t\t\t{\"@context\":\"https:\\\/\\\/schema.org\",\"@graph\":[{\"@type\":\"BlogPosting\",\"@id\":\"https:\\\/\\\/www.eldigitaldeasturias.com\\\/noticias\\\/biden-no-ve-razones-para-no-ser-candidato-y-anunciara-su-decision-en-2015\\\/#blogposting\",\"name\":\"Biden no ve razones para no ser candidato y anunciar\\u00e1 su decisi\\u00f3n en 2015 - El Digital de Asturias\",\"headline\":\"Biden no ve razones para no ser candidato y anunciar\\u00e1 su decisi\\u00f3n en 2015\",\"author\":{\"@id\":\"https:\\\/\\\/www.eldigitaldeasturias.com\\\/noticias\\\/author\\\/admin\\\/#author\"},\"publisher\":{\"@id\":\"https:\\\/\\\/www.eldigitaldeasturias.com\\\/noticias\\\/#organization\"},\"image\":{\"@type\":\"ImageObject\",\"url\":486335},\"datePublished\":\"2014-02-08T01:10:31+01:00\",\"dateModified\":\"2014-02-08T01:10:31+01:00\",\"inLanguage\":\"es-ES\",\"mainEntityOfPage\":{\"@id\":\"https:\\\/\\\/www.eldigitaldeasturias.com\\\/noticias\\\/biden-no-ve-razones-para-no-ser-candidato-y-anunciara-su-decision-en-2015\\\/#webpage\"},\"isPartOf\":{\"@id\":\"https:\\\/\\\/www.eldigitaldeasturias.com\\\/noticias\\\/biden-no-ve-razones-para-no-ser-candidato-y-anunciara-su-decision-en-2015\\\/#webpage\"},\"articleSection\":\"Actualidad\"},{\"@type\":\"BreadcrumbList\",\"@id\":\"https:\\\/\\\/www.eldigitaldeasturias.com\\\/noticias\\\/biden-no-ve-razones-para-no-ser-candidato-y-anunciara-su-decision-en-2015\\\/#breadcrumblist\",\"itemListElement\":[{\"@type\":\"ListItem\",\"@id\":\"https:\\\/\\\/www.eldigitaldeasturias.com\\\/noticias#listItem\",\"position\":1,\"name\":\"Home\",\"item\":\"https:\\\/\\\/www.eldigitaldeasturias.com\\\/noticias\",\"nextItem\":{\"@type\":\"ListItem\",\"@id\":\"https:\\\/\\\/www.eldigitaldeasturias.com\\\/noticias\\\/category\\\/actualidad\\\/#listItem\",\"name\":\"Actualidad\"}},{\"@type\":\"ListItem\",\"@id\":\"https:\\\/\\\/www.eldigitaldeasturias.com\\\/noticias\\\/category\\\/actualidad\\\/#listItem\",\"position\":2,\"name\":\"Actualidad\",\"item\":\"https:\\\/\\\/www.eldigitaldeasturias.com\\\/noticias\\\/category\\\/actualidad\\\/\",\"nextItem\":{\"@type\":\"ListItem\",\"@id\":\"https:\\\/\\\/www.eldigitaldeasturias.com\\\/noticias\\\/biden-no-ve-razones-para-no-ser-candidato-y-anunciara-su-decision-en-2015\\\/#listItem\",\"name\":\"Biden no ve razones para no ser candidato y anunciar\\u00e1 su decisi\\u00f3n en 2015\"},\"previousItem\":{\"@type\":\"ListItem\",\"@id\":\"https:\\\/\\\/www.eldigitaldeasturias.com\\\/noticias#listItem\",\"name\":\"Home\"}},{\"@type\":\"ListItem\",\"@id\":\"https:\\\/\\\/www.eldigitaldeasturias.com\\\/noticias\\\/biden-no-ve-razones-para-no-ser-candidato-y-anunciara-su-decision-en-2015\\\/#listItem\",\"position\":3,\"name\":\"Biden no ve razones para no ser candidato y anunciar\\u00e1 su decisi\\u00f3n en 2015\",\"previousItem\":{\"@type\":\"ListItem\",\"@id\":\"https:\\\/\\\/www.eldigitaldeasturias.com\\\/noticias\\\/category\\\/actualidad\\\/#listItem\",\"name\":\"Actualidad\"}}]},{\"@type\":\"Organization\",\"@id\":\"https:\\\/\\\/www.eldigitaldeasturias.com\\\/noticias\\\/#organization\",\"name\":\"El Digital de Asturias\",\"description\":\"Hemeroteca\",\"url\":\"https:\\\/\\\/www.eldigitaldeasturias.com\\\/noticias\\\/\",\"email\":\"info@eldigitaldeasturias.com\",\"telephone\":\"+34652131393\",\"logo\":{\"@type\":\"ImageObject\",\"url\":\"https:\\\/\\\/www.eldigitaldeasturias.com\\\/noticias\\\/wp-content\\\/uploads\\\/2020\\\/12\\\/EDA.jpg\",\"@id\":\"https:\\\/\\\/www.eldigitaldeasturias.com\\\/noticias\\\/biden-no-ve-razones-para-no-ser-candidato-y-anunciara-su-decision-en-2015\\\/#organizationLogo\"},\"image\":{\"@id\":\"https:\\\/\\\/www.eldigitaldeasturias.com\\\/noticias\\\/biden-no-ve-razones-para-no-ser-candidato-y-anunciara-su-decision-en-2015\\\/#organizationLogo\"},\"sameAs\":[\"https:\\\/\\\/facebook.com\\\/eldigitaldeasturias\",\"https:\\\/\\\/www.youtube.com\\\/channel\\\/UCZP-2wLEB9Rv6erhFmqVnvg\"],\"address\":{\"@id\":\"https:\\\/\\\/www.eldigitaldeasturias.com\\\/noticias\\\/#postaladdress\",\"@type\":\"PostalAddress\",\"streetAddress\":\"san antonio 4\",\"postalCode\":\"33430\",\"addressLocality\":\"Cand\\u00e1s\",\"addressRegion\":\"Asturias\",\"addressCountry\":\"ES\"}},{\"@type\":\"Person\",\"@id\":\"https:\\\/\\\/www.eldigitaldeasturias.com\\\/noticias\\\/author\\\/admin\\\/#author\",\"url\":\"https:\\\/\\\/www.eldigitaldeasturias.com\\\/noticias\\\/author\\\/admin\\\/\",\"name\":\"El Digital de Asturias\",\"image\":{\"@type\":\"ImageObject\",\"@id\":\"https:\\\/\\\/www.eldigitaldeasturias.com\\\/noticias\\\/biden-no-ve-razones-para-no-ser-candidato-y-anunciara-su-decision-en-2015\\\/#authorImage\",\"url\":\"https:\\\/\\\/secure.gravatar.com\\\/avatar\\\/df2aeffc32bcd13f8d26072ef8a91b623d677766deac7f97ca815868cd41bf5e?s=96&d=mm&r=g\",\"width\":96,\"height\":96,\"caption\":\"El Digital de Asturias\"}},{\"@type\":\"WebPage\",\"@id\":\"https:\\\/\\\/www.eldigitaldeasturias.com\\\/noticias\\\/biden-no-ve-razones-para-no-ser-candidato-y-anunciara-su-decision-en-2015\\\/#webpage\",\"url\":\"https:\\\/\\\/www.eldigitaldeasturias.com\\\/noticias\\\/biden-no-ve-razones-para-no-ser-candidato-y-anunciara-su-decision-en-2015\\\/\",\"name\":\"Biden no ve razones para no ser candidato y anunciar\\u00e1 su decisi\\u00f3n en 2015 - El Digital de Asturias\",\"description\":\"Washington, 7 feb (EFE).- El vicepresidente de EEUU, Joe Biden, no ve \\\"ninguna raz\\u00f3n obvia\\\" que le haga pensar en que no optar\\u00e1 a la candidatura del Partido Dem\\u00f3crata a la Presidencia de su pa\\u00eds en 2016 y adelant\\u00f3 que tomar\\u00e1 una decisi\\u00f3n a mediados del a\\u00f1o pr\\u00f3ximo. \\\"No hay ninguna raz\\u00f3n obvia por la\",\"inLanguage\":\"es-ES\",\"isPartOf\":{\"@id\":\"https:\\\/\\\/www.eldigitaldeasturias.com\\\/noticias\\\/#website\"},\"breadcrumb\":{\"@id\":\"https:\\\/\\\/www.eldigitaldeasturias.com\\\/noticias\\\/biden-no-ve-razones-para-no-ser-candidato-y-anunciara-su-decision-en-2015\\\/#breadcrumblist\"},\"author\":{\"@id\":\"https:\\\/\\\/www.eldigitaldeasturias.com\\\/noticias\\\/author\\\/admin\\\/#author\"},\"creator\":{\"@id\":\"https:\\\/\\\/www.eldigitaldeasturias.com\\\/noticias\\\/author\\\/admin\\\/#author\"},\"image\":{\"@type\":\"ImageObject\",\"url\":486335,\"@id\":\"https:\\\/\\\/www.eldigitaldeasturias.com\\\/noticias\\\/biden-no-ve-razones-para-no-ser-candidato-y-anunciara-su-decision-en-2015\\\/#mainImage\"},\"primaryImageOfPage\":{\"@id\":\"https:\\\/\\\/www.eldigitaldeasturias.com\\\/noticias\\\/biden-no-ve-razones-para-no-ser-candidato-y-anunciara-su-decision-en-2015\\\/#mainImage\"},\"datePublished\":\"2014-02-08T01:10:31+01:00\",\"dateModified\":\"2014-02-08T01:10:31+01:00\"},{\"@type\":\"WebSite\",\"@id\":\"https:\\\/\\\/www.eldigitaldeasturias.com\\\/noticias\\\/#website\",\"url\":\"https:\\\/\\\/www.eldigitaldeasturias.com\\\/noticias\\\/\",\"name\":\"El Digital de Asturias - Diario de actualidad y noticias\",\"alternateName\":\"El Digital de Asturias - Diario de actualidad y noticias\",\"description\":\"Hemeroteca\",\"inLanguage\":\"es-ES\",\"publisher\":{\"@id\":\"https:\\\/\\\/www.eldigitaldeasturias.com\\\/noticias\\\/#organization\"}}]}\n\t\t<\/script>\n\t\t<!-- All in One SEO Pro -->\r\n\t\t<title>Biden no ve razones para no ser candidato y anunciar\u00e1 su decisi\u00f3n en 2015 - El Digital de Asturias<\/title>\n\n","aioseo_head_json":{"title":"Biden no ve razones para no ser candidato y anunciar\u00e1 su decisi\u00f3n en 2015 - El Digital de Asturias","description":"Washington, 7 feb (EFE).- El vicepresidente de EEUU, Joe Biden, no ve \"ninguna raz\u00f3n obvia\" que le haga pensar en que no optar\u00e1 a la candidatura del Partido Dem\u00f3crata a la Presidencia de su pa\u00eds en 2016 y adelant\u00f3 que tomar\u00e1 una decisi\u00f3n a mediados del a\u00f1o pr\u00f3ximo. \"No hay ninguna raz\u00f3n obvia por la","canonical_url":"https:\/\/www.eldigitaldeasturias.com\/noticias\/biden-no-ve-razones-para-no-ser-candidato-y-anunciara-su-decision-en-2015\/","robots":"max-image-preview:large","keywords":"actualidad","webmasterTools":{"google-site-verification":"UA-38556648-1","msvalidate.01":"7dfe9f3f1b24437ab69f4f2559babe99","miscellaneous":""},"schema":{"@context":"https:\/\/schema.org","@graph":[{"@type":"BlogPosting","@id":"https:\/\/www.eldigitaldeasturias.com\/noticias\/biden-no-ve-razones-para-no-ser-candidato-y-anunciara-su-decision-en-2015\/#blogposting","name":"Biden no ve razones para no ser candidato y anunciar\u00e1 su decisi\u00f3n en 2015 - El Digital de Asturias","headline":"Biden no ve razones para no ser candidato y anunciar\u00e1 su decisi\u00f3n en 2015","author":{"@id":"https:\/\/www.eldigitaldeasturias.com\/noticias\/author\/admin\/#author"},"publisher":{"@id":"https:\/\/www.eldigitaldeasturias.com\/noticias\/#organization"},"image":{"@type":"ImageObject","url":486335},"datePublished":"2014-02-08T01:10:31+01:00","dateModified":"2014-02-08T01:10:31+01:00","inLanguage":"es-ES","mainEntityOfPage":{"@id":"https:\/\/www.eldigitaldeasturias.com\/noticias\/biden-no-ve-razones-para-no-ser-candidato-y-anunciara-su-decision-en-2015\/#webpage"},"isPartOf":{"@id":"https:\/\/www.eldigitaldeasturias.com\/noticias\/biden-no-ve-razones-para-no-ser-candidato-y-anunciara-su-decision-en-2015\/#webpage"},"articleSection":"Actualidad"},{"@type":"BreadcrumbList","@id":"https:\/\/www.eldigitaldeasturias.com\/noticias\/biden-no-ve-razones-para-no-ser-candidato-y-anunciara-su-decision-en-2015\/#breadcrumblist","itemListElement":[{"@type":"ListItem","@id":"https:\/\/www.eldigitaldeasturias.com\/noticias#listItem","position":1,"name":"Home","item":"https:\/\/www.eldigitaldeasturias.com\/noticias","nextItem":{"@type":"ListItem","@id":"https:\/\/www.eldigitaldeasturias.com\/noticias\/category\/actualidad\/#listItem","name":"Actualidad"}},{"@type":"ListItem","@id":"https:\/\/www.eldigitaldeasturias.com\/noticias\/category\/actualidad\/#listItem","position":2,"name":"Actualidad","item":"https:\/\/www.eldigitaldeasturias.com\/noticias\/category\/actualidad\/","nextItem":{"@type":"ListItem","@id":"https:\/\/www.eldigitaldeasturias.com\/noticias\/biden-no-ve-razones-para-no-ser-candidato-y-anunciara-su-decision-en-2015\/#listItem","name":"Biden no ve razones para no ser candidato y anunciar\u00e1 su decisi\u00f3n en 2015"},"previousItem":{"@type":"ListItem","@id":"https:\/\/www.eldigitaldeasturias.com\/noticias#listItem","name":"Home"}},{"@type":"ListItem","@id":"https:\/\/www.eldigitaldeasturias.com\/noticias\/biden-no-ve-razones-para-no-ser-candidato-y-anunciara-su-decision-en-2015\/#listItem","position":3,"name":"Biden no ve razones para no ser candidato y anunciar\u00e1 su decisi\u00f3n en 2015","previousItem":{"@type":"ListItem","@id":"https:\/\/www.eldigitaldeasturias.com\/noticias\/category\/actualidad\/#listItem","name":"Actualidad"}}]},{"@type":"Organization","@id":"https:\/\/www.eldigitaldeasturias.com\/noticias\/#organization","name":"El Digital de Asturias","description":"Hemeroteca","url":"https:\/\/www.eldigitaldeasturias.com\/noticias\/","email":"info@eldigitaldeasturias.com","telephone":"+34652131393","logo":{"@type":"ImageObject","url":"https:\/\/www.eldigitaldeasturias.com\/noticias\/wp-content\/uploads\/2020\/12\/EDA.jpg","@id":"https:\/\/www.eldigitaldeasturias.com\/noticias\/biden-no-ve-razones-para-no-ser-candidato-y-anunciara-su-decision-en-2015\/#organizationLogo"},"image":{"@id":"https:\/\/www.eldigitaldeasturias.com\/noticias\/biden-no-ve-razones-para-no-ser-candidato-y-anunciara-su-decision-en-2015\/#organizationLogo"},"sameAs":["https:\/\/facebook.com\/eldigitaldeasturias","https:\/\/www.youtube.com\/channel\/UCZP-2wLEB9Rv6erhFmqVnvg"],"address":{"@id":"https:\/\/www.eldigitaldeasturias.com\/noticias\/#postaladdress","@type":"PostalAddress","streetAddress":"san antonio 4","postalCode":"33430","addressLocality":"Cand\u00e1s","addressRegion":"Asturias","addressCountry":"ES"}},{"@type":"Person","@id":"https:\/\/www.eldigitaldeasturias.com\/noticias\/author\/admin\/#author","url":"https:\/\/www.eldigitaldeasturias.com\/noticias\/author\/admin\/","name":"El Digital de Asturias","image":{"@type":"ImageObject","@id":"https:\/\/www.eldigitaldeasturias.com\/noticias\/biden-no-ve-razones-para-no-ser-candidato-y-anunciara-su-decision-en-2015\/#authorImage","url":"https:\/\/secure.gravatar.com\/avatar\/df2aeffc32bcd13f8d26072ef8a91b623d677766deac7f97ca815868cd41bf5e?s=96&d=mm&r=g","width":96,"height":96,"caption":"El Digital de Asturias"}},{"@type":"WebPage","@id":"https:\/\/www.eldigitaldeasturias.com\/noticias\/biden-no-ve-razones-para-no-ser-candidato-y-anunciara-su-decision-en-2015\/#webpage","url":"https:\/\/www.eldigitaldeasturias.com\/noticias\/biden-no-ve-razones-para-no-ser-candidato-y-anunciara-su-decision-en-2015\/","name":"Biden no ve razones para no ser candidato y anunciar\u00e1 su decisi\u00f3n en 2015 - El Digital de Asturias","description":"Washington, 7 feb (EFE).- El vicepresidente de EEUU, Joe Biden, no ve \"ninguna raz\u00f3n obvia\" que le haga pensar en que no optar\u00e1 a la candidatura del Partido Dem\u00f3crata a la Presidencia de su pa\u00eds en 2016 y adelant\u00f3 que tomar\u00e1 una decisi\u00f3n a mediados del a\u00f1o pr\u00f3ximo. \"No hay ninguna raz\u00f3n obvia por la","inLanguage":"es-ES","isPartOf":{"@id":"https:\/\/www.eldigitaldeasturias.com\/noticias\/#website"},"breadcrumb":{"@id":"https:\/\/www.eldigitaldeasturias.com\/noticias\/biden-no-ve-razones-para-no-ser-candidato-y-anunciara-su-decision-en-2015\/#breadcrumblist"},"author":{"@id":"https:\/\/www.eldigitaldeasturias.com\/noticias\/author\/admin\/#author"},"creator":{"@id":"https:\/\/www.eldigitaldeasturias.com\/noticias\/author\/admin\/#author"},"image":{"@type":"ImageObject","url":486335,"@id":"https:\/\/www.eldigitaldeasturias.com\/noticias\/biden-no-ve-razones-para-no-ser-candidato-y-anunciara-su-decision-en-2015\/#mainImage"},"primaryImageOfPage":{"@id":"https:\/\/www.eldigitaldeasturias.com\/noticias\/biden-no-ve-razones-para-no-ser-candidato-y-anunciara-su-decision-en-2015\/#mainImage"},"datePublished":"2014-02-08T01:10:31+01:00","dateModified":"2014-02-08T01:10:31+01:00"},{"@type":"WebSite","@id":"https:\/\/www.eldigitaldeasturias.com\/noticias\/#website","url":"https:\/\/www.eldigitaldeasturias.com\/noticias\/","name":"El Digital de Asturias - Diario de actualidad y noticias","alternateName":"El Digital de Asturias - Diario de actualidad y noticias","description":"Hemeroteca","inLanguage":"es-ES","publisher":{"@id":"https:\/\/www.eldigitaldeasturias.com\/noticias\/#organization"}}]},"og:locale":"es_ES","og:site_name":"El Digital de Asturias","og:type":"article","og:title":"Biden no ve razones para no ser candidato y anunciar\u00e1 su decisi\u00f3n en 2015 - El Digital de Asturias","og:description":"Washington, 7 feb (EFE).- El vicepresidente de EEUU, Joe Biden, no ve &quot;ninguna raz\u00f3n obvia&quot; que le haga pensar en que no optar\u00e1 a la candidatura del Partido Dem\u00f3crata a la Presidencia de su pa\u00eds en 2016 y adelant\u00f3 que tomar\u00e1 una decisi\u00f3n a mediados del a\u00f1o pr\u00f3ximo. &quot;No hay ninguna raz\u00f3n obvia por la","og:url":"https:\/\/www.eldigitaldeasturias.com\/noticias\/biden-no-ve-razones-para-no-ser-candidato-y-anunciara-su-decision-en-2015\/","article:tag":["actualidad"],"article:published_time":"2014-02-08T02:10:31+00:00","article:modified_time":"2014-02-08T02:10:31+00:00","article:publisher":"https:\/\/facebook.com\/eldigitaldeasturias","twitter:card":"summary_large_image","twitter:title":"Biden no ve razones para no ser candidato y anunciar\u00e1 su decisi\u00f3n en 2015 - El Digital de Asturias","twitter:description":"Washington, 7 feb (EFE).- El vicepresidente de EEUU, Joe Biden, no ve &quot;ninguna raz\u00f3n obvia&quot; que le haga pensar en que no optar\u00e1 a la candidatura del Partido Dem\u00f3crata a la Presidencia de su pa\u00eds en 2016 y adelant\u00f3 que tomar\u00e1 una decisi\u00f3n a mediados del a\u00f1o pr\u00f3ximo. &quot;No hay ninguna raz\u00f3n obvia por la","twitter:label1":"Escrito por","twitter:data1":"El Digital de Asturias","twitter:label2":"Tiempo de lectura estimado","twitter:data2":"2 minutos"},"aioseo_meta_data":{"post_id":"486334","title":null,"description":null,"keywords":null,"keyphrases":null,"primary_term":null,"canonical_url":null,"og_title":null,"og_description":null,"og_object_type":"default","og_image_type":"default","og_image_url":null,"og_image_width":null,"og_image_height":null,"og_image_custom_url":null,"og_image_custom_fields":null,"og_video":null,"og_custom_url":null,"og_article_section":null,"og_article_tags":null,"twitter_use_og":true,"twitter_card":"default","twitter_image_type":"default","twitter_image_url":null,"twitter_image_custom_url":null,"twitter_image_custom_fields":null,"twitter_title":null,"twitter_description":null,"schema":{"blockGraphs":[],"customGraphs":[],"default":{"data":{"Article":[],"Course":[],"Dataset":[],"FAQPage":[],"Movie":[],"Person":[],"Product":[],"ProductReview":[],"Car":[],"Recipe":[],"Service":[],"SoftwareApplication":[],"WebPage":[]},"graphName":"","isEnabled":true},"graphs":[],"defaultGraph":"","defaultPostTypeGraph":""},"schema_type":null,"schema_type_options":null,"pillar_content":false,"robots_default":true,"robots_noindex":false,"robots_noarchive":false,"robots_nosnippet":false,"robots_nofollow":false,"robots_noimageindex":false,"robots_noodp":false,"robots_notranslate":false,"robots_max_snippet":null,"robots_max_videopreview":null,"robots_max_imagepreview":"none","priority":null,"frequency":null,"local_seo":null,"seo_analyzer_scan_date":"2026-06-03 00:25:56","breadcrumb_settings":null,"limit_modified_date":false,"open_ai":null,"ai":null,"created":"2020-11-14 22:56:04","updated":"2026-06-03 00:25:56","focus_keyword":null,"additional_keywords":null,"truseo_locale":null},"aioseo_breadcrumb":"<div class=\"aioseo-breadcrumbs\"><span class=\"aioseo-breadcrumb\">\n\t<a href=\"https:\/\/www.eldigitaldeasturias.com\/noticias\" title=\"Home\">Home<\/a>\n<\/span><span class=\"aioseo-breadcrumb-separator\">\u2013<\/span><span class=\"aioseo-breadcrumb\">\n\t<a href=\"https:\/\/www.eldigitaldeasturias.com\/noticias\/category\/actualidad\/\" title=\"Actualidad\">Actualidad<\/a>\n<\/span><span class=\"aioseo-breadcrumb-separator\">\u2013<\/span><span class=\"aioseo-breadcrumb\">\n\t<a href=\"https:\/\/www.eldigitaldeasturias.com\/noticias\/biden-no-ve-razones-para-no-ser-candidato-y-anunciara-su-decision-en-2015\/\" title=\"Biden no ve razones para no ser candidato y anunciar\u00e1 su decisi\u00f3n en 2015\">Biden no ve razones para no ser candidato y anunciar\u00e1 su decisi\u00f3n en 2015<\/a>\n<\/span><\/div>","aioseo_breadcrumb_json":[{"label":"Home","link":"https:\/\/www.eldigitaldeasturias.com\/noticias"},{"label":"Actualidad","link":"https:\/\/www.eldigitaldeasturias.com\/noticias\/category\/actualidad\/"},{"label":"Biden no ve razones para no ser candidato y anunciar\u00e1 su decisi\u00f3n en 2015","link":"https:\/\/www.eldigitaldeasturias.com\/noticias\/biden-no-ve-razones-para-no-ser-candidato-y-anunciara-su-decision-en-2015\/"}],"_links":{"self":[{"href":"https:\/\/www.eldigitaldeasturias.com\/noticias\/wp-json\/wp\/v2\/posts\/486334","targetHints":{"allow":["GET"]}}],"collection":[{"href":"https:\/\/www.eldigitaldeasturias.com\/noticias\/wp-json\/wp\/v2\/posts"}],"about":[{"href":"https:\/\/www.eldigitaldeasturias.com\/noticias\/wp-json\/wp\/v2\/types\/post"}],"author":[{"embeddable":true,"href":"https:\/\/www.eldigitaldeasturias.com\/noticias\/wp-json\/wp\/v2\/users\/1"}],"replies":[{"embeddable":true,"href":"https:\/\/www.eldigitaldeasturias.com\/noticias\/wp-json\/wp\/v2\/comments?post=486334"}],"version-history":[{"count":0,"href":"https:\/\/www.eldigitaldeasturias.com\/noticias\/wp-json\/wp\/v2\/posts\/486334\/revisions"}],"wp:attachment":[{"href":"https:\/\/www.eldigitaldeasturias.com\/noticias\/wp-json\/wp\/v2\/media?parent=486334"}],"wp:term":[{"taxonomy":"category","embeddable":true,"href":"https:\/\/www.eldigitaldeasturias.com\/noticias\/wp-json\/wp\/v2\/categories?post=486334"},{"taxonomy":"post_tag","embeddable":true,"href":"https:\/\/www.eldigitaldeasturias.com\/noticias\/wp-json\/wp\/v2\/tags?post=486334"}],"curies":[{"name":"wp","href":"https:\/\/api.w.org\/{rel}","templated":true}]}}