{"id":486325,"date":"2014-02-08T01:07:43","date_gmt":"2014-02-08T02:07:43","guid":{"rendered":"http:\/\/www.eldigitaldeasturias.com\/noticias\/?p=486325"},"modified":"2014-02-08T01:07:43","modified_gmt":"2014-02-08T02:07:43","slug":"el-consejo-de-administracion-recupera-el-control-total-del-deportivo","status":"publish","type":"post","link":"https:\/\/www.eldigitaldeasturias.com\/noticias\/el-consejo-de-administracion-recupera-el-control-total-del-deportivo\/","title":{"rendered":"El consejo de administraci\u00f3n recupera el control total del Deportivo"},"content":{"rendered":"<p><img loading=\"lazy\" decoding=\"async\" class=\"alignleft size-medium wp-image-486326\" alt=\"5920411w\" src=\"https:\/\/www.eldigitaldeasturias.com\/noticias\/wp-content\/uploads\/2014\/02\/5920411w-360x239.jpg\" width=\"360\" height=\"239\" \/>A Coru\u00f1a, 7 feb (EFE).- El consejo de administraci\u00f3n del Deportivo, que preside Tino Fern\u00e1ndez desde el pasado 21 de enero, recupera el control total del club, despu\u00e9s de que el juzgado de lo mercantil n\u00famero 2 de A Coru\u00f1a haya emitido hoy una sentencia por la que aprueba el convenio de acreedores del equipo gallego.<\/p>\n<p>El Deportivo hab\u00eda sido declarado en concurso de acreedores por un auto dictado el 11 de enero del a\u00f1o pasado, en el que se determin\u00f3 que el consejo de administraci\u00f3n estuviera tutelado por la sociedad AD Cryex durante el proceso.<\/p>\n<p>El 6 de noviembre pasado, el Deportivo present\u00f3 su propuesta de convenio en la que se contemplaba la satisfacci\u00f3n de los cr\u00e9ditos sujetos a convenio (60 millones de euros) con una quita del 33%, sin devengo de intereses legales ni de demora y una espera de diecisiete a\u00f1os que incluye dos de carencia.<\/p>\n<p>En la junta de acreedores el 10 de enero de 2014, que fue declarada v\u00e1lidamente constituida, la propuesta del club recibi\u00f3 el voto favorable de los acreedores concurrentes que titulaban cr\u00e9ditos equivalentes al 59,44% del pasivo ordinario.<\/p>\n<p>Tras la celebraci\u00f3n de la junta, todav\u00eda con Augusto C\u00e9sar Lendoiro al frente del Deportivo, no se formul\u00f3 oposici\u00f3n por parte de ning\u00fan interesado.<\/p>\n<p>El juez del concurso del Deportivo, Roberto Ni\u00f1o, expone en la sentencia que ha emitido hoy que \u00abno se constatan m\u00e9ritos para apreciar de oficio ninguna infracci\u00f3n normativa relativa al contenido del convenio ni sobre la constituci\u00f3n y celebraci\u00f3n de la junta de acreedores, por lo que s\u00f3lo cabe su aprobaci\u00f3n judicial\u00bb.<\/p>\n<p>En consecuencia, recoge el escrito del juez, \u00abcesan los efectos de la declaraci\u00f3n de concurso, quedando sustituidos por los que se establecen en el propio convenio\u00bb.<\/p>\n<p>Expone tambi\u00e9n que, \u00abatendida la cuant\u00eda de quita propuesta -33%-, no procede la apertura de la secci\u00f3n de calificaci\u00f3n\u00bb, con lo que no se exigir\u00e1 responsabilidades al consejo de administraci\u00f3n saliente.<\/p>\n<p>El juez convoca a la administraci\u00f3n concursal para que rinda \u00abcuentas de su actuaci\u00f3n\u00bb en el plazo de treinta d\u00edas h\u00e1biles.<\/p>\n<p>AD Cryex \u00abconservar\u00e1 plena legitimaci\u00f3n para continuar e intervenir en los incidentes en concurso y en cuantos procedimientos judiciales y actos procesales se deriven\u00bb del concurso de acreedores, seg\u00fan expone la sentencia.<\/p>\n<p>El juez tambi\u00e9n manifiesta que \u00abcesan todos los efectos de la declaraci\u00f3n de concurso, que quedan sustituidos por los que el propio convenio establece\u00bb.<\/p>\n<p>No obstante, recuerda que \u00absubsistir\u00e1 hasta la conclusi\u00f3n del procedimiento el deber de colaboraci\u00f3n e informaci\u00f3n que establece el art\u00edculo 42 de la Ley Concursal, adem\u00e1s del deber de informaci\u00f3n semestral\u00bb.<\/p>\n<p>Contra la sentencia que ha firmado Roberto Ni\u00f1o, titular del Mercantil n\u00famero 2 de A Coru\u00f1a, cabe interponer recurso de apelaci\u00f3n ante la Audiencia Provincial en veinte d\u00edas h\u00e1biles.<\/p>\n","protected":false},"excerpt":{"rendered":"<p>A Coru\u00f1a, 7 feb (EFE).- El consejo de administraci\u00f3n del Deportivo, que preside Tino Fern\u00e1ndez desde el pasado 21 de enero, recupera el control total del club, despu\u00e9s de que el juzgado de lo mercantil n\u00famero 2 de A Coru\u00f1a haya emitido hoy una sentencia por la que aprueba el convenio de acreedores del equipo [&hellip;]<\/p>\n","protected":false},"author":1,"featured_media":486326,"comment_status":"open","ping_status":"open","sticky":false,"template":"","format":"standard","meta":{"footnotes":""},"categories":[1],"tags":[],"class_list":["post-486325","post","type-post","status-publish","format-standard","has-post-thumbnail","hentry","category-actualidad"],"aioseo_notices":[],"aioseo_head":"\n\t\t<!-- All in One SEO Pro 5.0.1 - aioseo.com -->\n\t<meta name=\"description\" content=\"A Coru\u00f1a, 7 feb (EFE).- El consejo de administraci\u00f3n del Deportivo, que preside Tino Fern\u00e1ndez desde el pasado 21 de enero, recupera el control total del club, despu\u00e9s de que el juzgado de lo mercantil n\u00famero 2 de A Coru\u00f1a haya emitido hoy una sentencia por la que aprueba el convenio de acreedores del equipo\" \/>\n\t<meta name=\"robots\" content=\"max-image-preview:large\" \/>\n\t<meta name=\"author\" content=\"El Digital de Asturias\"\/>\n\t<meta name=\"google-site-verification\" content=\"UA-38556648-1\" \/>\n\t<meta name=\"msvalidate.01\" content=\"7dfe9f3f1b24437ab69f4f2559babe99\" \/>\n\t<meta name=\"keywords\" content=\"actualidad\" \/>\n\t<link rel=\"canonical\" href=\"https:\/\/www.eldigitaldeasturias.com\/noticias\/el-consejo-de-administracion-recupera-el-control-total-del-deportivo\/\" \/>\n\t<meta name=\"generator\" content=\"All in One SEO Pro (AIOSEO) 5.0.1\" \/>\n\t\t<meta property=\"og:locale\" content=\"es_ES\" \/>\n\t\t<meta property=\"og:site_name\" content=\"El Digital de Asturias\" \/>\n\t\t<meta property=\"og:type\" content=\"article\" \/>\n\t\t<meta property=\"og:title\" content=\"El consejo de administraci\u00f3n recupera el control total del Deportivo - El Digital de Asturias\" \/>\n\t\t<meta property=\"og:description\" content=\"A Coru\u00f1a, 7 feb (EFE).- El consejo de administraci\u00f3n del Deportivo, que preside Tino Fern\u00e1ndez desde el pasado 21 de enero, recupera el control total del club, despu\u00e9s de que el juzgado de lo mercantil n\u00famero 2 de A Coru\u00f1a haya emitido hoy una sentencia por la que aprueba el convenio de acreedores del equipo\" \/>\n\t\t<meta property=\"og:url\" content=\"https:\/\/www.eldigitaldeasturias.com\/noticias\/el-consejo-de-administracion-recupera-el-control-total-del-deportivo\/\" \/>\n\t\t<meta property=\"article:tag\" content=\"actualidad\" \/>\n\t\t<meta property=\"article:published_time\" content=\"2014-02-08T02:07:43+00:00\" \/>\n\t\t<meta property=\"article:modified_time\" content=\"2014-02-08T02:07:43+00:00\" \/>\n\t\t<meta property=\"article:publisher\" content=\"https:\/\/facebook.com\/eldigitaldeasturias\" \/>\n\t\t<meta name=\"twitter:card\" content=\"summary_large_image\" \/>\n\t\t<meta name=\"twitter:title\" content=\"El consejo de administraci\u00f3n recupera el control total del Deportivo - El Digital de Asturias\" \/>\n\t\t<meta name=\"twitter:description\" content=\"A Coru\u00f1a, 7 feb (EFE).- El consejo de administraci\u00f3n del Deportivo, que preside Tino Fern\u00e1ndez desde el pasado 21 de enero, recupera el control total del club, despu\u00e9s de que el juzgado de lo mercantil n\u00famero 2 de A Coru\u00f1a haya emitido hoy una sentencia por la que aprueba el convenio de acreedores del equipo\" \/>\n\t\t<meta name=\"twitter:label1\" content=\"Escrito por\" \/>\n\t\t<meta name=\"twitter:data1\" content=\"El Digital de Asturias\" \/>\n\t\t<meta name=\"twitter:label2\" content=\"Tiempo de lectura estimado\" \/>\n\t\t<meta name=\"twitter:data2\" content=\"2 minutos\" \/>\n\t\t<script type=\"application\/ld+json\" class=\"aioseo-schema\">\n\t\t\t{\"@context\":\"https:\\\/\\\/schema.org\",\"@graph\":[{\"@type\":\"BlogPosting\",\"@id\":\"https:\\\/\\\/www.eldigitaldeasturias.com\\\/noticias\\\/el-consejo-de-administracion-recupera-el-control-total-del-deportivo\\\/#blogposting\",\"name\":\"El consejo de administraci\\u00f3n recupera el control total del Deportivo - El Digital de Asturias\",\"headline\":\"El consejo de administraci\\u00f3n recupera el control total del Deportivo\",\"author\":{\"@id\":\"https:\\\/\\\/www.eldigitaldeasturias.com\\\/noticias\\\/author\\\/admin\\\/#author\"},\"publisher\":{\"@id\":\"https:\\\/\\\/www.eldigitaldeasturias.com\\\/noticias\\\/#organization\"},\"image\":{\"@type\":\"ImageObject\",\"url\":486326},\"datePublished\":\"2014-02-08T01:07:43+01:00\",\"dateModified\":\"2014-02-08T01:07:43+01:00\",\"inLanguage\":\"es-ES\",\"mainEntityOfPage\":{\"@id\":\"https:\\\/\\\/www.eldigitaldeasturias.com\\\/noticias\\\/el-consejo-de-administracion-recupera-el-control-total-del-deportivo\\\/#webpage\"},\"isPartOf\":{\"@id\":\"https:\\\/\\\/www.eldigitaldeasturias.com\\\/noticias\\\/el-consejo-de-administracion-recupera-el-control-total-del-deportivo\\\/#webpage\"},\"articleSection\":\"Actualidad\"},{\"@type\":\"BreadcrumbList\",\"@id\":\"https:\\\/\\\/www.eldigitaldeasturias.com\\\/noticias\\\/el-consejo-de-administracion-recupera-el-control-total-del-deportivo\\\/#breadcrumblist\",\"itemListElement\":[{\"@type\":\"ListItem\",\"@id\":\"https:\\\/\\\/www.eldigitaldeasturias.com\\\/noticias#listItem\",\"position\":1,\"name\":\"Home\",\"item\":\"https:\\\/\\\/www.eldigitaldeasturias.com\\\/noticias\",\"nextItem\":{\"@type\":\"ListItem\",\"@id\":\"https:\\\/\\\/www.eldigitaldeasturias.com\\\/noticias\\\/category\\\/actualidad\\\/#listItem\",\"name\":\"Actualidad\"}},{\"@type\":\"ListItem\",\"@id\":\"https:\\\/\\\/www.eldigitaldeasturias.com\\\/noticias\\\/category\\\/actualidad\\\/#listItem\",\"position\":2,\"name\":\"Actualidad\",\"item\":\"https:\\\/\\\/www.eldigitaldeasturias.com\\\/noticias\\\/category\\\/actualidad\\\/\",\"nextItem\":{\"@type\":\"ListItem\",\"@id\":\"https:\\\/\\\/www.eldigitaldeasturias.com\\\/noticias\\\/el-consejo-de-administracion-recupera-el-control-total-del-deportivo\\\/#listItem\",\"name\":\"El consejo de administraci\\u00f3n recupera el control total del Deportivo\"},\"previousItem\":{\"@type\":\"ListItem\",\"@id\":\"https:\\\/\\\/www.eldigitaldeasturias.com\\\/noticias#listItem\",\"name\":\"Home\"}},{\"@type\":\"ListItem\",\"@id\":\"https:\\\/\\\/www.eldigitaldeasturias.com\\\/noticias\\\/el-consejo-de-administracion-recupera-el-control-total-del-deportivo\\\/#listItem\",\"position\":3,\"name\":\"El consejo de administraci\\u00f3n recupera el control total del Deportivo\",\"previousItem\":{\"@type\":\"ListItem\",\"@id\":\"https:\\\/\\\/www.eldigitaldeasturias.com\\\/noticias\\\/category\\\/actualidad\\\/#listItem\",\"name\":\"Actualidad\"}}]},{\"@type\":\"Organization\",\"@id\":\"https:\\\/\\\/www.eldigitaldeasturias.com\\\/noticias\\\/#organization\",\"name\":\"El Digital de Asturias\",\"description\":\"Hemeroteca\",\"url\":\"https:\\\/\\\/www.eldigitaldeasturias.com\\\/noticias\\\/\",\"email\":\"info@eldigitaldeasturias.com\",\"telephone\":\"+34652131393\",\"logo\":{\"@type\":\"ImageObject\",\"url\":\"https:\\\/\\\/www.eldigitaldeasturias.com\\\/noticias\\\/wp-content\\\/uploads\\\/2020\\\/12\\\/EDA.jpg\",\"@id\":\"https:\\\/\\\/www.eldigitaldeasturias.com\\\/noticias\\\/el-consejo-de-administracion-recupera-el-control-total-del-deportivo\\\/#organizationLogo\"},\"image\":{\"@id\":\"https:\\\/\\\/www.eldigitaldeasturias.com\\\/noticias\\\/el-consejo-de-administracion-recupera-el-control-total-del-deportivo\\\/#organizationLogo\"},\"sameAs\":[\"https:\\\/\\\/facebook.com\\\/eldigitaldeasturias\",\"https:\\\/\\\/www.youtube.com\\\/channel\\\/UCZP-2wLEB9Rv6erhFmqVnvg\"],\"address\":{\"@id\":\"https:\\\/\\\/www.eldigitaldeasturias.com\\\/noticias\\\/#postaladdress\",\"@type\":\"PostalAddress\",\"streetAddress\":\"san antonio 4\",\"postalCode\":\"33430\",\"addressLocality\":\"Cand\\u00e1s\",\"addressRegion\":\"Asturias\",\"addressCountry\":\"ES\"}},{\"@type\":\"Person\",\"@id\":\"https:\\\/\\\/www.eldigitaldeasturias.com\\\/noticias\\\/author\\\/admin\\\/#author\",\"url\":\"https:\\\/\\\/www.eldigitaldeasturias.com\\\/noticias\\\/author\\\/admin\\\/\",\"name\":\"El Digital de Asturias\",\"image\":{\"@type\":\"ImageObject\",\"@id\":\"https:\\\/\\\/www.eldigitaldeasturias.com\\\/noticias\\\/el-consejo-de-administracion-recupera-el-control-total-del-deportivo\\\/#authorImage\",\"url\":\"https:\\\/\\\/secure.gravatar.com\\\/avatar\\\/df2aeffc32bcd13f8d26072ef8a91b623d677766deac7f97ca815868cd41bf5e?s=96&d=mm&r=g\",\"width\":96,\"height\":96,\"caption\":\"El Digital de Asturias\"}},{\"@type\":\"WebPage\",\"@id\":\"https:\\\/\\\/www.eldigitaldeasturias.com\\\/noticias\\\/el-consejo-de-administracion-recupera-el-control-total-del-deportivo\\\/#webpage\",\"url\":\"https:\\\/\\\/www.eldigitaldeasturias.com\\\/noticias\\\/el-consejo-de-administracion-recupera-el-control-total-del-deportivo\\\/\",\"name\":\"El consejo de administraci\\u00f3n recupera el control total del Deportivo - El Digital de Asturias\",\"description\":\"A Coru\\u00f1a, 7 feb (EFE).- El consejo de administraci\\u00f3n del Deportivo, que preside Tino Fern\\u00e1ndez desde el pasado 21 de enero, recupera el control total del club, despu\\u00e9s de que el juzgado de lo mercantil n\\u00famero 2 de A Coru\\u00f1a haya emitido hoy una sentencia por la que aprueba el convenio de acreedores del equipo\",\"inLanguage\":\"es-ES\",\"isPartOf\":{\"@id\":\"https:\\\/\\\/www.eldigitaldeasturias.com\\\/noticias\\\/#website\"},\"breadcrumb\":{\"@id\":\"https:\\\/\\\/www.eldigitaldeasturias.com\\\/noticias\\\/el-consejo-de-administracion-recupera-el-control-total-del-deportivo\\\/#breadcrumblist\"},\"author\":{\"@id\":\"https:\\\/\\\/www.eldigitaldeasturias.com\\\/noticias\\\/author\\\/admin\\\/#author\"},\"creator\":{\"@id\":\"https:\\\/\\\/www.eldigitaldeasturias.com\\\/noticias\\\/author\\\/admin\\\/#author\"},\"image\":{\"@type\":\"ImageObject\",\"url\":486326,\"@id\":\"https:\\\/\\\/www.eldigitaldeasturias.com\\\/noticias\\\/el-consejo-de-administracion-recupera-el-control-total-del-deportivo\\\/#mainImage\"},\"primaryImageOfPage\":{\"@id\":\"https:\\\/\\\/www.eldigitaldeasturias.com\\\/noticias\\\/el-consejo-de-administracion-recupera-el-control-total-del-deportivo\\\/#mainImage\"},\"datePublished\":\"2014-02-08T01:07:43+01:00\",\"dateModified\":\"2014-02-08T01:07:43+01:00\"},{\"@type\":\"WebSite\",\"@id\":\"https:\\\/\\\/www.eldigitaldeasturias.com\\\/noticias\\\/#website\",\"url\":\"https:\\\/\\\/www.eldigitaldeasturias.com\\\/noticias\\\/\",\"name\":\"El Digital de Asturias - Diario de actualidad y noticias\",\"alternateName\":\"El Digital de Asturias - Diario de actualidad y noticias\",\"description\":\"Hemeroteca\",\"inLanguage\":\"es-ES\",\"publisher\":{\"@id\":\"https:\\\/\\\/www.eldigitaldeasturias.com\\\/noticias\\\/#organization\"}}]}\n\t\t<\/script>\n\t\t<!-- All in One SEO Pro -->\r\n\t\t<title>El consejo de administraci\u00f3n recupera el control total del Deportivo - El Digital de Asturias<\/title>\n\n","aioseo_head_json":{"title":"El consejo de administraci\u00f3n recupera el control total del Deportivo - El Digital de Asturias","description":"A Coru\u00f1a, 7 feb (EFE).- El consejo de administraci\u00f3n del Deportivo, que preside Tino Fern\u00e1ndez desde el pasado 21 de enero, recupera el control total del club, despu\u00e9s de que el juzgado de lo mercantil n\u00famero 2 de A Coru\u00f1a haya emitido hoy una sentencia por la que aprueba el convenio de acreedores del equipo","canonical_url":"https:\/\/www.eldigitaldeasturias.com\/noticias\/el-consejo-de-administracion-recupera-el-control-total-del-deportivo\/","robots":"max-image-preview:large","keywords":"actualidad","webmasterTools":{"google-site-verification":"UA-38556648-1","msvalidate.01":"7dfe9f3f1b24437ab69f4f2559babe99","miscellaneous":""},"schema":{"@context":"https:\/\/schema.org","@graph":[{"@type":"BlogPosting","@id":"https:\/\/www.eldigitaldeasturias.com\/noticias\/el-consejo-de-administracion-recupera-el-control-total-del-deportivo\/#blogposting","name":"El consejo de administraci\u00f3n recupera el control total del Deportivo - El Digital de Asturias","headline":"El consejo de administraci\u00f3n recupera el control total del Deportivo","author":{"@id":"https:\/\/www.eldigitaldeasturias.com\/noticias\/author\/admin\/#author"},"publisher":{"@id":"https:\/\/www.eldigitaldeasturias.com\/noticias\/#organization"},"image":{"@type":"ImageObject","url":486326},"datePublished":"2014-02-08T01:07:43+01:00","dateModified":"2014-02-08T01:07:43+01:00","inLanguage":"es-ES","mainEntityOfPage":{"@id":"https:\/\/www.eldigitaldeasturias.com\/noticias\/el-consejo-de-administracion-recupera-el-control-total-del-deportivo\/#webpage"},"isPartOf":{"@id":"https:\/\/www.eldigitaldeasturias.com\/noticias\/el-consejo-de-administracion-recupera-el-control-total-del-deportivo\/#webpage"},"articleSection":"Actualidad"},{"@type":"BreadcrumbList","@id":"https:\/\/www.eldigitaldeasturias.com\/noticias\/el-consejo-de-administracion-recupera-el-control-total-del-deportivo\/#breadcrumblist","itemListElement":[{"@type":"ListItem","@id":"https:\/\/www.eldigitaldeasturias.com\/noticias#listItem","position":1,"name":"Home","item":"https:\/\/www.eldigitaldeasturias.com\/noticias","nextItem":{"@type":"ListItem","@id":"https:\/\/www.eldigitaldeasturias.com\/noticias\/category\/actualidad\/#listItem","name":"Actualidad"}},{"@type":"ListItem","@id":"https:\/\/www.eldigitaldeasturias.com\/noticias\/category\/actualidad\/#listItem","position":2,"name":"Actualidad","item":"https:\/\/www.eldigitaldeasturias.com\/noticias\/category\/actualidad\/","nextItem":{"@type":"ListItem","@id":"https:\/\/www.eldigitaldeasturias.com\/noticias\/el-consejo-de-administracion-recupera-el-control-total-del-deportivo\/#listItem","name":"El consejo de administraci\u00f3n recupera el control total del Deportivo"},"previousItem":{"@type":"ListItem","@id":"https:\/\/www.eldigitaldeasturias.com\/noticias#listItem","name":"Home"}},{"@type":"ListItem","@id":"https:\/\/www.eldigitaldeasturias.com\/noticias\/el-consejo-de-administracion-recupera-el-control-total-del-deportivo\/#listItem","position":3,"name":"El consejo de administraci\u00f3n recupera el control total del Deportivo","previousItem":{"@type":"ListItem","@id":"https:\/\/www.eldigitaldeasturias.com\/noticias\/category\/actualidad\/#listItem","name":"Actualidad"}}]},{"@type":"Organization","@id":"https:\/\/www.eldigitaldeasturias.com\/noticias\/#organization","name":"El Digital de Asturias","description":"Hemeroteca","url":"https:\/\/www.eldigitaldeasturias.com\/noticias\/","email":"info@eldigitaldeasturias.com","telephone":"+34652131393","logo":{"@type":"ImageObject","url":"https:\/\/www.eldigitaldeasturias.com\/noticias\/wp-content\/uploads\/2020\/12\/EDA.jpg","@id":"https:\/\/www.eldigitaldeasturias.com\/noticias\/el-consejo-de-administracion-recupera-el-control-total-del-deportivo\/#organizationLogo"},"image":{"@id":"https:\/\/www.eldigitaldeasturias.com\/noticias\/el-consejo-de-administracion-recupera-el-control-total-del-deportivo\/#organizationLogo"},"sameAs":["https:\/\/facebook.com\/eldigitaldeasturias","https:\/\/www.youtube.com\/channel\/UCZP-2wLEB9Rv6erhFmqVnvg"],"address":{"@id":"https:\/\/www.eldigitaldeasturias.com\/noticias\/#postaladdress","@type":"PostalAddress","streetAddress":"san antonio 4","postalCode":"33430","addressLocality":"Cand\u00e1s","addressRegion":"Asturias","addressCountry":"ES"}},{"@type":"Person","@id":"https:\/\/www.eldigitaldeasturias.com\/noticias\/author\/admin\/#author","url":"https:\/\/www.eldigitaldeasturias.com\/noticias\/author\/admin\/","name":"El Digital de Asturias","image":{"@type":"ImageObject","@id":"https:\/\/www.eldigitaldeasturias.com\/noticias\/el-consejo-de-administracion-recupera-el-control-total-del-deportivo\/#authorImage","url":"https:\/\/secure.gravatar.com\/avatar\/df2aeffc32bcd13f8d26072ef8a91b623d677766deac7f97ca815868cd41bf5e?s=96&d=mm&r=g","width":96,"height":96,"caption":"El Digital de Asturias"}},{"@type":"WebPage","@id":"https:\/\/www.eldigitaldeasturias.com\/noticias\/el-consejo-de-administracion-recupera-el-control-total-del-deportivo\/#webpage","url":"https:\/\/www.eldigitaldeasturias.com\/noticias\/el-consejo-de-administracion-recupera-el-control-total-del-deportivo\/","name":"El consejo de administraci\u00f3n recupera el control total del Deportivo - El Digital de Asturias","description":"A Coru\u00f1a, 7 feb (EFE).- El consejo de administraci\u00f3n del Deportivo, que preside Tino Fern\u00e1ndez desde el pasado 21 de enero, recupera el control total del club, despu\u00e9s de que el juzgado de lo mercantil n\u00famero 2 de A Coru\u00f1a haya emitido hoy una sentencia por la que aprueba el convenio de acreedores del equipo","inLanguage":"es-ES","isPartOf":{"@id":"https:\/\/www.eldigitaldeasturias.com\/noticias\/#website"},"breadcrumb":{"@id":"https:\/\/www.eldigitaldeasturias.com\/noticias\/el-consejo-de-administracion-recupera-el-control-total-del-deportivo\/#breadcrumblist"},"author":{"@id":"https:\/\/www.eldigitaldeasturias.com\/noticias\/author\/admin\/#author"},"creator":{"@id":"https:\/\/www.eldigitaldeasturias.com\/noticias\/author\/admin\/#author"},"image":{"@type":"ImageObject","url":486326,"@id":"https:\/\/www.eldigitaldeasturias.com\/noticias\/el-consejo-de-administracion-recupera-el-control-total-del-deportivo\/#mainImage"},"primaryImageOfPage":{"@id":"https:\/\/www.eldigitaldeasturias.com\/noticias\/el-consejo-de-administracion-recupera-el-control-total-del-deportivo\/#mainImage"},"datePublished":"2014-02-08T01:07:43+01:00","dateModified":"2014-02-08T01:07:43+01:00"},{"@type":"WebSite","@id":"https:\/\/www.eldigitaldeasturias.com\/noticias\/#website","url":"https:\/\/www.eldigitaldeasturias.com\/noticias\/","name":"El Digital de Asturias - Diario de actualidad y noticias","alternateName":"El Digital de Asturias - Diario de actualidad y noticias","description":"Hemeroteca","inLanguage":"es-ES","publisher":{"@id":"https:\/\/www.eldigitaldeasturias.com\/noticias\/#organization"}}]},"og:locale":"es_ES","og:site_name":"El Digital de Asturias","og:type":"article","og:title":"El consejo de administraci\u00f3n recupera el control total del Deportivo - El Digital de Asturias","og:description":"A Coru\u00f1a, 7 feb (EFE).- El consejo de administraci\u00f3n del Deportivo, que preside Tino Fern\u00e1ndez desde el pasado 21 de enero, recupera el control total del club, despu\u00e9s de que el juzgado de lo mercantil n\u00famero 2 de A Coru\u00f1a haya emitido hoy una sentencia por la que aprueba el convenio de acreedores del equipo","og:url":"https:\/\/www.eldigitaldeasturias.com\/noticias\/el-consejo-de-administracion-recupera-el-control-total-del-deportivo\/","article:tag":["actualidad"],"article:published_time":"2014-02-08T02:07:43+00:00","article:modified_time":"2014-02-08T02:07:43+00:00","article:publisher":"https:\/\/facebook.com\/eldigitaldeasturias","twitter:card":"summary_large_image","twitter:title":"El consejo de administraci\u00f3n recupera el control total del Deportivo - El Digital de Asturias","twitter:description":"A Coru\u00f1a, 7 feb (EFE).- El consejo de administraci\u00f3n del Deportivo, que preside Tino Fern\u00e1ndez desde el pasado 21 de enero, recupera el control total del club, despu\u00e9s de que el juzgado de lo mercantil n\u00famero 2 de A Coru\u00f1a haya emitido hoy una sentencia por la que aprueba el convenio de acreedores del equipo","twitter:label1":"Escrito por","twitter:data1":"El Digital de Asturias","twitter:label2":"Tiempo de lectura estimado","twitter:data2":"2 minutos"},"aioseo_meta_data":{"post_id":"486325","title":null,"description":null,"keywords":null,"keyphrases":null,"primary_term":null,"canonical_url":null,"og_title":null,"og_description":null,"og_object_type":"default","og_image_type":"default","og_image_url":null,"og_image_width":null,"og_image_height":null,"og_image_custom_url":null,"og_image_custom_fields":null,"og_video":null,"og_custom_url":null,"og_article_section":null,"og_article_tags":null,"twitter_use_og":true,"twitter_card":"default","twitter_image_type":"default","twitter_image_url":null,"twitter_image_custom_url":null,"twitter_image_custom_fields":null,"twitter_title":null,"twitter_description":null,"schema":{"blockGraphs":[],"customGraphs":[],"default":{"data":{"Article":[],"Course":[],"Dataset":[],"FAQPage":[],"Movie":[],"Person":[],"Product":[],"ProductReview":[],"Car":[],"Recipe":[],"Service":[],"SoftwareApplication":[],"WebPage":[]},"graphName":"","isEnabled":true},"graphs":[],"defaultGraph":"","defaultPostTypeGraph":""},"schema_type":null,"schema_type_options":null,"pillar_content":false,"robots_default":true,"robots_noindex":false,"robots_noarchive":false,"robots_nosnippet":false,"robots_nofollow":false,"robots_noimageindex":false,"robots_noodp":false,"robots_notranslate":false,"robots_max_snippet":null,"robots_max_videopreview":null,"robots_max_imagepreview":"none","priority":null,"frequency":null,"local_seo":null,"seo_analyzer_scan_date":"2026-06-03 00:25:54","breadcrumb_settings":null,"limit_modified_date":false,"open_ai":null,"ai":null,"created":"2020-11-14 22:56:04","updated":"2026-06-03 00:25:54","focus_keyword":null,"additional_keywords":null,"truseo_locale":null},"aioseo_breadcrumb":"<div class=\"aioseo-breadcrumbs\"><span class=\"aioseo-breadcrumb\">\n\t<a href=\"https:\/\/www.eldigitaldeasturias.com\/noticias\" title=\"Home\">Home<\/a>\n<\/span><span class=\"aioseo-breadcrumb-separator\">\u2013<\/span><span class=\"aioseo-breadcrumb\">\n\t<a href=\"https:\/\/www.eldigitaldeasturias.com\/noticias\/category\/actualidad\/\" title=\"Actualidad\">Actualidad<\/a>\n<\/span><span class=\"aioseo-breadcrumb-separator\">\u2013<\/span><span class=\"aioseo-breadcrumb\">\n\t<a href=\"https:\/\/www.eldigitaldeasturias.com\/noticias\/el-consejo-de-administracion-recupera-el-control-total-del-deportivo\/\" title=\"El consejo de administraci\u00f3n recupera el control total del Deportivo\">El consejo de administraci\u00f3n recupera el control total del Deportivo<\/a>\n<\/span><\/div>","aioseo_breadcrumb_json":[{"label":"Home","link":"https:\/\/www.eldigitaldeasturias.com\/noticias"},{"label":"Actualidad","link":"https:\/\/www.eldigitaldeasturias.com\/noticias\/category\/actualidad\/"},{"label":"El consejo de administraci\u00f3n recupera el control total del Deportivo","link":"https:\/\/www.eldigitaldeasturias.com\/noticias\/el-consejo-de-administracion-recupera-el-control-total-del-deportivo\/"}],"_links":{"self":[{"href":"https:\/\/www.eldigitaldeasturias.com\/noticias\/wp-json\/wp\/v2\/posts\/486325","targetHints":{"allow":["GET"]}}],"collection":[{"href":"https:\/\/www.eldigitaldeasturias.com\/noticias\/wp-json\/wp\/v2\/posts"}],"about":[{"href":"https:\/\/www.eldigitaldeasturias.com\/noticias\/wp-json\/wp\/v2\/types\/post"}],"author":[{"embeddable":true,"href":"https:\/\/www.eldigitaldeasturias.com\/noticias\/wp-json\/wp\/v2\/users\/1"}],"replies":[{"embeddable":true,"href":"https:\/\/www.eldigitaldeasturias.com\/noticias\/wp-json\/wp\/v2\/comments?post=486325"}],"version-history":[{"count":0,"href":"https:\/\/www.eldigitaldeasturias.com\/noticias\/wp-json\/wp\/v2\/posts\/486325\/revisions"}],"wp:attachment":[{"href":"https:\/\/www.eldigitaldeasturias.com\/noticias\/wp-json\/wp\/v2\/media?parent=486325"}],"wp:term":[{"taxonomy":"category","embeddable":true,"href":"https:\/\/www.eldigitaldeasturias.com\/noticias\/wp-json\/wp\/v2\/categories?post=486325"},{"taxonomy":"post_tag","embeddable":true,"href":"https:\/\/www.eldigitaldeasturias.com\/noticias\/wp-json\/wp\/v2\/tags?post=486325"}],"curies":[{"name":"wp","href":"https:\/\/api.w.org\/{rel}","templated":true}]}}