{"id":486316,"date":"2014-02-08T01:05:06","date_gmt":"2014-02-08T02:05:06","guid":{"rendered":"http:\/\/www.eldigitaldeasturias.com\/noticias\/?p=486316"},"modified":"2014-02-08T01:05:06","modified_gmt":"2014-02-08T02:05:06","slug":"apple-sube-en-la-bolsa-tras-la-informacion-sobre-recompra-de-acciones","status":"publish","type":"post","link":"https:\/\/www.eldigitaldeasturias.com\/noticias\/apple-sube-en-la-bolsa-tras-la-informacion-sobre-recompra-de-acciones\/","title":{"rendered":"Apple sube en la bolsa tras la informaci\u00f3n sobre recompra de acciones"},"content":{"rendered":"<p><img loading=\"lazy\" decoding=\"async\" class=\"alignleft size-medium wp-image-486317\" alt=\"5921474w\" src=\"https:\/\/www.eldigitaldeasturias.com\/noticias\/wp-content\/uploads\/2014\/02\/5921474w-360x232.jpg\" width=\"360\" height=\"232\" \/>Nueva York, 7 feb (EFE).- Las acciones de Apple sub\u00edan hoy en la bolsa tras la informaci\u00f3n publicada hoy sobre que la empresa ha recomprado acciones propias por valor de 14.000 millones de d\u00f3lares en las \u00faltimas dos semanas.<\/p>\n<p>Media hora despu\u00e9s del inicio de la sesi\u00f3n de este viernes en los mercados, los t\u00edtulos de Apple sub\u00edan un 1,56 %.<\/p>\n<p>Estas cifras de recompra de acciones fueron divulgadas hoy por The Wall Street Journal, que public\u00f3 una entrevista con Tim Cook, consejero delegado de la compa\u00f1\u00eda.<\/p>\n<p>Cook explic\u00f3 que se sinti\u00f3 \u00absorprendido\u00bb por el hecho de que las acciones de Apple bajaron m\u00e1s de un 8 % el pasado 28 de enero, un d\u00eda despu\u00e9s de presentar sus \u00faltimos resultados, por lo que la direcci\u00f3n decidi\u00f3 ser m\u00e1s \u00abactiva\u00bb.<\/p>\n<p>Apple anunci\u00f3 el 27 de enero que gan\u00f3 en el primer trimestre del a\u00f1o fiscal 2014, entre octubre y diciembre pasados, 13.072 millones de d\u00f3lares netos, sin apenas cambios con respecto al mismo per\u00edodo del ejercicio anterior.<\/p>\n<p>La recompra de acciones de las \u00faltimas dos semanas ha llevado el total de t\u00edtulos adquiridos por la firma hasta 40.000 millones de d\u00f3lares en un a\u00f1o, lo que seg\u00fan Cook supone un r\u00e9cord<\/p>\n<p>Todo ello forma parte de un plan ya anunciado por la compa\u00f1\u00eda para recomprar acciones propias por un total de 60.000 millones de d\u00f3lares, pero la compa\u00f1\u00eda intenta darle m\u00e1s relevancia de cara a la junta de accionistas de la compa\u00f1\u00eda del pr\u00f3ximo 28 de febrero.<\/p>\n<p>El conocido inversor Carl Icahn lleva meses presionando a la direcci\u00f3n de Apple para que aumente sus programas de retribuci\u00f3n a los accionistas con parte de los aproximadamente 160.000 millones en efectivo que se calcula que tiene la compa\u00f1\u00eda.<\/p>\n","protected":false},"excerpt":{"rendered":"<p>Nueva York, 7 feb (EFE).- Las acciones de Apple sub\u00edan hoy en la bolsa tras la informaci\u00f3n publicada hoy sobre que la empresa ha recomprado acciones propias por valor de 14.000 millones de d\u00f3lares en las \u00faltimas dos semanas. Media hora despu\u00e9s del inicio de la sesi\u00f3n de este viernes en los mercados, los t\u00edtulos [&hellip;]<\/p>\n","protected":false},"author":1,"featured_media":486317,"comment_status":"open","ping_status":"open","sticky":false,"template":"","format":"standard","meta":{"footnotes":""},"categories":[1],"tags":[],"class_list":["post-486316","post","type-post","status-publish","format-standard","has-post-thumbnail","hentry","category-actualidad"],"aioseo_notices":[],"aioseo_head":"\n\t\t<!-- All in One SEO Pro 5.0.1 - aioseo.com -->\n\t<meta name=\"description\" content=\"Nueva York, 7 feb (EFE).- Las acciones de Apple sub\u00edan hoy en la bolsa tras la informaci\u00f3n publicada hoy sobre que la empresa ha recomprado acciones propias por valor de 14.000 millones de d\u00f3lares en las \u00faltimas dos semanas. Media hora despu\u00e9s del inicio de la sesi\u00f3n de este viernes en los mercados, los t\u00edtulos\" \/>\n\t<meta name=\"robots\" content=\"max-image-preview:large\" \/>\n\t<meta name=\"author\" content=\"El Digital de Asturias\"\/>\n\t<meta name=\"google-site-verification\" content=\"UA-38556648-1\" \/>\n\t<meta name=\"msvalidate.01\" content=\"7dfe9f3f1b24437ab69f4f2559babe99\" \/>\n\t<meta name=\"keywords\" content=\"actualidad\" \/>\n\t<link rel=\"canonical\" href=\"https:\/\/www.eldigitaldeasturias.com\/noticias\/apple-sube-en-la-bolsa-tras-la-informacion-sobre-recompra-de-acciones\/\" \/>\n\t<meta name=\"generator\" content=\"All in One SEO Pro (AIOSEO) 5.0.1\" \/>\n\t\t<meta property=\"og:locale\" content=\"es_ES\" \/>\n\t\t<meta property=\"og:site_name\" content=\"El Digital de Asturias\" \/>\n\t\t<meta property=\"og:type\" content=\"article\" \/>\n\t\t<meta property=\"og:title\" content=\"Apple sube en la bolsa tras la informaci\u00f3n sobre recompra de acciones - El Digital de Asturias\" \/>\n\t\t<meta property=\"og:description\" content=\"Nueva York, 7 feb (EFE).- Las acciones de Apple sub\u00edan hoy en la bolsa tras la informaci\u00f3n publicada hoy sobre que la empresa ha recomprado acciones propias por valor de 14.000 millones de d\u00f3lares en las \u00faltimas dos semanas. Media hora despu\u00e9s del inicio de la sesi\u00f3n de este viernes en los mercados, los t\u00edtulos\" \/>\n\t\t<meta property=\"og:url\" content=\"https:\/\/www.eldigitaldeasturias.com\/noticias\/apple-sube-en-la-bolsa-tras-la-informacion-sobre-recompra-de-acciones\/\" \/>\n\t\t<meta property=\"article:tag\" content=\"actualidad\" \/>\n\t\t<meta property=\"article:published_time\" content=\"2014-02-08T02:05:06+00:00\" \/>\n\t\t<meta property=\"article:modified_time\" content=\"2014-02-08T02:05:06+00:00\" \/>\n\t\t<meta property=\"article:publisher\" content=\"https:\/\/facebook.com\/eldigitaldeasturias\" \/>\n\t\t<meta name=\"twitter:card\" content=\"summary_large_image\" \/>\n\t\t<meta name=\"twitter:title\" content=\"Apple sube en la bolsa tras la informaci\u00f3n sobre recompra de acciones - El Digital de Asturias\" \/>\n\t\t<meta name=\"twitter:description\" content=\"Nueva York, 7 feb (EFE).- Las acciones de Apple sub\u00edan hoy en la bolsa tras la informaci\u00f3n publicada hoy sobre que la empresa ha recomprado acciones propias por valor de 14.000 millones de d\u00f3lares en las \u00faltimas dos semanas. Media hora despu\u00e9s del inicio de la sesi\u00f3n de este viernes en los mercados, los t\u00edtulos\" \/>\n\t\t<meta name=\"twitter:label1\" content=\"Escrito por\" \/>\n\t\t<meta name=\"twitter:data1\" content=\"El Digital de Asturias\" \/>\n\t\t<meta name=\"twitter:label2\" content=\"Tiempo de lectura estimado\" \/>\n\t\t<meta name=\"twitter:data2\" content=\"2 minutos\" \/>\n\t\t<script type=\"application\/ld+json\" class=\"aioseo-schema\">\n\t\t\t{\"@context\":\"https:\\\/\\\/schema.org\",\"@graph\":[{\"@type\":\"BlogPosting\",\"@id\":\"https:\\\/\\\/www.eldigitaldeasturias.com\\\/noticias\\\/apple-sube-en-la-bolsa-tras-la-informacion-sobre-recompra-de-acciones\\\/#blogposting\",\"name\":\"Apple sube en la bolsa tras la informaci\\u00f3n sobre recompra de acciones - El Digital de Asturias\",\"headline\":\"Apple sube en la bolsa tras la informaci\\u00f3n sobre recompra de acciones\",\"author\":{\"@id\":\"https:\\\/\\\/www.eldigitaldeasturias.com\\\/noticias\\\/author\\\/admin\\\/#author\"},\"publisher\":{\"@id\":\"https:\\\/\\\/www.eldigitaldeasturias.com\\\/noticias\\\/#organization\"},\"image\":{\"@type\":\"ImageObject\",\"url\":486317},\"datePublished\":\"2014-02-08T01:05:06+01:00\",\"dateModified\":\"2014-02-08T01:05:06+01:00\",\"inLanguage\":\"es-ES\",\"mainEntityOfPage\":{\"@id\":\"https:\\\/\\\/www.eldigitaldeasturias.com\\\/noticias\\\/apple-sube-en-la-bolsa-tras-la-informacion-sobre-recompra-de-acciones\\\/#webpage\"},\"isPartOf\":{\"@id\":\"https:\\\/\\\/www.eldigitaldeasturias.com\\\/noticias\\\/apple-sube-en-la-bolsa-tras-la-informacion-sobre-recompra-de-acciones\\\/#webpage\"},\"articleSection\":\"Actualidad\"},{\"@type\":\"BreadcrumbList\",\"@id\":\"https:\\\/\\\/www.eldigitaldeasturias.com\\\/noticias\\\/apple-sube-en-la-bolsa-tras-la-informacion-sobre-recompra-de-acciones\\\/#breadcrumblist\",\"itemListElement\":[{\"@type\":\"ListItem\",\"@id\":\"https:\\\/\\\/www.eldigitaldeasturias.com\\\/noticias#listItem\",\"position\":1,\"name\":\"Home\",\"item\":\"https:\\\/\\\/www.eldigitaldeasturias.com\\\/noticias\",\"nextItem\":{\"@type\":\"ListItem\",\"@id\":\"https:\\\/\\\/www.eldigitaldeasturias.com\\\/noticias\\\/category\\\/actualidad\\\/#listItem\",\"name\":\"Actualidad\"}},{\"@type\":\"ListItem\",\"@id\":\"https:\\\/\\\/www.eldigitaldeasturias.com\\\/noticias\\\/category\\\/actualidad\\\/#listItem\",\"position\":2,\"name\":\"Actualidad\",\"item\":\"https:\\\/\\\/www.eldigitaldeasturias.com\\\/noticias\\\/category\\\/actualidad\\\/\",\"nextItem\":{\"@type\":\"ListItem\",\"@id\":\"https:\\\/\\\/www.eldigitaldeasturias.com\\\/noticias\\\/apple-sube-en-la-bolsa-tras-la-informacion-sobre-recompra-de-acciones\\\/#listItem\",\"name\":\"Apple sube en la bolsa tras la informaci\\u00f3n sobre recompra de acciones\"},\"previousItem\":{\"@type\":\"ListItem\",\"@id\":\"https:\\\/\\\/www.eldigitaldeasturias.com\\\/noticias#listItem\",\"name\":\"Home\"}},{\"@type\":\"ListItem\",\"@id\":\"https:\\\/\\\/www.eldigitaldeasturias.com\\\/noticias\\\/apple-sube-en-la-bolsa-tras-la-informacion-sobre-recompra-de-acciones\\\/#listItem\",\"position\":3,\"name\":\"Apple sube en la bolsa tras la informaci\\u00f3n sobre recompra de acciones\",\"previousItem\":{\"@type\":\"ListItem\",\"@id\":\"https:\\\/\\\/www.eldigitaldeasturias.com\\\/noticias\\\/category\\\/actualidad\\\/#listItem\",\"name\":\"Actualidad\"}}]},{\"@type\":\"Organization\",\"@id\":\"https:\\\/\\\/www.eldigitaldeasturias.com\\\/noticias\\\/#organization\",\"name\":\"El Digital de Asturias\",\"description\":\"Hemeroteca\",\"url\":\"https:\\\/\\\/www.eldigitaldeasturias.com\\\/noticias\\\/\",\"email\":\"info@eldigitaldeasturias.com\",\"telephone\":\"+34652131393\",\"logo\":{\"@type\":\"ImageObject\",\"url\":\"https:\\\/\\\/www.eldigitaldeasturias.com\\\/noticias\\\/wp-content\\\/uploads\\\/2020\\\/12\\\/EDA.jpg\",\"@id\":\"https:\\\/\\\/www.eldigitaldeasturias.com\\\/noticias\\\/apple-sube-en-la-bolsa-tras-la-informacion-sobre-recompra-de-acciones\\\/#organizationLogo\"},\"image\":{\"@id\":\"https:\\\/\\\/www.eldigitaldeasturias.com\\\/noticias\\\/apple-sube-en-la-bolsa-tras-la-informacion-sobre-recompra-de-acciones\\\/#organizationLogo\"},\"sameAs\":[\"https:\\\/\\\/facebook.com\\\/eldigitaldeasturias\",\"https:\\\/\\\/www.youtube.com\\\/channel\\\/UCZP-2wLEB9Rv6erhFmqVnvg\"],\"address\":{\"@id\":\"https:\\\/\\\/www.eldigitaldeasturias.com\\\/noticias\\\/#postaladdress\",\"@type\":\"PostalAddress\",\"streetAddress\":\"san antonio 4\",\"postalCode\":\"33430\",\"addressLocality\":\"Cand\\u00e1s\",\"addressRegion\":\"Asturias\",\"addressCountry\":\"ES\"}},{\"@type\":\"Person\",\"@id\":\"https:\\\/\\\/www.eldigitaldeasturias.com\\\/noticias\\\/author\\\/admin\\\/#author\",\"url\":\"https:\\\/\\\/www.eldigitaldeasturias.com\\\/noticias\\\/author\\\/admin\\\/\",\"name\":\"El Digital de Asturias\",\"image\":{\"@type\":\"ImageObject\",\"@id\":\"https:\\\/\\\/www.eldigitaldeasturias.com\\\/noticias\\\/apple-sube-en-la-bolsa-tras-la-informacion-sobre-recompra-de-acciones\\\/#authorImage\",\"url\":\"https:\\\/\\\/secure.gravatar.com\\\/avatar\\\/df2aeffc32bcd13f8d26072ef8a91b623d677766deac7f97ca815868cd41bf5e?s=96&d=mm&r=g\",\"width\":96,\"height\":96,\"caption\":\"El Digital de Asturias\"}},{\"@type\":\"WebPage\",\"@id\":\"https:\\\/\\\/www.eldigitaldeasturias.com\\\/noticias\\\/apple-sube-en-la-bolsa-tras-la-informacion-sobre-recompra-de-acciones\\\/#webpage\",\"url\":\"https:\\\/\\\/www.eldigitaldeasturias.com\\\/noticias\\\/apple-sube-en-la-bolsa-tras-la-informacion-sobre-recompra-de-acciones\\\/\",\"name\":\"Apple sube en la bolsa tras la informaci\\u00f3n sobre recompra de acciones - El Digital de Asturias\",\"description\":\"Nueva York, 7 feb (EFE).- Las acciones de Apple sub\\u00edan hoy en la bolsa tras la informaci\\u00f3n publicada hoy sobre que la empresa ha recomprado acciones propias por valor de 14.000 millones de d\\u00f3lares en las \\u00faltimas dos semanas. Media hora despu\\u00e9s del inicio de la sesi\\u00f3n de este viernes en los mercados, los t\\u00edtulos\",\"inLanguage\":\"es-ES\",\"isPartOf\":{\"@id\":\"https:\\\/\\\/www.eldigitaldeasturias.com\\\/noticias\\\/#website\"},\"breadcrumb\":{\"@id\":\"https:\\\/\\\/www.eldigitaldeasturias.com\\\/noticias\\\/apple-sube-en-la-bolsa-tras-la-informacion-sobre-recompra-de-acciones\\\/#breadcrumblist\"},\"author\":{\"@id\":\"https:\\\/\\\/www.eldigitaldeasturias.com\\\/noticias\\\/author\\\/admin\\\/#author\"},\"creator\":{\"@id\":\"https:\\\/\\\/www.eldigitaldeasturias.com\\\/noticias\\\/author\\\/admin\\\/#author\"},\"image\":{\"@type\":\"ImageObject\",\"url\":486317,\"@id\":\"https:\\\/\\\/www.eldigitaldeasturias.com\\\/noticias\\\/apple-sube-en-la-bolsa-tras-la-informacion-sobre-recompra-de-acciones\\\/#mainImage\"},\"primaryImageOfPage\":{\"@id\":\"https:\\\/\\\/www.eldigitaldeasturias.com\\\/noticias\\\/apple-sube-en-la-bolsa-tras-la-informacion-sobre-recompra-de-acciones\\\/#mainImage\"},\"datePublished\":\"2014-02-08T01:05:06+01:00\",\"dateModified\":\"2014-02-08T01:05:06+01:00\"},{\"@type\":\"WebSite\",\"@id\":\"https:\\\/\\\/www.eldigitaldeasturias.com\\\/noticias\\\/#website\",\"url\":\"https:\\\/\\\/www.eldigitaldeasturias.com\\\/noticias\\\/\",\"name\":\"El Digital de Asturias - Diario de actualidad y noticias\",\"alternateName\":\"El Digital de Asturias - Diario de actualidad y noticias\",\"description\":\"Hemeroteca\",\"inLanguage\":\"es-ES\",\"publisher\":{\"@id\":\"https:\\\/\\\/www.eldigitaldeasturias.com\\\/noticias\\\/#organization\"}}]}\n\t\t<\/script>\n\t\t<!-- All in One SEO Pro -->\r\n\t\t<title>Apple sube en la bolsa tras la informaci\u00f3n sobre recompra de acciones - El Digital de Asturias<\/title>\n\n","aioseo_head_json":{"title":"Apple sube en la bolsa tras la informaci\u00f3n sobre recompra de acciones - El Digital de Asturias","description":"Nueva York, 7 feb (EFE).- Las acciones de Apple sub\u00edan hoy en la bolsa tras la informaci\u00f3n publicada hoy sobre que la empresa ha recomprado acciones propias por valor de 14.000 millones de d\u00f3lares en las \u00faltimas dos semanas. Media hora despu\u00e9s del inicio de la sesi\u00f3n de este viernes en los mercados, los t\u00edtulos","canonical_url":"https:\/\/www.eldigitaldeasturias.com\/noticias\/apple-sube-en-la-bolsa-tras-la-informacion-sobre-recompra-de-acciones\/","robots":"max-image-preview:large","keywords":"actualidad","webmasterTools":{"google-site-verification":"UA-38556648-1","msvalidate.01":"7dfe9f3f1b24437ab69f4f2559babe99","miscellaneous":""},"schema":{"@context":"https:\/\/schema.org","@graph":[{"@type":"BlogPosting","@id":"https:\/\/www.eldigitaldeasturias.com\/noticias\/apple-sube-en-la-bolsa-tras-la-informacion-sobre-recompra-de-acciones\/#blogposting","name":"Apple sube en la bolsa tras la informaci\u00f3n sobre recompra de acciones - El Digital de Asturias","headline":"Apple sube en la bolsa tras la informaci\u00f3n sobre recompra de acciones","author":{"@id":"https:\/\/www.eldigitaldeasturias.com\/noticias\/author\/admin\/#author"},"publisher":{"@id":"https:\/\/www.eldigitaldeasturias.com\/noticias\/#organization"},"image":{"@type":"ImageObject","url":486317},"datePublished":"2014-02-08T01:05:06+01:00","dateModified":"2014-02-08T01:05:06+01:00","inLanguage":"es-ES","mainEntityOfPage":{"@id":"https:\/\/www.eldigitaldeasturias.com\/noticias\/apple-sube-en-la-bolsa-tras-la-informacion-sobre-recompra-de-acciones\/#webpage"},"isPartOf":{"@id":"https:\/\/www.eldigitaldeasturias.com\/noticias\/apple-sube-en-la-bolsa-tras-la-informacion-sobre-recompra-de-acciones\/#webpage"},"articleSection":"Actualidad"},{"@type":"BreadcrumbList","@id":"https:\/\/www.eldigitaldeasturias.com\/noticias\/apple-sube-en-la-bolsa-tras-la-informacion-sobre-recompra-de-acciones\/#breadcrumblist","itemListElement":[{"@type":"ListItem","@id":"https:\/\/www.eldigitaldeasturias.com\/noticias#listItem","position":1,"name":"Home","item":"https:\/\/www.eldigitaldeasturias.com\/noticias","nextItem":{"@type":"ListItem","@id":"https:\/\/www.eldigitaldeasturias.com\/noticias\/category\/actualidad\/#listItem","name":"Actualidad"}},{"@type":"ListItem","@id":"https:\/\/www.eldigitaldeasturias.com\/noticias\/category\/actualidad\/#listItem","position":2,"name":"Actualidad","item":"https:\/\/www.eldigitaldeasturias.com\/noticias\/category\/actualidad\/","nextItem":{"@type":"ListItem","@id":"https:\/\/www.eldigitaldeasturias.com\/noticias\/apple-sube-en-la-bolsa-tras-la-informacion-sobre-recompra-de-acciones\/#listItem","name":"Apple sube en la bolsa tras la informaci\u00f3n sobre recompra de acciones"},"previousItem":{"@type":"ListItem","@id":"https:\/\/www.eldigitaldeasturias.com\/noticias#listItem","name":"Home"}},{"@type":"ListItem","@id":"https:\/\/www.eldigitaldeasturias.com\/noticias\/apple-sube-en-la-bolsa-tras-la-informacion-sobre-recompra-de-acciones\/#listItem","position":3,"name":"Apple sube en la bolsa tras la informaci\u00f3n sobre recompra de acciones","previousItem":{"@type":"ListItem","@id":"https:\/\/www.eldigitaldeasturias.com\/noticias\/category\/actualidad\/#listItem","name":"Actualidad"}}]},{"@type":"Organization","@id":"https:\/\/www.eldigitaldeasturias.com\/noticias\/#organization","name":"El Digital de Asturias","description":"Hemeroteca","url":"https:\/\/www.eldigitaldeasturias.com\/noticias\/","email":"info@eldigitaldeasturias.com","telephone":"+34652131393","logo":{"@type":"ImageObject","url":"https:\/\/www.eldigitaldeasturias.com\/noticias\/wp-content\/uploads\/2020\/12\/EDA.jpg","@id":"https:\/\/www.eldigitaldeasturias.com\/noticias\/apple-sube-en-la-bolsa-tras-la-informacion-sobre-recompra-de-acciones\/#organizationLogo"},"image":{"@id":"https:\/\/www.eldigitaldeasturias.com\/noticias\/apple-sube-en-la-bolsa-tras-la-informacion-sobre-recompra-de-acciones\/#organizationLogo"},"sameAs":["https:\/\/facebook.com\/eldigitaldeasturias","https:\/\/www.youtube.com\/channel\/UCZP-2wLEB9Rv6erhFmqVnvg"],"address":{"@id":"https:\/\/www.eldigitaldeasturias.com\/noticias\/#postaladdress","@type":"PostalAddress","streetAddress":"san antonio 4","postalCode":"33430","addressLocality":"Cand\u00e1s","addressRegion":"Asturias","addressCountry":"ES"}},{"@type":"Person","@id":"https:\/\/www.eldigitaldeasturias.com\/noticias\/author\/admin\/#author","url":"https:\/\/www.eldigitaldeasturias.com\/noticias\/author\/admin\/","name":"El Digital de Asturias","image":{"@type":"ImageObject","@id":"https:\/\/www.eldigitaldeasturias.com\/noticias\/apple-sube-en-la-bolsa-tras-la-informacion-sobre-recompra-de-acciones\/#authorImage","url":"https:\/\/secure.gravatar.com\/avatar\/df2aeffc32bcd13f8d26072ef8a91b623d677766deac7f97ca815868cd41bf5e?s=96&d=mm&r=g","width":96,"height":96,"caption":"El Digital de Asturias"}},{"@type":"WebPage","@id":"https:\/\/www.eldigitaldeasturias.com\/noticias\/apple-sube-en-la-bolsa-tras-la-informacion-sobre-recompra-de-acciones\/#webpage","url":"https:\/\/www.eldigitaldeasturias.com\/noticias\/apple-sube-en-la-bolsa-tras-la-informacion-sobre-recompra-de-acciones\/","name":"Apple sube en la bolsa tras la informaci\u00f3n sobre recompra de acciones - El Digital de Asturias","description":"Nueva York, 7 feb (EFE).- Las acciones de Apple sub\u00edan hoy en la bolsa tras la informaci\u00f3n publicada hoy sobre que la empresa ha recomprado acciones propias por valor de 14.000 millones de d\u00f3lares en las \u00faltimas dos semanas. Media hora despu\u00e9s del inicio de la sesi\u00f3n de este viernes en los mercados, los t\u00edtulos","inLanguage":"es-ES","isPartOf":{"@id":"https:\/\/www.eldigitaldeasturias.com\/noticias\/#website"},"breadcrumb":{"@id":"https:\/\/www.eldigitaldeasturias.com\/noticias\/apple-sube-en-la-bolsa-tras-la-informacion-sobre-recompra-de-acciones\/#breadcrumblist"},"author":{"@id":"https:\/\/www.eldigitaldeasturias.com\/noticias\/author\/admin\/#author"},"creator":{"@id":"https:\/\/www.eldigitaldeasturias.com\/noticias\/author\/admin\/#author"},"image":{"@type":"ImageObject","url":486317,"@id":"https:\/\/www.eldigitaldeasturias.com\/noticias\/apple-sube-en-la-bolsa-tras-la-informacion-sobre-recompra-de-acciones\/#mainImage"},"primaryImageOfPage":{"@id":"https:\/\/www.eldigitaldeasturias.com\/noticias\/apple-sube-en-la-bolsa-tras-la-informacion-sobre-recompra-de-acciones\/#mainImage"},"datePublished":"2014-02-08T01:05:06+01:00","dateModified":"2014-02-08T01:05:06+01:00"},{"@type":"WebSite","@id":"https:\/\/www.eldigitaldeasturias.com\/noticias\/#website","url":"https:\/\/www.eldigitaldeasturias.com\/noticias\/","name":"El Digital de Asturias - Diario de actualidad y noticias","alternateName":"El Digital de Asturias - Diario de actualidad y noticias","description":"Hemeroteca","inLanguage":"es-ES","publisher":{"@id":"https:\/\/www.eldigitaldeasturias.com\/noticias\/#organization"}}]},"og:locale":"es_ES","og:site_name":"El Digital de Asturias","og:type":"article","og:title":"Apple sube en la bolsa tras la informaci\u00f3n sobre recompra de acciones - El Digital de Asturias","og:description":"Nueva York, 7 feb (EFE).- Las acciones de Apple sub\u00edan hoy en la bolsa tras la informaci\u00f3n publicada hoy sobre que la empresa ha recomprado acciones propias por valor de 14.000 millones de d\u00f3lares en las \u00faltimas dos semanas. Media hora despu\u00e9s del inicio de la sesi\u00f3n de este viernes en los mercados, los t\u00edtulos","og:url":"https:\/\/www.eldigitaldeasturias.com\/noticias\/apple-sube-en-la-bolsa-tras-la-informacion-sobre-recompra-de-acciones\/","article:tag":["actualidad"],"article:published_time":"2014-02-08T02:05:06+00:00","article:modified_time":"2014-02-08T02:05:06+00:00","article:publisher":"https:\/\/facebook.com\/eldigitaldeasturias","twitter:card":"summary_large_image","twitter:title":"Apple sube en la bolsa tras la informaci\u00f3n sobre recompra de acciones - El Digital de Asturias","twitter:description":"Nueva York, 7 feb (EFE).- Las acciones de Apple sub\u00edan hoy en la bolsa tras la informaci\u00f3n publicada hoy sobre que la empresa ha recomprado acciones propias por valor de 14.000 millones de d\u00f3lares en las \u00faltimas dos semanas. Media hora despu\u00e9s del inicio de la sesi\u00f3n de este viernes en los mercados, los t\u00edtulos","twitter:label1":"Escrito por","twitter:data1":"El Digital de Asturias","twitter:label2":"Tiempo de lectura estimado","twitter:data2":"2 minutos"},"aioseo_meta_data":{"post_id":"486316","title":null,"description":null,"keywords":null,"keyphrases":null,"primary_term":null,"canonical_url":null,"og_title":null,"og_description":null,"og_object_type":"default","og_image_type":"default","og_image_url":null,"og_image_width":null,"og_image_height":null,"og_image_custom_url":null,"og_image_custom_fields":null,"og_video":null,"og_custom_url":null,"og_article_section":null,"og_article_tags":null,"twitter_use_og":true,"twitter_card":"default","twitter_image_type":"default","twitter_image_url":null,"twitter_image_custom_url":null,"twitter_image_custom_fields":null,"twitter_title":null,"twitter_description":null,"schema":{"blockGraphs":[],"customGraphs":[],"default":{"data":{"Article":[],"Course":[],"Dataset":[],"FAQPage":[],"Movie":[],"Person":[],"Product":[],"ProductReview":[],"Car":[],"Recipe":[],"Service":[],"SoftwareApplication":[],"WebPage":[]},"graphName":"","isEnabled":true},"graphs":[],"defaultGraph":"","defaultPostTypeGraph":""},"schema_type":null,"schema_type_options":null,"pillar_content":false,"robots_default":true,"robots_noindex":false,"robots_noarchive":false,"robots_nosnippet":false,"robots_nofollow":false,"robots_noimageindex":false,"robots_noodp":false,"robots_notranslate":false,"robots_max_snippet":null,"robots_max_videopreview":null,"robots_max_imagepreview":"none","priority":null,"frequency":null,"local_seo":null,"seo_analyzer_scan_date":"2026-06-03 00:22:45","breadcrumb_settings":null,"limit_modified_date":false,"open_ai":null,"ai":null,"created":"2020-11-14 22:56:04","updated":"2026-06-03 00:22:45","focus_keyword":null,"additional_keywords":null,"truseo_locale":null},"aioseo_breadcrumb":"<div class=\"aioseo-breadcrumbs\"><span class=\"aioseo-breadcrumb\">\n\t<a href=\"https:\/\/www.eldigitaldeasturias.com\/noticias\" title=\"Home\">Home<\/a>\n<\/span><span class=\"aioseo-breadcrumb-separator\">\u2013<\/span><span class=\"aioseo-breadcrumb\">\n\t<a href=\"https:\/\/www.eldigitaldeasturias.com\/noticias\/category\/actualidad\/\" title=\"Actualidad\">Actualidad<\/a>\n<\/span><span class=\"aioseo-breadcrumb-separator\">\u2013<\/span><span class=\"aioseo-breadcrumb\">\n\t<a href=\"https:\/\/www.eldigitaldeasturias.com\/noticias\/apple-sube-en-la-bolsa-tras-la-informacion-sobre-recompra-de-acciones\/\" title=\"Apple sube en la bolsa tras la informaci\u00f3n sobre recompra de acciones\">Apple sube en la bolsa tras la informaci\u00f3n sobre recompra de acciones<\/a>\n<\/span><\/div>","aioseo_breadcrumb_json":[{"label":"Home","link":"https:\/\/www.eldigitaldeasturias.com\/noticias"},{"label":"Actualidad","link":"https:\/\/www.eldigitaldeasturias.com\/noticias\/category\/actualidad\/"},{"label":"Apple sube en la bolsa tras la informaci\u00f3n sobre recompra de acciones","link":"https:\/\/www.eldigitaldeasturias.com\/noticias\/apple-sube-en-la-bolsa-tras-la-informacion-sobre-recompra-de-acciones\/"}],"_links":{"self":[{"href":"https:\/\/www.eldigitaldeasturias.com\/noticias\/wp-json\/wp\/v2\/posts\/486316","targetHints":{"allow":["GET"]}}],"collection":[{"href":"https:\/\/www.eldigitaldeasturias.com\/noticias\/wp-json\/wp\/v2\/posts"}],"about":[{"href":"https:\/\/www.eldigitaldeasturias.com\/noticias\/wp-json\/wp\/v2\/types\/post"}],"author":[{"embeddable":true,"href":"https:\/\/www.eldigitaldeasturias.com\/noticias\/wp-json\/wp\/v2\/users\/1"}],"replies":[{"embeddable":true,"href":"https:\/\/www.eldigitaldeasturias.com\/noticias\/wp-json\/wp\/v2\/comments?post=486316"}],"version-history":[{"count":0,"href":"https:\/\/www.eldigitaldeasturias.com\/noticias\/wp-json\/wp\/v2\/posts\/486316\/revisions"}],"wp:attachment":[{"href":"https:\/\/www.eldigitaldeasturias.com\/noticias\/wp-json\/wp\/v2\/media?parent=486316"}],"wp:term":[{"taxonomy":"category","embeddable":true,"href":"https:\/\/www.eldigitaldeasturias.com\/noticias\/wp-json\/wp\/v2\/categories?post=486316"},{"taxonomy":"post_tag","embeddable":true,"href":"https:\/\/www.eldigitaldeasturias.com\/noticias\/wp-json\/wp\/v2\/tags?post=486316"}],"curies":[{"name":"wp","href":"https:\/\/api.w.org\/{rel}","templated":true}]}}