{"id":486288,"date":"2014-02-08T00:11:29","date_gmt":"2014-02-08T01:11:29","guid":{"rendered":"http:\/\/www.eldigitaldeasturias.com\/noticias\/?p=486288"},"modified":"2014-02-08T00:11:29","modified_gmt":"2014-02-08T01:11:29","slug":"los-contratos-con-pemex-para-floteles-de-ferrol-y-vigo-se-firmaran-en-10-dias","status":"publish","type":"post","link":"https:\/\/www.eldigitaldeasturias.com\/noticias\/los-contratos-con-pemex-para-floteles-de-ferrol-y-vigo-se-firmaran-en-10-dias\/","title":{"rendered":"Los contratos con Pemex para floteles de Ferrol y Vigo se firmar\u00e1n en 10 d\u00edas"},"content":{"rendered":"<p><img loading=\"lazy\" decoding=\"async\" class=\"alignleft size-medium wp-image-486289\" alt=\"5919851w\" src=\"https:\/\/www.eldigitaldeasturias.com\/noticias\/wp-content\/uploads\/2014\/02\/5919851w-360x258.jpg\" width=\"360\" height=\"258\" \/>Ferrol, 7 feb (EFE).- El coordinador de asesores de Pemex, Carlos Roa, y el presidente de la Xunta, Alberto N\u00fa\u00f1ez Feij\u00f3o, comparecieron a primera hora de esta ma\u00f1ana en la ciudad naval para poner fecha a la entrada en vigor de los contratos para iniciar la construcci\u00f3n de los dos floteles que la petrolera mexicana adjudic\u00f3 a Navantia y Barreras, que rubricar\u00e1n el 17 de febrero.<\/p>\n<p>\u00abNos hubiera gustado mucho que hubiese sucedido meses antes pero lo importante es que estamos hoy aqu\u00ed y esperamos firmar el contrato el 17 de febrero, que es ya\u00bb, declar\u00f3 Roa. \u00abNavantia va a cumplir en tiempo, calidad y precio y vamos a tener un gran barco, que ser\u00e1 un orgullo para Pemex\u00bb, a\u00f1adi\u00f3.<\/p>\n<p>A partir de esa fecha, en la que el contrato entrar\u00e1 en vigor previsiblemente, Navantia y Barreras tendr\u00e1n 29 meses para fabricar los dos floteles y uno m\u00e1s de traves\u00eda para entregarlos en M\u00e9xico, de acuerdo a las bases del concurso internacional adjudicado por el Consejo de Administraci\u00f3n de Pemex el pasado 28 de enero.<\/p>\n<p>\u00abEs una oportunidad que Pemex ha dado a Navantia, a Galicia y a Ferrol\u00bb, manifest\u00f3 Feij\u00f3o, que se refiri\u00f3 a los directivos mexicanos como &#8216;amigos&#8217; y expres\u00f3 su confianza en la posibilidad de nuevos contratos en el sector naval que vinculen a la petrolera mexicana con la comunidad.<\/p>\n<p>\u00abEspero y deseo que sea el inicio de otros barcos en esta gran industria del petr\u00f3leo\u00bb, a\u00f1adi\u00f3.<\/p>\n<p>\u00abFerrol es sin\u00f3nimo de barcos\u00bb, dijo el presidente gallego, y con humor, espet\u00f3: \u00abAunque no hay constancia en las Sagradas Escrituras de qui\u00e9n hizo el Arca (de No\u00e9), pod\u00eda ser un lugar pr\u00f3ximo a Ferrol\u00bb.<\/p>\n<p>El director de PMI, la filial internacional de Pemex, Jos\u00e9 Manuel Carrera, precis\u00f3 que los contratos \u00abexisten\u00bb desde el 19 de septiembre del 2012, y \u00abhan estado existiendo\u00bb.<\/p>\n<p>\u00abSon los contratos que ten\u00edamos en septiembre del 2012 y que, simplemente, est\u00e1n en proceso de entrar en vigor\u00bb, declar\u00f3 Carrera.<\/p>\n<p>\u00abLa noticia importante es que a partir del 17 de febrero se inicia la cuenta regresiva para entregar a Pemex los barcos\u00bb, termin\u00f3.<\/p>\n<p>Por su parte, el regidor ferrolano, Jos\u00e9 Manuel Rey Varela (PP), que fue el anfitri\u00f3n del acto, expres\u00f3 su confianza en que este primer contrato del grupo naval espa\u00f1ol con Pemex ser\u00e1 el inicio de una \u00abrelaci\u00f3n fruct\u00edfera y duradera\u00bb que \u00ababre oportunidades importantes para Navantia en el mercado civil\u00bb.<\/p>\n<p>\u00abFerrol naci\u00f3 para construir barcos y el astillero es el orgullo de todos los ferrolanos que estar\u00e1n a la altura de la responsabilidad y de la confianza demostrando que son los mejores\u00bb, a\u00f1adi\u00f3 Rey.<\/p>\n<p>La delegaci\u00f3n mexicana, encabezada por Roa y Carrera, junto a sus asesores, lleg\u00f3 al Ayuntamiento de Ferrol a las 9:30 horas de la ma\u00f1ana, junto al presidente gallego, el conselleiro de Industria y el presidente de la Diputaci\u00f3n Diego Calvo.<\/p>\n<p>Tras una breve reuni\u00f3n a puerta cerrada, intervinieron ante los medios para explicar algunos detalles del proceso de licitaci\u00f3n internacional al que concurrieron, de forma conjunta, Navantia y Barreras a trav\u00e9s de PMI, y que se resolvi\u00f3 el pasado 28 de enero, poco despu\u00e9s de las tres de la madrugada, hora espa\u00f1ola.<\/p>\n<p>A continuaci\u00f3n, la comitiva se dirigi\u00f3 a los astilleros p\u00fablicos de Navantia en la r\u00eda, con dos factor\u00edas en Fene y Ferrol que acometer\u00e1n los trabajos de construcci\u00f3n de uno de los dos floteles encargados por Pemex a las factor\u00edas gallegas.<\/p>\n<p>Fue una visita r\u00e1pida y de car\u00e1cter privado tras la que pusieron rumbo a Vigo, para recorrer los talleres de Hijos de J. Barreras, donde est\u00e1 prevista una segunda comparecencia p\u00fablica a \u00faltima hora de la ma\u00f1ana.<\/p>\n<p>La visita a Ferrol de la delegaci\u00f3n mexicana y los miembros del Ejecutivo gallego se anunci\u00f3 con escasa anticipaci\u00f3n y los medios de comunicaci\u00f3n fueron convocados por la Xunta y el Ayuntamiento ferrolano apenas una hora antes.<\/p>\n<p>El Comit\u00e9 de Empresa de Navantia critic\u00f3 que no fueron informados de la visita de Pemex a los astilleros.<\/p>\n","protected":false},"excerpt":{"rendered":"<p>Ferrol, 7 feb (EFE).- El coordinador de asesores de Pemex, Carlos Roa, y el presidente de la Xunta, Alberto N\u00fa\u00f1ez Feij\u00f3o, comparecieron a primera hora de esta ma\u00f1ana en la ciudad naval para poner fecha a la entrada en vigor de los contratos para iniciar la construcci\u00f3n de los dos floteles que la petrolera mexicana [&hellip;]<\/p>\n","protected":false},"author":1,"featured_media":486289,"comment_status":"open","ping_status":"open","sticky":false,"template":"","format":"standard","meta":{"footnotes":""},"categories":[1],"tags":[],"class_list":["post-486288","post","type-post","status-publish","format-standard","has-post-thumbnail","hentry","category-actualidad"],"aioseo_notices":[],"aioseo_head":"\n\t\t<!-- All in One SEO Pro 5.0.1 - aioseo.com -->\n\t<meta name=\"description\" content=\"Ferrol, 7 feb (EFE).- El coordinador de asesores de Pemex, Carlos Roa, y el presidente de la Xunta, Alberto N\u00fa\u00f1ez Feij\u00f3o, comparecieron a primera hora de esta ma\u00f1ana en la ciudad naval para poner fecha a la entrada en vigor de los contratos para iniciar la construcci\u00f3n de los dos floteles que la petrolera mexicana\" \/>\n\t<meta name=\"robots\" content=\"max-image-preview:large\" \/>\n\t<meta name=\"author\" content=\"El Digital de Asturias\"\/>\n\t<meta name=\"google-site-verification\" content=\"UA-38556648-1\" \/>\n\t<meta name=\"msvalidate.01\" content=\"7dfe9f3f1b24437ab69f4f2559babe99\" \/>\n\t<meta name=\"keywords\" content=\"actualidad\" \/>\n\t<link rel=\"canonical\" href=\"https:\/\/www.eldigitaldeasturias.com\/noticias\/los-contratos-con-pemex-para-floteles-de-ferrol-y-vigo-se-firmaran-en-10-dias\/\" \/>\n\t<meta name=\"generator\" content=\"All in One SEO Pro (AIOSEO) 5.0.1\" \/>\n\t\t<meta property=\"og:locale\" content=\"es_ES\" \/>\n\t\t<meta property=\"og:site_name\" content=\"El Digital de Asturias\" \/>\n\t\t<meta property=\"og:type\" content=\"article\" \/>\n\t\t<meta property=\"og:title\" content=\"Los contratos con Pemex para floteles de Ferrol y Vigo se firmar\u00e1n en 10 d\u00edas - El Digital de Asturias\" \/>\n\t\t<meta property=\"og:description\" content=\"Ferrol, 7 feb (EFE).- El coordinador de asesores de Pemex, Carlos Roa, y el presidente de la Xunta, Alberto N\u00fa\u00f1ez Feij\u00f3o, comparecieron a primera hora de esta ma\u00f1ana en la ciudad naval para poner fecha a la entrada en vigor de los contratos para iniciar la construcci\u00f3n de los dos floteles que la petrolera mexicana\" \/>\n\t\t<meta property=\"og:url\" content=\"https:\/\/www.eldigitaldeasturias.com\/noticias\/los-contratos-con-pemex-para-floteles-de-ferrol-y-vigo-se-firmaran-en-10-dias\/\" \/>\n\t\t<meta property=\"article:tag\" content=\"actualidad\" \/>\n\t\t<meta property=\"article:published_time\" content=\"2014-02-08T01:11:29+00:00\" \/>\n\t\t<meta property=\"article:modified_time\" content=\"2014-02-08T01:11:29+00:00\" \/>\n\t\t<meta property=\"article:publisher\" content=\"https:\/\/facebook.com\/eldigitaldeasturias\" \/>\n\t\t<meta name=\"twitter:card\" content=\"summary_large_image\" \/>\n\t\t<meta name=\"twitter:title\" content=\"Los contratos con Pemex para floteles de Ferrol y Vigo se firmar\u00e1n en 10 d\u00edas - El Digital de Asturias\" \/>\n\t\t<meta name=\"twitter:description\" content=\"Ferrol, 7 feb (EFE).- El coordinador de asesores de Pemex, Carlos Roa, y el presidente de la Xunta, Alberto N\u00fa\u00f1ez Feij\u00f3o, comparecieron a primera hora de esta ma\u00f1ana en la ciudad naval para poner fecha a la entrada en vigor de los contratos para iniciar la construcci\u00f3n de los dos floteles que la petrolera mexicana\" \/>\n\t\t<meta name=\"twitter:label1\" content=\"Escrito por\" \/>\n\t\t<meta name=\"twitter:data1\" content=\"El Digital de Asturias\" \/>\n\t\t<meta name=\"twitter:label2\" content=\"Tiempo de lectura estimado\" \/>\n\t\t<meta name=\"twitter:data2\" content=\"3 minutos\" \/>\n\t\t<script type=\"application\/ld+json\" class=\"aioseo-schema\">\n\t\t\t{\"@context\":\"https:\\\/\\\/schema.org\",\"@graph\":[{\"@type\":\"BlogPosting\",\"@id\":\"https:\\\/\\\/www.eldigitaldeasturias.com\\\/noticias\\\/los-contratos-con-pemex-para-floteles-de-ferrol-y-vigo-se-firmaran-en-10-dias\\\/#blogposting\",\"name\":\"Los contratos con Pemex para floteles de Ferrol y Vigo se firmar\\u00e1n en 10 d\\u00edas - El Digital de Asturias\",\"headline\":\"Los contratos con Pemex para floteles de Ferrol y Vigo se firmar\\u00e1n en 10 d\\u00edas\",\"author\":{\"@id\":\"https:\\\/\\\/www.eldigitaldeasturias.com\\\/noticias\\\/author\\\/admin\\\/#author\"},\"publisher\":{\"@id\":\"https:\\\/\\\/www.eldigitaldeasturias.com\\\/noticias\\\/#organization\"},\"image\":{\"@type\":\"ImageObject\",\"url\":486289},\"datePublished\":\"2014-02-08T00:11:29+01:00\",\"dateModified\":\"2014-02-08T00:11:29+01:00\",\"inLanguage\":\"es-ES\",\"mainEntityOfPage\":{\"@id\":\"https:\\\/\\\/www.eldigitaldeasturias.com\\\/noticias\\\/los-contratos-con-pemex-para-floteles-de-ferrol-y-vigo-se-firmaran-en-10-dias\\\/#webpage\"},\"isPartOf\":{\"@id\":\"https:\\\/\\\/www.eldigitaldeasturias.com\\\/noticias\\\/los-contratos-con-pemex-para-floteles-de-ferrol-y-vigo-se-firmaran-en-10-dias\\\/#webpage\"},\"articleSection\":\"Actualidad\"},{\"@type\":\"BreadcrumbList\",\"@id\":\"https:\\\/\\\/www.eldigitaldeasturias.com\\\/noticias\\\/los-contratos-con-pemex-para-floteles-de-ferrol-y-vigo-se-firmaran-en-10-dias\\\/#breadcrumblist\",\"itemListElement\":[{\"@type\":\"ListItem\",\"@id\":\"https:\\\/\\\/www.eldigitaldeasturias.com\\\/noticias#listItem\",\"position\":1,\"name\":\"Home\",\"item\":\"https:\\\/\\\/www.eldigitaldeasturias.com\\\/noticias\",\"nextItem\":{\"@type\":\"ListItem\",\"@id\":\"https:\\\/\\\/www.eldigitaldeasturias.com\\\/noticias\\\/category\\\/actualidad\\\/#listItem\",\"name\":\"Actualidad\"}},{\"@type\":\"ListItem\",\"@id\":\"https:\\\/\\\/www.eldigitaldeasturias.com\\\/noticias\\\/category\\\/actualidad\\\/#listItem\",\"position\":2,\"name\":\"Actualidad\",\"item\":\"https:\\\/\\\/www.eldigitaldeasturias.com\\\/noticias\\\/category\\\/actualidad\\\/\",\"nextItem\":{\"@type\":\"ListItem\",\"@id\":\"https:\\\/\\\/www.eldigitaldeasturias.com\\\/noticias\\\/los-contratos-con-pemex-para-floteles-de-ferrol-y-vigo-se-firmaran-en-10-dias\\\/#listItem\",\"name\":\"Los contratos con Pemex para floteles de Ferrol y Vigo se firmar\\u00e1n en 10 d\\u00edas\"},\"previousItem\":{\"@type\":\"ListItem\",\"@id\":\"https:\\\/\\\/www.eldigitaldeasturias.com\\\/noticias#listItem\",\"name\":\"Home\"}},{\"@type\":\"ListItem\",\"@id\":\"https:\\\/\\\/www.eldigitaldeasturias.com\\\/noticias\\\/los-contratos-con-pemex-para-floteles-de-ferrol-y-vigo-se-firmaran-en-10-dias\\\/#listItem\",\"position\":3,\"name\":\"Los contratos con Pemex para floteles de Ferrol y Vigo se firmar\\u00e1n en 10 d\\u00edas\",\"previousItem\":{\"@type\":\"ListItem\",\"@id\":\"https:\\\/\\\/www.eldigitaldeasturias.com\\\/noticias\\\/category\\\/actualidad\\\/#listItem\",\"name\":\"Actualidad\"}}]},{\"@type\":\"Organization\",\"@id\":\"https:\\\/\\\/www.eldigitaldeasturias.com\\\/noticias\\\/#organization\",\"name\":\"El Digital de Asturias\",\"description\":\"Hemeroteca\",\"url\":\"https:\\\/\\\/www.eldigitaldeasturias.com\\\/noticias\\\/\",\"email\":\"info@eldigitaldeasturias.com\",\"telephone\":\"+34652131393\",\"logo\":{\"@type\":\"ImageObject\",\"url\":\"https:\\\/\\\/www.eldigitaldeasturias.com\\\/noticias\\\/wp-content\\\/uploads\\\/2020\\\/12\\\/EDA.jpg\",\"@id\":\"https:\\\/\\\/www.eldigitaldeasturias.com\\\/noticias\\\/los-contratos-con-pemex-para-floteles-de-ferrol-y-vigo-se-firmaran-en-10-dias\\\/#organizationLogo\"},\"image\":{\"@id\":\"https:\\\/\\\/www.eldigitaldeasturias.com\\\/noticias\\\/los-contratos-con-pemex-para-floteles-de-ferrol-y-vigo-se-firmaran-en-10-dias\\\/#organizationLogo\"},\"sameAs\":[\"https:\\\/\\\/facebook.com\\\/eldigitaldeasturias\",\"https:\\\/\\\/www.youtube.com\\\/channel\\\/UCZP-2wLEB9Rv6erhFmqVnvg\"],\"address\":{\"@id\":\"https:\\\/\\\/www.eldigitaldeasturias.com\\\/noticias\\\/#postaladdress\",\"@type\":\"PostalAddress\",\"streetAddress\":\"san antonio 4\",\"postalCode\":\"33430\",\"addressLocality\":\"Cand\\u00e1s\",\"addressRegion\":\"Asturias\",\"addressCountry\":\"ES\"}},{\"@type\":\"Person\",\"@id\":\"https:\\\/\\\/www.eldigitaldeasturias.com\\\/noticias\\\/author\\\/admin\\\/#author\",\"url\":\"https:\\\/\\\/www.eldigitaldeasturias.com\\\/noticias\\\/author\\\/admin\\\/\",\"name\":\"El Digital de Asturias\",\"image\":{\"@type\":\"ImageObject\",\"@id\":\"https:\\\/\\\/www.eldigitaldeasturias.com\\\/noticias\\\/los-contratos-con-pemex-para-floteles-de-ferrol-y-vigo-se-firmaran-en-10-dias\\\/#authorImage\",\"url\":\"https:\\\/\\\/secure.gravatar.com\\\/avatar\\\/df2aeffc32bcd13f8d26072ef8a91b623d677766deac7f97ca815868cd41bf5e?s=96&d=mm&r=g\",\"width\":96,\"height\":96,\"caption\":\"El Digital de Asturias\"}},{\"@type\":\"WebPage\",\"@id\":\"https:\\\/\\\/www.eldigitaldeasturias.com\\\/noticias\\\/los-contratos-con-pemex-para-floteles-de-ferrol-y-vigo-se-firmaran-en-10-dias\\\/#webpage\",\"url\":\"https:\\\/\\\/www.eldigitaldeasturias.com\\\/noticias\\\/los-contratos-con-pemex-para-floteles-de-ferrol-y-vigo-se-firmaran-en-10-dias\\\/\",\"name\":\"Los contratos con Pemex para floteles de Ferrol y Vigo se firmar\\u00e1n en 10 d\\u00edas - El Digital de Asturias\",\"description\":\"Ferrol, 7 feb (EFE).- El coordinador de asesores de Pemex, Carlos Roa, y el presidente de la Xunta, Alberto N\\u00fa\\u00f1ez Feij\\u00f3o, comparecieron a primera hora de esta ma\\u00f1ana en la ciudad naval para poner fecha a la entrada en vigor de los contratos para iniciar la construcci\\u00f3n de los dos floteles que la petrolera mexicana\",\"inLanguage\":\"es-ES\",\"isPartOf\":{\"@id\":\"https:\\\/\\\/www.eldigitaldeasturias.com\\\/noticias\\\/#website\"},\"breadcrumb\":{\"@id\":\"https:\\\/\\\/www.eldigitaldeasturias.com\\\/noticias\\\/los-contratos-con-pemex-para-floteles-de-ferrol-y-vigo-se-firmaran-en-10-dias\\\/#breadcrumblist\"},\"author\":{\"@id\":\"https:\\\/\\\/www.eldigitaldeasturias.com\\\/noticias\\\/author\\\/admin\\\/#author\"},\"creator\":{\"@id\":\"https:\\\/\\\/www.eldigitaldeasturias.com\\\/noticias\\\/author\\\/admin\\\/#author\"},\"image\":{\"@type\":\"ImageObject\",\"url\":486289,\"@id\":\"https:\\\/\\\/www.eldigitaldeasturias.com\\\/noticias\\\/los-contratos-con-pemex-para-floteles-de-ferrol-y-vigo-se-firmaran-en-10-dias\\\/#mainImage\"},\"primaryImageOfPage\":{\"@id\":\"https:\\\/\\\/www.eldigitaldeasturias.com\\\/noticias\\\/los-contratos-con-pemex-para-floteles-de-ferrol-y-vigo-se-firmaran-en-10-dias\\\/#mainImage\"},\"datePublished\":\"2014-02-08T00:11:29+01:00\",\"dateModified\":\"2014-02-08T00:11:29+01:00\"},{\"@type\":\"WebSite\",\"@id\":\"https:\\\/\\\/www.eldigitaldeasturias.com\\\/noticias\\\/#website\",\"url\":\"https:\\\/\\\/www.eldigitaldeasturias.com\\\/noticias\\\/\",\"name\":\"El Digital de Asturias - Diario de actualidad y noticias\",\"alternateName\":\"El Digital de Asturias - Diario de actualidad y noticias\",\"description\":\"Hemeroteca\",\"inLanguage\":\"es-ES\",\"publisher\":{\"@id\":\"https:\\\/\\\/www.eldigitaldeasturias.com\\\/noticias\\\/#organization\"}}]}\n\t\t<\/script>\n\t\t<!-- All in One SEO Pro -->\r\n\t\t<title>Los contratos con Pemex para floteles de Ferrol y Vigo se firmar\u00e1n en 10 d\u00edas - El Digital de Asturias<\/title>\n\n","aioseo_head_json":{"title":"Los contratos con Pemex para floteles de Ferrol y Vigo se firmar\u00e1n en 10 d\u00edas - El Digital de Asturias","description":"Ferrol, 7 feb (EFE).- El coordinador de asesores de Pemex, Carlos Roa, y el presidente de la Xunta, Alberto N\u00fa\u00f1ez Feij\u00f3o, comparecieron a primera hora de esta ma\u00f1ana en la ciudad naval para poner fecha a la entrada en vigor de los contratos para iniciar la construcci\u00f3n de los dos floteles que la petrolera mexicana","canonical_url":"https:\/\/www.eldigitaldeasturias.com\/noticias\/los-contratos-con-pemex-para-floteles-de-ferrol-y-vigo-se-firmaran-en-10-dias\/","robots":"max-image-preview:large","keywords":"actualidad","webmasterTools":{"google-site-verification":"UA-38556648-1","msvalidate.01":"7dfe9f3f1b24437ab69f4f2559babe99","miscellaneous":""},"schema":{"@context":"https:\/\/schema.org","@graph":[{"@type":"BlogPosting","@id":"https:\/\/www.eldigitaldeasturias.com\/noticias\/los-contratos-con-pemex-para-floteles-de-ferrol-y-vigo-se-firmaran-en-10-dias\/#blogposting","name":"Los contratos con Pemex para floteles de Ferrol y Vigo se firmar\u00e1n en 10 d\u00edas - El Digital de Asturias","headline":"Los contratos con Pemex para floteles de Ferrol y Vigo se firmar\u00e1n en 10 d\u00edas","author":{"@id":"https:\/\/www.eldigitaldeasturias.com\/noticias\/author\/admin\/#author"},"publisher":{"@id":"https:\/\/www.eldigitaldeasturias.com\/noticias\/#organization"},"image":{"@type":"ImageObject","url":486289},"datePublished":"2014-02-08T00:11:29+01:00","dateModified":"2014-02-08T00:11:29+01:00","inLanguage":"es-ES","mainEntityOfPage":{"@id":"https:\/\/www.eldigitaldeasturias.com\/noticias\/los-contratos-con-pemex-para-floteles-de-ferrol-y-vigo-se-firmaran-en-10-dias\/#webpage"},"isPartOf":{"@id":"https:\/\/www.eldigitaldeasturias.com\/noticias\/los-contratos-con-pemex-para-floteles-de-ferrol-y-vigo-se-firmaran-en-10-dias\/#webpage"},"articleSection":"Actualidad"},{"@type":"BreadcrumbList","@id":"https:\/\/www.eldigitaldeasturias.com\/noticias\/los-contratos-con-pemex-para-floteles-de-ferrol-y-vigo-se-firmaran-en-10-dias\/#breadcrumblist","itemListElement":[{"@type":"ListItem","@id":"https:\/\/www.eldigitaldeasturias.com\/noticias#listItem","position":1,"name":"Home","item":"https:\/\/www.eldigitaldeasturias.com\/noticias","nextItem":{"@type":"ListItem","@id":"https:\/\/www.eldigitaldeasturias.com\/noticias\/category\/actualidad\/#listItem","name":"Actualidad"}},{"@type":"ListItem","@id":"https:\/\/www.eldigitaldeasturias.com\/noticias\/category\/actualidad\/#listItem","position":2,"name":"Actualidad","item":"https:\/\/www.eldigitaldeasturias.com\/noticias\/category\/actualidad\/","nextItem":{"@type":"ListItem","@id":"https:\/\/www.eldigitaldeasturias.com\/noticias\/los-contratos-con-pemex-para-floteles-de-ferrol-y-vigo-se-firmaran-en-10-dias\/#listItem","name":"Los contratos con Pemex para floteles de Ferrol y Vigo se firmar\u00e1n en 10 d\u00edas"},"previousItem":{"@type":"ListItem","@id":"https:\/\/www.eldigitaldeasturias.com\/noticias#listItem","name":"Home"}},{"@type":"ListItem","@id":"https:\/\/www.eldigitaldeasturias.com\/noticias\/los-contratos-con-pemex-para-floteles-de-ferrol-y-vigo-se-firmaran-en-10-dias\/#listItem","position":3,"name":"Los contratos con Pemex para floteles de Ferrol y Vigo se firmar\u00e1n en 10 d\u00edas","previousItem":{"@type":"ListItem","@id":"https:\/\/www.eldigitaldeasturias.com\/noticias\/category\/actualidad\/#listItem","name":"Actualidad"}}]},{"@type":"Organization","@id":"https:\/\/www.eldigitaldeasturias.com\/noticias\/#organization","name":"El Digital de Asturias","description":"Hemeroteca","url":"https:\/\/www.eldigitaldeasturias.com\/noticias\/","email":"info@eldigitaldeasturias.com","telephone":"+34652131393","logo":{"@type":"ImageObject","url":"https:\/\/www.eldigitaldeasturias.com\/noticias\/wp-content\/uploads\/2020\/12\/EDA.jpg","@id":"https:\/\/www.eldigitaldeasturias.com\/noticias\/los-contratos-con-pemex-para-floteles-de-ferrol-y-vigo-se-firmaran-en-10-dias\/#organizationLogo"},"image":{"@id":"https:\/\/www.eldigitaldeasturias.com\/noticias\/los-contratos-con-pemex-para-floteles-de-ferrol-y-vigo-se-firmaran-en-10-dias\/#organizationLogo"},"sameAs":["https:\/\/facebook.com\/eldigitaldeasturias","https:\/\/www.youtube.com\/channel\/UCZP-2wLEB9Rv6erhFmqVnvg"],"address":{"@id":"https:\/\/www.eldigitaldeasturias.com\/noticias\/#postaladdress","@type":"PostalAddress","streetAddress":"san antonio 4","postalCode":"33430","addressLocality":"Cand\u00e1s","addressRegion":"Asturias","addressCountry":"ES"}},{"@type":"Person","@id":"https:\/\/www.eldigitaldeasturias.com\/noticias\/author\/admin\/#author","url":"https:\/\/www.eldigitaldeasturias.com\/noticias\/author\/admin\/","name":"El Digital de Asturias","image":{"@type":"ImageObject","@id":"https:\/\/www.eldigitaldeasturias.com\/noticias\/los-contratos-con-pemex-para-floteles-de-ferrol-y-vigo-se-firmaran-en-10-dias\/#authorImage","url":"https:\/\/secure.gravatar.com\/avatar\/df2aeffc32bcd13f8d26072ef8a91b623d677766deac7f97ca815868cd41bf5e?s=96&d=mm&r=g","width":96,"height":96,"caption":"El Digital de Asturias"}},{"@type":"WebPage","@id":"https:\/\/www.eldigitaldeasturias.com\/noticias\/los-contratos-con-pemex-para-floteles-de-ferrol-y-vigo-se-firmaran-en-10-dias\/#webpage","url":"https:\/\/www.eldigitaldeasturias.com\/noticias\/los-contratos-con-pemex-para-floteles-de-ferrol-y-vigo-se-firmaran-en-10-dias\/","name":"Los contratos con Pemex para floteles de Ferrol y Vigo se firmar\u00e1n en 10 d\u00edas - El Digital de Asturias","description":"Ferrol, 7 feb (EFE).- El coordinador de asesores de Pemex, Carlos Roa, y el presidente de la Xunta, Alberto N\u00fa\u00f1ez Feij\u00f3o, comparecieron a primera hora de esta ma\u00f1ana en la ciudad naval para poner fecha a la entrada en vigor de los contratos para iniciar la construcci\u00f3n de los dos floteles que la petrolera mexicana","inLanguage":"es-ES","isPartOf":{"@id":"https:\/\/www.eldigitaldeasturias.com\/noticias\/#website"},"breadcrumb":{"@id":"https:\/\/www.eldigitaldeasturias.com\/noticias\/los-contratos-con-pemex-para-floteles-de-ferrol-y-vigo-se-firmaran-en-10-dias\/#breadcrumblist"},"author":{"@id":"https:\/\/www.eldigitaldeasturias.com\/noticias\/author\/admin\/#author"},"creator":{"@id":"https:\/\/www.eldigitaldeasturias.com\/noticias\/author\/admin\/#author"},"image":{"@type":"ImageObject","url":486289,"@id":"https:\/\/www.eldigitaldeasturias.com\/noticias\/los-contratos-con-pemex-para-floteles-de-ferrol-y-vigo-se-firmaran-en-10-dias\/#mainImage"},"primaryImageOfPage":{"@id":"https:\/\/www.eldigitaldeasturias.com\/noticias\/los-contratos-con-pemex-para-floteles-de-ferrol-y-vigo-se-firmaran-en-10-dias\/#mainImage"},"datePublished":"2014-02-08T00:11:29+01:00","dateModified":"2014-02-08T00:11:29+01:00"},{"@type":"WebSite","@id":"https:\/\/www.eldigitaldeasturias.com\/noticias\/#website","url":"https:\/\/www.eldigitaldeasturias.com\/noticias\/","name":"El Digital de Asturias - Diario de actualidad y noticias","alternateName":"El Digital de Asturias - Diario de actualidad y noticias","description":"Hemeroteca","inLanguage":"es-ES","publisher":{"@id":"https:\/\/www.eldigitaldeasturias.com\/noticias\/#organization"}}]},"og:locale":"es_ES","og:site_name":"El Digital de Asturias","og:type":"article","og:title":"Los contratos con Pemex para floteles de Ferrol y Vigo se firmar\u00e1n en 10 d\u00edas - El Digital de Asturias","og:description":"Ferrol, 7 feb (EFE).- El coordinador de asesores de Pemex, Carlos Roa, y el presidente de la Xunta, Alberto N\u00fa\u00f1ez Feij\u00f3o, comparecieron a primera hora de esta ma\u00f1ana en la ciudad naval para poner fecha a la entrada en vigor de los contratos para iniciar la construcci\u00f3n de los dos floteles que la petrolera mexicana","og:url":"https:\/\/www.eldigitaldeasturias.com\/noticias\/los-contratos-con-pemex-para-floteles-de-ferrol-y-vigo-se-firmaran-en-10-dias\/","article:tag":["actualidad"],"article:published_time":"2014-02-08T01:11:29+00:00","article:modified_time":"2014-02-08T01:11:29+00:00","article:publisher":"https:\/\/facebook.com\/eldigitaldeasturias","twitter:card":"summary_large_image","twitter:title":"Los contratos con Pemex para floteles de Ferrol y Vigo se firmar\u00e1n en 10 d\u00edas - El Digital de Asturias","twitter:description":"Ferrol, 7 feb (EFE).- El coordinador de asesores de Pemex, Carlos Roa, y el presidente de la Xunta, Alberto N\u00fa\u00f1ez Feij\u00f3o, comparecieron a primera hora de esta ma\u00f1ana en la ciudad naval para poner fecha a la entrada en vigor de los contratos para iniciar la construcci\u00f3n de los dos floteles que la petrolera mexicana","twitter:label1":"Escrito por","twitter:data1":"El Digital de Asturias","twitter:label2":"Tiempo de lectura estimado","twitter:data2":"3 minutos"},"aioseo_meta_data":{"post_id":"486288","title":null,"description":null,"keywords":null,"keyphrases":null,"primary_term":null,"canonical_url":null,"og_title":null,"og_description":null,"og_object_type":"default","og_image_type":"default","og_image_url":null,"og_image_width":null,"og_image_height":null,"og_image_custom_url":null,"og_image_custom_fields":null,"og_video":null,"og_custom_url":null,"og_article_section":null,"og_article_tags":null,"twitter_use_og":true,"twitter_card":"default","twitter_image_type":"default","twitter_image_url":null,"twitter_image_custom_url":null,"twitter_image_custom_fields":null,"twitter_title":null,"twitter_description":null,"schema":{"blockGraphs":[],"customGraphs":[],"default":{"data":{"Article":[],"Course":[],"Dataset":[],"FAQPage":[],"Movie":[],"Person":[],"Product":[],"ProductReview":[],"Car":[],"Recipe":[],"Service":[],"SoftwareApplication":[],"WebPage":[]},"graphName":"","isEnabled":true},"graphs":[],"defaultGraph":"","defaultPostTypeGraph":""},"schema_type":null,"schema_type_options":null,"pillar_content":false,"robots_default":true,"robots_noindex":false,"robots_noarchive":false,"robots_nosnippet":false,"robots_nofollow":false,"robots_noimageindex":false,"robots_noodp":false,"robots_notranslate":false,"robots_max_snippet":null,"robots_max_videopreview":null,"robots_max_imagepreview":"none","priority":null,"frequency":null,"local_seo":null,"seo_analyzer_scan_date":"2026-06-03 00:17:01","breadcrumb_settings":null,"limit_modified_date":false,"open_ai":null,"ai":null,"created":"2020-11-14 22:56:04","updated":"2026-06-03 00:17:01","focus_keyword":null,"additional_keywords":null,"truseo_locale":null},"aioseo_breadcrumb":"<div class=\"aioseo-breadcrumbs\"><span class=\"aioseo-breadcrumb\">\n\t<a href=\"https:\/\/www.eldigitaldeasturias.com\/noticias\" title=\"Home\">Home<\/a>\n<\/span><span class=\"aioseo-breadcrumb-separator\">\u2013<\/span><span class=\"aioseo-breadcrumb\">\n\t<a href=\"https:\/\/www.eldigitaldeasturias.com\/noticias\/category\/actualidad\/\" title=\"Actualidad\">Actualidad<\/a>\n<\/span><span class=\"aioseo-breadcrumb-separator\">\u2013<\/span><span class=\"aioseo-breadcrumb\">\n\t<a href=\"https:\/\/www.eldigitaldeasturias.com\/noticias\/los-contratos-con-pemex-para-floteles-de-ferrol-y-vigo-se-firmaran-en-10-dias\/\" title=\"Los contratos con Pemex para floteles de Ferrol y Vigo se firmar\u00e1n en 10 d\u00edas\">Los contratos con Pemex para floteles de Ferrol y Vigo se firmar\u00e1n en 10 d\u00edas<\/a>\n<\/span><\/div>","aioseo_breadcrumb_json":[{"label":"Home","link":"https:\/\/www.eldigitaldeasturias.com\/noticias"},{"label":"Actualidad","link":"https:\/\/www.eldigitaldeasturias.com\/noticias\/category\/actualidad\/"},{"label":"Los contratos con Pemex para floteles de Ferrol y Vigo se firmar\u00e1n en 10 d\u00edas","link":"https:\/\/www.eldigitaldeasturias.com\/noticias\/los-contratos-con-pemex-para-floteles-de-ferrol-y-vigo-se-firmaran-en-10-dias\/"}],"_links":{"self":[{"href":"https:\/\/www.eldigitaldeasturias.com\/noticias\/wp-json\/wp\/v2\/posts\/486288","targetHints":{"allow":["GET"]}}],"collection":[{"href":"https:\/\/www.eldigitaldeasturias.com\/noticias\/wp-json\/wp\/v2\/posts"}],"about":[{"href":"https:\/\/www.eldigitaldeasturias.com\/noticias\/wp-json\/wp\/v2\/types\/post"}],"author":[{"embeddable":true,"href":"https:\/\/www.eldigitaldeasturias.com\/noticias\/wp-json\/wp\/v2\/users\/1"}],"replies":[{"embeddable":true,"href":"https:\/\/www.eldigitaldeasturias.com\/noticias\/wp-json\/wp\/v2\/comments?post=486288"}],"version-history":[{"count":0,"href":"https:\/\/www.eldigitaldeasturias.com\/noticias\/wp-json\/wp\/v2\/posts\/486288\/revisions"}],"wp:attachment":[{"href":"https:\/\/www.eldigitaldeasturias.com\/noticias\/wp-json\/wp\/v2\/media?parent=486288"}],"wp:term":[{"taxonomy":"category","embeddable":true,"href":"https:\/\/www.eldigitaldeasturias.com\/noticias\/wp-json\/wp\/v2\/categories?post=486288"},{"taxonomy":"post_tag","embeddable":true,"href":"https:\/\/www.eldigitaldeasturias.com\/noticias\/wp-json\/wp\/v2\/tags?post=486288"}],"curies":[{"name":"wp","href":"https:\/\/api.w.org\/{rel}","templated":true}]}}