{"id":486285,"date":"2014-02-08T00:05:28","date_gmt":"2014-02-08T01:05:28","guid":{"rendered":"http:\/\/www.eldigitaldeasturias.com\/noticias\/?p=486285"},"modified":"2014-02-08T00:05:28","modified_gmt":"2014-02-08T01:05:28","slug":"galicia-registro-la-mayor-tasa-media-de-produccion-industrial-en-2013","status":"publish","type":"post","link":"https:\/\/www.eldigitaldeasturias.com\/noticias\/galicia-registro-la-mayor-tasa-media-de-produccion-industrial-en-2013\/","title":{"rendered":"Galicia registr\u00f3 la mayor tasa media de producci\u00f3n industrial en 2013"},"content":{"rendered":"<p><img loading=\"lazy\" decoding=\"async\" class=\"alignleft size-medium wp-image-486286\" alt=\"5921235w\" src=\"https:\/\/www.eldigitaldeasturias.com\/noticias\/wp-content\/uploads\/2014\/02\/5921235w-360x239.jpg\" width=\"360\" height=\"239\" \/>Madrid\/Santiago de Compostela, 7 feb (EFE).- Galicia es la comunidad aut\u00f3noma que registr\u00f3 el a\u00f1o pasado la mayor media del \u00edndice general de producci\u00f3n industrial, seguida de la Comunidad Valenciana y de Catalu\u00f1a, ya que las dem\u00e1s tuvieron \u00edndices negativos, seg\u00fan datos facilitados hoy por el Instituto Nacional de Estad\u00edstica (INE).<\/p>\n<p>Todas las comunidades aut\u00f3nomas presentaron tasas negativas excepto Galicia (3,4 %), Comunidad Valenciana (2,0 %) y Catalu\u00f1a (0,8 %).<\/p>\n<p>Por el contrario, los mayores descensos interanuales se dieron en Castilla y Le\u00f3n (7,0 %), Andaluc\u00eda (5,9 %) y La Rioja (4,7 %).<\/p>\n<p>La producci\u00f3n industrial disminuy\u00f3 en Espa\u00f1a un 1,8 % en 2013, una ca\u00edda que se produce por tercer a\u00f1o consecutivo, si bien se ha moderado al alejarse del desplome del 6,4 % registrado el a\u00f1o anterior.<\/p>\n<p>Seg\u00fan el INE, desde 2003 el \u00edndice de producci\u00f3n industrial ha experimentado un crecimiento que lleg\u00f3 a alcanzar tasas del 3,7 % en 2006, aunque dos a\u00f1os despu\u00e9s cambi\u00f3 de tendencia hasta caer incluso m\u00e1s del 16 % en 2009, y tras mantenerse estable en 2010, volvi\u00f3 de nuevo a tasas negativas.<\/p>\n<p>La moderaci\u00f3n de la ca\u00edda en 2013 viene sustentada en una tendencia al alza de los datos mensuales que, desde septiembre, se ha mantenido estables o en tasas positivas, algo que podr\u00eda continuar durante los pr\u00f3ximos meses, como consecuencia de la recuperaci\u00f3n de la econom\u00eda general.<\/p>\n<p>Los datos muestran c\u00f3mo todos los sectores industriales, excepto los bienes de equipo, redujeron su producci\u00f3n el pasado a\u00f1o, principalmente los bienes de consumo duradero, que disminuyeron el 12,1 %, aunque moderaron su ca\u00edda respecto al a\u00f1o anterior.<\/p>\n<p>La producci\u00f3n de energ\u00eda disminuy\u00f3 el 2,7 % en 2013, frente al alza del 0,9 % del a\u00f1o anterior, en tanto que los bienes intermedios tambi\u00e9n recortaron su producci\u00f3n el 2,7 % si bien en este caso la ca\u00edda se moder\u00f3, lo mismo que los bienes de consumo no duradero, que se redujeron el 1,3 %.<\/p>\n<p>En el caso de los bienes de equipo, su producci\u00f3n aument\u00f3 el 1,1 %, de forma que fue el \u00fanico sector industrial que creci\u00f3 en 2013 cuando un a\u00f1o antes cay\u00f3 el 11 %.<\/p>\n<p>El \u00cdndice de Producci\u00f3n Industrial (IPI) aument\u00f3 en diciembre de 2013 en doce comunidades aut\u00f3nomas respecto al mismo mes del a\u00f1o anterior, lideradas por Asturias (12,3 %), Baleares (11,3 %) y Andaluc\u00eda (8,0 %).<\/p>\n<p>Los mayores descensos en diciembre se registraron en Cantabria (4,8 %), Castilla-La Mancha (2,3 %) y La Rioja (1,5 %).<\/p>\n<p>Seg\u00fan el INE, la tasa media de todas las comunidades aut\u00f3nomas en diciembre es 3,6 puntos superior a la de noviembre, con un aumento del 3,5 % en la serie original.<\/p>\n<p>Para el profesor de la escuela de negocios IESE Jos\u00e9 Ram\u00f3n Pin los datos muestran que la industria espa\u00f1ola se est\u00e1 recuperando, sobre todo, por la mejora en la producci\u00f3n de bienes de equipo, aunque la de bienes de consumo duradero, un sector que estaba muy ligado a la construcci\u00f3n, no avanza por la debilidad de la demanda interna.<\/p>\n<p>El profesor del IESE ha augurado en declaraciones a Efe que la producci\u00f3n industrial experimentar\u00e1 \u00abun aumento significativo\u00bb en el segundo semestre de 2014 y se reactivar\u00e1 definitivamente en 2015, siempre que se mantengan las perspectivas positivas sobre la econom\u00eda de Estados Unidos y de Europa, principal destino de las exportaciones espa\u00f1olas.<\/p>\n<p>Asimismo, ha hecho hincapi\u00e9 en la necesidad de reactivar la demanda interna mediante la subida de los salarios y la reducci\u00f3n de la presi\u00f3n impositiva sobre las clases medias, ya que si la econom\u00eda espa\u00f1ola depende s\u00f3lo de las exportaciones \u00abva a ser complicado\u00bb que se recupere.<\/p>\n<p>Por su parte, la secretaria general de la Uni\u00f3n de Asociaciones de Trabajadores Aut\u00f3nomos y Emprendedores (UATAE), Mar\u00eda Jos\u00e9 Landaburu, ha considerado perjudicial para el colectivo que representa este dato, ya que supone la consolidaci\u00f3n por tercer a\u00f1o consecutivo de p\u00e9rdidas de producci\u00f3n en el sector industrial espa\u00f1ol.<\/p>\n<p>Este dato supone, adem\u00e1s, la p\u00e9rdida de actividades de aut\u00f3nomos, algo \u00abmuy negativo\u00bb porque se trata de actividades dif\u00edciles de sustituir ya que \u00abrequieren un apreciable volumen de inversi\u00f3n, un mayor periodo de maduraci\u00f3n y consolidaci\u00f3n de la actividad, as\u00ed como afianzarse en un mercado muy competitivo\u00bb.<\/p>\n","protected":false},"excerpt":{"rendered":"<p>Madrid\/Santiago de Compostela, 7 feb (EFE).- Galicia es la comunidad aut\u00f3noma que registr\u00f3 el a\u00f1o pasado la mayor media del \u00edndice general de producci\u00f3n industrial, seguida de la Comunidad Valenciana y de Catalu\u00f1a, ya que las dem\u00e1s tuvieron \u00edndices negativos, seg\u00fan datos facilitados hoy por el Instituto Nacional de Estad\u00edstica (INE). Todas las comunidades aut\u00f3nomas [&hellip;]<\/p>\n","protected":false},"author":1,"featured_media":486286,"comment_status":"open","ping_status":"open","sticky":false,"template":"","format":"standard","meta":{"footnotes":""},"categories":[1],"tags":[],"class_list":["post-486285","post","type-post","status-publish","format-standard","has-post-thumbnail","hentry","category-actualidad"],"aioseo_notices":[],"aioseo_head":"\n\t\t<!-- All in One SEO Pro 5.0.1 - aioseo.com -->\n\t<meta name=\"description\" content=\"Madrid\/Santiago de Compostela, 7 feb (EFE).- Galicia es la comunidad aut\u00f3noma que registr\u00f3 el a\u00f1o pasado la mayor media del \u00edndice general de producci\u00f3n industrial, seguida de la Comunidad Valenciana y de Catalu\u00f1a, ya que las dem\u00e1s tuvieron \u00edndices negativos, seg\u00fan datos facilitados hoy por el Instituto Nacional de Estad\u00edstica (INE). Todas las comunidades aut\u00f3nomas\" \/>\n\t<meta name=\"robots\" content=\"max-image-preview:large\" \/>\n\t<meta name=\"author\" content=\"El Digital de Asturias\"\/>\n\t<meta name=\"google-site-verification\" content=\"UA-38556648-1\" \/>\n\t<meta name=\"msvalidate.01\" content=\"7dfe9f3f1b24437ab69f4f2559babe99\" \/>\n\t<meta name=\"keywords\" content=\"actualidad\" \/>\n\t<link rel=\"canonical\" href=\"https:\/\/www.eldigitaldeasturias.com\/noticias\/galicia-registro-la-mayor-tasa-media-de-produccion-industrial-en-2013\/\" \/>\n\t<meta name=\"generator\" content=\"All in One SEO Pro (AIOSEO) 5.0.1\" \/>\n\t\t<meta property=\"og:locale\" content=\"es_ES\" \/>\n\t\t<meta property=\"og:site_name\" content=\"El Digital de Asturias\" \/>\n\t\t<meta property=\"og:type\" content=\"article\" \/>\n\t\t<meta property=\"og:title\" content=\"Galicia registr\u00f3 la mayor tasa media de producci\u00f3n industrial en 2013 - El Digital de Asturias\" \/>\n\t\t<meta property=\"og:description\" content=\"Madrid\/Santiago de Compostela, 7 feb (EFE).- Galicia es la comunidad aut\u00f3noma que registr\u00f3 el a\u00f1o pasado la mayor media del \u00edndice general de producci\u00f3n industrial, seguida de la Comunidad Valenciana y de Catalu\u00f1a, ya que las dem\u00e1s tuvieron \u00edndices negativos, seg\u00fan datos facilitados hoy por el Instituto Nacional de Estad\u00edstica (INE). Todas las comunidades aut\u00f3nomas\" \/>\n\t\t<meta property=\"og:url\" content=\"https:\/\/www.eldigitaldeasturias.com\/noticias\/galicia-registro-la-mayor-tasa-media-de-produccion-industrial-en-2013\/\" \/>\n\t\t<meta property=\"article:tag\" content=\"actualidad\" \/>\n\t\t<meta property=\"article:published_time\" content=\"2014-02-08T01:05:28+00:00\" \/>\n\t\t<meta property=\"article:modified_time\" content=\"2014-02-08T01:05:28+00:00\" \/>\n\t\t<meta property=\"article:publisher\" content=\"https:\/\/facebook.com\/eldigitaldeasturias\" \/>\n\t\t<meta name=\"twitter:card\" content=\"summary_large_image\" \/>\n\t\t<meta name=\"twitter:title\" content=\"Galicia registr\u00f3 la mayor tasa media de producci\u00f3n industrial en 2013 - El Digital de Asturias\" \/>\n\t\t<meta name=\"twitter:description\" content=\"Madrid\/Santiago de Compostela, 7 feb (EFE).- Galicia es la comunidad aut\u00f3noma que registr\u00f3 el a\u00f1o pasado la mayor media del \u00edndice general de producci\u00f3n industrial, seguida de la Comunidad Valenciana y de Catalu\u00f1a, ya que las dem\u00e1s tuvieron \u00edndices negativos, seg\u00fan datos facilitados hoy por el Instituto Nacional de Estad\u00edstica (INE). Todas las comunidades aut\u00f3nomas\" \/>\n\t\t<meta name=\"twitter:label1\" content=\"Escrito por\" \/>\n\t\t<meta name=\"twitter:data1\" content=\"El Digital de Asturias\" \/>\n\t\t<meta name=\"twitter:label2\" content=\"Tiempo de lectura estimado\" \/>\n\t\t<meta name=\"twitter:data2\" content=\"4 minutos\" \/>\n\t\t<script type=\"application\/ld+json\" class=\"aioseo-schema\">\n\t\t\t{\"@context\":\"https:\\\/\\\/schema.org\",\"@graph\":[{\"@type\":\"BlogPosting\",\"@id\":\"https:\\\/\\\/www.eldigitaldeasturias.com\\\/noticias\\\/galicia-registro-la-mayor-tasa-media-de-produccion-industrial-en-2013\\\/#blogposting\",\"name\":\"Galicia registr\\u00f3 la mayor tasa media de producci\\u00f3n industrial en 2013 - El Digital de Asturias\",\"headline\":\"Galicia registr\\u00f3 la mayor tasa media de producci\\u00f3n industrial en 2013\",\"author\":{\"@id\":\"https:\\\/\\\/www.eldigitaldeasturias.com\\\/noticias\\\/author\\\/admin\\\/#author\"},\"publisher\":{\"@id\":\"https:\\\/\\\/www.eldigitaldeasturias.com\\\/noticias\\\/#organization\"},\"image\":{\"@type\":\"ImageObject\",\"url\":486286},\"datePublished\":\"2014-02-08T00:05:28+01:00\",\"dateModified\":\"2014-02-08T00:05:28+01:00\",\"inLanguage\":\"es-ES\",\"mainEntityOfPage\":{\"@id\":\"https:\\\/\\\/www.eldigitaldeasturias.com\\\/noticias\\\/galicia-registro-la-mayor-tasa-media-de-produccion-industrial-en-2013\\\/#webpage\"},\"isPartOf\":{\"@id\":\"https:\\\/\\\/www.eldigitaldeasturias.com\\\/noticias\\\/galicia-registro-la-mayor-tasa-media-de-produccion-industrial-en-2013\\\/#webpage\"},\"articleSection\":\"Actualidad\"},{\"@type\":\"BreadcrumbList\",\"@id\":\"https:\\\/\\\/www.eldigitaldeasturias.com\\\/noticias\\\/galicia-registro-la-mayor-tasa-media-de-produccion-industrial-en-2013\\\/#breadcrumblist\",\"itemListElement\":[{\"@type\":\"ListItem\",\"@id\":\"https:\\\/\\\/www.eldigitaldeasturias.com\\\/noticias#listItem\",\"position\":1,\"name\":\"Home\",\"item\":\"https:\\\/\\\/www.eldigitaldeasturias.com\\\/noticias\",\"nextItem\":{\"@type\":\"ListItem\",\"@id\":\"https:\\\/\\\/www.eldigitaldeasturias.com\\\/noticias\\\/category\\\/actualidad\\\/#listItem\",\"name\":\"Actualidad\"}},{\"@type\":\"ListItem\",\"@id\":\"https:\\\/\\\/www.eldigitaldeasturias.com\\\/noticias\\\/category\\\/actualidad\\\/#listItem\",\"position\":2,\"name\":\"Actualidad\",\"item\":\"https:\\\/\\\/www.eldigitaldeasturias.com\\\/noticias\\\/category\\\/actualidad\\\/\",\"nextItem\":{\"@type\":\"ListItem\",\"@id\":\"https:\\\/\\\/www.eldigitaldeasturias.com\\\/noticias\\\/galicia-registro-la-mayor-tasa-media-de-produccion-industrial-en-2013\\\/#listItem\",\"name\":\"Galicia registr\\u00f3 la mayor tasa media de producci\\u00f3n industrial en 2013\"},\"previousItem\":{\"@type\":\"ListItem\",\"@id\":\"https:\\\/\\\/www.eldigitaldeasturias.com\\\/noticias#listItem\",\"name\":\"Home\"}},{\"@type\":\"ListItem\",\"@id\":\"https:\\\/\\\/www.eldigitaldeasturias.com\\\/noticias\\\/galicia-registro-la-mayor-tasa-media-de-produccion-industrial-en-2013\\\/#listItem\",\"position\":3,\"name\":\"Galicia registr\\u00f3 la mayor tasa media de producci\\u00f3n industrial en 2013\",\"previousItem\":{\"@type\":\"ListItem\",\"@id\":\"https:\\\/\\\/www.eldigitaldeasturias.com\\\/noticias\\\/category\\\/actualidad\\\/#listItem\",\"name\":\"Actualidad\"}}]},{\"@type\":\"Organization\",\"@id\":\"https:\\\/\\\/www.eldigitaldeasturias.com\\\/noticias\\\/#organization\",\"name\":\"El Digital de Asturias\",\"description\":\"Hemeroteca\",\"url\":\"https:\\\/\\\/www.eldigitaldeasturias.com\\\/noticias\\\/\",\"email\":\"info@eldigitaldeasturias.com\",\"telephone\":\"+34652131393\",\"logo\":{\"@type\":\"ImageObject\",\"url\":\"https:\\\/\\\/www.eldigitaldeasturias.com\\\/noticias\\\/wp-content\\\/uploads\\\/2020\\\/12\\\/EDA.jpg\",\"@id\":\"https:\\\/\\\/www.eldigitaldeasturias.com\\\/noticias\\\/galicia-registro-la-mayor-tasa-media-de-produccion-industrial-en-2013\\\/#organizationLogo\"},\"image\":{\"@id\":\"https:\\\/\\\/www.eldigitaldeasturias.com\\\/noticias\\\/galicia-registro-la-mayor-tasa-media-de-produccion-industrial-en-2013\\\/#organizationLogo\"},\"sameAs\":[\"https:\\\/\\\/facebook.com\\\/eldigitaldeasturias\",\"https:\\\/\\\/www.youtube.com\\\/channel\\\/UCZP-2wLEB9Rv6erhFmqVnvg\"],\"address\":{\"@id\":\"https:\\\/\\\/www.eldigitaldeasturias.com\\\/noticias\\\/#postaladdress\",\"@type\":\"PostalAddress\",\"streetAddress\":\"san antonio 4\",\"postalCode\":\"33430\",\"addressLocality\":\"Cand\\u00e1s\",\"addressRegion\":\"Asturias\",\"addressCountry\":\"ES\"}},{\"@type\":\"Person\",\"@id\":\"https:\\\/\\\/www.eldigitaldeasturias.com\\\/noticias\\\/author\\\/admin\\\/#author\",\"url\":\"https:\\\/\\\/www.eldigitaldeasturias.com\\\/noticias\\\/author\\\/admin\\\/\",\"name\":\"El Digital de Asturias\",\"image\":{\"@type\":\"ImageObject\",\"@id\":\"https:\\\/\\\/www.eldigitaldeasturias.com\\\/noticias\\\/galicia-registro-la-mayor-tasa-media-de-produccion-industrial-en-2013\\\/#authorImage\",\"url\":\"https:\\\/\\\/secure.gravatar.com\\\/avatar\\\/df2aeffc32bcd13f8d26072ef8a91b623d677766deac7f97ca815868cd41bf5e?s=96&d=mm&r=g\",\"width\":96,\"height\":96,\"caption\":\"El Digital de Asturias\"}},{\"@type\":\"WebPage\",\"@id\":\"https:\\\/\\\/www.eldigitaldeasturias.com\\\/noticias\\\/galicia-registro-la-mayor-tasa-media-de-produccion-industrial-en-2013\\\/#webpage\",\"url\":\"https:\\\/\\\/www.eldigitaldeasturias.com\\\/noticias\\\/galicia-registro-la-mayor-tasa-media-de-produccion-industrial-en-2013\\\/\",\"name\":\"Galicia registr\\u00f3 la mayor tasa media de producci\\u00f3n industrial en 2013 - El Digital de Asturias\",\"description\":\"Madrid\\\/Santiago de Compostela, 7 feb (EFE).- Galicia es la comunidad aut\\u00f3noma que registr\\u00f3 el a\\u00f1o pasado la mayor media del \\u00edndice general de producci\\u00f3n industrial, seguida de la Comunidad Valenciana y de Catalu\\u00f1a, ya que las dem\\u00e1s tuvieron \\u00edndices negativos, seg\\u00fan datos facilitados hoy por el Instituto Nacional de Estad\\u00edstica (INE). Todas las comunidades aut\\u00f3nomas\",\"inLanguage\":\"es-ES\",\"isPartOf\":{\"@id\":\"https:\\\/\\\/www.eldigitaldeasturias.com\\\/noticias\\\/#website\"},\"breadcrumb\":{\"@id\":\"https:\\\/\\\/www.eldigitaldeasturias.com\\\/noticias\\\/galicia-registro-la-mayor-tasa-media-de-produccion-industrial-en-2013\\\/#breadcrumblist\"},\"author\":{\"@id\":\"https:\\\/\\\/www.eldigitaldeasturias.com\\\/noticias\\\/author\\\/admin\\\/#author\"},\"creator\":{\"@id\":\"https:\\\/\\\/www.eldigitaldeasturias.com\\\/noticias\\\/author\\\/admin\\\/#author\"},\"image\":{\"@type\":\"ImageObject\",\"url\":486286,\"@id\":\"https:\\\/\\\/www.eldigitaldeasturias.com\\\/noticias\\\/galicia-registro-la-mayor-tasa-media-de-produccion-industrial-en-2013\\\/#mainImage\"},\"primaryImageOfPage\":{\"@id\":\"https:\\\/\\\/www.eldigitaldeasturias.com\\\/noticias\\\/galicia-registro-la-mayor-tasa-media-de-produccion-industrial-en-2013\\\/#mainImage\"},\"datePublished\":\"2014-02-08T00:05:28+01:00\",\"dateModified\":\"2014-02-08T00:05:28+01:00\"},{\"@type\":\"WebSite\",\"@id\":\"https:\\\/\\\/www.eldigitaldeasturias.com\\\/noticias\\\/#website\",\"url\":\"https:\\\/\\\/www.eldigitaldeasturias.com\\\/noticias\\\/\",\"name\":\"El Digital de Asturias - Diario de actualidad y noticias\",\"alternateName\":\"El Digital de Asturias - Diario de actualidad y noticias\",\"description\":\"Hemeroteca\",\"inLanguage\":\"es-ES\",\"publisher\":{\"@id\":\"https:\\\/\\\/www.eldigitaldeasturias.com\\\/noticias\\\/#organization\"}}]}\n\t\t<\/script>\n\t\t<!-- All in One SEO Pro -->\r\n\t\t<title>Galicia registr\u00f3 la mayor tasa media de producci\u00f3n industrial en 2013 - El Digital de Asturias<\/title>\n\n","aioseo_head_json":{"title":"Galicia registr\u00f3 la mayor tasa media de producci\u00f3n industrial en 2013 - El Digital de Asturias","description":"Madrid\/Santiago de Compostela, 7 feb (EFE).- Galicia es la comunidad aut\u00f3noma que registr\u00f3 el a\u00f1o pasado la mayor media del \u00edndice general de producci\u00f3n industrial, seguida de la Comunidad Valenciana y de Catalu\u00f1a, ya que las dem\u00e1s tuvieron \u00edndices negativos, seg\u00fan datos facilitados hoy por el Instituto Nacional de Estad\u00edstica (INE). Todas las comunidades aut\u00f3nomas","canonical_url":"https:\/\/www.eldigitaldeasturias.com\/noticias\/galicia-registro-la-mayor-tasa-media-de-produccion-industrial-en-2013\/","robots":"max-image-preview:large","keywords":"actualidad","webmasterTools":{"google-site-verification":"UA-38556648-1","msvalidate.01":"7dfe9f3f1b24437ab69f4f2559babe99","miscellaneous":""},"schema":{"@context":"https:\/\/schema.org","@graph":[{"@type":"BlogPosting","@id":"https:\/\/www.eldigitaldeasturias.com\/noticias\/galicia-registro-la-mayor-tasa-media-de-produccion-industrial-en-2013\/#blogposting","name":"Galicia registr\u00f3 la mayor tasa media de producci\u00f3n industrial en 2013 - El Digital de Asturias","headline":"Galicia registr\u00f3 la mayor tasa media de producci\u00f3n industrial en 2013","author":{"@id":"https:\/\/www.eldigitaldeasturias.com\/noticias\/author\/admin\/#author"},"publisher":{"@id":"https:\/\/www.eldigitaldeasturias.com\/noticias\/#organization"},"image":{"@type":"ImageObject","url":486286},"datePublished":"2014-02-08T00:05:28+01:00","dateModified":"2014-02-08T00:05:28+01:00","inLanguage":"es-ES","mainEntityOfPage":{"@id":"https:\/\/www.eldigitaldeasturias.com\/noticias\/galicia-registro-la-mayor-tasa-media-de-produccion-industrial-en-2013\/#webpage"},"isPartOf":{"@id":"https:\/\/www.eldigitaldeasturias.com\/noticias\/galicia-registro-la-mayor-tasa-media-de-produccion-industrial-en-2013\/#webpage"},"articleSection":"Actualidad"},{"@type":"BreadcrumbList","@id":"https:\/\/www.eldigitaldeasturias.com\/noticias\/galicia-registro-la-mayor-tasa-media-de-produccion-industrial-en-2013\/#breadcrumblist","itemListElement":[{"@type":"ListItem","@id":"https:\/\/www.eldigitaldeasturias.com\/noticias#listItem","position":1,"name":"Home","item":"https:\/\/www.eldigitaldeasturias.com\/noticias","nextItem":{"@type":"ListItem","@id":"https:\/\/www.eldigitaldeasturias.com\/noticias\/category\/actualidad\/#listItem","name":"Actualidad"}},{"@type":"ListItem","@id":"https:\/\/www.eldigitaldeasturias.com\/noticias\/category\/actualidad\/#listItem","position":2,"name":"Actualidad","item":"https:\/\/www.eldigitaldeasturias.com\/noticias\/category\/actualidad\/","nextItem":{"@type":"ListItem","@id":"https:\/\/www.eldigitaldeasturias.com\/noticias\/galicia-registro-la-mayor-tasa-media-de-produccion-industrial-en-2013\/#listItem","name":"Galicia registr\u00f3 la mayor tasa media de producci\u00f3n industrial en 2013"},"previousItem":{"@type":"ListItem","@id":"https:\/\/www.eldigitaldeasturias.com\/noticias#listItem","name":"Home"}},{"@type":"ListItem","@id":"https:\/\/www.eldigitaldeasturias.com\/noticias\/galicia-registro-la-mayor-tasa-media-de-produccion-industrial-en-2013\/#listItem","position":3,"name":"Galicia registr\u00f3 la mayor tasa media de producci\u00f3n industrial en 2013","previousItem":{"@type":"ListItem","@id":"https:\/\/www.eldigitaldeasturias.com\/noticias\/category\/actualidad\/#listItem","name":"Actualidad"}}]},{"@type":"Organization","@id":"https:\/\/www.eldigitaldeasturias.com\/noticias\/#organization","name":"El Digital de Asturias","description":"Hemeroteca","url":"https:\/\/www.eldigitaldeasturias.com\/noticias\/","email":"info@eldigitaldeasturias.com","telephone":"+34652131393","logo":{"@type":"ImageObject","url":"https:\/\/www.eldigitaldeasturias.com\/noticias\/wp-content\/uploads\/2020\/12\/EDA.jpg","@id":"https:\/\/www.eldigitaldeasturias.com\/noticias\/galicia-registro-la-mayor-tasa-media-de-produccion-industrial-en-2013\/#organizationLogo"},"image":{"@id":"https:\/\/www.eldigitaldeasturias.com\/noticias\/galicia-registro-la-mayor-tasa-media-de-produccion-industrial-en-2013\/#organizationLogo"},"sameAs":["https:\/\/facebook.com\/eldigitaldeasturias","https:\/\/www.youtube.com\/channel\/UCZP-2wLEB9Rv6erhFmqVnvg"],"address":{"@id":"https:\/\/www.eldigitaldeasturias.com\/noticias\/#postaladdress","@type":"PostalAddress","streetAddress":"san antonio 4","postalCode":"33430","addressLocality":"Cand\u00e1s","addressRegion":"Asturias","addressCountry":"ES"}},{"@type":"Person","@id":"https:\/\/www.eldigitaldeasturias.com\/noticias\/author\/admin\/#author","url":"https:\/\/www.eldigitaldeasturias.com\/noticias\/author\/admin\/","name":"El Digital de Asturias","image":{"@type":"ImageObject","@id":"https:\/\/www.eldigitaldeasturias.com\/noticias\/galicia-registro-la-mayor-tasa-media-de-produccion-industrial-en-2013\/#authorImage","url":"https:\/\/secure.gravatar.com\/avatar\/df2aeffc32bcd13f8d26072ef8a91b623d677766deac7f97ca815868cd41bf5e?s=96&d=mm&r=g","width":96,"height":96,"caption":"El Digital de Asturias"}},{"@type":"WebPage","@id":"https:\/\/www.eldigitaldeasturias.com\/noticias\/galicia-registro-la-mayor-tasa-media-de-produccion-industrial-en-2013\/#webpage","url":"https:\/\/www.eldigitaldeasturias.com\/noticias\/galicia-registro-la-mayor-tasa-media-de-produccion-industrial-en-2013\/","name":"Galicia registr\u00f3 la mayor tasa media de producci\u00f3n industrial en 2013 - El Digital de Asturias","description":"Madrid\/Santiago de Compostela, 7 feb (EFE).- Galicia es la comunidad aut\u00f3noma que registr\u00f3 el a\u00f1o pasado la mayor media del \u00edndice general de producci\u00f3n industrial, seguida de la Comunidad Valenciana y de Catalu\u00f1a, ya que las dem\u00e1s tuvieron \u00edndices negativos, seg\u00fan datos facilitados hoy por el Instituto Nacional de Estad\u00edstica (INE). Todas las comunidades aut\u00f3nomas","inLanguage":"es-ES","isPartOf":{"@id":"https:\/\/www.eldigitaldeasturias.com\/noticias\/#website"},"breadcrumb":{"@id":"https:\/\/www.eldigitaldeasturias.com\/noticias\/galicia-registro-la-mayor-tasa-media-de-produccion-industrial-en-2013\/#breadcrumblist"},"author":{"@id":"https:\/\/www.eldigitaldeasturias.com\/noticias\/author\/admin\/#author"},"creator":{"@id":"https:\/\/www.eldigitaldeasturias.com\/noticias\/author\/admin\/#author"},"image":{"@type":"ImageObject","url":486286,"@id":"https:\/\/www.eldigitaldeasturias.com\/noticias\/galicia-registro-la-mayor-tasa-media-de-produccion-industrial-en-2013\/#mainImage"},"primaryImageOfPage":{"@id":"https:\/\/www.eldigitaldeasturias.com\/noticias\/galicia-registro-la-mayor-tasa-media-de-produccion-industrial-en-2013\/#mainImage"},"datePublished":"2014-02-08T00:05:28+01:00","dateModified":"2014-02-08T00:05:28+01:00"},{"@type":"WebSite","@id":"https:\/\/www.eldigitaldeasturias.com\/noticias\/#website","url":"https:\/\/www.eldigitaldeasturias.com\/noticias\/","name":"El Digital de Asturias - Diario de actualidad y noticias","alternateName":"El Digital de Asturias - Diario de actualidad y noticias","description":"Hemeroteca","inLanguage":"es-ES","publisher":{"@id":"https:\/\/www.eldigitaldeasturias.com\/noticias\/#organization"}}]},"og:locale":"es_ES","og:site_name":"El Digital de Asturias","og:type":"article","og:title":"Galicia registr\u00f3 la mayor tasa media de producci\u00f3n industrial en 2013 - El Digital de Asturias","og:description":"Madrid\/Santiago de Compostela, 7 feb (EFE).- Galicia es la comunidad aut\u00f3noma que registr\u00f3 el a\u00f1o pasado la mayor media del \u00edndice general de producci\u00f3n industrial, seguida de la Comunidad Valenciana y de Catalu\u00f1a, ya que las dem\u00e1s tuvieron \u00edndices negativos, seg\u00fan datos facilitados hoy por el Instituto Nacional de Estad\u00edstica (INE). Todas las comunidades aut\u00f3nomas","og:url":"https:\/\/www.eldigitaldeasturias.com\/noticias\/galicia-registro-la-mayor-tasa-media-de-produccion-industrial-en-2013\/","article:tag":["actualidad"],"article:published_time":"2014-02-08T01:05:28+00:00","article:modified_time":"2014-02-08T01:05:28+00:00","article:publisher":"https:\/\/facebook.com\/eldigitaldeasturias","twitter:card":"summary_large_image","twitter:title":"Galicia registr\u00f3 la mayor tasa media de producci\u00f3n industrial en 2013 - El Digital de Asturias","twitter:description":"Madrid\/Santiago de Compostela, 7 feb (EFE).- Galicia es la comunidad aut\u00f3noma que registr\u00f3 el a\u00f1o pasado la mayor media del \u00edndice general de producci\u00f3n industrial, seguida de la Comunidad Valenciana y de Catalu\u00f1a, ya que las dem\u00e1s tuvieron \u00edndices negativos, seg\u00fan datos facilitados hoy por el Instituto Nacional de Estad\u00edstica (INE). Todas las comunidades aut\u00f3nomas","twitter:label1":"Escrito por","twitter:data1":"El Digital de Asturias","twitter:label2":"Tiempo de lectura estimado","twitter:data2":"4 minutos"},"aioseo_meta_data":{"post_id":"486285","title":null,"description":null,"keywords":null,"keyphrases":null,"primary_term":null,"canonical_url":null,"og_title":null,"og_description":null,"og_object_type":"default","og_image_type":"default","og_image_url":null,"og_image_width":null,"og_image_height":null,"og_image_custom_url":null,"og_image_custom_fields":null,"og_video":null,"og_custom_url":null,"og_article_section":null,"og_article_tags":null,"twitter_use_og":true,"twitter_card":"default","twitter_image_type":"default","twitter_image_url":null,"twitter_image_custom_url":null,"twitter_image_custom_fields":null,"twitter_title":null,"twitter_description":null,"schema":{"blockGraphs":[],"customGraphs":[],"default":{"data":{"Article":[],"Course":[],"Dataset":[],"FAQPage":[],"Movie":[],"Person":[],"Product":[],"ProductReview":[],"Car":[],"Recipe":[],"Service":[],"SoftwareApplication":[],"WebPage":[]},"graphName":"","isEnabled":true},"graphs":[],"defaultGraph":"","defaultPostTypeGraph":""},"schema_type":null,"schema_type_options":null,"pillar_content":false,"robots_default":true,"robots_noindex":false,"robots_noarchive":false,"robots_nosnippet":false,"robots_nofollow":false,"robots_noimageindex":false,"robots_noodp":false,"robots_notranslate":false,"robots_max_snippet":null,"robots_max_videopreview":null,"robots_max_imagepreview":"none","priority":null,"frequency":null,"local_seo":null,"seo_analyzer_scan_date":"2026-06-03 00:13:52","breadcrumb_settings":null,"limit_modified_date":false,"open_ai":null,"ai":null,"created":"2020-11-14 22:56:04","updated":"2026-06-03 00:13:52","focus_keyword":null,"additional_keywords":null,"truseo_locale":null},"aioseo_breadcrumb":"<div class=\"aioseo-breadcrumbs\"><span class=\"aioseo-breadcrumb\">\n\t<a href=\"https:\/\/www.eldigitaldeasturias.com\/noticias\" title=\"Home\">Home<\/a>\n<\/span><span class=\"aioseo-breadcrumb-separator\">\u2013<\/span><span class=\"aioseo-breadcrumb\">\n\t<a href=\"https:\/\/www.eldigitaldeasturias.com\/noticias\/category\/actualidad\/\" title=\"Actualidad\">Actualidad<\/a>\n<\/span><span class=\"aioseo-breadcrumb-separator\">\u2013<\/span><span class=\"aioseo-breadcrumb\">\n\t<a href=\"https:\/\/www.eldigitaldeasturias.com\/noticias\/galicia-registro-la-mayor-tasa-media-de-produccion-industrial-en-2013\/\" title=\"Galicia registr\u00f3 la mayor tasa media de producci\u00f3n industrial en 2013\">Galicia registr\u00f3 la mayor tasa media de producci\u00f3n industrial en 2013<\/a>\n<\/span><\/div>","aioseo_breadcrumb_json":[{"label":"Home","link":"https:\/\/www.eldigitaldeasturias.com\/noticias"},{"label":"Actualidad","link":"https:\/\/www.eldigitaldeasturias.com\/noticias\/category\/actualidad\/"},{"label":"Galicia registr\u00f3 la mayor tasa media de producci\u00f3n industrial en 2013","link":"https:\/\/www.eldigitaldeasturias.com\/noticias\/galicia-registro-la-mayor-tasa-media-de-produccion-industrial-en-2013\/"}],"_links":{"self":[{"href":"https:\/\/www.eldigitaldeasturias.com\/noticias\/wp-json\/wp\/v2\/posts\/486285","targetHints":{"allow":["GET"]}}],"collection":[{"href":"https:\/\/www.eldigitaldeasturias.com\/noticias\/wp-json\/wp\/v2\/posts"}],"about":[{"href":"https:\/\/www.eldigitaldeasturias.com\/noticias\/wp-json\/wp\/v2\/types\/post"}],"author":[{"embeddable":true,"href":"https:\/\/www.eldigitaldeasturias.com\/noticias\/wp-json\/wp\/v2\/users\/1"}],"replies":[{"embeddable":true,"href":"https:\/\/www.eldigitaldeasturias.com\/noticias\/wp-json\/wp\/v2\/comments?post=486285"}],"version-history":[{"count":0,"href":"https:\/\/www.eldigitaldeasturias.com\/noticias\/wp-json\/wp\/v2\/posts\/486285\/revisions"}],"wp:attachment":[{"href":"https:\/\/www.eldigitaldeasturias.com\/noticias\/wp-json\/wp\/v2\/media?parent=486285"}],"wp:term":[{"taxonomy":"category","embeddable":true,"href":"https:\/\/www.eldigitaldeasturias.com\/noticias\/wp-json\/wp\/v2\/categories?post=486285"},{"taxonomy":"post_tag","embeddable":true,"href":"https:\/\/www.eldigitaldeasturias.com\/noticias\/wp-json\/wp\/v2\/tags?post=486285"}],"curies":[{"name":"wp","href":"https:\/\/api.w.org\/{rel}","templated":true}]}}