{"id":486283,"date":"2014-02-08T00:01:11","date_gmt":"2014-02-08T01:01:11","guid":{"rendered":"http:\/\/www.eldigitaldeasturias.com\/noticias\/?p=486283"},"modified":"2014-02-08T00:01:11","modified_gmt":"2014-02-08T01:01:11","slug":"maduro-asegura-que-puso-a-trabajar-a-capriles","status":"publish","type":"post","link":"https:\/\/www.eldigitaldeasturias.com\/noticias\/maduro-asegura-que-puso-a-trabajar-a-capriles\/","title":{"rendered":"Maduro asegura que puso \u201ca trabajar\u201d a Capriles"},"content":{"rendered":"<p><img loading=\"lazy\" decoding=\"async\" class=\"alignleft size-medium wp-image-485917\" alt=\"5919099wmaduro\" src=\"https:\/\/www.eldigitaldeasturias.com\/noticias\/wp-content\/uploads\/2014\/02\/5919099w-360x239.jpg\" width=\"360\" height=\"239\" \/>Caracas, 7 feb (dpa) &#8211; El presidente de Venezuela, Nicol\u00e1s Maduro, asegur\u00f3 hoy que puso a trabajar al l\u00edder de la oposici\u00f3n, Henrique Capriles Radonski, quien habr\u00eda tenido que regresar al pa\u00eds desde sus vacaciones en Florida.<\/p>\n<p>Durante un acto de entrega de viviendas en el estado de Miranda (centro), que es gobernado por Capriles, Maduro asegur\u00f3 el opositor fue obligado a regresar a Venezuela luego de que el gobierno hiciera p\u00fablico que estaba de vacaciones en Miami.<\/p>\n<p>\u00abAh\u00ed tengo al gobernador de Miranda, yo lo tengo trabajando, sino fuera por mi estuviera, ustedes saben d\u00f3nde, se me escap\u00f3 cinco d\u00edas porque se fue para Miami, lo mand\u00e9 a llamar y le dije \u201c!se me regresa ya a trabajar!\u201d y ah\u00ed lo tengo trabajando. Medio trabajando, porque no es muy bueno que se diga\u201d, se mof\u00f3 el mandatario.<\/p>\n<p>Sin embargo, Maduro reconoci\u00f3 que seguramente en poco tiempo Capriles volver\u00e1 a sus acciones desestabilizadoras.<\/p>\n<p>\u201cPor ahora lo metimos en el carril, por ahora, ese se descarrila rapidito, no aguanta una pedida para descarrilarse, no tengamos mucha esperanza en que se va a mantener encarriladito pero por ahora en este momento lo tengo encarrilado al gobernador de Miranda\u201d, reflexion\u00f3.<\/p>\n<p>En ese sentido, el heredero pol\u00edtico del fallecido presidente Hugo Ch\u00e1vez (1999-2013) advirti\u00f3 a aquellos opositores que tienen planes golpistas que se arrepentir\u00e1n si siguen el camino de la ruptura constitucional.<\/p>\n<p>\u201cSi alg\u00fan nos encontr\u00e1ramos ante la circunstancia de graves hechos de violencia y de intentos de golpe de Estado, ese d\u00eda los golpistas se arrepentir\u00edan por 200 a\u00f1os porque la respuesta ser\u00eda contundente, implacable ser\u00eda la respuesta, yo s\u00e9 lo que estoy diciendo\u201d, advirti\u00f3.<\/p>\n<p>Maduro hizo estas declaraciones tras culpar a \u201cgrupos fascistas\u201d por unas protestas estudiantiles ocurridas el jueves en el estado de T\u00e1chira, lim\u00edtrofe con Colombia, que se saldaron con destrozos materiales pero sin heridos que lamentar.<\/p>\n<p>El presidente se\u00f1al\u00f3 que de momento hay cuatro detenidos por estas protestas, al tiempo que denunci\u00f3 que \u201chay un grupo que est\u00e1 buscando caotizar el pa\u00eds\u201d a trav\u00e9s de \u201cuna ofensiva en fr\u00edo\u201d organizada desde Miami, donde reside buena parte del exilio opositor venezolano y con la complicidad del gobierno de Estados Unidos.<\/p>\n<p>\u201c\u00bfQui\u00e9nes est\u00e1n detr\u00e1s y financian todos estos planes locos? Un grupito de gente que cree que puede poner en la mano a Venezuela desde Miami, desde el norte, yo tengo mucha informaci\u00f3n, por razones de seguridad en este momento no las voy a dar. Solamente les digo, todo esto est\u00e1 preparado como un complot contra el pa\u00eds desde el norte, d\u00f3lares del norte, guerra psicol\u00f3gica del norte\u201d, apunt\u00f3 Maduro, quien pronostic\u00f3 el fracaso de este plan.<\/p>\n","protected":false},"excerpt":{"rendered":"<p>Caracas, 7 feb (dpa) &#8211; El presidente de Venezuela, Nicol\u00e1s Maduro, asegur\u00f3 hoy que puso a trabajar al l\u00edder de la oposici\u00f3n, Henrique Capriles Radonski, quien habr\u00eda tenido que regresar al pa\u00eds desde sus vacaciones en Florida. Durante un acto de entrega de viviendas en el estado de Miranda (centro), que es gobernado por Capriles, [&hellip;]<\/p>\n","protected":false},"author":1,"featured_media":485917,"comment_status":"open","ping_status":"open","sticky":false,"template":"","format":"standard","meta":{"footnotes":""},"categories":[1],"tags":[],"class_list":["post-486283","post","type-post","status-publish","format-standard","has-post-thumbnail","hentry","category-actualidad"],"aioseo_notices":[],"aioseo_head":"\n\t\t<!-- All in One SEO Pro 5.0.1 - aioseo.com -->\n\t<meta name=\"description\" content=\"Caracas, 7 feb (dpa) - El presidente de Venezuela, Nicol\u00e1s Maduro, asegur\u00f3 hoy que puso a trabajar al l\u00edder de la oposici\u00f3n, Henrique Capriles Radonski, quien habr\u00eda tenido que regresar al pa\u00eds desde sus vacaciones en Florida. Durante un acto de entrega de viviendas en el estado de Miranda (centro), que es gobernado por Capriles,\" \/>\n\t<meta name=\"robots\" content=\"max-image-preview:large\" \/>\n\t<meta name=\"author\" content=\"El Digital de Asturias\"\/>\n\t<meta name=\"google-site-verification\" content=\"UA-38556648-1\" \/>\n\t<meta name=\"msvalidate.01\" content=\"7dfe9f3f1b24437ab69f4f2559babe99\" \/>\n\t<meta name=\"keywords\" content=\"actualidad\" \/>\n\t<link rel=\"canonical\" href=\"https:\/\/www.eldigitaldeasturias.com\/noticias\/maduro-asegura-que-puso-a-trabajar-a-capriles\/\" \/>\n\t<meta name=\"generator\" content=\"All in One SEO Pro (AIOSEO) 5.0.1\" \/>\n\t\t<meta property=\"og:locale\" content=\"es_ES\" \/>\n\t\t<meta property=\"og:site_name\" content=\"El Digital de Asturias\" \/>\n\t\t<meta property=\"og:type\" content=\"article\" \/>\n\t\t<meta property=\"og:title\" content=\"Maduro asegura que puso \u201ca trabajar\u201d a Capriles - El Digital de Asturias\" \/>\n\t\t<meta property=\"og:description\" content=\"Caracas, 7 feb (dpa) - El presidente de Venezuela, Nicol\u00e1s Maduro, asegur\u00f3 hoy que puso a trabajar al l\u00edder de la oposici\u00f3n, Henrique Capriles Radonski, quien habr\u00eda tenido que regresar al pa\u00eds desde sus vacaciones en Florida. Durante un acto de entrega de viviendas en el estado de Miranda (centro), que es gobernado por Capriles,\" \/>\n\t\t<meta property=\"og:url\" content=\"https:\/\/www.eldigitaldeasturias.com\/noticias\/maduro-asegura-que-puso-a-trabajar-a-capriles\/\" \/>\n\t\t<meta property=\"article:tag\" content=\"actualidad\" \/>\n\t\t<meta property=\"article:published_time\" content=\"2014-02-08T01:01:11+00:00\" \/>\n\t\t<meta property=\"article:modified_time\" content=\"2014-02-08T01:01:11+00:00\" \/>\n\t\t<meta property=\"article:publisher\" content=\"https:\/\/facebook.com\/eldigitaldeasturias\" \/>\n\t\t<meta name=\"twitter:card\" content=\"summary_large_image\" \/>\n\t\t<meta name=\"twitter:title\" content=\"Maduro asegura que puso \u201ca trabajar\u201d a Capriles - El Digital de Asturias\" \/>\n\t\t<meta name=\"twitter:description\" content=\"Caracas, 7 feb (dpa) - El presidente de Venezuela, Nicol\u00e1s Maduro, asegur\u00f3 hoy que puso a trabajar al l\u00edder de la oposici\u00f3n, Henrique Capriles Radonski, quien habr\u00eda tenido que regresar al pa\u00eds desde sus vacaciones en Florida. Durante un acto de entrega de viviendas en el estado de Miranda (centro), que es gobernado por Capriles,\" \/>\n\t\t<meta name=\"twitter:label1\" content=\"Escrito por\" \/>\n\t\t<meta name=\"twitter:data1\" content=\"El Digital de Asturias\" \/>\n\t\t<meta name=\"twitter:label2\" content=\"Tiempo de lectura estimado\" \/>\n\t\t<meta name=\"twitter:data2\" content=\"2 minutos\" \/>\n\t\t<script type=\"application\/ld+json\" class=\"aioseo-schema\">\n\t\t\t{\"@context\":\"https:\\\/\\\/schema.org\",\"@graph\":[{\"@type\":\"BlogPosting\",\"@id\":\"https:\\\/\\\/www.eldigitaldeasturias.com\\\/noticias\\\/maduro-asegura-que-puso-a-trabajar-a-capriles\\\/#blogposting\",\"name\":\"Maduro asegura que puso \\u201ca trabajar\\u201d a Capriles - El Digital de Asturias\",\"headline\":\"Maduro asegura que puso \\u201ca trabajar\\u201d a Capriles\",\"author\":{\"@id\":\"https:\\\/\\\/www.eldigitaldeasturias.com\\\/noticias\\\/author\\\/admin\\\/#author\"},\"publisher\":{\"@id\":\"https:\\\/\\\/www.eldigitaldeasturias.com\\\/noticias\\\/#organization\"},\"image\":{\"@type\":\"ImageObject\",\"url\":485917},\"datePublished\":\"2014-02-08T00:01:11+01:00\",\"dateModified\":\"2014-02-08T00:01:11+01:00\",\"inLanguage\":\"es-ES\",\"mainEntityOfPage\":{\"@id\":\"https:\\\/\\\/www.eldigitaldeasturias.com\\\/noticias\\\/maduro-asegura-que-puso-a-trabajar-a-capriles\\\/#webpage\"},\"isPartOf\":{\"@id\":\"https:\\\/\\\/www.eldigitaldeasturias.com\\\/noticias\\\/maduro-asegura-que-puso-a-trabajar-a-capriles\\\/#webpage\"},\"articleSection\":\"Actualidad\"},{\"@type\":\"BreadcrumbList\",\"@id\":\"https:\\\/\\\/www.eldigitaldeasturias.com\\\/noticias\\\/maduro-asegura-que-puso-a-trabajar-a-capriles\\\/#breadcrumblist\",\"itemListElement\":[{\"@type\":\"ListItem\",\"@id\":\"https:\\\/\\\/www.eldigitaldeasturias.com\\\/noticias#listItem\",\"position\":1,\"name\":\"Home\",\"item\":\"https:\\\/\\\/www.eldigitaldeasturias.com\\\/noticias\",\"nextItem\":{\"@type\":\"ListItem\",\"@id\":\"https:\\\/\\\/www.eldigitaldeasturias.com\\\/noticias\\\/category\\\/actualidad\\\/#listItem\",\"name\":\"Actualidad\"}},{\"@type\":\"ListItem\",\"@id\":\"https:\\\/\\\/www.eldigitaldeasturias.com\\\/noticias\\\/category\\\/actualidad\\\/#listItem\",\"position\":2,\"name\":\"Actualidad\",\"item\":\"https:\\\/\\\/www.eldigitaldeasturias.com\\\/noticias\\\/category\\\/actualidad\\\/\",\"nextItem\":{\"@type\":\"ListItem\",\"@id\":\"https:\\\/\\\/www.eldigitaldeasturias.com\\\/noticias\\\/maduro-asegura-que-puso-a-trabajar-a-capriles\\\/#listItem\",\"name\":\"Maduro asegura que puso \\u201ca trabajar\\u201d a Capriles\"},\"previousItem\":{\"@type\":\"ListItem\",\"@id\":\"https:\\\/\\\/www.eldigitaldeasturias.com\\\/noticias#listItem\",\"name\":\"Home\"}},{\"@type\":\"ListItem\",\"@id\":\"https:\\\/\\\/www.eldigitaldeasturias.com\\\/noticias\\\/maduro-asegura-que-puso-a-trabajar-a-capriles\\\/#listItem\",\"position\":3,\"name\":\"Maduro asegura que puso \\u201ca trabajar\\u201d a Capriles\",\"previousItem\":{\"@type\":\"ListItem\",\"@id\":\"https:\\\/\\\/www.eldigitaldeasturias.com\\\/noticias\\\/category\\\/actualidad\\\/#listItem\",\"name\":\"Actualidad\"}}]},{\"@type\":\"Organization\",\"@id\":\"https:\\\/\\\/www.eldigitaldeasturias.com\\\/noticias\\\/#organization\",\"name\":\"El Digital de Asturias\",\"description\":\"Hemeroteca\",\"url\":\"https:\\\/\\\/www.eldigitaldeasturias.com\\\/noticias\\\/\",\"email\":\"info@eldigitaldeasturias.com\",\"telephone\":\"+34652131393\",\"logo\":{\"@type\":\"ImageObject\",\"url\":\"https:\\\/\\\/www.eldigitaldeasturias.com\\\/noticias\\\/wp-content\\\/uploads\\\/2020\\\/12\\\/EDA.jpg\",\"@id\":\"https:\\\/\\\/www.eldigitaldeasturias.com\\\/noticias\\\/maduro-asegura-que-puso-a-trabajar-a-capriles\\\/#organizationLogo\"},\"image\":{\"@id\":\"https:\\\/\\\/www.eldigitaldeasturias.com\\\/noticias\\\/maduro-asegura-que-puso-a-trabajar-a-capriles\\\/#organizationLogo\"},\"sameAs\":[\"https:\\\/\\\/facebook.com\\\/eldigitaldeasturias\",\"https:\\\/\\\/www.youtube.com\\\/channel\\\/UCZP-2wLEB9Rv6erhFmqVnvg\"],\"address\":{\"@id\":\"https:\\\/\\\/www.eldigitaldeasturias.com\\\/noticias\\\/#postaladdress\",\"@type\":\"PostalAddress\",\"streetAddress\":\"san antonio 4\",\"postalCode\":\"33430\",\"addressLocality\":\"Cand\\u00e1s\",\"addressRegion\":\"Asturias\",\"addressCountry\":\"ES\"}},{\"@type\":\"Person\",\"@id\":\"https:\\\/\\\/www.eldigitaldeasturias.com\\\/noticias\\\/author\\\/admin\\\/#author\",\"url\":\"https:\\\/\\\/www.eldigitaldeasturias.com\\\/noticias\\\/author\\\/admin\\\/\",\"name\":\"El Digital de Asturias\",\"image\":{\"@type\":\"ImageObject\",\"@id\":\"https:\\\/\\\/www.eldigitaldeasturias.com\\\/noticias\\\/maduro-asegura-que-puso-a-trabajar-a-capriles\\\/#authorImage\",\"url\":\"https:\\\/\\\/secure.gravatar.com\\\/avatar\\\/df2aeffc32bcd13f8d26072ef8a91b623d677766deac7f97ca815868cd41bf5e?s=96&d=mm&r=g\",\"width\":96,\"height\":96,\"caption\":\"El Digital de Asturias\"}},{\"@type\":\"WebPage\",\"@id\":\"https:\\\/\\\/www.eldigitaldeasturias.com\\\/noticias\\\/maduro-asegura-que-puso-a-trabajar-a-capriles\\\/#webpage\",\"url\":\"https:\\\/\\\/www.eldigitaldeasturias.com\\\/noticias\\\/maduro-asegura-que-puso-a-trabajar-a-capriles\\\/\",\"name\":\"Maduro asegura que puso \\u201ca trabajar\\u201d a Capriles - El Digital de Asturias\",\"description\":\"Caracas, 7 feb (dpa) - El presidente de Venezuela, Nicol\\u00e1s Maduro, asegur\\u00f3 hoy que puso a trabajar al l\\u00edder de la oposici\\u00f3n, Henrique Capriles Radonski, quien habr\\u00eda tenido que regresar al pa\\u00eds desde sus vacaciones en Florida. Durante un acto de entrega de viviendas en el estado de Miranda (centro), que es gobernado por Capriles,\",\"inLanguage\":\"es-ES\",\"isPartOf\":{\"@id\":\"https:\\\/\\\/www.eldigitaldeasturias.com\\\/noticias\\\/#website\"},\"breadcrumb\":{\"@id\":\"https:\\\/\\\/www.eldigitaldeasturias.com\\\/noticias\\\/maduro-asegura-que-puso-a-trabajar-a-capriles\\\/#breadcrumblist\"},\"author\":{\"@id\":\"https:\\\/\\\/www.eldigitaldeasturias.com\\\/noticias\\\/author\\\/admin\\\/#author\"},\"creator\":{\"@id\":\"https:\\\/\\\/www.eldigitaldeasturias.com\\\/noticias\\\/author\\\/admin\\\/#author\"},\"image\":{\"@type\":\"ImageObject\",\"url\":485917,\"@id\":\"https:\\\/\\\/www.eldigitaldeasturias.com\\\/noticias\\\/maduro-asegura-que-puso-a-trabajar-a-capriles\\\/#mainImage\"},\"primaryImageOfPage\":{\"@id\":\"https:\\\/\\\/www.eldigitaldeasturias.com\\\/noticias\\\/maduro-asegura-que-puso-a-trabajar-a-capriles\\\/#mainImage\"},\"datePublished\":\"2014-02-08T00:01:11+01:00\",\"dateModified\":\"2014-02-08T00:01:11+01:00\"},{\"@type\":\"WebSite\",\"@id\":\"https:\\\/\\\/www.eldigitaldeasturias.com\\\/noticias\\\/#website\",\"url\":\"https:\\\/\\\/www.eldigitaldeasturias.com\\\/noticias\\\/\",\"name\":\"El Digital de Asturias - Diario de actualidad y noticias\",\"alternateName\":\"El Digital de Asturias - Diario de actualidad y noticias\",\"description\":\"Hemeroteca\",\"inLanguage\":\"es-ES\",\"publisher\":{\"@id\":\"https:\\\/\\\/www.eldigitaldeasturias.com\\\/noticias\\\/#organization\"}}]}\n\t\t<\/script>\n\t\t<!-- All in One SEO Pro -->\r\n\t\t<title>Maduro asegura que puso \u201ca trabajar\u201d a Capriles - El Digital de Asturias<\/title>\n\n","aioseo_head_json":{"title":"Maduro asegura que puso \u201ca trabajar\u201d a Capriles - El Digital de Asturias","description":"Caracas, 7 feb (dpa) - El presidente de Venezuela, Nicol\u00e1s Maduro, asegur\u00f3 hoy que puso a trabajar al l\u00edder de la oposici\u00f3n, Henrique Capriles Radonski, quien habr\u00eda tenido que regresar al pa\u00eds desde sus vacaciones en Florida. Durante un acto de entrega de viviendas en el estado de Miranda (centro), que es gobernado por Capriles,","canonical_url":"https:\/\/www.eldigitaldeasturias.com\/noticias\/maduro-asegura-que-puso-a-trabajar-a-capriles\/","robots":"max-image-preview:large","keywords":"actualidad","webmasterTools":{"google-site-verification":"UA-38556648-1","msvalidate.01":"7dfe9f3f1b24437ab69f4f2559babe99","miscellaneous":""},"schema":{"@context":"https:\/\/schema.org","@graph":[{"@type":"BlogPosting","@id":"https:\/\/www.eldigitaldeasturias.com\/noticias\/maduro-asegura-que-puso-a-trabajar-a-capriles\/#blogposting","name":"Maduro asegura que puso \u201ca trabajar\u201d a Capriles - El Digital de Asturias","headline":"Maduro asegura que puso \u201ca trabajar\u201d a Capriles","author":{"@id":"https:\/\/www.eldigitaldeasturias.com\/noticias\/author\/admin\/#author"},"publisher":{"@id":"https:\/\/www.eldigitaldeasturias.com\/noticias\/#organization"},"image":{"@type":"ImageObject","url":485917},"datePublished":"2014-02-08T00:01:11+01:00","dateModified":"2014-02-08T00:01:11+01:00","inLanguage":"es-ES","mainEntityOfPage":{"@id":"https:\/\/www.eldigitaldeasturias.com\/noticias\/maduro-asegura-que-puso-a-trabajar-a-capriles\/#webpage"},"isPartOf":{"@id":"https:\/\/www.eldigitaldeasturias.com\/noticias\/maduro-asegura-que-puso-a-trabajar-a-capriles\/#webpage"},"articleSection":"Actualidad"},{"@type":"BreadcrumbList","@id":"https:\/\/www.eldigitaldeasturias.com\/noticias\/maduro-asegura-que-puso-a-trabajar-a-capriles\/#breadcrumblist","itemListElement":[{"@type":"ListItem","@id":"https:\/\/www.eldigitaldeasturias.com\/noticias#listItem","position":1,"name":"Home","item":"https:\/\/www.eldigitaldeasturias.com\/noticias","nextItem":{"@type":"ListItem","@id":"https:\/\/www.eldigitaldeasturias.com\/noticias\/category\/actualidad\/#listItem","name":"Actualidad"}},{"@type":"ListItem","@id":"https:\/\/www.eldigitaldeasturias.com\/noticias\/category\/actualidad\/#listItem","position":2,"name":"Actualidad","item":"https:\/\/www.eldigitaldeasturias.com\/noticias\/category\/actualidad\/","nextItem":{"@type":"ListItem","@id":"https:\/\/www.eldigitaldeasturias.com\/noticias\/maduro-asegura-que-puso-a-trabajar-a-capriles\/#listItem","name":"Maduro asegura que puso \u201ca trabajar\u201d a Capriles"},"previousItem":{"@type":"ListItem","@id":"https:\/\/www.eldigitaldeasturias.com\/noticias#listItem","name":"Home"}},{"@type":"ListItem","@id":"https:\/\/www.eldigitaldeasturias.com\/noticias\/maduro-asegura-que-puso-a-trabajar-a-capriles\/#listItem","position":3,"name":"Maduro asegura que puso \u201ca trabajar\u201d a Capriles","previousItem":{"@type":"ListItem","@id":"https:\/\/www.eldigitaldeasturias.com\/noticias\/category\/actualidad\/#listItem","name":"Actualidad"}}]},{"@type":"Organization","@id":"https:\/\/www.eldigitaldeasturias.com\/noticias\/#organization","name":"El Digital de Asturias","description":"Hemeroteca","url":"https:\/\/www.eldigitaldeasturias.com\/noticias\/","email":"info@eldigitaldeasturias.com","telephone":"+34652131393","logo":{"@type":"ImageObject","url":"https:\/\/www.eldigitaldeasturias.com\/noticias\/wp-content\/uploads\/2020\/12\/EDA.jpg","@id":"https:\/\/www.eldigitaldeasturias.com\/noticias\/maduro-asegura-que-puso-a-trabajar-a-capriles\/#organizationLogo"},"image":{"@id":"https:\/\/www.eldigitaldeasturias.com\/noticias\/maduro-asegura-que-puso-a-trabajar-a-capriles\/#organizationLogo"},"sameAs":["https:\/\/facebook.com\/eldigitaldeasturias","https:\/\/www.youtube.com\/channel\/UCZP-2wLEB9Rv6erhFmqVnvg"],"address":{"@id":"https:\/\/www.eldigitaldeasturias.com\/noticias\/#postaladdress","@type":"PostalAddress","streetAddress":"san antonio 4","postalCode":"33430","addressLocality":"Cand\u00e1s","addressRegion":"Asturias","addressCountry":"ES"}},{"@type":"Person","@id":"https:\/\/www.eldigitaldeasturias.com\/noticias\/author\/admin\/#author","url":"https:\/\/www.eldigitaldeasturias.com\/noticias\/author\/admin\/","name":"El Digital de Asturias","image":{"@type":"ImageObject","@id":"https:\/\/www.eldigitaldeasturias.com\/noticias\/maduro-asegura-que-puso-a-trabajar-a-capriles\/#authorImage","url":"https:\/\/secure.gravatar.com\/avatar\/df2aeffc32bcd13f8d26072ef8a91b623d677766deac7f97ca815868cd41bf5e?s=96&d=mm&r=g","width":96,"height":96,"caption":"El Digital de Asturias"}},{"@type":"WebPage","@id":"https:\/\/www.eldigitaldeasturias.com\/noticias\/maduro-asegura-que-puso-a-trabajar-a-capriles\/#webpage","url":"https:\/\/www.eldigitaldeasturias.com\/noticias\/maduro-asegura-que-puso-a-trabajar-a-capriles\/","name":"Maduro asegura que puso \u201ca trabajar\u201d a Capriles - El Digital de Asturias","description":"Caracas, 7 feb (dpa) - El presidente de Venezuela, Nicol\u00e1s Maduro, asegur\u00f3 hoy que puso a trabajar al l\u00edder de la oposici\u00f3n, Henrique Capriles Radonski, quien habr\u00eda tenido que regresar al pa\u00eds desde sus vacaciones en Florida. Durante un acto de entrega de viviendas en el estado de Miranda (centro), que es gobernado por Capriles,","inLanguage":"es-ES","isPartOf":{"@id":"https:\/\/www.eldigitaldeasturias.com\/noticias\/#website"},"breadcrumb":{"@id":"https:\/\/www.eldigitaldeasturias.com\/noticias\/maduro-asegura-que-puso-a-trabajar-a-capriles\/#breadcrumblist"},"author":{"@id":"https:\/\/www.eldigitaldeasturias.com\/noticias\/author\/admin\/#author"},"creator":{"@id":"https:\/\/www.eldigitaldeasturias.com\/noticias\/author\/admin\/#author"},"image":{"@type":"ImageObject","url":485917,"@id":"https:\/\/www.eldigitaldeasturias.com\/noticias\/maduro-asegura-que-puso-a-trabajar-a-capriles\/#mainImage"},"primaryImageOfPage":{"@id":"https:\/\/www.eldigitaldeasturias.com\/noticias\/maduro-asegura-que-puso-a-trabajar-a-capriles\/#mainImage"},"datePublished":"2014-02-08T00:01:11+01:00","dateModified":"2014-02-08T00:01:11+01:00"},{"@type":"WebSite","@id":"https:\/\/www.eldigitaldeasturias.com\/noticias\/#website","url":"https:\/\/www.eldigitaldeasturias.com\/noticias\/","name":"El Digital de Asturias - Diario de actualidad y noticias","alternateName":"El Digital de Asturias - Diario de actualidad y noticias","description":"Hemeroteca","inLanguage":"es-ES","publisher":{"@id":"https:\/\/www.eldigitaldeasturias.com\/noticias\/#organization"}}]},"og:locale":"es_ES","og:site_name":"El Digital de Asturias","og:type":"article","og:title":"Maduro asegura que puso \u201ca trabajar\u201d a Capriles - El Digital de Asturias","og:description":"Caracas, 7 feb (dpa) - El presidente de Venezuela, Nicol\u00e1s Maduro, asegur\u00f3 hoy que puso a trabajar al l\u00edder de la oposici\u00f3n, Henrique Capriles Radonski, quien habr\u00eda tenido que regresar al pa\u00eds desde sus vacaciones en Florida. Durante un acto de entrega de viviendas en el estado de Miranda (centro), que es gobernado por Capriles,","og:url":"https:\/\/www.eldigitaldeasturias.com\/noticias\/maduro-asegura-que-puso-a-trabajar-a-capriles\/","article:tag":["actualidad"],"article:published_time":"2014-02-08T01:01:11+00:00","article:modified_time":"2014-02-08T01:01:11+00:00","article:publisher":"https:\/\/facebook.com\/eldigitaldeasturias","twitter:card":"summary_large_image","twitter:title":"Maduro asegura que puso \u201ca trabajar\u201d a Capriles - El Digital de Asturias","twitter:description":"Caracas, 7 feb (dpa) - El presidente de Venezuela, Nicol\u00e1s Maduro, asegur\u00f3 hoy que puso a trabajar al l\u00edder de la oposici\u00f3n, Henrique Capriles Radonski, quien habr\u00eda tenido que regresar al pa\u00eds desde sus vacaciones en Florida. Durante un acto de entrega de viviendas en el estado de Miranda (centro), que es gobernado por Capriles,","twitter:label1":"Escrito por","twitter:data1":"El Digital de Asturias","twitter:label2":"Tiempo de lectura estimado","twitter:data2":"2 minutos"},"aioseo_meta_data":{"post_id":"486283","title":null,"description":null,"keywords":null,"keyphrases":null,"primary_term":null,"canonical_url":null,"og_title":null,"og_description":null,"og_object_type":"default","og_image_type":"default","og_image_url":null,"og_image_width":null,"og_image_height":null,"og_image_custom_url":null,"og_image_custom_fields":null,"og_video":null,"og_custom_url":null,"og_article_section":null,"og_article_tags":null,"twitter_use_og":true,"twitter_card":"default","twitter_image_type":"default","twitter_image_url":null,"twitter_image_custom_url":null,"twitter_image_custom_fields":null,"twitter_title":null,"twitter_description":null,"schema":{"blockGraphs":[],"customGraphs":[],"default":{"data":{"Article":[],"Course":[],"Dataset":[],"FAQPage":[],"Movie":[],"Person":[],"Product":[],"ProductReview":[],"Car":[],"Recipe":[],"Service":[],"SoftwareApplication":[],"WebPage":[]},"graphName":"","isEnabled":true},"graphs":[],"defaultGraph":"","defaultPostTypeGraph":""},"schema_type":null,"schema_type_options":null,"pillar_content":false,"robots_default":true,"robots_noindex":false,"robots_noarchive":false,"robots_nosnippet":false,"robots_nofollow":false,"robots_noimageindex":false,"robots_noodp":false,"robots_notranslate":false,"robots_max_snippet":null,"robots_max_videopreview":null,"robots_max_imagepreview":"none","priority":null,"frequency":null,"local_seo":null,"seo_analyzer_scan_date":"2026-06-03 00:13:51","breadcrumb_settings":null,"limit_modified_date":false,"open_ai":null,"ai":null,"created":"2020-11-14 22:56:04","updated":"2026-06-03 00:13:51","focus_keyword":null,"additional_keywords":null,"truseo_locale":null},"aioseo_breadcrumb":"<div class=\"aioseo-breadcrumbs\"><span class=\"aioseo-breadcrumb\">\n\t<a href=\"https:\/\/www.eldigitaldeasturias.com\/noticias\" title=\"Home\">Home<\/a>\n<\/span><span class=\"aioseo-breadcrumb-separator\">\u2013<\/span><span class=\"aioseo-breadcrumb\">\n\t<a href=\"https:\/\/www.eldigitaldeasturias.com\/noticias\/category\/actualidad\/\" title=\"Actualidad\">Actualidad<\/a>\n<\/span><span class=\"aioseo-breadcrumb-separator\">\u2013<\/span><span class=\"aioseo-breadcrumb\">\n\t<a href=\"https:\/\/www.eldigitaldeasturias.com\/noticias\/maduro-asegura-que-puso-a-trabajar-a-capriles\/\" title=\"Maduro asegura que puso \u201ca trabajar\u201d a Capriles\">Maduro asegura que puso \u201ca trabajar\u201d a Capriles<\/a>\n<\/span><\/div>","aioseo_breadcrumb_json":[{"label":"Home","link":"https:\/\/www.eldigitaldeasturias.com\/noticias"},{"label":"Actualidad","link":"https:\/\/www.eldigitaldeasturias.com\/noticias\/category\/actualidad\/"},{"label":"Maduro asegura que puso \u201ca trabajar\u201d a Capriles","link":"https:\/\/www.eldigitaldeasturias.com\/noticias\/maduro-asegura-que-puso-a-trabajar-a-capriles\/"}],"_links":{"self":[{"href":"https:\/\/www.eldigitaldeasturias.com\/noticias\/wp-json\/wp\/v2\/posts\/486283","targetHints":{"allow":["GET"]}}],"collection":[{"href":"https:\/\/www.eldigitaldeasturias.com\/noticias\/wp-json\/wp\/v2\/posts"}],"about":[{"href":"https:\/\/www.eldigitaldeasturias.com\/noticias\/wp-json\/wp\/v2\/types\/post"}],"author":[{"embeddable":true,"href":"https:\/\/www.eldigitaldeasturias.com\/noticias\/wp-json\/wp\/v2\/users\/1"}],"replies":[{"embeddable":true,"href":"https:\/\/www.eldigitaldeasturias.com\/noticias\/wp-json\/wp\/v2\/comments?post=486283"}],"version-history":[{"count":0,"href":"https:\/\/www.eldigitaldeasturias.com\/noticias\/wp-json\/wp\/v2\/posts\/486283\/revisions"}],"wp:attachment":[{"href":"https:\/\/www.eldigitaldeasturias.com\/noticias\/wp-json\/wp\/v2\/media?parent=486283"}],"wp:term":[{"taxonomy":"category","embeddable":true,"href":"https:\/\/www.eldigitaldeasturias.com\/noticias\/wp-json\/wp\/v2\/categories?post=486283"},{"taxonomy":"post_tag","embeddable":true,"href":"https:\/\/www.eldigitaldeasturias.com\/noticias\/wp-json\/wp\/v2\/tags?post=486283"}],"curies":[{"name":"wp","href":"https:\/\/api.w.org\/{rel}","templated":true}]}}